{"id":7123,"date":"2024-02-11T00:39:10","date_gmt":"2024-02-10T23:39:10","guid":{"rendered":"https:\/\/wia.net.pl\/?p=7123"},"modified":"2024-02-11T12:28:18","modified_gmt":"2024-02-11T11:28:18","slug":"unesco-1950r-rasa-nie-jest-rzeczywistoscia-biologiczna","status":"publish","type":"post","link":"https:\/\/wia.net.pl\/index.php\/2024\/02\/11\/unesco-1950r-rasa-nie-jest-rzeczywistoscia-biologiczna\/","title":{"rendered":"UNESCO 1950r &#8211; &#8222;Rasa nie jest rzeczywisto\u015bci\u0105 biologiczn\u0105&#8221;"},"content":{"rendered":"\n<p><strong>Czy &#8222;rasa&#8221; istnieje wed\u0142ug &#8222;wsp\u00f3\u0142czesnych bada\u0144 genetycznych&#8221;?<\/strong><\/p>\n\n\n<div class=\"wp-block-image\">\n<figure class=\"alignleft size-full\"><img loading=\"lazy\" decoding=\"async\" width=\"450\" height=\"400\" src=\"https:\/\/wia.net.pl\/wp-content\/uploads\/2024\/02\/image-106.png\" alt=\"\" class=\"wp-image-7124\" srcset=\"https:\/\/wia.net.pl\/wp-content\/uploads\/2024\/02\/image-106.png 450w, https:\/\/wia.net.pl\/wp-content\/uploads\/2024\/02\/image-106-300x267.png 300w\" sizes=\"(max-width: 450px) 100vw, 450px\" \/><\/figure><\/div>\n\n\n<p>W 1950 roku Organizacja Narod\u00f3w Zjednoczonych ds. O\u015bwiaty, Nauki i Kultury (UNESCO) wyda\u0142a o\u015bwiadczenie, w kt\u00f3rym stwierdzi\u0142a, \u017ce \u200b\u200bwszyscy ludzie nale\u017c\u0105 do tego samego gatunku i \u017ce \u201erasa\u201d nie jest rzeczywisto\u015bci\u0105 biologiczn\u0105, ale mitem. <\/p>\n\n\n\n<p>By\u0142o to podsumowanie ustale\u0144 mi\u0119dzynarodowego panelu antropolog\u00f3w kultury, genetyk\u00f3w, socjolog\u00f3w i psycholog\u00f3w.<\/p>\n\n\n\n<p>Od roku 1950 dokonano&nbsp;wielu nowych odkry\u0107 naukowych , zw\u0142aszcza w dziedzinie genetyki, wskazuj\u0105cych, \u017ce ludzko\u015b\u0107 nie ma tego samego pochodzenia i \u017ce w rzeczywisto\u015bci jest gatunkiem hybrydowym, a nie jedn\u0105 \u201eras\u0105\u201d.<\/p>\n\n\n\n<p>Dowody DNA wskazuj\u0105, \u017ce staro\u017cytni ludzie \u201e&nbsp;<a href=\"http:\/\/www.dailymail.co.uk\/sciencetech\/article-2510219\/Ancient-humans-rampantly-interbred-Neanderthals-mystery-species-Lord-Of-The-Rings-style-word-different-creatures.html\" target=\"_blank\" rel=\"noreferrer noopener\">szalelnie krzy\u017cowali si\u0119<\/a>&nbsp;\u201d i oddawali si\u0119 seksowi mi\u0119dzyrasowemu (mi\u0119dzygatunkowemu) z wieloma podrasami r\u00f3\u017cnych stworze\u0144, w\u0142\u0105czaj\u0105c w to tajemnicze DNA wsp\u00f3\u0142czesnych Afrykan\u00f3w \u2013 ani ludzkie, ani neandertalskie, niespotykane u os\u00f3b nieb\u0119d\u0105cych Afrykanami.<\/p>\n\n\n\n<p><a href=\"http:\/\/www.scirp.org\/journal\/PaperInformation.aspx?paperID=19566\" target=\"_blank\" rel=\"noreferrer noopener\">Dowody naukowe<\/a>&nbsp;obalaj\u0105ce popularn\u0105 teori\u0119 o afryka\u0144skiej genezie wsp\u00f3\u0142czesnej ludzko\u015bci s\u0105 powszechnie znane w\u015br\u00f3d os\u00f3b zaznajomionych z najnowszymi&nbsp;<a href=\"http:\/\/www.ncbi.nlm.nih.gov\/pubmed\/21896735\" target=\"_blank\" rel=\"noreferrer noopener\">artyku\u0142ami naukowymi<\/a>&nbsp;na temat ludzkiego genomu, mitochondrialnego DNA i chromosom\u00f3w Y. <\/p>\n\n\n\n<p>Niestety, w prasie g\u0142\u00f3wnego nurtu i kr\u0119gach akademickich wydaje si\u0119, \u017ce panuje wyra\u017ana \u2013 i o\u015bmielimy si\u0119 to powiedzie\u0107 \u2013 celowa pr\u00f3\u017cnia, je\u015bli chodzi o doniesienia o nowo\u015bciach na temat tych ostatnich bada\u0144 i ich oczywistych implikacji.<\/p>\n\n\n<div class=\"wp-block-image\">\n<figure class=\"alignright size-full is-resized\"><img loading=\"lazy\" decoding=\"async\" width=\"580\" height=\"693\" src=\"https:\/\/wia.net.pl\/wp-content\/uploads\/2024\/02\/image-107.png\" alt=\"\" class=\"wp-image-7125\" style=\"width:294px;height:auto\" srcset=\"https:\/\/wia.net.pl\/wp-content\/uploads\/2024\/02\/image-107.png 580w, https:\/\/wia.net.pl\/wp-content\/uploads\/2024\/02\/image-107-251x300.png 251w\" sizes=\"(max-width: 580px) 100vw, 580px\" \/><\/figure><\/div>\n\n\n<p>&nbsp;Australijski historyk Greg Jefferys wyja\u015bnia, \u017ce: \u201eCa\u0142y mit \u201ePo\u017cegnania z Afryk\u0105\u201d ma swoje korzenie w g\u0142\u00f3wnym nurcie kampanii akademickiej prowadzonej w latach 90. XX wieku na rzecz usuni\u0119cia poj\u0119cia rasy. Kiedy ko\u0144czy\u0142em studia, wszyscy sp\u0119dzili du\u017co czasu na Rzecz \u201ePo\u017cegnanie z Afryk\u0105\u201d, ale genetyka ca\u0142kowicie j\u0105 obali\u0142a. G\u0142\u00f3wny nurt nadal si\u0119 tego trzyma\u201d.<\/p>\n\n\n\n<p>Bardzo niedawny artyku\u0142 na temat chromosom\u00f3w Y opublikowany w 2012 r., zatytu\u0142owany&nbsp;<a href=\"http:\/\/www.scirp.org\/journal\/PaperInformation.aspx?paperID=19566\" target=\"_blank\" rel=\"noreferrer noopener\">Re-Examing the \u201eOut of Africa\u201d Theory and the Origin of Europeoids (Caucasians) in the Light of DNA Genealogy,<\/a>&nbsp;&nbsp;potwierdza jedynie zaprzeczenie jakiemukolwiek afryka\u0144skiemu pochodzeniu u os\u00f3b nieb\u0119d\u0105cych Afrykanami oraz zdecydowanie popiera istnienie \u201ewsp\u00f3lnego przodka\u201d, kt\u00f3ry \u201eniekoniecznie musi znajdowa\u0107 si\u0119 w Afryce\u201d. Tak naprawd\u0119 nigdy nie udowodniono, \u017ce mieszka\u0142 w Afryce\u201d.<\/p>\n\n\n\n<p>Najwa\u017cniejszy dla wynik\u00f3w tego obszernego badania haplogrup (7556) by\u0142 brak jakichkolwiek afryka\u0144skich gen\u00f3w. Pr\u00f3bkowanie afryka\u0144skiego zaanga\u017cowania genetycznego by\u0142o tak niewystarczaj\u0105ce, \u017ce badacze stwierdzili we wst\u0119pie, \u017ce \u201eodkrycie, \u017ce haplogrupy europeoidalne nie pochodz\u0105 od haplogrup \u201eafryka\u0144skich\u201d A lub B, jest poparte faktem, \u017ce nosiciele europeid\u00f3w, a tak\u017ce wszystkie grupy spoza Afryki nie nosz\u0105 \u017cadnych numer\u00f3w SNI M91, P97, M31, P82, M23, M114, P262\u201d.<\/p>\n\n\n\n<p>Bior\u0105c pod uwag\u0119 brak haplogrup w \u017cadnych afryka\u0144skich genach i brak dziesi\u0105tek afryka\u0144skich marker\u00f3w genetycznych, utrzymanie jakiegokolwiek powi\u0105zania z Afryk\u0105 jest prawie niemo\u017cliwe. Naukowcy twierdz\u0105, \u017ce ich obszerne badanie \u201edostarcza dowod\u00f3w umo\u017cliwiaj\u0105cych ponowne zbadanie zasadno\u015bci koncepcji \u201epoza Afryk\u0105\u201d. Nie widz\u0105 \u017cadnego dowodu genetycznego potwierdzaj\u0105cego afryka\u0144skie pierwsze\u0144stwo w drzewie Homo sapiens.<\/p>\n\n\n\n<figure class=\"wp-block-image size-full\"><img loading=\"lazy\" decoding=\"async\" width=\"845\" height=\"403\" src=\"https:\/\/wia.net.pl\/wp-content\/uploads\/2024\/02\/image-108.png\" alt=\"\" class=\"wp-image-7126\" srcset=\"https:\/\/wia.net.pl\/wp-content\/uploads\/2024\/02\/image-108.png 845w, https:\/\/wia.net.pl\/wp-content\/uploads\/2024\/02\/image-108-300x143.png 300w, https:\/\/wia.net.pl\/wp-content\/uploads\/2024\/02\/image-108-768x366.png 768w\" sizes=\"(max-width: 845px) 100vw, 845px\" \/><\/figure>\n\n\n\n<p>Twierdzenie o \u201ebardziej prawdopodobnym wyja\u015bnieniu\u201d uwa\u017camy za ra\u017c\u0105ce niedopowiedzenie, poniewa\u017c w \u017cadnej prob\u00f3wce nie pojawia si\u0119 nic wiarygodnego afryka\u0144skiego. W rzeczywisto\u015bci badacze odnotowali ich powtarzaj\u0105c\u0105 si\u0119 nieobecno\u015b\u0107, stwierdzaj\u0105c, \u017ce \u201eani jeden uczestnik spoza Afryki spo\u015br\u00f3d ponad 400 os\u00f3b bior\u0105cych udzia\u0142 w Projekcie nie uzyska\u0142 pozytywnego wyniku testu na \u017cadn\u0105 z trzynastu \u201eafryka\u0144skich\u201d podklad\u00f3w haplogrupy A\u201d. Jedyna niepewno\u015b\u0107 dotyczy to\u017csamo\u015bci tego \u201ebardziej staro\u017cytnego wsp\u00f3lnego przodka\u201d. Jedyne, co mo\u017cna z ca\u0142\u0105 pewno\u015bci\u0105 stwierdzi\u0107, to to, \u017ce przodkowie ludzko\u015bci nie mieszkali w Afryce.<\/p>\n\n\n\n<p>Bezpodstawne oskar\u017cenia o rasizm sta\u0142y si\u0119 powszechne, poniewa\u017c dominuj\u0105ca hipoteza afrocentryczna jest stale kwestionowana przez rosn\u0105c\u0105 g\u00f3r\u0119 sprzecznych dowod\u00f3w naukowych, szczeg\u00f3lnie w rozwijaj\u0105cej si\u0119 dziedzinie&nbsp;<a href=\"http:\/\/www.scirp.org\/journal\/PaperInformation.aspx?paperID=19566\" target=\"_blank\" rel=\"noreferrer noopener\">genetyki<\/a>&nbsp;.<\/p>\n\n\n<div class=\"wp-block-image\">\n<figure class=\"alignright size-full\"><img loading=\"lazy\" decoding=\"async\" width=\"360\" height=\"240\" src=\"https:\/\/wia.net.pl\/wp-content\/uploads\/2024\/02\/image-109.png\" alt=\"\" class=\"wp-image-7127\" srcset=\"https:\/\/wia.net.pl\/wp-content\/uploads\/2024\/02\/image-109.png 360w, https:\/\/wia.net.pl\/wp-content\/uploads\/2024\/02\/image-109-300x200.png 300w\" sizes=\"(max-width: 360px) 100vw, 360px\" \/><\/figure><\/div>\n\n\n<p>Obecnie jest naukowo niepodwa\u017calnym faktem, \u017ce odkryto, \u017ce \u201egatunek ludzki\u201d zawiera znaczn\u0105 ilo\u015b\u0107 DNA (<a href=\"http:\/\/www.livescience.com\/42933-humans-carry-20-percent-neanderthal-genes.html\" target=\"_blank\" rel=\"noreferrer noopener\">co najmniej 20%<\/a>) z innych populacji hominid\u00f3w, niesklasyfikowanych jako Homo sapiens; tacy jak neandertalczyk, denisowianin, archaiczny afryka\u0144ski, Homo erectus, a obecnie prawdopodobnie nawet \u201eHobbit\u201d (Homo floresiensis). Je\u015bli nie zostan\u0105 podane leki zapobiegaj\u0105ce \u015bmierci niemowl\u0119cia, ci\u0119\u017carne cia\u0142o matki Rh-ujemnej zaatakuje, b\u0119dzie pr\u00f3bowa\u0142o odrzuci\u0107, a nawet zabi\u0107 w\u0142asne potomstwo, je\u015bli pochodzi od m\u0119\u017cczyzny Rh-dodatniego.&nbsp;<\/p>\n\n\n\n<p>Pies domowy (Canis lupus familiaris) jest podgatunkiem wilka szarego (Canis lupus), kt\u00f3rego przedstawiciele tworz\u0105 hybrydy.<\/p>\n\n\n\n<p>Istnieje wiele innych przyk\u0142ad\u00f3w sytuacji, w kt\u00f3rych dwa odr\u0119bne gatunki (na przyk\u0142ad z r\u00f3\u017cn\u0105 liczb\u0105 chromosom\u00f3w) mog\u0105 r\u00f3wnie\u017c da\u0107 zdolne do \u017cycia potomstwo, mimo \u017ce s\u0105 uwa\u017cane za odr\u0119bne gatunki. To powiedziawszy, wykazano, \u017ce ludzko\u015b\u0107 jest, genetycznie rzecz bior\u0105c, gatunkiem hybrydowym, z kt\u00f3rego nie wszyscy mieli tego samego pochodzenia \u0142owiecko-zbierackiego w Afryce.<\/p>\n\n\n<div class=\"wp-block-image\">\n<figure class=\"aligncenter size-full\"><img loading=\"lazy\" decoding=\"async\" width=\"640\" height=\"295\" src=\"https:\/\/wia.net.pl\/wp-content\/uploads\/2024\/02\/image-110.png\" alt=\"\" class=\"wp-image-7128\" srcset=\"https:\/\/wia.net.pl\/wp-content\/uploads\/2024\/02\/image-110.png 640w, https:\/\/wia.net.pl\/wp-content\/uploads\/2024\/02\/image-110-300x138.png 300w\" sizes=\"(max-width: 640px) 100vw, 640px\" \/><\/figure><\/div>\n\n\n<p>Niedawne sekwencjonowanie staro\u017cytnych genom\u00f3w sugeruje, \u017ce ponad 30 000 lat temu dosz\u0142o do&nbsp;<a style=\"text-decoration-line: none; color: rgb(34, 136, 187); font-family: Arial, Tahoma, Helvetica, FreeSans, sans-serif; font-size: 13.2px; text-align: justify; white-space: normal;\" href=\"http:\/\/www.huffingtonpost.com\/2013\/11\/19\/ancient-humans-sex-mystery-species-dna_n_4302031.html\" target=\"_blank\" rel=\"noopener\">krzy\u017cowania si\u0119<\/a>&nbsp;cz\u0142onk\u00f3w kilku staro\u017cytnych grup podobnych do ludzi, w\u0142\u0105czaj\u0105c w to jeszcze nieznanego przodka cz\u0142owieka. \u201eIstnia\u0142o wiele populacji hominid\u00f3w\u201d \u2013 m\u00f3wi Mark Thomas, genetyk ewolucyjny z University College London.<\/p>\n\n\n<div class=\"wp-block-image\">\n<figure class=\"aligncenter size-full\"><img loading=\"lazy\" decoding=\"async\" width=\"674\" height=\"440\" src=\"https:\/\/wia.net.pl\/wp-content\/uploads\/2024\/02\/image-111.png\" alt=\"\" class=\"wp-image-7129\" srcset=\"https:\/\/wia.net.pl\/wp-content\/uploads\/2024\/02\/image-111.png 674w, https:\/\/wia.net.pl\/wp-content\/uploads\/2024\/02\/image-111-300x196.png 300w\" sizes=\"(max-width: 674px) 100vw, 674px\" \/><\/figure><\/div>\n\n\n<p>Naukowcy zsekwencjonowali europejski genom sprzed 37 000 lat. Wyniki pokazuj\u0105, \u017ce wsp\u00f3\u0142cze\u015bni Skandynawowie s\u0105 najbli\u017cszymi \u017cyj\u0105cymi krewnymi pierwszych ludzi w Europie. Genom wskazuje tak\u017ce, \u017ce wiele cech europejskich, w tym pochodz\u0105cych z Bliskiego Wschodu, wyst\u0119powa\u0142o ju\u017c u pierwszych Europejczyk\u00f3w. Badanie, kt\u00f3re zosta\u0142o niedawno opublikowane w czasopi\u015bmie Science, rzuca zupe\u0142nie nowe \u015bwiat\u0142o na Europejczyk\u00f3w, kt\u00f3rzy pierwotnie byli gatunkiem odr\u0119bnym od linii afryka\u0144skich.<\/p>\n\n\n\n<p class=\"has-white-color has-text-color has-link-color wp-elements-906033f181a4e793ac0ba6852e951cd0\">\u0179r\u00f3d\u0142o: <a href=\"http:\/\/atlanteangardens.blogspot.com\/2014\/12\/does-race-exist-according-to-modern.html\" target=\"_blank\" rel=\"noopener\" title=\"\">http:\/\/atlanteangardens.blogspot.com\/2014\/12\/does-race-exist-according-to-modern.html<\/a><\/p>\n<div class=\"remoji_bar\"><div class=\"remoji_add_container\" data-remoji-id=\"7123\" data-remoji-type=\"post\"><div class=\"remoji_add_icon\"><\/div><\/div><div class=\"remoji_error_bar\" data-remoji-id=\"7123\" data-remoji-type=\"post\" style=\"display: none;\">Error happened.<\/div><\/div>","protected":false},"excerpt":{"rendered":"<p>Czy &#8222;rasa&#8221; istnieje wed\u0142ug &#8222;wsp\u00f3\u0142czesnych bada\u0144 genetycznych&#8221;? W 1950 roku Organizacja Narod\u00f3w Zjednoczonych ds. O\u015bwiaty, Nauki i Kultury (UNESCO) wyda\u0142a o\u015bwiadczenie, w kt\u00f3rym stwierdzi\u0142a, \u017ce \u200b\u200bwszyscy ludzie nale\u017c\u0105 do tego samego gatunku i \u017ce \u201erasa\u201d nie jest rzeczywisto\u015bci\u0105 biologiczn\u0105, ale&#8230; <\/p>\n","protected":false},"author":3,"featured_media":7130,"comment_status":"open","ping_status":"open","sticky":false,"template":"","format":"standard","meta":{"_acf_changed":false,"_bbp_topic_count":0,"_bbp_reply_count":0,"_bbp_total_topic_count":0,"_bbp_total_reply_count":0,"_bbp_voice_count":0,"_bbp_anonymous_reply_count":0,"_bbp_topic_count_hidden":0,"_bbp_reply_count_hidden":0,"_bbp_forum_subforum_count":0,"om_disable_all_campaigns":false,"_monsterinsights_skip_tracking":false,"_monsterinsights_sitenote_active":false,"_monsterinsights_sitenote_note":"","_monsterinsights_sitenote_category":0,"footnotes":""},"categories":[93],"tags":[68,63,42,71,26,23,32,22,70,62],"class_list":["post-7123","post","type-post","status-publish","format-standard","has-post-thumbnail","hentry","category-artykuly","tag-cesarstwo-rzymskie","tag-historia-ziemi","tag-illuminati","tag-kosciol-katolicki","tag-ludzkosc","tag-niewolnictwo","tag-rzad","tag-satanizm","tag-tajne-stowarzyszenia","tag-wszechswiat"],"acf":[],"aioseo_notices":[],"_links":{"self":[{"href":"https:\/\/wia.net.pl\/index.php\/wp-json\/wp\/v2\/posts\/7123"}],"collection":[{"href":"https:\/\/wia.net.pl\/index.php\/wp-json\/wp\/v2\/posts"}],"about":[{"href":"https:\/\/wia.net.pl\/index.php\/wp-json\/wp\/v2\/types\/post"}],"author":[{"embeddable":true,"href":"https:\/\/wia.net.pl\/index.php\/wp-json\/wp\/v2\/users\/3"}],"replies":[{"embeddable":true,"href":"https:\/\/wia.net.pl\/index.php\/wp-json\/wp\/v2\/comments?post=7123"}],"version-history":[{"count":7,"href":"https:\/\/wia.net.pl\/index.php\/wp-json\/wp\/v2\/posts\/7123\/revisions"}],"predecessor-version":[{"id":7142,"href":"https:\/\/wia.net.pl\/index.php\/wp-json\/wp\/v2\/posts\/7123\/revisions\/7142"}],"wp:featuredmedia":[{"embeddable":true,"href":"https:\/\/wia.net.pl\/index.php\/wp-json\/wp\/v2\/media\/7130"}],"wp:attachment":[{"href":"https:\/\/wia.net.pl\/index.php\/wp-json\/wp\/v2\/media?parent=7123"}],"wp:term":[{"taxonomy":"category","embeddable":true,"href":"https:\/\/wia.net.pl\/index.php\/wp-json\/wp\/v2\/categories?post=7123"},{"taxonomy":"post_tag","embeddable":true,"href":"https:\/\/wia.net.pl\/index.php\/wp-json\/wp\/v2\/tags?post=7123"}],"curies":[{"name":"wp","href":"https:\/\/api.w.org\/{rel}","templated":true}]}}