{"id":726,"date":"2023-05-31T19:25:14","date_gmt":"2023-05-31T17:25:14","guid":{"rendered":"https:\/\/wia.net.pl\/?p=726"},"modified":"2023-05-31T19:25:15","modified_gmt":"2023-05-31T17:25:15","slug":"starozytne-pochodzenie-wielkanocy","status":"publish","type":"post","link":"https:\/\/wia.net.pl\/index.php\/2023\/05\/31\/starozytne-pochodzenie-wielkanocy\/","title":{"rendered":"Staro\u017cytne pochodzenie wielkanocy"},"content":{"rendered":"\n<p>Wielkanoc to chrze\u015bcija\u0144ski festiwal i \u015bwi\u0119to kulturowe, kt\u00f3re nie przypada na sta\u0142\u0105 dat\u0119, ale jest obliczane na podstawie kalendarza lunisolarnego (rok s\u0142oneczny plus faza Ksi\u0119\u017cyca), upami\u0119tniaj\u0105cego zmartwychwstanie Jezusa, opisane w Nowym Testamencie jako maj\u0105ce miejsce trzeciego dnia od poch\u00f3wku po ukrzy\u017cowaniu przez Rzymian w 30 roku n.e.<\/p>\n\n\n\n<p>\u0179R\u00d3D\u0141O:<\/p>\n\n\n\n<p>Kana\u0142 Atlantean Gardens \u2013 https:\/\/www.youtube.com\/c\/AtlanteangardensOrg<\/p>\n\n\n\n<p>Kana\u0142 Robert Sepehr \u2013 https:\/\/www.youtube.com\/user\/818encino<\/p>\n\n\n\n<figure class=\"wp-block-video\"><video controls src=\"https:\/\/wia.net.pl\/wp-content\/uploads\/2023\/05\/Robert-Sepehr-Starozytne-pochodzenie-wielkanocy-1.mp4\"><\/video><\/figure>\n<div class=\"remoji_bar\"><div class=\"remoji_add_container\" data-remoji-id=\"726\" data-remoji-type=\"post\"><div class=\"remoji_add_icon\"><\/div><\/div><div class=\"remoji_error_bar\" data-remoji-id=\"726\" data-remoji-type=\"post\" style=\"display: none;\">Error happened.<\/div><\/div>","protected":false},"excerpt":{"rendered":"<p>Wielkanoc to chrze\u015bcija\u0144ski festiwal i \u015bwi\u0119to kulturowe, kt\u00f3re nie przypada na sta\u0142\u0105 dat\u0119, ale jest obliczane na podstawie kalendarza lunisolarnego (rok s\u0142oneczny plus faza Ksi\u0119\u017cyca), upami\u0119tniaj\u0105cego zmartwychwstanie Jezusa, opisane w Nowym Testamencie jako maj\u0105ce miejsce trzeciego dnia od poch\u00f3wku po&#8230; <\/p>\n","protected":false},"author":3,"featured_media":727,"comment_status":"open","ping_status":"open","sticky":false,"template":"","format":"standard","meta":{"_acf_changed":false,"_bbp_topic_count":0,"_bbp_reply_count":0,"_bbp_total_topic_count":0,"_bbp_total_reply_count":0,"_bbp_voice_count":0,"_bbp_anonymous_reply_count":0,"_bbp_topic_count_hidden":0,"_bbp_reply_count_hidden":0,"_bbp_forum_subforum_count":0,"om_disable_all_campaigns":false,"_monsterinsights_skip_tracking":false,"_monsterinsights_sitenote_active":false,"_monsterinsights_sitenote_note":"","_monsterinsights_sitenote_category":0,"footnotes":""},"categories":[11],"tags":[89,68,44,71,67,88],"class_list":["post-726","post","type-post","status-publish","format-standard","has-post-thumbnail","hentry","category-antropologia","tag-atlantean-gardens","tag-cesarstwo-rzymskie","tag-historia","tag-kosciol-katolicki","tag-religie","tag-robert-sepehr"],"acf":[],"aioseo_notices":[],"_links":{"self":[{"href":"https:\/\/wia.net.pl\/index.php\/wp-json\/wp\/v2\/posts\/726"}],"collection":[{"href":"https:\/\/wia.net.pl\/index.php\/wp-json\/wp\/v2\/posts"}],"about":[{"href":"https:\/\/wia.net.pl\/index.php\/wp-json\/wp\/v2\/types\/post"}],"author":[{"embeddable":true,"href":"https:\/\/wia.net.pl\/index.php\/wp-json\/wp\/v2\/users\/3"}],"replies":[{"embeddable":true,"href":"https:\/\/wia.net.pl\/index.php\/wp-json\/wp\/v2\/comments?post=726"}],"version-history":[{"count":1,"href":"https:\/\/wia.net.pl\/index.php\/wp-json\/wp\/v2\/posts\/726\/revisions"}],"predecessor-version":[{"id":730,"href":"https:\/\/wia.net.pl\/index.php\/wp-json\/wp\/v2\/posts\/726\/revisions\/730"}],"wp:featuredmedia":[{"embeddable":true,"href":"https:\/\/wia.net.pl\/index.php\/wp-json\/wp\/v2\/media\/727"}],"wp:attachment":[{"href":"https:\/\/wia.net.pl\/index.php\/wp-json\/wp\/v2\/media?parent=726"}],"wp:term":[{"taxonomy":"category","embeddable":true,"href":"https:\/\/wia.net.pl\/index.php\/wp-json\/wp\/v2\/categories?post=726"},{"taxonomy":"post_tag","embeddable":true,"href":"https:\/\/wia.net.pl\/index.php\/wp-json\/wp\/v2\/tags?post=726"}],"curies":[{"name":"wp","href":"https:\/\/api.w.org\/{rel}","templated":true}]}}