{"id":726,"date":"2023-05-31T19:25:14","date_gmt":"2023-05-31T17:25:14","guid":{"rendered":"https:\/\/wia.net.pl\/?p=726"},"modified":"2023-05-31T19:25:15","modified_gmt":"2023-05-31T17:25:15","slug":"starozytne-pochodzenie-wielkanocy","status":"publish","type":"post","link":"https:\/\/wia.net.pl\/index.php\/2023\/05\/31\/starozytne-pochodzenie-wielkanocy\/","title":{"rendered":"Staro\u017cytne pochodzenie wielkanocy"},"content":{"rendered":"\n<p>Wielkanoc to chrze\u015bcija\u0144ski festiwal i \u015bwi\u0119to kulturowe, kt\u00f3re nie przypada na sta\u0142\u0105 dat\u0119, ale jest obliczane na podstawie kalendarza lunisolarnego (rok s\u0142oneczny plus faza Ksi\u0119\u017cyca), upami\u0119tniaj\u0105cego zmartwychwstanie Jezusa, opisane w Nowym Testamencie jako maj\u0105ce miejsce trzeciego dnia od poch\u00f3wku po ukrzy\u017cowaniu przez Rzymian w 30 roku n.e.<\/p>\n\n\n\n<p>\u0179R\u00d3D\u0141O:<\/p>\n\n\n\n<p>Kana\u0142 Atlantean Gardens \u2013 https:\/\/www.youtube.com\/c\/AtlanteangardensOrg<\/p>\n\n\n\n<p>Kana\u0142 Robert Sepehr \u2013 https:\/\/www.youtube.com\/user\/818encino<\/p>\n\n\n\n<figure class=\"wp-block-video\"><video controls src=\"https:\/\/wia.net.pl\/wp-content\/uploads\/2023\/05\/Robert-Sepehr-Starozytne-pochodzenie-wielkanocy-1.mp4\"><\/video><\/figure>\n","protected":false},"excerpt":{"rendered":"<p>Wielkanoc to chrze\u015bcija\u0144ski festiwal i \u015bwi\u0119to kulturowe, kt\u00f3re nie przypada na sta\u0142\u0105 dat\u0119, ale jest obliczane na podstawie kalendarza lunisolarnego (rok s\u0142oneczny plus faza Ksi\u0119\u017cyca), upami\u0119tniaj\u0105cego zmartwychwstanie Jezusa, opisane w Nowym Testamencie jako maj\u0105ce miejsce trzeciego dnia od poch\u00f3wku po&#8230; <\/p>\n","protected":false},"author":3,"featured_media":727,"comment_status":"open","ping_status":"open","sticky":false,"template":"","format":"standard","meta":{"_acf_changed":false,"_bbp_topic_count":0,"_bbp_reply_count":0,"_bbp_total_topic_count":0,"_bbp_total_reply_count":0,"_bbp_voice_count":0,"_bbp_anonymous_reply_count":0,"_bbp_topic_count_hidden":0,"_bbp_reply_count_hidden":0,"_bbp_forum_subforum_count":0,"om_disable_all_campaigns":false,"_monsterinsights_skip_tracking":false,"footnotes":""},"categories":[11],"tags":[89,68,44,71,67,88],"class_list":["post-726","post","type-post","status-publish","format-standard","has-post-thumbnail","hentry","category-antropologia","tag-atlantean-gardens","tag-cesarstwo-rzymskie","tag-historia","tag-kosciol-katolicki","tag-religie","tag-robert-sepehr"],"acf":[],"aioseo_notices":[],"aioseo_head":"\n\t\t<!-- All in One SEO 5.0.1.1 - aioseo.com -->\n\t<meta name=\"description\" content=\"Wielkanoc to chrze\u015bcija\u0144ski festiwal i \u015bwi\u0119to kulturowe, kt\u00f3re nie przypada na sta\u0142\u0105 dat\u0119, ale jest obliczane na podstawie kalendarza lunisolarnego (rok s\u0142oneczny plus faza Ksi\u0119\u017cyca), upami\u0119tniaj\u0105cego zmartwychwstanie Jezusa, opisane w Nowym Testamencie jako maj\u0105ce miejsce trzeciego dnia od poch\u00f3wku po ukrzy\u017cowaniu przez Rzymian w 30 roku n.e. \u0179R\u00d3D\u0141O: Kana\u0142 Atlantean Gardens \u2013 https:\/\/www.youtube.com\/c\/AtlanteangardensOrg Kana\u0142 Robert\" \/>\n\t<meta name=\"robots\" content=\"max-image-preview:large\" \/>\n\t<meta name=\"author\" content=\"Bart\u0142omiej Talarczyk\"\/>\n\t<link rel=\"canonical\" href=\"https:\/\/wia.net.pl\/index.php\/2023\/05\/31\/starozytne-pochodzenie-wielkanocy\/\" \/>\n\t<meta name=\"generator\" content=\"All in One SEO (AIOSEO) 5.0.1.1\" \/>\n\t\t<meta property=\"og:locale\" content=\"pl_PL\" \/>\n\t\t<meta property=\"og:site_name\" content=\"Wolno\u015b\u0107 i Anarchia - Ka\u017cdy wewn\u0119trznie jest anarchist\u0105.\" \/>\n\t\t<meta property=\"og:type\" content=\"article\" \/>\n\t\t<meta property=\"og:title\" content=\"Staro\u017cytne pochodzenie wielkanocy - Wolno\u015b\u0107 i Anarchia\" \/>\n\t\t<meta property=\"og:description\" content=\"Wielkanoc to chrze\u015bcija\u0144ski festiwal i \u015bwi\u0119to kulturowe, kt\u00f3re nie przypada na sta\u0142\u0105 dat\u0119, ale jest obliczane na podstawie kalendarza lunisolarnego (rok s\u0142oneczny plus faza Ksi\u0119\u017cyca), upami\u0119tniaj\u0105cego zmartwychwstanie Jezusa, opisane w Nowym Testamencie jako maj\u0105ce miejsce trzeciego dnia od poch\u00f3wku po ukrzy\u017cowaniu przez Rzymian w 30 roku n.e. \u0179R\u00d3D\u0141O: Kana\u0142 Atlantean Gardens \u2013 https:\/\/www.youtube.com\/c\/AtlanteangardensOrg Kana\u0142 Robert\" \/>\n\t\t<meta property=\"og:url\" content=\"https:\/\/wia.net.pl\/index.php\/2023\/05\/31\/starozytne-pochodzenie-wielkanocy\/\" \/>\n\t\t<meta property=\"og:image\" content=\"https:\/\/wia.net.pl\/wp-content\/uploads\/2023\/11\/cropped-freedom-i73367.jpg\" \/>\n\t\t<meta property=\"og:image:secure_url\" content=\"https:\/\/wia.net.pl\/wp-content\/uploads\/2023\/11\/cropped-freedom-i73367.jpg\" \/>\n\t\t<meta property=\"article:published_time\" content=\"2023-05-31T17:25:14+00:00\" \/>\n\t\t<meta property=\"article:modified_time\" content=\"2023-05-31T17:25:15+00:00\" \/>\n\t\t<meta name=\"twitter:card\" content=\"summary_large_image\" \/>\n\t\t<meta name=\"twitter:title\" content=\"Staro\u017cytne pochodzenie wielkanocy - Wolno\u015b\u0107 i Anarchia\" \/>\n\t\t<meta name=\"twitter:description\" content=\"Wielkanoc to chrze\u015bcija\u0144ski festiwal i \u015bwi\u0119to kulturowe, kt\u00f3re nie przypada na sta\u0142\u0105 dat\u0119, ale jest obliczane na podstawie kalendarza lunisolarnego (rok s\u0142oneczny plus faza Ksi\u0119\u017cyca), upami\u0119tniaj\u0105cego zmartwychwstanie Jezusa, opisane w Nowym Testamencie jako maj\u0105ce miejsce trzeciego dnia od poch\u00f3wku po ukrzy\u017cowaniu przez Rzymian w 30 roku n.e. \u0179R\u00d3D\u0141O: Kana\u0142 Atlantean Gardens \u2013 https:\/\/www.youtube.com\/c\/AtlanteangardensOrg Kana\u0142 Robert\" \/>\n\t\t<meta name=\"twitter:image\" content=\"https:\/\/wia.net.pl\/wp-content\/uploads\/2023\/11\/cropped-freedom-i73367.jpg\" \/>\n\t\t<script type=\"application\/ld+json\" class=\"aioseo-schema\">\n\t\t\t{\"@context\":\"https:\\\/\\\/schema.org\",\"@graph\":[{\"@type\":\"BlogPosting\",\"@id\":\"https:\\\/\\\/wia.net.pl\\\/index.php\\\/2023\\\/05\\\/31\\\/starozytne-pochodzenie-wielkanocy\\\/#blogposting\",\"name\":\"Staro\\u017cytne pochodzenie wielkanocy - Wolno\\u015b\\u0107 i Anarchia\",\"headline\":\"Staro\\u017cytne pochodzenie wielkanocy\",\"author\":{\"@id\":\"https:\\\/\\\/wia.net.pl\\\/index.php\\\/author\\\/talar\\\/#author\"},\"publisher\":{\"@id\":\"https:\\\/\\\/wia.net.pl\\\/#person\"},\"image\":{\"@type\":\"ImageObject\",\"url\":\"https:\\\/\\\/wia.net.pl\\\/wp-content\\\/uploads\\\/2023\\\/05\\\/wielkanoc.jpg\",\"width\":1920,\"height\":1080},\"datePublished\":\"2023-05-31T19:25:14+02:00\",\"dateModified\":\"2023-05-31T19:25:15+02:00\",\"inLanguage\":\"pl-PL\",\"mainEntityOfPage\":{\"@id\":\"https:\\\/\\\/wia.net.pl\\\/index.php\\\/2023\\\/05\\\/31\\\/starozytne-pochodzenie-wielkanocy\\\/#webpage\"},\"isPartOf\":{\"@id\":\"https:\\\/\\\/wia.net.pl\\\/index.php\\\/2023\\\/05\\\/31\\\/starozytne-pochodzenie-wielkanocy\\\/#webpage\"},\"articleSection\":\"Antropologia, Atlantean gardens, Cesarstwo Rzymskie, Historia, Ko\\u015bci\\u00f3\\u0142 katolicki, Religie, Robert Sepehr\"},{\"@type\":\"BreadcrumbList\",\"@id\":\"https:\\\/\\\/wia.net.pl\\\/index.php\\\/2023\\\/05\\\/31\\\/starozytne-pochodzenie-wielkanocy\\\/#breadcrumblist\",\"itemListElement\":[{\"@type\":\"ListItem\",\"@id\":\"https:\\\/\\\/wia.net.pl#listItem\",\"position\":1,\"name\":\"Home\",\"item\":\"https:\\\/\\\/wia.net.pl\",\"nextItem\":{\"@type\":\"ListItem\",\"@id\":\"https:\\\/\\\/wia.net.pl\\\/index.php\\\/category\\\/antropologia\\\/#listItem\",\"name\":\"Antropologia\"}},{\"@type\":\"ListItem\",\"@id\":\"https:\\\/\\\/wia.net.pl\\\/index.php\\\/category\\\/antropologia\\\/#listItem\",\"position\":2,\"name\":\"Antropologia\",\"item\":\"https:\\\/\\\/wia.net.pl\\\/index.php\\\/category\\\/antropologia\\\/\",\"nextItem\":{\"@type\":\"ListItem\",\"@id\":\"https:\\\/\\\/wia.net.pl\\\/index.php\\\/2023\\\/05\\\/31\\\/starozytne-pochodzenie-wielkanocy\\\/#listItem\",\"name\":\"Staro\\u017cytne pochodzenie wielkanocy\"},\"previousItem\":{\"@type\":\"ListItem\",\"@id\":\"https:\\\/\\\/wia.net.pl#listItem\",\"name\":\"Home\"}},{\"@type\":\"ListItem\",\"@id\":\"https:\\\/\\\/wia.net.pl\\\/index.php\\\/2023\\\/05\\\/31\\\/starozytne-pochodzenie-wielkanocy\\\/#listItem\",\"position\":3,\"name\":\"Staro\\u017cytne pochodzenie wielkanocy\",\"previousItem\":{\"@type\":\"ListItem\",\"@id\":\"https:\\\/\\\/wia.net.pl\\\/index.php\\\/category\\\/antropologia\\\/#listItem\",\"name\":\"Antropologia\"}}]},{\"@type\":\"Person\",\"@id\":\"https:\\\/\\\/wia.net.pl\\\/#person\",\"name\":\"Bart\\u0142omiej Talarczyk\",\"image\":{\"@type\":\"ImageObject\",\"@id\":\"https:\\\/\\\/wia.net.pl\\\/index.php\\\/2023\\\/05\\\/31\\\/starozytne-pochodzenie-wielkanocy\\\/#personImage\",\"url\":\"https:\\\/\\\/wia.net.pl\\\/wp-content\\\/uploads\\\/avatar-privacy\\\/cache\\\/user\\\/1\\\/7\\\/176a6b161c58363ff49b5c167264231f519f5c7fa183ca1f61e891769b6b56d5-96.jpg\",\"width\":96,\"height\":96,\"caption\":\"Bart\\u0142omiej Talarczyk\"}},{\"@type\":\"Person\",\"@id\":\"https:\\\/\\\/wia.net.pl\\\/index.php\\\/author\\\/talar\\\/#author\",\"url\":\"https:\\\/\\\/wia.net.pl\\\/index.php\\\/author\\\/talar\\\/\",\"name\":\"Bart\\u0142omiej Talarczyk\",\"image\":{\"@type\":\"ImageObject\",\"@id\":\"https:\\\/\\\/wia.net.pl\\\/index.php\\\/2023\\\/05\\\/31\\\/starozytne-pochodzenie-wielkanocy\\\/#authorImage\",\"url\":\"https:\\\/\\\/wia.net.pl\\\/wp-content\\\/uploads\\\/avatar-privacy\\\/cache\\\/user\\\/1\\\/7\\\/176a6b161c58363ff49b5c167264231f519f5c7fa183ca1f61e891769b6b56d5-96.jpg\",\"width\":96,\"height\":96,\"caption\":\"Bart\\u0142omiej Talarczyk\"}},{\"@type\":\"WebPage\",\"@id\":\"https:\\\/\\\/wia.net.pl\\\/index.php\\\/2023\\\/05\\\/31\\\/starozytne-pochodzenie-wielkanocy\\\/#webpage\",\"url\":\"https:\\\/\\\/wia.net.pl\\\/index.php\\\/2023\\\/05\\\/31\\\/starozytne-pochodzenie-wielkanocy\\\/\",\"name\":\"Staro\\u017cytne pochodzenie wielkanocy - Wolno\\u015b\\u0107 i Anarchia\",\"description\":\"Wielkanoc to chrze\\u015bcija\\u0144ski festiwal i \\u015bwi\\u0119to kulturowe, kt\\u00f3re nie przypada na sta\\u0142\\u0105 dat\\u0119, ale jest obliczane na podstawie kalendarza lunisolarnego (rok s\\u0142oneczny plus faza Ksi\\u0119\\u017cyca), upami\\u0119tniaj\\u0105cego zmartwychwstanie Jezusa, opisane w Nowym Testamencie jako maj\\u0105ce miejsce trzeciego dnia od poch\\u00f3wku po ukrzy\\u017cowaniu przez Rzymian w 30 roku n.e. \\u0179R\\u00d3D\\u0141O: Kana\\u0142 Atlantean Gardens \\u2013 https:\\\/\\\/www.youtube.com\\\/c\\\/AtlanteangardensOrg Kana\\u0142 Robert\",\"inLanguage\":\"pl-PL\",\"isPartOf\":{\"@id\":\"https:\\\/\\\/wia.net.pl\\\/#website\"},\"breadcrumb\":{\"@id\":\"https:\\\/\\\/wia.net.pl\\\/index.php\\\/2023\\\/05\\\/31\\\/starozytne-pochodzenie-wielkanocy\\\/#breadcrumblist\"},\"author\":{\"@id\":\"https:\\\/\\\/wia.net.pl\\\/index.php\\\/author\\\/talar\\\/#author\"},\"creator\":{\"@id\":\"https:\\\/\\\/wia.net.pl\\\/index.php\\\/author\\\/talar\\\/#author\"},\"image\":{\"@type\":\"ImageObject\",\"url\":\"https:\\\/\\\/wia.net.pl\\\/wp-content\\\/uploads\\\/2023\\\/05\\\/wielkanoc.jpg\",\"@id\":\"https:\\\/\\\/wia.net.pl\\\/index.php\\\/2023\\\/05\\\/31\\\/starozytne-pochodzenie-wielkanocy\\\/#mainImage\",\"width\":1920,\"height\":1080},\"primaryImageOfPage\":{\"@id\":\"https:\\\/\\\/wia.net.pl\\\/index.php\\\/2023\\\/05\\\/31\\\/starozytne-pochodzenie-wielkanocy\\\/#mainImage\"},\"datePublished\":\"2023-05-31T19:25:14+02:00\",\"dateModified\":\"2023-05-31T19:25:15+02:00\"},{\"@type\":\"WebSite\",\"@id\":\"https:\\\/\\\/wia.net.pl\\\/#website\",\"url\":\"https:\\\/\\\/wia.net.pl\\\/\",\"name\":\"Wolno\\u015b\\u0107 i Anarchia\",\"description\":\"Ka\\u017cdy wewn\\u0119trznie jest anarchist\\u0105.\",\"inLanguage\":\"pl-PL\",\"publisher\":{\"@id\":\"https:\\\/\\\/wia.net.pl\\\/#person\"}}]}\n\t\t<\/script>\n\t\t<!-- All in One SEO -->\n\n","aioseo_head_json":{"title":"Staro\u017cytne pochodzenie wielkanocy - Wolno\u015b\u0107 i Anarchia","description":"Wielkanoc to chrze\u015bcija\u0144ski festiwal i \u015bwi\u0119to kulturowe, kt\u00f3re nie przypada na sta\u0142\u0105 dat\u0119, ale jest obliczane na podstawie kalendarza lunisolarnego (rok s\u0142oneczny plus faza Ksi\u0119\u017cyca), upami\u0119tniaj\u0105cego zmartwychwstanie Jezusa, opisane w Nowym Testamencie jako maj\u0105ce miejsce trzeciego dnia od poch\u00f3wku po ukrzy\u017cowaniu przez Rzymian w 30 roku n.e. \u0179R\u00d3D\u0141O: Kana\u0142 Atlantean Gardens \u2013 https:\/\/www.youtube.com\/c\/AtlanteangardensOrg Kana\u0142 Robert","canonical_url":"https:\/\/wia.net.pl\/index.php\/2023\/05\/31\/starozytne-pochodzenie-wielkanocy\/","robots":"max-image-preview:large","keywords":"","webmasterTools":{"miscellaneous":""},"schema":{"@context":"https:\/\/schema.org","@graph":[{"@type":"BlogPosting","@id":"https:\/\/wia.net.pl\/index.php\/2023\/05\/31\/starozytne-pochodzenie-wielkanocy\/#blogposting","name":"Staro\u017cytne pochodzenie wielkanocy - Wolno\u015b\u0107 i Anarchia","headline":"Staro\u017cytne pochodzenie wielkanocy","author":{"@id":"https:\/\/wia.net.pl\/index.php\/author\/talar\/#author"},"publisher":{"@id":"https:\/\/wia.net.pl\/#person"},"image":{"@type":"ImageObject","url":"https:\/\/wia.net.pl\/wp-content\/uploads\/2023\/05\/wielkanoc.jpg","width":1920,"height":1080},"datePublished":"2023-05-31T19:25:14+02:00","dateModified":"2023-05-31T19:25:15+02:00","inLanguage":"pl-PL","mainEntityOfPage":{"@id":"https:\/\/wia.net.pl\/index.php\/2023\/05\/31\/starozytne-pochodzenie-wielkanocy\/#webpage"},"isPartOf":{"@id":"https:\/\/wia.net.pl\/index.php\/2023\/05\/31\/starozytne-pochodzenie-wielkanocy\/#webpage"},"articleSection":"Antropologia, Atlantean gardens, Cesarstwo Rzymskie, Historia, Ko\u015bci\u00f3\u0142 katolicki, Religie, Robert Sepehr"},{"@type":"BreadcrumbList","@id":"https:\/\/wia.net.pl\/index.php\/2023\/05\/31\/starozytne-pochodzenie-wielkanocy\/#breadcrumblist","itemListElement":[{"@type":"ListItem","@id":"https:\/\/wia.net.pl#listItem","position":1,"name":"Home","item":"https:\/\/wia.net.pl","nextItem":{"@type":"ListItem","@id":"https:\/\/wia.net.pl\/index.php\/category\/antropologia\/#listItem","name":"Antropologia"}},{"@type":"ListItem","@id":"https:\/\/wia.net.pl\/index.php\/category\/antropologia\/#listItem","position":2,"name":"Antropologia","item":"https:\/\/wia.net.pl\/index.php\/category\/antropologia\/","nextItem":{"@type":"ListItem","@id":"https:\/\/wia.net.pl\/index.php\/2023\/05\/31\/starozytne-pochodzenie-wielkanocy\/#listItem","name":"Staro\u017cytne pochodzenie wielkanocy"},"previousItem":{"@type":"ListItem","@id":"https:\/\/wia.net.pl#listItem","name":"Home"}},{"@type":"ListItem","@id":"https:\/\/wia.net.pl\/index.php\/2023\/05\/31\/starozytne-pochodzenie-wielkanocy\/#listItem","position":3,"name":"Staro\u017cytne pochodzenie wielkanocy","previousItem":{"@type":"ListItem","@id":"https:\/\/wia.net.pl\/index.php\/category\/antropologia\/#listItem","name":"Antropologia"}}]},{"@type":"Person","@id":"https:\/\/wia.net.pl\/#person","name":"Bart\u0142omiej Talarczyk","image":{"@type":"ImageObject","@id":"https:\/\/wia.net.pl\/index.php\/2023\/05\/31\/starozytne-pochodzenie-wielkanocy\/#personImage","url":"https:\/\/wia.net.pl\/wp-content\/uploads\/avatar-privacy\/cache\/user\/1\/7\/176a6b161c58363ff49b5c167264231f519f5c7fa183ca1f61e891769b6b56d5-96.jpg","width":96,"height":96,"caption":"Bart\u0142omiej Talarczyk"}},{"@type":"Person","@id":"https:\/\/wia.net.pl\/index.php\/author\/talar\/#author","url":"https:\/\/wia.net.pl\/index.php\/author\/talar\/","name":"Bart\u0142omiej Talarczyk","image":{"@type":"ImageObject","@id":"https:\/\/wia.net.pl\/index.php\/2023\/05\/31\/starozytne-pochodzenie-wielkanocy\/#authorImage","url":"https:\/\/wia.net.pl\/wp-content\/uploads\/avatar-privacy\/cache\/user\/1\/7\/176a6b161c58363ff49b5c167264231f519f5c7fa183ca1f61e891769b6b56d5-96.jpg","width":96,"height":96,"caption":"Bart\u0142omiej Talarczyk"}},{"@type":"WebPage","@id":"https:\/\/wia.net.pl\/index.php\/2023\/05\/31\/starozytne-pochodzenie-wielkanocy\/#webpage","url":"https:\/\/wia.net.pl\/index.php\/2023\/05\/31\/starozytne-pochodzenie-wielkanocy\/","name":"Staro\u017cytne pochodzenie wielkanocy - Wolno\u015b\u0107 i Anarchia","description":"Wielkanoc to chrze\u015bcija\u0144ski festiwal i \u015bwi\u0119to kulturowe, kt\u00f3re nie przypada na sta\u0142\u0105 dat\u0119, ale jest obliczane na podstawie kalendarza lunisolarnego (rok s\u0142oneczny plus faza Ksi\u0119\u017cyca), upami\u0119tniaj\u0105cego zmartwychwstanie Jezusa, opisane w Nowym Testamencie jako maj\u0105ce miejsce trzeciego dnia od poch\u00f3wku po ukrzy\u017cowaniu przez Rzymian w 30 roku n.e. \u0179R\u00d3D\u0141O: Kana\u0142 Atlantean Gardens \u2013 https:\/\/www.youtube.com\/c\/AtlanteangardensOrg Kana\u0142 Robert","inLanguage":"pl-PL","isPartOf":{"@id":"https:\/\/wia.net.pl\/#website"},"breadcrumb":{"@id":"https:\/\/wia.net.pl\/index.php\/2023\/05\/31\/starozytne-pochodzenie-wielkanocy\/#breadcrumblist"},"author":{"@id":"https:\/\/wia.net.pl\/index.php\/author\/talar\/#author"},"creator":{"@id":"https:\/\/wia.net.pl\/index.php\/author\/talar\/#author"},"image":{"@type":"ImageObject","url":"https:\/\/wia.net.pl\/wp-content\/uploads\/2023\/05\/wielkanoc.jpg","@id":"https:\/\/wia.net.pl\/index.php\/2023\/05\/31\/starozytne-pochodzenie-wielkanocy\/#mainImage","width":1920,"height":1080},"primaryImageOfPage":{"@id":"https:\/\/wia.net.pl\/index.php\/2023\/05\/31\/starozytne-pochodzenie-wielkanocy\/#mainImage"},"datePublished":"2023-05-31T19:25:14+02:00","dateModified":"2023-05-31T19:25:15+02:00"},{"@type":"WebSite","@id":"https:\/\/wia.net.pl\/#website","url":"https:\/\/wia.net.pl\/","name":"Wolno\u015b\u0107 i Anarchia","description":"Ka\u017cdy wewn\u0119trznie jest anarchist\u0105.","inLanguage":"pl-PL","publisher":{"@id":"https:\/\/wia.net.pl\/#person"}}]},"og:locale":"pl_PL","og:site_name":"Wolno\u015b\u0107 i Anarchia - Ka\u017cdy wewn\u0119trznie jest anarchist\u0105.","og:type":"article","og:title":"Staro\u017cytne pochodzenie wielkanocy - Wolno\u015b\u0107 i Anarchia","og:description":"Wielkanoc to chrze\u015bcija\u0144ski festiwal i \u015bwi\u0119to kulturowe, kt\u00f3re nie przypada na sta\u0142\u0105 dat\u0119, ale jest obliczane na podstawie kalendarza lunisolarnego (rok s\u0142oneczny plus faza Ksi\u0119\u017cyca), upami\u0119tniaj\u0105cego zmartwychwstanie Jezusa, opisane w Nowym Testamencie jako maj\u0105ce miejsce trzeciego dnia od poch\u00f3wku po ukrzy\u017cowaniu przez Rzymian w 30 roku n.e. \u0179R\u00d3D\u0141O: Kana\u0142 Atlantean Gardens \u2013 https:\/\/www.youtube.com\/c\/AtlanteangardensOrg Kana\u0142 Robert","og:url":"https:\/\/wia.net.pl\/index.php\/2023\/05\/31\/starozytne-pochodzenie-wielkanocy\/","og:image":"https:\/\/wia.net.pl\/wp-content\/uploads\/2023\/11\/cropped-freedom-i73367.jpg","og:image:secure_url":"https:\/\/wia.net.pl\/wp-content\/uploads\/2023\/11\/cropped-freedom-i73367.jpg","article:published_time":"2023-05-31T17:25:14+00:00","article:modified_time":"2023-05-31T17:25:15+00:00","twitter:card":"summary_large_image","twitter:title":"Staro\u017cytne pochodzenie wielkanocy - Wolno\u015b\u0107 i Anarchia","twitter:description":"Wielkanoc to chrze\u015bcija\u0144ski festiwal i \u015bwi\u0119to kulturowe, kt\u00f3re nie przypada na sta\u0142\u0105 dat\u0119, ale jest obliczane na podstawie kalendarza lunisolarnego (rok s\u0142oneczny plus faza Ksi\u0119\u017cyca), upami\u0119tniaj\u0105cego zmartwychwstanie Jezusa, opisane w Nowym Testamencie jako maj\u0105ce miejsce trzeciego dnia od poch\u00f3wku po ukrzy\u017cowaniu przez Rzymian w 30 roku n.e. \u0179R\u00d3D\u0141O: Kana\u0142 Atlantean Gardens \u2013 https:\/\/www.youtube.com\/c\/AtlanteangardensOrg Kana\u0142 Robert","twitter:image":"https:\/\/wia.net.pl\/wp-content\/uploads\/2023\/11\/cropped-freedom-i73367.jpg"},"aioseo_meta_data":{"post_id":"726","title":null,"description":null,"keywords":null,"keyphrases":null,"primary_term":null,"canonical_url":null,"og_title":null,"og_description":null,"og_object_type":"default","og_image_type":"default","og_image_url":null,"og_image_width":null,"og_image_height":null,"og_image_custom_url":null,"og_image_custom_fields":null,"og_video":null,"og_custom_url":null,"og_article_section":null,"og_article_tags":null,"twitter_use_og":false,"twitter_card":"default","twitter_image_type":"default","twitter_image_url":null,"twitter_image_custom_url":null,"twitter_image_custom_fields":null,"twitter_title":null,"twitter_description":null,"schema":{"blockGraphs":[],"customGraphs":[],"default":{"data":{"Article":[],"Course":[],"Dataset":[],"FAQPage":[],"Movie":[],"Person":[],"Product":[],"ProductReview":[],"Car":[],"Recipe":[],"Service":[],"SoftwareApplication":[],"WebPage":[]},"graphName":"","isEnabled":true},"graphs":[]},"schema_type":"default","schema_type_options":null,"pillar_content":false,"robots_default":true,"robots_noindex":false,"robots_noarchive":false,"robots_nosnippet":false,"robots_nofollow":false,"robots_noimageindex":false,"robots_noodp":false,"robots_notranslate":false,"robots_max_snippet":null,"robots_max_videopreview":null,"robots_max_imagepreview":"large","priority":null,"frequency":null,"local_seo":null,"breadcrumb_settings":null,"limit_modified_date":false,"ai":null,"created":"2023-06-06 13:28:56","updated":"2025-06-04 07:19:49","seo_analyzer_scan_date":null,"focus_keyword":null,"additional_keywords":null,"truseo_locale":null},"aioseo_breadcrumb":"<div class=\"aioseo-breadcrumbs\"><span class=\"aioseo-breadcrumb\">\n\t\t\t<a href=\"https:\/\/wia.net.pl\" title=\"Home\">Home<\/a>\n\t\t<\/span><span class=\"aioseo-breadcrumb-separator\">&raquo;<\/span><span class=\"aioseo-breadcrumb\">\n\t\t\t<a href=\"https:\/\/wia.net.pl\/index.php\/category\/antropologia\/\" title=\"Antropologia\">Antropologia<\/a>\n\t\t<\/span><span class=\"aioseo-breadcrumb-separator\">&raquo;<\/span><span class=\"aioseo-breadcrumb\">\n\t\t\tStaro\u017cytne pochodzenie wielkanocy\n\t\t<\/span><\/div>","aioseo_breadcrumb_json":[{"label":"Home","link":"https:\/\/wia.net.pl"},{"label":"Antropologia","link":"https:\/\/wia.net.pl\/index.php\/category\/antropologia\/"},{"label":"Staro\u017cytne pochodzenie wielkanocy","link":"https:\/\/wia.net.pl\/index.php\/2023\/05\/31\/starozytne-pochodzenie-wielkanocy\/"}],"_links":{"self":[{"href":"https:\/\/wia.net.pl\/index.php\/wp-json\/wp\/v2\/posts\/726"}],"collection":[{"href":"https:\/\/wia.net.pl\/index.php\/wp-json\/wp\/v2\/posts"}],"about":[{"href":"https:\/\/wia.net.pl\/index.php\/wp-json\/wp\/v2\/types\/post"}],"author":[{"embeddable":true,"href":"https:\/\/wia.net.pl\/index.php\/wp-json\/wp\/v2\/users\/3"}],"replies":[{"embeddable":true,"href":"https:\/\/wia.net.pl\/index.php\/wp-json\/wp\/v2\/comments?post=726"}],"version-history":[{"count":1,"href":"https:\/\/wia.net.pl\/index.php\/wp-json\/wp\/v2\/posts\/726\/revisions"}],"predecessor-version":[{"id":730,"href":"https:\/\/wia.net.pl\/index.php\/wp-json\/wp\/v2\/posts\/726\/revisions\/730"}],"wp:featuredmedia":[{"embeddable":true,"href":"https:\/\/wia.net.pl\/index.php\/wp-json\/wp\/v2\/media\/727"}],"wp:attachment":[{"href":"https:\/\/wia.net.pl\/index.php\/wp-json\/wp\/v2\/media?parent=726"}],"wp:term":[{"taxonomy":"category","embeddable":true,"href":"https:\/\/wia.net.pl\/index.php\/wp-json\/wp\/v2\/categories?post=726"},{"taxonomy":"post_tag","embeddable":true,"href":"https:\/\/wia.net.pl\/index.php\/wp-json\/wp\/v2\/tags?post=726"}],"curies":[{"name":"wp","href":"https:\/\/api.w.org\/{rel}","templated":true}]}}