{"id":7278,"date":"2024-02-14T03:53:33","date_gmt":"2024-02-14T02:53:33","guid":{"rendered":"https:\/\/wia.net.pl\/?p=7278"},"modified":"2024-02-14T18:12:06","modified_gmt":"2024-02-14T17:12:06","slug":"starozytna-rasa-gigantow","status":"publish","type":"post","link":"https:\/\/wia.net.pl\/index.php\/2024\/02\/14\/starozytna-rasa-gigantow\/","title":{"rendered":"Staro\u017cytna rasa gigant\u00f3w"},"content":{"rendered":"\n<p>Podczas gdy Biblia m\u00f3wi o gigantach w\u0119druj\u0105cych po ziemi w odleg\u0142ej przesz\u0142o\u015bci, podobnie jak wiele innych mitologii z ca\u0142ego \u015bwiata, cytowanych przez greckiego poet\u0119 Homera w 400 rpne, m\u00f3wi\u0105cego: &#8222;Na ziemi byli kiedy\u015b giganci&#8221;, lub przekazywanych przez rdzenne plemiona ameryka\u0144skie, kt\u00f3re maj\u0105 d\u0142ug\u0105 tradycj\u0119 ustn\u0105 przekazywan\u0105 na temat mieszka\u0144c\u00f3w o niezwykle du\u017cej postawie, w rzeczywisto\u015bci by\u0142 to nikt inny jak prezydent Abraham Lincoln, kt\u00f3ry w 1848 roku powiedzia\u0142 przed kongresem, \u017ce &#8222;oczy tego gatunku wymar\u0142ego olbrzyma, kt\u00f3rego ko\u015bci wype\u0142niaj\u0105 kopce Ameryki, wpatrywa\u0142y si\u0119 w Niagar\u0119 tak jak nasze oczy teraz&#8221;.<\/p>\n\n\n\n<p>Czym by\u0142 ten gigantyczny gatunek, o kt\u00f3rym m\u00f3wi\u0142 Lincoln, rasa, kt\u00f3r\u0105 wielu uwa\u017ca za wysok\u0105, siln\u0105 i wyrafinowan\u0105 intelektualnie?<\/p>\n\n\n\n<p>W ci\u0105gu ostatnich kilku stuleci na ameryka\u0144skiej ziemi odkryto szcz\u0105tki setek gigantycznych ludzi, o kt\u00f3rych informowano w r\u00f3\u017cnych serwisach informacyjnych, zanim media zosta\u0142y skonsolidowane w r\u0119kach nielicznych.<\/p>\n\n\n\n<p class=\"has-medium-font-size\"><strong>PRZELICZNIK:<\/strong><\/p>\n\n\n\n<p>1 cal = 2,54 cm<\/p>\n\n\n\n<p>10 cali = 25,40 cm<\/p>\n\n\n\n<p>50 cali = 127 cm<\/p>\n\n\n\n<p>1 stopa = 30,48 cm<\/p>\n\n\n\n<p>8 st\u00f3p = 243,84 cm<\/p>\n\n\n\n<p>9 st\u00f3p = 274,32 cm<\/p>\n\n\n\n<p>10 st\u00f3p = 304,80 cm<\/p>\n\n\n\n<p>11 st\u00f3p = 335,28 cm<\/p>\n\n\n\n<p>12 st\u00f3p = 365,76 xm<\/p>\n\n\n\n<p>50 st\u00f3p = 1524 cm (15,24 m)<\/p>\n\n\n\n<p>100 st\u00f3p = 3048 cm (30,48 m)<\/p>\n\n\n\n<p>\u0179R\u00d3D\u0141O:<\/p>\n\n\n\n<p>Kana\u0142 Atlantean gardens \u2013&nbsp;<a href=\"https:\/\/www.youtube.com\/c\/AtlanteangardensOrg\" target=\"_blank\" rel=\"noreferrer noopener\">https:\/\/www.youtube.com\/c\/AtlanteangardensOrg<\/a><\/p>\n\n\n\n<p>Kana\u0142 Robert Sepehr \u2013&nbsp;<a href=\"https:\/\/www.youtube.com\/user\/818encino\" target=\"_blank\" rel=\"noreferrer noopener\">https:\/\/www.youtube.com\/user\/818encino<\/a><\/p>\n\n\n\n<figure class=\"wp-block-video\"><video controls src=\"https:\/\/wia.net.pl\/wp-content\/uploads\/2024\/02\/Robert-Sepehr-starozytna-rasa-gigantow.mp4\"><\/video><\/figure>\n","protected":false},"excerpt":{"rendered":"<p>Podczas gdy Biblia m\u00f3wi o gigantach w\u0119druj\u0105cych po ziemi w odleg\u0142ej przesz\u0142o\u015bci, podobnie jak wiele innych mitologii z ca\u0142ego \u015bwiata, cytowanych przez greckiego poet\u0119 Homera w 400 rpne, m\u00f3wi\u0105cego: &#8222;Na ziemi byli kiedy\u015b giganci&#8221;, lub przekazywanych przez rdzenne plemiona ameryka\u0144skie,&#8230; <\/p>\n","protected":false},"author":3,"featured_media":7279,"comment_status":"open","ping_status":"open","sticky":false,"template":"","format":"standard","meta":{"_acf_changed":false,"_bbp_topic_count":0,"_bbp_reply_count":0,"_bbp_total_topic_count":0,"_bbp_total_reply_count":0,"_bbp_voice_count":0,"_bbp_anonymous_reply_count":0,"_bbp_topic_count_hidden":0,"_bbp_reply_count_hidden":0,"_bbp_forum_subforum_count":0,"om_disable_all_campaigns":false,"_monsterinsights_skip_tracking":false,"footnotes":""},"categories":[11],"tags":[68,63,42,71,26,23,32,22,70,62],"class_list":["post-7278","post","type-post","status-publish","format-standard","has-post-thumbnail","hentry","category-antropologia","tag-cesarstwo-rzymskie","tag-historia-ziemi","tag-illuminati","tag-kosciol-katolicki","tag-ludzkosc","tag-niewolnictwo","tag-rzad","tag-satanizm","tag-tajne-stowarzyszenia","tag-wszechswiat"],"acf":[],"aioseo_notices":[],"aioseo_head":"\n\t\t<!-- All in One SEO 5.0.1.1 - aioseo.com -->\n\t<meta name=\"description\" content=\"Podczas gdy Biblia m\u00f3wi o gigantach w\u0119druj\u0105cych po ziemi w odleg\u0142ej przesz\u0142o\u015bci, podobnie jak wiele innych mitologii z ca\u0142ego \u015bwiata, cytowanych przez greckiego poet\u0119 Homera w 400 rpne, m\u00f3wi\u0105cego: &quot;Na ziemi byli kiedy\u015b giganci&quot;, lub przekazywanych przez rdzenne plemiona ameryka\u0144skie, kt\u00f3re maj\u0105 d\u0142ug\u0105 tradycj\u0119 ustn\u0105 przekazywan\u0105 na temat mieszka\u0144c\u00f3w o niezwykle du\u017cej postawie, w rzeczywisto\u015bci\" \/>\n\t<meta name=\"robots\" content=\"max-image-preview:large\" \/>\n\t<meta name=\"author\" content=\"Bart\u0142omiej Talarczyk\"\/>\n\t<link rel=\"canonical\" href=\"https:\/\/wia.net.pl\/index.php\/2024\/02\/14\/starozytna-rasa-gigantow\/\" \/>\n\t<meta name=\"generator\" content=\"All in One SEO (AIOSEO) 5.0.1.1\" \/>\n\t\t<meta property=\"og:locale\" content=\"pl_PL\" \/>\n\t\t<meta property=\"og:site_name\" content=\"Wolno\u015b\u0107 i Anarchia - Ka\u017cdy wewn\u0119trznie jest anarchist\u0105.\" \/>\n\t\t<meta property=\"og:type\" content=\"article\" \/>\n\t\t<meta property=\"og:title\" content=\"Staro\u017cytna rasa gigant\u00f3w - Wolno\u015b\u0107 i Anarchia\" \/>\n\t\t<meta property=\"og:description\" content=\"Podczas gdy Biblia m\u00f3wi o gigantach w\u0119druj\u0105cych po ziemi w odleg\u0142ej przesz\u0142o\u015bci, podobnie jak wiele innych mitologii z ca\u0142ego \u015bwiata, cytowanych przez greckiego poet\u0119 Homera w 400 rpne, m\u00f3wi\u0105cego: &quot;Na ziemi byli kiedy\u015b giganci&quot;, lub przekazywanych przez rdzenne plemiona ameryka\u0144skie, kt\u00f3re maj\u0105 d\u0142ug\u0105 tradycj\u0119 ustn\u0105 przekazywan\u0105 na temat mieszka\u0144c\u00f3w o niezwykle du\u017cej postawie, w rzeczywisto\u015bci\" \/>\n\t\t<meta property=\"og:url\" content=\"https:\/\/wia.net.pl\/index.php\/2024\/02\/14\/starozytna-rasa-gigantow\/\" \/>\n\t\t<meta property=\"og:image\" content=\"https:\/\/wia.net.pl\/wp-content\/uploads\/2023\/11\/cropped-freedom-i73367.jpg\" \/>\n\t\t<meta property=\"og:image:secure_url\" content=\"https:\/\/wia.net.pl\/wp-content\/uploads\/2023\/11\/cropped-freedom-i73367.jpg\" \/>\n\t\t<meta property=\"article:published_time\" content=\"2024-02-14T02:53:33+00:00\" \/>\n\t\t<meta property=\"article:modified_time\" content=\"2024-02-14T17:12:06+00:00\" \/>\n\t\t<meta name=\"twitter:card\" content=\"summary_large_image\" \/>\n\t\t<meta name=\"twitter:title\" content=\"Staro\u017cytna rasa gigant\u00f3w - Wolno\u015b\u0107 i Anarchia\" \/>\n\t\t<meta name=\"twitter:description\" content=\"Podczas gdy Biblia m\u00f3wi o gigantach w\u0119druj\u0105cych po ziemi w odleg\u0142ej przesz\u0142o\u015bci, podobnie jak wiele innych mitologii z ca\u0142ego \u015bwiata, cytowanych przez greckiego poet\u0119 Homera w 400 rpne, m\u00f3wi\u0105cego: &quot;Na ziemi byli kiedy\u015b giganci&quot;, lub przekazywanych przez rdzenne plemiona ameryka\u0144skie, kt\u00f3re maj\u0105 d\u0142ug\u0105 tradycj\u0119 ustn\u0105 przekazywan\u0105 na temat mieszka\u0144c\u00f3w o niezwykle du\u017cej postawie, w rzeczywisto\u015bci\" \/>\n\t\t<meta name=\"twitter:image\" content=\"https:\/\/wia.net.pl\/wp-content\/uploads\/2023\/11\/cropped-freedom-i73367.jpg\" \/>\n\t\t<script type=\"application\/ld+json\" class=\"aioseo-schema\">\n\t\t\t{\"@context\":\"https:\\\/\\\/schema.org\",\"@graph\":[{\"@type\":\"BlogPosting\",\"@id\":\"https:\\\/\\\/wia.net.pl\\\/index.php\\\/2024\\\/02\\\/14\\\/starozytna-rasa-gigantow\\\/#blogposting\",\"name\":\"Staro\\u017cytna rasa gigant\\u00f3w - Wolno\\u015b\\u0107 i Anarchia\",\"headline\":\"Staro\\u017cytna rasa gigant\\u00f3w\",\"author\":{\"@id\":\"https:\\\/\\\/wia.net.pl\\\/index.php\\\/author\\\/talar\\\/#author\"},\"publisher\":{\"@id\":\"https:\\\/\\\/wia.net.pl\\\/#person\"},\"image\":{\"@type\":\"ImageObject\",\"url\":\"https:\\\/\\\/wia.net.pl\\\/wp-content\\\/uploads\\\/2024\\\/02\\\/starozytna-rasa-gigantow.jpg\",\"width\":1920,\"height\":1080},\"datePublished\":\"2024-02-14T03:53:33+01:00\",\"dateModified\":\"2024-02-14T18:12:06+01:00\",\"inLanguage\":\"pl-PL\",\"mainEntityOfPage\":{\"@id\":\"https:\\\/\\\/wia.net.pl\\\/index.php\\\/2024\\\/02\\\/14\\\/starozytna-rasa-gigantow\\\/#webpage\"},\"isPartOf\":{\"@id\":\"https:\\\/\\\/wia.net.pl\\\/index.php\\\/2024\\\/02\\\/14\\\/starozytna-rasa-gigantow\\\/#webpage\"},\"articleSection\":\"Antropologia, Cesarstwo Rzymskie, Historia ziemi, Illuminati, Ko\\u015bci\\u00f3\\u0142 katolicki, Ludzko\\u015b\\u0107, Niewolnictwo, Rz\\u0105d, Satanizm, Tajne stowarzyszenia, Wszech\\u015bwiat\"},{\"@type\":\"BreadcrumbList\",\"@id\":\"https:\\\/\\\/wia.net.pl\\\/index.php\\\/2024\\\/02\\\/14\\\/starozytna-rasa-gigantow\\\/#breadcrumblist\",\"itemListElement\":[{\"@type\":\"ListItem\",\"@id\":\"https:\\\/\\\/wia.net.pl#listItem\",\"position\":1,\"name\":\"Home\",\"item\":\"https:\\\/\\\/wia.net.pl\",\"nextItem\":{\"@type\":\"ListItem\",\"@id\":\"https:\\\/\\\/wia.net.pl\\\/index.php\\\/category\\\/antropologia\\\/#listItem\",\"name\":\"Antropologia\"}},{\"@type\":\"ListItem\",\"@id\":\"https:\\\/\\\/wia.net.pl\\\/index.php\\\/category\\\/antropologia\\\/#listItem\",\"position\":2,\"name\":\"Antropologia\",\"item\":\"https:\\\/\\\/wia.net.pl\\\/index.php\\\/category\\\/antropologia\\\/\",\"nextItem\":{\"@type\":\"ListItem\",\"@id\":\"https:\\\/\\\/wia.net.pl\\\/index.php\\\/2024\\\/02\\\/14\\\/starozytna-rasa-gigantow\\\/#listItem\",\"name\":\"Staro\\u017cytna rasa gigant\\u00f3w\"},\"previousItem\":{\"@type\":\"ListItem\",\"@id\":\"https:\\\/\\\/wia.net.pl#listItem\",\"name\":\"Home\"}},{\"@type\":\"ListItem\",\"@id\":\"https:\\\/\\\/wia.net.pl\\\/index.php\\\/2024\\\/02\\\/14\\\/starozytna-rasa-gigantow\\\/#listItem\",\"position\":3,\"name\":\"Staro\\u017cytna rasa gigant\\u00f3w\",\"previousItem\":{\"@type\":\"ListItem\",\"@id\":\"https:\\\/\\\/wia.net.pl\\\/index.php\\\/category\\\/antropologia\\\/#listItem\",\"name\":\"Antropologia\"}}]},{\"@type\":\"Person\",\"@id\":\"https:\\\/\\\/wia.net.pl\\\/#person\",\"name\":\"Bart\\u0142omiej Talarczyk\",\"image\":{\"@type\":\"ImageObject\",\"@id\":\"https:\\\/\\\/wia.net.pl\\\/index.php\\\/2024\\\/02\\\/14\\\/starozytna-rasa-gigantow\\\/#personImage\",\"url\":\"https:\\\/\\\/wia.net.pl\\\/wp-content\\\/uploads\\\/avatar-privacy\\\/cache\\\/user\\\/1\\\/7\\\/176a6b161c58363ff49b5c167264231f519f5c7fa183ca1f61e891769b6b56d5-96.jpg\",\"width\":96,\"height\":96,\"caption\":\"Bart\\u0142omiej Talarczyk\"}},{\"@type\":\"Person\",\"@id\":\"https:\\\/\\\/wia.net.pl\\\/index.php\\\/author\\\/talar\\\/#author\",\"url\":\"https:\\\/\\\/wia.net.pl\\\/index.php\\\/author\\\/talar\\\/\",\"name\":\"Bart\\u0142omiej Talarczyk\",\"image\":{\"@type\":\"ImageObject\",\"@id\":\"https:\\\/\\\/wia.net.pl\\\/index.php\\\/2024\\\/02\\\/14\\\/starozytna-rasa-gigantow\\\/#authorImage\",\"url\":\"https:\\\/\\\/wia.net.pl\\\/wp-content\\\/uploads\\\/avatar-privacy\\\/cache\\\/user\\\/1\\\/7\\\/176a6b161c58363ff49b5c167264231f519f5c7fa183ca1f61e891769b6b56d5-96.jpg\",\"width\":96,\"height\":96,\"caption\":\"Bart\\u0142omiej Talarczyk\"}},{\"@type\":\"WebPage\",\"@id\":\"https:\\\/\\\/wia.net.pl\\\/index.php\\\/2024\\\/02\\\/14\\\/starozytna-rasa-gigantow\\\/#webpage\",\"url\":\"https:\\\/\\\/wia.net.pl\\\/index.php\\\/2024\\\/02\\\/14\\\/starozytna-rasa-gigantow\\\/\",\"name\":\"Staro\\u017cytna rasa gigant\\u00f3w - Wolno\\u015b\\u0107 i Anarchia\",\"description\":\"Podczas gdy Biblia m\\u00f3wi o gigantach w\\u0119druj\\u0105cych po ziemi w odleg\\u0142ej przesz\\u0142o\\u015bci, podobnie jak wiele innych mitologii z ca\\u0142ego \\u015bwiata, cytowanych przez greckiego poet\\u0119 Homera w 400 rpne, m\\u00f3wi\\u0105cego: \\\"Na ziemi byli kiedy\\u015b giganci\\\", lub przekazywanych przez rdzenne plemiona ameryka\\u0144skie, kt\\u00f3re maj\\u0105 d\\u0142ug\\u0105 tradycj\\u0119 ustn\\u0105 przekazywan\\u0105 na temat mieszka\\u0144c\\u00f3w o niezwykle du\\u017cej postawie, w rzeczywisto\\u015bci\",\"inLanguage\":\"pl-PL\",\"isPartOf\":{\"@id\":\"https:\\\/\\\/wia.net.pl\\\/#website\"},\"breadcrumb\":{\"@id\":\"https:\\\/\\\/wia.net.pl\\\/index.php\\\/2024\\\/02\\\/14\\\/starozytna-rasa-gigantow\\\/#breadcrumblist\"},\"author\":{\"@id\":\"https:\\\/\\\/wia.net.pl\\\/index.php\\\/author\\\/talar\\\/#author\"},\"creator\":{\"@id\":\"https:\\\/\\\/wia.net.pl\\\/index.php\\\/author\\\/talar\\\/#author\"},\"image\":{\"@type\":\"ImageObject\",\"url\":\"https:\\\/\\\/wia.net.pl\\\/wp-content\\\/uploads\\\/2024\\\/02\\\/starozytna-rasa-gigantow.jpg\",\"@id\":\"https:\\\/\\\/wia.net.pl\\\/index.php\\\/2024\\\/02\\\/14\\\/starozytna-rasa-gigantow\\\/#mainImage\",\"width\":1920,\"height\":1080},\"primaryImageOfPage\":{\"@id\":\"https:\\\/\\\/wia.net.pl\\\/index.php\\\/2024\\\/02\\\/14\\\/starozytna-rasa-gigantow\\\/#mainImage\"},\"datePublished\":\"2024-02-14T03:53:33+01:00\",\"dateModified\":\"2024-02-14T18:12:06+01:00\"},{\"@type\":\"WebSite\",\"@id\":\"https:\\\/\\\/wia.net.pl\\\/#website\",\"url\":\"https:\\\/\\\/wia.net.pl\\\/\",\"name\":\"Wolno\\u015b\\u0107 i Anarchia\",\"description\":\"Ka\\u017cdy wewn\\u0119trznie jest anarchist\\u0105.\",\"inLanguage\":\"pl-PL\",\"publisher\":{\"@id\":\"https:\\\/\\\/wia.net.pl\\\/#person\"}}]}\n\t\t<\/script>\n\t\t<!-- All in One SEO -->\n\n","aioseo_head_json":{"title":"Staro\u017cytna rasa gigant\u00f3w - Wolno\u015b\u0107 i Anarchia","description":"Podczas gdy Biblia m\u00f3wi o gigantach w\u0119druj\u0105cych po ziemi w odleg\u0142ej przesz\u0142o\u015bci, podobnie jak wiele innych mitologii z ca\u0142ego \u015bwiata, cytowanych przez greckiego poet\u0119 Homera w 400 rpne, m\u00f3wi\u0105cego: \"Na ziemi byli kiedy\u015b giganci\", lub przekazywanych przez rdzenne plemiona ameryka\u0144skie, kt\u00f3re maj\u0105 d\u0142ug\u0105 tradycj\u0119 ustn\u0105 przekazywan\u0105 na temat mieszka\u0144c\u00f3w o niezwykle du\u017cej postawie, w rzeczywisto\u015bci","canonical_url":"https:\/\/wia.net.pl\/index.php\/2024\/02\/14\/starozytna-rasa-gigantow\/","robots":"max-image-preview:large","keywords":"","webmasterTools":{"miscellaneous":""},"schema":{"@context":"https:\/\/schema.org","@graph":[{"@type":"BlogPosting","@id":"https:\/\/wia.net.pl\/index.php\/2024\/02\/14\/starozytna-rasa-gigantow\/#blogposting","name":"Staro\u017cytna rasa gigant\u00f3w - Wolno\u015b\u0107 i Anarchia","headline":"Staro\u017cytna rasa gigant\u00f3w","author":{"@id":"https:\/\/wia.net.pl\/index.php\/author\/talar\/#author"},"publisher":{"@id":"https:\/\/wia.net.pl\/#person"},"image":{"@type":"ImageObject","url":"https:\/\/wia.net.pl\/wp-content\/uploads\/2024\/02\/starozytna-rasa-gigantow.jpg","width":1920,"height":1080},"datePublished":"2024-02-14T03:53:33+01:00","dateModified":"2024-02-14T18:12:06+01:00","inLanguage":"pl-PL","mainEntityOfPage":{"@id":"https:\/\/wia.net.pl\/index.php\/2024\/02\/14\/starozytna-rasa-gigantow\/#webpage"},"isPartOf":{"@id":"https:\/\/wia.net.pl\/index.php\/2024\/02\/14\/starozytna-rasa-gigantow\/#webpage"},"articleSection":"Antropologia, Cesarstwo Rzymskie, Historia ziemi, Illuminati, Ko\u015bci\u00f3\u0142 katolicki, Ludzko\u015b\u0107, Niewolnictwo, Rz\u0105d, Satanizm, Tajne stowarzyszenia, Wszech\u015bwiat"},{"@type":"BreadcrumbList","@id":"https:\/\/wia.net.pl\/index.php\/2024\/02\/14\/starozytna-rasa-gigantow\/#breadcrumblist","itemListElement":[{"@type":"ListItem","@id":"https:\/\/wia.net.pl#listItem","position":1,"name":"Home","item":"https:\/\/wia.net.pl","nextItem":{"@type":"ListItem","@id":"https:\/\/wia.net.pl\/index.php\/category\/antropologia\/#listItem","name":"Antropologia"}},{"@type":"ListItem","@id":"https:\/\/wia.net.pl\/index.php\/category\/antropologia\/#listItem","position":2,"name":"Antropologia","item":"https:\/\/wia.net.pl\/index.php\/category\/antropologia\/","nextItem":{"@type":"ListItem","@id":"https:\/\/wia.net.pl\/index.php\/2024\/02\/14\/starozytna-rasa-gigantow\/#listItem","name":"Staro\u017cytna rasa gigant\u00f3w"},"previousItem":{"@type":"ListItem","@id":"https:\/\/wia.net.pl#listItem","name":"Home"}},{"@type":"ListItem","@id":"https:\/\/wia.net.pl\/index.php\/2024\/02\/14\/starozytna-rasa-gigantow\/#listItem","position":3,"name":"Staro\u017cytna rasa gigant\u00f3w","previousItem":{"@type":"ListItem","@id":"https:\/\/wia.net.pl\/index.php\/category\/antropologia\/#listItem","name":"Antropologia"}}]},{"@type":"Person","@id":"https:\/\/wia.net.pl\/#person","name":"Bart\u0142omiej Talarczyk","image":{"@type":"ImageObject","@id":"https:\/\/wia.net.pl\/index.php\/2024\/02\/14\/starozytna-rasa-gigantow\/#personImage","url":"https:\/\/wia.net.pl\/wp-content\/uploads\/avatar-privacy\/cache\/user\/1\/7\/176a6b161c58363ff49b5c167264231f519f5c7fa183ca1f61e891769b6b56d5-96.jpg","width":96,"height":96,"caption":"Bart\u0142omiej Talarczyk"}},{"@type":"Person","@id":"https:\/\/wia.net.pl\/index.php\/author\/talar\/#author","url":"https:\/\/wia.net.pl\/index.php\/author\/talar\/","name":"Bart\u0142omiej Talarczyk","image":{"@type":"ImageObject","@id":"https:\/\/wia.net.pl\/index.php\/2024\/02\/14\/starozytna-rasa-gigantow\/#authorImage","url":"https:\/\/wia.net.pl\/wp-content\/uploads\/avatar-privacy\/cache\/user\/1\/7\/176a6b161c58363ff49b5c167264231f519f5c7fa183ca1f61e891769b6b56d5-96.jpg","width":96,"height":96,"caption":"Bart\u0142omiej Talarczyk"}},{"@type":"WebPage","@id":"https:\/\/wia.net.pl\/index.php\/2024\/02\/14\/starozytna-rasa-gigantow\/#webpage","url":"https:\/\/wia.net.pl\/index.php\/2024\/02\/14\/starozytna-rasa-gigantow\/","name":"Staro\u017cytna rasa gigant\u00f3w - Wolno\u015b\u0107 i Anarchia","description":"Podczas gdy Biblia m\u00f3wi o gigantach w\u0119druj\u0105cych po ziemi w odleg\u0142ej przesz\u0142o\u015bci, podobnie jak wiele innych mitologii z ca\u0142ego \u015bwiata, cytowanych przez greckiego poet\u0119 Homera w 400 rpne, m\u00f3wi\u0105cego: \"Na ziemi byli kiedy\u015b giganci\", lub przekazywanych przez rdzenne plemiona ameryka\u0144skie, kt\u00f3re maj\u0105 d\u0142ug\u0105 tradycj\u0119 ustn\u0105 przekazywan\u0105 na temat mieszka\u0144c\u00f3w o niezwykle du\u017cej postawie, w rzeczywisto\u015bci","inLanguage":"pl-PL","isPartOf":{"@id":"https:\/\/wia.net.pl\/#website"},"breadcrumb":{"@id":"https:\/\/wia.net.pl\/index.php\/2024\/02\/14\/starozytna-rasa-gigantow\/#breadcrumblist"},"author":{"@id":"https:\/\/wia.net.pl\/index.php\/author\/talar\/#author"},"creator":{"@id":"https:\/\/wia.net.pl\/index.php\/author\/talar\/#author"},"image":{"@type":"ImageObject","url":"https:\/\/wia.net.pl\/wp-content\/uploads\/2024\/02\/starozytna-rasa-gigantow.jpg","@id":"https:\/\/wia.net.pl\/index.php\/2024\/02\/14\/starozytna-rasa-gigantow\/#mainImage","width":1920,"height":1080},"primaryImageOfPage":{"@id":"https:\/\/wia.net.pl\/index.php\/2024\/02\/14\/starozytna-rasa-gigantow\/#mainImage"},"datePublished":"2024-02-14T03:53:33+01:00","dateModified":"2024-02-14T18:12:06+01:00"},{"@type":"WebSite","@id":"https:\/\/wia.net.pl\/#website","url":"https:\/\/wia.net.pl\/","name":"Wolno\u015b\u0107 i Anarchia","description":"Ka\u017cdy wewn\u0119trznie jest anarchist\u0105.","inLanguage":"pl-PL","publisher":{"@id":"https:\/\/wia.net.pl\/#person"}}]},"og:locale":"pl_PL","og:site_name":"Wolno\u015b\u0107 i Anarchia - Ka\u017cdy wewn\u0119trznie jest anarchist\u0105.","og:type":"article","og:title":"Staro\u017cytna rasa gigant\u00f3w - Wolno\u015b\u0107 i Anarchia","og:description":"Podczas gdy Biblia m\u00f3wi o gigantach w\u0119druj\u0105cych po ziemi w odleg\u0142ej przesz\u0142o\u015bci, podobnie jak wiele innych mitologii z ca\u0142ego \u015bwiata, cytowanych przez greckiego poet\u0119 Homera w 400 rpne, m\u00f3wi\u0105cego: &quot;Na ziemi byli kiedy\u015b giganci&quot;, lub przekazywanych przez rdzenne plemiona ameryka\u0144skie, kt\u00f3re maj\u0105 d\u0142ug\u0105 tradycj\u0119 ustn\u0105 przekazywan\u0105 na temat mieszka\u0144c\u00f3w o niezwykle du\u017cej postawie, w rzeczywisto\u015bci","og:url":"https:\/\/wia.net.pl\/index.php\/2024\/02\/14\/starozytna-rasa-gigantow\/","og:image":"https:\/\/wia.net.pl\/wp-content\/uploads\/2023\/11\/cropped-freedom-i73367.jpg","og:image:secure_url":"https:\/\/wia.net.pl\/wp-content\/uploads\/2023\/11\/cropped-freedom-i73367.jpg","article:published_time":"2024-02-14T02:53:33+00:00","article:modified_time":"2024-02-14T17:12:06+00:00","twitter:card":"summary_large_image","twitter:title":"Staro\u017cytna rasa gigant\u00f3w - Wolno\u015b\u0107 i Anarchia","twitter:description":"Podczas gdy Biblia m\u00f3wi o gigantach w\u0119druj\u0105cych po ziemi w odleg\u0142ej przesz\u0142o\u015bci, podobnie jak wiele innych mitologii z ca\u0142ego \u015bwiata, cytowanych przez greckiego poet\u0119 Homera w 400 rpne, m\u00f3wi\u0105cego: &quot;Na ziemi byli kiedy\u015b giganci&quot;, lub przekazywanych przez rdzenne plemiona ameryka\u0144skie, kt\u00f3re maj\u0105 d\u0142ug\u0105 tradycj\u0119 ustn\u0105 przekazywan\u0105 na temat mieszka\u0144c\u00f3w o niezwykle du\u017cej postawie, w rzeczywisto\u015bci","twitter:image":"https:\/\/wia.net.pl\/wp-content\/uploads\/2023\/11\/cropped-freedom-i73367.jpg"},"aioseo_meta_data":{"post_id":"7278","title":null,"description":null,"keywords":[],"keyphrases":{"focus":{"keyphrase":"","score":0,"analysis":{"keyphraseInTitle":{"score":0,"maxScore":9,"error":1}}},"additional":[]},"primary_term":null,"canonical_url":null,"og_title":null,"og_description":null,"og_object_type":"default","og_image_type":"default","og_image_url":null,"og_image_width":null,"og_image_height":null,"og_image_custom_url":null,"og_image_custom_fields":null,"og_video":"","og_custom_url":null,"og_article_section":null,"og_article_tags":[],"twitter_use_og":false,"twitter_card":"default","twitter_image_type":"default","twitter_image_url":null,"twitter_image_custom_url":null,"twitter_image_custom_fields":null,"twitter_title":null,"twitter_description":null,"schema":{"blockGraphs":[],"customGraphs":[],"default":{"data":{"Article":[],"Course":[],"Dataset":[],"FAQPage":[],"Movie":[],"Person":[],"Product":[],"ProductReview":[],"Car":[],"Recipe":[],"Service":[],"SoftwareApplication":[],"WebPage":[]},"graphName":"BlogPosting","isEnabled":true},"graphs":[]},"schema_type":"default","schema_type_options":null,"pillar_content":false,"robots_default":true,"robots_noindex":false,"robots_noarchive":false,"robots_nosnippet":false,"robots_nofollow":false,"robots_noimageindex":false,"robots_noodp":false,"robots_notranslate":false,"robots_max_snippet":"-1","robots_max_videopreview":"-1","robots_max_imagepreview":"large","priority":null,"frequency":"default","local_seo":null,"breadcrumb_settings":null,"limit_modified_date":false,"ai":null,"created":"2024-02-14 02:53:34","updated":"2025-06-04 10:13:06","seo_analyzer_scan_date":null,"focus_keyword":null,"additional_keywords":null,"truseo_locale":null},"aioseo_breadcrumb":"<div class=\"aioseo-breadcrumbs\"><span class=\"aioseo-breadcrumb\">\n\t\t\t<a href=\"https:\/\/wia.net.pl\" title=\"Home\">Home<\/a>\n\t\t<\/span><span class=\"aioseo-breadcrumb-separator\">&raquo;<\/span><span class=\"aioseo-breadcrumb\">\n\t\t\t<a href=\"https:\/\/wia.net.pl\/index.php\/category\/antropologia\/\" title=\"Antropologia\">Antropologia<\/a>\n\t\t<\/span><span class=\"aioseo-breadcrumb-separator\">&raquo;<\/span><span class=\"aioseo-breadcrumb\">\n\t\t\tStaro\u017cytna rasa gigant\u00f3w\n\t\t<\/span><\/div>","aioseo_breadcrumb_json":[{"label":"Home","link":"https:\/\/wia.net.pl"},{"label":"Antropologia","link":"https:\/\/wia.net.pl\/index.php\/category\/antropologia\/"},{"label":"Staro\u017cytna rasa gigant\u00f3w","link":"https:\/\/wia.net.pl\/index.php\/2024\/02\/14\/starozytna-rasa-gigantow\/"}],"_links":{"self":[{"href":"https:\/\/wia.net.pl\/index.php\/wp-json\/wp\/v2\/posts\/7278"}],"collection":[{"href":"https:\/\/wia.net.pl\/index.php\/wp-json\/wp\/v2\/posts"}],"about":[{"href":"https:\/\/wia.net.pl\/index.php\/wp-json\/wp\/v2\/types\/post"}],"author":[{"embeddable":true,"href":"https:\/\/wia.net.pl\/index.php\/wp-json\/wp\/v2\/users\/3"}],"replies":[{"embeddable":true,"href":"https:\/\/wia.net.pl\/index.php\/wp-json\/wp\/v2\/comments?post=7278"}],"version-history":[{"count":2,"href":"https:\/\/wia.net.pl\/index.php\/wp-json\/wp\/v2\/posts\/7278\/revisions"}],"predecessor-version":[{"id":7292,"href":"https:\/\/wia.net.pl\/index.php\/wp-json\/wp\/v2\/posts\/7278\/revisions\/7292"}],"wp:featuredmedia":[{"embeddable":true,"href":"https:\/\/wia.net.pl\/index.php\/wp-json\/wp\/v2\/media\/7279"}],"wp:attachment":[{"href":"https:\/\/wia.net.pl\/index.php\/wp-json\/wp\/v2\/media?parent=7278"}],"wp:term":[{"taxonomy":"category","embeddable":true,"href":"https:\/\/wia.net.pl\/index.php\/wp-json\/wp\/v2\/categories?post=7278"},{"taxonomy":"post_tag","embeddable":true,"href":"https:\/\/wia.net.pl\/index.php\/wp-json\/wp\/v2\/tags?post=7278"}],"curies":[{"name":"wp","href":"https:\/\/api.w.org\/{rel}","templated":true}]}}