{"id":7278,"date":"2024-02-14T03:53:33","date_gmt":"2024-02-14T02:53:33","guid":{"rendered":"https:\/\/wia.net.pl\/?p=7278"},"modified":"2024-02-14T18:12:06","modified_gmt":"2024-02-14T17:12:06","slug":"starozytna-rasa-gigantow","status":"publish","type":"post","link":"https:\/\/wia.net.pl\/index.php\/2024\/02\/14\/starozytna-rasa-gigantow\/","title":{"rendered":"Staro\u017cytna rasa gigant\u00f3w"},"content":{"rendered":"\n<p>Podczas gdy Biblia m\u00f3wi o gigantach w\u0119druj\u0105cych po ziemi w odleg\u0142ej przesz\u0142o\u015bci, podobnie jak wiele innych mitologii z ca\u0142ego \u015bwiata, cytowanych przez greckiego poet\u0119 Homera w 400 rpne, m\u00f3wi\u0105cego: &#8222;Na ziemi byli kiedy\u015b giganci&#8221;, lub przekazywanych przez rdzenne plemiona ameryka\u0144skie, kt\u00f3re maj\u0105 d\u0142ug\u0105 tradycj\u0119 ustn\u0105 przekazywan\u0105 na temat mieszka\u0144c\u00f3w o niezwykle du\u017cej postawie, w rzeczywisto\u015bci by\u0142 to nikt inny jak prezydent Abraham Lincoln, kt\u00f3ry w 1848 roku powiedzia\u0142 przed kongresem, \u017ce &#8222;oczy tego gatunku wymar\u0142ego olbrzyma, kt\u00f3rego ko\u015bci wype\u0142niaj\u0105 kopce Ameryki, wpatrywa\u0142y si\u0119 w Niagar\u0119 tak jak nasze oczy teraz&#8221;.<\/p>\n\n\n\n<p>Czym by\u0142 ten gigantyczny gatunek, o kt\u00f3rym m\u00f3wi\u0142 Lincoln, rasa, kt\u00f3r\u0105 wielu uwa\u017ca za wysok\u0105, siln\u0105 i wyrafinowan\u0105 intelektualnie?<\/p>\n\n\n\n<p>W ci\u0105gu ostatnich kilku stuleci na ameryka\u0144skiej ziemi odkryto szcz\u0105tki setek gigantycznych ludzi, o kt\u00f3rych informowano w r\u00f3\u017cnych serwisach informacyjnych, zanim media zosta\u0142y skonsolidowane w r\u0119kach nielicznych.<\/p>\n\n\n\n<p class=\"has-medium-font-size\"><strong>PRZELICZNIK:<\/strong><\/p>\n\n\n\n<p>1 cal = 2,54 cm<\/p>\n\n\n\n<p>10 cali = 25,40 cm<\/p>\n\n\n\n<p>50 cali = 127 cm<\/p>\n\n\n\n<p>1 stopa = 30,48 cm<\/p>\n\n\n\n<p>8 st\u00f3p = 243,84 cm<\/p>\n\n\n\n<p>9 st\u00f3p = 274,32 cm<\/p>\n\n\n\n<p>10 st\u00f3p = 304,80 cm<\/p>\n\n\n\n<p>11 st\u00f3p = 335,28 cm<\/p>\n\n\n\n<p>12 st\u00f3p = 365,76 xm<\/p>\n\n\n\n<p>50 st\u00f3p = 1524 cm (15,24 m)<\/p>\n\n\n\n<p>100 st\u00f3p = 3048 cm (30,48 m)<\/p>\n\n\n\n<p>\u0179R\u00d3D\u0141O:<\/p>\n\n\n\n<p>Kana\u0142 Atlantean gardens \u2013&nbsp;<a href=\"https:\/\/www.youtube.com\/c\/AtlanteangardensOrg\" target=\"_blank\" rel=\"noreferrer noopener\">https:\/\/www.youtube.com\/c\/AtlanteangardensOrg<\/a><\/p>\n\n\n\n<p>Kana\u0142 Robert Sepehr \u2013&nbsp;<a href=\"https:\/\/www.youtube.com\/user\/818encino\" target=\"_blank\" rel=\"noreferrer noopener\">https:\/\/www.youtube.com\/user\/818encino<\/a><\/p>\n\n\n\n<figure class=\"wp-block-video\"><video controls src=\"https:\/\/wia.net.pl\/wp-content\/uploads\/2024\/02\/Robert-Sepehr-starozytna-rasa-gigantow.mp4\"><\/video><\/figure>\n<div class=\"remoji_bar\"><div class=\"remoji_add_container\" data-remoji-id=\"7278\" data-remoji-type=\"post\"><div class=\"remoji_add_icon\"><\/div><\/div><div class=\"remoji_error_bar\" data-remoji-id=\"7278\" data-remoji-type=\"post\" style=\"display: none;\">Error happened.<\/div><\/div>","protected":false},"excerpt":{"rendered":"<p>Podczas gdy Biblia m\u00f3wi o gigantach w\u0119druj\u0105cych po ziemi w odleg\u0142ej przesz\u0142o\u015bci, podobnie jak wiele innych mitologii z ca\u0142ego \u015bwiata, cytowanych przez greckiego poet\u0119 Homera w 400 rpne, m\u00f3wi\u0105cego: &#8222;Na ziemi byli kiedy\u015b giganci&#8221;, lub przekazywanych przez rdzenne plemiona ameryka\u0144skie,&#8230; <\/p>\n","protected":false},"author":3,"featured_media":7279,"comment_status":"open","ping_status":"open","sticky":false,"template":"","format":"standard","meta":{"_acf_changed":false,"_bbp_topic_count":0,"_bbp_reply_count":0,"_bbp_total_topic_count":0,"_bbp_total_reply_count":0,"_bbp_voice_count":0,"_bbp_anonymous_reply_count":0,"_bbp_topic_count_hidden":0,"_bbp_reply_count_hidden":0,"_bbp_forum_subforum_count":0,"om_disable_all_campaigns":false,"_monsterinsights_skip_tracking":false,"_monsterinsights_sitenote_active":false,"_monsterinsights_sitenote_note":"","_monsterinsights_sitenote_category":0,"footnotes":""},"categories":[11],"tags":[68,63,42,71,26,23,32,22,70,62],"class_list":["post-7278","post","type-post","status-publish","format-standard","has-post-thumbnail","hentry","category-antropologia","tag-cesarstwo-rzymskie","tag-historia-ziemi","tag-illuminati","tag-kosciol-katolicki","tag-ludzkosc","tag-niewolnictwo","tag-rzad","tag-satanizm","tag-tajne-stowarzyszenia","tag-wszechswiat"],"acf":[],"aioseo_notices":[],"_links":{"self":[{"href":"https:\/\/wia.net.pl\/index.php\/wp-json\/wp\/v2\/posts\/7278"}],"collection":[{"href":"https:\/\/wia.net.pl\/index.php\/wp-json\/wp\/v2\/posts"}],"about":[{"href":"https:\/\/wia.net.pl\/index.php\/wp-json\/wp\/v2\/types\/post"}],"author":[{"embeddable":true,"href":"https:\/\/wia.net.pl\/index.php\/wp-json\/wp\/v2\/users\/3"}],"replies":[{"embeddable":true,"href":"https:\/\/wia.net.pl\/index.php\/wp-json\/wp\/v2\/comments?post=7278"}],"version-history":[{"count":2,"href":"https:\/\/wia.net.pl\/index.php\/wp-json\/wp\/v2\/posts\/7278\/revisions"}],"predecessor-version":[{"id":7292,"href":"https:\/\/wia.net.pl\/index.php\/wp-json\/wp\/v2\/posts\/7278\/revisions\/7292"}],"wp:featuredmedia":[{"embeddable":true,"href":"https:\/\/wia.net.pl\/index.php\/wp-json\/wp\/v2\/media\/7279"}],"wp:attachment":[{"href":"https:\/\/wia.net.pl\/index.php\/wp-json\/wp\/v2\/media?parent=7278"}],"wp:term":[{"taxonomy":"category","embeddable":true,"href":"https:\/\/wia.net.pl\/index.php\/wp-json\/wp\/v2\/categories?post=7278"},{"taxonomy":"post_tag","embeddable":true,"href":"https:\/\/wia.net.pl\/index.php\/wp-json\/wp\/v2\/tags?post=7278"}],"curies":[{"name":"wp","href":"https:\/\/api.w.org\/{rel}","templated":true}]}}