{"id":7289,"date":"2024-02-14T14:54:11","date_gmt":"2024-02-14T13:54:11","guid":{"rendered":"https:\/\/wia.net.pl\/?p=7289"},"modified":"2024-02-14T14:54:11","modified_gmt":"2024-02-14T13:54:11","slug":"vita-intense-25","status":"publish","type":"post","link":"https:\/\/wia.net.pl\/index.php\/2024\/02\/14\/vita-intense-25\/","title":{"rendered":"Vita Intense -25%"},"content":{"rendered":"\n<p>Wspania\u0142a wiadomo\u015b\u0107 dla wszystkich fan\u00f3w VITA INTENSE i tych, kt\u00f3rzy chc\u0105 nimi zosta\u0107! <img loading=\"lazy\" decoding=\"async\" height=\"16\" width=\"16\" src=\"https:\/\/static.xx.fbcdn.net\/images\/emoji.php\/v9\/te0\/1\/16\/1f31f.png\" alt=\"\ud83c\udf1f\"> Wyprzeda\u017c starej szaty graficznej <strong>(PDS 10\/2024)<\/strong><\/p>\n\n\n\n<p><img loading=\"lazy\" decoding=\"async\" height=\"16\" width=\"16\" alt=\"\u27a1\ufe0f\" src=\"https:\/\/static.xx.fbcdn.net\/images\/emoji.php\/v9\/t9e\/1\/16\/27a1.png\"> SASZETKI VITA INTENSE o -25% dla klient\u00f3w i partner\u00f3w<\/p>\n\n\n\n<p>Od dzi\u015b, 14 lutego 2024 r., dost\u0119pna jest promocja VITA INTENSE wy\u0142\u0105cznie dla wszystkich klient\u00f3w i partner\u00f3w LAVAVITAE! Nasz ukochany eliksir substancji witalnych VITA INTENSE w saszetce jest teraz dost\u0119pny w Twoim sklepie LAVAVITAE z 25% rabatem.<\/p>\n\n\n\n<p><img loading=\"lazy\" decoding=\"async\" height=\"16\" width=\"16\" alt=\"\u27a1\ufe0f\" src=\"https:\/\/static.xx.fbcdn.net\/images\/emoji.php\/v9\/t9e\/1\/16\/27a1.png\"><a><\/a>VITA INTENSE butelka POLISH w cenie -25% wy\u0142\u0105cznie dla partner\u00f3w<\/p>\n\n\n\n<p>Ze wzgl\u0119du na du\u017cy popyt, ostatnio zabrak\u0142o nam VITA INTENSE w formie butelkowej i jeste\u015bmy teraz jeszcze bardziej zadowoleni, \u017ce mo\u017cemy zaoferowa\u0107 Pa\u0144stwu, jako partnerowi biznesowemu, doskona\u0142e rozwi\u0105zanie pomostowe.<\/p>\n\n\n\n<p>Do czasu kolejnej dostawy VITA INTENSE w butelce i w nowym wydaniu, jako partner macie Pa\u0144stwo mo\u017cliwo\u015b\u0107 dost\u0119pu do produkt\u00f3w VITA INTENSE w butelkach w j\u0119zyku polskim, tak\u017ce w poprzednim wzornictwie i oczywi\u015bcie w zwyk\u0142ej wysokiej jako\u015bci, w specjalnej cenie cena -25%!<\/p>\n\n\n\n<p>\u017bycz\u0119 udanych zakup\u00f3w i polecania!<\/p>\n\n\n\n<figure class=\"wp-block-image size-full\"><img loading=\"lazy\" decoding=\"async\" width=\"760\" height=\"530\" src=\"https:\/\/wia.net.pl\/wp-content\/uploads\/2024\/02\/vita_intense_flasche_25_main.jpg\" alt=\"\" class=\"wp-image-7290\" srcset=\"https:\/\/wia.net.pl\/wp-content\/uploads\/2024\/02\/vita_intense_flasche_25_main.jpg 760w, https:\/\/wia.net.pl\/wp-content\/uploads\/2024\/02\/vita_intense_flasche_25_main-300x209.jpg 300w\" sizes=\"(max-width: 760px) 100vw, 760px\" \/><\/figure>\n\n\n\n<p><strong>Tu zakupisz oryginalny produkt Lava Pure i inne:\u00a0<a href=\"https:\/\/6763620.lvpartner.com\/shop\" target=\"_blank\" rel=\"noreferrer noopener\">https:\/\/6763620.lvpartner.com\/shop<\/a><\/strong><br>FB:\u00a0<a href=\"https:\/\/www.facebook.com\/profile.php?id=100089385684214\" target=\"_blank\" rel=\"noreferrer noopener\">https:\/\/www.facebook.com\/profile.php?id=100089385684214<\/a><br>Numer identyfikacyjny partnera: ID: 6763620<br>Anna GSM: 695 949 707<br>Mail: umyslcialoduch@gmail.com<br>Link do zakupu pakiet\u00f3w dla tych kt\u00f3rzy przetestowali produkt i s\u0105 zdecydowani na wsp\u00f3\u0142prace biznesow\u0105:\u00a0<a href=\"https:\/\/www.lavavitae.com\/index.php?ctrl=UHUwRmY5YmlSUEFja21mNVJhY0grZz09&amp;P\" target=\"_blank\" rel=\"noreferrer noopener\">https:\/\/www.lavavitae.com\/index.php?ctrl=UHUwRmY5YmlSUEFja21mNVJhY0grZz09&amp;P<\/a><\/p>\n<div class=\"remoji_bar\"><div class=\"remoji_add_container\" data-remoji-id=\"7289\" data-remoji-type=\"post\"><div class=\"remoji_add_icon\"><\/div><\/div><div class=\"remoji_error_bar\" data-remoji-id=\"7289\" data-remoji-type=\"post\" style=\"display: none;\">Error happened.<\/div><\/div>","protected":false},"excerpt":{"rendered":"<p>Wspania\u0142a wiadomo\u015b\u0107 dla wszystkich fan\u00f3w VITA INTENSE i tych, kt\u00f3rzy chc\u0105 nimi zosta\u0107! Wyprzeda\u017c starej szaty graficznej (PDS 10\/2024) SASZETKI VITA INTENSE o -25% dla klient\u00f3w i partner\u00f3w Od dzi\u015b, 14 lutego 2024 r., dost\u0119pna jest promocja VITA INTENSE wy\u0142\u0105cznie&#8230; <\/p>\n","protected":false},"author":3,"featured_media":7290,"comment_status":"open","ping_status":"open","sticky":false,"template":"","format":"standard","meta":{"_acf_changed":false,"_bbp_topic_count":0,"_bbp_reply_count":0,"_bbp_total_topic_count":0,"_bbp_total_reply_count":0,"_bbp_voice_count":0,"_bbp_anonymous_reply_count":0,"_bbp_topic_count_hidden":0,"_bbp_reply_count_hidden":0,"_bbp_forum_subforum_count":0,"om_disable_all_campaigns":false,"_monsterinsights_skip_tracking":false,"_monsterinsights_sitenote_active":false,"_monsterinsights_sitenote_note":"","_monsterinsights_sitenote_category":0,"footnotes":""},"categories":[125],"tags":[],"class_list":["post-7289","post","type-post","status-publish","format-standard","has-post-thumbnail","hentry","category-pakiety-i-promocje"],"acf":[],"aioseo_notices":[],"_links":{"self":[{"href":"https:\/\/wia.net.pl\/index.php\/wp-json\/wp\/v2\/posts\/7289"}],"collection":[{"href":"https:\/\/wia.net.pl\/index.php\/wp-json\/wp\/v2\/posts"}],"about":[{"href":"https:\/\/wia.net.pl\/index.php\/wp-json\/wp\/v2\/types\/post"}],"author":[{"embeddable":true,"href":"https:\/\/wia.net.pl\/index.php\/wp-json\/wp\/v2\/users\/3"}],"replies":[{"embeddable":true,"href":"https:\/\/wia.net.pl\/index.php\/wp-json\/wp\/v2\/comments?post=7289"}],"version-history":[{"count":1,"href":"https:\/\/wia.net.pl\/index.php\/wp-json\/wp\/v2\/posts\/7289\/revisions"}],"predecessor-version":[{"id":7291,"href":"https:\/\/wia.net.pl\/index.php\/wp-json\/wp\/v2\/posts\/7289\/revisions\/7291"}],"wp:featuredmedia":[{"embeddable":true,"href":"https:\/\/wia.net.pl\/index.php\/wp-json\/wp\/v2\/media\/7290"}],"wp:attachment":[{"href":"https:\/\/wia.net.pl\/index.php\/wp-json\/wp\/v2\/media?parent=7289"}],"wp:term":[{"taxonomy":"category","embeddable":true,"href":"https:\/\/wia.net.pl\/index.php\/wp-json\/wp\/v2\/categories?post=7289"},{"taxonomy":"post_tag","embeddable":true,"href":"https:\/\/wia.net.pl\/index.php\/wp-json\/wp\/v2\/tags?post=7289"}],"curies":[{"name":"wp","href":"https:\/\/api.w.org\/{rel}","templated":true}]}}