{"id":7309,"date":"2024-02-16T01:44:23","date_gmt":"2024-02-16T00:44:23","guid":{"rendered":"https:\/\/wia.net.pl\/?p=7309"},"modified":"2024-07-17T19:56:55","modified_gmt":"2024-07-17T17:56:55","slug":"wef-wielki-reset-zmiana-technokracji-w-humanokracje","status":"publish","type":"post","link":"https:\/\/wia.net.pl\/index.php\/2024\/02\/16\/wef-wielki-reset-zmiana-technokracji-w-humanokracje\/","title":{"rendered":"WEF &#8211; Wielki Reset &#8211; Zmiana Technokracji w Humanokracj\u0119"},"content":{"rendered":"\n<p>ARTYKU W WERSJI AUDIO NA SUBSTACKU:<\/p>\n\n\n\n<p><a href=\"https:\/\/wolnoscanarchia.substack.com\/p\/wielki-reset-zmiana-technokracji?utm_source=profile&amp;utm_medium=reader2\">https:\/\/wolnoscanarchia.substack.com\/p\/wielki-reset-zmiana-technokracji?utm_source=profile&amp;utm_medium=reader2<\/a><\/p>\n\n\n\n<p><a href=\"https:\/\/www.infowars.com\/author\/8\/\">przez&nbsp;Jamiego White&#8217;a<\/a>, <a>14 lutego 2024<\/a><\/p>\n\n\n\n<p><strong>Za\u0142o\u017cyciel \u015awiatowego Forum Ekonomicznego Klaus Schwab podczas corocznego Szczytu Rz\u0105du \u015awiatowego przemianowa\u0142 sw\u00f3j system Wielkiego Resetu na \u201ehumanokracj\u0119\u201d, a nie \u201etechnokracj\u0119\u201d.<\/strong><\/p>\n\n\n\n<p><strong>Szef WEF Klaus Schwab m\u00f3wi, \u017ce ludzko\u015b\u0107 jest gotowa po\u0142\u0105czy\u0107 si\u0119 ze \u015bwiatem cyfrowym dzi\u0119ki sztucznej inteligencji<\/strong><\/p>\n\n\n\n<p>Przemawiaj\u0105c we wtorek na Szczycie Rz\u0105du \u015awiatowego w Dubaju w 2024 r., Schwab wyja\u015bni\u0142, \u017ce WEF odchodzi od ram \u201etechnokracji\u201d w ramach swojej \u201eczwartej rewolucji przemys\u0142owej\u201d, zwanej tak\u017ce Wielkim Resetem, na rzecz bardziej \u201ehumanistycznego\u201d podej\u015bcia, kt\u00f3re nazwa\u0142 \u201ehumanokracj\u0105\u201d.<\/p>\n\n\n\n<p>\u201ePatrz\u0105c w przysz\u0142o\u015b\u0107, nie chcemy wykorzystywa\u0107 czwartej rewolucji przemys\u0142owej do zimnej biurokracji, nie chcemy wkracza\u0107 w technokracj\u0119\u201d \u2013 powiedzia\u0142 Schwab.<\/p>\n\n\n\n<p>\u201eChcemy osi\u0105gn\u0105\u0107 co\u015b, co nazwa\u0142bym humanokracj\u0105, \u015bwiat, w kt\u00f3rym wykorzystujemy technologi\u0119, aby wykorzysta\u0107 ca\u0142y nasz ludzki potencja\u0142 i stworzy\u0107 jeszcze lepszy \u015bwiat\u201d \u2013 powiedzia\u0142.<\/p>\n\n\n\n<p>Nag\u0142e przemianowanie przez Schwaba Wielkiego Resetu na \u201ehumanokracj\u0119\u201d jest szczeg\u00f3lnie dziwaczne, bior\u0105c pod uwag\u0119, \u017ce&nbsp;<strong>inni cz\u0142onkowie WEF s\u0105 wyra\u017anie antyludzcy<\/strong>&nbsp;, argumentuj\u0105c, \u017ce&nbsp;&nbsp;<a href=\"https:\/\/slaynews.com\/news\/wef-member-reducing-human-population-90-percent-achieve-net-zero\/\">90% redukcja globalnej populacji<\/a>&nbsp;&nbsp;ludzi&nbsp;&nbsp;<a href=\"https:\/\/slaynews.com\/news\/wef-member-90-population-reduction-solve-globalists-problems\/\">rozwi\u0105za\u0142aby \u201eproblemy\u201d globalist\u00f3w<\/a>&nbsp;&nbsp;i \u201epomog\u0142aby\u201d im osi\u0105gn\u0105\u0107 swoje cele \u201eNet Zero\u201d.<\/p>\n\n\n\n<p>Czo\u0142owy cz\u0142onek WEF, Dennis Meadows, wezwa\u0142 w szczeg\u00f3lno\u015bci do osza\u0142amiaj\u0105cej&nbsp;<a rel=\"noreferrer noopener\" href=\"https:\/\/www.youtube.com\/watch?v=Dbo6uvJBtZg\" target=\"_blank\">redukcji populacji ludzkiej o 86%<\/a>&nbsp;, argumentuj\u0105c, \u017ce cel ten mo\u017cna osi\u0105gn\u0105\u0107 \u201epokojowo\u201d.<\/p>\n\n\n\n<p><strong>Drastyczne zmniejszenie \u015bwiatowej populacji nie wydaje si\u0119 najlepszym sposobem na stworzenie \u201ehumanokracji\u201d.<\/strong><\/p>\n\n\n\n<p>By\u0142y doradca ds. bezpiecze\u0144stwa narodowego Zbigniew Brzezi\u0144ski w 1970 roku opisa\u0142 system technokratyczny w swojej ksi\u0105\u017cce&nbsp;<a href=\"http:\/\/solipsyzm.pl\/between2ages.pdf\" target=\"_blank\" rel=\"noreferrer noopener\">Between Two Ages: America&#8217;s Role In The Technetronic Era<\/a>&nbsp;, w kt\u00f3rej globalna elita naukowa wykorzysta\u0142aby najnowocze\u015bniejsz\u0105 technologi\u0119 do kontrolowania (lub ograniczania) mas:<\/p>\n\n\n\n<p><em>\u201eTakie spo\u0142ecze\u0144stwo by\u0142oby zdominowane przez elit\u0119, kt\u00f3rej roszczenia do w\u0142adzy politycznej opiera\u0142yby si\u0119 na rzekomo najwy\u017cszej wiedzy naukowej. Nieskr\u0119powana ograniczeniami tradycyjnych warto\u015bci liberalnych, elita ta nie zawaha\u0142aby si\u0119 osi\u0105gn\u0105\u0107 swoich cel\u00f3w politycznych, stosuj\u0105c najnowsze, nowoczesne techniki wp\u0142ywania na zachowania publiczne i utrzymywania spo\u0142ecze\u0144stwa pod \u015bcis\u0142ym nadzorem i kontrol\u0105\u201d.<\/em><\/p>\n\n\n\n<p>Chocia\u017c Schwab zmieni\u0142 nazw\u0119 swojego Wielkiego Resetu na \u201ehumanokracj\u0119\u201d, w praktyce plan jest taki sam, jak jego podej\u015bcie transhumanistyczne:&nbsp;<a href=\"https:\/\/www.infowars.com\/posts\/watch-wef-head-klaus-schwab-says-mankind-set-to-merge-with-digital-world-thanks-to-ai\/\" target=\"_blank\" rel=\"noreferrer noopener\">\u201efuzja\u201d mi\u0119dzy lud\u017ami i technologi\u0105 na poziomie fizycznym,<\/a>&nbsp;tak aby mo\u017cna by\u0142o je \u0142atwo kontrolowa\u0107 przez centralny rz\u0105d globalny.<\/p>\n\n\n\n<p>\u201eMy\u015bl\u0119, \u017ce musimy by\u0107 przygotowani na \u015bwiat, w kt\u00f3rym nast\u0105pi fuzja naszych wymiar\u00f3w fizycznych, cyfrowych i biologicznych\u201d \u2013 powiedzia\u0142 Schwab.<\/p>\n\n\n\n<p>\u201eWyobra\u017caj\u0105c sobie przysz\u0142o\u015b\u0107 nap\u0119dzan\u0105 technologiami 4IR, widzimy NOWY \u015aWIT ludzkiej cywilizacji\u2026 gdzie sztuczna inteligencja, robotyka, IoT [internet rzeczy], druk 3D, in\u017cynieria genetyczna, obliczenia kwantowe staj\u0105 si\u0119 podstaw\u0105 naszego codziennego \u017cycia. \u201d<\/p>\n\n\n\n<p>Nag\u0142e przyj\u0119cie przez Schwaba proludzkiej terminologii wydaje si\u0119 by\u0107 odpowiedzi\u0105 na populistyczny sprzeciw wobec Wielkiego Resetu WEF.<\/p>\n\n\n\n<p>Podczas dyskusji w Spaces po triumfalnym powrocie Alexa Jonesa do X w grudniu Elon Musk i Jones ukuli termin \u201eTeam Humanity\u201d, aby opisa\u0107 antyglobalistyczn\u0105 kampani\u0119, kt\u00f3ra stoi na czele Wielkiego Przebudzenia.<\/p>\n\n\n\n<p>Czy za\u0142o\u017cyciel \u015awiatowego Forum Ekonomicznego m\u00f3g\u0142by dokooptowa\u0107 kampani\u0119 \u201eTeam Humanity\u201d wymy\u015blon\u0105 przez Elona Muska i Alexa Jonesa w odpowiedzi na&nbsp;<a href=\"https:\/\/www.infowars.com\/posts\/eu-bends-knee-to-farmers-drops-key-provisions-in-2040-climate-proposal\/\" target=\"_blank\" rel=\"noreferrer noopener\">og\u00f3lno\u015bwiatowy sprzeciw populist\u00f3w<\/a>&nbsp;przeciwko programowi globalistycznemu?<\/p>\n\n\n\n<figure class=\"wp-block-image size-full is-resized\"><img loading=\"lazy\" decoding=\"async\" width=\"666\" height=\"500\" src=\"https:\/\/wia.net.pl\/wp-content\/uploads\/2024\/02\/image-115.png\" alt=\"\" class=\"wp-image-7312\" style=\"width:839px;height:auto\" srcset=\"https:\/\/wia.net.pl\/wp-content\/uploads\/2024\/02\/image-115.png 666w, https:\/\/wia.net.pl\/wp-content\/uploads\/2024\/02\/image-115-300x225.png 300w\" sizes=\"(max-width: 666px) 100vw, 666px\" \/><\/figure>\n\n\n\n<p>Ludzko\u015b\u0107 wkracza w \u201eepok\u0119 inteligencji\u201d, nowy \u015bwit cywilizacji: Klaus Schwab, Szczyt Rz\u0105d\u00f3w \u015awiatowych<\/p>\n\n\n\n<p>\u201e&nbsp;<strong><em>Ta misja rozwija si\u0119 w spo\u0142ecze\u0144stwie, w kt\u00f3rym sztuczna inteligencja, robotyka, Internet rzeczy, druk 3D, in\u017cynieria genetyczna, obliczenia kwantowe staj\u0105 si\u0119 podstaw\u0105 naszego codziennego \u017cycia, a jednocze\u015bnie kieruj\u0105 si\u0119 g\u0142\u0119bokim szacunkiem dla ludzkich warto\u015bci, kreatywno\u015bci i naturalny \u015bwiat<\/em><\/strong>&nbsp;.&#8221;<\/p>\n\n\n\n<p>\u201eW tej nowej inteligentnej epoce technologia nie jest jedynie narz\u0119dziem ani rozszerzeniem ludzkich mo\u017cliwo\u015bci; to partner w kszta\u0142towaniu \u015bwiata, w kt\u00f3rym ka\u017cdy cz\u0142owiek ma mo\u017cliwo\u015b\u0107 wykorzystania swojego pe\u0142nego potencja\u0142u\u201d \u2013 doda\u0142 za\u0142o\u017cyciel WEF.<\/p>\n\n\n\n<p>Je\u015bli chodzi o etyczne wykorzystanie sztucznej inteligencji, Schwab powiedzia\u0142 przyw\u00f3dcom rz\u0105d\u00f3w:<\/p>\n\n\n\n<p><strong><em>\u201ePotrzebujemy ram etycznych, aby mie\u0107 pewno\u015b\u0107, \u017ce zatrzymamy ducha sztucznej inteligencji w butelce i b\u0119dziemy mie\u0107 tylko te korzystne korzy\u015bci, \u017ce nie stworzymy utopijnej przysz\u0142o\u015bci\u201d<\/em><\/strong>Klaus Schwab, Szczyt Rz\u0105d\u00f3w \u015awiatowych, 2024<\/p>\n\n\n\n<p>Po swoim przem\u00f3wieniu Schwab kr\u00f3tko rozmawia\u0142 z gospodarzem szczytu na temat tego, jak b\u0119dzie wygl\u0105da\u0107 po\u0142\u0105czenie technologii za 10 lat.<\/p>\n\n\n\n<p>Za\u0142o\u017cyciel WEF powt\u00f3rzy\u0142 to, co powtarza\u0142&nbsp;<a href=\"https:\/\/sociable.co\/technology\/your-digital-identity-used-against-you-great-reset\/\" target=\"_blank\" rel=\"noreferrer noopener\">od wielu lat,<\/a>&nbsp;\u017ce w tym \u201enowym \u015bwiecie\u201d nast\u0105pi \u201efuzja naszych wymiar\u00f3w fizycznych, cyfrowych i biologicznych\u201d.<\/p>\n\n\n\n<p>W tym roku nazwa wydarzenia zosta\u0142a zmieniona ze \u015awiatowego Szczytu Rz\u0105d\u00f3w na Szczyt Rz\u0105d\u00f3w \u015awiatowych w liczbie mnogiej.<\/p>\n\n\n\n<p>Podczas zesz\u0142orocznego Szczytu Rz\u0105du \u015awiatowego Schwab powiedzia\u0142:<\/p>\n\n\n\n<p><em><strong>\u201eNasze \u017cycie za 10 lat b\u0119dzie zupe\u0142nie inne, bardzo dotkni\u0119te, a kto opanuje te technologie, w jaki\u015b spos\u00f3b b\u0119dzie panami \u015bwiata\u201d<\/strong><\/em>Klaus Schwab, \u015awiatowy Szczyt Rz\u0105dowy, 2023<\/p>\n\n\n\n<p>\u201eMy\u015bl\u0119, \u017ce czwarta rewolucja przemys\u0142owa b\u0119dzie w naszej g\u0142owie jeszcze przez kilka lat\u201d \u2013&nbsp;<a href=\"https:\/\/sociable.co\/government-and-policy\/fourth-industrial-revolution-escape-power-master-klaus-schwab-world-government-summit\/\" target=\"_blank\" rel=\"noreferrer noopener\">powiedzia\u0142 Schwab w 2023 r<\/a>&nbsp;.<\/p>\n\n\n\n<p>\u201e&nbsp;<strong><em>Moje g\u0142\u0119bokie zaniepokojenie budzi jednak to, \u017ce je\u015bli nie b\u0119dziemy wsp\u00f3\u0142pracowa\u0107 w skali globalnej, je\u015bli nie stworzymy i nie ukszta\u0142tujemy wsp\u00f3lnie niezb\u0119dnych polityk, wymkn\u0105 si\u0119 nam mo\u017cliwo\u015bci opanowania tych technologii<\/em><\/strong>&nbsp;\u201d \u2013 doda\u0142.<\/p>\n\n\n\n<p>Wi\u0119cej informacji w \u017ar\u00f3d\u0142ach:<\/p>\n\n\n\n<p>\u0179r\u00f3d\u0142o <a href=\"https:\/\/www.infowars.com\/posts\/klaus-schwab-rebrands-great-reset-claims-globalists-want-humanocracy-instead-of-technocracy\/\">https:\/\/www.infowars.com\/posts\/klaus-schwab-rebrands-great-reset-claims-globalists-want-humanocracy-instead-of-technocracy\/<\/a><\/p>\n\n\n\n<p>\u0179r\u00f3d\u0142o <a href=\"https:\/\/sociable.co\/government-and-policy\/humankind-the-intelligent-age-new-dawn-civilization-klaus-schwab-world-governments-summit\/\">https:\/\/sociable.co\/government-and-policy\/humankind-the-intelligent-age-new-dawn-civilization-klaus-schwab-world-governments-summit\/<\/a><\/p>\n\n\n\n<p>\u0179r\u00f3d\u0142o <a href=\"https:\/\/www.youtube.com\/watch?v=Y6_5-d_sSgg\">https:\/\/www.youtube.com\/watch?v=Y6_5-d_sSgg<\/a><\/p>\n","protected":false},"excerpt":{"rendered":"<p>ARTYKU W WERSJI AUDIO NA SUBSTACKU: https:\/\/wolnoscanarchia.substack.com\/p\/wielki-reset-zmiana-technokracji?utm_source=profile&amp;utm_medium=reader2 przez&nbsp;Jamiego White&#8217;a, 14 lutego 2024 Za\u0142o\u017cyciel \u015awiatowego Forum Ekonomicznego Klaus Schwab podczas corocznego Szczytu Rz\u0105du \u015awiatowego przemianowa\u0142 sw\u00f3j system Wielkiego Resetu na \u201ehumanokracj\u0119\u201d, a nie \u201etechnokracj\u0119\u201d. Szef WEF Klaus Schwab m\u00f3wi, \u017ce ludzko\u015b\u0107&#8230; <\/p>\n","protected":false},"author":2,"featured_media":7311,"comment_status":"open","ping_status":"open","sticky":false,"template":"","format":"standard","meta":{"_acf_changed":false,"_bbp_topic_count":0,"_bbp_reply_count":0,"_bbp_total_topic_count":0,"_bbp_total_reply_count":0,"_bbp_voice_count":0,"_bbp_anonymous_reply_count":0,"_bbp_topic_count_hidden":0,"_bbp_reply_count_hidden":0,"_bbp_forum_subforum_count":0,"om_disable_all_campaigns":false,"_monsterinsights_skip_tracking":false,"footnotes":""},"categories":[93],"tags":[],"class_list":["post-7309","post","type-post","status-publish","format-standard","has-post-thumbnail","hentry","category-artykuly"],"acf":[],"aioseo_notices":[],"aioseo_head":"\n\t\t<!-- All in One SEO 5.0.1.1 - aioseo.com -->\n\t<meta name=\"description\" content=\"ARTYKU W WERSJI AUDIO NA SUBSTACKU: https:\/\/wolnoscanarchia.substack.com\/p\/wielki-reset-zmiana-technokracji?utm_source=profile&amp;utm_medium=reader2 przez Jamiego White&#039;a, 14 lutego 2024 Za\u0142o\u017cyciel \u015awiatowego Forum Ekonomicznego Klaus Schwab podczas corocznego Szczytu Rz\u0105du \u015awiatowego przemianowa\u0142 sw\u00f3j system Wielkiego Resetu na \u201ehumanokracj\u0119\u201d, a nie \u201etechnokracj\u0119\u201d. Szef WEF Klaus Schwab m\u00f3wi, \u017ce ludzko\u015b\u0107 jest gotowa po\u0142\u0105czy\u0107 si\u0119 ze \u015bwiatem cyfrowym dzi\u0119ki sztucznej inteligencji Przemawiaj\u0105c we wtorek na Szczycie\" \/>\n\t<meta name=\"robots\" content=\"max-image-preview:large\" \/>\n\t<meta name=\"author\" content=\"trinity\"\/>\n\t<link rel=\"canonical\" href=\"https:\/\/wia.net.pl\/index.php\/2024\/02\/16\/wef-wielki-reset-zmiana-technokracji-w-humanokracje\/\" \/>\n\t<meta name=\"generator\" content=\"All in One SEO (AIOSEO) 5.0.1.1\" \/>\n\t\t<meta property=\"og:locale\" content=\"pl_PL\" \/>\n\t\t<meta property=\"og:site_name\" content=\"Wolno\u015b\u0107 i Anarchia - Ka\u017cdy wewn\u0119trznie jest anarchist\u0105.\" \/>\n\t\t<meta property=\"og:type\" content=\"article\" \/>\n\t\t<meta property=\"og:title\" content=\"WEF \u2013 Wielki Reset \u2013 Zmiana Technokracji w Humanokracj\u0119 - Wolno\u015b\u0107 i Anarchia\" \/>\n\t\t<meta property=\"og:description\" content=\"ARTYKU W WERSJI AUDIO NA SUBSTACKU: https:\/\/wolnoscanarchia.substack.com\/p\/wielki-reset-zmiana-technokracji?utm_source=profile&amp;utm_medium=reader2 przez Jamiego White&#039;a, 14 lutego 2024 Za\u0142o\u017cyciel \u015awiatowego Forum Ekonomicznego Klaus Schwab podczas corocznego Szczytu Rz\u0105du \u015awiatowego przemianowa\u0142 sw\u00f3j system Wielkiego Resetu na \u201ehumanokracj\u0119\u201d, a nie \u201etechnokracj\u0119\u201d. Szef WEF Klaus Schwab m\u00f3wi, \u017ce ludzko\u015b\u0107 jest gotowa po\u0142\u0105czy\u0107 si\u0119 ze \u015bwiatem cyfrowym dzi\u0119ki sztucznej inteligencji Przemawiaj\u0105c we wtorek na Szczycie\" \/>\n\t\t<meta property=\"og:url\" content=\"https:\/\/wia.net.pl\/index.php\/2024\/02\/16\/wef-wielki-reset-zmiana-technokracji-w-humanokracje\/\" \/>\n\t\t<meta property=\"og:image\" content=\"https:\/\/wia.net.pl\/wp-content\/uploads\/2023\/11\/cropped-freedom-i73367.jpg\" \/>\n\t\t<meta property=\"og:image:secure_url\" content=\"https:\/\/wia.net.pl\/wp-content\/uploads\/2023\/11\/cropped-freedom-i73367.jpg\" \/>\n\t\t<meta property=\"article:published_time\" content=\"2024-02-16T00:44:23+00:00\" \/>\n\t\t<meta property=\"article:modified_time\" content=\"2024-07-17T17:56:55+00:00\" \/>\n\t\t<meta name=\"twitter:card\" content=\"summary_large_image\" \/>\n\t\t<meta name=\"twitter:title\" content=\"WEF \u2013 Wielki Reset \u2013 Zmiana Technokracji w Humanokracj\u0119 - Wolno\u015b\u0107 i Anarchia\" \/>\n\t\t<meta name=\"twitter:description\" content=\"ARTYKU W WERSJI AUDIO NA SUBSTACKU: https:\/\/wolnoscanarchia.substack.com\/p\/wielki-reset-zmiana-technokracji?utm_source=profile&amp;utm_medium=reader2 przez Jamiego White&#039;a, 14 lutego 2024 Za\u0142o\u017cyciel \u015awiatowego Forum Ekonomicznego Klaus Schwab podczas corocznego Szczytu Rz\u0105du \u015awiatowego przemianowa\u0142 sw\u00f3j system Wielkiego Resetu na \u201ehumanokracj\u0119\u201d, a nie \u201etechnokracj\u0119\u201d. Szef WEF Klaus Schwab m\u00f3wi, \u017ce ludzko\u015b\u0107 jest gotowa po\u0142\u0105czy\u0107 si\u0119 ze \u015bwiatem cyfrowym dzi\u0119ki sztucznej inteligencji Przemawiaj\u0105c we wtorek na Szczycie\" \/>\n\t\t<meta name=\"twitter:image\" content=\"https:\/\/wia.net.pl\/wp-content\/uploads\/2023\/11\/cropped-freedom-i73367.jpg\" \/>\n\t\t<script type=\"application\/ld+json\" class=\"aioseo-schema\">\n\t\t\t{\"@context\":\"https:\\\/\\\/schema.org\",\"@graph\":[{\"@type\":\"BlogPosting\",\"@id\":\"https:\\\/\\\/wia.net.pl\\\/index.php\\\/2024\\\/02\\\/16\\\/wef-wielki-reset-zmiana-technokracji-w-humanokracje\\\/#blogposting\",\"name\":\"WEF \\u2013 Wielki Reset \\u2013 Zmiana Technokracji w Humanokracj\\u0119 - Wolno\\u015b\\u0107 i Anarchia\",\"headline\":\"WEF &#8211; Wielki Reset &#8211; Zmiana Technokracji w Humanokracj\\u0119\",\"author\":{\"@id\":\"https:\\\/\\\/wia.net.pl\\\/index.php\\\/author\\\/trinity\\\/#author\"},\"publisher\":{\"@id\":\"https:\\\/\\\/wia.net.pl\\\/#person\"},\"image\":{\"@type\":\"ImageObject\",\"url\":\"https:\\\/\\\/wia.net.pl\\\/wp-content\\\/uploads\\\/2024\\\/02\\\/WEF-wielki-reset-zmiana-technokracji-w-3.jpg\",\"width\":1920,\"height\":1080},\"datePublished\":\"2024-02-16T01:44:23+01:00\",\"dateModified\":\"2024-07-17T19:56:55+02:00\",\"inLanguage\":\"pl-PL\",\"mainEntityOfPage\":{\"@id\":\"https:\\\/\\\/wia.net.pl\\\/index.php\\\/2024\\\/02\\\/16\\\/wef-wielki-reset-zmiana-technokracji-w-humanokracje\\\/#webpage\"},\"isPartOf\":{\"@id\":\"https:\\\/\\\/wia.net.pl\\\/index.php\\\/2024\\\/02\\\/16\\\/wef-wielki-reset-zmiana-technokracji-w-humanokracje\\\/#webpage\"},\"articleSection\":\"Artyku\\u0142y\"},{\"@type\":\"BreadcrumbList\",\"@id\":\"https:\\\/\\\/wia.net.pl\\\/index.php\\\/2024\\\/02\\\/16\\\/wef-wielki-reset-zmiana-technokracji-w-humanokracje\\\/#breadcrumblist\",\"itemListElement\":[{\"@type\":\"ListItem\",\"@id\":\"https:\\\/\\\/wia.net.pl#listItem\",\"position\":1,\"name\":\"Home\",\"item\":\"https:\\\/\\\/wia.net.pl\",\"nextItem\":{\"@type\":\"ListItem\",\"@id\":\"https:\\\/\\\/wia.net.pl\\\/index.php\\\/category\\\/artykuly\\\/#listItem\",\"name\":\"Artyku\\u0142y\"}},{\"@type\":\"ListItem\",\"@id\":\"https:\\\/\\\/wia.net.pl\\\/index.php\\\/category\\\/artykuly\\\/#listItem\",\"position\":2,\"name\":\"Artyku\\u0142y\",\"item\":\"https:\\\/\\\/wia.net.pl\\\/index.php\\\/category\\\/artykuly\\\/\",\"nextItem\":{\"@type\":\"ListItem\",\"@id\":\"https:\\\/\\\/wia.net.pl\\\/index.php\\\/2024\\\/02\\\/16\\\/wef-wielki-reset-zmiana-technokracji-w-humanokracje\\\/#listItem\",\"name\":\"WEF &#8211; Wielki Reset &#8211; Zmiana Technokracji w Humanokracj\\u0119\"},\"previousItem\":{\"@type\":\"ListItem\",\"@id\":\"https:\\\/\\\/wia.net.pl#listItem\",\"name\":\"Home\"}},{\"@type\":\"ListItem\",\"@id\":\"https:\\\/\\\/wia.net.pl\\\/index.php\\\/2024\\\/02\\\/16\\\/wef-wielki-reset-zmiana-technokracji-w-humanokracje\\\/#listItem\",\"position\":3,\"name\":\"WEF &#8211; Wielki Reset &#8211; Zmiana Technokracji w Humanokracj\\u0119\",\"previousItem\":{\"@type\":\"ListItem\",\"@id\":\"https:\\\/\\\/wia.net.pl\\\/index.php\\\/category\\\/artykuly\\\/#listItem\",\"name\":\"Artyku\\u0142y\"}}]},{\"@type\":\"Person\",\"@id\":\"https:\\\/\\\/wia.net.pl\\\/#person\",\"name\":\"Bart\\u0142omiej Talarczyk\",\"image\":{\"@type\":\"ImageObject\",\"@id\":\"https:\\\/\\\/wia.net.pl\\\/index.php\\\/2024\\\/02\\\/16\\\/wef-wielki-reset-zmiana-technokracji-w-humanokracje\\\/#personImage\",\"url\":\"https:\\\/\\\/wia.net.pl\\\/wp-content\\\/uploads\\\/avatar-privacy\\\/cache\\\/user\\\/1\\\/7\\\/176a6b161c58363ff49b5c167264231f519f5c7fa183ca1f61e891769b6b56d5-96.jpg\",\"width\":96,\"height\":96,\"caption\":\"Bart\\u0142omiej Talarczyk\"}},{\"@type\":\"Person\",\"@id\":\"https:\\\/\\\/wia.net.pl\\\/index.php\\\/author\\\/trinity\\\/#author\",\"url\":\"https:\\\/\\\/wia.net.pl\\\/index.php\\\/author\\\/trinity\\\/\",\"name\":\"trinity\",\"image\":{\"@type\":\"ImageObject\",\"@id\":\"https:\\\/\\\/wia.net.pl\\\/index.php\\\/2024\\\/02\\\/16\\\/wef-wielki-reset-zmiana-technokracji-w-humanokracje\\\/#authorImage\",\"url\":\"https:\\\/\\\/wia.net.pl\\\/wp-content\\\/uploads\\\/avatar-privacy\\\/cache\\\/user\\\/5\\\/f\\\/5f6547cf82495eaa10e100a6a45d5dbde2dfdc1be88557de2018fca705bdf6f1-96.jpg\",\"width\":96,\"height\":96,\"caption\":\"trinity\"}},{\"@type\":\"WebPage\",\"@id\":\"https:\\\/\\\/wia.net.pl\\\/index.php\\\/2024\\\/02\\\/16\\\/wef-wielki-reset-zmiana-technokracji-w-humanokracje\\\/#webpage\",\"url\":\"https:\\\/\\\/wia.net.pl\\\/index.php\\\/2024\\\/02\\\/16\\\/wef-wielki-reset-zmiana-technokracji-w-humanokracje\\\/\",\"name\":\"WEF \\u2013 Wielki Reset \\u2013 Zmiana Technokracji w Humanokracj\\u0119 - Wolno\\u015b\\u0107 i Anarchia\",\"description\":\"ARTYKU W WERSJI AUDIO NA SUBSTACKU: https:\\\/\\\/wolnoscanarchia.substack.com\\\/p\\\/wielki-reset-zmiana-technokracji?utm_source=profile&utm_medium=reader2 przez Jamiego White'a, 14 lutego 2024 Za\\u0142o\\u017cyciel \\u015awiatowego Forum Ekonomicznego Klaus Schwab podczas corocznego Szczytu Rz\\u0105du \\u015awiatowego przemianowa\\u0142 sw\\u00f3j system Wielkiego Resetu na \\u201ehumanokracj\\u0119\\u201d, a nie \\u201etechnokracj\\u0119\\u201d. Szef WEF Klaus Schwab m\\u00f3wi, \\u017ce ludzko\\u015b\\u0107 jest gotowa po\\u0142\\u0105czy\\u0107 si\\u0119 ze \\u015bwiatem cyfrowym dzi\\u0119ki sztucznej inteligencji Przemawiaj\\u0105c we wtorek na Szczycie\",\"inLanguage\":\"pl-PL\",\"isPartOf\":{\"@id\":\"https:\\\/\\\/wia.net.pl\\\/#website\"},\"breadcrumb\":{\"@id\":\"https:\\\/\\\/wia.net.pl\\\/index.php\\\/2024\\\/02\\\/16\\\/wef-wielki-reset-zmiana-technokracji-w-humanokracje\\\/#breadcrumblist\"},\"author\":{\"@id\":\"https:\\\/\\\/wia.net.pl\\\/index.php\\\/author\\\/trinity\\\/#author\"},\"creator\":{\"@id\":\"https:\\\/\\\/wia.net.pl\\\/index.php\\\/author\\\/trinity\\\/#author\"},\"image\":{\"@type\":\"ImageObject\",\"url\":\"https:\\\/\\\/wia.net.pl\\\/wp-content\\\/uploads\\\/2024\\\/02\\\/WEF-wielki-reset-zmiana-technokracji-w-3.jpg\",\"@id\":\"https:\\\/\\\/wia.net.pl\\\/index.php\\\/2024\\\/02\\\/16\\\/wef-wielki-reset-zmiana-technokracji-w-humanokracje\\\/#mainImage\",\"width\":1920,\"height\":1080},\"primaryImageOfPage\":{\"@id\":\"https:\\\/\\\/wia.net.pl\\\/index.php\\\/2024\\\/02\\\/16\\\/wef-wielki-reset-zmiana-technokracji-w-humanokracje\\\/#mainImage\"},\"datePublished\":\"2024-02-16T01:44:23+01:00\",\"dateModified\":\"2024-07-17T19:56:55+02:00\"},{\"@type\":\"WebSite\",\"@id\":\"https:\\\/\\\/wia.net.pl\\\/#website\",\"url\":\"https:\\\/\\\/wia.net.pl\\\/\",\"name\":\"Wolno\\u015b\\u0107 i Anarchia\",\"description\":\"Ka\\u017cdy wewn\\u0119trznie jest anarchist\\u0105.\",\"inLanguage\":\"pl-PL\",\"publisher\":{\"@id\":\"https:\\\/\\\/wia.net.pl\\\/#person\"}}]}\n\t\t<\/script>\n\t\t<!-- All in One SEO -->\n\n","aioseo_head_json":{"title":"WEF \u2013 Wielki Reset \u2013 Zmiana Technokracji w Humanokracj\u0119 - Wolno\u015b\u0107 i Anarchia","description":"ARTYKU W WERSJI AUDIO NA SUBSTACKU: https:\/\/wolnoscanarchia.substack.com\/p\/wielki-reset-zmiana-technokracji?utm_source=profile&utm_medium=reader2 przez Jamiego White'a, 14 lutego 2024 Za\u0142o\u017cyciel \u015awiatowego Forum Ekonomicznego Klaus Schwab podczas corocznego Szczytu Rz\u0105du \u015awiatowego przemianowa\u0142 sw\u00f3j system Wielkiego Resetu na \u201ehumanokracj\u0119\u201d, a nie \u201etechnokracj\u0119\u201d. Szef WEF Klaus Schwab m\u00f3wi, \u017ce ludzko\u015b\u0107 jest gotowa po\u0142\u0105czy\u0107 si\u0119 ze \u015bwiatem cyfrowym dzi\u0119ki sztucznej inteligencji Przemawiaj\u0105c we wtorek na Szczycie","canonical_url":"https:\/\/wia.net.pl\/index.php\/2024\/02\/16\/wef-wielki-reset-zmiana-technokracji-w-humanokracje\/","robots":"max-image-preview:large","keywords":"","webmasterTools":{"miscellaneous":""},"schema":{"@context":"https:\/\/schema.org","@graph":[{"@type":"BlogPosting","@id":"https:\/\/wia.net.pl\/index.php\/2024\/02\/16\/wef-wielki-reset-zmiana-technokracji-w-humanokracje\/#blogposting","name":"WEF \u2013 Wielki Reset \u2013 Zmiana Technokracji w Humanokracj\u0119 - Wolno\u015b\u0107 i Anarchia","headline":"WEF &#8211; Wielki Reset &#8211; Zmiana Technokracji w Humanokracj\u0119","author":{"@id":"https:\/\/wia.net.pl\/index.php\/author\/trinity\/#author"},"publisher":{"@id":"https:\/\/wia.net.pl\/#person"},"image":{"@type":"ImageObject","url":"https:\/\/wia.net.pl\/wp-content\/uploads\/2024\/02\/WEF-wielki-reset-zmiana-technokracji-w-3.jpg","width":1920,"height":1080},"datePublished":"2024-02-16T01:44:23+01:00","dateModified":"2024-07-17T19:56:55+02:00","inLanguage":"pl-PL","mainEntityOfPage":{"@id":"https:\/\/wia.net.pl\/index.php\/2024\/02\/16\/wef-wielki-reset-zmiana-technokracji-w-humanokracje\/#webpage"},"isPartOf":{"@id":"https:\/\/wia.net.pl\/index.php\/2024\/02\/16\/wef-wielki-reset-zmiana-technokracji-w-humanokracje\/#webpage"},"articleSection":"Artyku\u0142y"},{"@type":"BreadcrumbList","@id":"https:\/\/wia.net.pl\/index.php\/2024\/02\/16\/wef-wielki-reset-zmiana-technokracji-w-humanokracje\/#breadcrumblist","itemListElement":[{"@type":"ListItem","@id":"https:\/\/wia.net.pl#listItem","position":1,"name":"Home","item":"https:\/\/wia.net.pl","nextItem":{"@type":"ListItem","@id":"https:\/\/wia.net.pl\/index.php\/category\/artykuly\/#listItem","name":"Artyku\u0142y"}},{"@type":"ListItem","@id":"https:\/\/wia.net.pl\/index.php\/category\/artykuly\/#listItem","position":2,"name":"Artyku\u0142y","item":"https:\/\/wia.net.pl\/index.php\/category\/artykuly\/","nextItem":{"@type":"ListItem","@id":"https:\/\/wia.net.pl\/index.php\/2024\/02\/16\/wef-wielki-reset-zmiana-technokracji-w-humanokracje\/#listItem","name":"WEF &#8211; Wielki Reset &#8211; Zmiana Technokracji w Humanokracj\u0119"},"previousItem":{"@type":"ListItem","@id":"https:\/\/wia.net.pl#listItem","name":"Home"}},{"@type":"ListItem","@id":"https:\/\/wia.net.pl\/index.php\/2024\/02\/16\/wef-wielki-reset-zmiana-technokracji-w-humanokracje\/#listItem","position":3,"name":"WEF &#8211; Wielki Reset &#8211; Zmiana Technokracji w Humanokracj\u0119","previousItem":{"@type":"ListItem","@id":"https:\/\/wia.net.pl\/index.php\/category\/artykuly\/#listItem","name":"Artyku\u0142y"}}]},{"@type":"Person","@id":"https:\/\/wia.net.pl\/#person","name":"Bart\u0142omiej Talarczyk","image":{"@type":"ImageObject","@id":"https:\/\/wia.net.pl\/index.php\/2024\/02\/16\/wef-wielki-reset-zmiana-technokracji-w-humanokracje\/#personImage","url":"https:\/\/wia.net.pl\/wp-content\/uploads\/avatar-privacy\/cache\/user\/1\/7\/176a6b161c58363ff49b5c167264231f519f5c7fa183ca1f61e891769b6b56d5-96.jpg","width":96,"height":96,"caption":"Bart\u0142omiej Talarczyk"}},{"@type":"Person","@id":"https:\/\/wia.net.pl\/index.php\/author\/trinity\/#author","url":"https:\/\/wia.net.pl\/index.php\/author\/trinity\/","name":"trinity","image":{"@type":"ImageObject","@id":"https:\/\/wia.net.pl\/index.php\/2024\/02\/16\/wef-wielki-reset-zmiana-technokracji-w-humanokracje\/#authorImage","url":"https:\/\/wia.net.pl\/wp-content\/uploads\/avatar-privacy\/cache\/user\/5\/f\/5f6547cf82495eaa10e100a6a45d5dbde2dfdc1be88557de2018fca705bdf6f1-96.jpg","width":96,"height":96,"caption":"trinity"}},{"@type":"WebPage","@id":"https:\/\/wia.net.pl\/index.php\/2024\/02\/16\/wef-wielki-reset-zmiana-technokracji-w-humanokracje\/#webpage","url":"https:\/\/wia.net.pl\/index.php\/2024\/02\/16\/wef-wielki-reset-zmiana-technokracji-w-humanokracje\/","name":"WEF \u2013 Wielki Reset \u2013 Zmiana Technokracji w Humanokracj\u0119 - Wolno\u015b\u0107 i Anarchia","description":"ARTYKU W WERSJI AUDIO NA SUBSTACKU: https:\/\/wolnoscanarchia.substack.com\/p\/wielki-reset-zmiana-technokracji?utm_source=profile&utm_medium=reader2 przez Jamiego White'a, 14 lutego 2024 Za\u0142o\u017cyciel \u015awiatowego Forum Ekonomicznego Klaus Schwab podczas corocznego Szczytu Rz\u0105du \u015awiatowego przemianowa\u0142 sw\u00f3j system Wielkiego Resetu na \u201ehumanokracj\u0119\u201d, a nie \u201etechnokracj\u0119\u201d. Szef WEF Klaus Schwab m\u00f3wi, \u017ce ludzko\u015b\u0107 jest gotowa po\u0142\u0105czy\u0107 si\u0119 ze \u015bwiatem cyfrowym dzi\u0119ki sztucznej inteligencji Przemawiaj\u0105c we wtorek na Szczycie","inLanguage":"pl-PL","isPartOf":{"@id":"https:\/\/wia.net.pl\/#website"},"breadcrumb":{"@id":"https:\/\/wia.net.pl\/index.php\/2024\/02\/16\/wef-wielki-reset-zmiana-technokracji-w-humanokracje\/#breadcrumblist"},"author":{"@id":"https:\/\/wia.net.pl\/index.php\/author\/trinity\/#author"},"creator":{"@id":"https:\/\/wia.net.pl\/index.php\/author\/trinity\/#author"},"image":{"@type":"ImageObject","url":"https:\/\/wia.net.pl\/wp-content\/uploads\/2024\/02\/WEF-wielki-reset-zmiana-technokracji-w-3.jpg","@id":"https:\/\/wia.net.pl\/index.php\/2024\/02\/16\/wef-wielki-reset-zmiana-technokracji-w-humanokracje\/#mainImage","width":1920,"height":1080},"primaryImageOfPage":{"@id":"https:\/\/wia.net.pl\/index.php\/2024\/02\/16\/wef-wielki-reset-zmiana-technokracji-w-humanokracje\/#mainImage"},"datePublished":"2024-02-16T01:44:23+01:00","dateModified":"2024-07-17T19:56:55+02:00"},{"@type":"WebSite","@id":"https:\/\/wia.net.pl\/#website","url":"https:\/\/wia.net.pl\/","name":"Wolno\u015b\u0107 i Anarchia","description":"Ka\u017cdy wewn\u0119trznie jest anarchist\u0105.","inLanguage":"pl-PL","publisher":{"@id":"https:\/\/wia.net.pl\/#person"}}]},"og:locale":"pl_PL","og:site_name":"Wolno\u015b\u0107 i Anarchia - Ka\u017cdy wewn\u0119trznie jest anarchist\u0105.","og:type":"article","og:title":"WEF \u2013 Wielki Reset \u2013 Zmiana Technokracji w Humanokracj\u0119 - Wolno\u015b\u0107 i Anarchia","og:description":"ARTYKU W WERSJI AUDIO NA SUBSTACKU: https:\/\/wolnoscanarchia.substack.com\/p\/wielki-reset-zmiana-technokracji?utm_source=profile&amp;utm_medium=reader2 przez Jamiego White'a, 14 lutego 2024 Za\u0142o\u017cyciel \u015awiatowego Forum Ekonomicznego Klaus Schwab podczas corocznego Szczytu Rz\u0105du \u015awiatowego przemianowa\u0142 sw\u00f3j system Wielkiego Resetu na \u201ehumanokracj\u0119\u201d, a nie \u201etechnokracj\u0119\u201d. Szef WEF Klaus Schwab m\u00f3wi, \u017ce ludzko\u015b\u0107 jest gotowa po\u0142\u0105czy\u0107 si\u0119 ze \u015bwiatem cyfrowym dzi\u0119ki sztucznej inteligencji Przemawiaj\u0105c we wtorek na Szczycie","og:url":"https:\/\/wia.net.pl\/index.php\/2024\/02\/16\/wef-wielki-reset-zmiana-technokracji-w-humanokracje\/","og:image":"https:\/\/wia.net.pl\/wp-content\/uploads\/2023\/11\/cropped-freedom-i73367.jpg","og:image:secure_url":"https:\/\/wia.net.pl\/wp-content\/uploads\/2023\/11\/cropped-freedom-i73367.jpg","article:published_time":"2024-02-16T00:44:23+00:00","article:modified_time":"2024-07-17T17:56:55+00:00","twitter:card":"summary_large_image","twitter:title":"WEF \u2013 Wielki Reset \u2013 Zmiana Technokracji w Humanokracj\u0119 - Wolno\u015b\u0107 i Anarchia","twitter:description":"ARTYKU W WERSJI AUDIO NA SUBSTACKU: https:\/\/wolnoscanarchia.substack.com\/p\/wielki-reset-zmiana-technokracji?utm_source=profile&amp;utm_medium=reader2 przez Jamiego White'a, 14 lutego 2024 Za\u0142o\u017cyciel \u015awiatowego Forum Ekonomicznego Klaus Schwab podczas corocznego Szczytu Rz\u0105du \u015awiatowego przemianowa\u0142 sw\u00f3j system Wielkiego Resetu na \u201ehumanokracj\u0119\u201d, a nie \u201etechnokracj\u0119\u201d. Szef WEF Klaus Schwab m\u00f3wi, \u017ce ludzko\u015b\u0107 jest gotowa po\u0142\u0105czy\u0107 si\u0119 ze \u015bwiatem cyfrowym dzi\u0119ki sztucznej inteligencji Przemawiaj\u0105c we wtorek na Szczycie","twitter:image":"https:\/\/wia.net.pl\/wp-content\/uploads\/2023\/11\/cropped-freedom-i73367.jpg"},"aioseo_meta_data":{"post_id":"7309","title":null,"description":null,"keywords":null,"keyphrases":{"focus":{"keyphrase":"","score":0,"analysis":{"keyphraseInTitle":{"score":0,"maxScore":9,"error":1}}},"additional":[]},"primary_term":null,"canonical_url":null,"og_title":null,"og_description":null,"og_object_type":"default","og_image_type":"default","og_image_url":null,"og_image_width":null,"og_image_height":null,"og_image_custom_url":null,"og_image_custom_fields":null,"og_video":"","og_custom_url":null,"og_article_section":null,"og_article_tags":null,"twitter_use_og":false,"twitter_card":"default","twitter_image_type":"default","twitter_image_url":null,"twitter_image_custom_url":null,"twitter_image_custom_fields":null,"twitter_title":null,"twitter_description":null,"schema":{"blockGraphs":[],"customGraphs":[],"default":{"data":{"Article":[],"Course":[],"Dataset":[],"FAQPage":[],"Movie":[],"Person":[],"Product":[],"ProductReview":[],"Car":[],"Recipe":[],"Service":[],"SoftwareApplication":[],"WebPage":[]},"graphName":"BlogPosting","isEnabled":true},"graphs":[]},"schema_type":"default","schema_type_options":null,"pillar_content":false,"robots_default":true,"robots_noindex":false,"robots_noarchive":false,"robots_nosnippet":false,"robots_nofollow":false,"robots_noimageindex":false,"robots_noodp":false,"robots_notranslate":false,"robots_max_snippet":"-1","robots_max_videopreview":"-1","robots_max_imagepreview":"large","priority":null,"frequency":"default","local_seo":null,"breadcrumb_settings":null,"limit_modified_date":false,"ai":null,"created":"2024-02-16 00:31:34","updated":"2025-06-04 10:13:49","seo_analyzer_scan_date":null,"focus_keyword":null,"additional_keywords":null,"truseo_locale":null},"aioseo_breadcrumb":"<div class=\"aioseo-breadcrumbs\"><span class=\"aioseo-breadcrumb\">\n\t\t\t<a href=\"https:\/\/wia.net.pl\" title=\"Home\">Home<\/a>\n\t\t<\/span><span class=\"aioseo-breadcrumb-separator\">&raquo;<\/span><span class=\"aioseo-breadcrumb\">\n\t\t\t<a href=\"https:\/\/wia.net.pl\/index.php\/category\/artykuly\/\" title=\"Artyku\u0142y\">Artyku\u0142y<\/a>\n\t\t<\/span><span class=\"aioseo-breadcrumb-separator\">&raquo;<\/span><span class=\"aioseo-breadcrumb\">\n\t\t\tWEF \u2013 Wielki Reset \u2013 Zmiana Technokracji w Humanokracj\u0119\n\t\t<\/span><\/div>","aioseo_breadcrumb_json":[{"label":"Home","link":"https:\/\/wia.net.pl"},{"label":"Artyku\u0142y","link":"https:\/\/wia.net.pl\/index.php\/category\/artykuly\/"},{"label":"WEF &#8211; Wielki Reset &#8211; Zmiana Technokracji w Humanokracj\u0119","link":"https:\/\/wia.net.pl\/index.php\/2024\/02\/16\/wef-wielki-reset-zmiana-technokracji-w-humanokracje\/"}],"_links":{"self":[{"href":"https:\/\/wia.net.pl\/index.php\/wp-json\/wp\/v2\/posts\/7309"}],"collection":[{"href":"https:\/\/wia.net.pl\/index.php\/wp-json\/wp\/v2\/posts"}],"about":[{"href":"https:\/\/wia.net.pl\/index.php\/wp-json\/wp\/v2\/types\/post"}],"author":[{"embeddable":true,"href":"https:\/\/wia.net.pl\/index.php\/wp-json\/wp\/v2\/users\/2"}],"replies":[{"embeddable":true,"href":"https:\/\/wia.net.pl\/index.php\/wp-json\/wp\/v2\/comments?post=7309"}],"version-history":[{"count":3,"href":"https:\/\/wia.net.pl\/index.php\/wp-json\/wp\/v2\/posts\/7309\/revisions"}],"predecessor-version":[{"id":7318,"href":"https:\/\/wia.net.pl\/index.php\/wp-json\/wp\/v2\/posts\/7309\/revisions\/7318"}],"wp:featuredmedia":[{"embeddable":true,"href":"https:\/\/wia.net.pl\/index.php\/wp-json\/wp\/v2\/media\/7311"}],"wp:attachment":[{"href":"https:\/\/wia.net.pl\/index.php\/wp-json\/wp\/v2\/media?parent=7309"}],"wp:term":[{"taxonomy":"category","embeddable":true,"href":"https:\/\/wia.net.pl\/index.php\/wp-json\/wp\/v2\/categories?post=7309"},{"taxonomy":"post_tag","embeddable":true,"href":"https:\/\/wia.net.pl\/index.php\/wp-json\/wp\/v2\/tags?post=7309"}],"curies":[{"name":"wp","href":"https:\/\/api.w.org\/{rel}","templated":true}]}}