{"id":7353,"date":"2024-02-19T02:26:43","date_gmt":"2024-02-19T01:26:43","guid":{"rendered":"https:\/\/wia.net.pl\/?p=7353"},"modified":"2024-02-19T02:26:44","modified_gmt":"2024-02-19T01:26:44","slug":"jak-rzady-moglyby-ocalic-swiat-gdyby-im-zalezalo","status":"publish","type":"post","link":"https:\/\/wia.net.pl\/index.php\/2024\/02\/19\/jak-rzady-moglyby-ocalic-swiat-gdyby-im-zalezalo\/","title":{"rendered":"Jak rz\u0105dy mog\u0142yby ocali\u0107 \u015bwiat &#8211; gdyby im zale\u017ca\u0142o"},"content":{"rendered":"\n<p>\u0179r\u00f3d\u0142o:\u00a0<a href=\"https:\/\/www.youtube.com\/@FlatEarthEric\">https:\/\/www.youtube.com\/@FlatEarthEric<\/a><\/p>\n\n\n\n<figure class=\"wp-block-video\"><video controls poster=\"https:\/\/wia.net.pl\/wp-content\/uploads\/2024\/02\/Rzad-i-ocalenie-swiata.jpg\" src=\"https:\/\/wia.net.pl\/wp-content\/uploads\/2024\/02\/Eric-Dubay-Jak-rzady-moglyby-ocalic-swiat-gdyby-im-zalezalo.mp4\"><\/video><\/figure>\n","protected":false},"excerpt":{"rendered":"<p>\u0179r\u00f3d\u0142o:\u00a0https:\/\/www.youtube.com\/@FlatEarthEric<\/p>\n","protected":false},"author":3,"featured_media":7355,"comment_status":"open","ping_status":"open","sticky":false,"template":"","format":"standard","meta":{"_acf_changed":false,"_bbp_topic_count":0,"_bbp_reply_count":0,"_bbp_total_topic_count":0,"_bbp_total_reply_count":0,"_bbp_voice_count":0,"_bbp_anonymous_reply_count":0,"_bbp_topic_count_hidden":0,"_bbp_reply_count_hidden":0,"_bbp_forum_subforum_count":0,"om_disable_all_campaigns":false,"_monsterinsights_skip_tracking":false,"footnotes":""},"categories":[13],"tags":[68,63,42,71,26,23,32,22,70,62],"class_list":["post-7353","post","type-post","status-publish","format-standard","has-post-thumbnail","hentry","category-prawdaoswiecie","tag-cesarstwo-rzymskie","tag-historia-ziemi","tag-illuminati","tag-kosciol-katolicki","tag-ludzkosc","tag-niewolnictwo","tag-rzad","tag-satanizm","tag-tajne-stowarzyszenia","tag-wszechswiat"],"acf":[],"aioseo_notices":[],"aioseo_head":"\n\t\t<!-- All in One SEO 5.0.1.1 - aioseo.com -->\n\t<meta name=\"description\" content=\"\u0179r\u00f3d\u0142o: https:\/\/www.youtube.com\/@FlatEarthEric\" \/>\n\t<meta name=\"robots\" content=\"max-image-preview:large\" \/>\n\t<meta name=\"author\" content=\"Bart\u0142omiej Talarczyk\"\/>\n\t<link rel=\"canonical\" href=\"https:\/\/wia.net.pl\/index.php\/2024\/02\/19\/jak-rzady-moglyby-ocalic-swiat-gdyby-im-zalezalo\/\" \/>\n\t<meta name=\"generator\" content=\"All in One SEO (AIOSEO) 5.0.1.1\" \/>\n\t\t<meta property=\"og:locale\" content=\"pl_PL\" \/>\n\t\t<meta property=\"og:site_name\" content=\"Wolno\u015b\u0107 i Anarchia - Ka\u017cdy wewn\u0119trznie jest anarchist\u0105.\" \/>\n\t\t<meta property=\"og:type\" content=\"article\" \/>\n\t\t<meta property=\"og:title\" content=\"Jak rz\u0105dy mog\u0142yby ocali\u0107 \u015bwiat \u2013 gdyby im zale\u017ca\u0142o - Wolno\u015b\u0107 i Anarchia\" \/>\n\t\t<meta property=\"og:description\" content=\"\u0179r\u00f3d\u0142o: https:\/\/www.youtube.com\/@FlatEarthEric\" \/>\n\t\t<meta property=\"og:url\" content=\"https:\/\/wia.net.pl\/index.php\/2024\/02\/19\/jak-rzady-moglyby-ocalic-swiat-gdyby-im-zalezalo\/\" \/>\n\t\t<meta property=\"og:image\" content=\"https:\/\/wia.net.pl\/wp-content\/uploads\/2023\/11\/cropped-freedom-i73367.jpg\" \/>\n\t\t<meta property=\"og:image:secure_url\" content=\"https:\/\/wia.net.pl\/wp-content\/uploads\/2023\/11\/cropped-freedom-i73367.jpg\" \/>\n\t\t<meta property=\"article:published_time\" content=\"2024-02-19T01:26:43+00:00\" \/>\n\t\t<meta property=\"article:modified_time\" content=\"2024-02-19T01:26:44+00:00\" \/>\n\t\t<meta name=\"twitter:card\" content=\"summary_large_image\" \/>\n\t\t<meta name=\"twitter:title\" content=\"Jak rz\u0105dy mog\u0142yby ocali\u0107 \u015bwiat \u2013 gdyby im zale\u017ca\u0142o - Wolno\u015b\u0107 i Anarchia\" \/>\n\t\t<meta name=\"twitter:description\" content=\"\u0179r\u00f3d\u0142o: https:\/\/www.youtube.com\/@FlatEarthEric\" \/>\n\t\t<meta name=\"twitter:image\" content=\"https:\/\/wia.net.pl\/wp-content\/uploads\/2023\/11\/cropped-freedom-i73367.jpg\" \/>\n\t\t<script type=\"application\/ld+json\" class=\"aioseo-schema\">\n\t\t\t{\"@context\":\"https:\\\/\\\/schema.org\",\"@graph\":[{\"@type\":\"BlogPosting\",\"@id\":\"https:\\\/\\\/wia.net.pl\\\/index.php\\\/2024\\\/02\\\/19\\\/jak-rzady-moglyby-ocalic-swiat-gdyby-im-zalezalo\\\/#blogposting\",\"name\":\"Jak rz\\u0105dy mog\\u0142yby ocali\\u0107 \\u015bwiat \\u2013 gdyby im zale\\u017ca\\u0142o - Wolno\\u015b\\u0107 i Anarchia\",\"headline\":\"Jak rz\\u0105dy mog\\u0142yby ocali\\u0107 \\u015bwiat &#8211; gdyby im zale\\u017ca\\u0142o\",\"author\":{\"@id\":\"https:\\\/\\\/wia.net.pl\\\/index.php\\\/author\\\/talar\\\/#author\"},\"publisher\":{\"@id\":\"https:\\\/\\\/wia.net.pl\\\/#person\"},\"image\":{\"@type\":\"ImageObject\",\"url\":\"https:\\\/\\\/wia.net.pl\\\/wp-content\\\/uploads\\\/2024\\\/02\\\/Rzad-i-ocalenie-swiata.jpg\",\"width\":1920,\"height\":1080},\"datePublished\":\"2024-02-19T02:26:43+01:00\",\"dateModified\":\"2024-02-19T02:26:44+01:00\",\"inLanguage\":\"pl-PL\",\"commentCount\":1,\"mainEntityOfPage\":{\"@id\":\"https:\\\/\\\/wia.net.pl\\\/index.php\\\/2024\\\/02\\\/19\\\/jak-rzady-moglyby-ocalic-swiat-gdyby-im-zalezalo\\\/#webpage\"},\"isPartOf\":{\"@id\":\"https:\\\/\\\/wia.net.pl\\\/index.php\\\/2024\\\/02\\\/19\\\/jak-rzady-moglyby-ocalic-swiat-gdyby-im-zalezalo\\\/#webpage\"},\"articleSection\":\"Prawda o \\u015bwiecie, Cesarstwo Rzymskie, Historia ziemi, Illuminati, Ko\\u015bci\\u00f3\\u0142 katolicki, Ludzko\\u015b\\u0107, Niewolnictwo, Rz\\u0105d, Satanizm, Tajne stowarzyszenia, Wszech\\u015bwiat\"},{\"@type\":\"BreadcrumbList\",\"@id\":\"https:\\\/\\\/wia.net.pl\\\/index.php\\\/2024\\\/02\\\/19\\\/jak-rzady-moglyby-ocalic-swiat-gdyby-im-zalezalo\\\/#breadcrumblist\",\"itemListElement\":[{\"@type\":\"ListItem\",\"@id\":\"https:\\\/\\\/wia.net.pl#listItem\",\"position\":1,\"name\":\"Home\",\"item\":\"https:\\\/\\\/wia.net.pl\",\"nextItem\":{\"@type\":\"ListItem\",\"@id\":\"https:\\\/\\\/wia.net.pl\\\/index.php\\\/category\\\/prawdaoswiecie\\\/#listItem\",\"name\":\"Prawda o \\u015bwiecie\"}},{\"@type\":\"ListItem\",\"@id\":\"https:\\\/\\\/wia.net.pl\\\/index.php\\\/category\\\/prawdaoswiecie\\\/#listItem\",\"position\":2,\"name\":\"Prawda o \\u015bwiecie\",\"item\":\"https:\\\/\\\/wia.net.pl\\\/index.php\\\/category\\\/prawdaoswiecie\\\/\",\"nextItem\":{\"@type\":\"ListItem\",\"@id\":\"https:\\\/\\\/wia.net.pl\\\/index.php\\\/2024\\\/02\\\/19\\\/jak-rzady-moglyby-ocalic-swiat-gdyby-im-zalezalo\\\/#listItem\",\"name\":\"Jak rz\\u0105dy mog\\u0142yby ocali\\u0107 \\u015bwiat &#8211; gdyby im zale\\u017ca\\u0142o\"},\"previousItem\":{\"@type\":\"ListItem\",\"@id\":\"https:\\\/\\\/wia.net.pl#listItem\",\"name\":\"Home\"}},{\"@type\":\"ListItem\",\"@id\":\"https:\\\/\\\/wia.net.pl\\\/index.php\\\/2024\\\/02\\\/19\\\/jak-rzady-moglyby-ocalic-swiat-gdyby-im-zalezalo\\\/#listItem\",\"position\":3,\"name\":\"Jak rz\\u0105dy mog\\u0142yby ocali\\u0107 \\u015bwiat &#8211; gdyby im zale\\u017ca\\u0142o\",\"previousItem\":{\"@type\":\"ListItem\",\"@id\":\"https:\\\/\\\/wia.net.pl\\\/index.php\\\/category\\\/prawdaoswiecie\\\/#listItem\",\"name\":\"Prawda o \\u015bwiecie\"}}]},{\"@type\":\"Person\",\"@id\":\"https:\\\/\\\/wia.net.pl\\\/#person\",\"name\":\"Bart\\u0142omiej Talarczyk\",\"image\":{\"@type\":\"ImageObject\",\"@id\":\"https:\\\/\\\/wia.net.pl\\\/index.php\\\/2024\\\/02\\\/19\\\/jak-rzady-moglyby-ocalic-swiat-gdyby-im-zalezalo\\\/#personImage\",\"url\":\"https:\\\/\\\/wia.net.pl\\\/wp-content\\\/uploads\\\/avatar-privacy\\\/cache\\\/user\\\/1\\\/7\\\/176a6b161c58363ff49b5c167264231f519f5c7fa183ca1f61e891769b6b56d5-96.jpg\",\"width\":96,\"height\":96,\"caption\":\"Bart\\u0142omiej Talarczyk\"}},{\"@type\":\"Person\",\"@id\":\"https:\\\/\\\/wia.net.pl\\\/index.php\\\/author\\\/talar\\\/#author\",\"url\":\"https:\\\/\\\/wia.net.pl\\\/index.php\\\/author\\\/talar\\\/\",\"name\":\"Bart\\u0142omiej Talarczyk\",\"image\":{\"@type\":\"ImageObject\",\"@id\":\"https:\\\/\\\/wia.net.pl\\\/index.php\\\/2024\\\/02\\\/19\\\/jak-rzady-moglyby-ocalic-swiat-gdyby-im-zalezalo\\\/#authorImage\",\"url\":\"https:\\\/\\\/wia.net.pl\\\/wp-content\\\/uploads\\\/avatar-privacy\\\/cache\\\/user\\\/1\\\/7\\\/176a6b161c58363ff49b5c167264231f519f5c7fa183ca1f61e891769b6b56d5-96.jpg\",\"width\":96,\"height\":96,\"caption\":\"Bart\\u0142omiej Talarczyk\"}},{\"@type\":\"WebPage\",\"@id\":\"https:\\\/\\\/wia.net.pl\\\/index.php\\\/2024\\\/02\\\/19\\\/jak-rzady-moglyby-ocalic-swiat-gdyby-im-zalezalo\\\/#webpage\",\"url\":\"https:\\\/\\\/wia.net.pl\\\/index.php\\\/2024\\\/02\\\/19\\\/jak-rzady-moglyby-ocalic-swiat-gdyby-im-zalezalo\\\/\",\"name\":\"Jak rz\\u0105dy mog\\u0142yby ocali\\u0107 \\u015bwiat \\u2013 gdyby im zale\\u017ca\\u0142o - Wolno\\u015b\\u0107 i Anarchia\",\"description\":\"\\u0179r\\u00f3d\\u0142o: https:\\\/\\\/www.youtube.com\\\/@FlatEarthEric\",\"inLanguage\":\"pl-PL\",\"isPartOf\":{\"@id\":\"https:\\\/\\\/wia.net.pl\\\/#website\"},\"breadcrumb\":{\"@id\":\"https:\\\/\\\/wia.net.pl\\\/index.php\\\/2024\\\/02\\\/19\\\/jak-rzady-moglyby-ocalic-swiat-gdyby-im-zalezalo\\\/#breadcrumblist\"},\"author\":{\"@id\":\"https:\\\/\\\/wia.net.pl\\\/index.php\\\/author\\\/talar\\\/#author\"},\"creator\":{\"@id\":\"https:\\\/\\\/wia.net.pl\\\/index.php\\\/author\\\/talar\\\/#author\"},\"image\":{\"@type\":\"ImageObject\",\"url\":\"https:\\\/\\\/wia.net.pl\\\/wp-content\\\/uploads\\\/2024\\\/02\\\/Rzad-i-ocalenie-swiata.jpg\",\"@id\":\"https:\\\/\\\/wia.net.pl\\\/index.php\\\/2024\\\/02\\\/19\\\/jak-rzady-moglyby-ocalic-swiat-gdyby-im-zalezalo\\\/#mainImage\",\"width\":1920,\"height\":1080},\"primaryImageOfPage\":{\"@id\":\"https:\\\/\\\/wia.net.pl\\\/index.php\\\/2024\\\/02\\\/19\\\/jak-rzady-moglyby-ocalic-swiat-gdyby-im-zalezalo\\\/#mainImage\"},\"datePublished\":\"2024-02-19T02:26:43+01:00\",\"dateModified\":\"2024-02-19T02:26:44+01:00\"},{\"@type\":\"WebSite\",\"@id\":\"https:\\\/\\\/wia.net.pl\\\/#website\",\"url\":\"https:\\\/\\\/wia.net.pl\\\/\",\"name\":\"Wolno\\u015b\\u0107 i Anarchia\",\"description\":\"Ka\\u017cdy wewn\\u0119trznie jest anarchist\\u0105.\",\"inLanguage\":\"pl-PL\",\"publisher\":{\"@id\":\"https:\\\/\\\/wia.net.pl\\\/#person\"}}]}\n\t\t<\/script>\n\t\t<!-- All in One SEO -->\n\n","aioseo_head_json":{"title":"Jak rz\u0105dy mog\u0142yby ocali\u0107 \u015bwiat \u2013 gdyby im zale\u017ca\u0142o - Wolno\u015b\u0107 i Anarchia","description":"\u0179r\u00f3d\u0142o: https:\/\/www.youtube.com\/@FlatEarthEric","canonical_url":"https:\/\/wia.net.pl\/index.php\/2024\/02\/19\/jak-rzady-moglyby-ocalic-swiat-gdyby-im-zalezalo\/","robots":"max-image-preview:large","keywords":"","webmasterTools":{"miscellaneous":""},"schema":{"@context":"https:\/\/schema.org","@graph":[{"@type":"BlogPosting","@id":"https:\/\/wia.net.pl\/index.php\/2024\/02\/19\/jak-rzady-moglyby-ocalic-swiat-gdyby-im-zalezalo\/#blogposting","name":"Jak rz\u0105dy mog\u0142yby ocali\u0107 \u015bwiat \u2013 gdyby im zale\u017ca\u0142o - Wolno\u015b\u0107 i Anarchia","headline":"Jak rz\u0105dy mog\u0142yby ocali\u0107 \u015bwiat &#8211; gdyby im zale\u017ca\u0142o","author":{"@id":"https:\/\/wia.net.pl\/index.php\/author\/talar\/#author"},"publisher":{"@id":"https:\/\/wia.net.pl\/#person"},"image":{"@type":"ImageObject","url":"https:\/\/wia.net.pl\/wp-content\/uploads\/2024\/02\/Rzad-i-ocalenie-swiata.jpg","width":1920,"height":1080},"datePublished":"2024-02-19T02:26:43+01:00","dateModified":"2024-02-19T02:26:44+01:00","inLanguage":"pl-PL","commentCount":1,"mainEntityOfPage":{"@id":"https:\/\/wia.net.pl\/index.php\/2024\/02\/19\/jak-rzady-moglyby-ocalic-swiat-gdyby-im-zalezalo\/#webpage"},"isPartOf":{"@id":"https:\/\/wia.net.pl\/index.php\/2024\/02\/19\/jak-rzady-moglyby-ocalic-swiat-gdyby-im-zalezalo\/#webpage"},"articleSection":"Prawda o \u015bwiecie, Cesarstwo Rzymskie, Historia ziemi, Illuminati, Ko\u015bci\u00f3\u0142 katolicki, Ludzko\u015b\u0107, Niewolnictwo, Rz\u0105d, Satanizm, Tajne stowarzyszenia, Wszech\u015bwiat"},{"@type":"BreadcrumbList","@id":"https:\/\/wia.net.pl\/index.php\/2024\/02\/19\/jak-rzady-moglyby-ocalic-swiat-gdyby-im-zalezalo\/#breadcrumblist","itemListElement":[{"@type":"ListItem","@id":"https:\/\/wia.net.pl#listItem","position":1,"name":"Home","item":"https:\/\/wia.net.pl","nextItem":{"@type":"ListItem","@id":"https:\/\/wia.net.pl\/index.php\/category\/prawdaoswiecie\/#listItem","name":"Prawda o \u015bwiecie"}},{"@type":"ListItem","@id":"https:\/\/wia.net.pl\/index.php\/category\/prawdaoswiecie\/#listItem","position":2,"name":"Prawda o \u015bwiecie","item":"https:\/\/wia.net.pl\/index.php\/category\/prawdaoswiecie\/","nextItem":{"@type":"ListItem","@id":"https:\/\/wia.net.pl\/index.php\/2024\/02\/19\/jak-rzady-moglyby-ocalic-swiat-gdyby-im-zalezalo\/#listItem","name":"Jak rz\u0105dy mog\u0142yby ocali\u0107 \u015bwiat &#8211; gdyby im zale\u017ca\u0142o"},"previousItem":{"@type":"ListItem","@id":"https:\/\/wia.net.pl#listItem","name":"Home"}},{"@type":"ListItem","@id":"https:\/\/wia.net.pl\/index.php\/2024\/02\/19\/jak-rzady-moglyby-ocalic-swiat-gdyby-im-zalezalo\/#listItem","position":3,"name":"Jak rz\u0105dy mog\u0142yby ocali\u0107 \u015bwiat &#8211; gdyby im zale\u017ca\u0142o","previousItem":{"@type":"ListItem","@id":"https:\/\/wia.net.pl\/index.php\/category\/prawdaoswiecie\/#listItem","name":"Prawda o \u015bwiecie"}}]},{"@type":"Person","@id":"https:\/\/wia.net.pl\/#person","name":"Bart\u0142omiej Talarczyk","image":{"@type":"ImageObject","@id":"https:\/\/wia.net.pl\/index.php\/2024\/02\/19\/jak-rzady-moglyby-ocalic-swiat-gdyby-im-zalezalo\/#personImage","url":"https:\/\/wia.net.pl\/wp-content\/uploads\/avatar-privacy\/cache\/user\/1\/7\/176a6b161c58363ff49b5c167264231f519f5c7fa183ca1f61e891769b6b56d5-96.jpg","width":96,"height":96,"caption":"Bart\u0142omiej Talarczyk"}},{"@type":"Person","@id":"https:\/\/wia.net.pl\/index.php\/author\/talar\/#author","url":"https:\/\/wia.net.pl\/index.php\/author\/talar\/","name":"Bart\u0142omiej Talarczyk","image":{"@type":"ImageObject","@id":"https:\/\/wia.net.pl\/index.php\/2024\/02\/19\/jak-rzady-moglyby-ocalic-swiat-gdyby-im-zalezalo\/#authorImage","url":"https:\/\/wia.net.pl\/wp-content\/uploads\/avatar-privacy\/cache\/user\/1\/7\/176a6b161c58363ff49b5c167264231f519f5c7fa183ca1f61e891769b6b56d5-96.jpg","width":96,"height":96,"caption":"Bart\u0142omiej Talarczyk"}},{"@type":"WebPage","@id":"https:\/\/wia.net.pl\/index.php\/2024\/02\/19\/jak-rzady-moglyby-ocalic-swiat-gdyby-im-zalezalo\/#webpage","url":"https:\/\/wia.net.pl\/index.php\/2024\/02\/19\/jak-rzady-moglyby-ocalic-swiat-gdyby-im-zalezalo\/","name":"Jak rz\u0105dy mog\u0142yby ocali\u0107 \u015bwiat \u2013 gdyby im zale\u017ca\u0142o - Wolno\u015b\u0107 i Anarchia","description":"\u0179r\u00f3d\u0142o: https:\/\/www.youtube.com\/@FlatEarthEric","inLanguage":"pl-PL","isPartOf":{"@id":"https:\/\/wia.net.pl\/#website"},"breadcrumb":{"@id":"https:\/\/wia.net.pl\/index.php\/2024\/02\/19\/jak-rzady-moglyby-ocalic-swiat-gdyby-im-zalezalo\/#breadcrumblist"},"author":{"@id":"https:\/\/wia.net.pl\/index.php\/author\/talar\/#author"},"creator":{"@id":"https:\/\/wia.net.pl\/index.php\/author\/talar\/#author"},"image":{"@type":"ImageObject","url":"https:\/\/wia.net.pl\/wp-content\/uploads\/2024\/02\/Rzad-i-ocalenie-swiata.jpg","@id":"https:\/\/wia.net.pl\/index.php\/2024\/02\/19\/jak-rzady-moglyby-ocalic-swiat-gdyby-im-zalezalo\/#mainImage","width":1920,"height":1080},"primaryImageOfPage":{"@id":"https:\/\/wia.net.pl\/index.php\/2024\/02\/19\/jak-rzady-moglyby-ocalic-swiat-gdyby-im-zalezalo\/#mainImage"},"datePublished":"2024-02-19T02:26:43+01:00","dateModified":"2024-02-19T02:26:44+01:00"},{"@type":"WebSite","@id":"https:\/\/wia.net.pl\/#website","url":"https:\/\/wia.net.pl\/","name":"Wolno\u015b\u0107 i Anarchia","description":"Ka\u017cdy wewn\u0119trznie jest anarchist\u0105.","inLanguage":"pl-PL","publisher":{"@id":"https:\/\/wia.net.pl\/#person"}}]},"og:locale":"pl_PL","og:site_name":"Wolno\u015b\u0107 i Anarchia - Ka\u017cdy wewn\u0119trznie jest anarchist\u0105.","og:type":"article","og:title":"Jak rz\u0105dy mog\u0142yby ocali\u0107 \u015bwiat \u2013 gdyby im zale\u017ca\u0142o - Wolno\u015b\u0107 i Anarchia","og:description":"\u0179r\u00f3d\u0142o: https:\/\/www.youtube.com\/@FlatEarthEric","og:url":"https:\/\/wia.net.pl\/index.php\/2024\/02\/19\/jak-rzady-moglyby-ocalic-swiat-gdyby-im-zalezalo\/","og:image":"https:\/\/wia.net.pl\/wp-content\/uploads\/2023\/11\/cropped-freedom-i73367.jpg","og:image:secure_url":"https:\/\/wia.net.pl\/wp-content\/uploads\/2023\/11\/cropped-freedom-i73367.jpg","article:published_time":"2024-02-19T01:26:43+00:00","article:modified_time":"2024-02-19T01:26:44+00:00","twitter:card":"summary_large_image","twitter:title":"Jak rz\u0105dy mog\u0142yby ocali\u0107 \u015bwiat \u2013 gdyby im zale\u017ca\u0142o - Wolno\u015b\u0107 i Anarchia","twitter:description":"\u0179r\u00f3d\u0142o: https:\/\/www.youtube.com\/@FlatEarthEric","twitter:image":"https:\/\/wia.net.pl\/wp-content\/uploads\/2023\/11\/cropped-freedom-i73367.jpg"},"aioseo_meta_data":{"post_id":"7353","title":null,"description":null,"keywords":[],"keyphrases":{"focus":{"keyphrase":"","score":0,"analysis":{"keyphraseInTitle":{"score":0,"maxScore":9,"error":1}}},"additional":[]},"primary_term":null,"canonical_url":null,"og_title":null,"og_description":null,"og_object_type":"default","og_image_type":"default","og_image_url":null,"og_image_width":null,"og_image_height":null,"og_image_custom_url":null,"og_image_custom_fields":null,"og_video":"","og_custom_url":null,"og_article_section":null,"og_article_tags":[],"twitter_use_og":false,"twitter_card":"default","twitter_image_type":"default","twitter_image_url":null,"twitter_image_custom_url":null,"twitter_image_custom_fields":null,"twitter_title":null,"twitter_description":null,"schema":{"blockGraphs":[],"customGraphs":[],"default":{"data":{"Article":[],"Course":[],"Dataset":[],"FAQPage":[],"Movie":[],"Person":[],"Product":[],"ProductReview":[],"Car":[],"Recipe":[],"Service":[],"SoftwareApplication":[],"WebPage":[]},"graphName":"BlogPosting","isEnabled":true},"graphs":[]},"schema_type":"default","schema_type_options":null,"pillar_content":false,"robots_default":true,"robots_noindex":false,"robots_noarchive":false,"robots_nosnippet":false,"robots_nofollow":false,"robots_noimageindex":false,"robots_noodp":false,"robots_notranslate":false,"robots_max_snippet":"-1","robots_max_videopreview":"-1","robots_max_imagepreview":"large","priority":null,"frequency":"default","local_seo":null,"breadcrumb_settings":null,"limit_modified_date":false,"ai":null,"created":"2024-02-19 01:26:44","updated":"2025-06-04 10:16:22","seo_analyzer_scan_date":null,"focus_keyword":null,"additional_keywords":null,"truseo_locale":null},"aioseo_breadcrumb":"<div class=\"aioseo-breadcrumbs\"><span class=\"aioseo-breadcrumb\">\n\t\t\t<a href=\"https:\/\/wia.net.pl\" title=\"Home\">Home<\/a>\n\t\t<\/span><span class=\"aioseo-breadcrumb-separator\">&raquo;<\/span><span class=\"aioseo-breadcrumb\">\n\t\t\t<a href=\"https:\/\/wia.net.pl\/index.php\/category\/prawdaoswiecie\/\" title=\"Prawda o \u015bwiecie\">Prawda o \u015bwiecie<\/a>\n\t\t<\/span><span class=\"aioseo-breadcrumb-separator\">&raquo;<\/span><span class=\"aioseo-breadcrumb\">\n\t\t\tJak rz\u0105dy mog\u0142yby ocali\u0107 \u015bwiat \u2013 gdyby im zale\u017ca\u0142o\n\t\t<\/span><\/div>","aioseo_breadcrumb_json":[{"label":"Home","link":"https:\/\/wia.net.pl"},{"label":"Prawda o \u015bwiecie","link":"https:\/\/wia.net.pl\/index.php\/category\/prawdaoswiecie\/"},{"label":"Jak rz\u0105dy mog\u0142yby ocali\u0107 \u015bwiat &#8211; gdyby im zale\u017ca\u0142o","link":"https:\/\/wia.net.pl\/index.php\/2024\/02\/19\/jak-rzady-moglyby-ocalic-swiat-gdyby-im-zalezalo\/"}],"_links":{"self":[{"href":"https:\/\/wia.net.pl\/index.php\/wp-json\/wp\/v2\/posts\/7353"}],"collection":[{"href":"https:\/\/wia.net.pl\/index.php\/wp-json\/wp\/v2\/posts"}],"about":[{"href":"https:\/\/wia.net.pl\/index.php\/wp-json\/wp\/v2\/types\/post"}],"author":[{"embeddable":true,"href":"https:\/\/wia.net.pl\/index.php\/wp-json\/wp\/v2\/users\/3"}],"replies":[{"embeddable":true,"href":"https:\/\/wia.net.pl\/index.php\/wp-json\/wp\/v2\/comments?post=7353"}],"version-history":[{"count":1,"href":"https:\/\/wia.net.pl\/index.php\/wp-json\/wp\/v2\/posts\/7353\/revisions"}],"predecessor-version":[{"id":7356,"href":"https:\/\/wia.net.pl\/index.php\/wp-json\/wp\/v2\/posts\/7353\/revisions\/7356"}],"wp:featuredmedia":[{"embeddable":true,"href":"https:\/\/wia.net.pl\/index.php\/wp-json\/wp\/v2\/media\/7355"}],"wp:attachment":[{"href":"https:\/\/wia.net.pl\/index.php\/wp-json\/wp\/v2\/media?parent=7353"}],"wp:term":[{"taxonomy":"category","embeddable":true,"href":"https:\/\/wia.net.pl\/index.php\/wp-json\/wp\/v2\/categories?post=7353"},{"taxonomy":"post_tag","embeddable":true,"href":"https:\/\/wia.net.pl\/index.php\/wp-json\/wp\/v2\/tags?post=7353"}],"curies":[{"name":"wp","href":"https:\/\/api.w.org\/{rel}","templated":true}]}}