{"id":7543,"date":"2024-02-27T02:24:44","date_gmt":"2024-02-27T01:24:44","guid":{"rendered":"https:\/\/wia.net.pl\/?p=7543"},"modified":"2024-02-27T02:28:52","modified_gmt":"2024-02-27T01:28:52","slug":"swastyka","status":"publish","type":"post","link":"https:\/\/wia.net.pl\/index.php\/2024\/02\/27\/swastyka\/","title":{"rendered":"Okultystyczna Swastyka"},"content":{"rendered":"<div class=\"wp-block-image\">\n<figure class=\"aligncenter\"><a href=\"http:\/\/3.bp.blogspot.com\/-olm_f60zYRQ\/UjeOLglEcvI\/AAAAAAAASy0\/NnnJCOMe0oo\/s1600\/thule+swastika+2+-+Occult+History+Third+Reich+-+Peter+Crawford.png\"><img decoding=\"async\" src=\"http:\/\/3.bp.blogspot.com\/-olm_f60zYRQ\/UjeOLglEcvI\/AAAAAAAASy0\/NnnJCOMe0oo\/s200\/thule+swastika+2+-+Occult+History+Third+Reich+-+Peter+Crawford.png\" alt=\"\"\/><\/a><\/figure><\/div>\n\n<div class=\"wp-block-image\">\n<figure class=\"aligncenter size-full\"><img loading=\"lazy\" decoding=\"async\" width=\"640\" height=\"91\" src=\"https:\/\/wia.net.pl\/wp-content\/uploads\/2024\/02\/image-158.png\" alt=\"\" class=\"wp-image-7544\" srcset=\"https:\/\/wia.net.pl\/wp-content\/uploads\/2024\/02\/image-158.png 640w, https:\/\/wia.net.pl\/wp-content\/uploads\/2024\/02\/image-158-300x43.png 300w\" sizes=\"(max-width: 640px) 100vw, 640px\" \/><figcaption class=\"wp-element-caption\"><strong>\u00a9 Prawa autorskie Petera Crawforda 2013<\/strong><\/figcaption><\/figure><\/div>\n\n\n<p>Swastyka to staro\u017cytny symbol u\u017cywany od ponad 3000 lat.\u00a0<br><\/p>\n\n\n\n<p>To nawet poprzedza staro\u017cytny egipski symbol, Ankh!<br><\/p>\n\n\n\n<p>Artefakty takie jak ceramika i monety ze staro\u017cytnej Troi (patrz poni\u017cej) pokazuj\u0105, \u017ce swastyka by\u0142a powszechnie u\u017cywanym symbolem ju\u017c w 1000 roku p.n.e.<br><\/p>\n\n\n\n<p>Symbol czterostronnej swastyki jest archetypem rotacji czasu i \u015bwiadomo\u015bci &#8211; poruszaj\u0105cych si\u0119 zgodnie z ruchem wskaz\u00f3wek zegara i przeciwnie &#8211; po spiralach w g\u00f3r\u0119 lub w d\u00f3\u0142 &#8211; pozwalaj\u0105c duszom do\u015bwiadcza\u0107 wielu poziom\u00f3w rzeczywisto\u015bci jednocze\u015bnie.<br><\/p>\n\n\n\n<p>Uko\u0144czony symbol swastyki oznacza \u015bwiat sam w sobie, przestrzenny porz\u0105dek w\u0142adzy z elementami w jednakowej odleg\u0142o\u015bci od \u015brodka.<br><\/p>\n\n\n\n<p>Jest to podw\u00f3jny glif kosmiczny i mikrokosmiczny, konfiguracja ruchu podzielona na cztery cz\u0119\u015bci.<br><\/p>\n\n\n\n<p>Swastyka s\u0142oneczna reprezentuje wieczn\u0105 por\u0119 roku.<br><\/p>\n\n\n\n<p>Okr\u0105g reprezentuje Nieznanego;\u00a0punkt w okr\u0119gu oznacza Logos.<br><\/p>\n\n\n\n<p>\u015bwiat\u0142o Logosu staje si\u0119 Fohat, po\u0142\u0105czeniem ducha i materii.<\/p>\n\n\n<div class=\"wp-block-image\">\n<figure class=\"alignleft size-full\"><img loading=\"lazy\" decoding=\"async\" width=\"165\" height=\"250\" src=\"https:\/\/wia.net.pl\/wp-content\/uploads\/2024\/02\/image-159.png\" alt=\"\" class=\"wp-image-7545\"\/><figcaption class=\"wp-element-caption\">\u00a0\u201eDie Geheimlehre\u201d<\/figcaption><\/figure><\/div>\n\n<div class=\"wp-block-image\">\n<figure class=\"alignright size-full is-resized\"><img loading=\"lazy\" decoding=\"async\" width=\"258\" height=\"390\" src=\"https:\/\/wia.net.pl\/wp-content\/uploads\/2024\/02\/image-160.png\" alt=\"\" class=\"wp-image-7546\" style=\"width:167px;height:auto\" srcset=\"https:\/\/wia.net.pl\/wp-content\/uploads\/2024\/02\/image-160.png 258w, https:\/\/wia.net.pl\/wp-content\/uploads\/2024\/02\/image-160-198x300.png 198w\" sizes=\"(max-width: 258px) 100vw, 258px\" \/><figcaption class=\"wp-element-caption\">HP B\u0142awatska<\/figcaption><\/figure><\/div>\n\n\n<p>Fohat pojawia si\u0119 w \u201eDie Geheimlehre\u201d (Tajemna doktryna) HP Blavatsky \u2013 a zw\u0142aszcza w pierwszym tomie zatytu\u0142owanym \u201eCosmogenesis\u201d.\u00a0Fohat jest jednym z kluczy okultyzmu, kt\u00f3ry otwiera wielopostaciowe symbole i odpowiednie alegorie w mitologii.\u00a0<\/p>\n\n\n\n<p>O Fohacie zawsze m\u00f3wi si\u0119 w kategoriach kosmicznej lub uniwersalnej elektryczno\u015bci, witalno\u015bci, energii i si\u0142y \u017cyciowej.\u00a0Sam wszech\u015bwiat jest o\u017cywiany, o\u017cywiany i zasilany na poziomie makrokosmicznym przez Fohata.<\/p>\n\n\n\n<p>Punkt staje si\u0119 \u015brednic\u0105 poziom\u0105.<br><\/p>\n\n\n\n<p>Ta pocz\u0105tkowa, pasywna dwoisto\u015b\u0107 staje si\u0119 \u015bwiadom\u0105 aktywacj\u0105 dwoisto\u015bci poprzez ludzkie \u017cycie, symbolizowan\u0105 przez pionow\u0105 \u015brednic\u0119 przecinaj\u0105c\u0105 poziom, r\u00f3wnowa\u017c\u0105c\u0105 niebo i ziemi\u0119 oraz przenikaj\u0105c\u0105 oba.<br><\/p>\n\n\n\n<p>Swastyka pochodzi z opisanego krzy\u017ca;\u00a0jego haki s\u0105 fragmentami okr\u0119gu, teraz renderowanymi jako kierunkowe.<br><\/p>\n\n\n\n<p>Punkt Logiczny, rozszerzaj\u0105cy si\u0119 w kierunku czterech g\u0142\u00f3wnych punkt\u00f3w, wprawi\u0142 ko\u0142o w ruch.<br><\/p>\n\n\n\n<p>W alchemii swastyka by\u0142a u\u017cywana do symbolizowania czterech g\u0142\u00f3wnych stron \u015bwiata i opieki nad tym \u015bwiatem.<\/p>\n\n\n<div class=\"wp-block-image\">\n<figure class=\"alignleft size-full is-resized\"><img loading=\"lazy\" decoding=\"async\" width=\"422\" height=\"442\" src=\"https:\/\/wia.net.pl\/wp-content\/uploads\/2024\/02\/image-161.png\" alt=\"\" class=\"wp-image-7547\" style=\"width:182px;height:auto\" srcset=\"https:\/\/wia.net.pl\/wp-content\/uploads\/2024\/02\/image-161.png 422w, https:\/\/wia.net.pl\/wp-content\/uploads\/2024\/02\/image-161-286x300.png 286w\" sizes=\"(max-width: 422px) 100vw, 422px\" \/><figcaption class=\"wp-element-caption\">Grecki Srebrny Stater z Koryntu<\/figcaption><\/figure><\/div>\n\n\n<p>R\u00f3wnie\u017c w \u201eDie Geheimlehre\u201d (\u00a0\u00a0Doktrynie Tajemnej) swastyka jest podsumowaniem w kilku linijkach ca\u0142ego dzie\u0142a stworzenia, czyli ewolucji.\u00a0.\u00a0.\u00a0od kosmoteogonii do antropogonii.<br><\/p>\n\n\n\n<p>To m\u0142ot robotniczy, \u201e\u00a0<em>kt\u00f3ry wybija iskry z krzemienia<\/em>\u00a0\u201d \u2013 krzemie\u0144 symbolizuje przestrze\u0144, podczas gdy iskry symbolizuj\u0105 \u015bwiaty.<br>To m\u0142ot Thora przyniesiony, by po\u015bwi\u0119ci\u0107 Nowe Niebo i Now\u0105 Ziemi\u0119.<\/p>\n\n\n<div class=\"wp-block-image\">\n<figure class=\"alignright size-large is-resized\"><img loading=\"lazy\" decoding=\"async\" width=\"1024\" height=\"1024\" src=\"https:\/\/wia.net.pl\/wp-content\/uploads\/2024\/02\/image-162-1024x1024.png\" alt=\"\" class=\"wp-image-7548\" style=\"width:212px;height:auto\" srcset=\"https:\/\/wia.net.pl\/wp-content\/uploads\/2024\/02\/image-162-1024x1024.png 1024w, https:\/\/wia.net.pl\/wp-content\/uploads\/2024\/02\/image-162-300x300.png 300w, https:\/\/wia.net.pl\/wp-content\/uploads\/2024\/02\/image-162-150x150.png 150w, https:\/\/wia.net.pl\/wp-content\/uploads\/2024\/02\/image-162-768x768.png 768w, https:\/\/wia.net.pl\/wp-content\/uploads\/2024\/02\/image-162.png 1100w\" sizes=\"(max-width: 1024px) 100vw, 1024px\" \/><figcaption class=\"wp-element-caption\">Symbol s\u0142o\u0144ca Borjgala<\/figcaption><\/figure><\/div>\n\n\n<p>Czterono\u017cny krzy\u017c, kt\u00f3rym Thor uderza g\u0142ow\u0119 w\u0119\u017ca z\u0142ych nami\u0119tno\u015bci, staje si\u0119 korzeniem mocy makrokosmosu i mikrokosmosu.<br><\/p>\n\n\n\n<p>Swastyka, symbolizuj\u0105ca dzie\u0142o stworzenia, symbolizuje tak\u017ce Wielkiego Architekta. <\/p>\n\n\n\n<p>W tradycji pitagorejskiej swastyka oznacza\u0142a tetraktys, podw\u00f3jny symbol.<br><\/p>\n\n\n\n<p>Jest \u0142\u0105cznikiem mi\u0119dzy niebem a ziemi\u0105, jego prawe rami\u0119 wskazuje na niebo, a lewe rami\u0119 wskazuje na ziemi\u0119.<br><\/p>\n\n\n\n<p>Alchemicy nazywali rami\u0119 skierowane do nieba \u201erozwi\u0105zaniem\u201d, a rami\u0119 ziemskie \u201ekoagul\u0105\u201d, podczas gdy cz\u0142owiek stoi na osi, a jego duchowa natura rozstrzyga wszelk\u0105 form\u0119.<br><\/p>\n\n\n\n<p>Podobnie jak swastyka, reprezentuje on alf\u0119 i omeg\u0119 Uniwersalnej Si\u0142y Tw\u00f3rczej.<br><\/p>\n\n\n\n<p>Centralnym punktem nie jest ograniczona do jednej doskona\u0142ej istoty, ale jest B\u00f3g w cz\u0142owiecze\u0144stwie, cztery ramiona wywodz\u0105ce si\u0119 z czystego ducha, niesko\u0144czenie zatracaj\u0105ce si\u0119 w materii.<br><\/p>\n\n\n\n<p>Tylko zr\u00f3wnowa\u017cony krzy\u017c ducha i materii pasuje do sferycznego wzorca ewolucji, wywy\u017cszaj\u0105c tajemnice ka\u017cdego z nich i zakwaszaj\u0105c okr\u0105g.<\/p>\n\n\n\n<p>Sama swastyka jest symbolizowana przez liczb\u0119 sze\u015b\u0107, kt\u00f3ra oznacza cztery punkty \u2013 P\u00f3\u0142noc, Po\u0142udnie, Wsch\u00f3d i Zach\u00f3d \u2013 oraz bieguny, czyli Zenit i Nadir, kt\u00f3re pokrywaj\u0105 si\u0119 z mistycznym centrum i reprezentuj\u0105 pocz\u0105tek wszech\u015bwiata.<br><br>Swastyka to krzy\u017c r\u00f3wnoboczny z ramionami wygi\u0119tymi pod k\u0105tem prostym, zgodnie z ruchem wskaz\u00f3wek zegara lub przeciwnie do ruchu wskaz\u00f3wek zegara.<\/p>\n\n\n\n<p>Tradycyjnie jest zorientowany tak, \u017ce g\u0142\u00f3wna linia jest pozioma, chocia\u017c czasami jest obracana o czterdzie\u015bci pi\u0119\u0107 stopni, a wersja hinduska cz\u0119sto ma kropk\u0119 w ka\u017cdej \u0107wiartce.<\/p>\n\n\n<div class=\"wp-block-image\">\n<figure class=\"alignleft size-full\"><img loading=\"lazy\" decoding=\"async\" width=\"320\" height=\"320\" src=\"https:\/\/wia.net.pl\/wp-content\/uploads\/2024\/02\/image-163.png\" alt=\"\" class=\"wp-image-7549\" srcset=\"https:\/\/wia.net.pl\/wp-content\/uploads\/2024\/02\/image-163.png 320w, https:\/\/wia.net.pl\/wp-content\/uploads\/2024\/02\/image-163-300x300.png 300w, https:\/\/wia.net.pl\/wp-content\/uploads\/2024\/02\/image-163-150x150.png 150w\" sizes=\"(max-width: 320px) 100vw, 320px\" \/><figcaption class=\"wp-element-caption\">Staro\u017cytna grecka swastyka<br><strong>\u00a9 Prawa autorskie Petera Crawforda 2013<\/strong><\/figcaption><\/figure><\/div>\n\n\n<p>Swastyka nie zawsze by\u0142a u\u017cywana jako okultystyczny symbol v\u00f6lkisch i w rzeczywisto\u015bci zosta\u0142a zapo\u017cyczona z kultur Wschodu.<\/p>\n\n\n\n<p>Wydaje si\u0119, \u017ce po raz pierwszy u\u017cyli go pierwsi mieszka\u0144cy Eurazji.<\/p>\n\n\n\n<p>Jest wa\u017cnym symbolem w religiach Wschodu, zw\u0142aszcza mi\u0119dzy innymi w hinduizmie i buddyzmie, by\u0142 tak\u017ce u\u017cywany w wierzeniach rdzennych Amerykan\u00f3w.<br><\/p>\n\n\n\n<p>Staro\u017cytni Grecy i Rzymianie r\u00f3wnie\u017c szeroko u\u017cywali swastyki (patrz po lewej).<br><\/p>\n\n\n\n<p>Swastyka, w p\u00f3\u0142nocno-zachodniej Europie znana r\u00f3wnie\u017c jako fylfot, pojawia si\u0119 na wielu przedchrze\u015bcija\u0144skich artefaktach, w kszta\u0142cie okr\u0119gu lub wiruj\u0105cej formy.<br><\/p>\n\n\n\n<p>Grecka bogini Atena by\u0142a czasami przedstawiana w szatach pokrytych swastykami.<br><\/p>\n\n\n\n<p>\u201eKamie\u0144 Ogham\u201d znaleziony w hrabstwie Kerry w Irlandii jest ozdobiony kilkoma swastykami datowanymi na V wiek naszej ery i uwa\u017ca si\u0119, \u017ce by\u0142 to kamie\u0144 o\u0142tarzowy druid\u00f3w.<br><\/p>\n\n\n\n<p>Przedchrze\u015bcija\u0144ski anglosaski poch\u00f3wek na statku w Sutton Hoo w Anglii zawiera z\u0142ote puchary i tarcze ze swastykami.<br>Dzi\u015b jest u\u017cywany jako symbol Asatru, zrekonstruowanej religii Europy P\u00f3\u0142nocnej.<\/p>\n\n\n\n<p>Na pocz\u0105tku XX wieku by\u0142 uwa\u017cany na ca\u0142ym \u015bwiecie za symbol szcz\u0119\u015bcia i pomy\u015blno\u015bci.<\/p>\n\n\n<div class=\"wp-block-image\">\n<figure class=\"alignleft size-full\"><img loading=\"lazy\" decoding=\"async\" width=\"171\" height=\"200\" src=\"https:\/\/wia.net.pl\/wp-content\/uploads\/2024\/02\/image-164.png\" alt=\"\" class=\"wp-image-7550\"\/><\/figure><\/div>\n\n<div class=\"wp-block-image\">\n<figure class=\"alignright size-full\"><img loading=\"lazy\" decoding=\"async\" width=\"231\" height=\"227\" src=\"https:\/\/wia.net.pl\/wp-content\/uploads\/2024\/02\/image-165.png\" alt=\"\" class=\"wp-image-7551\"\/><\/figure><\/div>\n\n\n<p>Swastyki pojawi\u0142y si\u0119 na grzbietach ksi\u0105\u017cek anglo-indyjskiego pisarza Rudyarda Kiplinga (patrz po prawej), a symbol ten by\u0142 u\u017cywany przez ruch skautowy Roberta Baden-Powella (patrz po lewej).&nbsp;<\/p>\n\n\n\n<p>U\u017cycie swastyki przez NSDAP wywodzi si\u0119 z wcze\u015bniejszych niemieckich ruch\u00f3w nacjonalistycznych v\u00f6lkisch, dla kt\u00f3rych swastyka by\u0142a symbolem \u201earyjskiej\u201d to\u017csamo\u015bci; koncepcja ta zosta\u0142a uto\u017csamiona przez teoretyk\u00f3w takich jak Alfred Rosenberg z nordyck\u0105 ras\u0105 pan\u00f3w wywodz\u0105c\u0105 si\u0119 z p\u00f3\u0142nocnych Europa.<\/p>\n\n\n\n<p>S\u0142owo swastyka pochodzi od sanskryckiego s\u0142owa swastyka i oznacza ka\u017cdy szcz\u0119\u015bliwy lub pomy\u015blny przedmiot, a w szczeg\u00f3lno\u015bci znak na osobach i rzeczach, oznaczaj\u0105cy szcz\u0119\u015bcie.<\/p>\n\n\n\n<p>Sk\u0142ada si\u0119 z&nbsp;&nbsp;<em>su<\/em>&nbsp;&#8211; (pokrewnego greckiemu e?-), co oznacza \u201edobrze, c\u00f3\u017c\u201d i&nbsp;&nbsp;<em>asti<\/em>&nbsp;&nbsp;, b\u0119d\u0105cego abstrakcj\u0105 s\u0142own\u0105 rdzenia jako \u201eby\u0107\u201d;&nbsp;svasti oznacza zatem \u201edobre samopoczucie\u201d.<\/p>\n\n\n\n<p>Przyrostek -ka tworzy zdrobnienie i swastyka mo\u017ce by\u0107 zatem przet\u0142umaczona dos\u0142ownie jako \u201edrobna rzecz zwi\u0105zana z dobrym samopoczuciem\u201d, odpowiadaj\u0105ca z grubsza \u201etalizmanowi\u201d lub \u201erzeczy przynosz\u0105cej pomy\u015blno\u015b\u0107\u201d.<\/p>\n\n\n\n<p>S\u0142owo to po raz pierwszy pojawia si\u0119 w klasycznym sanskrycie (w eposach Ramajana i Mahabharata).<\/p>\n\n\n\n<p>Alternatywne historyczne angielskie pisownie sanskryckiego s\u0142owa obejmuj\u0105 suastika i svastica.<\/p>\n\n\n\n<p>Alternatywne nazwy kszta\u0142tu to:<\/p>\n\n\n<div class=\"wp-block-image\">\n<figure class=\"alignleft size-full\"><img loading=\"lazy\" decoding=\"async\" width=\"200\" height=\"200\" src=\"https:\/\/wia.net.pl\/wp-content\/uploads\/2024\/02\/image-166.png\" alt=\"\" class=\"wp-image-7552\" srcset=\"https:\/\/wia.net.pl\/wp-content\/uploads\/2024\/02\/image-166.png 200w, https:\/\/wia.net.pl\/wp-content\/uploads\/2024\/02\/image-166-150x150.png 150w\" sizes=\"(max-width: 200px) 100vw, 200px\" \/><figcaption class=\"wp-element-caption\"><strong>\u00a9 Prawa autorskie Petera Crawforda 2013<\/strong><\/figcaption><\/figure><\/div>\n\n<div class=\"wp-block-image\">\n<figure class=\"alignright size-full\"><img loading=\"lazy\" decoding=\"async\" width=\"200\" height=\"200\" src=\"https:\/\/wia.net.pl\/wp-content\/uploads\/2024\/02\/image-167.png\" alt=\"\" class=\"wp-image-7553\" srcset=\"https:\/\/wia.net.pl\/wp-content\/uploads\/2024\/02\/image-167.png 200w, https:\/\/wia.net.pl\/wp-content\/uploads\/2024\/02\/image-167-150x150.png 150w\" sizes=\"(max-width: 200px) 100vw, 200px\" \/><figcaption class=\"wp-element-caption\"><strong>\u00a9 Prawa autorskie Petera Crawforda 2013<\/strong><\/figcaption><\/figure><\/div>\n\n\n<p>Hakowaty krzy\u017c<\/p>\n\n\n\n<p>Krzy\u017c rakowy &#8211; w heraldyce, poniewa\u017c ka\u017cde rami\u0119 przypomina raki lub k\u0105towniki<\/p>\n\n\n\n<p>Krzy\u017c gammadion (patrz po lewej) &#8211; tetragammadion lub po prostu gammadion, poniewa\u017c ka\u017cde rami\u0119 przypomina greck\u0105 liter\u0119 (gamma)<\/p>\n\n\n\n<p>Fylfot &#8211; czyli \u201ecztery stopy\u201d, g\u0142\u00f3wnie w heraldyce i architekturze<\/p>\n\n\n\n<p>Ko\u0142o s\u0142oneczne &#8211; niemiecki Sonnenrad (patrz po prawej) &#8211; nazwa u\u017cywana r\u00f3wnie\u017c jako synonim krzy\u017ca s\u0142onecznego<\/p>\n\n\n\n<p>Tetraskelion \u2013 grecki \u201eczterono\u017cny\u201d, zw\u0142aszcza gdy sk\u0142ada si\u0119 z czterech z\u0142\u0105czonych n\u00f3g<\/p>\n\n\n\n<p>M\u0142ot Thora (patrz po prawej) \u2013 od jego rzekomego skojarzenia z Thorem, nordyckim bogiem piorun\u00f3w, ale mo\u017ce to by\u0107 sprzeniewierzenie imienia, kt\u00f3re w\u0142a\u015bciwie nale\u017cy do symbolu w kszta\u0142cie litery Y lub T.\u00a0&#8211; Kszta\u0142t swastyki pojawia si\u0119 w islandzkim grymuarze z VIII wieku, gdzie nosi nazw\u0119 \u00deurs Hamar.<\/p>\n\n\n\n<p>W mitologii nordyckiej Mj\u00f6lnir (tak\u017ce Mj\u01eblnir, Mjollnir, Mj\u00f6lner lub Mj\u00f8lner) jest m\u0142otem Thora, nordyckiego boga piorun\u00f3w.\u00a0Mj\u00f6lnir jest przedstawiany w mitologii nordyckiej jako jedna z najstraszniejszych broni, zdolna do wyr\u00f3wnywania g\u00f3r.\u00a0<\/p>\n\n\n\n<p>W swoim opisie mitologii nordyckiej Snorri Sturluson opowiada, jak m\u0142otek zosta\u0142 wykonany przez krasnoludzkich braci Sindriego i Brokkra oraz jak jego charakterystycznie kr\u00f3tka r\u0119koje\u015b\u0107 powsta\u0142a w wyniku nieszcz\u0119\u015bliwego wypadku podczas jego produkcji.\u00a0<\/p>\n\n\n\n<p>Wed\u0142ug niekt\u00f3rych uczonych kszta\u0142t swastyki m\u00f3g\u0142 by\u0107 odmian\u0105 popularn\u0105 w anglosaskiej Anglii przed chrystianizacj\u0105, zw\u0142aszcza we Wschodniej Anglii i Kencie.\u00a0<\/p>\n\n\n\n<p>Wilson (1894) zwraca uwag\u0119, \u017ce cho\u0107 swastyka by\u0142a \u201ewulgarnie nazywana w Skandynawii m\u0142otem Thora\u201d (po islandzkim: Thorshamarmerki, znak m\u0142ota Thora), tak zwany symbol mia\u0142 kszta\u0142t Y lub T.<\/p>\n\n\n\n<p>Krzy\u017c haczykowaty &#8211; (holenderski: hakenkruis, islandzki Hakakross, niemiecki: Hakenkreuz, fi\u0144ski: hakaristi, norweski: Hakekors, w\u0142oski: croce uncinata i szwedzki: Hakkors)<\/p>\n\n\n<div class=\"wp-block-image\">\n<figure class=\"alignright size-full\"><img loading=\"lazy\" decoding=\"async\" width=\"200\" height=\"200\" src=\"https:\/\/wia.net.pl\/wp-content\/uploads\/2024\/02\/image-168.png\" alt=\"\" class=\"wp-image-7554\" srcset=\"https:\/\/wia.net.pl\/wp-content\/uploads\/2024\/02\/image-168.png 200w, https:\/\/wia.net.pl\/wp-content\/uploads\/2024\/02\/image-168-150x150.png 150w\" sizes=\"(max-width: 200px) 100vw, 200px\" \/><figcaption class=\"wp-element-caption\"><strong>\u00a9 Prawa autorskie Petera Crawforda 2013<\/strong><\/figcaption><\/figure><\/div>\n\n\n<p>Swastyka pojawia si\u0119 w sztuce i projektowaniu od czas\u00f3w prehistorycznych, symbolizuj\u0105c w r\u00f3\u017cnych kontekstach: szcz\u0119\u015bcie, s\u0142o\u0144ce, Brahm\u0119 czy hindusk\u0105 koncepcj\u0119 samsary.<\/p>\n\n\n\n<p>W staro\u017cytno\u015bci swastyka by\u0142a szeroko u\u017cywana mi\u0119dzy innymi przez Hetyt\u00f3w, Celt\u00f3w i Grek\u00f3w.<\/p>\n\n\n\n<p>Wyst\u0119puje w innych kulturach azjatyckich, europejskich, afryka\u0144skich i rdzennych Amerykan\u00f3w, czasami jako motyw geometryczny, czasami jako symbol religijny.<\/p>\n\n\n\n<p>Dzi\u015b swastyka jest powszechnym symbolem, mi\u0119dzy innymi w hinduizmie, buddyzmie i d\u017cinizmie.&nbsp;Wszechobecno\u015b\u0107 swastyki wyja\u015bniono trzema g\u0142\u00f3wnymi teoriami: niezale\u017cnym rozwojem, dyfuzj\u0105 kulturow\u0105 i wydarzeniem zewn\u0119trznym.<\/p>\n\n\n<div class=\"wp-block-image\">\n<figure class=\"alignleft size-full\"><img loading=\"lazy\" decoding=\"async\" width=\"235\" height=\"320\" src=\"https:\/\/wia.net.pl\/wp-content\/uploads\/2024\/02\/image-169.png\" alt=\"\" class=\"wp-image-7555\" srcset=\"https:\/\/wia.net.pl\/wp-content\/uploads\/2024\/02\/image-169.png 235w, https:\/\/wia.net.pl\/wp-content\/uploads\/2024\/02\/image-169-220x300.png 220w\" sizes=\"(max-width: 235px) 100vw, 235px\" \/><figcaption class=\"wp-element-caption\">Carl Jung<\/figcaption><\/figure><\/div>\n\n\n<p>Pierwsza teoria g\u0142osi, \u017ce symetria i prostota swastyki doprowadzi\u0142a do jej niezale\u017cnego rozwoju wsz\u0119dzie, na wz\u00f3r nie\u015bwiadomo\u015bci zbiorowej Carla Junga. Inne wyja\u015bnienie sugeruje Carl Sagan w swojej ksi\u0105\u017cce \u201eKometa\u201d.<\/p>\n\n\n\n<p>Sagan reprodukuje staro\u017cytny chi\u0144ski r\u0119kopis, kt\u00f3ry przedstawia odmiany ogon\u00f3w komet: wi\u0119kszo\u015b\u0107 to wariacje na temat prostych ogon\u00f3w komet, ale ostatni przedstawia j\u0105dro komety z wystaj\u0105cymi z niego czterema wygi\u0119tymi ramionami, co przypomina swastyk\u0119.<\/p>\n\n\n\n<p>Sagan sugeruje, \u017ce w staro\u017cytno\u015bci kometa mog\u0142a zbli\u017cy\u0107 si\u0119 do Ziemi tak blisko Ziemi, \u017ce widoczne sta\u0142y si\u0119 strumienie wyp\u0142ywaj\u0105cego z niej gazu, wygi\u0119te w wyniku obrotu komety, co doprowadzi\u0142o do przyj\u0119cia swastyki jako symbolu na ca\u0142ym \u015bwiecie.&nbsp;<\/p>\n\n\n\n<p>Teorie o jednym pochodzeniu jako \u015bwi\u0119tym prehistorycznym symbolu wskazuj\u0105 na Proto-Indoeuropejczyk\u00f3w, zauwa\u017caj\u0105c, \u017ce swastyka nie zosta\u0142a przyj\u0119ta przez Sumer\u00f3w w Mezopotamii, kt\u00f3ra powsta\u0142a nie p\u00f3\u017aniej ni\u017c 3500 rpne, oraz w Starym Kr\u00f3lestwie Egiptu, pocz\u0105wszy od 2630 rpne , argumentuj\u0105c, \u017ce by\u0142y one ju\u017c ugruntowane i skodyfikowane w czasie rozpowszechniania si\u0119 symbolu.<\/p>\n\n\n\n<p>Jako argument ex cichy, ten punkt ma niewielk\u0105 warto\u015b\u0107 jako dow\u00f3d pozytywny.<\/p>\n\n\n\n<p>Symbol swastyki jest dominuj\u0105cy w hinduizmie, kt\u00f3ry jest uwa\u017cany za religi\u0119 macierzyst\u0105 buddyzmu i d\u017cinizmu, a obie pochodz\u0105 z oko\u0142o VI wieku p.n.e. i obie zapo\u017cyczy\u0142y swastyk\u0119 od swoich rodzic\u00f3w.<\/p>\n\n\n\n<p>Szczeg\u00f3lnie buddyzm odni\u00f3s\u0142 wielki sukces, rozprzestrzeniaj\u0105c si\u0119 na wsch\u00f3d i pod koniec pierwszego tysi\u0105clecia zakorzeni\u0142 si\u0119 w Azji Po\u0142udniowo-Wschodniej, Chinach, Korei i Japonii.<\/p>\n\n\n\n<p>Uwa\u017ca si\u0119, \u017ce u\u017cywanie swastyki przez rdzenn\u0105 wiar\u0119 Bon w Tybecie, a tak\u017ce przez religie synkretyczne, takie jak Cao Dai w Wietnamie i Falun Gong w Chinach, r\u00f3wnie\u017c zosta\u0142o zapo\u017cyczone z buddyzmu.<\/p>\n\n\n\n<p>Podobnie istnienie swastyki jako symbolu s\u0142o\u0144ca w\u015br\u00f3d cywilizacji Akan w po\u0142udniowo-zachodniej Afryce mog\u0142o by\u0107 wynikiem transferu kulturowego na afryka\u0144skich szlakach niewolnik\u00f3w oko\u0142o 1500 roku naszej ery.&nbsp;<\/p>\n\n\n\n<p>Niezale\u017cnie od pochodzenia, swastyka od pocz\u0105tk\u00f3w historii ludzko\u015bci mia\u0142a og\u00f3lnie pozytywne konotacje, z wyj\u0105tkiem wi\u0119kszo\u015bci kraj\u00f3w Afryki i Ameryki Po\u0142udniowej.<\/p>\n\n\n<div class=\"wp-block-image\">\n<figure class=\"alignleft size-full\"><img loading=\"lazy\" decoding=\"async\" width=\"125\" height=\"200\" src=\"https:\/\/wia.net.pl\/wp-content\/uploads\/2024\/02\/image-170.png\" alt=\"\" class=\"wp-image-7556\"\/><\/figure><\/div>\n\n\n<p>Swastyka pojawi\u0142a si\u0119 tak\u017ce w wi\u0119kszo\u015bci innych staro\u017cytnych kultur \u015bwiata.<br><\/p>\n\n\n\n<p>Na przyk\u0142ad jej odmiana skierowana w lewo, przyj\u0119ta przez narodowych socjalist\u00f3w, jest tak\u017ce liter\u0105 \u201eG\u201d w \u015bredniowiecznym p\u00f3\u0142nocnoeuropejskim pi\u015bmie runicznym.\u00a0\u015aredniowieczne runy, czyli futhork, by\u0142y skandynawskim 27-literowym alfabetem runicznym, kt\u00f3ry wyewoluowa\u0142 z m\u0142odszego Futharka po wprowadzeniu run kropkowanych pod koniec epoki Wiking\u00f3w i zosta\u0142 w pe\u0142ni ukszta\u0142towany na pocz\u0105tku XIII wieku.\u00a0<\/p>\n\n\n\n<p>W wyniku ekspansji ka\u017cda runa odpowiada\u0142a tylko jednemu fonemowi, podczas gdy runy z poprzedniego M\u0142odszego Futharka mog\u0142y odpowiada\u0107 kilku. \u015aredniowieczne runy by\u0142y u\u017cywane w ca\u0142ej Skandynawii w \u015bredniowieczu i da\u0142y podstaw\u0119 do pojawienia si\u0119 runologii w 16 wiek.\u00a0<\/p>\n\n\n\n<p>Masoni uznali t\u0119 liter\u0119 za wa\u017cny symbol, poniewa\u017c \u201eG\u201d mog\u0142o oznacza\u0107 Boga, Wielkiego Architekta Wszech\u015bwiata lub Geometri\u0119.\u00a0Swastyka jest tak\u017ce tradycyjnym symbolem staronordyckiego boga piorun\u00f3w i mocy (skandynawski Thor, niemiecki Donner, ba\u0142tycki Perkunas).<\/p>\n\n\n<div class=\"wp-block-image\">\n<figure class=\"alignleft size-full\"><img loading=\"lazy\" decoding=\"async\" width=\"218\" height=\"320\" src=\"https:\/\/wia.net.pl\/wp-content\/uploads\/2024\/02\/image-171.png\" alt=\"\" class=\"wp-image-7557\" srcset=\"https:\/\/wia.net.pl\/wp-content\/uploads\/2024\/02\/image-171.png 218w, https:\/\/wia.net.pl\/wp-content\/uploads\/2024\/02\/image-171-204x300.png 204w\" sizes=\"(max-width: 218px) 100vw, 218px\" \/><figcaption class=\"wp-element-caption\">Thor<\/figcaption><\/figure><\/div>\n\n\n<p>W mitologii nordyckiej Thor (ze staronordyckiego \u00de\u00f3rr) jest bogiem dzier\u017c\u0105cym m\u0142ot, kojarzonym z grzmotami, b\u0142yskawicami, burzami, d\u0119bami, si\u0142\u0105, ochron\u0105 ludzko\u015bci, a tak\u017ce u\u015bwi\u0119caniem, uzdrawianiem i p\u0142odno\u015bci\u0105.&nbsp;Pokrewne b\u00f3stwo w szerszej mitologii germa\u0144skiej i poga\u0144stwie by\u0142o znane w staroangielskim jako \u00deunor, a w staro-wysoko-niemieckim jako Donar, co wywodzi si\u0119 od wsp\u00f3lnego germa\u0144skiego * \u00deunraz (co oznacza \u201egrzmot\u201d).<\/p>\n\n\n\n<p>Thor jest bogiem wyra\u017anie wspomnianym w ca\u0142ej udokumentowanej historii lud\u00f3w germa\u0144skich, od rzymskiej okupacji region\u00f3w Germanii, przez ekspansje plemienne w okresie migracji, a\u017c po jego du\u017c\u0105 popularno\u015b\u0107 w epoce Wiking\u00f3w, kiedy w obliczu procesu podczas chrystianizacji Skandynawii na przek\u00f3r noszono emblematy jego m\u0142ota Mj\u00f6lnira, a o jego popularno\u015bci \u015bwiadcz\u0105 nordyckie poga\u0144skie imiona osobiste zawieraj\u0105ce imi\u0119 boga.&nbsp;Do czas\u00f3w nowo\u017cytnych Thor nadal by\u0142 rozpoznawalny w wiejskim folklorze w ca\u0142ych regionach germa\u0144skich.&nbsp;Thor jest cz\u0119sto wymieniany w nazwach miejscowo\u015bci, dzie\u0144 tygodnia czwartek (\u201edzie\u0144 Thora\u201d) nosi jego imi\u0119, a imiona wywodz\u0105ce si\u0119 z okresu poga\u0144skiego zawieraj\u0105ce jego w\u0142asne s\u0105 nadal u\u017cywane&nbsp;.<\/p>\n\n\n<div class=\"wp-block-image\">\n<figure class=\"alignright size-full\"><img loading=\"lazy\" decoding=\"async\" width=\"200\" height=\"118\" src=\"https:\/\/wia.net.pl\/wp-content\/uploads\/2024\/02\/image-172.png\" alt=\"\" class=\"wp-image-7558\"\/><figcaption class=\"wp-element-caption\">\u0141otewskie swastyki<\/figcaption><\/figure><\/div>\n\n\n<p>Z powodu tego skojarzenia z Bogiem Gromu zar\u00f3wno \u0141otysze, jak i Finowie przyj\u0119li swastyk\u0119 jako insygnia swoich si\u0142 powietrznych, gdy uzyskali niepodleg\u0142o\u015b\u0107 po I wojnie \u015bwiatowej.<\/p>\n\n\n\n<p>S\u0142owo swastyka oznacza r\u00f3wnie\u017c \u201e\u017ar\u00f3d\u0142o\u201d i by\u0142o postrzegane przez okultyst\u00f3w jako reprezentuj\u0105ce \u201ewieczn\u0105 przyczyn\u0119\u201d lub \u201efontann\u0119 stworzenia\u201d.<\/p>\n\n\n\n<p><\/p>\n\n\n<div class=\"wp-block-image\">\n<figure class=\"alignleft size-full\"><img loading=\"lazy\" decoding=\"async\" width=\"200\" height=\"171\" src=\"https:\/\/wia.net.pl\/wp-content\/uploads\/2024\/02\/image-173.png\" alt=\"\" class=\"wp-image-7559\"\/><\/figure><\/div>\n\n<div class=\"wp-block-image\">\n<figure class=\"alignright size-full\"><img loading=\"lazy\" decoding=\"async\" width=\"193\" height=\"200\" src=\"https:\/\/wia.net.pl\/wp-content\/uploads\/2024\/02\/image-174.png\" alt=\"\" class=\"wp-image-7560\"\/><\/figure><\/div>\n\n\n<p>Filozofowie v\u00f6lkischa wierzyli, \u017ce pot\u0119\u017cni\u00a0\u00c6<a href=\"http:\/\/booksoffoundation.blogspot.co.uk\/2012\/08\/book-ii-cosmogenesis_25.html\" target=\"_blank\" rel=\"noreferrer noopener\">\u00a0onowie<\/a>\u00a0byli tw\u00f3rcami Form \u2013 planu stworzenia \u2013 najwi\u0119ksi \u00c6onowie tworz\u0105cy najwy\u017csze \u201eFormy\u201d, a mniejsi byli odpowiedzialni za mniejsze Formy.<br><\/p>\n\n\n\n<p>Z tajemnych wzorc\u00f3w \u201eForm\u201d stworzenie materialnego wszech\u015bwiata zosta\u0142o wprawione w ruch z woli wszystkiego najwy\u017cszego \u2013 a ruch stworzenia mia\u0142 form\u0119 spiralnego ko\u0142a \u2013 co nawet teraz odbija si\u0119 echem w mikrokosmosie w postaci podstawowych cz\u0105stek materii, a w makrokosmosie w postaci galaktyk.<\/p>\n\n\n\n<p>A teraz symbolem stworzenia jest swastyka\u00a0<a href=\"http:\/\/thirdreichocculthistory.blogspot.co.uk\/2014\/04\/deutsch-occult-physik-german-occult_2.html\" target=\"_blank\" rel=\"noreferrer noopener\">&#8211;<\/a>\u00a0\u201ePiecz\u0119\u0107 Stworzenia\u201d, kt\u00f3ra jest archetypem rotacji czasu i ludzkiej \u015bwiadomo\u015bci, wiruj\u0105cej i pozwalaj\u0105cej duszom do\u015bwiadcza\u0107 wielu poziom\u00f3w rzeczywisto\u015bci jednocze\u015bnie.<\/p>\n\n\n<div class=\"wp-block-image\">\n<figure class=\"alignleft size-full\"><img loading=\"lazy\" decoding=\"async\" width=\"199\" height=\"200\" src=\"https:\/\/wia.net.pl\/wp-content\/uploads\/2024\/02\/image-175.png\" alt=\"\" class=\"wp-image-7561\" srcset=\"https:\/\/wia.net.pl\/wp-content\/uploads\/2024\/02\/image-175.png 199w, https:\/\/wia.net.pl\/wp-content\/uploads\/2024\/02\/image-175-150x150.png 150w\" sizes=\"(max-width: 199px) 100vw, 199px\" \/><\/figure><\/div>\n\n\n<p>Dlatego swastyka jest niew\u0105tpliwie jednym z najskuteczniejszych symboli, jakie kiedykolwiek wymy\u015blono i ma g\u0142\u0119bok\u0105 moc, kt\u00f3ra przenika g\u0142\u0119boko w ludzk\u0105 psychik\u0119.<\/p>\n\n\n\n<p>W zwi\u0105zku z tym Towarzystwo Thule u\u017cy\u0142o jako swojego symbolu swastyki z zakrzywionymi ramionami, kt\u00f3ra jest symbolem&nbsp;<a href=\"http:\/\/thirdreichocculthistory.blogspot.co.uk\/2012\/10\/the-vril.html\" target=\"_blank\" rel=\"noreferrer noopener\">Vril<\/a>&nbsp;\u2013 mocy samego stworzenia.<\/p>\n\n\n<div class=\"wp-block-image\">\n<figure class=\"alignright size-full\"><img loading=\"lazy\" decoding=\"async\" width=\"210\" height=\"320\" src=\"https:\/\/wia.net.pl\/wp-content\/uploads\/2024\/02\/image-176.png\" alt=\"\" class=\"wp-image-7562\" srcset=\"https:\/\/wia.net.pl\/wp-content\/uploads\/2024\/02\/image-176.png 210w, https:\/\/wia.net.pl\/wp-content\/uploads\/2024\/02\/image-176-197x300.png 197w\" sizes=\"(max-width: 210px) 100vw, 210px\" \/><\/figure><\/div>\n\n\n<p>Heinrich Schliemann odkry\u0142 symbol swastyki na terenie staro\u017cytnej Troi i powi\u0105za\u0142 go ze staro\u017cytnymi migracjami Proto-indoeuropejczyk\u00f3w.<br>Po\u0142\u0105czy\u0142 go z podobnymi kszta\u0142tami znalezionymi na staro\u017cytnych garnkach w Niemczech i wysun\u0105\u0142 teori\u0119, \u017ce swastyka jest \u201e&nbsp;<em>znacz\u0105cym symbolem religijnym naszych odleg\u0142ych przodk\u00f3w<\/em>&nbsp;\u201d, \u0142\u0105cz\u0105cym kultury germa\u0144skie, greckie i indoira\u0144skie.<\/p>\n\n\n<div class=\"wp-block-image\">\n<figure class=\"alignleft size-full\"><img loading=\"lazy\" decoding=\"async\" width=\"124\" height=\"200\" src=\"https:\/\/wia.net.pl\/wp-content\/uploads\/2024\/02\/image-177.png\" alt=\"\" class=\"wp-image-7563\"\/><\/figure><\/div>\n\n\n<p>Tw\u00f3rczo\u015b\u0107 Schliemanna szybko zosta\u0142a powi\u0105zana z ruchami v\u00f6lkisch, dla kt\u00f3rych swastyka by\u0142a symbolem \u201erasy aryjskiej\u201d, koncepcji, kt\u00f3r\u0105 teoretycy tacy jak Alfred Rosenberg zacz\u0119to uto\u017csamia\u0107 z nordyck\u0105 ras\u0105 pan\u00f3w wywodz\u0105c\u0105 si\u0119 z p\u00f3\u0142nocnej Europy.<\/p>\n\n\n\n<p>Dziwnym zbiegiem okoliczno\u015bci \u2013 a mo\u017ce i nie \u2013 Hitler po raz pierwszy zetkn\u0105\u0142 si\u0119 ze swastyk\u0105, gdy by\u0142 ma\u0142ym ch\u0142opcem w\u015br\u00f3d benedyktyn\u00f3w w opactwie Lambach-am-Traum w G\u00f3rnej Austrii.<br><\/p>\n\n\n\n<p>W Lambach Hitler zobaczy\u0142 swastyk\u0119 wyryt\u0105 na czterech rogach klasztoru, gdzie zosta\u0142a wyrze\u017abiona kilka lat wcze\u015bniej na polecenie opata Theodoricha Hagena.<br><\/p>\n\n\n<div class=\"wp-block-image\">\n<figure class=\"alignleft size-full\"><img loading=\"lazy\" decoding=\"async\" width=\"200\" height=\"157\" src=\"https:\/\/wia.net.pl\/wp-content\/uploads\/2024\/02\/image-178.png\" alt=\"\" class=\"wp-image-7564\"\/><\/figure><\/div>\n\n\n<p>Jako niezwykle uczony duchowny, ojciec Hagen posiada\u0142 znaczn\u0105 wiedz\u0119 z zakresu astrologii i nauk\u00a0<em>okultystycznych<\/em>\u00a0.<br>By\u0142 tak\u017ce specjalist\u0105 od nowotestamentowej Apokalipsy \u015bw. Jana.<\/p>\n\n\n\n<p>W 1856 roku ks. Hagen odby\u0142 d\u0142ug\u0105 podr\u00f3\u017c na Bliski Wsch\u00f3d, odwiedzaj\u0105c m.in. Persj\u0119, Arabi\u0119, Turcj\u0119 i Kaukaz.<br><\/p>\n\n\n\n<p>Po powrocie do Lambach w 1868 roku natychmiast zatrudni\u0142 robotnik\u00f3w i stolarzy, kt\u00f3rym zleci\u0142 wyrze\u017abienie swastyki (na kamieniu i drewnie) w czterech rogach budynku, a nawet na niekt\u00f3rych obiektach sakralnych.<br><\/p>\n\n\n<div class=\"wp-block-image\">\n<figure class=\"alignright size-full\"><img loading=\"lazy\" decoding=\"async\" width=\"320\" height=\"226\" src=\"https:\/\/wia.net.pl\/wp-content\/uploads\/2024\/02\/image-179.png\" alt=\"\" class=\"wp-image-7565\" srcset=\"https:\/\/wia.net.pl\/wp-content\/uploads\/2024\/02\/image-179.png 320w, https:\/\/wia.net.pl\/wp-content\/uploads\/2024\/02\/image-179-300x212.png 300w\" sizes=\"(max-width: 320px) 100vw, 320px\" \/><figcaption class=\"wp-element-caption\">Opactwo Lambach-am-Traum<\/figcaption><\/figure><\/div>\n\n\n<p>Hagen uchodzi\u0142 za eksperta od katar\u00f3w i kilku innych \u015bredniowiecznych herezji, w tym bogomi\u0142\u00f3w.<br><\/p>\n\n\n\n<p>Kiedy m\u0142ody Adolf zosta\u0142 studentem w Lambach, ojciec Hagen ju\u017c zmar\u0142, ale swastyki, kt\u00f3re kaza\u0142 wyrze\u017abi\u0107, nadal tam by\u0142y.<br><\/p>\n\n\n\n<p>Kiedy Hitler przebywa\u0142 w opactwie, w Lambach zatrzyma\u0142 si\u0119 mnich cysters\u00f3w Adolf Joseph Lanz (Liebenfels).<br><\/p>\n\n\n\n<p>Przebywa\u0142 kilka tygodni, zamkni\u0119ty w bibliotece klasztornej, dok\u0142adnie przegl\u0105daj\u0105c i studiuj\u0105c osobiste dokumenty Hagena.<\/p>\n\n\n\n<p>Zakonnicy twierdz\u0105, \u017ce podczas swoich bada\u0144 wykazywa\u0142 oznaki wielkiego wzburzenia, jak u osoby, kt\u00f3ra dokona\u0142a\u00a0<em>wielkiego odkrycia<\/em>\u00a0.<br><\/p>\n\n\n\n<p>Po wizycie w opactwie Lanz wr\u00f3ci\u0142 do Wiednia, gdzie w nast\u0119pnym roku (1900) za\u0142o\u017cy\u0142 Zakon Nowych Templariuszy, podnosz\u0105c flag\u0119 ze swastyk\u0105 nad zamkiem templariuszy, kt\u00f3ry wybra\u0142 na siedzib\u0119 Zakonu.<br><\/p>\n\n\n\n<p>P\u00f3\u017aniej, gdy Hitler by\u0142 m\u0142odym m\u0119\u017cczyzn\u0105, on i Liebenfels spotkali si\u0119 w Wiedniu.<\/p>\n\n\n<div class=\"wp-block-image\">\n<figure class=\"alignleft size-full\"><img loading=\"lazy\" decoding=\"async\" width=\"200\" height=\"198\" src=\"https:\/\/wia.net.pl\/wp-content\/uploads\/2024\/02\/image-180.png\" alt=\"\" class=\"wp-image-7566\" srcset=\"https:\/\/wia.net.pl\/wp-content\/uploads\/2024\/02\/image-180.png 200w, https:\/\/wia.net.pl\/wp-content\/uploads\/2024\/02\/image-180-150x150.png 150w\" sizes=\"(max-width: 200px) 100vw, 200px\" \/><\/figure><\/div>\n\n\n<p>Pochodzenie swastyki Lambach mo\u017cna znale\u017a\u0107 w osobistym herbie opata Theodericha Hagena, kt\u00f3ry widnia\u0142 na niebieskim polu z\u0142ot\u0105 swastyk\u0105 ze sko\u015bnymi punktami.<\/p>\n\n\n\n<p>Swastyka Lambach ma prawdopodobnie pochodzenie \u015bredniowieczne.<\/p>\n\n\n\n<p>Flaga ze swastyk\u0105 przyj\u0119ta przez NSDAP by\u0142a pomys\u0142em cz\u0142onka Thulist Gesellschaft, dentysty ze Sternberg, nazwiskiem dr Krohn.<br>Jego projekt zosta\u0142 nast\u0119pnie zmodyfikowany przez&nbsp;&nbsp;<a href=\"http:\/\/thirdreichocculthistory.blogspot.com\/2011\/07\/case-of-adolf-hitler-hitlers-early-life.html\">Hitlera<\/a>&nbsp;&nbsp;do wersji widocznej po lewej stronie.<\/p>\n\n\n\n<p>Flaga by\u0142a r\u00f3wnie\u017c u\u017cywana jako flaga narodowa Niemiec od 1933 do 1945.<\/p>\n\n\n\n<p>Nationalsozialistische Deutsche Arbeiterpartei (NSDAP) formalnie przyj\u0119\u0142a swastyk\u0119 (w j\u0119zyku niemieckim: Hakenkreuz (krzy\u017c z haczykiem)) w 1920 r.<br><\/p>\n\n\n\n<p>By\u0142a ona u\u017cywana na fladze partii, odznace, i opaska.<br><\/p>\n\n\n\n<p>W swojej pracy Mein Kampf z 1925 r. Adolf Hitler napisa\u0142, \u017ce:<br>\u201e\u00a0<em>W mi\u0119dzyczasie ja sam, po niezliczonych pr\u00f3bach, ustali\u0142em ostateczn\u0105 form\u0119;\u00a0flaga z czerwonym t\u0142em, bia\u0142ym dyskiem i czarn\u0105 swastyk\u0105 po\u015brodku.\u00a0Po d\u0142ugich pr\u00f3bach znalaz\u0142em te\u017c wyra\u017an\u0105 proporcj\u0119 pomi\u0119dzy wielko\u015bci\u0105 flagi a wielko\u015bci\u0105 bia\u0142ego dysku, a tak\u017ce kszta\u0142tem i grubo\u015bci\u0105 swastyki<\/em>\u00a0a&#8217;.<\/p>\n\n\n<div class=\"wp-block-image\">\n<figure class=\"alignleft size-full\"><img loading=\"lazy\" decoding=\"async\" width=\"320\" height=\"192\" src=\"https:\/\/wia.net.pl\/wp-content\/uploads\/2024\/02\/image-181.png\" alt=\"\" class=\"wp-image-7567\" srcset=\"https:\/\/wia.net.pl\/wp-content\/uploads\/2024\/02\/image-181.png 320w, https:\/\/wia.net.pl\/wp-content\/uploads\/2024\/02\/image-181-300x180.png 300w\" sizes=\"(max-width: 320px) 100vw, 320px\" \/><figcaption class=\"wp-element-caption\">Flaga Rzeszy<\/figcaption><\/figure><\/div>\n\n\n<p>Kiedy Hitler stworzy\u0142 flag\u0119 dla NSDAP, stara\u0142 si\u0119 umie\u015bci\u0107 zar\u00f3wno swastyk\u0119, jak i<br>\u201e\u00a0<em>te czcigodne kolory, wyra\u017caj\u0105ce nasz ho\u0142d dla chwalebnej przesz\u0142o\u015bci, kt\u00f3re niegdy\u015b przynios\u0142y tak wiele czci narodowi niemieckiemu.<\/em>\u00a0\u201d (Czerwony, bia\u0142y i czarny by\u0142y kolory flagi starego Cesarstwa Niemieckiego.)<br><\/p>\n\n\n\n<p>Stwierdzi\u0142 tak\u017ce:<br>\u201e\u00a0<em>Jako narodowi socjali\u015bci widzimy nasz program na naszej fladze. Na czerwono widzimy spo\u0142eczn\u0105 ide\u0119 ruchu, na bia\u0142o ide\u0119 nacjonalistyczn\u0105; na swastyka, misja walki o zwyci\u0119stwo cz\u0142owieka aryjskiego, a tym samym zwyci\u0119stwo idei pracy tw\u00f3rczej<\/em>\u00a0.<br><\/p>\n\n\n\n<p>Swastyk\u0119 rozumiano tak\u017ce jako<br>\u201e\u00a0<em>symbol tworz\u0105cego, wp\u0142ywaj\u0105cego na \u017cycie<\/em>\u00a0\u201d (\u00a0<em>das Symbol des schaffenden, wirkenden Lebens<\/em>\u00a0) oraz jako<br>\u201e\u00a0<em>emblemat rasy Aryjczyk\u00f3w<\/em>\u00a0\u201d (Rasseabzeichen der Arier).<br><\/p>\n\n\n\n<p>Co ciekawe, Hitler nie wspomina o swastykach w Lambach.<br><\/p>\n\n\n\n<p>Przed narodowymi socjalistami swastyka by\u0142a ju\u017c u\u017cywana jako symbol niemieckich ruch\u00f3w nacjonalistycznych v\u00f6lkisch (V\u00f6lkische Bewegung).<br><\/p>\n\n\n\n<p>U\u017cycie swastyki zosta\u0142o w\u0142\u0105czone przez teoretyk\u00f3w V\u00f6lkischa do ich przypuszcze\u0144 o aryjskim pochodzeniu kulturowym narodu niemieckiego.<\/p>\n\n\n<div class=\"wp-block-image\">\n<figure class=\"alignleft size-full\"><img loading=\"lazy\" decoding=\"async\" width=\"145\" height=\"200\" src=\"https:\/\/wia.net.pl\/wp-content\/uploads\/2024\/02\/image-182.png\" alt=\"\" class=\"wp-image-7568\"\/><figcaption class=\"wp-element-caption\">Guido von List<\/figcaption><\/figure><\/div>\n\n\n<p>U\u017cycie swastyki jako symbolu rasy aryjskiej si\u0119ga pism Emile\u2019a Burnoufa.<\/p>\n\n\n\n<p>\u00c9mile-Louis Burnouf (26 sierpnia 1821 w Valognes \u2013 stycze\u0144 1907 w Pary\u017cu) by\u0142 czo\u0142owym XIX-wiecznym orientalist\u0105 i rasist\u0105, kt\u00f3rego idee wp\u0142yn\u0119\u0142y na rozw\u00f3j teozofii i aryizmu.<br>By\u0142 profesorem na facult\u00e9 de lettres na Uniwersytecie w Nancy, a nast\u0119pnie dyrektorem szko\u0142y francuskiej w Atenach od 1867 do 1875.<br><\/p>\n\n\n\n<p>By\u0142 tak\u017ce autorem s\u0142ownika sanskrycko-francuskiego.<br><\/p>\n\n\n\n<p>Burnouf uwa\u017ca\u0142, \u017ce prawdziwie religijny temperament maj\u0105 jedynie ludy aryjskie i semickie.\u00a0Nauka udowodni\u0142a, \u017ce \u200b\u200bpierwotn\u0105 tendencj\u0105 lud\u00f3w aryjskich jest panteizm, podczas gdy w\u0142a\u015bciwy monoteizm jest sta\u0142\u0105 doktryn\u0105 ludno\u015bci semickiej.\u00a0S\u0105 to z pewno\u015bci\u0105 dwa wielkie \u0142\u00f3\u017cka, w kt\u00f3rych p\u0142ynie \u015bwi\u0119ty strumie\u0144 ludzko\u015bci.\u00a0Ale fakty pokazuj\u0105, \u017ce na Zachodzie ludy pochodzenia aryjskiego s\u0105 w pewnym sensie semityzowane w chrze\u015bcija\u0144stwie.\u00a0Ca\u0142a Europa jest jednocze\u015bnie aryjska i chrze\u015bcija\u0144ska;\u00a0to znaczy panteistyczny ze wzgl\u0119du na swoje pochodzenie i naturalne usposobienie, ale przyzwyczajony do uznawania dogmatu o stworzeniu pod wp\u0142ywem semickim.<br><\/p>\n\n\n\n<p>W pracach Burnoufa przyjmuje si\u0119 za oczywisto\u015b\u0107 hierarchi\u0119 rasow\u0105, kt\u00f3ra stawia Aryjczyk\u00f3w na szczycie jako ras\u0119 pan\u00f3w.\u00a0Wzorem wielu innych pisarzy niemiecki poeta nacjonalistyczny Guido von List uwa\u017ca\u0142, \u017ce jest to wyj\u0105tkowo aryjski symbol.<\/p>\n\n\n\n<p>Tym, co zainspirowa\u0142o Hitlera do u\u017cycia swastyki jako symbolu NSDAP, poza jej u\u017cyciem w Lambach oraz przez Liebenfelsa i Nowych Templariuszy, by\u0142o jej u\u017cycie przez Thule-Gesellschaft, poniewa\u017c istnia\u0142o wiele powi\u0105za\u0144 mi\u0119dzy Thulistami a DAP .<\/p>\n\n\n<div class=\"wp-block-image\">\n<figure class=\"alignright size-full\"><img loading=\"lazy\" decoding=\"async\" width=\"136\" height=\"200\" src=\"https:\/\/wia.net.pl\/wp-content\/uploads\/2024\/02\/image-183.png\" alt=\"\" class=\"wp-image-7569\"\/><figcaption class=\"wp-element-caption\">Thule Gesellschaft<\/figcaption><\/figure><\/div>\n\n<div class=\"wp-block-image\">\n<figure class=\"alignleft size-full\"><img loading=\"lazy\" decoding=\"async\" width=\"200\" height=\"131\" src=\"https:\/\/wia.net.pl\/wp-content\/uploads\/2024\/02\/image-184.png\" alt=\"\" class=\"wp-image-7570\"\/><figcaption class=\"wp-element-caption\">Jezioro Tegern \u2013 1920<\/figcaption><\/figure><\/div>\n\n\n<p>Od 1919 r. do lata 1921 r. Hitler korzysta\u0142 ze specjalnej biblioteki Nationalsozialistische dr. Friedricha Krohna, bardzo aktywnego cz\u0142onka Thule-Gesellschaft.<br><\/p>\n\n\n\n<p>Doktor Krohn by\u0142 tak\u017ce dentyst\u0105 ze Sternberga, kt\u00f3rego Hitler wymieni\u0142 w \u201eMein Kampf\u201d jako projektanta flagi bardzo podobnej do tej, kt\u00f3r\u0105 Hitler zaprojektowa\u0142 w 1920 r.<br><\/p>\n\n\n\n<p>Latem 1920 r. nad Tegernsee pokazano pierwsz\u0105 flag\u0119 partii.<br>Te wczesne flagi domowej roboty nie zosta\u0142y zachowane.<br><\/p>\n\n\n\n<p>Flaga Ortsgruppe M\u00fcnchen (Lokalna Grupa Monachium) by\u0142a powszechnie uwa\u017cana za pierwsz\u0105 flag\u0119 partii.<\/p>\n\n\n<div class=\"wp-block-image\">\n<figure class=\"alignleft size-full\"><img loading=\"lazy\" decoding=\"async\" width=\"320\" height=\"225\" src=\"https:\/\/wia.net.pl\/wp-content\/uploads\/2024\/02\/image-185.png\" alt=\"\" class=\"wp-image-7571\" srcset=\"https:\/\/wia.net.pl\/wp-content\/uploads\/2024\/02\/image-185.png 320w, https:\/\/wia.net.pl\/wp-content\/uploads\/2024\/02\/image-185-300x211.png 300w\" sizes=\"(max-width: 320px) 100vw, 320px\" \/><figcaption class=\"wp-element-caption\">Nowa flaga ze swastyk\u0105 templariuszy<\/figcaption><\/figure><\/div>\n\n<div class=\"wp-block-image\">\n<figure class=\"alignright size-full\"><img loading=\"lazy\" decoding=\"async\" width=\"158\" height=\"200\" src=\"https:\/\/wia.net.pl\/wp-content\/uploads\/2024\/02\/image-186.png\" alt=\"\" class=\"wp-image-7572\"\/><figcaption class=\"wp-element-caption\">J\u00f6rg Lanz von Liebenfels<\/figcaption><\/figure><\/div>\n\n\n<p>Jednak\u017ce po raz pierwszy swastyka zosta\u0142a u\u017cyta w \u201earyjskim\u201d znaczeniu 25 grudnia 1907 r., kiedy samozwa\u0144czy Zakon Nowych Templariuszy, tajne stowarzyszenie za\u0142o\u017cone przez J\u00f6rga Lanza von Liebenfelsa, podni\u00f3s\u0142 si\u0119 na zamku Werfenstein (Austria) ) \u017c\u00f3\u0142t\u0105 flag\u0119 ze swastyk\u0105 i czterema fleurs-de-lys.<\/p>\n\n\n\n<p>Jednak Liebenfels czerpa\u0142 z ju\u017c ustalonego u\u017cycia tego symbolu.<br>14 marca 1933 r., wkr\u00f3tce po mianowaniu Hitlera na kanclerza Niemiec, obok barw narodowych Niemiec wywieszono flag\u0119 NSDAP.<br><\/p>\n\n\n\n<p>Zosta\u0142a przyj\u0119ta jako jedyna flaga narodowa 15 wrze\u015bnia 1935 roku.<\/p>\n\n\n\n<p>Swastyk\u0119 skierowan\u0105 w prawo mo\u017cna opisa\u0107 jako \u201ezgodnie z ruchem wskaz\u00f3wek zegara\u201d lub \u201eprzeciwnie do ruchu wskaz\u00f3wek zegara\u201d.<br>Swastyka z\u0142o\u017cona z 17 kwadrat\u00f3w w siatce 5&#215;5.&nbsp;<\/p>\n\n\n\n<p>Geometrycznie swastyk\u0119 mo\u017cna uzna\u0107 za nieregularny dwudziestok\u0105t lub wielok\u0105t o 20 bokach.<\/p>\n\n\n\n<p>Proporcje swastyki NSDAP ustalono w oparciu o uko\u015bn\u0105 siatk\u0119 5\u00d75.<br>Cech\u0105 charakterystyczn\u0105 jest symetria obrotowa i chiralno\u015b\u0107 pod k\u0105tem 90\u00b0, st\u0105d brak symetrii odbicia oraz istnienie dw\u00f3ch wersji swastyk, kt\u00f3re s\u0105 dla siebie lustrzanym odbiciem.<\/p>\n\n\n<div class=\"wp-block-image\">\n<figure class=\"alignleft size-full is-resized\"><img loading=\"lazy\" decoding=\"async\" width=\"90\" height=\"90\" src=\"https:\/\/wia.net.pl\/wp-content\/uploads\/2024\/02\/image-187.png\" alt=\"\" class=\"wp-image-7573\" style=\"width:125px;height:auto\"\/><\/figure><\/div>\n\n<div class=\"wp-block-image\">\n<figure class=\"alignright size-full is-resized\"><img loading=\"lazy\" decoding=\"async\" width=\"90\" height=\"90\" src=\"https:\/\/wia.net.pl\/wp-content\/uploads\/2024\/02\/image-188.png\" alt=\"\" class=\"wp-image-7574\" style=\"width:122px;height:auto\"\/><\/figure><\/div>\n\n\n<p>Formy lustrzanego odbicia s\u0105 cz\u0119sto opisywane jako:<br><\/p>\n\n\n\n<p>zgodne z ruchem wskaz\u00f3wek zegara i przeciwnie do ruchu wskaz\u00f3wek zegara;<br>skierowane w lewo i w prawo;<br>lew\u0105 i praw\u0105 r\u0119k\u0105.<\/p>\n\n\n\n<p>\u201eSkierowana w lewo\u201d i \u201eskierowana w prawo\u201d s\u0105 u\u017cywane najcz\u0119\u015bciej konsekwentnie w odniesieniu do ramienia pionowej swastyki zwr\u00f3conej w lewo (\u534d) lub w prawo (\u5350).\u00a0Pozosta\u0142e dwa opisy s\u0105 niejednoznaczne, poniewa\u017c nie jest jasne, czy odnosz\u0105 si\u0119 do ramion prowadz\u0105cych, czy ci\u0105gnionych, ani te\u017c czy ich zgi\u0119cie jest postrzegane na zewn\u0105trz czy do wewn\u0105trz.\u00a0<\/p>\n\n\n\n<p>Jednak \u201ezgodnie z ruchem wskaz\u00f3wek zegara\u201d zwykle odnosi si\u0119 do swastyki \u201eskierowanej w prawo\u201d.\u00a0<\/p>\n\n\n\n<p>W dzisiejszych czasach terminy te s\u0105 u\u017cywane niekonsekwentnie, co jest myl\u0105ce i mo\u017ce zaciemnia\u0107 wa\u017cn\u0105 kwesti\u0119, a mianowicie fakt, \u017ce obr\u00f3t swastyki mo\u017ce mie\u0107 znaczenie symboliczne, chocia\u017c staro\u017cytne pisma wedyjskie opisuj\u0105 symboliczne znaczenie ruchu zegara i ruchu przeciwzegara.\u00a0<\/p>\n\n\n\n<p>Mniej dwuznacznymi terminami mog\u0105 by\u0107 \u201eskierowany zgodnie z ruchem wskaz\u00f3wek zegara\u201d i \u201eskierowany przeciwnie do ruchu wskaz\u00f3wek zegara\u201d.<\/p>\n\n\n\n<p>Chor\u0105gwie Trzeciej Rzeszy mia\u0142y obraz na wskro\u015b, wi\u0119c wyst\u0119powa\u0142y obie wersje, po jednej z ka\u017cdej strony, ale flaga Trzeciej Rzeszy na l\u0105dzie by\u0142a skierowana w prawo po obu stronach i obr\u00f3cona o 45 \u00b0.<\/p>\n\n\n\n<p>\u0179r\u00f3d\u0142o: <a href=\"http:\/\/thirdreichocculthistory.blogspot.com\/2013\/09\/the-occult-swastika.html\" target=\"_blank\" rel=\"noopener\" title=\"\">http:\/\/thirdreichocculthistory.blogspot.com\/2013\/09\/the-occult-swastika.html<\/a><\/p>\n","protected":false},"excerpt":{"rendered":"<p>Swastyka to staro\u017cytny symbol u\u017cywany od ponad 3000 lat.\u00a0 To nawet poprzedza staro\u017cytny egipski symbol, Ankh! Artefakty takie jak ceramika i monety ze staro\u017cytnej Troi (patrz poni\u017cej) pokazuj\u0105, \u017ce swastyka by\u0142a powszechnie u\u017cywanym symbolem ju\u017c w 1000 roku p.n.e. Symbol&#8230; <\/p>\n","protected":false},"author":3,"featured_media":7577,"comment_status":"open","ping_status":"open","sticky":false,"template":"","format":"standard","meta":{"_acf_changed":false,"_bbp_topic_count":0,"_bbp_reply_count":0,"_bbp_total_topic_count":0,"_bbp_total_reply_count":0,"_bbp_voice_count":0,"_bbp_anonymous_reply_count":0,"_bbp_topic_count_hidden":0,"_bbp_reply_count_hidden":0,"_bbp_forum_subforum_count":0,"om_disable_all_campaigns":false,"_monsterinsights_skip_tracking":false,"footnotes":""},"categories":[93],"tags":[68,63,42,71,26,23,32,22,70,62],"class_list":["post-7543","post","type-post","status-publish","format-standard","has-post-thumbnail","hentry","category-artykuly","tag-cesarstwo-rzymskie","tag-historia-ziemi","tag-illuminati","tag-kosciol-katolicki","tag-ludzkosc","tag-niewolnictwo","tag-rzad","tag-satanizm","tag-tajne-stowarzyszenia","tag-wszechswiat"],"acf":[],"aioseo_notices":[],"aioseo_head":"\n\t\t<!-- All in One SEO 5.0.1.1 - aioseo.com -->\n\t<meta name=\"description\" content=\"Swastyka to staro\u017cytny symbol u\u017cywany od ponad 3000 lat. To nawet poprzedza staro\u017cytny egipski symbol, Ankh! Artefakty takie jak ceramika i monety ze staro\u017cytnej Troi (patrz poni\u017cej) pokazuj\u0105, \u017ce swastyka by\u0142a powszechnie u\u017cywanym symbolem ju\u017c w 1000 roku p.n.e. Symbol czterostronnej swastyki jest archetypem rotacji czasu i \u015bwiadomo\u015bci - poruszaj\u0105cych si\u0119 zgodnie z ruchem wskaz\u00f3wek\" \/>\n\t<meta name=\"robots\" content=\"max-image-preview:large\" \/>\n\t<meta name=\"author\" content=\"Bart\u0142omiej Talarczyk\"\/>\n\t<link rel=\"canonical\" href=\"https:\/\/wia.net.pl\/index.php\/2024\/02\/27\/swastyka\/\" \/>\n\t<meta name=\"generator\" content=\"All in One SEO (AIOSEO) 5.0.1.1\" \/>\n\t\t<meta property=\"og:locale\" content=\"pl_PL\" \/>\n\t\t<meta property=\"og:site_name\" content=\"Wolno\u015b\u0107 i Anarchia - Ka\u017cdy wewn\u0119trznie jest anarchist\u0105.\" \/>\n\t\t<meta property=\"og:type\" content=\"article\" \/>\n\t\t<meta property=\"og:title\" content=\"Okultystyczna Swastyka - Wolno\u015b\u0107 i Anarchia\" \/>\n\t\t<meta property=\"og:description\" content=\"Swastyka to staro\u017cytny symbol u\u017cywany od ponad 3000 lat. To nawet poprzedza staro\u017cytny egipski symbol, Ankh! Artefakty takie jak ceramika i monety ze staro\u017cytnej Troi (patrz poni\u017cej) pokazuj\u0105, \u017ce swastyka by\u0142a powszechnie u\u017cywanym symbolem ju\u017c w 1000 roku p.n.e. Symbol czterostronnej swastyki jest archetypem rotacji czasu i \u015bwiadomo\u015bci - poruszaj\u0105cych si\u0119 zgodnie z ruchem wskaz\u00f3wek\" \/>\n\t\t<meta property=\"og:url\" content=\"https:\/\/wia.net.pl\/index.php\/2024\/02\/27\/swastyka\/\" \/>\n\t\t<meta property=\"og:image\" content=\"https:\/\/wia.net.pl\/wp-content\/uploads\/2023\/11\/cropped-freedom-i73367.jpg\" \/>\n\t\t<meta property=\"og:image:secure_url\" content=\"https:\/\/wia.net.pl\/wp-content\/uploads\/2023\/11\/cropped-freedom-i73367.jpg\" \/>\n\t\t<meta property=\"article:published_time\" content=\"2024-02-27T01:24:44+00:00\" \/>\n\t\t<meta property=\"article:modified_time\" content=\"2024-02-27T01:28:52+00:00\" \/>\n\t\t<meta name=\"twitter:card\" content=\"summary_large_image\" \/>\n\t\t<meta name=\"twitter:title\" content=\"Okultystyczna Swastyka - Wolno\u015b\u0107 i Anarchia\" \/>\n\t\t<meta name=\"twitter:description\" content=\"Swastyka to staro\u017cytny symbol u\u017cywany od ponad 3000 lat. To nawet poprzedza staro\u017cytny egipski symbol, Ankh! Artefakty takie jak ceramika i monety ze staro\u017cytnej Troi (patrz poni\u017cej) pokazuj\u0105, \u017ce swastyka by\u0142a powszechnie u\u017cywanym symbolem ju\u017c w 1000 roku p.n.e. Symbol czterostronnej swastyki jest archetypem rotacji czasu i \u015bwiadomo\u015bci - poruszaj\u0105cych si\u0119 zgodnie z ruchem wskaz\u00f3wek\" \/>\n\t\t<meta name=\"twitter:image\" content=\"https:\/\/wia.net.pl\/wp-content\/uploads\/2023\/11\/cropped-freedom-i73367.jpg\" \/>\n\t\t<script type=\"application\/ld+json\" class=\"aioseo-schema\">\n\t\t\t{\"@context\":\"https:\\\/\\\/schema.org\",\"@graph\":[{\"@type\":\"BlogPosting\",\"@id\":\"https:\\\/\\\/wia.net.pl\\\/index.php\\\/2024\\\/02\\\/27\\\/swastyka\\\/#blogposting\",\"name\":\"Okultystyczna Swastyka - Wolno\\u015b\\u0107 i Anarchia\",\"headline\":\"Okultystyczna Swastyka\",\"author\":{\"@id\":\"https:\\\/\\\/wia.net.pl\\\/index.php\\\/author\\\/talar\\\/#author\"},\"publisher\":{\"@id\":\"https:\\\/\\\/wia.net.pl\\\/#person\"},\"image\":{\"@type\":\"ImageObject\",\"url\":\"https:\\\/\\\/wia.net.pl\\\/wp-content\\\/uploads\\\/2024\\\/02\\\/aa.jpg\",\"width\":1920,\"height\":1080},\"datePublished\":\"2024-02-27T02:24:44+01:00\",\"dateModified\":\"2024-02-27T02:28:52+01:00\",\"inLanguage\":\"pl-PL\",\"mainEntityOfPage\":{\"@id\":\"https:\\\/\\\/wia.net.pl\\\/index.php\\\/2024\\\/02\\\/27\\\/swastyka\\\/#webpage\"},\"isPartOf\":{\"@id\":\"https:\\\/\\\/wia.net.pl\\\/index.php\\\/2024\\\/02\\\/27\\\/swastyka\\\/#webpage\"},\"articleSection\":\"Artyku\\u0142y, Cesarstwo Rzymskie, Historia ziemi, Illuminati, Ko\\u015bci\\u00f3\\u0142 katolicki, Ludzko\\u015b\\u0107, Niewolnictwo, Rz\\u0105d, Satanizm, Tajne stowarzyszenia, Wszech\\u015bwiat\"},{\"@type\":\"BreadcrumbList\",\"@id\":\"https:\\\/\\\/wia.net.pl\\\/index.php\\\/2024\\\/02\\\/27\\\/swastyka\\\/#breadcrumblist\",\"itemListElement\":[{\"@type\":\"ListItem\",\"@id\":\"https:\\\/\\\/wia.net.pl#listItem\",\"position\":1,\"name\":\"Home\",\"item\":\"https:\\\/\\\/wia.net.pl\",\"nextItem\":{\"@type\":\"ListItem\",\"@id\":\"https:\\\/\\\/wia.net.pl\\\/index.php\\\/category\\\/artykuly\\\/#listItem\",\"name\":\"Artyku\\u0142y\"}},{\"@type\":\"ListItem\",\"@id\":\"https:\\\/\\\/wia.net.pl\\\/index.php\\\/category\\\/artykuly\\\/#listItem\",\"position\":2,\"name\":\"Artyku\\u0142y\",\"item\":\"https:\\\/\\\/wia.net.pl\\\/index.php\\\/category\\\/artykuly\\\/\",\"nextItem\":{\"@type\":\"ListItem\",\"@id\":\"https:\\\/\\\/wia.net.pl\\\/index.php\\\/2024\\\/02\\\/27\\\/swastyka\\\/#listItem\",\"name\":\"Okultystyczna Swastyka\"},\"previousItem\":{\"@type\":\"ListItem\",\"@id\":\"https:\\\/\\\/wia.net.pl#listItem\",\"name\":\"Home\"}},{\"@type\":\"ListItem\",\"@id\":\"https:\\\/\\\/wia.net.pl\\\/index.php\\\/2024\\\/02\\\/27\\\/swastyka\\\/#listItem\",\"position\":3,\"name\":\"Okultystyczna Swastyka\",\"previousItem\":{\"@type\":\"ListItem\",\"@id\":\"https:\\\/\\\/wia.net.pl\\\/index.php\\\/category\\\/artykuly\\\/#listItem\",\"name\":\"Artyku\\u0142y\"}}]},{\"@type\":\"Person\",\"@id\":\"https:\\\/\\\/wia.net.pl\\\/#person\",\"name\":\"Bart\\u0142omiej Talarczyk\",\"image\":{\"@type\":\"ImageObject\",\"@id\":\"https:\\\/\\\/wia.net.pl\\\/index.php\\\/2024\\\/02\\\/27\\\/swastyka\\\/#personImage\",\"url\":\"https:\\\/\\\/wia.net.pl\\\/wp-content\\\/uploads\\\/avatar-privacy\\\/cache\\\/user\\\/1\\\/7\\\/176a6b161c58363ff49b5c167264231f519f5c7fa183ca1f61e891769b6b56d5-96.jpg\",\"width\":96,\"height\":96,\"caption\":\"Bart\\u0142omiej Talarczyk\"}},{\"@type\":\"Person\",\"@id\":\"https:\\\/\\\/wia.net.pl\\\/index.php\\\/author\\\/talar\\\/#author\",\"url\":\"https:\\\/\\\/wia.net.pl\\\/index.php\\\/author\\\/talar\\\/\",\"name\":\"Bart\\u0142omiej Talarczyk\",\"image\":{\"@type\":\"ImageObject\",\"@id\":\"https:\\\/\\\/wia.net.pl\\\/index.php\\\/2024\\\/02\\\/27\\\/swastyka\\\/#authorImage\",\"url\":\"https:\\\/\\\/wia.net.pl\\\/wp-content\\\/uploads\\\/avatar-privacy\\\/cache\\\/user\\\/1\\\/7\\\/176a6b161c58363ff49b5c167264231f519f5c7fa183ca1f61e891769b6b56d5-96.jpg\",\"width\":96,\"height\":96,\"caption\":\"Bart\\u0142omiej Talarczyk\"}},{\"@type\":\"WebPage\",\"@id\":\"https:\\\/\\\/wia.net.pl\\\/index.php\\\/2024\\\/02\\\/27\\\/swastyka\\\/#webpage\",\"url\":\"https:\\\/\\\/wia.net.pl\\\/index.php\\\/2024\\\/02\\\/27\\\/swastyka\\\/\",\"name\":\"Okultystyczna Swastyka - Wolno\\u015b\\u0107 i Anarchia\",\"description\":\"Swastyka to staro\\u017cytny symbol u\\u017cywany od ponad 3000 lat. To nawet poprzedza staro\\u017cytny egipski symbol, Ankh! Artefakty takie jak ceramika i monety ze staro\\u017cytnej Troi (patrz poni\\u017cej) pokazuj\\u0105, \\u017ce swastyka by\\u0142a powszechnie u\\u017cywanym symbolem ju\\u017c w 1000 roku p.n.e. Symbol czterostronnej swastyki jest archetypem rotacji czasu i \\u015bwiadomo\\u015bci - poruszaj\\u0105cych si\\u0119 zgodnie z ruchem wskaz\\u00f3wek\",\"inLanguage\":\"pl-PL\",\"isPartOf\":{\"@id\":\"https:\\\/\\\/wia.net.pl\\\/#website\"},\"breadcrumb\":{\"@id\":\"https:\\\/\\\/wia.net.pl\\\/index.php\\\/2024\\\/02\\\/27\\\/swastyka\\\/#breadcrumblist\"},\"author\":{\"@id\":\"https:\\\/\\\/wia.net.pl\\\/index.php\\\/author\\\/talar\\\/#author\"},\"creator\":{\"@id\":\"https:\\\/\\\/wia.net.pl\\\/index.php\\\/author\\\/talar\\\/#author\"},\"image\":{\"@type\":\"ImageObject\",\"url\":\"https:\\\/\\\/wia.net.pl\\\/wp-content\\\/uploads\\\/2024\\\/02\\\/aa.jpg\",\"@id\":\"https:\\\/\\\/wia.net.pl\\\/index.php\\\/2024\\\/02\\\/27\\\/swastyka\\\/#mainImage\",\"width\":1920,\"height\":1080},\"primaryImageOfPage\":{\"@id\":\"https:\\\/\\\/wia.net.pl\\\/index.php\\\/2024\\\/02\\\/27\\\/swastyka\\\/#mainImage\"},\"datePublished\":\"2024-02-27T02:24:44+01:00\",\"dateModified\":\"2024-02-27T02:28:52+01:00\"},{\"@type\":\"WebSite\",\"@id\":\"https:\\\/\\\/wia.net.pl\\\/#website\",\"url\":\"https:\\\/\\\/wia.net.pl\\\/\",\"name\":\"Wolno\\u015b\\u0107 i Anarchia\",\"description\":\"Ka\\u017cdy wewn\\u0119trznie jest anarchist\\u0105.\",\"inLanguage\":\"pl-PL\",\"publisher\":{\"@id\":\"https:\\\/\\\/wia.net.pl\\\/#person\"}}]}\n\t\t<\/script>\n\t\t<!-- All in One SEO -->\n\n","aioseo_head_json":{"title":"Okultystyczna Swastyka - Wolno\u015b\u0107 i Anarchia","description":"Swastyka to staro\u017cytny symbol u\u017cywany od ponad 3000 lat. To nawet poprzedza staro\u017cytny egipski symbol, Ankh! Artefakty takie jak ceramika i monety ze staro\u017cytnej Troi (patrz poni\u017cej) pokazuj\u0105, \u017ce swastyka by\u0142a powszechnie u\u017cywanym symbolem ju\u017c w 1000 roku p.n.e. Symbol czterostronnej swastyki jest archetypem rotacji czasu i \u015bwiadomo\u015bci - poruszaj\u0105cych si\u0119 zgodnie z ruchem wskaz\u00f3wek","canonical_url":"https:\/\/wia.net.pl\/index.php\/2024\/02\/27\/swastyka\/","robots":"max-image-preview:large","keywords":"","webmasterTools":{"miscellaneous":""},"schema":{"@context":"https:\/\/schema.org","@graph":[{"@type":"BlogPosting","@id":"https:\/\/wia.net.pl\/index.php\/2024\/02\/27\/swastyka\/#blogposting","name":"Okultystyczna Swastyka - Wolno\u015b\u0107 i Anarchia","headline":"Okultystyczna Swastyka","author":{"@id":"https:\/\/wia.net.pl\/index.php\/author\/talar\/#author"},"publisher":{"@id":"https:\/\/wia.net.pl\/#person"},"image":{"@type":"ImageObject","url":"https:\/\/wia.net.pl\/wp-content\/uploads\/2024\/02\/aa.jpg","width":1920,"height":1080},"datePublished":"2024-02-27T02:24:44+01:00","dateModified":"2024-02-27T02:28:52+01:00","inLanguage":"pl-PL","mainEntityOfPage":{"@id":"https:\/\/wia.net.pl\/index.php\/2024\/02\/27\/swastyka\/#webpage"},"isPartOf":{"@id":"https:\/\/wia.net.pl\/index.php\/2024\/02\/27\/swastyka\/#webpage"},"articleSection":"Artyku\u0142y, Cesarstwo Rzymskie, Historia ziemi, Illuminati, Ko\u015bci\u00f3\u0142 katolicki, Ludzko\u015b\u0107, Niewolnictwo, Rz\u0105d, Satanizm, Tajne stowarzyszenia, Wszech\u015bwiat"},{"@type":"BreadcrumbList","@id":"https:\/\/wia.net.pl\/index.php\/2024\/02\/27\/swastyka\/#breadcrumblist","itemListElement":[{"@type":"ListItem","@id":"https:\/\/wia.net.pl#listItem","position":1,"name":"Home","item":"https:\/\/wia.net.pl","nextItem":{"@type":"ListItem","@id":"https:\/\/wia.net.pl\/index.php\/category\/artykuly\/#listItem","name":"Artyku\u0142y"}},{"@type":"ListItem","@id":"https:\/\/wia.net.pl\/index.php\/category\/artykuly\/#listItem","position":2,"name":"Artyku\u0142y","item":"https:\/\/wia.net.pl\/index.php\/category\/artykuly\/","nextItem":{"@type":"ListItem","@id":"https:\/\/wia.net.pl\/index.php\/2024\/02\/27\/swastyka\/#listItem","name":"Okultystyczna Swastyka"},"previousItem":{"@type":"ListItem","@id":"https:\/\/wia.net.pl#listItem","name":"Home"}},{"@type":"ListItem","@id":"https:\/\/wia.net.pl\/index.php\/2024\/02\/27\/swastyka\/#listItem","position":3,"name":"Okultystyczna Swastyka","previousItem":{"@type":"ListItem","@id":"https:\/\/wia.net.pl\/index.php\/category\/artykuly\/#listItem","name":"Artyku\u0142y"}}]},{"@type":"Person","@id":"https:\/\/wia.net.pl\/#person","name":"Bart\u0142omiej Talarczyk","image":{"@type":"ImageObject","@id":"https:\/\/wia.net.pl\/index.php\/2024\/02\/27\/swastyka\/#personImage","url":"https:\/\/wia.net.pl\/wp-content\/uploads\/avatar-privacy\/cache\/user\/1\/7\/176a6b161c58363ff49b5c167264231f519f5c7fa183ca1f61e891769b6b56d5-96.jpg","width":96,"height":96,"caption":"Bart\u0142omiej Talarczyk"}},{"@type":"Person","@id":"https:\/\/wia.net.pl\/index.php\/author\/talar\/#author","url":"https:\/\/wia.net.pl\/index.php\/author\/talar\/","name":"Bart\u0142omiej Talarczyk","image":{"@type":"ImageObject","@id":"https:\/\/wia.net.pl\/index.php\/2024\/02\/27\/swastyka\/#authorImage","url":"https:\/\/wia.net.pl\/wp-content\/uploads\/avatar-privacy\/cache\/user\/1\/7\/176a6b161c58363ff49b5c167264231f519f5c7fa183ca1f61e891769b6b56d5-96.jpg","width":96,"height":96,"caption":"Bart\u0142omiej Talarczyk"}},{"@type":"WebPage","@id":"https:\/\/wia.net.pl\/index.php\/2024\/02\/27\/swastyka\/#webpage","url":"https:\/\/wia.net.pl\/index.php\/2024\/02\/27\/swastyka\/","name":"Okultystyczna Swastyka - Wolno\u015b\u0107 i Anarchia","description":"Swastyka to staro\u017cytny symbol u\u017cywany od ponad 3000 lat. To nawet poprzedza staro\u017cytny egipski symbol, Ankh! Artefakty takie jak ceramika i monety ze staro\u017cytnej Troi (patrz poni\u017cej) pokazuj\u0105, \u017ce swastyka by\u0142a powszechnie u\u017cywanym symbolem ju\u017c w 1000 roku p.n.e. Symbol czterostronnej swastyki jest archetypem rotacji czasu i \u015bwiadomo\u015bci - poruszaj\u0105cych si\u0119 zgodnie z ruchem wskaz\u00f3wek","inLanguage":"pl-PL","isPartOf":{"@id":"https:\/\/wia.net.pl\/#website"},"breadcrumb":{"@id":"https:\/\/wia.net.pl\/index.php\/2024\/02\/27\/swastyka\/#breadcrumblist"},"author":{"@id":"https:\/\/wia.net.pl\/index.php\/author\/talar\/#author"},"creator":{"@id":"https:\/\/wia.net.pl\/index.php\/author\/talar\/#author"},"image":{"@type":"ImageObject","url":"https:\/\/wia.net.pl\/wp-content\/uploads\/2024\/02\/aa.jpg","@id":"https:\/\/wia.net.pl\/index.php\/2024\/02\/27\/swastyka\/#mainImage","width":1920,"height":1080},"primaryImageOfPage":{"@id":"https:\/\/wia.net.pl\/index.php\/2024\/02\/27\/swastyka\/#mainImage"},"datePublished":"2024-02-27T02:24:44+01:00","dateModified":"2024-02-27T02:28:52+01:00"},{"@type":"WebSite","@id":"https:\/\/wia.net.pl\/#website","url":"https:\/\/wia.net.pl\/","name":"Wolno\u015b\u0107 i Anarchia","description":"Ka\u017cdy wewn\u0119trznie jest anarchist\u0105.","inLanguage":"pl-PL","publisher":{"@id":"https:\/\/wia.net.pl\/#person"}}]},"og:locale":"pl_PL","og:site_name":"Wolno\u015b\u0107 i Anarchia - Ka\u017cdy wewn\u0119trznie jest anarchist\u0105.","og:type":"article","og:title":"Okultystyczna Swastyka - Wolno\u015b\u0107 i Anarchia","og:description":"Swastyka to staro\u017cytny symbol u\u017cywany od ponad 3000 lat. To nawet poprzedza staro\u017cytny egipski symbol, Ankh! Artefakty takie jak ceramika i monety ze staro\u017cytnej Troi (patrz poni\u017cej) pokazuj\u0105, \u017ce swastyka by\u0142a powszechnie u\u017cywanym symbolem ju\u017c w 1000 roku p.n.e. Symbol czterostronnej swastyki jest archetypem rotacji czasu i \u015bwiadomo\u015bci - poruszaj\u0105cych si\u0119 zgodnie z ruchem wskaz\u00f3wek","og:url":"https:\/\/wia.net.pl\/index.php\/2024\/02\/27\/swastyka\/","og:image":"https:\/\/wia.net.pl\/wp-content\/uploads\/2023\/11\/cropped-freedom-i73367.jpg","og:image:secure_url":"https:\/\/wia.net.pl\/wp-content\/uploads\/2023\/11\/cropped-freedom-i73367.jpg","article:published_time":"2024-02-27T01:24:44+00:00","article:modified_time":"2024-02-27T01:28:52+00:00","twitter:card":"summary_large_image","twitter:title":"Okultystyczna Swastyka - Wolno\u015b\u0107 i Anarchia","twitter:description":"Swastyka to staro\u017cytny symbol u\u017cywany od ponad 3000 lat. To nawet poprzedza staro\u017cytny egipski symbol, Ankh! Artefakty takie jak ceramika i monety ze staro\u017cytnej Troi (patrz poni\u017cej) pokazuj\u0105, \u017ce swastyka by\u0142a powszechnie u\u017cywanym symbolem ju\u017c w 1000 roku p.n.e. Symbol czterostronnej swastyki jest archetypem rotacji czasu i \u015bwiadomo\u015bci - poruszaj\u0105cych si\u0119 zgodnie z ruchem wskaz\u00f3wek","twitter:image":"https:\/\/wia.net.pl\/wp-content\/uploads\/2023\/11\/cropped-freedom-i73367.jpg"},"aioseo_meta_data":{"post_id":"7543","title":null,"description":null,"keywords":[],"keyphrases":{"focus":{"keyphrase":"","score":0,"analysis":{"keyphraseInTitle":{"score":0,"maxScore":9,"error":1}}},"additional":[]},"primary_term":null,"canonical_url":null,"og_title":null,"og_description":null,"og_object_type":"default","og_image_type":"default","og_image_url":null,"og_image_width":null,"og_image_height":null,"og_image_custom_url":null,"og_image_custom_fields":null,"og_video":"","og_custom_url":null,"og_article_section":null,"og_article_tags":[],"twitter_use_og":false,"twitter_card":"default","twitter_image_type":"default","twitter_image_url":null,"twitter_image_custom_url":null,"twitter_image_custom_fields":null,"twitter_title":null,"twitter_description":null,"schema":{"blockGraphs":[],"customGraphs":[],"default":{"data":{"Article":[],"Course":[],"Dataset":[],"FAQPage":[],"Movie":[],"Person":[],"Product":[],"ProductReview":[],"Car":[],"Recipe":[],"Service":[],"SoftwareApplication":[],"WebPage":[]},"graphName":"BlogPosting","isEnabled":true},"graphs":[]},"schema_type":"default","schema_type_options":null,"pillar_content":false,"robots_default":true,"robots_noindex":false,"robots_noarchive":false,"robots_nosnippet":false,"robots_nofollow":false,"robots_noimageindex":false,"robots_noodp":false,"robots_notranslate":false,"robots_max_snippet":"-1","robots_max_videopreview":"-1","robots_max_imagepreview":"large","priority":null,"frequency":"default","local_seo":null,"breadcrumb_settings":null,"limit_modified_date":false,"ai":null,"created":"2024-02-27 01:24:45","updated":"2025-06-04 10:18:43","seo_analyzer_scan_date":null,"focus_keyword":null,"additional_keywords":null,"truseo_locale":null},"aioseo_breadcrumb":"<div class=\"aioseo-breadcrumbs\"><span class=\"aioseo-breadcrumb\">\n\t\t\t<a href=\"https:\/\/wia.net.pl\" title=\"Home\">Home<\/a>\n\t\t<\/span><span class=\"aioseo-breadcrumb-separator\">&raquo;<\/span><span class=\"aioseo-breadcrumb\">\n\t\t\t<a href=\"https:\/\/wia.net.pl\/index.php\/category\/artykuly\/\" title=\"Artyku\u0142y\">Artyku\u0142y<\/a>\n\t\t<\/span><span class=\"aioseo-breadcrumb-separator\">&raquo;<\/span><span class=\"aioseo-breadcrumb\">\n\t\t\tOkultystyczna Swastyka\n\t\t<\/span><\/div>","aioseo_breadcrumb_json":[{"label":"Home","link":"https:\/\/wia.net.pl"},{"label":"Artyku\u0142y","link":"https:\/\/wia.net.pl\/index.php\/category\/artykuly\/"},{"label":"Okultystyczna Swastyka","link":"https:\/\/wia.net.pl\/index.php\/2024\/02\/27\/swastyka\/"}],"_links":{"self":[{"href":"https:\/\/wia.net.pl\/index.php\/wp-json\/wp\/v2\/posts\/7543"}],"collection":[{"href":"https:\/\/wia.net.pl\/index.php\/wp-json\/wp\/v2\/posts"}],"about":[{"href":"https:\/\/wia.net.pl\/index.php\/wp-json\/wp\/v2\/types\/post"}],"author":[{"embeddable":true,"href":"https:\/\/wia.net.pl\/index.php\/wp-json\/wp\/v2\/users\/3"}],"replies":[{"embeddable":true,"href":"https:\/\/wia.net.pl\/index.php\/wp-json\/wp\/v2\/comments?post=7543"}],"version-history":[{"count":2,"href":"https:\/\/wia.net.pl\/index.php\/wp-json\/wp\/v2\/posts\/7543\/revisions"}],"predecessor-version":[{"id":7576,"href":"https:\/\/wia.net.pl\/index.php\/wp-json\/wp\/v2\/posts\/7543\/revisions\/7576"}],"wp:featuredmedia":[{"embeddable":true,"href":"https:\/\/wia.net.pl\/index.php\/wp-json\/wp\/v2\/media\/7577"}],"wp:attachment":[{"href":"https:\/\/wia.net.pl\/index.php\/wp-json\/wp\/v2\/media?parent=7543"}],"wp:term":[{"taxonomy":"category","embeddable":true,"href":"https:\/\/wia.net.pl\/index.php\/wp-json\/wp\/v2\/categories?post=7543"},{"taxonomy":"post_tag","embeddable":true,"href":"https:\/\/wia.net.pl\/index.php\/wp-json\/wp\/v2\/tags?post=7543"}],"curies":[{"name":"wp","href":"https:\/\/api.w.org\/{rel}","templated":true}]}}