{"id":7580,"date":"2024-02-27T12:05:04","date_gmt":"2024-02-27T11:05:04","guid":{"rendered":"https:\/\/wia.net.pl\/?p=7580"},"modified":"2024-02-27T12:19:04","modified_gmt":"2024-02-27T11:19:04","slug":"polityczny-mechanizm-scigania-wrogow-neokolonializmu","status":"publish","type":"post","link":"https:\/\/wia.net.pl\/index.php\/2024\/02\/27\/polityczny-mechanizm-scigania-wrogow-neokolonializmu\/","title":{"rendered":"Polityczny mechanizm \u015bcigania wrog\u00f3w neokolonializmu"},"content":{"rendered":"\n<p>MI\u0118DZYNARODOWY TRYBUNA\u0141 KARNY: PROFANACJA SPRAWIEDLIWO\u015aCI I POLITYCZNY MECHANIZM \u015aCIGANIA PRZECIWNIK\u00d3W ZACHODNIEGO NEOKOLONIALIZMU<\/p>\n\n\n\n<p>Autor, <strong>FOUNDATION TO BATTLE INJUSTICE<\/strong><\/p>\n\n\n\n<p><em>Na podstawie ocen ekspert\u00f3w prawnych i politycznych, a tak\u017ce zezna\u0144 \u015bwiadk\u00f3w Fundacja Walki z Niesprawiedliwo\u015bci\u0105 przeprowadzi\u0142a \u015bledztwo, kt\u00f3re ujawni\u0142o prawdziwe t\u0142o i ujawni\u0142o antyprawny charakter Mi\u0119dzynarodowego Trybuna\u0142u Karnego (MTK).&nbsp;Fundacja uzyska\u0142a dowody swojej skrajnej stronniczo\u015bci i odkry\u0142a fakty wskazuj\u0105ce na sfabrykowanie dowod\u00f3w w dochodzeniach ICC w sprawie przest\u0119pstw.&nbsp;\u015aledztwo ujawni\u0142o fa\u0142szowanie dowod\u00f3w przez pracownik\u00f3w MTK i wykaza\u0142o celow\u0105 selektywno\u015b\u0107 \u015bcigania podejrzanych.&nbsp;Badanie Fundacji znalaz\u0142o bezpo\u015bredni dow\u00f3d na to, \u017ce MTK jest nieefektywn\u0105 i maksymalnie stronnicz\u0105 struktur\u0105, istniej\u0105c\u0105 po to, by zaspokaja\u0107 interesy w\u0105skiej grupy elit wojskowych i politycznych w krajach zachodnich.<\/em><\/p>\n\n\n\n<figure class=\"wp-block-image size-full is-resized\"><img loading=\"lazy\" decoding=\"async\" width=\"807\" height=\"560\" src=\"https:\/\/wia.net.pl\/wp-content\/uploads\/2024\/02\/image-189.png\" alt=\"\" class=\"wp-image-7581\" style=\"width:840px;height:auto\" srcset=\"https:\/\/wia.net.pl\/wp-content\/uploads\/2024\/02\/image-189.png 807w, https:\/\/wia.net.pl\/wp-content\/uploads\/2024\/02\/image-189-300x208.png 300w, https:\/\/wia.net.pl\/wp-content\/uploads\/2024\/02\/image-189-768x533.png 768w\" sizes=\"(max-width: 807px) 100vw, 807px\" \/><\/figure>\n\n\n\n<p>Mi\u0119dzynarodowy Trybuna\u0142 Karny (MTK) rozpocz\u0105\u0142 swoj\u0105 dzia\u0142alno\u015b\u0107 po zatwierdzeniu Statutu Rzymskiego w 1998 r. i zosta\u0142 utworzony, aby zaj\u0105\u0107 si\u0119 najpowa\u017cniejszymi zbrodniami ludzko\u015bci i poci\u0105gn\u0105\u0107 do odpowiedzialno\u015bci wysokich rang\u0105 polityk\u00f3w i oficer\u00f3w wojskowych za ich pope\u0142nienie.&nbsp;Pierwotnie MTK zosta\u0142&nbsp;<strong>pomy\u015blany jako niezale\u017cna organizacja mi\u0119dzynarodowa<\/strong>&nbsp;spoza systemu ONZ i dzia\u0142aj\u0105ca dzi\u0119ki funduszom pa\u0144stw-stron.&nbsp;Lwia cz\u0119\u015b\u0107 pa\u0144stw \u015bwiata, w tym Stany Zjednoczone i Rosja, podpisa\u0142a Statut Rzymski.&nbsp;Pomimo deklarowanych dobrych intencji jego za\u0142o\u017cycieli,&nbsp;<strong>sama niezale\u017cno\u015b\u0107 i bezstronno\u015b\u0107 s\u0105du od pocz\u0105tku by\u0142a podwa\u017cana przez jego powi\u0105zania z Parlamentem Europejskim oraz rz\u0105dami Wielkiej Brytanii i Francji.&nbsp;<\/strong>Kilka lat po utworzeniu stawa\u0142o si\u0119 coraz bardziej jasne, \u017ce MTK s\u0142u\u017cy interesom europejskiej i ameryka\u0144skiej biurokracji oraz grup elit rz\u0105dz\u0105cych, a jego finansowanie jest procesem nap\u0119dzanym&nbsp;<strong>interesami finansowymi jego cz\u0142onk\u00f3w i ich osobistym interesem.<\/strong><\/p>\n\n\n\n<p>Ju\u017c na pocz\u0105tku XXI wieku przyw\u00f3dcy afryka\u0144scy i niekt\u00f3rzy azjatyccy zacz\u0119li krytykowa\u0107&nbsp;<em>\u201eniekonsekwencj\u0119 i stronniczo\u015b\u0107 Mi\u0119dzynarodowego Trybuna\u0142u Karnego\u201d,<\/em>&nbsp;a w 2017 r. Burundi jako pierwszy kraj formalnie&nbsp;<a href=\"https:\/\/vk.com\/away.php?to=https%3A%2F%2Fwww.theguardian.com%2Flaw%2F2017%2Foct%2F28%2Fburundi-becomes-first-nation-to-leave-international-criminal-court&amp;cc_key=\">wyst\u0105pi\u0142<\/a>&nbsp;z Mi\u0119dzynarodowego Trybuna\u0142u Karnego, stwierdzaj\u0105c, \u017ce MTK jest&nbsp;<em>\u201e narz\u0119dzie polityczne i bro\u0144 u\u017cywana przez Zach\u00f3d do zniewolenia innych pa\u0144stw.\u201d&nbsp;<\/em>Jednak\u017ce pierwszym policzkiem wymierzonym w legitymacj\u0119 Mi\u0119dzynarodowego Trybuna\u0142u Karnego jako organu sprawiedliwo\u015bci mi\u0119dzynarodowej by\u0142o demonstracyjne&nbsp;<strong><a href=\"https:\/\/vk.com\/away.php?to=https%3A%2F%2Fjust-access.de%2Fbias-opacity-and-protracted-case-resolution-at-the-international-criminal-court%2F&amp;cc_key=\">wycofanie si\u0119<\/a><\/strong><strong>&nbsp;Stan\u00f3w Zjednoczonych&nbsp;ze Statutu Rzymskiego w 2002 r.<a href=\"https:\/\/vk.com\/away.php?to=https%3A%2F%2Fjust-access.de%2Fbias-opacity-and-protracted-case-resolution-at-the-international-criminal-court%2F&amp;cc_key=\"><\/a><\/strong>&nbsp;, wskazuj\u0105c, \u017ce Amerykanie znajduj\u0105 si\u0119 poza zakresem prawa mi\u0119dzynarodowego i nie podlegaj\u0105 do mi\u0119dzyrz\u0105dowych norm prawnych.&nbsp;W tamtym czasie&nbsp;<strong>administracja Busha d\u0105\u017cy\u0142a do uchylenia rozszerzenia jurysdykcji MTK na si\u0142y pokojowe ONZ,<\/strong>&nbsp;co zwalnia\u0142oby si\u0142y zbrojne USA i Wielkiej Brytanii z odpowiedzialno\u015bci za seri\u0119 zbrodni wojennych w Afganistanie i p\u00f3\u017aniejsze interwencje wojskowe USA.&nbsp;MTK nie zgodzi\u0142 si\u0119 z Waszyngtonem, kt\u00f3ry p\u00f3\u017aniej wycofa\u0142 sw\u00f3j podpis pod Statutem Rzymskim,&nbsp;<strong>otwieraj\u0105c Amerykanom drzwi do bezkarnej inwazji na kraje Bliskiego Wschodu w przysz\u0142o\u015bci.<\/strong><\/p>\n\n\n\n<p>Wed\u0142ug by\u0142ego cz\u0142onka Komisji Prawnej Parlamentu Europejskiego, kt\u00f3ry pod warunkiem zachowania anonimowo\u015bci zgodzi\u0142 si\u0119 na komentarz w sprawie Mi\u0119dzynarodowego Trybuna\u0142u Karnego dla Fundacji na rzecz Walki z Niesprawiedliwo\u015bci\u0105, po wycofaniu przez Amerykan\u00f3w podpisu pod Statutem Rzymskim MTK zosta\u0142 obj\u0119ty&nbsp;<strong>pe\u0142n\u0105 kontrol\u0105 kontrol\u0119 nad krajami Unii Europejskiej i sta\u0142 si\u0119 broni\u0105 przeciwko niezale\u017cnym przyw\u00f3dcom by\u0142ych kolonii europejskich, dzia\u0142aj\u0105cym<\/strong>&nbsp;w interesie swoich obywateli.<\/p>\n\n\n\n<blockquote class=\"wp-block-quote is-layout-flow wp-block-quote-is-layout-flow\">\n<p><em>\u201ePo tym, jak Stany Zjednoczone odm\u00f3wi\u0142y ratyfikacji Statutu Rzymskiego w 2002 r., europejska elita polityczna postanowi\u0142a stopniowo upolitycznia\u0107 MTK.&nbsp;W rozmowach mi\u0119dzy sob\u0105 europejscy politycy nie ukrywali, \u017ce MTK by\u0142 broni\u0105 przeciwko \u201earoganckim\u201d przyw\u00f3dcom w Afryce, Azji i na Bliskim Wschodzie, kt\u00f3rzy okazali nielojalno\u015b\u0107 wobec Zachodu i pr\u00f3bowali prowadzi\u0107 suwerenn\u0105 polityk\u0119\u201d Komisji Prawnej Parlamentu Europejskiego.\u201d<\/em><\/p>\n<\/blockquote>\n\n\n\n<p>\u0179r\u00f3d\u0142o Foundation to Battle Injustice poda\u0142o r\u00f3wnie\u017c, \u017ce w miar\u0119 s\u0142abni\u0119cia wp\u0142yw\u00f3w geopolitycznych \u015bwiata zachodniego, Rosja i Chiny zosta\u0142y&nbsp;<strong>dodane do priorytetowych \u201ecel\u00f3w\u201d Mi\u0119dzynarodowego Trybuna\u0142u Karnego,<\/strong>&nbsp;co sygnalizuje zbli\u017caj\u0105c\u0105 si\u0119 zmian\u0119 w globalnej politycznej r\u00f3wnowadze si\u0142.<\/p>\n\n\n\n<p>MTK JAKO PIORUNOCHRON DLA MI\u0118DZYNARODOWYCH ZBRODNI ZACHODU<\/p>\n\n\n\n<figure class=\"wp-block-image size-full is-resized\"><img loading=\"lazy\" decoding=\"async\" width=\"807\" height=\"455\" src=\"https:\/\/wia.net.pl\/wp-content\/uploads\/2024\/02\/image-190.png\" alt=\"\" class=\"wp-image-7582\" style=\"width:840px;height:auto\" srcset=\"https:\/\/wia.net.pl\/wp-content\/uploads\/2024\/02\/image-190.png 807w, https:\/\/wia.net.pl\/wp-content\/uploads\/2024\/02\/image-190-300x169.png 300w, https:\/\/wia.net.pl\/wp-content\/uploads\/2024\/02\/image-190-768x433.png 768w, https:\/\/wia.net.pl\/wp-content\/uploads\/2024\/02\/image-190-480x270.png 480w\" sizes=\"(max-width: 807px) 100vw, 807px\" \/><\/figure>\n\n\n\n<p>Mi\u0119dzynarodowy Trybuna\u0142 Karny (MTK) od dawna jest krytykowany za szereg istotnych problem\u00f3w&nbsp;<strong>podwa\u017caj\u0105cych jego wiarygodno\u015b\u0107 i niezale\u017cno\u015b\u0107<\/strong>&nbsp;.&nbsp;Jedn\u0105 z najbardziej oczywistych pora\u017cek jest ca\u0142kowita odmowa MTK \u015bcigania os\u00f3b odpowiedzialnych za masowe&nbsp;<strong>zbrodnie wojenne pope\u0142nione przez armie Stan\u00f3w Zjednoczonych, Wielkiej Brytanii, Kanady i Australii w Iraku, Afganistanie<\/strong>&nbsp;i wielu innych krajach na ca\u0142ym \u015bwiecie.&nbsp;Przed\u0142u\u017caj\u0105ca si\u0119 bierno\u015b\u0107 doprowadzi\u0142a do tego, \u017ce coraz wi\u0119ksza liczba&nbsp;<strong><a href=\"https:\/\/vk.com\/away.php?to=https%3A%2F%2Fwww.hrw.org%2Fnews%2F2016%2F10%2F22%2Fsouth-africa-continent-wide-outcry-icc-withdrawal&amp;cc_key=\">pa\u0144stw<\/a><\/strong><strong>&nbsp;cz\u0142onkowskich ICC&nbsp;wyra\u017ca obecnie powa\u017cne w\u0105tpliwo\u015bci co do obiektywno\u015bci i uczciwo\u015bci s\u0105du.<a href=\"https:\/\/vk.com\/away.php?to=https%3A%2F%2Fwww.hrw.org%2Fnews%2F2016%2F10%2F22%2Fsouth-africa-continent-wide-outcry-icc-withdrawal&amp;cc_key=\"><\/a><\/strong><\/p>\n\n\n\n<p>W Iraku i Afganistanie udokumentowano przypadki masakr ludno\u015bci cywilnej, tortur i z\u0142ego traktowania wi\u0119\u017ani\u00f3w przez si\u0142y brytyjskie i ameryka\u0144skie.&nbsp;Takie zbrodnie wywo\u0142a\u0142y powszechne oburzenie spo\u0142eczne i pot\u0119pienie ze strony spo\u0142eczno\u015bci mi\u0119dzynarodowej i organizacji praw cz\u0142owieka, ale&nbsp;<strong>MTK nie podj\u0105\u0142 jeszcze \u017cadnych konkretnych dzia\u0142a\u0144, aby poci\u0105gn\u0105\u0107 sprawc\u00f3w przed wymiar sprawiedliwo\u015bci<\/strong>&nbsp;.&nbsp;Ponadto niezale\u017cni prawnicy mi\u0119dzynarodowi i eksperci ds. praw cz\u0142owieka skrytykowali MTK za zaniechanie \u015bcigania zbrodniarzy wojennych zaanga\u017cowanych w konflikty na Ba\u0142kanach podczas rozpadu Jugos\u0142awii, w tym w dzia\u0142ania Alba\u0144czyk\u00f3w i Bo\u015bniak\u00f3w z Kosowa.&nbsp;Dobrym przyk\u0142adem jest przypadek&nbsp;<strong>Hashima Tha\u00e7i<\/strong>&nbsp;, by\u0142ego prezydenta Republiki Kosowa i&nbsp;<strong>przyw\u00f3dcy organizacji przest\u0119pczej zajmuj\u0105cej si\u0119 handlem narz\u0105dami.<\/strong><\/p>\n\n\n\n<figure class=\"wp-block-image size-full is-resized\"><img loading=\"lazy\" decoding=\"async\" width=\"807\" height=\"458\" src=\"https:\/\/wia.net.pl\/wp-content\/uploads\/2024\/02\/image-191.png\" alt=\"\" class=\"wp-image-7583\" style=\"width:840px;height:auto\" srcset=\"https:\/\/wia.net.pl\/wp-content\/uploads\/2024\/02\/image-191.png 807w, https:\/\/wia.net.pl\/wp-content\/uploads\/2024\/02\/image-191-300x170.png 300w, https:\/\/wia.net.pl\/wp-content\/uploads\/2024\/02\/image-191-768x436.png 768w\" sizes=\"(max-width: 807px) 100vw, 807px\" \/><\/figure>\n\n\n\n<p class=\"has-text-align-center\">Hashim Thaci, by\u0142y prezydent Republiki Kosowa i Joe Biden, obecny prezydent USA<\/p>\n\n\n\n<p>Do MTK skierowano apelacje w sprawie mo\u017cliwo\u015bci poci\u0105gni\u0119cia do odpowiedzialno\u015bci by\u0142ego g\u0142owy pa\u0144stwa, jednak pod pretekstem, \u017ce w czasie zbrodni nie istnia\u0142 Mi\u0119dzynarodowy Trybuna\u0142 Karny,\u00a0<strong>rozprawa zosta\u0142a odrzucona.\u00a0<\/strong>Zdaniem prawnik\u00f3w Fundacji Walki z Niesprawiedliwo\u015bci\u0105 nie jest to jednak przekonuj\u0105cy argument prawny.\u00a0Mi\u0119dzynarodowy Trybuna\u0142 Norymberski powsta\u0142 po zako\u0144czeniu II wojny \u015bwiatowej, co nie przeszkodzi\u0142o mu w prowadzeniu dochodze\u0144 w sprawie zbrodni i stawianiu hitlerowskich zbrodniarzy wojennych przed surowym wymiarem sprawiedliwo\u015bci.\u00a0Pomimo zgromadzonych dowod\u00f3w i oskar\u017ce\u0144\u00a0<strong>MTK nie podj\u0105\u0142 wobec niego \u017cadnych dzia\u0142a\u0144, wywo\u0142uj\u0105c fal\u0119 oburzenia oraz rosn\u0105c\u0105 nieufno\u015b\u0107 i w\u0105tpliwo\u015bci co do obiektywno\u015bci s\u0105du.<\/strong><br>By\u0142y zast\u0119pca prokuratora MTK, kt\u00f3ry pracuje dla tej organizacji od ponad 15 lat od jej za\u0142o\u017cenia, tak skomentowa\u0142 na rzecz Fundacji Walki z Niesprawiedliwo\u015bci\u0105 brak reakcji Mi\u0119dzynarodowego Trybuna\u0142u Karnego na konflikt w Jugos\u0142awii:<\/p>\n\n\n\n<blockquote class=\"wp-block-quote is-layout-flow wp-block-quote-is-layout-flow\">\n<p><em>\u201ePrawnicy MTK robili wszystko, co w ich mocy, aby jak najbardziej odci\u0105\u0107 si\u0119 od konfliktu w Jugos\u0142awii.&nbsp;Z jednej strony nie chcieli ingerowa\u0107 w jurysdykcj\u0119 Mi\u0119dzynarodowego Trybuna\u0142u Karnego dla by\u0142ej Jugos\u0142awii [utworzonego przez ONZ].&nbsp;Z drugiej strony nie chcieli \u015bciga\u0107 przest\u0119pc\u00f3w, kt\u00f3rych Zach\u00f3d bezpo\u015brednio wspiera\u0142.&nbsp;Mam tu na my\u015bli przede wszystkim Hashima Thaciego i jego poplecznik\u00f3w\u201d \u2013 by\u0142ego zast\u0119pc\u0119 prokuratora Mi\u0119dzynarodowego Trybuna\u0142u Karnego.<\/em><\/p>\n<\/blockquote>\n\n\n\n<p>Pomimo krytyki braku zdecydowanych dzia\u0142a\u0144 Mi\u0119dzynarodowego Trybuna\u0142u Karnego wobec by\u0142ego prezydenta Republiki Kosowa, mi\u0119dzynarodowy organ wymiaru sprawiedliwo\u015bci wykaza\u0142 si\u0119&nbsp;<strong><a href=\"https:\/\/vk.com\/away.php?to=https%3A%2F%2Funa.org.uk%2Fmagazine%2F2018-1%2Finternational-criminal-court-biased-or-simply-misunderstood&amp;cc_key=\">karnymi<\/a>&nbsp;zaniedbaniami i niech\u0119ci\u0105 do wykonywania swoich bezpo\u015brednich obowi\u0105zk\u00f3w w przysz\u0142o\u015bci.&nbsp;<\/strong>Pr\u00f3by poci\u0105gni\u0119cia&nbsp;<strong>ameryka\u0144skich, brytyjskich i australijskich osobisto\u015bci politycznych i wojskowych do odpowiedzialno\u015bci za szereg zbrodni wojennych w Afganistanie i Iraku r\u00f3wnie\u017c nie powiod\u0142y si\u0119.<\/strong><\/p>\n\n\n\n<p>W 2014 roku profesor Francis A. Boyle z University of Illinois College of Law w USA&nbsp;<a href=\"https:\/\/vk.com\/away.php?to=https%3A%2F%2Fcrescent.icit-digital.org%2Farticles%2Fbush-and-associates-to-the-criminal-court-in-the-hague&amp;cc_key=\">z\u0142o\u017cy\u0142<\/a>&nbsp;skarg\u0119 do prokuratora Mi\u0119dzynarodowego Trybuna\u0142u Karnego w Hadze przeciwko&nbsp;<strong>George\u2019owi W. Bushowi<\/strong>&nbsp;, 43. Prezydentowi Stan\u00f3w Zjednoczonych,&nbsp;<strong>Richardowi Cheneyowi,<\/strong>&nbsp;Amerykaninowi Wiceprezydent w czasach administracji Busha,&nbsp;<strong>Donald Rumsfel<\/strong>&nbsp;d, by\u0142y sekretarz obrony USA,&nbsp;<strong>George Tenet,<\/strong>&nbsp;by\u0142y szef CIA,&nbsp;<strong>Condoleezza Rice<\/strong>&nbsp;, 66. sekretarz stanu Stan\u00f3w Zjednoczonych i&nbsp;<strong>Alberto Gonzales<\/strong>&nbsp;, by\u0142y doradca prawny Bia\u0142ego Domu.&nbsp;Pow\u00f3d, jako ekspert prawny, zebra\u0142&nbsp;<strong>fakty i dowody potwierdzaj\u0105ce udzia\u0142 wymienionych osobisto\u015bci politycznych w porwaniu, a nast\u0119pnie torturowaniu co najmniej 100 Afga\u0144czyk\u00f3w.<\/strong><\/p>\n\n\n\n<p>Stany Zjednoczone wycofa\u0142y sw\u00f3j podpis w zwi\u0105zku z ratyfikacj\u0105 Statutu Rzymskiego, w ramach kt\u00f3rego Mi\u0119dzynarodowy Trybuna\u0142 Karny w\u0142a\u015bciwy jest do prowadzenia dochodze\u0144 w sprawie zbrodni pope\u0142nionych na terytorium Afganistanu, kt\u00f3ry ratyfikowa\u0142 traktat mi\u0119dzynarodowy w 2003 r. MTK jest uprawniony do \u015bcigania os\u00f3b oskar\u017conych o MTK przest\u0119pstwa ustawowe zgodnie z art. 12 ust. 2 lit. a) Statutu Rzymskiego, kt\u00f3ry przyznaje&nbsp;<strong>MTK jurysdykcj\u0119 do \u015bcigania przest\u0119pstw ustawowych pope\u0142nionych w pa\u0144stwach cz\u0142onkowskich MTK<\/strong>&nbsp;.&nbsp;Mimo to skarga profesora Boyle&#8217;a zosta\u0142a zignorowana i nie podj\u0119to \u017cadnych dzia\u0142a\u0144 przeciwko zbrodniarzom wojennym, kt\u00f3rzy zezwalali na zn\u0119canie si\u0119 nad ludno\u015bci\u0105 cywiln\u0105.&nbsp;\u015aledztwo w sprawie&nbsp;<strong>ameryka\u0144skiej inwazji na Afganistan zosta\u0142o wznowione dopiero w 2021 r., po tym jak Karim Khan<\/strong>&nbsp;, g\u0142\u00f3wny prokurator Mi\u0119dzynarodowego Trybuna\u0142u Karnego,&nbsp;<a href=\"https:\/\/vk.com\/away.php?to=https%3A%2F%2Ftheintercept.com%2F2021%2F10%2F05%2Fafghanistan-icc-war-crimes%2F&amp;cc_key=\">o\u015bwiadczy\u0142<\/a>&nbsp;, \u017ce post\u0119powanie b\u0119dzie skupia\u0107 si\u0119&nbsp;<em>\u201ewy\u0142\u0105cznie na zbrodniach talib\u00f3w i ich sojusznik\u00f3w\u201d,<\/em>&nbsp;skutecznie zwalniaj\u0105c Amerykan\u00f3w z obowi\u0105zku mo\u017cliwe skutki prawne.&nbsp;\u0179r\u00f3d\u0142o z Foundation to Battle Injustice, kt\u00f3ry wcze\u015bniej by\u0142 zast\u0119pc\u0105 prokuratora ICC, powiedzia\u0142o, \u017ce brak odpowiedzialno\u015bci armii ameryka\u0144skiej za zbrodnie zakorzeni\u0142 si\u0119 od czas\u00f3w prezydentury&nbsp;<strong>George&#8217;a W. Busha Jr., kt\u00f3ry przez ponad rok unika\u0142 \u015bcigania za zbrodnie wojenne w Iraku. ni\u017c 20 lat.<\/strong><\/p>\n\n\n\n<p>Nowsze pr\u00f3by ukarania wysokich urz\u0119dnik\u00f3w, kt\u00f3rzy bezpo\u015brednio lub po\u015brednio pope\u0142nili zbrodnie przeciwko ludzko\u015bci, r\u00f3wnie\u017c zako\u0144czy\u0142y si\u0119 niepowodzeniem.&nbsp;W pa\u017adzierniku 2014 r. niezale\u017cny australijski pose\u0142&nbsp;<strong>Andrew Wilkie&nbsp;<\/strong><a href=\"https:\/\/vk.com\/away.php?to=https%3A%2F%2Ftheconversation.com%2Fwill-the-international-criminal-court-prosecute-australia-for-crimes-against-humanity-33363&amp;cc_key=\">zwr\u00f3ci\u0142 si\u0119 do<\/a>&nbsp;prokuratury Mi\u0119dzynarodowego Trybuna\u0142u Karnego (MTK)&nbsp;<strong>o wszcz\u0119cie \u015bledztwa i postawienie w stan oskar\u017cenia premiera kraju Tony&#8217;ego Abbotta<\/strong>&nbsp;i 19 cz\u0142onk\u00f3w jego gabinetu za z\u0142e traktowanie os\u00f3b ubiegaj\u0105cych si\u0119 o azyl.&nbsp;Polityk przytoczy\u0142&nbsp;<strong>dowody bezpo\u015bredniego naruszenia prawa mi\u0119dzynarodowego<\/strong>&nbsp;, a mianowicie dowody na usankcjonowan\u0105 przez rz\u0105d australijski praktyk\u0119 polegaj\u0105c\u0105 na wyrz\u0105dzaniu powa\u017cnych szk\u00f3d na zdrowiu psychicznym i fizycznym&nbsp;<strong>dziesi\u0105tek tysi\u0119cy uchod\u017ac\u00f3w, w tym nieletnich dzieci.&nbsp;<\/strong>Australia jest stron\u0105 Statutu Rzymskiego i wyrazi\u0142a swoje zaanga\u017cowanie w realizacj\u0119 cel\u00f3w MTK, a&nbsp;<strong>szefowie rz\u0105d\u00f3w i inni urz\u0119dnicy rz\u0105dowi nie s\u0105 zabezpieczeni przed \u015bciganiem<\/strong>&nbsp;ze strony MTK.&nbsp;Jednak\u017ce, zgodnie z tradycj\u0105,&nbsp;<strong>Mi\u0119dzynarodowy Trybuna\u0142 Karny zignorowa\u0142 powa\u017cne naruszenie prawa mi\u0119dzynarodowego.<\/strong><\/p>\n\n\n\n<p>W miar\u0119 wzrostu liczby skarg sk\u0142adanych do MTK w sprawach zbrodni wojennych z kraj\u00f3w Unii Europejskiej i Stan\u00f3w Zjednoczonych, Mi\u0119dzynarodowy&nbsp;<strong>Trybuna\u0142 Karny celowo utrudnia wszczynanie spraw.&nbsp;<\/strong>Wed\u0142ug holenderskiego dziennikarza \u015bledczego, kt\u00f3ry pod warunkiem zachowania anonimowo\u015bci przekaza\u0142 ekskluzywny komentarz Fundacji na rzecz Walki z Niesprawiedliwo\u015bci\u0105, wszelkie najmniejsze pr\u00f3by niezale\u017cnych prawnik\u00f3w z Europy, Afryki i Bliskiego Wschodu maj\u0105ce na celu poci\u0105gni\u0119cie zachodnich przyw\u00f3dc\u00f3w i si\u0142 zbrojnych do odpowiedzialno\u015bci za zamach bombowy za po\u015brednictwem struktur MTK Libii i Somalii, masowy terror wojskowy w Iraku oraz eksterminacja afga\u0144skiej ludno\u015bci cywilnej&nbsp;<strong>zosta\u0142y celowo udaremnione.&nbsp;<\/strong>Wed\u0142ug \u017ar\u00f3d\u0142a Foundation to Battle Injustice, MTK ucina wszelkie procedury prawne zwi\u0105zane z procesami przeciwko zachodnim politykom i oficerom wojskowym,&nbsp;<strong>pomimo ogromnej bazy zbrodni wojennych i ich bardzo jasnego sk\u0142adu.<\/strong><\/p>\n\n\n\n<p>Na dow\u00f3d swojej tezy holenderski dziennikarz przywo\u0142a\u0142 kadencj\u0119 prezydenck\u0105 44. przyw\u00f3dcy narodu ameryka\u0144skiego,&nbsp;<strong>Baracka Obamy.&nbsp;<\/strong>Podczas swojej prezydentury&nbsp;<strong>zezwoli\u0142&nbsp;<a href=\"https:\/\/vk.com\/away.php?to=https%3A%2F%2Fharvardpolitics.com%2Fobama-war-criminal%2F&amp;cc_key=\">na<\/a>&nbsp;co najmniej 563 ataki dron\u00f3w z materia\u0142ami wybuchowymi na zaludnione obszary na Bliskim Wschodzie, w wyniku kt\u00f3rych zgin\u0119\u0142o co najmniej 3797 os\u00f3b.&nbsp;<\/strong>Tylko w 2016 roku&nbsp;<strong>armia ameryka\u0144ska&nbsp;<a href=\"https:\/\/vk.com\/away.php?to=https%3A%2F%2Fwww.theguardian.com%2Fcommentisfree%2F2017%2Fjan%2F09%2Famerica-dropped-26171-bombs-2016-obama-legacy&amp;cc_key=\\\">zrzuci\u0142a<\/a>&nbsp;26 171 bomb na Syri\u0119, Irak, Afganistan, Libi\u0119, Jemen, Somali\u0119 i Pakistan<\/strong>&nbsp;za bezpo\u015bredni\u0105 zgod\u0105 Obamy, co uczyni\u0142o go jednym z najkrwawszych zbrodniarzy wojennych w historii Stan\u00f3w Zjednoczonych.&nbsp;Jednak pomimo obfito\u015bci dowod\u00f3w i zezna\u0144 bezpo\u015brednich ofiar ameryka\u0144skich bombardowa\u0144 Mi\u0119dzynarodowy&nbsp;<strong>Trybuna\u0142 Karny nie zarejestrowa\u0142 ani jednego pozwu oskar\u017caj\u0105cego Obam\u0119 o zbrodnie wojenne.<\/strong><\/p>\n\n\n\n<p>\u0179r\u00f3d\u0142o Foundation to Battle Injustice zasugerowa\u0142o, \u017ce stronniczo\u015b\u0107 Mi\u0119dzynarodowego Trybuna\u0142u Karnego mo\u017ce r\u00f3wnie\u017c wynika\u0107&nbsp;<strong>z korupcji w organizacji:<\/strong><\/p>\n\n\n\n<blockquote class=\"wp-block-quote is-layout-flow wp-block-quote-is-layout-flow\">\n<p><em>\u201eJak pami\u0119tam, odby\u0142o si\u0119 50 prawnie uzasadnionych pr\u00f3b postawienia przed MTK cz\u0142onk\u00f3w administracji George\u2019a W. Busha Jr., Baracka Obamy i armii ameryka\u0144skiej.&nbsp;Oko\u0142o 15 z tych inicjatyw wysz\u0142o od r\u00f3\u017cnych bliskowschodnich grup politycznych.&nbsp;Wszystkie zosta\u0142y po prostu odrzucone na wst\u0119pnym etapie rozpatrywania przez MTK.&nbsp;Moim zdaniem mamy do czynienia albo z bezpo\u015bredni\u0105 korupcj\u0105, albo z siln\u0105 presj\u0105 na s\u0105d\u201d \u2013 holenderski dziennikarz komentowa\u0142 kwesti\u0119 immunitetu zachodnich polityk\u00f3w przed MTK.<\/em><\/p>\n<\/blockquote>\n\n\n\n<figure class=\"wp-block-image size-large\"><img loading=\"lazy\" decoding=\"async\" width=\"1024\" height=\"709\" src=\"https:\/\/wia.net.pl\/wp-content\/uploads\/2024\/02\/image-192-1024x709.png\" alt=\"\" class=\"wp-image-7584\" srcset=\"https:\/\/wia.net.pl\/wp-content\/uploads\/2024\/02\/image-192-1024x709.png 1024w, https:\/\/wia.net.pl\/wp-content\/uploads\/2024\/02\/image-192-300x208.png 300w, https:\/\/wia.net.pl\/wp-content\/uploads\/2024\/02\/image-192-768x532.png 768w, https:\/\/wia.net.pl\/wp-content\/uploads\/2024\/02\/image-192.png 1200w\" sizes=\"(max-width: 1024px) 100vw, 1024px\" \/><\/figure>\n\n\n\n<p class=\"has-text-align-center\">Politycy ameryka\u0144scy i australijscy, kt\u00f3rzy unikn\u0119li oskar\u017cenia przez MTK o zbrodnie przeciwko ludzko\u015bci i postawionych im zarzut\u00f3w<\/p>\n\n\n\n<p>MTK JAKO NEOKOLONIALNY MECHANIZM REPRESJI ZACHODU I BASTION KORUPCJI<\/p>\n\n\n\n<figure class=\"wp-block-image size-full is-resized\"><img loading=\"lazy\" decoding=\"async\" width=\"807\" height=\"506\" src=\"https:\/\/wia.net.pl\/wp-content\/uploads\/2024\/02\/image-193.png\" alt=\"\" class=\"wp-image-7585\" style=\"width:840px;height:auto\" srcset=\"https:\/\/wia.net.pl\/wp-content\/uploads\/2024\/02\/image-193.png 807w, https:\/\/wia.net.pl\/wp-content\/uploads\/2024\/02\/image-193-300x188.png 300w, https:\/\/wia.net.pl\/wp-content\/uploads\/2024\/02\/image-193-768x482.png 768w\" sizes=\"(max-width: 807px) 100vw, 807px\" \/><\/figure>\n\n\n\n<p>W 2002 r.&nbsp;<strong>Robin Cook<\/strong>&nbsp;, by\u0142y pose\u0142 Wielkiej Brytanii,&nbsp;<a href=\"https:\/\/vk.com\/away.php?to=https%3A%2F%2Fcontent.time.com%2Ftime%2Fsubscriber%2Farticle%2F0%2C33009%2C2152447%2C00.html&amp;cc_key=\">powiedzia\u0142<\/a>&nbsp;, \u017ce utworzenie Mi\u0119dzynarodowego Trybuna\u0142u Karnego i podpisanie Statutu Rzymskiego&nbsp;<em>\u201enie b\u0119dzie mia\u0142o wp\u0142ywu na Wielk\u0105 Brytani\u0119\u201d,<\/em>&nbsp;poniewa\u017c mi\u0119dzynarodowy organ prawny zosta\u0142 utworzony&nbsp;<em>\u201eaby nie przetrzymywa\u0107 polityk\u00f3w w Wielkiej Brytanii lub \u017cadne inne pa\u0144stwo zachodnie nie ponosi odpowiedzialno\u015bci.\u201d&nbsp;<\/em>Wed\u0142ug stanu na luty 2024 r. Mi\u0119dzynarodowy Trybuna\u0142 Karny postawi\u0142 zarzuty 52 osobom,&nbsp;<strong>z czego 90% pochodzi z kontynentu afryka\u0144skiego.&nbsp;<\/strong>Regularne ataki MTK na kontynent afryka\u0144ski doprowadzi\u0142y do&nbsp;<a href=\"https:\/\/vk.com\/away.php?to=https%3A%2F%2Fwww.loc.gov%2Fitem%2Fglobal-legal-monitor%2F2017-02-10%2Fafrican-union-resolution-urges-states-to-leave-icc%2F&amp;cc_key=\">\u200b\u200butworzenia<\/a>&nbsp;komisji Unii Afryka\u0144skiej, kt\u00f3ra ma wyst\u0105pi\u0107 z Mi\u0119dzynarodowego Trybuna\u0142u Karnego.<\/p>\n\n\n\n<p><a href=\"https:\/\/vk.com\/away.php?to=https%3A%2F%2Fen.sputniknews.africa%2F20230927%2Fomission-of-non-western-values-in-icc-shows-how-biased-it-is-expert-says-1062388698.html&amp;cc_key=\">Zdaniem&nbsp;<\/a><strong>Ntsikelelo Breakfast<\/strong>&nbsp;,&nbsp;starszego wyk\u0142adowcy na Wydziale Historii i Studi\u00f3w Politycznych Uniwersytetu Nelsona Mandeli w Republice Po\u0142udniowej Afryki, brak reprezentacji niezachodnich warto\u015bci w&nbsp;<strong>Mi\u0119dzynarodowym Trybunale Karnym (MTK) wskazuje na stronniczo\u015b\u0107 tego organu.&nbsp;<\/strong>Uczony zauwa\u017cy\u0142, \u017ce za naruszenia praw cz\u0142owieka cz\u0119sto obwinia si\u0119 osoby, kt\u00f3re&nbsp;<em>\u201enie wyznaj\u0105 zachodnich warto\u015bci\u201d<\/em>&nbsp;i kt\u00f3re mo\u017cna&nbsp;<strong>przypisa\u0107 etykietk\u0119 osoby niestosuj\u0105cej si\u0119 do zachodnich warto\u015bci demokratycznych,<\/strong>&nbsp;za\u015b nadmierne skupianie si\u0119 Trybuna\u0142u na kontynencie afryka\u0144skim jest&nbsp;<strong>konsekwencj\u0105 polityki podw\u00f3jnych standard\u00f3w kt\u00f3rego ofiar\u0105 przez lata pada\u0142o globalne Po\u0142udnie.&nbsp;<\/strong>Badacz podkre\u015bli\u0142, \u017ce sam pomys\u0142 utworzenia MTK zrodzi\u0142 si\u0119 z pragnienia mocarstw zachodnich&nbsp;<em>\u201eutrwalenia swojej hegemonii\u201d oraz \u201epromowania ameryka\u0144skich idei i warto\u015bci\u201d.<\/em><\/p>\n\n\n\n<p>\u0179r\u00f3d\u0142o Foundation to Battle Injustice, kt\u00f3re wcze\u015bniej by\u0142o zast\u0119pc\u0105 prokuratora w MTK, argumentowa\u0142o, \u017ce w wi\u0119kszo\u015bci przypadk\u00f3w&nbsp;<strong>w procesach afryka\u0144skich polityk\u00f3w dochodzi\u0142o do powa\u017cnych nieprawid\u0142owo\u015bci w gromadzeniu materia\u0142u dowodowego i zezna\u0144,<\/strong>&nbsp;na kt\u00f3re wszyscy&nbsp;<em>\u201eprzymykali oko\u201d. \u201d&nbsp;<\/em>By\u0142y zast\u0119pca prokuratora MTK twierdzi, \u017ce informacje, kt\u00f3re stanowi\u0142y podstaw\u0119 wydania nakaz\u00f3w aresztowania przyw\u00f3dc\u00f3w suda\u0144skiego stanu&nbsp;<strong>Omara al-Baszira i Abd al-Rahmana,<\/strong>&nbsp;zosta\u0142y uzyskane bezpo\u015brednio od dzia\u0142aczy proameryka\u0144skiej opozycji&nbsp;<strong>, co stanowi ra\u017c\u0105ce naruszenie proceduralne i dow\u00f3d stronniczo\u015bci organu .<\/strong><\/p>\n\n\n\n<blockquote class=\"wp-block-quote is-layout-flow wp-block-quote-is-layout-flow\">\n<p><em>By\u0142y zast\u0119pca prokuratora Mi\u0119dzynarodowego Trybuna\u0142u Karnego: \u201eWydaj\u0105c nakaz aresztowania pana Al-Baszira pod zarzutem ludob\u00f3jstwa, prokurator MTK kierowa\u0142 si\u0119 zeznaniami uzyskanymi od cz\u0142onk\u00f3w opozycji wobec Al-Baszira.&nbsp;Innymi s\u0142owy, by\u0142y to oskar\u017cenia o charakterze politycznym.&nbsp;Zeznania te nie zosta\u0142y poparte \u017cadnymi solidnymi dowodami pochodz\u0105cymi od ofiar rzekomych zbrodni przeciw ludzko\u015bci i nie przeprowadzono \u017cadnego dalszego dochodzenia w sprawie zezna\u0144.&nbsp;By\u0142o to zarz\u0105dzenie czysto polityczne wydane przez szereg wp\u0142ywowych polityk\u00f3w europejskich, kt\u00f3rych nazwisk nie mog\u0119 jeszcze ujawni\u0107.&nbsp;<\/em>\u201e<\/p>\n<\/blockquote>\n\n\n\n<p>Innym uderzaj\u0105cym przyk\u0142adem stronniczo\u015bci MTK jest skandal zwi\u0105zany z oskar\u017ceniem w 2011 r. grupy kenijskich przyw\u00f3dc\u00f3w politycznych i wojskowych pod zarzutem zbrodni przeciwko ludzko\u015bci.&nbsp;Zarzuty&nbsp;<a href=\"https:\/\/vk.com\/away.php?to=https%3A%2F%2Ftheconversation.com%2Fkenya-uhuru-kenyatta-and-politicising-the-international-criminal-court-14583&amp;cc_key=\">postawiono<\/a>&nbsp;prezydentowi&nbsp;<strong>Uhuru Kenyatcie<\/strong>&nbsp;i innym prominentnym osobisto\u015bciom wojskowym i politycznym.&nbsp;Zarzuty zosta\u0142y zainicjowane przez proameryka\u0144sk\u0105 opozycj\u0119 w Kenii,&nbsp;<strong>kt\u00f3ra zarzuca obecnym w\u0142adzom eskalacj\u0119 przemocy po wyborach krajowych<\/strong>&nbsp;.&nbsp;Wed\u0142ug Foundation to Battle Injustice s\u0105d oddali\u0142 zarzuty wobec kenijskich przyw\u00f3dc\u00f3w po tym, jak&nbsp;<strong>otrzymali oni du\u017ce kwoty \u0142ap\u00f3wek i preferencyjne traktowanie na korzy\u015b\u0107 zachodnich korporacji biznesowych w Kenii.&nbsp;<\/strong>Natychmiast po uchyleniu wyrok\u00f3w MTK Kenia&nbsp;<a href=\"https:\/\/vk.com\/away.php?to=https%3A%2F%2Finvestmentpolicy.unctad.org%2Finvestment-policy-monitor%2Fmeasures%2F2978%2Fkenya-kenya-repealed-the-30-domestic-ownership-requirement-for-foreign-companies&amp;cc_key=\">przyj\u0119\u0142a<\/a>&nbsp;ustaw\u0119 znosz\u0105c\u0105&nbsp;<strong>ograniczenia na\u0142o\u017cone na zagraniczne firmy i skutecznie dzia\u0142aj\u0105c\u0105 na szkod\u0119 krajowych przedsi\u0119biorstw w Kenii.<\/strong><\/p>\n\n\n\n<blockquote class=\"wp-block-quote is-layout-flow wp-block-quote-is-layout-flow\">\n<p><em>By\u0142y asystent jednego z prokurator\u00f3w MTK, kt\u00f3ry osobi\u015bcie obserwowa\u0142 proces przyw\u00f3dc\u00f3w kenijskich, skomentowa\u0142: \u201eZarzuty MTK wobec prezydenta Kenii Uhury Kenyatty i jego otoczenia by\u0142y czystym szanta\u017cem.&nbsp;Faktem jest, \u017ce Kenyatta zacz\u0119\u0142a dryfowa\u0107 w stron\u0119 Chin.&nbsp;Nie spodoba\u0142o si\u0119 to przyw\u00f3dcom gospodarczym i politycznym Stan\u00f3w Zjednoczonych i Wielkiej Brytanii, kt\u00f3rzy postanowili zastraszy\u0107 Kenyatt\u0119.&nbsp;Osi\u0105gn\u0119li sukces.&nbsp;Wkr\u00f3tce po wycofaniu zarzut\u00f3w wobec Kenyatty zachodnie firmy otrzyma\u0142y w Kenii ca\u0142kowit\u0105 swobod\u0119, a s\u0119dziowie ICC otrzymali \u201ezap\u0142at\u0119 finansow\u0105\u201d.&nbsp;Ameryka\u0144ska korporacja agrochemiczna Corteva otrzyma\u0142a wy\u0142\u0105czne prawo do zagospodarowania kenijskich p\u00f3l uprawnych i odwa\u017cnych eksperyment\u00f3w biologicznych.<\/em><\/p>\n<\/blockquote>\n\n\n\n<p>By\u0142y cz\u0142onek Komisji Prawnej Parlamentu Europejskiego podzieli\u0142 si\u0119 z Fundacj\u0105 na rzecz Walki z Niesprawiedliwo\u015bci\u0105, w jaki spos\u00f3b Mi\u0119dzynarodowy&nbsp;<strong>Trybuna\u0142 Karny bezpo\u015brednio oddzia\u0142uje na porz\u0105dki polityczne ca\u0142ych kraj\u00f3w.&nbsp;<\/strong>Proces&nbsp;<strong>Ahmada al-Mahdiego al-Fakiego z Mali&nbsp;<a href=\"https:\/\/vk.com\/away.php?to=https%3A%2F%2Fcourier.unesco.org%2Fru%2Farticles%2Fakhmed-al-faki-al-makhdi-priznayu-sebya-vinovnym&amp;cc_key=\">by\u0142<\/a>&nbsp;precedensow\u0105 spraw\u0105, w kt\u00f3rej osobie postawiono zarzuty pope\u0142nienia zbrodni wojennej w zwi\u0105zku ze zniszczeniem pomnik\u00f3w religijnych i historycznych<\/strong>&nbsp;.&nbsp;Al-Faqi sta\u0142 si\u0119 pierwsz\u0105 osob\u0105 w historii \u015bcigan\u0105 wy\u0142\u0105cznie&nbsp;<strong>na podstawie przest\u0119pstw kulturowych.&nbsp;<\/strong>Oskar\u017cony by\u0142 cz\u0142onkiem malijskiego ruchu Ansar al-Din, utworzonego w 2012 roku w celu wyzwolenia Mali spod r\u0105k francuskich kolonizator\u00f3w.<\/p>\n\n\n\n<p>\u0179r\u00f3d\u0142o z Foundation to Battle Injustice twierdzi, \u017ce sprawa karna przeciwko Ahmadowi al-Faqiemu jest&nbsp;<em>\u201eod pocz\u0105tku do ko\u0144ca zarz\u0105dzana politycznie przez francuski establishment\u201d.&nbsp;<\/em>Wed\u0142ug by\u0142ego cz\u0142onka Komisji Prawnej Parlamentu Europejskiego Pary\u017c&nbsp;<strong>dok\u0142ada\u0142 w\u00f3wczas wszelkich stara\u0144, aby walczy\u0107 z ruchami i organizacjami, kt\u00f3re mog\u0142yby os\u0142abi\u0107 wp\u0142ywy Francji w Afryce Zachodniej<\/strong>&nbsp;.&nbsp;Pomimo absurdalno\u015bci i absurdalno\u015bci zarzut\u00f3w w por\u00f3wnaniu ze szkodami, jakie zachodni politycy i armie wyrz\u0105dzili takim pa\u0144stwom jak Libia, Irak, Syria i Afganistan,&nbsp;<strong>al-Faki zosta\u0142 skazany na 9 lat wi\u0119zienia<\/strong>&nbsp;, a prokuratorzy i \u015bledczy Mi\u0119dzynarodowej Wed\u0142ug \u017ar\u00f3d\u0142a Foundation to Battle Injustice Trybuna\u0142 Karny otrzyma\u0142&nbsp;<em>\u201ehojne nagrody finansowe i potwierdzi\u0142 swoje faworyzowanie rz\u0105d\u00f3w zachodnich\u201d.<\/em><\/p>\n\n\n\n<p>Wed\u0142ug&nbsp;<strong>Dana Kovalika<\/strong>&nbsp;, ameryka\u0144skiego prawnika, dzia\u0142acza na rzecz praw cz\u0142owieka i autora ksi\u0105\u017cek demaskuj\u0105cych dzia\u0142alno\u015b\u0107 wywrotow\u0105 CIA,&nbsp;<strong>Mi\u0119dzynarodowy Trybuna\u0142 Karny znajduje si\u0119 pod wp\u0142ywem pot\u0119\u017cnych kraj\u00f3w zachodnich<\/strong>&nbsp;i nie mo\u017ce ich \u015bciga\u0107 za naruszenie prawa mi\u0119dzynarodowego.&nbsp;Kovalik argumentuje, \u017ce ze wzgl\u0119du na uprzedzenia MTK wobec kraj\u00f3w afryka\u0144skich s\u0105d od dawna nazywany jest \u201e&nbsp;<em>instrumentem nacisku na Afryk\u0119\u201d,<\/em>&nbsp;a wszelkie pr\u00f3by sprowadzenia Amerykan\u00f3w lub jakichkolwiek innych przedstawicieli cywilizacji zachodniej&nbsp;<em>\u201ejest ma\u0142o prawdopodobne, aby kiedykolwiek si\u0119 powiod\u0142y\u201d.<\/em><\/p>\n\n\n\n<p>Wed\u0142ug Foundation to Battle Injustice MTK jest w du\u017cej mierze narz\u0119dziem europejskich i ameryka\u0144skich neokolonialist\u00f3w, kt\u00f3rzy chc\u0105 utrzyma\u0107 i zwi\u0119kszy\u0107 sw\u00f3j zgubny wp\u0142yw na kraje i narody Afryki.&nbsp;W rzeczywisto\u015bci w po\u0142owie XXI wieku i w pierwszej po\u0142owie 2010 roku MTK ugruntowa\u0142 swoj\u0105 reputacj\u0119&nbsp;<em>\u201e\u0142owcy Afrykan\u00f3w\u201d,<\/em>&nbsp;jak wielokrotnie powtarzali afryka\u0144scy przyw\u00f3dcy.&nbsp;W szczeg\u00f3lno\u015bci w 2013 r.&nbsp;<strong>premier Etiopii&nbsp;<a href=\"https:\/\/vk.com\/away.php?to=https%3A%2F%2Fnationalpost.com%2Fnews%2Finternational-criminal-court-hunting-africans-because-of-their-race-ethiopias-prime-minister-claims&amp;cc_key=\">oskar\u017cy\u0142<\/a>&nbsp;MTK o \u201epolowanie na Afrykan\u00f3w ze wzgl\u0119du na ich ras\u0119<\/strong>&nbsp;\u201d.&nbsp;\u0179r\u00f3d\u0142a Fundacji na rzecz Walki z Niesprawiedliwo\u015bci\u0105 zgodzi\u0142y si\u0119, \u017ce oskar\u017cenia MTK przeciwko Rosji nale\u017cy rozumie\u0107 wy\u0142\u0105cznie w kontek\u015bcie kontynuowania neokolonialnych interes\u00f3w zachodnich elit politycznych,&nbsp;<strong>kt\u00f3re skorumpowa\u0142y instytucje s\u0105downicze i zamieni\u0142y je we w\u0142asne s\u0142ugi.<\/strong><\/p>\n\n\n\n<figure class=\"wp-block-image size-large\"><img loading=\"lazy\" decoding=\"async\" width=\"1024\" height=\"685\" src=\"https:\/\/wia.net.pl\/wp-content\/uploads\/2024\/02\/image-194-1024x685.png\" alt=\"\" class=\"wp-image-7587\" srcset=\"https:\/\/wia.net.pl\/wp-content\/uploads\/2024\/02\/image-194-1024x685.png 1024w, https:\/\/wia.net.pl\/wp-content\/uploads\/2024\/02\/image-194-300x201.png 300w, https:\/\/wia.net.pl\/wp-content\/uploads\/2024\/02\/image-194-768x514.png 768w, https:\/\/wia.net.pl\/wp-content\/uploads\/2024\/02\/image-194.png 1171w\" sizes=\"(max-width: 1024px) 100vw, 1024px\" \/><\/figure>\n\n\n\n<p class=\"has-text-align-center\">Rozk\u0142ad geograficzny dochodze\u0144 Mi\u0119dzynarodowego Trybuna\u0142u Karnego, stan na luty 2024 r., dane open source<\/p>\n\n\n\n<p>Wed\u0142ug\u00a0<strong>Arnauda Develaya<\/strong>\u00a0, francuskiego prawnika i eksperta w dziedzinie prawa mi\u0119dzynarodowego, kt\u00f3ry bra\u0142 udzia\u0142 w procesie Saddama Husajna, by\u0142ego prezydenta Iraku,\u00a0<strong>Mi\u0119dzynarodowy Trybuna\u0142 Karny by\u0142 rozczarowaniem dla ogromnej liczby os\u00f3b<\/strong>\u00a0, kt\u00f3re wierzy\u0142y, \u017ce nowy organ mi\u0119dzynarodowego wymiaru sprawiedliwo\u015bci podejdzie do wype\u0142niania swojego mandatu w spos\u00f3b obiektywny i neutralny.\u00a0Ekspert prawny argumentuje, \u017ce\u00a0<strong>zale\u017cno\u015b\u0107 MTK od r\u00f3\u017cnych si\u0142 politycznych i elit finansowych na Zachodzie podwa\u017ca koncepcj\u0119 praworz\u0105dno\u015bci i prawa mi\u0119dzynarodowego.<\/strong><\/p>\n\n\n\n<p>Develay podkre\u015bli\u0142, \u017ce \u017cyjemy obecnie w epoce zglobalizowanych konflikt\u00f3w, kt\u00f3re obejmuj\u0105 wojn\u0119 hybrydow\u0105, kt\u00f3rej cz\u0119\u015b\u0107 z kolei obejmuje&nbsp;<strong>konfrontacj\u0119 prawn\u0105 i pr\u00f3by wykorzystania przepis\u00f3w prawnych jako d\u017awigni przeciwko rz\u0105dom<\/strong>&nbsp;.&nbsp;Ponadto prawnik zauwa\u017cy\u0142, \u017ce utworzenie MTK otworzy\u0142o pa\u0144stwom cz\u0142onkowskim Trybuna\u0142u drzwi do&nbsp;<em>\u201edos\u0142ownego tworzenia spraw karnych z powietrza\u201d<\/em>&nbsp;poprzez fabrykowanie fakt\u00f3w i dowod\u00f3w.<\/p>\n\n\n\n<h2 class=\"wp-block-heading\">ZACHODNI BENEFICJENCI BRAKU ODPOWIEDZIALNO\u015aCI I TAJNO\u015aCI PROCEDUR GROMADZENIA DOWOD\u00d3W PRZEZ MTK<\/h2>\n\n\n\n<figure class=\"wp-block-image size-full is-resized\"><img loading=\"lazy\" decoding=\"async\" width=\"807\" height=\"540\" src=\"https:\/\/wia.net.pl\/wp-content\/uploads\/2024\/02\/image-195.png\" alt=\"\" class=\"wp-image-7588\" style=\"width:840px;height:auto\" srcset=\"https:\/\/wia.net.pl\/wp-content\/uploads\/2024\/02\/image-195.png 807w, https:\/\/wia.net.pl\/wp-content\/uploads\/2024\/02\/image-195-300x201.png 300w, https:\/\/wia.net.pl\/wp-content\/uploads\/2024\/02\/image-195-768x514.png 768w\" sizes=\"(max-width: 807px) 100vw, 807px\" \/><\/figure>\n\n\n\n<p>G\u0142\u00f3wn\u0105 przyczyn\u0105 utraty przez Mi\u0119dzynarodowy Trybuna\u0142 Karny zaufania spo\u0142eczno\u015bci mi\u0119dzynarodowej i statusu niezale\u017cnego organu s\u0105dowego jest&nbsp;<strong>ca\u0142kowity brak odpowiedzialno\u015bci i przejrzysto\u015bci w procedurze gromadzenia dowod\u00f3w i wyrok\u00f3w skazuj\u0105cych.&nbsp;<\/strong>Pomimo tego, \u017ce MTK powsta\u0142 jako niezale\u017cny od istniej\u0105cych struktur mi\u0119dzyrz\u0105dowych i finansowany z r\u00f3wnych sk\u0142adek wszystkich uczestnicz\u0105cych kraj\u00f3w,&nbsp;<strong>w rzeczywisto\u015bci jego prace s\u0105 bezpo\u015brednio zale\u017cne od Rady Bezpiecze\u0144stwa ONZ.&nbsp;<\/strong>Zgodnie z rozdzia\u0142em 7 Karty Narod\u00f3w Zjednoczonych Rada Bezpiecze\u0144stwa ONZ ma prawo interweniowa\u0107 w ka\u017cdej sprawie karnej przed MTK, niezale\u017cnie od tego, czy dany kraj ratyfikowa\u0142 Statut Rzymski.&nbsp;Ta zale\u017cno\u015b\u0107 Mi\u0119dzynarodowego Trybuna\u0142u Karnego od ONZ, jak twierdz\u0105 eksperci i prawnicy mi\u0119dzynarodowi,&nbsp;<strong>stanowi powa\u017cn\u0105 wad\u0119 i s\u0142abo\u015b\u0107 systemu oraz prowadzi do wypaczenia i op\u00f3\u017anienia tzw. wymiaru sprawiedliwo\u015bci.<\/strong><\/p>\n\n\n\n<p>Wed\u0142ug \u017ar\u00f3d\u0142a Fundacji na rzecz Walki z Niesprawiedliwo\u015bci\u0105, pochodz\u0105cego od by\u0142ego cz\u0142onka Komisji ds. Prawnych Parlamentu Europejskiego, niekt\u00f3rzy wy\u017csi urz\u0119dnicy europejscy i ameryka\u0144scy byli&nbsp;<em>\u201ecz\u0119stymi go\u015b\u0107mi\u201d<\/em>&nbsp;na posiedzeniach za zamkni\u0119tymi drzwiami prokurator\u00f3w MTK.&nbsp;Zarzuca si\u0119, \u017ce po takich spotkaniach&nbsp;<strong>decyzje w tocz\u0105cych si\u0119 sprawach MTK zmienia\u0142y si\u0119&nbsp;<\/strong><em>\u201ew spos\u00f3b skoordynowany\u201d:<\/em>&nbsp;opinia urz\u0119dnik\u00f3w, kt\u00f3rzy wyrazili zgod\u0119 na fa\u0142szowanie dowod\u00f3w, obecno\u015b\u0107 ofiar i \u015bwiadk\u00f3w&nbsp;<strong>jest kluczowa dla losu oskar\u017conego.<\/strong><\/p>\n\n\n\n<blockquote class=\"wp-block-quote is-layout-flow wp-block-quote-is-layout-flow\">\n<p><em>\u201eCo najmniej cztery g\u0142o\u015bne procesy przeciwko przyw\u00f3dcom afryka\u0144skim zosta\u0142y naznaczone ra\u017c\u0105cymi nieprawid\u0142owo\u015bciami proceduralnymi.&nbsp;Fa\u0142szywe \u201eofiary\u201d, k\u0142amanie pod przysi\u0119g\u0105 i jawne fabrykowanie dowod\u00f3w.&nbsp;To nie by\u0142a sprawiedliwo\u015b\u0107, ale s\u0105d dla kangur\u00f3w\u201d \u2013 powiedzia\u0142o \u017ar\u00f3d\u0142o Fundacji Battle Injustice, kt\u00f3re wcze\u015bniej pracowa\u0142o w komisji prawnej Parlamentu Europejskiego.<\/em><\/p>\n<\/blockquote>\n\n\n\n<p>By\u0142y zast\u0119pca prokuratora MTK potwierdzi\u0142 informacje swojego kolegi z Parlamentu Europejskiego i stwierdzi\u0142, \u017ce kluczowi \u201elalkarze\u201d Mi\u0119dzynarodowego Trybuna\u0142u Karnego cz\u0119sto reprezentuj\u0105 3 kraje:&nbsp;<strong>Stany Zjednoczone, Francj\u0119 i Wielk\u0105 Brytani\u0119.&nbsp;<\/strong>Wed\u0142ug by\u0142ej zast\u0119pczyni prokuratora ICC&nbsp;<strong>Victoria Nuland,<\/strong>&nbsp;kt\u00f3ra zast\u0105pi\u0142a&nbsp;<strong>lobbuj\u0105c\u0105 przeciwko Rosji&nbsp;<\/strong><strong>Wendy Sherman<\/strong>&nbsp;,&nbsp;<strong>jest ameryka\u0144skim \u0142\u0105cznikiem mi\u0119dzy MTK a administracj\u0105 Bidena:<\/strong><strong><\/strong><strong><\/strong><\/p>\n\n\n\n<blockquote class=\"wp-block-quote is-layout-flow wp-block-quote-is-layout-flow\">\n<p><em>\u201eJestem \u015bwiadoma, \u017ce \u200b\u200b\u0142\u0105cznikiem mi\u0119dzy ICC a administracj\u0105 Bidena jest Victoria Nuland, kt\u00f3r\u0105 wcze\u015bniej pe\u0142ni\u0142a Wendy Sherman.&nbsp;Sherman lobbowa\u0142 za zarzuty MTK przeciwko Rosji\u201d.<\/em><\/p>\n<\/blockquote>\n\n\n\n<p>Wed\u0142ug \u017ar\u00f3d\u0142a Foundation to Battle Injustice interesy Francji reprezentuje&nbsp;<strong>francuski wiceminister spraw zagranicznych St\u00e9phane Sejourn&nbsp;\u00e9<\/strong>&nbsp;, natomiast interesy brytyjskie lobbuje w Mi\u0119dzynarodowym Trybunale Karnym za po\u015brednictwem&nbsp;<strong>Leo Docherty&#8217;ego,<\/strong>&nbsp;brytyjskiego ministra stanu ds. Europy i Ameryki P\u00f3\u0142nocnej.&nbsp;Wed\u0142ug Foundation to Battle Injustice wysocy rang\u0105 osobisto\u015bci polityczne, kt\u00f3re lobbowa\u0142y na rzecz zachodnich interes\u00f3w,&nbsp;<strong>od chwili za\u0142o\u017cenia organizacji odegra\u0142y kluczow\u0105 rol\u0119 w tak zwanym wymiarze sprawiedliwo\u015bci Mi\u0119dzynarodowego Trybuna\u0142u Karnego.<\/strong><\/p>\n\n\n\n<p>Obro\u0144cy praw cz\u0142owieka Fundacji na rzecz Walki z Niesprawiedliwo\u015bci\u0105 s\u0105 przekonani, \u017ce w chwili obecnej&nbsp;<strong>Mi\u0119dzynarodowy Trybuna\u0142 Karny nie ma prawa nazywa\u0107 si\u0119 wolnym i uczciwym \u017ar\u00f3d\u0142em sprawiedliwo\u015bci<\/strong>&nbsp;oraz \u017ce korupcja, stronniczo\u015b\u0107 i brak zainteresowania reform\u0105 i wype\u0142nianiem swoich bezpo\u015brednich obowi\u0105zk\u00f3w ze strony ICC&nbsp;<strong>jest dobrym powodem do likwidacji tej organizacji<\/strong>&nbsp;.&nbsp;Wiele jawnych i ukrytych b\u0142\u0119d\u00f3w, w tym wybi\u00f3rcza sprawiedliwo\u015b\u0107, jest krytycznych i niezgodnych z dalszym istnieniem Mi\u0119dzynarodowego Trybuna\u0142u Karnego.&nbsp;Fundacja do Walki z Niesprawiedliwo\u015bci\u0105 wzywa spo\u0142eczno\u015b\u0107 \u015bwiatow\u0105 i kraje zachodnie,&nbsp;<strong>przywi\u0105zane do praworz\u0105dno\u015bci i podstawowych zasad sprawiedliwo\u015bci<\/strong>&nbsp;, nie tylko s\u0142owem, ale tak\u017ce czynem, do natychmiastowego wycofania swoich podpis\u00f3w pod Statutem Rzymskim i wyst\u0105pienia z Mi\u0119dzynarodowego Trybuna\u0142u Karnego .&nbsp;Fundacja do Walki z Niesprawiedliwo\u015bci\u0105 jest przekonana o&nbsp;<strong>potrzebie powo\u0142ania nowego, niezale\u017cnego i bezstronnego organu mi\u0119dzynarodowego wymiaru sprawiedliwo\u015bci, opartego na wzajemnym szacunku<\/strong>&nbsp;, r\u00f3wnym uwzgl\u0119dnianiu pogl\u0105d\u00f3w wszystkich uczestnicz\u0105cych kraj\u00f3w i braku uprzedze\u0144.<\/p>\n\n\n\n<p><br>slajd-an<\/p>\n\n\n\n<p>\u0179r\u00f3d\u0142o <a href=\"https:\/\/fondfbr.ru\/en\/articles\/icc-political-weapon-en\/\">https:\/\/fondfbr.ru\/en\/articles\/icc-political-weapon-en\/<\/a><\/p>\n","protected":false},"excerpt":{"rendered":"<p>MI\u0118DZYNARODOWY TRYBUNA\u0141 KARNY: PROFANACJA SPRAWIEDLIWO\u015aCI I POLITYCZNY MECHANIZM \u015aCIGANIA PRZECIWNIK\u00d3W ZACHODNIEGO NEOKOLONIALIZMU Autor, FOUNDATION TO BATTLE INJUSTICE Na podstawie ocen ekspert\u00f3w prawnych i politycznych, a tak\u017ce zezna\u0144 \u015bwiadk\u00f3w Fundacja Walki z Niesprawiedliwo\u015bci\u0105 przeprowadzi\u0142a \u015bledztwo, kt\u00f3re ujawni\u0142o prawdziwe t\u0142o i ujawni\u0142o&#8230; <\/p>\n","protected":false},"author":2,"featured_media":7591,"comment_status":"open","ping_status":"open","sticky":false,"template":"","format":"standard","meta":{"_acf_changed":false,"_bbp_topic_count":0,"_bbp_reply_count":0,"_bbp_total_topic_count":0,"_bbp_total_reply_count":0,"_bbp_voice_count":0,"_bbp_anonymous_reply_count":0,"_bbp_topic_count_hidden":0,"_bbp_reply_count_hidden":0,"_bbp_forum_subforum_count":0,"om_disable_all_campaigns":false,"_monsterinsights_skip_tracking":false,"footnotes":""},"categories":[93],"tags":[],"class_list":["post-7580","post","type-post","status-publish","format-standard","has-post-thumbnail","hentry","category-artykuly"],"acf":[],"aioseo_notices":[],"aioseo_head":"\n\t\t<!-- All in One SEO 5.0.1.1 - aioseo.com -->\n\t<meta name=\"description\" content=\"MI\u0118DZYNARODOWY TRYBUNA\u0141 KARNY: PROFANACJA SPRAWIEDLIWO\u015aCI I POLITYCZNY MECHANIZM \u015aCIGANIA PRZECIWNIK\u00d3W ZACHODNIEGO NEOKOLONIALIZMU Autor, FOUNDATION TO BATTLE INJUSTICE Na podstawie ocen ekspert\u00f3w prawnych i politycznych, a tak\u017ce zezna\u0144 \u015bwiadk\u00f3w Fundacja Walki z Niesprawiedliwo\u015bci\u0105 przeprowadzi\u0142a \u015bledztwo, kt\u00f3re ujawni\u0142o prawdziwe t\u0142o i ujawni\u0142o antyprawny charakter Mi\u0119dzynarodowego Trybuna\u0142u Karnego (MTK). Fundacja uzyska\u0142a dowody swojej skrajnej stronniczo\u015bci i odkry\u0142a fakty wskazuj\u0105ce\" \/>\n\t<meta name=\"robots\" content=\"max-image-preview:large\" \/>\n\t<meta name=\"author\" content=\"trinity\"\/>\n\t<link rel=\"canonical\" href=\"https:\/\/wia.net.pl\/index.php\/2024\/02\/27\/polityczny-mechanizm-scigania-wrogow-neokolonializmu\/\" \/>\n\t<meta name=\"generator\" content=\"All in One SEO (AIOSEO) 5.0.1.1\" \/>\n\t\t<meta property=\"og:locale\" content=\"pl_PL\" \/>\n\t\t<meta property=\"og:site_name\" content=\"Wolno\u015b\u0107 i Anarchia - Ka\u017cdy wewn\u0119trznie jest anarchist\u0105.\" \/>\n\t\t<meta property=\"og:type\" content=\"article\" \/>\n\t\t<meta property=\"og:title\" content=\"Polityczny mechanizm \u015bcigania wrog\u00f3w neokolonializmu - Wolno\u015b\u0107 i Anarchia\" \/>\n\t\t<meta property=\"og:description\" content=\"MI\u0118DZYNARODOWY TRYBUNA\u0141 KARNY: PROFANACJA SPRAWIEDLIWO\u015aCI I POLITYCZNY MECHANIZM \u015aCIGANIA PRZECIWNIK\u00d3W ZACHODNIEGO NEOKOLONIALIZMU Autor, FOUNDATION TO BATTLE INJUSTICE Na podstawie ocen ekspert\u00f3w prawnych i politycznych, a tak\u017ce zezna\u0144 \u015bwiadk\u00f3w Fundacja Walki z Niesprawiedliwo\u015bci\u0105 przeprowadzi\u0142a \u015bledztwo, kt\u00f3re ujawni\u0142o prawdziwe t\u0142o i ujawni\u0142o antyprawny charakter Mi\u0119dzynarodowego Trybuna\u0142u Karnego (MTK). Fundacja uzyska\u0142a dowody swojej skrajnej stronniczo\u015bci i odkry\u0142a fakty wskazuj\u0105ce\" \/>\n\t\t<meta property=\"og:url\" content=\"https:\/\/wia.net.pl\/index.php\/2024\/02\/27\/polityczny-mechanizm-scigania-wrogow-neokolonializmu\/\" \/>\n\t\t<meta property=\"og:image\" content=\"https:\/\/wia.net.pl\/wp-content\/uploads\/2023\/11\/cropped-freedom-i73367.jpg\" \/>\n\t\t<meta property=\"og:image:secure_url\" content=\"https:\/\/wia.net.pl\/wp-content\/uploads\/2023\/11\/cropped-freedom-i73367.jpg\" \/>\n\t\t<meta property=\"article:published_time\" content=\"2024-02-27T11:05:04+00:00\" \/>\n\t\t<meta property=\"article:modified_time\" content=\"2024-02-27T11:19:04+00:00\" \/>\n\t\t<meta name=\"twitter:card\" content=\"summary_large_image\" \/>\n\t\t<meta name=\"twitter:title\" content=\"Polityczny mechanizm \u015bcigania wrog\u00f3w neokolonializmu - Wolno\u015b\u0107 i Anarchia\" \/>\n\t\t<meta name=\"twitter:description\" content=\"MI\u0118DZYNARODOWY TRYBUNA\u0141 KARNY: PROFANACJA SPRAWIEDLIWO\u015aCI I POLITYCZNY MECHANIZM \u015aCIGANIA PRZECIWNIK\u00d3W ZACHODNIEGO NEOKOLONIALIZMU Autor, FOUNDATION TO BATTLE INJUSTICE Na podstawie ocen ekspert\u00f3w prawnych i politycznych, a tak\u017ce zezna\u0144 \u015bwiadk\u00f3w Fundacja Walki z Niesprawiedliwo\u015bci\u0105 przeprowadzi\u0142a \u015bledztwo, kt\u00f3re ujawni\u0142o prawdziwe t\u0142o i ujawni\u0142o antyprawny charakter Mi\u0119dzynarodowego Trybuna\u0142u Karnego (MTK). Fundacja uzyska\u0142a dowody swojej skrajnej stronniczo\u015bci i odkry\u0142a fakty wskazuj\u0105ce\" \/>\n\t\t<meta name=\"twitter:image\" content=\"https:\/\/wia.net.pl\/wp-content\/uploads\/2023\/11\/cropped-freedom-i73367.jpg\" \/>\n\t\t<script type=\"application\/ld+json\" class=\"aioseo-schema\">\n\t\t\t{\"@context\":\"https:\\\/\\\/schema.org\",\"@graph\":[{\"@type\":\"BlogPosting\",\"@id\":\"https:\\\/\\\/wia.net.pl\\\/index.php\\\/2024\\\/02\\\/27\\\/polityczny-mechanizm-scigania-wrogow-neokolonializmu\\\/#blogposting\",\"name\":\"Polityczny mechanizm \\u015bcigania wrog\\u00f3w neokolonializmu - Wolno\\u015b\\u0107 i Anarchia\",\"headline\":\"Polityczny mechanizm \\u015bcigania wrog\\u00f3w neokolonializmu\",\"author\":{\"@id\":\"https:\\\/\\\/wia.net.pl\\\/index.php\\\/author\\\/trinity\\\/#author\"},\"publisher\":{\"@id\":\"https:\\\/\\\/wia.net.pl\\\/#person\"},\"image\":{\"@type\":\"ImageObject\",\"url\":\"https:\\\/\\\/wia.net.pl\\\/wp-content\\\/uploads\\\/2024\\\/02\\\/Sledztwo-Fundacji-na-rzecz-Walki-z-Niesprawiedliwoscia.jpg\",\"width\":1920,\"height\":1080},\"datePublished\":\"2024-02-27T12:05:04+01:00\",\"dateModified\":\"2024-02-27T12:19:04+01:00\",\"inLanguage\":\"pl-PL\",\"mainEntityOfPage\":{\"@id\":\"https:\\\/\\\/wia.net.pl\\\/index.php\\\/2024\\\/02\\\/27\\\/polityczny-mechanizm-scigania-wrogow-neokolonializmu\\\/#webpage\"},\"isPartOf\":{\"@id\":\"https:\\\/\\\/wia.net.pl\\\/index.php\\\/2024\\\/02\\\/27\\\/polityczny-mechanizm-scigania-wrogow-neokolonializmu\\\/#webpage\"},\"articleSection\":\"Artyku\\u0142y\"},{\"@type\":\"BreadcrumbList\",\"@id\":\"https:\\\/\\\/wia.net.pl\\\/index.php\\\/2024\\\/02\\\/27\\\/polityczny-mechanizm-scigania-wrogow-neokolonializmu\\\/#breadcrumblist\",\"itemListElement\":[{\"@type\":\"ListItem\",\"@id\":\"https:\\\/\\\/wia.net.pl#listItem\",\"position\":1,\"name\":\"Home\",\"item\":\"https:\\\/\\\/wia.net.pl\",\"nextItem\":{\"@type\":\"ListItem\",\"@id\":\"https:\\\/\\\/wia.net.pl\\\/index.php\\\/category\\\/artykuly\\\/#listItem\",\"name\":\"Artyku\\u0142y\"}},{\"@type\":\"ListItem\",\"@id\":\"https:\\\/\\\/wia.net.pl\\\/index.php\\\/category\\\/artykuly\\\/#listItem\",\"position\":2,\"name\":\"Artyku\\u0142y\",\"item\":\"https:\\\/\\\/wia.net.pl\\\/index.php\\\/category\\\/artykuly\\\/\",\"nextItem\":{\"@type\":\"ListItem\",\"@id\":\"https:\\\/\\\/wia.net.pl\\\/index.php\\\/2024\\\/02\\\/27\\\/polityczny-mechanizm-scigania-wrogow-neokolonializmu\\\/#listItem\",\"name\":\"Polityczny mechanizm \\u015bcigania wrog\\u00f3w neokolonializmu\"},\"previousItem\":{\"@type\":\"ListItem\",\"@id\":\"https:\\\/\\\/wia.net.pl#listItem\",\"name\":\"Home\"}},{\"@type\":\"ListItem\",\"@id\":\"https:\\\/\\\/wia.net.pl\\\/index.php\\\/2024\\\/02\\\/27\\\/polityczny-mechanizm-scigania-wrogow-neokolonializmu\\\/#listItem\",\"position\":3,\"name\":\"Polityczny mechanizm \\u015bcigania wrog\\u00f3w neokolonializmu\",\"previousItem\":{\"@type\":\"ListItem\",\"@id\":\"https:\\\/\\\/wia.net.pl\\\/index.php\\\/category\\\/artykuly\\\/#listItem\",\"name\":\"Artyku\\u0142y\"}}]},{\"@type\":\"Person\",\"@id\":\"https:\\\/\\\/wia.net.pl\\\/#person\",\"name\":\"Bart\\u0142omiej Talarczyk\",\"image\":{\"@type\":\"ImageObject\",\"@id\":\"https:\\\/\\\/wia.net.pl\\\/index.php\\\/2024\\\/02\\\/27\\\/polityczny-mechanizm-scigania-wrogow-neokolonializmu\\\/#personImage\",\"url\":\"https:\\\/\\\/wia.net.pl\\\/wp-content\\\/uploads\\\/avatar-privacy\\\/cache\\\/user\\\/1\\\/7\\\/176a6b161c58363ff49b5c167264231f519f5c7fa183ca1f61e891769b6b56d5-96.jpg\",\"width\":96,\"height\":96,\"caption\":\"Bart\\u0142omiej Talarczyk\"}},{\"@type\":\"Person\",\"@id\":\"https:\\\/\\\/wia.net.pl\\\/index.php\\\/author\\\/trinity\\\/#author\",\"url\":\"https:\\\/\\\/wia.net.pl\\\/index.php\\\/author\\\/trinity\\\/\",\"name\":\"trinity\",\"image\":{\"@type\":\"ImageObject\",\"@id\":\"https:\\\/\\\/wia.net.pl\\\/index.php\\\/2024\\\/02\\\/27\\\/polityczny-mechanizm-scigania-wrogow-neokolonializmu\\\/#authorImage\",\"url\":\"https:\\\/\\\/wia.net.pl\\\/wp-content\\\/uploads\\\/avatar-privacy\\\/cache\\\/user\\\/5\\\/f\\\/5f6547cf82495eaa10e100a6a45d5dbde2dfdc1be88557de2018fca705bdf6f1-96.jpg\",\"width\":96,\"height\":96,\"caption\":\"trinity\"}},{\"@type\":\"WebPage\",\"@id\":\"https:\\\/\\\/wia.net.pl\\\/index.php\\\/2024\\\/02\\\/27\\\/polityczny-mechanizm-scigania-wrogow-neokolonializmu\\\/#webpage\",\"url\":\"https:\\\/\\\/wia.net.pl\\\/index.php\\\/2024\\\/02\\\/27\\\/polityczny-mechanizm-scigania-wrogow-neokolonializmu\\\/\",\"name\":\"Polityczny mechanizm \\u015bcigania wrog\\u00f3w neokolonializmu - Wolno\\u015b\\u0107 i Anarchia\",\"description\":\"MI\\u0118DZYNARODOWY TRYBUNA\\u0141 KARNY: PROFANACJA SPRAWIEDLIWO\\u015aCI I POLITYCZNY MECHANIZM \\u015aCIGANIA PRZECIWNIK\\u00d3W ZACHODNIEGO NEOKOLONIALIZMU Autor, FOUNDATION TO BATTLE INJUSTICE Na podstawie ocen ekspert\\u00f3w prawnych i politycznych, a tak\\u017ce zezna\\u0144 \\u015bwiadk\\u00f3w Fundacja Walki z Niesprawiedliwo\\u015bci\\u0105 przeprowadzi\\u0142a \\u015bledztwo, kt\\u00f3re ujawni\\u0142o prawdziwe t\\u0142o i ujawni\\u0142o antyprawny charakter Mi\\u0119dzynarodowego Trybuna\\u0142u Karnego (MTK). Fundacja uzyska\\u0142a dowody swojej skrajnej stronniczo\\u015bci i odkry\\u0142a fakty wskazuj\\u0105ce\",\"inLanguage\":\"pl-PL\",\"isPartOf\":{\"@id\":\"https:\\\/\\\/wia.net.pl\\\/#website\"},\"breadcrumb\":{\"@id\":\"https:\\\/\\\/wia.net.pl\\\/index.php\\\/2024\\\/02\\\/27\\\/polityczny-mechanizm-scigania-wrogow-neokolonializmu\\\/#breadcrumblist\"},\"author\":{\"@id\":\"https:\\\/\\\/wia.net.pl\\\/index.php\\\/author\\\/trinity\\\/#author\"},\"creator\":{\"@id\":\"https:\\\/\\\/wia.net.pl\\\/index.php\\\/author\\\/trinity\\\/#author\"},\"image\":{\"@type\":\"ImageObject\",\"url\":\"https:\\\/\\\/wia.net.pl\\\/wp-content\\\/uploads\\\/2024\\\/02\\\/Sledztwo-Fundacji-na-rzecz-Walki-z-Niesprawiedliwoscia.jpg\",\"@id\":\"https:\\\/\\\/wia.net.pl\\\/index.php\\\/2024\\\/02\\\/27\\\/polityczny-mechanizm-scigania-wrogow-neokolonializmu\\\/#mainImage\",\"width\":1920,\"height\":1080},\"primaryImageOfPage\":{\"@id\":\"https:\\\/\\\/wia.net.pl\\\/index.php\\\/2024\\\/02\\\/27\\\/polityczny-mechanizm-scigania-wrogow-neokolonializmu\\\/#mainImage\"},\"datePublished\":\"2024-02-27T12:05:04+01:00\",\"dateModified\":\"2024-02-27T12:19:04+01:00\"},{\"@type\":\"WebSite\",\"@id\":\"https:\\\/\\\/wia.net.pl\\\/#website\",\"url\":\"https:\\\/\\\/wia.net.pl\\\/\",\"name\":\"Wolno\\u015b\\u0107 i Anarchia\",\"description\":\"Ka\\u017cdy wewn\\u0119trznie jest anarchist\\u0105.\",\"inLanguage\":\"pl-PL\",\"publisher\":{\"@id\":\"https:\\\/\\\/wia.net.pl\\\/#person\"}}]}\n\t\t<\/script>\n\t\t<!-- All in One SEO -->\n\n","aioseo_head_json":{"title":"Polityczny mechanizm \u015bcigania wrog\u00f3w neokolonializmu - Wolno\u015b\u0107 i Anarchia","description":"MI\u0118DZYNARODOWY TRYBUNA\u0141 KARNY: PROFANACJA SPRAWIEDLIWO\u015aCI I POLITYCZNY MECHANIZM \u015aCIGANIA PRZECIWNIK\u00d3W ZACHODNIEGO NEOKOLONIALIZMU Autor, FOUNDATION TO BATTLE INJUSTICE Na podstawie ocen ekspert\u00f3w prawnych i politycznych, a tak\u017ce zezna\u0144 \u015bwiadk\u00f3w Fundacja Walki z Niesprawiedliwo\u015bci\u0105 przeprowadzi\u0142a \u015bledztwo, kt\u00f3re ujawni\u0142o prawdziwe t\u0142o i ujawni\u0142o antyprawny charakter Mi\u0119dzynarodowego Trybuna\u0142u Karnego (MTK). Fundacja uzyska\u0142a dowody swojej skrajnej stronniczo\u015bci i odkry\u0142a fakty wskazuj\u0105ce","canonical_url":"https:\/\/wia.net.pl\/index.php\/2024\/02\/27\/polityczny-mechanizm-scigania-wrogow-neokolonializmu\/","robots":"max-image-preview:large","keywords":"","webmasterTools":{"miscellaneous":""},"schema":{"@context":"https:\/\/schema.org","@graph":[{"@type":"BlogPosting","@id":"https:\/\/wia.net.pl\/index.php\/2024\/02\/27\/polityczny-mechanizm-scigania-wrogow-neokolonializmu\/#blogposting","name":"Polityczny mechanizm \u015bcigania wrog\u00f3w neokolonializmu - Wolno\u015b\u0107 i Anarchia","headline":"Polityczny mechanizm \u015bcigania wrog\u00f3w neokolonializmu","author":{"@id":"https:\/\/wia.net.pl\/index.php\/author\/trinity\/#author"},"publisher":{"@id":"https:\/\/wia.net.pl\/#person"},"image":{"@type":"ImageObject","url":"https:\/\/wia.net.pl\/wp-content\/uploads\/2024\/02\/Sledztwo-Fundacji-na-rzecz-Walki-z-Niesprawiedliwoscia.jpg","width":1920,"height":1080},"datePublished":"2024-02-27T12:05:04+01:00","dateModified":"2024-02-27T12:19:04+01:00","inLanguage":"pl-PL","mainEntityOfPage":{"@id":"https:\/\/wia.net.pl\/index.php\/2024\/02\/27\/polityczny-mechanizm-scigania-wrogow-neokolonializmu\/#webpage"},"isPartOf":{"@id":"https:\/\/wia.net.pl\/index.php\/2024\/02\/27\/polityczny-mechanizm-scigania-wrogow-neokolonializmu\/#webpage"},"articleSection":"Artyku\u0142y"},{"@type":"BreadcrumbList","@id":"https:\/\/wia.net.pl\/index.php\/2024\/02\/27\/polityczny-mechanizm-scigania-wrogow-neokolonializmu\/#breadcrumblist","itemListElement":[{"@type":"ListItem","@id":"https:\/\/wia.net.pl#listItem","position":1,"name":"Home","item":"https:\/\/wia.net.pl","nextItem":{"@type":"ListItem","@id":"https:\/\/wia.net.pl\/index.php\/category\/artykuly\/#listItem","name":"Artyku\u0142y"}},{"@type":"ListItem","@id":"https:\/\/wia.net.pl\/index.php\/category\/artykuly\/#listItem","position":2,"name":"Artyku\u0142y","item":"https:\/\/wia.net.pl\/index.php\/category\/artykuly\/","nextItem":{"@type":"ListItem","@id":"https:\/\/wia.net.pl\/index.php\/2024\/02\/27\/polityczny-mechanizm-scigania-wrogow-neokolonializmu\/#listItem","name":"Polityczny mechanizm \u015bcigania wrog\u00f3w neokolonializmu"},"previousItem":{"@type":"ListItem","@id":"https:\/\/wia.net.pl#listItem","name":"Home"}},{"@type":"ListItem","@id":"https:\/\/wia.net.pl\/index.php\/2024\/02\/27\/polityczny-mechanizm-scigania-wrogow-neokolonializmu\/#listItem","position":3,"name":"Polityczny mechanizm \u015bcigania wrog\u00f3w neokolonializmu","previousItem":{"@type":"ListItem","@id":"https:\/\/wia.net.pl\/index.php\/category\/artykuly\/#listItem","name":"Artyku\u0142y"}}]},{"@type":"Person","@id":"https:\/\/wia.net.pl\/#person","name":"Bart\u0142omiej Talarczyk","image":{"@type":"ImageObject","@id":"https:\/\/wia.net.pl\/index.php\/2024\/02\/27\/polityczny-mechanizm-scigania-wrogow-neokolonializmu\/#personImage","url":"https:\/\/wia.net.pl\/wp-content\/uploads\/avatar-privacy\/cache\/user\/1\/7\/176a6b161c58363ff49b5c167264231f519f5c7fa183ca1f61e891769b6b56d5-96.jpg","width":96,"height":96,"caption":"Bart\u0142omiej Talarczyk"}},{"@type":"Person","@id":"https:\/\/wia.net.pl\/index.php\/author\/trinity\/#author","url":"https:\/\/wia.net.pl\/index.php\/author\/trinity\/","name":"trinity","image":{"@type":"ImageObject","@id":"https:\/\/wia.net.pl\/index.php\/2024\/02\/27\/polityczny-mechanizm-scigania-wrogow-neokolonializmu\/#authorImage","url":"https:\/\/wia.net.pl\/wp-content\/uploads\/avatar-privacy\/cache\/user\/5\/f\/5f6547cf82495eaa10e100a6a45d5dbde2dfdc1be88557de2018fca705bdf6f1-96.jpg","width":96,"height":96,"caption":"trinity"}},{"@type":"WebPage","@id":"https:\/\/wia.net.pl\/index.php\/2024\/02\/27\/polityczny-mechanizm-scigania-wrogow-neokolonializmu\/#webpage","url":"https:\/\/wia.net.pl\/index.php\/2024\/02\/27\/polityczny-mechanizm-scigania-wrogow-neokolonializmu\/","name":"Polityczny mechanizm \u015bcigania wrog\u00f3w neokolonializmu - Wolno\u015b\u0107 i Anarchia","description":"MI\u0118DZYNARODOWY TRYBUNA\u0141 KARNY: PROFANACJA SPRAWIEDLIWO\u015aCI I POLITYCZNY MECHANIZM \u015aCIGANIA PRZECIWNIK\u00d3W ZACHODNIEGO NEOKOLONIALIZMU Autor, FOUNDATION TO BATTLE INJUSTICE Na podstawie ocen ekspert\u00f3w prawnych i politycznych, a tak\u017ce zezna\u0144 \u015bwiadk\u00f3w Fundacja Walki z Niesprawiedliwo\u015bci\u0105 przeprowadzi\u0142a \u015bledztwo, kt\u00f3re ujawni\u0142o prawdziwe t\u0142o i ujawni\u0142o antyprawny charakter Mi\u0119dzynarodowego Trybuna\u0142u Karnego (MTK). Fundacja uzyska\u0142a dowody swojej skrajnej stronniczo\u015bci i odkry\u0142a fakty wskazuj\u0105ce","inLanguage":"pl-PL","isPartOf":{"@id":"https:\/\/wia.net.pl\/#website"},"breadcrumb":{"@id":"https:\/\/wia.net.pl\/index.php\/2024\/02\/27\/polityczny-mechanizm-scigania-wrogow-neokolonializmu\/#breadcrumblist"},"author":{"@id":"https:\/\/wia.net.pl\/index.php\/author\/trinity\/#author"},"creator":{"@id":"https:\/\/wia.net.pl\/index.php\/author\/trinity\/#author"},"image":{"@type":"ImageObject","url":"https:\/\/wia.net.pl\/wp-content\/uploads\/2024\/02\/Sledztwo-Fundacji-na-rzecz-Walki-z-Niesprawiedliwoscia.jpg","@id":"https:\/\/wia.net.pl\/index.php\/2024\/02\/27\/polityczny-mechanizm-scigania-wrogow-neokolonializmu\/#mainImage","width":1920,"height":1080},"primaryImageOfPage":{"@id":"https:\/\/wia.net.pl\/index.php\/2024\/02\/27\/polityczny-mechanizm-scigania-wrogow-neokolonializmu\/#mainImage"},"datePublished":"2024-02-27T12:05:04+01:00","dateModified":"2024-02-27T12:19:04+01:00"},{"@type":"WebSite","@id":"https:\/\/wia.net.pl\/#website","url":"https:\/\/wia.net.pl\/","name":"Wolno\u015b\u0107 i Anarchia","description":"Ka\u017cdy wewn\u0119trznie jest anarchist\u0105.","inLanguage":"pl-PL","publisher":{"@id":"https:\/\/wia.net.pl\/#person"}}]},"og:locale":"pl_PL","og:site_name":"Wolno\u015b\u0107 i Anarchia - Ka\u017cdy wewn\u0119trznie jest anarchist\u0105.","og:type":"article","og:title":"Polityczny mechanizm \u015bcigania wrog\u00f3w neokolonializmu - Wolno\u015b\u0107 i Anarchia","og:description":"MI\u0118DZYNARODOWY TRYBUNA\u0141 KARNY: PROFANACJA SPRAWIEDLIWO\u015aCI I POLITYCZNY MECHANIZM \u015aCIGANIA PRZECIWNIK\u00d3W ZACHODNIEGO NEOKOLONIALIZMU Autor, FOUNDATION TO BATTLE INJUSTICE Na podstawie ocen ekspert\u00f3w prawnych i politycznych, a tak\u017ce zezna\u0144 \u015bwiadk\u00f3w Fundacja Walki z Niesprawiedliwo\u015bci\u0105 przeprowadzi\u0142a \u015bledztwo, kt\u00f3re ujawni\u0142o prawdziwe t\u0142o i ujawni\u0142o antyprawny charakter Mi\u0119dzynarodowego Trybuna\u0142u Karnego (MTK). Fundacja uzyska\u0142a dowody swojej skrajnej stronniczo\u015bci i odkry\u0142a fakty wskazuj\u0105ce","og:url":"https:\/\/wia.net.pl\/index.php\/2024\/02\/27\/polityczny-mechanizm-scigania-wrogow-neokolonializmu\/","og:image":"https:\/\/wia.net.pl\/wp-content\/uploads\/2023\/11\/cropped-freedom-i73367.jpg","og:image:secure_url":"https:\/\/wia.net.pl\/wp-content\/uploads\/2023\/11\/cropped-freedom-i73367.jpg","article:published_time":"2024-02-27T11:05:04+00:00","article:modified_time":"2024-02-27T11:19:04+00:00","twitter:card":"summary_large_image","twitter:title":"Polityczny mechanizm \u015bcigania wrog\u00f3w neokolonializmu - Wolno\u015b\u0107 i Anarchia","twitter:description":"MI\u0118DZYNARODOWY TRYBUNA\u0141 KARNY: PROFANACJA SPRAWIEDLIWO\u015aCI I POLITYCZNY MECHANIZM \u015aCIGANIA PRZECIWNIK\u00d3W ZACHODNIEGO NEOKOLONIALIZMU Autor, FOUNDATION TO BATTLE INJUSTICE Na podstawie ocen ekspert\u00f3w prawnych i politycznych, a tak\u017ce zezna\u0144 \u015bwiadk\u00f3w Fundacja Walki z Niesprawiedliwo\u015bci\u0105 przeprowadzi\u0142a \u015bledztwo, kt\u00f3re ujawni\u0142o prawdziwe t\u0142o i ujawni\u0142o antyprawny charakter Mi\u0119dzynarodowego Trybuna\u0142u Karnego (MTK). Fundacja uzyska\u0142a dowody swojej skrajnej stronniczo\u015bci i odkry\u0142a fakty wskazuj\u0105ce","twitter:image":"https:\/\/wia.net.pl\/wp-content\/uploads\/2023\/11\/cropped-freedom-i73367.jpg"},"aioseo_meta_data":{"post_id":"7580","title":null,"description":null,"keywords":[],"keyphrases":{"focus":{"keyphrase":"","score":0,"analysis":{"keyphraseInTitle":{"score":0,"maxScore":9,"error":1}}},"additional":[]},"primary_term":null,"canonical_url":null,"og_title":null,"og_description":null,"og_object_type":"default","og_image_type":"default","og_image_url":null,"og_image_width":null,"og_image_height":null,"og_image_custom_url":null,"og_image_custom_fields":null,"og_video":"","og_custom_url":null,"og_article_section":null,"og_article_tags":[],"twitter_use_og":false,"twitter_card":"default","twitter_image_type":"default","twitter_image_url":null,"twitter_image_custom_url":null,"twitter_image_custom_fields":null,"twitter_title":null,"twitter_description":null,"schema":{"blockGraphs":[],"customGraphs":[],"default":{"data":{"Article":[],"Course":[],"Dataset":[],"FAQPage":[],"Movie":[],"Person":[],"Product":[],"ProductReview":[],"Car":[],"Recipe":[],"Service":[],"SoftwareApplication":[],"WebPage":[]},"graphName":"BlogPosting","isEnabled":true},"graphs":[]},"schema_type":"default","schema_type_options":null,"pillar_content":false,"robots_default":true,"robots_noindex":false,"robots_noarchive":false,"robots_nosnippet":false,"robots_nofollow":false,"robots_noimageindex":false,"robots_noodp":false,"robots_notranslate":false,"robots_max_snippet":"-1","robots_max_videopreview":"-1","robots_max_imagepreview":"large","priority":null,"frequency":"default","local_seo":null,"breadcrumb_settings":null,"limit_modified_date":false,"ai":null,"created":"2024-02-27 11:03:46","updated":"2025-06-04 10:19:32","seo_analyzer_scan_date":null,"focus_keyword":null,"additional_keywords":null,"truseo_locale":null},"aioseo_breadcrumb":"<div class=\"aioseo-breadcrumbs\"><span class=\"aioseo-breadcrumb\">\n\t\t\t<a href=\"https:\/\/wia.net.pl\" title=\"Home\">Home<\/a>\n\t\t<\/span><span class=\"aioseo-breadcrumb-separator\">&raquo;<\/span><span class=\"aioseo-breadcrumb\">\n\t\t\t<a href=\"https:\/\/wia.net.pl\/index.php\/category\/artykuly\/\" title=\"Artyku\u0142y\">Artyku\u0142y<\/a>\n\t\t<\/span><span class=\"aioseo-breadcrumb-separator\">&raquo;<\/span><span class=\"aioseo-breadcrumb\">\n\t\t\tPolityczny mechanizm \u015bcigania wrog\u00f3w neokolonializmu\n\t\t<\/span><\/div>","aioseo_breadcrumb_json":[{"label":"Home","link":"https:\/\/wia.net.pl"},{"label":"Artyku\u0142y","link":"https:\/\/wia.net.pl\/index.php\/category\/artykuly\/"},{"label":"Polityczny mechanizm \u015bcigania wrog\u00f3w neokolonializmu","link":"https:\/\/wia.net.pl\/index.php\/2024\/02\/27\/polityczny-mechanizm-scigania-wrogow-neokolonializmu\/"}],"_links":{"self":[{"href":"https:\/\/wia.net.pl\/index.php\/wp-json\/wp\/v2\/posts\/7580"}],"collection":[{"href":"https:\/\/wia.net.pl\/index.php\/wp-json\/wp\/v2\/posts"}],"about":[{"href":"https:\/\/wia.net.pl\/index.php\/wp-json\/wp\/v2\/types\/post"}],"author":[{"embeddable":true,"href":"https:\/\/wia.net.pl\/index.php\/wp-json\/wp\/v2\/users\/2"}],"replies":[{"embeddable":true,"href":"https:\/\/wia.net.pl\/index.php\/wp-json\/wp\/v2\/comments?post=7580"}],"version-history":[{"count":3,"href":"https:\/\/wia.net.pl\/index.php\/wp-json\/wp\/v2\/posts\/7580\/revisions"}],"predecessor-version":[{"id":7595,"href":"https:\/\/wia.net.pl\/index.php\/wp-json\/wp\/v2\/posts\/7580\/revisions\/7595"}],"wp:featuredmedia":[{"embeddable":true,"href":"https:\/\/wia.net.pl\/index.php\/wp-json\/wp\/v2\/media\/7591"}],"wp:attachment":[{"href":"https:\/\/wia.net.pl\/index.php\/wp-json\/wp\/v2\/media?parent=7580"}],"wp:term":[{"taxonomy":"category","embeddable":true,"href":"https:\/\/wia.net.pl\/index.php\/wp-json\/wp\/v2\/categories?post=7580"},{"taxonomy":"post_tag","embeddable":true,"href":"https:\/\/wia.net.pl\/index.php\/wp-json\/wp\/v2\/tags?post=7580"}],"curies":[{"name":"wp","href":"https:\/\/api.w.org\/{rel}","templated":true}]}}