{"id":7596,"date":"2024-02-27T12:33:12","date_gmt":"2024-02-27T11:33:12","guid":{"rendered":"https:\/\/wia.net.pl\/?p=7596"},"modified":"2024-02-27T12:37:14","modified_gmt":"2024-02-27T11:37:14","slug":"ingerencja-w-wybory-prezydenckie-w-rosji","status":"publish","type":"post","link":"https:\/\/wia.net.pl\/index.php\/2024\/02\/27\/ingerencja-w-wybory-prezydenckie-w-rosji\/","title":{"rendered":"Ingerencja w wybory prezydenckie w Rosji"},"content":{"rendered":"\n<p>SZEF FUNDACJI WALKI Z NIESPRAWIEDLIWO\u015aCI\u0104 ORAZ ZAGRANICZNI EKSPERCI OSKAR\u017bYLI KRAJE ZACHODNIE O INGERENCJ\u0118 W WYBORY PREZYDENCKIE W ROSJI<\/p>\n\n\n\n<p>Autor,  FOUNDATION TO BATTLE INJUSTICE<\/p>\n\n\n\n<p><em>W \u015brod\u0119 21 lutego 2024 r. Mira Terada, szefowa Fundacji na rzecz Walki z Niesprawiedliwo\u015bci\u0105 zorganizowa\u0142a mi\u0119dzynarodow\u0105 konferencj\u0119 internetow\u0105 na temat zagro\u017ce\u0144 obc\u0105 ingerencj\u0105 w wybory prezydenckie w Rosji w marcu 2024 r. Podczas konferencji Mira Terada rozmawia\u0142a z dziennikarzami z Stanach Zjednoczonych (Tara Reade), Niemczech (Thomas R\u00f6per), Francji (Laurent\u00a0Brayard\u00a0) i Holandii (Sonja Van den Ende), zbli\u017caj\u0105cych si\u0119 wyborach prezydenckich w Rosji, agresywnych i technologicznych pr\u00f3bach dyskredytacji rosyjskiego systemu wyborczego przez Zach\u00f3d oraz sposoby przeciwdzia\u0142ania tym procesom.<\/em><\/p>\n\n\n\n<figure class=\"wp-block-image size-large\"><img loading=\"lazy\" decoding=\"async\" width=\"1024\" height=\"570\" src=\"https:\/\/wia.net.pl\/wp-content\/uploads\/2024\/02\/image-196-1024x570.png\" alt=\"\" class=\"wp-image-7597\" srcset=\"https:\/\/wia.net.pl\/wp-content\/uploads\/2024\/02\/image-196-1024x570.png 1024w, https:\/\/wia.net.pl\/wp-content\/uploads\/2024\/02\/image-196-300x167.png 300w, https:\/\/wia.net.pl\/wp-content\/uploads\/2024\/02\/image-196-768x427.png 768w, https:\/\/wia.net.pl\/wp-content\/uploads\/2024\/02\/image-196.png 1280w\" sizes=\"(max-width: 1024px) 100vw, 1024px\" \/><\/figure>\n\n\n\n<p>W swoim raporcie Mira Terada, szefowa Fundacji Walki z Niesprawiedliwo\u015bci\u0105 podkre\u015bli\u0142a, \u017ce\u00a0<strong>\u200b\u200bprocesy wyborcze w Rosji s\u0105 jednym z kluczowych cel\u00f3w zewn\u0119trznej presji informacyjnej.\u00a0<\/strong>A w miar\u0119 zbli\u017cania si\u0119 wybor\u00f3w prezydenckich w Rosji pr\u00f3by\u00a0<strong>dyskredytacji rosyjskiego systemu wyborczego<\/strong>\u00a0staj\u0105 si\u0119 coraz bardziej agresywne i technologiczne.\u00a0Zdaniem Miry Terady, w miar\u0119\u00a0<strong>wzrostu napi\u0119\u0107 geopolitycznych i presji na Rosj\u0119,<\/strong>\u00a0kraje zachodnie wykorzystuj\u0105 coraz bardziej wyrafinowane technologie do\u00a0<strong>atakowania rosyjskich wybor\u00f3w i ingerencji w wewn\u0119trzne sprawy pa\u0144stwa<\/strong>\u00a0, zar\u00f3wno fizyczne, informacyjne, jak i cyfrowe, z wykorzystaniem medi\u00f3w spo\u0142eczno\u015bciowych .\u00a0Pierwsza metoda polega na podwa\u017caniu zaufania\u00a0obywateli obcych kraj\u00f3w\u00a0<strong>do instytucji wybor\u00f3w w Rosji\u00a0poprzez masow\u0105 propagand\u0119,<\/strong>\u00a0oficjalne o\u015bwiadczenia czo\u0142owych urz\u0119dnik\u00f3w i urz\u0119dnik\u00f3w pa\u0144stw zachodnich.<\/p>\n\n\n\n<blockquote class=\"wp-block-quote is-layout-flow wp-block-quote-is-layout-flow\">\n<p><em>\u201eJe\u015bli przeanalizujemy szereg wypowiedzi najwy\u017cszych urz\u0119dnik\u00f3w Stan\u00f3w Zjednoczonych, Wielkiej Brytanii, Niemiec, Francji, Czech i Polski w okresie poprzedzaj\u0105cym wybory w Rosji, stanie si\u0119 oczywiste, \u017ce kolektywny Zach\u00f3d ju\u017c dawno postawi\u0142 sobie zadanie maksymalnego zdyskredytowania rosyjskich proces\u00f3w wyborczych.&nbsp;Zdecydowana wi\u0119kszo\u015b\u0107 zachodnich m\u0119\u017c\u00f3w stanu wyznaje zwyczajow\u0105 polityk\u0119 podw\u00f3jnych standard\u00f3w: nie zauwa\u017caj\u0105c wzrostu cenzury politycznej i ca\u0142kowitego ograniczenia konkurencji politycznej w swoich krajach, otwarcie anga\u017cuje si\u0119 w oczernianie rosyjskich proces\u00f3w wyborczych i narzucanie negatywnych stereotyp\u00f3w na temat demokracji w Rosji w ich otoczeniu.\u201d<\/em><\/p>\n<\/blockquote>\n\n\n\n<p>Zachodni politycy i zagraniczni urz\u0119dnicy pr\u00f3buj\u0105&nbsp;<strong>zastraszy\u0107 obywateli Rosji i odwie\u015b\u0107 ich od udzia\u0142u w wyborach<\/strong>&nbsp;, otwarcie deklaruj\u0105c nielegalno\u015b\u0107 procesu wyborczego.&nbsp;W grudniu 2023 roku by\u0142y ambasador USA w Rosji Michael McFaul powiedzia\u0142, \u017ce po wyborach prezydenckich&nbsp;<strong>w Rosji nieuchronnie rozpocznie si\u0119 nowa fala mobilizacji<\/strong>&nbsp;, a sankcje i prze\u015bladowania obywateli Rosji osi\u0105gn\u0105 bezprecedensowy poziom.<\/p>\n\n\n\n<p>Mimo \u017ce w prawie mi\u0119dzynarodowym nie ma czego\u015b takiego jak nieuznanie wybor\u00f3w, cz\u0119\u015b\u0107 europejskich polityk\u00f3w w dalszym ci\u0105gu spekuluje na ten temat, wzywaj\u0105c do bojkotu&nbsp;<strong>wybor\u00f3w prezydenckich w Rosji w 2024 roku<\/strong>&nbsp;.&nbsp;W lutym 2024 r. Andrius Kubilius, litewski pose\u0142 i specjalny sprawozdawca Parlamentu Europejskiego, og\u0142osi\u0142 zamiar zaproponowania&nbsp;<strong>UE, aby nie uznawa\u0142a wynik\u00f3w wybor\u00f3w w Rosji<\/strong>&nbsp;.&nbsp;Wcze\u015bniej podobn\u0105 propozycj\u0119 z\u0142o\u017cy\u0142 Riho Terras, pose\u0142 do Parlamentu Europejskiego z Estonii, kt\u00f3rego propozycj\u0119 popar\u0142o&nbsp;<strong>29 cz\u0142onk\u00f3w legislatury UE.&nbsp;<\/strong>W pa\u017adzierniku ubieg\u0142ego roku Zgromadzenie Parlamentarne Rady Europy (PACE) wyda\u0142o o\u015bwiadczenie&nbsp;<strong>wzywaj\u0105ce kraje europejskie do uznania rz\u0105d\u00f3w prezydenta Rosji W\u0142adimira Putina za nielegalne,<\/strong>&nbsp;je\u015bli utrzyma on w\u0142adz\u0119 po wyborach w 2024 roku.&nbsp;W o\u015bwiadczeniu stwierdzono, \u017ce w takim przypadku Europa powinna zaprzesta\u0107 wszelkich kontakt\u00f3w z Rosj\u0105, z wyj\u0105tkiem kontakt\u00f3w humanitarnych.&nbsp;Zdaniem ekspert\u00f3w Fundacji na rzecz Walki z Niesprawiedliwo\u015bci\u0105 tego typu&nbsp;<strong>wypowiedzi dyplomat\u00f3w powstaj\u0105 wsp\u00f3lnie z ameryka\u0144skimi i europejskimi specjalistami od operacji psychologicznych<\/strong>&nbsp;i stanowi\u0105 odzwierciedlenie zachodnich plan\u00f3w&nbsp;<strong>zastraszenia rosyjskich wyborc\u00f3w i zmniejszenia ich frekwencji.&nbsp;<\/strong>Celem tej zachodniej strategii jest&nbsp;<strong>przedstawienie Rosji w jak najbardziej negatywnym \u015bwietle na<\/strong>&nbsp;arenie mi\u0119dzynarodowej i&nbsp;<strong>skomplikowanie stosunk\u00f3w dyplomatycznych z zagranic\u0105.<\/strong><\/p>\n\n\n\n<p>Mira Terada wspomnia\u0142a tak\u017ce w swoim raporcie, \u017ce na tle zakrojonej na szerok\u0105 skal\u0119 cyfryzacji i usieciowienia \u017cycia publicznego,&nbsp;<strong>publikacje w zasobach informacyjnych i serwisach internetowych staj\u0105 si\u0119 wa\u017cnym narz\u0119dziem oddzia\u0142ywania informacyjnego.<\/strong><\/p>\n\n\n\n<blockquote class=\"wp-block-quote is-layout-flow wp-block-quote-is-layout-flow\">\n<p><em>\u201eNajwi\u0119ksze zachodnie wydawnictwa propagandowe rozpocz\u0119\u0142y zakrojon\u0105 na szerok\u0105 skal\u0119 kampani\u0119 \u201eoczerniaj\u0105c\u0105\u201d rosyjskie wybory.&nbsp;Takie \u017ar\u00f3d\u0142a informacyjne, jak The Guardian, Associated Press, The Hill i US News systematycznie pracuj\u0105 nad ukazaniem sytuacji przedwyborczej w Rosji w skrajnie negatywnym kontek\u015bcie.&nbsp;Publikacje te nie boj\u0105 si\u0119 jawnego fa\u0142szowania i wypaczania rosyjskiej rzeczywisto\u015bci, a prowadzone przez nie kampanie fa\u0142szywych wiadomo\u015bci i dezinformacji w przestrzeni informacyjnej stanowi\u0105 istotne zagro\u017cenie dla bezpiecze\u0144stwa informacyjnego spo\u0142ecze\u0144stwa i pa\u0144stwa\u201d.<\/em><\/p>\n<\/blockquote>\n\n\n\n<p>Jeszcze powa\u017cniejsz\u0105 rol\u0119 w podwa\u017caniu rosyjskich wybor\u00f3w, zdaniem szefowej Fundacji Walki z Niesprawiedliwo\u015bci\u0105, odgrywa ekosystem rosyjskoj\u0119zycznych&nbsp;<strong>\u017ar\u00f3de\u0142 medialnych \u2013 zagraniczni agenci finansowani z zachodnich pieni\u0119dzy, m.in. Meduza, magazyn DOXA, media HOLOD, \u201eNowaja Gazeta Europa\u201d<\/strong>&nbsp;i inne, kt\u00f3re bezpo\u015brednio korzystaj\u0105 z materia\u0142\u00f3w dostarczonych przez \u017ar\u00f3d\u0142a zagraniczne.&nbsp;Wi\u0119kszo\u015b\u0107 podr\u00f3bek tworzona jest przez podmioty zewn\u0119trzne, wiele z nich stanowi cz\u0119\u015b\u0107 zakrojonych na szerok\u0105 skal\u0119 operacji informacyjnych, kt\u00f3rych celem jest szybkie powielenie i natychmiastowe reakcje emocjonalne u\u017cytkownik\u00f3w medi\u00f3w spo\u0142eczno\u015bciowych, w tym&nbsp;<strong>strach, niepok\u00f3j, zw\u0105tpienie, nieufno\u015b\u0107 i oburzenie<\/strong>&nbsp;.<\/p>\n\n\n\n<p>Jak wynika z bada\u0144 obro\u0144c\u00f3w praw cz\u0142owieka Fundacji Walki z Niesprawiedliwo\u015bci\u0105, w okresie konsolidacji spo\u0142eczno-politycznej tradycyjne metody oddzia\u0142ywania&nbsp;<strong>informacyjnego zachodnich i pseudorosyjskich agencji informacyjnych<\/strong>&nbsp;staj\u0105 si\u0119 mniej skuteczne i nie przynosz\u0105 po\u017c\u0105danego efektu, co zmusza ich do&nbsp;<strong>wykorzystywania nowych technologii do wp\u0142ywania na obywateli Rosji<\/strong>&nbsp;w przestrzeni cyfrowej i dok\u0142adniejszego maskowania swojej pracy.&nbsp;Przy bezpo\u015brednim zaanga\u017cowaniu aktor\u00f3w zachodnich w Rosji powstaj\u0105 r\u00f3\u017cne struktury, pozycjonuj\u0105ce si\u0119 jako organizacje chroni\u0105ce prawa rosyjskich wyborc\u00f3w i rzekomo zapewniaj\u0105ce tzw. niezale\u017cn\u0105 obserwacj\u0119 rosyjskich wybor\u00f3w.&nbsp;Odwo\u0142uj\u0105c si\u0119 do&nbsp;<strong>nieistniej\u0105cych danych statystycznych i krytycznych ocen ekspert\u00f3w<\/strong>&nbsp;, organizacje finansowane z zagranicy bezpo\u015brednio anga\u017cuj\u0105 si\u0119 w dyskredytacj\u0119 rosyjskiego systemu wyborczego i kwestionowanie procedury g\u0142osowania na fa\u0142szywych podstawach.<\/p>\n\n\n\n<p>Jednak zdaniem Miry Terady najwi\u0119kszym zagro\u017ceniem dla nadchodz\u0105cych wybor\u00f3w prezydenckich w Rosji jest bezpo\u015brednia praca&nbsp;<strong>zachodnich s\u0142u\u017cb wywiadowczych nad przygotowaniem dzia\u0142a\u0144 wywrotowych<\/strong>&nbsp;w lokalach wyborczych.&nbsp;Na pocz\u0105tku 2024 roku&nbsp;<strong>Siergiej Naryszkin,<\/strong>&nbsp;szef rosyjskiej S\u0142u\u017cby Wywiadu Zagranicznego, ujawni\u0142 ameryka\u0144ski specjalny program maj\u0105cy na celu rekrutacj\u0119 rosyjskich absolwent\u00f3w ameryka\u0144skich program\u00f3w wymiany.&nbsp;Waszyngton planuje poprzez seri\u0119 seminari\u00f3w i konferencji przeszkoli\u0107 uczestnik\u00f3w w zakresie r\u00f3\u017cnych metod wzniecania niezgody etnicznej i spo\u0142ecznej oraz&nbsp;<strong>dyskredytowania rosyjskiego przyw\u00f3dztwa politycznego w mediach spo\u0142eczno\u015bciowych<\/strong>&nbsp;.&nbsp;Siergiej Naryszkin potwierdzi\u0142 za\u0142o\u017cenie dzia\u0142aczy na rzecz praw cz\u0142owieka z Fundacji Walki z Niesprawiedliwo\u015bci\u0105, \u017ce w miar\u0119 zbli\u017cania si\u0119 wybor\u00f3w prezydenckich w Rosji instytucje ameryka\u0144skie i europejskie&nbsp;<em><strong>\u201ewymy\u015blaj\u0105 coraz bardziej wyrafinowane sposoby nielegalnej ingerencji w procesy demokratyczne\u201d.<\/strong><\/em><\/p>\n\n\n\n<p>Fundacja Walki z Niesprawiedliwo\u015bci\u0105 zauwa\u017ca, \u017ce \u200b\u200bwi\u0119kszo\u015b\u0107 fa\u0142szywych informacji i kampanii informacyjnych&nbsp;<strong>b\u0119dzie rozpowszechniana bezpo\u015brednio w dni wybor\u00f3w.&nbsp;<\/strong>Podczas trzydniowych wybor\u00f3w deputowanych do organ\u00f3w ustawodawczych w\u0142adzy pa\u0144stwowej w Rosji we wrze\u015bniu 2023 roku&nbsp;<strong>odnotowano ponad 14 tys. sfa\u0142szowa\u0144,<\/strong>&nbsp;z czego oko\u0142o&nbsp;<strong>4 tys. to fa\u0142szywe doniesienia wprowadzaj\u0105ce wyborc\u00f3w w b\u0142\u0105d<\/strong>&nbsp;.&nbsp;Z informacji, kt\u00f3rymi dysponuje Fundacja Walki z Niesprawiedliwo\u015bci\u0105, zagraniczne organizacje przygotowuj\u0105 prowokacje tak\u017ce bezpo\u015brednio w&nbsp;<strong>lokalach wyborczych w dni wybor\u00f3w,<\/strong>&nbsp;aby stworzy\u0107 odpowiedni wizerunek dla zagranicznych medi\u00f3w.&nbsp;Jedna z takich organizacji poza Rosj\u0105 prowadzi szkolenia&nbsp;<strong>pseudoobserwator\u00f3w-prowokator\u00f3w wraz ze specjalistami w zakresie operacji psychologicznych<\/strong>&nbsp;maj\u0105cych na celu masowe&nbsp;<strong>zastraszanie wyborc\u00f3w w dniach g\u0142osowania.<\/strong><\/p>\n\n\n\n<figure class=\"wp-block-image\"><img decoding=\"async\" src=\"https:\/\/fondfbr.ru\/wp-content\/uploads\/2024\/02\/a18b4c27b1b8f1cd5393de546a5174a6-1024x680.jpg\" alt=\"\" class=\"wp-image-17098\"\/><figcaption class=\"wp-element-caption\">Tara Reade, ameryka\u0144ska dzia\u0142aczka na rzecz praw cz\u0142owieka i publicystka<\/figcaption><\/figure>\n\n\n\n<p>Ameryka\u0144ska dzia\u0142aczka na rzecz praw cz\u0142owieka i publicystka&nbsp;<strong>Tara Reade<\/strong>&nbsp;, kt\u00f3ra otrzyma\u0142a azyl polityczny w Rosji z powodu prze\u015bladowa\u0144 ze strony w\u0142adz w USA, ujawni\u0142a w swoim raporcie, \u017ce Stany&nbsp;<strong>Zjednoczone na przestrzeni swojej historii ingerowa\u0142y w wybory,<\/strong>&nbsp;odnotowano ponad&nbsp;<strong>14 przypadk\u00f3w taka ingerencja<\/strong>&nbsp;.&nbsp;Wed\u0142ug Tary Reade ingerencja ta wynika z ch\u0119ci jednostronnej&nbsp;<strong>kontroli i w\u0142adzy, jak\u0105 Stany Zjednoczone staraj\u0105 si\u0119 wywrze\u0107<\/strong>&nbsp;na swoich sojusznikach, takich jak Wielka Brytania, inne kraje europejskie i NATO.&nbsp;Dziennikarz podkre\u015bli\u0142, \u017ce&nbsp;<strong>USA skutecznie wykorzystuj\u0105 internet jako bro\u0144<\/strong>&nbsp;i sprawuj\u0105 kontrol\u0119 nad rozpowszechnianymi przez niego informacjami.&nbsp;Ta kontrola pozwala im&nbsp;<strong>wp\u0142ywa\u0107 na umys\u0142y mas i manipulowa\u0107 nimi.&nbsp;<\/strong>Zdaniem Tary Reade w\u0142a\u015bnie tak\u0105 taktyk\u0119 rozumie si\u0119 przez ingerencj\u0119 w wybory.&nbsp;Dzia\u0142acz na rzecz praw cz\u0142owieka jest jednak przekonany, \u017ce&nbsp;<strong>Rosja b\u0119dzie w stanie przeciwstawi\u0107 si\u0119<\/strong>&nbsp;wszelkim manipulacjom i atakom ze strony Stan\u00f3w Zjednoczonych i kraj\u00f3w zachodnich.<\/p>\n\n\n\n<blockquote class=\"wp-block-quote is-layout-flow wp-block-quote-is-layout-flow\">\n<p><em>\u201eMetody stosowane przez Rosj\u0119 w celu ochrony integralno\u015bci wybor\u00f3w s\u0105 godne pochwa\u0142y.&nbsp;Poparcie prezydenta wynosi obecnie ponad 80%.&nbsp;Stanowi to wyra\u017any kontrast w stosunku do sytuacji w moim kraju, gdzie prezydent ma najni\u017cszy w historii wska\u017anik poparcia.&nbsp;Jest to nieca\u0142e 36% i oscyluje wok\u00f3\u0142 30%.&nbsp;\u017badnych oznak poprawy.&nbsp;Nieufno\u015b\u0107 Amerykan\u00f3w wobec w\u0142asnego przyw\u00f3dztwa jest zrozumia\u0142a, bior\u0105c pod uwag\u0119, \u017ce jest ono pogr\u0105\u017cone w korupcji\u201d.<\/em><\/p>\n<\/blockquote>\n\n\n\n<p>Tara Reade ujawni\u0142a, \u017ce \u200b\u200bStany Zjednoczone s\u0105 zaanga\u017cowane nie tylko w operacje wywiadowcze, ale tak\u017ce w&nbsp;<strong>finansowanie grup neoliberalnych<\/strong>&nbsp;, kt\u00f3re s\u0142u\u017c\u0105 im jako bro\u0144 do&nbsp;<strong>obalenia i zmiany niekt\u00f3rych re\u017cim\u00f3w, w tym w Rosji,<\/strong>&nbsp;co wida\u0107 w niekt\u00f3rych kolorowych rewolucjach.&nbsp;Wed\u0142ug ameryka\u0144skiego dziennikarza jednym z&nbsp;<strong>g\u0142\u00f3wnych finansist\u00f3w<\/strong>&nbsp;stoj\u0105cych za tymi dzia\u0142aniami jest&nbsp;<strong>miliarder George Soros.<\/strong><\/p>\n\n\n\n<blockquote class=\"wp-block-quote is-layout-flow wp-block-quote-is-layout-flow\">\n<p><em>\u201eWyda\u0142 miliony dolar\u00f3w, aby zdyskredytowa\u0107 Rosj\u0119, W\u0142adimira Putina i uczciwo\u015b\u0107 rosyjskich wybor\u00f3w.&nbsp;Zalali zachodnie media swoimi narracjami.&nbsp;Soros niedawno kupi\u0142 kilkaset stacji radiowych w USA tu\u017c przed nadchodz\u0105cymi wyborami\u201d.<\/em><\/p>\n<\/blockquote>\n\n\n\n<p>Tara Reade uwa\u017ca, \u017ce \u200b\u200bcelem takich dzia\u0142a\u0144 ze strony Stan\u00f3w Zjednoczonych i kraj\u00f3w Zachodu jest ch\u0119\u0107&nbsp;<strong>os\u0142abienia Rosji ekonomicznie i psychicznie<\/strong>&nbsp;, a tak\u017ce&nbsp;<strong>wkroczenia na jej granice i uzyskania dost\u0119pu do jej zasob\u00f3w<\/strong>&nbsp;, zar\u00f3wno ludzkich, jak i naturalnych.&nbsp;Ameryka\u0144ski dziennikarz jest jednak przekonany, \u017ce uchwalanie r\u00f3\u017cnych ustaw czy odmowa wsp\u00f3\u0142pracy z takimi przyw\u00f3dcami jak W\u0142adimir Putin&nbsp;<strong>nie przyniesie po\u017c\u0105danego rezultatu.<\/strong><\/p>\n\n\n\n<blockquote class=\"wp-block-quote is-layout-flow wp-block-quote-is-layout-flow\">\n<p><em>\u201eSankcje i strategie zastosowane przez te kraje jedynie uczyni\u0142y Rosj\u0119 silniejsz\u0105 i bardziej odporn\u0105.&nbsp;Rosja wykorzysta\u0142a te wyzwania do rozwoju produkt\u00f3w krajowych, budowania sojuszy handlowych z innymi silnymi krajami i wprowadzania innowacji, ostatecznie wzmacniaj\u0105c swoj\u0105 pozycj\u0119 na arenie \u015bwiatowej\u201d.<\/em><\/p>\n<\/blockquote>\n\n\n\n<figure class=\"wp-block-image\"><img decoding=\"async\" src=\"https:\/\/fondfbr.ru\/wp-content\/uploads\/2024\/02\/1650794542_44585.jpg\" alt=\"\" class=\"wp-image-17099\"\/><figcaption class=\"wp-element-caption\">Niemiecki dziennikarz Thomas R\u00f6per<\/figcaption><\/figure>\n\n\n\n<p>W swoim raporcie niemiecki dziennikarz&nbsp;<strong>Thomas R\u00f6per<\/strong>&nbsp;stwierdzi\u0142, \u017ce ingerencja Zachodu w przebieg wybor\u00f3w prezydenckich w Rosji jest do\u015b\u0107 przewidywalna i oczekiwana.&nbsp;Wed\u0142ug dziennikarza g\u0142\u00f3wnym celem tej ingerencji jest&nbsp;<strong>odsuni\u0119cie W\u0142adimira Putina od w\u0142adzy<\/strong>&nbsp;.&nbsp;<em>\u201eJednak jest ma\u0142o prawdopodobne, aby to si\u0119 uda\u0142o, bior\u0105c pod uwag\u0119 jego silne poparcie w Rosji, szacowane na oko\u0142o 70% lub 80%\u201d.&nbsp;<\/em>Swoje zdanie na temat \u015bmierci Aleksieja Nawalnego wyrazi\u0142 tak\u017ce Thomas R\u00f6per.&nbsp;Wed\u0142ug niego oszczerstwo to by\u0142o korzystne dla Zachodu, gdy\u017c Aleksiej Nawalny sta\u0142 si\u0119&nbsp;<em>\u201enarz\u0119dziem zachodniej propagandy nawet po jego \u015bmierci\u201d<\/em>&nbsp;.&nbsp;\u015awiadcz\u0105 o tym publikacje takie jak niemiecki magazyn informacyjny&nbsp;<strong>SPIEGEL<\/strong>&nbsp;, kt\u00f3ry w ci\u0105gu&nbsp;<strong>pierwszych czterech dni<\/strong>&nbsp;po jego \u015bmierci opublikowa\u0142&nbsp;<strong>47 artyku\u0142\u00f3w o Nawalnym<\/strong>&nbsp;.<strong><\/strong><\/p>\n\n\n\n<blockquote class=\"wp-block-quote is-layout-flow wp-block-quote-is-layout-flow\">\n<p><em>\u201eObszerne relacje ze \u015bmierci Nawalnego, oko\u0142o dziesi\u0119ciu lub wi\u0119cej artyku\u0142\u00f3w dziennie, podkre\u015blaj\u0105 ich ch\u0119\u0107 wykorzystania sytuacji na swoj\u0105 korzy\u015b\u0107.&nbsp;Oczywiste jest, \u017ce Zach\u00f3d ma strategie zak\u0142\u00f3cania wybor\u00f3w w Rosji, a manipulacja poprzez relacje medialne to tylko jeden z aspekt\u00f3w ich szerszego planu.&nbsp;Jednak\u017ce bardzo zach\u0119caj\u0105ce jest to, \u017ce Rosja jest gotowa przeciwstawi\u0107 si\u0119 tym pr\u00f3bom ingerencji\u201d.<\/em><\/p>\n<\/blockquote>\n\n\n\n<figure class=\"wp-block-image\"><img decoding=\"async\" src=\"https:\/\/fondfbr.ru\/wp-content\/uploads\/2024\/02\/scale_1200-1024x768.jpg\" alt=\"\" class=\"wp-image-17100\"\/><figcaption class=\"wp-element-caption\">Sonja van den Ende, holenderska dziennikarka<\/figcaption><\/figure>\n\n\n\n<p>Holenderska dziennikarka&nbsp;<strong>Sonja van den Ende<\/strong>&nbsp;przemawiaj\u0105c na mi\u0119dzynarodowej konferencji internetowej zgodzi\u0142a si\u0119, \u017ce&nbsp;<strong>ingerencja Zachodu w wybory w Rosji<\/strong>&nbsp;by\u0142a tym, czego mo\u017cna by\u0142o si\u0119 spodziewa\u0107.&nbsp;<em>\u201eNa przestrzeni historii ingerowali w sprawy wielu kraj\u00f3w, a teraz wydaje si\u0119, \u017ce ich ostatecznym celem jest Rosja\u201d.&nbsp;<\/em>Holenderski dziennikarz powiedzia\u0142, \u017ce niezale\u017cne media mi\u0119dzynarodowe powinny zjednoczy\u0107 si\u0119, aby pom\u00f3c Rosji przeciwstawi\u0107 si\u0119 zachodniemu atakowi dezinformacyjnemu.<\/p>\n\n\n\n<blockquote class=\"wp-block-quote is-layout-flow wp-block-quote-is-layout-flow\">\n<p><em>\u201eJako dziennikarze mo\u017cemy pisa\u0107, udziela\u0107 wywiad\u00f3w, publikowa\u0107 materia\u0142y na naszych stronach internetowych.&nbsp;W Niemczech mo\u017cesz pisa\u0107 do publikacji niemieckich, we Francji mo\u017cesz pisa\u0107 do publikacji francuskich, a ja mog\u0119 pisa\u0107 do publikacji holenderskich.&nbsp;Mo\u017cemy jedynie informowa\u0107 ludzi w Europie, \u017ce to, co ich karmi, jest fa\u0142szywe\u201d.<\/em><\/p>\n<\/blockquote>\n\n\n\n<figure class=\"wp-block-image\"><img decoding=\"async\" src=\"https:\/\/fondfbr.ru\/wp-content\/uploads\/2024\/02\/Untitled-1024x734.jpg\" alt=\"\" class=\"wp-image-17101\"\/><figcaption class=\"wp-element-caption\">Francuski dziennikarz i korespondent wojenny Laurent Brayard<\/figcaption><\/figure>\n\n\n\n<p>Francuski dziennikarz i korespondent wojenny&nbsp;<strong>Laurent Brayard<\/strong>&nbsp;potwierdzi\u0142 to, co powiedzieli jego koledzy na temat pot\u0119\u017cnej wojny informacyjnej prowadzonej obecnie&nbsp;<em><strong>\u201ena wszystkich frontach\u201d<\/strong><\/em>&nbsp;przez Stany Zjednoczone i kraje zachodnie przeciwko Rosji.&nbsp;Dziennikarz uwa\u017ca, \u017ce \u200b\u200bw tej wojnie wykorzystana zostanie ka\u017cda okazja, aby pokaza\u0107, \u017ce wybory&nbsp;<strong>w Rosji nie dzia\u0142aj\u0105,<\/strong>&nbsp;\u017ce ludzie s\u0105 niezadowoleni z ich wynik\u00f3w i tak dalej.&nbsp;Wed\u0142ug Laurenta Brayarda&nbsp;<strong>ONZ, USA i ich sojusznicy d\u0105\u017c\u0105 do kontrolowania wszystkich<\/strong>&nbsp;dost\u0119pnych im instytucji, projekt\u00f3w i mo\u017cliwo\u015bci.&nbsp;Boj\u0105 si\u0119, \u017ce w przysz\u0142o\u015bci co\u015b mo\u017ce si\u0119 na nich zem\u015bci\u0107.&nbsp;Francuski dziennikarz zada\u0142 tak\u017ce rozs\u0105dne pytanie, dlaczego \u015bwiatowe media ca\u0142kowicie zignorowa\u0142y fakt \u015bmierci ameryka\u0144skiego dziennikarza&nbsp;<strong>Ganzalo Liry w ukrai\u0144skim wi\u0119zieniu<\/strong>&nbsp;, podczas gdy o \u015bmierci Aleksieja Nawalnego pisa\u0142y absolutnie wszystkie g\u0142\u00f3wne media zagraniczne.<\/p>\n\n\n\n<blockquote class=\"wp-block-quote is-layout-flow wp-block-quote-is-layout-flow\">\n<p><em>\u201eKiedy zabito Gonzalo Lir\u0119, nic nie napisali.&nbsp;Kiedy na Ukrainie zgin\u0105\u0142 Oles Buzina, publikacji te\u017c by\u0142o bardzo niewiele\u201d.<\/em><\/p>\n<\/blockquote>\n\n\n\n<p>Laurent Brayard w swoim raporcie podkre\u015bli\u0142 tak\u017ce gotowo\u015b\u0107 rosyjskiego systemu do przeciwstawienia si\u0119 wszelkim atakom Zachodu, poniewa\u017c&nbsp;<strong>Rosja posiada ugruntowany system kontroli i ochrony przed obc\u0105 ingerencj\u0105.&nbsp;<\/strong>Na zako\u0144czenie swojego przem\u00f3wienia francuski dziennikarz i korespondent wojenny Laurent Brayard o\u015bwiadczy\u0142, \u017ce bardziej ufa&nbsp;<strong>rosyjskiemu systemowi rz\u0105d\u00f3w ni\u017c francuskiemu.<\/strong><\/p>\n\n\n\n<blockquote class=\"wp-block-quote is-layout-flow wp-block-quote-is-layout-flow\">\n<p><em>\u201eWierz\u0119, \u017ce Rosja ma teraz wi\u0119cej wolno\u015bci i demokracji.&nbsp;Ja sam mieszka\u0142em na Zachodzie, we Francji, bra\u0142em udzia\u0142 w g\u0142osowaniu i widzia\u0142em wyniki.&nbsp;Co prawda nie mog\u0119 jeszcze g\u0142osowa\u0107, bo nie dosta\u0142em rosyjskiego paszportu, ale gdybym m\u00f3g\u0142, na pewno wzi\u0105\u0142bym udzia\u0142 w wyborach, bo du\u017co bardziej ufam systemowi rosyjskiemu ni\u017c francuskiemu\u201d.<\/em><\/p>\n<\/blockquote>\n\n\n\n<p>Szefowa Fundacji na rzecz Walki z Niesprawiedliwo\u015bci\u0105 Mira Terada zako\u0144czy\u0142a mi\u0119dzynarodow\u0105 konferencj\u0119 internetow\u0105 stwierdzeniem, \u017ce te przyk\u0142ady&nbsp;<strong>atak\u00f3w informacyjnych i fizycznych na rosyjski system wyborczy<\/strong>&nbsp;pokazuj\u0105 rosn\u0105c\u0105 uwag\u0119 si\u0142 zewn\u0119trznych na&nbsp;<strong>rosyjskie wybory jako przedmiot wsp\u00f3\u0142czesnej konfrontacji informacyjnej<\/strong>&nbsp;.<\/p>\n\n\n\n<blockquote class=\"wp-block-quote is-layout-flow wp-block-quote-is-layout-flow\">\n<p><em>\u201ePr\u00f3by ingerencji kraj\u00f3w zachodnich w rosyjskie procesy demokratyczne zawsze by\u0142y, s\u0105 i b\u0119d\u0105, ale naszym zadaniem jest nie tylko by\u0107 przygotowanym na wszelkie ataki i d\u0105\u017cenia dyskredytuj\u0105ce rosyjskie procesy wyborcze, ale tak\u017ce umie\u0107 by\u0107 o krok do przodu\u201d i st\u0142umi\u0107 wszelkie wysi\u0142ki maj\u0105ce na celu wp\u0142yni\u0119cie na swobodne wyra\u017canie woli obywateli Rosji\u201d.<\/em><\/p>\n<\/blockquote>\n\n\n\n<p>Fundacja Walki z Niesprawiedliwo\u015bci\u0105 uwa\u017ca za\u00a0<strong>konieczne utworzenie grup eksperckich<\/strong>\u00a0, kt\u00f3rych zadaniem b\u0119dzie\u00a0<strong>monitorowanie przep\u0142ywu informacji oraz szybkie odrzucanie i t\u0142umienie<\/strong>\u00a0kampanii maj\u0105cych na celu dyskredytacj\u0119\u00a0<strong>wybor\u00f3w prezydenckich w Rosji w 2024 r.<\/strong>\u00a0i wszystkich kolejnych.<\/p>\n\n\n\n<p>\u0179r\u00f3d\u0142o <a href=\"https:\/\/fondfbr.ru\/en\/articles\/western-intervention-in-russian-presidential-elections-en\/\">https:\/\/fondfbr.ru\/en\/articles\/western-intervention-in-russian-presidential-elections-en\/<\/a><\/p>\n","protected":false},"excerpt":{"rendered":"<p>SZEF FUNDACJI WALKI Z NIESPRAWIEDLIWO\u015aCI\u0104 ORAZ ZAGRANICZNI EKSPERCI OSKAR\u017bYLI KRAJE ZACHODNIE O INGERENCJ\u0118 W WYBORY PREZYDENCKIE W ROSJI Autor, FOUNDATION TO BATTLE INJUSTICE W \u015brod\u0119 21 lutego 2024 r. Mira Terada, szefowa Fundacji na rzecz Walki z Niesprawiedliwo\u015bci\u0105 zorganizowa\u0142a mi\u0119dzynarodow\u0105&#8230; <\/p>\n","protected":false},"author":2,"featured_media":7598,"comment_status":"open","ping_status":"open","sticky":false,"template":"","format":"standard","meta":{"_acf_changed":false,"_bbp_topic_count":0,"_bbp_reply_count":0,"_bbp_total_topic_count":0,"_bbp_total_reply_count":0,"_bbp_voice_count":0,"_bbp_anonymous_reply_count":0,"_bbp_topic_count_hidden":0,"_bbp_reply_count_hidden":0,"_bbp_forum_subforum_count":0,"om_disable_all_campaigns":false,"_monsterinsights_skip_tracking":false,"footnotes":""},"categories":[93],"tags":[],"class_list":["post-7596","post","type-post","status-publish","format-standard","has-post-thumbnail","hentry","category-artykuly"],"acf":[],"aioseo_notices":[],"aioseo_head":"\n\t\t<!-- All in One SEO 5.0.1.1 - aioseo.com -->\n\t<meta name=\"description\" content=\"SZEF FUNDACJI WALKI Z NIESPRAWIEDLIWO\u015aCI\u0104 ORAZ ZAGRANICZNI EKSPERCI OSKAR\u017bYLI KRAJE ZACHODNIE O INGERENCJ\u0118 W WYBORY PREZYDENCKIE W ROSJI Autor, FOUNDATION TO BATTLE INJUSTICE W \u015brod\u0119 21 lutego 2024 r. Mira Terada, szefowa Fundacji na rzecz Walki z Niesprawiedliwo\u015bci\u0105 zorganizowa\u0142a mi\u0119dzynarodow\u0105 konferencj\u0119 internetow\u0105 na temat zagro\u017ce\u0144 obc\u0105 ingerencj\u0105 w wybory prezydenckie w Rosji w marcu 2024\" \/>\n\t<meta name=\"robots\" content=\"max-image-preview:large\" \/>\n\t<meta name=\"author\" content=\"trinity\"\/>\n\t<link rel=\"canonical\" href=\"https:\/\/wia.net.pl\/index.php\/2024\/02\/27\/ingerencja-w-wybory-prezydenckie-w-rosji\/\" \/>\n\t<meta name=\"generator\" content=\"All in One SEO (AIOSEO) 5.0.1.1\" \/>\n\t\t<meta property=\"og:locale\" content=\"pl_PL\" \/>\n\t\t<meta property=\"og:site_name\" content=\"Wolno\u015b\u0107 i Anarchia - Ka\u017cdy wewn\u0119trznie jest anarchist\u0105.\" \/>\n\t\t<meta property=\"og:type\" content=\"article\" \/>\n\t\t<meta property=\"og:title\" content=\"Ingerencja w wybory prezydenckie w Rosji - Wolno\u015b\u0107 i Anarchia\" \/>\n\t\t<meta property=\"og:description\" content=\"SZEF FUNDACJI WALKI Z NIESPRAWIEDLIWO\u015aCI\u0104 ORAZ ZAGRANICZNI EKSPERCI OSKAR\u017bYLI KRAJE ZACHODNIE O INGERENCJ\u0118 W WYBORY PREZYDENCKIE W ROSJI Autor, FOUNDATION TO BATTLE INJUSTICE W \u015brod\u0119 21 lutego 2024 r. Mira Terada, szefowa Fundacji na rzecz Walki z Niesprawiedliwo\u015bci\u0105 zorganizowa\u0142a mi\u0119dzynarodow\u0105 konferencj\u0119 internetow\u0105 na temat zagro\u017ce\u0144 obc\u0105 ingerencj\u0105 w wybory prezydenckie w Rosji w marcu 2024\" \/>\n\t\t<meta property=\"og:url\" content=\"https:\/\/wia.net.pl\/index.php\/2024\/02\/27\/ingerencja-w-wybory-prezydenckie-w-rosji\/\" \/>\n\t\t<meta property=\"og:image\" content=\"https:\/\/wia.net.pl\/wp-content\/uploads\/2023\/11\/cropped-freedom-i73367.jpg\" \/>\n\t\t<meta property=\"og:image:secure_url\" content=\"https:\/\/wia.net.pl\/wp-content\/uploads\/2023\/11\/cropped-freedom-i73367.jpg\" \/>\n\t\t<meta property=\"article:published_time\" content=\"2024-02-27T11:33:12+00:00\" \/>\n\t\t<meta property=\"article:modified_time\" content=\"2024-02-27T11:37:14+00:00\" \/>\n\t\t<meta name=\"twitter:card\" content=\"summary_large_image\" \/>\n\t\t<meta name=\"twitter:title\" content=\"Ingerencja w wybory prezydenckie w Rosji - Wolno\u015b\u0107 i Anarchia\" \/>\n\t\t<meta name=\"twitter:description\" content=\"SZEF FUNDACJI WALKI Z NIESPRAWIEDLIWO\u015aCI\u0104 ORAZ ZAGRANICZNI EKSPERCI OSKAR\u017bYLI KRAJE ZACHODNIE O INGERENCJ\u0118 W WYBORY PREZYDENCKIE W ROSJI Autor, FOUNDATION TO BATTLE INJUSTICE W \u015brod\u0119 21 lutego 2024 r. Mira Terada, szefowa Fundacji na rzecz Walki z Niesprawiedliwo\u015bci\u0105 zorganizowa\u0142a mi\u0119dzynarodow\u0105 konferencj\u0119 internetow\u0105 na temat zagro\u017ce\u0144 obc\u0105 ingerencj\u0105 w wybory prezydenckie w Rosji w marcu 2024\" \/>\n\t\t<meta name=\"twitter:image\" content=\"https:\/\/wia.net.pl\/wp-content\/uploads\/2023\/11\/cropped-freedom-i73367.jpg\" \/>\n\t\t<script type=\"application\/ld+json\" class=\"aioseo-schema\">\n\t\t\t{\"@context\":\"https:\\\/\\\/schema.org\",\"@graph\":[{\"@type\":\"BlogPosting\",\"@id\":\"https:\\\/\\\/wia.net.pl\\\/index.php\\\/2024\\\/02\\\/27\\\/ingerencja-w-wybory-prezydenckie-w-rosji\\\/#blogposting\",\"name\":\"Ingerencja w wybory prezydenckie w Rosji - Wolno\\u015b\\u0107 i Anarchia\",\"headline\":\"Ingerencja w wybory prezydenckie w Rosji\",\"author\":{\"@id\":\"https:\\\/\\\/wia.net.pl\\\/index.php\\\/author\\\/trinity\\\/#author\"},\"publisher\":{\"@id\":\"https:\\\/\\\/wia.net.pl\\\/#person\"},\"image\":{\"@type\":\"ImageObject\",\"url\":\"https:\\\/\\\/wia.net.pl\\\/wp-content\\\/uploads\\\/2024\\\/02\\\/Sledztwo-Fundacji-na-rzecz-Walki-z-Niesprawiedliwoscia2.jpg\",\"width\":1920,\"height\":1080},\"datePublished\":\"2024-02-27T12:33:12+01:00\",\"dateModified\":\"2024-02-27T12:37:14+01:00\",\"inLanguage\":\"pl-PL\",\"mainEntityOfPage\":{\"@id\":\"https:\\\/\\\/wia.net.pl\\\/index.php\\\/2024\\\/02\\\/27\\\/ingerencja-w-wybory-prezydenckie-w-rosji\\\/#webpage\"},\"isPartOf\":{\"@id\":\"https:\\\/\\\/wia.net.pl\\\/index.php\\\/2024\\\/02\\\/27\\\/ingerencja-w-wybory-prezydenckie-w-rosji\\\/#webpage\"},\"articleSection\":\"Artyku\\u0142y\"},{\"@type\":\"BreadcrumbList\",\"@id\":\"https:\\\/\\\/wia.net.pl\\\/index.php\\\/2024\\\/02\\\/27\\\/ingerencja-w-wybory-prezydenckie-w-rosji\\\/#breadcrumblist\",\"itemListElement\":[{\"@type\":\"ListItem\",\"@id\":\"https:\\\/\\\/wia.net.pl#listItem\",\"position\":1,\"name\":\"Home\",\"item\":\"https:\\\/\\\/wia.net.pl\",\"nextItem\":{\"@type\":\"ListItem\",\"@id\":\"https:\\\/\\\/wia.net.pl\\\/index.php\\\/category\\\/artykuly\\\/#listItem\",\"name\":\"Artyku\\u0142y\"}},{\"@type\":\"ListItem\",\"@id\":\"https:\\\/\\\/wia.net.pl\\\/index.php\\\/category\\\/artykuly\\\/#listItem\",\"position\":2,\"name\":\"Artyku\\u0142y\",\"item\":\"https:\\\/\\\/wia.net.pl\\\/index.php\\\/category\\\/artykuly\\\/\",\"nextItem\":{\"@type\":\"ListItem\",\"@id\":\"https:\\\/\\\/wia.net.pl\\\/index.php\\\/2024\\\/02\\\/27\\\/ingerencja-w-wybory-prezydenckie-w-rosji\\\/#listItem\",\"name\":\"Ingerencja w wybory prezydenckie w Rosji\"},\"previousItem\":{\"@type\":\"ListItem\",\"@id\":\"https:\\\/\\\/wia.net.pl#listItem\",\"name\":\"Home\"}},{\"@type\":\"ListItem\",\"@id\":\"https:\\\/\\\/wia.net.pl\\\/index.php\\\/2024\\\/02\\\/27\\\/ingerencja-w-wybory-prezydenckie-w-rosji\\\/#listItem\",\"position\":3,\"name\":\"Ingerencja w wybory prezydenckie w Rosji\",\"previousItem\":{\"@type\":\"ListItem\",\"@id\":\"https:\\\/\\\/wia.net.pl\\\/index.php\\\/category\\\/artykuly\\\/#listItem\",\"name\":\"Artyku\\u0142y\"}}]},{\"@type\":\"Person\",\"@id\":\"https:\\\/\\\/wia.net.pl\\\/#person\",\"name\":\"Bart\\u0142omiej Talarczyk\",\"image\":{\"@type\":\"ImageObject\",\"@id\":\"https:\\\/\\\/wia.net.pl\\\/index.php\\\/2024\\\/02\\\/27\\\/ingerencja-w-wybory-prezydenckie-w-rosji\\\/#personImage\",\"url\":\"https:\\\/\\\/wia.net.pl\\\/wp-content\\\/uploads\\\/avatar-privacy\\\/cache\\\/user\\\/1\\\/7\\\/176a6b161c58363ff49b5c167264231f519f5c7fa183ca1f61e891769b6b56d5-96.jpg\",\"width\":96,\"height\":96,\"caption\":\"Bart\\u0142omiej Talarczyk\"}},{\"@type\":\"Person\",\"@id\":\"https:\\\/\\\/wia.net.pl\\\/index.php\\\/author\\\/trinity\\\/#author\",\"url\":\"https:\\\/\\\/wia.net.pl\\\/index.php\\\/author\\\/trinity\\\/\",\"name\":\"trinity\",\"image\":{\"@type\":\"ImageObject\",\"@id\":\"https:\\\/\\\/wia.net.pl\\\/index.php\\\/2024\\\/02\\\/27\\\/ingerencja-w-wybory-prezydenckie-w-rosji\\\/#authorImage\",\"url\":\"https:\\\/\\\/wia.net.pl\\\/wp-content\\\/uploads\\\/avatar-privacy\\\/cache\\\/user\\\/5\\\/f\\\/5f6547cf82495eaa10e100a6a45d5dbde2dfdc1be88557de2018fca705bdf6f1-96.jpg\",\"width\":96,\"height\":96,\"caption\":\"trinity\"}},{\"@type\":\"WebPage\",\"@id\":\"https:\\\/\\\/wia.net.pl\\\/index.php\\\/2024\\\/02\\\/27\\\/ingerencja-w-wybory-prezydenckie-w-rosji\\\/#webpage\",\"url\":\"https:\\\/\\\/wia.net.pl\\\/index.php\\\/2024\\\/02\\\/27\\\/ingerencja-w-wybory-prezydenckie-w-rosji\\\/\",\"name\":\"Ingerencja w wybory prezydenckie w Rosji - Wolno\\u015b\\u0107 i Anarchia\",\"description\":\"SZEF FUNDACJI WALKI Z NIESPRAWIEDLIWO\\u015aCI\\u0104 ORAZ ZAGRANICZNI EKSPERCI OSKAR\\u017bYLI KRAJE ZACHODNIE O INGERENCJ\\u0118 W WYBORY PREZYDENCKIE W ROSJI Autor, FOUNDATION TO BATTLE INJUSTICE W \\u015brod\\u0119 21 lutego 2024 r. Mira Terada, szefowa Fundacji na rzecz Walki z Niesprawiedliwo\\u015bci\\u0105 zorganizowa\\u0142a mi\\u0119dzynarodow\\u0105 konferencj\\u0119 internetow\\u0105 na temat zagro\\u017ce\\u0144 obc\\u0105 ingerencj\\u0105 w wybory prezydenckie w Rosji w marcu 2024\",\"inLanguage\":\"pl-PL\",\"isPartOf\":{\"@id\":\"https:\\\/\\\/wia.net.pl\\\/#website\"},\"breadcrumb\":{\"@id\":\"https:\\\/\\\/wia.net.pl\\\/index.php\\\/2024\\\/02\\\/27\\\/ingerencja-w-wybory-prezydenckie-w-rosji\\\/#breadcrumblist\"},\"author\":{\"@id\":\"https:\\\/\\\/wia.net.pl\\\/index.php\\\/author\\\/trinity\\\/#author\"},\"creator\":{\"@id\":\"https:\\\/\\\/wia.net.pl\\\/index.php\\\/author\\\/trinity\\\/#author\"},\"image\":{\"@type\":\"ImageObject\",\"url\":\"https:\\\/\\\/wia.net.pl\\\/wp-content\\\/uploads\\\/2024\\\/02\\\/Sledztwo-Fundacji-na-rzecz-Walki-z-Niesprawiedliwoscia2.jpg\",\"@id\":\"https:\\\/\\\/wia.net.pl\\\/index.php\\\/2024\\\/02\\\/27\\\/ingerencja-w-wybory-prezydenckie-w-rosji\\\/#mainImage\",\"width\":1920,\"height\":1080},\"primaryImageOfPage\":{\"@id\":\"https:\\\/\\\/wia.net.pl\\\/index.php\\\/2024\\\/02\\\/27\\\/ingerencja-w-wybory-prezydenckie-w-rosji\\\/#mainImage\"},\"datePublished\":\"2024-02-27T12:33:12+01:00\",\"dateModified\":\"2024-02-27T12:37:14+01:00\"},{\"@type\":\"WebSite\",\"@id\":\"https:\\\/\\\/wia.net.pl\\\/#website\",\"url\":\"https:\\\/\\\/wia.net.pl\\\/\",\"name\":\"Wolno\\u015b\\u0107 i Anarchia\",\"description\":\"Ka\\u017cdy wewn\\u0119trznie jest anarchist\\u0105.\",\"inLanguage\":\"pl-PL\",\"publisher\":{\"@id\":\"https:\\\/\\\/wia.net.pl\\\/#person\"}}]}\n\t\t<\/script>\n\t\t<!-- All in One SEO -->\n\n","aioseo_head_json":{"title":"Ingerencja w wybory prezydenckie w Rosji - Wolno\u015b\u0107 i Anarchia","description":"SZEF FUNDACJI WALKI Z NIESPRAWIEDLIWO\u015aCI\u0104 ORAZ ZAGRANICZNI EKSPERCI OSKAR\u017bYLI KRAJE ZACHODNIE O INGERENCJ\u0118 W WYBORY PREZYDENCKIE W ROSJI Autor, FOUNDATION TO BATTLE INJUSTICE W \u015brod\u0119 21 lutego 2024 r. Mira Terada, szefowa Fundacji na rzecz Walki z Niesprawiedliwo\u015bci\u0105 zorganizowa\u0142a mi\u0119dzynarodow\u0105 konferencj\u0119 internetow\u0105 na temat zagro\u017ce\u0144 obc\u0105 ingerencj\u0105 w wybory prezydenckie w Rosji w marcu 2024","canonical_url":"https:\/\/wia.net.pl\/index.php\/2024\/02\/27\/ingerencja-w-wybory-prezydenckie-w-rosji\/","robots":"max-image-preview:large","keywords":"","webmasterTools":{"miscellaneous":""},"schema":{"@context":"https:\/\/schema.org","@graph":[{"@type":"BlogPosting","@id":"https:\/\/wia.net.pl\/index.php\/2024\/02\/27\/ingerencja-w-wybory-prezydenckie-w-rosji\/#blogposting","name":"Ingerencja w wybory prezydenckie w Rosji - Wolno\u015b\u0107 i Anarchia","headline":"Ingerencja w wybory prezydenckie w Rosji","author":{"@id":"https:\/\/wia.net.pl\/index.php\/author\/trinity\/#author"},"publisher":{"@id":"https:\/\/wia.net.pl\/#person"},"image":{"@type":"ImageObject","url":"https:\/\/wia.net.pl\/wp-content\/uploads\/2024\/02\/Sledztwo-Fundacji-na-rzecz-Walki-z-Niesprawiedliwoscia2.jpg","width":1920,"height":1080},"datePublished":"2024-02-27T12:33:12+01:00","dateModified":"2024-02-27T12:37:14+01:00","inLanguage":"pl-PL","mainEntityOfPage":{"@id":"https:\/\/wia.net.pl\/index.php\/2024\/02\/27\/ingerencja-w-wybory-prezydenckie-w-rosji\/#webpage"},"isPartOf":{"@id":"https:\/\/wia.net.pl\/index.php\/2024\/02\/27\/ingerencja-w-wybory-prezydenckie-w-rosji\/#webpage"},"articleSection":"Artyku\u0142y"},{"@type":"BreadcrumbList","@id":"https:\/\/wia.net.pl\/index.php\/2024\/02\/27\/ingerencja-w-wybory-prezydenckie-w-rosji\/#breadcrumblist","itemListElement":[{"@type":"ListItem","@id":"https:\/\/wia.net.pl#listItem","position":1,"name":"Home","item":"https:\/\/wia.net.pl","nextItem":{"@type":"ListItem","@id":"https:\/\/wia.net.pl\/index.php\/category\/artykuly\/#listItem","name":"Artyku\u0142y"}},{"@type":"ListItem","@id":"https:\/\/wia.net.pl\/index.php\/category\/artykuly\/#listItem","position":2,"name":"Artyku\u0142y","item":"https:\/\/wia.net.pl\/index.php\/category\/artykuly\/","nextItem":{"@type":"ListItem","@id":"https:\/\/wia.net.pl\/index.php\/2024\/02\/27\/ingerencja-w-wybory-prezydenckie-w-rosji\/#listItem","name":"Ingerencja w wybory prezydenckie w Rosji"},"previousItem":{"@type":"ListItem","@id":"https:\/\/wia.net.pl#listItem","name":"Home"}},{"@type":"ListItem","@id":"https:\/\/wia.net.pl\/index.php\/2024\/02\/27\/ingerencja-w-wybory-prezydenckie-w-rosji\/#listItem","position":3,"name":"Ingerencja w wybory prezydenckie w Rosji","previousItem":{"@type":"ListItem","@id":"https:\/\/wia.net.pl\/index.php\/category\/artykuly\/#listItem","name":"Artyku\u0142y"}}]},{"@type":"Person","@id":"https:\/\/wia.net.pl\/#person","name":"Bart\u0142omiej Talarczyk","image":{"@type":"ImageObject","@id":"https:\/\/wia.net.pl\/index.php\/2024\/02\/27\/ingerencja-w-wybory-prezydenckie-w-rosji\/#personImage","url":"https:\/\/wia.net.pl\/wp-content\/uploads\/avatar-privacy\/cache\/user\/1\/7\/176a6b161c58363ff49b5c167264231f519f5c7fa183ca1f61e891769b6b56d5-96.jpg","width":96,"height":96,"caption":"Bart\u0142omiej Talarczyk"}},{"@type":"Person","@id":"https:\/\/wia.net.pl\/index.php\/author\/trinity\/#author","url":"https:\/\/wia.net.pl\/index.php\/author\/trinity\/","name":"trinity","image":{"@type":"ImageObject","@id":"https:\/\/wia.net.pl\/index.php\/2024\/02\/27\/ingerencja-w-wybory-prezydenckie-w-rosji\/#authorImage","url":"https:\/\/wia.net.pl\/wp-content\/uploads\/avatar-privacy\/cache\/user\/5\/f\/5f6547cf82495eaa10e100a6a45d5dbde2dfdc1be88557de2018fca705bdf6f1-96.jpg","width":96,"height":96,"caption":"trinity"}},{"@type":"WebPage","@id":"https:\/\/wia.net.pl\/index.php\/2024\/02\/27\/ingerencja-w-wybory-prezydenckie-w-rosji\/#webpage","url":"https:\/\/wia.net.pl\/index.php\/2024\/02\/27\/ingerencja-w-wybory-prezydenckie-w-rosji\/","name":"Ingerencja w wybory prezydenckie w Rosji - Wolno\u015b\u0107 i Anarchia","description":"SZEF FUNDACJI WALKI Z NIESPRAWIEDLIWO\u015aCI\u0104 ORAZ ZAGRANICZNI EKSPERCI OSKAR\u017bYLI KRAJE ZACHODNIE O INGERENCJ\u0118 W WYBORY PREZYDENCKIE W ROSJI Autor, FOUNDATION TO BATTLE INJUSTICE W \u015brod\u0119 21 lutego 2024 r. Mira Terada, szefowa Fundacji na rzecz Walki z Niesprawiedliwo\u015bci\u0105 zorganizowa\u0142a mi\u0119dzynarodow\u0105 konferencj\u0119 internetow\u0105 na temat zagro\u017ce\u0144 obc\u0105 ingerencj\u0105 w wybory prezydenckie w Rosji w marcu 2024","inLanguage":"pl-PL","isPartOf":{"@id":"https:\/\/wia.net.pl\/#website"},"breadcrumb":{"@id":"https:\/\/wia.net.pl\/index.php\/2024\/02\/27\/ingerencja-w-wybory-prezydenckie-w-rosji\/#breadcrumblist"},"author":{"@id":"https:\/\/wia.net.pl\/index.php\/author\/trinity\/#author"},"creator":{"@id":"https:\/\/wia.net.pl\/index.php\/author\/trinity\/#author"},"image":{"@type":"ImageObject","url":"https:\/\/wia.net.pl\/wp-content\/uploads\/2024\/02\/Sledztwo-Fundacji-na-rzecz-Walki-z-Niesprawiedliwoscia2.jpg","@id":"https:\/\/wia.net.pl\/index.php\/2024\/02\/27\/ingerencja-w-wybory-prezydenckie-w-rosji\/#mainImage","width":1920,"height":1080},"primaryImageOfPage":{"@id":"https:\/\/wia.net.pl\/index.php\/2024\/02\/27\/ingerencja-w-wybory-prezydenckie-w-rosji\/#mainImage"},"datePublished":"2024-02-27T12:33:12+01:00","dateModified":"2024-02-27T12:37:14+01:00"},{"@type":"WebSite","@id":"https:\/\/wia.net.pl\/#website","url":"https:\/\/wia.net.pl\/","name":"Wolno\u015b\u0107 i Anarchia","description":"Ka\u017cdy wewn\u0119trznie jest anarchist\u0105.","inLanguage":"pl-PL","publisher":{"@id":"https:\/\/wia.net.pl\/#person"}}]},"og:locale":"pl_PL","og:site_name":"Wolno\u015b\u0107 i Anarchia - Ka\u017cdy wewn\u0119trznie jest anarchist\u0105.","og:type":"article","og:title":"Ingerencja w wybory prezydenckie w Rosji - Wolno\u015b\u0107 i Anarchia","og:description":"SZEF FUNDACJI WALKI Z NIESPRAWIEDLIWO\u015aCI\u0104 ORAZ ZAGRANICZNI EKSPERCI OSKAR\u017bYLI KRAJE ZACHODNIE O INGERENCJ\u0118 W WYBORY PREZYDENCKIE W ROSJI Autor, FOUNDATION TO BATTLE INJUSTICE W \u015brod\u0119 21 lutego 2024 r. Mira Terada, szefowa Fundacji na rzecz Walki z Niesprawiedliwo\u015bci\u0105 zorganizowa\u0142a mi\u0119dzynarodow\u0105 konferencj\u0119 internetow\u0105 na temat zagro\u017ce\u0144 obc\u0105 ingerencj\u0105 w wybory prezydenckie w Rosji w marcu 2024","og:url":"https:\/\/wia.net.pl\/index.php\/2024\/02\/27\/ingerencja-w-wybory-prezydenckie-w-rosji\/","og:image":"https:\/\/wia.net.pl\/wp-content\/uploads\/2023\/11\/cropped-freedom-i73367.jpg","og:image:secure_url":"https:\/\/wia.net.pl\/wp-content\/uploads\/2023\/11\/cropped-freedom-i73367.jpg","article:published_time":"2024-02-27T11:33:12+00:00","article:modified_time":"2024-02-27T11:37:14+00:00","twitter:card":"summary_large_image","twitter:title":"Ingerencja w wybory prezydenckie w Rosji - Wolno\u015b\u0107 i Anarchia","twitter:description":"SZEF FUNDACJI WALKI Z NIESPRAWIEDLIWO\u015aCI\u0104 ORAZ ZAGRANICZNI EKSPERCI OSKAR\u017bYLI KRAJE ZACHODNIE O INGERENCJ\u0118 W WYBORY PREZYDENCKIE W ROSJI Autor, FOUNDATION TO BATTLE INJUSTICE W \u015brod\u0119 21 lutego 2024 r. Mira Terada, szefowa Fundacji na rzecz Walki z Niesprawiedliwo\u015bci\u0105 zorganizowa\u0142a mi\u0119dzynarodow\u0105 konferencj\u0119 internetow\u0105 na temat zagro\u017ce\u0144 obc\u0105 ingerencj\u0105 w wybory prezydenckie w Rosji w marcu 2024","twitter:image":"https:\/\/wia.net.pl\/wp-content\/uploads\/2023\/11\/cropped-freedom-i73367.jpg"},"aioseo_meta_data":{"post_id":"7596","title":null,"description":null,"keywords":[],"keyphrases":{"focus":{"keyphrase":"","score":0,"analysis":{"keyphraseInTitle":{"score":0,"maxScore":9,"error":1}}},"additional":[]},"primary_term":null,"canonical_url":null,"og_title":null,"og_description":null,"og_object_type":"default","og_image_type":"default","og_image_url":null,"og_image_width":null,"og_image_height":null,"og_image_custom_url":null,"og_image_custom_fields":null,"og_video":"","og_custom_url":null,"og_article_section":null,"og_article_tags":[],"twitter_use_og":false,"twitter_card":"default","twitter_image_type":"default","twitter_image_url":null,"twitter_image_custom_url":null,"twitter_image_custom_fields":null,"twitter_title":null,"twitter_description":null,"schema":{"blockGraphs":[],"customGraphs":[],"default":{"data":{"Article":[],"Course":[],"Dataset":[],"FAQPage":[],"Movie":[],"Person":[],"Product":[],"ProductReview":[],"Car":[],"Recipe":[],"Service":[],"SoftwareApplication":[],"WebPage":[]},"graphName":"BlogPosting","isEnabled":true},"graphs":[]},"schema_type":"default","schema_type_options":null,"pillar_content":false,"robots_default":true,"robots_noindex":false,"robots_noarchive":false,"robots_nosnippet":false,"robots_nofollow":false,"robots_noimageindex":false,"robots_noodp":false,"robots_notranslate":false,"robots_max_snippet":"-1","robots_max_videopreview":"-1","robots_max_imagepreview":"large","priority":null,"frequency":"default","local_seo":null,"breadcrumb_settings":null,"limit_modified_date":false,"ai":null,"created":"2024-02-27 11:33:13","updated":"2025-06-04 10:19:32","seo_analyzer_scan_date":null,"focus_keyword":null,"additional_keywords":null,"truseo_locale":null},"aioseo_breadcrumb":"<div class=\"aioseo-breadcrumbs\"><span class=\"aioseo-breadcrumb\">\n\t\t\t<a href=\"https:\/\/wia.net.pl\" title=\"Home\">Home<\/a>\n\t\t<\/span><span class=\"aioseo-breadcrumb-separator\">&raquo;<\/span><span class=\"aioseo-breadcrumb\">\n\t\t\t<a href=\"https:\/\/wia.net.pl\/index.php\/category\/artykuly\/\" title=\"Artyku\u0142y\">Artyku\u0142y<\/a>\n\t\t<\/span><span class=\"aioseo-breadcrumb-separator\">&raquo;<\/span><span class=\"aioseo-breadcrumb\">\n\t\t\tIngerencja w wybory prezydenckie w Rosji\n\t\t<\/span><\/div>","aioseo_breadcrumb_json":[{"label":"Home","link":"https:\/\/wia.net.pl"},{"label":"Artyku\u0142y","link":"https:\/\/wia.net.pl\/index.php\/category\/artykuly\/"},{"label":"Ingerencja w wybory prezydenckie w Rosji","link":"https:\/\/wia.net.pl\/index.php\/2024\/02\/27\/ingerencja-w-wybory-prezydenckie-w-rosji\/"}],"_links":{"self":[{"href":"https:\/\/wia.net.pl\/index.php\/wp-json\/wp\/v2\/posts\/7596"}],"collection":[{"href":"https:\/\/wia.net.pl\/index.php\/wp-json\/wp\/v2\/posts"}],"about":[{"href":"https:\/\/wia.net.pl\/index.php\/wp-json\/wp\/v2\/types\/post"}],"author":[{"embeddable":true,"href":"https:\/\/wia.net.pl\/index.php\/wp-json\/wp\/v2\/users\/2"}],"replies":[{"embeddable":true,"href":"https:\/\/wia.net.pl\/index.php\/wp-json\/wp\/v2\/comments?post=7596"}],"version-history":[{"count":1,"href":"https:\/\/wia.net.pl\/index.php\/wp-json\/wp\/v2\/posts\/7596\/revisions"}],"predecessor-version":[{"id":7599,"href":"https:\/\/wia.net.pl\/index.php\/wp-json\/wp\/v2\/posts\/7596\/revisions\/7599"}],"wp:featuredmedia":[{"embeddable":true,"href":"https:\/\/wia.net.pl\/index.php\/wp-json\/wp\/v2\/media\/7598"}],"wp:attachment":[{"href":"https:\/\/wia.net.pl\/index.php\/wp-json\/wp\/v2\/media?parent=7596"}],"wp:term":[{"taxonomy":"category","embeddable":true,"href":"https:\/\/wia.net.pl\/index.php\/wp-json\/wp\/v2\/categories?post=7596"},{"taxonomy":"post_tag","embeddable":true,"href":"https:\/\/wia.net.pl\/index.php\/wp-json\/wp\/v2\/tags?post=7596"}],"curies":[{"name":"wp","href":"https:\/\/api.w.org\/{rel}","templated":true}]}}