{"id":7739,"date":"2024-03-08T11:52:29","date_gmt":"2024-03-08T10:52:29","guid":{"rendered":"https:\/\/wia.net.pl\/?p=7739"},"modified":"2024-03-08T11:52:29","modified_gmt":"2024-03-08T10:52:29","slug":"babski-rokosz-antywojenny-ewa-pawela","status":"publish","type":"post","link":"https:\/\/wia.net.pl\/index.php\/2024\/03\/08\/babski-rokosz-antywojenny-ewa-pawela\/","title":{"rendered":"BABSKI ROKOSZ ANTYWOJENNY &#8211; Ewa Pawela"},"content":{"rendered":"<p><iframe id=\"odysee-iframe\" style=\"width:100%; aspect-ratio:16 \/ 9;\" src=\"https:\/\/odysee.com\/$\/embed\/@wolnoscanarchia:d\/BABSKI-ROKOSZ-ANTYWOJENNY:e?r=KqtnN3u2RSe5GxY7Tos527f1XGfjXD4u\" allowfullscreen><\/iframe><\/p>\n\n\n\n<p>UWAGA!!! ZAMAZANIE OBRAZU ARTYKU\u0141\u00d3W WYNIKIEM CENZURY. LINKI W OPISIE.<br>Polki mobilizuj\u0105 si\u0119 przeciwko zakusom wci\u0105gni\u0119cia naszego kraju w konflikt na Ukrainie i perspektywie wkr\u0119cenia naszych \u017co\u0142nierzy w rosyjsk\u0105 maszynk\u0119 do mielenia ludzkiego mi\u0119sa w obronie ameryka\u0144skich i brytyjskich interes\u00f3w. Nasi m\u0119\u017cczy\u017ani maj\u0105 broni\u0107 naszych dom\u00f3w i naszych dzieci i w przeciwie\u0144stwie do naszych s\u0105siad\u00f3w nie dopu\u015bcimy do zniszczenia Polski i zag\u0142ady Narodu . W ten weekend uczestnicz\u0105c w dw\u00f3ch marszach na rzecz pokoju wysy\u0142amy rz\u0105dz\u0105cym czytelny sygna\u0142, \u017ce nie idziemy na t\u0119 wojn\u0119, jakkolwiek by do niej nie pod\u017cegali i nie prowokowali. I lepiej, \u017ceby to od razu wzi\u0119li pod rozwag\u0119.<\/p>\n\n\n\n<p>Kana\u0141y Ewy Paweli<br>ODYSEE<br><a href=\"https:\/\/odysee.com\/@EwaPawela:5?view=content\">https:\/\/odysee.com\/@EwaPawela:5?view=content<\/a><br>YOUTUBE<br><a href=\"https:\/\/www.youtube.com\/@kontrolaumysu-ewapawela5209\/videos\" target=\"_blank\" rel=\"noreferrer noopener\">https:\/\/www.youtube.com\/@kontrolaumysu-ewapawela5209\/videos<\/a><\/p>\n\n\n\n<p>\u0179r\u00f3d\u0142o <a href=\"https:\/\/odysee.com\/@EwaPawela:5\/BABSKI-ROKOSZ-ANTYWOJENNY:1\">https:\/\/odysee.com\/@EwaPawela:5\/BABSKI-ROKOSZ-ANTYWOJENNY:1<\/a><\/p>\n","protected":false},"excerpt":{"rendered":"<p>UWAGA!!! ZAMAZANIE OBRAZU ARTYKU\u0141\u00d3W WYNIKIEM CENZURY. LINKI W OPISIE.Polki mobilizuj\u0105 si\u0119 przeciwko zakusom wci\u0105gni\u0119cia naszego kraju w konflikt na Ukrainie i perspektywie wkr\u0119cenia naszych \u017co\u0142nierzy w rosyjsk\u0105 maszynk\u0119 do mielenia ludzkiego mi\u0119sa w obronie ameryka\u0144skich i brytyjskich interes\u00f3w. Nasi m\u0119\u017cczy\u017ani&#8230; <\/p>\n","protected":false},"author":2,"featured_media":7740,"comment_status":"open","ping_status":"open","sticky":false,"template":"","format":"standard","meta":{"_acf_changed":false,"_bbp_topic_count":0,"_bbp_reply_count":0,"_bbp_total_topic_count":0,"_bbp_total_reply_count":0,"_bbp_voice_count":0,"_bbp_anonymous_reply_count":0,"_bbp_topic_count_hidden":0,"_bbp_reply_count_hidden":0,"_bbp_forum_subforum_count":0,"om_disable_all_campaigns":false,"_monsterinsights_skip_tracking":false,"footnotes":""},"categories":[94,15,14],"tags":[],"class_list":["post-7739","post","type-post","status-publish","format-standard","has-post-thumbnail","hentry","category-filmy-2","category-wiadomoscizkraju","category-wiadomoscizeswiata"],"acf":[],"aioseo_notices":[],"aioseo_head":"\n\t\t<!-- All in One SEO 5.0.1.1 - aioseo.com -->\n\t<meta name=\"description\" content=\"UWAGA!!! ZAMAZANIE OBRAZU ARTYKU\u0141\u00d3W WYNIKIEM CENZURY. LINKI W OPISIE.Polki mobilizuj\u0105 si\u0119 przeciwko zakusom wci\u0105gni\u0119cia naszego kraju w konflikt na Ukrainie i perspektywie wkr\u0119cenia naszych \u017co\u0142nierzy w rosyjsk\u0105 maszynk\u0119 do mielenia ludzkiego mi\u0119sa w obronie ameryka\u0144skich i brytyjskich interes\u00f3w. Nasi m\u0119\u017cczy\u017ani maj\u0105 broni\u0107 naszych dom\u00f3w i naszych dzieci i w przeciwie\u0144stwie do naszych s\u0105siad\u00f3w nie dopu\u015bcimy\" \/>\n\t<meta name=\"robots\" content=\"max-image-preview:large\" \/>\n\t<meta name=\"author\" content=\"trinity\"\/>\n\t<link rel=\"canonical\" href=\"https:\/\/wia.net.pl\/index.php\/2024\/03\/08\/babski-rokosz-antywojenny-ewa-pawela\/\" \/>\n\t<meta name=\"generator\" content=\"All in One SEO (AIOSEO) 5.0.1.1\" \/>\n\t\t<meta property=\"og:locale\" content=\"pl_PL\" \/>\n\t\t<meta property=\"og:site_name\" content=\"Wolno\u015b\u0107 i Anarchia - Ka\u017cdy wewn\u0119trznie jest anarchist\u0105.\" \/>\n\t\t<meta property=\"og:type\" content=\"article\" \/>\n\t\t<meta property=\"og:title\" content=\"BABSKI ROKOSZ ANTYWOJENNY \u2013 Ewa Pawela - Wolno\u015b\u0107 i Anarchia\" \/>\n\t\t<meta property=\"og:description\" content=\"UWAGA!!! ZAMAZANIE OBRAZU ARTYKU\u0141\u00d3W WYNIKIEM CENZURY. LINKI W OPISIE.Polki mobilizuj\u0105 si\u0119 przeciwko zakusom wci\u0105gni\u0119cia naszego kraju w konflikt na Ukrainie i perspektywie wkr\u0119cenia naszych \u017co\u0142nierzy w rosyjsk\u0105 maszynk\u0119 do mielenia ludzkiego mi\u0119sa w obronie ameryka\u0144skich i brytyjskich interes\u00f3w. Nasi m\u0119\u017cczy\u017ani maj\u0105 broni\u0107 naszych dom\u00f3w i naszych dzieci i w przeciwie\u0144stwie do naszych s\u0105siad\u00f3w nie dopu\u015bcimy\" \/>\n\t\t<meta property=\"og:url\" content=\"https:\/\/wia.net.pl\/index.php\/2024\/03\/08\/babski-rokosz-antywojenny-ewa-pawela\/\" \/>\n\t\t<meta property=\"og:image\" content=\"https:\/\/wia.net.pl\/wp-content\/uploads\/2023\/11\/cropped-freedom-i73367.jpg\" \/>\n\t\t<meta property=\"og:image:secure_url\" content=\"https:\/\/wia.net.pl\/wp-content\/uploads\/2023\/11\/cropped-freedom-i73367.jpg\" \/>\n\t\t<meta property=\"article:published_time\" content=\"2024-03-08T10:52:29+00:00\" \/>\n\t\t<meta property=\"article:modified_time\" content=\"2024-03-08T10:52:29+00:00\" \/>\n\t\t<meta name=\"twitter:card\" content=\"summary_large_image\" \/>\n\t\t<meta name=\"twitter:title\" content=\"BABSKI ROKOSZ ANTYWOJENNY \u2013 Ewa Pawela - Wolno\u015b\u0107 i Anarchia\" \/>\n\t\t<meta name=\"twitter:description\" content=\"UWAGA!!! ZAMAZANIE OBRAZU ARTYKU\u0141\u00d3W WYNIKIEM CENZURY. LINKI W OPISIE.Polki mobilizuj\u0105 si\u0119 przeciwko zakusom wci\u0105gni\u0119cia naszego kraju w konflikt na Ukrainie i perspektywie wkr\u0119cenia naszych \u017co\u0142nierzy w rosyjsk\u0105 maszynk\u0119 do mielenia ludzkiego mi\u0119sa w obronie ameryka\u0144skich i brytyjskich interes\u00f3w. Nasi m\u0119\u017cczy\u017ani maj\u0105 broni\u0107 naszych dom\u00f3w i naszych dzieci i w przeciwie\u0144stwie do naszych s\u0105siad\u00f3w nie dopu\u015bcimy\" \/>\n\t\t<meta name=\"twitter:image\" content=\"https:\/\/wia.net.pl\/wp-content\/uploads\/2023\/11\/cropped-freedom-i73367.jpg\" \/>\n\t\t<script type=\"application\/ld+json\" class=\"aioseo-schema\">\n\t\t\t{\"@context\":\"https:\\\/\\\/schema.org\",\"@graph\":[{\"@type\":\"BlogPosting\",\"@id\":\"https:\\\/\\\/wia.net.pl\\\/index.php\\\/2024\\\/03\\\/08\\\/babski-rokosz-antywojenny-ewa-pawela\\\/#blogposting\",\"name\":\"BABSKI ROKOSZ ANTYWOJENNY \\u2013 Ewa Pawela - Wolno\\u015b\\u0107 i Anarchia\",\"headline\":\"BABSKI ROKOSZ ANTYWOJENNY &#8211; Ewa Pawela\",\"author\":{\"@id\":\"https:\\\/\\\/wia.net.pl\\\/index.php\\\/author\\\/trinity\\\/#author\"},\"publisher\":{\"@id\":\"https:\\\/\\\/wia.net.pl\\\/#person\"},\"image\":{\"@type\":\"ImageObject\",\"url\":\"https:\\\/\\\/wia.net.pl\\\/wp-content\\\/uploads\\\/2024\\\/03\\\/Ewa-Pawela.jpg\",\"width\":1920,\"height\":1080},\"datePublished\":\"2024-03-08T11:52:29+01:00\",\"dateModified\":\"2024-03-08T11:52:29+01:00\",\"inLanguage\":\"pl-PL\",\"commentCount\":1,\"mainEntityOfPage\":{\"@id\":\"https:\\\/\\\/wia.net.pl\\\/index.php\\\/2024\\\/03\\\/08\\\/babski-rokosz-antywojenny-ewa-pawela\\\/#webpage\"},\"isPartOf\":{\"@id\":\"https:\\\/\\\/wia.net.pl\\\/index.php\\\/2024\\\/03\\\/08\\\/babski-rokosz-antywojenny-ewa-pawela\\\/#webpage\"},\"articleSection\":\"Filmy, Wiadomo\\u015bci z kraju, Wiadomo\\u015bci ze \\u015bwiata\"},{\"@type\":\"BreadcrumbList\",\"@id\":\"https:\\\/\\\/wia.net.pl\\\/index.php\\\/2024\\\/03\\\/08\\\/babski-rokosz-antywojenny-ewa-pawela\\\/#breadcrumblist\",\"itemListElement\":[{\"@type\":\"ListItem\",\"@id\":\"https:\\\/\\\/wia.net.pl#listItem\",\"position\":1,\"name\":\"Home\",\"item\":\"https:\\\/\\\/wia.net.pl\",\"nextItem\":{\"@type\":\"ListItem\",\"@id\":\"https:\\\/\\\/wia.net.pl\\\/index.php\\\/category\\\/wiadomoscizeswiata\\\/#listItem\",\"name\":\"Wiadomo\\u015bci ze \\u015bwiata\"}},{\"@type\":\"ListItem\",\"@id\":\"https:\\\/\\\/wia.net.pl\\\/index.php\\\/category\\\/wiadomoscizeswiata\\\/#listItem\",\"position\":2,\"name\":\"Wiadomo\\u015bci ze \\u015bwiata\",\"item\":\"https:\\\/\\\/wia.net.pl\\\/index.php\\\/category\\\/wiadomoscizeswiata\\\/\",\"nextItem\":{\"@type\":\"ListItem\",\"@id\":\"https:\\\/\\\/wia.net.pl\\\/index.php\\\/2024\\\/03\\\/08\\\/babski-rokosz-antywojenny-ewa-pawela\\\/#listItem\",\"name\":\"BABSKI ROKOSZ ANTYWOJENNY &#8211; Ewa Pawela\"},\"previousItem\":{\"@type\":\"ListItem\",\"@id\":\"https:\\\/\\\/wia.net.pl#listItem\",\"name\":\"Home\"}},{\"@type\":\"ListItem\",\"@id\":\"https:\\\/\\\/wia.net.pl\\\/index.php\\\/2024\\\/03\\\/08\\\/babski-rokosz-antywojenny-ewa-pawela\\\/#listItem\",\"position\":3,\"name\":\"BABSKI ROKOSZ ANTYWOJENNY &#8211; Ewa Pawela\",\"previousItem\":{\"@type\":\"ListItem\",\"@id\":\"https:\\\/\\\/wia.net.pl\\\/index.php\\\/category\\\/wiadomoscizeswiata\\\/#listItem\",\"name\":\"Wiadomo\\u015bci ze \\u015bwiata\"}}]},{\"@type\":\"Person\",\"@id\":\"https:\\\/\\\/wia.net.pl\\\/#person\",\"name\":\"Bart\\u0142omiej Talarczyk\",\"image\":{\"@type\":\"ImageObject\",\"@id\":\"https:\\\/\\\/wia.net.pl\\\/index.php\\\/2024\\\/03\\\/08\\\/babski-rokosz-antywojenny-ewa-pawela\\\/#personImage\",\"url\":\"https:\\\/\\\/wia.net.pl\\\/wp-content\\\/uploads\\\/avatar-privacy\\\/cache\\\/user\\\/1\\\/7\\\/176a6b161c58363ff49b5c167264231f519f5c7fa183ca1f61e891769b6b56d5-96.jpg\",\"width\":96,\"height\":96,\"caption\":\"Bart\\u0142omiej Talarczyk\"}},{\"@type\":\"Person\",\"@id\":\"https:\\\/\\\/wia.net.pl\\\/index.php\\\/author\\\/trinity\\\/#author\",\"url\":\"https:\\\/\\\/wia.net.pl\\\/index.php\\\/author\\\/trinity\\\/\",\"name\":\"trinity\",\"image\":{\"@type\":\"ImageObject\",\"@id\":\"https:\\\/\\\/wia.net.pl\\\/index.php\\\/2024\\\/03\\\/08\\\/babski-rokosz-antywojenny-ewa-pawela\\\/#authorImage\",\"url\":\"https:\\\/\\\/wia.net.pl\\\/wp-content\\\/uploads\\\/avatar-privacy\\\/cache\\\/user\\\/5\\\/f\\\/5f6547cf82495eaa10e100a6a45d5dbde2dfdc1be88557de2018fca705bdf6f1-96.jpg\",\"width\":96,\"height\":96,\"caption\":\"trinity\"}},{\"@type\":\"WebPage\",\"@id\":\"https:\\\/\\\/wia.net.pl\\\/index.php\\\/2024\\\/03\\\/08\\\/babski-rokosz-antywojenny-ewa-pawela\\\/#webpage\",\"url\":\"https:\\\/\\\/wia.net.pl\\\/index.php\\\/2024\\\/03\\\/08\\\/babski-rokosz-antywojenny-ewa-pawela\\\/\",\"name\":\"BABSKI ROKOSZ ANTYWOJENNY \\u2013 Ewa Pawela - Wolno\\u015b\\u0107 i Anarchia\",\"description\":\"UWAGA!!! ZAMAZANIE OBRAZU ARTYKU\\u0141\\u00d3W WYNIKIEM CENZURY. LINKI W OPISIE.Polki mobilizuj\\u0105 si\\u0119 przeciwko zakusom wci\\u0105gni\\u0119cia naszego kraju w konflikt na Ukrainie i perspektywie wkr\\u0119cenia naszych \\u017co\\u0142nierzy w rosyjsk\\u0105 maszynk\\u0119 do mielenia ludzkiego mi\\u0119sa w obronie ameryka\\u0144skich i brytyjskich interes\\u00f3w. Nasi m\\u0119\\u017cczy\\u017ani maj\\u0105 broni\\u0107 naszych dom\\u00f3w i naszych dzieci i w przeciwie\\u0144stwie do naszych s\\u0105siad\\u00f3w nie dopu\\u015bcimy\",\"inLanguage\":\"pl-PL\",\"isPartOf\":{\"@id\":\"https:\\\/\\\/wia.net.pl\\\/#website\"},\"breadcrumb\":{\"@id\":\"https:\\\/\\\/wia.net.pl\\\/index.php\\\/2024\\\/03\\\/08\\\/babski-rokosz-antywojenny-ewa-pawela\\\/#breadcrumblist\"},\"author\":{\"@id\":\"https:\\\/\\\/wia.net.pl\\\/index.php\\\/author\\\/trinity\\\/#author\"},\"creator\":{\"@id\":\"https:\\\/\\\/wia.net.pl\\\/index.php\\\/author\\\/trinity\\\/#author\"},\"image\":{\"@type\":\"ImageObject\",\"url\":\"https:\\\/\\\/wia.net.pl\\\/wp-content\\\/uploads\\\/2024\\\/03\\\/Ewa-Pawela.jpg\",\"@id\":\"https:\\\/\\\/wia.net.pl\\\/index.php\\\/2024\\\/03\\\/08\\\/babski-rokosz-antywojenny-ewa-pawela\\\/#mainImage\",\"width\":1920,\"height\":1080},\"primaryImageOfPage\":{\"@id\":\"https:\\\/\\\/wia.net.pl\\\/index.php\\\/2024\\\/03\\\/08\\\/babski-rokosz-antywojenny-ewa-pawela\\\/#mainImage\"},\"datePublished\":\"2024-03-08T11:52:29+01:00\",\"dateModified\":\"2024-03-08T11:52:29+01:00\"},{\"@type\":\"WebSite\",\"@id\":\"https:\\\/\\\/wia.net.pl\\\/#website\",\"url\":\"https:\\\/\\\/wia.net.pl\\\/\",\"name\":\"Wolno\\u015b\\u0107 i Anarchia\",\"description\":\"Ka\\u017cdy wewn\\u0119trznie jest anarchist\\u0105.\",\"inLanguage\":\"pl-PL\",\"publisher\":{\"@id\":\"https:\\\/\\\/wia.net.pl\\\/#person\"}}]}\n\t\t<\/script>\n\t\t<!-- All in One SEO -->\n\n","aioseo_head_json":{"title":"BABSKI ROKOSZ ANTYWOJENNY \u2013 Ewa Pawela - Wolno\u015b\u0107 i Anarchia","description":"UWAGA!!! ZAMAZANIE OBRAZU ARTYKU\u0141\u00d3W WYNIKIEM CENZURY. LINKI W OPISIE.Polki mobilizuj\u0105 si\u0119 przeciwko zakusom wci\u0105gni\u0119cia naszego kraju w konflikt na Ukrainie i perspektywie wkr\u0119cenia naszych \u017co\u0142nierzy w rosyjsk\u0105 maszynk\u0119 do mielenia ludzkiego mi\u0119sa w obronie ameryka\u0144skich i brytyjskich interes\u00f3w. Nasi m\u0119\u017cczy\u017ani maj\u0105 broni\u0107 naszych dom\u00f3w i naszych dzieci i w przeciwie\u0144stwie do naszych s\u0105siad\u00f3w nie dopu\u015bcimy","canonical_url":"https:\/\/wia.net.pl\/index.php\/2024\/03\/08\/babski-rokosz-antywojenny-ewa-pawela\/","robots":"max-image-preview:large","keywords":"","webmasterTools":{"miscellaneous":""},"schema":{"@context":"https:\/\/schema.org","@graph":[{"@type":"BlogPosting","@id":"https:\/\/wia.net.pl\/index.php\/2024\/03\/08\/babski-rokosz-antywojenny-ewa-pawela\/#blogposting","name":"BABSKI ROKOSZ ANTYWOJENNY \u2013 Ewa Pawela - Wolno\u015b\u0107 i Anarchia","headline":"BABSKI ROKOSZ ANTYWOJENNY &#8211; Ewa Pawela","author":{"@id":"https:\/\/wia.net.pl\/index.php\/author\/trinity\/#author"},"publisher":{"@id":"https:\/\/wia.net.pl\/#person"},"image":{"@type":"ImageObject","url":"https:\/\/wia.net.pl\/wp-content\/uploads\/2024\/03\/Ewa-Pawela.jpg","width":1920,"height":1080},"datePublished":"2024-03-08T11:52:29+01:00","dateModified":"2024-03-08T11:52:29+01:00","inLanguage":"pl-PL","commentCount":1,"mainEntityOfPage":{"@id":"https:\/\/wia.net.pl\/index.php\/2024\/03\/08\/babski-rokosz-antywojenny-ewa-pawela\/#webpage"},"isPartOf":{"@id":"https:\/\/wia.net.pl\/index.php\/2024\/03\/08\/babski-rokosz-antywojenny-ewa-pawela\/#webpage"},"articleSection":"Filmy, Wiadomo\u015bci z kraju, Wiadomo\u015bci ze \u015bwiata"},{"@type":"BreadcrumbList","@id":"https:\/\/wia.net.pl\/index.php\/2024\/03\/08\/babski-rokosz-antywojenny-ewa-pawela\/#breadcrumblist","itemListElement":[{"@type":"ListItem","@id":"https:\/\/wia.net.pl#listItem","position":1,"name":"Home","item":"https:\/\/wia.net.pl","nextItem":{"@type":"ListItem","@id":"https:\/\/wia.net.pl\/index.php\/category\/wiadomoscizeswiata\/#listItem","name":"Wiadomo\u015bci ze \u015bwiata"}},{"@type":"ListItem","@id":"https:\/\/wia.net.pl\/index.php\/category\/wiadomoscizeswiata\/#listItem","position":2,"name":"Wiadomo\u015bci ze \u015bwiata","item":"https:\/\/wia.net.pl\/index.php\/category\/wiadomoscizeswiata\/","nextItem":{"@type":"ListItem","@id":"https:\/\/wia.net.pl\/index.php\/2024\/03\/08\/babski-rokosz-antywojenny-ewa-pawela\/#listItem","name":"BABSKI ROKOSZ ANTYWOJENNY &#8211; Ewa Pawela"},"previousItem":{"@type":"ListItem","@id":"https:\/\/wia.net.pl#listItem","name":"Home"}},{"@type":"ListItem","@id":"https:\/\/wia.net.pl\/index.php\/2024\/03\/08\/babski-rokosz-antywojenny-ewa-pawela\/#listItem","position":3,"name":"BABSKI ROKOSZ ANTYWOJENNY &#8211; Ewa Pawela","previousItem":{"@type":"ListItem","@id":"https:\/\/wia.net.pl\/index.php\/category\/wiadomoscizeswiata\/#listItem","name":"Wiadomo\u015bci ze \u015bwiata"}}]},{"@type":"Person","@id":"https:\/\/wia.net.pl\/#person","name":"Bart\u0142omiej Talarczyk","image":{"@type":"ImageObject","@id":"https:\/\/wia.net.pl\/index.php\/2024\/03\/08\/babski-rokosz-antywojenny-ewa-pawela\/#personImage","url":"https:\/\/wia.net.pl\/wp-content\/uploads\/avatar-privacy\/cache\/user\/1\/7\/176a6b161c58363ff49b5c167264231f519f5c7fa183ca1f61e891769b6b56d5-96.jpg","width":96,"height":96,"caption":"Bart\u0142omiej Talarczyk"}},{"@type":"Person","@id":"https:\/\/wia.net.pl\/index.php\/author\/trinity\/#author","url":"https:\/\/wia.net.pl\/index.php\/author\/trinity\/","name":"trinity","image":{"@type":"ImageObject","@id":"https:\/\/wia.net.pl\/index.php\/2024\/03\/08\/babski-rokosz-antywojenny-ewa-pawela\/#authorImage","url":"https:\/\/wia.net.pl\/wp-content\/uploads\/avatar-privacy\/cache\/user\/5\/f\/5f6547cf82495eaa10e100a6a45d5dbde2dfdc1be88557de2018fca705bdf6f1-96.jpg","width":96,"height":96,"caption":"trinity"}},{"@type":"WebPage","@id":"https:\/\/wia.net.pl\/index.php\/2024\/03\/08\/babski-rokosz-antywojenny-ewa-pawela\/#webpage","url":"https:\/\/wia.net.pl\/index.php\/2024\/03\/08\/babski-rokosz-antywojenny-ewa-pawela\/","name":"BABSKI ROKOSZ ANTYWOJENNY \u2013 Ewa Pawela - Wolno\u015b\u0107 i Anarchia","description":"UWAGA!!! ZAMAZANIE OBRAZU ARTYKU\u0141\u00d3W WYNIKIEM CENZURY. LINKI W OPISIE.Polki mobilizuj\u0105 si\u0119 przeciwko zakusom wci\u0105gni\u0119cia naszego kraju w konflikt na Ukrainie i perspektywie wkr\u0119cenia naszych \u017co\u0142nierzy w rosyjsk\u0105 maszynk\u0119 do mielenia ludzkiego mi\u0119sa w obronie ameryka\u0144skich i brytyjskich interes\u00f3w. Nasi m\u0119\u017cczy\u017ani maj\u0105 broni\u0107 naszych dom\u00f3w i naszych dzieci i w przeciwie\u0144stwie do naszych s\u0105siad\u00f3w nie dopu\u015bcimy","inLanguage":"pl-PL","isPartOf":{"@id":"https:\/\/wia.net.pl\/#website"},"breadcrumb":{"@id":"https:\/\/wia.net.pl\/index.php\/2024\/03\/08\/babski-rokosz-antywojenny-ewa-pawela\/#breadcrumblist"},"author":{"@id":"https:\/\/wia.net.pl\/index.php\/author\/trinity\/#author"},"creator":{"@id":"https:\/\/wia.net.pl\/index.php\/author\/trinity\/#author"},"image":{"@type":"ImageObject","url":"https:\/\/wia.net.pl\/wp-content\/uploads\/2024\/03\/Ewa-Pawela.jpg","@id":"https:\/\/wia.net.pl\/index.php\/2024\/03\/08\/babski-rokosz-antywojenny-ewa-pawela\/#mainImage","width":1920,"height":1080},"primaryImageOfPage":{"@id":"https:\/\/wia.net.pl\/index.php\/2024\/03\/08\/babski-rokosz-antywojenny-ewa-pawela\/#mainImage"},"datePublished":"2024-03-08T11:52:29+01:00","dateModified":"2024-03-08T11:52:29+01:00"},{"@type":"WebSite","@id":"https:\/\/wia.net.pl\/#website","url":"https:\/\/wia.net.pl\/","name":"Wolno\u015b\u0107 i Anarchia","description":"Ka\u017cdy wewn\u0119trznie jest anarchist\u0105.","inLanguage":"pl-PL","publisher":{"@id":"https:\/\/wia.net.pl\/#person"}}]},"og:locale":"pl_PL","og:site_name":"Wolno\u015b\u0107 i Anarchia - Ka\u017cdy wewn\u0119trznie jest anarchist\u0105.","og:type":"article","og:title":"BABSKI ROKOSZ ANTYWOJENNY \u2013 Ewa Pawela - Wolno\u015b\u0107 i Anarchia","og:description":"UWAGA!!! ZAMAZANIE OBRAZU ARTYKU\u0141\u00d3W WYNIKIEM CENZURY. LINKI W OPISIE.Polki mobilizuj\u0105 si\u0119 przeciwko zakusom wci\u0105gni\u0119cia naszego kraju w konflikt na Ukrainie i perspektywie wkr\u0119cenia naszych \u017co\u0142nierzy w rosyjsk\u0105 maszynk\u0119 do mielenia ludzkiego mi\u0119sa w obronie ameryka\u0144skich i brytyjskich interes\u00f3w. Nasi m\u0119\u017cczy\u017ani maj\u0105 broni\u0107 naszych dom\u00f3w i naszych dzieci i w przeciwie\u0144stwie do naszych s\u0105siad\u00f3w nie dopu\u015bcimy","og:url":"https:\/\/wia.net.pl\/index.php\/2024\/03\/08\/babski-rokosz-antywojenny-ewa-pawela\/","og:image":"https:\/\/wia.net.pl\/wp-content\/uploads\/2023\/11\/cropped-freedom-i73367.jpg","og:image:secure_url":"https:\/\/wia.net.pl\/wp-content\/uploads\/2023\/11\/cropped-freedom-i73367.jpg","article:published_time":"2024-03-08T10:52:29+00:00","article:modified_time":"2024-03-08T10:52:29+00:00","twitter:card":"summary_large_image","twitter:title":"BABSKI ROKOSZ ANTYWOJENNY \u2013 Ewa Pawela - Wolno\u015b\u0107 i Anarchia","twitter:description":"UWAGA!!! ZAMAZANIE OBRAZU ARTYKU\u0141\u00d3W WYNIKIEM CENZURY. LINKI W OPISIE.Polki mobilizuj\u0105 si\u0119 przeciwko zakusom wci\u0105gni\u0119cia naszego kraju w konflikt na Ukrainie i perspektywie wkr\u0119cenia naszych \u017co\u0142nierzy w rosyjsk\u0105 maszynk\u0119 do mielenia ludzkiego mi\u0119sa w obronie ameryka\u0144skich i brytyjskich interes\u00f3w. Nasi m\u0119\u017cczy\u017ani maj\u0105 broni\u0107 naszych dom\u00f3w i naszych dzieci i w przeciwie\u0144stwie do naszych s\u0105siad\u00f3w nie dopu\u015bcimy","twitter:image":"https:\/\/wia.net.pl\/wp-content\/uploads\/2023\/11\/cropped-freedom-i73367.jpg"},"aioseo_meta_data":{"post_id":"7739","title":null,"description":null,"keywords":[],"keyphrases":{"focus":{"keyphrase":"","score":0,"analysis":{"keyphraseInTitle":{"score":0,"maxScore":9,"error":1}}},"additional":[]},"primary_term":null,"canonical_url":null,"og_title":null,"og_description":null,"og_object_type":"default","og_image_type":"default","og_image_url":null,"og_image_width":null,"og_image_height":null,"og_image_custom_url":null,"og_image_custom_fields":null,"og_video":"","og_custom_url":null,"og_article_section":null,"og_article_tags":[],"twitter_use_og":false,"twitter_card":"default","twitter_image_type":"default","twitter_image_url":null,"twitter_image_custom_url":null,"twitter_image_custom_fields":null,"twitter_title":null,"twitter_description":null,"schema":{"blockGraphs":[],"customGraphs":[],"default":{"data":{"Article":[],"Course":[],"Dataset":[],"FAQPage":[],"Movie":[],"Person":[],"Product":[],"ProductReview":[],"Car":[],"Recipe":[],"Service":[],"SoftwareApplication":[],"WebPage":[]},"graphName":"BlogPosting","isEnabled":true},"graphs":[]},"schema_type":"default","schema_type_options":null,"pillar_content":false,"robots_default":true,"robots_noindex":false,"robots_noarchive":false,"robots_nosnippet":false,"robots_nofollow":false,"robots_noimageindex":false,"robots_noodp":false,"robots_notranslate":false,"robots_max_snippet":"-1","robots_max_videopreview":"-1","robots_max_imagepreview":"large","priority":null,"frequency":"default","local_seo":null,"breadcrumb_settings":null,"limit_modified_date":false,"ai":null,"created":"2024-03-08 10:52:12","updated":"2025-06-04 10:27:12","seo_analyzer_scan_date":null,"focus_keyword":null,"additional_keywords":null,"truseo_locale":null},"aioseo_breadcrumb":"<div class=\"aioseo-breadcrumbs\"><span class=\"aioseo-breadcrumb\">\n\t\t\t<a href=\"https:\/\/wia.net.pl\" title=\"Home\">Home<\/a>\n\t\t<\/span><span class=\"aioseo-breadcrumb-separator\">&raquo;<\/span><span class=\"aioseo-breadcrumb\">\n\t\t\t<a href=\"https:\/\/wia.net.pl\/index.php\/category\/wiadomoscizeswiata\/\" title=\"Wiadomo\u015bci ze \u015bwiata\">Wiadomo\u015bci ze \u015bwiata<\/a>\n\t\t<\/span><span class=\"aioseo-breadcrumb-separator\">&raquo;<\/span><span class=\"aioseo-breadcrumb\">\n\t\t\tBABSKI ROKOSZ ANTYWOJENNY \u2013 Ewa Pawela\n\t\t<\/span><\/div>","aioseo_breadcrumb_json":[{"label":"Home","link":"https:\/\/wia.net.pl"},{"label":"Wiadomo\u015bci ze \u015bwiata","link":"https:\/\/wia.net.pl\/index.php\/category\/wiadomoscizeswiata\/"},{"label":"BABSKI ROKOSZ ANTYWOJENNY &#8211; Ewa Pawela","link":"https:\/\/wia.net.pl\/index.php\/2024\/03\/08\/babski-rokosz-antywojenny-ewa-pawela\/"}],"_links":{"self":[{"href":"https:\/\/wia.net.pl\/index.php\/wp-json\/wp\/v2\/posts\/7739"}],"collection":[{"href":"https:\/\/wia.net.pl\/index.php\/wp-json\/wp\/v2\/posts"}],"about":[{"href":"https:\/\/wia.net.pl\/index.php\/wp-json\/wp\/v2\/types\/post"}],"author":[{"embeddable":true,"href":"https:\/\/wia.net.pl\/index.php\/wp-json\/wp\/v2\/users\/2"}],"replies":[{"embeddable":true,"href":"https:\/\/wia.net.pl\/index.php\/wp-json\/wp\/v2\/comments?post=7739"}],"version-history":[{"count":1,"href":"https:\/\/wia.net.pl\/index.php\/wp-json\/wp\/v2\/posts\/7739\/revisions"}],"predecessor-version":[{"id":7741,"href":"https:\/\/wia.net.pl\/index.php\/wp-json\/wp\/v2\/posts\/7739\/revisions\/7741"}],"wp:featuredmedia":[{"embeddable":true,"href":"https:\/\/wia.net.pl\/index.php\/wp-json\/wp\/v2\/media\/7740"}],"wp:attachment":[{"href":"https:\/\/wia.net.pl\/index.php\/wp-json\/wp\/v2\/media?parent=7739"}],"wp:term":[{"taxonomy":"category","embeddable":true,"href":"https:\/\/wia.net.pl\/index.php\/wp-json\/wp\/v2\/categories?post=7739"},{"taxonomy":"post_tag","embeddable":true,"href":"https:\/\/wia.net.pl\/index.php\/wp-json\/wp\/v2\/tags?post=7739"}],"curies":[{"name":"wp","href":"https:\/\/api.w.org\/{rel}","templated":true}]}}