{"id":7788,"date":"2024-03-17T02:22:00","date_gmt":"2024-03-17T01:22:00","guid":{"rendered":"https:\/\/wia.net.pl\/?p=7788"},"modified":"2024-03-24T17:58:47","modified_gmt":"2024-03-24T16:58:47","slug":"paul-wallis-i-praveen-mohan-swiatynie-w-indiach","status":"publish","type":"post","link":"https:\/\/wia.net.pl\/index.php\/2024\/03\/17\/paul-wallis-i-praveen-mohan-swiatynie-w-indiach\/","title":{"rendered":"Paul Wallis i Praveen Mohan &#8211; \u015awi\u0105tynie w Indiach Cz.1\/2"},"content":{"rendered":"\n<figure class=\"wp-block-video\"><video controls poster=\"https:\/\/wia.net.pl\/wp-content\/uploads\/2024\/03\/paul-wallis.jpg\" src=\"https:\/\/wia.net.pl\/wp-content\/uploads\/2024\/03\/5th-Kind-Praveen-Mohan-i-Paul-Wallis-swiatynie-w-Indiach.mp4\"><\/video><\/figure>\n\n\n\n<p>Ich rozmowa reprezentuje zbie\u017cno\u015b\u0107 idei, \u0142\u0105cz\u0105c duchow\u0105 eksploracj\u0119 z historycznymi innowacjami, zestawionymi z d\u0105\u017ceniem ludzko\u015bci do zrozumienia jej pocz\u0105tk\u00f3w i mo\u017cliwo\u015bci jej przodk\u00f3w.<\/p>\n\n\n\n<p><br>Paul Wallis, znany ze swoich spostrze\u017ce\u0144 na temat potencjalnych interakcji mi\u0119dzy staro\u017cytnymi lud\u017ami a istotami pozaziemskimi, p\u0142ynnie \u0142\u0105czy si\u0119 z do\u015bwiadczeniem Mohana w odkrywaniu wyrafinowanych technologii i symbolicznych zawi\u0142o\u015bci osadzonych w staro\u017cytnych zabytkach i tekstach.<\/p>\n\n\n\n<p><br>Razem rzucaj\u0105 wyzwanie ustalonym narracjom historycznym, proponuj\u0105c bogatsze, bardziej powi\u0105zane zrozumienie historii ludzko\u015bci, kt\u00f3re wykorzystuje staro\u017cytn\u0105 m\u0105dro\u015b\u0107 obok wsp\u00f3\u0142czesnych osi\u0105gni\u0119\u0107 naukowych.<\/p>\n\n\n\n<p>Ten dialog mi\u0119dzy Paulem Wallisem jest pionierskim przedsi\u0119wzi\u0119ciem w zakresie zagadek staro\u017cytno\u015bci, oferuj\u0105cym g\u0142\u0119bokie implikacje dla naszego zrozumienia technologii, duchowo\u015bci i ewolucji cz\u0142owieka.<\/p>\n\n\n\n<p>Zach\u0119ca do ponownej oceny naszych historycznych granic, zapraszaj\u0105c nas do narracji, w kt\u00f3rej staro\u017cytne cywilizacje o\u015bwietlaj\u0105 nasze kosmiczne znaczenie i potencja\u0142.<\/p>\n\n\n\n<p>Praveen Mohan jest wybitn\u0105 postaci\u0105 w dziedzinie alternatywnej archeologii i staro\u017cytnych tajemnic.<\/p>\n\n\n\n<p><br>Jego rozleg\u0142e badania i eksploracje koncentruj\u0105 si\u0119 na odkrywaniu zagadek staro\u017cytnych cywilizacji, ich cud\u00f3w architektonicznych i potencjalnego istnienia zaawansowanych technologii na d\u0142ugo przed tym, co sugeruje wsp\u00f3\u0142czesna historia.<\/p>\n\n\n\n<p><br>Podr\u00f3\u017c Praveena w przesz\u0142o\u015b\u0107 jest nap\u0119dzana g\u0142\u0119bokim d\u0105\u017ceniem do zrozumienia z\u0142o\u017cono\u015bci staro\u017cytnych system\u00f3w wiedzy i ich implikacji dla wsp\u00f3\u0142czesnego spo\u0142ecze\u0144stwa.<\/p>\n\n\n\n<p>Dzi\u0119ki do\u015bwiadczeniu, kt\u00f3re \u0142\u0105czy w sobie g\u0142\u0119bokie uznanie dla tekst\u00f3w historycznych i oko do architektonicznych niuans\u00f3w, Praveen po\u015bwi\u0119ci\u0142 swoj\u0105 karier\u0119 kwestionowaniu konwencjonalnych narracji historycznych.<\/p>\n\n\n\n<p><br>Skrupulatnie bada staro\u017cytne struktury, rze\u017aby i manuskrypty, proponuj\u0105c, \u017ce nasi przodkowie byli nie tylko wyrafinowanymi architektami, ale tak\u017ce posiadali zrozumienie nauki i technologii znacznie wykraczaj\u0105ce poza to, co przypisuje im tradycyjna historiografia.<br><br>Praca Praveena charakteryzuje si\u0119 krytycznym podej\u015bciem do dowod\u00f3w archeologicznych, cz\u0119sto kwestionuj\u0105c ustalone ramy czasowe i mo\u017cliwo\u015bci technologiczne staro\u017cytnych kultur.<\/p>\n\n\n\n<p><br>Za po\u015brednictwem swoich popularnych platform internetowych dzieli si\u0119 szczeg\u00f3\u0142owymi analizami miejsc, kt\u00f3re prezentuj\u0105 precyzyjn\u0105 in\u017cynieri\u0119, astronomiczne wyr\u00f3wnania i symbole, kt\u00f3re wskazuj\u0105 na utracon\u0105 sprawno\u015b\u0107 technologiczn\u0105.<\/p>\n\n\n\n<p>Jego zdolno\u015b\u0107 do \u0142\u0105czenia r\u00f3\u017cnych dowod\u00f3w ponad granicami geograficznymi wywo\u0142a\u0142a dyskusje na temat mo\u017cliwo\u015bci globalnego po\u0142\u0105czenia prehistorycznej cywilizacji.<\/p>\n\n\n\n<p><br>Jednym z kamieni w\u0119gielnych bada\u0144 Praveena jest eksploracja megalitycznych struktur i ich technik budowlanych.<\/p>\n\n\n\n<p><br>Sugeruje on, \u017ce ci staro\u017cytni budowniczowie mieli dost\u0119p do narz\u0119dzi i wiedzy, kt\u00f3re pozwoli\u0142y im ci\u0105\u0107, transportowa\u0107 i montowa\u0107 masywne kamienie z niezwyk\u0142\u0105 dok\u0142adno\u015bci\u0105.<\/p>\n\n\n\n<p>Ten kierunek bada\u0144 rodzi pytania o konwencjonalne rozumienie post\u0119pu ludzko\u015bci i rozwoju technologii.<\/p>\n\n\n\n<p><br>Co wi\u0119cej, Praveen zag\u0142\u0119bia si\u0119 w symboliczne i astronomiczne znaczenie staro\u017cytnych miejsc, argumentuj\u0105c, \u017ce nie by\u0142y one jedynie miejscami kultu lub wsp\u00f3lnych spotka\u0144, ale s\u0142u\u017cy\u0142y wi\u0119kszemu celowi, dostosowuj\u0105c si\u0119 do wydarze\u0144 niebia\u0144skich.<\/p>\n\n\n\n<p><br>Ta perspektywa rzuca \u015bwiat\u0142o na wyrafinowan\u0105 wiedz\u0119 astronomiczn\u0105 posiadan\u0105 przez staro\u017cytne cywilizacje, sugeruj\u0105c g\u0142\u0119boki zwi\u0105zek z kosmosem, kt\u00f3ry wsp\u00f3\u0142czesne spo\u0142ecze\u0144stwo dopiero zaczyna docenia\u0107.<\/p>\n\n\n\n<p><br>Wk\u0142ad Praveena Mohana w dziedzin\u0119 archeologii alternatywnej nie tylko rzuci\u0142 wyzwanie g\u0142\u00f3wnym nurtom historycznym, ale tak\u017ce zainspirowa\u0142 rosn\u0105c\u0105 publiczno\u015b\u0107 do spojrzenia poza powierzchni\u0119 staro\u017cytnych artefakt\u00f3w i zabytk\u00f3w.<\/p>\n\n\n\n<p>Jego zaanga\u017cowanie w odkrywanie prawdy o przesz\u0142o\u015bci ludzko\u015bci odzwierciedla szersze d\u0105\u017cenie do wiedzy i zrozumienia, kt\u00f3re wype\u0142nia luk\u0119 mi\u0119dzy nauk\u0105, histori\u0105 i duchowo\u015bci\u0105.<br><br>Poprzez swoje badania i eksploracje Praveen nadal przesuwa granice naszego rozumienia historii, zach\u0119caj\u0105c nas do wyobra\u017cenia sobie przesz\u0142o\u015bci, kt\u00f3ra jest zar\u00f3wno g\u0142\u0119boko odmienna, jak i g\u0142\u0119boko zwi\u0105zana z tera\u017aniejszo\u015bci\u0105.<\/p>\n\n\n\n<p>\u0179r\u00f3d\u0142o:&nbsp;<a href=\"https:\/\/www.youtube.com\/@The5thKind\" target=\"_blank\" rel=\"noreferrer noopener\">https:\/\/www.youtube.com\/@The5thKind<\/a><\/p>\n","protected":false},"excerpt":{"rendered":"<p>Ich rozmowa reprezentuje zbie\u017cno\u015b\u0107 idei, \u0142\u0105cz\u0105c duchow\u0105 eksploracj\u0119 z historycznymi innowacjami, zestawionymi z d\u0105\u017ceniem ludzko\u015bci do zrozumienia jej pocz\u0105tk\u00f3w i mo\u017cliwo\u015bci jej przodk\u00f3w. Paul Wallis, znany ze swoich spostrze\u017ce\u0144 na temat potencjalnych interakcji mi\u0119dzy staro\u017cytnymi lud\u017ami a istotami pozaziemskimi, p\u0142ynnie&#8230; <\/p>\n","protected":false},"author":3,"featured_media":7790,"comment_status":"open","ping_status":"open","sticky":false,"template":"","format":"standard","meta":{"_acf_changed":false,"_bbp_topic_count":0,"_bbp_reply_count":0,"_bbp_total_topic_count":0,"_bbp_total_reply_count":0,"_bbp_voice_count":0,"_bbp_anonymous_reply_count":0,"_bbp_topic_count_hidden":0,"_bbp_reply_count_hidden":0,"_bbp_forum_subforum_count":0,"om_disable_all_campaigns":false,"_monsterinsights_skip_tracking":false,"footnotes":""},"categories":[11,96],"tags":[68,63,42,71,26,23,32,22,70,62],"class_list":["post-7788","post","type-post","status-publish","format-standard","has-post-thumbnail","hentry","category-antropologia","category-religie","tag-cesarstwo-rzymskie","tag-historia-ziemi","tag-illuminati","tag-kosciol-katolicki","tag-ludzkosc","tag-niewolnictwo","tag-rzad","tag-satanizm","tag-tajne-stowarzyszenia","tag-wszechswiat"],"acf":[],"aioseo_notices":[],"aioseo_head":"\n\t\t<!-- All in One SEO 5.0.1.1 - aioseo.com -->\n\t<meta name=\"description\" content=\"Ich rozmowa reprezentuje zbie\u017cno\u015b\u0107 idei, \u0142\u0105cz\u0105c duchow\u0105 eksploracj\u0119 z historycznymi innowacjami, zestawionymi z d\u0105\u017ceniem ludzko\u015bci do zrozumienia jej pocz\u0105tk\u00f3w i mo\u017cliwo\u015bci jej przodk\u00f3w. Paul Wallis, znany ze swoich spostrze\u017ce\u0144 na temat potencjalnych interakcji mi\u0119dzy staro\u017cytnymi lud\u017ami a istotami pozaziemskimi, p\u0142ynnie \u0142\u0105czy si\u0119 z do\u015bwiadczeniem Mohana w odkrywaniu wyrafinowanych technologii i symbolicznych zawi\u0142o\u015bci osadzonych w staro\u017cytnych\" \/>\n\t<meta name=\"robots\" content=\"max-image-preview:large\" \/>\n\t<meta name=\"author\" content=\"Bart\u0142omiej Talarczyk\"\/>\n\t<link rel=\"canonical\" href=\"https:\/\/wia.net.pl\/index.php\/2024\/03\/17\/paul-wallis-i-praveen-mohan-swiatynie-w-indiach\/\" \/>\n\t<meta name=\"generator\" content=\"All in One SEO (AIOSEO) 5.0.1.1\" \/>\n\t\t<meta property=\"og:locale\" content=\"pl_PL\" \/>\n\t\t<meta property=\"og:site_name\" content=\"Wolno\u015b\u0107 i Anarchia - Ka\u017cdy wewn\u0119trznie jest anarchist\u0105.\" \/>\n\t\t<meta property=\"og:type\" content=\"article\" \/>\n\t\t<meta property=\"og:title\" content=\"Paul Wallis i Praveen Mohan \u2013 \u015awi\u0105tynie w Indiach Cz.1\/2 - Wolno\u015b\u0107 i Anarchia\" \/>\n\t\t<meta property=\"og:description\" content=\"Ich rozmowa reprezentuje zbie\u017cno\u015b\u0107 idei, \u0142\u0105cz\u0105c duchow\u0105 eksploracj\u0119 z historycznymi innowacjami, zestawionymi z d\u0105\u017ceniem ludzko\u015bci do zrozumienia jej pocz\u0105tk\u00f3w i mo\u017cliwo\u015bci jej przodk\u00f3w. Paul Wallis, znany ze swoich spostrze\u017ce\u0144 na temat potencjalnych interakcji mi\u0119dzy staro\u017cytnymi lud\u017ami a istotami pozaziemskimi, p\u0142ynnie \u0142\u0105czy si\u0119 z do\u015bwiadczeniem Mohana w odkrywaniu wyrafinowanych technologii i symbolicznych zawi\u0142o\u015bci osadzonych w staro\u017cytnych\" \/>\n\t\t<meta property=\"og:url\" content=\"https:\/\/wia.net.pl\/index.php\/2024\/03\/17\/paul-wallis-i-praveen-mohan-swiatynie-w-indiach\/\" \/>\n\t\t<meta property=\"og:image\" content=\"https:\/\/wia.net.pl\/wp-content\/uploads\/2023\/11\/cropped-freedom-i73367.jpg\" \/>\n\t\t<meta property=\"og:image:secure_url\" content=\"https:\/\/wia.net.pl\/wp-content\/uploads\/2023\/11\/cropped-freedom-i73367.jpg\" \/>\n\t\t<meta property=\"article:published_time\" content=\"2024-03-17T01:22:00+00:00\" \/>\n\t\t<meta property=\"article:modified_time\" content=\"2024-03-24T16:58:47+00:00\" \/>\n\t\t<meta name=\"twitter:card\" content=\"summary_large_image\" \/>\n\t\t<meta name=\"twitter:title\" content=\"Paul Wallis i Praveen Mohan \u2013 \u015awi\u0105tynie w Indiach Cz.1\/2 - Wolno\u015b\u0107 i Anarchia\" \/>\n\t\t<meta name=\"twitter:description\" content=\"Ich rozmowa reprezentuje zbie\u017cno\u015b\u0107 idei, \u0142\u0105cz\u0105c duchow\u0105 eksploracj\u0119 z historycznymi innowacjami, zestawionymi z d\u0105\u017ceniem ludzko\u015bci do zrozumienia jej pocz\u0105tk\u00f3w i mo\u017cliwo\u015bci jej przodk\u00f3w. Paul Wallis, znany ze swoich spostrze\u017ce\u0144 na temat potencjalnych interakcji mi\u0119dzy staro\u017cytnymi lud\u017ami a istotami pozaziemskimi, p\u0142ynnie \u0142\u0105czy si\u0119 z do\u015bwiadczeniem Mohana w odkrywaniu wyrafinowanych technologii i symbolicznych zawi\u0142o\u015bci osadzonych w staro\u017cytnych\" \/>\n\t\t<meta name=\"twitter:image\" content=\"https:\/\/wia.net.pl\/wp-content\/uploads\/2023\/11\/cropped-freedom-i73367.jpg\" \/>\n\t\t<script type=\"application\/ld+json\" class=\"aioseo-schema\">\n\t\t\t{\"@context\":\"https:\\\/\\\/schema.org\",\"@graph\":[{\"@type\":\"BlogPosting\",\"@id\":\"https:\\\/\\\/wia.net.pl\\\/index.php\\\/2024\\\/03\\\/17\\\/paul-wallis-i-praveen-mohan-swiatynie-w-indiach\\\/#blogposting\",\"name\":\"Paul Wallis i Praveen Mohan \\u2013 \\u015awi\\u0105tynie w Indiach Cz.1\\\/2 - Wolno\\u015b\\u0107 i Anarchia\",\"headline\":\"Paul Wallis i Praveen Mohan &#8211; \\u015awi\\u0105tynie w Indiach Cz.1\\\/2\",\"author\":{\"@id\":\"https:\\\/\\\/wia.net.pl\\\/index.php\\\/author\\\/talar\\\/#author\"},\"publisher\":{\"@id\":\"https:\\\/\\\/wia.net.pl\\\/#person\"},\"image\":{\"@type\":\"ImageObject\",\"url\":\"https:\\\/\\\/wia.net.pl\\\/wp-content\\\/uploads\\\/2024\\\/03\\\/paul-wallis.jpg\",\"width\":1920,\"height\":1080},\"datePublished\":\"2024-03-17T02:22:00+01:00\",\"dateModified\":\"2024-03-24T17:58:47+01:00\",\"inLanguage\":\"pl-PL\",\"mainEntityOfPage\":{\"@id\":\"https:\\\/\\\/wia.net.pl\\\/index.php\\\/2024\\\/03\\\/17\\\/paul-wallis-i-praveen-mohan-swiatynie-w-indiach\\\/#webpage\"},\"isPartOf\":{\"@id\":\"https:\\\/\\\/wia.net.pl\\\/index.php\\\/2024\\\/03\\\/17\\\/paul-wallis-i-praveen-mohan-swiatynie-w-indiach\\\/#webpage\"},\"articleSection\":\"Antropologia, Religie, Cesarstwo Rzymskie, Historia ziemi, Illuminati, Ko\\u015bci\\u00f3\\u0142 katolicki, Ludzko\\u015b\\u0107, Niewolnictwo, Rz\\u0105d, Satanizm, Tajne stowarzyszenia, Wszech\\u015bwiat\"},{\"@type\":\"BreadcrumbList\",\"@id\":\"https:\\\/\\\/wia.net.pl\\\/index.php\\\/2024\\\/03\\\/17\\\/paul-wallis-i-praveen-mohan-swiatynie-w-indiach\\\/#breadcrumblist\",\"itemListElement\":[{\"@type\":\"ListItem\",\"@id\":\"https:\\\/\\\/wia.net.pl#listItem\",\"position\":1,\"name\":\"Home\",\"item\":\"https:\\\/\\\/wia.net.pl\",\"nextItem\":{\"@type\":\"ListItem\",\"@id\":\"https:\\\/\\\/wia.net.pl\\\/index.php\\\/category\\\/antropologia\\\/#listItem\",\"name\":\"Antropologia\"}},{\"@type\":\"ListItem\",\"@id\":\"https:\\\/\\\/wia.net.pl\\\/index.php\\\/category\\\/antropologia\\\/#listItem\",\"position\":2,\"name\":\"Antropologia\",\"item\":\"https:\\\/\\\/wia.net.pl\\\/index.php\\\/category\\\/antropologia\\\/\",\"nextItem\":{\"@type\":\"ListItem\",\"@id\":\"https:\\\/\\\/wia.net.pl\\\/index.php\\\/2024\\\/03\\\/17\\\/paul-wallis-i-praveen-mohan-swiatynie-w-indiach\\\/#listItem\",\"name\":\"Paul Wallis i Praveen Mohan &#8211; \\u015awi\\u0105tynie w Indiach Cz.1\\\/2\"},\"previousItem\":{\"@type\":\"ListItem\",\"@id\":\"https:\\\/\\\/wia.net.pl#listItem\",\"name\":\"Home\"}},{\"@type\":\"ListItem\",\"@id\":\"https:\\\/\\\/wia.net.pl\\\/index.php\\\/2024\\\/03\\\/17\\\/paul-wallis-i-praveen-mohan-swiatynie-w-indiach\\\/#listItem\",\"position\":3,\"name\":\"Paul Wallis i Praveen Mohan &#8211; \\u015awi\\u0105tynie w Indiach Cz.1\\\/2\",\"previousItem\":{\"@type\":\"ListItem\",\"@id\":\"https:\\\/\\\/wia.net.pl\\\/index.php\\\/category\\\/antropologia\\\/#listItem\",\"name\":\"Antropologia\"}}]},{\"@type\":\"Person\",\"@id\":\"https:\\\/\\\/wia.net.pl\\\/#person\",\"name\":\"Bart\\u0142omiej Talarczyk\",\"image\":{\"@type\":\"ImageObject\",\"@id\":\"https:\\\/\\\/wia.net.pl\\\/index.php\\\/2024\\\/03\\\/17\\\/paul-wallis-i-praveen-mohan-swiatynie-w-indiach\\\/#personImage\",\"url\":\"https:\\\/\\\/wia.net.pl\\\/wp-content\\\/uploads\\\/avatar-privacy\\\/cache\\\/user\\\/1\\\/7\\\/176a6b161c58363ff49b5c167264231f519f5c7fa183ca1f61e891769b6b56d5-96.jpg\",\"width\":96,\"height\":96,\"caption\":\"Bart\\u0142omiej Talarczyk\"}},{\"@type\":\"Person\",\"@id\":\"https:\\\/\\\/wia.net.pl\\\/index.php\\\/author\\\/talar\\\/#author\",\"url\":\"https:\\\/\\\/wia.net.pl\\\/index.php\\\/author\\\/talar\\\/\",\"name\":\"Bart\\u0142omiej Talarczyk\",\"image\":{\"@type\":\"ImageObject\",\"@id\":\"https:\\\/\\\/wia.net.pl\\\/index.php\\\/2024\\\/03\\\/17\\\/paul-wallis-i-praveen-mohan-swiatynie-w-indiach\\\/#authorImage\",\"url\":\"https:\\\/\\\/wia.net.pl\\\/wp-content\\\/uploads\\\/avatar-privacy\\\/cache\\\/user\\\/1\\\/7\\\/176a6b161c58363ff49b5c167264231f519f5c7fa183ca1f61e891769b6b56d5-96.jpg\",\"width\":96,\"height\":96,\"caption\":\"Bart\\u0142omiej Talarczyk\"}},{\"@type\":\"WebPage\",\"@id\":\"https:\\\/\\\/wia.net.pl\\\/index.php\\\/2024\\\/03\\\/17\\\/paul-wallis-i-praveen-mohan-swiatynie-w-indiach\\\/#webpage\",\"url\":\"https:\\\/\\\/wia.net.pl\\\/index.php\\\/2024\\\/03\\\/17\\\/paul-wallis-i-praveen-mohan-swiatynie-w-indiach\\\/\",\"name\":\"Paul Wallis i Praveen Mohan \\u2013 \\u015awi\\u0105tynie w Indiach Cz.1\\\/2 - Wolno\\u015b\\u0107 i Anarchia\",\"description\":\"Ich rozmowa reprezentuje zbie\\u017cno\\u015b\\u0107 idei, \\u0142\\u0105cz\\u0105c duchow\\u0105 eksploracj\\u0119 z historycznymi innowacjami, zestawionymi z d\\u0105\\u017ceniem ludzko\\u015bci do zrozumienia jej pocz\\u0105tk\\u00f3w i mo\\u017cliwo\\u015bci jej przodk\\u00f3w. Paul Wallis, znany ze swoich spostrze\\u017ce\\u0144 na temat potencjalnych interakcji mi\\u0119dzy staro\\u017cytnymi lud\\u017ami a istotami pozaziemskimi, p\\u0142ynnie \\u0142\\u0105czy si\\u0119 z do\\u015bwiadczeniem Mohana w odkrywaniu wyrafinowanych technologii i symbolicznych zawi\\u0142o\\u015bci osadzonych w staro\\u017cytnych\",\"inLanguage\":\"pl-PL\",\"isPartOf\":{\"@id\":\"https:\\\/\\\/wia.net.pl\\\/#website\"},\"breadcrumb\":{\"@id\":\"https:\\\/\\\/wia.net.pl\\\/index.php\\\/2024\\\/03\\\/17\\\/paul-wallis-i-praveen-mohan-swiatynie-w-indiach\\\/#breadcrumblist\"},\"author\":{\"@id\":\"https:\\\/\\\/wia.net.pl\\\/index.php\\\/author\\\/talar\\\/#author\"},\"creator\":{\"@id\":\"https:\\\/\\\/wia.net.pl\\\/index.php\\\/author\\\/talar\\\/#author\"},\"image\":{\"@type\":\"ImageObject\",\"url\":\"https:\\\/\\\/wia.net.pl\\\/wp-content\\\/uploads\\\/2024\\\/03\\\/paul-wallis.jpg\",\"@id\":\"https:\\\/\\\/wia.net.pl\\\/index.php\\\/2024\\\/03\\\/17\\\/paul-wallis-i-praveen-mohan-swiatynie-w-indiach\\\/#mainImage\",\"width\":1920,\"height\":1080},\"primaryImageOfPage\":{\"@id\":\"https:\\\/\\\/wia.net.pl\\\/index.php\\\/2024\\\/03\\\/17\\\/paul-wallis-i-praveen-mohan-swiatynie-w-indiach\\\/#mainImage\"},\"datePublished\":\"2024-03-17T02:22:00+01:00\",\"dateModified\":\"2024-03-24T17:58:47+01:00\"},{\"@type\":\"WebSite\",\"@id\":\"https:\\\/\\\/wia.net.pl\\\/#website\",\"url\":\"https:\\\/\\\/wia.net.pl\\\/\",\"name\":\"Wolno\\u015b\\u0107 i Anarchia\",\"description\":\"Ka\\u017cdy wewn\\u0119trznie jest anarchist\\u0105.\",\"inLanguage\":\"pl-PL\",\"publisher\":{\"@id\":\"https:\\\/\\\/wia.net.pl\\\/#person\"}}]}\n\t\t<\/script>\n\t\t<!-- All in One SEO -->\n\n","aioseo_head_json":{"title":"Paul Wallis i Praveen Mohan \u2013 \u015awi\u0105tynie w Indiach Cz.1\/2 - Wolno\u015b\u0107 i Anarchia","description":"Ich rozmowa reprezentuje zbie\u017cno\u015b\u0107 idei, \u0142\u0105cz\u0105c duchow\u0105 eksploracj\u0119 z historycznymi innowacjami, zestawionymi z d\u0105\u017ceniem ludzko\u015bci do zrozumienia jej pocz\u0105tk\u00f3w i mo\u017cliwo\u015bci jej przodk\u00f3w. Paul Wallis, znany ze swoich spostrze\u017ce\u0144 na temat potencjalnych interakcji mi\u0119dzy staro\u017cytnymi lud\u017ami a istotami pozaziemskimi, p\u0142ynnie \u0142\u0105czy si\u0119 z do\u015bwiadczeniem Mohana w odkrywaniu wyrafinowanych technologii i symbolicznych zawi\u0142o\u015bci osadzonych w staro\u017cytnych","canonical_url":"https:\/\/wia.net.pl\/index.php\/2024\/03\/17\/paul-wallis-i-praveen-mohan-swiatynie-w-indiach\/","robots":"max-image-preview:large","keywords":"","webmasterTools":{"miscellaneous":""},"schema":{"@context":"https:\/\/schema.org","@graph":[{"@type":"BlogPosting","@id":"https:\/\/wia.net.pl\/index.php\/2024\/03\/17\/paul-wallis-i-praveen-mohan-swiatynie-w-indiach\/#blogposting","name":"Paul Wallis i Praveen Mohan \u2013 \u015awi\u0105tynie w Indiach Cz.1\/2 - Wolno\u015b\u0107 i Anarchia","headline":"Paul Wallis i Praveen Mohan &#8211; \u015awi\u0105tynie w Indiach Cz.1\/2","author":{"@id":"https:\/\/wia.net.pl\/index.php\/author\/talar\/#author"},"publisher":{"@id":"https:\/\/wia.net.pl\/#person"},"image":{"@type":"ImageObject","url":"https:\/\/wia.net.pl\/wp-content\/uploads\/2024\/03\/paul-wallis.jpg","width":1920,"height":1080},"datePublished":"2024-03-17T02:22:00+01:00","dateModified":"2024-03-24T17:58:47+01:00","inLanguage":"pl-PL","mainEntityOfPage":{"@id":"https:\/\/wia.net.pl\/index.php\/2024\/03\/17\/paul-wallis-i-praveen-mohan-swiatynie-w-indiach\/#webpage"},"isPartOf":{"@id":"https:\/\/wia.net.pl\/index.php\/2024\/03\/17\/paul-wallis-i-praveen-mohan-swiatynie-w-indiach\/#webpage"},"articleSection":"Antropologia, Religie, Cesarstwo Rzymskie, Historia ziemi, Illuminati, Ko\u015bci\u00f3\u0142 katolicki, Ludzko\u015b\u0107, Niewolnictwo, Rz\u0105d, Satanizm, Tajne stowarzyszenia, Wszech\u015bwiat"},{"@type":"BreadcrumbList","@id":"https:\/\/wia.net.pl\/index.php\/2024\/03\/17\/paul-wallis-i-praveen-mohan-swiatynie-w-indiach\/#breadcrumblist","itemListElement":[{"@type":"ListItem","@id":"https:\/\/wia.net.pl#listItem","position":1,"name":"Home","item":"https:\/\/wia.net.pl","nextItem":{"@type":"ListItem","@id":"https:\/\/wia.net.pl\/index.php\/category\/antropologia\/#listItem","name":"Antropologia"}},{"@type":"ListItem","@id":"https:\/\/wia.net.pl\/index.php\/category\/antropologia\/#listItem","position":2,"name":"Antropologia","item":"https:\/\/wia.net.pl\/index.php\/category\/antropologia\/","nextItem":{"@type":"ListItem","@id":"https:\/\/wia.net.pl\/index.php\/2024\/03\/17\/paul-wallis-i-praveen-mohan-swiatynie-w-indiach\/#listItem","name":"Paul Wallis i Praveen Mohan &#8211; \u015awi\u0105tynie w Indiach Cz.1\/2"},"previousItem":{"@type":"ListItem","@id":"https:\/\/wia.net.pl#listItem","name":"Home"}},{"@type":"ListItem","@id":"https:\/\/wia.net.pl\/index.php\/2024\/03\/17\/paul-wallis-i-praveen-mohan-swiatynie-w-indiach\/#listItem","position":3,"name":"Paul Wallis i Praveen Mohan &#8211; \u015awi\u0105tynie w Indiach Cz.1\/2","previousItem":{"@type":"ListItem","@id":"https:\/\/wia.net.pl\/index.php\/category\/antropologia\/#listItem","name":"Antropologia"}}]},{"@type":"Person","@id":"https:\/\/wia.net.pl\/#person","name":"Bart\u0142omiej Talarczyk","image":{"@type":"ImageObject","@id":"https:\/\/wia.net.pl\/index.php\/2024\/03\/17\/paul-wallis-i-praveen-mohan-swiatynie-w-indiach\/#personImage","url":"https:\/\/wia.net.pl\/wp-content\/uploads\/avatar-privacy\/cache\/user\/1\/7\/176a6b161c58363ff49b5c167264231f519f5c7fa183ca1f61e891769b6b56d5-96.jpg","width":96,"height":96,"caption":"Bart\u0142omiej Talarczyk"}},{"@type":"Person","@id":"https:\/\/wia.net.pl\/index.php\/author\/talar\/#author","url":"https:\/\/wia.net.pl\/index.php\/author\/talar\/","name":"Bart\u0142omiej Talarczyk","image":{"@type":"ImageObject","@id":"https:\/\/wia.net.pl\/index.php\/2024\/03\/17\/paul-wallis-i-praveen-mohan-swiatynie-w-indiach\/#authorImage","url":"https:\/\/wia.net.pl\/wp-content\/uploads\/avatar-privacy\/cache\/user\/1\/7\/176a6b161c58363ff49b5c167264231f519f5c7fa183ca1f61e891769b6b56d5-96.jpg","width":96,"height":96,"caption":"Bart\u0142omiej Talarczyk"}},{"@type":"WebPage","@id":"https:\/\/wia.net.pl\/index.php\/2024\/03\/17\/paul-wallis-i-praveen-mohan-swiatynie-w-indiach\/#webpage","url":"https:\/\/wia.net.pl\/index.php\/2024\/03\/17\/paul-wallis-i-praveen-mohan-swiatynie-w-indiach\/","name":"Paul Wallis i Praveen Mohan \u2013 \u015awi\u0105tynie w Indiach Cz.1\/2 - Wolno\u015b\u0107 i Anarchia","description":"Ich rozmowa reprezentuje zbie\u017cno\u015b\u0107 idei, \u0142\u0105cz\u0105c duchow\u0105 eksploracj\u0119 z historycznymi innowacjami, zestawionymi z d\u0105\u017ceniem ludzko\u015bci do zrozumienia jej pocz\u0105tk\u00f3w i mo\u017cliwo\u015bci jej przodk\u00f3w. Paul Wallis, znany ze swoich spostrze\u017ce\u0144 na temat potencjalnych interakcji mi\u0119dzy staro\u017cytnymi lud\u017ami a istotami pozaziemskimi, p\u0142ynnie \u0142\u0105czy si\u0119 z do\u015bwiadczeniem Mohana w odkrywaniu wyrafinowanych technologii i symbolicznych zawi\u0142o\u015bci osadzonych w staro\u017cytnych","inLanguage":"pl-PL","isPartOf":{"@id":"https:\/\/wia.net.pl\/#website"},"breadcrumb":{"@id":"https:\/\/wia.net.pl\/index.php\/2024\/03\/17\/paul-wallis-i-praveen-mohan-swiatynie-w-indiach\/#breadcrumblist"},"author":{"@id":"https:\/\/wia.net.pl\/index.php\/author\/talar\/#author"},"creator":{"@id":"https:\/\/wia.net.pl\/index.php\/author\/talar\/#author"},"image":{"@type":"ImageObject","url":"https:\/\/wia.net.pl\/wp-content\/uploads\/2024\/03\/paul-wallis.jpg","@id":"https:\/\/wia.net.pl\/index.php\/2024\/03\/17\/paul-wallis-i-praveen-mohan-swiatynie-w-indiach\/#mainImage","width":1920,"height":1080},"primaryImageOfPage":{"@id":"https:\/\/wia.net.pl\/index.php\/2024\/03\/17\/paul-wallis-i-praveen-mohan-swiatynie-w-indiach\/#mainImage"},"datePublished":"2024-03-17T02:22:00+01:00","dateModified":"2024-03-24T17:58:47+01:00"},{"@type":"WebSite","@id":"https:\/\/wia.net.pl\/#website","url":"https:\/\/wia.net.pl\/","name":"Wolno\u015b\u0107 i Anarchia","description":"Ka\u017cdy wewn\u0119trznie jest anarchist\u0105.","inLanguage":"pl-PL","publisher":{"@id":"https:\/\/wia.net.pl\/#person"}}]},"og:locale":"pl_PL","og:site_name":"Wolno\u015b\u0107 i Anarchia - Ka\u017cdy wewn\u0119trznie jest anarchist\u0105.","og:type":"article","og:title":"Paul Wallis i Praveen Mohan \u2013 \u015awi\u0105tynie w Indiach Cz.1\/2 - Wolno\u015b\u0107 i Anarchia","og:description":"Ich rozmowa reprezentuje zbie\u017cno\u015b\u0107 idei, \u0142\u0105cz\u0105c duchow\u0105 eksploracj\u0119 z historycznymi innowacjami, zestawionymi z d\u0105\u017ceniem ludzko\u015bci do zrozumienia jej pocz\u0105tk\u00f3w i mo\u017cliwo\u015bci jej przodk\u00f3w. Paul Wallis, znany ze swoich spostrze\u017ce\u0144 na temat potencjalnych interakcji mi\u0119dzy staro\u017cytnymi lud\u017ami a istotami pozaziemskimi, p\u0142ynnie \u0142\u0105czy si\u0119 z do\u015bwiadczeniem Mohana w odkrywaniu wyrafinowanych technologii i symbolicznych zawi\u0142o\u015bci osadzonych w staro\u017cytnych","og:url":"https:\/\/wia.net.pl\/index.php\/2024\/03\/17\/paul-wallis-i-praveen-mohan-swiatynie-w-indiach\/","og:image":"https:\/\/wia.net.pl\/wp-content\/uploads\/2023\/11\/cropped-freedom-i73367.jpg","og:image:secure_url":"https:\/\/wia.net.pl\/wp-content\/uploads\/2023\/11\/cropped-freedom-i73367.jpg","article:published_time":"2024-03-17T01:22:00+00:00","article:modified_time":"2024-03-24T16:58:47+00:00","twitter:card":"summary_large_image","twitter:title":"Paul Wallis i Praveen Mohan \u2013 \u015awi\u0105tynie w Indiach Cz.1\/2 - Wolno\u015b\u0107 i Anarchia","twitter:description":"Ich rozmowa reprezentuje zbie\u017cno\u015b\u0107 idei, \u0142\u0105cz\u0105c duchow\u0105 eksploracj\u0119 z historycznymi innowacjami, zestawionymi z d\u0105\u017ceniem ludzko\u015bci do zrozumienia jej pocz\u0105tk\u00f3w i mo\u017cliwo\u015bci jej przodk\u00f3w. Paul Wallis, znany ze swoich spostrze\u017ce\u0144 na temat potencjalnych interakcji mi\u0119dzy staro\u017cytnymi lud\u017ami a istotami pozaziemskimi, p\u0142ynnie \u0142\u0105czy si\u0119 z do\u015bwiadczeniem Mohana w odkrywaniu wyrafinowanych technologii i symbolicznych zawi\u0142o\u015bci osadzonych w staro\u017cytnych","twitter:image":"https:\/\/wia.net.pl\/wp-content\/uploads\/2023\/11\/cropped-freedom-i73367.jpg"},"aioseo_meta_data":{"post_id":"7788","title":null,"description":null,"keywords":[],"keyphrases":{"focus":{"keyphrase":"","score":0,"analysis":{"keyphraseInTitle":{"score":0,"maxScore":9,"error":1}}},"additional":[]},"primary_term":null,"canonical_url":null,"og_title":null,"og_description":null,"og_object_type":"default","og_image_type":"default","og_image_url":null,"og_image_width":null,"og_image_height":null,"og_image_custom_url":null,"og_image_custom_fields":null,"og_video":"","og_custom_url":null,"og_article_section":null,"og_article_tags":[],"twitter_use_og":false,"twitter_card":"default","twitter_image_type":"default","twitter_image_url":null,"twitter_image_custom_url":null,"twitter_image_custom_fields":null,"twitter_title":null,"twitter_description":null,"schema":{"blockGraphs":[],"customGraphs":[],"default":{"data":{"Article":[],"Course":[],"Dataset":[],"FAQPage":[],"Movie":[],"Person":[],"Product":[],"ProductReview":[],"Car":[],"Recipe":[],"Service":[],"SoftwareApplication":[],"WebPage":[]},"graphName":"BlogPosting","isEnabled":true},"graphs":[]},"schema_type":"default","schema_type_options":null,"pillar_content":false,"robots_default":true,"robots_noindex":false,"robots_noarchive":false,"robots_nosnippet":false,"robots_nofollow":false,"robots_noimageindex":false,"robots_noodp":false,"robots_notranslate":false,"robots_max_snippet":"-1","robots_max_videopreview":"-1","robots_max_imagepreview":"large","priority":null,"frequency":"default","local_seo":null,"breadcrumb_settings":null,"limit_modified_date":false,"ai":null,"created":"2024-03-17 01:22:01","updated":"2025-06-04 10:28:34","seo_analyzer_scan_date":null,"focus_keyword":null,"additional_keywords":null,"truseo_locale":null},"aioseo_breadcrumb":"<div class=\"aioseo-breadcrumbs\"><span class=\"aioseo-breadcrumb\">\n\t\t\t<a href=\"https:\/\/wia.net.pl\" title=\"Home\">Home<\/a>\n\t\t<\/span><span class=\"aioseo-breadcrumb-separator\">&raquo;<\/span><span class=\"aioseo-breadcrumb\">\n\t\t\t<a href=\"https:\/\/wia.net.pl\/index.php\/category\/antropologia\/\" title=\"Antropologia\">Antropologia<\/a>\n\t\t<\/span><span class=\"aioseo-breadcrumb-separator\">&raquo;<\/span><span class=\"aioseo-breadcrumb\">\n\t\t\tPaul Wallis i Praveen Mohan \u2013 \u015awi\u0105tynie w Indiach Cz.1\/2\n\t\t<\/span><\/div>","aioseo_breadcrumb_json":[{"label":"Home","link":"https:\/\/wia.net.pl"},{"label":"Antropologia","link":"https:\/\/wia.net.pl\/index.php\/category\/antropologia\/"},{"label":"Paul Wallis i Praveen Mohan &#8211; \u015awi\u0105tynie w Indiach Cz.1\/2","link":"https:\/\/wia.net.pl\/index.php\/2024\/03\/17\/paul-wallis-i-praveen-mohan-swiatynie-w-indiach\/"}],"_links":{"self":[{"href":"https:\/\/wia.net.pl\/index.php\/wp-json\/wp\/v2\/posts\/7788"}],"collection":[{"href":"https:\/\/wia.net.pl\/index.php\/wp-json\/wp\/v2\/posts"}],"about":[{"href":"https:\/\/wia.net.pl\/index.php\/wp-json\/wp\/v2\/types\/post"}],"author":[{"embeddable":true,"href":"https:\/\/wia.net.pl\/index.php\/wp-json\/wp\/v2\/users\/3"}],"replies":[{"embeddable":true,"href":"https:\/\/wia.net.pl\/index.php\/wp-json\/wp\/v2\/comments?post=7788"}],"version-history":[{"count":3,"href":"https:\/\/wia.net.pl\/index.php\/wp-json\/wp\/v2\/posts\/7788\/revisions"}],"predecessor-version":[{"id":7939,"href":"https:\/\/wia.net.pl\/index.php\/wp-json\/wp\/v2\/posts\/7788\/revisions\/7939"}],"wp:featuredmedia":[{"embeddable":true,"href":"https:\/\/wia.net.pl\/index.php\/wp-json\/wp\/v2\/media\/7790"}],"wp:attachment":[{"href":"https:\/\/wia.net.pl\/index.php\/wp-json\/wp\/v2\/media?parent=7788"}],"wp:term":[{"taxonomy":"category","embeddable":true,"href":"https:\/\/wia.net.pl\/index.php\/wp-json\/wp\/v2\/categories?post=7788"},{"taxonomy":"post_tag","embeddable":true,"href":"https:\/\/wia.net.pl\/index.php\/wp-json\/wp\/v2\/tags?post=7788"}],"curies":[{"name":"wp","href":"https:\/\/api.w.org\/{rel}","templated":true}]}}