{"id":7801,"date":"2024-03-17T18:12:34","date_gmt":"2024-03-17T17:12:34","guid":{"rendered":"https:\/\/wia.net.pl\/?p=7801"},"modified":"2024-03-17T18:12:35","modified_gmt":"2024-03-17T17:12:35","slug":"atlantyda-i-trzecia-rzesza","status":"publish","type":"post","link":"https:\/\/wia.net.pl\/index.php\/2024\/03\/17\/atlantyda-i-trzecia-rzesza\/","title":{"rendered":"Atlantyda i Trzecia Rzesza"},"content":{"rendered":"<div class=\"wp-block-image\">\n<figure class=\"aligncenter size-full\"><img loading=\"lazy\" decoding=\"async\" width=\"320\" height=\"320\" src=\"https:\/\/wia.net.pl\/wp-content\/uploads\/2024\/03\/image-24.png\" alt=\"\" class=\"wp-image-7802\" srcset=\"https:\/\/wia.net.pl\/wp-content\/uploads\/2024\/03\/image-24.png 320w, https:\/\/wia.net.pl\/wp-content\/uploads\/2024\/03\/image-24-300x300.png 300w, https:\/\/wia.net.pl\/wp-content\/uploads\/2024\/03\/image-24-150x150.png 150w\" sizes=\"(max-width: 320px) 100vw, 320px\" \/><\/figure><\/div>\n\n<div class=\"wp-block-image\">\n<figure class=\"aligncenter size-full\"><img loading=\"lazy\" decoding=\"async\" width=\"640\" height=\"66\" src=\"https:\/\/wia.net.pl\/wp-content\/uploads\/2024\/03\/image-25.png\" alt=\"\" class=\"wp-image-7803\" srcset=\"https:\/\/wia.net.pl\/wp-content\/uploads\/2024\/03\/image-25.png 640w, https:\/\/wia.net.pl\/wp-content\/uploads\/2024\/03\/image-25-300x31.png 300w\" sizes=\"(max-width: 640px) 100vw, 640px\" \/><\/figure><\/div>\n\n<div class=\"wp-block-image\">\n<figure class=\"aligncenter size-full\"><img loading=\"lazy\" decoding=\"async\" width=\"400\" height=\"225\" src=\"https:\/\/wia.net.pl\/wp-content\/uploads\/2024\/03\/image-26.png\" alt=\"\" class=\"wp-image-7804\" srcset=\"https:\/\/wia.net.pl\/wp-content\/uploads\/2024\/03\/image-26.png 400w, https:\/\/wia.net.pl\/wp-content\/uploads\/2024\/03\/image-26-300x169.png 300w\" sizes=\"(max-width: 400px) 100vw, 400px\" \/><\/figure><\/div>\n\n\n<p class=\"has-text-align-center\"><em><strong>\u201eW g\u0142\u0119bi swojej pod\u015bwiadomo\u015bci ka\u017cdy Niemiec jedn\u0105 nog\u0105 jest na \u00abAtlantydzie\u00bb, gdzie szuka lepszej Ojczyzny i lepszego dziedzictwa\u201d.<\/strong><\/em><\/p>\n\n\n\n<p class=\"has-text-align-right\">Adolf Hitler<\/p>\n\n\n<div class=\"wp-block-image\">\n<figure class=\"alignleft size-full\"><img loading=\"lazy\" decoding=\"async\" width=\"133\" height=\"200\" src=\"https:\/\/wia.net.pl\/wp-content\/uploads\/2024\/03\/image-27.png\" alt=\"\" class=\"wp-image-7805\"\/><figcaption class=\"wp-element-caption\">Platon<\/figcaption><\/figure><\/div>\n\n<div class=\"wp-block-image\">\n<figure class=\"alignright size-full\"><img loading=\"lazy\" decoding=\"async\" width=\"200\" height=\"150\" src=\"https:\/\/wia.net.pl\/wp-content\/uploads\/2024\/03\/image-28.png\" alt=\"\" class=\"wp-image-7806\"\/><\/figure><\/div>\n\n\n<p>Historia Atlantydy przychodzi do nas z Timaeusa, dialogu sokratejskiego, napisanego oko\u0142o 360 roku p.n.e. przez Platona.&nbsp;Na tym spotkaniu s\u0105 cztery osoby, kt\u00f3re spotka\u0142y si\u0119 poprzedniego dnia, aby us\u0142ysze\u0107, jak Sokrates opisuje stan idealny.<\/p>\n\n\n\n<p>Sokrates chce, aby Timajos z Locri, Hermokrates i Kritias opowiedzieli mu historie o interakcjach Aten z innymi pa\u0144stwami.<\/p>\n\n\n\n<p>Pierwsza to Kritias, kt\u00f3ry opowiada o spotkaniu swojego dziadka z Solonem, jednym z Siedmiu M\u0119drc\u00f3w, ate\u0144skim poet\u0105 i s\u0142ynnym prawodawc\u0105.<\/p>\n\n\n\n<p>Solon by\u0142 w Egipcie, gdzie kap\u0142ani por\u00f3wnywali Egipt i Ateny i rozmawiali o bogach i legendach obu kraj\u00f3w.<\/p>\n\n\n\n<p>Jedna z takich egipskich historii dotyczy Atlantydy.<\/p>\n\n\n<div class=\"wp-block-image\">\n<figure class=\"alignright size-full\"><img loading=\"lazy\" decoding=\"async\" width=\"320\" height=\"180\" src=\"https:\/\/wia.net.pl\/wp-content\/uploads\/2024\/03\/image-29.png\" alt=\"\" class=\"wp-image-7807\" srcset=\"https:\/\/wia.net.pl\/wp-content\/uploads\/2024\/03\/image-29.png 320w, https:\/\/wia.net.pl\/wp-content\/uploads\/2024\/03\/image-29-300x169.png 300w\" sizes=\"(max-width: 320px) 100vw, 320px\" \/><figcaption class=\"wp-element-caption\">Atlantyda<\/figcaption><\/figure><\/div>\n\n\n<p><em>W naszej historii zapisano wiele wielkich i cudownych czyn\u00f3w zwi\u0105zanych z waszym stanem<\/em>&nbsp;.<em><\/em><\/p>\n\n\n\n<p><em>Ale jeden z nich przewy\u017csza wszystkich pozosta\u0142ych wielko\u015bci\u0105 i m\u0119stwem.<\/em><\/p>\n\n\n\n<p><em>Historie te bowiem opowiadaj\u0105 o pot\u0119\u017cnej pot\u0119dze, kt\u00f3ra niesprowokowana wyprawi\u0142a si\u0119 na ca\u0142\u0105 Europ\u0119 i Azj\u0119 i kt\u00f3rej wasze miasto po\u0142o\u017cy\u0142o kres.<\/em><\/p>\n\n\n\n<p><em>Moc ta wysz\u0142a z Oceanu Atlantyckiego, gdy\u017c w tamtych czasach Atlantyk by\u0142 \u017ceglowny;\u00a0a przed cie\u015bnin\u0105, zwan\u0105 przez was S\u0142upami Heraklesa, by\u0142a wyspa;\u00a0wyspa by\u0142a wi\u0119ksza ni\u017c Libia i Azja razem wzi\u0119te i stanowi\u0142a drog\u0119 na inne wyspy, z kt\u00f3rych mo\u017cna by\u0142o przej\u015b\u0107 na ca\u0142y przeciwleg\u0142y kontynent, kt\u00f3ry otacza\u0142 prawdziwy ocean;\u00a0gdy\u017c to morze, kt\u00f3re znajduje si\u0119 w Cie\u015bninie Heraklesa, jest tylko portem z w\u0105skim wej\u015bciem, ale to drugie jest prawdziwym morzem, a otaczaj\u0105cy go l\u0105d mo\u017cna najprawdziwiej nazwa\u0107 bezkresnym kontynentem.<\/em><\/p>\n\n\n\n<p><em>Na tej wyspie Atlantydy istnia\u0142o wielkie i cudowne imperium, kt\u00f3re panowa\u0142o nad ca\u0142\u0105 wysp\u0105 i kilkoma innymi oraz nad cz\u0119\u015bciami kontynentu, a ponadto ludzie Atlantydy podbili cz\u0119\u015bci Libii w obr\u0119bie kolumn Heraklesa a\u017c do Egiptu, a w Europie a\u017c do Tyrrenii.<\/em><\/p>\n\n\n\n<p><em>Ta ogromna si\u0142a, zebrana w jedn\u0105, pr\u00f3bowa\u0142a podbi\u0107 jednym ciosem nasz kraj, wasz i ca\u0142y region w cie\u015bninach;&nbsp;i wtedy, Solon, tw\u00f3j kraj zaja\u015bnia\u0142 w\u015br\u00f3d ca\u0142ej ludzko\u015bci w doskona\u0142o\u015bci swojej cnoty i si\u0142y.<\/em><\/p>\n\n\n\n<p><em>Wyr\u00f3\u017cnia\u0142a si\u0119 odwag\u0105 i umiej\u0119tno\u015bciami wojskowymi i by\u0142a przyw\u00f3dczyni\u0105 Hellen\u00f3w.<\/em><\/p>\n\n\n\n<p><em>A kiedy reszta odpad\u0142a od niej, zmuszona pozosta\u0107 samotnie, po przej\u015bciu skrajnego niebezpiecze\u0144stwa, pokona\u0142a i zatriumfowa\u0142a nad naje\u017ad\u017acami, zachowa\u0142a z niewoli tych, kt\u00f3rzy nie byli jeszcze podbici, i hojnie wyzwoli\u0142a ca\u0142\u0105 reszt\u0119 my, kt\u00f3rzy mieszkamy w filarach.&nbsp;Ale potem nast\u0105pi\u0142y gwa\u0142towne trz\u0119sienia ziemi i powodzie;&nbsp;i w ci\u0105gu jednego nieszcz\u0119snego dnia i nocy wszyscy twoi wojowniczy ludzie jednym cia\u0142em zapadli si\u0119 w ziemi\u0119, a wyspa Atlantyda w podobny spos\u00f3b znikn\u0119\u0142a w g\u0142\u0119binach morskich.<\/em><\/p>\n\n\n\n<p><em>Dlatego morze w tych stronach jest nieprzejezdne i nieprzeniknione, gdy\u017c na drodze znajduje si\u0119 mielizna b\u0142ota;\u00a0a by\u0142o to spowodowane osiadaniem wyspy<\/em>\u00a0.<\/p>\n\n\n<div class=\"wp-block-image\">\n<figure class=\"alignright size-full\"><img loading=\"lazy\" decoding=\"async\" width=\"320\" height=\"180\" src=\"https:\/\/wia.net.pl\/wp-content\/uploads\/2024\/03\/image-30.png\" alt=\"\" class=\"wp-image-7808\" srcset=\"https:\/\/wia.net.pl\/wp-content\/uploads\/2024\/03\/image-30.png 320w, https:\/\/wia.net.pl\/wp-content\/uploads\/2024\/03\/image-30-300x169.png 300w\" sizes=\"(max-width: 320px) 100vw, 320px\" \/><figcaption class=\"wp-element-caption\">Hieroglify Egipskie<\/figcaption><\/figure><\/div>\n\n\n<p>Uczeni spieraj\u0105 si\u0119, czy i w jakim stopniu historia lub relacja Platona by\u0142a inspirowana starszymi tradycjami.<\/p>\n\n\n\n<p>W \u201eKritiasie\u201d Platon twierdzi, \u017ce jego relacje o staro\u017cytnych Atenach i Atlantydzie wywodz\u0105 si\u0119 z wizyty w Egipcie legendarnego ate\u0144skiego prawodawcy Solona w VI wieku p.n.e.<\/p>\n\n\n\n<p>W Egipcie Solon spotka\u0142 kap\u0142ana Saisa, kt\u00f3ry przet\u0142umaczy\u0142 na j\u0119zyk grecki histori\u0119 staro\u017cytnych Aten i Atlantydy zapisan\u0105 na papirusach egipskimi hieroglifami.<\/p>\n\n\n\n<p>\u201eTimaeus\u201d rozpoczyna si\u0119 wprowadzeniem, po kt\u00f3rym nast\u0119puje opis stworzenia i struktury wszech\u015bwiata oraz staro\u017cytnych cywilizacji.<\/p>\n\n\n\n<p>We wst\u0119pie Sokrates rozmy\u015bla o spo\u0142ecze\u0144stwie doskona\u0142ym, opisanym w Pa\u0144stwie Platona (ok. 380 p.n.e.) i zastanawia si\u0119, czy on i jego go\u015bcie nie pami\u0119taj\u0105 historii, kt\u00f3ra jest przyk\u0142adem takiego spo\u0142ecze\u0144stwa.<\/p>\n\n\n\n<p>Kritias wspomina rzekomo historyczn\u0105 opowie\u015b\u0107, kt\u00f3ra stanowi doskona\u0142y przyk\u0142ad, a nast\u0119pnie opisuje Atlantyd\u0119 zgodnie z zapisami Kritiasa.<\/p>\n\n\n\n<p>Wed\u0142ug jego relacji staro\u017cytne Ateny wydaj\u0105 si\u0119 reprezentowa\u0107 \u201edoskona\u0142e spo\u0142ecze\u0144stwo\u201d, a Atlantyda \u2013 jego przeciwnika, stanowi\u0105c przeciwie\u0144stwo \u201edoskona\u0142ych\u201d cech opisanych w Republice.<\/p>\n\n\n\n<p class=\"has-text-align-center has-medium-font-size\"><strong>Krytyka<\/strong><\/p>\n\n\n<div class=\"wp-block-image\">\n<figure class=\"alignleft size-full\"><img loading=\"lazy\" decoding=\"async\" width=\"320\" height=\"192\" src=\"https:\/\/wia.net.pl\/wp-content\/uploads\/2024\/03\/image-31.png\" alt=\"\" class=\"wp-image-7809\" srcset=\"https:\/\/wia.net.pl\/wp-content\/uploads\/2024\/03\/image-31.png 320w, https:\/\/wia.net.pl\/wp-content\/uploads\/2024\/03\/image-31-300x180.png 300w\" sizes=\"(max-width: 320px) 100vw, 320px\" \/><\/figure><\/div>\n\n\n<p>Wed\u0142ug Kritiasza staro\u017cytni helle\u0144scy bogowie podzielili ziemi\u0119 tak, aby ka\u017cdy b\u00f3g m\u00f3g\u0142 posiada\u0107 du\u017co;&nbsp;<\/p>\n\n\n\n<p>Posejdon s\u0142usznie i wed\u0142ug w\u0142asnego uznania przekaza\u0142 w spadku wysp\u0119 Atlantyd\u0119.<\/p>\n\n\n\n<p>Wyspa by\u0142a wi\u0119ksza ni\u017c staro\u017cytna Libia i Azja Mniejsza razem wzi\u0119te, ale p\u00f3\u017aniej zosta\u0142a zatopiona przez trz\u0119sienie ziemi i sta\u0142a si\u0119 nieprzejezdn\u0105 mielizn\u0105 b\u0142otn\u0105, utrudniaj\u0105c\u0105 podr\u00f3\u017c do jakiejkolwiek cz\u0119\u015bci oceanu.<\/p>\n\n\n\n<p>Egipcjanie, jak twierdzi\u0142 Platon, opisali Atlantyd\u0119 jako wysp\u0119 sk\u0142adaj\u0105c\u0105 si\u0119 g\u0142\u00f3wnie z g\u00f3r w p\u00f3\u0142nocnej cz\u0119\u015bci i wzd\u0142u\u017c wybrze\u017ca, a obejmuj\u0105c\u0105 wielk\u0105 r\u00f3wnin\u0119 o pod\u0142u\u017cnym kszta\u0142cie na po\u0142udniu \u201erozci\u0105gaj\u0105c\u0105 si\u0119 w jednym kierunku przez trzy tysi\u0105ce stadion\u00f3w [oko\u0142o 555 km; 345 mil ], ale w g\u0142\u0119bi l\u0105du by\u0142o dwa tysi\u0105ce stadion\u00f3w [oko\u0142o 370 km; 230 mil]\u201d.<\/p>\n\n\n<div class=\"wp-block-image\">\n<figure class=\"alignright size-full\"><img loading=\"lazy\" decoding=\"async\" width=\"320\" height=\"240\" src=\"https:\/\/wia.net.pl\/wp-content\/uploads\/2024\/03\/image-32.png\" alt=\"\" class=\"wp-image-7810\" srcset=\"https:\/\/wia.net.pl\/wp-content\/uploads\/2024\/03\/image-32.png 320w, https:\/\/wia.net.pl\/wp-content\/uploads\/2024\/03\/image-32-300x225.png 300w\" sizes=\"(max-width: 320px) 100vw, 320px\" \/><figcaption class=\"wp-element-caption\">Posejdon<\/figcaption><\/figure><\/div>\n\n\n<p>Pi\u0119\u0107dziesi\u0105t stadion\u00f3w [9 km;\u00a06 mil] od wybrze\u017ca znajdowa\u0142a si\u0119 g\u00f3ra, kt\u00f3ra by\u0142a niska ze wszystkich stron\u2026 odrywa\u0142a j\u0105 dooko\u0142a\u2026 sama \u015brodkowa wyspa mia\u0142a pi\u0119\u0107 stadi\u00f3w \u015brednicy [oko\u0142o 0,92 km;\u00a00,57 mil].<\/p>\n\n\n\n<p>W micie Platona Posejdon zakocha\u0142 si\u0119 w Cleito, c\u00f3rce Evenora i Leucippe, kt\u00f3ra urodzi\u0142a mu pi\u0119\u0107 par bli\u017aniak\u00f3w p\u0142ci m\u0119skiej.<\/p>\n\n\n\n<p>Najstarszy z nich, Atlas, zosta\u0142 prawowitym kr\u00f3lem ca\u0142ej wyspy i oceanu (zwanego na jego cze\u015b\u0107 Oceanem Atlantyckim), a jego lennem zosta\u0142a g\u00f3ra, w kt\u00f3rej si\u0119 urodzi\u0142, oraz okolice.Bli\u017aniaczy Atlas, Gadeirus, czyli po grecku Eumelus, otrzyma\u0142 kra\u0144ce wyspy w kierunku s\u0142up\u00f3w Herkulesa.<\/p>\n\n\n\n<p>Pozosta\u0142e cztery pary bli\u017aniak\u00f3w \u2013 Amferes i Ewaemon, Mnezeusz i Autochton, Elasippus i Mestor oraz Azaes i Diaprepes \u2013 r\u00f3wnie\u017c otrzyma\u0142y \u201e&nbsp;<em>w\u0142adz\u0119 nad wieloma lud\u017ami i du\u017cym terytorium<\/em>&nbsp;\u201d.<\/p>\n\n\n\n<p>Posejdon wyrze\u017abi\u0142 g\u00f3r\u0119, na kt\u00f3rej mieszka\u0142a jego ukochana, w pa\u0142ac i otoczy\u0142 j\u0105 trzema okr\u0105g\u0142ymi fosami o rosn\u0105cej szeroko\u015bci, od jednego do trzech stadion\u00f3w i oddzielonymi pier\u015bcieniami ziemi o proporcjonalnych rozmiarach.<\/p>\n\n\n\n<p>Nast\u0119pnie Atlantydzi zbudowali mosty na p\u00f3\u0142noc od g\u00f3ry, tworz\u0105c drog\u0119 do reszty wyspy.<\/p>\n\n\n\n<p>Wykopali wielki kana\u0142 do morza, a wzd\u0142u\u017c most\u00f3w wykuli tunele w pier\u015bcieniach skalnych, aby statki mog\u0142y przep\u0142ywa\u0107 do miasta wok\u00f3\u0142 g\u00f3ry;\u00a0wyrze\u017abili doki ze skalnych \u015bcian fos.\u00a0Ka\u017cde przej\u015bcie do miasta by\u0142o strze\u017cone przez bramy i wie\u017ce, a mur otacza\u0142 ka\u017cdy z pier\u015bcieni miasta.\u00a0\u015aciany zbudowano z czerwonej, bia\u0142ej i czarnej ska\u0142y wydobywanej z fos i pokryto odpowiednio mosi\u0105dzem, cyn\u0105 i szlachetnym metalem\u00a0<em>orichalcum<\/em>\u00a0.<\/p>\n\n\n\n<p>Orichalcum to metal wspomniany w kilku staro\u017cytnych pismach, w szczeg\u00f3lno\u015bci w historii Atlantydy opisanej w dialogu Critias, zapisanym przez Platona.&nbsp;Wed\u0142ug Kritiasa orichalcum uchodzi\u0142o za drugie po z\u0142ocie pod wzgl\u0119dem warto\u015bci i by\u0142o znajdowane i wydobywane w wielu cz\u0119\u015bciach Atlantydy w czasach staro\u017cytnych.&nbsp;Jednak w czasach Kritiasa by\u0142 znany tylko z nazwy.<\/p>\n\n\n\n<p>Nazwa wywodzi si\u0119 od greckiego \u1f40\u03c1\u03b5\u03af\u03c7\u03b1\u03bb\u03ba\u03bf\u03c2, oreikhalkos (od \u1f44\u03c1\u03bf\u03c2, oros, g\u00f3ra i \u03c7\u03b1\u03bb\u03ba\u03cc\u03c2, chalkos, mied\u017a lub br\u0105z), oznaczaj\u0105cego \u201eg\u00f3rsk\u0105 mied\u017a\u201d lub \u201eg\u00f3rski metal\u201d.<\/p>\n\n\n\n<p>Rzymianie transliterowali \u201eorichalcum\u201d jako \u201eaurichalcum\u201d, co, jak s\u0105dzono, dos\u0142ownie oznacza\u0142o \u201ez\u0142ot\u0105 mied\u017a\u201d.&nbsp;Z pism Cycerona wiadomo, \u017ce metal, kt\u00f3ry nazywali orichalcum, cho\u0107 przypomina\u0142 kolorem z\u0142oto, mia\u0142 znacznie ni\u017csz\u0105 warto\u015b\u0107.<\/p>\n\n\n<div class=\"wp-block-image\">\n<figure class=\"alignleft size-full\"><img loading=\"lazy\" decoding=\"async\" width=\"320\" height=\"320\" src=\"https:\/\/wia.net.pl\/wp-content\/uploads\/2024\/03\/image-33.png\" alt=\"\" class=\"wp-image-7811\" srcset=\"https:\/\/wia.net.pl\/wp-content\/uploads\/2024\/03\/image-33.png 320w, https:\/\/wia.net.pl\/wp-content\/uploads\/2024\/03\/image-33-300x300.png 300w, https:\/\/wia.net.pl\/wp-content\/uploads\/2024\/03\/image-33-150x150.png 150w\" sizes=\"(max-width: 320px) 100vw, 320px\" \/><figcaption class=\"wp-element-caption\">Mury Atlantydy<\/figcaption><\/figure><\/div>\n\n\n<p>Orichalcum by\u0142 r\u00f3\u017cnie uznawany za stop z\u0142ota i miedzi, mosi\u0105dz miedziowo-cynowy lub miedziano-cynkowy lub metal ju\u017c nie znany.&nbsp;Tumbaga ze stopu andyjskiego pasuje do tego samego opisu, poniewa\u017c jest stopem z\u0142ota i miedzi.&nbsp;Jednak w Eneidzie Wergiliusza wspomniano, \u017ce napier\u015bnik Turnusa by\u0142 \u201esztywny od z\u0142ota i bia\u0142ego orachalku\u201d i wysuni\u0119to teori\u0119, \u017ce jest to stop z\u0142ota i srebra, chocia\u017c nie wiadomo na pewno, czym by\u0142 orichalcum.<\/p>\n\n\n\n<p>Wed\u0142ug Kritiasa Platona trzy zewn\u0119trzne \u015bciany \u015awi\u0105tyni Posejdona i Kleito na Atlantydzie by\u0142y pokryte odpowiednio mosi\u0105dzem, cyn\u0105, a trzecia, kt\u00f3ra obejmowa\u0142a ca\u0142\u0105 cytadel\u0119, \u201eb\u0142ysn\u0119\u0142a czerwonym \u015bwiat\u0142em orichalcum\u201d.\u00a0<\/p>\n\n\n\n<p>Wewn\u0119trzne \u015bciany, filary i pod\u0142ogi \u015bwi\u0105tyni zosta\u0142y ca\u0142kowicie pokryte orichalcu, a dach by\u0142 barwny z\u0142otem, srebrem i orichalcu.\u00a0Po\u015brodku \u015bwi\u0105tyni sta\u0142 s\u0142up z orichalcum, na kt\u00f3rym wypisano prawa Posejdona i zapisy pierwszych ksi\u0105\u017c\u0105t po Posejdonie.\u00a0(Kryt. 116\u2013119)<br>Wed\u0142ug Kritiasa 9000 lat przed jego \u017cyciem mia\u0142a miejsce wojna mi\u0119dzy tymi, kt\u00f3rzy znajdowali si\u0119 poza S\u0142upami Herkulesa w Cie\u015bninie Gibraltarskiej, a tymi, kt\u00f3rzy w nich mieszkali.<\/p>\n\n\n<div class=\"wp-block-image\">\n<figure class=\"alignright size-full\"><img loading=\"lazy\" decoding=\"async\" width=\"320\" height=\"162\" src=\"https:\/\/wia.net.pl\/wp-content\/uploads\/2024\/03\/image-34.png\" alt=\"\" class=\"wp-image-7812\" srcset=\"https:\/\/wia.net.pl\/wp-content\/uploads\/2024\/03\/image-34.png 320w, https:\/\/wia.net.pl\/wp-content\/uploads\/2024\/03\/image-34-300x152.png 300w\" sizes=\"(max-width: 320px) 100vw, 320px\" \/><figcaption class=\"wp-element-caption\">Atlantyda zatopiona<\/figcaption><\/figure><\/div>\n\n\n<p><em>Atlantydzi podbili cz\u0119\u015bci Libii w obr\u0119bie S\u0142up\u00f3w Herkulesa a\u017c do Egiptu i kontynentu europejskiego a\u017c po Tyrreni\u0119 i poddali jej lud w niewol\u0119.<\/em><\/p>\n\n\n\n<p><br><em>Ate\u0144czycy przewodzili sojuszowi rezystor\u00f3w przeciwko imperium atlantydzkiemu, a gdy sojusz si\u0119 rozpad\u0142, samotnie zwyci\u0119\u017cyli nad imperium, wyzwalaj\u0105c okupowane ziemie.<\/em><br><em>Ale p\u00f3\u017aniej nast\u0105pi\u0142y straszne trz\u0119sienia ziemi i powodzie, i przydarzy\u0142 im si\u0119 jeden straszny dzie\u0144 i noc, gdy ca\u0142e wojsko twoich wojownik\u00f3w zosta\u0142o poch\u0142oni\u0119te przez ziemi\u0119, a wyspa Atlantyda w podobny spos\u00f3b zosta\u0142a poch\u0142oni\u0119ta przez morze i znikn\u0105\u0142;\u00a0dlatego te\u017c ocean w tym miejscu sta\u0142 si\u0119 teraz nieprzejezdny i niezbadany, zablokowany przez mielizn\u0119 b\u0142otn\u0105, kt\u00f3r\u0105 utworzy\u0142a wyspa podczas osiadania.<\/em><br><\/p>\n\n\n\n<p>Logograf Hellanicus z Lesbos napisa\u0142 wcze\u015bniejsze dzie\u0142o zatytu\u0142owane Atlantyda, z kt\u00f3rego zachowa\u0142o si\u0119 tylko kilka fragment\u00f3w.<br><\/p>\n\n\n\n<p>Wydaje si\u0119, \u017ce dzie\u0142o Hellanicusa mia\u0142o charakter genealogiczny i dotyczy\u0142o c\u00f3rek Atlasa (\u1f08\u03c4\u03bb\u03b1\u03bd\u03c4\u1f76\u03c2 po grecku oznacza \u201eAtlas\u201d), ale niekt\u00f3rzy autorzy sugerowali mo\u017cliwy zwi\u0105zek z wysp\u0105 Platona.<\/p>\n\n\n\n<p class=\"has-text-align-center has-medium-font-size\"><strong>Interpretacje<\/strong><\/p>\n\n\n<div class=\"wp-block-image\">\n<figure class=\"alignleft size-full\"><img loading=\"lazy\" decoding=\"async\" width=\"320\" height=\"197\" src=\"https:\/\/wia.net.pl\/wp-content\/uploads\/2024\/03\/image-35.png\" alt=\"\" class=\"wp-image-7813\" srcset=\"https:\/\/wia.net.pl\/wp-content\/uploads\/2024\/03\/image-35.png 320w, https:\/\/wia.net.pl\/wp-content\/uploads\/2024\/03\/image-35-300x185.png 300w\" sizes=\"(max-width: 320px) 100vw, 320px\" \/><\/figure><\/div>\n\n\n<p>Niekt\u00f3rzy staro\u017cytni pisarze uwa\u017cali Atlantyd\u0119 za fikcj\u0119, inni wierzyli, \u017ce by\u0142a ona prawdziwa.<br>Filozof Crantor, ucze\u0144 Platona, Ksenokratesa, jest cz\u0119sto cytowany jako przyk\u0142ad pisarza, kt\u00f3ry uwa\u017ca\u0142 t\u0119 histori\u0119 za fakt historyczny.<\/p>\n\n\n\n<p><br>Jego dzie\u0142o, komentarz do Timaeusa Platona, zagin\u0119\u0142o, ale donosi o nim Proclus, neoplatonik z V wieku naszej ery.<br>We wsp\u00f3\u0142czesnej literaturze ten fragment jest przedstawiany albo jako stwierdzaj\u0105cy, \u017ce Krantor rzeczywi\u015bcie odwiedzi\u0142 Egipt, odby\u0142 rozmowy z kap\u0142anami i widzia\u0142 hieroglify potwierdzaj\u0105ce t\u0119 histori\u0119, albo jako twierdz\u0105cy, \u017ce dowiedzia\u0142 si\u0119 o nich od innych odwiedzaj\u0105cych Egipt.<\/p>\n\n\n\n<p>Proklos napisa\u0142:<\/p>\n\n\n\n<p><br><em>Je\u015bli chodzi o ca\u0142o\u015b\u0107 tej relacji o Atlantydach, niekt\u00f3rzy twierdz\u0105, \u017ce jest to pozbawiona ozd\u00f3b historia, jak na przyk\u0142ad Krantor, pierwszy komentator Platona.\u00a0Crantor m\u00f3wi tak\u017ce, \u017ce wsp\u00f3\u0142cze\u015bni Platonowi zwykli go \u017cartowa\u0107 krytykowa\u0107 za to, \u017ce nie by\u0142 wynalazc\u0105 swojej Republiki, ale kopiowa\u0142 instytucje Egipcjan.\u00a0Platon traktowa\u0142 tych krytyk\u00f3w na tyle powa\u017cnie, \u017ce przypisa\u0142 Egipcjanom t\u0119 histori\u0119 o Ate\u0144czykach i Atlantydach, aby przekona\u0107 ich, \u017ce Ate\u0144czycy naprawd\u0119 kiedy\u015b \u017cyli wed\u0142ug tego systemu.\u00a0<\/em><\/p>\n\n\n\n<p>Fragment komentarza Proklusa do Timaeusa zawiera opis geografii Atlantydy:\u00a0<\/p>\n\n\n\n<p><em>To, \u017ce istnia\u0142a kiedy\u015b wyspa o takim charakterze i wielko\u015bci, jest oczywiste z tego, co m\u00f3wi\u0105 niekt\u00f3rzy autorzy, kt\u00f3rzy badali rzeczy wok\u00f3\u0142 morza zewn\u0119trznego.\u00a0Wed\u0142ug nich w ich czasach by\u0142o siedem wysp na tym morzu, po\u015bwi\u0119conych Persefonie, a tak\u017ce trzy inne o ogromnych rozmiarach, z kt\u00f3rych jedna by\u0142a po\u015bwi\u0119cona Hadesowi, druga Ammonowi, a trzecia mi\u0119dzy nimi Posejdonowi, w stopniu z czego by\u0142o tysi\u0105c stadion\u00f3w [200 km];\u00a0a jej mieszka\u0144cy \u2013 dodaj\u0105 \u2013 przechowali przed przodkami pami\u0119\u0107 o niezwykle du\u017cej wyspie Atlantydzie, kt\u00f3ra istnia\u0142a tam naprawd\u0119 i kt\u00f3ra przez wiele wiek\u00f3w panowa\u0142a nad wszystkimi wyspami na Morzu Atlantyckim, a kt\u00f3ra sama w sobie by\u0142a r\u00f3wnie\u017c \u015bwi\u0119ta do Posejdona.\u00a0Oto rzeczy, kt\u00f3re Marcellus napisa\u0142 w swojej Aethiopice<\/em>\u00a0. \u201d\u00a0Ignatius Donnelly<\/p>\n\n\n<div class=\"wp-block-image\">\n<figure class=\"alignleft size-full\"><img loading=\"lazy\" decoding=\"async\" width=\"165\" height=\"200\" src=\"https:\/\/wia.net.pl\/wp-content\/uploads\/2024\/03\/image-36.png\" alt=\"\" class=\"wp-image-7814\"\/><figcaption class=\"wp-element-caption\">Ignatius L. Donnelly<\/figcaption><\/figure><\/div>\n\n<div class=\"wp-block-image\">\n<figure class=\"alignright size-full\"><img loading=\"lazy\" decoding=\"async\" width=\"320\" height=\"187\" src=\"https:\/\/wia.net.pl\/wp-content\/uploads\/2024\/03\/image-37.png\" alt=\"\" class=\"wp-image-7815\" srcset=\"https:\/\/wia.net.pl\/wp-content\/uploads\/2024\/03\/image-37.png 320w, https:\/\/wia.net.pl\/wp-content\/uploads\/2024\/03\/image-37-300x175.png 300w\" sizes=\"(max-width: 320px) 100vw, 320px\" \/><figcaption class=\"wp-element-caption\">Atlantyda zatopiona<\/figcaption><\/figure><\/div>\n\n\n<p>Publikacja \u201eAtlantis: the Antediluvian World\u201d z 1882 r. autorstwa Ignatiusa L. Donnelly&#8217;ego wywo\u0142a\u0142a du\u017ce zainteresowanie Atlantyd\u0105.<\/p>\n\n\n\n<p>Inspirowa\u0142y go wczesne prace Maj\u00f3w i podobnie jak one pr\u00f3bowa\u0142y ustali\u0107, \u017ce wszystkie znane staro\u017cytne cywilizacje wywodz\u0105 si\u0119 z Atlantydy, kt\u00f3r\u0105 uwa\u017ca\u0142 za wyrafinowan\u0105 technologicznie i bardziej zaawansowan\u0105 kultur\u0119.<\/p>\n\n\n\n<p>Donnelly zauwa\u017cy\u0142 podobie\u0144stwa mi\u0119dzy historiami o stworzeniu w Starym i Nowym \u015awiecie, przypisuj\u0105c powi\u0105zania z Atlantyd\u0105, gdzie wed\u0142ug niego istnia\u0142 biblijny ogr\u00f3d Eden.<\/p>\n\n\n\n<p>Jak sugeruje tytu\u0142 swojej ksi\u0105\u017cki, wierzy\u0142 tak\u017ce, \u017ce Atlantyda zosta\u0142a zniszczona przez Wielki Potop, o kt\u00f3rym mowa w Biblii.<\/p>\n\n\n\n<p>Donnelly jest uznawany za \u201eojca XIX-wiecznego odrodzenia Atlantydy\u201d i dzi\u0119ki niemu mit ten przetrwa\u0142 do dzi\u015b.<\/p>\n\n\n\n<p>Nieumy\u015blnie promowa\u0142 alternatywn\u0105 metod\u0119 bada\u0144 historii i nauki oraz pogl\u0105d, \u017ce mity zawieraj\u0105 ukryte informacje, kt\u00f3re otwieraj\u0105 je na \u201egenialn\u0105\u201d interpretacj\u0119 przez ludzi, kt\u00f3rzy wierz\u0105, \u017ce maj\u0105 nowy lub szczeg\u00f3lny wgl\u0105d.<\/p>\n\n\n\n<p>Antlantyda i ludowa filizofia<\/p>\n\n\n<div class=\"wp-block-image\">\n<figure class=\"alignleft size-full\"><img loading=\"lazy\" decoding=\"async\" width=\"248\" height=\"290\" src=\"https:\/\/wia.net.pl\/wp-content\/uploads\/2024\/03\/image-38.png\" alt=\"\" class=\"wp-image-7816\"\/><figcaption class=\"wp-element-caption\">Pani Helena B\u0142awatska<\/figcaption><\/figure><\/div>\n\n\n<p>Teorie atlantydzkie zosta\u0142y opracowane przez dziewi\u0119tnastowieczn\u0105 mistyczk\u0119 Madame Helen\u0119 Blavatsky i pod wp\u0142ywem teozofii, kt\u00f3rej by\u0142a wsp\u00f3\u0142za\u0142o\u017cycielk\u0105, dotar\u0142y ostatecznie do nazistowskich intelektualist\u00f3w.&nbsp;Teozofia by\u0142a ezoterycznym ruchem filozoficznym i religijnym, kt\u00f3ry jako konglomerat r\u00f3\u017cnych wierze\u0144 okultystycznych i tradycji mistycznych zapo\u017cyczonych z ca\u0142ego \u015bwiata pozosta\u0142 w du\u017cej mierze nieokre\u015blony.<\/p>\n\n\n\n<p>Mo\u017cliwo\u015b\u0107 r\u00f3\u017cnorodnych interpretacji, jakie to umo\u017cliwi\u0142o, oraz wywy\u017cszenie rasy aryjskiej sprawi\u0142y, \u017ce teozofia sta\u0142a si\u0119 szczeg\u00f3lnie atrakcyjna dla wczesnych niemieckich nacjonalist\u00f3w.<\/p>\n\n\n<div class=\"wp-block-image\">\n<figure class=\"alignright size-full\"><img loading=\"lazy\" decoding=\"async\" width=\"144\" height=\"200\" src=\"https:\/\/wia.net.pl\/wp-content\/uploads\/2024\/03\/image-39.png\" alt=\"\" class=\"wp-image-7817\"\/><figcaption class=\"wp-element-caption\">Alfred Rosenburg<\/figcaption><\/figure><\/div>\n\n\n<p>Jednym z uczni\u00f3w teozofii by\u0142 Alfred Rosenburg, kt\u00f3ry w swojej ksi\u0105\u017cce \u201eMit XX wieku\u201d (1930) argumentowa\u0142, \u017ce mieszka\u0144cy Atlantydy byli Aryjczykami i rozprzestrzenili si\u0119 po wi\u0119kszo\u015bci cywilizowanego \u015bwiata.<\/p>\n\n\n\n<p>Teozofia sta\u0142a si\u0119 popularna w Niemczech po 1933 r., kiedy nowa administracja III Rzeszy zach\u0119ca\u0142a obywateli do odrzucenia chrze\u015bcija\u0144stwa z jego znacz\u0105cymi wp\u0142ywami \u017cydowskimi i znalezienia alternatywnego systemu religijnego.<\/p>\n\n\n\n<p>Sama B\u0142awatska, cho\u0107 mia\u0142a rosyjskie korzenie, ro\u015bci\u0142a sobie pretensje do niemieckiej krwi ze strony ojca, kt\u00f3rzy byli potomkami Hahn\u00f3w \u2013 znanych niemieckich hrabi\u00f3w i hrabiny.<\/p>\n\n\n\n<p>W swojej prze\u0142omowej ksi\u0105\u017cce \u201eThe Secret Doctrine\u201d, opublikowanej w 1888 roku z tybeta\u0144skim symbolem swastyki na ok\u0142adce, B\u0142awatska og\u0142osi\u0142a, \u017ce \u200b\u200bmieszka\u0144cy Atlantydy byli czwart\u0105 ras\u0105 podstawow\u0105 w serii etap\u00f3w ewolucyjnych, kt\u00f3rej nast\u0119pc\u0105 zostali Aryjczycy.<\/p>\n\n\n<div class=\"wp-block-image\">\n<figure class=\"alignleft size-full\"><img loading=\"lazy\" decoding=\"async\" width=\"320\" height=\"202\" src=\"https:\/\/wia.net.pl\/wp-content\/uploads\/2024\/03\/image-40.png\" alt=\"\" class=\"wp-image-7818\" srcset=\"https:\/\/wia.net.pl\/wp-content\/uploads\/2024\/03\/image-40.png 320w, https:\/\/wia.net.pl\/wp-content\/uploads\/2024\/03\/image-40-300x189.png 300w\" sizes=\"(max-width: 320px) 100vw, 320px\" \/><figcaption class=\"wp-element-caption\">Madame Blavatsky i pu\u0142kownik Olcott<\/figcaption><\/figure><\/div>\n\n\n<p>Blavatska i jej partner Henry Steel Olcott za\u0142o\u017cyli Towarzystwo Teozoficzne w latach siedemdziesi\u0105tych XIX wieku, kieruj\u0105c si\u0119 filozofi\u0105 \u0142\u0105cz\u0105c\u0105 zachodni romantyzm ze wschodnimi koncepcjami religijnymi.\u00a0B\u0142awatska i jej zwolennicy z tej grupy s\u0105 cz\u0119sto wymieniani jako za\u0142o\u017cyciele New Age i innych ruch\u00f3w duchowych.<br><\/p>\n\n\n\n<p>B\u0142awatska nawi\u0105za\u0142a do interpretacji Donnelly&#8217;ego, pisz\u0105c \u201eTajn\u0105 doktryn\u0119\u201d (1888), kt\u00f3ra, jej zdaniem, zosta\u0142a pierwotnie podyktowana w samej Atlantydzie.<br><\/p>\n\n\n\n<p>Utrzymywa\u0142a, \u017ce \u200b\u200bAtlantydzi byli bohaterami kulturowymi (w przeciwie\u0144stwie do Platona, kt\u00f3ry okre\u015bla ich g\u0142\u00f3wnie jako zagro\u017cenie militarne).<br><\/p>\n\n\n\n<p>Wierzy\u0142a w form\u0119 \u201eewolucji rasowej\u201d (w przeciwie\u0144stwie do \u201eewolucji naczelnych\u201d), w kt\u00f3rej Atlantydzi byli czwart\u0105 \u201eras\u0105 korzeni\u201d, po kt\u00f3rej nast\u0105pi\u0142a pi\u0105ta i najwy\u017csza \u201erasa aryjska\u201d (jej w\u0142asna rasa).<br><\/p>\n\n\n\n<p>Teozofowie wierzyli, \u017ce cywilizacja Atlantydy osi\u0105gn\u0119\u0142a sw\u00f3j szczyt mi\u0119dzy 1 000 000 a 900 000 lat temu, ale uleg\u0142a zniszczeniu w wyniku wewn\u0119trznych wojen wywo\u0142anych niebezpiecznym u\u017cywaniem przez mieszka\u0144c\u00f3w mocy psychicznych i nadprzyrodzonych.<\/p>\n\n\n\n<p>Rudolf Steiner, za\u0142o\u017cyciel antropozofii, wraz z innymi znanymi teozofami, takimi jak Annie Besant, r\u00f3wnie\u017c pisali o ewolucji kulturowej w podobnym tonie.<\/p>\n\n\n<div class=\"wp-block-image\">\n<figure class=\"alignleft size-full\"><img loading=\"lazy\" decoding=\"async\" width=\"320\" height=\"179\" src=\"https:\/\/wia.net.pl\/wp-content\/uploads\/2024\/03\/image-41.png\" alt=\"\" class=\"wp-image-7819\" srcset=\"https:\/\/wia.net.pl\/wp-content\/uploads\/2024\/03\/image-41.png 320w, https:\/\/wia.net.pl\/wp-content\/uploads\/2024\/03\/image-41-300x168.png 300w\" sizes=\"(max-width: 320px) 100vw, 320px\" \/><figcaption class=\"wp-element-caption\">Shambalah<\/figcaption><\/figure><\/div>\n\n<div class=\"wp-block-image\">\n<figure class=\"alignright size-full\"><img loading=\"lazy\" decoding=\"async\" width=\"149\" height=\"200\" src=\"https:\/\/wia.net.pl\/wp-content\/uploads\/2024\/03\/image-42.png\" alt=\"\" class=\"wp-image-7820\"\/><figcaption class=\"wp-element-caption\">Rudolph Steiner<\/figcaption><\/figure><\/div>\n\n\n<p>Od tego momentu kontynuowa\u0142a tam, gdzie Platon przerwa\u0142, opisuj\u0105c, jak elitarne kap\u0142a\u0144stwo uciek\u0142o z zanurzenia i schroni\u0142o si\u0119 na pustyni Gobi w Mongolii, zanim osiedli\u0142o si\u0119 w Szambali, po\u0142o\u017conej w Himalajach.<\/p>\n\n\n\n<p>Aryjczycy, nowa rasa w Azji P\u00f3\u0142nocnej, odziedziczyli m\u0105dro\u015b\u0107 ocala\u0142ych Atlantyd\u00f3w i rozprzestrzenili si\u0119 na po\u0142udniowy zach\u00f3d, przynosz\u0105c ze sob\u0105 t\u0119 m\u0105dro\u015b\u0107.<br>B\u0142awatsk\u0105 zainspirowa\u0142y tak\u017ce prace XVIII-wiecznego astronoma Jeana-Sylvaina Bailly&#8217;ego, kt\u00f3ry \u201ezorientowa\u0142\u201d mit Atlantydy na swoim mitycznym kontynencie \u201eHyperborea\u201d, nawi\u0105zuj\u0105c do mit\u00f3w greckich przedstawiaj\u0105cych region p\u00f3\u0142nocnoeuropejski o tej samej nazwie , domem dla gigantycznej, boskiej rasy.<\/p>\n\n\n<div class=\"wp-block-image\">\n<figure class=\"alignright size-full\"><img loading=\"lazy\" decoding=\"async\" width=\"150\" height=\"200\" src=\"https:\/\/wia.net.pl\/wp-content\/uploads\/2024\/03\/image-43.png\" alt=\"\" class=\"wp-image-7821\"\/><figcaption class=\"wp-element-caption\">Juliusz Evola<\/figcaption><\/figure><\/div>\n\n\n<p><br>Przekszta\u0142cenie tej teorii w \u201eTajnej doktrynie\u201d dostarczy\u0142o narodowym socjalistom mitologiczny precedens dla ich platformy ideologicznej.<br>Pisma Juliusa Evoli z 1934 roku r\u00f3wnie\u017c sugerowa\u0142y, \u017ce Atlantydzi byli Hyperborejczykami, nordyckimi nadlud\u017ami, kt\u00f3rzy wywodzili si\u0119 z Bieguna P\u00f3\u0142nocnego (patrz Thule).<\/p>\n\n\n\n<p>Jej teorie wywar\u0142y znacz\u0105cy wp\u0142yw na my\u015bl niemieck\u0105, na wszystkich poziomach powstaj\u0105cej struktury w\u0142adzy narodowego socjalizmu.<\/p>\n\n\n\n<p><\/p>\n\n\n\n<p><\/p>\n\n\n\n<p class=\"has-text-align-center has-medium-font-size\"><strong>Himmler \u2013\u00a0\u00a0<a href=\"http:\/\/thirdreichocculthistory.blogspot.co.uk\/2014\/03\/die-deutsche-ahnenerbe.html\" target=\"_blank\" rel=\"noreferrer noopener\">Ahnenerbe<\/a>\u00a0\u00a0\u2013 i Atlantyda<\/strong><\/p>\n\n\n<div class=\"wp-block-image\">\n<figure class=\"alignright size-full\"><img loading=\"lazy\" decoding=\"async\" width=\"173\" height=\"200\" src=\"https:\/\/wia.net.pl\/wp-content\/uploads\/2024\/03\/image-44.png\" alt=\"\" class=\"wp-image-7822\"\/><figcaption class=\"wp-element-caption\">Heinrich Himmler<\/figcaption><\/figure><\/div>\n\n\n<p>Jedn\u0105 z takich postaci na najwy\u017cszych szczeblach w\u0142adzy by\u0142 sam Heinrich Himmler.<\/p>\n\n\n\n<p>Podoba\u0142y mu si\u0119 zawi\u0142e wierzenia okultystyczne, takie jak wierzenia B\u0142awatskiej;&nbsp;na pocz\u0105tku lat dwudziestych by\u0142 zaanga\u017cowany w liczne stowarzyszenia okultystyczne, w tym w cudowne Artamanen-Gesellschaft.<\/p>\n\n\n\n<p>To stowarzyszenie, kt\u00f3re cz\u0119\u015bciowo czerpa\u0142o z tw\u00f3rczo\u015bci B\u0142awatskiej, w\u0142\u0105czy\u0142o nordycki mistycyzm do gloryfikowanej niemieckiej kultury ludowej.<\/p>\n\n\n\n<p>Himmlera fascynowa\u0142 mit Atlantydy, wschodni mistycyzm i teorie okultystyczne, takie jak \u201eTeoria Lodu \u015awiata\u201d \u2013 kosmogonia lodowcowa opracowana przez austriackiego in\u017cyniera Horbigera, w kt\u00f3rej si\u0142\u0105 nap\u0119dow\u0105 tw\u00f3rcz\u0105 we wszech\u015bwiecie by\u0142 nieustanny konflikt pomi\u0119dzy ogniem a l\u00f3d.<\/p>\n\n\n\n<p>Tego typu hipotezy by\u0142y szczeg\u00f3lnie atrakcyjne, poniewa\u017c odrzuca\u0142y \u201e\u017cydowsk\u0105\u201d nauk\u0119 z\u0142o\u017con\u0105 z powszechnie akceptowanych teorii, takich jak teoria Einsteina.<\/p>\n\n\n<div class=\"wp-block-image\">\n<figure class=\"alignleft size-full\"><img loading=\"lazy\" decoding=\"async\" width=\"200\" height=\"199\" src=\"https:\/\/wia.net.pl\/wp-content\/uploads\/2024\/03\/image-45.png\" alt=\"\" class=\"wp-image-7823\" srcset=\"https:\/\/wia.net.pl\/wp-content\/uploads\/2024\/03\/image-45.png 200w, https:\/\/wia.net.pl\/wp-content\/uploads\/2024\/03\/image-45-150x150.png 150w\" sizes=\"(max-width: 200px) 100vw, 200px\" \/><figcaption class=\"wp-element-caption\"><a href=\"http:\/\/thirdreichocculthistory.blogspot.co.uk\/2014\/03\/die-deutsche-ahnenerbe.html\" target=\"_blank\" rel=\"noreferrer noopener\">Ahnenerbe<\/a><\/figcaption><\/figure><\/div>\n\n\n<p>Himmler za\u0142o\u017cy\u0142&nbsp;<a href=\"http:\/\/thirdreichocculthistory.blogspot.co.uk\/2014\/03\/die-deutsche-ahnenerbe.html\" target=\"_blank\" rel=\"noreferrer noopener\">Ahnenerbe<\/a>&nbsp;, instytut dziedzictwa narodowego, jako cz\u0119\u015b\u0107 SS, aby realizowa\u0107 swoje interesy i zapewni\u0107 wsparcie dla twierdze\u0144 Hitlera o wy\u017cszo\u015bci rasowej.<\/p>\n\n\n\n<p>Za po\u015brednictwem&nbsp;<a href=\"http:\/\/thirdreichocculthistory.blogspot.co.uk\/2014\/03\/die-deutsche-ahnenerbe.html\" target=\"_blank\" rel=\"noreferrer noopener\">Ahnenerbe<\/a>&nbsp;wys\u0142ano archeolog\u00f3w do r\u00f3\u017cnych region\u00f3w geograficznych, aby znale\u017a\u0107 dowody na istnienie rozproszonych populacji aryjskich.<\/p>\n\n\n\n<p>Himmler nadzorowa\u0142 szereg wypraw prowadzonych przez jego ulubionych archeolog\u00f3w, naukowc\u00f3w i uczonych do region\u00f3w, kt\u00f3re jego zdaniem mog\u0142y mie\u0107 powi\u0105zania z Atlantyd\u0105 i staro\u017cytnymi Aryjczykami.<\/p>\n\n\n<div class=\"wp-block-image\">\n<figure class=\"alignright size-full\"><img loading=\"lazy\" decoding=\"async\" width=\"148\" height=\"200\" src=\"https:\/\/wia.net.pl\/wp-content\/uploads\/2024\/03\/image-46.png\" alt=\"\" class=\"wp-image-7824\"\/><figcaption class=\"wp-element-caption\">Ernst Schafer<\/figcaption><\/figure><\/div>\n\n\n<p>Jedn\u0105 z wypraw&nbsp;<a href=\"http:\/\/thirdreichocculthistory.blogspot.co.uk\/2014\/03\/die-deutsche-ahnenerbe.html\" target=\"_blank\" rel=\"noreferrer noopener\">Ahnenerbe<\/a>&nbsp;, kt\u00f3ra wydaje si\u0119 najbli\u017csza sercu Himmlera, by\u0142&nbsp;<a href=\"http:\/\/thirdreichocculthistory.blogspot.co.uk\/2014\/03\/die-deutsche-ahnenerbe.html\" target=\"_blank\" rel=\"noreferrer noopener\">projekt Tybet<\/a>&nbsp;, prowadzony przez ambitnego ornitologa, my\u015bliwego i poszukiwacza przyg\u00f3d Ernsta Schafera.<\/p>\n\n\n\n<p>Wyprawa ta, na kt\u00f3r\u0105 wp\u0142yn\u0119\u0142a teoria B\u0142awatskiej o atlantydzkich prekursorach m\u0105dro\u015bci aryjskiej \u017cyj\u0105cej w Himalajach, obejmowa\u0142a nawet post\u00f3j na pustyni Gobi.<\/p>\n\n\n<div class=\"wp-block-image\">\n<figure class=\"alignleft size-full\"><img loading=\"lazy\" decoding=\"async\" width=\"200\" height=\"164\" src=\"https:\/\/wia.net.pl\/wp-content\/uploads\/2024\/03\/image-47.png\" alt=\"\" class=\"wp-image-7825\"\/><\/figure><\/div>\n\n\n<p>W sk\u0142ad zespo\u0142u Schafera wchodzili zar\u00f3wno entomolog, jak i geofizyk, co wykaza\u0142o holistyczny i nieco niejednoznaczny charakter wyprawy, kt\u00f3ra mia\u0142a na celu wykorzystanie wszelkich mo\u017cliwo\u015bci badawczych, jakie mog\u0142y si\u0119 pojawi\u0107 po drodze.<\/p>\n\n\n\n<p>W sk\u0142ad zespo\u0142u wchodzi\u0142 tak\u017ce antropolog Bruno Beger, kt\u00f3ry by\u0142 odpowiedzialny za badanie potencjalnych nordyckich skamienia\u0142o\u015bci i szkielet\u00f3w, a tak\u017ce badanie lokalnych Tybeta\u0144czyk\u00f3w za pomoc\u0105 r\u00f3\u017cnych metod \u201enaukowych o rasie\u201d, takich jak kraniometria, tworzenie list cech, dokonywanie pomiar\u00f3w cia\u0142a i formowanie masek na twarz .<\/p>\n\n\n\n<p>Jest r\u00f3wnie\u017c prawdopodobne, \u017ce wyprawa do Tybetu mia\u0142a cele zupe\u0142nie niezwi\u0105zane z Atlantyd\u0105, takie jak szpiegostwo polityczne i wojskowe.<\/p>\n\n\n<div class=\"wp-block-image\">\n<figure class=\"alignleft size-full\"><img loading=\"lazy\" decoding=\"async\" width=\"184\" height=\"200\" src=\"https:\/\/wia.net.pl\/wp-content\/uploads\/2024\/03\/image-48.png\" alt=\"\" class=\"wp-image-7826\"\/><figcaption class=\"wp-element-caption\">Edmund Kiss<\/figcaption><\/figure><\/div>\n\n<div class=\"wp-block-image\">\n<figure class=\"alignright size-full\"><img loading=\"lazy\" decoding=\"async\" width=\"320\" height=\"162\" src=\"https:\/\/wia.net.pl\/wp-content\/uploads\/2024\/03\/image-49.png\" alt=\"\" class=\"wp-image-7827\" srcset=\"https:\/\/wia.net.pl\/wp-content\/uploads\/2024\/03\/image-49.png 320w, https:\/\/wia.net.pl\/wp-content\/uploads\/2024\/03\/image-49-300x152.png 300w\" sizes=\"(max-width: 320px) 100vw, 320px\" \/><figcaption class=\"wp-element-caption\">Brama do s\u0142o\u0144ca<\/figcaption><\/figure><\/div>\n\n\n<p>Edmund Kiss, kolejny ulubieniec Himmlera, by\u0142 o wiele \u017carliwszym wyznawc\u0105 mitu o Atlantydzie.<\/p>\n\n\n\n<p>Wraz ze swoim przyjacielem, austriackim archeologiem Posnanskim, zaproponowa\u0142, \u017ce andyjskie miasto Tiahuanaco zosta\u0142o zbudowane przez nordyckich ocala\u0142ych z Atlantydy.<\/p>\n\n\n\n<p>Podczas swojej niezale\u017cnej podr\u00f3\u017cy do Tiahuanaco w 1928 roku Kiss s\u0105dzi\u0142, \u017ce znalaz\u0142 kalendarzowy napis na \u201eBramie do S\u0142o\u0144ca\u201d, kt\u00f3ry przedstawia\u0142 pierwotne warunki panuj\u0105ce na Ziemi, co oznacza, \u017ce \u200b\u200bTiahuanaco ma miliony lat.<\/p>\n\n\n\n<p>Twierdzi\u0142 r\u00f3wnie\u017c, \u017ce znalaz\u0142 du\u017c\u0105 rze\u017ab\u0119 g\u0142owy m\u0119\u017cczyzny, kt\u00f3ra wyra\u017anie odzwierciedla\u0142a nordyckie cechy twarzy.<\/p>\n\n\n<div class=\"wp-block-image\">\n<figure class=\"alignleft size-full\"><img loading=\"lazy\" decoding=\"async\" width=\"320\" height=\"185\" src=\"https:\/\/wia.net.pl\/wp-content\/uploads\/2024\/03\/image-50.png\" alt=\"\" class=\"wp-image-7828\" srcset=\"https:\/\/wia.net.pl\/wp-content\/uploads\/2024\/03\/image-50.png 320w, https:\/\/wia.net.pl\/wp-content\/uploads\/2024\/03\/image-50-300x173.png 300w\" sizes=\"(max-width: 320px) 100vw, 320px\" \/><figcaption class=\"wp-element-caption\">Tiahuanaco<\/figcaption><\/figure><\/div>\n\n<div class=\"wp-block-image\">\n<figure class=\"alignright size-full\"><img loading=\"lazy\" decoding=\"async\" width=\"117\" height=\"200\" src=\"https:\/\/wia.net.pl\/wp-content\/uploads\/2024\/03\/image-51.png\" alt=\"\" class=\"wp-image-7829\"\/><figcaption class=\"wp-element-caption\">Hitlerjugend<\/figcaption><\/figure><\/div>\n\n\n<p>Powiedzia\u0142, \u017ce sztuka i architektura Tiahuanaco to \u201e&nbsp;<em>prawdopodobnie dzie\u0142a nordyckich m\u0119\u017cczyzn, kt\u00f3rzy przybyli na wy\u017cyny andyjskie jako przedstawiciele szczeg\u00f3lnej cywilizacji<\/em>&nbsp;\u201d.<\/p>\n\n\n\n<p>Kiss i Posnansky odrzucili wszelkie twierdzenia, jakoby rdzenni Andyjczycy byli odpowiedzialni za powstanie Tiahuanaco i zasugerowali, \u017ce imigranci Aryjczycy zaanga\u017cowali miejscowych do pomocy przy podstawowej budowie.<\/p>\n\n\n\n<p><\/p>\n\n\n<div class=\"wp-block-image\">\n<figure class=\"alignleft size-full\"><img loading=\"lazy\" decoding=\"async\" width=\"200\" height=\"150\" src=\"https:\/\/wia.net.pl\/wp-content\/uploads\/2024\/03\/image-52.png\" alt=\"\" class=\"wp-image-7830\"\/><figcaption class=\"wp-element-caption\">Tiahuanaco<\/figcaption><\/figure><\/div>\n\n\n<p>Idee Kissa zosta\u0142y spopularyzowane w serii powie\u015bci fantasy, a \u201eDie Hitler Jugend\u201d, oficjalny magazyn Hitlerjugend, publikowa\u0142 dobrze przyj\u0119te artyku\u0142y na temat jego bada\u0144.<\/p>\n\n\n<div class=\"wp-block-image\">\n<figure class=\"alignright size-full\"><img loading=\"lazy\" decoding=\"async\" width=\"161\" height=\"200\" src=\"https:\/\/wia.net.pl\/wp-content\/uploads\/2024\/03\/image-53.png\" alt=\"\" class=\"wp-image-7831\"\/><figcaption class=\"wp-element-caption\">Herman Wirth<\/figcaption><\/figure><\/div>\n\n\n<p><a href=\"http:\/\/thirdreichocculthistory.blogspot.co.uk\/2014\/03\/die-deutsche-ahnenerbe.html\" target=\"_blank\" rel=\"noreferrer noopener\">Herman Wirth<\/a>&nbsp;zosta\u0142 wyznaczony przez Himmlera na dow\u00f3dc\u0119 Ahnenerbe w 1935 roku.<\/p>\n\n\n\n<p>Gor\u0105co wierzy\u0142, \u017ce pierwotni Atlantydzi byli oko\u0142obiegunowym ludem nordyckim, kt\u00f3rego kontynent Atlantydy znalaz\u0142 si\u0119 na Oceanie Atlantyckim w wyniku wyimaginowanego przez niego procesu zmiany biegun\u00f3w.<\/p>\n\n\n\n<p>Podobnie jak wi\u0119kszo\u015b\u0107 innych hiperdyfuzjonist\u00f3w, kt\u00f3rzy promowali mit Atlantydy, zaproponowa\u0142, \u017ce staro\u017cytny atlantycki system run sta\u0142 si\u0119 podstaw\u0105 wszystkich system\u00f3w pisma, kt\u00f3re rozwin\u0119\u0142y si\u0119 p\u00f3\u017aniej.<\/p>\n\n\n\n<p>Aby potwierdzi\u0107 swoje teorie, podj\u0105\u0142 si\u0119 pierwszej du\u017cej wyprawy\u00a0<a href=\"http:\/\/thirdreichocculthistory.blogspot.co.uk\/2014\/03\/die-deutsche-ahnenerbe.html\" target=\"_blank\" rel=\"noreferrer noopener\">Ahnenerbe<\/a>\u00a0w poszukiwaniu Aryjczyk\u00f3w za granic\u0105 \u2013 do Bohuslan w po\u0142udniowo-zachodniej Szwecji, aby zbada\u0107 tysi\u0105ce granitowych rycin znajduj\u0105cych si\u0119 w tym regionie.<\/p>\n\n\n\n<p>Zinterpretowa\u0142 liczne zaobserwowane przez siebie okr\u0105g\u0142e wzory i kszta\u0142ty dysk\u00f3w jako ideogramy s\u0142o\u0144ca, twierdz\u0105c, \u017ce \u015bledz\u0105 one jego roczne ruchy na niebie.<\/p>\n\n\n\n<p>Bior\u0105c pod uwag\u0119 d\u0142ugie okresy ciemno\u015bci na p\u00f3\u0142nocy, po kt\u00f3rych nast\u0119puj\u0105 okresy \u015bwiat\u0142a, kult nordyckiego boga odrodzenia lub zmartwychwstania wydawa\u0142 si\u0119 logiczny dla Wirtha, kt\u00f3rego nazywa\u0142 Odalem.<\/p>\n\n\n\n<p>Zatem monoteistyczna religia nordyckiej Atlantydy poprzedza\u0142a monoteizm chrze\u015bcija\u0144ski;&nbsp;koncepcja boskiego zmartwychwstania przysz\u0142a z P\u00f3\u0142nocy.<\/p>\n\n\n\n<p>Teorie Wirtha zwr\u00f3ci\u0142y uwag\u0119 i poparcie ze strony wybitnych postaci niemieckich innych ni\u017c Himmler, takich jak Ludwig Roselius.<\/p>\n\n\n\n<p>W ramach swojego projektu architektonicznego Bottcherstrasse Roselius obejmowa\u0142 budynek zwany Haus Atlantis, kt\u00f3ry mia\u0142 zosta\u0107 zbudowany przez architekta Hoetgera i po\u015bwi\u0119cony badaniom Wirtha.<\/p>\n\n\n\n<p>Na podstawie swoich wt\u00f3rnych bada\u0144 dna p\u00f3\u0142nocnego Atlantyku Wirth oszacowa\u0142, \u017ce Atlantyda po przesuni\u0119ciu kontynentu rozci\u0105ga\u0142a si\u0119 od Islandii po wyspy Azor\u00f3w.<\/p>\n\n\n\n<p>Jedynymi cz\u0119\u015bciami, kt\u00f3re pozosta\u0142y nad wod\u0105 po zanurzeniu, by\u0142y Republika Zielonego Przyl\u0105dka i Wyspy Kanaryjskie.\u00a0Pod wp\u0142ywem tej teorii by\u0142y protegowany Wirtha, Otto Huth, zaplanowa\u0142 wypraw\u0119 na Wyspy Kanaryjskie, w ramach kt\u00f3rej archeolog mia\u0142 szuka\u0107 skorup i narz\u0119dzi kamiennych podobnych kszta\u0142tem do narz\u0119dzi staro\u017cytnych lud\u00f3w nordyckich.<\/p>\n\n\n\n<p>Otto Huth (1906\u20131998) by\u0142 niemieckim teologiem, etnologiem, archeologiem i znawc\u0105 folkloru, wyk\u0142adaj\u0105cym na Uniwersytecie w Tybindze.\u00a0Huth by\u0142 synem neuropatologa z Bonn.\u00a0Stopie\u0144 doktora uzyska\u0142 w 1932 r. W 1937 r. wst\u0105pi\u0142 do Ahnenerbe.\u00a0W czasie II wojny \u015bwiatowej kierowa\u0142 \u201eInstytutem Historii Religii Indogerma\u0144skiej\u201d na \u201eUniwersytecie Rzeszy\u201d w Stra\u00dfburgu.\u00a0Po wojnie Huth by\u0142 profesorem na wydziale protestanckim Uniwersytetu w Tybindze.\u00a0W 1935 roku Otto Huth pozna\u0142\u00a0<a href=\"http:\/\/thirdreichocculthistory.blogspot.co.uk\/2014\/03\/die-deutsche-ahnenerbe.html\" target=\"_blank\" rel=\"noreferrer noopener\">Hermana Wirtha<\/a>\u00a0, kt\u00f3ry w\u00f3wczas kierowa\u0142 Ahnenerbe.\u00a0Otto Huth zosta\u0142 uczniem Wirtha i wsp\u00f3lnie studiowa\u0142 niemiecki folklor.\u00a0Kiedy Herman Wirth opu\u015bci\u0142 Ahnenerbe w 1937 roku, Huth kontynuowa\u0142 swoje zainteresowania etnologi\u0105 i archeologi\u0105.\u00a0W 1939 roku za zgod\u0105 Heinricha Himmlera otrzyma\u0142 wypraw\u0119 na Wyspy Kanaryjskie z ma\u0142ym zespo\u0142em badawczym.<\/p>\n\n\n\n<p>Zainspirowany relacjami spisanymi przez niekt\u00f3rych wczesnych europejskich odkrywc\u00f3w, kt\u00f3rzy opisywali mieszka\u0144c\u00f3w Wysp Kanaryjskich jako blondyn\u00f3w o jasnej karnacji, Huth o\u015bwiadczy\u0142: \u201eOddzielona&nbsp;<em>od zak\u0142\u00f3ce\u0144 europejskiej historii \u015bwiata, staro\u017cytna cywilizacja nordycka kwit\u0142a niezak\u0142\u00f3cona na szcz\u0119\u015bliwych wyspach, a\u017c zosta\u0142a zniszczona<\/em>&nbsp;\u201d. .<\/p>\n\n\n\n<p>Odkrycie mumii o jasnych w\u0142osach dodatkowo zach\u0119ci\u0142o do tego rodzaju spekulacji.<\/p>\n\n\n\n<p>To, \u017ce mit nordyckiej Atlantydy mo\u017cna by\u0142o zastosowa\u0107 do tak zr\u00f3\u017cnicowanych geograficznie i niepowi\u0105zanych obszar\u00f3w, jak Wyspy Kanaryjskie, Tybet, Tiahuanaco i Szwecja, g\u0142\u0119boko pokazuje, jak plastyczna historia mityczna mo\u017ce dopasowa\u0107 si\u0119 do niemal wszelkich wymaga\u0144 w konstruowaniu narodowej historii pochodzenia monumentalne proporcje.\u00a0Nieod\u0142\u0105cznym elementem tych atlantydzkich opowie\u015bci o pochodzeniu jest za\u0142o\u017cenie o jakiej\u015b formie rasowej i ideologicznej ci\u0105g\u0142o\u015bci z odleg\u0142ej przesz\u0142o\u015bci oraz wiara w hiperdyfuzjonizm \u2013 \u017ce niekt\u00f3re narody s\u0105 dystrybutorami kultury, podczas gdy inne po prostu zbieraj\u0105 resztki.<\/p>\n\n\n\n<p class=\"has-text-align-center has-medium-font-size\"><strong>Aryjskie Thule<\/strong><\/p>\n\n\n\n<p>Z Atlantyd\u0105 zwi\u0105zana jest koncepcja Thule.<\/p>\n\n\n\n<p>W mitologii greckiej Thule by\u0142o znane jako Hyperborea \u2013 bli\u017cej nieokre\u015blony region na p\u00f3\u0142nocnych ziemiach, le\u017c\u0105cy za p\u00f3\u0142nocnym wiatrem.<\/p>\n\n\n\n<p>Hyperborea lub Hyperboria \u2013 \u201eza Boreaszem\u201d \u2013 by\u0142a idealna, ze s\u0142o\u0144cem \u015bwiec\u0105cym dwadzie\u015bcia cztery godziny na dob\u0119, co wsp\u00f3\u0142czesnym uszom sugeruje mo\u017cliw\u0105 lokalizacj\u0119 w obr\u0119bie ko\u0142a podbiegunowego.<\/p>\n\n\n\n<p class=\"has-text-align-center\"><em>Nigdy Muza nie jest nieobecna<\/em><\/p>\n\n\n\n<p class=\"has-text-align-center\"><em>z ich dr\u00f3g: liry brz\u0119cz\u0105 i flety p\u0142acz\u0105<\/em><\/p>\n\n\n\n<p class=\"has-text-align-center\"><em>i wsz\u0119dzie wiruj\u0105 dziewicze ch\u00f3ry.<\/em><\/p>\n\n\n\n<p class=\"has-text-align-center\"><em>Ani choroba, ani gorzka staro\u015b\u0107 nie s\u0105 mieszane<\/em><\/p>\n\n\n\n<p class=\"has-text-align-center\"><em>w ich \u015bwi\u0119tej krwi;&nbsp;\u017cyj\u0105 z dala od pracy i walki.<\/em><\/p>\n\n\n\n<p class=\"has-text-align-right\">Pindar, Dziesi\u0105ta Oda Pytyjska<\/p>\n\n\n<div class=\"wp-block-image\">\n<figure class=\"alignright size-full\"><img loading=\"lazy\" decoding=\"async\" width=\"320\" height=\"244\" src=\"https:\/\/wia.net.pl\/wp-content\/uploads\/2024\/03\/image-54.png\" alt=\"\" class=\"wp-image-7832\" srcset=\"https:\/\/wia.net.pl\/wp-content\/uploads\/2024\/03\/image-54.png 320w, https:\/\/wia.net.pl\/wp-content\/uploads\/2024\/03\/image-54-300x229.png 300w\" sizes=\"(max-width: 320px) 100vw, 320px\" \/><\/figure><\/div>\n\n\n<p>John G. Bennett napisa\u0142 artyku\u0142 badawczy zatytu\u0142owany \u201eThe Hyperborean Origin of the Indo-European Culture\u201d (Journal Systematics, t. 1, nr 3, grudzie\u0144 1963), w kt\u00f3rym stwierdzi\u0142, \u017ce ojczyzna Indoeuropejczyk\u00f3w znajdowa\u0142a si\u0119 na dalekiej p\u00f3\u0142nocy. kt\u00f3r\u0105 uwa\u017ca\u0142 za Hyperbore\u0119 klasycznej staro\u017cytno\u015bci.<\/p>\n\n\n\n<p>Pomys\u0142 ten zaproponowa\u0142 wcze\u015bniej austro-w\u0119gierski etnolog Karl Penka (\u201ePocz\u0105tki Aryjczyk\u00f3w\u201d, 1883).HP Blavatsky, Rene Guenon i Julius Evola podzielali wiar\u0119 w hiperborejskie, polarne pochodzenie ludzko\u015bci oraz p\u00f3\u017aniejsze utrwalenie i decentralizacj\u0119.<br><\/p>\n\n\n\n<p>Wed\u0142ug tych ezoteryk\u00f3w Hyperborea by\u0142a polarnym centrum cywilizacji i duchowo\u015bci Z\u0142otego Wieku;\u00a0ludzko\u015b\u0107 nie powstaje od ma\u0142py, ale stopniowo przechodzi do stanu ma\u0142piego, gdy fizycznie i duchowo odchodzi od swojej mistycznej, nieziemskiej ojczyzny na Dalekiej P\u00f3\u0142nocy, ulegaj\u0105c demonicznym energiom Bieguna Po\u0142udniowego, najwi\u0119kszego punktu materializacji (patrz Joscelyn Godwin , Arktos: mit polarny).<\/p>\n\n\n<div class=\"wp-block-image\">\n<figure class=\"alignleft size-full\"><img loading=\"lazy\" decoding=\"async\" width=\"176\" height=\"200\" src=\"https:\/\/wia.net.pl\/wp-content\/uploads\/2024\/03\/image-55.png\" alt=\"\" class=\"wp-image-7833\"\/><\/figure><\/div>\n\n\n<p>Robert Charroux po raz pierwszy powi\u0105za\u0142 Hiperborejczyk\u00f3w ze staro\u017cytn\u0105 ras\u0105 astronaut\u00f3w sk\u0142adaj\u0105c\u0105 si\u0119 z \u201erzekomo bardzo du\u017cych, bardzo bia\u0142ych ludzi\u201d, kt\u00f3rzy wybrali \u201enajmniej ciep\u0142y obszar na Ziemi, poniewa\u017c bardziej odpowiada\u0142 on ich w\u0142asnemu klimatowi na planecie, z kt\u00f3rej pochodz\u0105\u201d.<br>Miguel Serrano by\u0142 pod wp\u0142ywem pism Charroux na temat Hiperborejczyk\u00f3w.<\/p>\n\n\n\n<p>Okulty\u015bci z V\u00f6lkisch wierzyli w historyczn\u0105 Thule\/Hyperbore\u0119 jako staro\u017cytne pochodzenie rasy aryjskiej.<\/p>\n\n\n\n<p>Du\u017ca cz\u0119\u015b\u0107 tej fascynacji wynika\u0142a z plotek na temat Ksi\u0119gi Oera Linda znalezionej przez Cornelisa Over de Lindena w XIX wieku.<\/p>\n\n\n\n<p>Ksi\u0119ga Oera Linda zosta\u0142a przet\u0142umaczona na j\u0119zyk niemiecki w 1933 roku i zyska\u0142a uznanie Heinricha Himmlera.<\/p>\n\n\n\n<p>Ekspozytor szko\u0142y tradycjonalistycznej Rene Guenon wierzy\u0142 w istnienie staro\u017cytnego Thule na \u201epowodach inicjacji\u201d \u201esamotnie\u201d.<\/p>\n\n\n<div class=\"wp-block-image\">\n<figure class=\"alignleft size-full\"><img loading=\"lazy\" decoding=\"async\" width=\"217\" height=\"320\" src=\"https:\/\/wia.net.pl\/wp-content\/uploads\/2024\/03\/image-56.png\" alt=\"\" class=\"wp-image-7834\" srcset=\"https:\/\/wia.net.pl\/wp-content\/uploads\/2024\/03\/image-56.png 217w, https:\/\/wia.net.pl\/wp-content\/uploads\/2024\/03\/image-56-203x300.png 203w\" sizes=\"(max-width: 217px) 100vw, 217px\" \/><figcaption class=\"wp-element-caption\">Thule Gesellschaft<\/figcaption><\/figure><\/div>\n\n<div class=\"wp-block-image\">\n<figure class=\"alignright size-full\"><img loading=\"lazy\" decoding=\"async\" width=\"171\" height=\"200\" src=\"https:\/\/wia.net.pl\/wp-content\/uploads\/2024\/03\/image-57.png\" alt=\"\" class=\"wp-image-7835\"\/><figcaption class=\"wp-element-caption\">Lanz von Liebenfels<\/figcaption><\/figure><\/div>\n\n\n<p>Wed\u0142ug jego god\u0142a Towarzystwo Thule zosta\u0142o za\u0142o\u017cone 18 sierpnia 1918 roku.<\/p>\n\n\n\n<p>Mia\u0142a bliskie powi\u0105zania z Deutsche Arbeiter Partei (DAP), p\u00f3\u017aniej Nationalsozialistische Deutsche Arbeiterpartei (NSDAP, partia nazistowska).<\/p>\n\n\n\n<p>Jednym z trzech jej cz\u0142onk\u00f3w za\u0142o\u017cycieli by\u0142 Lanz von Liebenfels (1874\u20131954).<\/p>\n\n\n\n<p>W swojej biografii Liebenfelsa (\u201eDer Mann, der Hitler die Ideen gab\u201d, Monachium 1985) wiede\u0144ski psycholog i autor Wilhelm Dahm napisa\u0142:<\/p>\n\n\n\n<p>&#8221;&nbsp;<em>Nazwa Thule Gesellschaft wywodzi si\u0119 od mitycznego Thule, nordyckiego odpowiednika zaginionej kultury Atlantydy. W Thule \u017cy\u0142a rasa gigantycznych nadludzi, po\u0142\u0105czonych z Kosmosem magicznymi mocami.<\/em><\/p>\n\n\n\n<p><em>Posiadali energi\u0119 psychiczn\u0105 i technologiczn\u0105 znacznie przekraczaj\u0105c\u0105 osi\u0105gni\u0119cia techniczne XX wieku.<\/em><\/p>\n\n\n\n<p><em>Wiedza ta mia\u0142a zosta\u0107 wykorzystana do ocalenia Ojczyzny i stworzenia nowej rasy nordyckich aryjskich Atlantyd\u00f3w.<\/em><\/p>\n\n\n\n<p><em>Pojawi si\u0119 nowy Mesjasz, aby poprowadzi\u0107 lud do tego celu<\/em>&nbsp;\u201d.<\/p>\n\n\n\n<p>W swojej historii SA (\u201eMit ruhig festem Schritt\u201d, 1998) Wilfred von Oven, adiutant prasowy Josepha Goebbelsa w latach 1943\u20131945, potwierdzi\u0142, \u017ce Thule Pytheasa by\u0142o historycznym Thule dla Thule Gesellschaft.<\/p>\n\n\n<div class=\"wp-block-image\">\n<figure class=\"aligncenter size-full\"><img loading=\"lazy\" decoding=\"async\" width=\"640\" height=\"47\" src=\"https:\/\/wia.net.pl\/wp-content\/uploads\/2024\/03\/image-58.png\" alt=\"\" class=\"wp-image-7836\" srcset=\"https:\/\/wia.net.pl\/wp-content\/uploads\/2024\/03\/image-58.png 640w, https:\/\/wia.net.pl\/wp-content\/uploads\/2024\/03\/image-58-300x22.png 300w\" sizes=\"(max-width: 640px) 100vw, 640px\" \/><\/figure><\/div>\n\n\n<p class=\"has-text-align-center has-medium-font-size\"><strong>Zaginiona ojczyzna aryjska<\/strong><\/p>\n\n\n<div class=\"wp-block-image\">\n<figure class=\"aligncenter size-full\"><img loading=\"lazy\" decoding=\"async\" width=\"242\" height=\"320\" src=\"https:\/\/wia.net.pl\/wp-content\/uploads\/2024\/03\/image-59.png\" alt=\"\" class=\"wp-image-7837\" srcset=\"https:\/\/wia.net.pl\/wp-content\/uploads\/2024\/03\/image-59.png 242w, https:\/\/wia.net.pl\/wp-content\/uploads\/2024\/03\/image-59-227x300.png 227w\" sizes=\"(max-width: 242px) 100vw, 242px\" \/><\/figure><\/div>\n\n\n<p>Idea bajecznej i tajemniczej ojczyzny narodu aryjskiego, ukrytej gdzie\u015b na dalekich p\u00f3\u0142nocnych szeroko\u015bciach geograficznych, mia\u0142a bogat\u0105 proweniencj\u0119 nie tylko w tradycji zachodniego okultyzmu, ale tak\u017ce w rozwijaj\u0105cej si\u0119 nauce antropologii.<\/p>\n\n\n\n<p>(W istocie samo poj\u0119cie rasy aryjskiej zawdzi\u0119cza swoje istnienie w r\u00f3wnym stopniu filologii, jak i ka\u017cdej innej dziedzinie bada\u0144).<\/p>\n\n\n\n<p>Oczywi\u015bcie a\u017c do O\u015bwiecenia, za najwy\u017cszy autorytet w dziedzinie pochodzenia i historii ludzko\u015bci uwa\u017cano tradycj\u0119 biblijn\u0105, a pocz\u0105tkiem tym by\u0142a g\u00f3ra Ararat, na kt\u00f3rej po potopie wyl\u0105dowa\u0142a Arka Noego.<\/p>\n\n\n\n<p>Pomys\u0142 ten mia\u0142 sens nawet dla tych naukowc\u00f3w O\u015bwiecenia,&nbsp;&nbsp;kt\u00f3rzy odrzucili autorytet biblijny, poniewa\u017c regiony g\u00f3rskie zapewni\u0142yby jedyn\u0105 mo\u017cliw\u0105 ochron\u0119 przed kl\u0119skami \u017cywio\u0142owymi, takimi jak przypuszczalna prehistoryczna pow\u00f3d\u017a.<\/p>\n\n\n\n<p>Niemieccy romantycy byli bardzo zainteresowani orientaln\u0105 filozofi\u0105 i mistycyzmem, w szczeg\u00f3lno\u015bci Zend-Avest\u0105, \u015bwi\u0119tym tekstem staro\u017cytnych Pers\u00f3w.<\/p>\n\n\n<div class=\"wp-block-image\">\n<figure class=\"alignleft size-full\"><img loading=\"lazy\" decoding=\"async\" width=\"187\" height=\"200\" src=\"https:\/\/wia.net.pl\/wp-content\/uploads\/2024\/03\/image-60.png\" alt=\"\" class=\"wp-image-7838\"\/><figcaption class=\"wp-element-caption\">Artur Schopenhauer\u00a0<\/figcaption><\/figure><\/div>\n\n<div class=\"wp-block-image\">\n<figure class=\"alignright size-full\"><img loading=\"lazy\" decoding=\"async\" width=\"320\" height=\"237\" src=\"https:\/\/wia.net.pl\/wp-content\/uploads\/2024\/03\/image-61.png\" alt=\"\" class=\"wp-image-7839\" srcset=\"https:\/\/wia.net.pl\/wp-content\/uploads\/2024\/03\/image-61.png 320w, https:\/\/wia.net.pl\/wp-content\/uploads\/2024\/03\/image-61-300x222.png 300w\" sizes=\"(max-width: 320px) 100vw, 320px\" \/><figcaption class=\"wp-element-caption\">Friedrich Nietzsche<\/figcaption><\/figure><\/div>\n\n\n<p>My\u015bliciele kalibru Goethego, Nietzschego, Arthura Schopenhauera i Ryszarda Wagnera znale\u017ali na Wschodzie system filozofii i historiografii, kt\u00f3ry pozwoli\u0142 im porzuci\u0107 niezadowalaj\u0105cy \u015bwiatopogl\u0105d judeochrze\u015bcija\u0144stwa.<\/p>\n\n\n\n<p>Podziwowi dla Orientu towarzyszy\u0142o ponowne odkrycie niemieckiego Volku, przedchrze\u015bcija\u0144skich plemion krzy\u017cackich, kt\u00f3rych potomkowie, Goci, doprowadzili do ostatecznego zniszczenia schy\u0142kowego Cesarstwa Rzymskiego.<\/p>\n\n\n\n<p>Problemem, przed kt\u00f3rym stan\u0119li niemieccy romantycy, by\u0142o stworzenie historycznego zwi\u0105zku mi\u0119dzy sob\u0105 a Orientem, kt\u00f3ry uwa\u017cali za kolebk\u0119 ludzko\u015bci i \u017ar\u00f3d\u0142o najwy\u017cszych idea\u0142\u00f3w ludzkich.<\/p>\n\n\n<div class=\"wp-block-image\">\n<figure class=\"alignright size-full\"><img loading=\"lazy\" decoding=\"async\" width=\"147\" height=\"200\" src=\"https:\/\/wia.net.pl\/wp-content\/uploads\/2024\/03\/image-62.png\" alt=\"\" class=\"wp-image-7840\"\/><figcaption class=\"wp-element-caption\">Richard Wagner<\/figcaption><\/figure><\/div>\n\n<div class=\"wp-block-image\">\n<figure class=\"alignleft size-full\"><img loading=\"lazy\" decoding=\"async\" width=\"200\" height=\"144\" src=\"https:\/\/wia.net.pl\/wp-content\/uploads\/2024\/03\/image-63.png\" alt=\"\" class=\"wp-image-7841\"\/><figcaption class=\"wp-element-caption\">Pisma Hebrajskie\u00a0<\/figcaption><\/figure><\/div>\n\n\n<p>Pytanie brzmia\u0142o, sk\u0105d wzi\u0119\u0142y si\u0119 te szlachetne i utalentowane plemiona?<\/p>\n\n\n\n<p>Czy oni tak\u017ce byli synami Noego, czy te\u017c o\u015bmielano si\u0119 oddziela\u0107 ich od biblijnej genealogii?<\/p>\n\n\n\n<p>Nadszed\u0142 czas, aby to zrobi\u0107.<\/p>\n\n\n\n<p>Encyklopedy\u015bci francuscy ustanowili precedens w pogardzie dla Pism Hebrajskich jako \u017ar\u00f3d\u0142a dok\u0142adnych informacji.<\/p>\n\n\n\n<p>Brytyjska szko\u0142a w Kalkucie, wraz ze swoimi badaniami azjatyckimi, odkry\u0142a inny \u015bwiat, z pewno\u015bci\u0105 bardziej wykszta\u0142cony i dla wielu umys\u0142\u00f3w filozoficznie i moralnie wy\u017cszy od \u015bwiata Moj\u017cesza.<\/p>\n\n\n\n<p>Gdyby Niemcy mogli powi\u0105za\u0107 swoje pochodzenie z Indiami, byliby na zawsze wolni od niewoli semickiej i \u015br\u00f3dziemnomorskiej.<\/p>\n\n\n\n<p>Oczywi\u015bcie, aby ustanowi\u0107 i wzmocni\u0107 wi\u0119\u017a mi\u0119dzy Niemcami a Orientem, trzeba by\u0142o porzuci\u0107 hebrajski jako pierwotny j\u0119zyk ludzko\u015bci i zast\u0105pi\u0107 go sanskrytem, \u200b\u200bj\u0119zykiem klasycznego hinduizmu.<\/p>\n\n\n<div class=\"wp-block-image\">\n<figure class=\"alignright size-full\"><img loading=\"lazy\" decoding=\"async\" width=\"156\" height=\"200\" src=\"https:\/\/wia.net.pl\/wp-content\/uploads\/2024\/03\/image-64.png\" alt=\"\" class=\"wp-image-7842\"\/><figcaption class=\"wp-element-caption\">Friedrich von Schlege<\/figcaption><\/figure><\/div>\n\n\n<p>Wa\u017cn\u0105 rol\u0119 w nawi\u0105zaniu tego powi\u0105zania odegra\u0142 klasyczny uczony Friedrich von Schlegel (1772-1829), kt\u00f3ry pr\u00f3bowa\u0142 nawi\u0105za\u0107 historyczny i kulturowy kontakt mi\u0119dzy Hindusami a Skandynawami, dzi\u0119ki kt\u00f3remu Hindusi mogli wp\u0142ywa\u0107 na j\u0119zyki skandynawskie.&nbsp;Schlegel rozwi\u0105za\u0142 ten problem stwierdzaj\u0105c, \u017ce staro\u017cytni Aryjczycy udali si\u0119 na dalek\u0105 p\u00f3\u0142noc w wyniku czci dla \u015bwi\u0119tej g\u00f3ry Meru, kt\u00f3r\u0105 uwa\u017cali za duchowe centrum \u015bwiata.<\/p>\n\n\n\n<p>W\u0142a\u015bciwie to Schlegel uku\u0142 termin aryjski w 1819 roku na okre\u015blenie odr\u0119bnej grupy rasowej.&nbsp;Schlegel przyj\u0105\u0142 s\u0142owo aryjski, kt\u00f3re wywodzi si\u0119 ju\u017c od staro\u017cytnego greckiego historyka Herodota.<\/p>\n\n\n\n<p>W tym momencie s\u0142owo aryjski zacz\u0119\u0142o oznacza\u0107 najwy\u017csz\u0105, najczystsz\u0105 i najbardziej honorow\u0105 grup\u0119 rasow\u0105.<\/p>\n\n\n\n<p>Do tego schematu historycznego doszli inni my\u015bliciele, tacy jak Christian Lassen, kt\u00f3ry stwierdzi\u0142, \u017ce Indo-Niemcy byli z natury biologicznie lepsi od Semit\u00f3w.<\/p>\n\n\n<div class=\"wp-block-image\">\n<figure class=\"alignright size-full\"><img loading=\"lazy\" decoding=\"async\" width=\"144\" height=\"200\" src=\"https:\/\/wia.net.pl\/wp-content\/uploads\/2024\/03\/image-65.png\" alt=\"\" class=\"wp-image-7843\"\/><figcaption class=\"wp-element-caption\">Friedrich Max M\u00fcller<\/figcaption><\/figure><\/div>\n\n\n<p>Filolog Max Muller zach\u0119ca\u0142 p\u00f3\u017aniej do przyj\u0119cia terminu \u201earyjski\u201d zamiast \u201eindogerma\u0144ski\u201d.\u00a0Friedrich Max M\u00fcller (6 grudnia 1823 &#8211; 28 pa\u017adziernika 1900), powszechnie znany jako Max M\u00fcller, by\u0142 urodzonym w Niemczech filologiem i orientalist\u0105, kt\u00f3ry przez wi\u0119kszo\u015b\u0107 swojego \u017cycia mieszka\u0142 i studiowa\u0142 w Wielkiej Brytanii.\u00a0By\u0142 jednym z za\u0142o\u017cycieli zachodniego pola akademickiego, jakim s\u0105 studia indyjskie i dyscyplina religii por\u00f3wnawczej.\u00a0<\/p>\n\n\n\n<p>M\u00fcller by\u0142 autorem prac naukowych i popularnonaukowych z zakresu indologii, a pod jego kierunkiem przygotowano 50-tomowy zbi\u00f3r t\u0142umacze\u0144 na j\u0119zyk angielski.\u00a0Elementy my\u015blenia M\u00fcllera bardzo przypomina\u0142y p\u00f3\u017aniejsze idee Nietzschego.\u00a0M\u00fcller pozostawa\u0142 tak\u017ce pod wp\u0142ywem kantowskiego transcendentalistycznego modelu duchowo\u015bci i sprzeciwia\u0142 si\u0119 darwinowskim ideom rozwoju cz\u0142owieka, argumentuj\u0105c, \u017ce \u201ej\u0119zyk tworzy nieprzekraczaln\u0105 barier\u0119 mi\u0119dzy cz\u0142owiekiem a besti\u0105\u201d.\u00a0Tw\u00f3rczo\u015b\u0107 M\u00fcllera przyczyni\u0142a si\u0119 do wzrostu zainteresowania kultur\u0105 aryjsk\u0105, co przeciwstawi\u0142o tradycje indoeuropejskie (\u201earyjskie\u201d) religie semickie.<\/p>\n\n\n\n<p>Wed\u0142ug historyka Leona Poliakova do 1860 roku wykszta\u0142ceni Europejczycy zaakceptowali istnienie zasadniczego podzia\u0142u mi\u0119dzy Aryjczykami i Semitami.<\/p>\n\n\n\n<p>W tym schemacie nordyccy Europejczycy nale\u017celi do rasy aryjskiej, kt\u00f3ra pochodzi\u0142a z wy\u017cyn azjatyckich.<\/p>\n\n\n\n<p>Zanim wyruszyli, by zaludni\u0107 Europ\u0119, mieszkali razem przodkowie Hindus\u00f3w, Pers\u00f3w, Grek\u00f3w, Rzymian, German\u00f3w i Celt\u00f3w.<\/p>\n\n\n<div class=\"wp-block-image\">\n<figure class=\"alignleft size-full\"><img loading=\"lazy\" decoding=\"async\" width=\"189\" height=\"200\" src=\"https:\/\/wia.net.pl\/wp-content\/uploads\/2024\/03\/image-66.png\" alt=\"\" class=\"wp-image-7844\"\/><figcaption class=\"wp-element-caption\">Karol Darwin<\/figcaption><\/figure><\/div>\n\n\n<p>Idee Karola Darwina zosta\u0142y w tym czasie uwzgl\u0119dnione tak\u017ce przez zwolennik\u00f3w aryjskiej wy\u017cszo\u015bci rasowej, a koncepcj\u0119 przetrwania najsilniejszych z \u0142atwo\u015bci\u0105 zastosowano do interakcji mi\u0119dzy grupami rasowymi.<\/p>\n\n\n\n<p>Za\u0142o\u017cenie Darwina, \u017ce \u200b\u200bewolucja poprzez dob\u00f3r naturalny mo\u017ce skutkowa\u0107 stopniow\u0105 popraw\u0105 ka\u017cdego gatunku, zosta\u0142o odwr\u00f3cone przez zwolennik\u00f3w aryizmu, kt\u00f3ry&nbsp;&nbsp;utrzymywa\u0142, \u017ce rasa nordycka dawno temu osi\u0105gn\u0119\u0142a pewien poziom doskona\u0142o\u015bci i by\u0142a zepsuta i podwa\u017cana przez krzy\u017cowanie ras z rasami ni\u017cszymi.<\/p>\n\n\n\n<p>W \u015bwietle tych fakt\u00f3w ju\u017c pod koniec XIX wieku w niekt\u00f3rych kr\u0119gach uk\u0142adano plany biologicznego udoskonalenia rasy ludzkiej.<\/p>\n\n\n<div class=\"wp-block-image\">\n<figure class=\"alignright size-full\"><img loading=\"lazy\" decoding=\"async\" width=\"184\" height=\"200\" src=\"https:\/\/wia.net.pl\/wp-content\/uploads\/2024\/03\/image-67.png\" alt=\"\" class=\"wp-image-7845\"\/><figcaption class=\"wp-element-caption\">J\u00f3zef Ernest Renan<\/figcaption><\/figure><\/div>\n\n\n<p>Francuski pisarz Ernest Renan wierzy\u0142, \u017ce w przysz\u0142o\u015bci selektywna hodowla doprowadzi do ostatecznego stworzenia \u201ebog\u00f3w i dew\u00f3w\u201d.\u00a0<\/p>\n\n\n\n<p>Joseph Ernest Renan (28 lutego 1823 &#8211; 2 pa\u017adziernika 1892) by\u0142 francuskim znawc\u0105 staro\u017cytnych j\u0119zyk\u00f3w i cywilizacji Bliskiego Wschodu, filozofem i pisarzem, oddanym swojej rodzinnej prowincji Bretanii.\u00a0Najbardziej znany jest ze swoich wp\u0142ywowych prac historycznych na temat wczesnego chrze\u015bcija\u0144stwa i swoich teorii politycznych, zw\u0142aszcza dotycz\u0105cych nacjonalizmu i to\u017csamo\u015bci narodowej.\u00a0Jego liczne wymiany pogl\u0105d\u00f3w z Augustem Comtem zaowocowa\u0142y napisaniem esej\u00f3w filozoficznych.\u00a0Renan, niezwykle wp\u0142ywowy za swojego \u017cycia, by\u0142 wychwalany po swojej \u015bmierci jako uciele\u015bnienie post\u0119powego ducha w kulturze zachodniej.\u00a0<\/p>\n\n\n\n<p>Anatole France napisa\u0142, \u017ce Renan by\u0142 wcieleniem nowoczesno\u015bci.\u00a0W swoim dokumencie \u201eDoktryna faszyzmu\u201d z 1932 r. W\u0142oski dyktator Benito Mussolini r\u00f3wnie\u017c pochwali\u0142 \u201eprzedfaszystowskie intuicje\u201d w cz\u0119\u015bci \u201eMedytacji\u201d Renana, kt\u00f3ra argumentowa\u0142a przeciwko demokracji i prawom jednostki jako \u201echimerycznych\u201d i wewn\u0119trznie sprzecznych z \u201eplanami natury\u201d.<\/p>\n\n\n\n<p>Zaproponowano rozw\u00f3j hodowli bohater\u00f3w w \u015brodkowej Azji.<\/p>\n\n\n\n<p>Je\u015bli komu\u015b nie podobaj\u0105 si\u0119 takie pomys\u0142y, powinien rozwa\u017cy\u0107, w jaki spos\u00f3b pszczo\u0142y i mr\u00f3wki hoduj\u0105 osobniki do okre\u015blonych funkcji lub w jaki spos\u00f3b botanicy tworz\u0105 hybrydy.<\/p>\n\n\n\n<p>Taki projekt m\u00f3g\u0142by skoncentrowa\u0107 ca\u0142\u0105 energi\u0119 nerwow\u0105 w m\u00f3zgu\u2026 Zainteresowanym wydawa\u0142o si\u0119, \u017ce je\u015bli takie rozwi\u0105zanie by\u0142oby w og\u00f3le mo\u017cliwe do zrealizowania na planecie Ziemia, to dzi\u0119ki nordyckiemu Aryjczykowi zostanie ono osi\u0105gni\u0119te.<\/p>\n\n\n\n<p class=\"has-text-align-center has-medium-font-size\"><strong>Polarny raj<\/strong><\/p>\n\n\n<div class=\"wp-block-image\">\n<figure class=\"alignright size-full\"><img loading=\"lazy\" decoding=\"async\" width=\"320\" height=\"244\" src=\"https:\/\/wia.net.pl\/wp-content\/uploads\/2024\/03\/image-54.png\" alt=\"\" class=\"wp-image-7832\" srcset=\"https:\/\/wia.net.pl\/wp-content\/uploads\/2024\/03\/image-54.png 320w, https:\/\/wia.net.pl\/wp-content\/uploads\/2024\/03\/image-54-300x229.png 300w\" sizes=\"(max-width: 320px) 100vw, 320px\" \/><figcaption class=\"wp-element-caption\">Thule \u2013 polarny raj<\/figcaption><\/figure><\/div>\n\n\n<p>Pragn\u0105c na nowo odkry\u0107 mityczne i kulturowe korzenie rasy pan\u00f3w, zwolennicy aryizmu odwr\u00f3cili si\u0119 od upa\u0142u biblijnego mezopotamskiego raju i zamiast tego spojrzeli w stron\u0119 ch\u0142odnej i dziewiczej wytrzyma\u0142o\u015bci Dalekiej P\u00f3\u0142nocy.<\/p>\n\n\n\n<p>XVIII-wieczny polityk Jean-Sylvain Bailly (1736-1793) wykona\u0142 ju\u017c wiele prac pod radykaln\u0105 reinterpretacj\u0119 pochodzenia ludzko\u015bci dzi\u0119ki swemu niezwykle oryginalnemu po\u0142\u0105czeniu wschodniego mistycyzmu i astronomii.<\/p>\n\n\n\n<p>Wed\u0142ug Bailly\u2019ego staro\u017cytne kultury Egiptu, Chaldei i Indii by\u0142y w rzeczywisto\u015bci spadkobiercami znacznie starszego zasobu wiedzy, posiadanej w odleg\u0142ej przesz\u0142o\u015bci przez dawno zaginion\u0105 wy\u017csz\u0105 kultur\u0119 \u017cyj\u0105c\u0105 na przedpotopowej P\u00f3\u0142nocy.<\/p>\n\n\n\n<p>Bailly wierzy\u0142, \u017ce to w\u0142a\u015bnie ta staro\u017cytna kultura wynalaz\u0142a zodiak oko\u0142o 4600 roku p.n.e.<\/p>\n\n\n\n<p>Cz\u0142onkowie tej cywilizacji przenie\u015bli si\u0119 nast\u0119pnie z p\u00f3\u0142nocnej Azji do Indii.<\/p>\n\n\n\n<p>Dla Bailly&#8217;ego twierdzenie to zosta\u0142o poparte podobie\u0144stwem niekt\u00f3rych legend w p\u00f3\u017aniejszych kulturach \u017cyj\u0105cych daleko od siebie: na przyk\u0142ad legenda o Feniksie, kt\u00f3r\u0105 mo\u017cna znale\u017a\u0107 zar\u00f3wno w Egipcie, jak i w skandynawskich Eddach.<\/p>\n\n\n<div class=\"wp-block-image\">\n<figure class=\"alignleft size-full is-resized\"><img loading=\"lazy\" decoding=\"async\" width=\"320\" height=\"250\" src=\"https:\/\/wia.net.pl\/wp-content\/uploads\/2024\/03\/image-68.png\" alt=\"\" class=\"wp-image-7846\" style=\"width:300px;height:auto\" srcset=\"https:\/\/wia.net.pl\/wp-content\/uploads\/2024\/03\/image-68.png 320w, https:\/\/wia.net.pl\/wp-content\/uploads\/2024\/03\/image-68-300x234.png 300w\" sizes=\"(max-width: 320px) 100vw, 320px\" \/><figcaption class=\"wp-element-caption\">Coroczne zanikanie S\u0142o\u0144ca<\/figcaption><\/figure><\/div>\n\n\n<p>Bailly zr\u00f3wna\u0142 szczeg\u00f3\u0142y \u015bmierci i odrodzenia Feniksa z corocznym znikni\u0119ciem S\u0142o\u0144ca na 65 dni na 71\u00b0 szeroko\u015bci geograficznej p\u00f3\u0142nocnej.<\/p>\n\n\n\n<p>Nast\u0119pnie por\u00f3wna\u0142 Feniksa z rzymskim bogiem Janusem, bogiem czasu, kt\u00f3rego w prawej r\u0119ce przedstawia liczba 300, a w lewej 65 (co odpowiada oczywi\u015bcie 300 dniom \u015bwiat\u0142a dziennego i 65 dni ciemno\u015bci ka\u017cdego roku na dalekich p\u00f3\u0142nocnych szeroko\u015bciach geograficznych).<\/p>\n\n\n<div class=\"wp-block-image\">\n<figure class=\"alignright size-full is-resized\"><img loading=\"lazy\" decoding=\"async\" width=\"320\" height=\"320\" src=\"https:\/\/wia.net.pl\/wp-content\/uploads\/2024\/03\/image-69.png\" alt=\"\" class=\"wp-image-7847\" style=\"width:281px;height:auto\" srcset=\"https:\/\/wia.net.pl\/wp-content\/uploads\/2024\/03\/image-69.png 320w, https:\/\/wia.net.pl\/wp-content\/uploads\/2024\/03\/image-69-300x300.png 300w, https:\/\/wia.net.pl\/wp-content\/uploads\/2024\/03\/image-69-150x150.png 150w\" sizes=\"(max-width: 320px) 100vw, 320px\" \/><figcaption class=\"wp-element-caption\">Legenda Adonisa<\/figcaption><\/figure><\/div>\n\n\n<p>W ten spos\u00f3b Bailly doszed\u0142 do wniosku, \u017ce Janus by\u0142 w rzeczywisto\u015bci bogiem p\u00f3\u0142nocy, kt\u00f3ry w odleg\u0142ej przesz\u0142o\u015bci przeni\u00f3s\u0142 si\u0119 na po\u0142udnie wraz ze swoimi pierwotnymi wyznawcami.<\/p>\n\n\n\n<p>Na poparcie swojej teorii Bailly przytoczy\u0142 tak\u017ce legend\u0119 o Adonisie, kt\u00f3ry zgodnie z nakazem Jowisza sp\u0119dza\u0142 jedn\u0105 trzeci\u0105 ka\u017cdego roku na Olimpie, jedn\u0105 trzeci\u0105 z Wenus i jedn\u0105 trzeci\u0105 w Hadesie z Persefon\u0105.<\/p>\n\n\n\n<p>Bailly powi\u0105za\u0142 t\u0119 legend\u0119 z warunkami panuj\u0105cymi na obszarze geograficznym na 79\u00b0 szeroko\u015bci geograficznej p\u00f3\u0142nocnej, gdzie S\u0142o\u0144ce znika na cztery miesi\u0105ce (jedn\u0105 trzeci\u0105) roku.<\/p>\n\n\n\n<p>Dla Bailly\u2019ego mocno sugerowa\u0142o to zachowanie staro\u017cytnej wiedzy cywilizacji nordyckiej, kt\u00f3ra zosta\u0142a zakodowana w licznych legendach przekazywanych kolejnym kulturom.<\/p>\n\n\n<div class=\"wp-block-image\">\n<figure class=\"alignleft size-full\"><img loading=\"lazy\" decoding=\"async\" width=\"135\" height=\"200\" src=\"https:\/\/wia.net.pl\/wp-content\/uploads\/2024\/03\/image-70.png\" alt=\"\" class=\"wp-image-7848\"\/><figcaption class=\"wp-element-caption\">Georges-Louis Leclerc,<br><br>hrabia de Buffon<\/figcaption><\/figure><\/div>\n\n\n<p>Idee te korespondowa\u0142y w pewnym stopniu z pracami pewnego hrabiego de Buffon, kt\u00f3ry w 1749 r. doszed\u0142 do wniosku, \u017ce Ziemia powsta\u0142a znacznie wcze\u015bniej ni\u017c chrze\u015bcija\u0144ska data 4004 r. p.n.e.\u00a0Georges-Louis Leclerc, hrabia de Buffon (7 wrze\u015bnia 1707 &#8211; 16 kwietnia 1788) by\u0142 francuskim przyrodnikiem, matematykiem, kosmologiem i autorem encyklopedii.\u00a0<\/p>\n\n\n\n<p>Jego prace wywar\u0142y wp\u0142yw na kolejne dwa pokolenia przyrodnik\u00f3w, w tym Jean-Baptiste Lamarck i Georges Cuvier.\u00a0Buffon opublikowa\u0142 za \u017cycia trzydzie\u015bci sze\u015b\u0107 tom\u00f3w swojej Histoire naturelle quarto;\u00a0z dodatkowymi tomami opartymi na jego notatkach i dalszych badaniach opublikowanych w ci\u0105gu dw\u00f3ch dekad po jego \u015bmierci.\u00a0M\u00f3wi si\u0119, \u017ce \u201e\u00a0<em>Buffon by\u0142 ojcem ca\u0142ej my\u015bli w historii naturalnej drugiej po\u0142owy XVIII wieku<\/em>\u00a0\u201d.<\/p>\n\n\n\n<p>Buffon wysun\u0105\u0142 logiczn\u0105 sugesti\u0119 (w ramach swojego planu stworzenia), \u017ce regiony polarne jako pierwsze ostyg\u0142yby na tyle, aby umo\u017cliwi\u0107 rozw\u00f3j&nbsp;&nbsp;\u017cycia, i dlatego umie\u015bci\u0142 pierwsz\u0105 ludzk\u0105 cywilizacj\u0119 na dalekich p\u00f3\u0142nocnych szeroko\u015bciach geograficznych.<\/p>\n\n\n\n<p>Dla Bailly\u2019ego by\u0142o to wystarczaj\u0105ce uzasadnienie jego w\u0142asnych pogl\u0105d\u00f3w na temat regionu Arktyki jako kolebki ludzko\u015bci.<\/p>\n\n\n\n<p>Pow\u00f3d migracji tej pierwszej cywilizacji na po\u0142udnie sta\u0142 si\u0119 oczywisty:&nbsp;&nbsp;poniewa\u017c klimat umiarkowany najlepiej sprzyja post\u0119powi spo\u0142ecznemu, intelektualnemu i naukowemu, wyra\u017anie konieczne sta\u0142o si\u0119 stopniowe oddalanie si\u0119 od region\u00f3w polarnych, gdy sta\u0142y si\u0119 one zbyt zimne, a temperatury w po\u0142udniowe szeroko\u015bci geograficzne och\u0142odzi\u0142y si\u0119 z suchych do&nbsp;&nbsp;umiarkowanych.<\/p>\n\n\n\n<p>Migracja zosta\u0142a ostatecznie zako\u0144czona, gdy dotarto do Chaldei, Indii i Chin.<\/p>\n\n\n<div class=\"wp-block-image\">\n<figure class=\"alignright size-full\"><img loading=\"lazy\" decoding=\"async\" width=\"163\" height=\"200\" src=\"https:\/\/wia.net.pl\/wp-content\/uploads\/2024\/03\/image-71.png\" alt=\"\" class=\"wp-image-7849\"\/><figcaption class=\"wp-element-caption\">Bal Gangadhar Tilak<\/figcaption><\/figure><\/div>\n\n\n<p>Ide\u0119 polarnej ojczyzny ludzko\u015bci rozwin\u0105\u0142 tak\u017ce szczeg\u00f3\u0142owo Hindus Bal Gangadhar Tilak (1856-1920), kt\u00f3ry podczas pobytu w wi\u0119zieniu w 1897 r. jego gazeta \u201eThe Kesan\u201d.\u00a0Bal Gangadhar Tilak (23 lipca 1856 &#8211; 1 sierpnia 1920) by\u0142 indyjskim nacjonalist\u0105, dziennikarzem, nauczycielem, reformatorem spo\u0142ecznym, prawnikiem i dzia\u0142aczem niepodleg\u0142o\u015bciowym, kt\u00f3ry by\u0142 pierwszym popularnym przyw\u00f3dc\u0105 Indyjskiego Ruchu Niepodleg\u0142o\u015bciowego.\u00a0Otrzyma\u0142 tak\u017ce honorowy tytu\u0142 \u201eLokmanya\u201d, co dos\u0142ownie oznacza \u201eZaakceptowany przez lud (jako jego przyw\u00f3dca)\u201d.<\/p>\n\n\n\n<p>Opublikowana w\u00a0\u00a01903 roku ksi\u0105\u017cka Tilaka koncentruje si\u0119 na wieku i pierwotnym po\u0142o\u017ceniu indyjskiej cywilizacji wedyjskiej, od jej pocz\u0105tk\u00f3w w Arktyce oko\u0142o 10 000 lat p.n.e., a\u017c do jej zniszczenia w ostatniej epoce lodowcowej;\u00a0migracja do p\u00f3\u0142nocnej Europy i Azji w latach 8000-5000 p.n.e. i kompozycja hymn\u00f3w wedyjskich;\u00a0utrata tradycji arktycznych oko\u0142o 3000-1400 p.n.e.;\u00a0do okresu przedbuddyjskiego w latach 1400-500\u00a0\u00a0p.n.e.<\/p>\n\n\n<div class=\"wp-block-image\">\n<figure class=\"alignleft size-full\"><img loading=\"lazy\" decoding=\"async\" width=\"320\" height=\"225\" src=\"https:\/\/wia.net.pl\/wp-content\/uploads\/2024\/03\/image-72.png\" alt=\"\" class=\"wp-image-7850\" srcset=\"https:\/\/wia.net.pl\/wp-content\/uploads\/2024\/03\/image-72.png 320w, https:\/\/wia.net.pl\/wp-content\/uploads\/2024\/03\/image-72-300x211.png 300w\" sizes=\"(max-width: 320px) 100vw, 320px\" \/><figcaption class=\"wp-element-caption\">Teksty wedyjskie<\/figcaption><\/figure><\/div>\n\n\n<p>Lektura staro\u017cytnych tekst\u00f3w wedyjskich przez Tilaka potwierdzi\u0142a jego twierdzenie o prehistorycznej ojczy\u017anie na dalekiej p\u00f3\u0142nocy, opisuj\u0105c podobnie jak oni kr\u00f3lestwo zamieszkane przez bog\u00f3w, gdzie s\u0142o\u0144ce wschodzi\u0142o i zachodzi\u0142o raz&nbsp;&nbsp;w roku.&nbsp;<\/p>\n\n\n\n<p>Nale\u017cy zauwa\u017cy\u0107, \u017ce hymny wedyjskie s\u0105 pe\u0142ne obraz\u00f3w, kt\u00f3re czyni\u0105 nonsens w kontek\u015bcie codziennego wschodu s\u0142o\u0144ca, takich jak Trzydzie\u015bci Si\u00f3str \u015awitu kr\u0105\u017c\u0105cych jak ko\u0142o czy \u201e\u015awit Wielu Dni\u201d poprzedzaj\u0105cy wsch\u00f3d s\u0142o\u0144ca.<\/p>\n\n\n\n<p>Je\u017celi natomiast na\u0142o\u017cymy je na Biegun, to idealnie wpasowuj\u0105 si\u0119 na swoje miejsce.<\/p>\n\n\n\n<p>\u015awiat\u0142o s\u0142o\u0144ca kr\u0105\u017c\u0105cego pod horyzontem by\u0142oby widoczne przez co najmniej trzydzie\u015bci dni przed jego corocznym wschodem.<\/p>\n\n\n\n<p>Mo\u017cna sobie wyobrazi\u0107 poczucie oczekiwania odczuwane przez mieszka\u0144c\u00f3w, gdy \u015bwiat\u0142o na ko\u0142ach stawa\u0142o si\u0119 coraz ja\u015bniejsze i d\u0142uga zimowa noc dobiega\u0142a ko\u0144ca.<\/p>\n\n\n<div class=\"wp-block-image\">\n<figure class=\"alignright size-full\"><img loading=\"lazy\" decoding=\"async\" width=\"320\" height=\"200\" src=\"https:\/\/wia.net.pl\/wp-content\/uploads\/2024\/03\/image-73.png\" alt=\"\" class=\"wp-image-7851\" srcset=\"https:\/\/wia.net.pl\/wp-content\/uploads\/2024\/03\/image-73.png 320w, https:\/\/wia.net.pl\/wp-content\/uploads\/2024\/03\/image-73-300x188.png 300w\" sizes=\"(max-width: 320px) 100vw, 320px\" \/><figcaption class=\"wp-element-caption\">Epoka lodowcowa<\/figcaption><\/figure><\/div>\n\n\n<p>Data pierwszego pojawienia si\u0119 Aryjczyk\u00f3w w regionach polarnych przypada na rok 25 628 p.n.e. przypada na epok\u0119 mi\u0119dzylodowcow\u0105.<br><\/p>\n\n\n\n<p>Aryjczycy zostali zmuszeni do opuszczenia swojej ojczyzny, gdy \u015brodowisko stawa\u0142o si\u0119 coraz zimniejsze i bardziej wrogie.<br>Nadej\u015bcie\u00a0\u00a0epoki lodowcowej, kt\u00f3ra wyp\u0119dzi\u0142a Aryjczyk\u00f3w z ich przyjemnej ojczyzny, by\u0142o tylko jedn\u0105 z szeregu globalnych katastrof, kt\u00f3re udowodni\u0142y upadek co najmniej trzech innych staro\u017cytnych cywilizacji: Atlantydy, Lemurii i kultury zamieszkuj\u0105cej tereny dzisiejszej pustyni Gobi.<br><\/p>\n\n\n\n<p>Od tego momentu tradycja aryjska wp\u0142yn\u0119\u0142a na wielkie cywilizacje Egiptu, Sumeru i Babilonu.<\/p>\n\n\n\n<p class=\"has-text-align-center has-medium-font-size\"><strong>Od Hyperborei do Atlantydy<\/strong><\/p>\n\n\n<div class=\"wp-block-image\">\n<figure class=\"alignright size-full\"><img loading=\"lazy\" decoding=\"async\" width=\"320\" height=\"194\" src=\"https:\/\/wia.net.pl\/wp-content\/uploads\/2024\/03\/image-74.png\" alt=\"\" class=\"wp-image-7852\" srcset=\"https:\/\/wia.net.pl\/wp-content\/uploads\/2024\/03\/image-74.png 320w, https:\/\/wia.net.pl\/wp-content\/uploads\/2024\/03\/image-74-300x182.png 300w\" sizes=\"(max-width: 320px) 100vw, 320px\" \/><figcaption class=\"wp-element-caption\">Legenda Hyperborei<\/figcaption><\/figure><\/div>\n\n\n<p>Wielka rosyjska okultystka Helena B\u0142awatska posiada\u0142a znaczne informacje do ujawnienia na temat natury zaginionych cywilizacji, kt\u00f3rych filozofia i wiedza zosta\u0142y przekazane, cz\u0119sto w zniekszta\u0142conej formie, wielkim cywilizacjom Bliskiego i Dalekiego Wschodu.<\/p>\n\n\n<div class=\"wp-block-image\">\n<figure class=\"alignleft size-full\"><img loading=\"lazy\" decoding=\"async\" width=\"130\" height=\"200\" src=\"https:\/\/wia.net.pl\/wp-content\/uploads\/2024\/03\/image-75.png\" alt=\"\" class=\"wp-image-7853\"\/><figcaption class=\"wp-element-caption\">\u201eZwrotki Dziana\u201d<\/figcaption><\/figure><\/div>\n\n\n<p>Wed\u0142ug B\u0142awatskiej, kt\u00f3ra podczas pobytu w Tybecie zapoznawa\u0142a si\u0119 z fantastycznie starym dokumentem zatytu\u0142owanym \u201eStronki Dzyana\u201d, nasi odlegli przodkowie zamieszkiwali kilka zaginionych kontynent\u00f3w, z kt\u00f3rych pierwszy opisuje jako \u201eNiezniszczaln\u0105 \u015awi\u0119t\u0105 Krain\u0119\u201d, wieczne miejsce nieobci\u0105\u017cone przez czasami gwa\u0142towne losy zarezerwowane dla innych kontynent\u00f3w, by\u0142 to dom pierwszego cz\u0142owieka, a tak\u017ce \u201eostatnich boskich \u015bmiertelnik\u00f3w\u201d.<\/p>\n\n\n<div class=\"wp-block-image\">\n<figure class=\"alignright size-full\"><img loading=\"lazy\" decoding=\"async\" width=\"200\" height=\"150\" src=\"https:\/\/wia.net.pl\/wp-content\/uploads\/2024\/03\/image-76.png\" alt=\"\" class=\"wp-image-7854\"\/><figcaption class=\"wp-element-caption\">Hiperborea<\/figcaption><\/figure><\/div>\n\n\n<p>Drugim Kontynentem by\u0142a Hyperborea, kraina rozci\u0105gaj\u0105ca si\u0119 na po\u0142udnie i zach\u00f3d od Bieguna P\u00f3\u0142nocnego, aby przyj\u0105\u0107 Drug\u0105 Ras\u0119, i obejmuj\u0105ca ca\u0142o\u015b\u0107 tego, co obecnie znane jest jako Azja P\u00f3\u0142nocna.<br>\u201eDruga Rasa\u201d odnosi si\u0119 do jednej z Ras Podstawowych.<br>B\u0142awatska kontynuuje:<\/p>\n\n\n\n<p><em>\u201eKraina Hiperborejczyk\u00f3w, kraina rozci\u0105gaj\u0105ca si\u0119 poza Boreaszem, bogiem \u015bnieg\u00f3w i huragan\u00f3w o zamarzni\u0119tym sercu, kt\u00f3ry lubi\u0142 spa\u0107 ci\u0119\u017cko na \u0142a\u0144cuchu g\u00f3ry Rifeus, nie by\u0142a ani krajem idealnym, jak przypuszczali mitolodzy, ani te\u017c kraina w s\u0105siedztwie Scytii i Dunaju.&nbsp;By\u0142 to prawdziwy kontynent, kraina wierna, kt\u00f3ra w tamtych czasach nie zna\u0142a zimy, a jej pozosta\u0142o\u015bci pozosta\u0142y tylko przez jedn\u0105 noc w roku, nawet teraz.&nbsp;Nigdy nie padaj\u0105 na ni\u0105 cienie nocy, powiadali Grecy;&nbsp;jest to bowiem kraina Bog\u00f3w, ulubiona siedziba Apollina, boga \u015bwiat\u0142a, a jej mieszka\u0144cy to jego umi\u0142owani kap\u0142ani i s\u0142udzy.&nbsp;Mo\u017cna to teraz uzna\u0107 za fikcj\u0119 poetyck\u0105;&nbsp;ale wtedy by\u0142a to poetycka prawda.<\/em><\/p>\n\n\n\n<p>Trzecim kontynentem by\u0142a Lemuria (tak nazwana przez zoologa PL Sclatera w nawi\u0105zaniu do hipotetycznego zatopionego kontynentu rozci\u0105gaj\u0105cego si\u0119 od Madagaskaru po Sri Lank\u0119 i Sumatr\u0119).&nbsp;<\/p>\n\n\n\n<p>Czwartym kontynentem by\u0142a Atlantyda.<br>By\u0142aby&nbsp;<em>to pierwsza kraina historyczna, gdyby tradycjom staro\u017cytnych po\u015bwi\u0119cono wi\u0119cej uwagi ni\u017c dotychczas.&nbsp;S\u0142ynna wyspa Platona o tej nazwie by\u0142a zaledwie fragmentem tego wielkiego kontynentu.&nbsp;<\/em>&#8217;<\/p>\n\n\n\n<p>W swoim opisie Pi\u0105tego Kontynentu B\u0142awatska przywo\u0142uje obrazy kataklizmicznych przesuni\u0119\u0107 sejsmicznych w masie l\u0105dowej Ziemi:<\/p>\n\n\n\n<p>Pi\u0105ty kontynent to Europa i Azja Mniejsza.<br>\u201eTajna Doktryna\u201d nie uwzgl\u0119dnia wysp i p\u00f3\u0142wysp\u00f3w, ani nie pod\u0105\u017ca za wsp\u00f3\u0142czesnym rozmieszczeniem geograficznym l\u0105d\u00f3w i m\u00f3rz.<\/p>\n\n\n\n<p>Od dnia pierwszych nauk i zniszczenia wielkiej Atlantydy oblicze ziemi zmieni\u0142o si\u0119 wi\u0119cej ni\u017c raz.<br>By\u0142 czas, kiedy delta Egiptu i Afryki P\u00f3\u0142nocnej nale\u017ca\u0142a do Europy, zanim uformowanie si\u0119 Cie\u015bniny Gibraltarskiej i dalsze wstrz\u0105sy na kontynencie ca\u0142kowicie zmieni\u0142y oblicze mapy Europy.<br>Ostatnia powa\u017cna zmiana nast\u0105pi\u0142a oko\u0142o 12 000 lat temu, po czym nast\u0105pi\u0142o zanurzenie ma\u0142ej atlantyckiej wyspy Platona, kt\u00f3r\u0105 nazywa \u201eAtlantyd\u0105\u201d od jej macierzystego kontynentu.<\/p>\n\n\n\n<p>B\u0142awatska przeczyta\u0142a w \u201eZwrotkach Dzyana\u201d, \u017ce na Ziemi znajduje si\u0119 siedem wielkich kontynent\u00f3w,&nbsp;&nbsp;<em>\u201ez kt\u00f3rych cztery prze\u017cy\u0142y ju\u017c swoje dni, pi\u0105ty nadal istnieje, a dwa maj\u0105 pojawi\u0107 si\u0119 w przysz\u0142o\u015bci<\/em>&nbsp;\u201d.&nbsp;<\/p>\n\n\n\n<p>Opr\u00f3cz strof Dzyana, B\u0142awatska czerpa\u0142a z ogromnej liczby tekst\u00f3w religijnych, w tym hinduskich Puran, kt\u00f3re m\u00f3wi\u0105 o krainie zwanej Svita-Dvipa (Hyperborea), czyli Bia\u0142\u0105 Wysp\u0105,<\/p>\n\n\n\n<p>w centrum kt\u00f3rej znajduje si\u0119 G\u00f3ra Meru, duchowe centrum \u015bwiata.<br>&nbsp;Je\u015bli przyjmiemy atrybuty nadawane G\u00f3rze Meru w \u015bwi\u0119tych tekstach Hindus\u00f3w \u2013&nbsp;&nbsp;trzeba przyzna\u0107, \u017ce g\u00f3ra ta nie istnieje nigdzie na&nbsp;&nbsp;<em>fizycznej<\/em>&nbsp;&nbsp;Ziemi.<br>To doprowadzi\u0142o orientalist\u00f3w do spekulacji, \u017ce Bia\u0142a Wyspa i&nbsp;&nbsp;G\u00f3ra Meru znajduj\u0105 si\u0119 w innym wymiarze, zajmuj\u0105cym t\u0119 sam\u0105 pozorn\u0105 przestrze\u0144 co Ziemia i kt\u00f3ry jest widoczny (i osi\u0105galny) dla istot posiadaj\u0105cych wystarczaj\u0105co zaawansowan\u0105 duchowo\u015b\u0107.<\/p>\n\n\n\n<p>Legendarna kraina \u201eHyperborei\u201d stanowi\u0142a tak\u017ce centralny punkt pism francuskiego okultysty Rene Guenona (1886-1951), kt\u00f3ry podobnie jak B\u0142awatska twierdzi\u0142, \u017ce otrzyma\u0142 informacje z ukrytych \u017ar\u00f3de\u0142 orientalnych.<br><\/p>\n\n\n\n<p>Hyperborea Guenona jest bardzo podobna do Hiperborei B\u0142awatskiej.<br><\/p>\n\n\n\n<p>Wraz z p\u00f3\u017aniejsz\u0105 cywilizacj\u0105 atlantydzk\u0105,\u00a0\u00a0Hyperborea by\u0142a \u017ar\u00f3d\u0142em wszelkich tradycji religijnych i duchowych w naszym wsp\u00f3\u0142czesnym \u015bwiecie.<br><\/p>\n\n\n\n<p>Guenon pisa\u0142 tak\u017ce o g\u00f3rze Meru, chocia\u017c w kategoriach symbolicznych.<br><\/p>\n\n\n\n<p>Z jego esej\u00f3w na temat symboliki wynika, \u017ce \u200b\u200bGuenon nie uwa\u017ca\u0142 Meru za rzeczywist\u0105 g\u00f3r\u0119 po\u0142o\u017con\u0105 na biegunie p\u00f3\u0142nocnym, ale raczej za symbol osi Ziemi, kt\u00f3ra przechodzi przez biegun i wskazuje na Arktoi, konstelacje Wielkiego i Ma\u0142ej Nied\u017awiedzicy.<\/p>\n\n\n\n<p>W tym miejscu powinni\u015bmy zatrzyma\u0107 si\u0119 i rozwa\u017cy\u0107 pytanie, kt\u00f3re mog\u0142o przyj\u015b\u0107 do g\u0142owy czytelnikowi: zak\u0142adaj\u0105c istnienie prehistorycznych ras korzeni ludzko\u015bci, dlaczego \u017cadne z ich szcz\u0105tk\u00f3w nigdy nie zosta\u0142y odkryte i wydobyte przez archeolog\u00f3w i paleontolog\u00f3w?&nbsp;Opr\u00f3cz oczywistej, ale niezbyt zadowalaj\u0105cej odpowiedzi, \u017ce zdecydowana wi\u0119kszo\u015b\u0107 ziemskiego zapisu kopalnego nie zosta\u0142a jeszcze odkryta, nale\u017cy pami\u0119ta\u0107, \u017ce wed\u0142ug Guenona, B\u0142awatskiej i innych teozof\u00f3w wczesna Ziemia i jej bajeczni pierwotni mieszka\u0144cy nie byli sta\u0142e, cielesne istoty, ale sk\u0142ada\u0142y si\u0119 z rozrzedzonej substancji duchowej, kt\u00f3ra dopiero p\u00f3\u017aniej zst\u0105pi\u0142a do stanu materialnego.&nbsp;Z tego te\u017c powodu nigdy nie odnaleziono ich szcz\u0105tk\u00f3w.<\/p>\n\n\n\n<p>\u0141atwo zobaczy\u0107, jak g\u0142\u00f3wne za\u0142o\u017cenia teozofii \u2013 staro\u017cytne cywilizacje, pochodzenie rasy aryjskiej i wysoka pozycja aryjska tej rasy \u2013 by\u0142y atrakcyjne dla niemieckich okultyst\u00f3w i nacjonalist\u00f3w, kt\u00f3rzy tak nienawidzili wsp\u00f3\u0142czesnego \u015bwiata ko\u0144ca XIX i pocz\u0105tek XX wieku.<br>Modernizm w og\u00f3le by\u0142 postrzegany jako zjawisko w du\u017cej mierze&nbsp;<em>&nbsp;miejskie<\/em>&nbsp;, wyrafinowane, \u017cydowskie, co obejmowa\u0142o pewne aspekty nauki, technologii, rewolucji przemys\u0142owej i oczywi\u015bcie kapitalizmu.<br>Doktryny teozof\u00f3w z powodzeniem po\u0142\u0105czy\u0142y nauk\u0119 i mistycyzm, przejmuj\u0105c teorie Darwina dotycz\u0105ce&nbsp;&nbsp;doboru naturalnego i przetrwania najsilniejszych i stosuj\u0105c je do koncepcji duchowej&nbsp;&nbsp;walki pomi\u0119dzy rasami Ziemi (w wyniku kt\u00f3rej powsta\u0142a rasa aryjska), kt\u00f3ra by\u0142a niezb\u0119dny element ewolucji&nbsp;&nbsp;<em>ducha<\/em>&nbsp;.&nbsp;<\/p>\n\n\n\n<p>Nale\u017cy pami\u0119ta\u0107, \u017ce dzie\u0142a B\u0142awatskiej wydaj\u0105 si\u0119 by\u0107 efektem ogromnej wiedzy naukowej i by\u0142y niezwykle przekonuj\u0105ce.<br>Uzasadnienie wielu p\u00f3\u017aniejszych&nbsp;projekt\u00f3w v\u00f6 lkischa mo\u017cna prze\u015bledzi\u0107 wstecz \u2013 poprzez pisma von Lista, von Sebottendorffa i von Liebenfelsa \u2013 do idei spopularyzowanych po raz pierwszy przez B\u0142awatsk\u0105.<br>Kastowy system ras, znaczenie staro\u017cytnych alfabet\u00f3w (zw\u0142aszcza run), wy\u017cszo\u015b\u0107 Aryjczyk\u00f3w (bia\u0142a rasa wywodz\u0105ca si\u0119 z Himalaj\u00f3w), wersja astrologii i astronomii, kosmiczne prawdy zakodowane w poga\u0144skich mitach. Wszystko to i jeszcze wi\u0119cej mo\u017cna znale\u017a\u0107 zar\u00f3wno u B\u0142awatskiej, jak i w samym narodowym socjalizmie, a konkretnie w ideologii SS.<br>W ko\u0144cu to B\u0142awatska wskaza\u0142a na najwy\u017csze okultystyczne znaczenie swastyki.<\/p>\n\n\n\n<p>Pomimo proklamowania supremacji rasy aryjskiej, teozofia nie postrzega\u0142a siebie jako z natury \u201eprawicowej\u201d, a sama B\u0142awatska nie anga\u017cowa\u0142a si\u0119 otwarcie w polityk\u0119.<br>Chocia\u017c na prze\u0142omie wiek\u00f3w zainspirowa\u0142a ona du\u017c\u0105 liczb\u0119 niemieckich okultyst\u00f3w i nacjonalist\u00f3w, teozofia zosta\u0142a p\u00f3\u017aniej st\u0142umiona w Trzeciej Rzeszy.<\/p>\n\n\n\n<p class=\"has-text-align-center has-medium-font-size\"><strong>Islandia i Antarktyda<\/strong><\/p>\n\n\n\n<p>Jest faktem historycznym, \u017ce Trzecia Rzesza organizowa\u0142a wyprawy na Islandi\u0119, Antarktyd\u0119 i Tybet.<br>Prawdziwe powody tych wypraw by\u0142y jednak przedmiotem powa\u017cnej debaty przez dziesi\u0119ciolecia od zako\u0144czenia wojny.<br><\/p>\n\n\n\n<p>V\u00f6lkischow\u0105 koncepcj\u0119 Thule wywodzi si\u0119 od Guido von List, Jorga Lanza von Liebenfelsa i Rudolfa von Sebottendorffa, kt\u00f3rzy postrzegali j\u0105 jako staro\u017cytn\u0105 ojczyzn\u0119 rasy aryjskiej.\u00a0(W pewnym momencie pomi\u0119dzy III a IV wiekiem p.n.e. Pyteasz z Massilii odby\u0142 podr\u00f3\u017c na p\u00f3\u0142noc. Dotar\u0142 do Szkocji i p\u0142yn\u0105\u0142 przez kolejne sze\u015b\u0107 dni, prawdopodobnie docieraj\u0105c do Szetland\u00f3w P\u00f3\u0142nocnych. Nast\u0119pnie twierdzi\u0142, \u017ce dotar\u0142 do krainy Thule, kt\u00f3re mog\u0142o by\u0107 Islandi\u0105, a mo\u017ce Norwegi\u0105, zanim napotka\u0142o zamarzni\u0119te morze.)<\/p>\n\n\n<div class=\"wp-block-image\">\n<figure class=\"alignright size-full\"><img loading=\"lazy\" decoding=\"async\" width=\"200\" height=\"138\" src=\"https:\/\/wia.net.pl\/wp-content\/uploads\/2024\/03\/image-77.png\" alt=\"\" class=\"wp-image-7855\"\/><figcaption class=\"wp-element-caption\">Islandia<\/figcaption><\/figure><\/div>\n\n\n<p>Volkischowa fascynacja skandynawskimi Eddami doprowadzi\u0142a von Sebottendorffa do wniosku, \u017ce rzekomo dawno zaginiona kraina Thule to w rzeczywisto\u015bci Islandia.<br><\/p>\n\n\n\n<p>To powi\u0105zanie z utracon\u0105 ojczyzn\u0105 aryjsk\u0105 spowodowa\u0142o du\u017ce zainteresowanie mo\u017cliwo\u015bci\u0105 odnalezienia dalszych \u015blad\u00f3w ich odleg\u0142ej historii, a nawet samego pochodzenia, w\u015br\u00f3d jaski\u0144 i prehistorycznych zabytk\u00f3w wyspy.\u00a0<\/p>\n\n\n\n<p>Organizacja zwana Towarzystwem Nordyckim zosta\u0142a za\u0142o\u017cona w Lubece przez Alfreda Rosenberga (1893-1945), mistyka v\u00f6lkisch, filozofa i redaktora \u201eVolkischer Beobachter\u201d.<\/p>\n\n\n<div class=\"wp-block-image\">\n<figure class=\"alignleft size-full\"><img loading=\"lazy\" decoding=\"async\" width=\"320\" height=\"191\" src=\"https:\/\/wia.net.pl\/wp-content\/uploads\/2024\/03\/image-78.png\" alt=\"\" class=\"wp-image-7856\" srcset=\"https:\/\/wia.net.pl\/wp-content\/uploads\/2024\/03\/image-78.png 320w, https:\/\/wia.net.pl\/wp-content\/uploads\/2024\/03\/image-78-300x179.png 300w\" sizes=\"(max-width: 320px) 100vw, 320px\" \/><figcaption class=\"wp-element-caption\">Islandia<\/figcaption><\/figure><\/div>\n\n\n<p>W sk\u0142ad towarzystwa wchodzili przedstawiciele Norwegii, Szwecji, Finlandii, Danii i Islandii, kt\u00f3rzy zjednoczyli si\u0119, aby broni\u0107 narod\u00f3w nordyckich przed zagro\u017ceniem sowieckim, \u017cydowskim i&nbsp;&nbsp;maso\u0144skim.<\/p>\n\n\n\n<p>Rosenberg wyja\u015bni\u0142 swoj\u0105 mitologi\u0119 Thulean w swojej ksi\u0105\u017cce \u201eDer Mythus des 20. Jahrhunderts\u201d (Mit XX wieku), opublikowanej w 1930 r., kt\u00f3ra by\u0142a ogromnym bestsellerem w Niemczech.<br>W pierwszym rozdziale ksi\u0105\u017cki Rosenberg wyja\u015bnia podstawy swojej wiary w staro\u017cytn\u0105 ojczyzn\u0119 aryjsk\u0105 na p\u00f3\u0142nocy:<\/p>\n\n\n\n<p>Geolodzy&nbsp;<em>pokazuj\u0105 nam kontynent pomi\u0119dzy Ameryk\u0105 P\u00f3\u0142nocn\u0105 a Europ\u0105, kt\u00f3rego pozosta\u0142o\u015bci mo\u017cemy dzi\u015b ogl\u0105da\u0107 na Grenlandii i Islandii.&nbsp;M\u00f3wi\u0105 nam, \u017ce na wyspach po drugiej stronie Dalekiej P\u00f3\u0142nocy (Nowa Ziemia) znajduj\u0105 si\u0119 dawne \u015blady p\u0142yw\u00f3w, kt\u00f3re s\u0105 o ponad 100 metr\u00f3w wy\u017csze ni\u017c dzisiejsze;&nbsp;czyni\u0105 prawdopodobnym, \u017ce Biegun P\u00f3\u0142nocny zaw\u0119drowa\u0142 i \u017ce w obecnej Arktyce panowa\u0142 kiedy\u015b znacznie \u0142agodniejszy klimat.&nbsp;Wszystko to pozwala staro\u017cytnej legendzie o Atlantydzie ukaza\u0107 si\u0119 w nowym \u015bwietle.&nbsp;Nie wydaje si\u0119 niemo\u017cliwe, \u017ce tam, gdzie obecnie fale Oceanu Atlantyckiego rozbijaj\u0105 si\u0119 i urywaj\u0105 gigantyczne g\u00f3ry lodowe,&nbsp;&nbsp;<\/em><em>kiedy\u015b z wody wy\u0142oni\u0142 si\u0119 kwitn\u0105cy kontynent, na kt\u00f3rym tw\u00f3rcza rasa wychowa\u0142a pot\u0119\u017cn\u0105, wszechstronn\u0105 kultur\u0119 i wys\u0142a\u0142a swoje dzieci w \u015bwiat jako marynarze i wojownicy.&nbsp;Ale nawet je\u015bli tej atlantydzkiej hipotezy nie da si\u0119 utrzyma\u0107, nale\u017cy za\u0142o\u017cy\u0107, \u017ce istnia\u0142o prehistoryczne p\u00f3\u0142nocne centrum kultury<\/em>&nbsp;.<\/p>\n\n\n<div class=\"wp-block-image\">\n<figure class=\"alignleft size-full\"><img loading=\"lazy\" decoding=\"async\" width=\"200\" height=\"200\" src=\"https:\/\/wia.net.pl\/wp-content\/uploads\/2024\/03\/image-79.png\" alt=\"\" class=\"wp-image-7857\" srcset=\"https:\/\/wia.net.pl\/wp-content\/uploads\/2024\/03\/image-79.png 200w, https:\/\/wia.net.pl\/wp-content\/uploads\/2024\/03\/image-79-150x150.png 150w\" sizes=\"(max-width: 200px) 100vw, 200px\" \/><figcaption class=\"wp-element-caption\">Islandia<\/figcaption><\/figure><\/div>\n\n<div class=\"wp-block-image\">\n<figure class=\"alignright size-full\"><img loading=\"lazy\" decoding=\"async\" width=\"200\" height=\"199\" src=\"https:\/\/wia.net.pl\/wp-content\/uploads\/2024\/03\/image-80.png\" alt=\"\" class=\"wp-image-7858\" srcset=\"https:\/\/wia.net.pl\/wp-content\/uploads\/2024\/03\/image-80.png 200w, https:\/\/wia.net.pl\/wp-content\/uploads\/2024\/03\/image-80-150x150.png 150w\" sizes=\"(max-width: 200px) 100vw, 200px\" \/><figcaption class=\"wp-element-caption\"><a href=\"http:\/\/thirdreichocculthistory.blogspot.co.uk\/2014\/03\/die-deutsche-ahnenerbe.html\" target=\"_blank\" rel=\"noreferrer noopener\">Ahnenerbe<\/a><\/figcaption><\/figure><\/div>\n\n\n<p>Wyprawy zosta\u0142y autoryzowane przez Heinricha Himmlera pod auspicjami Ahnenerbe&nbsp;<a href=\"http:\/\/thirdreichocculthistory.blogspot.co.uk\/2014\/03\/die-deutsche-ahnenerbe.html\" target=\"_blank\" rel=\"noreferrer noopener\">\u2013<\/a>&nbsp;Stowarzyszenia SS na rzecz Bada\u0144 i Nauczania o Dziedziczno\u015bci.<\/p>\n\n\n\n<p>Niemieckie zainteresowanie eksploracj\u0105 Antarktyki si\u0119ga 1873 roku, kiedy Eduard Dallman zorganizowa\u0142 wypraw\u0119 swoim parowcem Gronland w imieniu nowo za\u0142o\u017conego Niemieckiego Towarzystwa Bada\u0144 Polarnych.<\/p>\n\n\n\n<p><\/p>\n\n\n\n<p><\/p>\n\n\n<div class=\"wp-block-image\">\n<figure class=\"aligncenter size-full is-resized\"><img loading=\"lazy\" decoding=\"async\" width=\"200\" height=\"200\" src=\"https:\/\/wia.net.pl\/wp-content\/uploads\/2024\/03\/image-79.png\" alt=\"\" class=\"wp-image-7857\" style=\"width:340px;height:auto\" srcset=\"https:\/\/wia.net.pl\/wp-content\/uploads\/2024\/03\/image-79.png 200w, https:\/\/wia.net.pl\/wp-content\/uploads\/2024\/03\/image-79-150x150.png 150w\" sizes=\"(max-width: 200px) 100vw, 200px\" \/><figcaption class=\"wp-element-caption\"><strong>\u00a9 Prawa autorskie Petera Crawforda 2013<\/strong><\/figcaption><\/figure><\/div>\n\n\n<p class=\"has-text-align-center has-medium-font-size\"><strong>Projekt Islandia<\/strong><\/p>\n\n\n\n<p>Jak widzieli\u015bmy, nazi\u015bci postrzegali Islandi\u0119 jako ostatnie ocala\u0142e po\u0142\u0105czenie z ojczyzn\u0105 ich przodk\u00f3w, Thule.<br><\/p>\n\n\n\n<p>Wywodzi si\u0119 to z nauk von Sebottendorffa, kt\u00f3ry rozumia\u0142 Ultima Thula, s\u0142ynne miejsce docelowe Pyteasza w IV wieku p.n.e., jako identyczne z Islandi\u0105.<br><\/p>\n\n\n\n<p>Dla nich Thule odpowiada\u0142o ich w\u0142asnemu mitowi o Atlantydzie;\u00a0podczas gdy reszta rasy ludzkiej mog\u0142a pochodzi\u0107 od ma\u0142p, filozofowie V\u00f6lkisch byli przekonani, \u017ce rasa aryjska zst\u0105pi\u0142a z nieba \u2013 stworzenie .\u00c6on\u00f3w)<br>(St\u0105d dyskusja o runach Menscha i Hagal jako symbolicznych \u201epochodzenia z niebie\u201d prawdziwego \u201eMenschen\u201d, Aryjczyka.)<br><\/p>\n\n\n\n<p>Wierzyli, \u017ce islandzki \u201eEddas\u201d kryj\u0105 tajne klucze do ich w\u0142asnej historii i \u017ce prawdopodobnie na Islandii wci\u0105\u017c istnieje wi\u0119cej wskaz\u00f3wek w postaci dolmen\u00f3w, staro\u017cytnych jaski\u0144 i prehistorycznych zabytk\u00f3w pomniki itp.<br><\/p>\n\n\n\n<p>Aby pobudzi\u0107 poparcie dla unii pannordyckiej przeciwko rasom ni\u017cszym, zorganizowali utworzenie \u201eNordic Gesellschaft\u201d (Towarzystwa Nordyckiego): organizacji z siedzib\u0105 w Lubece, kt\u00f3ra by\u0142a ulubionym projektem teoretyka rasy Alfred Rosenberg, Reichsleiter i cz\u0142onek najbli\u017cszego kr\u0119gu Hitlera.<br><\/p>\n\n\n\n<p>Rok po roku Rosenberg zwraca\u0142 si\u0119 do spo\u0142ecze\u0144stwa z\u0142o\u017conego z cz\u0142onk\u00f3w z Finlandii, Szwecji, Norwegii, Danii i oczywi\u015bcie Islandii, aby ostrzec ich przed bezpo\u015brednim niebezpiecze\u0144stwem i zagro\u017ceniem nadchodz\u0105cym ze Wschodu oraz o zasadniczej jedno\u015bci narod\u00f3w nordyckich \u2013 w oparciu o ras\u0119 i mistyczne pochodzenie.<br><\/p>\n\n\n\n<p>W ten spos\u00f3b powi\u0105zano \u015bwiaty naukowego rasizmu czy eugeniki darwinizmu spo\u0142ecznego z nordyckim poga\u0144stwem i antropologi\u0105.<br><\/p>\n\n\n\n<p>Znacz\u0105ce jest to, \u017ce Rosenberg i Darre uczestniczyli w tych spotkaniach, poniewa\u017c ci ludzie byli czo\u0142owymi poganami w najbli\u017cszym kr\u0119gu Hidera.<br><\/p>\n\n\n\n<p>Tam, gdzie Himmler chcia\u0142 otoczy\u0107 si\u0119 pu\u0142apkami dwudziestowiecznego tajnego stowarzyszenia, Rosenberg i Darre opowiadali si\u0119 za bardziej og\u00f3ln\u0105, popularniejsz\u0105, zorganizowan\u0105 przez pa\u0144stwo religi\u0105 poga\u0144sk\u0105, maj\u0105c\u0105 na zawsze zast\u0105pi\u0107 chrze\u015bcija\u0144stwo.<br>Tak wi\u0119c, podczas gdy Rosenberg i Darre robili, co mogli, aby stworzy\u0107 iluzj\u0119 wsp\u00f3lnoty pannordyckiej, Himmler upowa\u017cnia\u0142 misje do Islandii \u2013 pod auspicjami\u00a0<a href=\"http:\/\/thirdreichocculthistory.blogspot.co.uk\/2014\/03\/die-deutsche-ahnenerbe.html\" target=\"_blank\" rel=\"noreferrer noopener\">Ahnenerbe<\/a>\u00a0\u2013 w poszukiwaniu relikwii poga\u0144skich.<br><\/p>\n\n\n\n<p>W rezultacie\u00a0<a href=\"http:\/\/thirdreichocculthistory.blogspot.co.uk\/2014\/03\/die-deutsche-ahnenerbe.html\" target=\"_blank\" rel=\"noreferrer noopener\">Ahnenerbe<\/a>\u00a0wys\u0142a\u0142 misj\u0119 na Islandi\u0119 w 1938 roku.<br><\/p>\n\n\n\n<p>Na rozkaz Himmlera wyprawa mia\u0142a szuka\u0107 \u201ehof\u201d, miejsca kultu nordyckich bog\u00f3w, takich jak Thor i Odyn.<br><\/p>\n\n\n\n<p>Wyprawa ostatecznie zako\u0144czy\u0142a si\u0119 niepowodzeniem, poniewa\u017c Reichsbankowi brakowa\u0142o wystarczaj\u0105cych ilo\u015bci koron islandzkich na sfinansowanie swoich wydatk\u00f3w, g\u0142\u00f3wnie z powodu niemieckich ogranicze\u0144 dotycz\u0105cych waluty obcej.<br><\/p>\n\n\n\n<p>Islandzcy urz\u0119dnicy r\u00f3wnie\u017c zaprzeczyli\u00a0<a href=\"http:\/\/thirdreichocculthistory.blogspot.co.uk\/2014\/03\/die-deutsche-ahnenerbe.html\" target=\"_blank\" rel=\"noreferrer noopener\">Ahnenerbe<\/a>pozwolenie na prowadzenie prac wykopaliskowych na niekt\u00f3rych obszarach i chocia\u017c Ahnenerbe znale\u017ali jaskini\u0119, kt\u00f3r\u0105 uwa\u017cali za \u201ehof\u201d Himmlera, okaza\u0142o si\u0119, \u017ce nie by\u0142a ona zamieszkana przed XVIII wiekiem.<br><\/p>\n\n\n\n<p>Ahnenerbe\u00a0straci\u0142a mo\u017cliwo\u015b\u0107 dalszych wypraw po tym, jak Islandia zosta\u0142a nielegalnie zaj\u0119ta przez ameryka\u0144ski korpus piechoty morskiej i si\u0142y brytyjskie w po\u0142owie 1941 r., aby zapobiec inwazji Niemiec\u00a0<a href=\"http:\/\/thirdreichocculthistory.blogspot.co.uk\/2014\/03\/die-deutsche-ahnenerbe.html\" target=\"_blank\" rel=\"noreferrer noopener\">.<\/a><\/p>\n\n\n<div class=\"wp-block-image\">\n<figure class=\"aligncenter size-full is-resized\"><img loading=\"lazy\" decoding=\"async\" width=\"190\" height=\"200\" src=\"https:\/\/wia.net.pl\/wp-content\/uploads\/2024\/03\/image-81.png\" alt=\"\" class=\"wp-image-7859\" style=\"width:264px;height:auto\"\/><figcaption class=\"wp-element-caption\">God\u0142o Neu Schwabenland<br><br><strong>\u00a9 Copyright Peter Crawford 2013<\/strong><\/figcaption><\/figure><\/div>\n\n\n<p class=\"has-text-align-center has-medium-font-size\"><strong>PROJEKT ANTARKTYKA<\/strong><\/p>\n\n\n<div class=\"wp-block-image\">\n<figure class=\"alignright size-full\"><img loading=\"lazy\" decoding=\"async\" width=\"143\" height=\"200\" src=\"https:\/\/wia.net.pl\/wp-content\/uploads\/2024\/03\/image-82.png\" alt=\"\" class=\"wp-image-7860\"\/><figcaption class=\"wp-element-caption\">Wilhelm Filchner<\/figcaption><\/figure><\/div>\n\n\n<p>Szwajcarski odkrywca Wilhelm Filchner, kt\u00f3ry ju\u017c w latach 1903-05 przewodzi\u0142 wyprawie do Tybetu, planowa\u0142 poprowadzi\u0107 dwie wyprawy na Antarktyd\u0119 z zamiarem ustalenia, czy kontynent ten stanowi jeden kawa\u0142ek l\u0105du.<br><\/p>\n\n\n\n<p>Plany Filchnera przewidywa\u0142y dwa statki,\u00a0\u00a0jeden na Morze Weddella, a drugi na Morze Rossa.<br><\/p>\n\n\n\n<p>Nast\u0119pnie dwie grupy wyruszy\u0142y w podr\u00f3\u017c l\u0105dow\u0105 i pr\u00f3bowa\u0142y spotka\u0107 si\u0119 w centrum kontynentu.<\/p>\n\n\n<div class=\"wp-block-image\">\n<figure class=\"alignleft size-full\"><img loading=\"lazy\" decoding=\"async\" width=\"210\" height=\"320\" src=\"https:\/\/wia.net.pl\/wp-content\/uploads\/2024\/03\/image-83.png\" alt=\"\" class=\"wp-image-7861\" srcset=\"https:\/\/wia.net.pl\/wp-content\/uploads\/2024\/03\/image-83.png 210w, https:\/\/wia.net.pl\/wp-content\/uploads\/2024\/03\/image-83-197x300.png 197w\" sizes=\"(max-width: 210px) 100vw, 210px\" \/><figcaption class=\"wp-element-caption\">The 'Deutschland&#8217;<\/figcaption><\/figure><\/div>\n\n\n<p>Plan ten okaza\u0142 si\u0119 jednak zbyt kosztowny i dlatego wykorzystano jeden statek, \u201eDeutschland\u201d.\u00a0\u201eDeutschland\u201d by\u0142 norweskim statkiem zaprojektowanym specjalnie do pracy w regionach polarnych i zosta\u0142 zakupiony dzi\u0119ki pomocy Ernesta Shackletona, Otto Nordenskjolda i Fridtjofa Nansena.<br><\/p>\n\n\n\n<p>Wyprawa dotar\u0142a na Morze Weddella w grudniu 1911 r.<br><\/p>\n\n\n\n<p>Kolejna wyprawa odby\u0142a si\u0119 w 1925 r. na polarnym statku ekspedycyjnym \u201eMeteor\u201d pod dow\u00f3dztwem dr Alberta Merza.<br><\/p>\n\n\n\n<p>Przed II wojn\u0105 \u015bwiatow\u0105 niemieccy naukowcy mieli obsesj\u0119 na punkcie Antarktydy.<br><\/p>\n\n\n\n<p>Zamiast znale\u017a\u0107 opuszczone pustkowia pokryte lodem, Niemcy odkryli obszary wolne od lodu, jeziora z ciep\u0142\u0105 wod\u0105 i systemy jaski\u0144.<br><\/p>\n\n\n\n<p>Niemcy zainteresowali si\u0119 tak\u017ce ziemi\u0105 kr\u00f3lowej Maud (lub \u201eNeuschwabenland\u201d, jak nazywali Niemcy \u2013 Niemcy nazywa\u0142y si\u0119 \u201eSchwabenland\u201d, zanim zacz\u0119to je nazywa\u0107 Niemcami \u2013 wi\u0119c Neuschwabenland oznacza \u201eNowe Niemcy\u201d)\u00a0.<br><\/p>\n\n\n\n<p>Neuschwabenland jest zdominowany przez gigantyczny szelf lodowy, p\u0142yn\u0105cy powoli od p\u0142askowy\u017cu kr\u00f3la Haakona VII nad biegunem po\u0142udniowym, a\u017c do oceanu.<br><\/p>\n\n\n\n<p>Obszar ten nazywany jest \u201eFenriskjeften\u201d od paszczy gigantycznego diab\u0142a-wilka w mitologii nordyckiej.\u00a0Wed\u0142ug tej mitologii z\u0119by Fenrisa (wilka) by\u0142y bardzo ostre i zabij\u0105 wszystkich ludzi na Ziemi podczas Ragnarok \u2013 ko\u0144ca \u015bwiata.<br>Wi\u0119kszo\u015b\u0107 g\u00f3r w Fenriskjeften ma nazwy nawi\u0105zuj\u0105ce do z\u0119b\u00f3w lub innych cz\u0119\u015bci nordyckich.<\/p>\n\n\n<div class=\"wp-block-image\">\n<figure class=\"alignright size-full\"><img loading=\"lazy\" decoding=\"async\" width=\"200\" height=\"200\" src=\"https:\/\/wia.net.pl\/wp-content\/uploads\/2024\/03\/image-84.png\" alt=\"\" class=\"wp-image-7862\" srcset=\"https:\/\/wia.net.pl\/wp-content\/uploads\/2024\/03\/image-84.png 200w, https:\/\/wia.net.pl\/wp-content\/uploads\/2024\/03\/image-84-150x150.png 150w\" sizes=\"(max-width: 200px) 100vw, 200px\" \/><figcaption class=\"wp-element-caption\">Wilczy Anio\u0142<\/figcaption><\/figure><\/div>\n\n\n<p>U\u017cycie symboliki wilka jest interesuj\u0105ce, poniewa\u017c dotyka tematu&nbsp;&nbsp;symboliki v\u00f6lkisch, kt\u00f3ra wykorzystywa\u0142a wilka jako totem my\u015bliwego: odwr\u00f3t Hitlera w Berchtesgaden w Bawarii by\u0142 nazywany \u201eWilczym Sza\u0144cem\u201d, a taktyka stosowana przez niemieckie U-Booty do konwoj\u00f3w pokonanych w czasie wojny nazywano \u201eWilczym Stadem\u201d.<br>Hitler oczywi\u015bcie u\u017cywa\u0142 tak\u017ce pseudonimu \u201eWilk\u201d lub \u201eHerr Wolf\u201d<\/p>\n\n\n\n<p>W latach poprzedzaj\u0105cych II wojn\u0119 \u015bwiatow\u0105 Niemcy pragn\u0119\u0142y zdoby\u0107 przycz\u00f3\u0142ek na Antarktydzie, zar\u00f3wno ze wzgl\u0119du na warto\u015b\u0107 propagandow\u0105, jak\u0105 jest ukazanie pot\u0119gi III Rzeszy, jak i ze wzgl\u0119du na&nbsp;&nbsp;strategiczne znaczenie tego terytorium na po\u0142udniowym Atlantyku.<\/p>\n\n\n\n<p>W dniu 17 grudnia 1938 r. wyprawa pod dow\u00f3dztwem kapitana Alfreda Ritschera zosta\u0142a wys\u0142ana na po\u0142udniowoatlantyckie wybrze\u017ce Antarktydy i dotar\u0142a tam 19 stycznia 1939 r.<\/p>\n\n\n<div class=\"wp-block-image\">\n<figure class=\"alignleft size-full\"><img loading=\"lazy\" decoding=\"async\" width=\"320\" height=\"220\" src=\"https:\/\/wia.net.pl\/wp-content\/uploads\/2024\/03\/image-85.png\" alt=\"\" class=\"wp-image-7863\" srcset=\"https:\/\/wia.net.pl\/wp-content\/uploads\/2024\/03\/image-85.png 320w, https:\/\/wia.net.pl\/wp-content\/uploads\/2024\/03\/image-85-300x206.png 300w\" sizes=\"(max-width: 320px) 100vw, 320px\" \/><figcaption class=\"wp-element-caption\"><br>Lotniskowiec \u201eSchwabenland\u201d<\/figcaption><\/figure><\/div>\n\n\n<p>Okr\u0119tem ekspedycji by\u0142 \u201eSchwabenland\u201d,\u00a0\u00a0lotniskowiec u\u017cywany od 1934 r. do transatlantyckiego dostarczania poczty.<br><\/p>\n\n\n\n<p>\u201eSchwabenland\u201d, kt\u00f3ry zosta\u0142 przygotowany do wyprawy w stoczni w Hamburgu kosztem miliona marek niemieckich, zosta\u0142 wyposa\u017cony w dwa wodnosamoloty Dornier, \u201ePassat\u201d i \u201eBoreas\u201d, kt\u00f3re wystrzelono z pok\u0142adu za\u0142ogi par\u0105 katapultami i kt\u00f3ry wykona\u0142 pi\u0119tna\u015bcie lot\u00f3w nad terytorium, kt\u00f3re norwescy odkrywcy nazwali \u201eZiemi\u0105 Kr\u00f3lowej Maud\u201d.<br><\/p>\n\n\n\n<p>Samolot przelecia\u0142 oko\u0142o 600 000 kilometr\u00f3w kwadratowych, wykona\u0142 ponad 11 000 zdj\u0119\u0107 wybrze\u017cy \u201eKsi\u0119\u017cniczki Astrid\u201d i \u201eKsi\u0119\u017cniczki Marty\u201d na zachodnim wybrze\u017cu \u201eZiemi Kr\u00f3lowej Maud\u201d i zrzuci\u0142 kilka tysi\u0119cy zrzuconych flag (metalowych maszt\u00f3w ze swastykami).<\/p>\n\n\n<div class=\"wp-block-image\">\n<figure class=\"alignleft size-full\"><img loading=\"lazy\" decoding=\"async\" width=\"320\" height=\"320\" src=\"https:\/\/wia.net.pl\/wp-content\/uploads\/2024\/03\/image-86.png\" alt=\"\" class=\"wp-image-7864\" srcset=\"https:\/\/wia.net.pl\/wp-content\/uploads\/2024\/03\/image-86.png 320w, https:\/\/wia.net.pl\/wp-content\/uploads\/2024\/03\/image-86-300x300.png 300w, https:\/\/wia.net.pl\/wp-content\/uploads\/2024\/03\/image-86-150x150.png 150w\" sizes=\"(max-width: 320px) 100vw, 320px\" \/><\/figure><\/div>\n\n<div class=\"wp-block-image\">\n<figure class=\"alignright size-full\"><img loading=\"lazy\" decoding=\"async\" width=\"200\" height=\"120\" src=\"https:\/\/wia.net.pl\/wp-content\/uploads\/2024\/03\/image-87.png\" alt=\"\" class=\"wp-image-7865\"\/><figcaption class=\"wp-element-caption\">Flaga Neu Schwabenland<\/figcaption><\/figure><\/div>\n\n\n<p>Obszar ten zosta\u0142 w\u0142\u0105czony do III Rzeszy i przemianowany na \u201eNeu Schwabenland\u201d.<\/p>\n\n\n\n<p>By\u0107 mo\u017ce najbardziej zaskakuj\u0105cym odkryciem dokonanym podczas tej ekspedycji by\u0142o kilka du\u017cych, wolnych od lodu obszar\u00f3w, na kt\u00f3rych znajduj\u0105 si\u0119 jeziora i rzadka ro\u015blinno\u015b\u0107.<br><\/p>\n\n\n\n<p>Geolodzy z ekspedycji zasugerowali, \u017ce mog\u0142o to by\u0107 spowodowane podziemnymi \u017ar\u00f3d\u0142ami ciep\u0142a.<\/p>\n\n\n<div class=\"wp-block-image\">\n<figure class=\"alignright size-full\"><img loading=\"lazy\" decoding=\"async\" width=\"320\" height=\"272\" src=\"https:\/\/wia.net.pl\/wp-content\/uploads\/2024\/03\/image-88.png\" alt=\"\" class=\"wp-image-7866\" srcset=\"https:\/\/wia.net.pl\/wp-content\/uploads\/2024\/03\/image-88.png 320w, https:\/\/wia.net.pl\/wp-content\/uploads\/2024\/03\/image-88-300x255.png 300w\" sizes=\"(max-width: 320px) 100vw, 320px\" \/><figcaption class=\"wp-element-caption\">Wyprawa Ahnenerbe do Neu Schwabenland<\/figcaption><\/figure><\/div>\n\n\n<p>W po\u0142owie lutego 1939 r. \u201eSchwabenland\u201d opu\u015bci\u0142 Antarktyd\u0119 i powr\u00f3ci\u0142 do Hamburga.<br><\/p>\n\n\n\n<p>Tajna\u00a0wyprawa liczy\u0142a 33 cz\u0142onk\u00f3w oraz 24-osobow\u0105 za\u0142og\u0119 Schwabenlandu. 19 stycznia 1939\u00a0<em>\u00a0roku\u00a0<\/em><br>statek przyby\u0142 do Wybrze\u017ca Ksi\u0119\u017cniczki Marty i rozpocz\u0105\u0142 sporz\u0105dzanie map regionu.<br><\/p>\n\n\n\n<p>Niemieckie flagi zosta\u0142y umieszczone na lodzie morskim wzd\u0142u\u017c wybrze\u017ca.<br><\/p>\n\n\n\n<p>Nazwawszy obszar \u201eNeu-Schwabenland\u201d na cze\u015b\u0107 statku, ekspedycja za\u0142o\u017cy\u0142a baz\u0119 i przez kolejne tygodnie zespo\u0142y spacerowa\u0142y wzd\u0142u\u017c wybrze\u017ca, rejestruj\u0105c zastrze\u017cenia na wzg\u00f3rzach i innych wa\u017cnych punktach orientacyjnych.\u00a0<\/p>\n\n\n<div class=\"wp-block-image\">\n<figure class=\"alignleft size-full\"><img loading=\"lazy\" decoding=\"async\" width=\"243\" height=\"320\" src=\"https:\/\/wia.net.pl\/wp-content\/uploads\/2024\/03\/image-89.png\" alt=\"\" class=\"wp-image-7867\" srcset=\"https:\/\/wia.net.pl\/wp-content\/uploads\/2024\/03\/image-89.png 243w, https:\/\/wia.net.pl\/wp-content\/uploads\/2024\/03\/image-89-228x300.png 228w\" sizes=\"(max-width: 243px) 100vw, 243px\" \/><figcaption class=\"wp-element-caption\">Dornier Do J \u201eWal\u201d<\/figcaption><\/figure><\/div>\n\n\n<p>Dwa wodnosamoloty Dornier Wal o nazwach Passat i Boreas wykona\u0142y siedem lot\u00f3w badawczych.\u00a0Dornier Do J Wal (\u201ewieloryb\u201d) by\u0142 dwusilnikow\u0105 niemieck\u0105 \u0142odzi\u0105 lataj\u0105c\u0105 z lat dwudziestych XX wieku zaprojektowan\u0105 przez Dornier Flugzeugwerke.\u00a0<\/p>\n\n\n\n<p>Do J zosta\u0142 oznaczony przez Ministerstwo Lotnictwa Rzeszy (RLM) jako Do 16 zgodnie z systemem oznacze\u0144 samolot\u00f3w z 1933 r.\u00a0<\/p>\n\n\n\n<p>Oko\u0142o tuzina aluminiowych strza\u0142 o d\u0142ugo\u015bci 1,2 metra, z 30-centymetrowymi stalowymi sto\u017ckami i trzema g\u00f3rnymi skrzyd\u0142ami stabilizatora z wyt\u0142oczonymi swastykami, zosta\u0142o wystrzelonych w powietrze. spad\u0142y na l\u00f3d w punktach zwrotnych wielok\u0105t\u00f3w lotu (strza\u0142ki te by\u0142y przed wypraw\u0105 testowane na lodowcu Pasterze w Austrii).\u00a0<\/p>\n\n\n\n<p>Do obszar\u00f3w ciesz\u0105cych si\u0119 du\u017cym zainteresowaniem wykonano osiem kolejnych lot\u00f3w i podczas tych wypraw wykonano niekt\u00f3re zdj\u0119cia na kolorowym kliszy.<\/p>\n\n\n\n<p><\/p>\n\n\n\n<p><\/p>\n\n\n<div class=\"wp-block-image\">\n<figure class=\"alignright size-full\"><img loading=\"lazy\" decoding=\"async\" width=\"320\" height=\"240\" src=\"https:\/\/wia.net.pl\/wp-content\/uploads\/2024\/03\/image-90.png\" alt=\"\" class=\"wp-image-7868\" srcset=\"https:\/\/wia.net.pl\/wp-content\/uploads\/2024\/03\/image-90.png 320w, https:\/\/wia.net.pl\/wp-content\/uploads\/2024\/03\/image-90-300x225.png 300w\" sizes=\"(max-width: 320px) 100vw, 320px\" \/><figcaption class=\"wp-element-caption\">Antarktyda<\/figcaption><\/figure><\/div>\n\n\n<p>W sumie przelecieli ponad setki tysi\u0119cy kilometr\u00f3w kwadratowych i wykonali ponad 16 000 zdj\u0119\u0107 lotniczych, z kt\u00f3rych cz\u0119\u015b\u0107 zosta\u0142a opublikowana po wojnie przez Ritschera.<\/p>\n\n\n\n<p>W drodze powrotnej do Niemiec ekspedycja przeprowadzi\u0142a badania oceanograficzne w pobli\u017cu wyspy Bouvet i Fernando de Noronha, docieraj\u0105c z powrotem do Hamburga 11 kwietnia 1939 r. Ritscher by\u0142 zaskoczony odkryciami wyprawy, zw\u0142aszcza obszarami wolnymi od lodu, i natychmiast zacz\u0105\u0142 planowa\u0107. kolejn\u0105 podr\u00f3\u017c po powrocie do domu.<br><\/p>\n\n\n\n<p>Plany te jednak najwyra\u017aniej porzucono wraz z wybuchem wojny.<\/p>\n\n\n<div class=\"wp-block-image\">\n<figure class=\"alignleft size-full\"><img loading=\"lazy\" decoding=\"async\" width=\"320\" height=\"198\" src=\"https:\/\/wia.net.pl\/wp-content\/uploads\/2024\/03\/image-91.png\" alt=\"\" class=\"wp-image-7869\" srcset=\"https:\/\/wia.net.pl\/wp-content\/uploads\/2024\/03\/image-91.png 320w, https:\/\/wia.net.pl\/wp-content\/uploads\/2024\/03\/image-91-300x186.png 300w\" sizes=\"(max-width: 320px) 100vw, 320px\" \/><figcaption class=\"wp-element-caption\">Du\u017ce \u0142odzie podwodne przewo\u017c\u0105ce \u0142adunki &#8211; Typ XXI &#8211; Elektroboot\u00a0<\/figcaption><\/figure><\/div>\n\n\n<p>Sugerowano jednak, \u017ce\u00a0\u00a0wyprawa przeprowadzona w latach 1938\u20131939 mia\u0142a na celu poszukiwanie odpowiedniego, wolnego od lodu obszaru na kontynencie, kt\u00f3ry po wojnie m\u00f3g\u0142by zosta\u0107 wykorzystany na tajn\u0105 baz\u0119.<\/p>\n\n\n<div class=\"wp-block-image\">\n<figure class=\"alignright size-full\"><img loading=\"lazy\" decoding=\"async\" width=\"135\" height=\"200\" src=\"https:\/\/wia.net.pl\/wp-content\/uploads\/2024\/03\/image-92.png\" alt=\"\" class=\"wp-image-7870\"\/><figcaption class=\"wp-element-caption\">Gro\u00dfadmira\u0142 Karl D\u00f6nitz<\/figcaption><\/figure><\/div>\n\n\n<p>Istniej\u0105 dowody na to, \u017ce przez ca\u0142\u0105 wojn\u0119 Trzecia Rzesza wysy\u0142a\u0142a do \u201eNeu Schwabenland\u201d statki (szczeg\u00f3lnie du\u017ce, przewo\u017c\u0105ce towary \u0142odzie podwodne) i samoloty z\u00a0\u00a0wystarczaj\u0105cym sprz\u0119tem i si\u0142\u0105 robocz\u0105, aby budowa\u0107 ogromne kompleksy pod lodem lub w dobrze ukrytych obszary wolne od lodu, a pod koniec wojny wybrani naukowcy i \u017co\u0142nierze SS opu\u015bcili Europ\u0119 i udali si\u0119 na Antarktyd\u0119.<br><\/p>\n\n\n\n<p>Jak stwierdzi\u0142 wielki admira\u0142 Karl D\u00f6nitz w 1943 roku:<br>\u201e\u00a0<em>Niemiecka flota \u0142odzi podwodnych jest dumna, \u017ce \u200b\u200bstworzy\u0142a dla F\u00fchrera niezdobyt\u0105 fortec\u0119 na drugim ko\u0144cu \u015bwiata<\/em>\u00a0\u201d.<\/p>\n\n\n<div class=\"wp-block-image\">\n<figure class=\"alignleft size-full\"><img loading=\"lazy\" decoding=\"async\" width=\"200\" height=\"164\" src=\"https:\/\/wia.net.pl\/wp-content\/uploads\/2024\/03\/image-93.png\" alt=\"\" class=\"wp-image-7871\"\/><figcaption class=\"wp-element-caption\">\u00a0Zaawansowana technologia lotnicza<\/figcaption><\/figure><\/div>\n\n\n<p>Zacz\u0119\u0142y kr\u0105\u017cy\u0107 pog\u0142oski, \u017ce podczas gdy Niemcy zosta\u0142y pokonane, cz\u0119\u015b\u0107 personelu wojskowego, Hitlerjugend i naukowcy opu\u015bcili ojczyzn\u0119, gdy wojska sojusznicze przetoczy\u0142y si\u0119 przez Europ\u0119 kontynentaln\u0105, i osiedlili si\u0119 w tajnej bazie na kontynencie antarktycznym, sk\u0105d nadal rozwijali swoj\u0105 zaawansowan\u0105 technologi\u0119 lotnicz\u0105.<br><\/p>\n\n\n\n<p>Co wi\u0119cej, warto zauwa\u017cy\u0107, \u017ce pod koniec wojny alianci ustalili, \u017ce nie uwzgl\u0119dniono\u00a0<em>250\u00a0\u00a0000<\/em>\u00a0\u00a0Niemc\u00f3w\u00a0\u00a0\u00a0\u2013 nawet bior\u0105c pod uwag\u0119 ofiary i \u015bmier\u0107.<br><\/p>\n\n\n\n<p>Ponadto do dzi\u015b zagin\u0119\u0142o ponad 100 okr\u0119t\u00f3w podwodnych niemieckiej floty.<br><\/p>\n\n\n\n<p>W\u015br\u00f3d nich znajduje si\u0119 wiele wysoce zaawansowanych technologicznie jednostek XXI klasy, wyposa\u017conych w tak zwany \u201eWalterschnorkel\u201d, czyli specjalnie zaprojektowany i powlekany Schnorkel, umo\u017cliwiaj\u0105cy okr\u0119tom podwodnym w po\u0142\u0105czeniu z ich nowo opracowanymi silnikami nurkowanie na wiele tysi\u0119cy mil.<br><\/p>\n\n\n\n<p>Dzi\u0119ki tej technologii \u201ewycieczka\u201d do bazy bez rozpoznania staje si\u0119 wi\u0119cej ni\u017c mo\u017cliwa.<br>Czy Neu Schwabenland mog\u0142o by\u0107 w tamtym czasie stale obsadzon\u0105 niemieck\u0105 baz\u0105?<\/p>\n\n\n\n<p>S\u0142ona woda ciep\u0142ych (30 stopni) jezior praktycznie potwierdzi\u0142a, \u017ce \u200b\u200bwszystkie mia\u0142y uj\u015bcie do morza i dlatego by\u0142y rajem dla \u0142odzi podwodnych.\u00a0Dwa wolne od lodu pasma g\u00f3rskie w Neu Schwabenland nie stanowi\u0142y gorszego projektu podziemnego tunelu dla Organizacji Todt ni\u017c wszystko, co napotka\u0142a i co przezwyci\u0119\u017cy\u0142a w Norwegii, a\u00a0Niemcy byli \u015bwiatowymi ekspertami w budowaniu i zamieszkiwaniu podziemnych metropolii.<br><\/p>\n\n\n\n<p>Pod koniec wojny Stany Zjednoczone nadawa\u0142y wszystko, co dotyczy\u0142o Ohrdrufa, jako \u015bci\u015ble tajne przez ponad 100 lat.\u00a0Ca\u0142kowicie ukrywano fakt, \u017ce znajdowa\u0142y si\u0119 tam znaczne podziemne wyrobiska, a w Ohrdruf znajdowa\u0142a si\u0119 ostatnia Reduta.\u00a0Na szcz\u0119\u015bcie dla badaczy w 1962 r. NRD przyj\u0119\u0142a zeznania pod przysi\u0119g\u0105 od wszystkich lokalnych mieszka\u0144c\u00f3w podczas \u015bledztwa w sprawie wojennego Ohrdruf, a po zjednoczeniu obu Niemiec w 1989 r. dokumenty te sta\u0142y si\u0119 powszechnie dost\u0119pne w archiwum miejskim w Arnstadt.<br><\/p>\n\n\n\n<p>Z dokument\u00f3w Arnstadt jasno wynika, \u017ce \u200b\u200bjednostka Charite Anlage dzia\u0142a\u0142a w trzypi\u0119trowym podziemnym bunkrze o wymiarach 70 na 20 metr\u00f3w.<br><\/p>\n\n\n\n<p>Podczas pracy urz\u0105dzenie emitowa\u0142o pewnego rodzaju pole energetyczne, kt\u00f3re wy\u0142\u0105cza\u0142o wszystkie urz\u0105dzenia elektryczne i silniki inne ni\u017c diesla w promieniu oko\u0142o o\u015bmiu mil.<br><\/p>\n\n\n\n<p>Z tego powodu, mimo \u017ce w Ohrdruf roi\u0142o si\u0119 od SS, nigdy nie zosta\u0142o ono sfotografowane z powietrza ani zbombardowane.<br>Odtajnione dokumenty USAF z pocz\u0105tku 1945 roku potwierdzaj\u0105 istnienie nieznanego pola energetycznego nad Frankfurtem nad Menem \u201e\u00a0<em>i innymi lokalizacjami<\/em>\u00a0\u201d, kt\u00f3re mog\u0142o \u201e\u00a0<em>zak\u0142\u00f3ca\u0107 prac\u0119 silnik\u00f3w naszych samolot\u00f3w na wysoko\u015bci 30 000 st\u00f3p<\/em>\u00a0\u201d.<br><\/p>\n\n\n\n<p>Odbudowa Ohrdruf pod Neu Schwabenland w ci\u0105gu ostatnich dw\u00f3ch lat wojny nie by\u0142aby trudna, a poniewa\u017c Charite Anlage mia\u0142a najwy\u017cszy priorytet w Trzeciej Rzeszy, wydaje si\u0119 prawdopodobne, \u017ce tak musia\u0142o by\u0107.<br><\/p>\n\n\n\n<p>Taka baza by\u0142aby nie do zdobycia, poniewa\u017c sugeruje si\u0119, \u017ce pole si\u0142owe dzia\u0142a\u0142o na r\u00f3\u017cne sposoby, korzystne dla okupant\u00f3w.<\/p>\n\n\n<div class=\"wp-block-image\">\n<figure class=\"aligncenter size-full\"><img loading=\"lazy\" decoding=\"async\" width=\"320\" height=\"226\" src=\"https:\/\/wia.net.pl\/wp-content\/uploads\/2024\/03\/image-94.png\" alt=\"\" class=\"wp-image-7872\" srcset=\"https:\/\/wia.net.pl\/wp-content\/uploads\/2024\/03\/image-94.png 320w, https:\/\/wia.net.pl\/wp-content\/uploads\/2024\/03\/image-94-300x212.png 300w\" sizes=\"(max-width: 320px) 100vw, 320px\" \/><\/figure><\/div>\n\n\n<p>\u0179r\u00f3d\u0142o: <a href=\"http:\/\/thirdreichocculthistory.blogspot.com\/2013\/02\/atlantis-und-das-dritte-reich.html\" target=\"_blank\" rel=\"noopener\" title=\"\">http:\/\/thirdreichocculthistory.blogspot.com\/2013\/02\/atlantis-und-das-dritte-reich.html<\/a><\/p>\n<div class=\"remoji_bar\"><div class=\"remoji_add_container\" data-remoji-id=\"7801\" data-remoji-type=\"post\"><div class=\"remoji_add_icon\"><\/div><\/div><div class=\"remoji_error_bar\" data-remoji-id=\"7801\" data-remoji-type=\"post\" style=\"display: none;\">Error happened.<\/div><\/div>","protected":false},"excerpt":{"rendered":"<p>\u201eW g\u0142\u0119bi swojej pod\u015bwiadomo\u015bci ka\u017cdy Niemiec jedn\u0105 nog\u0105 jest na \u00abAtlantydzie\u00bb, gdzie szuka lepszej Ojczyzny i lepszego dziedzictwa\u201d. Adolf Hitler Historia Atlantydy przychodzi do nas z Timaeusa, dialogu sokratejskiego, napisanego oko\u0142o 360 roku p.n.e. przez Platona.&nbsp;Na tym spotkaniu s\u0105 cztery&#8230; <\/p>\n","protected":false},"author":3,"featured_media":7873,"comment_status":"open","ping_status":"open","sticky":false,"template":"","format":"standard","meta":{"_acf_changed":false,"_bbp_topic_count":0,"_bbp_reply_count":0,"_bbp_total_topic_count":0,"_bbp_total_reply_count":0,"_bbp_voice_count":0,"_bbp_anonymous_reply_count":0,"_bbp_topic_count_hidden":0,"_bbp_reply_count_hidden":0,"_bbp_forum_subforum_count":0,"om_disable_all_campaigns":false,"_monsterinsights_skip_tracking":false,"_monsterinsights_sitenote_active":false,"_monsterinsights_sitenote_note":"","_monsterinsights_sitenote_category":0,"footnotes":""},"categories":[93],"tags":[68,63,42,71,26,23,32,22,70,62],"class_list":["post-7801","post","type-post","status-publish","format-standard","has-post-thumbnail","hentry","category-artykuly","tag-cesarstwo-rzymskie","tag-historia-ziemi","tag-illuminati","tag-kosciol-katolicki","tag-ludzkosc","tag-niewolnictwo","tag-rzad","tag-satanizm","tag-tajne-stowarzyszenia","tag-wszechswiat"],"acf":[],"aioseo_notices":[],"_links":{"self":[{"href":"https:\/\/wia.net.pl\/index.php\/wp-json\/wp\/v2\/posts\/7801"}],"collection":[{"href":"https:\/\/wia.net.pl\/index.php\/wp-json\/wp\/v2\/posts"}],"about":[{"href":"https:\/\/wia.net.pl\/index.php\/wp-json\/wp\/v2\/types\/post"}],"author":[{"embeddable":true,"href":"https:\/\/wia.net.pl\/index.php\/wp-json\/wp\/v2\/users\/3"}],"replies":[{"embeddable":true,"href":"https:\/\/wia.net.pl\/index.php\/wp-json\/wp\/v2\/comments?post=7801"}],"version-history":[{"count":1,"href":"https:\/\/wia.net.pl\/index.php\/wp-json\/wp\/v2\/posts\/7801\/revisions"}],"predecessor-version":[{"id":7874,"href":"https:\/\/wia.net.pl\/index.php\/wp-json\/wp\/v2\/posts\/7801\/revisions\/7874"}],"wp:featuredmedia":[{"embeddable":true,"href":"https:\/\/wia.net.pl\/index.php\/wp-json\/wp\/v2\/media\/7873"}],"wp:attachment":[{"href":"https:\/\/wia.net.pl\/index.php\/wp-json\/wp\/v2\/media?parent=7801"}],"wp:term":[{"taxonomy":"category","embeddable":true,"href":"https:\/\/wia.net.pl\/index.php\/wp-json\/wp\/v2\/categories?post=7801"},{"taxonomy":"post_tag","embeddable":true,"href":"https:\/\/wia.net.pl\/index.php\/wp-json\/wp\/v2\/tags?post=7801"}],"curies":[{"name":"wp","href":"https:\/\/api.w.org\/{rel}","templated":true}]}}