{"id":7887,"date":"2024-03-18T19:03:31","date_gmt":"2024-03-18T18:03:31","guid":{"rendered":"https:\/\/wia.net.pl\/?p=7887"},"modified":"2024-03-18T19:06:42","modified_gmt":"2024-03-18T18:06:42","slug":"helena-blawatska-tajna-doktryna-die-geheimlehre","status":"publish","type":"post","link":"https:\/\/wia.net.pl\/index.php\/2024\/03\/18\/helena-blawatska-tajna-doktryna-die-geheimlehre\/","title":{"rendered":"Helena B\u0142awatska &#8211; Tajna doktryna (DIE GEHEIMLEHRE)"},"content":{"rendered":"<div class=\"wp-block-image\">\n<figure class=\"aligncenter size-full\"><img loading=\"lazy\" decoding=\"async\" width=\"313\" height=\"320\" src=\"https:\/\/wia.net.pl\/wp-content\/uploads\/2024\/03\/image-95.png\" alt=\"\" class=\"wp-image-7888\" srcset=\"https:\/\/wia.net.pl\/wp-content\/uploads\/2024\/03\/image-95.png 313w, https:\/\/wia.net.pl\/wp-content\/uploads\/2024\/03\/image-95-293x300.png 293w\" sizes=\"(max-width: 313px) 100vw, 313px\" \/><figcaption class=\"wp-element-caption\">\u00a9 Copyright Peter Crawford 2015<\/figcaption><\/figure><\/div>\n\n\n<p class=\"has-text-align-center has-medium-font-size\"><strong>DIE GEHEIMLEHRE<\/strong><\/p>\n\n\n<div class=\"wp-block-image\">\n<figure class=\"alignleft size-full\"><img loading=\"lazy\" decoding=\"async\" width=\"151\" height=\"200\" src=\"https:\/\/wia.net.pl\/wp-content\/uploads\/2024\/03\/image-96.png\" alt=\"\" class=\"wp-image-7889\"\/><figcaption class=\"wp-element-caption\"><a href=\"http:\/\/thirdreichocculthistory.blogspot.co.uk\/2011\/07\/dietrich-eckart-hitlers-mentor.html\">Dietrich Eckart<\/a><\/figcaption><\/figure><\/div>\n\n<div class=\"wp-block-image\">\n<figure class=\"alignright size-full\"><img loading=\"lazy\" decoding=\"async\" width=\"171\" height=\"200\" src=\"https:\/\/wia.net.pl\/wp-content\/uploads\/2024\/03\/image-97.png\" alt=\"\" class=\"wp-image-7890\"\/><figcaption class=\"wp-element-caption\"><a href=\"http:\/\/thirdreichocculthistory.blogspot.com\/2011\/07\/lanz-von-liebenfels.html\" target=\"_blank\" rel=\"noreferrer noopener\">Lanz von Libenfels<\/a><\/figcaption><\/figure><\/div>\n\n\n<p>Tu\u017c przed przedwczesn\u0105 \u015bmierci\u0105&nbsp;<a href=\"http:\/\/thirdreichocculthistory.blogspot.co.uk\/2011\/07\/dietrich-eckart-hitlers-mentor.html\">Dietrich Eckart<\/a>&nbsp;o\u015bwiadczy\u0142 swoim bliskim wsp\u00f3\u0142pracownikom, \u017ce wprowadzi\u0142 Hitlera w \u201eTajn\u0105 Doktryn\u0119\u201d (Die Geheimlehre).<\/p>\n\n\n\n<p>To jest to samo \u201eGeheimlehre\u201d, kt\u00f3re wywar\u0142o silny wp\u0142yw na nauki&nbsp;<a href=\"http:\/\/thirdreichocculthistory.blogspot.com\/2011\/07\/lanz-von-liebenfels.html\" target=\"_blank\" rel=\"noreferrer noopener\">Lanza von Liebenfelsa<\/a>&nbsp;(mi\u0119dzy innymi) w odniesieniu do pochodzenia i rozwoju rasy aryjskiej.<\/p>\n\n\n\n<p>\u201eDie Geheimlehre\u201d (znane w j\u0119zyku angielskim jako \u201eTajna Doktryna\u201d) ma dwa r\u00f3\u017cne znaczenia.<\/p>\n\n\n\n<p>Pierwsza odnosi si\u0119 do d\u0142ugiej tradycji nauk okultystycznych \u2013 si\u0119gaj\u0105cej daleko wstecz, a\u017c do mo\u017cliwej prehistorii i prawie na pewno maj\u0105cej swoje korzenie w m\u0105dro\u015bci niewys\u0142owionych i \u201ewiecznie \u017cyj\u0105cych\u201d eon\u00f3w \u2013 m\u0105dro\u015b\u0107 przekazana p\u00f3\u017aniej religiom misteryjnym staro\u017cytnego Egiptu oraz nauki gnostyk\u00f3w&nbsp;<a href=\"http:\/\/thirdreichocculthistory.blogspot.co.uk\/2011\/10\/third-reich-and-gnosticism.html\">i&nbsp;<\/a>ich p\u00f3\u017aniejszych potomk\u00f3w.<\/p>\n\n\n\n<p>Drugie znaczenie odnosi si\u0119 szczeg\u00f3lnie do dw\u00f3ch dzie\u0142 literackich, kt\u00f3re podsumowuj\u0105 zrozumienie, jakie osi\u0105gni\u0119to w XIX wieku w wielu kwestiach okultystycznych.<\/p>\n\n\n\n<p>Te dwie ksi\u0105\u017cki to \u201eIzyda ods\u0142oni\u0119ta\u201d i \u201eTajna doktryna\u201d (\u201eDie Geheimlehre\u201d) \u2013 obie napisane przez \u0415\u043b\u0435\u043d\u0430 \u041f\u0435\u0442\u0440\u043e\u0301\u0432\u043d\u0430 \u0411\u043b\u0430\u0432\u0430\u0301\u0442\u0441\u043a\u0430\u044f (Jelena Pietrowna B\u0142awatskaja) \u2013 a ca\u0142a zachodnia my\u015bl okultywna od drugiej po\u0142owy XIX wieku by\u0142a pod wp\u0142ywem tych dw\u00f3ch ksi\u0105\u017cek.<\/p>\n\n\n\n<p class=\"has-text-align-center has-medium-font-size\"><strong>Helena B\u0142awatska<\/strong><\/p>\n\n\n<div class=\"wp-block-image\">\n<figure class=\"alignright size-full\"><img loading=\"lazy\" decoding=\"async\" width=\"154\" height=\"200\" src=\"https:\/\/wia.net.pl\/wp-content\/uploads\/2024\/03\/image-98.png\" alt=\"\" class=\"wp-image-7891\"\/><figcaption class=\"wp-element-caption\">\u0415\u043b\u0435\u0301\u043d\u0430 \u041f\u0435\u0442\u0440\u043e\u0301\u0432\u043d\u0430 \u0411\u043b\u0430\u0432\u0430\u0301\u0442\u0441\u043a\u0430\u044f<\/figcaption><\/figure><\/div>\n\n\n<p>\u0415\u043b\u0435\u0301\u043d\u0430 \u041f\u0435\u0442\u0440\u043e\u0301\u0432\u043d\u0430 \u0411\u043b\u0430\u0432\u0430\u0301\u0442\u0441\u043a\u0430\u044f (Yelena Petrovna Blavatskaya) by\u0142a okulistk\u0105, medium i autork\u0105, kt\u00f3ra za\u0142o\u017cy\u0142a Towarzystwo Teozoficzne w 1875 roku.Zyska\u0142a mi\u0119dzynarodowe uznanie jako czo\u0142owa teoretyczka teozofii.Urodzona w arystokratycznej rosyjsko-niemieckiej rodzinie w Jekaterynos\u0142awiu, B\u0142awatska jako dziecko du\u017co podr\u00f3\u017cowa\u0142a po Imperium Rosyjskim.<\/p>\n\n\n\n<p>B\u0119d\u0105c w du\u017cej mierze samoukiem, ju\u017c jako nastolatka zainteresowa\u0142a si\u0119 zachodnim okultyzmem.W 1849 roku wyruszy\u0142a w szereg podr\u00f3\u017cy po \u015bwiecie, odwiedzaj\u0105c Europ\u0119, obie Ameryki i Indie.Twierdzi, \u017ce w tym okresie spotka\u0142a grup\u0119 duchowych adept\u00f3w, \u201e&nbsp;<\/p>\n\n\n\n<p><em>Mistrz\u00f3w Staro\u017cytnej M\u0105dro\u015bci<\/em>&nbsp;\u201d, kt\u00f3rzy wys\u0142ali j\u0105 do Shigatse w Tybecie, gdzie trenowali j\u0105, jak rozwija\u0107 w\u0142asne moce parapsychiczne.<\/p>\n\n\n<div class=\"wp-block-image\">\n<figure class=\"alignleft size-full\"><img loading=\"lazy\" decoding=\"async\" width=\"113\" height=\"200\" src=\"https:\/\/wia.net.pl\/wp-content\/uploads\/2024\/03\/image-99.png\" alt=\"\" class=\"wp-image-7892\"\/><figcaption class=\"wp-element-caption\">\u201eIzyda ods\u0142oni\u0119ta\u201d<\/figcaption><\/figure><\/div>\n\n\n<p>W 1877 roku opublikowa\u0142a ksi\u0105\u017ck\u0119 \u201eIzyda ods\u0142oni\u0119ta\u201d, przedstawiaj\u0105c\u0105 jej teozoficzny \u015bwiatopogl\u0105d.\u00a0Wi\u0105\u017c\u0105c j\u0105 \u015bci\u015ble z okultystycznymi doktrynami\u00a0<a href=\"http:\/\/thirdreichocculthistory.blogspot.co.uk\/2011\/10\/third-reich-and-gnosticism.html\" target=\"_blank\" rel=\"noreferrer noopener\">hermetyzmu<\/a>\u00a0i\u00a0<a href=\"http:\/\/thirdreichocculthistory.blogspot.co.uk\/2011\/10\/third-reich-and-gnosticism.html\" target=\"_blank\" rel=\"noreferrer noopener\">neoplatonizmu<\/a>\u00a0, B\u0142awatska okre\u015bli\u0142a teozofi\u0119 jako \u201e\u00a0<em>syntez\u0119 nauki, religii i filozofii<\/em>\u00a0\u201d, g\u0142osz\u0105c, \u017ce wskrzesza ona \u201e\u00a0<em>staro\u017cytn\u0105 m\u0105dro\u015b\u0107<\/em>\u00a0\u201d, kt\u00f3ra le\u017cy u podstaw wszystkich religii \u015bwiata.<\/p>\n\n\n\n<p>\u017by\u0142a skromnie i nie chcia\u0142a przyjmowa\u0107 zap\u0142aty pieni\u0119\u017cnej w zamian za szerzenie swoich nauk, a w obliczu w\u0105t\u0142ego zdrowia w 1885 roku opublikowa\u0142a \u201eDie Geheimlehre\u201d \u2013 (\u201eTajemna doktryna\u201d) oraz dwie kolejne ksi\u0105\u017cki: \u201eKlucz do teozofii\u201d &#8217; i 'G\u0142os ciszy&#8217;.Zmar\u0142a na gryp\u0119 w dniu 8 maja 1891 r.<\/p>\n\n\n\n<p>B\u0142awatska by\u0142a czo\u0142owym teoretykiem Towarzystwa Teozoficznego, odpowiedzialnym za ustalenie jego \u201epodstaw doktrynalnych\u201d.Idee obja\u015bniane w jej opublikowanych tekstach stanowi\u0105 podstaw\u0119, z kt\u00f3rej wy\u0142oni\u0142o si\u0119 Towarzystwo i szerszy ruch teozoficzny.Idee teozoficzne B\u0142awatskiej by\u0142y form\u0105&nbsp;<\/p>\n\n\n\n<p><em>okultyzmu<\/em>&nbsp;, nurtem my\u015blowym w zachodnim ezoteryce, kt\u00f3ry k\u0142ad\u0142 nacisk na ide\u0119&nbsp;<\/p>\n\n\n\n<p><em>staro\u017cytnej i wy\u017cszej m\u0105dro\u015bci<\/em>&nbsp;, kt\u00f3r\u0105 mo\u017cna by\u0142o znale\u017a\u0107 w spo\u0142ecze\u0144stwach&nbsp;<\/p>\n\n\n\n<p><em>przedchrze\u015bcija\u0144skich<\/em>&nbsp;, a kt\u00f3ra by\u0142a nieobecna w doktrynach ustalonego chrze\u015bcija\u0144stwa.<\/p>\n\n\n<div class=\"wp-block-image\">\n<figure class=\"alignleft size-full\"><img loading=\"lazy\" decoding=\"async\" width=\"197\" height=\"200\" src=\"https:\/\/wia.net.pl\/wp-content\/uploads\/2024\/03\/image-100.png\" alt=\"\" class=\"wp-image-7893\"\/><\/figure><\/div>\n\n<div class=\"wp-block-image\">\n<figure class=\"alignright size-full\"><img loading=\"lazy\" decoding=\"async\" width=\"200\" height=\"190\" src=\"https:\/\/wia.net.pl\/wp-content\/uploads\/2024\/03\/image-101.png\" alt=\"\" class=\"wp-image-7894\"\/><figcaption class=\"wp-element-caption\"><a href=\"https:\/\/www.blogger.com\/THE%20BOOKS%20OF%20FOUNDATION:%20BOOK%20I%20-%20ONTOLOGY\" target=\"_blank\" rel=\"noreferrer noopener\">Platon<\/a><\/figcaption><\/figure><\/div>\n\n\n<p>Zasadniczo koncepcj\u0105 le\u017c\u0105c\u0105 u podstaw teozofii B\u0142awatskiej by\u0142o istnienie \u201e&nbsp;<em>staro\u017cytnej religii m\u0105dro\u015bci<\/em>&nbsp;\u201d, kt\u00f3r\u0105 kiedy\u015b odnaleziono na ca\u0142ym \u015bwiecie i kt\u00f3ra by\u0142a znana r\u00f3\u017cnym staro\u017cytnym postaciom, takim jak filozofowie greccy, w tym&nbsp;<a href=\"https:\/\/www.blogger.com\/THE%20BOOKS%20OF%20FOUNDATION:%20BOOK%20I%20-%20ONTOLOGY\" target=\"_blank\" rel=\"noreferrer noopener\">Platon<\/a>&nbsp;.<\/p>\n\n\n\n<p>B\u0142awatska powi\u0105za\u0142a t\u0119 staro\u017cytn\u0105 religi\u0119 m\u0105dro\u015bci z&nbsp;<em>filozofi\u0105 hermetyczn\u0105<\/em>&nbsp;, \u015bwiatopogl\u0105dem, w kt\u00f3rym wszystko we wszech\u015bwiecie uto\u017csamia si\u0119 z emanacj\u0105 Boga.<\/p>\n\n\n\n<p>B\u0142awatska wierzy\u0142a, \u017ce \u200b\u200bwszystkie religie \u015bwiata rozwin\u0119\u0142y si\u0119 z tej pierwotnej wiary globalnej.<\/p>\n\n\n\n<p><em>B\u0142awatska rozumia\u0142a ,<\/em>&nbsp;\u017ce \u200b\u200bjej teozofia jest spadkobierczyni\u0105&nbsp;<em>neoplato\u0144skich<\/em>&nbsp;filozof\u00f3w&nbsp;p\u00f3\u017anej staro\u017cytno\u015bci, kt\u00f3rzy r\u00f3wnie\u017c przyj\u0119li filozofi\u0119 hermetyczn\u0105.&nbsp;<\/p>\n\n\n\n<p>Neoplatonizm to termin u\u017cywany do okre\u015blenia tradycji filozoficznej, kt\u00f3ra powsta\u0142a w III wieku naszej ery i przetrwa\u0142a wkr\u00f3tce po zamkni\u0119ciu Akademii Plato\u0144skiej w Atenach w roku 529 przez Justyniana I. Neoplato\u0144czycy pozostawali pod silnym wp\u0142ywem Platona, ale tak\u017ce Tradycja plato\u0144ska, kt\u00f3ra kwit\u0142a przez sze\u015b\u0107 stuleci, kt\u00f3re oddziela\u0142y pierwszych neoplatonik\u00f3w od Platona.&nbsp;Dzie\u0142o filozofii neoplato\u0144skiej polega\u0142o na opisaniu wyprowadzenia ca\u0142ej rzeczywisto\u015bci z jednej zasady, \u201eJEDNEGO\u201d.&nbsp;Neoplatonizm zak\u0142ada istnienie \u201eDemiurga\u201d \u2013 odpowiedzialnego za niekt\u00f3re lub wszystkie aspekty materialnego stworzenia.<\/p>\n\n\n\n<p><a href=\"http:\/\/thebooksoffoundation.blogspot.co.uk\/2015\/05\/book-v-revival-of-ancient-learning.html\" target=\"_blank\" rel=\"noreferrer noopener\">Hermetyzm<\/a>&nbsp;, czyli filozofia hermetyczna, to tradycja religijna i filozoficzno-ezoteryczna oparta g\u0142\u00f3wnie na pismach przypisywanych Hermesowi Trismegistusowi (\u201eTrzykrotnie Wielki\u201d).&nbsp;Pisma te wywar\u0142y ogromny wp\u0142yw na zachodni\u0105 tradycj\u0119 ezoteryczn\u0105.&nbsp;Tradycja twierdzi, \u017ce wywodzi si\u0119 z prisca theologia, doktryny potwierdzaj\u0105cej istnienie jednej, prawdziwej teologii, obecnej we wszystkich religiach i danej cz\u0142owiekowi przez Boga w staro\u017cytno\u015bci.&nbsp;Jej filozofia uczy, \u017ce istnieje B\u00f3g transcendentny, czyli Absolut, w kt\u00f3rym uczestniczymy my i ca\u0142y wszech\u015bwiat.&nbsp;Podpisuje si\u0119 r\u00f3wnie\u017c pod ide\u0105, \u017ce&nbsp;we wszech\u015bwiecie istniej\u0105 inne istoty, takie jak&nbsp;<a href=\"http:\/\/thebooksoffoundation.blogspot.co.uk\/2012\/10\/book-vi-incarnation-of-aeons.html\" target=\"_blank\" rel=\"noreferrer noopener\">eony , anio\u0142y i \u017cywio\u0142aki.<\/a><\/p>\n\n\n\n<p>B\u0142awatska&nbsp;&nbsp;wierzy\u0142a, \u017ce \u200b\u200bodrodzenie w ruchu teozoficznym \u201e&nbsp;<em>religii staro\u017cytnej m\u0105dro\u015bci<\/em>&nbsp;\u201d doprowadzi do jej rozprzestrzenienia si\u0119 na ca\u0142y \u015bwiat, przy\u0107miewaj\u0105c uznane religie \u015bwiata.<\/p>\n\n\n\n<p>Towarzystwo Teozoficzne rozpowszechni\u0142o skomplikowan\u0105 konstrukcj\u0119 filozoficzn\u0105 obejmuj\u0105c\u0105 kosmogoni\u0119, makrokosmos wszech\u015bwiata, hierarchie duchowe i istoty po\u015brednie, przy czym te ostatnie maj\u0105 powi\u0105zania z hierarchiczn\u0105 koncepcj\u0105 mikrokosmosu cz\u0142owieka.<\/p>\n\n\n\n<p>Teozofi\u0119 B\u0142awatskiej opisano jako reprezentuj\u0105c\u0105 g\u0142\u00f3wny czynnik wsp\u00f3\u0142czesnego odrodzenia zachodniego ezoteryki i \u017ce praktycznie ca\u0142y wsp\u00f3\u0142czesny okultyzm i ezoteryzm mo\u017ce w pewnym stopniu wywodzi\u0107 si\u0119 z jej wp\u0142ywu.<\/p>\n\n\n\n<p>Wsp\u00f3\u0142cze\u015bni B\u0142awatskiej przyczynili si\u0119 do rozwoju my\u015bli teozoficznej, tworz\u0105c dzie\u0142a, kt\u00f3re czasami stara\u0142y si\u0119 wyja\u015bni\u0107 prezentowane przez ni\u0105 idee, a czasami je rozwin\u0119\u0142y.<\/p>\n\n\n<div class=\"wp-block-image\">\n<figure class=\"alignleft size-full\"><img loading=\"lazy\" decoding=\"async\" width=\"118\" height=\"200\" src=\"https:\/\/wia.net.pl\/wp-content\/uploads\/2024\/03\/image-102.png\" alt=\"\" class=\"wp-image-7895\"\/><figcaption class=\"wp-element-caption\">v\u00f6lkische Bewegung<\/figcaption><\/figure><\/div>\n\n\n<p>Od samego pocz\u0105tku, poprzez asymilacj\u0119 lub rozbie\u017cno\u015b\u0107 doktryn, teozofia da\u0142a pocz\u0105tek lub wywar\u0142a wp\u0142yw na rozw\u00f3j innych ruch\u00f3w mistycznych, filozoficznych i politycznych &#8211; w tym v\u00f6lkische Bewegung.<\/p>\n\n\n\n<p>Opublikowane przez B\u0142awatsk\u0105 idee teozoficzne, szczeg\u00f3lnie te dotycz\u0105ce \u201eras rdzennych\u201d, s\u0105 cytowane jako wp\u0142yw na \u201e&nbsp;<a href=\"http:\/\/thirdreichocculthistory.blogspot.co.uk\/2011\/06\/ariosophy.html\" target=\"_blank\" rel=\"noreferrer noopener\">ariosofi\u0119<\/a>&nbsp;\u201d, ruch ezoteryczny za\u0142o\u017cony pod koniec XIX i na pocz\u0105tku XX wieku w Niemczech i Austrii przez Guido von List, a tak\u017ce na pisma i my\u015bla\u0142&nbsp;<a href=\"http:\/\/thirdreichocculthistory.blogspot.co.uk\/2011\/07\/lanz-von-liebenfels.html\" target=\"_blank\" rel=\"noreferrer noopener\">J\u00f6rg Lanz von Liebenfels<\/a>&nbsp;, okre\u015blany jako \u201eteozoologia\u201d.<\/p>\n\n\n<div class=\"wp-block-image\">\n<figure class=\"alignright size-full\"><img loading=\"lazy\" decoding=\"async\" width=\"129\" height=\"200\" src=\"https:\/\/wia.net.pl\/wp-content\/uploads\/2024\/03\/image-103.png\" alt=\"\" class=\"wp-image-7896\"\/><\/figure><\/div>\n\n\n<p><a href=\"http:\/\/thirdreichocculthistory.blogspot.co.uk\/2011\/07\/lanz-von-liebenfels.html\" target=\"_blank\" rel=\"noreferrer noopener\">Lanz von Liebenfels<\/a>&nbsp;(19 lipca 1874 &#8211; 22 kwietnia 1954) by\u0142 austriackim teoretykiem politycznym i rasowym oraz okultyst\u0105, tw\u00f3rc\u0105 \u201eteozoologii\u201d.&nbsp;By\u0142 by\u0142ym mnichem i za\u0142o\u017cycielem pisma \u201eOstara\u201d, w kt\u00f3rym publikowa\u0142 teorie rasowe i v\u00f6lkisch.&nbsp;<\/p>\n\n\n\n<p>W 1905 roku opublikowa\u0142 swoj\u0105 ksi\u0105\u017ck\u0119 \u201eTheozo\u00f6logie oder die Kunde von den Sodoms-\u0118fflingen und dem G\u00f6tter-Elektron\u201d, w kt\u00f3rej wychwala\u0142 \u201eras\u0119 aryjsk\u0105\u201d jako \u201eGottmenschen\u201d (\u201ebogowie-ludzie\u201d).&nbsp;Inne rasy powsta\u0142y w wyniku biologicznej ewolucji zwierz\u0105t.&nbsp;<\/p>\n\n\n\n<p>Zatem Liebenfels wyja\u015bni\u0142 \u201eupadek rasowy\u201d jako wzajemne po\u0142\u0105czenie p\u0142ci.&nbsp;U podstaw tego upadku rasa aryjska by\u0142a uwik\u0142ana w&nbsp;<em>krzy\u017cowanie ras<\/em>&nbsp;, trac\u0105c swoje boskie moce (elektron bog\u00f3w \u2013 w tym zdolno\u015bci paranormalne, takie jak telepatia i jasnowidzenie).&nbsp;<\/p>\n\n\n\n<p>Proces mieszania ras sprawi\u0142, \u017ce te cechy ograniczy\u0142y si\u0119 do kilku potomk\u00f3w Aryjczyk\u00f3w.&nbsp;Dlatego Liebenfelsowi zale\u017ca\u0142o na przywr\u00f3ceniu pierwotnej czysto\u015bci rasy aryjskiej.<\/p>\n\n\n\n<p>Bez w\u0105tpienia idee teozoficzne B\u0142awatskiej przyczyni\u0142y si\u0119 do powstania ideologii narodowego socjalizmu.<\/p>\n\n\n\n<p>Teozoficzne idee B\u0142awatskiej dotycz\u0105ce \u201e&nbsp;<a href=\"http:\/\/thirdreichocculthistory.blogspot.co.uk\/2012\/02\/hitler-and-jews.html\" target=\"_blank\" rel=\"noreferrer noopener\"><em>ras rdzennych<\/em>&nbsp;\u201d<\/a>&nbsp;by\u0142y r\u00f3wnie\u017c cytowane jako wp\u0142yw na antropozofi\u0119, ruch ezoteryczny rozwini\u0119ty przez Rudolfa Steinera w Niemczech na pocz\u0105tku XX wieku, przy czym Towarzystwo Antropozoficzne Steinera zosta\u0142o nazwane historyczn\u0105 odga\u0142\u0119zieniem Towarzystwa Teozoficznego.<\/p>\n\n\n\n<p class=\"has-text-align-center has-medium-font-size\"><strong>\u201eDie Geheimlehre\u201d<\/strong><\/p>\n\n\n<div class=\"wp-block-image\">\n<figure class=\"alignleft size-full\"><img loading=\"lazy\" decoding=\"async\" width=\"176\" height=\"200\" src=\"https:\/\/wia.net.pl\/wp-content\/uploads\/2024\/03\/image-104.png\" alt=\"\" class=\"wp-image-7897\"\/><figcaption class=\"wp-element-caption\">Helena B\u0142awatska<\/figcaption><\/figure><\/div>\n\n<div class=\"wp-block-image\">\n<figure class=\"alignright size-full\"><img loading=\"lazy\" decoding=\"async\" width=\"165\" height=\"250\" src=\"https:\/\/wia.net.pl\/wp-content\/uploads\/2024\/03\/image-105.png\" alt=\"\" class=\"wp-image-7898\"\/><\/figure><\/div>\n\n\n<p>\u201eDie Geheimlehre&nbsp;\u201d, czyli \u201eSynteza nauki, religii i filozofii\u201d, to ksi\u0105\u017cka pierwotnie opublikowana w dw\u00f3ch tomach w 1888 r. i stanowi\u0105ca opus magnum Heleny B\u0142awatskiej.<\/p>\n\n\n\n<p>Pierwszy tom nosi tytu\u0142 \u201e&nbsp;<a href=\"http:\/\/thebooksoffoundation.blogspot.co.uk\/2012\/08\/foundation.html\" target=\"_blank\" rel=\"noreferrer noopener\">Kosmogeneza<\/a>&nbsp;\u201d, drugi \u201e&nbsp;<a href=\"http:\/\/thebooksoffoundation.blogspot.co.uk\/2012\/08\/book-ii-biogenesis.html\" target=\"_blank\" rel=\"noreferrer noopener\">Antropogeneza<\/a>&nbsp;\u201d.<\/p>\n\n\n\n<p>By\u0142 to wp\u0142ywowy przyk\u0142ad o\u017cywienia zainteresowania ideami ezoterycznymi i okultystycznymi w epoce nowo\u017cytnej, w szczeg\u00f3lno\u015bci ze wzgl\u0119du na jego d\u0105\u017cenie do&nbsp;<em>pogodzenia<\/em>&nbsp;staro\u017cytnej m\u0105dro\u015bci ze wsp\u00f3\u0142czesn\u0105 nauk\u0105 (co by\u0142o w stanie osi\u0105gn\u0105\u0107 w ramach ogranicze\u0144 okresu, w kt\u00f3rym pisemny).<\/p>\n\n\n\n<p>B\u0142awatska twierdzi\u0142a, \u017ce \u200b\u200bjej tre\u015b\u0107 zosta\u0142a jej ujawniona przez \u201eistoty duchowe\u201d, kt\u00f3re zachowa\u0142y wiedz\u0119 o duchowej historii ludzko\u015bci, wiedz\u0119, kt\u00f3r\u0105 obecnie mo\u017cna cz\u0119\u015bciowo ujawni\u0107<\/p>\n\n\n\n<p><strong>Tom pierwszy&nbsp;(&nbsp;<a href=\"http:\/\/thebooksoffoundation.blogspot.co.uk\/2012\/08\/foundation.html\" target=\"_blank\" rel=\"noreferrer noopener\">Kosmogeneza<\/a>&nbsp;)<\/strong><\/p>\n\n\n<div class=\"wp-block-image\">\n<figure class=\"alignright size-full\"><img loading=\"lazy\" decoding=\"async\" width=\"200\" height=\"150\" src=\"https:\/\/wia.net.pl\/wp-content\/uploads\/2024\/03\/image-106.png\" alt=\"\" class=\"wp-image-7899\"\/><figcaption class=\"wp-element-caption\">Kosmogeneza<\/figcaption><\/figure><\/div>\n\n\n<p>Pierwsza cz\u0119\u015b\u0107 ksi\u0105\u017cki wyja\u015bnia pochodzenie i ewolucj\u0119 samego wszech\u015bwiata w oparciu o koncepcj\u0119 rozwoju&nbsp;<em>cyklicznego<\/em>&nbsp;.<\/p>\n\n\n\n<p>M\u00f3wi si\u0119, \u017ce \u015bwiat i wszystko, co si\u0119 w nim znajduje, przeplataj\u0105 si\u0119 z okresami aktywno\u015bci i okresami bierno\u015bci.<br>Ka\u017cdy okres aktywno\u015bci trwa wiele milion\u00f3w lat i sk\u0142ada si\u0119 z pewnej liczby eon\u00f3w (nie nale\u017cy myli\u0107 terminu \u201eeony\u201d \u2013 oznaczaj\u0105ce ogromny obszar czasu \u2013 z eonami \u2013 [r\u00f3wnie\u017c, bardziej poprawnie, eonami] \u2013 eonami s\u0105 czuj\u0105ce emanacje pochodz\u0105ce od niewys\u0142owionego JEDNEGO).<br><\/p>\n\n\n\n<p>B\u0142awatska pr\u00f3bowa\u0142a wykaza\u0107, \u017ce&nbsp;&nbsp;w pismach staro\u017cytnych przewidywano odkrycia nauki \u201e&nbsp;<em>materialistycznej\u201d i \u017ce w ko\u0144cu materializm zostanie udowodniony jako b\u0142\u0119dny.<\/em><\/p>\n\n\n\n<p><strong>Ewolucja kosmiczna: elementy kosmogonii<\/strong><\/p>\n\n\n\n<p>W tym podsumowaniu \u201e&nbsp;Die Geheimlehre&nbsp;\u201d B\u0142awatska przedstawi\u0142a podsumowanie g\u0142\u00f3wnych punkt\u00f3w swojego systemu kosmogonii.<\/p>\n\n\n\n<p>Te centralne punkty to:<\/p>\n\n\n\n<p>Die Geheimlehre&nbsp;&nbsp;reprezentuje \u201e&nbsp;<em>nagromadzon\u0105 M\u0105dro\u015b\u0107 Wiek\u00f3w\u201d<\/em>&nbsp;, system my\u015blenia, kt\u00f3ry<\/p>\n\n\n\n<blockquote class=\"wp-block-quote is-layout-flow wp-block-quote-is-layout-flow\">\n<p>\u201e&nbsp;<em>jest nieprzerwanym zapisem obejmuj\u0105cym tysi\u0105ce pokole\u0144 wtajemniczonych, kt\u00f3rych do\u015bwiadczenia mia\u0142y na celu przetestowanie i zweryfikowanie tradycji przekazywanych ustnie przez jedn\u0105 wczesn\u0105 ras\u0119 drugiej, nauk wy\u017cszych i wznios\u0142ych istot, kt\u00f3re czuwa\u0142y nad dzieci\u0144stwem Ludzko\u015bci<\/em>&nbsp;.\u201d<\/p>\n<\/blockquote>\n\n\n\n<p>W tej sekcji powt\u00f3rzono pierwsz\u0105 fundamentaln\u0105 tez\u0119 (patrz wy\u017cej), nazywaj\u0105c t\u0119 \u200b\u200bjedn\u0105 zasad\u0119 \u201e&nbsp;<em>podstawowym prawem w tym systemie&nbsp;<a href=\"http:\/\/thebooksoffoundation.blogspot.co.uk\/2012\/08\/foundation.html\" target=\"_blank\" rel=\"noreferrer noopener\">kosmogonii<\/a>&nbsp;\u201d<\/em>&nbsp;.<\/p>\n\n\n\n<p>Tutaj B\u0142awatska m\u00f3wi o tej zasadzie, \u017ce tak<\/p>\n\n\n<div class=\"wp-block-image\">\n<figure class=\"alignleft size-full\"><img loading=\"lazy\" decoding=\"async\" width=\"200\" height=\"127\" src=\"https:\/\/wia.net.pl\/wp-content\/uploads\/2024\/03\/image-107.png\" alt=\"\" class=\"wp-image-7901\"\/><\/figure><\/div>\n\n\n<p>\u201e&nbsp;<em>Jedyna&nbsp;<a href=\"http:\/\/thebooksoffoundation.blogspot.co.uk\/2012\/08\/book-i-ontology.html\" target=\"_blank\" rel=\"noreferrer noopener\">jednorodna boska zasada substancji<\/a>&nbsp;, jedna radykalna przyczyna. \u2026 Nazywa si\u0119 to \u201ezasad\u0105 substancji\u201d, poniewa\u017c staje si\u0119 \u201esubstancj\u0105\u201d na p\u0142aszczy\u017anie \u201eprzejawionego wszech\u015bwiata\u201d, iluzj\u0105, podczas gdy pozostaje \u201ezasad\u0105\u201d w nie maj\u0105cej pocz\u0105tku i niesko\u0144czonej abstrakcyjnej, widzialnej i niewidzialnej przestrzeni. <\/em><\/p>\n\n\n\n<p><em>Jest to wszechobecna Rzeczywisto\u015b\u0107: bezosobowa, poniewa\u017c zawiera wszystko i wszystko. Jej bezosobowo\u015b\u0107 jest podstawow\u0105 koncepcj\u0105 Systemu. Jest ukryta w ka\u017cdym atomie Wszech\u015bwiata i jest sam Wszech\u015bwiat.<\/em>&nbsp;\u201d<\/p>\n\n\n\n<p>W tej sekcji powt\u00f3rzono drugie podstawowe twierdzenie (patrz wy\u017cej), po raz kolejny robi\u0105c na nim wra\u017cenie<\/p>\n\n\n\n<blockquote class=\"wp-block-quote has-text-align-center is-layout-flow wp-block-quote-is-layout-flow\">\n<p><em>\u201eWszech\u015bwiat jest okresow\u0105 manifestacj\u0105 tej nieznanej&nbsp;<a href=\"http:\/\/thebooksoffoundation.blogspot.co.uk\/2012\/08\/book-i-ontology.html\" target=\"_blank\" rel=\"noreferrer noopener\">Absolutnej Esencji<\/a>&nbsp;.<\/em>&nbsp;\u201d<\/p>\n<\/blockquote>\n\n\n\n<p>dotykaj\u0105c jednocze\u015bnie z\u0142o\u017conych idei, \u017ce byt ostateczny jest poza wszelkimi konceptualizacjami.<\/p>\n\n\n\n<p>Koncepcja ta przedstawia ide\u0119, \u017ce \u201e&nbsp;<em><a href=\"http:\/\/thebooksoffoundation.blogspot.co.uk\/2012\/08\/book-i-ontology.html\" target=\"_blank\" rel=\"noreferrer noopener\">Jeden<\/a><\/em>&nbsp;\u201d, nieuwarunkowana i absolutna zasada, jest przykryty zas\u0142on\u0105&nbsp;<em>,<\/em>&nbsp;tak \u017ce esencja duchowa jest na zawsze przykryta esencj\u0105 materialn\u0105.<\/p>\n\n\n\n<p>W tej cz\u0119\u015bci wyja\u015bniono, \u017ce ca\u0142y wszech\u015bwiat jest w rzeczywisto\u015bci&nbsp;<em>iluzj\u0105<\/em>&nbsp;, poniewa\u017c wszystko w nim jest tymczasowe, tj. ma pocz\u0105tek i koniec, a zatem jest&nbsp;<em>nierealne<\/em>&nbsp;w por\u00f3wnaniu z wiecznym,&nbsp;&nbsp;<a href=\"http:\/\/thebooksoffoundation.blogspot.co.uk\/2012\/08\/book-i-ontology.html\" target=\"_blank\" rel=\"noreferrer noopener\"><em>niezmiennym<\/em><\/a>&nbsp;.<\/p>\n\n\n\n<p>Nast\u0119pna cz\u0119\u015b\u0107 powtarza trzecie fundamentalne twierdzenie (patrz wy\u017cej), stwierdzaj\u0105ce, \u017ce wszystko we wszech\u015bwiecie jest \u015bwiadome na sw\u00f3j spos\u00f3b i na w\u0142asnej p\u0142aszczy\u017anie percepcji.<\/p>\n\n\n\n<p>Z tego powodu&nbsp;<em>filozofia okultyzmu<\/em>&nbsp;stwierdza, \u017ce \u200b\u200bnie ma nie\u015bwiadomych ani \u015blepych praw Natury, \u017ce wszystkim rz\u0105dzi \u015bwiadomo\u015b\u0107 i \u015bwiadomo\u015bci.<\/p>\n\n\n\n<p>Nast\u0119pna sekcja przedstawia podstawow\u0105 ide\u0119 filozofii teozoficznej, \u017ce \u201e&nbsp;<em>jak na g\u00f3rze, tak i na dole<\/em>&nbsp;\u201d.&nbsp;<br>Jest to znane jako \u201e&nbsp;<em>prawo odpowiednio\u015bci<\/em>&nbsp;\u201d, kt\u00f3rego podstawowym za\u0142o\u017ceniem jest to, \u017ce wszystko we wszech\u015bwiecie dzia\u0142a i manifestuje si\u0119 od wewn\u0105trz na zewn\u0105trz, czyli od wy\u017cszego do ni\u017cszego, i \u017ce w ten spos\u00f3b ni\u017cszy, mikrokosmos, jest kopi\u0105 wy\u017cej, makrokosmos.&nbsp;<br>Tak jak istota ludzka do\u015bwiadcza ka\u017cdego dzia\u0142ania jako poprzedzonego wewn\u0119trznym impulsem my\u015bli, emocji lub&nbsp;<em>woli<\/em>&nbsp;, tak te\u017c przejawiony wszech\u015bwiat jest poprzedzony impulsami boskiej my\u015bli, uczucia i&nbsp;<em>woli<\/em>&nbsp;.<\/p>\n\n\n\n<p>Koncepcje te daj\u0105 podstaw\u0119 do poj\u0119cia \u201e&nbsp;<em>prawie niesko\u0144czonej serii hierarchii czuj\u0105cych istot\u201d<\/em>&nbsp;, kt\u00f3re samo w sobie staje si\u0119 centraln\u0105 ide\u0105 wielu teozof\u00f3w.<\/p>\n\n\n\n<p>Prawo korespondencji staje si\u0119 r\u00f3wnie\u017c kluczowe dla metodologii wielu teozof\u00f3w, kt\u00f3rzy poszukuj\u0105&nbsp;<em>analogicznej zgodno\u015bci<\/em>&nbsp;mi\u0119dzy r\u00f3\u017cnymi aspektami rzeczywisto\u015bci, na przyk\u0142ad: zgodno\u015bci\u0105 p\u00f3r roku na Ziemi z procesem \u017cycia pojedynczego cz\u0142owieka, poprzez narodziny, wzrost, doros\u0142o\u015b\u0107, a nast\u0119pnie upadek i \u015bmier\u0107.<\/p>\n\n\n\n<p><strong>Tom drugi&nbsp;(&nbsp;<a href=\"http:\/\/thebooksoffoundation.blogspot.co.uk\/2012\/08\/book-ii-biogenesis.html\" target=\"_blank\" rel=\"noreferrer noopener\">Antropogeneza<\/a>&nbsp;)<\/strong><\/p>\n\n\n\n<p>Druga po\u0142owa \u201eDie Geheimlehre\u201d opisuje pocz\u0105tki ludzko\u015bci poprzez relacj\u0119 o \u201e&nbsp;<em><a href=\"http:\/\/thebooksoffoundation.blogspot.co.uk\/2012\/08\/book-ii-biogenesis.html\" target=\"_blank\" rel=\"noreferrer noopener\">rasach korzeni<\/a><\/em>&nbsp;\u201d, kt\u00f3rych historia si\u0119ga milion\u00f3w lat wstecz.<\/p>\n\n\n\n<p>Pierwsza rasa korzeni by\u0142a \u201eeteryczna\u201d.<\/p>\n\n\n<div class=\"wp-block-image\">\n<figure class=\"alignleft size-full\"><img loading=\"lazy\" decoding=\"async\" width=\"163\" height=\"200\" src=\"https:\/\/wia.net.pl\/wp-content\/uploads\/2024\/03\/image-108.png\" alt=\"\" class=\"wp-image-7902\"\/><figcaption class=\"wp-element-caption\">Czwarta Rasa Podstawowa<\/figcaption><\/figure><\/div>\n\n<div class=\"wp-block-image\">\n<figure class=\"alignright size-full\"><img loading=\"lazy\" decoding=\"async\" width=\"199\" height=\"200\" src=\"https:\/\/wia.net.pl\/wp-content\/uploads\/2024\/03\/image-109.png\" alt=\"\" class=\"wp-image-7903\" srcset=\"https:\/\/wia.net.pl\/wp-content\/uploads\/2024\/03\/image-109.png 199w, https:\/\/wia.net.pl\/wp-content\/uploads\/2024\/03\/image-109-150x150.png 150w\" sizes=\"(max-width: 199px) 100vw, 199px\" \/><figcaption class=\"wp-element-caption\">Lemurian<\/figcaption><\/figure><\/div>\n\n\n<p>Drugi korze\u0144 mia\u0142 wi\u0119cej cia\u0142 fizycznych i \u017cy\u0142 w Hyperborei.<\/p>\n\n\n\n<p>Pi\u0105ta rasa korzeni ma oko\u0142o miliona lat i zachodzi na czwart\u0105 ras\u0119 korzeni, a pierwsze pocz\u0105tki pi\u0105tej rasy korzeni mia\u0142y miejsce mniej wi\u0119cej w \u015brodku czwartej rasy korzeni.<\/p>\n\n\n\n<p>&#8222;<em>Prawdziwa linia ewolucji r\u00f3\u017cni si\u0119 od darwinowskiej i obu \u201esystemy s\u0105 nie do pogodzenia, chyba \u017ce ten ostatni jest oddzielony od dogmatu \u201edoboru naturalnego\u201d.&nbsp;Przez \u201eCz\u0142owieka\u201d rozumie si\u0119 bosk\u0105 Monad\u0119, a nie my\u015bl\u0105c\u0105 Istot\u0119, a tym bardziej jej cia\u0142o fizyczne.<\/em><\/p>\n\n\n\n<p>M\u00f3wi si\u0119, \u017ce trzecia rasa podstawowa, pierwsza prawdziwie ludzka, istnia\u0142a na zaginionym kontynencie Lemurii, a czwarta rasa podstawowa rozwin\u0119\u0142a si\u0119 na&nbsp;<a href=\"http:\/\/thirdreichocculthistory.blogspot.co.uk\/2013\/02\/atlantis-und-das-dritte-reich.html\" target=\"_blank\" rel=\"noreferrer noopener\">Atlantydzie<\/a>&nbsp;.<\/p>\n\n\n<div class=\"wp-block-image\">\n<figure class=\"alignleft size-full\"><img loading=\"lazy\" decoding=\"async\" width=\"320\" height=\"172\" src=\"https:\/\/wia.net.pl\/wp-content\/uploads\/2024\/03\/image-110.png\" alt=\"\" class=\"wp-image-7904\" srcset=\"https:\/\/wia.net.pl\/wp-content\/uploads\/2024\/03\/image-110.png 320w, https:\/\/wia.net.pl\/wp-content\/uploads\/2024\/03\/image-110-300x161.png 300w\" sizes=\"(max-width: 320px) 100vw, 320px\" \/><figcaption class=\"wp-element-caption\"><em>Atlantyda<\/em><\/figcaption><\/figure><\/div>\n\n\n<p><em>Okultyzm odrzuca pogl\u0105d, \u017ce natura rozwin\u0119\u0142a cz\u0142owieka od ma\u0142py, a nawet od wsp\u00f3lnego przodka obu, lecz wr\u0119cz przeciwnie, wywodzi niekt\u00f3re z najbardziej antropoidalnych gatunk\u00f3w z cz\u0142owieka Trzeciej Rasy.&nbsp;<\/em><\/p>\n\n\n\n<p><em>Innymi s\u0142owy, \u201eprzodek\u201d obecnego zwierz\u0119cia antropoidalnego, ma\u0142py, jest bezpo\u015brednim wytworem jeszcze bezmy\u015blnego Cz\u0142owieka, kt\u00f3ry zbezcze\u015bci\u0142 swoj\u0105 ludzk\u0105 godno\u015b\u0107, stawiaj\u0105c si\u0119 fizycznie na poziomie zwierz\u0119cia.<\/em><\/p>\n\n\n\n<p><\/p>\n\n\n\n<p><\/p>\n\n\n\n<p><strong>Trzy podstawowe propozycje<\/strong><\/p>\n\n\n\n<p>B\u0142awatska wyja\u015bni\u0142a podstawowe idee sk\u0142adowe swojej kosmogonii trzema podstawowymi twierdzeniami, o kt\u00f3rych powiedzia\u0142a:&nbsp;<\/p>\n\n\n\n<blockquote class=\"wp-block-quote is-layout-flow wp-block-quote-is-layout-flow\">\n<p><em>\u201eZanim czytelnik przejdzie dalej\u2026 jest absolutnie konieczne, aby zapozna\u0142 si\u0119 z kilkoma podstawowymi koncepcjami, kt\u00f3re le\u017c\u0105 u podstaw i przenikaj\u0105 ca\u0142y system my\u015blenia, na kt\u00f3ry zwraca si\u0119 jego uwag\u0119.&nbsp;Tych podstawowych idei jest niewiele i od ich jasnego zrozumienia zale\u017cy zrozumienie wszystkiego, co nast\u0119puje\u2026<\/em><\/p>\n<\/blockquote>\n\n\n\n<p>Pierwsza propozycja g\u0142osi, \u017ce istnieje jedna podstawowa, bezwarunkowa, niepodzielna Prawda, nazywana r\u00f3\u017cnie \u201eAbsolutem\u201d, \u201eNieznanym Korzeniem\u201d, \u201eJEDN\u0104&nbsp;<em>\u201d<\/em>&nbsp;.<\/p>\n\n\n\n<p>Jest bezprzyczynowe i ponadczasowe, a zatem niepoznawalne i nie daj\u0105ce si\u0119 opisa\u0107: \u201eTo raczej \u00abbycie\u00bb ni\u017c bycie\u201d.<\/p>\n\n\n\n<p>Jednak\u017ce przej\u015bciowe stany materii i \u015bwiadomo\u015bci manifestuj\u0105 si\u0119 w IT, w rozwijaj\u0105cej si\u0119 gradacji od najsubtelniejszego do najg\u0119stszego, kt\u00f3rego fina\u0142em jest p\u0142aszczyzna fizyczna.<\/p>\n\n\n\n<p>Zgodnie z tym pogl\u0105dem oczywiste istnienie jest \u201e&nbsp;<em>zmian\u0105 stanu<\/em>&nbsp;\u201d, a zatem nie jest wynikiem stworzenia ani zdarzenia losowego.<\/p>\n\n\n\n<p>Wszystko we wszech\u015bwiecie jest informowane przez&nbsp;<em>potencja\u0142y<\/em>&nbsp;obecne w \u201eJEDNYM\u201d i manifestuje si\u0119 w r\u00f3\u017cnych stopniach \u017bycia (lub energii), \u015awiadomo\u015bci i Materii.<\/p>\n\n\n\n<p>Druga propozycja to&nbsp;<em>\u201eabsolutna uniwersalno\u015b\u0107 tego prawa okresowo\u015bci, przep\u0142ywu i odp\u0142ywu, przyp\u0142yw\u00f3w i odp\u0142yw\u00f3w<\/em>&nbsp;\u201d.<\/p>\n\n\n<div class=\"wp-block-image\">\n<figure class=\"alignleft size-full\"><img loading=\"lazy\" decoding=\"async\" width=\"320\" height=\"204\" src=\"https:\/\/wia.net.pl\/wp-content\/uploads\/2024\/03\/image-111.png\" alt=\"\" class=\"wp-image-7905\" srcset=\"https:\/\/wia.net.pl\/wp-content\/uploads\/2024\/03\/image-111.png 320w, https:\/\/wia.net.pl\/wp-content\/uploads\/2024\/03\/image-111-300x191.png 300w\" sizes=\"(max-width: 320px) 100vw, 320px\" \/><figcaption class=\"wp-element-caption\">Bezgraniczny samolot<\/figcaption><\/figure><\/div>\n\n\n<p>Zatem przejawione istnienie jest wiecznie powtarzaj\u0105cym si\u0119 wydarzeniem na \u201e&nbsp;<em>nieograniczonym planie<\/em>&nbsp;\u201d: \u201e&nbsp;<em>plac zabaw niezliczonych wszech\u015bwiat\u00f3w, kt\u00f3re nieustannie pojawiaj\u0105 si\u0119 i znikaj\u0105<\/em>&nbsp;\u201d, \u201eka\u017cdy z nich\u201d&nbsp;<em>pozostaje w relacji skutku w stosunku do swojego poprzednika i jest przyczyn\u0119 w odniesieniu do jego nast\u0119pcy<\/em>&nbsp;\u201d, czyni\u0105c to przez rozleg\u0142e, ale sko\u0144czone okresy czasu.<\/p>\n\n\n\n<p>Z powy\u017cszym wi\u0105\u017ce si\u0119 trzecia propozycja: \u201e&nbsp;<em>Podstawowa to\u017csamo\u015b\u0107 wszystkich Dusz z JEDNYM\u2026 i obowi\u0105zkowa pielgrzymka ka\u017cdej Duszy \u2013 iskry tej pierwszej \u2013 przez Cykl Wcielenia (lub \u201eKonieczno\u015bci\u201d) zgodnie z Prawo cykliczne, przez ca\u0142\u0105 kadencj\u0119.<\/em>&nbsp;\u201d<\/p>\n\n\n\n<p>Indywidualne dusze s\u0105 postrzegane jako jednostki \u015bwiadomo\u015bci (Monady), kt\u00f3re s\u0105 nieod\u0142\u0105cznymi cz\u0119\u015bciami JEDNO\u015aCI, tak jak r\u00f3\u017cne iskry s\u0105 cz\u0119\u015bciami ognia.<\/p>\n\n\n\n<p>Monady te przechodz\u0105 proces ewolucji, podczas kt\u00f3rego rozwija si\u0119 \u015bwiadomo\u015b\u0107 i rozwija si\u0119 materia.<\/p>\n\n\n\n<p>Ta ewolucja nie jest przypadkowa, ale wynika z inteligencji i ma okre\u015blony cel.<\/p>\n\n\n\n<p>Ewolucja pod\u0105\u017ca odr\u0119bnymi \u015bcie\u017ckami, zgodnie z pewnymi niezmiennymi prawami, kt\u00f3rych aspekty s\u0105 dostrzegalne na poziomie fizycznym.<\/p>\n\n\n\n<p>Jednym z takich praw jest prawo okresowo\u015bci i cykliczno\u015bci;&nbsp;innym jest prawo przyczyny i skutku.<\/p>\n\n\n\n<p><strong>Teorie ewolucji cz\u0142owieka i rasy<\/strong><\/p>\n\n\n<div class=\"wp-block-image\">\n<figure class=\"alignright size-full\"><img loading=\"lazy\" decoding=\"async\" width=\"128\" height=\"200\" src=\"https:\/\/wia.net.pl\/wp-content\/uploads\/2024\/03\/image-112.png\" alt=\"\" class=\"wp-image-7906\"\/><figcaption class=\"wp-element-caption\">Rasa aryjska<\/figcaption><\/figure><\/div>\n\n\n<p>W drugim tomie \u201e&nbsp;Die Geheimlehre\u201d&nbsp;, po\u015bwi\u0119conym \u201eantropogenezie\u201d, B\u0142awatska przedstawia teori\u0119&nbsp;&nbsp;<em>stopniowej ewolucji<\/em>&nbsp;ludzko\u015bci fizycznej na przestrzeni milion\u00f3w lat.<\/p>\n\n\n\n<p>Etapy tej ewolucji nazywane s\u0105 \u201erasami korzeniowymi\u201d, jest ich w sumie siedem.<\/p>\n\n\n\n<p>Wcze\u015bniejsze rasy korzeni wykazywa\u0142y zupe\u0142nie inne cechy: cia\u0142a fizyczne pojawi\u0142y si\u0119 po raz pierwszy w drugiej rasie korzeni, a cechy p\u0142ciowe w trzeciej.<\/p>\n\n\n\n<p>Niekt\u00f3re rasy s\u0105 wyra\u017anie mniej w pe\u0142ni ludzkie i duchowe ni\u017c \u201e&nbsp;<a href=\"http:\/\/thirdreichocculthistory.blogspot.co.uk\/2014\/06\/okkulte-ursprunge-der-arischen-rasse.html\" target=\"_blank\" rel=\"noreferrer noopener\">Aryjczycy&nbsp;<\/a><em>\u201d<\/em>&nbsp;(\u201eszlachetni\u201d).<\/p>\n\n\n\n<p>Na przyk\u0142ad,&nbsp;<\/p>\n\n\n\n<blockquote class=\"wp-block-quote is-layout-flow wp-block-quote-is-layout-flow\">\n<p><em>Ludzko\u015b\u0107 jest oczywi\u015bcie podzielona na ludzi \u201epoinformowanych o Bogu\u201d i ni\u017csze istoty ludzkie. Intelektualna r\u00f3\u017cnica mi\u0119dzy Aryjczykami a innymi cywilizowanymi narodami i takimi dzikusami jak mieszka\u0144cy wysp Morza Po\u0142udniowego jest niewyt\u0142umaczalna na \u017cadnej innej podstawie. \u017badna kultura ani pokolenia szkolenia w cywilizacji, mog\u0142oby wynie\u015b\u0107 takie ludzkie okazy, jak Buszmeni, Weddhowie z Cejlonu i niekt\u00f3re plemiona afryka\u0144skie, do tego samego poziomu intelektualnego, co Aryjczycy i Tura\u0144czycy. Brakuje w nich \u201e\u015bwi\u0119tej iskry\u201d i to w\u0142a\u015bnie oni kt\u00f3rzy s\u0105 jedynymi gorszymi rasami na \u015bwiecie, teraz szcz\u0119\u015bliwie \u2013 dzi\u0119ki m\u0105dremu dostosowaniu natury, kt\u00f3ra zawsze dzia\u0142a w tym kierunku \u2013 szybko wymieraj\u0105. Zaprawd\u0119, ludzko\u015b\u0107 nie jest tej samej istoty. Jeste\u015bmy cieplarniami, sztucznie o\u017cywionymi ro\u015blinami w przyrodzie, maj\u0105c w sobie iskr\u0119, kt\u00f3ra w nich jest ukryta\u201d<\/em><\/p>\n<\/blockquote>\n\n\n\n<p class=\"has-text-align-right\">&nbsp;(&nbsp;Die Geheimlehre&nbsp;, tom 2, s. 421).<\/p>\n\n\n\n<p>Omawiaj\u0105c \u201e&nbsp;<em>bezp\u0142odno\u015b\u0107 mi\u0119dzy dwiema rasami ludzkimi<\/em>&nbsp;\u201d zaobserwowan\u0105 przez Darwina, B\u0142awatska zauwa\u017ca:<\/p>\n\n\n\n<blockquote class=\"wp-block-quote is-layout-flow wp-block-quote-is-layout-flow\">\n<p><em>\u201eZ takich p\u00f3\u0142zwierz\u0119cych stworze\u0144 (<\/em>&nbsp;Chandals \u2013 Untermenschen, jak opisa\u0142 Liebemfels&nbsp;<em>)&nbsp;&nbsp;<\/em><em>jedynymi pozosta\u0142o\u015bciami znanymi etnologii byli Tasma\u0144czycy, cz\u0119\u015b\u0107 Australijczyk\u00f3w i plemi\u0119 g\u00f3rskie w Chinach, kt\u00f3rego m\u0119\u017cczy\u017ani i kobiety s\u0105 ca\u0142kowicie pokryci Byli ostatnimi potomkami w prostej linii p\u00f3\u0142zwierz\u0119cych wsp\u00f3\u0142czesnych Lemurian, o kt\u00f3rych mowa. Istnieje jednak znaczna liczba mieszanych lud\u00f3w lemuro-atlantyckich, powsta\u0142ych w wyniku r\u00f3\u017cnych skrzy\u017cowa\u0144 z takimi p\u00f3\u0142ludzkimi stadami \u2013 np. mieszka\u0144cy Borneo, Weddowie z Cejlonu, wi\u0119kszo\u015b\u0107 pozosta\u0142ych Australijczyk\u00f3w, Buszmen\u00f3w, Negos, mieszka\u0144c\u00f3w Andaman\u00f3w itp.<\/em><\/p>\n<\/blockquote>\n\n\n\n<p class=\"has-text-align-right\">&nbsp;(&nbsp;Die Geheimlehre&nbsp;, t. 2, s. 195\u20136)<\/p>\n\n\n\n<p>W \u201e&nbsp;Die Geheimlehre\u201d istnieje tak\u017ce&nbsp;&nbsp;zwi\u0105zek pomi\u0119dzy ras\u0105 fizyczn\u0105&nbsp;<em>a<\/em>&nbsp;cechami duchowymi:<\/p>\n\n\n\n<blockquote class=\"wp-block-quote is-layout-flow wp-block-quote-is-layout-flow\">\n<p>\u201e&nbsp;<em>Historia ezoteryczna uczy, \u017ce bo\u017cki i ich kult wymar\u0142y wraz z Czwart\u0105 Ras\u0105, a\u017c do czasu, gdy ocalali z ras hybrydowych tej ostatniej (Chi\u0144czycy, Murzyni afryka\u0144scy itd.) stopniowo przywr\u00f3cili kult.<\/em>&nbsp;\u201d<\/p>\n<\/blockquote>\n\n\n\n<p class=\"has-text-align-right\">(Die Geheimlehre, tom 2, s. 723)<\/p>\n\n\n\n<p>Wed\u0142ug&nbsp;&nbsp;\u201eDie Geheimlehre\u201d&nbsp;:<\/p>\n\n\n\n<blockquote class=\"wp-block-quote is-layout-flow wp-block-quote-is-layout-flow\">\n<p><em>\u201eMONADY najni\u017cszych przedstawicieli ludzko\u015bci (\u201edziki mieszkaniec wysp Morza Po\u0142udniowego o w\u0105skim m\u00f3zgu, Afrykanin, Australijczyk) nie mia\u0142y \u017cadnej karmy do wyrobienia, gdy urodzi\u0142y si\u0119 jako m\u0119\u017cczy\u017ani, tak jak ich bardziej faworyzowani w inteligencji bracia\u201d<\/em><\/p>\n<\/blockquote>\n\n\n\n<p class=\"has-text-align-right\">(&nbsp;Die Geheimlehre&nbsp;, tom 2, s. 168)<\/p>\n\n\n\n<p>Die Geheimlehre&nbsp;&nbsp;prorokuje tak\u017ce o zniszczeniu rasowych \u201e&nbsp;<em>niepowodze\u0144 natury<\/em>&nbsp;\u201d, gdy \u201e&nbsp;<em>rasa wy\u017csza<\/em>&nbsp;\u201d wzniesie si\u0119 w g\u00f3r\u0119:<\/p>\n\n\n\n<blockquote class=\"wp-block-quote is-layout-flow wp-block-quote-is-layout-flow\">\n<p>\u201e<em>W ten spos\u00f3b ludzko\u015b\u0107, rasa za ras\u0105, odb\u0119dzie swoj\u0105 wyznaczon\u0105 cyklow\u0105 pielgrzymk\u0119. Klimaty b\u0119d\u0105 si\u0119 zmienia\u0107 i ju\u017c zacz\u0119\u0142y si\u0119 zmienia\u0107, ka\u017cdy rok tropikalny po drugim, porzucaj\u0105c jedn\u0105 podras\u0119, ale tylko po to, by sp\u0142odzi\u0107 kolejn\u0105 wy\u017csz\u0105 ras\u0119 w cyklu wznosz\u0105cym si\u0119 ; podczas gdy szereg innych mniej uprzywilejowanych grup \u2013 niepowodze\u0144 natury \u2013 podobnie jak niekt\u00f3rzy indywidualni ludzie znikn\u0105 z rodziny ludzkiej, nie pozostawiaj\u0105c po sobie nawet \u015bladu\u201d<\/em><\/p>\n<\/blockquote>\n\n\n\n<p class=\"has-text-align-right\">(&nbsp;Die Geheimlehre&nbsp;, tom 2, s. 446)<\/p>\n\n\n\n<p>W&nbsp;&nbsp;Die Geheimlehre jest powiedziane&nbsp;: \u201e&nbsp;<em>Zaprawd\u0119, ludzko\u015b\u0107 nie jest tej&nbsp;<strong>samej<\/strong>&nbsp;istoty<\/em>&nbsp;\u201d.&nbsp;(Tom 1, s. 255).<\/p>\n\n\n\n<p><strong>Pisma o \u201eDie Geheimlehre\u201d<\/strong><\/p>\n\n\n\n<p>Alicja Bailey:<\/p>\n\n\n\n<blockquote class=\"wp-block-quote is-layout-flow wp-block-quote-is-layout-flow\">\n<p>\u201e&nbsp;<em>Ale ci z nas, kt\u00f3rzy naprawd\u0119 j\u0105 przestudiowali i doszli do pewnego zrozumienia jej wewn\u0119trznego znaczenia, maj\u0105 podstawow\u0105 ocen\u0119 prawdy, jakiej nie dostarcza \u017cadna inna ksi\u0105\u017cka. HPB stwierdzi\u0142o, \u017ce nast\u0119pn\u0105 interpretacj\u0105 Wiecznej M\u0105dro\u015bci b\u0119dzie podej\u015bcie psychologiczne i Psychologicznym kluczem do Die Geheimlehre jest Traktat o ogniu kosmicznym, kt\u00f3ry opublikowa\u0142em w 1925 roku. \u017badna z moich ksi\u0105\u017cek nie powsta\u0142aby, gdybym kiedy\u015b nie przeprowadzi\u0142 bardzo dok\u0142adnych bada\u0144 nad Die Geheimlehre.<\/em><\/p>\n<\/blockquote>\n\n\n\n<p>\u201eB\u0142awatska i&nbsp;&nbsp;Die Geheimlehre&nbsp;\u201d Maxa Heindla (1933):<\/p>\n\n\n\n<blockquote class=\"wp-block-quote is-layout-flow wp-block-quote-is-layout-flow\">\n<p>\u201e&nbsp;<em>Die Geheimlehre to jedna z najbardziej niezwyk\u0142ych ksi\u0105\u017cek na \u015bwiecie\u2026 Za ni\u0105 [HPB] stali prawdziwi nauczyciele, stra\u017cnicy Tajemnej M\u0105dro\u015bci wiek\u00f3w, kt\u00f3rzy przekazali jej ca\u0142\u0105 wiedz\u0119 okultyzmu, kt\u00f3r\u0105 przekaza\u0142a w swoich pismach.<\/em>&nbsp;&#8222;<\/p>\n<\/blockquote>\n\n\n<div class=\"wp-block-image\">\n<figure class=\"aligncenter size-full\"><img loading=\"lazy\" decoding=\"async\" width=\"248\" height=\"290\" src=\"https:\/\/wia.net.pl\/wp-content\/uploads\/2024\/03\/image-113.png\" alt=\"\" class=\"wp-image-7907\"\/><figcaption class=\"wp-element-caption\">\u0415\u043b\u0435\u0301\u043d\u0430 \u041f\u0435\u0442\u0440\u043e\u0301\u0432\u043d\u0430 \u0411\u043b\u0430\u0432\u0430\u0301\u0442\u0441\u043a\u0430\u044f<\/figcaption><\/figure><\/div>\n\n\n<p><strong>Wniosek<\/strong><\/p>\n\n\n\n<p>Chocia\u017c nie wszystkie nauki \u201eDie Geheimlehre\u201d zosta\u0142y zaakceptowane przez teoretyk\u00f3w i filozof\u00f3w v\u00f6lkischa, wywar\u0142o to silny wp\u0142yw na ich spos\u00f3b my\u015blenia.<\/p>\n\n\n\n<p>Najbardziej wp\u0142ywowe by\u0142y rozdzia\u0142y traktuj\u0105ce o rozwoju ras&nbsp;<a href=\"http:\/\/thirdreichocculthistory.blogspot.co.uk\/2012\/02\/hitler-and-jews.html\" target=\"_blank\" rel=\"noreferrer noopener\">podstawowych<\/a>&nbsp;i ich wzgl\u0119dnych pozycjach w hierarchii ras, a w szczeg\u00f3lno\u015bci o wywy\u017cszeniu nordyckiej rasy aryjskiej.<\/p>\n\n\n\n<p><br>Ponadto ruch v\u00f6lkisch uzna\u0142 za wa\u017cn\u0105 sugesti\u0119, \u017ce rasa aryjska w pewnym momencie w przysz\u0142o\u015bci stanie si\u0119 ras\u0105 dominuj\u0105c\u0105, podczas gdy inne, mniejsze rasy popadn\u0105 w upadek&nbsp;&nbsp;.<\/p>\n\n\n\n<p><br>R\u00f3wnie\u017c&nbsp;<em>odrzucenie<\/em>&nbsp;chrze\u015bcija\u0144stwa wraz z innymi&nbsp;<em>religiami semickimi (judaizmem i islamem)<\/em>&nbsp;by\u0142o w du\u017cej mierze zgodne z og\u00f3lnym nastrojem i nastrojami panuj\u0105cymi w\u00f3wczas w Niemczech i Austrii.<\/p>\n\n\n\n<p>Szkoda, \u017ce&nbsp;&nbsp;\u200b\u200bB\u0142awatska uzna\u0142a za konieczne \u201eubra\u0107\u201d swoje objawienia w pseudowedyjski (lub by\u0107 mo\u017ce hinduski) kostium, poniewa\u017c by\u0142o to niew\u0142a\u015bciwe i odstr\u0119czaj\u0105ce dla kulturalnych i wykszta\u0142conych Europejczyk\u00f3w.<\/p>\n\n\n\n<p>Skutkowa\u0142o to powa\u017cnym ograniczeniem atrakcyjno\u015bci teozofii jako odr\u0119bnej doktryny w Europie, ale nie przeszkodzi\u0142o bardziej spostrzegawczym wyczu\u0107, \u017ce za fasad\u0105 \u201eorientalizmu\u201d kryje si\u0119 g\u0142\u0119boka i znacz\u0105ca prawda.<\/p>\n\n\n<div class=\"wp-block-image\">\n<figure class=\"alignright size-full\"><img loading=\"lazy\" decoding=\"async\" width=\"151\" height=\"200\" src=\"https:\/\/wia.net.pl\/wp-content\/uploads\/2024\/03\/image-114.png\" alt=\"\" class=\"wp-image-7908\"\/><\/figure><\/div>\n\n\n<p><a href=\"http:\/\/thirdreichocculthistory.blogspot.co.uk\/2011\/07\/dietrich-eckart-hitlers-mentor.html\" target=\"_blank\" rel=\"noreferrer noopener\">Dietrich Eckart<\/a>&nbsp;zmar\u0142 na zawa\u0142 serca w Berchtesgaden 26 grudnia 1923 r.<br><\/p>\n\n\n\n<p>Jednak na kr\u00f3tko przed \u015bmierci\u0105 wyg\u0142osi\u0142 prorocze o\u015bwiadczenie w kr\u0119gu Thule&nbsp;<a href=\"http:\/\/thirdreichocculthistory.blogspot.co.uk\/2011\/07\/thule-gesellschaft.html\" target=\"_blank\" rel=\"noreferrer noopener\">Gesellschaft<\/a>&nbsp;:&nbsp;\u201e&nbsp;<em>Hitler b\u0119dzie ta\u0144czy\u0142, ale to ja wo\u0142a\u0142em t\u0119 melodi\u0119&nbsp;! wtajemniczy\u0142em go w&nbsp;<strong>\u201eTajn\u0105 Doktryn\u0119\u201d (Die Geheimlehre)<\/strong>&nbsp;, otworzy\u0142em jego o\u015brodki wzroku i umo\u017cliwi\u0142em mu komunikacj\u0119 z \u201epot\u0119gami\u201d.&nbsp;<\/em><\/p>\n\n\n\n<p><em>Nie op\u0142akujcie mnie: b\u0119d\u0119 mia\u0142 wi\u0119kszy wp\u0142yw na histori\u0119 ni\u017c jakikolwiek inny Niemiec \u201d .<\/em><\/p>\n\n\n\n<p><\/p>\n\n\n\n<p>\u0179r\u00f3d\u0142o: <a href=\"http:\/\/thirdreichocculthistory.blogspot.com\/2015\/11\/die-geheimlehre.html\" target=\"_blank\" rel=\"noopener\" title=\"\">http:\/\/thirdreichocculthistory.blogspot.com\/2015\/11\/die-geheimlehre.html<\/a><\/p>\n<div class=\"remoji_bar\"><div class=\"remoji_add_container\" data-remoji-id=\"7887\" data-remoji-type=\"post\"><div class=\"remoji_add_icon\"><\/div><\/div><div class=\"remoji_error_bar\" data-remoji-id=\"7887\" data-remoji-type=\"post\" style=\"display: none;\">Error happened.<\/div><\/div>","protected":false},"excerpt":{"rendered":"<p>DIE GEHEIMLEHRE Tu\u017c przed przedwczesn\u0105 \u015bmierci\u0105&nbsp;Dietrich Eckart&nbsp;o\u015bwiadczy\u0142 swoim bliskim wsp\u00f3\u0142pracownikom, \u017ce wprowadzi\u0142 Hitlera w \u201eTajn\u0105 Doktryn\u0119\u201d (Die Geheimlehre). To jest to samo \u201eGeheimlehre\u201d, kt\u00f3re wywar\u0142o silny wp\u0142yw na nauki&nbsp;Lanza von Liebenfelsa&nbsp;(mi\u0119dzy innymi) w odniesieniu do pochodzenia i rozwoju rasy aryjskiej&#8230;. <\/p>\n","protected":false},"author":3,"featured_media":7909,"comment_status":"open","ping_status":"open","sticky":false,"template":"","format":"standard","meta":{"_acf_changed":false,"_bbp_topic_count":0,"_bbp_reply_count":0,"_bbp_total_topic_count":0,"_bbp_total_reply_count":0,"_bbp_voice_count":0,"_bbp_anonymous_reply_count":0,"_bbp_topic_count_hidden":0,"_bbp_reply_count_hidden":0,"_bbp_forum_subforum_count":0,"om_disable_all_campaigns":false,"_monsterinsights_skip_tracking":false,"_monsterinsights_sitenote_active":false,"_monsterinsights_sitenote_note":"","_monsterinsights_sitenote_category":0,"footnotes":""},"categories":[93],"tags":[68,63,42,71,26,23,32,22,70,62],"class_list":["post-7887","post","type-post","status-publish","format-standard","has-post-thumbnail","hentry","category-artykuly","tag-cesarstwo-rzymskie","tag-historia-ziemi","tag-illuminati","tag-kosciol-katolicki","tag-ludzkosc","tag-niewolnictwo","tag-rzad","tag-satanizm","tag-tajne-stowarzyszenia","tag-wszechswiat"],"acf":[],"aioseo_notices":[],"_links":{"self":[{"href":"https:\/\/wia.net.pl\/index.php\/wp-json\/wp\/v2\/posts\/7887"}],"collection":[{"href":"https:\/\/wia.net.pl\/index.php\/wp-json\/wp\/v2\/posts"}],"about":[{"href":"https:\/\/wia.net.pl\/index.php\/wp-json\/wp\/v2\/types\/post"}],"author":[{"embeddable":true,"href":"https:\/\/wia.net.pl\/index.php\/wp-json\/wp\/v2\/users\/3"}],"replies":[{"embeddable":true,"href":"https:\/\/wia.net.pl\/index.php\/wp-json\/wp\/v2\/comments?post=7887"}],"version-history":[{"count":3,"href":"https:\/\/wia.net.pl\/index.php\/wp-json\/wp\/v2\/posts\/7887\/revisions"}],"predecessor-version":[{"id":7911,"href":"https:\/\/wia.net.pl\/index.php\/wp-json\/wp\/v2\/posts\/7887\/revisions\/7911"}],"wp:featuredmedia":[{"embeddable":true,"href":"https:\/\/wia.net.pl\/index.php\/wp-json\/wp\/v2\/media\/7909"}],"wp:attachment":[{"href":"https:\/\/wia.net.pl\/index.php\/wp-json\/wp\/v2\/media?parent=7887"}],"wp:term":[{"taxonomy":"category","embeddable":true,"href":"https:\/\/wia.net.pl\/index.php\/wp-json\/wp\/v2\/categories?post=7887"},{"taxonomy":"post_tag","embeddable":true,"href":"https:\/\/wia.net.pl\/index.php\/wp-json\/wp\/v2\/tags?post=7887"}],"curies":[{"name":"wp","href":"https:\/\/api.w.org\/{rel}","templated":true}]}}