{"id":7955,"date":"2024-03-22T15:42:33","date_gmt":"2024-03-22T14:42:33","guid":{"rendered":"https:\/\/wia.net.pl\/?p=7955"},"modified":"2024-04-08T02:05:12","modified_gmt":"2024-04-08T00:05:12","slug":"david-icke-przywracanie-swiata-do-praw","status":"publish","type":"post","link":"https:\/\/wia.net.pl\/index.php\/2024\/03\/22\/david-icke-przywracanie-swiata-do-praw\/","title":{"rendered":"David Icke &#8211; Przywracanie \u015awiata do Praw"},"content":{"rendered":"<p><iframe id=\"odysee-iframe\" style=\"width:100%; aspect-ratio:16 \/ 9;\" src=\"https:\/\/odysee.com\/$\/embed\/@wolnoscanarchia:d\/Icke---Cowan-FINAL:3?r=KqtnN3u2RSe5GxY7Tos527f1XGfjXD4u\" allowfullscreen><\/iframe><\/p>\n\n\n\n<p>Patent &#8211;  Urz\u0105dzenie wykrywaj\u0105ce biosygna\u0142 wykorzystuj\u0105ce dynamiczny dob\u00f3r elektrod<\/p>\n\n\n\n<figure class=\"wp-block-image size-large\"><img loading=\"lazy\" decoding=\"async\" width=\"1024\" height=\"619\" src=\"https:\/\/wia.net.pl\/wp-content\/uploads\/2024\/03\/Zrzut-ekranu-2024-03-22-153836-1024x619.png\" alt=\"\" class=\"wp-image-7956\" srcset=\"https:\/\/wia.net.pl\/wp-content\/uploads\/2024\/03\/Zrzut-ekranu-2024-03-22-153836-1024x619.png 1024w, https:\/\/wia.net.pl\/wp-content\/uploads\/2024\/03\/Zrzut-ekranu-2024-03-22-153836-300x181.png 300w, https:\/\/wia.net.pl\/wp-content\/uploads\/2024\/03\/Zrzut-ekranu-2024-03-22-153836-768x464.png 768w, https:\/\/wia.net.pl\/wp-content\/uploads\/2024\/03\/Zrzut-ekranu-2024-03-22-153836.png 1350w\" sizes=\"(max-width: 1024px) 100vw, 1024px\" \/><\/figure>\n\n\n\n<p>\u0179r\u00f3d\u0142o <a href=\"https:\/\/rumble.com\/v4eb3fr-putting-the-world-to-rights-david-icke-and-tom-cowan.html\">https:\/\/rumble.com\/v4eb3fr-putting-the-world-to-rights-david-icke-and-tom-cowan.html<\/a><\/p>\n","protected":false},"excerpt":{"rendered":"<p>Patent &#8211; Urz\u0105dzenie wykrywaj\u0105ce biosygna\u0142 wykorzystuj\u0105ce dynamiczny dob\u00f3r elektrod \u0179r\u00f3d\u0142o https:\/\/rumble.com\/v4eb3fr-putting-the-world-to-rights-david-icke-and-tom-cowan.html<\/p>\n","protected":false},"author":2,"featured_media":7957,"comment_status":"open","ping_status":"open","sticky":false,"template":"","format":"standard","meta":{"_acf_changed":false,"_bbp_topic_count":0,"_bbp_reply_count":0,"_bbp_total_topic_count":0,"_bbp_total_reply_count":0,"_bbp_voice_count":0,"_bbp_anonymous_reply_count":0,"_bbp_topic_count_hidden":0,"_bbp_reply_count_hidden":0,"_bbp_forum_subforum_count":0,"om_disable_all_campaigns":false,"_monsterinsights_skip_tracking":false,"footnotes":""},"categories":[7,13,95],"tags":[],"class_list":["post-7955","post","type-post","status-publish","format-standard","has-post-thumbnail","hentry","category-ai","category-prawdaoswiecie","category-ufo-i-technologie"],"acf":[],"aioseo_notices":[],"aioseo_head":"\n\t\t<!-- All in One SEO 5.0.1.1 - aioseo.com -->\n\t<meta name=\"description\" content=\"Patent - Urz\u0105dzenie wykrywaj\u0105ce biosygna\u0142 wykorzystuj\u0105ce dynamiczny dob\u00f3r elektrod \u0179r\u00f3d\u0142o https:\/\/rumble.com\/v4eb3fr-putting-the-world-to-rights-david-icke-and-tom-cowan.html\" \/>\n\t<meta name=\"robots\" content=\"max-image-preview:large\" \/>\n\t<meta name=\"author\" content=\"trinity\"\/>\n\t<link rel=\"canonical\" href=\"https:\/\/wia.net.pl\/index.php\/2024\/03\/22\/david-icke-przywracanie-swiata-do-praw\/\" \/>\n\t<meta name=\"generator\" content=\"All in One SEO (AIOSEO) 5.0.1.1\" \/>\n\t\t<meta property=\"og:locale\" content=\"pl_PL\" \/>\n\t\t<meta property=\"og:site_name\" content=\"Wolno\u015b\u0107 i Anarchia - Ka\u017cdy wewn\u0119trznie jest anarchist\u0105.\" \/>\n\t\t<meta property=\"og:type\" content=\"article\" \/>\n\t\t<meta property=\"og:title\" content=\"David Icke \u2013 Przywracanie \u015awiata do Praw - Wolno\u015b\u0107 i Anarchia\" \/>\n\t\t<meta property=\"og:description\" content=\"Patent - Urz\u0105dzenie wykrywaj\u0105ce biosygna\u0142 wykorzystuj\u0105ce dynamiczny dob\u00f3r elektrod \u0179r\u00f3d\u0142o https:\/\/rumble.com\/v4eb3fr-putting-the-world-to-rights-david-icke-and-tom-cowan.html\" \/>\n\t\t<meta property=\"og:url\" content=\"https:\/\/wia.net.pl\/index.php\/2024\/03\/22\/david-icke-przywracanie-swiata-do-praw\/\" \/>\n\t\t<meta property=\"og:image\" content=\"https:\/\/wia.net.pl\/wp-content\/uploads\/2023\/11\/cropped-freedom-i73367.jpg\" \/>\n\t\t<meta property=\"og:image:secure_url\" content=\"https:\/\/wia.net.pl\/wp-content\/uploads\/2023\/11\/cropped-freedom-i73367.jpg\" \/>\n\t\t<meta property=\"article:published_time\" content=\"2024-03-22T14:42:33+00:00\" \/>\n\t\t<meta property=\"article:modified_time\" content=\"2024-04-08T00:05:12+00:00\" \/>\n\t\t<meta name=\"twitter:card\" content=\"summary_large_image\" \/>\n\t\t<meta name=\"twitter:title\" content=\"David Icke \u2013 Przywracanie \u015awiata do Praw - Wolno\u015b\u0107 i Anarchia\" \/>\n\t\t<meta name=\"twitter:description\" content=\"Patent - Urz\u0105dzenie wykrywaj\u0105ce biosygna\u0142 wykorzystuj\u0105ce dynamiczny dob\u00f3r elektrod \u0179r\u00f3d\u0142o https:\/\/rumble.com\/v4eb3fr-putting-the-world-to-rights-david-icke-and-tom-cowan.html\" \/>\n\t\t<meta name=\"twitter:image\" content=\"https:\/\/wia.net.pl\/wp-content\/uploads\/2023\/11\/cropped-freedom-i73367.jpg\" \/>\n\t\t<script type=\"application\/ld+json\" class=\"aioseo-schema\">\n\t\t\t{\"@context\":\"https:\\\/\\\/schema.org\",\"@graph\":[{\"@type\":\"BlogPosting\",\"@id\":\"https:\\\/\\\/wia.net.pl\\\/index.php\\\/2024\\\/03\\\/22\\\/david-icke-przywracanie-swiata-do-praw\\\/#blogposting\",\"name\":\"David Icke \\u2013 Przywracanie \\u015awiata do Praw - Wolno\\u015b\\u0107 i Anarchia\",\"headline\":\"David Icke &#8211; Przywracanie \\u015awiata do Praw\",\"author\":{\"@id\":\"https:\\\/\\\/wia.net.pl\\\/index.php\\\/author\\\/trinity\\\/#author\"},\"publisher\":{\"@id\":\"https:\\\/\\\/wia.net.pl\\\/#person\"},\"image\":{\"@type\":\"ImageObject\",\"url\":\"https:\\\/\\\/wia.net.pl\\\/wp-content\\\/uploads\\\/2024\\\/03\\\/photo1711052368.jpeg\",\"width\":1280,\"height\":720},\"datePublished\":\"2024-03-22T15:42:33+01:00\",\"dateModified\":\"2024-04-08T02:05:12+02:00\",\"inLanguage\":\"pl-PL\",\"commentCount\":1,\"mainEntityOfPage\":{\"@id\":\"https:\\\/\\\/wia.net.pl\\\/index.php\\\/2024\\\/03\\\/22\\\/david-icke-przywracanie-swiata-do-praw\\\/#webpage\"},\"isPartOf\":{\"@id\":\"https:\\\/\\\/wia.net.pl\\\/index.php\\\/2024\\\/03\\\/22\\\/david-icke-przywracanie-swiata-do-praw\\\/#webpage\"},\"articleSection\":\"A.I. Sztuczna inteligencja, Prawda o \\u015bwiecie, UFO i Technologie\"},{\"@type\":\"BreadcrumbList\",\"@id\":\"https:\\\/\\\/wia.net.pl\\\/index.php\\\/2024\\\/03\\\/22\\\/david-icke-przywracanie-swiata-do-praw\\\/#breadcrumblist\",\"itemListElement\":[{\"@type\":\"ListItem\",\"@id\":\"https:\\\/\\\/wia.net.pl#listItem\",\"position\":1,\"name\":\"Home\",\"item\":\"https:\\\/\\\/wia.net.pl\",\"nextItem\":{\"@type\":\"ListItem\",\"@id\":\"https:\\\/\\\/wia.net.pl\\\/index.php\\\/category\\\/ai\\\/#listItem\",\"name\":\"A.I. Sztuczna inteligencja\"}},{\"@type\":\"ListItem\",\"@id\":\"https:\\\/\\\/wia.net.pl\\\/index.php\\\/category\\\/ai\\\/#listItem\",\"position\":2,\"name\":\"A.I. Sztuczna inteligencja\",\"item\":\"https:\\\/\\\/wia.net.pl\\\/index.php\\\/category\\\/ai\\\/\",\"nextItem\":{\"@type\":\"ListItem\",\"@id\":\"https:\\\/\\\/wia.net.pl\\\/index.php\\\/2024\\\/03\\\/22\\\/david-icke-przywracanie-swiata-do-praw\\\/#listItem\",\"name\":\"David Icke &#8211; Przywracanie \\u015awiata do Praw\"},\"previousItem\":{\"@type\":\"ListItem\",\"@id\":\"https:\\\/\\\/wia.net.pl#listItem\",\"name\":\"Home\"}},{\"@type\":\"ListItem\",\"@id\":\"https:\\\/\\\/wia.net.pl\\\/index.php\\\/2024\\\/03\\\/22\\\/david-icke-przywracanie-swiata-do-praw\\\/#listItem\",\"position\":3,\"name\":\"David Icke &#8211; Przywracanie \\u015awiata do Praw\",\"previousItem\":{\"@type\":\"ListItem\",\"@id\":\"https:\\\/\\\/wia.net.pl\\\/index.php\\\/category\\\/ai\\\/#listItem\",\"name\":\"A.I. Sztuczna inteligencja\"}}]},{\"@type\":\"Person\",\"@id\":\"https:\\\/\\\/wia.net.pl\\\/#person\",\"name\":\"Bart\\u0142omiej Talarczyk\",\"image\":{\"@type\":\"ImageObject\",\"@id\":\"https:\\\/\\\/wia.net.pl\\\/index.php\\\/2024\\\/03\\\/22\\\/david-icke-przywracanie-swiata-do-praw\\\/#personImage\",\"url\":\"https:\\\/\\\/wia.net.pl\\\/wp-content\\\/uploads\\\/avatar-privacy\\\/cache\\\/user\\\/1\\\/7\\\/176a6b161c58363ff49b5c167264231f519f5c7fa183ca1f61e891769b6b56d5-96.jpg\",\"width\":96,\"height\":96,\"caption\":\"Bart\\u0142omiej Talarczyk\"}},{\"@type\":\"Person\",\"@id\":\"https:\\\/\\\/wia.net.pl\\\/index.php\\\/author\\\/trinity\\\/#author\",\"url\":\"https:\\\/\\\/wia.net.pl\\\/index.php\\\/author\\\/trinity\\\/\",\"name\":\"trinity\",\"image\":{\"@type\":\"ImageObject\",\"@id\":\"https:\\\/\\\/wia.net.pl\\\/index.php\\\/2024\\\/03\\\/22\\\/david-icke-przywracanie-swiata-do-praw\\\/#authorImage\",\"url\":\"https:\\\/\\\/wia.net.pl\\\/wp-content\\\/uploads\\\/avatar-privacy\\\/cache\\\/user\\\/5\\\/f\\\/5f6547cf82495eaa10e100a6a45d5dbde2dfdc1be88557de2018fca705bdf6f1-96.jpg\",\"width\":96,\"height\":96,\"caption\":\"trinity\"}},{\"@type\":\"WebPage\",\"@id\":\"https:\\\/\\\/wia.net.pl\\\/index.php\\\/2024\\\/03\\\/22\\\/david-icke-przywracanie-swiata-do-praw\\\/#webpage\",\"url\":\"https:\\\/\\\/wia.net.pl\\\/index.php\\\/2024\\\/03\\\/22\\\/david-icke-przywracanie-swiata-do-praw\\\/\",\"name\":\"David Icke \\u2013 Przywracanie \\u015awiata do Praw - Wolno\\u015b\\u0107 i Anarchia\",\"description\":\"Patent - Urz\\u0105dzenie wykrywaj\\u0105ce biosygna\\u0142 wykorzystuj\\u0105ce dynamiczny dob\\u00f3r elektrod \\u0179r\\u00f3d\\u0142o https:\\\/\\\/rumble.com\\\/v4eb3fr-putting-the-world-to-rights-david-icke-and-tom-cowan.html\",\"inLanguage\":\"pl-PL\",\"isPartOf\":{\"@id\":\"https:\\\/\\\/wia.net.pl\\\/#website\"},\"breadcrumb\":{\"@id\":\"https:\\\/\\\/wia.net.pl\\\/index.php\\\/2024\\\/03\\\/22\\\/david-icke-przywracanie-swiata-do-praw\\\/#breadcrumblist\"},\"author\":{\"@id\":\"https:\\\/\\\/wia.net.pl\\\/index.php\\\/author\\\/trinity\\\/#author\"},\"creator\":{\"@id\":\"https:\\\/\\\/wia.net.pl\\\/index.php\\\/author\\\/trinity\\\/#author\"},\"image\":{\"@type\":\"ImageObject\",\"url\":\"https:\\\/\\\/wia.net.pl\\\/wp-content\\\/uploads\\\/2024\\\/03\\\/photo1711052368.jpeg\",\"@id\":\"https:\\\/\\\/wia.net.pl\\\/index.php\\\/2024\\\/03\\\/22\\\/david-icke-przywracanie-swiata-do-praw\\\/#mainImage\",\"width\":1280,\"height\":720},\"primaryImageOfPage\":{\"@id\":\"https:\\\/\\\/wia.net.pl\\\/index.php\\\/2024\\\/03\\\/22\\\/david-icke-przywracanie-swiata-do-praw\\\/#mainImage\"},\"datePublished\":\"2024-03-22T15:42:33+01:00\",\"dateModified\":\"2024-04-08T02:05:12+02:00\"},{\"@type\":\"WebSite\",\"@id\":\"https:\\\/\\\/wia.net.pl\\\/#website\",\"url\":\"https:\\\/\\\/wia.net.pl\\\/\",\"name\":\"Wolno\\u015b\\u0107 i Anarchia\",\"description\":\"Ka\\u017cdy wewn\\u0119trznie jest anarchist\\u0105.\",\"inLanguage\":\"pl-PL\",\"publisher\":{\"@id\":\"https:\\\/\\\/wia.net.pl\\\/#person\"}}]}\n\t\t<\/script>\n\t\t<!-- All in One SEO -->\n\n","aioseo_head_json":{"title":"David Icke \u2013 Przywracanie \u015awiata do Praw - Wolno\u015b\u0107 i Anarchia","description":"Patent - Urz\u0105dzenie wykrywaj\u0105ce biosygna\u0142 wykorzystuj\u0105ce dynamiczny dob\u00f3r elektrod \u0179r\u00f3d\u0142o https:\/\/rumble.com\/v4eb3fr-putting-the-world-to-rights-david-icke-and-tom-cowan.html","canonical_url":"https:\/\/wia.net.pl\/index.php\/2024\/03\/22\/david-icke-przywracanie-swiata-do-praw\/","robots":"max-image-preview:large","keywords":"","webmasterTools":{"miscellaneous":""},"schema":{"@context":"https:\/\/schema.org","@graph":[{"@type":"BlogPosting","@id":"https:\/\/wia.net.pl\/index.php\/2024\/03\/22\/david-icke-przywracanie-swiata-do-praw\/#blogposting","name":"David Icke \u2013 Przywracanie \u015awiata do Praw - Wolno\u015b\u0107 i Anarchia","headline":"David Icke &#8211; Przywracanie \u015awiata do Praw","author":{"@id":"https:\/\/wia.net.pl\/index.php\/author\/trinity\/#author"},"publisher":{"@id":"https:\/\/wia.net.pl\/#person"},"image":{"@type":"ImageObject","url":"https:\/\/wia.net.pl\/wp-content\/uploads\/2024\/03\/photo1711052368.jpeg","width":1280,"height":720},"datePublished":"2024-03-22T15:42:33+01:00","dateModified":"2024-04-08T02:05:12+02:00","inLanguage":"pl-PL","commentCount":1,"mainEntityOfPage":{"@id":"https:\/\/wia.net.pl\/index.php\/2024\/03\/22\/david-icke-przywracanie-swiata-do-praw\/#webpage"},"isPartOf":{"@id":"https:\/\/wia.net.pl\/index.php\/2024\/03\/22\/david-icke-przywracanie-swiata-do-praw\/#webpage"},"articleSection":"A.I. Sztuczna inteligencja, Prawda o \u015bwiecie, UFO i Technologie"},{"@type":"BreadcrumbList","@id":"https:\/\/wia.net.pl\/index.php\/2024\/03\/22\/david-icke-przywracanie-swiata-do-praw\/#breadcrumblist","itemListElement":[{"@type":"ListItem","@id":"https:\/\/wia.net.pl#listItem","position":1,"name":"Home","item":"https:\/\/wia.net.pl","nextItem":{"@type":"ListItem","@id":"https:\/\/wia.net.pl\/index.php\/category\/ai\/#listItem","name":"A.I. Sztuczna inteligencja"}},{"@type":"ListItem","@id":"https:\/\/wia.net.pl\/index.php\/category\/ai\/#listItem","position":2,"name":"A.I. Sztuczna inteligencja","item":"https:\/\/wia.net.pl\/index.php\/category\/ai\/","nextItem":{"@type":"ListItem","@id":"https:\/\/wia.net.pl\/index.php\/2024\/03\/22\/david-icke-przywracanie-swiata-do-praw\/#listItem","name":"David Icke &#8211; Przywracanie \u015awiata do Praw"},"previousItem":{"@type":"ListItem","@id":"https:\/\/wia.net.pl#listItem","name":"Home"}},{"@type":"ListItem","@id":"https:\/\/wia.net.pl\/index.php\/2024\/03\/22\/david-icke-przywracanie-swiata-do-praw\/#listItem","position":3,"name":"David Icke &#8211; Przywracanie \u015awiata do Praw","previousItem":{"@type":"ListItem","@id":"https:\/\/wia.net.pl\/index.php\/category\/ai\/#listItem","name":"A.I. Sztuczna inteligencja"}}]},{"@type":"Person","@id":"https:\/\/wia.net.pl\/#person","name":"Bart\u0142omiej Talarczyk","image":{"@type":"ImageObject","@id":"https:\/\/wia.net.pl\/index.php\/2024\/03\/22\/david-icke-przywracanie-swiata-do-praw\/#personImage","url":"https:\/\/wia.net.pl\/wp-content\/uploads\/avatar-privacy\/cache\/user\/1\/7\/176a6b161c58363ff49b5c167264231f519f5c7fa183ca1f61e891769b6b56d5-96.jpg","width":96,"height":96,"caption":"Bart\u0142omiej Talarczyk"}},{"@type":"Person","@id":"https:\/\/wia.net.pl\/index.php\/author\/trinity\/#author","url":"https:\/\/wia.net.pl\/index.php\/author\/trinity\/","name":"trinity","image":{"@type":"ImageObject","@id":"https:\/\/wia.net.pl\/index.php\/2024\/03\/22\/david-icke-przywracanie-swiata-do-praw\/#authorImage","url":"https:\/\/wia.net.pl\/wp-content\/uploads\/avatar-privacy\/cache\/user\/5\/f\/5f6547cf82495eaa10e100a6a45d5dbde2dfdc1be88557de2018fca705bdf6f1-96.jpg","width":96,"height":96,"caption":"trinity"}},{"@type":"WebPage","@id":"https:\/\/wia.net.pl\/index.php\/2024\/03\/22\/david-icke-przywracanie-swiata-do-praw\/#webpage","url":"https:\/\/wia.net.pl\/index.php\/2024\/03\/22\/david-icke-przywracanie-swiata-do-praw\/","name":"David Icke \u2013 Przywracanie \u015awiata do Praw - Wolno\u015b\u0107 i Anarchia","description":"Patent - Urz\u0105dzenie wykrywaj\u0105ce biosygna\u0142 wykorzystuj\u0105ce dynamiczny dob\u00f3r elektrod \u0179r\u00f3d\u0142o https:\/\/rumble.com\/v4eb3fr-putting-the-world-to-rights-david-icke-and-tom-cowan.html","inLanguage":"pl-PL","isPartOf":{"@id":"https:\/\/wia.net.pl\/#website"},"breadcrumb":{"@id":"https:\/\/wia.net.pl\/index.php\/2024\/03\/22\/david-icke-przywracanie-swiata-do-praw\/#breadcrumblist"},"author":{"@id":"https:\/\/wia.net.pl\/index.php\/author\/trinity\/#author"},"creator":{"@id":"https:\/\/wia.net.pl\/index.php\/author\/trinity\/#author"},"image":{"@type":"ImageObject","url":"https:\/\/wia.net.pl\/wp-content\/uploads\/2024\/03\/photo1711052368.jpeg","@id":"https:\/\/wia.net.pl\/index.php\/2024\/03\/22\/david-icke-przywracanie-swiata-do-praw\/#mainImage","width":1280,"height":720},"primaryImageOfPage":{"@id":"https:\/\/wia.net.pl\/index.php\/2024\/03\/22\/david-icke-przywracanie-swiata-do-praw\/#mainImage"},"datePublished":"2024-03-22T15:42:33+01:00","dateModified":"2024-04-08T02:05:12+02:00"},{"@type":"WebSite","@id":"https:\/\/wia.net.pl\/#website","url":"https:\/\/wia.net.pl\/","name":"Wolno\u015b\u0107 i Anarchia","description":"Ka\u017cdy wewn\u0119trznie jest anarchist\u0105.","inLanguage":"pl-PL","publisher":{"@id":"https:\/\/wia.net.pl\/#person"}}]},"og:locale":"pl_PL","og:site_name":"Wolno\u015b\u0107 i Anarchia - Ka\u017cdy wewn\u0119trznie jest anarchist\u0105.","og:type":"article","og:title":"David Icke \u2013 Przywracanie \u015awiata do Praw - Wolno\u015b\u0107 i Anarchia","og:description":"Patent - Urz\u0105dzenie wykrywaj\u0105ce biosygna\u0142 wykorzystuj\u0105ce dynamiczny dob\u00f3r elektrod \u0179r\u00f3d\u0142o https:\/\/rumble.com\/v4eb3fr-putting-the-world-to-rights-david-icke-and-tom-cowan.html","og:url":"https:\/\/wia.net.pl\/index.php\/2024\/03\/22\/david-icke-przywracanie-swiata-do-praw\/","og:image":"https:\/\/wia.net.pl\/wp-content\/uploads\/2023\/11\/cropped-freedom-i73367.jpg","og:image:secure_url":"https:\/\/wia.net.pl\/wp-content\/uploads\/2023\/11\/cropped-freedom-i73367.jpg","article:published_time":"2024-03-22T14:42:33+00:00","article:modified_time":"2024-04-08T00:05:12+00:00","twitter:card":"summary_large_image","twitter:title":"David Icke \u2013 Przywracanie \u015awiata do Praw - Wolno\u015b\u0107 i Anarchia","twitter:description":"Patent - Urz\u0105dzenie wykrywaj\u0105ce biosygna\u0142 wykorzystuj\u0105ce dynamiczny dob\u00f3r elektrod \u0179r\u00f3d\u0142o https:\/\/rumble.com\/v4eb3fr-putting-the-world-to-rights-david-icke-and-tom-cowan.html","twitter:image":"https:\/\/wia.net.pl\/wp-content\/uploads\/2023\/11\/cropped-freedom-i73367.jpg"},"aioseo_meta_data":{"post_id":"7955","title":null,"description":null,"keywords":[],"keyphrases":{"focus":{"keyphrase":"","score":0,"analysis":{"keyphraseInTitle":{"score":0,"maxScore":9,"error":1}}},"additional":[]},"primary_term":null,"canonical_url":null,"og_title":null,"og_description":null,"og_object_type":"default","og_image_type":"default","og_image_url":null,"og_image_width":null,"og_image_height":null,"og_image_custom_url":null,"og_image_custom_fields":null,"og_video":"","og_custom_url":null,"og_article_section":null,"og_article_tags":[],"twitter_use_og":false,"twitter_card":"default","twitter_image_type":"default","twitter_image_url":null,"twitter_image_custom_url":null,"twitter_image_custom_fields":null,"twitter_title":null,"twitter_description":null,"schema":{"blockGraphs":[],"customGraphs":[],"default":{"data":{"Article":[],"Course":[],"Dataset":[],"FAQPage":[],"Movie":[],"Person":[],"Product":[],"ProductReview":[],"Car":[],"Recipe":[],"Service":[],"SoftwareApplication":[],"WebPage":[]},"graphName":"BlogPosting","isEnabled":true},"graphs":[]},"schema_type":"default","schema_type_options":null,"pillar_content":false,"robots_default":true,"robots_noindex":false,"robots_noarchive":false,"robots_nosnippet":false,"robots_nofollow":false,"robots_noimageindex":false,"robots_noodp":false,"robots_notranslate":false,"robots_max_snippet":"-1","robots_max_videopreview":"-1","robots_max_imagepreview":"large","priority":null,"frequency":"default","local_seo":null,"breadcrumb_settings":null,"limit_modified_date":false,"ai":null,"created":"2024-03-22 14:42:34","updated":"2025-06-04 10:30:26","seo_analyzer_scan_date":null,"focus_keyword":null,"additional_keywords":null,"truseo_locale":null},"aioseo_breadcrumb":"<div class=\"aioseo-breadcrumbs\"><span class=\"aioseo-breadcrumb\">\n\t\t\t<a href=\"https:\/\/wia.net.pl\" title=\"Home\">Home<\/a>\n\t\t<\/span><span class=\"aioseo-breadcrumb-separator\">&raquo;<\/span><span class=\"aioseo-breadcrumb\">\n\t\t\t<a href=\"https:\/\/wia.net.pl\/index.php\/category\/ai\/\" title=\"A.I. Sztuczna inteligencja\">A.I. Sztuczna inteligencja<\/a>\n\t\t<\/span><span class=\"aioseo-breadcrumb-separator\">&raquo;<\/span><span class=\"aioseo-breadcrumb\">\n\t\t\tDavid Icke \u2013 Przywracanie \u015awiata do Praw\n\t\t<\/span><\/div>","aioseo_breadcrumb_json":[{"label":"Home","link":"https:\/\/wia.net.pl"},{"label":"A.I. Sztuczna inteligencja","link":"https:\/\/wia.net.pl\/index.php\/category\/ai\/"},{"label":"David Icke &#8211; Przywracanie \u015awiata do Praw","link":"https:\/\/wia.net.pl\/index.php\/2024\/03\/22\/david-icke-przywracanie-swiata-do-praw\/"}],"_links":{"self":[{"href":"https:\/\/wia.net.pl\/index.php\/wp-json\/wp\/v2\/posts\/7955"}],"collection":[{"href":"https:\/\/wia.net.pl\/index.php\/wp-json\/wp\/v2\/posts"}],"about":[{"href":"https:\/\/wia.net.pl\/index.php\/wp-json\/wp\/v2\/types\/post"}],"author":[{"embeddable":true,"href":"https:\/\/wia.net.pl\/index.php\/wp-json\/wp\/v2\/users\/2"}],"replies":[{"embeddable":true,"href":"https:\/\/wia.net.pl\/index.php\/wp-json\/wp\/v2\/comments?post=7955"}],"version-history":[{"count":1,"href":"https:\/\/wia.net.pl\/index.php\/wp-json\/wp\/v2\/posts\/7955\/revisions"}],"predecessor-version":[{"id":7958,"href":"https:\/\/wia.net.pl\/index.php\/wp-json\/wp\/v2\/posts\/7955\/revisions\/7958"}],"wp:featuredmedia":[{"embeddable":true,"href":"https:\/\/wia.net.pl\/index.php\/wp-json\/wp\/v2\/media\/7957"}],"wp:attachment":[{"href":"https:\/\/wia.net.pl\/index.php\/wp-json\/wp\/v2\/media?parent=7955"}],"wp:term":[{"taxonomy":"category","embeddable":true,"href":"https:\/\/wia.net.pl\/index.php\/wp-json\/wp\/v2\/categories?post=7955"},{"taxonomy":"post_tag","embeddable":true,"href":"https:\/\/wia.net.pl\/index.php\/wp-json\/wp\/v2\/tags?post=7955"}],"curies":[{"name":"wp","href":"https:\/\/api.w.org\/{rel}","templated":true}]}}