{"id":7979,"date":"2024-03-24T17:58:59","date_gmt":"2024-03-24T16:58:59","guid":{"rendered":"https:\/\/wia.net.pl\/?p=7979"},"modified":"2024-03-24T17:59:00","modified_gmt":"2024-03-24T16:59:00","slug":"paul-wallis-i-praveen-mohan-swiatynie-w-indiach-cz-2-2","status":"publish","type":"post","link":"https:\/\/wia.net.pl\/index.php\/2024\/03\/24\/paul-wallis-i-praveen-mohan-swiatynie-w-indiach-cz-2-2\/","title":{"rendered":"Paul Wallis i Praveen Mohan \u2013 \u015awi\u0105tynie w Indiach Cz.2\/2"},"content":{"rendered":"\n<figure class=\"wp-block-video\"><video controls poster=\"https:\/\/wia.net.pl\/wp-content\/uploads\/2024\/03\/paul-wallis2.jpg\" src=\"https:\/\/wia.net.pl\/wp-content\/uploads\/2024\/03\/5th-Kind-Praveen-Mohan-i-Paul-Wallis-swiatynie-w-Indiach-cz2.mp4\"><\/video><\/figure>\n\n\n\n<p>\u0179r\u00f3d\u0142o:\u00a0<a href=\"https:\/\/www.youtube.com\/@The5thKind\" target=\"_blank\" rel=\"noreferrer noopener\">https:\/\/www.youtube.com\/@The5thKind<\/a><\/p>\n<div class=\"remoji_bar\"><div class=\"remoji_add_container\" data-remoji-id=\"7979\" data-remoji-type=\"post\"><div class=\"remoji_add_icon\"><\/div><\/div><div class=\"remoji_error_bar\" data-remoji-id=\"7979\" data-remoji-type=\"post\" style=\"display: none;\">Error happened.<\/div><\/div>","protected":false},"excerpt":{"rendered":"<p>\u0179r\u00f3d\u0142o:\u00a0https:\/\/www.youtube.com\/@The5thKind Error happened.<\/p>\n","protected":false},"author":3,"featured_media":7981,"comment_status":"open","ping_status":"open","sticky":false,"template":"","format":"standard","meta":{"_acf_changed":false,"_bbp_topic_count":0,"_bbp_reply_count":0,"_bbp_total_topic_count":0,"_bbp_total_reply_count":0,"_bbp_voice_count":0,"_bbp_anonymous_reply_count":0,"_bbp_topic_count_hidden":0,"_bbp_reply_count_hidden":0,"_bbp_forum_subforum_count":0,"om_disable_all_campaigns":false,"_monsterinsights_skip_tracking":false,"_monsterinsights_sitenote_active":false,"_monsterinsights_sitenote_note":"","_monsterinsights_sitenote_category":0,"footnotes":""},"categories":[11,96],"tags":[68,63,42,71,26,23,32,22,70,62],"class_list":["post-7979","post","type-post","status-publish","format-standard","has-post-thumbnail","hentry","category-antropologia","category-religie","tag-cesarstwo-rzymskie","tag-historia-ziemi","tag-illuminati","tag-kosciol-katolicki","tag-ludzkosc","tag-niewolnictwo","tag-rzad","tag-satanizm","tag-tajne-stowarzyszenia","tag-wszechswiat"],"acf":[],"aioseo_notices":[],"_links":{"self":[{"href":"https:\/\/wia.net.pl\/index.php\/wp-json\/wp\/v2\/posts\/7979"}],"collection":[{"href":"https:\/\/wia.net.pl\/index.php\/wp-json\/wp\/v2\/posts"}],"about":[{"href":"https:\/\/wia.net.pl\/index.php\/wp-json\/wp\/v2\/types\/post"}],"author":[{"embeddable":true,"href":"https:\/\/wia.net.pl\/index.php\/wp-json\/wp\/v2\/users\/3"}],"replies":[{"embeddable":true,"href":"https:\/\/wia.net.pl\/index.php\/wp-json\/wp\/v2\/comments?post=7979"}],"version-history":[{"count":1,"href":"https:\/\/wia.net.pl\/index.php\/wp-json\/wp\/v2\/posts\/7979\/revisions"}],"predecessor-version":[{"id":7982,"href":"https:\/\/wia.net.pl\/index.php\/wp-json\/wp\/v2\/posts\/7979\/revisions\/7982"}],"wp:featuredmedia":[{"embeddable":true,"href":"https:\/\/wia.net.pl\/index.php\/wp-json\/wp\/v2\/media\/7981"}],"wp:attachment":[{"href":"https:\/\/wia.net.pl\/index.php\/wp-json\/wp\/v2\/media?parent=7979"}],"wp:term":[{"taxonomy":"category","embeddable":true,"href":"https:\/\/wia.net.pl\/index.php\/wp-json\/wp\/v2\/categories?post=7979"},{"taxonomy":"post_tag","embeddable":true,"href":"https:\/\/wia.net.pl\/index.php\/wp-json\/wp\/v2\/tags?post=7979"}],"curies":[{"name":"wp","href":"https:\/\/api.w.org\/{rel}","templated":true}]}}