{"id":8034,"date":"2024-03-25T11:50:35","date_gmt":"2024-03-25T10:50:35","guid":{"rendered":"https:\/\/wia.net.pl\/?p=8034"},"modified":"2024-03-25T11:50:36","modified_gmt":"2024-03-25T10:50:36","slug":"wielki-mur-tartarii-kto-mowi-prawde","status":"publish","type":"post","link":"https:\/\/wia.net.pl\/index.php\/2024\/03\/25\/wielki-mur-tartarii-kto-mowi-prawde\/","title":{"rendered":"Wielki Mur Tartarii: Kto m\u00f3wi prawd\u0119?"},"content":{"rendered":"<p><iframe id=\"odysee-iframe\" style=\"width:100%; aspect-ratio:16 \/ 9;\" src=\"https:\/\/odysee.com\/$\/embed\/@wolnoscanarchia:d\/Wielki-Mur-Tartarii-FINAL:9?r=KqtnN3u2RSe5GxY7Tos527f1XGfjXD4u\" allowfullscreen><\/iframe><\/p>\n\n\n\n<p>Czy Wielki Mur Chi\u0144ski to tak naprawd\u0119 Wielki Mur Tartarii? Dzi\u015b si\u0119 tego dowiemy. Sk\u0105d wzi\u0119\u0142a si\u0119 ta teoria? Czy by\u0142 to Anatolij Fomenko? Czy mia\u0142 racj\u0119? Dowiedz si\u0119 teraz.<\/p>\n\n\n\n<p>\u0179r\u00f3d\u0142o <a href=\"https:\/\/www.youtube.com\/watch?v=L9gCHWfpy7s&amp;t=373s\">https:\/\/www.youtube.com\/watch?v=L9gCHWfpy7s&amp;t=373s<\/a><\/p>\n","protected":false},"excerpt":{"rendered":"<p>Czy Wielki Mur Chi\u0144ski to tak naprawd\u0119 Wielki Mur Tartarii? Dzi\u015b si\u0119 tego dowiemy. Sk\u0105d wzi\u0119\u0142a si\u0119 ta teoria? Czy by\u0142 to Anatolij Fomenko? Czy mia\u0142 racj\u0119? Dowiedz si\u0119 teraz. \u0179r\u00f3d\u0142o https:\/\/www.youtube.com\/watch?v=L9gCHWfpy7s&amp;t=373s<\/p>\n","protected":false},"author":2,"featured_media":8035,"comment_status":"open","ping_status":"open","sticky":false,"template":"","format":"standard","meta":{"_acf_changed":false,"_bbp_topic_count":0,"_bbp_reply_count":0,"_bbp_total_topic_count":0,"_bbp_total_reply_count":0,"_bbp_voice_count":0,"_bbp_anonymous_reply_count":0,"_bbp_topic_count_hidden":0,"_bbp_reply_count_hidden":0,"_bbp_forum_subforum_count":0,"om_disable_all_campaigns":false,"_monsterinsights_skip_tracking":false,"footnotes":""},"categories":[11],"tags":[],"class_list":["post-8034","post","type-post","status-publish","format-standard","has-post-thumbnail","hentry","category-antropologia"],"acf":[],"aioseo_notices":[],"aioseo_head":"\n\t\t<!-- All in One SEO 5.0.1.1 - aioseo.com -->\n\t<meta name=\"description\" content=\"Czy Wielki Mur Chi\u0144ski to tak naprawd\u0119 Wielki Mur Tartarii? Dzi\u015b si\u0119 tego dowiemy. Sk\u0105d wzi\u0119\u0142a si\u0119 ta teoria? Czy by\u0142 to Anatolij Fomenko? Czy mia\u0142 racj\u0119? Dowiedz si\u0119 teraz. \u0179r\u00f3d\u0142o https:\/\/www.youtube.com\/watch?v=L9gCHWfpy7s&amp;t=373s\" \/>\n\t<meta name=\"robots\" content=\"max-image-preview:large\" \/>\n\t<meta name=\"author\" content=\"trinity\"\/>\n\t<link rel=\"canonical\" href=\"https:\/\/wia.net.pl\/index.php\/2024\/03\/25\/wielki-mur-tartarii-kto-mowi-prawde\/\" \/>\n\t<meta name=\"generator\" content=\"All in One SEO (AIOSEO) 5.0.1.1\" \/>\n\t\t<meta property=\"og:locale\" content=\"pl_PL\" \/>\n\t\t<meta property=\"og:site_name\" content=\"Wolno\u015b\u0107 i Anarchia - Ka\u017cdy wewn\u0119trznie jest anarchist\u0105.\" \/>\n\t\t<meta property=\"og:type\" content=\"article\" \/>\n\t\t<meta property=\"og:title\" content=\"Wielki Mur Tartarii: Kto m\u00f3wi prawd\u0119? - Wolno\u015b\u0107 i Anarchia\" \/>\n\t\t<meta property=\"og:description\" content=\"Czy Wielki Mur Chi\u0144ski to tak naprawd\u0119 Wielki Mur Tartarii? Dzi\u015b si\u0119 tego dowiemy. Sk\u0105d wzi\u0119\u0142a si\u0119 ta teoria? Czy by\u0142 to Anatolij Fomenko? Czy mia\u0142 racj\u0119? Dowiedz si\u0119 teraz. \u0179r\u00f3d\u0142o https:\/\/www.youtube.com\/watch?v=L9gCHWfpy7s&amp;t=373s\" \/>\n\t\t<meta property=\"og:url\" content=\"https:\/\/wia.net.pl\/index.php\/2024\/03\/25\/wielki-mur-tartarii-kto-mowi-prawde\/\" \/>\n\t\t<meta property=\"og:image\" content=\"https:\/\/wia.net.pl\/wp-content\/uploads\/2023\/11\/cropped-freedom-i73367.jpg\" \/>\n\t\t<meta property=\"og:image:secure_url\" content=\"https:\/\/wia.net.pl\/wp-content\/uploads\/2023\/11\/cropped-freedom-i73367.jpg\" \/>\n\t\t<meta property=\"article:published_time\" content=\"2024-03-25T10:50:35+00:00\" \/>\n\t\t<meta property=\"article:modified_time\" content=\"2024-03-25T10:50:36+00:00\" \/>\n\t\t<meta name=\"twitter:card\" content=\"summary_large_image\" \/>\n\t\t<meta name=\"twitter:title\" content=\"Wielki Mur Tartarii: Kto m\u00f3wi prawd\u0119? - Wolno\u015b\u0107 i Anarchia\" \/>\n\t\t<meta name=\"twitter:description\" content=\"Czy Wielki Mur Chi\u0144ski to tak naprawd\u0119 Wielki Mur Tartarii? Dzi\u015b si\u0119 tego dowiemy. Sk\u0105d wzi\u0119\u0142a si\u0119 ta teoria? Czy by\u0142 to Anatolij Fomenko? Czy mia\u0142 racj\u0119? Dowiedz si\u0119 teraz. \u0179r\u00f3d\u0142o https:\/\/www.youtube.com\/watch?v=L9gCHWfpy7s&amp;t=373s\" \/>\n\t\t<meta name=\"twitter:image\" content=\"https:\/\/wia.net.pl\/wp-content\/uploads\/2023\/11\/cropped-freedom-i73367.jpg\" \/>\n\t\t<script type=\"application\/ld+json\" class=\"aioseo-schema\">\n\t\t\t{\"@context\":\"https:\\\/\\\/schema.org\",\"@graph\":[{\"@type\":\"BlogPosting\",\"@id\":\"https:\\\/\\\/wia.net.pl\\\/index.php\\\/2024\\\/03\\\/25\\\/wielki-mur-tartarii-kto-mowi-prawde\\\/#blogposting\",\"name\":\"Wielki Mur Tartarii: Kto m\\u00f3wi prawd\\u0119? - Wolno\\u015b\\u0107 i Anarchia\",\"headline\":\"Wielki Mur Tartarii: Kto m\\u00f3wi prawd\\u0119?\",\"author\":{\"@id\":\"https:\\\/\\\/wia.net.pl\\\/index.php\\\/author\\\/trinity\\\/#author\"},\"publisher\":{\"@id\":\"https:\\\/\\\/wia.net.pl\\\/#person\"},\"image\":{\"@type\":\"ImageObject\",\"url\":\"https:\\\/\\\/wia.net.pl\\\/wp-content\\\/uploads\\\/2024\\\/03\\\/tart.jpg\",\"width\":1920,\"height\":1080},\"datePublished\":\"2024-03-25T11:50:35+01:00\",\"dateModified\":\"2024-03-25T11:50:36+01:00\",\"inLanguage\":\"pl-PL\",\"mainEntityOfPage\":{\"@id\":\"https:\\\/\\\/wia.net.pl\\\/index.php\\\/2024\\\/03\\\/25\\\/wielki-mur-tartarii-kto-mowi-prawde\\\/#webpage\"},\"isPartOf\":{\"@id\":\"https:\\\/\\\/wia.net.pl\\\/index.php\\\/2024\\\/03\\\/25\\\/wielki-mur-tartarii-kto-mowi-prawde\\\/#webpage\"},\"articleSection\":\"Antropologia\"},{\"@type\":\"BreadcrumbList\",\"@id\":\"https:\\\/\\\/wia.net.pl\\\/index.php\\\/2024\\\/03\\\/25\\\/wielki-mur-tartarii-kto-mowi-prawde\\\/#breadcrumblist\",\"itemListElement\":[{\"@type\":\"ListItem\",\"@id\":\"https:\\\/\\\/wia.net.pl#listItem\",\"position\":1,\"name\":\"Home\",\"item\":\"https:\\\/\\\/wia.net.pl\",\"nextItem\":{\"@type\":\"ListItem\",\"@id\":\"https:\\\/\\\/wia.net.pl\\\/index.php\\\/category\\\/antropologia\\\/#listItem\",\"name\":\"Antropologia\"}},{\"@type\":\"ListItem\",\"@id\":\"https:\\\/\\\/wia.net.pl\\\/index.php\\\/category\\\/antropologia\\\/#listItem\",\"position\":2,\"name\":\"Antropologia\",\"item\":\"https:\\\/\\\/wia.net.pl\\\/index.php\\\/category\\\/antropologia\\\/\",\"nextItem\":{\"@type\":\"ListItem\",\"@id\":\"https:\\\/\\\/wia.net.pl\\\/index.php\\\/2024\\\/03\\\/25\\\/wielki-mur-tartarii-kto-mowi-prawde\\\/#listItem\",\"name\":\"Wielki Mur Tartarii: Kto m\\u00f3wi prawd\\u0119?\"},\"previousItem\":{\"@type\":\"ListItem\",\"@id\":\"https:\\\/\\\/wia.net.pl#listItem\",\"name\":\"Home\"}},{\"@type\":\"ListItem\",\"@id\":\"https:\\\/\\\/wia.net.pl\\\/index.php\\\/2024\\\/03\\\/25\\\/wielki-mur-tartarii-kto-mowi-prawde\\\/#listItem\",\"position\":3,\"name\":\"Wielki Mur Tartarii: Kto m\\u00f3wi prawd\\u0119?\",\"previousItem\":{\"@type\":\"ListItem\",\"@id\":\"https:\\\/\\\/wia.net.pl\\\/index.php\\\/category\\\/antropologia\\\/#listItem\",\"name\":\"Antropologia\"}}]},{\"@type\":\"Person\",\"@id\":\"https:\\\/\\\/wia.net.pl\\\/#person\",\"name\":\"Bart\\u0142omiej Talarczyk\",\"image\":{\"@type\":\"ImageObject\",\"@id\":\"https:\\\/\\\/wia.net.pl\\\/index.php\\\/2024\\\/03\\\/25\\\/wielki-mur-tartarii-kto-mowi-prawde\\\/#personImage\",\"url\":\"https:\\\/\\\/wia.net.pl\\\/wp-content\\\/uploads\\\/avatar-privacy\\\/cache\\\/user\\\/1\\\/7\\\/176a6b161c58363ff49b5c167264231f519f5c7fa183ca1f61e891769b6b56d5-96.jpg\",\"width\":96,\"height\":96,\"caption\":\"Bart\\u0142omiej Talarczyk\"}},{\"@type\":\"Person\",\"@id\":\"https:\\\/\\\/wia.net.pl\\\/index.php\\\/author\\\/trinity\\\/#author\",\"url\":\"https:\\\/\\\/wia.net.pl\\\/index.php\\\/author\\\/trinity\\\/\",\"name\":\"trinity\",\"image\":{\"@type\":\"ImageObject\",\"@id\":\"https:\\\/\\\/wia.net.pl\\\/index.php\\\/2024\\\/03\\\/25\\\/wielki-mur-tartarii-kto-mowi-prawde\\\/#authorImage\",\"url\":\"https:\\\/\\\/wia.net.pl\\\/wp-content\\\/uploads\\\/avatar-privacy\\\/cache\\\/user\\\/5\\\/f\\\/5f6547cf82495eaa10e100a6a45d5dbde2dfdc1be88557de2018fca705bdf6f1-96.jpg\",\"width\":96,\"height\":96,\"caption\":\"trinity\"}},{\"@type\":\"WebPage\",\"@id\":\"https:\\\/\\\/wia.net.pl\\\/index.php\\\/2024\\\/03\\\/25\\\/wielki-mur-tartarii-kto-mowi-prawde\\\/#webpage\",\"url\":\"https:\\\/\\\/wia.net.pl\\\/index.php\\\/2024\\\/03\\\/25\\\/wielki-mur-tartarii-kto-mowi-prawde\\\/\",\"name\":\"Wielki Mur Tartarii: Kto m\\u00f3wi prawd\\u0119? - Wolno\\u015b\\u0107 i Anarchia\",\"description\":\"Czy Wielki Mur Chi\\u0144ski to tak naprawd\\u0119 Wielki Mur Tartarii? Dzi\\u015b si\\u0119 tego dowiemy. Sk\\u0105d wzi\\u0119\\u0142a si\\u0119 ta teoria? Czy by\\u0142 to Anatolij Fomenko? Czy mia\\u0142 racj\\u0119? Dowiedz si\\u0119 teraz. \\u0179r\\u00f3d\\u0142o https:\\\/\\\/www.youtube.com\\\/watch?v=L9gCHWfpy7s&t=373s\",\"inLanguage\":\"pl-PL\",\"isPartOf\":{\"@id\":\"https:\\\/\\\/wia.net.pl\\\/#website\"},\"breadcrumb\":{\"@id\":\"https:\\\/\\\/wia.net.pl\\\/index.php\\\/2024\\\/03\\\/25\\\/wielki-mur-tartarii-kto-mowi-prawde\\\/#breadcrumblist\"},\"author\":{\"@id\":\"https:\\\/\\\/wia.net.pl\\\/index.php\\\/author\\\/trinity\\\/#author\"},\"creator\":{\"@id\":\"https:\\\/\\\/wia.net.pl\\\/index.php\\\/author\\\/trinity\\\/#author\"},\"image\":{\"@type\":\"ImageObject\",\"url\":\"https:\\\/\\\/wia.net.pl\\\/wp-content\\\/uploads\\\/2024\\\/03\\\/tart.jpg\",\"@id\":\"https:\\\/\\\/wia.net.pl\\\/index.php\\\/2024\\\/03\\\/25\\\/wielki-mur-tartarii-kto-mowi-prawde\\\/#mainImage\",\"width\":1920,\"height\":1080},\"primaryImageOfPage\":{\"@id\":\"https:\\\/\\\/wia.net.pl\\\/index.php\\\/2024\\\/03\\\/25\\\/wielki-mur-tartarii-kto-mowi-prawde\\\/#mainImage\"},\"datePublished\":\"2024-03-25T11:50:35+01:00\",\"dateModified\":\"2024-03-25T11:50:36+01:00\"},{\"@type\":\"WebSite\",\"@id\":\"https:\\\/\\\/wia.net.pl\\\/#website\",\"url\":\"https:\\\/\\\/wia.net.pl\\\/\",\"name\":\"Wolno\\u015b\\u0107 i Anarchia\",\"description\":\"Ka\\u017cdy wewn\\u0119trznie jest anarchist\\u0105.\",\"inLanguage\":\"pl-PL\",\"publisher\":{\"@id\":\"https:\\\/\\\/wia.net.pl\\\/#person\"}}]}\n\t\t<\/script>\n\t\t<!-- All in One SEO -->\n\n","aioseo_head_json":{"title":"Wielki Mur Tartarii: Kto m\u00f3wi prawd\u0119? - Wolno\u015b\u0107 i Anarchia","description":"Czy Wielki Mur Chi\u0144ski to tak naprawd\u0119 Wielki Mur Tartarii? Dzi\u015b si\u0119 tego dowiemy. Sk\u0105d wzi\u0119\u0142a si\u0119 ta teoria? Czy by\u0142 to Anatolij Fomenko? Czy mia\u0142 racj\u0119? Dowiedz si\u0119 teraz. \u0179r\u00f3d\u0142o https:\/\/www.youtube.com\/watch?v=L9gCHWfpy7s&t=373s","canonical_url":"https:\/\/wia.net.pl\/index.php\/2024\/03\/25\/wielki-mur-tartarii-kto-mowi-prawde\/","robots":"max-image-preview:large","keywords":"","webmasterTools":{"miscellaneous":""},"schema":{"@context":"https:\/\/schema.org","@graph":[{"@type":"BlogPosting","@id":"https:\/\/wia.net.pl\/index.php\/2024\/03\/25\/wielki-mur-tartarii-kto-mowi-prawde\/#blogposting","name":"Wielki Mur Tartarii: Kto m\u00f3wi prawd\u0119? - Wolno\u015b\u0107 i Anarchia","headline":"Wielki Mur Tartarii: Kto m\u00f3wi prawd\u0119?","author":{"@id":"https:\/\/wia.net.pl\/index.php\/author\/trinity\/#author"},"publisher":{"@id":"https:\/\/wia.net.pl\/#person"},"image":{"@type":"ImageObject","url":"https:\/\/wia.net.pl\/wp-content\/uploads\/2024\/03\/tart.jpg","width":1920,"height":1080},"datePublished":"2024-03-25T11:50:35+01:00","dateModified":"2024-03-25T11:50:36+01:00","inLanguage":"pl-PL","mainEntityOfPage":{"@id":"https:\/\/wia.net.pl\/index.php\/2024\/03\/25\/wielki-mur-tartarii-kto-mowi-prawde\/#webpage"},"isPartOf":{"@id":"https:\/\/wia.net.pl\/index.php\/2024\/03\/25\/wielki-mur-tartarii-kto-mowi-prawde\/#webpage"},"articleSection":"Antropologia"},{"@type":"BreadcrumbList","@id":"https:\/\/wia.net.pl\/index.php\/2024\/03\/25\/wielki-mur-tartarii-kto-mowi-prawde\/#breadcrumblist","itemListElement":[{"@type":"ListItem","@id":"https:\/\/wia.net.pl#listItem","position":1,"name":"Home","item":"https:\/\/wia.net.pl","nextItem":{"@type":"ListItem","@id":"https:\/\/wia.net.pl\/index.php\/category\/antropologia\/#listItem","name":"Antropologia"}},{"@type":"ListItem","@id":"https:\/\/wia.net.pl\/index.php\/category\/antropologia\/#listItem","position":2,"name":"Antropologia","item":"https:\/\/wia.net.pl\/index.php\/category\/antropologia\/","nextItem":{"@type":"ListItem","@id":"https:\/\/wia.net.pl\/index.php\/2024\/03\/25\/wielki-mur-tartarii-kto-mowi-prawde\/#listItem","name":"Wielki Mur Tartarii: Kto m\u00f3wi prawd\u0119?"},"previousItem":{"@type":"ListItem","@id":"https:\/\/wia.net.pl#listItem","name":"Home"}},{"@type":"ListItem","@id":"https:\/\/wia.net.pl\/index.php\/2024\/03\/25\/wielki-mur-tartarii-kto-mowi-prawde\/#listItem","position":3,"name":"Wielki Mur Tartarii: Kto m\u00f3wi prawd\u0119?","previousItem":{"@type":"ListItem","@id":"https:\/\/wia.net.pl\/index.php\/category\/antropologia\/#listItem","name":"Antropologia"}}]},{"@type":"Person","@id":"https:\/\/wia.net.pl\/#person","name":"Bart\u0142omiej Talarczyk","image":{"@type":"ImageObject","@id":"https:\/\/wia.net.pl\/index.php\/2024\/03\/25\/wielki-mur-tartarii-kto-mowi-prawde\/#personImage","url":"https:\/\/wia.net.pl\/wp-content\/uploads\/avatar-privacy\/cache\/user\/1\/7\/176a6b161c58363ff49b5c167264231f519f5c7fa183ca1f61e891769b6b56d5-96.jpg","width":96,"height":96,"caption":"Bart\u0142omiej Talarczyk"}},{"@type":"Person","@id":"https:\/\/wia.net.pl\/index.php\/author\/trinity\/#author","url":"https:\/\/wia.net.pl\/index.php\/author\/trinity\/","name":"trinity","image":{"@type":"ImageObject","@id":"https:\/\/wia.net.pl\/index.php\/2024\/03\/25\/wielki-mur-tartarii-kto-mowi-prawde\/#authorImage","url":"https:\/\/wia.net.pl\/wp-content\/uploads\/avatar-privacy\/cache\/user\/5\/f\/5f6547cf82495eaa10e100a6a45d5dbde2dfdc1be88557de2018fca705bdf6f1-96.jpg","width":96,"height":96,"caption":"trinity"}},{"@type":"WebPage","@id":"https:\/\/wia.net.pl\/index.php\/2024\/03\/25\/wielki-mur-tartarii-kto-mowi-prawde\/#webpage","url":"https:\/\/wia.net.pl\/index.php\/2024\/03\/25\/wielki-mur-tartarii-kto-mowi-prawde\/","name":"Wielki Mur Tartarii: Kto m\u00f3wi prawd\u0119? - Wolno\u015b\u0107 i Anarchia","description":"Czy Wielki Mur Chi\u0144ski to tak naprawd\u0119 Wielki Mur Tartarii? Dzi\u015b si\u0119 tego dowiemy. Sk\u0105d wzi\u0119\u0142a si\u0119 ta teoria? Czy by\u0142 to Anatolij Fomenko? Czy mia\u0142 racj\u0119? Dowiedz si\u0119 teraz. \u0179r\u00f3d\u0142o https:\/\/www.youtube.com\/watch?v=L9gCHWfpy7s&t=373s","inLanguage":"pl-PL","isPartOf":{"@id":"https:\/\/wia.net.pl\/#website"},"breadcrumb":{"@id":"https:\/\/wia.net.pl\/index.php\/2024\/03\/25\/wielki-mur-tartarii-kto-mowi-prawde\/#breadcrumblist"},"author":{"@id":"https:\/\/wia.net.pl\/index.php\/author\/trinity\/#author"},"creator":{"@id":"https:\/\/wia.net.pl\/index.php\/author\/trinity\/#author"},"image":{"@type":"ImageObject","url":"https:\/\/wia.net.pl\/wp-content\/uploads\/2024\/03\/tart.jpg","@id":"https:\/\/wia.net.pl\/index.php\/2024\/03\/25\/wielki-mur-tartarii-kto-mowi-prawde\/#mainImage","width":1920,"height":1080},"primaryImageOfPage":{"@id":"https:\/\/wia.net.pl\/index.php\/2024\/03\/25\/wielki-mur-tartarii-kto-mowi-prawde\/#mainImage"},"datePublished":"2024-03-25T11:50:35+01:00","dateModified":"2024-03-25T11:50:36+01:00"},{"@type":"WebSite","@id":"https:\/\/wia.net.pl\/#website","url":"https:\/\/wia.net.pl\/","name":"Wolno\u015b\u0107 i Anarchia","description":"Ka\u017cdy wewn\u0119trznie jest anarchist\u0105.","inLanguage":"pl-PL","publisher":{"@id":"https:\/\/wia.net.pl\/#person"}}]},"og:locale":"pl_PL","og:site_name":"Wolno\u015b\u0107 i Anarchia - Ka\u017cdy wewn\u0119trznie jest anarchist\u0105.","og:type":"article","og:title":"Wielki Mur Tartarii: Kto m\u00f3wi prawd\u0119? - Wolno\u015b\u0107 i Anarchia","og:description":"Czy Wielki Mur Chi\u0144ski to tak naprawd\u0119 Wielki Mur Tartarii? Dzi\u015b si\u0119 tego dowiemy. Sk\u0105d wzi\u0119\u0142a si\u0119 ta teoria? Czy by\u0142 to Anatolij Fomenko? Czy mia\u0142 racj\u0119? Dowiedz si\u0119 teraz. \u0179r\u00f3d\u0142o https:\/\/www.youtube.com\/watch?v=L9gCHWfpy7s&amp;t=373s","og:url":"https:\/\/wia.net.pl\/index.php\/2024\/03\/25\/wielki-mur-tartarii-kto-mowi-prawde\/","og:image":"https:\/\/wia.net.pl\/wp-content\/uploads\/2023\/11\/cropped-freedom-i73367.jpg","og:image:secure_url":"https:\/\/wia.net.pl\/wp-content\/uploads\/2023\/11\/cropped-freedom-i73367.jpg","article:published_time":"2024-03-25T10:50:35+00:00","article:modified_time":"2024-03-25T10:50:36+00:00","twitter:card":"summary_large_image","twitter:title":"Wielki Mur Tartarii: Kto m\u00f3wi prawd\u0119? - Wolno\u015b\u0107 i Anarchia","twitter:description":"Czy Wielki Mur Chi\u0144ski to tak naprawd\u0119 Wielki Mur Tartarii? Dzi\u015b si\u0119 tego dowiemy. Sk\u0105d wzi\u0119\u0142a si\u0119 ta teoria? Czy by\u0142 to Anatolij Fomenko? Czy mia\u0142 racj\u0119? Dowiedz si\u0119 teraz. \u0179r\u00f3d\u0142o https:\/\/www.youtube.com\/watch?v=L9gCHWfpy7s&amp;t=373s","twitter:image":"https:\/\/wia.net.pl\/wp-content\/uploads\/2023\/11\/cropped-freedom-i73367.jpg"},"aioseo_meta_data":{"post_id":"8034","title":null,"description":null,"keywords":[],"keyphrases":{"focus":{"keyphrase":"","score":0,"analysis":{"keyphraseInTitle":{"score":0,"maxScore":9,"error":1}}},"additional":[]},"primary_term":null,"canonical_url":null,"og_title":null,"og_description":null,"og_object_type":"default","og_image_type":"default","og_image_url":null,"og_image_width":null,"og_image_height":null,"og_image_custom_url":null,"og_image_custom_fields":null,"og_video":"","og_custom_url":null,"og_article_section":null,"og_article_tags":[],"twitter_use_og":false,"twitter_card":"default","twitter_image_type":"default","twitter_image_url":null,"twitter_image_custom_url":null,"twitter_image_custom_fields":null,"twitter_title":null,"twitter_description":null,"schema":{"blockGraphs":[],"customGraphs":[],"default":{"data":{"Article":[],"Course":[],"Dataset":[],"FAQPage":[],"Movie":[],"Person":[],"Product":[],"ProductReview":[],"Car":[],"Recipe":[],"Service":[],"SoftwareApplication":[],"WebPage":[]},"graphName":"BlogPosting","isEnabled":true},"graphs":[]},"schema_type":"default","schema_type_options":null,"pillar_content":false,"robots_default":true,"robots_noindex":false,"robots_noarchive":false,"robots_nosnippet":false,"robots_nofollow":false,"robots_noimageindex":false,"robots_noodp":false,"robots_notranslate":false,"robots_max_snippet":"-1","robots_max_videopreview":"-1","robots_max_imagepreview":"large","priority":null,"frequency":"default","local_seo":null,"breadcrumb_settings":null,"limit_modified_date":false,"ai":null,"created":"2024-03-25 10:50:15","updated":"2025-06-04 10:30:27","seo_analyzer_scan_date":null,"focus_keyword":null,"additional_keywords":null,"truseo_locale":null},"aioseo_breadcrumb":"<div class=\"aioseo-breadcrumbs\"><span class=\"aioseo-breadcrumb\">\n\t\t\t<a href=\"https:\/\/wia.net.pl\" title=\"Home\">Home<\/a>\n\t\t<\/span><span class=\"aioseo-breadcrumb-separator\">&raquo;<\/span><span class=\"aioseo-breadcrumb\">\n\t\t\t<a href=\"https:\/\/wia.net.pl\/index.php\/category\/antropologia\/\" title=\"Antropologia\">Antropologia<\/a>\n\t\t<\/span><span class=\"aioseo-breadcrumb-separator\">&raquo;<\/span><span class=\"aioseo-breadcrumb\">\n\t\t\tWielki Mur Tartarii: Kto m\u00f3wi prawd\u0119?\n\t\t<\/span><\/div>","aioseo_breadcrumb_json":[{"label":"Home","link":"https:\/\/wia.net.pl"},{"label":"Antropologia","link":"https:\/\/wia.net.pl\/index.php\/category\/antropologia\/"},{"label":"Wielki Mur Tartarii: Kto m\u00f3wi prawd\u0119?","link":"https:\/\/wia.net.pl\/index.php\/2024\/03\/25\/wielki-mur-tartarii-kto-mowi-prawde\/"}],"_links":{"self":[{"href":"https:\/\/wia.net.pl\/index.php\/wp-json\/wp\/v2\/posts\/8034"}],"collection":[{"href":"https:\/\/wia.net.pl\/index.php\/wp-json\/wp\/v2\/posts"}],"about":[{"href":"https:\/\/wia.net.pl\/index.php\/wp-json\/wp\/v2\/types\/post"}],"author":[{"embeddable":true,"href":"https:\/\/wia.net.pl\/index.php\/wp-json\/wp\/v2\/users\/2"}],"replies":[{"embeddable":true,"href":"https:\/\/wia.net.pl\/index.php\/wp-json\/wp\/v2\/comments?post=8034"}],"version-history":[{"count":1,"href":"https:\/\/wia.net.pl\/index.php\/wp-json\/wp\/v2\/posts\/8034\/revisions"}],"predecessor-version":[{"id":8036,"href":"https:\/\/wia.net.pl\/index.php\/wp-json\/wp\/v2\/posts\/8034\/revisions\/8036"}],"wp:featuredmedia":[{"embeddable":true,"href":"https:\/\/wia.net.pl\/index.php\/wp-json\/wp\/v2\/media\/8035"}],"wp:attachment":[{"href":"https:\/\/wia.net.pl\/index.php\/wp-json\/wp\/v2\/media?parent=8034"}],"wp:term":[{"taxonomy":"category","embeddable":true,"href":"https:\/\/wia.net.pl\/index.php\/wp-json\/wp\/v2\/categories?post=8034"},{"taxonomy":"post_tag","embeddable":true,"href":"https:\/\/wia.net.pl\/index.php\/wp-json\/wp\/v2\/tags?post=8034"}],"curies":[{"name":"wp","href":"https:\/\/api.w.org\/{rel}","templated":true}]}}