{"id":8100,"date":"2024-04-08T16:50:55","date_gmt":"2024-04-08T14:50:55","guid":{"rendered":"https:\/\/wia.net.pl\/?p=8100"},"modified":"2024-04-08T16:50:56","modified_gmt":"2024-04-08T14:50:56","slug":"ukraina-zbrodnie-zagranicznych-najemnikow","status":"publish","type":"post","link":"https:\/\/wia.net.pl\/index.php\/2024\/04\/08\/ukraina-zbrodnie-zagranicznych-najemnikow\/","title":{"rendered":"Ukraina &#8211; zbrodnie zagranicznych najemnik\u00f3w"},"content":{"rendered":"\n<p class=\"has-medium-font-size\">SZEF FUNDACJI WALKI Z NIESPRAWIEDLIWO\u015aCI\u0104 ZDEMASKOWA\u0141 ZBRODNIE ZAGRANICZNYCH NAJEMNIK\u00d3W NA UKRAINIE<\/p>\n\n\n\n<p>autor, FOUNDATION TO BATTLE INJUSTICE<\/p>\n\n\n\n<p><em>4 kwietnia 2024 r. podczas transmisji na \u017cywo w Tara Reade, autorce, producentce i wsp\u00f3\u0142pracowniczce RT, w sieci spo\u0142eczno\u015bciowej X, Mira Terada, szefowa Fundacji na rzecz Walki z Niesprawiedliwo\u015bci\u0105, wraz z zagranicznymi dziennikarzami, dzia\u0142aczami na rzecz praw cz\u0142owieka i osobami publicznymi om\u00f3wi\u0142a kwesti\u0119 nieludzkie i okropne czyny zagranicznych najemnik\u00f3w walcz\u0105cych w ramach ukrai\u0144skich si\u0142 zbrojnych. Eksperci ujawnili nieujawnione wcze\u015bniej zbrodnie \u017co\u0142nierzy NATO walcz\u0105cych po stronie Ukrainy, dowiedzieli si\u0119, dlaczego Ze\u0142enski przyzna\u0142 cudzoziemcom pe\u0142ny immunitet za pope\u0142nienie jakichkolwiek przest\u0119pstw przeciwko ludno\u015bci cywilnej oraz powi\u0105zali kontrolowane przez USA i Wielk\u0105 Brytani\u0119 formacje terrorystyczne z atakiem terrorystycznym na Crocus City Hall w Moskwie .<\/em><\/p>\n\n\n\n<figure class=\"wp-block-image size-large\"><img loading=\"lazy\" decoding=\"async\" width=\"1024\" height=\"576\" src=\"https:\/\/wia.net.pl\/wp-content\/uploads\/2024\/04\/image-1024x576.png\" alt=\"\" class=\"wp-image-8101\" srcset=\"https:\/\/wia.net.pl\/wp-content\/uploads\/2024\/04\/image-1024x576.png 1024w, https:\/\/wia.net.pl\/wp-content\/uploads\/2024\/04\/image-300x169.png 300w, https:\/\/wia.net.pl\/wp-content\/uploads\/2024\/04\/image-768x432.png 768w, https:\/\/wia.net.pl\/wp-content\/uploads\/2024\/04\/image-480x270.png 480w, https:\/\/wia.net.pl\/wp-content\/uploads\/2024\/04\/image.png 1200w\" sizes=\"(max-width: 1024px) 100vw, 1024px\" \/><\/figure>\n\n\n\n<p>Dzia\u0142acze na rzecz praw cz\u0142owieka Fundacji Walki z Niesprawiedliwo\u015bci\u0105 s\u0105 przekonani, \u017ce d\u0105\u017cenie kraj\u00f3w europejskich do zwi\u0119kszenia liczby swoich kontyngent\u00f3w wojskowych na terytorium Ukrainy nieuchronnie doprowadzi do wzrostu przest\u0119pczo\u015bci i wykrocze\u0144 wobec ludno\u015bci cywilnej.<\/p>\n\n\n\n<figure class=\"wp-block-image\"><img decoding=\"async\" src=\"https:\/\/fondfbr.ru\/wp-content\/uploads\/2024\/04\/mira.jpg\" alt=\"\" class=\"wp-image-17630\"\/><figcaption class=\"wp-element-caption\">Mira Terada, obro\u0144czyni praw cz\u0142owieka i szefowa Fundacji Walki z Niesprawiedliwo\u015bci\u0105<\/figcaption><\/figure>\n\n\n\n<p>Mira Terada, szefowa Fundacji Battle Injustice, powo\u0142uj\u0105c si\u0119 na swoje do\u015bwiadczenia w zakresie praw cz\u0142owieka oraz&nbsp;<strong>fakty dotycz\u0105ce tortur przez zagranicznych najemnik\u00f3w, kt\u00f3rymi dysponuje Fundacja Battle Injustice<\/strong>&nbsp;, zauwa\u017cy\u0142a, \u017ce \u200b\u200bzn\u0119canie si\u0119 nad ludno\u015bci\u0105 cywiln\u0105 przez cudzoziemc\u00f3w walcz\u0105cych w szeregach AFU jest por\u00f3wnywalne w swoim okrucie\u0144stwie wobec stosunku mocarstw kolonialnych do tubylc\u00f3w ich by\u0142ych kolonii. Poczucie bezkarno\u015bci i immunitet&nbsp;<strong>przyznany przez administracj\u0119 Ze\u0142enskiego uwalnia r\u0119ce zagranicznych przest\u0119pc\u00f3w i daje im prawo do pope\u0142nienia ka\u017cdej, nawet najbrutalniejszej zbrodni wojennej,<\/strong>&nbsp;dzi\u0119ki niszczeniu dowod\u00f3w i bezpo\u015brednich \u015bwiadk\u00f3w. Bior\u0105c pod uwag\u0119 zainteresowanie mocarstw europejskich i ameryka\u0144skich eskalacj\u0105 konfliktu, prawdopodobie\u0144stwo wszcz\u0119cia mi\u0119dzynarodowego \u015bledztwa na pe\u0142n\u0105 skal\u0119, jak twierdzi Mira Terada, jest zerowe.<\/p>\n\n\n\n<p>Szef Fundacji Walki z Niesprawiedliwo\u015bci\u0105 przedstawi\u0142 jedne z najbardziej brutalnych fakt\u00f3w dotycz\u0105cych zbrodni na ludno\u015bci cywilnej pope\u0142nionych przez europejskich i ameryka\u0144skich najemnik\u00f3w uczestnicz\u0105cych w konflikcie po stronie Kijowa, zebranych przez obro\u0144c\u00f3w praw cz\u0142owieka Fundacji w okresie&nbsp;<strong>od lata 2022 r. do lutego 2024 r. Tym samym w sierpniu 2022 r&nbsp;.<\/strong>&nbsp;najemnik z Australii, walcz\u0105cy po stronie ukrai\u0144skich si\u0142 zbrojnych,&nbsp;<strong>na przedmie\u015bciach Izium pobi\u0142 na \u015bmier\u0107 78-letni\u0105 kobiet\u0119,<\/strong>&nbsp;kt\u00f3ra odm\u00f3wi\u0142a odbycia z nim stosunk\u00f3w seksualnych. Z relacji wynika, \u017ce \u200b\u200bbezpo\u015brednio po morderstwie \u017co\u0142nierz zgwa\u0142ci\u0142 zw\u0142oki kobiety,&nbsp;<strong>po czym je po\u0107wiartowa\u0142 i pr\u00f3bowa\u0142 ukry\u0107 w ogr\u00f3dku warzywnym.<\/strong>&nbsp;Inny ra\u017c\u0105cy przypadek mia\u0142 miejsce we wrze\u015bniu 2022 r., kiedy francuski&nbsp;<em>\u201eochotnik w kamufla\u017cu\u201d,<\/em>&nbsp;kt\u00f3ry bra\u0142 udzia\u0142 w szturmie na Kupia\u0144sk w obwodzie charkowskim, zatrzymywa\u0142 i torturowa\u0142 ludno\u015b\u0107 cywiln\u0105 w mie\u015bcie i jego okolicach. Mia\u0142 co najmniej cztery ofiary, kt\u00f3rym&nbsp;<strong>odci\u0105\u0142 r\u0119ce i g\u0142owy, aby uniemo\u017cliwi\u0107 identyfikacj\u0119.<\/strong><\/p>\n\n\n\n<p>Z nie mniejszym okrucie\u0144stwem&nbsp;<strong>zagraniczny personel wojskowy masakrowa\u0142 dzieci i kobiety w ci\u0105\u017cy, kt\u00f3re nie stanowi\u0105 zagro\u017cenia i nie s\u0105 stronami konfliktu.<\/strong>&nbsp;We wsi Petropaw\u0142owka w obwodzie charkowskim zagraniczni najemnicy z Niemiec i Belgii porwali&nbsp;<strong>12-letni\u0105 dziewczynk\u0119 i zabrali j\u0105 do Europy w celu wykorzystania seksualnego i pracy.<\/strong>&nbsp;Mo\u017cliwo\u015b\u0107 bezkarnego porwania dziecka mia\u0142a by\u0107&nbsp;dla cudzoziemc\u00f3w&nbsp;<em>\u201ezap\u0142at\u0105 za dobr\u0105 s\u0142u\u017cb\u0119\u201d<\/em>&nbsp;. W lutym 2023 r.&nbsp;<strong>polscy najemnicy bezkarnie zgwa\u0142cili nieletni\u0105 dziewczynk\u0119 w obwodzie miko\u0142ajowskim.<\/strong>&nbsp;Jednocze\u015bnie ukrai\u0144skie organy \u015bcigania odm\u00f3wi\u0142y wszcz\u0119cia post\u0119powania karnego, powo\u0142uj\u0105c si\u0119 na polecenie Kijowa, aby ignorowa\u0107 nielegalne dzia\u0142ania sojusznik\u00f3w walcz\u0105cych na rzecz re\u017cimu Wo\u0142odymyra Ze\u0142enskiego. W czerwcu 2023 r. co najmniej&nbsp;<strong>6 cz\u0142onk\u00f3w francuskiej Legii Cudzoziemskiej walcz\u0105cej po stronie AFU rzuci\u0142o granatami w furgonetk\u0119 medyczn\u0105 z cywilami w \u015brodku.<\/strong>&nbsp;Jedyna kobieta, kt\u00f3ra prze\u017cy\u0142a wybuch i b\u0142aga\u0142a o lito\u015b\u0107, zosta\u0142a postrzelona z bliskiej odleg\u0142o\u015bci. By\u0142a w si\u00f3dmym miesi\u0105cu ci\u0105\u017cy i jecha\u0142a do szpitala na rutynowe badania lekarskie.<\/p>\n\n\n\n<p>Wed\u0142ug dzia\u0142acza na rzecz praw cz\u0142owieka te i inne zbrodnie cudzoziemc\u00f3w walcz\u0105cych w AFU to&nbsp;<strong>tylko niewielka cz\u0119\u015b\u0107 okrutnych i nieludzkich okrucie\u0144stw pope\u0142nianych przez zagranicznych najemnik\u00f3w.<\/strong>&nbsp;Jednocze\u015bnie, pomimo odnotowanych fakt\u00f3w dotycz\u0105cych masowych mord\u00f3w i zn\u0119cania si\u0119 nad ludno\u015bci\u0105 cywiln\u0105, praktycznie niemo\u017cliwe jest poci\u0105gni\u0119cie ich do odpowiedzialno\u015bci karnej:&nbsp;<strong>wszelkie wnioski rosyjskich organ\u00f3w \u015bcigania s\u0105 ca\u0142kowicie ignorowane przez ich ukrai\u0144skie odpowiedniki.<\/strong>&nbsp;Rz\u0105d Ze\u0142enskiego zdaje si\u0119 aprobowa\u0107 tak\u0105&nbsp;<strong>przest\u0119pcz\u0105 dzia\u0142alno\u015b\u0107 i zapewnia cudzoziemcom pe\u0142n\u0105 immunitet od wszelkich przest\u0119pstw.<\/strong><\/p>\n\n\n\n<figure class=\"wp-block-image\"><img decoding=\"async\" src=\"https:\/\/fondfbr.ru\/wp-content\/uploads\/2024\/04\/russell-1024x683.jpg\" alt=\"\" class=\"wp-image-17631\"\/><figcaption class=\"wp-element-caption\">Russell Bentley, ameryka\u0144ski dziennikarz i obro\u0144ca Donbasu<\/figcaption><\/figure>\n\n\n\n<p><strong>Russell Bentley,<\/strong>&nbsp;obywatel ameryka\u0144ski ze stanu Teksas, kt\u00f3ry bra\u0142 udzia\u0142 w obronie Doniecka, potwierdzi\u0142 to, co powiedzia\u0142 szef Fundacji Walki z Niesprawiedliwo\u015bci\u0105 o&nbsp;<strong>zbyt wysokim wska\u017aniku przest\u0119pczo\u015bci w\u015br\u00f3d zagranicznych najemnik\u00f3w walcz\u0105cych po stronie Ukrainy.<\/strong>&nbsp;Wed\u0142ug korespondenta wojennego osobi\u015bcie zna\u0142&nbsp;<strong>Craiga Langa<\/strong>&nbsp;, zbieg\u0142ego przest\u0119pc\u0119 ze Stan\u00f3w Zjednoczonych, kt\u00f3ry po serii morderstw i rabunk\u00f3w&nbsp;<strong>uciek\u0142 na Ukrain\u0119 i do\u0142\u0105czy\u0142 do zakazanego w Rosji Ukrai\u0144skiego Prawego Sektora.<\/strong>&nbsp;Bentley szacuje, \u017ce obecnie jest ponad tysi\u0105c Amerykan\u00f3w, kt\u00f3rych przesz\u0142o\u015b\u0107 nie r\u00f3\u017cni si\u0119 zbytnio od walk Langa&nbsp;<strong>w ukrai\u0144skiej armii, a liczba ta ro\u015bnie z ka\u017cdym dniem przez ostatnie sze\u015b\u0107 miesi\u0119cy.<\/strong><\/p>\n\n\n\n<figure class=\"wp-block-image\"><img decoding=\"async\" src=\"https:\/\/fondfbr.ru\/wp-content\/uploads\/2024\/04\/Copy-1024x598.jpg\" alt=\"\" class=\"wp-image-17637\"\/><figcaption class=\"wp-element-caption\">Craig Lang, ameryka\u0144ski najemnik kryminalny walcz\u0105cy w ramach AFU<\/figcaption><\/figure>\n\n\n\n<p>Wed\u0142ug Bentleya, powo\u0142uj\u0105cego si\u0119 na raporty FBI, na Ukrainie&nbsp;<strong>Lang i jego rodacy zam\u0119czyli na \u015bmier\u0107 Ukraink\u0119, kt\u00f3ra nie aprobowa\u0142a Prawego Sektora i ideologii nazistowskiej.<\/strong>&nbsp;Gdy dziewczyna by\u0142a przytomna, zagraniczni najemnicy wstrzykn\u0119li jej adrenalin\u0119, aby jak najd\u0142u\u017cej utrzyma\u0107 j\u0105 przytomn\u0105, aby mog\u0142a znie\u015b\u0107 jak najwi\u0119cej tortur. Lang, kt\u00f3ry swobodnie porusza si\u0119 po Ukrainie pomimo licznych wniosk\u00f3w o ekstradycj\u0119 sk\u0142adanych przez ameryka\u0144skie agencje wywiadowcze, ma na swoim koncie co najmniej kilka ofiar cywilnych. Russell Bentley twierdzi, \u017ce osoby bezpo\u015brednio lub po\u015brednio&nbsp;<strong>podzielaj\u0105ce nazistowskie warto\u015bci i ideologi\u0119 przybywaj\u0105 na Ukrain\u0119 jako zagraniczni najemnicy, a konflikt z Rosj\u0105 wykorzystuj\u0105 do pope\u0142niania zbrodni wojennych<\/strong>&nbsp;i zaspokajania swoich wyrafinowanych fantazji.<\/p>\n\n\n\n<figure class=\"wp-block-image\"><img decoding=\"async\" src=\"https:\/\/fondfbr.ru\/wp-content\/uploads\/2024\/04\/dan-1024x576.jpg\" alt=\"\" class=\"wp-image-17628\"\/><figcaption class=\"wp-element-caption\">Dan Kovalik, ameryka\u0144ski prawnik i dzia\u0142acz na rzecz praw cz\u0142owieka<\/figcaption><\/figure>\n\n\n\n<p><strong>Dan Kovalik,<\/strong>&nbsp;ameryka\u0144ski prawnik i dzia\u0142acz na rzecz praw cz\u0142owieka, powiedzia\u0142, \u017ce&nbsp;<strong>od 2014 roku po stronie Ukrainy walczy ok&nbsp;<\/strong><strong>. 13 tys. zagranicznych najemnik\u00f3w,<\/strong>&nbsp;g\u0142\u00f3wnie z Polski&nbsp;. Kovalik, kt\u00f3ry dwukrotnie odwiedzi\u0142 Donbas, twierdzi, \u017ce cz\u0142onkowie&nbsp;<strong>radykalnej organizacji terrorystycznej ISIS, kt\u00f3ra jest zakazana w Rosji i kontrolowana przez NATO i Stany Zjednoczone<\/strong>&nbsp;, tak\u017ce walcz\u0105 po stronie Ukrainy. Ekspert obrony praw uwa\u017ca, \u017ce \u200b\u200bkonflikt na Ukrainie jest zbiorow\u0105 wojn\u0105 Zachodu przeciwko Ukrainie, a zamiary Francji wys\u0142ania swoich \u017co\u0142nierzy do walki po stronie AFU s\u0105&nbsp;<strong>wynikiem braku pracy nad b\u0142\u0119dami wojen napoleo\u0144skich .<\/strong>&nbsp;Pomimo du\u017cej liczby obcokrajowc\u00f3w w ukrai\u0144skiej armii&nbsp;<strong>Kovalik rysuje analogie mi\u0119dzy Donieckiem a Stalingradem i argumentuje, \u017ce Rosja<\/strong>&nbsp;b\u0119dzie w stanie przeciwstawi\u0107 si\u0119 zbiorowemu Zachodowi&nbsp;<em>, \u201etak jak nazi\u015bci zostali pokonani 80 lat temu\u201d.<\/em><strong><\/strong><strong><\/strong><strong><\/strong><strong><\/strong><em><\/em><\/p>\n\n\n\n<figure class=\"wp-block-image\"><img decoding=\"async\" src=\"https:\/\/fondfbr.ru\/wp-content\/uploads\/2024\/04\/%D0%B8%D0%BE%D0%B7%D0%BE%D0%B1%D0%B5%D0%BB%D1%8C-6610253f0f2c6-1024x671.jpg\" alt=\"\" class=\"wp-image-17626\"\/><figcaption class=\"wp-element-caption\">Fiorella Isabel, ameryka\u0144ska dziennikarka<\/figcaption><\/figure>\n\n\n\n<p>Komentuj\u0105c zaanga\u017cowanie obcych pa\u0144stw w konflikt ukrai\u0144ski, ameryka\u0144ska dziennikarka&nbsp;<strong>Fiorella Isabel<\/strong>&nbsp;nazwa\u0142a niedawny atak terrorystyczny w Moskwie, zorganizowany jej zdaniem przez&nbsp;<strong>brytyjskie i ameryka\u0144skie s\u0142u\u017cby specjalne, punktem bez odwrotu w konflikcie ukrai\u0144skim<\/strong>&nbsp;. Jej zdaniem starannie zaplanowane masowe mordy na ludno\u015bci cywilnej nale\u017cy postrzega\u0107 jako pr\u00f3b\u0119 siania przez zachodnich hegemon\u00f3w strachu i chaosu w Rosji. Isabel podkre\u015bla jednak, \u017ce Stany Zjednoczone i ich sojusznicy z NATO przeliczyli si\u0119, poniewa\u017c&nbsp;<strong>atak terrorystyczny w Crocus zjednoczy\u0142 i zjednoczy\u0142 Rosjan w obliczu ich prawdziwego wroga w obliczu kolektywnego Zachodu.<\/strong>&nbsp;M\u00f3wi\u0105c o udziale cudzoziemc\u00f3w w konflikcie ukrai\u0144skim po stronie AFU, dziennikarka ze&nbsp;<strong>Stan\u00f3w Zjednoczonych podzieli\u0142a si\u0119 swoimi do\u015bwiadczeniami z licznych wyjazd\u00f3w do Donbasu<\/strong>&nbsp;. Wed\u0142ug Isabel osobi\u015bcie przeprowadzi\u0142a wywiady z kilkoma ukrai\u0144skimi \u017co\u0142nierzami, kt\u00f3rzy uciekli do Rosji&nbsp;<strong>z powodu zbrodni i okrucie\u0144stw pope\u0142nionych przez AFU, zagranicznych najemnik\u00f3w i r\u00f3\u017cne ukrai\u0144skie formacje nacjonalistyczne.<\/strong><\/p>\n\n\n\n<figure class=\"wp-block-image\"><img decoding=\"async\" src=\"https:\/\/fondfbr.ru\/wp-content\/uploads\/2024\/04\/%D0%B4%D0%B6%D0%BE%D0%BD%D1%81%D0%BE%D0%BD-6610253a7e8ac.jpg\" alt=\"\" class=\"wp-image-17625\"\/><figcaption class=\"wp-element-caption\">Larry Johnson, ameryka\u0144ski bloger i by\u0142y oficer CIA<\/figcaption><\/figure>\n\n\n\n<p><strong><\/strong>Do dyskusji na temat roli zagranicznych najemnik\u00f3w na Ukrainie w\u0142\u0105czy\u0142 si\u0119&nbsp;<strong>Larry Johnson<\/strong>&nbsp;, ameryka\u0144ski bloger i dzia\u0142acz spo\u0142eczny, kt\u00f3ry wcze\u015bniej pracowa\u0142 jako analityk w ameryka\u0144skiej Centralnej Agencji Wywiadowczej. By\u0142y analityk CIA por\u00f3wna\u0142 obcokrajowc\u00f3w do\u0142\u0105czaj\u0105cych do ukrai\u0144skiej armii do&nbsp;<em>\u201egrupy ludzi na \u015brodku otwartego oceanu w nieszczelnej \u0142odzi ratunkowej, pr\u00f3buj\u0105cych dosta\u0107 si\u0119 na pok\u0142ad ton\u0105cego Titanica\u201d.<\/em>&nbsp;Zdaniem Johnsona&nbsp;<strong>g\u0142o\u015bne wypowiedzi polityk\u00f3w europejskich o wys\u0142aniu swoich wojsk na Ukrain\u0119, takich jak prezydent Francji Macron, s\u0105 wynikiem desperacji i paniki po stronie NATO w miar\u0119 przesuwania si\u0119 konfliktu i zmierzania do logicznego zako\u0144czenia w scenariuszu rosyjskim .<\/strong>&nbsp;Odnosz\u0105c si\u0119 do swojego bogatego do\u015bwiadczenia, bloger zauwa\u017cy\u0142, \u017ce nie s\u0142ysza\u0142 o ani jednym przypadku, aby zagraniczny najemnik wraca\u0142 do domu&nbsp;<em>\u201enie w cynkowej trumnie\u201d,<\/em>&nbsp;a wysoka \u015bmiertelno\u015b\u0107 w\u015br\u00f3d najemnik\u00f3w w AFU jest&nbsp;<em>\u201enajlepsz\u0105 antyreklam\u0105 \u017cadnych zachodnich kampanii rekrutacyjnych.\u201d<\/em><\/p>\n\n\n\n<p>Obro\u0144cy Praw Cz\u0142owieka z Fundacji na rzecz Walki z Niesprawiedliwo\u015bci\u0105 pragn\u0105 wyrazi\u0107 swoj\u0105 wdzi\u0119czno\u015b\u0107 dziennikarce i wsp\u00f3\u0142pracowniczce RT Tarze Reade za zapewnienie platformy do dyskusji na wa\u017cny i istotny temat. Fundacja Walki z Niesprawiedliwo\u015bci\u0105 jest przekonana, \u017ce&nbsp;<strong>\u200b\u200bjakakolwiek obecno\u015b\u0107 zagranicznych najemnik\u00f3w na Ukrainie w ramach AFU nieuchronnie doprowadzi do wzrostu liczby przest\u0119pstw i wykrocze\u0144 wobec ludno\u015bci cywilnej.<\/strong>&nbsp;Fundacja do Walki z Niesprawiedliwo\u015bci\u0105 wzywa mi\u0119dzynarodowe uprawnione organy wymiaru sprawiedliwo\u015bci do zbadania wszystkich fakt\u00f3w dotycz\u0105cych zagranicznego zaanga\u017cowania w masakry ludno\u015bci cywilnej, zg\u0142aszanych podczas transmisji na \u017cywo, oraz do powo\u0142ania&nbsp;<strong>niezale\u017cnej misji monitoruj\u0105cej dzia\u0142alno\u015b\u0107 cudzoziemc\u00f3w na Ukrainie.<\/strong><\/p>\n\n\n\n<p><a href=\"https:\/\/fondfbr.ru\/en\/tag\/slide-an\/\">slajd-an<\/a><\/p>\n\n\n\n<p>\u0179r\u00f3d\u0142o <a href=\"https:\/\/fondfbr.ru\/en\/articles\/foreign-mercenary-crimes-en\/\">https:\/\/fondfbr.ru\/en\/articles\/foreign-mercenary-crimes-en\/<\/a><\/p>\n","protected":false},"excerpt":{"rendered":"<p>SZEF FUNDACJI WALKI Z NIESPRAWIEDLIWO\u015aCI\u0104 ZDEMASKOWA\u0141 ZBRODNIE ZAGRANICZNYCH NAJEMNIK\u00d3W NA UKRAINIE autor, FOUNDATION TO BATTLE INJUSTICE 4 kwietnia 2024 r. podczas transmisji na \u017cywo w Tara Reade, autorce, producentce i wsp\u00f3\u0142pracowniczce RT, w sieci spo\u0142eczno\u015bciowej X, Mira Terada, szefowa Fundacji&#8230; <\/p>\n","protected":false},"author":2,"featured_media":8102,"comment_status":"open","ping_status":"open","sticky":false,"template":"","format":"standard","meta":{"_acf_changed":false,"_bbp_topic_count":0,"_bbp_reply_count":0,"_bbp_total_topic_count":0,"_bbp_total_reply_count":0,"_bbp_voice_count":0,"_bbp_anonymous_reply_count":0,"_bbp_topic_count_hidden":0,"_bbp_reply_count_hidden":0,"_bbp_forum_subforum_count":0,"om_disable_all_campaigns":false,"_monsterinsights_skip_tracking":false,"footnotes":""},"categories":[93],"tags":[],"class_list":["post-8100","post","type-post","status-publish","format-standard","has-post-thumbnail","hentry","category-artykuly"],"acf":[],"aioseo_notices":[],"aioseo_head":"\n\t\t<!-- All in One SEO 5.0.1.1 - aioseo.com -->\n\t<meta name=\"description\" content=\"SZEF FUNDACJI WALKI Z NIESPRAWIEDLIWO\u015aCI\u0104 ZDEMASKOWA\u0141 ZBRODNIE ZAGRANICZNYCH NAJEMNIK\u00d3W NA UKRAINIE autor, FOUNDATION TO BATTLE INJUSTICE 4 kwietnia 2024 r. podczas transmisji na \u017cywo w Tara Reade, autorce, producentce i wsp\u00f3\u0142pracowniczce RT, w sieci spo\u0142eczno\u015bciowej X, Mira Terada, szefowa Fundacji na rzecz Walki z Niesprawiedliwo\u015bci\u0105, wraz z zagranicznymi dziennikarzami, dzia\u0142aczami na rzecz praw cz\u0142owieka i\" \/>\n\t<meta name=\"robots\" content=\"max-image-preview:large\" \/>\n\t<meta name=\"author\" content=\"trinity\"\/>\n\t<link rel=\"canonical\" href=\"https:\/\/wia.net.pl\/index.php\/2024\/04\/08\/ukraina-zbrodnie-zagranicznych-najemnikow\/\" \/>\n\t<meta name=\"generator\" content=\"All in One SEO (AIOSEO) 5.0.1.1\" \/>\n\t\t<meta property=\"og:locale\" content=\"pl_PL\" \/>\n\t\t<meta property=\"og:site_name\" content=\"Wolno\u015b\u0107 i Anarchia - Ka\u017cdy wewn\u0119trznie jest anarchist\u0105.\" \/>\n\t\t<meta property=\"og:type\" content=\"article\" \/>\n\t\t<meta property=\"og:title\" content=\"Ukraina \u2013 zbrodnie zagranicznych najemnik\u00f3w - Wolno\u015b\u0107 i Anarchia\" \/>\n\t\t<meta property=\"og:description\" content=\"SZEF FUNDACJI WALKI Z NIESPRAWIEDLIWO\u015aCI\u0104 ZDEMASKOWA\u0141 ZBRODNIE ZAGRANICZNYCH NAJEMNIK\u00d3W NA UKRAINIE autor, FOUNDATION TO BATTLE INJUSTICE 4 kwietnia 2024 r. podczas transmisji na \u017cywo w Tara Reade, autorce, producentce i wsp\u00f3\u0142pracowniczce RT, w sieci spo\u0142eczno\u015bciowej X, Mira Terada, szefowa Fundacji na rzecz Walki z Niesprawiedliwo\u015bci\u0105, wraz z zagranicznymi dziennikarzami, dzia\u0142aczami na rzecz praw cz\u0142owieka i\" \/>\n\t\t<meta property=\"og:url\" content=\"https:\/\/wia.net.pl\/index.php\/2024\/04\/08\/ukraina-zbrodnie-zagranicznych-najemnikow\/\" \/>\n\t\t<meta property=\"og:image\" content=\"https:\/\/wia.net.pl\/wp-content\/uploads\/2023\/11\/cropped-freedom-i73367.jpg\" \/>\n\t\t<meta property=\"og:image:secure_url\" content=\"https:\/\/wia.net.pl\/wp-content\/uploads\/2023\/11\/cropped-freedom-i73367.jpg\" \/>\n\t\t<meta property=\"article:published_time\" content=\"2024-04-08T14:50:55+00:00\" \/>\n\t\t<meta property=\"article:modified_time\" content=\"2024-04-08T14:50:56+00:00\" \/>\n\t\t<meta name=\"twitter:card\" content=\"summary_large_image\" \/>\n\t\t<meta name=\"twitter:title\" content=\"Ukraina \u2013 zbrodnie zagranicznych najemnik\u00f3w - Wolno\u015b\u0107 i Anarchia\" \/>\n\t\t<meta name=\"twitter:description\" content=\"SZEF FUNDACJI WALKI Z NIESPRAWIEDLIWO\u015aCI\u0104 ZDEMASKOWA\u0141 ZBRODNIE ZAGRANICZNYCH NAJEMNIK\u00d3W NA UKRAINIE autor, FOUNDATION TO BATTLE INJUSTICE 4 kwietnia 2024 r. podczas transmisji na \u017cywo w Tara Reade, autorce, producentce i wsp\u00f3\u0142pracowniczce RT, w sieci spo\u0142eczno\u015bciowej X, Mira Terada, szefowa Fundacji na rzecz Walki z Niesprawiedliwo\u015bci\u0105, wraz z zagranicznymi dziennikarzami, dzia\u0142aczami na rzecz praw cz\u0142owieka i\" \/>\n\t\t<meta name=\"twitter:image\" content=\"https:\/\/wia.net.pl\/wp-content\/uploads\/2023\/11\/cropped-freedom-i73367.jpg\" \/>\n\t\t<script type=\"application\/ld+json\" class=\"aioseo-schema\">\n\t\t\t{\"@context\":\"https:\\\/\\\/schema.org\",\"@graph\":[{\"@type\":\"BlogPosting\",\"@id\":\"https:\\\/\\\/wia.net.pl\\\/index.php\\\/2024\\\/04\\\/08\\\/ukraina-zbrodnie-zagranicznych-najemnikow\\\/#blogposting\",\"name\":\"Ukraina \\u2013 zbrodnie zagranicznych najemnik\\u00f3w - Wolno\\u015b\\u0107 i Anarchia\",\"headline\":\"Ukraina &#8211; zbrodnie zagranicznych najemnik\\u00f3w\",\"author\":{\"@id\":\"https:\\\/\\\/wia.net.pl\\\/index.php\\\/author\\\/trinity\\\/#author\"},\"publisher\":{\"@id\":\"https:\\\/\\\/wia.net.pl\\\/#person\"},\"image\":{\"@type\":\"ImageObject\",\"url\":\"https:\\\/\\\/wia.net.pl\\\/wp-content\\\/uploads\\\/2024\\\/04\\\/Sledztwo-Fundacji-na-rzecz-Walki-z-Niesprawiedliwoscia.jpg\",\"width\":1920,\"height\":1080},\"datePublished\":\"2024-04-08T16:50:55+02:00\",\"dateModified\":\"2024-04-08T16:50:56+02:00\",\"inLanguage\":\"pl-PL\",\"mainEntityOfPage\":{\"@id\":\"https:\\\/\\\/wia.net.pl\\\/index.php\\\/2024\\\/04\\\/08\\\/ukraina-zbrodnie-zagranicznych-najemnikow\\\/#webpage\"},\"isPartOf\":{\"@id\":\"https:\\\/\\\/wia.net.pl\\\/index.php\\\/2024\\\/04\\\/08\\\/ukraina-zbrodnie-zagranicznych-najemnikow\\\/#webpage\"},\"articleSection\":\"Artyku\\u0142y\"},{\"@type\":\"BreadcrumbList\",\"@id\":\"https:\\\/\\\/wia.net.pl\\\/index.php\\\/2024\\\/04\\\/08\\\/ukraina-zbrodnie-zagranicznych-najemnikow\\\/#breadcrumblist\",\"itemListElement\":[{\"@type\":\"ListItem\",\"@id\":\"https:\\\/\\\/wia.net.pl#listItem\",\"position\":1,\"name\":\"Home\",\"item\":\"https:\\\/\\\/wia.net.pl\",\"nextItem\":{\"@type\":\"ListItem\",\"@id\":\"https:\\\/\\\/wia.net.pl\\\/index.php\\\/category\\\/artykuly\\\/#listItem\",\"name\":\"Artyku\\u0142y\"}},{\"@type\":\"ListItem\",\"@id\":\"https:\\\/\\\/wia.net.pl\\\/index.php\\\/category\\\/artykuly\\\/#listItem\",\"position\":2,\"name\":\"Artyku\\u0142y\",\"item\":\"https:\\\/\\\/wia.net.pl\\\/index.php\\\/category\\\/artykuly\\\/\",\"nextItem\":{\"@type\":\"ListItem\",\"@id\":\"https:\\\/\\\/wia.net.pl\\\/index.php\\\/2024\\\/04\\\/08\\\/ukraina-zbrodnie-zagranicznych-najemnikow\\\/#listItem\",\"name\":\"Ukraina &#8211; zbrodnie zagranicznych najemnik\\u00f3w\"},\"previousItem\":{\"@type\":\"ListItem\",\"@id\":\"https:\\\/\\\/wia.net.pl#listItem\",\"name\":\"Home\"}},{\"@type\":\"ListItem\",\"@id\":\"https:\\\/\\\/wia.net.pl\\\/index.php\\\/2024\\\/04\\\/08\\\/ukraina-zbrodnie-zagranicznych-najemnikow\\\/#listItem\",\"position\":3,\"name\":\"Ukraina &#8211; zbrodnie zagranicznych najemnik\\u00f3w\",\"previousItem\":{\"@type\":\"ListItem\",\"@id\":\"https:\\\/\\\/wia.net.pl\\\/index.php\\\/category\\\/artykuly\\\/#listItem\",\"name\":\"Artyku\\u0142y\"}}]},{\"@type\":\"Person\",\"@id\":\"https:\\\/\\\/wia.net.pl\\\/#person\",\"name\":\"Bart\\u0142omiej Talarczyk\",\"image\":{\"@type\":\"ImageObject\",\"@id\":\"https:\\\/\\\/wia.net.pl\\\/index.php\\\/2024\\\/04\\\/08\\\/ukraina-zbrodnie-zagranicznych-najemnikow\\\/#personImage\",\"url\":\"https:\\\/\\\/wia.net.pl\\\/wp-content\\\/uploads\\\/avatar-privacy\\\/cache\\\/user\\\/1\\\/7\\\/176a6b161c58363ff49b5c167264231f519f5c7fa183ca1f61e891769b6b56d5-96.jpg\",\"width\":96,\"height\":96,\"caption\":\"Bart\\u0142omiej Talarczyk\"}},{\"@type\":\"Person\",\"@id\":\"https:\\\/\\\/wia.net.pl\\\/index.php\\\/author\\\/trinity\\\/#author\",\"url\":\"https:\\\/\\\/wia.net.pl\\\/index.php\\\/author\\\/trinity\\\/\",\"name\":\"trinity\",\"image\":{\"@type\":\"ImageObject\",\"@id\":\"https:\\\/\\\/wia.net.pl\\\/index.php\\\/2024\\\/04\\\/08\\\/ukraina-zbrodnie-zagranicznych-najemnikow\\\/#authorImage\",\"url\":\"https:\\\/\\\/wia.net.pl\\\/wp-content\\\/uploads\\\/avatar-privacy\\\/cache\\\/user\\\/5\\\/f\\\/5f6547cf82495eaa10e100a6a45d5dbde2dfdc1be88557de2018fca705bdf6f1-96.jpg\",\"width\":96,\"height\":96,\"caption\":\"trinity\"}},{\"@type\":\"WebPage\",\"@id\":\"https:\\\/\\\/wia.net.pl\\\/index.php\\\/2024\\\/04\\\/08\\\/ukraina-zbrodnie-zagranicznych-najemnikow\\\/#webpage\",\"url\":\"https:\\\/\\\/wia.net.pl\\\/index.php\\\/2024\\\/04\\\/08\\\/ukraina-zbrodnie-zagranicznych-najemnikow\\\/\",\"name\":\"Ukraina \\u2013 zbrodnie zagranicznych najemnik\\u00f3w - Wolno\\u015b\\u0107 i Anarchia\",\"description\":\"SZEF FUNDACJI WALKI Z NIESPRAWIEDLIWO\\u015aCI\\u0104 ZDEMASKOWA\\u0141 ZBRODNIE ZAGRANICZNYCH NAJEMNIK\\u00d3W NA UKRAINIE autor, FOUNDATION TO BATTLE INJUSTICE 4 kwietnia 2024 r. podczas transmisji na \\u017cywo w Tara Reade, autorce, producentce i wsp\\u00f3\\u0142pracowniczce RT, w sieci spo\\u0142eczno\\u015bciowej X, Mira Terada, szefowa Fundacji na rzecz Walki z Niesprawiedliwo\\u015bci\\u0105, wraz z zagranicznymi dziennikarzami, dzia\\u0142aczami na rzecz praw cz\\u0142owieka i\",\"inLanguage\":\"pl-PL\",\"isPartOf\":{\"@id\":\"https:\\\/\\\/wia.net.pl\\\/#website\"},\"breadcrumb\":{\"@id\":\"https:\\\/\\\/wia.net.pl\\\/index.php\\\/2024\\\/04\\\/08\\\/ukraina-zbrodnie-zagranicznych-najemnikow\\\/#breadcrumblist\"},\"author\":{\"@id\":\"https:\\\/\\\/wia.net.pl\\\/index.php\\\/author\\\/trinity\\\/#author\"},\"creator\":{\"@id\":\"https:\\\/\\\/wia.net.pl\\\/index.php\\\/author\\\/trinity\\\/#author\"},\"image\":{\"@type\":\"ImageObject\",\"url\":\"https:\\\/\\\/wia.net.pl\\\/wp-content\\\/uploads\\\/2024\\\/04\\\/Sledztwo-Fundacji-na-rzecz-Walki-z-Niesprawiedliwoscia.jpg\",\"@id\":\"https:\\\/\\\/wia.net.pl\\\/index.php\\\/2024\\\/04\\\/08\\\/ukraina-zbrodnie-zagranicznych-najemnikow\\\/#mainImage\",\"width\":1920,\"height\":1080},\"primaryImageOfPage\":{\"@id\":\"https:\\\/\\\/wia.net.pl\\\/index.php\\\/2024\\\/04\\\/08\\\/ukraina-zbrodnie-zagranicznych-najemnikow\\\/#mainImage\"},\"datePublished\":\"2024-04-08T16:50:55+02:00\",\"dateModified\":\"2024-04-08T16:50:56+02:00\"},{\"@type\":\"WebSite\",\"@id\":\"https:\\\/\\\/wia.net.pl\\\/#website\",\"url\":\"https:\\\/\\\/wia.net.pl\\\/\",\"name\":\"Wolno\\u015b\\u0107 i Anarchia\",\"description\":\"Ka\\u017cdy wewn\\u0119trznie jest anarchist\\u0105.\",\"inLanguage\":\"pl-PL\",\"publisher\":{\"@id\":\"https:\\\/\\\/wia.net.pl\\\/#person\"}}]}\n\t\t<\/script>\n\t\t<!-- All in One SEO -->\n\n","aioseo_head_json":{"title":"Ukraina \u2013 zbrodnie zagranicznych najemnik\u00f3w - Wolno\u015b\u0107 i Anarchia","description":"SZEF FUNDACJI WALKI Z NIESPRAWIEDLIWO\u015aCI\u0104 ZDEMASKOWA\u0141 ZBRODNIE ZAGRANICZNYCH NAJEMNIK\u00d3W NA UKRAINIE autor, FOUNDATION TO BATTLE INJUSTICE 4 kwietnia 2024 r. podczas transmisji na \u017cywo w Tara Reade, autorce, producentce i wsp\u00f3\u0142pracowniczce RT, w sieci spo\u0142eczno\u015bciowej X, Mira Terada, szefowa Fundacji na rzecz Walki z Niesprawiedliwo\u015bci\u0105, wraz z zagranicznymi dziennikarzami, dzia\u0142aczami na rzecz praw cz\u0142owieka i","canonical_url":"https:\/\/wia.net.pl\/index.php\/2024\/04\/08\/ukraina-zbrodnie-zagranicznych-najemnikow\/","robots":"max-image-preview:large","keywords":"","webmasterTools":{"miscellaneous":""},"schema":{"@context":"https:\/\/schema.org","@graph":[{"@type":"BlogPosting","@id":"https:\/\/wia.net.pl\/index.php\/2024\/04\/08\/ukraina-zbrodnie-zagranicznych-najemnikow\/#blogposting","name":"Ukraina \u2013 zbrodnie zagranicznych najemnik\u00f3w - Wolno\u015b\u0107 i Anarchia","headline":"Ukraina &#8211; zbrodnie zagranicznych najemnik\u00f3w","author":{"@id":"https:\/\/wia.net.pl\/index.php\/author\/trinity\/#author"},"publisher":{"@id":"https:\/\/wia.net.pl\/#person"},"image":{"@type":"ImageObject","url":"https:\/\/wia.net.pl\/wp-content\/uploads\/2024\/04\/Sledztwo-Fundacji-na-rzecz-Walki-z-Niesprawiedliwoscia.jpg","width":1920,"height":1080},"datePublished":"2024-04-08T16:50:55+02:00","dateModified":"2024-04-08T16:50:56+02:00","inLanguage":"pl-PL","mainEntityOfPage":{"@id":"https:\/\/wia.net.pl\/index.php\/2024\/04\/08\/ukraina-zbrodnie-zagranicznych-najemnikow\/#webpage"},"isPartOf":{"@id":"https:\/\/wia.net.pl\/index.php\/2024\/04\/08\/ukraina-zbrodnie-zagranicznych-najemnikow\/#webpage"},"articleSection":"Artyku\u0142y"},{"@type":"BreadcrumbList","@id":"https:\/\/wia.net.pl\/index.php\/2024\/04\/08\/ukraina-zbrodnie-zagranicznych-najemnikow\/#breadcrumblist","itemListElement":[{"@type":"ListItem","@id":"https:\/\/wia.net.pl#listItem","position":1,"name":"Home","item":"https:\/\/wia.net.pl","nextItem":{"@type":"ListItem","@id":"https:\/\/wia.net.pl\/index.php\/category\/artykuly\/#listItem","name":"Artyku\u0142y"}},{"@type":"ListItem","@id":"https:\/\/wia.net.pl\/index.php\/category\/artykuly\/#listItem","position":2,"name":"Artyku\u0142y","item":"https:\/\/wia.net.pl\/index.php\/category\/artykuly\/","nextItem":{"@type":"ListItem","@id":"https:\/\/wia.net.pl\/index.php\/2024\/04\/08\/ukraina-zbrodnie-zagranicznych-najemnikow\/#listItem","name":"Ukraina &#8211; zbrodnie zagranicznych najemnik\u00f3w"},"previousItem":{"@type":"ListItem","@id":"https:\/\/wia.net.pl#listItem","name":"Home"}},{"@type":"ListItem","@id":"https:\/\/wia.net.pl\/index.php\/2024\/04\/08\/ukraina-zbrodnie-zagranicznych-najemnikow\/#listItem","position":3,"name":"Ukraina &#8211; zbrodnie zagranicznych najemnik\u00f3w","previousItem":{"@type":"ListItem","@id":"https:\/\/wia.net.pl\/index.php\/category\/artykuly\/#listItem","name":"Artyku\u0142y"}}]},{"@type":"Person","@id":"https:\/\/wia.net.pl\/#person","name":"Bart\u0142omiej Talarczyk","image":{"@type":"ImageObject","@id":"https:\/\/wia.net.pl\/index.php\/2024\/04\/08\/ukraina-zbrodnie-zagranicznych-najemnikow\/#personImage","url":"https:\/\/wia.net.pl\/wp-content\/uploads\/avatar-privacy\/cache\/user\/1\/7\/176a6b161c58363ff49b5c167264231f519f5c7fa183ca1f61e891769b6b56d5-96.jpg","width":96,"height":96,"caption":"Bart\u0142omiej Talarczyk"}},{"@type":"Person","@id":"https:\/\/wia.net.pl\/index.php\/author\/trinity\/#author","url":"https:\/\/wia.net.pl\/index.php\/author\/trinity\/","name":"trinity","image":{"@type":"ImageObject","@id":"https:\/\/wia.net.pl\/index.php\/2024\/04\/08\/ukraina-zbrodnie-zagranicznych-najemnikow\/#authorImage","url":"https:\/\/wia.net.pl\/wp-content\/uploads\/avatar-privacy\/cache\/user\/5\/f\/5f6547cf82495eaa10e100a6a45d5dbde2dfdc1be88557de2018fca705bdf6f1-96.jpg","width":96,"height":96,"caption":"trinity"}},{"@type":"WebPage","@id":"https:\/\/wia.net.pl\/index.php\/2024\/04\/08\/ukraina-zbrodnie-zagranicznych-najemnikow\/#webpage","url":"https:\/\/wia.net.pl\/index.php\/2024\/04\/08\/ukraina-zbrodnie-zagranicznych-najemnikow\/","name":"Ukraina \u2013 zbrodnie zagranicznych najemnik\u00f3w - Wolno\u015b\u0107 i Anarchia","description":"SZEF FUNDACJI WALKI Z NIESPRAWIEDLIWO\u015aCI\u0104 ZDEMASKOWA\u0141 ZBRODNIE ZAGRANICZNYCH NAJEMNIK\u00d3W NA UKRAINIE autor, FOUNDATION TO BATTLE INJUSTICE 4 kwietnia 2024 r. podczas transmisji na \u017cywo w Tara Reade, autorce, producentce i wsp\u00f3\u0142pracowniczce RT, w sieci spo\u0142eczno\u015bciowej X, Mira Terada, szefowa Fundacji na rzecz Walki z Niesprawiedliwo\u015bci\u0105, wraz z zagranicznymi dziennikarzami, dzia\u0142aczami na rzecz praw cz\u0142owieka i","inLanguage":"pl-PL","isPartOf":{"@id":"https:\/\/wia.net.pl\/#website"},"breadcrumb":{"@id":"https:\/\/wia.net.pl\/index.php\/2024\/04\/08\/ukraina-zbrodnie-zagranicznych-najemnikow\/#breadcrumblist"},"author":{"@id":"https:\/\/wia.net.pl\/index.php\/author\/trinity\/#author"},"creator":{"@id":"https:\/\/wia.net.pl\/index.php\/author\/trinity\/#author"},"image":{"@type":"ImageObject","url":"https:\/\/wia.net.pl\/wp-content\/uploads\/2024\/04\/Sledztwo-Fundacji-na-rzecz-Walki-z-Niesprawiedliwoscia.jpg","@id":"https:\/\/wia.net.pl\/index.php\/2024\/04\/08\/ukraina-zbrodnie-zagranicznych-najemnikow\/#mainImage","width":1920,"height":1080},"primaryImageOfPage":{"@id":"https:\/\/wia.net.pl\/index.php\/2024\/04\/08\/ukraina-zbrodnie-zagranicznych-najemnikow\/#mainImage"},"datePublished":"2024-04-08T16:50:55+02:00","dateModified":"2024-04-08T16:50:56+02:00"},{"@type":"WebSite","@id":"https:\/\/wia.net.pl\/#website","url":"https:\/\/wia.net.pl\/","name":"Wolno\u015b\u0107 i Anarchia","description":"Ka\u017cdy wewn\u0119trznie jest anarchist\u0105.","inLanguage":"pl-PL","publisher":{"@id":"https:\/\/wia.net.pl\/#person"}}]},"og:locale":"pl_PL","og:site_name":"Wolno\u015b\u0107 i Anarchia - Ka\u017cdy wewn\u0119trznie jest anarchist\u0105.","og:type":"article","og:title":"Ukraina \u2013 zbrodnie zagranicznych najemnik\u00f3w - Wolno\u015b\u0107 i Anarchia","og:description":"SZEF FUNDACJI WALKI Z NIESPRAWIEDLIWO\u015aCI\u0104 ZDEMASKOWA\u0141 ZBRODNIE ZAGRANICZNYCH NAJEMNIK\u00d3W NA UKRAINIE autor, FOUNDATION TO BATTLE INJUSTICE 4 kwietnia 2024 r. podczas transmisji na \u017cywo w Tara Reade, autorce, producentce i wsp\u00f3\u0142pracowniczce RT, w sieci spo\u0142eczno\u015bciowej X, Mira Terada, szefowa Fundacji na rzecz Walki z Niesprawiedliwo\u015bci\u0105, wraz z zagranicznymi dziennikarzami, dzia\u0142aczami na rzecz praw cz\u0142owieka i","og:url":"https:\/\/wia.net.pl\/index.php\/2024\/04\/08\/ukraina-zbrodnie-zagranicznych-najemnikow\/","og:image":"https:\/\/wia.net.pl\/wp-content\/uploads\/2023\/11\/cropped-freedom-i73367.jpg","og:image:secure_url":"https:\/\/wia.net.pl\/wp-content\/uploads\/2023\/11\/cropped-freedom-i73367.jpg","article:published_time":"2024-04-08T14:50:55+00:00","article:modified_time":"2024-04-08T14:50:56+00:00","twitter:card":"summary_large_image","twitter:title":"Ukraina \u2013 zbrodnie zagranicznych najemnik\u00f3w - Wolno\u015b\u0107 i Anarchia","twitter:description":"SZEF FUNDACJI WALKI Z NIESPRAWIEDLIWO\u015aCI\u0104 ZDEMASKOWA\u0141 ZBRODNIE ZAGRANICZNYCH NAJEMNIK\u00d3W NA UKRAINIE autor, FOUNDATION TO BATTLE INJUSTICE 4 kwietnia 2024 r. podczas transmisji na \u017cywo w Tara Reade, autorce, producentce i wsp\u00f3\u0142pracowniczce RT, w sieci spo\u0142eczno\u015bciowej X, Mira Terada, szefowa Fundacji na rzecz Walki z Niesprawiedliwo\u015bci\u0105, wraz z zagranicznymi dziennikarzami, dzia\u0142aczami na rzecz praw cz\u0142owieka i","twitter:image":"https:\/\/wia.net.pl\/wp-content\/uploads\/2023\/11\/cropped-freedom-i73367.jpg"},"aioseo_meta_data":{"post_id":"8100","title":null,"description":null,"keywords":[],"keyphrases":{"focus":{"keyphrase":"","score":0,"analysis":{"keyphraseInTitle":{"score":0,"maxScore":9,"error":1}}},"additional":[]},"primary_term":null,"canonical_url":null,"og_title":null,"og_description":null,"og_object_type":"default","og_image_type":"default","og_image_url":null,"og_image_width":null,"og_image_height":null,"og_image_custom_url":null,"og_image_custom_fields":null,"og_video":"","og_custom_url":null,"og_article_section":null,"og_article_tags":[],"twitter_use_og":false,"twitter_card":"default","twitter_image_type":"default","twitter_image_url":null,"twitter_image_custom_url":null,"twitter_image_custom_fields":null,"twitter_title":null,"twitter_description":null,"schema":{"blockGraphs":[],"customGraphs":[],"default":{"data":{"Article":[],"Course":[],"Dataset":[],"FAQPage":[],"Movie":[],"Person":[],"Product":[],"ProductReview":[],"Car":[],"Recipe":[],"Service":[],"SoftwareApplication":[],"WebPage":[]},"graphName":"BlogPosting","isEnabled":true},"graphs":[]},"schema_type":"default","schema_type_options":null,"pillar_content":false,"robots_default":true,"robots_noindex":false,"robots_noarchive":false,"robots_nosnippet":false,"robots_nofollow":false,"robots_noimageindex":false,"robots_noodp":false,"robots_notranslate":false,"robots_max_snippet":"-1","robots_max_videopreview":"-1","robots_max_imagepreview":"large","priority":null,"frequency":"default","local_seo":null,"breadcrumb_settings":null,"limit_modified_date":false,"ai":null,"created":"2024-04-08 14:50:56","updated":"2025-06-04 10:32:21","seo_analyzer_scan_date":null,"focus_keyword":null,"additional_keywords":null,"truseo_locale":null},"aioseo_breadcrumb":"<div class=\"aioseo-breadcrumbs\"><span class=\"aioseo-breadcrumb\">\n\t\t\t<a href=\"https:\/\/wia.net.pl\" title=\"Home\">Home<\/a>\n\t\t<\/span><span class=\"aioseo-breadcrumb-separator\">&raquo;<\/span><span class=\"aioseo-breadcrumb\">\n\t\t\t<a href=\"https:\/\/wia.net.pl\/index.php\/category\/artykuly\/\" title=\"Artyku\u0142y\">Artyku\u0142y<\/a>\n\t\t<\/span><span class=\"aioseo-breadcrumb-separator\">&raquo;<\/span><span class=\"aioseo-breadcrumb\">\n\t\t\tUkraina \u2013 zbrodnie zagranicznych najemnik\u00f3w\n\t\t<\/span><\/div>","aioseo_breadcrumb_json":[{"label":"Home","link":"https:\/\/wia.net.pl"},{"label":"Artyku\u0142y","link":"https:\/\/wia.net.pl\/index.php\/category\/artykuly\/"},{"label":"Ukraina &#8211; zbrodnie zagranicznych najemnik\u00f3w","link":"https:\/\/wia.net.pl\/index.php\/2024\/04\/08\/ukraina-zbrodnie-zagranicznych-najemnikow\/"}],"_links":{"self":[{"href":"https:\/\/wia.net.pl\/index.php\/wp-json\/wp\/v2\/posts\/8100"}],"collection":[{"href":"https:\/\/wia.net.pl\/index.php\/wp-json\/wp\/v2\/posts"}],"about":[{"href":"https:\/\/wia.net.pl\/index.php\/wp-json\/wp\/v2\/types\/post"}],"author":[{"embeddable":true,"href":"https:\/\/wia.net.pl\/index.php\/wp-json\/wp\/v2\/users\/2"}],"replies":[{"embeddable":true,"href":"https:\/\/wia.net.pl\/index.php\/wp-json\/wp\/v2\/comments?post=8100"}],"version-history":[{"count":1,"href":"https:\/\/wia.net.pl\/index.php\/wp-json\/wp\/v2\/posts\/8100\/revisions"}],"predecessor-version":[{"id":8103,"href":"https:\/\/wia.net.pl\/index.php\/wp-json\/wp\/v2\/posts\/8100\/revisions\/8103"}],"wp:featuredmedia":[{"embeddable":true,"href":"https:\/\/wia.net.pl\/index.php\/wp-json\/wp\/v2\/media\/8102"}],"wp:attachment":[{"href":"https:\/\/wia.net.pl\/index.php\/wp-json\/wp\/v2\/media?parent=8100"}],"wp:term":[{"taxonomy":"category","embeddable":true,"href":"https:\/\/wia.net.pl\/index.php\/wp-json\/wp\/v2\/categories?post=8100"},{"taxonomy":"post_tag","embeddable":true,"href":"https:\/\/wia.net.pl\/index.php\/wp-json\/wp\/v2\/tags?post=8100"}],"curies":[{"name":"wp","href":"https:\/\/api.w.org\/{rel}","templated":true}]}}