{"id":8116,"date":"2024-04-10T01:27:06","date_gmt":"2024-04-09T23:27:06","guid":{"rendered":"https:\/\/wia.net.pl\/?p=8116"},"modified":"2024-04-10T01:28:13","modified_gmt":"2024-04-09T23:28:13","slug":"iii-rzesza-stowarzyszenie-vril-tybet","status":"publish","type":"post","link":"https:\/\/wia.net.pl\/index.php\/2024\/04\/10\/iii-rzesza-stowarzyszenie-vril-tybet\/","title":{"rendered":"III Rzesza &#8211; Stowarzyszenie Vril &#8211; Tybet"},"content":{"rendered":"<div class=\"wp-block-image\">\n<figure class=\"aligncenter size-full\"><img loading=\"lazy\" decoding=\"async\" width=\"185\" height=\"200\" src=\"https:\/\/wia.net.pl\/wp-content\/uploads\/2024\/04\/image-2.png\" alt=\"\" class=\"wp-image-8117\"\/><\/figure><\/div>\n\n<div class=\"wp-block-image\">\n<figure class=\"aligncenter size-full\"><img loading=\"lazy\" decoding=\"async\" width=\"640\" height=\"89\" src=\"https:\/\/wia.net.pl\/wp-content\/uploads\/2024\/04\/image-3.png\" alt=\"\" class=\"wp-image-8118\" srcset=\"https:\/\/wia.net.pl\/wp-content\/uploads\/2024\/04\/image-3.png 640w, https:\/\/wia.net.pl\/wp-content\/uploads\/2024\/04\/image-3-300x42.png 300w\" sizes=\"(max-width: 640px) 100vw, 640px\" \/><\/figure><\/div>\n\n\n<p>Towarzystwo Vril \u2013&nbsp;&nbsp;Pierwsza wzmianka o istnieniu Towarzystwa Vril zosta\u0142a odkryta w scenie, kt\u00f3ra nie by\u0142aby nie na miejscu w jednym z okultystycznych thriller\u00f3w Dennisa Wheatleya.<\/p>\n\n\n\n<p>Wed\u0142ug doniesie\u0144&nbsp;\u201e&nbsp;<em>25 kwietnia 1945 roku&nbsp;<\/em><em>\u201d grupa zm\u0119czonych walk\u0105 \u017co\u0142nierzy rosyjskich ostro\u017cnie przemierza\u0142a zniszczone pozosta\u0142o\u015bci Berlina, niszcz\u0105c odizolowane grupy niemieckiego ruchu oporu, kt\u00f3re pozosta\u0142y w sercu III Rzeszy.<\/em><\/p>\n\n\n\n<p><em>\u017bo\u0142nierze ostro\u017cnie przemieszczali si\u0119 od jednego zniszczonego budynku do drugiego, w stanie ci\u0105g\u0142ej gotowo\u015bci na wypadek gro\u017aby zasadzki. W pokoju na parterze jednego ze spalonych budynk\u00f3w \u017co\u0142nierze dokonali zaskakuj\u0105cego odkrycia.<\/em><\/p>\n\n\n<div class=\"wp-block-image\">\n<figure class=\"alignright size-full\"><img loading=\"lazy\" decoding=\"async\" width=\"158\" height=\"200\" src=\"https:\/\/wia.net.pl\/wp-content\/uploads\/2024\/04\/image-4.png\" alt=\"\" class=\"wp-image-8119\"\/><figcaption class=\"wp-element-caption\"><em>Swastyka tybeta\u0144ska<\/em><\/figcaption><\/figure><\/div>\n\n\n<p><em>Na pod\u0142odze le\u017ca\u0142y w kr\u0119gu cia\u0142a sze\u015bciu m\u0119\u017cczyzn, z si\u00f3dmym cia\u0142em po\u015brodku.<\/em><\/p>\n\n\n\n<p><em>Wszyscy byli ubrani w niemieckie mundury wojskowe, a zmar\u0142y m\u0119\u017cczyzna w \u015brodku grupy mia\u0142 na sobie par\u0119 jasnozielonych r\u0119kawiczek. Za\u0142o\u017cenie Rosjan, \u017ce cia\u0142a nale\u017ca\u0142y do \u200b\u200b\u017co\u0142nierzy, szybko zosta\u0142o rozwiane, gdy zdali sobie spraw\u0119, \u017ce wszyscy zabici to mieszka\u0144cy Wschodu.<\/em><br><em>Jeden z Rosjan, pochodz\u0105cy z Mongolii, zidentyfikowa\u0142 m\u0119\u017cczyzn jako Tybeta\u0144czyk\u00f3w.<\/em><\/p>\n\n\n\n<p><em>Dla rosyjskich \u017co\u0142nierzy by\u0142o r\u00f3wnie\u017c oczywiste, \u017ce m\u0119\u017cczy\u017ani nie zgin\u0119li w bitwie, ale wygl\u0105da\u0142o na to, \u017ce pope\u0142nili samob\u00f3jstwo.<\/em>&nbsp;W ci\u0105gu nast\u0119pnego tygodnia w Berlinie odkryto kolejnych setek Tybeta\u0144czyk\u00f3w: niekt\u00f3rzy z nich najwyra\u017aniej zgin\u0119li w bitwie, a inni pope\u0142nili samob\u00f3jstwo rytualne, takie jak te, kt\u00f3re odkry\u0142a jednostka rosyjska&nbsp;.<\/p>\n\n\n\n<p>Co Tybeta\u0144czycy robili w nazistowskich Niemczech pod koniec drugiej wojny \u015bwiatowej?&nbsp;<\/p>\n\n\n\n<p class=\"has-medium-font-size\"><strong>VRIL<\/strong><\/p>\n\n\n\n<p>M\u00f3wi si\u0119, \u017ce Si\u0142a&nbsp;&nbsp;<a href=\"http:\/\/thirdreichocculthistory.blogspot.com\/2011\/07\/karl-haushofer.html\">Vril<\/a>&nbsp;&nbsp;lub Energia Vril pochodzi od \u201eCzarnego S\u0142o\u0144ca\u201d \u2013 przedstawianego jako swastyka z\u0142o\u017cona z run Sig \u2013 kt\u00f3re rzekomo istnieje w centrum Ziemi, daj\u0105c \u015bwiat\u0142o Vril-ya i emituj\u0105c promieniowanie w formie Vril.<\/p>\n\n\n\n<blockquote class=\"wp-block-quote is-layout-flow wp-block-quote-is-layout-flow\">\n<p>Termin \u201eSchwarze Sonne\u201d (Czarne S\u0142o\u0144ce), nazywany tak\u017ce \u201eSonnenradem\u201d (\u201eKo\u0142o S\u0142o\u0144ca\u201d), jest symbolem o znaczeniu ezoterycznym i okultystycznym.&nbsp;Jego projekt opiera si\u0119 na mozaice ko\u0142a s\u0142onecznego wkomponowanej w pod\u0142og\u0119 zamku Wewelsburg w czasach nazistowskich.&nbsp;&nbsp;U\u017cywa si\u0119 go tak\u017ce w okultystycznych nurtach germa\u0144skiego neopoga\u0144stwa oraz w ezoteryce inspirowanej Irminenschaft czy Armanenschaft. M\u00f3wi si\u0119, \u017ce Si\u0142a Vril, czyli Energia Vril, pochodzi od \u201eCzarnego S\u0142o\u0144ca\u201d, du\u017cej kuli \u201ePrima Materia\u201d, kt\u00f3ra rzekomo istnieje w centrum Ziemi, daj\u0105c \u015bwiat\u0142o Vril-ya i emituj\u0105c promieniowanie w forma Vril. Towarzystwo Vril wierzy\u0142o, \u017ce Aryjczycy byli biologicznymi przodkami Czarnego S\u0142o\u0144ca. Si\u0142a ta by\u0142a znana staro\u017cytnym pod wieloma nazwami i nazywano j\u0105 \u201eChi\u201d, \u201eOjas\u201d, \u201eVril\u201d, \u201e\u015awiat\u0142o Astralne\u201d, \u201eSi\u0142y Odyckie\u201d i \u201eOrgon\u201d.<\/p>\n<\/blockquote>\n\n\n\n<p>W dyskusji na temat 28 stopnia staro\u017cytnego i uznanego szkockiego rytu masonerii \u2013 zwanego Rycerzem S\u0142o\u0144ca lub Ksi\u0119ciem Adeptem \u2013 Albert Pike powiedzia\u0142:<\/p>\n\n\n\n<blockquote class=\"wp-block-quote is-layout-flow wp-block-quote-is-layout-flow\">\n<p>\u201e&nbsp;<em>Istnieje w przyrodzie jedna najpot\u0119\u017cniejsza si\u0142a, za pomoc\u0105 kt\u00f3rej jeden cz\u0142owiek, kt\u00f3ry m\u00f3g\u0142by j\u0105 posi\u0105\u015b\u0107 i powinien wiedzie\u0107, jak ni\u0105 kierowa\u0107, m\u00f3g\u0142by zrewolucjonizowa\u0107 i zmieni\u0107 oblicze \u015bwiata<\/em>&nbsp;\u201d .<\/p>\n<\/blockquote>\n\n\n\n<p>To jest si\u0142a, kt\u00f3r\u0105 wewn\u0119trzny okultystyczny kr\u0105g Thule tak desperacko pr\u00f3bowa\u0142 wyzwoli\u0107 na \u015bwiat, do czego \u201eTowarzystwo Vril\u201d najwyra\u017aniej przygotowa\u0142o Adolfa Hitlera.<\/p>\n\n\n\n<p>Vril to substancja opisana po raz pierwszy w powie\u015bci Edwarda Bulwera-Lyttona z 1871 r. \u201eThe Coming Race\u201d, kt\u00f3ra zosta\u0142a p\u00f3\u017aniej przedrukowana jako \u201eVril: The Power of the Coming Race\u201d.<\/p>\n\n\n<div class=\"wp-block-image\">\n<figure class=\"alignright size-full\"><img loading=\"lazy\" decoding=\"async\" width=\"156\" height=\"200\" src=\"https:\/\/wia.net.pl\/wp-content\/uploads\/2024\/04\/image-5.png\" alt=\"\" class=\"wp-image-8120\"\/><\/figure><\/div>\n\n\n<p>Powie\u015b\u0107 jest wczesnym przyk\u0142adem science fiction.<\/p>\n\n\n\n<p>Jednak\u017ce wielu wczesnych czytelnik\u00f3w wierzy\u0142o, \u017ce zawarte w niej opis wy\u017cszej podziemnej rasy pan\u00f3w i formy energii zwanej \u201eVril\u201d jest dok\u0142adne do tego stopnia, \u017ce \u200b\u200bniekt\u00f3rzy teozofowie przyj\u0119li t\u0119 ksi\u0105\u017ck\u0119 jako prawd\u0119.<\/p>\n\n\n\n<p>Wy\u015bcig Vril zosta\u0142 pierwotnie opublikowany anonimowo pod koniec 1871 roku, ale wiadomo, \u017ce jego autorem by\u0142 Bulwer-Lytton.<\/p>\n\n\n\n<p>\u201eErewhon\u201d Samuela Butlera (\u201eNigdzie\u201d \u2013 odwrotnie) r\u00f3wnie\u017c zosta\u0142 opublikowany anonimowo w marcu 1872 roku i Butler podejrzewa\u0142, \u017ce jego pocz\u0105tkowy sukces wynika\u0142 z tego, \u017ce przez wielu przyj\u0119to go jako kontynuacj\u0119 \u201e&nbsp;&nbsp;&nbsp;Nadchodz\u0105cego wy\u015bcigu\u201d&nbsp;<a href=\"http:\/\/thirdreichocculthistory.blogspot.com\/2011\/06\/introduction.html\">Bulwera-Lyttona<\/a>&nbsp;&#8217;.<\/p>\n\n\n\n<p>Zastosowania \u201eVril\u201d w powie\u015bci w\u015br\u00f3d Vril-ya r\u00f3\u017cni\u0105 si\u0119 od \u015brodka niszcz\u0105cego po substancj\u0119 lecznicz\u0105.<\/p>\n\n\n\n<p>Wed\u0142ug Zee, c\u00f3rki gospodarza narratora, Vril mo\u017cna zmieni\u0107 w najpot\u0119\u017cniejsz\u0105 w\u0142adz\u0119 nad wszystkimi rodzajami materii, zar\u00f3wno o\u017cywion\u0105, jak i nieo\u017cywion\u0105.<\/p>\n\n\n\n<p>Mo\u017ce niszczy\u0107 jak b\u0142yskawica lub odnawia\u0107 \u017cycie, leczy\u0107 lub leczy\u0107.<\/p>\n\n\n\n<p>S\u0142u\u017cy do przedzierania si\u0119 przez materi\u0119 sta\u0142\u0105.<\/p>\n\n\n\n<p>M\u00f3wi si\u0119, \u017ce jego \u015bwiat\u0142o jest stabilniejsze, bardziej mi\u0119kkie i zdrowsze ni\u017c \u015bwiat\u0142o jakiegokolwiek \u0142atwopalnego materia\u0142u.<\/p>\n\n\n\n<p>Mo\u017cna go r\u00f3wnie\u017c wykorzysta\u0107 jako&nbsp;<em>\u017ar\u00f3d\u0142o zasilania<\/em>&nbsp;do&nbsp;<em>animacji mechanizm\u00f3w<\/em>&nbsp;.<br>\u201eVril\u201d mo\u017cna ujarzmi\u0107 za pomoc\u0105 \u201elaski Vril\u201d lub poprzez&nbsp;<em>koncentracj\u0119 umys\u0142ow\u0105<\/em>&nbsp;.<\/p>\n\n\n\n<p>\u201eLaska Vril\u201d to przedmiot w kszta\u0142cie r\u00f3\u017cd\u017cki lub laski, kt\u00f3ry s\u0142u\u017cy jako kana\u0142 dla \u201eVril\u201d.<\/p>\n\n\n\n<p>M\u00f3wi si\u0119 r\u00f3wnie\u017c, \u017ce gdyby armia spotka\u0142a si\u0119 z inn\u0105 armi\u0105 i obie strony mia\u0142yby dow\u00f3dztwo nad \u201esi\u0142\u0105 Vril\u201d, obie strony zosta\u0142yby unicestwione.<\/p>\n\n\n<div class=\"wp-block-image\">\n<figure class=\"alignleft size-full\"><img loading=\"lazy\" decoding=\"async\" width=\"200\" height=\"176\" src=\"https:\/\/wia.net.pl\/wp-content\/uploads\/2024\/04\/image-6.png\" alt=\"\" class=\"wp-image-8121\"\/><\/figure><\/div>\n\n<div class=\"wp-block-image\">\n<figure class=\"alignright size-full\"><img loading=\"lazy\" decoding=\"async\" width=\"163\" height=\"200\" src=\"https:\/\/wia.net.pl\/wp-content\/uploads\/2024\/04\/image-7.png\" alt=\"\" class=\"wp-image-8122\"\/><figcaption class=\"wp-element-caption\"><strong>\u00a9 Prawa autorskie Petera Crawforda 2013<\/strong><\/figcaption><\/figure><\/div>\n\n\n<p><em><br>Bior\u0105c pod uwag\u0119 okultystyczne<\/em>&nbsp;pochodzenie Bulwera-Lyttona&nbsp;, wielu komentator\u00f3w by\u0142o przekonanych, \u017ce rzekomo fabularyzowany \u201eVril\u201d opiera\u0142 si\u0119 na prawdziwej magicznej sile.<\/p>\n\n\n\n<p><a href=\"http:\/\/thirdreichocculthistory.blogspot.com\/2011\/06\/introduction.html\">Helena B\u0142awatska<\/a>&nbsp;<strong>&nbsp;*&nbsp;*&nbsp;*&nbsp;<\/strong>(patrz poni\u017cej i po lewej)&nbsp;,&nbsp;&nbsp;za\u0142o\u017cycielka \u201eTeozofii\u201d, popar\u0142a ten pogl\u0105d w swojej ksi\u0105\u017cce \u201eIzyda ods\u0142oni\u0119ta\u201d (1877) i ponownie w \u201e&nbsp;<a href=\"http:\/\/thirdreichocculthistory.blogspot.co.uk\/2015\/11\/die-geheimlehre.html\" target=\"_blank\" rel=\"noreferrer noopener\">Die Geheimlehre<\/a>&nbsp;\u201d (&nbsp;<a href=\"http:\/\/thirdreichocculthistory.blogspot.co.uk\/2015\/11\/die-geheimlehre.html\" target=\"_blank\" rel=\"noreferrer noopener\">Tajemna doktryna<\/a>&nbsp;\u2013 1888).<a href=\"http:\/\/thirdreichocculthistory.blogspot.co.uk\/2015\/11\/die-geheimlehre.html\" target=\"_blank\" rel=\"noreferrer noopener\"><\/a><a href=\"http:\/\/thirdreichocculthistory.blogspot.co.uk\/2015\/11\/die-geheimlehre.html\" target=\"_blank\" rel=\"noreferrer noopener\"><\/a><\/p>\n\n\n\n<p>U B\u0142awatskiej \u201emoc Vril\u201d i jej osi\u0105gni\u0119cie przez nadludzk\u0105 elit\u0119 przekszta\u0142caj\u0105 si\u0119 w mistyczn\u0105 doktryn\u0119 \u201e&nbsp;<em>rasy<\/em>&nbsp;\u201d.<\/p>\n\n\n\n<p>Rasowe idee Madame B\u0142awatskiej, dotycz\u0105ce \u201e&nbsp;<em><a href=\"http:\/\/thirdreichocculthistory.blogspot.co.uk\/2015\/11\/die-geheimlehre.html\" target=\"_blank\" rel=\"noreferrer noopener\">ras podstawowych<\/a>&nbsp;\u201d<\/em>&nbsp;i pojawienia si\u0119&nbsp;<em>rozwini\u0119tego duchowo<\/em>&nbsp;typu istoty ludzkiej (cz\u0142owieka aryjskiego) w epoce Wodnika, zosta\u0142y entuzjastycznie zaakceptowane przez dziewi\u0119tnastowiecznych niemieckich nacjonalist\u00f3w, kt\u00f3rzy mieszali teozoficzny okultyzm z antypati\u0105. -Semityzm i doktryna o supremacji rasowej lud\u00f3w aryjskich lub indoeuropejskich.<\/p>\n\n\n<div class=\"wp-block-image\">\n<figure class=\"alignright size-full\"><img loading=\"lazy\" decoding=\"async\" width=\"137\" height=\"200\" src=\"https:\/\/wia.net.pl\/wp-content\/uploads\/2024\/04\/image-8.png\" alt=\"\" class=\"wp-image-8123\"\/><\/figure><\/div>\n\n\n<p>W artykule Willy&#8217;ego Leya \u201e<em>Pseudonauka w Nazilandzie<\/em>&nbsp;\u201d w czasopi\u015bmie science fiction \u201e<em>Astounding Science Fiction<\/em>&nbsp;\u201d pr\u00f3bowa\u0142 wyja\u015bni\u0107 swoim czytelnikom, w jaki spos\u00f3b narodowy socjalizm m\u00f3g\u0142 spa\u015b\u0107 na tak podatny grunt w Niemczech.<\/p>\n\n\n\n<p>T\u0142umaczy\u0142 to du\u017c\u0105 popularno\u015bci\u0105 irracjonalnych przekona\u0144 w \u00f3wczesnych Niemczech.Spo\u015br\u00f3d innych grup pseudonaukowych wymienia jedn\u0105 bardzo osobliw\u0105:<\/p>\n\n\n\n<blockquote class=\"wp-block-quote is-layout-flow wp-block-quote-is-layout-flow\">\n<p>\u201e<em>Nast\u0119pna grupa zosta\u0142a dos\u0142ownie za\u0142o\u017cona na powie\u015bci. Ta grupa, kt\u00f3ra, jak s\u0105dz\u0119, nazywa\u0142a si\u0119 Wahrheitsgesellschaft \u2013 Towarzystwo Prawdy \u2013 i kt\u00f3ra by\u0142a mniej wi\u0119cej zlokalizowana w Berlinie, sp\u0119dza\u0142a sw\u00f3j wolny czas na poszukiwaniu Vril\u201d.<\/em><\/p>\n<\/blockquote>\n\n\n\n<p>Artyku\u0142 Leya opisuje \u201e&nbsp;<\/p>\n\n\n\n<p><em>generator perpetuum mobile\u201d<\/em>&nbsp;oparty na Vril i stanowi g\u0142\u00f3wn\u0105 podstaw\u0119 p\u00f3\u017aniejszych spekulacji.\u201e&nbsp;<\/p>\n\n\n\n<p><em>Towarzystwo Prawdy<\/em>&nbsp;\u201d, kt\u00f3re opisuje Ley, prowadzi\u0142o \u201ebadania\u201d nad istnieniem Vril.Spekulacje na temat \u201ecudownej broni\u201d Trzeciej Rzeszy mog\u0105 potwierdza\u0107 powi\u0105zania z badaniami nad istnieniem i mo\u017cliwo\u015bciami zastosowania Vril, na przyk\u0142ad w rzekomo \u015bci\u015ble tajnym i wysoce wra\u017cliwym naukowo-technologicznym urz\u0105dzeniu \u201e&nbsp;<em>Die Glocke<\/em>&nbsp;\u201d.<\/p>\n\n\n<div class=\"wp-block-image\">\n<figure class=\"alignleft size-full\"><img loading=\"lazy\" decoding=\"async\" width=\"200\" height=\"194\" src=\"https:\/\/wia.net.pl\/wp-content\/uploads\/2024\/04\/image-9.png\" alt=\"\" class=\"wp-image-8124\"\/><\/figure><\/div>\n\n\n<blockquote class=\"wp-block-quote is-layout-flow wp-block-quote-is-layout-flow\">\n<p>Die Glocke (po niemiecku \u201eDzwon\u201d) to rzekomo \u015bci\u015ble tajne nazistowskie urz\u0105dzenie technologiczne, tajna bro\u0144 zwana Wunderwaffe.&nbsp;<\/p>\n\n\n\n<p>Jest to kojarzone z nazistowskim okultyzmem i badaniami nad antygrawitacj\u0105, czyli darmow\u0105 energi\u0105.<\/p>\n\n\n\n<p>Rzekomo eksperyment przeprowadzony przez naukowc\u00f3w z Trzeciej Rzeszy, pracuj\u0105cych dla SS w niemieckim obiekcie Der Riese w pobli\u017cu kopalni Wac\u0142aw. Die Glocke opisano jako urz\u0105dzenie \u201ewykonane z twardego, ci\u0119\u017ckiego metalu\u201d, o szeroko\u015bci oko\u0142o 9 st\u00f3p i wysoko\u015bci od 12 do 15 st\u00f3p, maj\u0105ce kszta\u0142t podobny do du\u017cego dzwonu. Urz\u0105dzenie to rzekomo zawiera\u0142o dwa przeciwbie\u017cne cylindry, kt\u00f3re mia\u0142y by\u0107 \u201ewype\u0142nione substancj\u0105 podobn\u0105 do rt\u0119ci \u2013 \u201eElementem 115\u201d. Dodatkowe substancje, o kt\u00f3rych m\u00f3wi si\u0119, \u017ce s\u0105 stosowane w eksperymentach, okre\u015blane jako Leichtmetall (metal lekki), \u201eobejmuj\u0105 nadtlenki toru i berylu\u201d. Die Glocke po aktywacji emitowa\u0142 silne promieniowanie.&nbsp;<\/p>\n<\/blockquote>\n\n\n\n<p>Dok\u0142adniej,&nbsp;<a href=\"http:\/\/thirdreichocculthistory.blogspot.com\/2011\/07\/karl-haushofer.html\">&nbsp;\u015awietlista Lo\u017ca lub Towarzystwo Vril<\/a>&nbsp;&nbsp;by\u0142o tajn\u0105 wsp\u00f3lnot\u0105&nbsp;<em>okultyst\u00f3w<\/em>&nbsp;w Berlinie przed Trzeci\u0105 Rzesz\u0105.<\/p>\n\n\n\n<p>\u201eBerlin Vril Society\u201d by\u0142o w istocie swego rodzaju wewn\u0119trznym kr\u0119giem Towarzystwa&nbsp;<em><a href=\"http:\/\/thirdreichocculthistory.blogspot.co.uk\/2011\/07\/thule-gesellschaft.html\" target=\"_blank\" rel=\"noreferrer noopener\">Thule<\/a><\/em>&nbsp;.<\/p>\n\n\n\n<p>Podczas gdy powi\u0105zane \u201e&nbsp;<em>Towarzystwo Thule<\/em>&nbsp;\u201d ostatecznie skupi\u0142o si\u0119 g\u0142\u00f3wnie na programach materialistycznych i politycznych, Towarzystwo Vril skupi\u0142o swoj\u0105 uwag\u0119 na \u201eDrugiej Stronie\u201d i \u201etechnologii eterycznej\u201d.<\/p>\n\n\n\n<p>Jednym z wa\u017cnych cz\u0142onk\u00f3w by\u0142&nbsp;&nbsp;<a href=\"http:\/\/thirdreichocculthistory.blogspot.com\/2011\/07\/karl-haushofer.html\">Karl Haushofer<\/a>&nbsp;, a cz\u0142onkami byli Alfred Rosenberg, Dr Theodor Morrel, p\u00f3\u017aniejszy lekarz F\u00fchrera, Heinrich Himmler, Hermann Goering i&nbsp;&nbsp;<a href=\"http:\/\/thirdreichocculthistory.blogspot.com\/2011\/07\/case-of-adolf-hitler-hitlers-early-life.html\">Hitler<\/a> samego siebie.<\/p>\n\n\n\n<p>Uwa\u017cano r\u00f3wnie\u017c, \u017ce pozostaje w bliskim kontakcie z angielsk\u0105 grup\u0105 znan\u0105 jako Hermetyczny Zakon Z\u0142otego Brzasku.<\/p>\n\n\n<div class=\"wp-block-image\">\n<figure class=\"alignleft size-full\"><img loading=\"lazy\" decoding=\"async\" width=\"185\" height=\"200\" src=\"https:\/\/wia.net.pl\/wp-content\/uploads\/2024\/04\/image-10.png\" alt=\"\" class=\"wp-image-8125\"\/><figcaption class=\"wp-element-caption\"><strong>\u00a9 Prawa autorskie Petera Crawforda 2013<\/strong><\/figcaption><\/figure><\/div>\n\n<div class=\"wp-block-image\">\n<figure class=\"alignright size-full\"><img loading=\"lazy\" decoding=\"async\" width=\"185\" height=\"200\" src=\"https:\/\/wia.net.pl\/wp-content\/uploads\/2024\/04\/image-11.png\" alt=\"\" class=\"wp-image-8126\"\/><figcaption class=\"wp-element-caption\"><strong>\u00a9 Prawa autorskie Petera Crawforda 2013<\/strong><\/figcaption><\/figure><\/div>\n\n\n<p>Towarzystwo&nbsp;&nbsp;<a href=\"http:\/\/thirdreichocculthistory.blogspot.com\/2011\/07\/karl-haushofer.html\">Vril<\/a>&nbsp;&nbsp;w Niemczech wierzy\u0142o, \u017ce rasa aryjska&nbsp;by\u0142a stworzeniem eonowym, powsta\u0142ym za po\u015brednictwem \u201eCzarnego S\u0142o\u0144ca\u201d \u2013 kt\u00f3re jest reprezentowane jako forma swastyki i kt\u00f3re powsta\u0142o w pobli\u017cu gromady gwiazd Pliady, z planety kr\u0105\u017c\u0105cej wok\u00f3\u0142 gwiazda&nbsp;<strong>&nbsp;\u0627\u0644\u062f\u0628\u0631\u0627\u0646&nbsp;<\/strong>&nbsp;Aldaberan (co t\u0142umaczy si\u0119 dos\u0142ownie jako \u201ewyznawca\u201d, prawdopodobnie dlatego, \u017ce ta jasna gwiazda wydaje si\u0119 pod\u0105\u017ca\u0107 za Plejadami, czyli gromad\u0105 gwiazd \u201eSiedmiu Si\u00f3str\u201d na nocnym niebie).<\/p>\n\n\n\n<p>Konsekwencj\u0105 tej wiary by\u0142o to, \u017ce Aryjczycy byli pierwotnie kosmitami&nbsp;<em>boskiego pochodzenia \u2013 \u201eurodzonymi w niebie\u201d<\/em>&nbsp;.<\/p>\n\n\n\n<p>I ta informacja pochodzi od m\u0142odej dziewczyny o imieniu Maria Orsitsch (patrz po prawej), we wsp\u00f3\u0142pracy z okultystycznym baronem Rudolfem von Sebottendorfem, uczniem Gurdjeffa Karlem Haushoferem, in\u017cynierem i asem pilotem Lotharem Waizem, pra\u0142atem Gernotem z tajnego \u201e&nbsp;<em>Societas Templi Marcioni<\/em>&nbsp;\u201d (Spadkobiercy templariuszy).<\/p>\n\n\n\n<p class=\"has-medium-font-size\"><strong>Maria Orsitsch<\/strong><\/p>\n\n\n<div class=\"wp-block-image\">\n<figure class=\"alignright size-full\"><img loading=\"lazy\" decoding=\"async\" width=\"152\" height=\"200\" src=\"https:\/\/wia.net.pl\/wp-content\/uploads\/2024\/04\/image-12.png\" alt=\"\" class=\"wp-image-8127\"\/><\/figure><\/div>\n\n\n<p>Maria Orsitsch urodzi\u0142a si\u0119 w Wiedniu.<\/p>\n\n\n\n<p>Jej ojciec by\u0142 Chorwatem, a matka Niemk\u0105 pochodz\u0105c\u0105 z Wiednia.<\/p>\n\n\n\n<p>Maria Orsitsch by\u0142a szefow\u0105 \u201eAlldeutsche Gesellschaft f\u00fcr Metaphysik\u201d (Og\u00f3lnoniemieckiego Towarzystwa Metafizyki), za\u0142o\u017conego na pocz\u0105tku XX wieku jako \u017ce\u0144ski kr\u0105g medi\u00f3w zaanga\u017cowanych w&nbsp;<em>pozaziemski<\/em>&nbsp;kontakt telepatyczny.<\/p>\n\n\n\n<p>Towarzystwo zosta\u0142o p\u00f3\u017aniej przemianowane na \u201e&nbsp;<em>Gesellschaft der Frauen des Vril\u201d<\/em>&nbsp;.<\/p>\n\n\n\n<p>M\u00f3wi si\u0119, \u017ce w 1917 roku Maria Orsitsch nawi\u0105za\u0142a kontakt z&nbsp;<em>istotami pozaziemskimi&nbsp;<\/em>&nbsp;z Aldebaran za po\u015brednictwem swojego \u017ce\u0144skiego kr\u0119gu Vril.<br>Pod koniec wrze\u015bnia 1917 Sebottendorf spotka\u0142 si\u0119 z cz\u0142onkami \u201e&nbsp;<em>W\u0142adc\u00f3w Czarnego Kamienia<\/em>&nbsp;\u201d w&nbsp;<em>Untersberg,<\/em>&nbsp;aby otrzyma\u0107 moc \u201e&nbsp;<em>Czarnego Kamienia<\/em>&nbsp;\u201d, od kt\u00f3rego imienia nazwano tajne stowarzyszenie.<\/p>\n\n\n\n<p>W grudniu 1919 roku niewielki kr\u0105g os\u00f3b z \u201e&nbsp;<a href=\"http:\/\/thirdreichocculthistory.blogspot.co.uk\/2011\/07\/thule-gesellschaft.html\" target=\"_blank\" rel=\"noreferrer noopener\">Thule Gesellschaft\u201d<\/a>&nbsp;, Towarzystwa Vril i DHvSS \u2013&nbsp;<em>Die Herren vom Schwarzen Stein<\/em>&nbsp;&nbsp;(W\u0142adcy Czarnego Kamienia DHvSS \u2013 uwa\u017ca si\u0119, \u017ce jest to prawdziwe znaczenie u\u017cycia runy podw\u00f3jnego znaku SS), spotkali\u015bmy si\u0119 w specjalnie wynaj\u0119tej le\u015bnicz\u00f3wce niedaleko Berchtesgaden, niedaleko domu&nbsp;<a href=\"http:\/\/thirdreichocculthistory.blogspot.co.uk\/2011\/07\/dietrich-eckart-hitlers-mentor.html\" target=\"_blank\" rel=\"noreferrer noopener\">Dietricha Eckarta<\/a>&nbsp;&nbsp;\u2013 (i tu jest bezpo\u015brednie po\u0142\u0105czenie z Hitlerem) i niedaleko Untersbergu.<\/p>\n\n\n\n<blockquote class=\"wp-block-quote is-layout-flow wp-block-quote-is-layout-flow\">\n<p>Uwaga: \u015awi\u0119ty Graal (\u201eGhral\u201d to \u015bwi\u0119ty kamie\u0144, w j\u0119zyku persko-arabskim) by\u0142 uwa\u017cany za czarnofioletowy kryszta\u0142 lub kamie\u0144, w po\u0142owie kwarcowy, w po\u0142owie ametystowy, poprzez kt\u00f3ry&nbsp;<em>Si\u0142y Wy\u017csze<\/em>&nbsp;komunikowa\u0142y si\u0119 z ludzko\u015bci\u0105. Spekulowano, \u017ce taki kamie\u0144 by\u0142 zasadniczym \u017ar\u00f3d\u0142em mocy zawartej w&nbsp;<a href=\"http:\/\/thirdreichocculthistory.blogspot.co.uk\/2016\/12\/hitler-and-ark-of-covenant.html\" target=\"_blank\" rel=\"noreferrer noopener\">Arce Przymierza<\/a>&nbsp;\u2013 \u0142\u0105cz\u0105c w ten spos\u00f3b Graala z Ark\u0105.<\/p>\n<\/blockquote>\n\n\n\n<p>Towarzyszy\u0142o im medium Maria Orsic i inne medium znane tylko jako Sigrun.<\/p>\n\n\n\n<p>Maria otrzyma\u0142a mediumistycznie przekaz w tajnym pi\u015bmie templariuszy \u2013 nieznanym jej j\u0119zyku \u2013 z danymi technicznymi dotycz\u0105cymi budowy&nbsp;<em><a href=\"http:\/\/thirdreichocculthistory.blogspot.co.uk\/2011\/09\/raumflug-and-occult-third-reich.html\" target=\"_blank\" rel=\"noreferrer noopener\">maszyny lataj\u0105cej<\/a><\/em>&nbsp;.<\/p>\n\n\n\n<p>Wed\u0142ug dokument\u00f3w Vril te wiadomo\u015bci telepatyczne r\u00f3wnie\u017c pochodzi\u0142y z Uk\u0142adu S\u0142onecznego Aldebaran, oddalonego o sze\u015b\u0107dziesi\u0105t cztery lata \u015bwietlne, w gwiazdozbiorze Byka.<\/p>\n\n\n<div class=\"wp-block-image\">\n<figure class=\"alignright size-full\"><img loading=\"lazy\" decoding=\"async\" width=\"200\" height=\"164\" src=\"https:\/\/wia.net.pl\/wp-content\/uploads\/2024\/04\/image-13.png\" alt=\"\" class=\"wp-image-8128\"\/><\/figure><\/div>\n\n\n<p>Towarzystwo Vril nie tylko naucza\u0142o \u0107wicze\u0144 koncentracji maj\u0105cych na celu przebudzenie si\u0142 \u201eVril\u201d, ich g\u0142\u00f3wnym celem by\u0142o osi\u0105gni\u0119cie \u201e&nbsp;<em><a href=\"http:\/\/thirdreichocculthistory.blogspot.co.uk\/2011\/09\/raumflug-and-occult-third-reich.html\" target=\"_blank\" rel=\"noreferrer noopener\">Raumflug<\/a>&nbsp;\u201d<\/em>&nbsp;(lotu kosmicznego) w celu dotarcia do Aldebarana.<\/p>\n\n\n\n<p>Aby to osi\u0105gn\u0105\u0107, \u201eTowarzystwo Vril\u201d do\u0142\u0105czy\u0142o do \u201eThule Gesellschaft\u201d i \u201eDHvSS Die Herren des schwarzen Steins\u201d, aby sfinansowa\u0107 ambitny program obejmuj\u0105cy&nbsp;<em><a href=\"http:\/\/thirdreichocculthistory.blogspot.co.uk\/2011\/09\/raumflug-and-occult-third-reich.html\" target=\"_blank\" rel=\"noreferrer noopener\">mi\u0119dzywymiarow\u0105 maszyn\u0119 lataj\u0105c\u0105<\/a><\/em>&nbsp;, oparty na psychicznych objawieniach obcych z Aldebaran.<\/p>\n\n\n\n<p>\u201eVril\u201d by\u0142o nie tylko now\u0105 form\u0105&nbsp;<em>energii<\/em>&nbsp;, ale by\u0142a to tak\u017ce si\u0142a, kt\u00f3r\u0105 wewn\u0119trzny okultystyczny kr\u0105g Thule Gesellschaft tak desperacko pr\u00f3bowa\u0142 wyzwoli\u0107 na \u015bwiat, a kt\u00f3r\u0105 \u201eTowarzystwo Vril\u201d wsp\u00f3\u0142pracowa\u0142o z&nbsp;&nbsp;<a href=\"http:\/\/thirdreichocculthistory.blogspot.com\/2011\/07\/case-of-adolf-hitler-hitlers-early-life.html\">Adolfem Hitlerem<\/a>&nbsp;&nbsp;osi\u0105gn\u0105\u0107.<\/p>\n\n\n\n<p>Idea \u201e&nbsp;<em>mutacji<\/em>&nbsp;i&nbsp;<em>transformacji\u201d<\/em>&nbsp;w wy\u017csz\u0105 form\u0119 \u201e&nbsp;<a href=\"http:\/\/thirdreichocculthistory.blogspot.co.uk\/2013\/04\/the-genisis-of-ubermensch.html\" target=\"_blank\" rel=\"noreferrer noopener\">boga-cz\u0142owieka<\/a>&nbsp;\u201d zosta\u0142a przedstawiona poprzez \u201eVril\u201d w \u201eNadchodz\u0105cej rasie\u201d Bullera-Lyttona.<\/p>\n\n\n\n<p>Lytton sam by\u0142 wtajemniczonym w \u201eR\u00f3\u017cokrzy\u017cowc\u00f3w\u201d i by\u0142 dobrze zaznajomiony z tajemno-ezoterycznymi filozofiami (i oczywi\u015bcie z najwi\u0119kszym post\u0119pem nauk&nbsp;<em>swoich<\/em>&nbsp;czas\u00f3w).<\/p>\n\n\n\n<p>Poprzez swoj\u0105 literatur\u0119 romantyczn\u0105 da\u0142 wyraz przekonaniu, \u017ce istniej\u0105 istoty obdarzone&nbsp;<em>nadludzkimi mocami<\/em>.<\/p>\n\n\n\n<p>Istoty te&nbsp;<em>zast\u0105pi\u0105 nas<\/em>&nbsp;i spowoduj\u0105&nbsp;<em><a href=\"http:\/\/thirdreichocculthistory.blogspot.co.uk\/2013\/04\/the-genisis-of-ubermensch.html\" target=\"_blank\" rel=\"noreferrer noopener\">pot\u0119\u017cn\u0105 mutacj\u0119<\/a>&nbsp;<\/em>&nbsp;w\u015br\u00f3d wybranych rasy ludzkiej.<\/p>\n\n\n<div class=\"wp-block-image\">\n<figure class=\"alignleft size-full is-resized\"><img loading=\"lazy\" decoding=\"async\" width=\"156\" height=\"200\" src=\"https:\/\/wia.net.pl\/wp-content\/uploads\/2024\/04\/image-14.png\" alt=\"\" class=\"wp-image-8129\" style=\"width:140px;height:auto\"\/><figcaption class=\"wp-element-caption\">Edward Bulwer-Lytton<\/figcaption><\/figure><\/div>\n\n<div class=\"wp-block-image\">\n<figure class=\"alignright size-full\"><img loading=\"lazy\" decoding=\"async\" width=\"139\" height=\"200\" src=\"https:\/\/wia.net.pl\/wp-content\/uploads\/2024\/04\/image-15.png\" alt=\"\" class=\"wp-image-8130\"\/><figcaption class=\"wp-element-caption\">\u201eNadchodz\u0105cy wy\u015bcig\u201d<\/figcaption><\/figure><\/div>\n\n\n<p>Bulwer-Lytton by\u0142 ju\u017c za \u017cycia uwa\u017cany za jednego z najwybitniejszych pisarzy angloj\u0119zycznych.<\/p>\n\n\n\n<blockquote class=\"wp-block-quote is-layout-flow wp-block-quote-is-layout-flow\">\n<p><br>Edward George Earle Lytton Bulwer-Lytton, 1. baron Lytton PC (25 maja 1803-18 stycznia 1873) by\u0142 angielskim politykiem, poet\u0105, dramaturgiem i powie\u015bciopisarzem.&nbsp;&nbsp;Cieszy\u0142 si\u0119 ogromn\u0105 popularno\u015bci\u0105 w\u015br\u00f3d czytelnik\u00f3w i napisa\u0142 seri\u0119 bestsellerowych powie\u015bci za grosze, kt\u00f3re przynios\u0142y mu znaczn\u0105 fortun\u0119. Bulwer-Lyttonowi przypisuje si\u0119 miano Niemc\u00f3w \u201e&nbsp;<em>Das Volk der Dichter und Denker<\/em>&nbsp;r\u201d, czyli narodu poet\u00f3w i my\u015blicieli.<\/p>\n<\/blockquote>\n\n\n\n<blockquote class=\"wp-block-quote is-layout-flow wp-block-quote-is-layout-flow\">\n<p>Bulwer-Lyton napisa\u0142 wiele innych dzie\u0142, w tym \u201eThe Coming Race\u201d czy \u201eVril: The Power of the Coming Race\u201d (1871), kt\u00f3re w du\u017cym stopniu czerpa\u0142y z jego zainteresowa\u0144 okultyzmem i przyczyni\u0142y si\u0119 do narodzin gatunku science fiction. Historia podziemnej rasy czekaj\u0105cej na odzyskanie powierzchni Ziemi to wczesny motyw science fiction. Ksi\u0105\u017cka spopularyzowa\u0142a&nbsp;<a href=\"http:\/\/thirdreichocculthistory.blogspot.co.uk\/2011\/07\/volkisch-occult-cosmology.html\" target=\"_blank\" rel=\"noreferrer noopener\">\u201eteori\u0119 pustej ziemi\u201d<\/a>&nbsp;i mog\u0142a zainspirowa\u0107&nbsp;<a href=\"http:\/\/thirdreichocculthistory.blogspot.co.uk\/2011\/06\/ariosophy.html\" target=\"_blank\" rel=\"noreferrer noopener\"><\/a><a href=\"http:\/\/thirdreichocculthistory.blogspot.co.uk\/2011\/06\/ariosophy.html\" target=\"_blank\" rel=\"noreferrer noopener\">aryjski&nbsp;&nbsp;mistycyzm&nbsp;V\u00f6lkischa<\/a>&nbsp;.&nbsp;Od jego okre\u015blenia \u201evril\u201d wzi\u0119\u0142a si\u0119 nazwa ekstraktu mi\u0119snego Bovril \u2013 Bovine Vril.<\/p>\n<\/blockquote>\n\n\n<div class=\"wp-block-image\">\n<figure class=\"alignright size-full\"><img loading=\"lazy\" decoding=\"async\" width=\"136\" height=\"200\" src=\"https:\/\/wia.net.pl\/wp-content\/uploads\/2024\/04\/image-16.png\" alt=\"\" class=\"wp-image-8131\"\/><figcaption class=\"wp-element-caption\">Reklama Bovrila 1900<\/figcaption><\/figure><\/div>\n\n\n<p>Niestety, reputacja Lytona zwi\u0105zana z pr\u00f3\u017cno\u015bci\u0105, ostentacj\u0105 i ekscentryczno\u015bci\u0105 spotka\u0142a si\u0119 z du\u017c\u0105 wrogo\u015bci\u0105 prasy, co w nieproporcjonalnym stopniu nadszarpn\u0119\u0142o jego p\u00f3\u017aniejsz\u0105 reputacj\u0119 literack\u0105, w wyniku czego dzi\u015b niezwykle trudno znale\u017a\u0107 jego ksi\u0105\u017cki, a jego dzie\u0142a s\u0105 rzadko \u2013 je\u015bli w og\u00f3le \u2013 wyk\u0142ada na uniwersytetach w \u015bwiecie angloj\u0119zycznym.<\/p>\n\n\n\n<p>Przez ca\u0142\u0105 swoj\u0105 karier\u0119 Bulwer-Lytton pisa\u0142 na wiele temat\u00f3w, w tym romanse, polityk\u0119, histori\u0119, satyr\u0119 spo\u0142eczn\u0105, melodramat i okultyzm.<\/p>\n\n\n\n<p>Nie mo\u017ce zatem dziwi\u0107, \u017ce podj\u0105\u0142 temat utopijnej fantastyki naukowej w \u201eThe Coming Race\u201d, opublikowanym w 1871 roku.<\/p>\n\n\n\n<p>W tej powie\u015bci narrator, podr\u00f3\u017cnik i poszukiwacz przyg\u00f3d o niezale\u017cnych \u015brodkach, eksploruje kopalni\u0119 w nienazwanym miejscu i odkrywa rozleg\u0142y podziemny \u015bwiat zamieszka\u0142y przez wy\u017csz\u0105 ras\u0119 ludzi zwan\u0105 Vril-ya.<\/p>\n\n\n\n<p>Vril-ya, niegdy\u015b mieszka\u0144cy zewn\u0119trznej powierzchni Ziemi, zostali zmuszeni do wycofania si\u0119 pod ziemi\u0119 w wyniku naturalnej katastrofy podobnej do biblijnego potopu wiele tysi\u0119cy lat temu.<\/p>\n\n\n\n<p>Ich technologia znacznie wyprzedza wszystko, co mo\u017cna znale\u017a\u0107 w \u015bwiecie zwyk\u0142ej ludzko\u015bci i opiera si\u0119 na zastosowaniu si\u0142y znanej jako \u201evril\u201d.<\/p>\n\n\n\n<p>Zaprzyja\u017aniony z m\u0142od\u0105 kobiet\u0105 Vril-ya o imieniu Zee, narrator pyta o natur\u0119 si\u0142y vril.<\/p>\n\n\n\n<p>W ten spos\u00f3b Zee zacz\u0105\u0142 wyja\u015bnia\u0107, z czego niewiele rozumia\u0142em, gdy\u017c w \u017cadnym znanym mi j\u0119zyku nie ma s\u0142owa, kt\u00f3re by\u0142oby dok\u0142adnym synonimem vril.<\/p>\n\n\n\n<blockquote class=\"wp-block-quote is-layout-flow wp-block-quote-is-layout-flow\">\n<p>Nazwa\u0142bym j\u0105 elektryczno\u015bci\u0105, tyle \u017ce obejmuje ona w swoich r\u00f3\u017cnorodnych ga\u0142\u0119ziach inne si\u0142y natury, kt\u00f3rym w naszej nomenklaturze naukowej przypisuje si\u0119 r\u00f3\u017cne nazwy, takie jak magnetyzm, galwanizm itp.<\/p>\n<\/blockquote>\n\n\n<div class=\"wp-block-image\">\n<figure class=\"alignright size-full\"><img loading=\"lazy\" decoding=\"async\" width=\"178\" height=\"200\" src=\"https:\/\/wia.net.pl\/wp-content\/uploads\/2024\/04\/image-17.png\" alt=\"\" class=\"wp-image-8132\"\/><figcaption class=\"wp-element-caption\">Michael Faraday<\/figcaption><\/figure><\/div>\n\n\n<blockquote class=\"wp-block-quote is-layout-flow wp-block-quote-is-layout-flow\">\n<p>Ludzie ci uwa\u017caj\u0105, \u017ce in vril doszli do jedno\u015bci w naturalnych si\u0142ach energetycznych, jak przypuszcza\u0142o wielu filozof\u00f3w naziemnych, a kt\u00f3r\u0105 Faradaya w ten spos\u00f3b sugeruje, pos\u0142uguj\u0105c si\u0119 ostro\u017cniejszym terminem korelacji: \u201e&nbsp;<em>Od dawna jestem tego zdania<\/em>&nbsp;\u201d \u2013 m\u00f3wi tego wybitnego eksperymentatora, co&nbsp;<em>prowadzi niemal do przekonania, wsp\u00f3lnego, jak s\u0105dz\u0119, z wieloma innymi mi\u0142o\u015bnikami wiedzy przyrodniczej, \u017ce r\u00f3\u017cne formy, w kt\u00f3rych manifestuj\u0105 si\u0119 si\u0142y materii, maj\u0105 jedno wsp\u00f3lne pochodzenie; lub, innymi s\u0142owy, s\u0105 tak bezpo\u015brednio powi\u0105zane i wzajemnie zale\u017cne, \u017ce mo\u017cna je w pewnym sensie przekszta\u0142ci\u0107 w siebie i posiadaj\u0105 w swoim dzia\u0142aniu r\u00f3wnowa\u017cn\u0105 moc.<\/em>&nbsp;Wed\u0142ug Zee&nbsp;wszystkie Vril-ya s\u0105 przeszkolone w stosowaniu vril, kt\u00f3rego mo\u017cna u\u017cywa\u0107 do kontrolowania \u015bwiata fizycznego, w tym umys\u0142\u00f3w i cia\u0142 innych, a tak\u017ce do wzmacniania telepatycznego i telekinetycznego potencja\u0142u ludzkiego umys\u0142u.<\/p>\n<\/blockquote>\n\n\n\n<blockquote class=\"wp-block-quote is-layout-flow wp-block-quote-is-layout-flow\">\n<p>Si\u0142\u0119 vril najcz\u0119\u015bciej stosuje si\u0119 za pomoc\u0105 urz\u0105dzenia znanego jako Laska Vril, kt\u00f3rego opanowanie, podobnie jak sama si\u0142a vril, wymaga wielu lat. (Narratorowi nie wolno go trzyma\u0107 \u201e&nbsp;<em>z obawy przed jakim\u015b strasznym wypadkiem spowodowanym moj\u0105 niewiedz\u0105 na temat jego u\u017cycia<\/em>&nbsp;\u201d).&nbsp;Laska Vril&nbsp;<em>jest pusta i ma w r\u0119koje\u015bci kilka ogranicznik\u00f3w, kluczy lub spr\u0119\u017cyn, dzi\u0119ki kt\u00f3rym jej si\u0142a mo\u017ce by\u0107 zmieniany, modyfikowany lub kierowany \u2013 tak, \u017ce jednym procesem niszczy, innym leczy \u2013 jednym mo\u017ce rozdziera\u0107 ska\u0142\u0119, innym rozprasza opary \u2013 jednym procesem wp\u0142ywa na cia\u0142a, innym mo\u017ce wywiera\u0107 pewien wp\u0142yw nad umys\u0142ami<\/em>&nbsp;\u201d.&nbsp;Podczas d\u0142ugiego pobytu w podziemnej krainie narrator dowiaduje si\u0119 o systemie rz\u0105d\u00f3w, wed\u0142ug kt\u00f3rego \u017cyj\u0105 Vril-ya.&nbsp;<\/p>\n<\/blockquote>\n\n\n<div class=\"wp-block-image\">\n<figure class=\"alignleft size-full\"><img loading=\"lazy\" decoding=\"async\" width=\"95\" height=\"200\" src=\"https:\/\/wia.net.pl\/wp-content\/uploads\/2024\/04\/image-18.png\" alt=\"\" class=\"wp-image-8133\"\/><figcaption class=\"wp-element-caption\">Personel Vril<\/figcaption><\/figure><\/div>\n\n\n<blockquote class=\"wp-block-quote is-layout-flow wp-block-quote-is-layout-flow\">\n<p>Rz\u0105dzi nimi jeden najwy\u017cszy s\u0119dzia, kt\u00f3ry abdykuje ze stanowiska przy pierwszych oznakach zaawansowanego wieku.&nbsp;Chocia\u017c ich spo\u0142ecze\u0144stwo jest ca\u0142kowicie wolne od przest\u0119pstw i wszelkiego rodzaju konflikt\u00f3w, uwa\u017caj\u0105 si\u0142\u0119 i si\u0142\u0119 za jedn\u0105 z najwspanialszych cn\u00f3t, a triumf silnych nad s\u0142abymi za ca\u0142kowicie zgodny z Natur\u0105.&nbsp;Demokracja i wolne instytucje s\u0105 dla nich jedynie prymitywnymi eksperymentami niedojrza\u0142ej kultury.&nbsp;Rz\u0105dy plemienia Vril-ya by\u0142y pozornie bardzo skomplikowane, ale w rzeczywisto\u015bci bardzo proste.&nbsp;Opiera\u0142a si\u0119 na zasadzie uznanej w teorii, cho\u0107 rzadko stosowanej w praktyce naziemnej, a mianowicie, \u017ce celem wszystkich system\u00f3w my\u015bli filozoficznej jest osi\u0105gni\u0119cie jedno\u015bci lub wzniesienie si\u0119 przez wszystkie po\u015brednie labirynty do prostoty pojedyncz\u0105 pierwsz\u0105 przyczyn\u0119 lub zasad\u0119.&nbsp;Tak wi\u0119c w polityce nawet pisarze republika\u0144scy zgodzili si\u0119, \u017ce \u017cyczliwa autokracja zapewni najlepsz\u0105 administracj\u0119, je\u015bli b\u0119d\u0105 jakie\u015b gwarancje jej kontynuacji lub stopniowego nadu\u017cywania przyznanej jej w\u0142adzy.&nbsp;W tym spo\u0142ecze\u0144stwie nie by\u0142o nic, co sk\u0142ania\u0142oby kt\u00f3regokolwiek z jego cz\u0142onk\u00f3w do po\u017c\u0105dania trosk zwi\u0105zanych z urz\u0119dem. Nie przypisywano mu \u017cadnych zaszczyt\u00f3w, \u017cadnych insygni\u00f3w wy\u017cszej rangi.&nbsp;Najwy\u017cszy s\u0119dzia nie r\u00f3\u017cni\u0142 si\u0119 od innych wy\u017cszym mieszkaniem ani dochodami. Z drugiej strony powierzone mu obowi\u0105zki by\u0142y cudownie lekkie i \u0142atwe i nie wymaga\u0142y nadmiernego poziomu energii ani inteligencji.&nbsp;Po wielu przygodach w podziemnym \u015bwiecie \u2013 i wielu rozmowach z jego mieszka\u0144cami \u2013 narrator dochodzi do nast\u0119puj\u0105cego wniosku dotycz\u0105cego ostatecznych pocz\u0105tk\u00f3w fantastycznej rasy Vril-ya.<em>\u201eLud ten \u2013 cho\u0107 pierwotnie nie tylko pochodzi\u0142 z naszej rasy ludzkiej, ale \u2013 co wydaje mi si\u0119 jasne po korzeniach ich j\u0119zyka \u2013 wywodzi\u0142 si\u0119 od tych samych przodk\u00f3w, co wielka rodzina aryjska, z kt\u00f3rej r\u00f3\u017cnymi strumieniami wyp\u0142yn\u0119\u0142a dominuj\u0105ca cywilizacja \u015bwiat; i zgodnie z ich mitami i histori\u0105 przeszli przez znane nam fazy spo\u0142eczne \u2013 rozwin\u0119li si\u0119 jednak w odr\u0119bny gatunek, z kt\u00f3rym niemo\u017cliwe by\u0142o, aby jakakolwiek spo\u0142eczno\u015b\u0107 w wy\u017cszym \u015bwiecie mog\u0142a si\u0119 po\u0142\u0105czy\u0107<\/em>&nbsp;: wyszli z tych otch\u0142ani na \u015bwiat\u0142o dzienne, zgodnie ze swoimi tradycyjnymi przekonaniami o swoim ostatecznym przeznaczeniu, zniszczyliby i zast\u0105pili istniej\u0105ce odmiany cz\u0142owieka.&nbsp;Chocia\u017c narrator jest pod wielkim wra\u017ceniem wiedzy i osi\u0105gni\u0119\u0107 Vril-ya, niemniej jednak narrator jest przera\u017cony ich moc\u0105 i \u0142atwo\u015bci\u0105, z jak\u0105 ni\u0105 w\u0142adaj\u0105, co sugeruje w pewnym momencie, \u017ce gdyby ich rozgniewa\u0142 w jakimkolwiek momencie, mieliby bez skrupu\u0142\u00f3w zwr\u00f3c\u0105 si\u0119 przeciwko niemu swoje Laski Vril i zamieni\u0105 go w popi\u00f3\u0142.&nbsp;Ten niepok\u00f3j, w po\u0142\u0105czeniu z jego naturalnym pragnieniem powrotu do wy\u017cszego \u015bwiata i \u017cycia, kt\u00f3re zna, sk\u0142ania narratora do rozpocz\u0119cia poszukiwania sposobu ucieczki z podziemnego \u015bwiata Vril-ya.&nbsp;Pomoc przychodzi w nieprawdopodobnej postaci Zee, kt\u00f3ry si\u0119 w nim zakocha\u0142 i pr\u00f3bowa\u0142 przekona\u0107 go, aby zosta\u0142, ale mimo to rozumie, \u017ce nieodwzajemniona mi\u0142o\u015b\u0107 nie mo\u017ce zapewni\u0107 szcz\u0119\u015bcia \u017cadnemu z nich.&nbsp;To ona prowadzi go z powrotem do szybu kopalnianego, przez kt\u00f3ry po raz pierwszy wszed\u0142 do kr\u00f3lestwa Vril-ya. Po powrocie do domu narrator zaczyna zastanawia\u0107 si\u0119 nad cudami, kt\u00f3re widzia\u0142 g\u0142\u0119boko pod powierzchni\u0105 Ziemi i po raz kolejny daje do zrozumienia, jaki straszny los czeka b\u0142ogo nie\u015bwiadom\u0105 ludzko\u015b\u0107 z r\u0105k \u201eNadchodz\u0105cej Rasy\u201d.&nbsp;W ostatnim rozdziale czytamy: \u201e&nbsp;<em>Im bardziej my\u015bl\u0119 o narodzie spokojnie rozwijaj\u0105cym si\u0119, w regionach wykluczonych z naszego pola widzenia i uznanych przez naszych m\u0119drc\u00f3w za nienadaj\u0105ce si\u0119 do zamieszkania, si\u0142y przewy\u017cszaj\u0105ce nasze najbardziej zdyscyplinowane sposoby i cnoty, do kt\u00f3rych upodabnia si\u0119 nasze \u017cycie spo\u0142eczne i polityczne. antagonistyczne w miar\u0119 post\u0119pu naszej cywilizacji, &#8211; tym \u017carliwiej modl\u0119 si\u0119, aby min\u0119\u0142y wieki, zanim na \u015bwiat\u0142o s\u0142oneczne wyjd\u0105 nasi nieuniknieni niszczyciele.<\/em><\/p>\n<\/blockquote>\n\n\n\n<p>Wielu okultyst\u00f3w zak\u0142ada, \u017ce \u200b\u200b\u201eNadchodz\u0105ca rasa\u201d jest faktem zamaskowanym jako fikcja: \u017ce Bulwer-Lytton opar\u0142 swoj\u0105 wci\u0105gaj\u0105c\u0105 powie\u015b\u0107 na autentycznym zasobie wiedzy ezoterycznej.<\/p>\n\n\n\n<p>By\u0142 bardzo zainteresowany R\u00f3\u017cokrzy\u017cowcami, pot\u0119\u017cnym stowarzyszeniem okultystycznym, kt\u00f3re powsta\u0142o w XVI wieku i kt\u00f3re twierdzi\u0142o, \u017ce posiada staro\u017cytn\u0105 m\u0105dro\u015b\u0107 odkryt\u0105 w tajnej podziemnej komnacie, dotycz\u0105c\u0105 ostatecznych tajemnic Wszech\u015bwiata.<\/p>\n\n\n\n<p>Istniej\u0105 pewne dowody na to, \u017ce Bulwer-Lytton wierzy\u0142 w mo\u017cliwo\u015b\u0107 istnienia podziemnego \u015bwiata, gdy\u017c w 1854 roku napisa\u0142 do swojego przyjaciela Hargrave\u2019a Jenningsa:<br>\u201e&nbsp;<em>Wi\u0119c Rosenkreuz [za\u0142o\u017cyciel r\u00f3\u017cokrzy\u017cowc\u00f3w] odnalaz\u0142 swoj\u0105 m\u0105dro\u015b\u0107 w tajnej komnacie. My te\u017c. Mo\u017cna si\u0119 wiele nauczy\u0107 z pod\u0142o\u017ca naszej planety.<\/em>&nbsp;&#8217;<\/p>\n\n\n\n<p>Niekt\u00f3rzy autorzy, w tym Alec Maclellan, autor fascynuj\u0105cej ksi\u0105\u017cki \u201eZaginiony \u015bwiat Agharti\u201d (1996), sugerowali, \u017ce \u201eNadchodz\u0105ca rasa\u201d ujawni\u0142a zbyt wiele z podziemnego \u015bwiata i w rezultacie zosta\u0142a przemilczana w kolejnych latach. \u015amier\u0107 Bulwera-Lyttona w 1873 r.<\/p>\n\n\n\n<p>Rzeczywi\u015bcie opisuje t\u0119 ksi\u0105\u017ck\u0119 jako \u201e&nbsp;<em>jedn\u0105 z najtrudniejszych do znalezienia ze wszystkich ksi\u0105g mistycyzmu<\/em>&nbsp;\u201d i informuje nas o w\u0142asnych poszukiwaniach egzemplarza, kt\u00f3re przez kilka lat nie przynosi\u0142y rezultatu.<\/p>\n\n\n\n<p>Cho\u0107 niew\u0105tpliwie jest to intryguj\u0105ca scenografia ze strony Maclellana, rzadko\u015b\u0107 tej ksi\u0105\u017cki z pewno\u015bci\u0105 mo\u017cna wyt\u0142umaczy\u0107 nieuzasadnionym os\u0142abieniem po\u015bmiertnej reputacji literackiej Bulwer-Lyttona (wspomnianej wcze\u015bniej).<\/p>\n\n\n\n<p>Jaki jest zwi\u0105zek dziwnej powie\u015bci Bulwera-Lyttona z Trzeci\u0105 Rzesz\u0105?<\/p>\n\n\n\n<p>Je\u015bli w Berlinie w latach czterdziestych XX wieku rzeczywi\u015bcie istnia\u0142a du\u017ca kolonia tybeta\u0144skich mnich\u00f3w, to co tam robili?<\/p>\n\n\n<div class=\"wp-block-image\">\n<figure class=\"alignleft size-full\"><img loading=\"lazy\" decoding=\"async\" width=\"138\" height=\"200\" src=\"https:\/\/wia.net.pl\/wp-content\/uploads\/2024\/04\/image-19.png\" alt=\"\" class=\"wp-image-8134\"\/><figcaption class=\"wp-element-caption\"><a href=\"http:\/\/thirdreichocculthistory.blogspot.co.uk\/2011\/07\/karl-haushofer.html\" target=\"_blank\" rel=\"noreferrer noopener\">Karol Haushofer<\/a><\/figcaption><\/figure><\/div>\n\n<div class=\"wp-block-image\">\n<figure class=\"alignright size-full\"><img loading=\"lazy\" decoding=\"async\" width=\"138\" height=\"200\" src=\"https:\/\/wia.net.pl\/wp-content\/uploads\/2024\/04\/image-20.png\" alt=\"\" class=\"wp-image-8135\"\/><figcaption class=\"wp-element-caption\">Dietrich Eckart<\/figcaption><\/figure><\/div>\n\n\n<p>Wydaje si\u0119, \u017ce powi\u0105zaniem by\u0142 nikt inny jak genera\u0142\/profesor&nbsp;<a href=\"http:\/\/thirdreichocculthistory.blogspot.co.uk\/2011\/07\/karl-haushofer.html\" target=\"_blank\" rel=\"noreferrer noopener\">Karl Haushofer<\/a>&nbsp;(1869-1946), kt\u00f3rego teorie geopolityki da\u0142y pocz\u0105tek koncepcji&nbsp;<em>Lebensraum<\/em>&nbsp;(przestrzeni \u017cyciowej), kt\u00f3ra wed\u0142ug Hitlera by\u0142aby konieczna dla dalszej dominacji wy\u017cszej rasy aryjskiej i kt\u00f3re zamierza\u0142 zabra\u0107 przede wszystkim ze Zwi\u0105zku Radzieckiego.<\/p>\n\n\n\n<p>Haushofer wraz z&nbsp;<a href=\"http:\/\/thirdreichocculthistory.blogspot.co.uk\/2011\/07\/dietrich-eckart-hitlers-mentor.html\" target=\"_blank\" rel=\"noreferrer noopener\">Dietrichem Eckartem<\/a>&nbsp;(1868-1923) \u2013 dziennikarzem i dramaturgiem, kt\u00f3ry wywar\u0142 wp\u0142yw na Hitlera, szkol\u0105c go w zakresie nauk okultystycznych, a ponadto wprowadzi\u0142 go do wp\u0142ywowych kr\u0119g\u00f3w spo\u0142ecznych po I wojnie \u015bwiatowej \u2013 jest cz\u0119sto okre\u015blany jako praktykuj\u0105cy czarny mag i prawdopodobnie&nbsp;<em>g\u0142\u00f3wny magik<\/em>&nbsp;Partii Narodowo-Socjalistycznej\u201d.<\/p>\n\n\n\n<p>Haushofer wyr\u00f3\u017cnia\u0142 si\u0119 na Uniwersytecie w Monachium, gdzie zacz\u0105\u0142 rozwija\u0107 swoje trwaj\u0105ce ca\u0142e \u017cycie zainteresowanie Dalekim Wschodem.<\/p>\n\n\n\n<p>Po uko\u0144czeniu studi\u00f3w wst\u0105pi\u0142 do armii niemieckiej, gdzie jego wielka inteligencja zapewni\u0142a szybki awans w szeregach.<\/p>\n\n\n\n<p>Dzi\u0119ki znajomo\u015bci Dalekiego Wschodu otrzyma\u0142 stanowisko radcy wojskowego w Japonii.<\/p>\n\n\n\n<p>Haushofer uwa\u017ca\u0142, \u017ce nar\u00f3d niemiecki wywodzi si\u0119 z Azji \u015arodkowej i \u017ce to rasa indogerma\u0144ska gwarantuje trwa\u0142o\u015b\u0107, szlachetno\u015b\u0107 i wielko\u015b\u0107 \u015bwiata.<\/p>\n\n\n\n<p>Podczas pobytu w Japonii Haushofer zosta\u0142 inicjowany w jednym z najwa\u017cniejszych tajnych stowarzysze\u0144 buddyjskich i z\u0142o\u017cy\u0142 przysi\u0119g\u0119, je\u015bli nie wykona swojej \u201emisji\u201d, pope\u0142ni\u0107 samob\u00f3jstwo zgodnie z u\u015bwi\u0119conym tradycj\u0105 ceremonia\u0142em.<\/p>\n\n\n\n<p>Haushofer g\u0142\u0119boko wierzy\u0142 w legend\u0119 o&nbsp;&nbsp;<a href=\"http:\/\/thirdreichocculthistory.blogspot.co.uk\/2011\/07\/thule-gesellschaft.html\" target=\"_blank\" rel=\"noreferrer noopener\">Thule<\/a>&nbsp;, zaginionej aryjskiej ojczy\u017anie na dalekiej p\u00f3\u0142nocy, kt\u00f3ra niegdy\u015b by\u0142a centrum zaawansowanej cywilizacji posiadaj\u0105cej&nbsp;<em>magiczne moce<\/em>&nbsp;.<\/p>\n\n\n<div class=\"wp-block-image\">\n<figure class=\"alignleft size-full\"><img loading=\"lazy\" decoding=\"async\" width=\"136\" height=\"200\" src=\"https:\/\/wia.net.pl\/wp-content\/uploads\/2024\/04\/image-21.png\" alt=\"\" class=\"wp-image-8136\"\/><figcaption class=\"wp-element-caption\"><a href=\"http:\/\/thirdreichocculthistory.blogspot.co.uk\/2011\/07\/thule-gesellschaft.html\" target=\"_blank\" rel=\"noreferrer noopener\">Towarzystwo Thule<\/a><\/figcaption><\/figure><\/div>\n\n\n<p>\u0141\u0105cz\u0105c t\u0119 \u200b\u200blegend\u0119 z&nbsp;<a href=\"http:\/\/thirdreichocculthistory.blogspot.co.uk\/2011\/07\/thule-gesellschaft.html\" target=\"_blank\" rel=\"noreferrer noopener\">Towarzystwem Thule<\/a>&nbsp;, mo\u017cemy powiedzie\u0107, \u017ce&nbsp;istoty&nbsp;<em>po\u015brednie<\/em>&nbsp;pomi\u0119dzy Cz\u0142owiekiem a innymi inteligentnymi istotami z Za\u015bwiat\u00f3w odda\u0142yby do dyspozycji Towarzystwa&nbsp;<a href=\"http:\/\/thirdreichocculthistory.blogspot.co.uk\/2011\/07\/thule-gesellschaft.html\" target=\"_blank\" rel=\"noreferrer noopener\">Thule<\/a>&nbsp;Inicjacje&nbsp;<em>rezerwuar si\u0142<\/em>&nbsp;, kt\u00f3ry m\u00f3g\u0142by zosta\u0107 wykorzystany, aby umo\u017cliwi\u0107 Niemcom ponowne zdominowanie \u015bwiata i by\u0107 kolebk\u0105&nbsp;<em>nadchodz\u0105cej rasy Nadludzi,<\/em>&nbsp;kt\u00f3ra b\u0119dzie wynikiem mutacji gatunku ludzkiego.<\/p>\n\n\n\n<p>Pewnego dnia jej legiony wyrusz\u0105, by unicestwi\u0107 wszystko, co sta\u0142o na drodze&nbsp;<em>duchowego przeznaczenia<\/em>&nbsp;Ziemi, a ich przyw\u00f3dcami b\u0119d\u0105 ludzie, kt\u00f3rzy wszystko wiedz\u0105, czerpi\u0105c swoj\u0105 si\u0142\u0119 z samego \u017ar\u00f3d\u0142a energii i prowadzeni przez&nbsp;<em>Wielcy staro\u017cytnego \u015bwiata.<\/em><\/p>\n\n\n\n<p>Wydawa\u0107 by si\u0119 mog\u0142o, \u017ce to pod wp\u0142ywem Eckarta i Haushofera&nbsp;<a href=\"http:\/\/thirdreichocculthistory.blogspot.co.uk\/2011\/07\/thule-gesellschaft.html\" target=\"_blank\" rel=\"noreferrer noopener\">Towarzystwo Thule<\/a>&nbsp;przyj\u0119\u0142o sw\u00f3j prawdziwy charakter spo\u0142ecze\u0144stwa wtajemniczonych w komunii z&nbsp;<em>Niewidzialnym<\/em>&nbsp;i sta\u0142o si\u0119 magicznym centrum ruchu narodowo-socjalistycznego.<\/p>\n\n\n\n<p>Po zako\u0144czeniu I wojny \u015bwiatowej Haushofer wr\u00f3ci\u0142 do Monachium, gdzie uzyska\u0142 doktorat na tej uczelni.<\/p>\n\n\n<div class=\"wp-block-image\">\n<figure class=\"alignleft size-full\"><img loading=\"lazy\" decoding=\"async\" width=\"167\" height=\"200\" src=\"https:\/\/wia.net.pl\/wp-content\/uploads\/2024\/04\/image-22.png\" alt=\"\" class=\"wp-image-8137\"\/><figcaption class=\"wp-element-caption\">Bro\u0144 Krzy\u017cak\u00f3w<\/figcaption><\/figure><\/div>\n\n\n<p>Dzieli\u0142 sw\u00f3j czas pomi\u0119dzy nauczanie i pisanie, za\u0142o\u017cy\u0142 \u201ePrzegl\u0105d Geopolityczny\u201d, w kt\u00f3rym publikowa\u0142 swoje pogl\u0105dy na temat Lebensraum, kt\u00f3re mog\u0142oby \u201e&nbsp;<em>zar\u00f3wno uzasadnia\u0107 podboje terytorialne przywo\u0142uj\u0105c na my\u015bl kolonizacj\u0119 ziem s\u0142owia\u0144skich przez Krzy\u017cak\u00f3w w \u015bredniowieczu, jak i emocjonalnie\u201d przywo\u0142ywa\u0107 pomys\u0142y zjednoczenia w Rzeszy tego, co zacz\u0119to okre\u015bla\u0107 mianem Volksdeutsche (etnicznych Niemc\u00f3w) rozproszonych po ca\u0142ej Europie Wschodniej<\/em>&nbsp;\u201d.<\/p>\n\n\n<div class=\"wp-block-image\">\n<figure class=\"alignright size-full\"><img loading=\"lazy\" decoding=\"async\" width=\"200\" height=\"152\" src=\"https:\/\/wia.net.pl\/wp-content\/uploads\/2024\/04\/image-23.png\" alt=\"\" class=\"wp-image-8138\"\/><figcaption class=\"wp-element-caption\"><a href=\"http:\/\/thirdreichocculthistory.blogspot.co.uk\/2011\/07\/case-of-adolf-hitler-hitlers-early-life.html\" target=\"_blank\" rel=\"noreferrer noopener\">Hitler<\/a>&nbsp;w Landsberg am Lech<\/figcaption><\/figure><\/div>\n\n\n<p>Przebywaj\u0105c w wi\u0119zieniu w twierdzy Landsberg am Lech, po niepowodzeniu puczu monachijskiego w 1924 r.,&nbsp;<a href=\"http:\/\/thirdreichocculthistory.blogspot.co.uk\/2011\/07\/case-of-adolf-hitler-hitlers-early-life.html\" target=\"_blank\" rel=\"noreferrer noopener\">Adolf Hitler<\/a>&nbsp;czyta\u0142 ksi\u0105\u017cki Haushofera o geopolityce i pozostawa\u0142 pod ich wp\u0142ywem (z Haushoferem zapozna\u0142 go ju\u017c asystent-student profesora, Rudolf Hess).<\/p>\n\n\n\n<p>Nie ma w\u0105tpliwo\u015bci, \u017ce Hitler rozs\u0105dnie sp\u0119dza\u0142 czas w Landsbergu, czytaj\u0105c du\u017co z r\u00f3\u017cnych dziedzin, cho\u0107 nie tyle ze wzgl\u0119du na edukacj\u0119, ile na potwierdzenie i wyja\u015bnienie w\u0142asnych uprzedze\u0144.<\/p>\n\n\n\n<p>(P\u00f3\u017aniej powiedzia\u0142, \u017ce Landsberg by\u0142 jego \u201e&nbsp;<em>uniwersytetem op\u0142acanym przez pa\u0144stwo<\/em>&nbsp;\u201d).<\/p>\n\n\n\n<p>Haushofer codziennie odwiedza\u0142 Hitlera w Landsbergu, gdzie wyja\u015bnia\u0142 jego teorie geopolityczne i opisywa\u0142 swoje podr\u00f3\u017ce po Indiach na pocz\u0105tku XX wieku.<\/p>\n\n\n\n<p>B\u0119d\u0105c w Indiach, s\u0142ysza\u0142 historie o pot\u0119\u017cnej cywilizacji \u017cyj\u0105cej pod Himalajami: Trzydzie\u015bci lub czterdzie\u015bci wiek\u00f3w temu w regionie Gobi istnia\u0142a wysoko rozwini\u0119ta cywilizacja.<\/p>\n\n\n\n<p>W wyniku katastrofy Gobi zamieni\u0142o si\u0119 w pustyni\u0119, a ocaleni wyemigrowali, niekt\u00f3rzy udaj\u0105c si\u0119 na skrajn\u0105 p\u00f3\u0142noc Europy, inni w kierunku Kaukazu.<\/p>\n\n\n<div class=\"wp-block-image\">\n<figure class=\"alignleft size-full\"><img loading=\"lazy\" decoding=\"async\" width=\"198\" height=\"200\" src=\"https:\/\/wia.net.pl\/wp-content\/uploads\/2024\/04\/image-24.png\" alt=\"\" class=\"wp-image-8139\"\/><\/figure><\/div>\n\n\n<p>Jednym z bohater\u00f3w tej migracji mia\u0142 by\u0107&nbsp;skandynawski b\u00f3g&nbsp;<a href=\"http:\/\/thirdreichocculthistory.blogspot.co.uk\/2011\/06\/yggdrasil-tree-of-life.html\" target=\"_blank\" rel=\"noreferrer noopener\">Thor<\/a><br>. Haushofer g\u0142osi\u0142 konieczno\u015b\u0107 \u201e&nbsp;<em>powrotu do \u017ar\u00f3de\u0142<\/em>&nbsp;\u201d rodzaju ludzkiego \u2013 innymi s\u0142owy, \u017ce konieczne jest podbicie ca\u0142ej Europy Wschodniej, Turkiestanu, Pamiru, Gobi i Tybetu.<\/p>\n\n\n\n<p>Kraje te stanowi\u0142y jego zdaniem&nbsp;<em>centralny rdze\u0144,<\/em>&nbsp;a kto mia\u0142 nad nimi kontrol\u0119, kontrolowa\u0142 ca\u0142y \u015bwiat.<\/p>\n\n\n\n<p>Po kataklizmie, kt\u00f3ry zniszczy\u0142 cywilizacj\u0119 Gobi, ocaleni wyemigrowali do rozleg\u0142ego systemu jaski\u0144 pod Himalajami, gdzie podzielili si\u0119 na dwie grupy, z kt\u00f3rych jedna pod\u0105\u017ca\u0142a \u015bcie\u017ck\u0105 duchowo\u015bci, o\u015bwiecenia i medytacji, podczas gdy druga pod\u0105\u017ca\u0142a \u015bcie\u017ck\u0105 przemocy i materializmu. moc.<\/p>\n\n\n<div class=\"wp-block-image\">\n<figure class=\"alignleft size-full\"><img loading=\"lazy\" decoding=\"async\" width=\"320\" height=\"179\" src=\"https:\/\/wia.net.pl\/wp-content\/uploads\/2024\/04\/image-25.png\" alt=\"\" class=\"wp-image-8140\" srcset=\"https:\/\/wia.net.pl\/wp-content\/uploads\/2024\/04\/image-25.png 320w, https:\/\/wia.net.pl\/wp-content\/uploads\/2024\/04\/image-25-300x168.png 300w\" sizes=\"(max-width: 320px) 100vw, 320px\" \/><figcaption class=\"wp-element-caption\">Agartha<\/figcaption><\/figure><\/div>\n\n\n<p>Pierwszy z tych o\u015brodk\u00f3w nazywa\u0142 si\u0119&nbsp;<em>Agartha<\/em>&nbsp;, drugi&nbsp;<em>Szambala<\/em><\/p>\n\n\n\n<p>(Imiona te maj\u0105 wiele r\u00f3\u017cnych pisowni: w przypadku Agarthy u\u017cywamy najprostszej, w przypadku Szambali \u2013 pisowni preferowanej przez orientalist\u00f3w.)<\/p>\n\n\n\n<p><em>W\u015br\u00f3d wielu ksi\u0105\u017cek, kt\u00f3re Hitler przeczyta\u0142 podczas pobytu w Landsbergu, by\u0142a \u201e Nadchodz\u0105ca rasa<\/em>&nbsp;\u201d Bulwera-Lyttona&nbsp;(patrz wy\u017cej), kt\u00f3ra, jak poinformowa\u0142 go Haushofer, by\u0142a zasadniczo poprawnym opisem rasy&nbsp;<em>Nadludzi<\/em>&nbsp;\u017cyj\u0105cych g\u0142\u0119boko pod powierzchni\u0105 Ziemi i potwierdzonym wiele z tego, czego profesor sam nauczy\u0142 si\u0119 podczas podr\u00f3\u017cy po Azji.<\/p>\n\n\n\n<p>Powie\u015b\u0107 Bulwera-Lyttona najwyra\u017aniej pobudzi\u0142a wyobra\u017ani\u0119 Hitlera, kt\u00f3ry \u201ezacz\u0105\u0142 t\u0119skni\u0107 za dniem, w kt\u00f3rym b\u0119dzie m\u00f3g\u0142 sam ustali\u0107 rzeczywisto\u015b\u0107 tajnej cywilizacji pod \u015bniegami Tybetu\u2026\u201d<\/p>\n\n\n\n<p>W nast\u0119pnym roku, 1925, grupa berli\u0144skich r\u00f3\u017cokrzy\u017cowc\u00f3w, w tym Karl Haushofer, utworzy\u0142a Towarzystwo Vril (znane r\u00f3wnie\u017c jako Lo\u017ca \u015awietlistej).<\/p>\n\n\n\n<p>Istnieje tylko jedno g\u0142\u00f3wne \u017ar\u00f3d\u0142o informacji o Towarzystwie Vril: Willy Ley, niemiecki in\u017cynier rakietowy, kt\u00f3ry uciek\u0142 do Stan\u00f3w Zjednoczonych w 1933 roku i kontynuowa\u0142 karier\u0119, pisz\u0105c ksi\u0105\u017cki popularnonaukowe.<\/p>\n\n\n\n<p>Podziemna ludzko\u015b\u0107&nbsp;<em>mog\u0142a<\/em>&nbsp;by\u0107 fikcj\u0105, ale Vril&nbsp;<em>ni\u0105 nie by\u0142a.<\/em><\/p>\n\n\n\n<p>By\u0107 mo\u017ce umo\u017cliwi\u0142o to Brytyjczykom, kt\u00f3rzy utrzymywali to jako tajemnic\u0119 pa\u0144stwow\u0105, zgromadzenie imperium kolonialnego.<\/p>\n\n\n<div class=\"wp-block-image\">\n<figure class=\"alignleft size-full\"><img loading=\"lazy\" decoding=\"async\" width=\"200\" height=\"172\" src=\"https:\/\/wia.net.pl\/wp-content\/uploads\/2024\/04\/image-26.png\" alt=\"\" class=\"wp-image-8141\"\/><\/figure><\/div>\n\n<div class=\"wp-block-image\">\n<figure class=\"alignright size-full\"><img loading=\"lazy\" decoding=\"async\" width=\"149\" height=\"200\" src=\"https:\/\/wia.net.pl\/wp-content\/uploads\/2024\/04\/image-27.png\" alt=\"\" class=\"wp-image-8142\"\/><figcaption class=\"wp-element-caption\">Rudolf Steiner<\/figcaption><\/figure><\/div>\n\n\n<p>Z pewno\u015bci\u0105 mieli go Rzymianie i nazywali go&nbsp;<em>lares<\/em>&nbsp;.<\/p>\n\n\n\n<p>Taka grupa rzeczywi\u015bcie istnia\u0142a, wyda\u0142a nawet pierwszy numer pisma, w kt\u00f3rym mia\u0142a g\u0142osi\u0107 jej credo.&nbsp;<\/p>\n\n\n\n<p>Cz\u0142onkowie vril \u201e&nbsp;<em>kontemplowali struktur\u0119 jab\u0142ka przeci\u0119tego na p\u00f3\u0142<\/em>&nbsp;\u201d (w ten spos\u00f3b ods\u0142aniaj\u0105c pi\u0119cioramienn\u0105 gwiazd\u0119 po\u015brodku).<\/p>\n\n\n\n<p>Jest to echem sugestii Rudolfa Steinera z ksi\u0105\u017cki \u201eWiedza o wy\u017cszych \u015bwiatach i jej osi\u0105ganie\u201d.<\/p>\n\n\n\n<p>Ponadto sami&nbsp;<a href=\"http:\/\/thirdreichocculthistory.blogspot.co.uk\/2011\/06\/introduction.html\" target=\"_blank\" rel=\"noreferrer noopener\">teozofowie<\/a>&nbsp;byli zainteresowani koncepcj\u0105 si\u0142y vril, kt\u00f3ra w pewnym stopniu przypomina si\u0142\u0119&nbsp;<em>odyck\u0105<\/em>&nbsp;Reichenbacha oraz \u015awiat\u0142o&nbsp;<em>Astralne<\/em>&nbsp;: subteln\u0105 form\u0119 energii, kt\u00f3ra rzekomo otacza Ziemi\u0119, w kt\u00f3rej zachowany jest zapis ka\u017cdej my\u015bli i dzia\u0142anie, jakie kiedykolwiek mia\u0142o miejsce.<\/p>\n\n\n<div class=\"wp-block-image\">\n<figure class=\"alignleft size-full\"><img loading=\"lazy\" decoding=\"async\" width=\"163\" height=\"200\" src=\"https:\/\/wia.net.pl\/wp-content\/uploads\/2024\/04\/image-28.png\" alt=\"\" class=\"wp-image-8143\"\/><figcaption class=\"wp-element-caption\">Piecz\u0119\u0107 teozoficzna<\/figcaption><\/figure><\/div>\n\n<div class=\"wp-block-image\">\n<figure class=\"alignright size-full\"><img loading=\"lazy\" decoding=\"async\" width=\"99\" height=\"200\" src=\"https:\/\/wia.net.pl\/wp-content\/uploads\/2024\/04\/image-29.png\" alt=\"\" class=\"wp-image-8144\"\/><\/figure><\/div>\n\n\n<p>Uwa\u017ca si\u0119, \u017ce Haushofer przedstawi\u0142 Hitlera przyw\u00f3dcy grupy tybeta\u0144skich wysokich lam\u00f3w mieszkaj\u0105cych w Berlinie, cz\u0142owiekowi znanemu jedynie jako \u201e&nbsp;<em>Cz\u0142owiek w zielonych r\u0119kawiczkach<\/em>&nbsp;\u201d i \u017ce cz\u0142owiek ten zna\u0142 lokalizacj\u0119 ukrytych wej\u015b\u0107 do podziemnych krain Agarthy i Szambali.<br>Z tych pog\u0142osek niew\u0105tpliwie zrodzi\u0142y si\u0119 s\u0142ynne legendy o obsesyjnych poszukiwaniach przez Hitlera wej\u015b\u0107 do \u015bwiata wewn\u0119trznego.<\/p>\n\n\n\n<p>Pierwsze ekspedycje wysy\u0142ano wy\u0142\u0105cznie pod auspicjami \u015awietlistej Lo\u017cy, pocz\u0105wszy od 1926 r., ale p\u00f3\u017aniej, po doj\u015bciu do w\u0142adzy, Hitler zainteresowa\u0142 si\u0119 bardziej bezpo\u015brednio, osobi\u015bcie nadzoruj\u0105c organizacj\u0119 poszukiwa\u0144.<\/p>\n\n\n\n<p>Hitler uwa\u017ca\u0142 jednoznacznie, \u017ce \u201e&nbsp;<em>niekt\u00f3rzy przedstawiciele podziemnej superrasy byli ju\u017c za granic\u0105 na \u015bwiecie<\/em>&nbsp;\u201d.<\/p>\n\n\n\n<p>Jak podobno relacjonowa\u0142 Hitler: \u201e&nbsp;<em>Nowy cz\u0142owiek jest w\u015br\u00f3d nas\u201d. On jest tu! Teraz jeste\u015b zadowolony? Powiem Ci sekret. Widzia\u0142em wizj\u0119 nowego cz\u0142owieka \u2013 nieustraszonego i gro\u017anego. Odsun\u0119\u0142am si\u0119 od niego<\/em>&nbsp;.&nbsp;<\/p>\n\n\n\n<p>Hitler nakaza\u0142 tak\u017ce szereg wypraw do kopal\u0144 niemieckich (&nbsp;<a href=\"http:\/\/thirdreichocculthistory.blogspot.co.uk\/2011\/07\/dietrich-eckart-hitlers-mentor.html\" target=\"_blank\" rel=\"noreferrer noopener\">Untersberg<\/a>&nbsp;), szwajcarskich i w\u0142oskich w celu poszukiwania wej\u015b\u0107 do miast-jaski\u0144 Nadludzi.<\/p>\n\n\n\n<p><a href=\"http:\/\/thirdreichocculthistory.blogspot.co.uk\/2011\/07\/dietrich-eckart-hitlers-mentor.html\">Wiadomo , \u017ce Untersberg&nbsp;<\/a>zamieszkuj\u0105&nbsp;pewne rodzaje \u017cywio\u0142\u00f3w natury, z kt\u00f3rych niekt\u00f3re s\u0105 dobre i \u017cyczliwe, inne za\u015b niegodziwe i z\u0142o\u015bliwe oraz wrogie ludzko\u015bci; a w\u015br\u00f3d mieszka\u0144c\u00f3w okolicy kr\u0105\u017c\u0105 niezliczone opowie\u015bci, opowiadaj\u0105ce o poczynaniach gnom\u00f3w, wr\u00f3\u017cek i olbrzym\u00f3w zamieszkuj\u0105cych jaskinie oraz wspania\u0142e marmurowe sale i groty wype\u0142nione z\u0142otem i drogimi kamieniami, kt\u00f3re zamieniaj\u0105 si\u0119 w martwe li\u015bcie i kamienie gdy wida\u0107 je w \u015bwietle dnia.<\/p>\n\n\n<div class=\"wp-block-image\">\n<figure class=\"alignright size-full\"><img loading=\"lazy\" decoding=\"async\" width=\"198\" height=\"200\" src=\"https:\/\/wia.net.pl\/wp-content\/uploads\/2024\/04\/image-30.png\" alt=\"\" class=\"wp-image-8145\"\/><\/figure><\/div>\n\n\n<blockquote class=\"wp-block-quote is-layout-flow wp-block-quote-is-layout-flow\">\n<p>\u201eNiekt\u00f3re zaprzyja\u017anione plemiona wychodz\u0105 z Untersbergu przy pewnych okazjach i podobno czasami spotyka\u0142y si\u0119 z mieszka\u0144cami naszego planu istnienia, uczestnicz\u0105c w ta\u0144cach i zabawach ch\u0142opskich, a nawet zabieraj\u0105c ze sob\u0105 bezdomne dzieci do Untersberg; i cho\u0107 mo\u017ce si\u0119 to wydawa\u0107 niewiarygodne, \u201eci, kt\u00f3rzy wiedz\u0105\u201d, twierdz\u0105 nawet, \u017ce ma\u0142\u017ce\u0144stwa mia\u0142y miejsce pomi\u0119dzy obywatelami naszego \u015bwiata a mieszka\u0144cami kr\u00f3lestwa gnom\u00f3w. Oczywi\u015bcie powszechnie wiadomo, \u017ce w tajemniczych g\u0142\u0119binach Untersbergu mieszka dusza wielkiego cesarza w jego astralnej formie.Tam wraz ze swoj\u0105 \u015bwit\u0105 \u015bpi zaczarowanym snem, czekaj\u0105c na wyzwolenie swego kraju.<\/p>\n<\/blockquote>\n\n\n\n<blockquote class=\"wp-block-quote is-layout-flow wp-block-quote-is-layout-flow\">\n<p>Czasami bardzo nagle, nawet w pogodny letni dzie\u0144, ze zboczy g\u00f3ry wida\u0107 chmury; groteskowo uformowane, przypominaj\u0105ce duchy mg\u0142y wy\u0142aniaj\u0105 si\u0119 z jaski\u0144 i przepa\u015bci, pe\u0142zaj\u0105 i szybuj\u0105 powoli w g\u00f3r\u0119 w kierunku szczytu, a tak\u017ce tworz\u0105 si\u0119 na s\u0105siednich szczytach, chmury o potwornych kszta\u0142tach, a czasem o gigantycznych rozmiarach, unosz\u0105ce si\u0119 dalej, a\u017c g\u0142owa Untersberg zostanie otoczony przez wzburzone morze opar\u00f3w, kt\u00f3re staj\u0105 si\u0119 g\u0119ste i ciemne. Rzadko uwzgl\u0119dniany w analizach historycznych Trzeciej Rzeszy i Adolfa Hitlera, duchowo hipnotyzuj\u0105cy wp\u0142yw g\u00f3ry Untersberg. Pierwsze bezpo\u015brednie spotkanie Hitlera mia\u0142o miejsce w 1923 r. i wtedy przysz\u0142y f\u00fchrer opisa\u0142 swoje odczucia: \u201e&nbsp;<em>To by\u0142o cudowne! Widok na Untersberg! Nie do opisania!&nbsp;<\/em>\u201d. Chocia\u017c nie zosta\u0142o to szczeg\u00f3\u0142owo zapisane, jest ma\u0142o prawdopodobne, aby m\u0142ody Hitler nie by\u0142 nie\u015bwiadomy pism Franza Hartmanna. Niedawna wyprawa (sierpie\u0144 2008) do gigantycznego systemu jaski\u0144 pod g\u00f3r\u0105 ujawni\u0142a, \u017ce \u200b\u200bschodzi on tak g\u0142\u0119boko, \u017ce nie osi\u0105gni\u0119to jeszcze najni\u017cszego punktu. Badacze jaski\u0144 musieli wraca\u0107 z wyprawy, nie wiedz\u0105c, jak daleko si\u0119ga.<\/p>\n<\/blockquote>\n\n\n<div class=\"wp-block-image\">\n<figure class=\"alignright size-full\"><img loading=\"lazy\" decoding=\"async\" width=\"200\" height=\"130\" src=\"https:\/\/wia.net.pl\/wp-content\/uploads\/2024\/04\/image-31.png\" alt=\"\" class=\"wp-image-8146\"\/><figcaption class=\"wp-element-caption\">Teleskop w&nbsp;<br><a href=\"http:\/\/thirdreichocculthistory.blogspot.co.uk\/2011\/07\/dietrich-eckart-hitlers-mentor.html\" target=\"_blank\" rel=\"noreferrer noopener\">Berghof<\/a><\/figcaption><\/figure><\/div>\n\n\n<p>A na tarasie Hitler zainstalowa\u0142 najlepsze, bardzo du\u017ce teleskopy naziemne (patrz po lewej), aby m\u00f3c szczeg\u00f3\u0142owo obserwowa\u0107 tajemniczy Untersberg.<\/p>\n\n\n\n<blockquote class=\"wp-block-quote is-layout-flow wp-block-quote-is-layout-flow\">\n<p>Wed\u0142ug doniesie\u0144 niemieckiej gazety zeszli na g\u0142\u0119boko\u015b\u0107 1056 metr\u00f3w, po czym zmuszeni byli zawr\u00f3ci\u0107 w przepa\u015b\u0107 przypominaj\u0105c\u0105 otch\u0142a\u0144. Osi\u0105gni\u0119to to poprzez mo\u017cliwo\u015b\u0107 przej\u015bcia przez niezwykle w\u0105skie przej\u015bcie, kt\u00f3re wcze\u015bniej by\u0142o nieprzejezdne.&nbsp;&nbsp;Odkryli tak\u017ce ponad 800 nowych przej\u015b\u0107 i jezioro na g\u0142\u0119boko\u015bci 930 metr\u00f3w.<\/p>\n<\/blockquote>\n\n\n\n<p>M\u00f3wi si\u0119 nawet, \u017ce Hitler nakaza\u0142 przeprowadzenie bada\u0144 nad \u017cyciem Bulwera-Lyttona w celu ustalenia, czy autor sam odwiedzi\u0142 kr\u00f3lestwo Vril-ya.<\/p>\n\n\n<div class=\"wp-block-image\">\n<figure class=\"alignright size-full\"><img loading=\"lazy\" decoding=\"async\" width=\"158\" height=\"200\" src=\"https:\/\/wia.net.pl\/wp-content\/uploads\/2024\/04\/image-32.png\" alt=\"\" class=\"wp-image-8147\"\/><figcaption class=\"wp-element-caption\">Doktor Antonin Horak<\/figcaption><\/figure><\/div>\n\n\n<p>Antonin Horak, speleolog i cz\u0142onek powstania s\u0142owackiego, w pa\u017adzierniku 1944 roku przypadkowo odkry\u0142 dziwny tunel w Czechos\u0142owacji.<\/p>\n\n\n\n<p>Doktor Horak milcza\u0142 na temat odkrycia a\u017c do 1965 roku, kiedy to opublikowa\u0142 relacj\u0119 w \u201eNational Speleological Society News\u201d.<\/p>\n\n\n\n<p>W swoim artykule dr Horak stwierdzi\u0142, \u017ce on i dw\u00f3ch innych bojownik\u00f3w ruchu oporu odnale\u017ali tunel w pobli\u017cu wsi Plavince i Lubocna (poda\u0142 do\u015b\u0107 konkretn\u0105 lokalizacj\u0119: 49,2 stopnia na p\u00f3\u0142noc i 20,7 stopnia na wsch\u00f3d).<\/p>\n\n\n\n<p>W\u0142a\u015bnie prze\u017cywszy potyczk\u0119 z Niemcami, trzej m\u0119\u017cczy\u017ani (w tym jeden ci\u0119\u017cko ranny) zwr\u00f3cili si\u0119 o pomoc do miejscowego ch\u0142opa.<\/p>\n\n\n\n<p>Zaprowadzi\u0142 ich do podziemnej groty, gdzie mogli si\u0119 ukry\u0107 i odpocz\u0105\u0107.<\/p>\n\n\n\n<p>Ch\u0142op powiedzia\u0142 ludziom ruchu oporu, \u017ce jaskinia zawiera do\u0142y, skupiska truj\u0105cego gazu, a tak\u017ce jest nawiedzona, i ostrzeg\u0142 ich, aby nie zapuszczali si\u0119 zbyt daleko do \u015brodka.<\/p>\n\n\n\n<p>Nie mieli zamiaru tego robi\u0107, takie by\u0142o ich zm\u0119czenie.<\/p>\n\n\n\n<p>Opatrzyli rany towarzysza i zasn\u0119li.<\/p>\n\n\n\n<p>Nast\u0119pnego dnia ciekawo\u015b\u0107 Horaka zwyci\u0119\u017cy\u0142a i czekaj\u0105c, a\u017c ranny odzyska si\u0142y na tyle, aby m\u00f3c ponownie podr\u00f3\u017cowa\u0107, postanowi\u0142 troch\u0119 zwiedzi\u0107 jaskini\u0119.<\/p>\n\n\n\n<p>Po chwili dotar\u0142 do cz\u0119\u015bci zupe\u0142nie innej ni\u017c reszta jaskini. Zapalaj\u0105c&nbsp;<em>kilka pochodni, zobaczy\u0142em, \u017ce znajduj\u0119 si\u0119 w przestronnym, zakrzywionym, czarnym szybie utworzonym przez \u015bciany przypominaj\u0105ce klify. Pod\u0142og\u0119 na pochy\u0142o\u015bci stanowi\u0142 solidny wapienny bruk.<\/em>&nbsp;&#8217;<\/p>\n\n\n\n<p>Tunel ci\u0105gn\u0105\u0142 si\u0119 w niesko\u0144czono\u015b\u0107.<br>Doktor Horak postanowi\u0142 pobra\u0107 pr\u00f3bk\u0119 \u015bciany, ale kilofem nie uda\u0142o mu si\u0119 zrobi\u0107 \u017cadnego wra\u017cenia.<\/p>\n\n\n\n<p>Wzi\u0105\u0142 pistolet i strzeli\u0142 w \u015bcian\u0119. \u201e&nbsp;<em>Kula wbi\u0142a si\u0119 w substancj\u0119 \u015bcian z og\u0142uszaj\u0105cym, ognistym uderzeniem<\/em>&nbsp;\u201d \u2013 napisa\u0142. B\u0142ysn\u0119\u0142y&nbsp;iskry&nbsp;<em>, rozleg\u0142 si\u0119 ryk, ale z substancji nie spad\u0142a drzazga. Pojawi\u0142a si\u0119 tylko ma\u0142a pr\u0119ga, d\u0142ugo\u015bci mniej wi\u0119cej po\u0142owy mojego palca, kt\u00f3ra wydziela\u0142a ostry zapach.<\/em>&nbsp;&#8217;<\/p>\n\n\n\n<p>Nast\u0119pnie doktor Horak wr\u00f3ci\u0142 do swoich towarzyszy i opowiedzia\u0142 im o tunelu, kt\u00f3ry najwyra\u017aniej zosta\u0142 zbudowany przez cz\u0142owieka. Siedzia\u0142em&nbsp;<em>przy ogniu i spekulowa\u0142em. Jak daleko si\u0119ga\u0142 w ska\u0142y? Zastanawia\u0142em si\u0119. Kto lub co umie\u015bci\u0142o to w g\u00f3rze? Czy by\u0142o to dzie\u0142o cz\u0142owieka? I czy by\u0142 to wreszcie dow\u00f3d na prawdziwo\u015b\u0107 legend \u2013 takich jak legenda Platona \u2013 o dawno zaginionych cywilizacjach wyposa\u017conych w magiczne technologie, kt\u00f3rych nie jeste\u015bmy w stanie poj\u0105\u0107 ani w kt\u00f3re nie mo\u017cemy uwierzy\u0107 naszym rozumem?<\/em>&nbsp;&#8217;<\/p>\n\n\n\n<p>Najwyra\u017aniej nikt inny nie bada\u0142 tego tunelu od czasu doktora Horaka w 1944 roku.<\/p>\n\n\n\n<p>Ch\u0142opi mieszkaj\u0105cy w tym regionie najwyra\u017aniej wiedzieli o jego istnieniu, ale trzymali si\u0119 z daleka.<\/p>\n\n\n\n<p>Opr\u00f3cz opowie\u015bci o niemieckich wyprawach minowych do Europy \u015arodkowo-Wschodniej podczas drugiej wojny \u015bwiatowej, autorzy okultyzmu cz\u0119sto nawi\u0105zywali do niemieckich wypraw do Tybetu, rzekomo maj\u0105cych na celu zlokalizowanie i nawi\u0105zanie kontaktu z grup\u0105 wysokich lam\u00f3w maj\u0105cych dost\u0119p do fantastycznych moc.<\/p>\n\n\n\n<p>Ameryka\u0144ski badacz Peter Levenda by\u0142 sceptyczny w stosunku do rzekomych powi\u0105za\u0144 nazist\u00f3w z Tybetem, dop\u00f3ki nie zacz\u0105\u0142 szuka\u0107 wzmianek w mikrofilmach w Sekcji Zdobytych Dokument\u00f3w Niemieckich Archiwum Narodowego w Waszyngtonie.<\/p>\n\n\n<div class=\"wp-block-image\">\n<figure class=\"alignleft size-full\"><img loading=\"lazy\" decoding=\"async\" width=\"173\" height=\"200\" src=\"https:\/\/wia.net.pl\/wp-content\/uploads\/2024\/04\/image-33.png\" alt=\"\" class=\"wp-image-8148\"\/><figcaption class=\"wp-element-caption\">God\u0142o&nbsp;<br><a href=\"http:\/\/occultreich.blogspot.co.uk\/2012\/03\/order-of-ss.html\" target=\"_blank\" rel=\"noreferrer noopener\">Ahnenerbe<\/a><\/figcaption><\/figure><\/div>\n\n<div class=\"wp-block-image\">\n<figure class=\"alignright size-full\"><img loading=\"lazy\" decoding=\"async\" width=\"148\" height=\"200\" src=\"https:\/\/wia.net.pl\/wp-content\/uploads\/2024\/04\/image-34.png\" alt=\"\" class=\"wp-image-8149\"\/><figcaption class=\"wp-element-caption\"><a href=\"http:\/\/occultreich.blogspot.co.uk\/2012\/03\/order-of-ss.html\" target=\"_blank\" rel=\"noreferrer noopener\">Doktor Ernst Schafer<\/a><\/figcaption><\/figure><\/div>\n\n\n<p>Odkry\u0142 bogactwo, licz\u0105ce setki stron, materia\u0142\u00f3w dotycz\u0105cych prac doktora Ernsta Schafera z&nbsp;<a href=\"http:\/\/thirdreichocculthistory.blogspot.co.uk\/2011\/08\/ahnenerbe.html\" target=\"_blank\" rel=\"noreferrer noopener\">Ahnenerbe<\/a>&nbsp;.<\/p>\n\n\n\n<p>Dokumenty te obejmowa\u0142y osobiste notatki&nbsp;<a href=\"http:\/\/occultreich.blogspot.co.uk\/2012\/03\/order-of-ss.html\" target=\"_blank\" rel=\"noreferrer noopener\">doktora Schafera<\/a>&nbsp;, jego korespondencj\u0119, wycinki z kilku niemieckich gazet i jego akta SS opisuj\u0105ce wypraw\u0119 do wschodniego i \u015brodkowego Tybetu w latach 1934\u20131936 oraz oficjaln\u0105 wypraw\u0119 SS do Tybetu w latach 1938\u20131939 pod dow\u00f3dztwem jego przyw\u00f3dztwo.<\/p>\n\n\n\n<p>Jak pokazuje Levenda, ekspedycja nie tyle skupia\u0142a si\u0119 na skontaktowaniu si\u0119 z tybeta\u0144skimi przedstawicielami podziemnej superrasy, ile na skatalogowaniu flory i fauny regionu (dzia\u0142alno\u015b\u0107 o niewielkiej warto\u015bci militarnej dla Trzeciej Rzeszy, co czasami sprawia\u0142o Schaferowi trudno\u015bci mia\u0142 na celu zabezpieczenie \u015brodk\u00f3w na swoje podr\u00f3\u017ce).<\/p>\n\n\n\n<p>Urodzony 14 marca 1910 r. w Kolonii w zamo\u017cnej rodzinie przemys\u0142owc\u00f3w Ernst Schafer ucz\u0119szcza\u0142 do szk\u00f3\u0142 w Heidelbergu i Getyndze, a swoj\u0105 pierwsz\u0105 wypraw\u0119 do Tybetu wyruszy\u0142 w 1930 r. pod auspicjami Akademii Nauk Przyrodniczych w Filadelfii, maj\u0105c zaledwie dwadzie\u015bcia lat. .<\/p>\n\n\n\n<p>W nast\u0119pnym roku do\u0142\u0105czy\u0142 do ameryka\u0144skiej wyprawy Brooke Dolan na Syberi\u0119, do Chin i Tybetu.<\/p>\n\n\n<div class=\"wp-block-image\">\n<figure class=\"alignright size-full\"><img loading=\"lazy\" decoding=\"async\" width=\"200\" height=\"200\" src=\"https:\/\/wia.net.pl\/wp-content\/uploads\/2024\/04\/image-35.png\" alt=\"\" class=\"wp-image-8150\" srcset=\"https:\/\/wia.net.pl\/wp-content\/uploads\/2024\/04\/image-35.png 200w, https:\/\/wia.net.pl\/wp-content\/uploads\/2024\/04\/image-35-150x150.png 150w\" sizes=\"(max-width: 200px) 100vw, 200px\" \/><figcaption class=\"wp-element-caption\">God\u0142o&nbsp;<br><a href=\"http:\/\/thirdreichocculthistory.blogspot.co.uk\/2011\/07\/heinrich-himmler-ahnenerbe.html\" target=\"_blank\" rel=\"noreferrer noopener\">SS<\/a><\/figcaption><\/figure><\/div>\n\n\n<p>W po\u0142owie 1933 roku zosta\u0142 cz\u0142onkiem SS&nbsp;&nbsp;<a href=\"http:\/\/thirdreichocculthistory.blogspot.co.uk\/2011\/07\/heinrich-himmler-ahnenerbe.html\" target=\"_blank\" rel=\"noreferrer noopener\">,<\/a>&nbsp;a w 1942 roku ostatecznie osi\u0105gn\u0105\u0142 stopie\u0144 Sturmbannfuhrera.<\/p>\n\n\n\n<p>Opr\u00f3cz tego, \u017ce by\u0142&nbsp;<a href=\"http:\/\/occultreich.blogspot.co.uk\/2012\/03\/order-of-ss.html\" target=\"_blank\" rel=\"noreferrer noopener\">oficerem SS<\/a>&nbsp;, Schafer by\u0142 tak\u017ce szanowanym naukowcem, kt\u00f3ry publikowa\u0142 artyku\u0142y w r\u00f3\u017cnych czasopismach, takich jak Proceedings of the Academy of Natural Sciences w Filadelfii.<\/p>\n\n\n\n<p>Schafer by\u0142 \u201ecz\u0142owiekiem o wielu cechach: po cz\u0119\u015bci oficerze SS i po cz\u0119\u015bci uczonym, po cz\u0119\u015bci odkrywcy i po cz\u0119\u015bci naukowcu: \u201enarodowym socjalist\u0105 Indiana Jonesem\u201d.<\/p>\n\n\n\n<p>Schafer by\u0142 tak\u017ce g\u0142\u0119boko zainteresowany praktykami religijnymi i kulturowymi Tybeta\u0144czyk\u00f3w&nbsp;<a href=\"http:\/\/occultreich.blogspot.co.uk\/2012\/03\/order-of-ss.html\" target=\"_blank\" rel=\"noreferrer noopener\">,<\/a>&nbsp;w tym ich seksualno\u015bci\u0105. (Istotnie, cz\u0142onkowie wyprawy z lat 1938\u20131939 wykazywali nieco lubie\u017cn\u0105 fascynacj\u0119 praktykami intymnymi: na przyk\u0142ad re\u017cyser Ernst Krause z wielk\u0105 staranno\u015bci\u0105 zapisa\u0142 swoj\u0105 obserwacj\u0119 pi\u0119tnastoletniej dziewczyny z Lanchung masturbuj\u0105cej si\u0119 na mo\u015bcie Belka.)<\/p>\n\n\n<div class=\"wp-block-image\">\n<figure class=\"alignleft size-full\"><img loading=\"lazy\" decoding=\"async\" width=\"320\" height=\"219\" src=\"https:\/\/wia.net.pl\/wp-content\/uploads\/2024\/04\/image-36.png\" alt=\"\" class=\"wp-image-8151\" srcset=\"https:\/\/wia.net.pl\/wp-content\/uploads\/2024\/04\/image-36.png 320w, https:\/\/wia.net.pl\/wp-content\/uploads\/2024\/04\/image-36-300x205.png 300w\" sizes=\"(max-width: 320px) 100vw, 320px\" \/><figcaption class=\"wp-element-caption\">Grupa Schafera w Tybecie<\/figcaption><\/figure><\/div>\n\n\n<p>Nie kataloguj\u0105c flory i fauny (i nie szpieguj\u0105c nastoletnich dziewcz\u0105t), cz\u0142onkom ekspedycji uda\u0142o si\u0119 przeprowadzi\u0107 inne badania, kt\u00f3re obejmowa\u0142y wyczerpuj\u0105ce badanie cech fizycznych Tybeta\u0144czyk\u00f3w.<\/p>\n\n\n\n<p>Schafer zaobserwowa\u0142 wzrost i wag\u0119, kszta\u0142t d\u0142oni i st\u00f3p, kolor i kszta\u0142t oczu, a nawet wykona\u0142 gipsowe odlewy twarzy Tybeta\u0144czyk\u00f3w.<\/p>\n\n\n\n<p>Na pierwszy rzut oka mo\u017ce wydawa\u0107 si\u0119 skrajnie dziwne, \u017ce architekci III Rzeszy interesowali si\u0119 regionem, kt\u00f3ry wielu uwa\u017ca za duchowe centrum \u015bwiata; dop\u00f3ki nie przypomnimy sobie, \u017ce wed\u0142ug mitologii Thulean o\u015brodek ten by\u0142 niegdy\u015b&nbsp;<em>ojczyzn\u0105 Aryjczyk\u00f3w<\/em>&nbsp;w Arktyce i zosta\u0142 wyparty wraz z upadkiem Atlantydy oko\u0142o 10 800 lat p.n.e.<\/p>\n\n\n<div class=\"wp-block-image\">\n<figure class=\"alignright size-full\"><img loading=\"lazy\" decoding=\"async\" width=\"320\" height=\"138\" src=\"https:\/\/wia.net.pl\/wp-content\/uploads\/2024\/04\/image-37.png\" alt=\"\" class=\"wp-image-8152\" srcset=\"https:\/\/wia.net.pl\/wp-content\/uploads\/2024\/04\/image-37.png 320w, https:\/\/wia.net.pl\/wp-content\/uploads\/2024\/04\/image-37-300x129.png 300w\" sizes=\"(max-width: 320px) 100vw, 320px\" \/><figcaption class=\"wp-element-caption\">Szambala<\/figcaption><\/figure><\/div>\n\n\n<p><\/p>\n\n\n\n<p>Od tego czasu centrum duchowe, cho\u0107 pozostaje ukryte przed zdecydowan\u0105 wi\u0119kszo\u015bci\u0105 ludzko\u015bci, kt\u00f3ra nie jest godna jego tajemnic, jest jednak g\u0142\u00f3wn\u0105 si\u0142\u0105 kontroluj\u0105c\u0105 losy planety.<\/p>\n\n\n\n<p>Dwie ukryte krainy Agartha i Szambala stanowi\u0105 podw\u00f3jne \u017ar\u00f3d\u0142o nadprzyrodzonej mocy emanuj\u0105cej z Tybetu i zajmuj\u0105 wa\u017cne miejsce w XX-wiecznym okultyzmie i pobocznej nauce.&nbsp;Po\u0142\u0105czenie Trzecia Rzesza \u2013 Tybet<\/p>\n\n\n<div class=\"wp-block-image\">\n<figure class=\"alignleft size-full\"><img loading=\"lazy\" decoding=\"async\" width=\"200\" height=\"164\" src=\"https:\/\/wia.net.pl\/wp-content\/uploads\/2024\/04\/image-38.png\" alt=\"\" class=\"wp-image-8153\"\/><figcaption class=\"wp-element-caption\"><a href=\"http:\/\/occultreich.blogspot.co.uk\/2012\/03\/order-of-ss.html\" target=\"_blank\" rel=\"noreferrer noopener\">Tybet<\/a><\/figcaption><\/figure><\/div>\n\n<div class=\"wp-block-image\">\n<figure class=\"alignright size-full\"><img loading=\"lazy\" decoding=\"async\" width=\"200\" height=\"124\" src=\"https:\/\/wia.net.pl\/wp-content\/uploads\/2024\/04\/image-39.png\" alt=\"\" class=\"wp-image-8154\"\/><figcaption class=\"wp-element-caption\"><a href=\"http:\/\/occultreich.blogspot.co.uk\/2012\/03\/order-of-ss.html\" target=\"_blank\" rel=\"noreferrer noopener\">Lahsa \u2013 Tybet<\/a><\/figcaption><\/figure><\/div>\n\n\n<p>Tybet by\u0142 niegdy\u015b ojczyzn\u0105 Aryjczyk\u00f3w w Arktyce i zosta\u0142 wysiedlony wraz z upadkiem Atlantydy oko\u0142o 10 800 lat p.n.e.<br>Od tego czasu centrum duchowe, cho\u0107 pozostaje ukryte przed zdecydowan\u0105 wi\u0119kszo\u015bci\u0105 ludzko\u015bci, kt\u00f3ra nie jest godna jego tajemnic, jest jednak g\u0142\u00f3wn\u0105 si\u0142\u0105 kontroluj\u0105c\u0105 losy planety.<\/p>\n\n\n\n<p>Dwie ukryte krainy Agartha i Szambala stanowi\u0105 podw\u00f3jne \u017ar\u00f3d\u0142o nadprzyrodzonej mocy emanuj\u0105cej z&nbsp;<a href=\"http:\/\/occultreich.blogspot.co.uk\/2012\/03\/order-of-ss.html\" target=\"_blank\" rel=\"noreferrer noopener\">Tybetu<\/a>&nbsp;i zajmuj\u0105 wa\u017cne miejsce w XX-wiecznym okultyzmie i nauce okultystycznej.<\/p>\n\n\n\n<p>Zanim zajmiemy si\u0119 rzekomym zainteresowaniem Trzeciej Rzeszy Agarth\u0105 i Szambali\u0105, koniecznie zatrzymajmy si\u0119 na chwil\u0119, aby przyjrze\u0107 si\u0119 roli Szambali w mistyce tybeta\u0144skiej.&nbsp;Szambala<\/p>\n\n\n<div class=\"wp-block-image\">\n<figure class=\"alignright size-full\"><img loading=\"lazy\" decoding=\"async\" width=\"320\" height=\"154\" src=\"https:\/\/wia.net.pl\/wp-content\/uploads\/2024\/04\/image-40.png\" alt=\"\" class=\"wp-image-8155\" srcset=\"https:\/\/wia.net.pl\/wp-content\/uploads\/2024\/04\/image-40.png 320w, https:\/\/wia.net.pl\/wp-content\/uploads\/2024\/04\/image-40-300x144.png 300w\" sizes=\"(max-width: 320px) 100vw, 320px\" \/><\/figure><\/div>\n\n\n<p>Staro\u017cytne pisma chi\u0144skie wspominaj\u0105 o Nu i Kua, \u201eazjatyckich prototypach Adama i Ewy\u201d oraz ich miejscu narodzin w g\u00f3rach Kun Lun w Azji \u015arodkowej.<\/p>\n\n\n\n<p>Jest czym\u015b w rodzaju tajemnicy, dlaczego tak odludne, odra\u017caj\u0105ce miejsce mia\u0142o s\u0142u\u017cy\u0107 jako chi\u0144ski ogr\u00f3d Eden, a nie bardziej go\u015bcinne regiony, takie jak dolina Jangcy czy prowincja Shantung, i mo\u017cemy spekulowa\u0107, \u017ce pustynia Gobi mog\u0142a kiedy\u015b istnie\u0107 by\u0142o morzem \u015br\u00f3dl\u0105dowym z towarzysz\u0105c\u0105 mu \u017cyzn\u0105 ziemi\u0105.<\/p>\n\n\n\n<p>Gobi jest g\u0142\u00f3wnym kandydatem na miejsce zamieszkania jednej ze staro\u017cytnych i nieznanych kultur cywilizacyjnych, kt\u00f3rych m\u0105dro\u015b\u0107 przekazywana by\u0142a przez wieki.<\/p>\n\n\n<div class=\"wp-block-image\">\n<figure class=\"alignleft size-full\"><img loading=\"lazy\" decoding=\"async\" width=\"320\" height=\"159\" src=\"https:\/\/wia.net.pl\/wp-content\/uploads\/2024\/04\/image-41.png\" alt=\"\" class=\"wp-image-8156\" srcset=\"https:\/\/wia.net.pl\/wp-content\/uploads\/2024\/04\/image-41.png 320w, https:\/\/wia.net.pl\/wp-content\/uploads\/2024\/04\/image-41-300x149.png 300w\" sizes=\"(max-width: 320px) 100vw, 320px\" \/><figcaption class=\"wp-element-caption\">Shangri-La<\/figcaption><\/figure><\/div>\n\n\n<p>Koncepcj\u0119 orientalnego ogrodu Eden w centrum Azji spopularyzowa\u0142a powie\u015b\u0107 \u201eZagubiony horyzont\u201d.&nbsp;<\/p>\n\n\n\n<p>Zagubiony horyzont to powie\u015b\u0107 angielskiego pisarza Jamesa Hiltona z 1933 roku.<\/p>\n\n\n\n<p>Ksi\u0105\u017cka zosta\u0142a przekszta\u0142cona w film w 1937 roku przez re\u017cysera Franka Capr\u0119 pod tym samym tytu\u0142em.<\/p>\n\n\n\n<p>Najlepiej jest zapami\u0119tane jako pocz\u0105tek Shangri-La, fikcyjnego utopijnego klasztoru po\u0142o\u017conego wysoko w g\u00f3rach Tybetu.<\/p>\n\n\n\n<p>G\u00f3ry Kun Lun zajmuj\u0105 bardzo wa\u017cne miejsce w mitologii chi\u0144skiej, poniewa\u017c uwa\u017ca si\u0119, \u017ce to w\u0142a\u015bnie w tych g\u00f3rach \u017cyj\u0105 Nie\u015bmiertelni, rz\u0105dzeni przez Hsi Wang Mu, Kr\u00f3low\u0105 Matk\u0119 Zachodu.<\/p>\n\n\n\n<p>M\u00f3wi si\u0119, \u017ce Hsi Wang Mu, zwana tak\u017ce Kuan Yin, bogini\u0105 mi\u0142osierdzia, mieszka w dziewi\u0119ciopi\u0119trowym pa\u0142acu z jadeitu.<\/p>\n\n\n\n<p>Pa\u0142ac otacza rozleg\u0142y ogr\u00f3d, w kt\u00f3rym ro\u015bnie Brzoskwiniowe Drzewo Nie\u015bmiertelno\u015bci.<\/p>\n\n\n\n<p>Tylko najm\u0105drzejsi i cnotliwi ludzie mog\u0105 odwiedza\u0107 ogr\u00f3d i je\u015b\u0107 owoce, kt\u00f3re pojawiaj\u0105 si\u0119 tylko raz na 6000 lat.<\/p>\n\n\n\n<p>Nie\u015bmiertelni, kt\u00f3rzy pomagaj\u0105 Hsi Wang Mu w jej pr\u00f3bach poprowadzenia ludzko\u015bci ku m\u0105dro\u015bci i wsp\u00f3\u0142czuciu, posiadaj\u0105 doskona\u0142e, ponadczasowe cia\u0142a i m\u00f3wi si\u0119, \u017ce s\u0105 w stanie podr\u00f3\u017cowa\u0107 w dowolne miejsce we Wszech\u015bwiecie i \u017cy\u0107 na planetach innych system\u00f3w gwiezdnych.<\/p>\n\n\n\n<p>Niezale\u017cnie od tego, czy staro\u017cytni Chi\u0144czycy wierzyli, \u017ce Nie\u015bmiertelni mog\u0105 podr\u00f3\u017cowa\u0107 w przestrzeni w swoich cia\u0142ach fizycznych, czy te\u017c poprzez projekcj\u0119 swoich umys\u0142\u00f3w, jest to nadal niezwyk\u0142a koncepcja, kt\u00f3ra zas\u0142uguje na rozrywk\u0119, poniewa\u017c opiera si\u0119 na akceptacji wielo\u015bci zamieszka\u0142ych \u015bwiat\u00f3w w Kosmosie.<\/p>\n\n\n\n<p>Staro\u017cytne chi\u0144skie teksty s\u0105 pe\u0142ne legend dotycz\u0105cych pr\u00f3b wielu ludzi przedostania si\u0119 przez pustyni\u0119 Gobi do g\u00f3r Kun Lun.<\/p>\n\n\n\n<p>Najbardziej znanym z tych poszukiwaczy jest z pewno\u015bci\u0105 wielki filozof Lao Tzu (ok. VI w. p.n.e.), autor ksi\u0119gi nauk taoistycznych Tao Te Ching, o kt\u00f3rym m\u00f3wi si\u0119, \u017ce pod koniec \u017cycia odby\u0142 podr\u00f3\u017c przez Gobi.<\/p>\n\n\n\n<p>W archiwach watyka\u0144skich znajduje si\u0119 tak\u017ce wiele raport\u00f3w misjonarzy katolickich dotycz\u0105cych delegacji cesarzy Chin do istot duchowych zamieszkuj\u0105cych g\u00f3ry.<\/p>\n\n\n\n<p>Istoty te posiadaj\u0105 cia\u0142a, kt\u00f3re s\u0105 widoczne, ale kt\u00f3re nie s\u0105 zbudowane z krwi i ko\u015bci: s\u0105 to bogowie \u201ezrodzeni z umys\u0142u\u201d, kt\u00f3rych cia\u0142a sk\u0142adaj\u0105 si\u0119 z elementarnej materii atomowej, co pozwala im \u017cy\u0107 w dowolnym miejscu we Wszech\u015bwiecie, nawet w centrach gwiazd.<\/p>\n\n\n\n<p>Mieszka\u0144cy Indii r\u00f3wnie\u017c wierz\u0105 w miejsce m\u0105dro\u015bci i duchowej doskona\u0142o\u015bci; nazywaj\u0105 j\u0105 Kalapa lub Katapa i podobno le\u017cy w regionie na p\u00f3\u0142noc od Himalaj\u00f3w, w Tybecie.<\/p>\n\n\n\n<p>Wed\u0142ug tradycji indyjskiej pustynia Gobi to dno niegdy\u015b wielkiego morza, na kt\u00f3rym znajdowa\u0142a si\u0119 wyspa zwana Sweta-Dvipa (Bia\u0142a Wyspa).<\/p>\n\n\n\n<p>Uwa\u017ca si\u0119, \u017ce wielcy jogini, kt\u00f3rzy kiedy\u015b tam mieszkali, nadal \u017cyj\u0105 w wysokich g\u00f3rach i g\u0142\u0119bokich dolinach, kt\u00f3re niegdy\u015b tworzy\u0142y wysp\u0119 Sweta-Dvipa.<\/p>\n\n\n\n<p>Wyspa ta zosta\u0142a uto\u017csamiona przez orientalist\u00f3w z wysp\u0105 Szambali z literatury puranicznej, o kt\u00f3rej m\u00f3wi si\u0119, \u017ce stoi na \u015brodku jeziora nektaru.<\/p>\n\n\n\n<p>W XVII wieku dw\u00f3ch misjonarzy jezuickich, Stephen Cacella i John Cabral, odnotowa\u0142o istnienie Chang Shambhala, jak opisali im lamowie z Shigatse, gdzie Cacella mieszka\u0142 przez 23 lata, a\u017c do swojej \u015bmierci w 1650 roku. (Chang Shambhala oznacza P\u00f3\u0142nocn\u0105 Szambali\u0119 , co odr\u00f3\u017cnia siedzib\u0119 duchowych adept\u00f3w od miasta zwanego Shamballa, na p\u00f3\u0142noc od Benares w Indiach.)<\/p>\n\n\n\n<p>Legendy o ukrytym duchowym centrum, \u015bwi\u0119tej strefie, kt\u00f3rej mieszka\u0144cy w tajemnicy kieruj\u0105 ewolucj\u0105 \u017cycia na Ziemi, s\u0105 szeroko rozpowszechnione w staro\u017cytnych kulturach wsch\u00f3d.<\/p>\n\n\n\n<p>Koncepcj\u0119 ukrytego duchowego centrum \u015bwiata mo\u017cna znale\u017a\u0107 w hinduizmie, buddyzmie, taoizmie, szamanizmie i innych staro\u017cytnych tradycjach.<\/p>\n\n\n\n<p>W religii Bon w przedbuddyjskim Tybecie Szambala nazywana jest tak\u017ce \u201eOlmolungring\u201d i \u201eDejong\u201d. W buddyzmie tybeta\u0144skim tradycja szambhaliczna jest zawarta w tekstach Kalaczakry, o kt\u00f3rych m\u00f3wi si\u0119, \u017ce Budda przekaza\u0142 je kr\u00f3lowi Szambali przed powrotem do Indii.<\/p>\n\n\n\n<p>Jak mo\u017cna by\u0142o si\u0119 spodziewa\u0107 po tak cudownym, nawiedzonym legendami miejscu, pojawi\u0142o si\u0119 wiele spekulacji na temat dok\u0142adnego miejsca pobytu Szambali.<\/p>\n\n\n<div class=\"wp-block-image\">\n<figure class=\"alignleft size-full\"><img loading=\"lazy\" decoding=\"async\" width=\"181\" height=\"200\" src=\"https:\/\/wia.net.pl\/wp-content\/uploads\/2024\/04\/image-42.png\" alt=\"\" class=\"wp-image-8157\"\/><figcaption class=\"wp-element-caption\">\u015awi\u0119ty Gral<\/figcaption><\/figure><\/div>\n\n\n<p>Podczas gdy niekt\u00f3rzy ezoterycy wierz\u0105, \u017ce Szambala jest rzeczywistym miejscem o konkretnej, fizycznej obecno\u015bci w sekretnym miejscu na Ziemi, inni wol\u0105 postrzega\u0107 j\u0105 jako istniej\u0105c\u0105 na wy\u017cszym poziomie duchowym, co mo\u017cna nazwa\u0107 innym wymiarem czasoprzestrzeni pokrywaj\u0105cym si\u0119 z naszym w\u0142asnym.<\/p>\n\n\n\n<p>Alternatywnie Szambala mo\u017ce by\u0107 uwa\u017cana za stan umys\u0142u por\u00f3wnywalny z terminami, w jakich niekt\u00f3rzy uwa\u017caj\u0105 \u015awi\u0119tego Graala.<\/p>\n\n\n\n<p>Podobnie jak w przypadku Graala, Szambala mo\u017ce by\u0107 stanem w nas samych, w kt\u00f3rym mo\u017cemy uzyska\u0107 wgl\u0105d w wy\u017csz\u0105 duchowo\u015b\u0107 w\u0142a\u015bciw\u0105 Wszech\u015bwiatowi, r\u00f3\u017cni\u0105c\u0105 si\u0119 od przyziemnego \u015bwiata podstawowej materii, w kt\u00f3rym normalnie istniejemy.<\/p>\n\n\n\n<p>Powiedziawszy to, nale\u017cy zauwa\u017cy\u0107, \u017ce istniej\u0105 pewne udokumentowane przypadki, w kt\u00f3rych ludzie Zachodu do\u015bwiadczyli wizji miejsc uderzaj\u0105co podobnych do legendarnej Szambali.<\/p>\n\n\n\n<p>Nasza wiedza o tradycji szambhalicznej na Zachodzie pochodzi g\u0142\u00f3wnie od uczonych orientalist\u00f3w, takich jak Helena Blavatsky, Rene Guenon, Louis Jacolliot, Saint-Yves d&#8217;Alveydre i Nicholas Roerich.<\/p>\n\n\n\n<p class=\"has-medium-font-size\"><strong>Szambala i teozofia<\/strong><\/p>\n\n\n<div class=\"wp-block-image\">\n<figure class=\"alignleft size-full\"><img loading=\"lazy\" decoding=\"async\" width=\"122\" height=\"200\" src=\"https:\/\/wia.net.pl\/wp-content\/uploads\/2024\/04\/image-43.png\" alt=\"\" class=\"wp-image-8158\"\/><figcaption class=\"wp-element-caption\">Csoma de K\u00f6r\u00f6s<\/figcaption><\/figure><\/div>\n\n\n<p>&nbsp;po raz pierwszy napisali\u015bmy cokolwiek w j\u0119zyku europejskim na temat Szambali w 1833 roku.<\/p>\n\n\n\n<p>Dokona\u0142 tego wielki w\u0119gierski uczony Csoma de K\u00f6r\u00f6s, autor pierwszego s\u0142ownika tybeta\u0144sko-angielskiego.<br>Napisa\u0142 artyku\u0142 o Kalaczakrze, w kt\u00f3rym wspomina Szambali\u0119. i to pierwszy raz, kiedy ktokolwiek w Europie s\u0142yszy cokolwiek o Szambali.<\/p>\n\n\n\n<p>W ci\u0105gu nast\u0119pnych dziesi\u0119cioleci dost\u0119pnych sta\u0142o si\u0119 nieco wi\u0119cej.<\/p>\n\n\n\n<p>W latach sze\u015b\u0107dziesi\u0105tych XIX wieku Niemiec opublikowa\u0142 ksi\u0105\u017ck\u0119 zatytu\u0142owan\u0105 Schlagintweit, zatytu\u0142owan\u0105 \u201eBuddyzm w Tybecie\u201d, kt\u00f3ra r\u00f3wnie\u017c m\u00f3wi o Szambali.<\/p>\n\n\n\n<p>Ponadto \u201eWisznu Purana\u201d jest r\u00f3wnie\u017c t\u0142umaczona na j\u0119zyk angielski.<\/p>\n\n\n<div class=\"wp-block-image\">\n<figure class=\"alignright size-full\"><img loading=\"lazy\" decoding=\"async\" width=\"200\" height=\"176\" src=\"https:\/\/wia.net.pl\/wp-content\/uploads\/2024\/04\/image-6.png\" alt=\"\" class=\"wp-image-8121\"\/><figcaption class=\"wp-element-caption\">\u0415\u043b\u0435\u0301\u043d\u0430 \u041f\u0435\u0442\u0440\u043e\u0301\u0432\u043d\u0430 \u0411\u043b\u0430\u0432\u0430\u0301\u0442\u0441\u043a\u0430\u044f<br>Pani B\u0142awatska<\/figcaption><\/figure><\/div>\n\n\n<p>W tym samym czasie&nbsp;<a href=\"http:\/\/thirdreichocculthistory.blogspot.co.uk\/2011\/06\/introduction.html\" target=\"_blank\" rel=\"noreferrer noopener\">Madame Blavatsky<\/a>&nbsp;uda\u0142a si\u0119 do Indii.<\/p>\n\n\n\n<p>Jedyne \u017ar\u00f3d\u0142a informacji, jakie posiada\u0142a na temat Szambali, pochodzi\u0142y z dw\u00f3ch powy\u017cszych publikacji.<\/p>\n\n\n\n<p>Je\u015bli chodzi o rozw\u00f3j europejskich idei dotycz\u0105cych Szambali, stwierdzamy, \u017ce rozwijaj\u0105 si\u0119 dwa g\u0142\u00f3wne nurty.<\/p>\n\n\n\n<p>Jednym z nich jest podkre\u015blenie Szambali jako rodzaju duchowego raju, a drugi wywodzi si\u0119 z idei, \u017ce si\u0142y Szambali zniszczy\u0142y lub wyp\u0119dzi\u0142y szkodliwych naje\u017ad\u017ac\u00f3w, kt\u00f3rzy pr\u00f3bowali pozby\u0107 si\u0119 wszelkiej praktyki duchowej.<\/p>\n\n\n\n<p>Wprowadzono wi\u0119c bardziej destrukcyjny aspekt Szambali \u2013 silnie oczyszczaj\u0105cy \u015bwiat z tzw. z\u0142a.<\/p>\n\n\n\n<p>B\u0142awatska jednak podkre\u015bli\u0142a pierwszy aspekt \u2013 Szambali\u0119 jako krain\u0119 duchow\u0105, przedstawiaj\u0105c j\u0105 w kategoriach&nbsp; geografii&nbsp;buddyjskiej i hinduskiej&nbsp;&nbsp;\u2013 z g\u00f3r\u0105 Meru w centrum i otaczaj\u0105cymi j\u0105 czterema kontynentami.<\/p>\n\n\n\n<p>Pierwszy z tych kontynent\u00f3w, Lemuria, zaton\u0105\u0142, a nast\u0119pnie mieszka\u0144cy przenie\u015bli si\u0119 na inny z kontynent\u00f3w, kt\u00f3ry B\u0142awatska okre\u015bli\u0142a jako&nbsp;&nbsp;<a href=\"http:\/\/thirdreichocculthistory.blogspot.co.uk\/2011\/06\/introduction.html\" target=\"_blank\" rel=\"noreferrer noopener\">Atlantyd\u0119<\/a>&nbsp;.<\/p>\n\n\n\n<p>Jednak\u017ce osoby rozwini\u0119te duchowo uciekli do Szambali, gdy Atlantyd\u0119 dotkn\u0119\u0142a katastrofa.<\/p>\n\n\n\n<p>B\u0142awatska twierdzi\u0142a, \u017ce \u200b\u200bSchambala by\u0142a \u015bwi\u0119t\u0105 wysp\u0105 na pustyni Gobi. P\u00f3\u017aniej,&nbsp;mi\u0119dzy innymi Roerich stwierdzi\u0142,&nbsp;&nbsp;\u017ce Szambala by\u0142a \u017ar\u00f3d\u0142em jej nauk, \u201eDie&nbsp;&nbsp;Geheimlehre&nbsp;\u201d (Tajemnej Doktryny).<\/p>\n\n\n<div class=\"wp-block-image\">\n<figure class=\"alignleft size-full\"><img loading=\"lazy\" decoding=\"async\" width=\"181\" height=\"200\" src=\"https:\/\/wia.net.pl\/wp-content\/uploads\/2024\/04\/image-44.png\" alt=\"\" class=\"wp-image-8159\"\/><figcaption class=\"wp-element-caption\">&nbsp;\u041d\u0438\u043a\u043e\u043b\u0430\u0301\u0439 \u041a\u043e\u043d\u0441\u0442\u0430\u043d\u0442\u0438\u0301\u043d\u043e\u0432\u0438\u0447 \u0420\u0435\u0301\u0440\u0438\u0445<br><br>Nicholas Roerich<\/figcaption><\/figure><\/div>\n\n\n<p>Nicholas Roerich (1874-1947), poeta, artysta, mistyk i humanista, a tak\u017ce by\u0107 mo\u017ce najbardziej znany i szanowany z ezoteryk\u00f3w, kt\u00f3rzy przynie\u015bli ludziom Zachodu wie\u015bci o tej bajecznej krainie.<\/p>\n\n\n\n<p>Urodzony w Sankt Petersburgu w Rosji w 1874 roku Nicholas Roerich pochodzi\u0142 z wybitnej rodziny, kt\u00f3rej zdolno\u015b\u0107 do prze\u015bledzenia swoich pocz\u0105tk\u00f3w a\u017c do Wiking\u00f3w z X wieku zainspirowa\u0142a jego wczesne zainteresowanie archeologi\u0105.<\/p>\n\n\n\n<p>Zainteresowanie to doprowadzi\u0142o z kolei do trwaj\u0105cej ca\u0142e \u017cycie fascynacji sztuk\u0105, dzi\u0119ki kt\u00f3rej, wed\u0142ug s\u0142\u00f3w KP Tampy\u2019ego, kt\u00f3ry w 1935 roku napisa\u0142 monografi\u0119 o Roerichu, \u201eogarn\u0119\u0142o go pal\u0105ce pragnienie dotarcia do pi\u0119kna i wykorzystania go do cel\u00f3w jego bracia\u201d.<\/p>\n\n\n\n<p>Po uko\u0144czeniu Akademii Sztuk Pi\u0119knych w Petersburgu Roerich wyjecha\u0142 do Pary\u017ca, aby kontynuowa\u0107 studia. W 1906 roku zdoby\u0142 nagrod\u0119 za projekt nowego ko\u015bcio\u0142a, a tak\u017ce zosta\u0142 nagrodzony stanowiskiem dyrektora Akademii Zach\u0119ty Sztuk Pi\u0119knych w Rosji.<\/p>\n\n\n\n<p>Jednak podczas jego wizyty w Ameryce wybuch\u0142a rewolucja rosyjska i nie m\u00f3g\u0142 wr\u00f3ci\u0107 do ojczyzny.<\/p>\n\n\n\n<p>G\u0142\u0119bokie zainteresowanie Roericha mistycyzmem buddyjskim doprowadzi\u0142o do zaproponowania w 1923 r. wyprawy, kt\u00f3ra mia\u0142a zbada\u0107 Indie, Mongoli\u0119 i Tybet.<\/p>\n\n\n\n<p>Wyprawa Roericha z lat 1923-26 odby\u0142a si\u0119 przez pustyni\u0119 Gobi do g\u00f3r A\u0142taj.<\/p>\n\n\n\n<p>To w\u0142a\u015bnie podczas tej wyprawy grupa Roericha prze\u017cy\u0142a najbardziej niezwyk\u0142e do\u015bwiadczenie \u2013 jedno z wielu do\u015bwiadcze\u0144, kt\u00f3re wydaj\u0105 si\u0119 oferowa\u0107 dziwne i zagadkowe powi\u0105zania pomi\u0119dzy pozornie odmiennymi elementami zjawisk paranormalnych i kt\u00f3re czyni\u0105 je tak z\u0142o\u017conym i fascynuj\u0105cym polem ludzkich bada\u0144.<\/p>\n\n\n\n<p>Latem 1926 roku Roerich wraz ze swoim synem, doktorem Georgem Roerichem i kilkoma mongolskimi przewodnikami rozbi\u0142 ob\u00f3z w dolinie Shara-gol w pobli\u017cu g\u00f3r Humboldt, pomi\u0119dzy Mongoli\u0105 a Tybetem.<\/p>\n\n\n\n<p>Roerich w\u0142a\u015bnie zbudowa\u0142 bia\u0142\u0105 stup\u0119 (lub \u015bwi\u0105tyni\u0119) po\u015bwi\u0119con\u0105 Szambali.<\/p>\n\n\n\n<p>Sanktuarium zosta\u0142o konsekrowane w sierpniu, a w ceremonii uczestniczy\u0142o wielu zaproszonych lam\u00f3w.<\/p>\n\n\n\n<p>Dwa dni p\u00f3\u017aniej grupa obserwowa\u0142a, jak du\u017cy czarny ptak przelecia\u0142 nad nimi po niebie. Nie to jednak ich zdumia\u0142o, gdy\u017c daleko za czarnym ptakiem, wysoko na bezchmurnym niebie, wyra\u017anie zobaczyli z\u0142oty, sferoidalny obiekt przemieszczaj\u0105cy si\u0119 z g\u00f3r A\u0142taju na p\u00f3\u0142noc z ogromn\u0105 pr\u0119dko\u015bci\u0105.<\/p>\n\n\n\n<p>Skr\u0119caj\u0105c ostro na po\u0142udniowy zach\u00f3d, z\u0142ota kula szybko znikn\u0119\u0142a za G\u00f3rami Humboldta.<\/p>\n\n\n\n<p>Kiedy mongolscy przewodnicy przekrzykiwali si\u0119 mi\u0119dzy sob\u0105 w ogromnym podekscytowaniu, jeden z lam\u00f3w zwr\u00f3ci\u0142 si\u0119 do Roericha i poinformowa\u0142 go, \u017ce bajeczna z\u0142ota kula jest znakiem Szambali, co oznacza, \u017ce \u200b\u200bw\u0142adcy tego kr\u00f3lestwa aprobowali jego misj\u0119 eksploracyjn\u0105.<\/p>\n\n\n\n<p>P\u00f3\u017aniej inny lama zapyta\u0142 Roericha, czy w powietrzu unosi\u0142y si\u0119 perfumy.<\/p>\n\n\n\n<p>Kiedy Roerich odpowiedzia\u0142, \u017ce tak, lama powiedzia\u0142 mu, \u017ce strze\u017ce go kr\u00f3l Szambali, Rigden Jye-Po, \u017ce czarny s\u0119p jest jego wrogiem, ale chroni go \u201epromienna forma materii\u201d.<\/p>\n\n\n\n<p>Lama doda\u0142, \u017ce ka\u017cdy, kto zobaczy promienn\u0105 kul\u0119, powinien pod\u0105\u017ca\u0107 w kierunku, w kt\u00f3rym lecia\u0142a, gdy\u017c w tym kierunku le\u017cy Szambala.<\/p>\n\n\n\n<p>Dok\u0142adny cel tej wyprawy (poza eksploracj\u0105) nigdy nie zosta\u0142 ca\u0142kowicie wyja\u015bniony przez Roericha, ale wielu pisarzy zajmuj\u0105cych si\u0119 tematyk\u0105 ezoteryczn\u0105 twierdzi\u0142o, \u017ce mia\u0142 on misj\u0119 zwr\u00f3cenia pewnego \u015bwi\u0119tego przedmiotu do Wie\u017cy Kr\u00f3lewskiej w centrum Szambali.<\/p>\n\n\n\n<p>Wed\u0142ug Andrzeja Tomasza obiektem sakralnym by\u0142 fragment kamienia Chintamani, kt\u00f3rego wielka masa znajduje si\u0119 w Wie\u017cy.<\/p>\n\n\n\n<p>Co zaskakuj\u0105ce, m\u00f3wi si\u0119, \u017ce kamie\u0144 zosta\u0142 pierwotnie przywieziony na Ziemi\u0119 przez istot\u0119 pozaziemsk\u0105.<\/p>\n\n\n\n<p class=\"has-text-align-right\">Ci\u0105g dalszy nast\u0105pi &#8230;&#8230;..<\/p>\n\n\n\n<p>\u0179r\u00f3d\u0142o: <a href=\"http:\/\/thirdreichocculthistory.blogspot.com\/2012\/10\/the-vril.html\" target=\"_blank\" rel=\"noopener\" title=\"\">http:\/\/thirdreichocculthistory.blogspot.com\/2012\/10\/the-vril.html<\/a><\/p>\n<div class=\"remoji_bar\"><div class=\"remoji_add_container\" data-remoji-id=\"8116\" data-remoji-type=\"post\"><div class=\"remoji_add_icon\"><\/div><\/div><div class=\"remoji_error_bar\" data-remoji-id=\"8116\" data-remoji-type=\"post\" style=\"display: none;\">Error happened.<\/div><\/div>","protected":false},"excerpt":{"rendered":"<p>Towarzystwo Vril \u2013&nbsp;&nbsp;Pierwsza wzmianka o istnieniu Towarzystwa Vril zosta\u0142a odkryta w scenie, kt\u00f3ra nie by\u0142aby nie na miejscu w jednym z okultystycznych thriller\u00f3w Dennisa Wheatleya. Wed\u0142ug doniesie\u0144&nbsp;\u201e&nbsp;25 kwietnia 1945 roku&nbsp;\u201d grupa zm\u0119czonych walk\u0105 \u017co\u0142nierzy rosyjskich ostro\u017cnie przemierza\u0142a zniszczone pozosta\u0142o\u015bci Berlina,&#8230; <\/p>\n","protected":false},"author":3,"featured_media":8160,"comment_status":"open","ping_status":"open","sticky":false,"template":"","format":"standard","meta":{"_acf_changed":false,"_bbp_topic_count":0,"_bbp_reply_count":0,"_bbp_total_topic_count":0,"_bbp_total_reply_count":0,"_bbp_voice_count":0,"_bbp_anonymous_reply_count":0,"_bbp_topic_count_hidden":0,"_bbp_reply_count_hidden":0,"_bbp_forum_subforum_count":0,"om_disable_all_campaigns":false,"_monsterinsights_skip_tracking":false,"_monsterinsights_sitenote_active":false,"_monsterinsights_sitenote_note":"","_monsterinsights_sitenote_category":0,"footnotes":""},"categories":[93],"tags":[68,63,42,71,26,23,32,22,70,62],"class_list":["post-8116","post","type-post","status-publish","format-standard","has-post-thumbnail","hentry","category-artykuly","tag-cesarstwo-rzymskie","tag-historia-ziemi","tag-illuminati","tag-kosciol-katolicki","tag-ludzkosc","tag-niewolnictwo","tag-rzad","tag-satanizm","tag-tajne-stowarzyszenia","tag-wszechswiat"],"acf":[],"aioseo_notices":[],"_links":{"self":[{"href":"https:\/\/wia.net.pl\/index.php\/wp-json\/wp\/v2\/posts\/8116"}],"collection":[{"href":"https:\/\/wia.net.pl\/index.php\/wp-json\/wp\/v2\/posts"}],"about":[{"href":"https:\/\/wia.net.pl\/index.php\/wp-json\/wp\/v2\/types\/post"}],"author":[{"embeddable":true,"href":"https:\/\/wia.net.pl\/index.php\/wp-json\/wp\/v2\/users\/3"}],"replies":[{"embeddable":true,"href":"https:\/\/wia.net.pl\/index.php\/wp-json\/wp\/v2\/comments?post=8116"}],"version-history":[{"count":2,"href":"https:\/\/wia.net.pl\/index.php\/wp-json\/wp\/v2\/posts\/8116\/revisions"}],"predecessor-version":[{"id":8162,"href":"https:\/\/wia.net.pl\/index.php\/wp-json\/wp\/v2\/posts\/8116\/revisions\/8162"}],"wp:featuredmedia":[{"embeddable":true,"href":"https:\/\/wia.net.pl\/index.php\/wp-json\/wp\/v2\/media\/8160"}],"wp:attachment":[{"href":"https:\/\/wia.net.pl\/index.php\/wp-json\/wp\/v2\/media?parent=8116"}],"wp:term":[{"taxonomy":"category","embeddable":true,"href":"https:\/\/wia.net.pl\/index.php\/wp-json\/wp\/v2\/categories?post=8116"},{"taxonomy":"post_tag","embeddable":true,"href":"https:\/\/wia.net.pl\/index.php\/wp-json\/wp\/v2\/tags?post=8116"}],"curies":[{"name":"wp","href":"https:\/\/api.w.org\/{rel}","templated":true}]}}