{"id":8175,"date":"2024-04-12T01:09:36","date_gmt":"2024-04-11T23:09:36","guid":{"rendered":"https:\/\/wia.net.pl\/?p=8175"},"modified":"2024-04-12T01:09:37","modified_gmt":"2024-04-11T23:09:37","slug":"wywrotowe-poczatki-komunizmu","status":"publish","type":"post","link":"https:\/\/wia.net.pl\/index.php\/2024\/04\/12\/wywrotowe-poczatki-komunizmu\/","title":{"rendered":"Wywrotowe pocz\u0105tki komunizmu"},"content":{"rendered":"\n<p>Komunizm to lewicowa lub skrajnie lewicowa ideologia spo\u0142eczno-polityczna, filozoficzna, kulturowa i ekonomiczna w ramach ruchu socjalistycznego, kt\u00f3rej celem jest stworzenie radykalnego marksistowskiego spo\u0142ecze\u0144stwa globalnego, totalitarnego porz\u0105dku skupionego wok\u00f3\u0142 niewybieralnej scentralizowanej elity rz\u0105dz\u0105cej, kt\u00f3ra wymusza wsp\u00f3ln\u0105 w\u0142asno\u015b\u0107 \u015brodk\u00f3w produkcji, dystrybucji i wymiany, a tak\u017ce kulturowo egalitarny porz\u0105dek spo\u0142eczny wrogi nacjonalizmowi, wolno\u015bci s\u0142owa, w\u0142asno\u015bci prywatnej, tradycyjnym warto\u015bciom rodzinnym i biologicznej identyfikacji p\u0142ciowej lub dziedzictwu przodk\u00f3w. Komunizm by\u0142 krytykowany za to, \u017ce cz\u0119sto prowadzi\u0142 do re\u017cim\u00f3w totalitarnych, \u0142amania praw cz\u0142owieka i stagnacji gospodarczej.<\/p>\n\n\n\n<p>\u0179R\u00d3D\u0141O:<\/p>\n\n\n\n<p>Kana\u0142 Atlantean gardens \u2013&nbsp;<a href=\"https:\/\/www.youtube.com\/c\/AtlanteangardensOrg\" target=\"_blank\" rel=\"noreferrer noopener\">https:\/\/www.youtube.com\/c\/AtlanteangardensOrg<\/a><\/p>\n\n\n\n<p>Kana\u0142 Robert Sepehr \u2013\u00a0<a href=\"https:\/\/www.youtube.com\/user\/818encino\" target=\"_blank\" rel=\"noreferrer noopener\">https:\/\/www.youtube.com\/user\/818encino<\/a><\/p>\n\n\n<p><iframe id=\"odysee-iframe\" style=\"width:100%; aspect-ratio:16 \/ 9;\" src=\"https:\/\/odysee.com\/$\/embed\/@wolnoscanarchia:d\/Wywrotowe-pocz\u0105tki-komunizmu---ROBERT-SEPEHR:b?r=KqtnN3u2RSe5GxY7Tos527f1XGfjXD4u\" allowfullscreen><\/iframe><\/p>\n","protected":false},"excerpt":{"rendered":"<p>Komunizm to lewicowa lub skrajnie lewicowa ideologia spo\u0142eczno-polityczna, filozoficzna, kulturowa i ekonomiczna w ramach ruchu socjalistycznego, kt\u00f3rej celem jest stworzenie radykalnego marksistowskiego spo\u0142ecze\u0144stwa globalnego, totalitarnego porz\u0105dku skupionego wok\u00f3\u0142 niewybieralnej scentralizowanej elity rz\u0105dz\u0105cej, kt\u00f3ra wymusza wsp\u00f3ln\u0105 w\u0142asno\u015b\u0107 \u015brodk\u00f3w produkcji, dystrybucji i&#8230; <\/p>\n","protected":false},"author":3,"featured_media":8176,"comment_status":"open","ping_status":"open","sticky":false,"template":"","format":"standard","meta":{"_acf_changed":false,"_bbp_topic_count":0,"_bbp_reply_count":0,"_bbp_total_topic_count":0,"_bbp_total_reply_count":0,"_bbp_voice_count":0,"_bbp_anonymous_reply_count":0,"_bbp_topic_count_hidden":0,"_bbp_reply_count_hidden":0,"_bbp_forum_subforum_count":0,"om_disable_all_campaigns":false,"_monsterinsights_skip_tracking":false,"footnotes":""},"categories":[11,13],"tags":[68,63,42,71,26,23,32,22,70,62],"class_list":["post-8175","post","type-post","status-publish","format-standard","has-post-thumbnail","hentry","category-antropologia","category-prawdaoswiecie","tag-cesarstwo-rzymskie","tag-historia-ziemi","tag-illuminati","tag-kosciol-katolicki","tag-ludzkosc","tag-niewolnictwo","tag-rzad","tag-satanizm","tag-tajne-stowarzyszenia","tag-wszechswiat"],"acf":[],"aioseo_notices":[],"aioseo_head":"\n\t\t<!-- All in One SEO 5.0.1.1 - aioseo.com -->\n\t<meta name=\"description\" content=\"Komunizm to lewicowa lub skrajnie lewicowa ideologia spo\u0142eczno-polityczna, filozoficzna, kulturowa i ekonomiczna w ramach ruchu socjalistycznego, kt\u00f3rej celem jest stworzenie radykalnego marksistowskiego spo\u0142ecze\u0144stwa globalnego, totalitarnego porz\u0105dku skupionego wok\u00f3\u0142 niewybieralnej scentralizowanej elity rz\u0105dz\u0105cej, kt\u00f3ra wymusza wsp\u00f3ln\u0105 w\u0142asno\u015b\u0107 \u015brodk\u00f3w produkcji, dystrybucji i wymiany, a tak\u017ce kulturowo egalitarny porz\u0105dek spo\u0142eczny wrogi nacjonalizmowi, wolno\u015bci s\u0142owa, w\u0142asno\u015bci prywatnej, tradycyjnym warto\u015bciom\" \/>\n\t<meta name=\"robots\" content=\"max-image-preview:large\" \/>\n\t<meta name=\"author\" content=\"Bart\u0142omiej Talarczyk\"\/>\n\t<link rel=\"canonical\" href=\"https:\/\/wia.net.pl\/index.php\/2024\/04\/12\/wywrotowe-poczatki-komunizmu\/\" \/>\n\t<meta name=\"generator\" content=\"All in One SEO (AIOSEO) 5.0.1.1\" \/>\n\t\t<meta property=\"og:locale\" content=\"pl_PL\" \/>\n\t\t<meta property=\"og:site_name\" content=\"Wolno\u015b\u0107 i Anarchia - Ka\u017cdy wewn\u0119trznie jest anarchist\u0105.\" \/>\n\t\t<meta property=\"og:type\" content=\"article\" \/>\n\t\t<meta property=\"og:title\" content=\"Wywrotowe pocz\u0105tki komunizmu - Wolno\u015b\u0107 i Anarchia\" \/>\n\t\t<meta property=\"og:description\" content=\"Komunizm to lewicowa lub skrajnie lewicowa ideologia spo\u0142eczno-polityczna, filozoficzna, kulturowa i ekonomiczna w ramach ruchu socjalistycznego, kt\u00f3rej celem jest stworzenie radykalnego marksistowskiego spo\u0142ecze\u0144stwa globalnego, totalitarnego porz\u0105dku skupionego wok\u00f3\u0142 niewybieralnej scentralizowanej elity rz\u0105dz\u0105cej, kt\u00f3ra wymusza wsp\u00f3ln\u0105 w\u0142asno\u015b\u0107 \u015brodk\u00f3w produkcji, dystrybucji i wymiany, a tak\u017ce kulturowo egalitarny porz\u0105dek spo\u0142eczny wrogi nacjonalizmowi, wolno\u015bci s\u0142owa, w\u0142asno\u015bci prywatnej, tradycyjnym warto\u015bciom\" \/>\n\t\t<meta property=\"og:url\" content=\"https:\/\/wia.net.pl\/index.php\/2024\/04\/12\/wywrotowe-poczatki-komunizmu\/\" \/>\n\t\t<meta property=\"og:image\" content=\"https:\/\/wia.net.pl\/wp-content\/uploads\/2023\/11\/cropped-freedom-i73367.jpg\" \/>\n\t\t<meta property=\"og:image:secure_url\" content=\"https:\/\/wia.net.pl\/wp-content\/uploads\/2023\/11\/cropped-freedom-i73367.jpg\" \/>\n\t\t<meta property=\"article:published_time\" content=\"2024-04-11T23:09:36+00:00\" \/>\n\t\t<meta property=\"article:modified_time\" content=\"2024-04-11T23:09:37+00:00\" \/>\n\t\t<meta name=\"twitter:card\" content=\"summary_large_image\" \/>\n\t\t<meta name=\"twitter:title\" content=\"Wywrotowe pocz\u0105tki komunizmu - Wolno\u015b\u0107 i Anarchia\" \/>\n\t\t<meta name=\"twitter:description\" content=\"Komunizm to lewicowa lub skrajnie lewicowa ideologia spo\u0142eczno-polityczna, filozoficzna, kulturowa i ekonomiczna w ramach ruchu socjalistycznego, kt\u00f3rej celem jest stworzenie radykalnego marksistowskiego spo\u0142ecze\u0144stwa globalnego, totalitarnego porz\u0105dku skupionego wok\u00f3\u0142 niewybieralnej scentralizowanej elity rz\u0105dz\u0105cej, kt\u00f3ra wymusza wsp\u00f3ln\u0105 w\u0142asno\u015b\u0107 \u015brodk\u00f3w produkcji, dystrybucji i wymiany, a tak\u017ce kulturowo egalitarny porz\u0105dek spo\u0142eczny wrogi nacjonalizmowi, wolno\u015bci s\u0142owa, w\u0142asno\u015bci prywatnej, tradycyjnym warto\u015bciom\" \/>\n\t\t<meta name=\"twitter:image\" content=\"https:\/\/wia.net.pl\/wp-content\/uploads\/2023\/11\/cropped-freedom-i73367.jpg\" \/>\n\t\t<script type=\"application\/ld+json\" class=\"aioseo-schema\">\n\t\t\t{\"@context\":\"https:\\\/\\\/schema.org\",\"@graph\":[{\"@type\":\"BlogPosting\",\"@id\":\"https:\\\/\\\/wia.net.pl\\\/index.php\\\/2024\\\/04\\\/12\\\/wywrotowe-poczatki-komunizmu\\\/#blogposting\",\"name\":\"Wywrotowe pocz\\u0105tki komunizmu - Wolno\\u015b\\u0107 i Anarchia\",\"headline\":\"Wywrotowe pocz\\u0105tki komunizmu\",\"author\":{\"@id\":\"https:\\\/\\\/wia.net.pl\\\/index.php\\\/author\\\/talar\\\/#author\"},\"publisher\":{\"@id\":\"https:\\\/\\\/wia.net.pl\\\/#person\"},\"image\":{\"@type\":\"ImageObject\",\"url\":\"https:\\\/\\\/wia.net.pl\\\/wp-content\\\/uploads\\\/2024\\\/04\\\/Wywrotowe-poczatki-komunizmu-ROBERT-SEPEHR.jpg\",\"width\":1920,\"height\":1080},\"datePublished\":\"2024-04-12T01:09:36+02:00\",\"dateModified\":\"2024-04-12T01:09:37+02:00\",\"inLanguage\":\"pl-PL\",\"mainEntityOfPage\":{\"@id\":\"https:\\\/\\\/wia.net.pl\\\/index.php\\\/2024\\\/04\\\/12\\\/wywrotowe-poczatki-komunizmu\\\/#webpage\"},\"isPartOf\":{\"@id\":\"https:\\\/\\\/wia.net.pl\\\/index.php\\\/2024\\\/04\\\/12\\\/wywrotowe-poczatki-komunizmu\\\/#webpage\"},\"articleSection\":\"Antropologia, Prawda o \\u015bwiecie, Cesarstwo Rzymskie, Historia ziemi, Illuminati, Ko\\u015bci\\u00f3\\u0142 katolicki, Ludzko\\u015b\\u0107, Niewolnictwo, Rz\\u0105d, Satanizm, Tajne stowarzyszenia, Wszech\\u015bwiat\"},{\"@type\":\"BreadcrumbList\",\"@id\":\"https:\\\/\\\/wia.net.pl\\\/index.php\\\/2024\\\/04\\\/12\\\/wywrotowe-poczatki-komunizmu\\\/#breadcrumblist\",\"itemListElement\":[{\"@type\":\"ListItem\",\"@id\":\"https:\\\/\\\/wia.net.pl#listItem\",\"position\":1,\"name\":\"Home\",\"item\":\"https:\\\/\\\/wia.net.pl\",\"nextItem\":{\"@type\":\"ListItem\",\"@id\":\"https:\\\/\\\/wia.net.pl\\\/index.php\\\/category\\\/antropologia\\\/#listItem\",\"name\":\"Antropologia\"}},{\"@type\":\"ListItem\",\"@id\":\"https:\\\/\\\/wia.net.pl\\\/index.php\\\/category\\\/antropologia\\\/#listItem\",\"position\":2,\"name\":\"Antropologia\",\"item\":\"https:\\\/\\\/wia.net.pl\\\/index.php\\\/category\\\/antropologia\\\/\",\"nextItem\":{\"@type\":\"ListItem\",\"@id\":\"https:\\\/\\\/wia.net.pl\\\/index.php\\\/2024\\\/04\\\/12\\\/wywrotowe-poczatki-komunizmu\\\/#listItem\",\"name\":\"Wywrotowe pocz\\u0105tki komunizmu\"},\"previousItem\":{\"@type\":\"ListItem\",\"@id\":\"https:\\\/\\\/wia.net.pl#listItem\",\"name\":\"Home\"}},{\"@type\":\"ListItem\",\"@id\":\"https:\\\/\\\/wia.net.pl\\\/index.php\\\/2024\\\/04\\\/12\\\/wywrotowe-poczatki-komunizmu\\\/#listItem\",\"position\":3,\"name\":\"Wywrotowe pocz\\u0105tki komunizmu\",\"previousItem\":{\"@type\":\"ListItem\",\"@id\":\"https:\\\/\\\/wia.net.pl\\\/index.php\\\/category\\\/antropologia\\\/#listItem\",\"name\":\"Antropologia\"}}]},{\"@type\":\"Person\",\"@id\":\"https:\\\/\\\/wia.net.pl\\\/#person\",\"name\":\"Bart\\u0142omiej Talarczyk\",\"image\":{\"@type\":\"ImageObject\",\"@id\":\"https:\\\/\\\/wia.net.pl\\\/index.php\\\/2024\\\/04\\\/12\\\/wywrotowe-poczatki-komunizmu\\\/#personImage\",\"url\":\"https:\\\/\\\/wia.net.pl\\\/wp-content\\\/uploads\\\/avatar-privacy\\\/cache\\\/user\\\/1\\\/7\\\/176a6b161c58363ff49b5c167264231f519f5c7fa183ca1f61e891769b6b56d5-96.jpg\",\"width\":96,\"height\":96,\"caption\":\"Bart\\u0142omiej Talarczyk\"}},{\"@type\":\"Person\",\"@id\":\"https:\\\/\\\/wia.net.pl\\\/index.php\\\/author\\\/talar\\\/#author\",\"url\":\"https:\\\/\\\/wia.net.pl\\\/index.php\\\/author\\\/talar\\\/\",\"name\":\"Bart\\u0142omiej Talarczyk\",\"image\":{\"@type\":\"ImageObject\",\"@id\":\"https:\\\/\\\/wia.net.pl\\\/index.php\\\/2024\\\/04\\\/12\\\/wywrotowe-poczatki-komunizmu\\\/#authorImage\",\"url\":\"https:\\\/\\\/wia.net.pl\\\/wp-content\\\/uploads\\\/avatar-privacy\\\/cache\\\/user\\\/1\\\/7\\\/176a6b161c58363ff49b5c167264231f519f5c7fa183ca1f61e891769b6b56d5-96.jpg\",\"width\":96,\"height\":96,\"caption\":\"Bart\\u0142omiej Talarczyk\"}},{\"@type\":\"WebPage\",\"@id\":\"https:\\\/\\\/wia.net.pl\\\/index.php\\\/2024\\\/04\\\/12\\\/wywrotowe-poczatki-komunizmu\\\/#webpage\",\"url\":\"https:\\\/\\\/wia.net.pl\\\/index.php\\\/2024\\\/04\\\/12\\\/wywrotowe-poczatki-komunizmu\\\/\",\"name\":\"Wywrotowe pocz\\u0105tki komunizmu - Wolno\\u015b\\u0107 i Anarchia\",\"description\":\"Komunizm to lewicowa lub skrajnie lewicowa ideologia spo\\u0142eczno-polityczna, filozoficzna, kulturowa i ekonomiczna w ramach ruchu socjalistycznego, kt\\u00f3rej celem jest stworzenie radykalnego marksistowskiego spo\\u0142ecze\\u0144stwa globalnego, totalitarnego porz\\u0105dku skupionego wok\\u00f3\\u0142 niewybieralnej scentralizowanej elity rz\\u0105dz\\u0105cej, kt\\u00f3ra wymusza wsp\\u00f3ln\\u0105 w\\u0142asno\\u015b\\u0107 \\u015brodk\\u00f3w produkcji, dystrybucji i wymiany, a tak\\u017ce kulturowo egalitarny porz\\u0105dek spo\\u0142eczny wrogi nacjonalizmowi, wolno\\u015bci s\\u0142owa, w\\u0142asno\\u015bci prywatnej, tradycyjnym warto\\u015bciom\",\"inLanguage\":\"pl-PL\",\"isPartOf\":{\"@id\":\"https:\\\/\\\/wia.net.pl\\\/#website\"},\"breadcrumb\":{\"@id\":\"https:\\\/\\\/wia.net.pl\\\/index.php\\\/2024\\\/04\\\/12\\\/wywrotowe-poczatki-komunizmu\\\/#breadcrumblist\"},\"author\":{\"@id\":\"https:\\\/\\\/wia.net.pl\\\/index.php\\\/author\\\/talar\\\/#author\"},\"creator\":{\"@id\":\"https:\\\/\\\/wia.net.pl\\\/index.php\\\/author\\\/talar\\\/#author\"},\"image\":{\"@type\":\"ImageObject\",\"url\":\"https:\\\/\\\/wia.net.pl\\\/wp-content\\\/uploads\\\/2024\\\/04\\\/Wywrotowe-poczatki-komunizmu-ROBERT-SEPEHR.jpg\",\"@id\":\"https:\\\/\\\/wia.net.pl\\\/index.php\\\/2024\\\/04\\\/12\\\/wywrotowe-poczatki-komunizmu\\\/#mainImage\",\"width\":1920,\"height\":1080},\"primaryImageOfPage\":{\"@id\":\"https:\\\/\\\/wia.net.pl\\\/index.php\\\/2024\\\/04\\\/12\\\/wywrotowe-poczatki-komunizmu\\\/#mainImage\"},\"datePublished\":\"2024-04-12T01:09:36+02:00\",\"dateModified\":\"2024-04-12T01:09:37+02:00\"},{\"@type\":\"WebSite\",\"@id\":\"https:\\\/\\\/wia.net.pl\\\/#website\",\"url\":\"https:\\\/\\\/wia.net.pl\\\/\",\"name\":\"Wolno\\u015b\\u0107 i Anarchia\",\"description\":\"Ka\\u017cdy wewn\\u0119trznie jest anarchist\\u0105.\",\"inLanguage\":\"pl-PL\",\"publisher\":{\"@id\":\"https:\\\/\\\/wia.net.pl\\\/#person\"}}]}\n\t\t<\/script>\n\t\t<!-- All in One SEO -->\n\n","aioseo_head_json":{"title":"Wywrotowe pocz\u0105tki komunizmu - Wolno\u015b\u0107 i Anarchia","description":"Komunizm to lewicowa lub skrajnie lewicowa ideologia spo\u0142eczno-polityczna, filozoficzna, kulturowa i ekonomiczna w ramach ruchu socjalistycznego, kt\u00f3rej celem jest stworzenie radykalnego marksistowskiego spo\u0142ecze\u0144stwa globalnego, totalitarnego porz\u0105dku skupionego wok\u00f3\u0142 niewybieralnej scentralizowanej elity rz\u0105dz\u0105cej, kt\u00f3ra wymusza wsp\u00f3ln\u0105 w\u0142asno\u015b\u0107 \u015brodk\u00f3w produkcji, dystrybucji i wymiany, a tak\u017ce kulturowo egalitarny porz\u0105dek spo\u0142eczny wrogi nacjonalizmowi, wolno\u015bci s\u0142owa, w\u0142asno\u015bci prywatnej, tradycyjnym warto\u015bciom","canonical_url":"https:\/\/wia.net.pl\/index.php\/2024\/04\/12\/wywrotowe-poczatki-komunizmu\/","robots":"max-image-preview:large","keywords":"","webmasterTools":{"miscellaneous":""},"schema":{"@context":"https:\/\/schema.org","@graph":[{"@type":"BlogPosting","@id":"https:\/\/wia.net.pl\/index.php\/2024\/04\/12\/wywrotowe-poczatki-komunizmu\/#blogposting","name":"Wywrotowe pocz\u0105tki komunizmu - Wolno\u015b\u0107 i Anarchia","headline":"Wywrotowe pocz\u0105tki komunizmu","author":{"@id":"https:\/\/wia.net.pl\/index.php\/author\/talar\/#author"},"publisher":{"@id":"https:\/\/wia.net.pl\/#person"},"image":{"@type":"ImageObject","url":"https:\/\/wia.net.pl\/wp-content\/uploads\/2024\/04\/Wywrotowe-poczatki-komunizmu-ROBERT-SEPEHR.jpg","width":1920,"height":1080},"datePublished":"2024-04-12T01:09:36+02:00","dateModified":"2024-04-12T01:09:37+02:00","inLanguage":"pl-PL","mainEntityOfPage":{"@id":"https:\/\/wia.net.pl\/index.php\/2024\/04\/12\/wywrotowe-poczatki-komunizmu\/#webpage"},"isPartOf":{"@id":"https:\/\/wia.net.pl\/index.php\/2024\/04\/12\/wywrotowe-poczatki-komunizmu\/#webpage"},"articleSection":"Antropologia, Prawda o \u015bwiecie, Cesarstwo Rzymskie, Historia ziemi, Illuminati, Ko\u015bci\u00f3\u0142 katolicki, Ludzko\u015b\u0107, Niewolnictwo, Rz\u0105d, Satanizm, Tajne stowarzyszenia, Wszech\u015bwiat"},{"@type":"BreadcrumbList","@id":"https:\/\/wia.net.pl\/index.php\/2024\/04\/12\/wywrotowe-poczatki-komunizmu\/#breadcrumblist","itemListElement":[{"@type":"ListItem","@id":"https:\/\/wia.net.pl#listItem","position":1,"name":"Home","item":"https:\/\/wia.net.pl","nextItem":{"@type":"ListItem","@id":"https:\/\/wia.net.pl\/index.php\/category\/antropologia\/#listItem","name":"Antropologia"}},{"@type":"ListItem","@id":"https:\/\/wia.net.pl\/index.php\/category\/antropologia\/#listItem","position":2,"name":"Antropologia","item":"https:\/\/wia.net.pl\/index.php\/category\/antropologia\/","nextItem":{"@type":"ListItem","@id":"https:\/\/wia.net.pl\/index.php\/2024\/04\/12\/wywrotowe-poczatki-komunizmu\/#listItem","name":"Wywrotowe pocz\u0105tki komunizmu"},"previousItem":{"@type":"ListItem","@id":"https:\/\/wia.net.pl#listItem","name":"Home"}},{"@type":"ListItem","@id":"https:\/\/wia.net.pl\/index.php\/2024\/04\/12\/wywrotowe-poczatki-komunizmu\/#listItem","position":3,"name":"Wywrotowe pocz\u0105tki komunizmu","previousItem":{"@type":"ListItem","@id":"https:\/\/wia.net.pl\/index.php\/category\/antropologia\/#listItem","name":"Antropologia"}}]},{"@type":"Person","@id":"https:\/\/wia.net.pl\/#person","name":"Bart\u0142omiej Talarczyk","image":{"@type":"ImageObject","@id":"https:\/\/wia.net.pl\/index.php\/2024\/04\/12\/wywrotowe-poczatki-komunizmu\/#personImage","url":"https:\/\/wia.net.pl\/wp-content\/uploads\/avatar-privacy\/cache\/user\/1\/7\/176a6b161c58363ff49b5c167264231f519f5c7fa183ca1f61e891769b6b56d5-96.jpg","width":96,"height":96,"caption":"Bart\u0142omiej Talarczyk"}},{"@type":"Person","@id":"https:\/\/wia.net.pl\/index.php\/author\/talar\/#author","url":"https:\/\/wia.net.pl\/index.php\/author\/talar\/","name":"Bart\u0142omiej Talarczyk","image":{"@type":"ImageObject","@id":"https:\/\/wia.net.pl\/index.php\/2024\/04\/12\/wywrotowe-poczatki-komunizmu\/#authorImage","url":"https:\/\/wia.net.pl\/wp-content\/uploads\/avatar-privacy\/cache\/user\/1\/7\/176a6b161c58363ff49b5c167264231f519f5c7fa183ca1f61e891769b6b56d5-96.jpg","width":96,"height":96,"caption":"Bart\u0142omiej Talarczyk"}},{"@type":"WebPage","@id":"https:\/\/wia.net.pl\/index.php\/2024\/04\/12\/wywrotowe-poczatki-komunizmu\/#webpage","url":"https:\/\/wia.net.pl\/index.php\/2024\/04\/12\/wywrotowe-poczatki-komunizmu\/","name":"Wywrotowe pocz\u0105tki komunizmu - Wolno\u015b\u0107 i Anarchia","description":"Komunizm to lewicowa lub skrajnie lewicowa ideologia spo\u0142eczno-polityczna, filozoficzna, kulturowa i ekonomiczna w ramach ruchu socjalistycznego, kt\u00f3rej celem jest stworzenie radykalnego marksistowskiego spo\u0142ecze\u0144stwa globalnego, totalitarnego porz\u0105dku skupionego wok\u00f3\u0142 niewybieralnej scentralizowanej elity rz\u0105dz\u0105cej, kt\u00f3ra wymusza wsp\u00f3ln\u0105 w\u0142asno\u015b\u0107 \u015brodk\u00f3w produkcji, dystrybucji i wymiany, a tak\u017ce kulturowo egalitarny porz\u0105dek spo\u0142eczny wrogi nacjonalizmowi, wolno\u015bci s\u0142owa, w\u0142asno\u015bci prywatnej, tradycyjnym warto\u015bciom","inLanguage":"pl-PL","isPartOf":{"@id":"https:\/\/wia.net.pl\/#website"},"breadcrumb":{"@id":"https:\/\/wia.net.pl\/index.php\/2024\/04\/12\/wywrotowe-poczatki-komunizmu\/#breadcrumblist"},"author":{"@id":"https:\/\/wia.net.pl\/index.php\/author\/talar\/#author"},"creator":{"@id":"https:\/\/wia.net.pl\/index.php\/author\/talar\/#author"},"image":{"@type":"ImageObject","url":"https:\/\/wia.net.pl\/wp-content\/uploads\/2024\/04\/Wywrotowe-poczatki-komunizmu-ROBERT-SEPEHR.jpg","@id":"https:\/\/wia.net.pl\/index.php\/2024\/04\/12\/wywrotowe-poczatki-komunizmu\/#mainImage","width":1920,"height":1080},"primaryImageOfPage":{"@id":"https:\/\/wia.net.pl\/index.php\/2024\/04\/12\/wywrotowe-poczatki-komunizmu\/#mainImage"},"datePublished":"2024-04-12T01:09:36+02:00","dateModified":"2024-04-12T01:09:37+02:00"},{"@type":"WebSite","@id":"https:\/\/wia.net.pl\/#website","url":"https:\/\/wia.net.pl\/","name":"Wolno\u015b\u0107 i Anarchia","description":"Ka\u017cdy wewn\u0119trznie jest anarchist\u0105.","inLanguage":"pl-PL","publisher":{"@id":"https:\/\/wia.net.pl\/#person"}}]},"og:locale":"pl_PL","og:site_name":"Wolno\u015b\u0107 i Anarchia - Ka\u017cdy wewn\u0119trznie jest anarchist\u0105.","og:type":"article","og:title":"Wywrotowe pocz\u0105tki komunizmu - Wolno\u015b\u0107 i Anarchia","og:description":"Komunizm to lewicowa lub skrajnie lewicowa ideologia spo\u0142eczno-polityczna, filozoficzna, kulturowa i ekonomiczna w ramach ruchu socjalistycznego, kt\u00f3rej celem jest stworzenie radykalnego marksistowskiego spo\u0142ecze\u0144stwa globalnego, totalitarnego porz\u0105dku skupionego wok\u00f3\u0142 niewybieralnej scentralizowanej elity rz\u0105dz\u0105cej, kt\u00f3ra wymusza wsp\u00f3ln\u0105 w\u0142asno\u015b\u0107 \u015brodk\u00f3w produkcji, dystrybucji i wymiany, a tak\u017ce kulturowo egalitarny porz\u0105dek spo\u0142eczny wrogi nacjonalizmowi, wolno\u015bci s\u0142owa, w\u0142asno\u015bci prywatnej, tradycyjnym warto\u015bciom","og:url":"https:\/\/wia.net.pl\/index.php\/2024\/04\/12\/wywrotowe-poczatki-komunizmu\/","og:image":"https:\/\/wia.net.pl\/wp-content\/uploads\/2023\/11\/cropped-freedom-i73367.jpg","og:image:secure_url":"https:\/\/wia.net.pl\/wp-content\/uploads\/2023\/11\/cropped-freedom-i73367.jpg","article:published_time":"2024-04-11T23:09:36+00:00","article:modified_time":"2024-04-11T23:09:37+00:00","twitter:card":"summary_large_image","twitter:title":"Wywrotowe pocz\u0105tki komunizmu - Wolno\u015b\u0107 i Anarchia","twitter:description":"Komunizm to lewicowa lub skrajnie lewicowa ideologia spo\u0142eczno-polityczna, filozoficzna, kulturowa i ekonomiczna w ramach ruchu socjalistycznego, kt\u00f3rej celem jest stworzenie radykalnego marksistowskiego spo\u0142ecze\u0144stwa globalnego, totalitarnego porz\u0105dku skupionego wok\u00f3\u0142 niewybieralnej scentralizowanej elity rz\u0105dz\u0105cej, kt\u00f3ra wymusza wsp\u00f3ln\u0105 w\u0142asno\u015b\u0107 \u015brodk\u00f3w produkcji, dystrybucji i wymiany, a tak\u017ce kulturowo egalitarny porz\u0105dek spo\u0142eczny wrogi nacjonalizmowi, wolno\u015bci s\u0142owa, w\u0142asno\u015bci prywatnej, tradycyjnym warto\u015bciom","twitter:image":"https:\/\/wia.net.pl\/wp-content\/uploads\/2023\/11\/cropped-freedom-i73367.jpg"},"aioseo_meta_data":{"post_id":"8175","title":null,"description":null,"keywords":[],"keyphrases":{"focus":{"keyphrase":"","score":0,"analysis":{"keyphraseInTitle":{"score":0,"maxScore":9,"error":1}}},"additional":[]},"primary_term":null,"canonical_url":null,"og_title":null,"og_description":null,"og_object_type":"default","og_image_type":"default","og_image_url":null,"og_image_width":null,"og_image_height":null,"og_image_custom_url":null,"og_image_custom_fields":null,"og_video":"","og_custom_url":null,"og_article_section":null,"og_article_tags":[],"twitter_use_og":false,"twitter_card":"default","twitter_image_type":"default","twitter_image_url":null,"twitter_image_custom_url":null,"twitter_image_custom_fields":null,"twitter_title":null,"twitter_description":null,"schema":{"blockGraphs":[],"customGraphs":[],"default":{"data":{"Article":[],"Course":[],"Dataset":[],"FAQPage":[],"Movie":[],"Person":[],"Product":[],"ProductReview":[],"Car":[],"Recipe":[],"Service":[],"SoftwareApplication":[],"WebPage":[]},"graphName":"BlogPosting","isEnabled":true},"graphs":[]},"schema_type":"default","schema_type_options":null,"pillar_content":false,"robots_default":true,"robots_noindex":false,"robots_noarchive":false,"robots_nosnippet":false,"robots_nofollow":false,"robots_noimageindex":false,"robots_noodp":false,"robots_notranslate":false,"robots_max_snippet":"-1","robots_max_videopreview":"-1","robots_max_imagepreview":"large","priority":null,"frequency":"default","local_seo":null,"breadcrumb_settings":null,"limit_modified_date":false,"ai":null,"created":"2024-04-11 23:09:37","updated":"2025-06-04 10:33:23","seo_analyzer_scan_date":null,"focus_keyword":null,"additional_keywords":null,"truseo_locale":null},"aioseo_breadcrumb":"<div class=\"aioseo-breadcrumbs\"><span class=\"aioseo-breadcrumb\">\n\t\t\t<a href=\"https:\/\/wia.net.pl\" title=\"Home\">Home<\/a>\n\t\t<\/span><span class=\"aioseo-breadcrumb-separator\">&raquo;<\/span><span class=\"aioseo-breadcrumb\">\n\t\t\t<a href=\"https:\/\/wia.net.pl\/index.php\/category\/antropologia\/\" title=\"Antropologia\">Antropologia<\/a>\n\t\t<\/span><span class=\"aioseo-breadcrumb-separator\">&raquo;<\/span><span class=\"aioseo-breadcrumb\">\n\t\t\tWywrotowe pocz\u0105tki komunizmu\n\t\t<\/span><\/div>","aioseo_breadcrumb_json":[{"label":"Home","link":"https:\/\/wia.net.pl"},{"label":"Antropologia","link":"https:\/\/wia.net.pl\/index.php\/category\/antropologia\/"},{"label":"Wywrotowe pocz\u0105tki komunizmu","link":"https:\/\/wia.net.pl\/index.php\/2024\/04\/12\/wywrotowe-poczatki-komunizmu\/"}],"_links":{"self":[{"href":"https:\/\/wia.net.pl\/index.php\/wp-json\/wp\/v2\/posts\/8175"}],"collection":[{"href":"https:\/\/wia.net.pl\/index.php\/wp-json\/wp\/v2\/posts"}],"about":[{"href":"https:\/\/wia.net.pl\/index.php\/wp-json\/wp\/v2\/types\/post"}],"author":[{"embeddable":true,"href":"https:\/\/wia.net.pl\/index.php\/wp-json\/wp\/v2\/users\/3"}],"replies":[{"embeddable":true,"href":"https:\/\/wia.net.pl\/index.php\/wp-json\/wp\/v2\/comments?post=8175"}],"version-history":[{"count":1,"href":"https:\/\/wia.net.pl\/index.php\/wp-json\/wp\/v2\/posts\/8175\/revisions"}],"predecessor-version":[{"id":8177,"href":"https:\/\/wia.net.pl\/index.php\/wp-json\/wp\/v2\/posts\/8175\/revisions\/8177"}],"wp:featuredmedia":[{"embeddable":true,"href":"https:\/\/wia.net.pl\/index.php\/wp-json\/wp\/v2\/media\/8176"}],"wp:attachment":[{"href":"https:\/\/wia.net.pl\/index.php\/wp-json\/wp\/v2\/media?parent=8175"}],"wp:term":[{"taxonomy":"category","embeddable":true,"href":"https:\/\/wia.net.pl\/index.php\/wp-json\/wp\/v2\/categories?post=8175"},{"taxonomy":"post_tag","embeddable":true,"href":"https:\/\/wia.net.pl\/index.php\/wp-json\/wp\/v2\/tags?post=8175"}],"curies":[{"name":"wp","href":"https:\/\/api.w.org\/{rel}","templated":true}]}}