{"id":8253,"date":"2024-04-25T13:20:52","date_gmt":"2024-04-25T11:20:52","guid":{"rendered":"https:\/\/wia.net.pl\/?p=8253"},"modified":"2024-04-25T13:25:34","modified_gmt":"2024-04-25T11:25:34","slug":"trzecia-rzesza-lanz-von-liebenfels","status":"publish","type":"post","link":"https:\/\/wia.net.pl\/index.php\/2024\/04\/25\/trzecia-rzesza-lanz-von-liebenfels\/","title":{"rendered":"Trzecia Rzesza &#8211; Lanz von Liebenfels"},"content":{"rendered":"<div class=\"wp-block-image\">\n<figure class=\"aligncenter size-full\"><img loading=\"lazy\" decoding=\"async\" width=\"320\" height=\"320\" src=\"https:\/\/wia.net.pl\/wp-content\/uploads\/2024\/04\/image-45.png\" alt=\"\" class=\"wp-image-8254\" srcset=\"https:\/\/wia.net.pl\/wp-content\/uploads\/2024\/04\/image-45.png 320w, https:\/\/wia.net.pl\/wp-content\/uploads\/2024\/04\/image-45-300x300.png 300w, https:\/\/wia.net.pl\/wp-content\/uploads\/2024\/04\/image-45-150x150.png 150w\" sizes=\"(max-width: 320px) 100vw, 320px\" \/><figcaption class=\"wp-element-caption\">\u00a9 Prawa autorskie Petera Crawforda 2015<\/figcaption><\/figure><\/div>\n\n<div class=\"wp-block-image\">\n<figure class=\"aligncenter size-full\"><img loading=\"lazy\" decoding=\"async\" width=\"640\" height=\"89\" src=\"https:\/\/wia.net.pl\/wp-content\/uploads\/2024\/04\/image-46.png\" alt=\"\" class=\"wp-image-8255\" srcset=\"https:\/\/wia.net.pl\/wp-content\/uploads\/2024\/04\/image-46.png 640w, https:\/\/wia.net.pl\/wp-content\/uploads\/2024\/04\/image-46-300x42.png 300w\" sizes=\"(max-width: 640px) 100vw, 640px\" \/><\/figure><\/div>\n\n\n<p>Lanz von Liebenfels (19 lipca 1874 &#8211; 22 kwietnia 1954) by\u0142 austriackim okultyst\u0105, by\u0142ym mnichem cysters\u00f3w i za\u0142o\u017cycielem ruchu Ariosophy.<\/p>\n\n\n\n<blockquote class=\"wp-block-quote is-layout-flow wp-block-quote-is-layout-flow\">\n<p>Termin \u201eariosofia\u201d, oznaczaj\u0105cy m\u0105dro\u015b\u0107 dotycz\u0105c\u0105 Aryjczyk\u00f3w, zosta\u0142 po raz pierwszy ukuty przez Lanza von Liebenfelsa w 1915 r. i sta\u0142 si\u0119 etykiet\u0105 jego doktryny w latach dwudziestych XX wieku. Termin \u201eariosofia\u201d jest u\u017cywany og\u00f3lnie do opisania aryjsko-ezoterycznych teorii podzbioru \u201eV\u00f6lkische Bewegung\u201d. To szersze u\u017cycie tego s\u0142owa ma charakter retrospektywny i nie by\u0142o powszechnie stosowane w\u015br\u00f3d samych ezoteryk\u00f3w.<\/p>\n<\/blockquote>\n\n\n<div class=\"wp-block-image\">\n<figure class=\"alignleft size-full\"><img loading=\"lazy\" decoding=\"async\" width=\"200\" height=\"200\" src=\"https:\/\/wia.net.pl\/wp-content\/uploads\/2024\/04\/image-47.png\" alt=\"\" class=\"wp-image-8256\" srcset=\"https:\/\/wia.net.pl\/wp-content\/uploads\/2024\/04\/image-47.png 200w, https:\/\/wia.net.pl\/wp-content\/uploads\/2024\/04\/image-47-150x150.png 150w\" sizes=\"(max-width: 200px) 100vw, 200px\" \/><figcaption class=\"wp-element-caption\">\u00a9 Prawa autorskie Petera Crawforda 2015<\/figcaption><\/figure><\/div>\n\n<div class=\"wp-block-image\">\n<figure class=\"alignright size-full\"><img loading=\"lazy\" decoding=\"async\" width=\"121\" height=\"200\" src=\"https:\/\/wia.net.pl\/wp-content\/uploads\/2024\/04\/image-48.png\" alt=\"\" class=\"wp-image-8257\"\/><\/figure><\/div>\n\n\n<p>Lanz von Liebenfels by\u0142 przyjacielem ucznia Guido von Lista i pom\u00f3g\u0142 za\u0142o\u017cy\u0107 \u201eGuido-von-List-Gesellschaft\u201d (stowarzyszenie Guido von List) w 1905 r., a w 1907 r. za\u0142o\u017cy\u0142 \u201eOrdo novi templi\u201d (Zakon Nowi Templariusze).&nbsp;&nbsp;W latach 1905-1930 wydawa\u0142 czasopismo \u201eOstara, Briefb\u00fccherei der Blonden und Mannesrechtler\u201d<\/p>\n\n\n\n<p class=\"has-black-color has-text-color has-link-color wp-elements-ed831743e57b4b90bc6292f2eb611a44\">.<\/p>\n\n\n\n<p class=\"has-black-color has-text-color has-link-color wp-elements-ed831743e57b4b90bc6292f2eb611a44\">.<\/p>\n\n\n\n<p class=\"has-black-color has-text-color has-link-color wp-elements-ed831743e57b4b90bc6292f2eb611a44\">.<\/p>\n\n\n\n<p class=\"has-black-color has-text-color has-link-color wp-elements-ed831743e57b4b90bc6292f2eb611a44\">.<\/p>\n\n\n\n<p class=\"has-text-align-center has-medium-font-size\"><strong>Kr\u00f3tka biografia<\/strong><\/p>\n\n\n<div class=\"wp-block-image\">\n<figure class=\"alignright size-full\"><img loading=\"lazy\" decoding=\"async\" width=\"320\" height=\"240\" src=\"https:\/\/wia.net.pl\/wp-content\/uploads\/2024\/04\/image-49.png\" alt=\"\" class=\"wp-image-8258\" srcset=\"https:\/\/wia.net.pl\/wp-content\/uploads\/2024\/04\/image-49.png 320w, https:\/\/wia.net.pl\/wp-content\/uploads\/2024\/04\/image-49-300x225.png 300w\" sizes=\"(max-width: 320px) 100vw, 320px\" \/><figcaption class=\"wp-element-caption\">Stift Heiligenkreuz<\/figcaption><\/figure><\/div>\n\n\n<p>Liebenfels urodzi\u0142 si\u0119 19 lipca 1874 roku w wiede\u0144skiej dzielnicy Penzing, na terenie \u00f3wczesnych Austro-W\u0119gier, jako syn nauczyciela Johanna Lanza i jego \u017cony Kathariny z domu Hoffenreich.<\/p>\n\n\n\n<p>Jego rodzice nale\u017celi do klasy \u015bredniej, a przodkowie ojca byli mieszczanami Wiednia od pocz\u0105tku XVIII wieku.<\/p>\n\n\n\n<p>Lanz zosta\u0142 mnichem w zakonie cysters\u00f3w w 1893 roku, przyjmuj\u0105c imi\u0119 Georg i mieszkaj\u0105c w klasztorze Heiligenkreuz (patrz po prawej).<\/p>\n\n\n\n<p>W 1894 roku twierdzi\u0142, \u017ce dozna\u0142 \u201eo\u015bwiecenia\u201d po odnalezieniu nagrobka templariusza i zacz\u0105\u0142 rozwija\u0107 swoje teorie na temat \u201eblond arianizmu\u201d i \u201eras ni\u017cszych\u201d.<\/p>\n\n\n\n<p>Opu\u015bci\u0142 klasztor w 1899 r.; z Lanzem twierdzi\u0142, \u017ce by\u0142o to spowodowane \u201erosn\u0105c\u0105 nerwowo\u015bci\u0105\u201d.<\/p>\n\n\n<div class=\"wp-block-image\">\n<figure class=\"alignleft size-full\"><img loading=\"lazy\" decoding=\"async\" width=\"200\" height=\"141\" src=\"https:\/\/wia.net.pl\/wp-content\/uploads\/2024\/04\/image-50.png\" alt=\"\" class=\"wp-image-8259\"\/><figcaption class=\"wp-element-caption\">Die Abtei von Lambach<\/figcaption><\/figure><\/div>\n\n<div class=\"wp-block-image\">\n<figure class=\"alignright size-full\"><img loading=\"lazy\" decoding=\"async\" width=\"200\" height=\"157\" src=\"https:\/\/wia.net.pl\/wp-content\/uploads\/2024\/04\/image-51.png\" alt=\"\" class=\"wp-image-8260\"\/><figcaption class=\"wp-element-caption\">Wappen des Abtes Hagen<\/figcaption><\/figure><\/div>\n\n\n<p>Kiedy m\u0142ody Adolf Hitler zosta\u0142 uczniem&nbsp;<a href=\"http:\/\/thirdreichocculthistory.blogspot.co.uk\/2013\/12\/national-socialism-and-occult-part-ii.html\" target=\"_blank\" rel=\"noreferrer noopener\">opactwa Lambach<\/a>&nbsp;w Austrii, opat Lambach,&nbsp;<a href=\"http:\/\/occultreich.blogspot.co.uk\/2012\/03\/occult-messiah.html\" target=\"_blank\" rel=\"noreferrer noopener\">ojciec Hagen<\/a>&nbsp;, ju\u017c zmar\u0142, ale swastyki, kt\u00f3re kaza\u0142 wyrze\u017abi\u0107, nadal zdobi\u0142y sanktuarium opactwa.<\/p>\n\n\n\n<p>Kiedy m\u0142ody Adolf by\u0142 uczniem i ch\u00f3rzyst\u0105 opactwa, w Lambach zatrzyma\u0142 si\u0119 cysterski mnich Adolf Joseph Lanz (Liebenfels).<\/p>\n\n\n\n<p>Sp\u0119dzi\u0142 kilka tygodni, pracuj\u0105c w bibliotece klasztornej, szczeg\u00f3\u0142owo przegl\u0105daj\u0105c i studiuj\u0105c osobiste dokumenty Hagena.<br>Zakonnicy twierdz\u0105, \u017ce podczas swoich bada\u0144 wykazywa\u0142 oznaki wielkiego wzburzenia, jak u osoby, kt\u00f3ra dokona\u0142a&nbsp;<em>wielkiego odkrycia<\/em>&nbsp;.<\/p>\n\n\n<div class=\"wp-block-image\">\n<figure class=\"alignleft size-full\"><img loading=\"lazy\" decoding=\"async\" width=\"200\" height=\"168\" src=\"https:\/\/wia.net.pl\/wp-content\/uploads\/2024\/04\/image-52.png\" alt=\"\" class=\"wp-image-8261\"\/><figcaption class=\"wp-element-caption\">Hitler \u2013 tylny rz\u0105d \u2013 drugi od prawej<\/figcaption><\/figure><\/div>\n\n\n<p>Po wizycie w opactwie Lanz wr\u00f3ci\u0142 do Wiednia, gdzie w nast\u0119pnym roku (1900) za\u0142o\u017cy\u0142 Zakon Nowych Templariuszy, podnosz\u0105c flag\u0119 ze swastyk\u0105 nad zamkiem templariuszy, kt\u00f3ry wybra\u0142 na centrum Zakonu.<\/p>\n\n\n\n<p>Pozostaje zatem kusz\u0105ce pytanie, czy m\u0142ody Adolf Hitler i Liebenfels kiedykolwiek spotkali si\u0119 w tym okresie \u2013 i czy istnieje jaki\u015b zwi\u0105zek pomi\u0119dzy swastykami Hagena, obecno\u015bci\u0105 Hitlera w Lambach i p\u00f3\u017aniejszym u\u017cyciem zar\u00f3wno przez Hitlera, jak i Liebenfels ze swastyk\u0105.<\/p>\n\n\n\n<p>W latach 1903\u2013194 von Liebenfels opublikowa\u0142 obszerny artyku\u0142 pod \u0142aci\u0144skim tytu\u0142em \u201eAnthropozoon Biblicum\u201d (\u201eBiblijny cz\u0142owiek-zwierz\u0119\u201d) w czasopi\u015bmie biblijnym pod redakcj\u0105 Moritza Altsch\u00fclera, \u017cydowskiego wielbiciela (?) Guido von List.<\/p>\n\n\n<div class=\"wp-block-image\">\n<figure class=\"alignleft size-full\"><img loading=\"lazy\" decoding=\"async\" width=\"193\" height=\"317\" src=\"https:\/\/wia.net.pl\/wp-content\/uploads\/2024\/04\/zz.png\" alt=\"\" class=\"wp-image-8262\" srcset=\"https:\/\/wia.net.pl\/wp-content\/uploads\/2024\/04\/zz.png 193w, https:\/\/wia.net.pl\/wp-content\/uploads\/2024\/04\/zz-183x300.png 183w\" sizes=\"(max-width: 193px) 100vw, 193px\" \/><\/figure><\/div>\n\n\n<p>Autor przeprowadzi\u0142 przegl\u0105d por\u00f3wnawczy staro\u017cytnych kultur Bliskiego Wschodu, w kt\u00f3rym znalaz\u0142 dowody w ikonografii (patrz po lewej) i literaturze, kt\u00f3re zdawa\u0142y si\u0119 wskazywa\u0107 na ci\u0105g\u0142e przetrwanie, a\u017c do wczesnych czas\u00f3w historycznych, hominidalnych \u201ema\u0142polud\u00f3w\u201d podobnych do kar\u0142owaci neandertalczycy znani ze szcz\u0105tk\u00f3w kopalnych w Europie czy pitekantrop (obecnie nazywany Homo erectus) z Jawy.<\/p>\n\n\n\n<p>Co wi\u0119cej, Lanz systematycznie analizowa\u0142 Stary Testament w \u015bwietle swojej hipotezy, identyfikuj\u0105c i interpretuj\u0105c zaszyfrowane odniesienia do \u201ema\u0142polud\u00f3w\u201d, kt\u00f3re uzasadnia\u0142y nielegaln\u0105 praktyk\u0119 krzy\u017cowania si\u0119 ludzi z \u201eni\u017cszymi\u201d gatunkami w staro\u017cytno\u015bci.<\/p>\n\n\n<div class=\"wp-block-image\">\n<figure class=\"alignright size-full\"><img loading=\"lazy\" decoding=\"async\" width=\"228\" height=\"320\" src=\"https:\/\/wia.net.pl\/wp-content\/uploads\/2024\/04\/image-53.png\" alt=\"\" class=\"wp-image-8263\" srcset=\"https:\/\/wia.net.pl\/wp-content\/uploads\/2024\/04\/image-53.png 228w, https:\/\/wia.net.pl\/wp-content\/uploads\/2024\/04\/image-53-214x300.png 214w\" sizes=\"(max-width: 228px) 100vw, 228px\" \/><figcaption class=\"wp-element-caption\">Teozoologia<br><br>\u00a9 Copyright Peter Crawford 2015<\/figcaption><\/figure><\/div>\n\n\n<p>W 1905 roku rozszerzy\u0142 te badania na fundamentalne o\u015bwiadczenie doktrynalne zatytu\u0142owane \u201eTheozoologie oder die Kunde von den Sodoms-\u0118fflingen und dem G\u00f6tter-Elektron\u201d (Teozoologia, czyli nauka o sodomitach-apelingach i boskim elektronie).<\/p>\n\n\n\n<p>Stwierdzi\u0142, \u017ce ludy \u201earyjskie\u201d wywodz\u0105 si\u0119 z pozaziemskich, mi\u0119dzygwiezdnych byt\u00f3w (zwanych Theozoa \u2013 w rzeczywisto\u015bci gnostyckimi eonami), podczas gdy \u201eni\u017csze\u201d rasy (&nbsp;Chandals&nbsp;) powsta\u0142y w wyniku krzy\u017cowania si\u0119 ludzi i ma\u0142polud\u00f3w (lub Anthropozoa). .<\/p>\n\n\n\n<p>Skutki krzy\u017cowania ras (krzy\u017cowanie ras) spowodowa\u0142y zanik mocy paranormalnych odziedziczonych od bog\u00f3w, ale mo\u017cna je by\u0142o przywr\u00f3ci\u0107 poprzez selektywn\u0105 hodowl\u0119 czystych linii aryjskich.<\/p>\n\n\n<div class=\"wp-block-image\">\n<figure class=\"alignleft size-full\"><img loading=\"lazy\" decoding=\"async\" width=\"204\" height=\"320\" src=\"https:\/\/wia.net.pl\/wp-content\/uploads\/2024\/04\/image-54.png\" alt=\"\" class=\"wp-image-8264\" srcset=\"https:\/\/wia.net.pl\/wp-content\/uploads\/2024\/04\/image-54.png 204w, https:\/\/wia.net.pl\/wp-content\/uploads\/2024\/04\/image-54-191x300.png 191w\" sizes=\"(max-width: 204px) 100vw, 204px\" \/><figcaption class=\"wp-element-caption\">Pozaziemskie pochodzenie Aryjczyk\u00f3w<br><br>\u00a9 Copyright Peter Crawford 2015<\/figcaption><\/figure><\/div>\n\n\n<p>Krzy\u017cowanie ras &#8211; (od \u0142aci\u0144skiego \u201emiscere\u201d \u201emiesza\u0107\u201d i \u201erodzaj\u201d \u201erodzaj\u201d) to mieszanie si\u0119 r\u00f3\u017cnych grup rasowych poprzez ma\u0142\u017ce\u0144stwo, wsp\u00f3lne po\u017cycie, stosunki seksualne lub prokreacj\u0119.<\/p>\n\n\n\n<p>Termin krzy\u017cowanie ras by\u0142 u\u017cywany od XIX wieku w odniesieniu do ma\u0142\u017ce\u0144stw mi\u0119dzyrasowych i mi\u0119dzyrasowych stosunk\u00f3w seksualnych, a bardziej og\u00f3lnie do procesu domieszki genetycznej.<\/p>\n\n\n\n<p>Poj\u0119cie krzy\u017cowania ras jest powi\u0105zane z koncepcjami r\u00f3\u017cnic rasowych.<\/p>\n\n\n\n<p class=\"has-black-color has-text-color has-link-color wp-elements-ed831743e57b4b90bc6292f2eb611a44\">.<\/p>\n\n\n\n<p class=\"has-black-color has-text-color has-link-color wp-elements-ed831743e57b4b90bc6292f2eb611a44\">.<\/p>\n\n\n\n<p class=\"has-black-color has-text-color has-link-color wp-elements-ed831743e57b4b90bc6292f2eb611a44\">.<\/p>\n\n\n\n<p class=\"has-black-color has-text-color has-link-color wp-elements-ed831743e57b4b90bc6292f2eb611a44\">.<\/p>\n\n\n\n<p class=\"has-black-color has-text-color has-link-color wp-elements-ed831743e57b4b90bc6292f2eb611a44\">.<\/p>\n\n\n\n<p><\/p>\n\n\n<div class=\"wp-block-image\">\n<figure class=\"alignleft size-full\"><img loading=\"lazy\" decoding=\"async\" width=\"200\" height=\"173\" src=\"https:\/\/wia.net.pl\/wp-content\/uploads\/2024\/04\/image-55.png\" alt=\"\" class=\"wp-image-8265\"\/><\/figure><\/div>\n\n<div class=\"wp-block-image\">\n<figure class=\"alignright size-full\"><img loading=\"lazy\" decoding=\"async\" width=\"150\" height=\"200\" src=\"https:\/\/wia.net.pl\/wp-content\/uploads\/2024\/04\/image-56.png\" alt=\"\" class=\"wp-image-8266\"\/><\/figure><\/div>\n\n\n<p>Liebenfels, jak ju\u017c powiedziano, utrzymywa\u0142, \u017ce rasa aryjska by\u0142a stworzeniem eon\u00f3w, kt\u00f3re zst\u0105pi\u0142y bezpo\u015brednio z niebios.<br>Utrzymywano, \u017ce inne formy humanoidalne (szympansy i inne wielkie ma\u0142py cz\u0142ekokszta\u0142tne \u2013 wytwory mniejszego \u201eboga\u201d \u2013 Demiurga) krzy\u017cowa\u0142y si\u0119 z Aryjczykami w odleg\u0142ej przesz\u0142o\u015bci, daj\u0105c pocz\u0105tek r\u00f3\u017cnym wci\u0105\u017c istniej\u0105cym Untermenschen \u2013 lub nie, jak w przypadku neandertalczyk\u00f3w \u2013 (z \u017bydami jako najbardziej rozwini\u0119tymi, a Polinezyjczykami i Murzynami na dolnym kra\u0144cu skali \u2013 zob.&nbsp;&nbsp;<a href=\"http:\/\/thirdreichocculthistory.blogspot.co.uk\/2011\/07\/lanz-von-liebenfels.html\" target=\"_blank\" rel=\"noreferrer noopener\">Lanz von Liebenfells<\/a>&nbsp;).<\/p>\n\n\n\n<blockquote class=\"wp-block-quote is-layout-flow wp-block-quote-is-layout-flow\">\n<p>Aryjczycy maj\u0105 o jedn\u0105 par\u0119 chromosom\u00f3w mniej ni\u017c inne ma\u0142py cz\u0142ekokszta\u0142tne, przy czym chromosomy 2 i 4 ma\u0142py cz\u0142ekokszta\u0142tnej \u0142\u0105cz\u0105 si\u0119 w du\u017cy chromosom (kt\u00f3ry zawiera pozosta\u0142o\u015bci centromeru i telomer\u00f3w przodk\u00f3w 2 i 4). R\u00f3\u017cna liczba chromosom\u00f3w&nbsp;<em>&nbsp;nie&nbsp;<\/em>&nbsp;stanowi bariery dla hybrydyzacji; podobne niedopasowania s\u0105 stosunkowo cz\u0119ste u istniej\u0105cych gatunk\u00f3w i jest to zjawisko znane jako \u201epolimorfizm chromosomalny\u201d. Obecne badania nad ewolucj\u0105 cz\u0142owieka zwykle potwierdzaj\u0105, \u017ce w niekt\u00f3rych przypadkach mi\u0119dzygatunkowa aktywno\u015b\u0107 seksualna mog\u0142a by\u0107 kluczow\u0105 cz\u0119\u015bci\u0105 ewolucji cz\u0142owieka.<\/p>\n<\/blockquote>\n\n\n\n<p>W ca\u0142ej zapisanej historii dosz\u0142o do kontynuacji krzy\u017cowania ras mi\u0119dzy Aryjczykami i Chandalami (Untermenschen), co doprowadzi\u0142o do stopniowego os\u0142abienia czysto\u015bci rasy aryjskiej.<\/p>\n\n\n<div class=\"wp-block-image\">\n<figure class=\"alignright size-full\"><img loading=\"lazy\" decoding=\"async\" width=\"320\" height=\"200\" src=\"https:\/\/wia.net.pl\/wp-content\/uploads\/2024\/04\/image-57.png\" alt=\"\" class=\"wp-image-8267\" srcset=\"https:\/\/wia.net.pl\/wp-content\/uploads\/2024\/04\/image-57.png 320w, https:\/\/wia.net.pl\/wp-content\/uploads\/2024\/04\/image-57-300x188.png 300w\" sizes=\"(max-width: 320px) 100vw, 320px\" \/><figcaption class=\"wp-element-caption\"><a href=\"http:\/\/zcswagner.blogspot.co.uk\/2015\/09\/parsifal-und-die-deutsche-seele.html\" target=\"_blank\" rel=\"noreferrer noopener\">\u201eParsifal\u201d<\/a><\/figcaption><\/figure><\/div>\n\n\n<p>W rezultacie w XIX i XX wieku praktycznie nie by\u0142o czystych Aryjczyk\u00f3w.(Teori\u0119 t\u0119 symbolizuje&nbsp;&nbsp;B\u00fchnenweihfestspiel&nbsp;&nbsp;<a href=\"http:\/\/zcswagner.blogspot.co.uk\/2015\/09\/parsifal-und-die-deutsche-seele.html\" target=\"_blank\" rel=\"noreferrer noopener\">\u201eParsifal\u201d&nbsp;<\/a><a href=\"http:\/\/zcswagner.blogspot.co.uk\/2013\/07\/die-komplette-wagner.html\" target=\"_blank\" rel=\"noreferrer noopener\">Wagnera<\/a>&nbsp;).<\/p>\n\n\n\n<p>Dla Liebenfelsa dowodem by\u0142 wyra\u017anie widoczny upadek spo\u0142ecze\u0144stw zachodnich (a zw\u0142aszcza niemieckoj\u0119zycznych), co znalaz\u0142o odzwierciedlenie w polityce, sztukach pi\u0119knych, muzyce, architekturze, moralno\u015bci publicznej i wszystkich aspektach \u201enowoczesnego\u201d \u017cycia.<\/p>\n\n\n\n<p>St\u0105d potrzeba czego\u015b, co p\u00f3\u017aniej nazwano Rassenhygiene<\/p>\n\n\n\n<blockquote class=\"wp-block-quote is-layout-flow wp-block-quote-is-layout-flow\">\n<p>Niemiecki eugenik Alfred Ploetz wprowadzi\u0142 termin Rassenhygiene w swoim \u201eGrundlinien einer Rassenhygiene\u201d w 1895 r. Pocz\u0105tkowo Rassenhygiene bardziej interesowa\u0142 si\u0119 spadkiem liczby urodze\u0144 w Niemczech oraz rosn\u0105c\u0105 liczb\u0105 os\u00f3b chorych psychicznie i niepe\u0142nosprawnych, ni\u017c \u201ekwesti\u0105 \u017cydowsk\u0105\u201d i \u201ede-Nordyfikacja\u201d (Entnordung), kt\u00f3ra zdominowa\u0142a rassenhygiene w Niemczech od lat dwudziestych XX wieku a\u017c do drugiej wojny \u015bwiatowej. Schemat postawy III Rzeszy wobec innych ras napisali Erwin Baur, Fritz Lenz i Eugen Fischer i opublikowali pod tytu\u0142em \u201eMenschliche Erblehre Theorie und Rassenhygiene\u201d (1936). Dzia\u0142aj\u0105c tak\u017ce w oparciu o eugeniczne obawy dotycz\u0105ce skutk\u00f3w alkoholu, tytoniu i ki\u0142y, Trzecia Rzesza sponsorowa\u0142a badania, podejmowa\u0142a publiczne kampanie edukacyjne i uchwala\u0142a prawa, kt\u00f3re wsp\u00f3lnie mia\u0142y na celu wyeliminowanie \u201e&nbsp;<em>trucizn genetycznych<\/em>&nbsp;\u201d zwi\u0105zanych z wadami wrodzonymi i uszkodzeniami genetycznymi w przysz\u0142ych pokoleniach .<\/p>\n<\/blockquote>\n\n\n<div class=\"wp-block-image\">\n<figure class=\"alignleft size-full\"><img loading=\"lazy\" decoding=\"async\" width=\"154\" height=\"200\" src=\"https:\/\/wia.net.pl\/wp-content\/uploads\/2024\/04\/image-58.png\" alt=\"\" class=\"wp-image-8268\"\/><figcaption class=\"wp-element-caption\">Arystokracja Krwi<\/figcaption><\/figure><\/div>\n\n<div class=\"wp-block-image\">\n<figure class=\"alignright size-full\"><img loading=\"lazy\" decoding=\"async\" width=\"320\" height=\"209\" src=\"https:\/\/wia.net.pl\/wp-content\/uploads\/2024\/04\/image-59.png\" alt=\"\" class=\"wp-image-8269\" srcset=\"https:\/\/wia.net.pl\/wp-content\/uploads\/2024\/04\/image-59.png 320w, https:\/\/wia.net.pl\/wp-content\/uploads\/2024\/04\/image-59-300x196.png 300w\" sizes=\"(max-width: 320px) 100vw, 320px\" \/><figcaption class=\"wp-element-caption\">Arystokracja Krwi<\/figcaption><\/figure><\/div>\n\n\n<p>W swej istocie Rassenhygiene by\u0142a pomy\u015blana jako odrodzenie rasy aryjskiej, co mo\u017cna by\u0142o osi\u0105gn\u0105\u0107 g\u0142\u00f3wnie poprzez \u015bcis\u0142e wdro\u017cenie eugeniki.<\/p>\n\n\n\n<p>Celem Liebenfelsa by\u0142 powr\u00f3t spo\u0142ecze\u0144stwa do zdrowego, silnego i pi\u0119knego \u017cycia, a nordycka rasa aryjska odzyska\u0142a swoj\u0105 \u201eczysto\u015b\u0107\u201d poprzez selektywn\u0105 reprodukcj\u0119 zgodnie z teori\u0105 Darwina.<\/p>\n\n\n\n<p><\/p>\n\n\n\n<p><\/p>\n\n\n\n<blockquote class=\"wp-block-quote is-layout-flow wp-block-quote-is-layout-flow\">\n<p>Rassenhygiene by\u0142a teori\u0105 m\u00f3wi\u0105c\u0105, \u017ce niekt\u00f3rym osobom nale\u017cy pozwoli\u0107 na prokreacj\u0119, a innym nie, a jej wyra\u017anym celem by\u0142o promowanie pewnych cech uznawanych za szczeg\u00f3lnie po\u017c\u0105dane. Stwierdzono, \u017ce rasa stworzy\u0142a kultur\u0119 i \u017ce \u201e&nbsp;<em>nieczyste<\/em>&nbsp;\u201d krzy\u017cowanie ras doprowadzi\u0142o do chaosu. Higiena rasowa by\u0142a historycznie powi\u0105zana z tradycyjnymi poj\u0119ciami zdrowia publicznego, ale zwykle k\u0142ad\u0142a wi\u0119kszy nacisk na dziedziczno\u015b\u0107. Francis Galton rozpocz\u0105\u0142 prac\u0119 w 1869 r. w celu znalezienia statystycznej nauki o dziedziczno\u015bci, kt\u00f3ra jego zdaniem mog\u0142aby zach\u0119ci\u0107 do dobrowolnej opieki przy wyborze partner\u00f3w, a w 1883 r. wprowadzi\u0142 dla tego tematu termin \u201eeugenika\u201d, ale na pocz\u0105tku XX wieku ruch eugeniczny przyj\u0105\u0142 idee genetyki mendlowskiej i promowa\u0142 Rassenhygiene, aby uniemo\u017cliwi\u0107 nieodpowiednim osobom posiadanie potomstwa.<\/p>\n<\/blockquote>\n\n\n<div class=\"wp-block-image\">\n<figure class=\"alignright size-full\"><img loading=\"lazy\" decoding=\"async\" width=\"112\" height=\"200\" src=\"https:\/\/wia.net.pl\/wp-content\/uploads\/2024\/04\/image-60.png\" alt=\"\" class=\"wp-image-8270\"\/><figcaption class=\"wp-element-caption\">Ostara &#8211; Bogini Wiosny<\/figcaption><\/figure><\/div>\n\n\n<p>W tym samym roku, w kt\u00f3rym Lanz opublikowa\u0142 \u201eTheozoologie oder die Kunde von den Sodoms-\u0118fflingen und dem G\u00f6tter-Elektron\u201d, rozpocz\u0105\u0142 wydawanie czasopisma \u201eOstara\u201d (nazwanego na cze\u015b\u0107 poga\u0144skiej germa\u0144skiej bogini wiosny), aby promowa\u0107 swoj\u0105 wizj\u0119 rasizmu czysto\u015b\u0107 (patrz poni\u017cej).<\/p>\n\n\n<div class=\"wp-block-image\">\n<figure class=\"alignleft size-full\"><img loading=\"lazy\" decoding=\"async\" width=\"145\" height=\"320\" src=\"https:\/\/wia.net.pl\/wp-content\/uploads\/2024\/04\/image-61.png\" alt=\"\" class=\"wp-image-8271\" srcset=\"https:\/\/wia.net.pl\/wp-content\/uploads\/2024\/04\/image-61.png 145w, https:\/\/wia.net.pl\/wp-content\/uploads\/2024\/04\/image-61-136x300.png 136w\" sizes=\"(max-width: 145px) 100vw, 145px\" \/><\/figure><\/div>\n\n\n<p>W tym samym roku ukaza\u0142 si\u0119 artyku\u0142 zatytu\u0142owany \u201eBiblia Antropozoon\u201d, w kt\u00f3rym argumentowa\u0142, \u017ce w grupie istniej\u0105 dwie zupe\u0142nie odr\u0119bne nauki humanistyczne.<\/p>\n\n\n\n<p>Z jednej strony znajdujemy \u201e&nbsp;<em>Dzieci Bog\u00f3w<\/em>&nbsp;\u201d (Teozoa twory gnostyckich \u00c6on\u00f3w \u2013 patrz po lewej), a z drugiej strony \u201e&nbsp;<em>Dzieci Ludzi<\/em>&nbsp;\u201d (Antropozoa \u2013 twory \u201emniejszego boga\u201d \u2013 Demiurga ).<\/p>\n\n\n\n<p>Pierwsi byli Aryjczycy o czystej duchowo\u015bci; inne rasy powsta\u0142y w wyniku&nbsp;<em>biologicznej ewolucji<\/em>&nbsp;zwierz\u0105t.<\/p>\n\n\n\n<p>Zatem Liebenfels wyja\u015bni\u0142 \u201eupadek rasy aryjskiej\u201d jako akt krzy\u017cowania ras.<\/p>\n\n\n\n<p>U podstaw tego \u201eupadku\u201d rasa aryjska utraci\u0142a swoje boskie moce i zdolno\u015bci paranormalne, takie jak telepatia czy jasnowidzenie \u2013 oraz utraci\u0142a mistyczn\u0105 wizj\u0119 wszech\u015bwiata i \u201emocy\u201d.<\/p>\n\n\n<div class=\"wp-block-image\">\n<figure class=\"alignright size-full\"><img loading=\"lazy\" decoding=\"async\" width=\"206\" height=\"320\" src=\"https:\/\/wia.net.pl\/wp-content\/uploads\/2024\/04\/image-62.png\" alt=\"\" class=\"wp-image-8272\" srcset=\"https:\/\/wia.net.pl\/wp-content\/uploads\/2024\/04\/image-62.png 206w, https:\/\/wia.net.pl\/wp-content\/uploads\/2024\/04\/image-62-193x300.png 193w\" sizes=\"(max-width: 206px) 100vw, 206px\" \/><figcaption class=\"wp-element-caption\">Teozoologia<br><br>\u00a9 Copyright Peter Crawford 2015<\/figcaption><\/figure><\/div>\n\n\n<p>Te cechy (jednak os\u0142abione) zosta\u0142y nast\u0119pnie ograniczone do kilku potomk\u00f3w Aryjczyk\u00f3w.<\/p>\n\n\n\n<p>W ten spos\u00f3b Liebenfels doszed\u0142 do wniosku, \u017ce odzyskanie aryjskiej czysto\u015bci rasowej by\u0142oby r\u00f3wnoznaczne z odzyskaniem duchowej natury pierwotnych Aryjczyk\u00f3w.<\/p>\n\n\n\n<p>Zosta\u0142o to opisane w \u201eTheosophie und assyrischen G\u00f6tter\u201d w 1907 roku.&nbsp;<\/p>\n\n\n<div class=\"wp-block-image\">\n<figure class=\"alignleft size-full\"><img loading=\"lazy\" decoding=\"async\" width=\"320\" height=\"192\" src=\"https:\/\/wia.net.pl\/wp-content\/uploads\/2024\/04\/image-63.png\" alt=\"\" class=\"wp-image-8273\" srcset=\"https:\/\/wia.net.pl\/wp-content\/uploads\/2024\/04\/image-63.png 320w, https:\/\/wia.net.pl\/wp-content\/uploads\/2024\/04\/image-63-300x180.png 300w\" sizes=\"(max-width: 320px) 100vw, 320px\" \/><\/figure><\/div>\n\n\n<p>Liebenfels twierdzi\u0142, \u017ce Atlantyda (pierwotny kontynent aryjski) dzieli\u0142a si\u0119 na gatunki czyste i zwierz\u0119ce.<\/p>\n\n\n\n<p>Powtarzaj\u0105c B\u0142awatsk\u0105 w \u201eDie Geheimlehre\u201d, Liebenfels stwierdzi\u0142:<\/p>\n\n\n\n<blockquote class=\"wp-block-quote is-layout-flow wp-block-quote-is-layout-flow\">\n<p>\u201e&nbsp;<em>Fatalny b\u0142\u0105d pi\u0105tego korzenia rasy aryjskiej polega\u0142 na tym, \u017ce wielokrotnie mieszali si\u0119 oni z potomkami ma\u0142p<\/em>&nbsp;\u201d .<\/p>\n<\/blockquote>\n\n\n\n<p><\/p>\n\n\n<div class=\"wp-block-image\">\n<figure class=\"alignright size-full\"><img loading=\"lazy\" decoding=\"async\" width=\"154\" height=\"200\" src=\"https:\/\/wia.net.pl\/wp-content\/uploads\/2024\/04\/image-64.png\" alt=\"\" class=\"wp-image-8274\"\/><figcaption class=\"wp-element-caption\">Helena B\u0142awatska<\/figcaption><\/figure><\/div>\n\n\n<p>W ten spos\u00f3b konsekwencja takiego zachowania doprowadzi\u0142a do instytucjonalizacji kult\u00f3w satanistycznych i stworzy\u0142a liczne mieszane rasy untermenschen, zagra\u017caj\u0105ce \u015bwi\u0119tej&nbsp;&nbsp;w\u0142adzy Aryjczyk\u00f3w.<\/p>\n\n\n\n<p>Pierwotny b\u0142\u0105d \u201eludzi-bog\u00f3w\u201d by\u0142 podobny do tego znalezionego w Ksi\u0119dze Rodzaju-6, kiedy&nbsp;<\/p>\n\n\n\n<blockquote class=\"wp-block-quote is-layout-flow wp-block-quote-is-layout-flow\">\n<p>\u201e&nbsp;<em>synowie Bo\u017cy schodz\u0105 na ziemi\u0119 i obcuj\u0105 z c\u00f3rkami ludzkimi<\/em>&nbsp;\u201d.<\/p>\n<\/blockquote>\n\n\n\n<p>Zainteresowanie Liebenfela najnowszymi odkryciami, takimi jak promieniowanie rentgenowskie, radioaktywno\u015b\u0107 i radio, doprowadzi\u0142o go do rozwini\u0119cia \u201e&nbsp;<em>teologii naukowej<\/em>&nbsp;\u201d, w kt\u00f3rej \u201ebogowie\u201d (gnostyccy \u00c6ons) reprezentowali najwy\u017csz\u0105 form\u0119 \u017cycia i posiadali&nbsp;specjalne&nbsp;&nbsp;moce&nbsp;&nbsp;elektryczne&nbsp;&nbsp;zlokalizowanych w szyszynce i przysadce m\u00f3zgowej, kt\u00f3re nast\u0119pnie uleg\u0142y zahamowaniu.<\/p>\n\n\n\n<p>Ten regres lub odwr\u00f3cenie wynika\u0142o z po\u0142\u0105czenia&nbsp;&nbsp;zwierz\u0105t i untermenschen&nbsp;&nbsp;z aryjskimi \u201eboskimi lud\u017ami\u201d.<\/p>\n\n\n\n<blockquote class=\"wp-block-quote is-layout-flow wp-block-quote-is-layout-flow\">\n<p>Szyszynka to ma\u0142y gruczo\u0142 dokrewny znajduj\u0105cy si\u0119 w m\u00f3zgu kr\u0119gowc\u00f3w. Wytwarza melatonin\u0119, hormon pochodny serotoniny, kt\u00f3ry wp\u0142ywa na modulacj\u0119 wzorc\u00f3w snu. Swoim kszta\u0142tem przypomina male\u0144k\u0105 szyszk\u0119 (st\u0105d nazwa) i znajduje si\u0119 w nadwzg\u00f3rzu, w pobli\u017cu \u015brodka m\u00f3zgu, pomi\u0119dzy dwiema p\u00f3\u0142kulami. Filozofia okultyzmu&nbsp;&nbsp;nazywa szyszynk\u0119 wewn\u0119trznym&nbsp;&nbsp;trzecim okiem, kt\u00f3re jest niezb\u0119dne do mistycznego przebudzenia lub o\u015bwiecenia, percepcji jasnowidzenia i wy\u017cszych stan\u00f3w \u015bwiadomo\u015bci. Idea ta zosta\u0142a szczeg\u00f3lnie obja\u015bniona przez Madame Blavatsky w Die Geheimlehre.<\/p>\n<\/blockquote>\n\n\n<div class=\"wp-block-image\">\n<figure class=\"aligncenter size-full\"><img loading=\"lazy\" decoding=\"async\" width=\"173\" height=\"200\" src=\"https:\/\/wia.net.pl\/wp-content\/uploads\/2024\/04\/image-65.png\" alt=\"\" class=\"wp-image-8275\"\/><figcaption class=\"wp-element-caption\">\u00a9 Prawa autorskie Petera Crawforda 2015<\/figcaption><\/figure><\/div>\n\n<div class=\"wp-block-image\">\n<figure class=\"alignleft size-full\"><img loading=\"lazy\" decoding=\"async\" width=\"320\" height=\"234\" src=\"https:\/\/wia.net.pl\/wp-content\/uploads\/2024\/04\/image-66.png\" alt=\"\" class=\"wp-image-8276\" srcset=\"https:\/\/wia.net.pl\/wp-content\/uploads\/2024\/04\/image-66.png 320w, https:\/\/wia.net.pl\/wp-content\/uploads\/2024\/04\/image-66-300x219.png 300w\" sizes=\"(max-width: 320px) 100vw, 320px\" \/><\/figure><\/div>\n\n<div class=\"wp-block-image\">\n<figure class=\"alignright size-full\"><img loading=\"lazy\" decoding=\"async\" width=\"163\" height=\"161\" src=\"https:\/\/wia.net.pl\/wp-content\/uploads\/2024\/04\/image-67.png\" alt=\"\" class=\"wp-image-8277\"\/><figcaption class=\"wp-element-caption\">\u00a9 Prawa autorskie Petera Crawforda 2015<\/figcaption><\/figure><\/div>\n\n\n<p>25 grudnia 1907 Liebenfels za\u0142o\u017cy\u0142 Neutempler Orden<br>(Zakon Nowych Templariuszy \u2013 Ordo Novi Templi lub ONT) (patrz po prawej), mistyczne stowarzyszenie z siedzib\u0105 w Burg Werfenstein (patrz po lewej), zamku w G\u00f3rnej Austrii z widokiem na rzeka Dunaj.<\/p>\n\n\n\n<p>Jej deklarowanym celem by\u0142o zharmonizowanie nauki, sztuki i religii w oparciu o&nbsp;<em>\u015bwiadomo\u015b\u0107 rasow\u0105<\/em>&nbsp;.<\/p>\n\n\n\n<p>Rytua\u0142y mia\u0142y na celu upi\u0119kszenie \u017cycia zgodnie z&nbsp;<a href=\"http:\/\/thirdreichocculthistory.blogspot.co.uk\/2013\/03\/aryanism-and-third-reich.html\" target=\"_blank\" rel=\"noreferrer noopener\">estetyk\u0105 aryjsk\u0105<\/a>&nbsp;i wyra\u017cenie systemu teologicznego Zakonu.<\/p>\n\n\n<div class=\"wp-block-image\">\n<figure class=\"alignleft size-full\"><img loading=\"lazy\" decoding=\"async\" width=\"197\" height=\"200\" src=\"https:\/\/wia.net.pl\/wp-content\/uploads\/2024\/04\/image-68.png\" alt=\"\" class=\"wp-image-8278\"\/><\/figure><\/div>\n\n<div class=\"wp-block-image\">\n<figure class=\"alignright size-full\"><img loading=\"lazy\" decoding=\"async\" width=\"200\" height=\"141\" src=\"https:\/\/wia.net.pl\/wp-content\/uploads\/2024\/04\/image-69.png\" alt=\"\" class=\"wp-image-8279\"\/><figcaption class=\"wp-element-caption\">\u00a9 Prawa autorskie Petera Crawforda 2015<\/figcaption><\/figure><\/div>\n\n\n<p>Zakon jako pierwszy u\u017cy\u0142 swastyki (opr\u00f3cz Krzy\u017ca Templariuszy) w znaczeniu \u201earyjskim\u201d, umieszczaj\u0105c na swojej fladze symbol czerwonej swastyki zwr\u00f3conej w prawo, na \u017c\u00f3\u0142to-pomara\u0144czowym polu (patrz po prawej).<\/p>\n\n\n\n<p><\/p>\n\n\n\n<p><\/p>\n\n\n\n<p><\/p>\n\n\n\n<blockquote class=\"wp-block-quote is-layout-flow wp-block-quote-is-layout-flow\">\n<p>ONT podupad\u0142o od po\u0142owy lat trzydziestych XX wieku i zosta\u0142o st\u0142umione przez Gestapo w 1942 roku na rozkaz Adolfa Hitlera.&nbsp;&nbsp;Do tego czasu za\u0142o\u017cy\u0142 siedem utopijnych wsp\u00f3lnot w Austrii, Niemczech i na W\u0119grzech.&nbsp;Zawieszaj\u0105c swoj\u0105 dzia\u0142alno\u015b\u0107 na terenie Wielkoniemieckiej Rzeszy, ONT przetrwa\u0142a na W\u0119grzech mniej wi\u0119cej do ko\u0144ca II wojny \u015bwiatowej.&nbsp;&nbsp;Po 1945 r. zesz\u0142a do podziemia w Wiedniu, ale w 1958 r. skontaktowa\u0142 si\u0119 z ni\u0105 by\u0142y porucznik Waffen-SS Rudolf Mund, kt\u00f3ry w 1979 r. zosta\u0142 przeorem Zakonu.&nbsp;Mund napisa\u0142 tak\u017ce biografie Lanza i Wiliguta.<\/p>\n<\/blockquote>\n\n\n\n<p>W 1905 roku Liebenfels za\u0142o\u017cy\u0142 czasopismo \u201eOstara \u2013 Briefb\u00fccherei der Blonden und Mannesrechtler\u201d, kt\u00f3rego w 1908 roku zosta\u0142 jedynym autorem i redaktorem.<\/p>\n\n\n\n<p>Publikacja ta zyska\u0142a ogromny rozg\u0142os w krajach niemieckich, osi\u0105gaj\u0105c nak\u0142ad ponad 100 000 egzemplarzy.<\/p>\n\n\n\n<p>Ukazywa\u0142o si\u0119 w dw\u00f3ch seriach, od 1905 do 1917, po osiemdziesi\u0105t dziewi\u0119\u0107 numer\u00f3w i wydawane od 1922 do 1927, z kolejnymi dwunastoma numerami.<\/p>\n\n\n\n<p>Wiele wskazuje na to, \u017ce Hitler w m\u0142odo\u015bci czyta\u0142 \u201eOstar\u0119\u201d z wielkim zainteresowaniem.<\/p>\n\n\n\n<p>Publikacja ta dotyczy\u0142a g\u0142\u00f3wnie kwestii religii i rasy, a artyku\u0142y Liebenfela nawo\u0142ywa\u0142y do \u200b\u200bbuntu przeciwko \u201erasom podludzkim\u201d, a zw\u0142aszcza przeciwko \u017bydom.<\/p>\n\n\n\n<p>Zbawienie zaoferowa\u0142o odrodzenie staro\u017cytnej m\u0105dro\u015bci aryjskiej, szerzonej przez takie staro\u017cytne cywilizacje, jak Hiperb\u00f3rea i Atlantyda.<\/p>\n\n\n<div class=\"wp-block-image\">\n<figure class=\"alignleft size-full\"><img loading=\"lazy\" decoding=\"async\" width=\"141\" height=\"200\" src=\"https:\/\/wia.net.pl\/wp-content\/uploads\/2024\/04\/image-70.png\" alt=\"\" class=\"wp-image-8280\"\/><\/figure><\/div>\n\n<div class=\"wp-block-image\">\n<figure class=\"alignright size-full\"><img loading=\"lazy\" decoding=\"async\" width=\"186\" height=\"200\" src=\"https:\/\/wia.net.pl\/wp-content\/uploads\/2024\/04\/image-71.png\" alt=\"\" class=\"wp-image-8281\"\/><\/figure><\/div>\n\n\n<p>Czytelnikami tej publikacji byli m.in. Adolf Hitler i Dietrich Eckart.<\/p>\n\n\n\n<p>Lanza odwiedzi\u0142 kiedy\u015b m\u0142ody Hitler, kt\u00f3remu dostarczy\u0142 dwa brakuj\u0105ce numery magazynu.<\/p>\n\n\n\n<p>Jako ucze\u0144 Guido von List Lanz dalej rozwija\u0142 swoje teorie; inne wp\u0142ywy obejmowa\u0142 Otto Weiningera, kt\u00f3rego Lanz by\u0142 zagorza\u0142ym na\u015bladowc\u0105.<\/p>\n\n\n\n<p>\u201eOstara\u201d dawa\u0142a nadziej\u0119 na&nbsp;<em>odkupienie<\/em>&nbsp;&nbsp;i&nbsp;<em>regeneracj\u0119<\/em>&nbsp;, prowadz\u0105c polityk\u0119 zapewniaj\u0105c\u0105 rasie aryjskiej ochron\u0119 przed rasami podludzkimi, co p\u00f3\u017aniej sta\u0142o si\u0119 ideologiczn\u0105 podstaw\u0105&nbsp;<em>eugeniki<\/em>&nbsp;narodowego socjalizmu .<br>W jednym z akapit\u00f3w tego magazynu Liebenfels stwierdza to<\/p>\n\n\n\n<blockquote class=\"wp-block-quote is-layout-flow wp-block-quote-is-layout-flow\">\n<p>\u201e&nbsp;<em>Aryjczycy s\u0105 arcydzie\u0142em bog\u00f3w i s\u0105 obdarzeni mocami nadprzyrodzonymi i paranormalnymi, pochodz\u0105cymi z<\/em>&nbsp;\u201eo\u015brodk\u00f3w mocy\u201d&nbsp;<em>i<\/em>&nbsp;\u201ecia\u0142 mocy\u201d&nbsp;<em>, kt\u00f3re przyznaj\u0105 absolutn\u0105 supremacj\u0119 nad jakimkolwiek innym stworzeniem<\/em>&nbsp;.<\/p>\n<\/blockquote>\n\n\n\n<p>W swojej teologii Lanz von Liebenfels tak\u017ce pos\u0142ugiwa\u0142 si\u0119 astrologi\u0105 i okre\u015bla\u0142 histori\u0119 ludzko\u015bci jako \u201e&nbsp;<em>wojn\u0119 mi\u0119dzy rasami<\/em>&nbsp;\u201d, kt\u00f3rej ostateczny eschatologiczny koniec by\u0142 wyra\u017anie widoczny w ich horoskopach.<\/p>\n\n\n<div class=\"wp-block-image\">\n<figure class=\"alignleft size-full\"><img loading=\"lazy\" decoding=\"async\" width=\"145\" height=\"200\" src=\"https:\/\/wia.net.pl\/wp-content\/uploads\/2024\/04\/image-72.png\" alt=\"\" class=\"wp-image-8282\"\/><\/figure><\/div>\n\n\n<p>W 1905 r. Lanz i oko\u0142o 50 innych zwolennik\u00f3w Listu podpisali deklaracj\u0119 zatwierdzaj\u0105c\u0105 proponowane Guido-von-List-Gesellschaft (Towarzystwo Guido von List), kt\u00f3re zosta\u0142o oficjalnie za\u0142o\u017cone w 1908 r. (Guido List &#8211; patrz po lewej)<\/p>\n\n\n\n<p>W 1907 roku za\u0142o\u017cy\u0142 tak\u017ce w\u0142asn\u0105 organizacj\u0119 ezoteryczn\u0105, Ordo Novi Templi (Zakon Nowych Templariuszy) (patrz wy\u017cej).<\/p>\n\n\n\n<p>Te ruchy mia\u0142y takie by\u0107<\/p>\n\n\n\n<blockquote class=\"wp-block-quote is-layout-flow wp-block-quote-is-layout-flow\">\n<p>\u201e&nbsp;<em>zwi\u0119ksza\u0107 pewno\u015b\u0107 siebie rasy poprzez prowadzenie bada\u0144 rodowodowych i rasowych, konkurs\u00f3w pi\u0119kno\u015bci i zak\u0142adania rasistowskich \u201emiejsc przysz\u0142o\u015bci\u201d w s\u0142abo rozwini\u0119tych cz\u0119\u015bciach Ziemi\u201d \u2013 (\u201edas Rassebewusstsein durch Stammbaum- und Rassekundeforschung, Sch\u00f6nheitswettbewerbe und die Gr\u00fcndung rassistischer Zukunftsst\u00e4tten in unterentwickelten Teilen der Erde zu f\u00f6rdern\u201d).<\/em><\/p>\n<\/blockquote>\n\n\n\n<p>Aby osi\u0105gn\u0105\u0107 ten cel, kupi\u0142 ruiny zamku Werfenstein w Austrii.<\/p>\n\n\n<div class=\"wp-block-image\">\n<figure class=\"alignleft size-full\"><img loading=\"lazy\" decoding=\"async\" width=\"140\" height=\"200\" src=\"https:\/\/wia.net.pl\/wp-content\/uploads\/2024\/04\/image-73.png\" alt=\"\" class=\"wp-image-8283\"\/><\/figure><\/div>\n\n<div class=\"wp-block-image\">\n<figure class=\"alignright size-full\"><img loading=\"lazy\" decoding=\"async\" width=\"142\" height=\"200\" src=\"https:\/\/wia.net.pl\/wp-content\/uploads\/2024\/04\/image-74.png\" alt=\"\" class=\"wp-image-8284\"\/><\/figure><\/div>\n\n\n<p>\u017badna z organizacji nie zdo\u0142a\u0142a jednak przyci\u0105gn\u0105\u0107 du\u017cej bazy cz\u0142onk\u00f3w; szacuje si\u0119, \u017ce zakon liczy\u0142 oko\u0142o 300 cz\u0142onk\u00f3w, z kt\u00f3rych najwybitniejszym by\u0142 poeta Fritz von Herzmanovsky-Orlando (patrz po prawej).<\/p>\n\n\n\n<p>Lanz twierdzi\u0142, \u017ce organizacja powsta\u0142a ju\u017c przed 1900 rokiem, a z Augustem Strindbergiem (po lewej) spotka\u0142 si\u0119 w 1896 roku i uda\u0142o mu si\u0119 go przekona\u0107 do wst\u0105pienia do zakonu.<\/p>\n\n\n\n<p>Dla Liebenfelsa odbudowa Zakonu \u015awi\u0105tynnego by\u0142a r\u00f3wnoznaczna ze stworzeniem bractwa godnego faktycznego otrzymania \u015awi\u0119tego Graala.<\/p>\n\n\n<div class=\"wp-block-image\">\n<figure class=\"alignleft size-full\"><img loading=\"lazy\" decoding=\"async\" width=\"152\" height=\"320\" src=\"https:\/\/wia.net.pl\/wp-content\/uploads\/2024\/04\/image-75.png\" alt=\"\" class=\"wp-image-8285\" srcset=\"https:\/\/wia.net.pl\/wp-content\/uploads\/2024\/04\/image-75.png 152w, https:\/\/wia.net.pl\/wp-content\/uploads\/2024\/04\/image-75-143x300.png 143w\" sizes=\"(max-width: 152px) 100vw, 152px\" \/><figcaption class=\"wp-element-caption\">\u00a9 Prawa autorskie Petera Crawforda 2015<\/figcaption><\/figure><\/div>\n\n<div class=\"wp-block-image\">\n<figure class=\"alignright size-full\"><img loading=\"lazy\" decoding=\"async\" width=\"200\" height=\"198\" src=\"https:\/\/wia.net.pl\/wp-content\/uploads\/2024\/04\/image-76.png\" alt=\"\" class=\"wp-image-8286\" srcset=\"https:\/\/wia.net.pl\/wp-content\/uploads\/2024\/04\/image-76.png 200w, https:\/\/wia.net.pl\/wp-content\/uploads\/2024\/04\/image-76-150x150.png 150w\" sizes=\"(max-width: 200px) 100vw, 200px\" \/><figcaption class=\"wp-element-caption\">\u00a9 Prawa autorskie Petera Crawforda 2015<\/figcaption><\/figure><\/div>\n\n\n<p>Czym by\u0142 \u015awi\u0119ty Graal dla wyznawc\u00f3w&nbsp;&nbsp;ariozofii&nbsp;&nbsp;?:<\/p>\n\n\n\n<p>By\u0142 to akumulator energii, z kt\u00f3rego wydziela\u0142 si\u0119 \u201e&nbsp;<em>elektron bog\u00f3w<\/em>&nbsp;\u201d, \u201evril\u201d, maj\u0105cy na celu&nbsp;&nbsp;regeneracj\u0119 i&nbsp; utrzymanie&nbsp;transcendentnych&nbsp;&nbsp;mocy&nbsp;aryjskich&nbsp; .<\/p>\n\n\n\n<p>Po tym, jak Hitler zyska\u0142 na znaczeniu w latach dwudziestych XX wieku, Lanz pr\u00f3bowa\u0142 by\u0107 uznany za jednego ze swoich ideologicznych prekursor\u00f3w.<\/p>\n\n\n\n<p>We wst\u0119pie do pierwszego numeru z 3. serii \u201eOstary\u201d, ok. 1500-1900. 1927 napisa\u0142:<\/p>\n\n\n\n<blockquote class=\"wp-block-quote is-layout-flow wp-block-quote-is-layout-flow\">\n<p>\u201e&nbsp;<em>Nale\u017cy pami\u0119ta\u0107, \u017ce swastyka i ruchy faszystowskie s\u0105 w zasadzie dzie\u0107mi Ostary<\/em>&nbsp;\u201d.<\/p>\n<\/blockquote>\n\n\n\n<p>Po aneksji Austrii przez nazistowskie Niemcy w 1938 r. Lanz mia\u0142 nadziej\u0119 na patronat Hitlera, ale Hitler, zawstydzony tym wczesnym powi\u0105zaniem, zakaza\u0142 mu publikowania jego pism.<\/p>\n\n\n\n<p>Z obiegu wycofano przede wszystkim egzemplarze \u201eOstary\u201d.<\/p>\n\n\n\n<p>Po wojnie Lanz oskar\u017cy\u0142 Hitlera, \u017ce \u200b\u200bnie ukrad\u0142 i nie zepsu\u0142 jego pomys\u0142u.<\/p>\n\n\n<div class=\"wp-block-image\">\n<figure class=\"alignright size-full\"><img loading=\"lazy\" decoding=\"async\" width=\"245\" height=\"320\" src=\"https:\/\/wia.net.pl\/wp-content\/uploads\/2024\/04\/image-77.png\" alt=\"\" class=\"wp-image-8287\" srcset=\"https:\/\/wia.net.pl\/wp-content\/uploads\/2024\/04\/image-77.png 245w, https:\/\/wia.net.pl\/wp-content\/uploads\/2024\/04\/image-77-230x300.png 230w\" sizes=\"(max-width: 245px) 100vw, 245px\" \/><\/figure><\/div>\n\n\n<blockquote class=\"wp-block-quote is-layout-flow wp-block-quote-is-layout-flow\">\n<p>\u201eOstara\u201d lub \u201eOstara, Briefb\u00fccherei der Blonden und Mannesrechtler\u201d (angielski \u201eOstara, biuletyn blondynek i m\u0119sko\u015bci\u201d) by\u0142 niemieckim magazynem nacjonalistycznym za\u0142o\u017conym w 1905 roku.&nbsp;Nazwa publikacji Lanz pochodzi od zrekonstruowanego staro-wysoko-niemieckiego imienia bogini \u00d4star\u00e2 (patrz po prawej i poni\u017cej).&nbsp;Lanz twierdzi\u0142, \u017ce Ostrogoci i nar\u00f3d austriacki (niem. \u00d6sterreich) zostali nazwani matronimicznie imieniem tej bogini.&nbsp;Wed\u0142ug von Liebenfelsa szczytowy nak\u0142ad pisma wynosi\u0142 100 000 egzemplarzy.&nbsp;Magazyn ukazywa\u0142 si\u0119 w trzech seriach; pierwsza seria obejmowa\u0142a 100 (89?) numer\u00f3w z lat 1905\u20131917, druga seria tylko jeden numer, a trzecia 20 numer\u00f3w z lat 1927\u20131930.&nbsp;<em>Ostara to pierwszy prawdziwy dzie\u0144 wiosny.&nbsp;Jest to r\u00f3wnonoc wiosenna. Uwa\u017ca si\u0119, \u017ce nazwa Ostara pochodzi od germa\u0144skiej bogini Oestara.&nbsp;Oestara jest bogini\u0105 p\u0142odno\u015bci.&nbsp;Ostara to czas, w kt\u00f3rym \u015bwi\u0119tuje si\u0119 r\u00f3wnowag\u0119 p\u00f3r roku i przej\u015bcie nocy w dzie\u0144.&nbsp;Bogini okrywa Ziemi\u0119 p\u0142odno\u015bci\u0105, wybudzaj\u0105c si\u0119 ze snu, gdy B\u00f3g rozci\u0105ga si\u0119 i osi\u0105ga dojrza\u0142o\u015b\u0107.&nbsp;Spaceruje po zielonych polach i zachwyca si\u0119 bogactwem Natury.&nbsp;Na Ostarze godziny dnia i nocy s\u0105 r\u00f3wne.&nbsp;\u015awiat\u0142o wyprzedza ciemno\u015b\u0107. To czas pocz\u0105tk\u00f3w, dzia\u0142ania.&nbsp;Gdy wiosna osi\u0105ga sw\u00f3j punkt \u015brodkowy, noc i dzie\u0144 pozostaj\u0105 w doskona\u0142ej r\u00f3wnowadze, a \u015bwiat\u0142a jest coraz wi\u0119cej.&nbsp;M\u0142ody B\u00f3g S\u0142o\u0144ca, symbolizowany przez swastyki, \u015bwi\u0119tuje teraz hierogami\u0119 (\u015bwi\u0119te ma\u0142\u017ce\u0144stwo) z m\u0142od\u0105 Bogini\u0105 Dziewic\u0105, kt\u00f3ra zachodzi w ci\u0105\u017c\u0119.&nbsp;Za dziewi\u0119\u0107 miesi\u0119cy ponownie zostanie Wielk\u0105 Matk\u0105.&nbsp;Jest to czas wielkiej p\u0142odno\u015bci, nowego wzrostu i nowonarodzonych zwierz\u0105t.&nbsp;Nast\u0119pna pe\u0142nia ksi\u0119\u017cyca (czas wzmo\u017conych urodze\u0144) nazywa si\u0119 Ostara i jest po\u015bwi\u0119cona Eostre, sakso\u0144skiej bogini ksi\u0119\u017cycowej p\u0142odno\u015bci (sk\u0105d pochodzi s\u0142owo estrogen, kt\u00f3rego dwoma symbolami by\u0142y jajko i kr\u00f3lik.&nbsp;Chocia\u017c Ostara jest \u015bwi\u0119tem jednak w przeciwie\u0144stwie do Beltaine nie jest to \u015bwi\u0119to p\u0142odno\u015bci ludzi i zwierz\u0105t, ale urodzajno\u015bci ziemi.<\/em><\/p>\n<\/blockquote>\n\n\n<div class=\"wp-block-image\">\n<figure class=\"aligncenter size-full\"><img loading=\"lazy\" decoding=\"async\" width=\"200\" height=\"200\" src=\"https:\/\/wia.net.pl\/wp-content\/uploads\/2024\/04\/image-47.png\" alt=\"\" class=\"wp-image-8256\" srcset=\"https:\/\/wia.net.pl\/wp-content\/uploads\/2024\/04\/image-47.png 200w, https:\/\/wia.net.pl\/wp-content\/uploads\/2024\/04\/image-47-150x150.png 150w\" sizes=\"(max-width: 200px) 100vw, 200px\" \/><figcaption class=\"wp-element-caption\">\u00a9 Prawa autorskie Petera Crawforda 2015<\/figcaption><\/figure><\/div>\n\n<div class=\"wp-block-image\">\n<figure class=\"aligncenter size-full\"><img loading=\"lazy\" decoding=\"async\" width=\"640\" height=\"134\" src=\"https:\/\/wia.net.pl\/wp-content\/uploads\/2024\/04\/image-78.png\" alt=\"\" class=\"wp-image-8288\" srcset=\"https:\/\/wia.net.pl\/wp-content\/uploads\/2024\/04\/image-78.png 640w, https:\/\/wia.net.pl\/wp-content\/uploads\/2024\/04\/image-78-300x63.png 300w\" sizes=\"(max-width: 640px) 100vw, 640px\" \/><figcaption class=\"wp-element-caption\">\u00a9 Prawa autorskie Petera Crawforda 2015<\/figcaption><\/figure><\/div>\n\n\n<p class=\"has-text-align-center\"><em>Fragment ksi\u0105\u017cki \u201eW\u0142adca \u017cniw\u201d<\/em><\/p>\n\n\n\n<p class=\"has-text-align-center\">J\u00f6rga Lanza von Liebenfelsa<\/p>\n\n\n\n<p>Jedyn\u0105 osob\u0105, kt\u00f3ra dor\u00f3wnywa\u0142a okultystyczn\u0105 wiedz\u0105 i charyzm\u0105 Listowi, by\u0142 Lanz von Liebenfels.<\/p>\n\n\n\n<p>Urodzony jako zwyk\u0142y Adolf Lanz w 1874 roku, w m\u0142odo\u015bci przeszed\u0142 edukacj\u0119 religijn\u0105, podobnie jak List, Gurd\u017cijew i wiele innych niezwyk\u0142ych osobisto\u015bci.<\/p>\n\n\n\n<p>Najwyra\u017aniej mia\u0142 aspiracje, aby zosta\u0107 mnichem, jednak prze\u0142o\u017ceni w klasztorze nie uznali go za odpowiedni materia\u0142.<\/p>\n\n\n\n<p>Zmieniaj\u0105c nazwisko na von Liebenfels, zacz\u0105\u0142 szuka\u0107 duchowego o\u015bwiecenia innymi sposobami, zak\u0142adaj\u0105c w\u0142asny zakon okultystyczny \u201eNowi Templariusze\u201d.<\/p>\n\n\n\n<p>Zakon nie by\u0142 bynajmniej fars\u0105, gdy\u017c uda\u0142o mu si\u0119 przyci\u0105gn\u0105\u0107 do swoich cz\u0142onk\u00f3w nie mniejsz\u0105 osob\u0119 ni\u017c dramaturg August Strindberg.<\/p>\n\n\n\n<p>Kolejnym znacz\u0105cym cz\u0142onkiem by\u0142 Guido von List. List i Liebenfels na pocz\u0105tku utworzyli stowarzyszenie wzajemnej adoracji i, co nie by\u0142o zaskoczeniem, Liebenfels do\u0142\u0105czy\u0142 do Zakonu Armanen Lista.<\/p>\n\n\n\n<p>Liebenfels wydawa\u0142 periodyk \u201eOstara\u201d, w kt\u00f3rym przedstawia\u0142 swoje pogl\u0105dy pangerma\u0144skie i Volkisch, kt\u00f3re w ka\u017cdym razie by\u0142y bardziej ekstremalne rasowo ni\u017c pogl\u0105dy Lista.<\/p>\n\n\n<div class=\"wp-block-image\">\n<figure class=\"alignleft size-full\"><img loading=\"lazy\" decoding=\"async\" width=\"156\" height=\"200\" src=\"https:\/\/wia.net.pl\/wp-content\/uploads\/2024\/04\/image-79.png\" alt=\"\" class=\"wp-image-8289\"\/><\/figure><\/div>\n\n<div class=\"wp-block-image\">\n<figure class=\"alignright size-full\"><img loading=\"lazy\" decoding=\"async\" width=\"189\" height=\"200\" src=\"https:\/\/wia.net.pl\/wp-content\/uploads\/2024\/04\/image-80.png\" alt=\"\" class=\"wp-image-8290\"\/><\/figure><\/div>\n\n\n<p>Pow\u00f3d, dla kt\u00f3rego rasa sta\u0142a si\u0119 tak wa\u017cn\u0105 kwesti\u0105 w kr\u0119gach okultystycznych, by\u0142 prosty.<\/p>\n\n\n\n<p>Okultysta, taki jak Liebenfels, kt\u00f3ry wierzy\u0142 w istnienie superistot, r\u00f3wnie\u017c wierzy\u0142, \u017ce takie superistoty mo\u017cna hodowa\u0107.<\/p>\n\n\n\n<p>Twierdzenie za\u0142o\u017cyciela Mormonizmu, J\u00f3zefa Smitha (patrz po lewej), \u017ce ludzie mog\u0105 sta\u0107 si\u0119 bogami, wraz z jego obsesyjnym pragnieniem wyhodowania w tym celu wystarczaj\u0105cej liczby odpowiednich jednostek poprzez instytucj\u0119 \u201ema\u0142\u017ce\u0144stwa celestialnego\u201d, nie mia\u0142o ju\u017c miejsca w Niemczech i Austrii rozwin\u0119\u0142y si\u0119 w koncepcj\u0119 omijaj\u0105c\u0105 konieczno\u015b\u0107 \u015bmierci, hoduj\u0105c bog\u00f3w tu i teraz.<\/p>\n\n\n\n<p>Teolodzy mormo\u0144scy o\u015bwiadczyli, \u017ce ci, kt\u00f3rzy nie s\u0105 rasy anglosaskiej, nie kwalifikuj\u0105 si\u0119 do kap\u0142a\u0144stwa i ostatecznej deifikacji.<\/p>\n\n\n\n<p>Mieli niewielki kontakt z \u017bydami, dlatego skupili swoj\u0105 uwag\u0119 na Murzynach i innych rasach kolorowych.<\/p>\n\n\n<div class=\"wp-block-image\">\n<figure class=\"alignleft size-full\"><img loading=\"lazy\" decoding=\"async\" width=\"173\" height=\"200\" src=\"https:\/\/wia.net.pl\/wp-content\/uploads\/2024\/04\/image-81.png\" alt=\"\" class=\"wp-image-8291\"\/><\/figure><\/div>\n\n<div class=\"wp-block-image\">\n<figure class=\"alignright size-full\"><img loading=\"lazy\" decoding=\"async\" width=\"186\" height=\"200\" src=\"https:\/\/wia.net.pl\/wp-content\/uploads\/2024\/04\/image-82.png\" alt=\"\" class=\"wp-image-8292\"\/><\/figure><\/div>\n\n\n<p>List i Liebenfels, wraz z Wagnerem (patrz po prawej) i Chamberlainem (patrz po lewej), mieli jednak niewielki kontakt z Murzynami i innymi kolorowymi i dlatego skupili swoj\u0105 uwag\u0119 na \u017bydach.<\/p>\n\n\n\n<p>Zasada jednak by\u0142a ta sama.<\/p>\n\n\n\n<p>Dotar\u0142o do nas przes\u0142anie, \u017ce istnieje zwi\u0105zek pomi\u0119dzy ras\u0105 a duchowo\u015bci\u0105.<\/p>\n\n\n\n<p>Nie by\u0142 to nowy pomys\u0142.<\/p>\n\n\n\n<p>Ka\u017cda pobie\u017cna lektura Starego Testamentu poka\u017ce, \u017ce idea rasy wybranej, bliskiej Bogu, jest endemiczna dla duchowo\u015bci \u017cydowskiej; dalsza analiza Nowego Testamentu poka\u017ce, \u017ce tak wychwalane pot\u0119pienie przez chrze\u015bcija\u0144stwo zasady rasowej by\u0142o g\u0142\u00f3wnie motywowane faktem, \u017ce Pawe\u0142, nie nawracaj\u0105c \u017byd\u00f3w na swoj\u0105 nowomodn\u0105 \u201ereligi\u0119 tajemnicz\u0105\u201d, zamiast zaakceptowa\u0107 pora\u017ck\u0119, porzuci\u0142 ide\u0119 rasizmu wy\u0142\u0105czno\u015b\u0107, ku irytacji wi\u0119kszo\u015bci Aposto\u0142\u00f3w, kt\u00f3rzy byli prawdziwymi nosicielami przes\u0142ania Jezusa z Nazaretu (*).<\/p>\n\n\n\n<p>Jednym z najciekawszych dzie\u0142 literackich wydanych przez von Liebenfelsa by\u0142a \u201eKsi\u0119ga Psalm\u00f3w niemieckich: Modlitewnik aryjskich mistyk\u00f3w rasowych\u201d.<\/p>\n\n\n\n<p>Na jej stronach znajduje si\u0119 podsumowanie d\u0142ugiego rozwoju my\u015bli, kt\u00f3ra w niedalekiej przysz\u0142o\u015bci mia\u0142a wybuchn\u0105\u0107 nieprzewidzian\u0105 katastrof\u0105.<\/p>\n\n\n\n<p>Cho\u0107 ksi\u0105\u017cka nie cieszy\u0142a si\u0119 du\u017cym zainteresowaniem, zago\u015bci\u0142a na p\u00f3\u0142kach zar\u00f3wno wp\u0142ywowych, jak i nieznanych (w tym m\u0142odego Adolfa Hitlera), a to w\u0142a\u015bnie z grona tych, kt\u00f3rzy studiowali dzie\u0142a Liebenfelsa, wywodzili si\u0119 za\u0142o\u017cyciele Thule Gesellschaft zosta\u0142y sporz\u0105dzone.<\/p>\n\n\n\n<p>* Zobacz Dzieje Apostolskie, rozdzia\u0142 15, wersety od 1 do 35.<\/p>\n\n\n\n<p>\u0179=r\u00f3d\u0142o: <a href=\"http:\/\/thirdreichocculthistory.blogspot.com\/2011\/07\/lanz-von-liebenfels.html\" target=\"_blank\" rel=\"noopener\" title=\"\">http:\/\/thirdreichocculthistory.blogspot.com\/2011\/07\/lanz-von-liebenfels.html<\/a><\/p>\n<div class=\"remoji_bar\"><div class=\"remoji_add_container\" data-remoji-id=\"8253\" data-remoji-type=\"post\"><div class=\"remoji_add_icon\"><\/div><\/div><div class=\"remoji_error_bar\" data-remoji-id=\"8253\" data-remoji-type=\"post\" style=\"display: none;\">Error happened.<\/div><\/div>","protected":false},"excerpt":{"rendered":"<p>Lanz von Liebenfels (19 lipca 1874 &#8211; 22 kwietnia 1954) by\u0142 austriackim okultyst\u0105, by\u0142ym mnichem cysters\u00f3w i za\u0142o\u017cycielem ruchu Ariosophy. Termin \u201eariosofia\u201d, oznaczaj\u0105cy m\u0105dro\u015b\u0107 dotycz\u0105c\u0105 Aryjczyk\u00f3w, zosta\u0142 po raz pierwszy ukuty przez Lanza von Liebenfelsa w 1915 r. i sta\u0142&#8230; <\/p>\n","protected":false},"author":3,"featured_media":8293,"comment_status":"open","ping_status":"open","sticky":false,"template":"","format":"standard","meta":{"_acf_changed":false,"_bbp_topic_count":0,"_bbp_reply_count":0,"_bbp_total_topic_count":0,"_bbp_total_reply_count":0,"_bbp_voice_count":0,"_bbp_anonymous_reply_count":0,"_bbp_topic_count_hidden":0,"_bbp_reply_count_hidden":0,"_bbp_forum_subforum_count":0,"om_disable_all_campaigns":false,"_monsterinsights_skip_tracking":false,"_monsterinsights_sitenote_active":false,"_monsterinsights_sitenote_note":"","_monsterinsights_sitenote_category":0,"footnotes":""},"categories":[93],"tags":[68,63,42,71,26,23,32,22,70,62],"class_list":["post-8253","post","type-post","status-publish","format-standard","has-post-thumbnail","hentry","category-artykuly","tag-cesarstwo-rzymskie","tag-historia-ziemi","tag-illuminati","tag-kosciol-katolicki","tag-ludzkosc","tag-niewolnictwo","tag-rzad","tag-satanizm","tag-tajne-stowarzyszenia","tag-wszechswiat"],"acf":[],"aioseo_notices":[],"_links":{"self":[{"href":"https:\/\/wia.net.pl\/index.php\/wp-json\/wp\/v2\/posts\/8253"}],"collection":[{"href":"https:\/\/wia.net.pl\/index.php\/wp-json\/wp\/v2\/posts"}],"about":[{"href":"https:\/\/wia.net.pl\/index.php\/wp-json\/wp\/v2\/types\/post"}],"author":[{"embeddable":true,"href":"https:\/\/wia.net.pl\/index.php\/wp-json\/wp\/v2\/users\/3"}],"replies":[{"embeddable":true,"href":"https:\/\/wia.net.pl\/index.php\/wp-json\/wp\/v2\/comments?post=8253"}],"version-history":[{"count":3,"href":"https:\/\/wia.net.pl\/index.php\/wp-json\/wp\/v2\/posts\/8253\/revisions"}],"predecessor-version":[{"id":8297,"href":"https:\/\/wia.net.pl\/index.php\/wp-json\/wp\/v2\/posts\/8253\/revisions\/8297"}],"wp:featuredmedia":[{"embeddable":true,"href":"https:\/\/wia.net.pl\/index.php\/wp-json\/wp\/v2\/media\/8293"}],"wp:attachment":[{"href":"https:\/\/wia.net.pl\/index.php\/wp-json\/wp\/v2\/media?parent=8253"}],"wp:term":[{"taxonomy":"category","embeddable":true,"href":"https:\/\/wia.net.pl\/index.php\/wp-json\/wp\/v2\/categories?post=8253"},{"taxonomy":"post_tag","embeddable":true,"href":"https:\/\/wia.net.pl\/index.php\/wp-json\/wp\/v2\/tags?post=8253"}],"curies":[{"name":"wp","href":"https:\/\/api.w.org\/{rel}","templated":true}]}}