{"id":8305,"date":"2024-04-26T13:32:52","date_gmt":"2024-04-26T11:32:52","guid":{"rendered":"https:\/\/wia.net.pl\/?p=8305"},"modified":"2024-04-26T13:32:53","modified_gmt":"2024-04-26T11:32:53","slug":"trzecia-rzesza-arianizm","status":"publish","type":"post","link":"https:\/\/wia.net.pl\/index.php\/2024\/04\/26\/trzecia-rzesza-arianizm\/","title":{"rendered":"Trzecia rzesza &#8211; Arianizm"},"content":{"rendered":"<div class=\"wp-block-image\">\n<figure class=\"aligncenter size-full\"><img loading=\"lazy\" decoding=\"async\" width=\"320\" height=\"320\" src=\"https:\/\/wia.net.pl\/wp-content\/uploads\/2024\/04\/image-83.png\" alt=\"\" class=\"wp-image-8306\" srcset=\"https:\/\/wia.net.pl\/wp-content\/uploads\/2024\/04\/image-83.png 320w, https:\/\/wia.net.pl\/wp-content\/uploads\/2024\/04\/image-83-300x300.png 300w, https:\/\/wia.net.pl\/wp-content\/uploads\/2024\/04\/image-83-150x150.png 150w\" sizes=\"(max-width: 320px) 100vw, 320px\" \/><figcaption class=\"wp-element-caption\">\u00a9 Prawa autorskie Petera Crawforda 2017<\/figcaption><\/figure><\/div>\n\n<div class=\"wp-block-image\">\n<figure class=\"aligncenter size-full\"><img loading=\"lazy\" decoding=\"async\" width=\"400\" height=\"66\" src=\"https:\/\/wia.net.pl\/wp-content\/uploads\/2024\/04\/image-84.png\" alt=\"\" class=\"wp-image-8307\" srcset=\"https:\/\/wia.net.pl\/wp-content\/uploads\/2024\/04\/image-84.png 400w, https:\/\/wia.net.pl\/wp-content\/uploads\/2024\/04\/image-84-300x50.png 300w\" sizes=\"(max-width: 400px) 100vw, 400px\" \/><\/figure><\/div>\n\n\n<p>Terminologia&nbsp;\u201earyjski\u201d to termin oznaczaj\u0105cy \u201eszlachetny\u201d.<\/p>\n\n\n\n<p>W XIX wieku by\u0142o to r\u00f3wnie\u017c samookre\u015blenie u\u017cywane przez wszystkich Proto-Indoeuropejczyk\u00f3w.<\/p>\n\n\n\n<p>Angielskie s\u0142owo \u201eAryan\u201d zosta\u0142o zapo\u017cyczone od sanskryckiego s\u0142owa \u0101rya, \u0906\u0930\u094d\u092f, oznaczaj\u0105cego \u201eszlachetny\u201d lub \u201eszlachetny\u201d, jednak w t\u0142umaczeniu \u0142aci\u0144skiego Arianus (pochodz\u0105cego ze staroperskiego ariya) arian jest od dawna u\u017cywany w j\u0119zyku angielskim .<\/p>\n\n\n\n<p>W j\u0119zyku niemieckim jest t\u0142umaczone jako \u201earisch\u201d.\u00a0Rasa aryjska<\/p>\n\n\n<div class=\"wp-block-image\">\n<figure class=\"alignright size-full\"><img loading=\"lazy\" decoding=\"async\" width=\"150\" height=\"200\" src=\"https:\/\/wia.net.pl\/wp-content\/uploads\/2024\/04\/image-85.png\" alt=\"\" class=\"wp-image-8308\"\/><figcaption class=\"wp-element-caption\">Artur de Gobineau<\/figcaption><\/figure><\/div>\n\n\n<p>Czerpi\u0105c z odniesie\u0144 do Rygwedy, termin \u201eAryjczyk\u201d by\u0142 postrzegany jako kategoria rasowa w pracach Arthura de Gobineau, kt\u00f3rego ideologia rasy opiera\u0142a si\u0119 na za\u0142o\u017ceniu, \u017ce blond \u201eAryjczycy\u201d z p\u00f3\u0142nocnej Europy wyemigrowali po ca\u0142ym \u015bwiecie i za\u0142o\u017cy\u0142 wszystkie g\u0142\u00f3wne cywilizacje, zanim uleg\u0142 degradacji w wyniku zmieszania si\u0119 ras z lokaln\u0105 ludno\u015bci\u0105.<\/p>\n\n\n\n<p>W latach pi\u0119\u0107dziesi\u0105tych XIX wieku Arthur de Gobineau stwierdzi\u0142, \u017ce \u201earyjczyk\u201d odpowiada sugerowanej prehistorycznej kulturze indoeuropejskiej (1853\u20131855, Esej o \u201enier\u00f3wno\u015bci ras ludzkich\u201d).<\/p>\n\n\n\n<p>Co wi\u0119cej, de Gobineau wierzy\u0142, \u017ce istniej\u0105 trzy podstawowe rasy \u2013 bia\u0142a, \u017c\u00f3\u0142ta i czarna \u2013 i \u017ce wszystko inne jest spowodowane\u00a0<em>krzy\u017cowaniem ras<\/em>\u00a0, co wed\u0142ug de Gobineau by\u0142o przyczyn\u0105 chaosu. Wed\u0142ug de Gobineau<br>\u201e\u00a0<em>ras\u0105 pan\u00f3w<\/em>\u00a0\u201d byli p\u00f3\u0142nocnoeuropejscy \u201e\u00a0<em>Aryjczycy<\/em>\u00a0\u201d, kt\u00f3rzy pozostali stosunkowo \u201e\u00a0<em>czy\u015bci rasowo<\/em>\u00a0\u201d.<\/p>\n\n\n\n<p>Europejczycy z po\u0142udnia (w tym Hiszpanie i Francuzi z po\u0142udnia), Europejczycy ze Wschodu, mieszka\u0144cy Afryki P\u00f3\u0142nocnej, mieszka\u0144cy Bliskiego Wschodu, Ira\u0144czycy, Azjaci ze \u015arodkowej Azji, Hindusi \u2013 wszyscy uwa\u017cani byli za miesza\u0144c\u00f3w rasowych i\u00a0<em>zdegenerowanych<\/em>\u00a0w wyniku\u00a0<em>\u00a0krzy\u017cowania ras,<\/em>\u00a0a zatem odbiegaj\u0105cych od idea\u0142u.<\/p>\n\n\n<div class=\"wp-block-image\">\n<figure class=\"alignleft size-full\"><img loading=\"lazy\" decoding=\"async\" width=\"173\" height=\"200\" src=\"https:\/\/wia.net.pl\/wp-content\/uploads\/2024\/04\/image-86.png\" alt=\"\" class=\"wp-image-8309\"\/><figcaption class=\"wp-element-caption\">Houston Stewart Chamberlain<\/figcaption><\/figure><\/div>\n\n\n<p>Poprzez Houstona Stewarta Chamberlaina (angielsko-niemieckiego autora, kt\u00f3ry w\u017ceni\u0142 si\u0119 w rodzin\u0119 Wagner\u00f3w) idee Gobineau wp\u0142yn\u0119\u0142y p\u00f3\u017aniej na ideologi\u0119 rasow\u0105 v\u00f6lkisch, kt\u00f3ra r\u00f3wnie\u017c postrzega\u0142a \u201eludy aryjskie\u201d jako z natury lepsze od innych grup rasowych.<\/p>\n\n\n\n<p>W latach osiemdziesi\u0105tych XIX wieku wielu lingwist\u00f3w i antropolog\u00f3w argumentowa\u0142o, \u017ce sami \u201eAryjczycy\u201d wywodzili si\u0119 gdzie\u015b z p\u00f3\u0142nocnej Europy.<\/p>\n\n\n\n<p>Specyficzny region zacz\u0105\u0142 si\u0119 krystalizowa\u0107, gdy j\u0119zykoznawca Karl Penka (\u201e\u00a0<em>Die Herkunft der Arier \u2013 Neue Beitr\u00e4ge zur historischen Anthropologie der europ\u00e4ischen V\u00f6lker<\/em>\u00a0\u201d, 1886) spopularyzowa\u0142 pogl\u0105d, \u017ce \u201eAryjczycy\u201d pojawili si\u0119 w Skandynawii i mo\u017cna ich by\u0142o rozpozna\u0107 po charakterystyczne nordyckie cechy blond w\u0142os\u00f3w i niebieskich oczu.<\/p>\n\n\n<div class=\"wp-block-image\">\n<figure class=\"alignright size-full\"><img loading=\"lazy\" decoding=\"async\" width=\"157\" height=\"200\" src=\"https:\/\/wia.net.pl\/wp-content\/uploads\/2024\/04\/image-87.png\" alt=\"\" class=\"wp-image-8310\"\/><figcaption class=\"wp-element-caption\">Thomas Henry Huxley<\/figcaption><\/figure><\/div>\n\n\n<p>Wybitny biolog Thomas Henry Huxley zgodzi\u0142 si\u0119 z nim, ukuwaj\u0105c termin \u201eXanthochroi\u201d w odniesieniu do Europejczyk\u00f3w o jasnej karnacji (w przeciwie\u0144stwie do ciemniejszych lud\u00f3w \u015br\u00f3dziemnomorskich, kt\u00f3rych Huxley nazywa\u0142 \u201eMelanochroi\u201d).<\/p>\n\n\n\n<p>Ta teoria \u201erasy nordyckiej\u201d zyska\u0142a na popularno\u015bci po opublikowaniu ksi\u0105\u017cki Charlesa Morrisa \u201e&nbsp;<em>The Aryan Race<\/em>&nbsp;\u201d (1888), kt\u00f3ra porusza kwesti\u0119 ideologii rasowej.<\/p>\n\n\n\n<p>Podobnym uzasadnieniem kierowa\u0142 si\u0119 Georges Vacher de Lapouge w swojej ksi\u0105\u017cce \u201e&nbsp;<em>L&#8217;Aryen et son r\u00f4le social<\/em>&nbsp;\u201d (1899, \u201eAryan i jego rola spo\u0142eczna\u201d).<\/p>\n\n\n\n<p>Tej idei \u201erasy\u201d Vacher de Lapouge opowiedzia\u0142 si\u0119 za tym, co nazwa\u0142 \u201eselekcj\u0105\u201d, a kt\u00f3ra mia\u0142a dwa cele: po pierwsze, doprowadzenie do unicestwienia zwi\u0105zkowc\u00f3w, uwa\u017canych za \u201e&nbsp;<em>zdegenerowanych<\/em>&nbsp;\u201d; po drugie, zapobieganie&nbsp;<em>niezadowoleniu z pracy<\/em>&nbsp;poprzez rozw\u00f3j \u201e&nbsp;<em>typ\u00f3w<\/em>&nbsp;\u201d cz\u0142owieka, z kt\u00f3rych ka\u017cdy&nbsp;<em>jest \u201ezaprojektowany<\/em>&nbsp;\u201d do jednego okre\u015blonego zadania (fikcyjne przedstawienie tego pomys\u0142u mo\u017cna znale\u017a\u0107 w powie\u015bci Aldousa Huxleya \u201eNowy wspania\u0142y \u015bwiat\u201d).<\/p>\n\n\n\n<p class=\"has-medium-font-size\"><strong>B\u0142awatska<\/strong><\/p>\n\n\n<div class=\"wp-block-image\">\n<figure class=\"alignleft size-full\"><img loading=\"lazy\" decoding=\"async\" width=\"171\" height=\"200\" src=\"https:\/\/wia.net.pl\/wp-content\/uploads\/2024\/04\/image-88.png\" alt=\"\" class=\"wp-image-8311\"\/><figcaption class=\"wp-element-caption\">Pietrowna B\u0142awatska<\/figcaption><\/figure><\/div>\n\n\n<p>W \u201eDie Geheimlehre\u201d \u2013 (\u201eTajemna doktryna\u201d) (1888) Helena Petrovna Blavatsky opisa\u0142a \u201e&nbsp;<em>aryjsk\u0105 ras\u0119 korzeni\u201d<\/em>&nbsp;&nbsp;jako pi\u0105t\u0105 z siedmiu \u201e&nbsp;<em>ras rdzennych<\/em>&nbsp;\u201d, datuj\u0105c, \u017ce ich dusze zacz\u0119\u0142y si\u0119 wciela\u0107 oko\u0142o miliona lat temu w Atlantydzie.<\/p>\n\n\n\n<p>B\u0142awatska regularnie przeciwstawia kultur\u0119 \u201e&nbsp;<em>aryjsk\u0105<\/em>&nbsp;\u201d kulturze \u201e&nbsp;<em>semickiej<\/em>&nbsp;\u201d, ze szkod\u0105 dla tej drugiej.<\/p>\n\n\n\n<p>Twierdzi r\u00f3wnie\u017c, \u017ce niekt\u00f3re ludy s\u0105 \u201e&nbsp;<em>istotami p\u00f3\u0142zwierz\u0119cymi<\/em>&nbsp;\u201d. Do tych ostatnich zaliczaj\u0105 si\u0119 \u201e&nbsp;<em>Tasma\u0144czycy, cz\u0119\u015b\u0107 Australijczyk\u00f3w i plemi\u0119 g\u00f3rskie w Chinach<\/em>&nbsp;\u201d.<\/p>\n\n\n\n<p>Istnieje tak\u017ce \u201e&nbsp;<em>znaczna liczba mieszanych lud\u00f3w lemuro-atlantyckich, powsta\u0142ych w wyniku r\u00f3\u017cnych przepraw z takimi p\u00f3\u0142ludzkimi populacjami \u2013 np. mieszka\u0144cy Borneo, Weddhowie z Cejlonu, wi\u0119kszo\u015b\u0107 pozosta\u0142ych Australijczyk\u00f3w, Buszmeni, Negritos, mieszka\u0144cy Andaman\u00f3w itp.<\/em>&nbsp;.\u201d<\/p>\n\n\n\n<p>Semici byli pododdzia\u0142em rasy aryjskiej.<\/p>\n\n\n\n<p>\u201e&nbsp;<em>Doktryna okultystyczna nie uznaje \u017cadnych podzia\u0142\u00f3w jak na Aryjczyk\u00f3w i Semit\u00f3w\u2026 Semici, zw\u0142aszcza Arabowie, s\u0105 p\u00f3\u017aniej Aryjczykami \u2013 zdegenerowanymi duchowo i materialnie. Do nich nale\u017c\u0105 wszyscy \u017bydzi i Arabowie<\/em>&nbsp;\u201d.<\/p>\n\n\n\n<p>Wed\u0142ug B\u0142awatskiej \u017bydzi byli \u201eras\u0105&nbsp;<em>&nbsp;wywodz\u0105c\u0105 si\u0119 od\u201e Chandal\u00f3w \u201d\u201d.<\/em><em>Handale<\/em>&nbsp;C&nbsp;by\u0142y wynikiem krzy\u017cowania ras Aryjczyk\u00f3w i naczelnych \u2013 (patrz&nbsp;<a href=\"http:\/\/ostaragodess.blogspot.co.uk\/2017\/01\/copyright-peter-crawford-2017-lanz-von.html\" target=\"_blank\" rel=\"noreferrer noopener\">Liebenfels<\/a>&nbsp;).<\/p>\n\n\n\n<blockquote class=\"wp-block-quote is-layout-flow wp-block-quote-is-layout-flow\">\n<p>Guido von List (i jego wsp\u00f3\u0142pracownicy, m.in. Lanz von Liebenfels) podj\u0119li p\u00f3\u017aniej niekt\u00f3re pomys\u0142y B\u0142awatskiej, mieszaj\u0105c jej ideologi\u0119 z teoriami nacjonalistycznymi i volkistowskimi; ten system my\u015blenia sta\u0142 si\u0119 znany jako \u201eariosofia\u201d. W Ariosofii wierzono, \u017ce Nordycy s\u0105 lepsi od wszystkich innych lud\u00f3w, poniewa\u017c wed\u0142ug teozofii Nordowie byli najnowsz\u0105 ras\u0105 podrz\u0119dn\u0105 rasy\u00a0<em>aryjskiej<\/em>\u00a0, kt\u00f3ra wyewoluowa\u0142a. Pogl\u0105dy te wp\u0142yn\u0119\u0142y tak\u017ce na rozw\u00f3j ideologii narodowo-socjalistycznej.\u00a0<\/p>\n<\/blockquote>\n\n\n\n<p>B\u0142awatska w swoich pracach nieustannie \u0142\u0105czy ras\u0119 fizyczn\u0105 z atrybutami duchowymi.<\/p>\n\n\n\n<blockquote class=\"wp-block-quote is-layout-flow wp-block-quote-is-layout-flow\">\n<p>Intelektualna&nbsp;<em>r\u00f3\u017cnica mi\u0119dzy Aryjczykami a innymi rasami, takimi jak dzikusy, jest niewyt\u0142umaczalna na \u017cadnej innej podstawie. \u017badna ilo\u015b\u0107 kultury ani pokolenia szkolenia w cywilizacji nie by\u0142yby w stanie wynie\u015b\u0107 takich ludzkich okaz\u00f3w na ten sam poziom intelektualny co Aryjczycy. \u201e\u015awi\u0119to\u015b\u0107\u201d brakuje w nich iskry\u201d i to oni s\u0105 rasami ni\u017cszymi<\/em>&nbsp;\u201d.<\/p>\n<\/blockquote>\n\n\n\n<p class=\"has-medium-font-size\"><strong>Ameryka<\/strong><\/p>\n\n\n\n<p><br>W Stanach Zjednoczonych bestsellerowa ksi\u0105\u017cka z 1907 r. \u201e&nbsp;<em>Rasowe \u017cycie lud\u00f3w aryjskich&nbsp;<\/em>\u201d autorstwa Josepha Pomeroya Widneya ugruntowa\u0142a w powszechnym mniemaniu pogl\u0105d, \u017ce s\u0142owo \u201e&nbsp;<em>aryjski&nbsp;<\/em>\u201d jest w\u0142a\u015bciwym okre\u015bleniem \u201e&nbsp;<em>wszystkich Indoeuropejczyk\u00f3w&nbsp;<\/em>\u201d i \u017ce \u201e&nbsp;<em>Aryjscy Amerykanie&nbsp;<\/em>\u201d \u201e&nbsp;<em>rasy aryjskiej&nbsp;<\/em>\u201d maj\u0105 wype\u0142ni\u0107 oczywiste przeznaczenie Ameryki.<\/p>\n\n\n\n<p class=\"has-medium-font-size\"><strong>Niemcy<\/strong><\/p>\n\n\n\n<p>Przedstawianie\u00a0Aryjczyk\u00f3w jako posiadaczy \u201e\u00a0<em>wy\u017cszego j\u0119zyka<\/em>\u00a0\u201d sta\u0142o si\u0119 przedmiotem dumy narodowej w uczonych kr\u0119gach Niemiec (przedstawianych na tle przegranej I wojny \u015bwiatowej, poniewa\u017c Niemcy zosta\u0142y zdradzone od wewn\u0105trz przez\u00a0<em>krzy\u017cowanie ras<\/em>\u00a0i \u201e\u00a0<em>korupcj\u0119<\/em>\u00a0\u201d socjalistyczni zwi\u0105zkowcy i inni \u201e\u00a0<em>degeneraci<\/em>\u00a0\u201d).<\/p>\n\n\n<div class=\"wp-block-image\">\n<figure class=\"alignleft size-full\"><img loading=\"lazy\" decoding=\"async\" width=\"132\" height=\"200\" src=\"https:\/\/wia.net.pl\/wp-content\/uploads\/2024\/04\/image-89.png\" alt=\"\" class=\"wp-image-8312\"\/><figcaption class=\"wp-element-caption\">Alfred Rosenberg<\/figcaption><\/figure><\/div>\n\n\n<p>Alfred Rosenberg \u2013 jeden z g\u0142\u00f3wnych architekt\u00f3w ideologii V\u00f6lkischa i autor wp\u0142ywowego dzie\u0142a \u201e\u00a0<em>Der Mythus des zwanzigsten Jahrhunderts<\/em>\u00a0\u201d \u2013 opowiada\u0142 si\u0119 za now\u0105 \u201e\u00a0<em>religi\u0105 krwi<\/em>\u00a0\u201d, opart\u0105 na wrodzonych sk\u0142onno\u015bciach nordyckiej duszy do obrony jej \u201e\u00a0<em>szlachetno\u015bci<\/em>\u00a0\u201d charakteru przed\u00a0<em>degeneracj\u0105<\/em>\u00a0rasow\u0105 i kulturow\u0105\u00a0.<\/p>\n\n\n\n<blockquote class=\"wp-block-quote is-layout-flow wp-block-quote-is-layout-flow\">\n<p>\u201eDer Mythus des zwanzigsten Jahrhunderts\u201d to ksi\u0105\u017cka z 1930 roku autorstwa Alfreda Rosenberga, jednego z g\u0142\u00f3wnych ideolog\u00f3w NSDAP i redaktora gazety partyjnej \u201eV\u00f6lkischer Beobachter\u201d. Tytu\u0142owy \u201emit\u201d to \u201e\u00a0<em>mit krwi, kt\u00f3ry pod znakiem swastyki rozp\u0119ta rasow\u0105 rewolucj\u0119 \u015bwiatow\u0105. Jest to przebudzenie duszy rasowej, kt\u00f3ra po d\u0142ugim \u015bnie zwyci\u0119sko ko\u0144czy rasowy chaos<\/em>\u00a0\u201d.\u00a0Adolf Hitler przyzna\u0142 pierwsz\u0105 \u201eNagrod\u0119 Pa\u0144stwow\u0105 w dziedzinie sztuki i nauki\u201d autorowi \u201e\u00a0<em>Mitu XX wieku<\/em>\u00a0\u201d. Oficjalny dokument towarzysz\u0105cy nagrodzie \u201e\u00a0<em>wyra\u017anie wychwala Rosenberga jako \u201eosob\u0119, kt\u00f3ra w naukowy i wnikliwy spos\u00f3b po\u0142o\u017cy\u0142a solidne podstawy pod zrozumienie ideologicznych podstaw narodowego socjalizmu<\/em>\u00a0\u201d.<\/p>\n<\/blockquote>\n\n\n\n<p>Pod wp\u0142ywem Rosenberga teorie Arthura de Gobineau, Georgesa Vachera de Lapouge, B\u0142awatskiej, Houston Stewart Chamberlain, Madison Grant i Adolfa Hitlera osi\u0105gn\u0119\u0142y punkt kulminacyjny w polityce rasowej Trzeciej Rzeszy i dekretach \u201earyanizacji\u201d w latach dwudziestych, trzydziestych i wczesnych czterdziestych XX wieku.<\/p>\n\n\n\n<p>W swoim eugenicznym modelu medycznym usuni\u0119cie \u201erasowo gorszego\u201d Untermenschen zosta\u0142o u\u015bwi\u0119cone jako wyci\u0119cie chorego narz\u0105du w sk\u0105din\u0105d zdrowym ciele.<\/p>\n\n\n\n<p class=\"has-medium-font-size\"><strong>Aryanizm i narodowy socjalizm<\/strong><\/p>\n\n\n\n<p>Ideologia narodowego socjalizmu opiera\u0142a si\u0119 na koncepcji rasy aryjskiej lub lud\u00f3w germa\u0144skich jako \u201eHerren Volk\u201d (rasa pan\u00f3w).<\/p>\n\n\n\n<p>Koncepcja rasy aryjskiej V\u00f6lkischa wyros\u0142a z wcze\u015bniejszych zwolennik\u00f3w supremacyjnej koncepcji rasy, opisanej przez teoretyk\u00f3w rasowych, takich jak Arthur de Gobineau i Houston Stewart Chamberlain \u2013 (patrz wy\u017cej).<\/p>\n\n\n<div class=\"wp-block-image\">\n<figure class=\"alignleft size-full\"><img loading=\"lazy\" decoding=\"async\" width=\"129\" height=\"200\" src=\"https:\/\/wia.net.pl\/wp-content\/uploads\/2024\/04\/image-90.png\" alt=\"\" class=\"wp-image-8313\"\/><figcaption class=\"wp-element-caption\">Hans FK G\u00fcnther<\/figcaption><\/figure><\/div>\n\n\n<p>Teoretyk rasizmu Hans FK G\u00fcnther zidentyfikowa\u0142 ras\u0119 europejsk\u0105 jako sk\u0142adaj\u0105c\u0105 si\u0119 z pi\u0119ciu podtyp\u00f3w: nordyckiej, \u015br\u00f3dziemnomorskiej, dynarskiej, alpejskiej i wschodnioba\u0142tyckiej. G\u00fcnther zastosowa\u0142 nordyck\u0105 koncepcj\u0119, \u017ce Nordycy zajmowali najwy\u017csze stanowiska w hierarchii rasowej spo\u015br\u00f3d pi\u0119ciu europejskich podtyp\u00f3w ras.<\/p>\n\n\n\n<p>W swojej ksi\u0105\u017cce \u201eRassenkunde des deutschen Volkes\u201d (1922) (\u201eNauka o rasie narodu niemieckiego\u201d) G\u00fcnther uzna\u0142 Niemc\u00f3w za sk\u0142adaj\u0105cych si\u0119 ze wszystkich pi\u0119ciu europejskich podtyp\u00f3w, ale podkre\u015bli\u0142 silne, wyra\u017anie aryjskie nordyckie dziedzictwo w\u015br\u00f3d Niemc\u00f3w.<\/p>\n\n\n\n<p>Zdefiniowa\u0142 ka\u017cdy podtyp rasowy na podstawie og\u00f3lnego wygl\u0105du fizycznego i cech psychologicznych, w tym \u201eduszy rasowej\u201d \u2013 odnosz\u0105c si\u0119 do cech emocjonalnych i przekona\u0144 religijnych, a tak\u017ce dostarczy\u0142 szczeg\u00f3\u0142owe informacje na temat ich w\u0142os\u00f3w, oczu i koloru sk\u00f3ry, budowy twarzy .<\/p>\n\n\n\n<p>Dostarczy\u0142 zdj\u0119cia Niemc\u00f3w zidentyfikowanych jako nordyckie w takich miejscach jak Bedan, Stuttgart, Salzburg i Schwaben; i dostarczy\u0142 zdj\u0119cia Niemc\u00f3w, kt\u00f3rych zidentyfikowa\u0142 jako typ alpejski i \u015br\u00f3dziemnomorski, zw\u0142aszcza w Vorarlbergu w Bawarii i regionie Schwarzwaldu w Badenii.<\/p>\n\n\n\n<p>Adolf Hitler przeczyta\u0142 \u201eRassenkunde des deutschen Volkes\u201d i ksi\u0105\u017cka ta niew\u0105tpliwie wp\u0142yn\u0119\u0142a na jego polityk\u0119 rasow\u0105.<\/p>\n\n\n\n<p>W rezultacie G\u00fcnther uzyska\u0142 w 1932 roku stanowisko na wydziale antropologii Uniwersytetu w Jenie, gdzie Adolf Hitler uczestniczy\u0142 w wyk\u0142adzie inauguracyjnym G\u00fcnthera.<\/p>\n\n\n\n<p>G\u00fcnther odr\u00f3\u017cni\u0142 Aryjczyk\u00f3w od \u017byd\u00f3w i zidentyfikowa\u0142 \u017byd\u00f3w jako wywodz\u0105cych si\u0119 z ras&nbsp;<em>pozaeuropejskich<\/em>&nbsp;, w szczeg\u00f3lno\u015bci z tego, co sklasyfikowa\u0142 jako ras\u0119 bliskoazjatyck\u0105 (Vorderasiatische), bardziej znan\u0105 jako rasa Ormenoid\u00f3w, i stwierdzi\u0142, \u017ce takie pochodzenie sprawia, \u017ce \u200b\u200b\u017bydzi zasadniczo&nbsp;<em>r\u00f3\u017cni\u0105 si\u0119<\/em>&nbsp;od i&nbsp;<em>s\u0105 nie do pogodzenia<\/em>&nbsp;z Niemcami i wi\u0119kszo\u015bci\u0105 Europejczyk\u00f3w.<\/p>\n\n\n\n<p>G\u00fcnther stwierdzi\u0142, \u017ce rasa bliskowschodnia wywodzi si\u0119 z Kaukazu w pi\u0105tym i czwartym tysi\u0105cleciu p.n.e. i \u017ce rozprzestrzeni\u0142a si\u0119 na Azj\u0119 Mniejsz\u0105 i Mezopotami\u0119, a ostatecznie na zachodnie wybrze\u017ce wschodniego Morza \u015ar\u00f3dziemnego.<\/p>\n\n\n\n<p>Opr\u00f3cz przypisywania Ormianom i \u017bydom cech charakterystycznych dla Bliskiego Wschodu, przypisa\u0142 ich kilku innym wsp\u00f3\u0142czesnym ludom, w tym: Grekom, Turkom, Syryjczykom i Ira\u0144czykom.<\/p>\n\n\n\n<p>W swojej pracy \u201eRasseigenschaften des j\u00fcdischen Volkes\u201d (\u201eCharakterystyka rasowa narodu \u017cydowskiego\u201d) zdefiniowa\u0142 rasow\u0105 dusz\u0119 rasy bliskowschodniej jako podkre\u015blaj\u0105c\u0105 \u201eHandelgeist\u201d (\u201e&nbsp;<em>duch komercyjny<\/em>&nbsp;\u201d) i opisa\u0142 je jako \u201eKunstvolle\u201d H\u00e4ndler\u201d (\u201e&nbsp;<em>przemy\u015blni handlarze<\/em>&nbsp;\u201d) \u2013 termin, kt\u00f3ry wed\u0142ug Gunthera by\u0142 u\u017cywany przez \u017cydowskiego teoretyka rasizmu Samuela Weissenberga do opisania wsp\u00f3\u0142czesnych Ormian, Grek\u00f3w i \u017byd\u00f3w.<\/p>\n\n\n\n<p>G\u00fcnther doda\u0142 do tego opisu typu bliskowschodniego jako sk\u0142adaj\u0105cego si\u0119 g\u0142\u00f3wnie z handlarzy i sprytnych handlarzy, twierdz\u0105c, \u017ce typ ten posiada\u0142 silne umiej\u0119tno\u015bci manipulacji psychologicznej, kt\u00f3re pomaga\u0142y mu w handlu.<\/p>\n\n\n\n<p>Twierdzi\u0142, \u017ce rasa bliskowschodnia zosta\u0142a \u201e&nbsp;<em>hodowana nie tyle w celu podboju i eksploatacji przyrody, ile w celu podboju i wyzysku ludzi<\/em>&nbsp;\u201d.<\/p>\n\n\n\n<p class=\"has-medium-font-size\"><strong>Hitler i Aryjczycy<\/strong><\/p>\n\n\n\n<p>Hitlerowska koncepcja aryjskiego Herrenvolka (\u201earyjskiej rasy pan\u00f3w\u201d) wyra\u017anie wyklucza\u0142a zdecydowan\u0105 wi\u0119kszo\u015b\u0107&nbsp;<em>S\u0142owian&nbsp;<\/em>, uwa\u017caj\u0105c, \u017ce S\u0142owianie maj\u0105 niebezpieczne wp\u0142ywy \u017cydowskie i azjatyckie.<br>Z tego powodu III Rzesza uzna\u0142a S\u0142owian za \u201euntermenschen\u201d.<\/p>\n\n\n\n<p>Wyj\u0105tek stanowi\u0142 niewielki procent S\u0142owian, o kt\u00f3rych uznano, \u017ce pochodz\u0105 od niemieckich osadnik\u00f3w i dlatego nadaj\u0105 si\u0119 do germanizacji i uwa\u017cania za cz\u0119\u015b\u0107 aryjskiej rasy pan\u00f3w.<\/p>\n\n\n\n<p>Hitler opisa\u0142 S\u0142owian jako \u201e&nbsp;<em>mas\u0119 urodzonych niewolnik\u00f3w, kt\u00f3rzy czuj\u0105 potrzeb\u0119 pana<\/em>&nbsp;\u201d.<\/p>\n\n\n\n<p>Hitler uwa\u017ca\u0142, \u017ce S\u0142owianie s\u0105 z natury&nbsp;<em>bezczynni<\/em>&nbsp;i&nbsp;<em>zdezorganizowani<\/em>&nbsp;.<\/p>\n\n\n\n<p>Doktor Paul Joseph Goebbels, minister propagandy III Rzeszy, kaza\u0142 mediom przedstawia\u0107 S\u0142owian jako prymitywnych \u201euntermenschen\u201d z syberyjskiej tundry.<\/p>\n\n\n\n<p>Niemieckie wyobra\u017cenie o ni\u017cszo\u015bci S\u0142owian by\u0142o postrzegane jako cz\u0119\u015b\u0107 planu stworzenia&nbsp;<em>Lebensraum<\/em>&nbsp;(\u201eprzestrzeni \u017cyciowej\u201d) dla Niemc\u00f3w i innego narodu germa\u0144skiego w Europie Wschodniej, zapocz\u0105tkowanego podczas II wojny \u015bwiatowej w ramach Generalplan Ost.<\/p>\n\n\n\n<p>W ramach tego planu miliony Niemc\u00f3w i innych osadnik\u00f3w germa\u0144skich mia\u0142y zosta\u0107 przesiedlone na podbite terytoria Europy Wschodniej, a pierwotni mieszka\u0144cy s\u0142owia\u0144scy mieli zosta\u0107 usuni\u0119ci.<\/p>\n\n\n\n<p>Hitler cz\u0119sto w\u0105tpi\u0142, czy Czesi s\u0105 Aryjczykami, czy nie.<\/p>\n\n\n\n<p>Podczas swojej rozmowy przy stole powiedzia\u0142: \u201e&nbsp;<em>Wystarczy, \u017ce Czech zapu\u015bci w\u0105sy, aby ka\u017cdy m\u00f3g\u0142 zobaczy\u0107 po sposobie, w jaki co\u015b opada, \u017ce \u200b\u200bjego pochodzenie jest mongolskie<\/em>&nbsp;\u201d.<\/p>\n\n\n\n<p>Pytanie, czy W\u0142osi s\u0105 wystarczaj\u0105co aryjscy, zosta\u0142o zakwestionowane przez niemieckich teoretyk\u00f3w rasizmu.<\/p>\n\n\n\n<p>Hitler uwa\u017ca\u0142 W\u0142och\u00f3w z p\u00f3\u0142nocy za zdecydowanie aryjskich, ale nie W\u0142och\u00f3w z po\u0142udnia.<\/p>\n\n\n\n<p>Teoretycy V\u00f6lkischa postrzegali upadek Cesarstwa Rzymskiego jako wynik zanieczyszczenia krwi w wyniku mieszania si\u0119 ras, twierdz\u0105c, \u017ce wielu W\u0142och\u00f3w by\u0142o hybryd\u0105 ras, w tym ras czarnych afryka\u0144skich.<\/p>\n\n\n\n<p>Hitler wspomnia\u0142 nawet o swoim pogl\u0105dzie na obecno\u015b\u0107 krwi murzy\u0144skiej w\u015br\u00f3d lud\u00f3w \u015br\u00f3dziemnomorskich podczas swojego pierwszego spotkania z Mussolinim w 1934 roku.<\/p>\n\n\n\n<p class=\"has-medium-font-size\"><strong>Nordycyzm aryjski<\/strong><\/p>\n\n\n\n<p style=\"font-size:16px\">\u201eNordykizm\u201d by\u0142 ruchem historycznym, kt\u00f3ry na prze\u0142omie XIX i XX wieku opowiada\u0142 si\u0119 za istnieniem \u201erasy nordyckiej\u201d i promowaniem jej interes\u00f3w.<\/p>\n\n\n\n<p>Dopiero w latach dwudziestych XX wieku zacz\u0119\u0142a ujawnia\u0107 si\u0119 silna sympatia do \u201enordyckiego\u201d, a terminu tego u\u017cywano niemal zamiennie z okre\u015bleniem \u201earyjski\u201d.<\/p>\n\n\n\n<p>Nordycy\u015bci stwierdzili, \u017ce Nordycy utworzyli wy\u017csze warstwy staro\u017cytnych cywilizacji, nawet w cywilizacjach \u015br\u00f3dziemnomorskich staro\u017cytno\u015bci (w szczeg\u00f3lno\u015bci staro\u017cytnej Grecji i Rzymie), kt\u00f3re upad\u0142y po asymilacji tej dominuj\u0105cej rasy.<\/p>\n\n\n\n<p>W ten spos\u00f3b argumentowali, \u017ce staro\u017cytne dowody sugeruj\u0105, \u017ce czo\u0142owi Rzymianie byli blondynami lub rudymi w\u0142osami.<\/p>\n\n\n\n<p>Nordycyzm w Niemczech by\u0142 znany pod nazw\u0105 \u201eNordischer Gedanke\u201d (my\u015bl nordycka).<\/p>\n\n\n\n<p>Zwrot ten zosta\u0142 ukuty przez niemieckich eugenik\u00f3w Erwina Baura, Eugena Fischera i Fritza Lenza.<\/p>\n\n\n\n<p>Pojawi\u0142o si\u0119 w ich pracy z 1921 r. \u201eMenschliche Vererbung\u201d (Dziedzictwo ludzkie), kt\u00f3ra k\u0142ad\u0142a nacisk na wrodzon\u0105 wy\u017cszo\u015b\u0107 rasy nordyckiej.<\/p>\n\n\n\n<p>Dostosowuj\u0105c argumenty Arthura Schopenhauera i innych do teorii darwinowskiej, argumentowali, \u017ce cechy inicjatywy i si\u0142y woli, zidentyfikowane przez wcze\u015bniejszych pisarzy, powsta\u0142y w wyniku doboru naturalnego, ze wzgl\u0119du na trudny krajobraz, w kt\u00f3rym ewoluowa\u0142y ludy nordyckie.<\/p>\n\n\n\n<p>Dzi\u0119ki temu s\u0142absze jednostki nie prze\u017cy\u0142y.<\/p>\n\n\n\n<p>Argument ten wywodzi si\u0119 z wcze\u015bniejszych idei eugeniki i darwinizmu spo\u0142ecznego.<\/p>\n\n\n\n<p>Wed\u0142ug autor\u00f3w rasa nordycka powsta\u0142a w epoce lodowcowej, z:<\/p>\n\n\n\n<blockquote class=\"wp-block-quote is-layout-flow wp-block-quote-is-layout-flow\">\n<p>\u201edo\u015b\u0107 ma\u0142a grupa, kt\u00f3ra pod wp\u0142ywem szybko zmieniaj\u0105cych si\u0119 warunk\u00f3w (klimat, zwierz\u0119ta poluj\u0105ce) zosta\u0142a poddana wyj\u0105tkowo rygorystycznej selekcji i by\u0142a uporczywie chowana wsobnie, uzyskuj\u0105c w ten spos\u00f3b szczeg\u00f3lne cechy, kt\u00f3re przetrwa\u0142y do \u200b\u200bdzi\u015b jako wy\u0142\u0105czne dziedzictwo rasy nordyckiej. Badania filologiczne, archeologiczne i antropologiczne wskazuj\u0105, \u017ce pierwotny dom Aryjczyk\u00f3w musia\u0142 znajdowa\u0107 si\u0119 w Europie P\u00f3\u0142nocnej.<\/p>\n<\/blockquote>\n\n\n\n<p>W momencie publikacji Niemcy by\u0142y dobrze przyzwyczajone do teorii rasy i wy\u017cszo\u015bci rasowej ze wzgl\u0119du na d\u0142ug\u0105 obecno\u015b\u0107 ruchu V\u00f6lkish, filozofii g\u0142osz\u0105cej, \u017ce Niemcy stanowi\u0105 wyj\u0105tkowy nar\u00f3d, czyli \u201evolk\u201d, po\u0142\u0105czony wsp\u00f3ln\u0105 krwi\u0105.<\/p>\n\n\n\n<p>Podczas gdy Volkizm by\u0142 popularny g\u0142\u00f3wnie w\u015br\u00f3d ni\u017cszych klas niemieckich i by\u0142 bardziej romantyczn\u0105 wersj\u0105 etnicznego nacjonalizmu, nordycyzm przyci\u0105ga\u0142 klas\u0119 \u015bredni\u0105 i wy\u017csz\u0105, w tym wybitnych niemieckich antropolog\u00f3w i eugenik\u00f3w.<\/p>\n\n\n\n<p>Hans FK G\u00fcnther (patrz wy\u017cej), jeden z uczni\u00f3w Fischera, po raz pierwszy zdefiniowa\u0142 \u201emy\u015bl nordyck\u0105\u201d w swojej ksi\u0105\u017cce programowej \u201eDer Nordische Gedanke unter den Deutschen\u201d (&nbsp;My\u015bl nordycka w\u015br\u00f3d Niemc\u00f3w).<\/p>\n\n\n\n<p>Sta\u0142 si\u0119 najbardziej wp\u0142ywowym Niemcem w tej dziedzinie.<\/p>\n\n\n\n<p>Jego \u201eKurze Ethnologie des deutschen Volkes\u201d \u2013 (\u201eKr\u00f3tka etnologia narodu niemieckiego\u201d) (1929) cieszy\u0142o si\u0119 du\u017cym powodzeniem.<\/p>\n\n\n\n<p>Twierdzono, \u017ce pod wzgl\u0119dem morfologicznym rasa nordycka jest kojarzona z takimi cechami, jak niebieskie oczy, blond w\u0142osy i wzrost, jednak\u017ce wa\u017cniejszy od nich by\u0142 wysoki wska\u017anik g\u0142owowy \u2013 g\u0142owa by\u0142a znacznie d\u0142u\u017csza od przodu do ty\u0142u ni\u017c szeroka .<\/p>\n\n\n\n<p>Cechy psychologiczne Nordyk\u00f3w opisywano jako prawdom\u00f3wne, sprawiedliwe, konkurencyjne, pow\u015bci\u0105gliwe i indywidualistyczne<\/p>\n\n\n\n<p>Nordycyzm to ideologia separatyzmu rasowego, kt\u00f3ra postrzega Nordyk\u00f3w jako zagro\u017con\u0105 grup\u0119 rasow\u0105.<\/p>\n\n\n\n<p>Rasa nordycka by\u0142a postrzegana jako odr\u0119bna od rasy alpejskiej i rasy \u015br\u00f3dziemnomorskiej.&nbsp;<\/p>\n\n\n\n<p>Te grupy (i prawdopodobnie inne) by\u0142y postrzegane jako pododdzia\u0142y rasy \u201ekaukaskiej\u201d.<\/p>\n\n\n\n<p>Idea p\u00f3\u0142nocnego pochodzenia \u201eAryjczyk\u00f3w\u201d by\u0142a szczeg\u00f3lnie wp\u0142ywowa w Niemczech.<\/p>\n\n\n\n<p>Powszechnie wierzono, \u017ce \u201eAryjczycy\u201d s\u0105 etnicznie identyczni z Gotami, Wandalami i innymi staro\u017cytnymi ludami germa\u0144skimi z V\u00f6lkerwanderung.<\/p>\n\n\n\n<p>Idea ta cz\u0119sto przeplata\u0142a si\u0119 z ideami antysemickimi.<\/p>\n\n\n\n<p>Rozr\u00f3\u017cnienie mi\u0119dzy narodami \u201earyjskimi\u201d i \u201esemickimi\u201d opiera\u0142o si\u0119 na wspomnianej historii j\u0119zykowej i etnicznej.<\/p>\n\n\n\n<p>Kompletn\u0105 teori\u0119 historii aryjskiej i antysemickiej mo\u017cna znale\u017a\u0107 w g\u0142\u00f3wnym dziele Alfreda Rosenberga \u201eDer Mythus des zwanzigsten Jahrhunderts\u201d (\u201eMit XX wieku\u201d \u2013 patrz wy\u017cej).<\/p>\n\n\n\n<p>Relacja Rosenberga z historii staro\u017cytnej, po\u0142\u0105czona z jego spekulacjami rasowymi, okaza\u0142a si\u0119 bardzo skuteczna w szerzeniu teorii rasowych w\u015br\u00f3d niemieckich intelektualist\u00f3w na pocz\u0105tku XX wieku, zw\u0142aszcza po pierwszej wojnie \u015bwiatowej.<\/p>\n\n\n\n<p class=\"has-medium-font-size\"><strong>Nordycyzm i Alantis<\/strong><\/p>\n\n\n<div class=\"wp-block-image\">\n<figure class=\"alignleft size-full\"><img loading=\"lazy\" decoding=\"async\" width=\"200\" height=\"200\" src=\"https:\/\/wia.net.pl\/wp-content\/uploads\/2024\/04\/image-91.png\" alt=\"\" class=\"wp-image-8314\" srcset=\"https:\/\/wia.net.pl\/wp-content\/uploads\/2024\/04\/image-91.png 200w, https:\/\/wia.net.pl\/wp-content\/uploads\/2024\/04\/image-91-150x150.png 150w\" sizes=\"(max-width: 200px) 100vw, 200px\" \/><figcaption class=\"wp-element-caption\">\u00a9 Prawa autorskie Petera Crawforda 2017<\/figcaption><\/figure><\/div>\n\n<div class=\"wp-block-image\">\n<figure class=\"alignright size-full\"><img loading=\"lazy\" decoding=\"async\" width=\"200\" height=\"152\" src=\"https:\/\/wia.net.pl\/wp-content\/uploads\/2024\/04\/image-92.png\" alt=\"\" class=\"wp-image-8315\"\/><figcaption class=\"wp-element-caption\">Atlantyda<\/figcaption><\/figure><\/div>\n\n\n<p>Teorie rasowe V\u00f6lkischa utrzymywa\u0142y, \u017ce Atlantydzi s\u0105 ras\u0105 nordyckich nadludzi, a Alfred Rosenberg (patrz wy\u017cej) pisa\u0142 o \u201enordycko-atlantydzkiej\u201d rasie pan\u00f3w, kt\u00f3rej cywilizacja zosta\u0142a utracona w wyniku wewn\u0119trznego zepsucia i zdrady.<\/p>\n\n\n\n<p>Wed\u0142ug Rosenberga rasa nordycka wyewoluowa\u0142a na zaginionym obecnie l\u0105dzie u wybrze\u017cy Europy, by\u0107 mo\u017ce na mitycznej Atlantydzie, migrowa\u0142a przez p\u00f3\u0142nocn\u0105 Europ\u0119 i rozszerzy\u0142a si\u0119 dalej na po\u0142udnie do Iranu i Indii, gdzie za\u0142o\u017cy\u0142a kultury aryjskie.<\/p>\n\n\n\n<p>Podobnie jak Grant i inni, argumentowa\u0142, \u017ce przedsi\u0119biorcza energia Nordyk\u00f3w \u201ezdegenerowa\u0142a si\u0119\u201d, gdy zmieszali si\u0119 z \u201eni\u017cszymi\u201d narodami.<br>Z Atlantyd\u0105 zwi\u0105zana jest koncepcja Thule.<br>W mitologii greckiej Thule by\u0142o znane jako Hyperborea \u2013 bli\u017cej nieokre\u015blony region na p\u00f3\u0142nocnych ziemiach, le\u017c\u0105cy za p\u00f3\u0142nocnym wiatrem.<\/p>\n\n\n\n<p>Hyperborea lub Hyperboria \u2013 \u201eza Boreaszem\u201d \u2013 by\u0142a idealna, ze s\u0142o\u0144cem \u015bwiec\u0105cym dwadzie\u015bcia cztery godziny na dob\u0119, co wsp\u00f3\u0142czesnym uszom sugeruje mo\u017cliw\u0105 lokalizacj\u0119 w obr\u0119bie ko\u0142a podbiegunowego.<\/p>\n\n\n\n<p>John G. Bennett napisa\u0142 artyku\u0142 badawczy zatytu\u0142owany \u201eThe Hyperborean Origin of the Indo-European Culture\u201d (Journal Systematics, tom 1, nr 3, grudzie\u0144 1963), w kt\u00f3rym stwierdzi\u0142, \u017ce ojczyzna Indoeuropejczyk\u00f3w znajdowa\u0142a si\u0119 na dalekiej p\u00f3\u0142nocy, kt\u00f3r\u0105 uwa\u017ca\u0142 za Hyperbore\u0119 klasycznej staro\u017cytno\u015bci.<\/p>\n\n\n\n<p>Pomys\u0142 ten zaproponowa\u0142 wcze\u015bniej austro-w\u0119gierski etnolog Karl Penka (\u201ePocz\u0105tki Aryjczyk\u00f3w\u201d, 1883).<\/p>\n\n\n\n<p>HP Blavatsky, Rene Guenon i Julius Evola podzielali wiar\u0119 w hiperborejskie, polarne pochodzenie ludzko\u015bci oraz p\u00f3\u017aniejsze utrwalenie i decentralizacj\u0119.<\/p>\n\n\n\n<p>Wed\u0142ug tych ezoteryk\u00f3w Hyperborea by\u0142a polarnym centrum cywilizacji i duchowo\u015bci Z\u0142otego Wieku; ludzko\u015b\u0107 nie powstaje od ma\u0142py, ale stopniowo przechodzi do stanu ma\u0142piego, gdy fizycznie i duchowo odchodzi od swojej mistycznej, nieziemskiej ojczyzny na Dalekiej P\u00f3\u0142nocy, ulegaj\u0105c demonicznym energiom Bieguna Po\u0142udniowego, najwi\u0119kszego punktu materializacji (patrz Joscelyn Godwin , Arktos: mit polarny).<\/p>\n\n\n\n<p class=\"has-medium-font-size\"><strong>P\u00f3\u017aniejszy rozw\u00f3j<\/strong><\/p>\n\n\n\n<p style=\"font-size:16px\">Wraz z doj\u015bciem Hitlera do w\u0142adzy teoria nordycka sta\u0142a si\u0119 norm\u0105 w kulturze niemieckiej.<\/p>\n\n\n\n<p>W niekt\u00f3rych przypadkach koncepcja \u201enordycka\u201d sta\u0142a si\u0119 raczej \u201eabstrakcyjnym idea\u0142em\u201d, a nie zwyk\u0142\u0105 kategori\u0105 rasow\u0105.<\/p>\n\n\n\n<p>G\u0142\u00f3wny nurt teorii nordyckiej zosta\u0142 nast\u0119pnie zinstytucjonalizowany.<\/p>\n\n\n\n<p>Hans FK G\u00fcnther, kt\u00f3ry wst\u0105pi\u0142 do NSDAP w 1932 r., by\u0142 chwalony jako pionier my\u015blenia rasowego i ja\u015bniej\u0105ce \u015bwiat\u0142o teorii nordyckiej.<\/p>\n\n\n\n<p>Wi\u0119kszo\u015b\u0107 oficjalnych niemieckich komentarzy na temat rasy nordyckiej w czasach III Rzeszy opiera\u0142a si\u0119 na pracach G\u00fcnthera.<\/p>\n\n\n\n<p>Eugen Fischer i Fritz Lenz zostali r\u00f3wnie\u017c powo\u0142ani na wy\u017csze stanowiska nadzoruj\u0105ce polityk\u0119 \u201eRassenhygiene\u201d \u2013 (higiena rasowa).<\/p>\n\n\n\n<p>W 1942 roku Hitler o\u015bwiadczy\u0142 prywatnie:<\/p>\n\n\n\n<blockquote class=\"wp-block-quote is-layout-flow wp-block-quote-is-layout-flow\">\n<p><em>\u201eNie zaznam spokoju ducha, dop\u00f3ki nie zasiej\u0119 ziarna nordyckiej krwi tam, gdzie populacja potrzebuje regeneracji. Je\u015bli w czasie migracji, gdy wielkie pr\u0105dy rasowe wywiera\u0142y wp\u0142yw, nasz nar\u00f3d otrzyma\u0142 tak r\u00f3\u017cnorodny zestaw cech, to te ostatnie rozkwit\u0142y do \u200b\u200bpe\u0142nej warto\u015bci tylko dzi\u0119ki obecno\u015bci nordyckiego j\u0105dra rasowego.<\/em><\/p>\n<\/blockquote>\n\n\n<div class=\"wp-block-image\">\n<figure class=\"aligncenter size-full\"><img loading=\"lazy\" decoding=\"async\" width=\"400\" height=\"188\" src=\"https:\/\/wia.net.pl\/wp-content\/uploads\/2024\/04\/image-93.png\" alt=\"\" class=\"wp-image-8316\" srcset=\"https:\/\/wia.net.pl\/wp-content\/uploads\/2024\/04\/image-93.png 400w, https:\/\/wia.net.pl\/wp-content\/uploads\/2024\/04\/image-93-300x141.png 300w\" sizes=\"(max-width: 400px) 100vw, 400px\" \/><figcaption class=\"wp-element-caption\">\u00a9 Prawa autorskie Petera Crawforda 2017<\/figcaption><\/figure><\/div>\n\n\n<p>\u0179r\u00f3d\u0142o: <a href=\"http:\/\/ostaragodess.blogspot.com\/2017\/01\/the-aryans.html\" target=\"_blank\" rel=\"noopener\" title=\"\">http:\/\/ostaragodess.blogspot.com\/2017\/01\/the-aryans.html<\/a><\/p>\n","protected":false},"excerpt":{"rendered":"<p>Terminologia&nbsp;\u201earyjski\u201d to termin oznaczaj\u0105cy \u201eszlachetny\u201d. W XIX wieku by\u0142o to r\u00f3wnie\u017c samookre\u015blenie u\u017cywane przez wszystkich Proto-Indoeuropejczyk\u00f3w. Angielskie s\u0142owo \u201eAryan\u201d zosta\u0142o zapo\u017cyczone od sanskryckiego s\u0142owa \u0101rya, \u0906\u0930\u094d\u092f, oznaczaj\u0105cego \u201eszlachetny\u201d lub \u201eszlachetny\u201d, jednak w t\u0142umaczeniu \u0142aci\u0144skiego Arianus (pochodz\u0105cego ze staroperskiego ariya) arian&#8230; <\/p>\n","protected":false},"author":3,"featured_media":8317,"comment_status":"open","ping_status":"open","sticky":false,"template":"","format":"standard","meta":{"_acf_changed":false,"_bbp_topic_count":0,"_bbp_reply_count":0,"_bbp_total_topic_count":0,"_bbp_total_reply_count":0,"_bbp_voice_count":0,"_bbp_anonymous_reply_count":0,"_bbp_topic_count_hidden":0,"_bbp_reply_count_hidden":0,"_bbp_forum_subforum_count":0,"om_disable_all_campaigns":false,"_monsterinsights_skip_tracking":false,"footnotes":""},"categories":[93],"tags":[],"class_list":["post-8305","post","type-post","status-publish","format-standard","has-post-thumbnail","hentry","category-artykuly"],"acf":[],"aioseo_notices":[],"aioseo_head":"\n\t\t<!-- All in One SEO 5.0.1.1 - aioseo.com -->\n\t<meta name=\"description\" content=\"Terminologia \u201earyjski\u201d to termin oznaczaj\u0105cy \u201eszlachetny\u201d. W XIX wieku by\u0142o to r\u00f3wnie\u017c samookre\u015blenie u\u017cywane przez wszystkich Proto-Indoeuropejczyk\u00f3w. Angielskie s\u0142owo \u201eAryan\u201d zosta\u0142o zapo\u017cyczone od sanskryckiego s\u0142owa \u0101rya, \u0906\u0930\u094d\u092f, oznaczaj\u0105cego \u201eszlachetny\u201d lub \u201eszlachetny\u201d, jednak w t\u0142umaczeniu \u0142aci\u0144skiego Arianus (pochodz\u0105cego ze staroperskiego ariya) arian jest od dawna u\u017cywany w j\u0119zyku angielskim . W j\u0119zyku niemieckim jest t\u0142umaczone jako \u201earisch\u201d. Rasa\" \/>\n\t<meta name=\"robots\" content=\"max-image-preview:large\" \/>\n\t<meta name=\"author\" content=\"Bart\u0142omiej Talarczyk\"\/>\n\t<link rel=\"canonical\" href=\"https:\/\/wia.net.pl\/index.php\/2024\/04\/26\/trzecia-rzesza-arianizm\/\" \/>\n\t<meta name=\"generator\" content=\"All in One SEO (AIOSEO) 5.0.1.1\" \/>\n\t\t<meta property=\"og:locale\" content=\"pl_PL\" \/>\n\t\t<meta property=\"og:site_name\" content=\"Wolno\u015b\u0107 i Anarchia - Ka\u017cdy wewn\u0119trznie jest anarchist\u0105.\" \/>\n\t\t<meta property=\"og:type\" content=\"article\" \/>\n\t\t<meta property=\"og:title\" content=\"Trzecia rzesza \u2013 Arianizm - Wolno\u015b\u0107 i Anarchia\" \/>\n\t\t<meta property=\"og:description\" content=\"Terminologia \u201earyjski\u201d to termin oznaczaj\u0105cy \u201eszlachetny\u201d. W XIX wieku by\u0142o to r\u00f3wnie\u017c samookre\u015blenie u\u017cywane przez wszystkich Proto-Indoeuropejczyk\u00f3w. Angielskie s\u0142owo \u201eAryan\u201d zosta\u0142o zapo\u017cyczone od sanskryckiego s\u0142owa \u0101rya, \u0906\u0930\u094d\u092f, oznaczaj\u0105cego \u201eszlachetny\u201d lub \u201eszlachetny\u201d, jednak w t\u0142umaczeniu \u0142aci\u0144skiego Arianus (pochodz\u0105cego ze staroperskiego ariya) arian jest od dawna u\u017cywany w j\u0119zyku angielskim . W j\u0119zyku niemieckim jest t\u0142umaczone jako \u201earisch\u201d. Rasa\" \/>\n\t\t<meta property=\"og:url\" content=\"https:\/\/wia.net.pl\/index.php\/2024\/04\/26\/trzecia-rzesza-arianizm\/\" \/>\n\t\t<meta property=\"og:image\" content=\"https:\/\/wia.net.pl\/wp-content\/uploads\/2023\/11\/cropped-freedom-i73367.jpg\" \/>\n\t\t<meta property=\"og:image:secure_url\" content=\"https:\/\/wia.net.pl\/wp-content\/uploads\/2023\/11\/cropped-freedom-i73367.jpg\" \/>\n\t\t<meta property=\"article:published_time\" content=\"2024-04-26T11:32:52+00:00\" \/>\n\t\t<meta property=\"article:modified_time\" content=\"2024-04-26T11:32:53+00:00\" \/>\n\t\t<meta name=\"twitter:card\" content=\"summary_large_image\" \/>\n\t\t<meta name=\"twitter:title\" content=\"Trzecia rzesza \u2013 Arianizm - Wolno\u015b\u0107 i Anarchia\" \/>\n\t\t<meta name=\"twitter:description\" content=\"Terminologia \u201earyjski\u201d to termin oznaczaj\u0105cy \u201eszlachetny\u201d. W XIX wieku by\u0142o to r\u00f3wnie\u017c samookre\u015blenie u\u017cywane przez wszystkich Proto-Indoeuropejczyk\u00f3w. Angielskie s\u0142owo \u201eAryan\u201d zosta\u0142o zapo\u017cyczone od sanskryckiego s\u0142owa \u0101rya, \u0906\u0930\u094d\u092f, oznaczaj\u0105cego \u201eszlachetny\u201d lub \u201eszlachetny\u201d, jednak w t\u0142umaczeniu \u0142aci\u0144skiego Arianus (pochodz\u0105cego ze staroperskiego ariya) arian jest od dawna u\u017cywany w j\u0119zyku angielskim . W j\u0119zyku niemieckim jest t\u0142umaczone jako \u201earisch\u201d. Rasa\" \/>\n\t\t<meta name=\"twitter:image\" content=\"https:\/\/wia.net.pl\/wp-content\/uploads\/2023\/11\/cropped-freedom-i73367.jpg\" \/>\n\t\t<script type=\"application\/ld+json\" class=\"aioseo-schema\">\n\t\t\t{\"@context\":\"https:\\\/\\\/schema.org\",\"@graph\":[{\"@type\":\"BlogPosting\",\"@id\":\"https:\\\/\\\/wia.net.pl\\\/index.php\\\/2024\\\/04\\\/26\\\/trzecia-rzesza-arianizm\\\/#blogposting\",\"name\":\"Trzecia rzesza \\u2013 Arianizm - Wolno\\u015b\\u0107 i Anarchia\",\"headline\":\"Trzecia rzesza &#8211; Arianizm\",\"author\":{\"@id\":\"https:\\\/\\\/wia.net.pl\\\/index.php\\\/author\\\/talar\\\/#author\"},\"publisher\":{\"@id\":\"https:\\\/\\\/wia.net.pl\\\/#person\"},\"image\":{\"@type\":\"ImageObject\",\"url\":\"https:\\\/\\\/wia.net.pl\\\/wp-content\\\/uploads\\\/2024\\\/04\\\/arianizm.jpg\",\"width\":1920,\"height\":1080},\"datePublished\":\"2024-04-26T13:32:52+02:00\",\"dateModified\":\"2024-04-26T13:32:53+02:00\",\"inLanguage\":\"pl-PL\",\"mainEntityOfPage\":{\"@id\":\"https:\\\/\\\/wia.net.pl\\\/index.php\\\/2024\\\/04\\\/26\\\/trzecia-rzesza-arianizm\\\/#webpage\"},\"isPartOf\":{\"@id\":\"https:\\\/\\\/wia.net.pl\\\/index.php\\\/2024\\\/04\\\/26\\\/trzecia-rzesza-arianizm\\\/#webpage\"},\"articleSection\":\"Artyku\\u0142y\"},{\"@type\":\"BreadcrumbList\",\"@id\":\"https:\\\/\\\/wia.net.pl\\\/index.php\\\/2024\\\/04\\\/26\\\/trzecia-rzesza-arianizm\\\/#breadcrumblist\",\"itemListElement\":[{\"@type\":\"ListItem\",\"@id\":\"https:\\\/\\\/wia.net.pl#listItem\",\"position\":1,\"name\":\"Home\",\"item\":\"https:\\\/\\\/wia.net.pl\",\"nextItem\":{\"@type\":\"ListItem\",\"@id\":\"https:\\\/\\\/wia.net.pl\\\/index.php\\\/category\\\/artykuly\\\/#listItem\",\"name\":\"Artyku\\u0142y\"}},{\"@type\":\"ListItem\",\"@id\":\"https:\\\/\\\/wia.net.pl\\\/index.php\\\/category\\\/artykuly\\\/#listItem\",\"position\":2,\"name\":\"Artyku\\u0142y\",\"item\":\"https:\\\/\\\/wia.net.pl\\\/index.php\\\/category\\\/artykuly\\\/\",\"nextItem\":{\"@type\":\"ListItem\",\"@id\":\"https:\\\/\\\/wia.net.pl\\\/index.php\\\/2024\\\/04\\\/26\\\/trzecia-rzesza-arianizm\\\/#listItem\",\"name\":\"Trzecia rzesza &#8211; Arianizm\"},\"previousItem\":{\"@type\":\"ListItem\",\"@id\":\"https:\\\/\\\/wia.net.pl#listItem\",\"name\":\"Home\"}},{\"@type\":\"ListItem\",\"@id\":\"https:\\\/\\\/wia.net.pl\\\/index.php\\\/2024\\\/04\\\/26\\\/trzecia-rzesza-arianizm\\\/#listItem\",\"position\":3,\"name\":\"Trzecia rzesza &#8211; Arianizm\",\"previousItem\":{\"@type\":\"ListItem\",\"@id\":\"https:\\\/\\\/wia.net.pl\\\/index.php\\\/category\\\/artykuly\\\/#listItem\",\"name\":\"Artyku\\u0142y\"}}]},{\"@type\":\"Person\",\"@id\":\"https:\\\/\\\/wia.net.pl\\\/#person\",\"name\":\"Bart\\u0142omiej Talarczyk\",\"image\":{\"@type\":\"ImageObject\",\"@id\":\"https:\\\/\\\/wia.net.pl\\\/index.php\\\/2024\\\/04\\\/26\\\/trzecia-rzesza-arianizm\\\/#personImage\",\"url\":\"https:\\\/\\\/wia.net.pl\\\/wp-content\\\/uploads\\\/avatar-privacy\\\/cache\\\/user\\\/1\\\/7\\\/176a6b161c58363ff49b5c167264231f519f5c7fa183ca1f61e891769b6b56d5-96.jpg\",\"width\":96,\"height\":96,\"caption\":\"Bart\\u0142omiej Talarczyk\"}},{\"@type\":\"Person\",\"@id\":\"https:\\\/\\\/wia.net.pl\\\/index.php\\\/author\\\/talar\\\/#author\",\"url\":\"https:\\\/\\\/wia.net.pl\\\/index.php\\\/author\\\/talar\\\/\",\"name\":\"Bart\\u0142omiej Talarczyk\",\"image\":{\"@type\":\"ImageObject\",\"@id\":\"https:\\\/\\\/wia.net.pl\\\/index.php\\\/2024\\\/04\\\/26\\\/trzecia-rzesza-arianizm\\\/#authorImage\",\"url\":\"https:\\\/\\\/wia.net.pl\\\/wp-content\\\/uploads\\\/avatar-privacy\\\/cache\\\/user\\\/1\\\/7\\\/176a6b161c58363ff49b5c167264231f519f5c7fa183ca1f61e891769b6b56d5-96.jpg\",\"width\":96,\"height\":96,\"caption\":\"Bart\\u0142omiej Talarczyk\"}},{\"@type\":\"WebPage\",\"@id\":\"https:\\\/\\\/wia.net.pl\\\/index.php\\\/2024\\\/04\\\/26\\\/trzecia-rzesza-arianizm\\\/#webpage\",\"url\":\"https:\\\/\\\/wia.net.pl\\\/index.php\\\/2024\\\/04\\\/26\\\/trzecia-rzesza-arianizm\\\/\",\"name\":\"Trzecia rzesza \\u2013 Arianizm - Wolno\\u015b\\u0107 i Anarchia\",\"description\":\"Terminologia \\u201earyjski\\u201d to termin oznaczaj\\u0105cy \\u201eszlachetny\\u201d. W XIX wieku by\\u0142o to r\\u00f3wnie\\u017c samookre\\u015blenie u\\u017cywane przez wszystkich Proto-Indoeuropejczyk\\u00f3w. Angielskie s\\u0142owo \\u201eAryan\\u201d zosta\\u0142o zapo\\u017cyczone od sanskryckiego s\\u0142owa \\u0101rya, \\u0906\\u0930\\u094d\\u092f, oznaczaj\\u0105cego \\u201eszlachetny\\u201d lub \\u201eszlachetny\\u201d, jednak w t\\u0142umaczeniu \\u0142aci\\u0144skiego Arianus (pochodz\\u0105cego ze staroperskiego ariya) arian jest od dawna u\\u017cywany w j\\u0119zyku angielskim . W j\\u0119zyku niemieckim jest t\\u0142umaczone jako \\u201earisch\\u201d. Rasa\",\"inLanguage\":\"pl-PL\",\"isPartOf\":{\"@id\":\"https:\\\/\\\/wia.net.pl\\\/#website\"},\"breadcrumb\":{\"@id\":\"https:\\\/\\\/wia.net.pl\\\/index.php\\\/2024\\\/04\\\/26\\\/trzecia-rzesza-arianizm\\\/#breadcrumblist\"},\"author\":{\"@id\":\"https:\\\/\\\/wia.net.pl\\\/index.php\\\/author\\\/talar\\\/#author\"},\"creator\":{\"@id\":\"https:\\\/\\\/wia.net.pl\\\/index.php\\\/author\\\/talar\\\/#author\"},\"image\":{\"@type\":\"ImageObject\",\"url\":\"https:\\\/\\\/wia.net.pl\\\/wp-content\\\/uploads\\\/2024\\\/04\\\/arianizm.jpg\",\"@id\":\"https:\\\/\\\/wia.net.pl\\\/index.php\\\/2024\\\/04\\\/26\\\/trzecia-rzesza-arianizm\\\/#mainImage\",\"width\":1920,\"height\":1080},\"primaryImageOfPage\":{\"@id\":\"https:\\\/\\\/wia.net.pl\\\/index.php\\\/2024\\\/04\\\/26\\\/trzecia-rzesza-arianizm\\\/#mainImage\"},\"datePublished\":\"2024-04-26T13:32:52+02:00\",\"dateModified\":\"2024-04-26T13:32:53+02:00\"},{\"@type\":\"WebSite\",\"@id\":\"https:\\\/\\\/wia.net.pl\\\/#website\",\"url\":\"https:\\\/\\\/wia.net.pl\\\/\",\"name\":\"Wolno\\u015b\\u0107 i Anarchia\",\"description\":\"Ka\\u017cdy wewn\\u0119trznie jest anarchist\\u0105.\",\"inLanguage\":\"pl-PL\",\"publisher\":{\"@id\":\"https:\\\/\\\/wia.net.pl\\\/#person\"}}]}\n\t\t<\/script>\n\t\t<!-- All in One SEO -->\n\n","aioseo_head_json":{"title":"Trzecia rzesza \u2013 Arianizm - Wolno\u015b\u0107 i Anarchia","description":"Terminologia \u201earyjski\u201d to termin oznaczaj\u0105cy \u201eszlachetny\u201d. W XIX wieku by\u0142o to r\u00f3wnie\u017c samookre\u015blenie u\u017cywane przez wszystkich Proto-Indoeuropejczyk\u00f3w. Angielskie s\u0142owo \u201eAryan\u201d zosta\u0142o zapo\u017cyczone od sanskryckiego s\u0142owa \u0101rya, \u0906\u0930\u094d\u092f, oznaczaj\u0105cego \u201eszlachetny\u201d lub \u201eszlachetny\u201d, jednak w t\u0142umaczeniu \u0142aci\u0144skiego Arianus (pochodz\u0105cego ze staroperskiego ariya) arian jest od dawna u\u017cywany w j\u0119zyku angielskim . W j\u0119zyku niemieckim jest t\u0142umaczone jako \u201earisch\u201d. Rasa","canonical_url":"https:\/\/wia.net.pl\/index.php\/2024\/04\/26\/trzecia-rzesza-arianizm\/","robots":"max-image-preview:large","keywords":"","webmasterTools":{"miscellaneous":""},"schema":{"@context":"https:\/\/schema.org","@graph":[{"@type":"BlogPosting","@id":"https:\/\/wia.net.pl\/index.php\/2024\/04\/26\/trzecia-rzesza-arianizm\/#blogposting","name":"Trzecia rzesza \u2013 Arianizm - Wolno\u015b\u0107 i Anarchia","headline":"Trzecia rzesza &#8211; Arianizm","author":{"@id":"https:\/\/wia.net.pl\/index.php\/author\/talar\/#author"},"publisher":{"@id":"https:\/\/wia.net.pl\/#person"},"image":{"@type":"ImageObject","url":"https:\/\/wia.net.pl\/wp-content\/uploads\/2024\/04\/arianizm.jpg","width":1920,"height":1080},"datePublished":"2024-04-26T13:32:52+02:00","dateModified":"2024-04-26T13:32:53+02:00","inLanguage":"pl-PL","mainEntityOfPage":{"@id":"https:\/\/wia.net.pl\/index.php\/2024\/04\/26\/trzecia-rzesza-arianizm\/#webpage"},"isPartOf":{"@id":"https:\/\/wia.net.pl\/index.php\/2024\/04\/26\/trzecia-rzesza-arianizm\/#webpage"},"articleSection":"Artyku\u0142y"},{"@type":"BreadcrumbList","@id":"https:\/\/wia.net.pl\/index.php\/2024\/04\/26\/trzecia-rzesza-arianizm\/#breadcrumblist","itemListElement":[{"@type":"ListItem","@id":"https:\/\/wia.net.pl#listItem","position":1,"name":"Home","item":"https:\/\/wia.net.pl","nextItem":{"@type":"ListItem","@id":"https:\/\/wia.net.pl\/index.php\/category\/artykuly\/#listItem","name":"Artyku\u0142y"}},{"@type":"ListItem","@id":"https:\/\/wia.net.pl\/index.php\/category\/artykuly\/#listItem","position":2,"name":"Artyku\u0142y","item":"https:\/\/wia.net.pl\/index.php\/category\/artykuly\/","nextItem":{"@type":"ListItem","@id":"https:\/\/wia.net.pl\/index.php\/2024\/04\/26\/trzecia-rzesza-arianizm\/#listItem","name":"Trzecia rzesza &#8211; Arianizm"},"previousItem":{"@type":"ListItem","@id":"https:\/\/wia.net.pl#listItem","name":"Home"}},{"@type":"ListItem","@id":"https:\/\/wia.net.pl\/index.php\/2024\/04\/26\/trzecia-rzesza-arianizm\/#listItem","position":3,"name":"Trzecia rzesza &#8211; Arianizm","previousItem":{"@type":"ListItem","@id":"https:\/\/wia.net.pl\/index.php\/category\/artykuly\/#listItem","name":"Artyku\u0142y"}}]},{"@type":"Person","@id":"https:\/\/wia.net.pl\/#person","name":"Bart\u0142omiej Talarczyk","image":{"@type":"ImageObject","@id":"https:\/\/wia.net.pl\/index.php\/2024\/04\/26\/trzecia-rzesza-arianizm\/#personImage","url":"https:\/\/wia.net.pl\/wp-content\/uploads\/avatar-privacy\/cache\/user\/1\/7\/176a6b161c58363ff49b5c167264231f519f5c7fa183ca1f61e891769b6b56d5-96.jpg","width":96,"height":96,"caption":"Bart\u0142omiej Talarczyk"}},{"@type":"Person","@id":"https:\/\/wia.net.pl\/index.php\/author\/talar\/#author","url":"https:\/\/wia.net.pl\/index.php\/author\/talar\/","name":"Bart\u0142omiej Talarczyk","image":{"@type":"ImageObject","@id":"https:\/\/wia.net.pl\/index.php\/2024\/04\/26\/trzecia-rzesza-arianizm\/#authorImage","url":"https:\/\/wia.net.pl\/wp-content\/uploads\/avatar-privacy\/cache\/user\/1\/7\/176a6b161c58363ff49b5c167264231f519f5c7fa183ca1f61e891769b6b56d5-96.jpg","width":96,"height":96,"caption":"Bart\u0142omiej Talarczyk"}},{"@type":"WebPage","@id":"https:\/\/wia.net.pl\/index.php\/2024\/04\/26\/trzecia-rzesza-arianizm\/#webpage","url":"https:\/\/wia.net.pl\/index.php\/2024\/04\/26\/trzecia-rzesza-arianizm\/","name":"Trzecia rzesza \u2013 Arianizm - Wolno\u015b\u0107 i Anarchia","description":"Terminologia \u201earyjski\u201d to termin oznaczaj\u0105cy \u201eszlachetny\u201d. W XIX wieku by\u0142o to r\u00f3wnie\u017c samookre\u015blenie u\u017cywane przez wszystkich Proto-Indoeuropejczyk\u00f3w. Angielskie s\u0142owo \u201eAryan\u201d zosta\u0142o zapo\u017cyczone od sanskryckiego s\u0142owa \u0101rya, \u0906\u0930\u094d\u092f, oznaczaj\u0105cego \u201eszlachetny\u201d lub \u201eszlachetny\u201d, jednak w t\u0142umaczeniu \u0142aci\u0144skiego Arianus (pochodz\u0105cego ze staroperskiego ariya) arian jest od dawna u\u017cywany w j\u0119zyku angielskim . W j\u0119zyku niemieckim jest t\u0142umaczone jako \u201earisch\u201d. Rasa","inLanguage":"pl-PL","isPartOf":{"@id":"https:\/\/wia.net.pl\/#website"},"breadcrumb":{"@id":"https:\/\/wia.net.pl\/index.php\/2024\/04\/26\/trzecia-rzesza-arianizm\/#breadcrumblist"},"author":{"@id":"https:\/\/wia.net.pl\/index.php\/author\/talar\/#author"},"creator":{"@id":"https:\/\/wia.net.pl\/index.php\/author\/talar\/#author"},"image":{"@type":"ImageObject","url":"https:\/\/wia.net.pl\/wp-content\/uploads\/2024\/04\/arianizm.jpg","@id":"https:\/\/wia.net.pl\/index.php\/2024\/04\/26\/trzecia-rzesza-arianizm\/#mainImage","width":1920,"height":1080},"primaryImageOfPage":{"@id":"https:\/\/wia.net.pl\/index.php\/2024\/04\/26\/trzecia-rzesza-arianizm\/#mainImage"},"datePublished":"2024-04-26T13:32:52+02:00","dateModified":"2024-04-26T13:32:53+02:00"},{"@type":"WebSite","@id":"https:\/\/wia.net.pl\/#website","url":"https:\/\/wia.net.pl\/","name":"Wolno\u015b\u0107 i Anarchia","description":"Ka\u017cdy wewn\u0119trznie jest anarchist\u0105.","inLanguage":"pl-PL","publisher":{"@id":"https:\/\/wia.net.pl\/#person"}}]},"og:locale":"pl_PL","og:site_name":"Wolno\u015b\u0107 i Anarchia - Ka\u017cdy wewn\u0119trznie jest anarchist\u0105.","og:type":"article","og:title":"Trzecia rzesza \u2013 Arianizm - Wolno\u015b\u0107 i Anarchia","og:description":"Terminologia \u201earyjski\u201d to termin oznaczaj\u0105cy \u201eszlachetny\u201d. W XIX wieku by\u0142o to r\u00f3wnie\u017c samookre\u015blenie u\u017cywane przez wszystkich Proto-Indoeuropejczyk\u00f3w. Angielskie s\u0142owo \u201eAryan\u201d zosta\u0142o zapo\u017cyczone od sanskryckiego s\u0142owa \u0101rya, \u0906\u0930\u094d\u092f, oznaczaj\u0105cego \u201eszlachetny\u201d lub \u201eszlachetny\u201d, jednak w t\u0142umaczeniu \u0142aci\u0144skiego Arianus (pochodz\u0105cego ze staroperskiego ariya) arian jest od dawna u\u017cywany w j\u0119zyku angielskim . W j\u0119zyku niemieckim jest t\u0142umaczone jako \u201earisch\u201d. Rasa","og:url":"https:\/\/wia.net.pl\/index.php\/2024\/04\/26\/trzecia-rzesza-arianizm\/","og:image":"https:\/\/wia.net.pl\/wp-content\/uploads\/2023\/11\/cropped-freedom-i73367.jpg","og:image:secure_url":"https:\/\/wia.net.pl\/wp-content\/uploads\/2023\/11\/cropped-freedom-i73367.jpg","article:published_time":"2024-04-26T11:32:52+00:00","article:modified_time":"2024-04-26T11:32:53+00:00","twitter:card":"summary_large_image","twitter:title":"Trzecia rzesza \u2013 Arianizm - Wolno\u015b\u0107 i Anarchia","twitter:description":"Terminologia \u201earyjski\u201d to termin oznaczaj\u0105cy \u201eszlachetny\u201d. W XIX wieku by\u0142o to r\u00f3wnie\u017c samookre\u015blenie u\u017cywane przez wszystkich Proto-Indoeuropejczyk\u00f3w. Angielskie s\u0142owo \u201eAryan\u201d zosta\u0142o zapo\u017cyczone od sanskryckiego s\u0142owa \u0101rya, \u0906\u0930\u094d\u092f, oznaczaj\u0105cego \u201eszlachetny\u201d lub \u201eszlachetny\u201d, jednak w t\u0142umaczeniu \u0142aci\u0144skiego Arianus (pochodz\u0105cego ze staroperskiego ariya) arian jest od dawna u\u017cywany w j\u0119zyku angielskim . W j\u0119zyku niemieckim jest t\u0142umaczone jako \u201earisch\u201d. Rasa","twitter:image":"https:\/\/wia.net.pl\/wp-content\/uploads\/2023\/11\/cropped-freedom-i73367.jpg"},"aioseo_meta_data":{"post_id":"8305","title":null,"description":null,"keywords":null,"keyphrases":{"focus":{"keyphrase":"","score":0,"analysis":{"keyphraseInTitle":{"score":0,"maxScore":9,"error":1}}},"additional":[]},"primary_term":null,"canonical_url":null,"og_title":null,"og_description":null,"og_object_type":"default","og_image_type":"default","og_image_url":null,"og_image_width":null,"og_image_height":null,"og_image_custom_url":null,"og_image_custom_fields":null,"og_video":"","og_custom_url":null,"og_article_section":null,"og_article_tags":null,"twitter_use_og":false,"twitter_card":"default","twitter_image_type":"default","twitter_image_url":null,"twitter_image_custom_url":null,"twitter_image_custom_fields":null,"twitter_title":null,"twitter_description":null,"schema":{"blockGraphs":[],"customGraphs":[],"default":{"data":{"Article":[],"Course":[],"Dataset":[],"FAQPage":[],"Movie":[],"Person":[],"Product":[],"ProductReview":[],"Car":[],"Recipe":[],"Service":[],"SoftwareApplication":[],"WebPage":[]},"graphName":"BlogPosting","isEnabled":true},"graphs":[]},"schema_type":"default","schema_type_options":null,"pillar_content":false,"robots_default":true,"robots_noindex":false,"robots_noarchive":false,"robots_nosnippet":false,"robots_nofollow":false,"robots_noimageindex":false,"robots_noodp":false,"robots_notranslate":false,"robots_max_snippet":"-1","robots_max_videopreview":"-1","robots_max_imagepreview":"large","priority":null,"frequency":"default","local_seo":null,"breadcrumb_settings":null,"limit_modified_date":false,"ai":null,"created":"2024-04-26 11:32:53","updated":"2025-06-04 10:35:22","seo_analyzer_scan_date":null,"focus_keyword":null,"additional_keywords":null,"truseo_locale":null},"aioseo_breadcrumb":"<div class=\"aioseo-breadcrumbs\"><span class=\"aioseo-breadcrumb\">\n\t\t\t<a href=\"https:\/\/wia.net.pl\" title=\"Home\">Home<\/a>\n\t\t<\/span><span class=\"aioseo-breadcrumb-separator\">&raquo;<\/span><span class=\"aioseo-breadcrumb\">\n\t\t\t<a href=\"https:\/\/wia.net.pl\/index.php\/category\/artykuly\/\" title=\"Artyku\u0142y\">Artyku\u0142y<\/a>\n\t\t<\/span><span class=\"aioseo-breadcrumb-separator\">&raquo;<\/span><span class=\"aioseo-breadcrumb\">\n\t\t\tTrzecia rzesza \u2013 Arianizm\n\t\t<\/span><\/div>","aioseo_breadcrumb_json":[{"label":"Home","link":"https:\/\/wia.net.pl"},{"label":"Artyku\u0142y","link":"https:\/\/wia.net.pl\/index.php\/category\/artykuly\/"},{"label":"Trzecia rzesza &#8211; Arianizm","link":"https:\/\/wia.net.pl\/index.php\/2024\/04\/26\/trzecia-rzesza-arianizm\/"}],"_links":{"self":[{"href":"https:\/\/wia.net.pl\/index.php\/wp-json\/wp\/v2\/posts\/8305"}],"collection":[{"href":"https:\/\/wia.net.pl\/index.php\/wp-json\/wp\/v2\/posts"}],"about":[{"href":"https:\/\/wia.net.pl\/index.php\/wp-json\/wp\/v2\/types\/post"}],"author":[{"embeddable":true,"href":"https:\/\/wia.net.pl\/index.php\/wp-json\/wp\/v2\/users\/3"}],"replies":[{"embeddable":true,"href":"https:\/\/wia.net.pl\/index.php\/wp-json\/wp\/v2\/comments?post=8305"}],"version-history":[{"count":1,"href":"https:\/\/wia.net.pl\/index.php\/wp-json\/wp\/v2\/posts\/8305\/revisions"}],"predecessor-version":[{"id":8318,"href":"https:\/\/wia.net.pl\/index.php\/wp-json\/wp\/v2\/posts\/8305\/revisions\/8318"}],"wp:featuredmedia":[{"embeddable":true,"href":"https:\/\/wia.net.pl\/index.php\/wp-json\/wp\/v2\/media\/8317"}],"wp:attachment":[{"href":"https:\/\/wia.net.pl\/index.php\/wp-json\/wp\/v2\/media?parent=8305"}],"wp:term":[{"taxonomy":"category","embeddable":true,"href":"https:\/\/wia.net.pl\/index.php\/wp-json\/wp\/v2\/categories?post=8305"},{"taxonomy":"post_tag","embeddable":true,"href":"https:\/\/wia.net.pl\/index.php\/wp-json\/wp\/v2\/tags?post=8305"}],"curies":[{"name":"wp","href":"https:\/\/api.w.org\/{rel}","templated":true}]}}