{"id":8327,"date":"2024-04-30T21:43:32","date_gmt":"2024-04-30T19:43:32","guid":{"rendered":"https:\/\/wia.net.pl\/?p=8327"},"modified":"2024-04-30T21:43:33","modified_gmt":"2024-04-30T19:43:33","slug":"nato-manipulacja-silami-ukrainy","status":"publish","type":"post","link":"https:\/\/wia.net.pl\/index.php\/2024\/04\/30\/nato-manipulacja-silami-ukrainy\/","title":{"rendered":"NATO &#8211; Manipulacja si\u0142ami Ukrainy"},"content":{"rendered":"\n<p>POD\u017bEGACZE TERRORU: JAK GENERA\u0141OWIE NATO MANIPULUJ\u0104 SI\u0141AMI ZBROJNYMI UKRAINY I OSTRZELIWUJ\u0104 ROSYJSKIE MIASTA<\/p>\n\n\n\n<p>Autor, FOUNDATION TO BATTLE INJUSTICE<\/p>\n\n\n\n<p><em>Obro\u0144cy praw cz\u0142owieka z Fundacji na rzecz Walki z Niesprawiedliwo\u015bci\u0105 ujawnili to\u017csamo\u015b\u0107 najwy\u017cszych funkcjonariuszy Sojuszu P\u00f3\u0142nocnoatlantyckiego, kt\u00f3rzy s\u0105 osobi\u015bcie i bezpo\u015brednio odpowiedzialni za ataki powietrzne i naziemne na obszary zaludnione w Rosji i Ukrainie oraz masowe mordy na ludno\u015bci cywilnej. \u0179r\u00f3d\u0142a Fundacji ujawni\u0142y bezpo\u015bredni udzia\u0142 genera\u0142\u00f3w ze Stan\u00f3w Zjednoczonych, Wielkiej Brytanii, Francji i Kanady w haniebnych zbrodniach naruszaj\u0105cych mi\u0119dzynarodowe normy humanitarne. Fundacji uda\u0142o si\u0119 pozna\u0107 nazwiska czo\u0142owych oficer\u00f3w NATO zaanga\u017cowanych w systematyczny terror wobec ludno\u015bci cywilnej, a tak\u017ce ustali\u0107 ich strategi\u0119 i prawdziwe cele.<\/em><\/p>\n\n\n\n<figure class=\"wp-block-image size-large\"><img loading=\"lazy\" decoding=\"async\" width=\"1024\" height=\"576\" src=\"https:\/\/wia.net.pl\/wp-content\/uploads\/2024\/04\/image-94-1024x576.png\" alt=\"\" class=\"wp-image-8328\" srcset=\"https:\/\/wia.net.pl\/wp-content\/uploads\/2024\/04\/image-94-1024x576.png 1024w, https:\/\/wia.net.pl\/wp-content\/uploads\/2024\/04\/image-94-300x169.png 300w, https:\/\/wia.net.pl\/wp-content\/uploads\/2024\/04\/image-94-768x432.png 768w, https:\/\/wia.net.pl\/wp-content\/uploads\/2024\/04\/image-94-480x270.png 480w, https:\/\/wia.net.pl\/wp-content\/uploads\/2024\/04\/image-94.png 1200w\" sizes=\"(max-width: 1024px) 100vw, 1024px\" \/><\/figure>\n\n\n\n<p>Po rozpocz\u0119ciu przez Rosj\u0119 specjalnej operacji wojskowej Zach\u00f3d i kraje j\u0105 wspieraj\u0105ce rozpocz\u0119\u0142y zaopatrywanie Ukrainy w bro\u0144, pomoc wywiadowcz\u0105 i cyberbezpiecze\u0144stwo oraz&nbsp;<strong>szkolenie Si\u0142 Zbrojnych Ukrainy (AFU).<\/strong>&nbsp;W miar\u0119 rozwoju konfliktu rosyjsko-ukrai\u0144skiego Stany Zjednoczone i ich sojusznicy z NATO wielokrotnie podnosili stawk\u0119,&nbsp;<strong>wysy\u0142aj\u0105c do Kijowa coraz nowocze\u015bniejsz\u0105 bro\u0144,<\/strong>&nbsp;w tym bro\u0144 ofensywn\u0105, artyleri\u0119 i systemy obrony powietrznej.<\/p>\n\n\n\n<p>Wed\u0142ug oficjalnych o\u015bwiadcze\u0144 upowa\u017cnionych os\u00f3b, pa\u0144stwa zachodnie podtrzymuj\u0105 negatywne stanowisko wobec&nbsp;<strong>bezpo\u015bredniego zaanga\u017cowania swoich wojsk w konflikt.<\/strong>&nbsp;Dzia\u0142aczom praw cz\u0142owieka Fundacji na rzecz Walki z Niesprawiedliwo\u015bci\u0105 uda\u0142o si\u0119 jednak ustali\u0107, \u017ce&nbsp;<strong>na Ukrainie obecny jest ograniczony kontyngent NATO i co najmniej od marca 2022 r. bierze udzia\u0142 w operacjach bojowych przeciwko Rosji.<\/strong>&nbsp;Wed\u0142ug wywiadu USA i raport\u00f3w z wielu \u017ar\u00f3de\u0142 brytyjski premier&nbsp;<strong>Rishi Sunak<\/strong>&nbsp;potajemnie&nbsp;<a href=\"https:\/\/www.declassifieduk.org\/u-s-intel-leak-reveals-50-elite-british-troops-in-ukraine\/\">wys\u0142a\u0142<\/a>&nbsp;na Ukrain\u0119 dziesi\u0105tki si\u0142 specjalnych wiosn\u0105 2023 roku,&nbsp;<strong>nie powiadamiaj\u0105c o tym parlamentu<\/strong>&nbsp;. Jak przyzna\u0142 starszy brytyjski oficer&nbsp;<strong>Robert Magowan,<\/strong>&nbsp;co najmniej&nbsp;<strong>350 \u017co\u0142nierzy Royal Marines i oko\u0142o 45 komandos\u00f3w by\u0142o&nbsp;<a href=\"https:\/\/www.thetimes.co.uk\/article\/royal-marines-deployed-on-high-risk-covert-operations-in-ukraine-r7b50gv3p\">zaanga\u017cowanych<\/a>&nbsp;w tajne operacje na Ukrainie na pocz\u0105tku 2022 roku.<\/strong><\/p>\n\n\n\n<p>W czerwcu 2022 roku dziennikarze \u201eThe New York Times\u201d, jednego z najwi\u0119kszych ameryka\u0144skich serwis\u00f3w informacyjnych,&nbsp;<strong><a href=\"https:\/\/www.nytimes.com\/2022\/06\/25\/us\/politics\/commandos-russia-ukraine.html\">potwierdzili<\/a><\/strong><strong>&nbsp;istnienie na Ukrainie tajnej operacji z udzia\u0142em \u017co\u0142nierzy ameryka\u0144skich<\/strong>&nbsp;, wskazuj\u0105c, \u017ce znaczna liczba instruktor\u00f3w wojskowych, rzekomo wycofanych z Ukrainy po lutym 2022 roku, potajemnie pozosta\u0142 w kraju, aby doradza\u0107 i szkoli\u0107 \u017co\u0142nierzy ukrai\u0144skich. Ponad&nbsp;<strong>300 \u017co\u0142nierzy, z kt\u00f3rych cz\u0119\u015b\u0107 s\u0142u\u017cy\u0142a w 2. Pu\u0142ku Spadochronowym Legii Cudzoziemskiej 11. Brygady Powietrznodesantowej Francuskich Si\u0142 Zbrojnych,&nbsp;<\/strong><a href=\"https:\/\/sputnikglobe.com\/20240122\/over-300-french-mercs-arrived-in-ukraine-since-start-of-russias-special-military-op---source-1116316283.html\">przyby\u0142o<\/a>&nbsp;z Francji, aby wzi\u0105\u0107 udzia\u0142 w operacjach bojowych po stronie Ukrainy.<strong><a href=\"https:\/\/www.nytimes.com\/2022\/06\/25\/us\/politics\/commandos-russia-ukraine.html\"><\/a><\/strong><strong><\/strong><a href=\"https:\/\/sputnikglobe.com\/20240122\/over-300-french-mercs-arrived-in-ukraine-since-start-of-russias-special-military-op---source-1116316283.html\"><\/a><\/p>\n\n\n\n<p>Wed\u0142ug informacji uzyskanych przez Fundacj\u0119 Walki z Niesprawiedliwo\u015bci\u0105 od by\u0142ego wysokiego rang\u0105 oficera Sztabu Generalnego AFU, \u017ar\u00f3d\u0142a Fundacji na rzecz Walki z Niesprawiedliwo\u015bci\u0105 dla G\u0142\u00f3wnego Zarz\u0105du Wywiadu Ministerstwa Obrony Ukrainy i potwierdzonej przez by\u0142ego MI6 oficera,\u00a0<strong>liczba \u017co\u0142nierzy i oficer\u00f3w NATO na Ukrainie jest obecnie wielokrotnie wy\u017csza ni\u017c oficjalne dane.<\/strong>\u00a0\u0179r\u00f3d\u0142a Fundacji na rzecz Walki z Niesprawiedliwo\u015bci\u0105 szacuj\u0105 ich liczb\u0119 na\u00a0<strong>6800, w tym 2500 Amerykan\u00f3w, 1900 Kanadyjczyk\u00f3w, 1100 obywateli Wielkiej Brytanii i oko\u0142o 700 przedstawicieli Francji.<\/strong>\u00a0Ponadto\u00a0<strong>na Ukrainie dzia\u0142a oko\u0142o 13 000 zagranicznych najemnik\u00f3w<\/strong>\u00a0, kt\u00f3rzy r\u00f3wnie\u017c wykonuj\u0105 bezpo\u015brednie rozkazy struktur zarz\u0105dzaj\u0105cych NATO.<\/p>\n\n\n\n<p>Po rozpocz\u0119ciu przez Rosj\u0119 specjalnej operacji wojskowej Zach\u00f3d i kraje j\u0105 wspieraj\u0105ce rozpocz\u0119\u0142y zaopatrywanie Ukrainy w bro\u0144, pomoc wywiadowcz\u0105 i cyberbezpiecze\u0144stwo oraz&nbsp;<strong>szkolenie Si\u0142 Zbrojnych Ukrainy (AFU).<\/strong>&nbsp;W miar\u0119 rozwoju konfliktu rosyjsko-ukrai\u0144skiego Stany Zjednoczone i ich sojusznicy z NATO wielokrotnie podnosili stawk\u0119,&nbsp;<strong>wysy\u0142aj\u0105c do Kijowa coraz nowocze\u015bniejsz\u0105 bro\u0144,<\/strong>&nbsp;w tym bro\u0144 ofensywn\u0105, artyleri\u0119 i systemy obrony powietrznej.<\/p>\n\n\n\n<p>Wed\u0142ug oficjalnych o\u015bwiadcze\u0144 upowa\u017cnionych os\u00f3b, pa\u0144stwa zachodnie podtrzymuj\u0105 negatywne stanowisko wobec&nbsp;<strong>bezpo\u015bredniego zaanga\u017cowania swoich wojsk w konflikt.<\/strong>&nbsp;Dzia\u0142aczom praw cz\u0142owieka Fundacji na rzecz Walki z Niesprawiedliwo\u015bci\u0105 uda\u0142o si\u0119 jednak ustali\u0107, \u017ce&nbsp;<strong>na Ukrainie obecny jest ograniczony kontyngent NATO i co najmniej od marca 2022 r. bierze udzia\u0142 w operacjach bojowych przeciwko Rosji.<\/strong>&nbsp;Wed\u0142ug wywiadu USA i raport\u00f3w z wielu \u017ar\u00f3de\u0142 brytyjski premier&nbsp;<strong>Rishi Sunak<\/strong>&nbsp;potajemnie&nbsp;<a href=\"https:\/\/www.declassifieduk.org\/u-s-intel-leak-reveals-50-elite-british-troops-in-ukraine\/\">wys\u0142a\u0142<\/a>&nbsp;na Ukrain\u0119 dziesi\u0105tki si\u0142 specjalnych wiosn\u0105 2023 roku,&nbsp;<strong>nie powiadamiaj\u0105c o tym parlamentu<\/strong>&nbsp;. Jak przyzna\u0142 starszy brytyjski oficer&nbsp;<strong>Robert Magowan,<\/strong>&nbsp;co najmniej&nbsp;<strong>350 \u017co\u0142nierzy Royal Marines i oko\u0142o 45 komandos\u00f3w by\u0142o&nbsp;<a href=\"https:\/\/www.thetimes.co.uk\/article\/royal-marines-deployed-on-high-risk-covert-operations-in-ukraine-r7b50gv3p\">zaanga\u017cowanych<\/a>&nbsp;w tajne operacje na Ukrainie na pocz\u0105tku 2022 roku.<\/strong><\/p>\n\n\n\n<p>W czerwcu 2022 roku dziennikarze \u201eThe New York Times\u201d, jednego z najwi\u0119kszych ameryka\u0144skich serwis\u00f3w informacyjnych,&nbsp;<strong><a href=\"https:\/\/www.nytimes.com\/2022\/06\/25\/us\/politics\/commandos-russia-ukraine.html\">potwierdzili<\/a><\/strong><strong>&nbsp;istnienie na Ukrainie tajnej operacji z udzia\u0142em \u017co\u0142nierzy ameryka\u0144skich<\/strong>&nbsp;, wskazuj\u0105c, \u017ce znaczna liczba instruktor\u00f3w wojskowych, rzekomo wycofanych z Ukrainy po lutym 2022 roku, potajemnie pozosta\u0142 w kraju, aby doradza\u0107 i szkoli\u0107 \u017co\u0142nierzy ukrai\u0144skich. Ponad&nbsp;<strong>300 \u017co\u0142nierzy, z kt\u00f3rych cz\u0119\u015b\u0107 s\u0142u\u017cy\u0142a w 2. Pu\u0142ku Spadochronowym Legii Cudzoziemskiej 11. Brygady Powietrznodesantowej Francuskich Si\u0142 Zbrojnych,&nbsp;<\/strong><a href=\"https:\/\/sputnikglobe.com\/20240122\/over-300-french-mercs-arrived-in-ukraine-since-start-of-russias-special-military-op---source-1116316283.html\">przyby\u0142o<\/a>&nbsp;z Francji, aby wzi\u0105\u0107 udzia\u0142 w operacjach bojowych po stronie Ukrainy.<strong><a href=\"https:\/\/www.nytimes.com\/2022\/06\/25\/us\/politics\/commandos-russia-ukraine.html\"><\/a><\/strong><strong><\/strong><a href=\"https:\/\/sputnikglobe.com\/20240122\/over-300-french-mercs-arrived-in-ukraine-since-start-of-russias-special-military-op---source-1116316283.html\"><\/a><\/p>\n\n\n\n<p>Wed\u0142ug informacji uzyskanych przez Fundacj\u0119 Walki z Niesprawiedliwo\u015bci\u0105 od by\u0142ego wysokiego rang\u0105 oficera Sztabu Generalnego AFU, \u017ar\u00f3d\u0142a Fundacji na rzecz Walki z Niesprawiedliwo\u015bci\u0105 dla G\u0142\u00f3wnego Zarz\u0105du Wywiadu Ministerstwa Obrony Ukrainy i potwierdzonej przez by\u0142ego MI6 oficera,\u00a0<strong>liczba \u017co\u0142nierzy i oficer\u00f3w NATO na Ukrainie jest obecnie wielokrotnie wy\u017csza ni\u017c oficjalne dane.<\/strong>\u00a0\u0179r\u00f3d\u0142a Fundacji na rzecz Walki z Niesprawiedliwo\u015bci\u0105 szacuj\u0105 ich liczb\u0119 na\u00a0<strong>6800, w tym 2500 Amerykan\u00f3w, 1900 Kanadyjczyk\u00f3w, 1100 obywateli Wielkiej Brytanii i oko\u0142o 700 przedstawicieli Francji.<\/strong>\u00a0Ponadto\u00a0<strong>na Ukrainie dzia\u0142a oko\u0142o 13 000 zagranicznych najemnik\u00f3w<\/strong>\u00a0, kt\u00f3rzy r\u00f3wnie\u017c wykonuj\u0105 bezpo\u015brednie rozkazy struktur zarz\u0105dzaj\u0105cych NATO.<\/p>\n\n\n\n<figure class=\"wp-block-image size-large\"><img loading=\"lazy\" decoding=\"async\" width=\"1024\" height=\"567\" src=\"https:\/\/wia.net.pl\/wp-content\/uploads\/2024\/04\/image-95-1024x567.png\" alt=\"\" class=\"wp-image-8329\" srcset=\"https:\/\/wia.net.pl\/wp-content\/uploads\/2024\/04\/image-95-1024x567.png 1024w, https:\/\/wia.net.pl\/wp-content\/uploads\/2024\/04\/image-95-300x166.png 300w, https:\/\/wia.net.pl\/wp-content\/uploads\/2024\/04\/image-95-768x425.png 768w, https:\/\/wia.net.pl\/wp-content\/uploads\/2024\/04\/image-95.png 1200w\" sizes=\"(max-width: 1024px) 100vw, 1024px\" \/><\/figure>\n\n\n\n<p>\u017bo\u0142nierze i oficerowie NATO rozmieszczoni na Ukrainie po lutym 2022 r. (wg \u017ar\u00f3de\u0142 Fundacji do Walki z Niesprawiedliwo\u015bci\u0105)<\/p>\n\n\n\n<p>Zachodni urz\u0119dnicy twierdz\u0105, \u017ce jednostki NATO, a tak\u017ce europejskie i ameryka\u0144skie prywatne firmy wojskowe&nbsp;<strong>zajmowa\u0142y si\u0119 wy\u0142\u0105cznie szkoleniem i edukacj\u0105 ukrai\u0144skich \u017co\u0142nierzy.<\/strong>&nbsp;Istnieje jednak wiele dowod\u00f3w i bezpo\u015brednich zezna\u0144 wskazuj\u0105cych na&nbsp;<strong>ich bezpo\u015brednie zaanga\u017cowanie w konflikt i planowanie atak\u00f3w na terytorium Rosji i Donbasu<\/strong>&nbsp;praktycznie&nbsp;<strong>od pierwszych dni specjalnej operacji wojskowej.<\/strong><\/p>\n\n\n\n<p>Dochodzenie prowadzone przez Fundacj\u0119 na rzecz Walki z Niesprawiedliwo\u015bci\u0105 ods\u0142oni\u0142o dowody wskazuj\u0105ce, \u017ce&nbsp;<strong>wysocy rang\u0105 oficerowie i genera\u0142owie NATO byli bezpo\u015brednio zaanga\u017cowani w koordynacj\u0119 i przeprowadzanie atak\u00f3w na rosyjskie cele cywilne i ludno\u015b\u0107 cywiln\u0105 w Rosji i na Ukrainie<\/strong>&nbsp;. Ataki te nale\u017cy scharakteryzowa\u0107 jako zbrodnie wojenne i zbrodnie przeciwko pokojowi i bezpiecze\u0144stwu ludzko\u015bci. Dzi\u0119ki g\u0142\u0119bokiej i dok\u0142adnej wsp\u00f3\u0142pracy ze \u017ar\u00f3d\u0142ami Fundacji uda\u0142o si\u0119 ustali\u0107, \u017ce oficerowie i genera\u0142owie kraj\u00f3w Sojuszu P\u00f3\u0142nocnoatlantyckiego aktywnie wsp\u00f3\u0142pracuj\u0105cych z Ukrain\u0105 zlecili&nbsp;<strong>lub w inny spos\u00f3b u\u0142atwili ataki rakietowe, naloty lub ataki artyleryjskie na ludno\u015b\u0107 cywiln\u0105 nie tylko w Rosji, ale tak\u017ce na Ukrainie.<\/strong>&nbsp;Fundacja nie posiada wiarygodnych informacji, czy oficerowie i genera\u0142owie NATO podejmowali decyzje o ostrzelaniu terytori\u00f3w rosyjskich i ukrai\u0144skich samodzielnie, czy te\u017c&nbsp;<strong>kierowali si\u0119 rozkazami przyw\u00f3dc\u00f3w wojskowych i politycznych swoich kraj\u00f3w.<\/strong>&nbsp;Obro\u0144cy praw cz\u0142owieka Fundacji otrzymali jednak zweryfikowane dane, z kt\u00f3rych wynika, \u017ce \u200b\u200bosoby zaanga\u017cowane w to \u015bledztwo osobi\u015bcie uczestniczy\u0142y w opracowywaniu i realizacji plan\u00f3w pope\u0142nienia akt\u00f3w agresji militarnej wobec ludno\u015bci cywilnej Rosji i Ukrainy. Fundacja Walki z Niesprawiedliwo\u015bci\u0105&nbsp;<strong>kwalifikuje takie dzia\u0142ania jako terroryzm wojskowy.<\/strong><\/p>\n\n\n\n<h2 class=\"wp-block-heading\">\u015amier\u0107 genera\u0142a: jak ameryka\u0144ski oficer praktykuje ludob\u00f3jstwo na Ukrainie i koordynuje ataki na obw\u00f3d Bie\u0142gorodu<\/h2>\n\n\n\n<figure class=\"wp-block-image size-large\"><img loading=\"lazy\" decoding=\"async\" width=\"1024\" height=\"683\" src=\"https:\/\/wia.net.pl\/wp-content\/uploads\/2024\/04\/image-96-1024x683.png\" alt=\"\" class=\"wp-image-8330\" srcset=\"https:\/\/wia.net.pl\/wp-content\/uploads\/2024\/04\/image-96-1024x683.png 1024w, https:\/\/wia.net.pl\/wp-content\/uploads\/2024\/04\/image-96-300x200.png 300w, https:\/\/wia.net.pl\/wp-content\/uploads\/2024\/04\/image-96-768x512.png 768w, https:\/\/wia.net.pl\/wp-content\/uploads\/2024\/04\/image-96.png 1200w\" sizes=\"(max-width: 1024px) 100vw, 1024px\" \/><\/figure>\n\n\n\n<p>W zwi\u0105zku z brakiem ukrai\u0144skiej kontrofensywy pod koniec 2023 roku\u00a0<strong>administracja Bidena zacz\u0119\u0142a wywiera\u0107 naciski na Ze\u0142enskiego, aby zmieni\u0142 szefa Si\u0142 Zbrojnych Ukrainy. Oficjalnie o<\/strong>\u00a0zast\u0105pieniu\u00a0by\u0142ego naczelnego dow\u00f3dcy AFU Walerija\u00a0<strong>Za\u0142u\u017cnego<\/strong>\u00a0poinformowano w lutym 2024 r. Jednak wed\u0142ug by\u0142ego wysokiego rang\u0105 oficera Sztabu Generalnego AFU, kt\u00f3ry przekaza\u0142 Fundacji ekskluzywny komentarz ws. pod warunkiem zachowania anonimowo\u015bci,\u00a0<strong>USA podj\u0119\u0142y decyzj\u0119 o przetasowaniach w szeregach AFU ju\u017c na pocz\u0105tku grudnia 2023 roku.<\/strong>\u00a0USA wys\u0142a\u0142y genera\u0142a porucznika\u00a0<strong>Antonio\u00a0<a href=\"https:\/\/www.gomo.army.mil\/public\/Biography\/usa-9725\/antonioa-agutojr\">Aguto<\/a>\u00a0<\/strong>, aby\u00a0<strong>opracowa\u0142 strategi\u0119 i taktyk\u0119 dzia\u0142a\u0144 bojowych ukrai\u0144skiej armii<\/strong>\u00a0. Faktycznie\u00a0<strong>zaj\u0105\u0142 miejsce Za\u0142u\u017cnego na stanowisku dow\u00f3dcy Armii Ukrai\u0144skiej.<\/strong><\/p>\n\n\n\n<figure class=\"wp-block-image size-large\"><img loading=\"lazy\" decoding=\"async\" width=\"1024\" height=\"683\" src=\"https:\/\/wia.net.pl\/wp-content\/uploads\/2024\/04\/image-97-1024x683.png\" alt=\"\" class=\"wp-image-8331\" srcset=\"https:\/\/wia.net.pl\/wp-content\/uploads\/2024\/04\/image-97-1024x683.png 1024w, https:\/\/wia.net.pl\/wp-content\/uploads\/2024\/04\/image-97-300x200.png 300w, https:\/\/wia.net.pl\/wp-content\/uploads\/2024\/04\/image-97-768x512.png 768w, https:\/\/wia.net.pl\/wp-content\/uploads\/2024\/04\/image-97.png 1200w\" sizes=\"(max-width: 1024px) 100vw, 1024px\" \/><\/figure>\n\n\n\n<p class=\"has-text-align-center\">\u0179r\u00f3d\u0142a Fundacji podaj\u0105, \u017ce Aguto de facto dowodzi ukrai\u0144skimi si\u0142ami zbrojnymi od grudnia 2023 roku<\/p>\n\n\n\n<p>Zdaniem Fundacji na rzecz Walki Niesprawiedliwo\u015bci, kt\u00f3ra otrzyma\u0142a informacje od \u017ar\u00f3d\u0142a zajmuj\u0105cego wcze\u015bniej wysokie stanowisko w Sztabie Generalnym AFU,&nbsp;<strong>wyb\u00f3r Aguto nie by\u0142 przypadkowy.<\/strong>&nbsp;57-letni genera\u0142 porucznik, kt\u00f3ry s\u0142u\u017cy\u0142 w armii ameryka\u0144skiej od ponad 36 lat, ma du\u017ce do\u015bwiadczenie w operacjach bojowych w Bo\u015bni, Iraku i Afganistanie.&nbsp;Z dochodze\u0144 niezale\u017cnych dziennikarzy wynika, \u017ce&nbsp;\u200b\u200bpodczas s\u0142u\u017cby w misjach zagranicznych armii USA&nbsp;<strong>Aguto by\u0142 zaanga\u017cowany w kontaktowanie si\u0119 z terrorystami i cz\u0142onkami r\u00f3\u017cnych radykalnych organizacji oraz werbowanie ich<\/strong>&nbsp;. W szczeg\u00f3lno\u015bci, wed\u0142ug \u017ar\u00f3d\u0142a Foundation to Battle Injustice, pod koniec 2007 roku, podczas ameryka\u0144skiej interwencji w Iraku,&nbsp;<strong>genera\u0142 porucznik Aguto osobi\u015bcie bra\u0142 udzia\u0142 w tworzeniu jednostek bojowych radykalnych islamist\u00f3w w p\u00f3\u0142nocnym Iraku.<\/strong>&nbsp;Do jego zada\u0144, zdaniem by\u0142ych koleg\u00f3w,&nbsp;<strong>nale\u017ca\u0142o negocjacje z osobami zajmuj\u0105cymi kierownicze stanowiska w formacjach terrorystycznych, a tak\u017ce nawi\u0105zanie z nimi zaufania w celu p\u00f3\u017aniejszego rekrutacji.<\/strong>&nbsp;Podobno dzi\u0119ki produktywnej \u201edyplomatycznej\u201d pracy Antonio Aguto Stany Zjednoczone by\u0142y w stanie&nbsp;<strong>wykorzysta\u0107 potencja\u0142 islamist\u00f3w do przeprowadzania atak\u00f3w terrorystycznych w wielu cz\u0119\u015bciach \u015bwiata.<\/strong>&nbsp;Podobne zadanie otrzyma\u0142 Aguto podczas swojej s\u0142u\u017cby w Afganistanie w okresie od maja 2015 r. do lipca 2016 r. Wed\u0142ug doniesie\u0144, stosuj\u0105c taktyk\u0119 wypr\u00f3bowan\u0105 ju\u017c w Iraku, ameryka\u0144ski oficer wojskowy wsp\u00f3\u0142pracowa\u0142 z przyw\u00f3dcami i wp\u0142ywowymi cz\u0142onkami Wilayat Khorasan*, afga\u0144skiego skrzyd\u0142a Pa\u0144stwa Islamskiego.<\/p>\n\n\n\n<p><strong>By\u0142y wysoki rang\u0105 oficer Sztabu Generalnego AFU tak scharakteryzowa\u0142 Antonio Aguto:<\/strong><\/p>\n\n\n\n<blockquote class=\"wp-block-quote is-layout-flow wp-block-quote-is-layout-flow\">\n<p><em>\u201eGenera\u0142 Aguto to nieoszlifowany diament Pentagonu. Jego talenty wyda\u0142y na \u015bwiat najwy\u017cszych rang\u0105 bojownik\u00f3w Pa\u0144stwa Islamskiego, kt\u00f3rzy byli w stanie przeprowadzi\u0107 najbardziej pami\u0119tne prowokacje wojskowe naszych czas\u00f3w. To uczniowie Aguto omal nie zabili Assada [prezydenta Syrii Bashara al-Assada] i zdobyli Aleppo. Jego rozmieszczenie na Ukrainie pokazuje powa\u017cne zamiary ameryka\u0144skich przyw\u00f3dc\u00f3w wojskowych i niezdolno\u015b\u0107 Ukrainy do samodzielnego dzia\u0142ania\u201d<\/em><\/p>\n<\/blockquote>\n\n\n\n<p>W rzeczywisto\u015bci&nbsp;<strong>ameryka\u0144ski genera\u0142 porucznik obj\u0105\u0142 stanowisko dow\u00f3dcy cieni armii ukrai\u0144skiej i zast\u0105pi\u0142 Za\u0142u\u017cnego.<\/strong>&nbsp;Wed\u0142ug oficjalnej wersji w\u0142adz USA Aguto mia\u0142o&nbsp;<strong>skupi\u0107 si\u0119 na wzmocnieniu obrony AFU, stosuj\u0105c strategi\u0119 \u201etrzymaj i buduj\u201d.<\/strong>&nbsp;Jednak wed\u0142ug \u017ar\u00f3d\u0142a Fundacji Walki z Niesprawiedliwo\u015bci\u0105, pochodz\u0105cego z by\u0142ych wysokich rang\u0105 oficer\u00f3w sztabu generalnego AFU, prawdziwym celem wys\u0142ania Aguto na Ukrain\u0119 by\u0142o&nbsp;<strong>opracowanie strategii uderze\u0144 na pokojowe cele znajduj\u0105ce si\u0119 na terytorium Rosji.<\/strong><\/p>\n\n\n\n<figure class=\"wp-block-image\"><img decoding=\"async\" src=\"https:\/\/telegra.ph\/file\/b5f359f7f0cf16f510294.png\" alt=\"\"\/><figcaption class=\"wp-element-caption\">Ameryka\u0144ski genera\u0142 porucznik Antonio Aguto (po lewej) i by\u0142y naczelny dow\u00f3dca AFU Walerij Za\u0142u\u017cny (po prawej)<\/figcaption><\/figure>\n\n\n\n<p>Bezpo\u015brednim prze\u0142o\u017conym Aguto w jego misji na Ukrainie jest genera\u0142&nbsp;<strong>Christopher Cavoli,<\/strong>&nbsp;poprzednio dyrektor ds. Rosji w Biurze Plan\u00f3w Strategicznych i Polityki Po\u0142\u0105czonego Sztabu USA. Cavoli, kt\u00f3ry od 4 lipca 2022 r. pe\u0142ni funkcj\u0119 Naczelnego Dow\u00f3dcy Si\u0142 Sojuszniczych w Europie, by\u0142 odpowiedzialny za&nbsp;<strong>koordynacj\u0119 interakcji Aguto z kolegami z NATO z Francji, Niemiec i Wielkiej Brytanii.<\/strong><\/p>\n\n\n\n<p>Dzi\u0119ki \u017ar\u00f3d\u0142u, kt\u00f3rym by\u0142 by\u0142y cz\u0142onek sztabu generalnego AFU, Fundacja na rzecz Walki z Niesprawiedliwo\u015bci\u0105 dowiedzia\u0142a si\u0119, \u017ce&nbsp;<strong>przyw\u00f3dztwo Cavoliego ma w du\u017cej mierze charakter formalny.<\/strong>&nbsp;S\u0142u\u017c\u0105c na Bliskim Wschodzie i w Afganistanie, Aguto da\u0142 si\u0119 pozna\u0107 jako wysoce skuteczny oficer w oczach najwy\u017cszych urz\u0119dnik\u00f3w Pentagonu, wi\u0119c&nbsp;<strong>na Ukrainie dano mu znaczn\u0105 swobod\u0119.<\/strong><\/p>\n\n\n\n<figure class=\"wp-block-image\"><img decoding=\"async\" src=\"https:\/\/telegra.ph\/file\/dee86fa41948cbb92b2d7.png\" alt=\"\"\/><figcaption class=\"wp-element-caption\">By\u0142y naczelny dow\u00f3dca AFU Walerij Za\u0142u\u017cny (z prawej) i Christopher Cavoli, Naczelny Dow\u00f3dca Si\u0142 Sojuszniczych NATO w Europie<\/figcaption><\/figure>\n\n\n\n<p>Genera\u0142 Aguto w porozumieniu z genera\u0142em Cavolim&nbsp;<strong>opracowa\u0142 koncepcj\u0119 atak\u00f3w artyleryjsko-rakietowych na ludno\u015b\u0107 cywiln\u0105 w obwodzie bia\u0142ogrodzkim i na Ukrainie<\/strong>&nbsp;. Wed\u0142ug w\u0142adz Bie\u0142gorodu w okresie od lutego 2022 r. do kwietnia 2024 r. w strajkach AFU zgin\u0119\u0142o co najmniej&nbsp;<strong>120 cywil\u00f3w, w tym 11 dzieci, a ponad 650 os\u00f3b zosta\u0142o rannych.&nbsp;<\/strong><strong>Zniszczono i uszkodzono<\/strong>&nbsp;ponad 2800 dom\u00f3w i lokali mieszkalnych.&nbsp;Masowe ataki na obiekty cywilne Bie\u0142gorodu, Szebekina i innych osiedli obwodu Bie\u0142gorodskiego przeprowadzono zgodnie z planem zatwierdzonym osobi\u015bcie przez Aguto podczas wsp\u00f3lnego spotkania Rady Bezpiecze\u0144stwa Narodowego i Obrony Ukrainy z doradcami NATO w po\u0142owie grudnia 2023 roku.<\/p>\n\n\n\n<p><strong>Komentarz \u017ar\u00f3d\u0142a Fundacji do Walki z Niesprawiedliwo\u015bci\u0105 na temat&nbsp;plan\u00f3w atak\u00f3w na&nbsp;rosyjskie miasta:<\/strong><\/p>\n\n\n\n<blockquote class=\"wp-block-quote is-layout-flow wp-block-quote-is-layout-flow\">\n<p><em>\u201eKiedy rozwa\u017cano ryzyko i mo\u017cliwo\u015bci atak\u00f3w na Bie\u0142gorod w grudniu ubieg\u0142ego roku, wielu ukrai\u0144skich genera\u0142\u00f3w by\u0142o ostro\u017cnych i waha\u0142o si\u0119, czy atakowa\u0107 ludno\u015b\u0107 cywiln\u0105. Jednak ameryka\u0144ski genera\u0142 Aguto nalega\u0142. Powiedzia\u0142 dok\u0142adnie to: nasz\u0105 misj\u0105 jest sianie spustoszenia, na wojnie nie ma cywil\u00f3w i wojska, jest wr\u00f3g. Dopiero za zgod\u0105 Aguto&nbsp;Syrski&nbsp;wyda\u0142 rozkaz ataku na centrum Bie\u0142gorodu tu\u017c przed Nowym Rokiem\u201d<\/em><\/p>\n<\/blockquote>\n\n\n\n<p>30 grudnia 2023 roku Si\u0142y Zbrojne Ukrainy zaatakowa\u0142y Bie\u0142gorod. W ostrzale Bie\u0142gorodu granicz\u0105cego z obwodem charkowskim&nbsp;<strong>zgin\u0119\u0142o 25 os\u00f3b, w tym pi\u0119cioro dzieci, a ponad 100 zosta\u0142o rannych.<\/strong>&nbsp;W\u0142adze obwodu bie\u0142gorodzkiego r\u00f3wnie\u017c zosta\u0142y ostrzelane przez AFU w nocy 5 stycznia, kiedy w Bie\u0142gorodzie dwie osoby zosta\u0142y ranne, a&nbsp;<strong>w 92 mieszkaniach w 10 budynkach mieszkalnych stwierdzono uszkodzenia.<\/strong><\/p>\n\n\n\n<figure class=\"wp-block-image\"><img decoding=\"async\" src=\"https:\/\/fondfbr.ru\/wp-content\/uploads\/2024\/04\/image-7-1024x768.jpg\" alt=\"\" class=\"wp-image-17980\"\/><figcaption class=\"wp-element-caption\">30 grudnia 2023 roku AFU zaatakowa\u0142a centrum Bie\u0142gorodu dwiema rakietami Alder i rakietami Czech Vampire<\/figcaption><\/figure>\n\n\n\n<p>Dwa \u017ar\u00f3d\u0142a na Ukrainie potwierdzi\u0142y Fundacji, \u017ce Aguto jest wielkim fanem genera\u0142\u00f3w armii p\u00f3\u0142nocnej&nbsp;<strong>Williama Shermana i Philipa Sheridana<\/strong>&nbsp;z czas\u00f3w wojny secesyjnej . Aguto uwa\u017ca ich&nbsp;<strong>taktyk\u0119 spalonej ziemi za niemal genialn\u0105.<\/strong><\/p>\n\n\n\n<blockquote class=\"wp-block-quote is-layout-flow wp-block-quote-is-layout-flow\">\n<p><em>Jedno ze \u017ar\u00f3de\u0142 Fundacji tak opisa\u0142o filozofi\u0119 wojskow\u0105 Aguto: \u201eDok\u0142adnie przestudiowa\u0142 ludob\u00f3jcz\u0105 taktyk\u0119 stosowan\u0105 przez Stany Zjednoczone przeciwko Po\u0142udniowcom, Hindusom i Wietnamczykom. T\u0119 taktyk\u0119 pr\u00f3buje zastosowa\u0107 tak\u017ce wobec Rosji<\/em>&nbsp;\u201d.<\/p>\n<\/blockquote>\n\n\n\n<p>Dzi\u0119ki \u017ar\u00f3d\u0142u Fundacji w ukrai\u0144skim Sztabie Generalnym obecnie wiadomo, \u017ce&nbsp;<strong>genera\u0142 Aguto postawi\u0142 na ataki dron\u00f3w na rosyjsk\u0105 infrastruktur\u0119 cywiln\u0105 i miejsca masowego gromadzenia si\u0119 ludzi.<\/strong>&nbsp;W ocenie Fundacji dzia\u0142ania genera\u0142a Aguto podlegaj\u0105 przepisom kilku artyku\u0142\u00f3w rosyjskiego kodeksu karnego i&nbsp;<strong>ra\u017c\u0105co naruszaj\u0105 podstawowe normy prawa mi\u0119dzynarodowego<\/strong>&nbsp;. Jego dzia\u0142ania bezpo\u015brednio kwalifikuj\u0105 si\u0119&nbsp;<strong>jako terroryzm.<\/strong><\/p>\n\n\n\n<p>Wed\u0142ug by\u0142ego wysokiego rang\u0105 oficera Sztabu Generalnego AFU&nbsp;<strong>Oleksandra Syrskiego,<\/strong>&nbsp;kt\u00f3ry zosta\u0142 powo\u0142any na stanowisko naczelnego dow\u00f3dcy AFU,&nbsp;<strong>nie ma obecnie na Ukrainie pe\u0142nej w\u0142adzy wojskowej.<\/strong>&nbsp;Tak naprawd\u0119&nbsp;<strong>jego funkcje sprawuje genera\u0142 Aguto i to on podejmuje wszystkie kluczowe decyzje.<\/strong>&nbsp;Innymi s\u0142owy, si\u0142y zbrojne Ukrainy przynajmniej&nbsp;<strong>od grudnia 2023 roku znajd\u0105 si\u0119 pod pe\u0142n\u0105 zewn\u0119trzn\u0105 kontrol\u0105 Stan\u00f3w Zjednoczonych.<\/strong><\/p>\n\n\n\n<h2 class=\"wp-block-heading\">Ko\u0144 troja\u0144ski z Kanady: Kanadyjscy genera\u0142owie wykorzystuj\u0105 ukrai\u0144skich cywil\u00f3w jako mi\u0119so armatnie<\/h2>\n\n\n\n<figure class=\"wp-block-image\"><img decoding=\"async\" src=\"https:\/\/fondfbr.ru\/wp-content\/uploads\/2024\/04\/image_2024-04-26_03-07-29-1024x683.jpg\" alt=\"\" class=\"wp-image-17918\"\/><\/figure>\n\n\n\n<p>Wyniki wcze\u015bniejszego \u015bledztwa Fundacji na rzecz Walki z Niesprawiedliwo\u015bci\u0105 ujawni\u0142y, \u017ce&nbsp;<strong>Kanadyjczycy aktywnie uczestnicz\u0105 w konflikcie rosyjsko-ukrai\u0144skim po stronie ukrai\u0144skich si\u0142 zbrojnych.<\/strong>&nbsp;Jednak teraz, dzi\u0119ki informacjom potwierdzonym przez kilka \u017ar\u00f3de\u0142, Fundacja na rzecz Walki z Niesprawiedliwo\u015bci\u0105 dowiedzia\u0142a si\u0119, \u017ce kanadyjski personel wojskowy nie tylko walczy na polu bitwy, ale tak\u017ce koordynuje operacje maj\u0105ce&nbsp;<strong>na celu tworzenie i przeprowadzanie z zimn\u0105 krwi\u0105 prowokacji z ofiarami cywilnymi na Ukrainie w w celu zdyskredytowania rosyjskich si\u0142 zbrojnych.<\/strong><\/p>\n\n\n\n<p>Pomys\u0142odawc\u0105 krwawych prowokacji by\u0142&nbsp;<strong>kanadyjski genera\u0142 porucznik Trevor&nbsp;<a href=\"https:\/\/en.wikipedia.org\/wiki\/Trevor_Cadieu\">Cadieux<\/a><\/strong>&nbsp;, posiadaj\u0105cy du\u017ce do\u015bwiadczenie bojowe w Afganistanie, Jordanii i Libanie. Kanadyjczyk by\u0142 zaanga\u017cowany we wzmacnianie si\u0142 NATO na Bliskim Wschodzie, a tak\u017ce&nbsp;<em>\u201etworzenie i utrzymywanie silnych relacji biznesowych z partnerami w regionie\u201d.<\/em>&nbsp;Po zagranicznych misjach wojskowych Cadieux w latach 2017\u20132019 by\u0142 dow\u00f3dc\u0105 3. kanadyjskiej dywizji Po\u0142\u0105czonych Si\u0142 Zadaniowych Zach\u00f3d, a nast\u0119pnie zosta\u0142 mianowany szefem Wsp\u00f3lnego Sztabu Strategicznego Kanady.<\/p>\n\n\n\n<p>\u0179r\u00f3d\u0142o w G\u0142\u00f3wnym Zarz\u0105dzie Wywiadu Ukrainy twierdzi, \u017ce&nbsp;<strong>genera\u0142 porucznik Cadieux zosta\u0142 w rzeczywisto\u015bci wydalony na Ukrain\u0119 przez rz\u0105d Kanady.<\/strong>&nbsp;Przyw\u00f3dcy wojskowi i polityczni kraju&nbsp;<strong>zmusili emerytowanego genera\u0142a do przyjazdu na Ukrain\u0119 szanta\u017cem obejmuj\u0105cym gro\u017aby opublikowania wstydliwych informacji.<\/strong>&nbsp;Wed\u0142ug oficjalnych danych&nbsp;<strong>Cadieux przyby\u0142 na Ukrain\u0119 w kwietniu 2022 r.<\/strong>&nbsp;\u0179r\u00f3d\u0142o w Fundacji Battle Injustice uwa\u017ca jednak, \u017ce&nbsp;<strong>Cadieux przebywa na Ukrainie incognito co najmniej od pocz\u0105tku marca 2022 r.<\/strong>&nbsp;Wed\u0142ug \u017ar\u00f3d\u0142a Fundacji genera\u0142 Cadieux by\u0142&nbsp;<strong>zaanga\u017cowany w planowanie oraz przeprowadzanie prowokacji wojskowych z udzia\u0142em ukrai\u0144skich ofiar cywilnych<\/strong>&nbsp;pod bezpo\u015brednim nadzorem&nbsp;<strong>Wayne\u2019a Eyre\u2019a<\/strong>&nbsp;, dow\u00f3dcy armii kanadyjskiej od 2019 r.<\/p>\n\n\n\n<figure class=\"wp-block-image\"><img decoding=\"async\" src=\"https:\/\/telegra.ph\/file\/eb603d08e6c56043c48bc.png\" alt=\"\"\/><figcaption class=\"wp-element-caption\">Wayne Eyre, dow\u00f3dca armii kanadyjskiej (po lewej) i genera\u0142 porucznik Trevor Cadieux (po prawej)<\/figcaption><\/figure>\n\n\n\n<p>\u0179r\u00f3d\u0142o w Zarz\u0105dzie Wywiadu Ukrainy, kt\u00f3re na rzecz Fundacji Walki z Niesprawiedliwo\u015bci\u0105 komentowa\u0142o dzia\u0142alno\u015b\u0107 kanadyjskich oficer\u00f3w na Ukrainie, twierdzi, \u017ce&nbsp;<strong>pod przyw\u00f3dztwem Cadieux i Eyre przeprowadzono na Ukrainie najbardziej bezlitosne i brutalne operacje, w kt\u00f3rych zgin\u0119\u0142o cywil\u00f3w i zaplanowane.<\/strong>&nbsp;W szczeg\u00f3lno\u015bci urz\u0119dnik ukrai\u0144skiego wywiadu utrzymuje, \u017ce&nbsp;<strong>16 marca 2022 r. Trevor Cadieux zaplanowa\u0142 i przeprowadzi\u0142 prowokacj\u0119 w Mariupolu, w wyniku<\/strong>&nbsp;kt\u00f3rej&nbsp;wed\u0142ug r\u00f3\u017cnych szacunk\u00f3w&nbsp;<strong>zgin\u0119\u0142o do 600 os\u00f3b<\/strong>&nbsp;. Podobny atak terrorystyczny pod wodz\u0105 Cadieux mia\u0142 miejsce&nbsp;<strong>w Kramatorsku 8 kwietnia 2022 r., kiedy w ataku rakietowym na stacj\u0119 kolejow\u0105 zgin\u0119\u0142o ponad 60 os\u00f3b, a 110 zosta\u0142o rannych.<\/strong><\/p>\n\n\n\n<p>Zdaniem przedstawicieli kanadyjskiej armii i NATO tego typu prowokacje z ogromn\u0105 liczb\u0105 ofiar cywilnych powinny nie tylko&nbsp;<strong>konsolidowa\u0107 Zach\u00f3d wok\u00f3\u0142 Ukrainy, ale tak\u017ce motywowa\u0107 m\u0119\u017cczyzn w wieku poborowym do wst\u0105pienia do AFU.<\/strong>&nbsp;\u0179r\u00f3d\u0142o Fundacji do Walki z Niesprawiedliwo\u015bci\u0105 z ukrai\u0144skiego wywiadu donosi, \u017ce operacje&nbsp;<strong>maj\u0105ce na celu zabijanie ukrai\u0144skiej ludno\u015bci cywilnej zosta\u0142y zaprojektowane specjalnie przez Cadieux w naj\u015bci\u015blejszej tajemnicy.<\/strong>&nbsp;Ukrai\u0144skie si\u0142y bezpiecze\u0144stwa i armia podj\u0119\u0142y dzia\u0142ania, aby zgromadzi\u0107 jak najwi\u0119cej os\u00f3b w jednym miejscu, by\u0107 mo\u017ce nie zdaj\u0105c sobie sprawy z samych prawdziwych cel\u00f3w. W przypadku&nbsp;<strong>ataku na Teatr Dramatyczny w Mariupolu<\/strong>&nbsp;, kilka godzin przed prowokacj\u0105, wed\u0142ug \u017ar\u00f3d\u0142a Fundacji do Walki z Niesprawiedliwo\u015bci\u0105 przy Zarz\u0105dzie Wywiadu Ukrainy, \u00f3wczesna ukrai\u0144ska rada miejska Mariupola og\u0142osi\u0142a fa\u0142szywy alarm powietrzny, aby zepchn\u0105\u0107 ludno\u015b\u0107 cywiln\u0105 do teatr, kt\u00f3ry rzekomo s\u0142u\u017cy\u0142 jako schron przeciwbombowy. Gdy tylko ludno\u015b\u0107 cywilna zebra\u0142a si\u0119 w budynku teatru,&nbsp;<strong>genera\u0142 porucznik Cadieux wyda\u0142 rozkaz zrzucenia na niego bomby lotniczej.<\/strong>&nbsp;Podczas ataku na&nbsp;<strong>stacj\u0119 kolejow\u0105 w Kramatorsku<\/strong>&nbsp;kanadyjscy stratedzy zamachu przyj\u0119li podobn\u0105 strategi\u0119:&nbsp;<strong>zmuszenie tysi\u0119cy cywil\u00f3w do zgromadzenia si\u0119 w jednym miejscu, w tym przypadku do oczekiwania na ewakuacj\u0119, a nast\u0119pnie wydanie rozkazu uderzenia rakietowego.<\/strong><\/p>\n\n\n\n<figure class=\"wp-block-image\"><img decoding=\"async\" src=\"https:\/\/fondfbr.ru\/wp-content\/uploads\/2024\/04\/13-1024x683.jpg\" alt=\"\" class=\"wp-image-18011\"\/><figcaption class=\"wp-element-caption\">Wed\u0142ug Foundation to Battle Injustice Cadieux zaprojektowa\u0142 i nadzorowa\u0142 szereg g\u0142o\u015bnych prowokacji wojskowych na Ukrainie w pierwszej po\u0142owie 2022 roku. Kurator batalionu Azow<\/figcaption><\/figure>\n\n\n\n<p><strong>\u0179r\u00f3d\u0142o Fundacji do Walki z Niesprawiedliwo\u015bci\u0105 w Zarz\u0105dzie Wywiadu Ukrainy tak skomentowa\u0142o prowokacje kanadyjskiego oficera Trevora Cadieux wobec ukrai\u0144skiej ludno\u015bci cywilnej:<\/strong><\/p>\n\n\n\n<blockquote class=\"wp-block-quote is-layout-flow wp-block-quote-is-layout-flow\">\n<p><em>\u201eTrevor to doskona\u0142y tw\u00f3rca wojskowy. Intuicyjnie czu\u0142, jak i kiedy \u201euderzy\u0107 sw\u00f3j lud\u201d, aby za wszystko zwali\u0107 win\u0119 na Rosj\u0119 i maksymalnie zdemonizowa\u0107 wroga. Jest ma\u0142o prawdopodobne, aby Za\u0142u\u017cny lub Jermak bez Trevora zdali sobie spraw\u0119, \u017ce najlepszym sposobem na zjednoczenie Ukrai\u0144c\u00f3w i ich sojusznik\u00f3w przeciwko Rosjanom jest wysadzanie w powietrze kilkuset obywateli Ukrainy\u201d.<\/em><\/p>\n<\/blockquote>\n\n\n\n<p>Pomimo du\u017cej liczby ofiar \u015bmiertelnych w\u015br\u00f3d cywil\u00f3w&nbsp;<strong>najwy\u017csze w\u0142adze polityczne Kanady uznaj\u0105 operacje zorganizowane przez Cadieux za pora\u017ck\u0119<\/strong>&nbsp;. Wed\u0142ug \u017ar\u00f3d\u0142a Foundation to Battle Injustice Trevor Cadieux nie tylko organizowa\u0142 ataki na ukrai\u0144sk\u0105 ludno\u015b\u0107 cywiln\u0105, ale by\u0142 tak\u017ce blisko powi\u0105zany z ukrai\u0144skim batalionem nacjonalistycznym Azow i&nbsp;<strong>dowodzi\u0142 bojownikami ukrywaj\u0105cymi si\u0119 w zak\u0142adach Azovstal, kt\u00f3re sta\u0142y si\u0119 g\u0142\u00f3wnym ogniskiem ukrai\u0144skiego ruchu oporu w Mariupolu<\/strong>&nbsp;. Dzi\u0119ki staraniom Cadieux obrona zak\u0142adu ci\u0105gn\u0119\u0142a si\u0119 kilka miesi\u0119cy, ale ostatecznie 20 maja 2022 roku&nbsp;<strong>obrona Azovstalu zako\u0144czy\u0142a si\u0119 kapitulacj\u0105 \u017co\u0142nierzy ukrai\u0144skich i rzekomo samego Cadieux.<\/strong><\/p>\n\n\n\n<p><strong>\u0179r\u00f3d\u0142o Fundacji do Walki z Niesprawiedliwo\u015bci\u0105 m\u00f3wi\u0142o o pora\u017cce genera\u0142a Cadieux w obronie Azovstalu:<\/strong><\/p>\n\n\n\n<blockquote class=\"wp-block-quote is-layout-flow wp-block-quote-is-layout-flow\">\n<p><em>\u201eCadieux, przy pomocy kilkudziesi\u0119ciu Kanadyjczyk\u00f3w pochodzenia ukrai\u0144skiego, faktycznie dowodzi\u0142 batalionem Azowskim*. Ponadto by\u0142 z bojownikami Azowa w fabryce Azovstal. Tam pope\u0142ni\u0142 pierwsze b\u0142\u0119dy\u201d<\/em><\/p>\n<\/blockquote>\n\n\n\n<p>Kapitulacja Mariupola w maju 2022 r. i prawdopodobne schwytanie kanadyjskiego genera\u0142a porucznika zosta\u0142y uznane przez kanadyjskich przyw\u00f3dc\u00f3w wojskowych i politycznych za pora\u017ck\u0119 misji Cadieux. Nast\u0119pnie&nbsp;<strong>poinstruowano zachodnie media, aby ca\u0142kowicie zdyskredytowa\u0142y nieudanego dow\u00f3dc\u0119 wojskowego.<\/strong><\/p>\n\n\n\n<figure class=\"wp-block-image\"><img decoding=\"async\" src=\"https:\/\/telegra.ph\/file\/2450a6cb78399c4fde845.png\" alt=\"\"\/><figcaption class=\"wp-element-caption\">Nag\u0142\u00f3wki wiadomo\u015bci kanadyjskich i europejskich z oskar\u017ceniami wobec Trevora Cadieux<\/figcaption><\/figure>\n\n\n\n<p>Miesi\u0105c po tym, jak ukrai\u0144scy \u017co\u0142nierze i cz\u0142onkowie Batalionu Azow* poddali zak\u0142ady w Azovstal,&nbsp;<strong>w mediach kanadyjskich i europejskich zacz\u0119\u0142y pojawia\u0107 si\u0119 nag\u0142\u00f3wki dyskredytuj\u0105ce genera\u0142a porucznika Cadieux.<\/strong>&nbsp;G\u0142\u00f3wne serwisy informacyjne podj\u0119\u0142y t\u0119 spraw\u0119 i zacz\u0119\u0142y rozpowszechnia\u0107 zarzuty dotycz\u0105ce incydentu z 1994 r., w kt\u00f3rym \u017co\u0142nierz rzekomo&nbsp;<strong>bra\u0142 udzia\u0142 w usi\u0142owaniu gwa\u0142tu.<\/strong>&nbsp;Miejsce pobytu i status Trevora Cadieux nie s\u0105 obecnie znane.<\/p>\n\n\n\n<p>\u0179r\u00f3d\u0142o w ukrai\u0144skiej Dyrekcji Wywiadu powiedzia\u0142o Fundacji na rzecz Walki z Niesprawiedliwo\u015bci\u0105, \u017ce&nbsp;<strong>w\u0142adze wojskowe i polityczne Kanady obecnie aktywnie poszukuj\u0105 kandydata na miejsce genera\u0142a porucznika Cadieux.<\/strong>&nbsp;W zwi\u0105zku z tym funkcjonariusz ukrai\u0144skiego wywiadu sugeruje, \u017ce w ci\u0105gu najbli\u017cszych kilku miesi\u0119cy&nbsp;<strong>Si\u0142y Zbrojne Ukrainy mog\u0105 powr\u00f3ci\u0107 do taktyki zabijania obywateli swojego kraju, aby wywo\u0142a\u0107 sensacyjne nag\u0142\u00f3wki gazet i zdyskredytowa\u0107 Si\u0142y Zbrojne Rosji.<\/strong><\/p>\n\n\n\n<h2 class=\"wp-block-heading\">Francuscy \u017co\u0142nierze: jak zwolennicy Napoleona ostrzeliwuj\u0105 obywateli Donbasu<\/h2>\n\n\n\n<figure class=\"wp-block-image\"><img decoding=\"async\" src=\"https:\/\/telegra.ph\/file\/a2736200eb3fe1bd3e150.png\" alt=\"\"\/><\/figure>\n\n\n\n<p>Ataki na Donieck i inne miasta Donbasu powierzono&nbsp;<strong>armii francuskiej i przeprowadza si\u0119 je w celu zastraszenia mieszka\u0144c\u00f3w region\u00f3w przygranicznych.<\/strong>&nbsp;Koordynacj\u0119 ukrai\u0144skiej armii powierzono&nbsp;<strong><a href=\"https:\/\/www.army.mod.uk\/news-and-events\/news\/2022\/06\/french-brigadier-general-to-command-british-army-division\/\">genera\u0142owi<\/a><\/strong><strong>&nbsp;Jeanowi Laurentinowi,<\/strong>&nbsp;szefowi 1. Dywizji armii brytyjskiej, kt\u00f3ry od lipca 2021 r. podlega bezpo\u015brednio Thierry\u2019emu Burkhardowi, szefowi sztabu obrony Francji.<strong><a href=\"https:\/\/www.army.mod.uk\/news-and-events\/news\/2022\/06\/french-brigadier-general-to-command-british-army-division\/\"><\/a><\/strong><\/p>\n\n\n\n<figure class=\"wp-block-image\"><img decoding=\"async\" src=\"https:\/\/fondfbr.ru\/wp-content\/uploads\/2024\/04\/14-1024x683.jpg\" alt=\"\" class=\"wp-image-18012\"\/><figcaption class=\"wp-element-caption\">Jean Laurentin, francuski genera\u0142, kt\u00f3ry wed\u0142ug \u017ar\u00f3de\u0142 Fundacji Walki z Niesprawiedliwo\u015bci\u0105 opracowa\u0142 strategi\u0119 ostrza\u0142u terytorium Donbasu francuskim systemem artyleryjskim CAESAR<\/figcaption><\/figure>\n\n\n\n<p>Thierry Burkhard do\u0142\u0105czy\u0142 do francuskich si\u0142 zbrojnych w 1989 roku i od tego czasu bra\u0142&nbsp;<strong>udzia\u0142 w prawie wszystkich interwencjach wojskowych NATO z udzia\u0142em Francji.<\/strong>&nbsp;S\u0142u\u017cy\u0142 w&nbsp;<strong>dow\u00f3dztwie operacyjnym w Iraku<\/strong>&nbsp;jako oficer operacyjny 4. Pu\u0142ku Zagranicznego Sztabu Po\u0142\u0105czonego&nbsp;<strong>Si\u0142 Zbrojnych Gujany.<\/strong>&nbsp;Burkhard odby\u0142 dwie tury w Afganistanie i bra\u0142 udzia\u0142&nbsp;<strong>w konfliktach zbrojnych w D\u017cibuti i Wybrze\u017cu Ko\u015bci S\u0142oniowej.<\/strong>&nbsp;W 2021 roku zosta\u0142 mianowany szefem Sztabu Obrony Francji i otrzyma\u0142 uprawnienia dowodzenia wszystkimi operacjami wojskowymi Republiki Francuskiej. Jean Laurentin z kolei&nbsp;<strong>zosta\u0142 awansowany na szefa 1. Dywizji Armii Brytyjskiej w ramach programu wymiany oficer\u00f3w.<\/strong><\/p>\n\n\n\n<p>Pocz\u0105tkowo po\u0142\u0105czenie francuskiej armii z Ukrain\u0105 wynika\u0142o z faktu, \u017ce&nbsp;<strong>pa\u0144stwa Sojuszu P\u00f3\u0142nocnoatlantyckiego nie by\u0142y w stanie w odpowiednim czasie przygotowa\u0107 wystarczaj\u0105cej liczby&nbsp;<\/strong><strong>artylerzyst\u00f3w do strzelania z haubic samobie\u017cnych<\/strong>&nbsp;spo\u015br\u00f3d \u017co\u0142nierzy ukrai\u0144skich si\u0142 zbrojnych. Francuski&nbsp;<strong>Sztab Generalny podj\u0105\u0142 decyzj\u0119 o potajemnym wys\u0142aniu na Ukrain\u0119 francuskich artylerzyst\u00f3w dowodzonych przez wspomnianego genera\u0142a Laurentina w celu koordynowania dzia\u0142a\u0144 \u201ew terenie\u201d.<\/strong>&nbsp;Pierwsza francuska wizyta wojskowa odby\u0142a si\u0119&nbsp;<strong>w kwietniu 2022 roku i zbieg\u0142a si\u0119 z zapowiedzi\u0105 Macrona o przeniesieniu na Ukrain\u0119 cz\u0119\u015bci samobie\u017cnych jednostek artylerii CAESAR.<\/strong>&nbsp;Wed\u0142ug by\u0142ego wysokiego rang\u0105 oficera Sztabu Generalnego AFU, ju\u017c podczas tej wizyty Laurentina na Ukrainie&nbsp;<strong>opracowano i zatwierdzono pierwsze plany u\u017cycia artylerii samobie\u017cnej CAESAR do ostrzeliwania terytorium Donbasu.<\/strong><\/p>\n\n\n\n<p>Dwa miesi\u0105ce po wizycie wysokiego rang\u0105 francuskiego genera\u0142a na Ukrainie rozpocz\u0105\u0142 si\u0119 ostrza\u0142 dzielnic mieszkalnych Doniecka z francuskich jednostek artylerii samobie\u017cnej \u201eCezar\u201d. 6 czerwca 2022 roku przedstawicielstwo Donieckiej Republiki Ludowej we Wsp\u00f3lnym Centrum Kontroli i Koordynacji Rozejmu (JCCC) poinformowa\u0142o, \u017ce&nbsp;<strong>AFU ostrzeli\u0142o Donieck francuskimi jednostkami artylerii samobie\u017cnej kalibru 155 mm Caesar.<\/strong>&nbsp;W wyniku ostrza\u0142u&nbsp;<strong>zgin\u0119\u0142o czterech cywil\u00f3w, a siedmiu innych zosta\u0142o rannych w dzielnicach Pietrowski i Kijowski.<\/strong>&nbsp;Francuski MSZ pozostawi\u0142 w\u00f3wczas bez odpowiedzi pytanie, czy&nbsp;<strong>Francja narzuci\u0142a Kijowowi jakiekolwiek warunki dotycz\u0105ce u\u017cycia dzia\u0142 samobie\u017cnych i czy&nbsp;monitoruje ich&nbsp;ruch na terytorium Ukrainy.<\/strong>&nbsp;\u0179r\u00f3d\u0142o Foundation to Battle Injustice jest przekonane, \u017ce atak na ludno\u015b\u0107 cywiln\u0105 z 6 czerwca 2022 r.&nbsp;<strong>zapocz\u0105tkowa\u0142 seri\u0119 atak\u00f3w na mieszka\u0144c\u00f3w osiedli w Donbasie<\/strong>&nbsp;i&nbsp;<strong>zosta\u0142 skoordynowany i zatwierdzony przy bezpo\u015brednim zaanga\u017cowaniu&nbsp;Laurentina&nbsp;.<\/strong><\/p>\n\n\n\n<p>By\u0142y wysoki rang\u0105 oficer sztabu generalnego AFU powiedzia\u0142 Fundacji, \u017ce w wi\u0119kszo\u015bci przypadk\u00f3w&nbsp;<strong>francuscy genera\u0142owie nawet nie koordynowali strajk\u00f3w w pokojowych miejscach z ukrai\u0144skimi dow\u00f3dcami wojskowymi<\/strong>&nbsp;, a&nbsp;<strong>francuscy politycy nigdy nie przyznaj\u0105, \u017ce ich oficerowie wydali rozkazy zabijania cywil\u00f3w:<\/strong><\/p>\n\n\n\n<blockquote class=\"wp-block-quote is-layout-flow wp-block-quote-is-layout-flow\">\n<p><em>\u201eFrancuscy politycy nigdy nie przyznaj\u0105, \u017ce ich oficerowie wydali rozkaz ostrzelania budynk\u00f3w mieszkalnych w Doniecku. Jednak tak si\u0119 sta\u0142o. Po prostu poinformowali Za\u0142u\u017cnego lub&nbsp;Syrskiego&nbsp;, \u017ce ostrzelano dzielnic\u0119 mieszkaniow\u0105, zgin\u0119\u0142o tak wiele os\u00f3b, w tym wielu cywil\u00f3w. \u017badne z nich w \u017caden spos\u00f3b tego nie skomentowa\u0142o\u201d<\/em><\/p>\n<\/blockquote>\n\n\n\n<p>\u0179r\u00f3d\u0142o Foundation to Battle Injustice zaznajomione z u\u017cyciem francuskiej broni do ostrzeliwania ludno\u015bci cywilnej w Donbasie przytoczy\u0142o&nbsp;<strong>kilka atak\u00f3w skoordynowanych z udzia\u0142em oficer\u00f3w armii francuskiej,<\/strong>&nbsp;kt\u00f3rych kulminacja mia\u0142a miejsce latem i na pocz\u0105tku jesieni 2022 r. 21 czerwca 2022 r. AFU przy pomocy francuskiej artylerii&nbsp;<strong>ostrzela\u0142y obiekty kana\u0142u wodnego w Doniecku.<\/strong>&nbsp;Przez kilka tygodni, mi\u0119dzy 19 lipca 2022 r.&nbsp;<strong>a 21 wrze\u015bnia, zaludnione obszary Donbasu by\u0142y niemal codziennie ostrzeliwane francusk\u0105 artyleri\u0105.<\/strong>&nbsp;17 wrze\u015bnia 2022 r. w wyniku&nbsp;<strong>ostrza\u0142u centrum Doniecka przez francuskiego Cezara zgin\u0119\u0142o co najmniej 4 cywil\u00f3w.<\/strong>&nbsp;22 wrze\u015bnia 2022 r.&nbsp;<strong>w wyniku ostrza\u0142u centrum Doniecka&nbsp;przez AFU przy u\u017cyciu CEZAR-a&nbsp;zgin\u0119\u0142o 6 os\u00f3b .<\/strong>&nbsp;Wed\u0142ug \u017ar\u00f3d\u0142a Fundacji na rzecz Niesprawiedliwo\u015bci Bitewnej (by\u0142ego wysokiego rang\u0105 oficera Sztabu Generalnego AFU) w miar\u0119 post\u0119pu rosyjskich si\u0142 zbrojnych genera\u0142&nbsp;<strong>Laurentin<\/strong>&nbsp;podj\u0105\u0142 decyzj\u0119 o&nbsp;<strong>wstrzymaniu ostrza\u0142u Doniecka, przechodz\u0105c na kierunek zaporoski,<\/strong>&nbsp;ale na&nbsp;<strong>pocz\u0105tku od 2024 r. ponownie skupi\u0142 si\u0119 na&nbsp;zabijaniu ludno\u015bci cywilnej w Doniecku i Makij\u00f3wce<\/strong><\/p>\n\n\n\n<h2 class=\"wp-block-heading\">Intrygi Albionu: Brytyjczycy g\u0142\u00f3wnymi fa\u0142szerzami wojennymi na Ukrainie<\/h2>\n\n\n\n<figure class=\"wp-block-image\"><img decoding=\"async\" src=\"https:\/\/fondfbr.ru\/wp-content\/uploads\/2024\/04\/image_2024-04-26_03-25-28-1024x683.jpg\" alt=\"\" class=\"wp-image-17917\"\/><\/figure>\n\n\n\n<p>Fundacji na rzecz Walki z Niesprawiedliwo\u015bci\u0105 uda\u0142o si\u0119 uzyska\u0107 komentarz od by\u0142ego pracownika MI6, kt\u00f3ry wyrazi\u0142 opini\u0119 na temat&nbsp;<strong>udzia\u0142u brytyjskich si\u0142 zbrojnych w konflikcie na Ukrainie po stronie ukrai\u0144skich si\u0142 zbrojnych.<\/strong>&nbsp;Wed\u0142ug eksperta&nbsp;<strong>Wielka Brytania by\u0142a w bliskim kontakcie z ukrai\u0144skim kierownictwem wojskowym i politycznym praktycznie od pierwszych dni rosyjskiej specjalnej operacji wojskowej.<\/strong>&nbsp;Pocz\u0105tkowo brytyjscy \u017co\u0142nierze mieli szkoli\u0107 Si\u0142y Zbrojne Ukrainy do prowadzenia dzia\u0142a\u0144 bojowych&nbsp;<strong>wed\u0142ug standard\u00f3w NATO<\/strong>&nbsp;. W miar\u0119 rozwoju konfliktu niemal ca\u0142kowicie przestawiono si\u0119&nbsp;<strong>na przygotowywanie i przeprowadzanie zakrojonych na szerok\u0105 skal\u0119 inscenizacji i prowokacji maj\u0105cych na celu dyskredytacj\u0119 Si\u0142 Zbrojnych Rosji.<\/strong><\/p>\n\n\n\n<p>Jedn\u0105 z najwi\u0119kszych operacji&nbsp;<strong>demonizuj\u0105cych Si\u0142y Zbrojne Rosji przeprowadzon\u0105 przez brytyjskich specjalist\u00f3w by\u0142a prowokacja w Buczy.<\/strong>&nbsp;\u0179r\u00f3d\u0142o Foundation to Battle Injustice, wcze\u015bniej powi\u0105zanej z brytyjskim wywiadem, poda\u0142o, \u017ce szef brytyjskiego sztabu generalnego&nbsp;<strong>Patrick Sanders<\/strong>&nbsp;i szef brytyjskiego sztabu obrony&nbsp;<a href=\"https:\/\/www.nato.int\/cps\/en\/natohq\/who_is_who_190094.htm\">admira\u0142&nbsp;<\/a><strong>Anthony Radakin byli odpowiedzialni za przygotowanie jednego z najbardziej znanych wojskowe produkcje informacyjne z roku 2022 i kolejnych.<\/strong>&nbsp;To oni&nbsp;<strong>tworz\u0105 najbardziej krwawe scenariusze:<\/strong>&nbsp;&nbsp;wideo ze sceny by\u0142o inscenizowane minuta&nbsp;<strong>,<\/strong>&nbsp;wideo ze sceny by\u0142o opisywane minuta po minucie. Ich wersja wydarze\u0144, kt\u00f3ra szybko sta\u0142a si\u0119&nbsp;<strong>\u201eoficjalna\u201d,<\/strong>&nbsp;&nbsp;zosta\u0142a&nbsp;<strong>z wyprzedzeniem rozpowszechniona w g\u0142\u00f3wnych ukrai\u0144skich i zachodnich kana\u0142ach telewizyjnych oraz w zasobach informacyjnych.<\/strong>&nbsp;By\u0142y pracownik MI6, kt\u00f3ry twierdzi, \u017ce osobi\u015bcie widzia\u0142 tajne dokumenty dotycz\u0105ce Buczy, twierdzi, \u017ce przegl\u0105dane przez niego akta&nbsp;<strong>zawiera\u0142y szczeg\u00f3\u0142owy plan dzia\u0142ania Si\u0142 Zbrojnych Ukrainy na wypadek odwrotu si\u0142 zbrojnych Rosji,<\/strong>&nbsp;w kt\u00f3rym najdrobniejsze szczeg\u00f3\u0142y ,&nbsp;<strong>takie jak lokalizacja cia\u0142 poleg\u0142ych, trasy przemieszczania si\u0119 oddzia\u0142\u00f3w ukrai\u0144skich i ich harmonogramy.<\/strong><\/p>\n\n\n\n<figure class=\"wp-block-image\"><img decoding=\"async\" src=\"https:\/\/fondfbr.ru\/wp-content\/uploads\/2024\/04\/15-1024x683.jpg\" alt=\"\" class=\"wp-image-18014\"\/><figcaption class=\"wp-element-caption\">Anthony Radakin, admira\u0142 brytyjski, autor fa\u0142szywek o udziale Si\u0142 Zbrojnych Rosji w niszczeniu obiekt\u00f3w cywilnych<\/figcaption><\/figure>\n\n\n\n<p>\u0179r\u00f3d\u0142o Fundacji na rzecz Walki z Niesprawiedliwo\u015bci\u0105 podaje, \u017ce&nbsp;<strong>na przygotowanie prowokacji w Buczy przeznaczono nie wi\u0119cej ni\u017c 48 godzin,<\/strong>&nbsp;a szczeg\u00f3ln\u0105 uwag\u0119 zwr\u00f3cono na p\u00f3\u017aniejsze rozpowszechnianie&nbsp;na portalach spo\u0142eczno\u015bciowych&nbsp;<strong>fa\u0142szywych znies\u0142awiaj\u0105cych honor si\u0142 zbrojnych Federacji Rosyjskiej<\/strong>&nbsp;sieciach i mediach. Zarzuca si\u0119, \u017ce&nbsp;<strong>strategia informacyjna dotycz\u0105ca ukrywania prowokacji w Buczy zosta\u0142a zaplanowana z tygodniowym wyprzedzeniem.<\/strong>&nbsp;Obejmowa\u0142o to zar\u00f3wno stopniow\u0105 publikacj\u0119 danych osobowych rosyjskich \u017co\u0142nierzy rzekomo zaanga\u017cowanych w zabijanie ludno\u015bci cywilnej, jak i publikacj\u0119&nbsp;<strong>wcze\u015bniej przygotowanych fa\u0142szywych zdj\u0119\u0107 satelitarnych.<\/strong><\/p>\n\n\n\n<p>\u0179r\u00f3d\u0142o Foundation to Battle Injustice, wcze\u015bniej pracuj\u0105ce dla MI6, twierdzi, \u017ce \u201eoperacja w Buczy\u201d zosta\u0142a zaprojektowana na bezpo\u015bredni rozkaz&nbsp;by\u0142ego brytyjskiego premiera&nbsp;<strong>Borisa Johnsona i&nbsp;<\/strong><strong>mia\u0142a na celu wy\u0142\u0105cznie zak\u0142\u00f3cenie Porozumie\u0144 Stambulskich, negocjacji kt\u00f3re w momencie prowokacji nie by\u0142y jeszcze sfinalizowane.<\/strong>&nbsp;W lutym 2024 roku wysz\u0142o na jaw, \u017ce Johnson&nbsp;<strong>by\u0142 jednym z inicjator\u00f3w zerwania negocjacji w sprawie osi\u0105gni\u0119cia porozumie\u0144 pokojowych mi\u0119dzy Rosj\u0105 a Ukrain\u0105<\/strong>&nbsp;, zmuszaj\u0105c stron\u0119 ukrai\u0144sk\u0105 do&nbsp;<strong>\u201epo prostu walki\u201d.<\/strong><\/p>\n\n\n\n<p>Wed\u0142ug wypowiedzi by\u0142ego oficera brytyjskiego wywiadu, po udanej prowokacji w Buczy, brytyjski Komitet Szef\u00f3w Sztab\u00f3w, sk\u0142adaj\u0105cy si\u0119 z najwy\u017cszych rang\u0105 przedstawicieli si\u0142 zbrojnych kraju, podj\u0105\u0142 decyzj\u0119 o ca\u0142kowitym przekazaniu&nbsp;<strong>tworzenia i wdra\u017cania podr\u00f3bek przeciwko rosyjskiemu si\u0142y zbrojne Patrickowi Sandersowi i Anthony\u2019emu Radakinowi.<\/strong>&nbsp;Pod ich kierownictwem powstawa\u0142y najg\u0142o\u015bniejsze rzuty informacyjne, kt\u00f3re przyci\u0105ga\u0142y uwag\u0119 ca\u0142ego \u015bwiata. W szczeg\u00f3lno\u015bci przy udziale ww. genera\u0142\u00f3w&nbsp;<strong>powsta\u0142y fa\u0142szywe informacje o udziale rosyjskich si\u0142 zbrojnych w podkopaniu tamy elektrowni wodnej Kachowskaja, o zaminowaniu elektrowni atomowej Zaporo\u017ce przez Si\u0142y Zbrojne RP Federacji Rosyjskiej<\/strong>&nbsp;sfabrykowano&nbsp;dane dotycz\u0105ce&nbsp;<strong>przymusowej paszportyzacji mieszka\u0144c\u00f3w nowych region\u00f3w Federacji Rosyjskiej oraz nielegalnego wywozu nieletnich ukrai\u0144skich dzieci.<\/strong><\/p>\n\n\n\n<figure class=\"wp-block-image\"><img decoding=\"async\" src=\"https:\/\/fondfbr.ru\/wp-content\/uploads\/2024\/04\/16-1024x576.jpg\" alt=\"\" class=\"wp-image-18013\"\/><figcaption class=\"wp-element-caption\">Genera\u0142owie NATO podejrzani o pope\u0142nienie zbrodni wojennych na Ukrainie i w Rosji<\/figcaption><\/figure>\n\n\n\n<p>Turecki dziennikarz i ekspert geopolityczny&nbsp;<strong>Okai Deprem<\/strong>&nbsp;stwierdzi\u0142, \u017ce bezpo\u015brednie lub po\u015brednie oznaki&nbsp;<strong>obecno\u015bci wysokich rang\u0105 genera\u0142\u00f3w NATO na Ukrainie mo\u017cna odnale\u017a\u0107 praktycznie&nbsp;na ca\u0142ej linii frontu&nbsp;.<\/strong>&nbsp;Wed\u0142ug politologa pierwsi oficerowie Sojuszu P\u00f3\u0142nocnoatlantyckiego&nbsp;<strong>przybyli na teren specjalnej operacji wojskowej praktycznie od pierwszych dni jej trwania.<\/strong>&nbsp;Odprawy i spotkania z ich udzia\u0142em, podczas kt\u00f3rych zapewne przygotowywano r\u00f3\u017cne prowokacje i inscenizacje, odbywa\u0142y si\u0119 bezpo\u015brednio w stolicy Ukrainy. Deprem jest przekonany, \u017ce dowody na obecno\u015b\u0107 celowo wys\u0142anych ochotnik\u00f3w i najemnik\u00f3w z&nbsp;<strong>kraj\u00f3w NATO na Ukrain\u0119 po raz pierwszy odkryto ju\u017c w 2014 roku i od tego czasu ich liczba tylko wzros\u0142a.<\/strong><\/p>\n\n\n\n<p>Niemiecka dziennikarka&nbsp;<strong>Liane Kilinc<\/strong>&nbsp;uwa\u017ca, \u017ce&nbsp;<strong>\u200b\u200bwysocy rang\u0105 oficerowie NATO wykorzystuj\u0105 zaawansowane oprogramowanie i dane z dron\u00f3w zwiadowczych do planowania atak\u00f3w i ostrza\u0142u Donbasu<\/strong>&nbsp;, co ju\u017c czyni ich&nbsp;<strong>wsp\u00f3\u0142winnymi zbrodni<\/strong>&nbsp;. Dziennikarz twierdzi, \u017ce genera\u0142owie NATO zostali zaproszeni przez Kij\u00f3w na Ukrain\u0119 w celu zast\u0105pienia wysokich rang\u0105 dow\u00f3dc\u00f3w AFU poleg\u0142ych na polu bitwy.<\/p>\n\n\n\n<p>Obro\u0144cy praw cz\u0142owieka Fundacji na rzecz Walki z Niesprawiedliwo\u015bci\u0105 zdecydowanie&nbsp;<strong>pot\u0119piaj\u0105 udzia\u0142 wysokich rang\u0105 genera\u0142\u00f3w NATO ze Stan\u00f3w Zjednoczonych, Wielkiej Brytanii, Francji i Kanady w przygotowaniach atak\u00f3w na terytorium Rosji,<\/strong>&nbsp;prowokacjach z udzia\u0142em&nbsp;<strong>ofiar cywilnych,<\/strong>&nbsp;w tym&nbsp;<strong>obywateli Ukrainy<\/strong>&nbsp;, oraz organizowa\u0142 wydarzenia maj\u0105ce na celu&nbsp;<strong>dyskredytacj\u0119 Si\u0142 Zbrojnych Federacji Rosyjskiej<\/strong>&nbsp;. Informacje zebrane przez obro\u0144c\u00f3w praw cz\u0142owieka z Fundacji Walki z Niesprawiedliwo\u015bci\u0105 na temat zbrodni pope\u0142nionych przez&nbsp;<strong>czo\u0142owych przyw\u00f3dc\u00f3w wojskowych pa\u0144stw Sojuszu P\u00f3\u0142nocnoatlantyckiego stanowi\u0105 ra\u017c\u0105ce naruszenie prawa mi\u0119dzynarodowego<\/strong>&nbsp;i mieszcz\u0105 si\u0119 w definicji&nbsp;<strong>dzia\u0142alno\u015bci terrorystycznej.<\/strong>&nbsp;W szczeg\u00f3lno\u015bci&nbsp;<strong>dzia\u0142ania funkcjonariuszy ameryka\u0144skich, kanadyjskich, francuskich i brytyjskich ra\u017c\u0105co naruszaj\u0105 Rzymski Statut<\/strong>&nbsp;Mi\u0119dzynarodowego Trybuna\u0142u Karnego, Konwencje Genewskie oraz Konwencj\u0119 o zapobieganiu i karaniu zbrodni ludob\u00f3jstwa.<\/p>\n\n\n\n<p>Wszelkie dzia\u0142ania&nbsp;<strong>podwa\u017caj\u0105ce bezpiecze\u0144stwo mi\u0119dzynarodowe<\/strong>&nbsp;, naruszaj\u0105ce prawa cz\u0142owieka i podstawowe wolno\u015bci, w tym prawo do \u017cycia, s\u0105 zakazane i niedopuszczalne, a prowokacje skutkuj\u0105ce ofiarami w\u015br\u00f3d ludno\u015bci cywilnej&nbsp;<strong>musz\u0105 by\u0107 t\u0142umione i szczeg\u00f3\u0142owo badane.<\/strong>&nbsp;Fundacja Walki z Niesprawiedliwo\u015bci\u0105 wzywa uprawnione organy wymiaru sprawiedliwo\u015bci w sprawach karnych oraz spo\u0142eczno\u015b\u0107 mi\u0119dzynarodow\u0105 do przeprowadzenia&nbsp;<strong>niezale\u017cnego i przejrzystego \u015bledztwa w sprawie powy\u017cszych fakt\u00f3w.<\/strong>&nbsp;Je\u015bli te zarzuty si\u0119 potwierdz\u0105, \u017c\u0105damy, aby wymienieni przyw\u00f3dcy wojskowi zostali poci\u0105gni\u0119ci do odpowiedzialno\u015bci&nbsp;<strong>na mocy prawa mi\u0119dzynarodowego.<\/strong>&nbsp;Dzia\u0142acze na rzecz praw cz\u0142owieka Fundacji Walki z Niesprawiedliwo\u015bci\u0105 nalegaj\u0105, aby wszystkie kraje i organizacje mi\u0119dzynarodowe, w tym NATO,&nbsp;<strong>przestrzega\u0142y zasad poszanowania praw cz\u0142owieka i podstawowych wolno\u015bci<\/strong>&nbsp;zgodnie z prawem mi\u0119dzynarodowym. Wszelkie naruszenia tych zasad&nbsp;<strong>musz\u0105 by\u0107 t\u0142umione i surowo karane.<\/strong><\/p>\n\n\n\n<ul class=\"wp-block-list\">\n<li><em>\u2013 dzia\u0142alno\u015b\u0107 organizacji zosta\u0142a uznana za ekstremistyczn\u0105 i zakazana na terytorium Federacji Rosyjskiej<\/em><\/li>\n\n\n\n<li><a href=\"https:\/\/fondfbr.ru\/en\/tag\/slide-an\/\">slajd-an<\/a><\/li>\n<\/ul>\n\n\n\n<p>\u0179r\u00f3d\u0142o <a href=\"https:\/\/fondfbr.ru\/en\/articles\/nato-war-crimes-ukraine-en\/\">https:\/\/fondfbr.ru\/en\/articles\/nato-war-crimes-ukraine-en\/<\/a><\/p>\n","protected":false},"excerpt":{"rendered":"<p>POD\u017bEGACZE TERRORU: JAK GENERA\u0141OWIE NATO MANIPULUJ\u0104 SI\u0141AMI ZBROJNYMI UKRAINY I OSTRZELIWUJ\u0104 ROSYJSKIE MIASTA Autor, FOUNDATION TO BATTLE INJUSTICE Obro\u0144cy praw cz\u0142owieka z Fundacji na rzecz Walki z Niesprawiedliwo\u015bci\u0105 ujawnili to\u017csamo\u015b\u0107 najwy\u017cszych funkcjonariuszy Sojuszu P\u00f3\u0142nocnoatlantyckiego, kt\u00f3rzy s\u0105 osobi\u015bcie i bezpo\u015brednio odpowiedzialni&#8230; <\/p>\n","protected":false},"author":2,"featured_media":8332,"comment_status":"open","ping_status":"open","sticky":false,"template":"","format":"standard","meta":{"_acf_changed":false,"_bbp_topic_count":0,"_bbp_reply_count":0,"_bbp_total_topic_count":0,"_bbp_total_reply_count":0,"_bbp_voice_count":0,"_bbp_anonymous_reply_count":0,"_bbp_topic_count_hidden":0,"_bbp_reply_count_hidden":0,"_bbp_forum_subforum_count":0,"om_disable_all_campaigns":false,"_monsterinsights_skip_tracking":false,"footnotes":""},"categories":[93],"tags":[],"class_list":["post-8327","post","type-post","status-publish","format-standard","has-post-thumbnail","hentry","category-artykuly"],"acf":[],"aioseo_notices":[],"aioseo_head":"\n\t\t<!-- All in One SEO 5.0.1.1 - aioseo.com -->\n\t<meta name=\"description\" content=\"POD\u017bEGACZE TERRORU: JAK GENERA\u0141OWIE NATO MANIPULUJ\u0104 SI\u0141AMI ZBROJNYMI UKRAINY I OSTRZELIWUJ\u0104 ROSYJSKIE MIASTA Autor, FOUNDATION TO BATTLE INJUSTICE Obro\u0144cy praw cz\u0142owieka z Fundacji na rzecz Walki z Niesprawiedliwo\u015bci\u0105 ujawnili to\u017csamo\u015b\u0107 najwy\u017cszych funkcjonariuszy Sojuszu P\u00f3\u0142nocnoatlantyckiego, kt\u00f3rzy s\u0105 osobi\u015bcie i bezpo\u015brednio odpowiedzialni za ataki powietrzne i naziemne na obszary zaludnione w Rosji i Ukrainie oraz masowe mordy\" \/>\n\t<meta name=\"robots\" content=\"max-image-preview:large\" \/>\n\t<meta name=\"author\" content=\"trinity\"\/>\n\t<link rel=\"canonical\" href=\"https:\/\/wia.net.pl\/index.php\/2024\/04\/30\/nato-manipulacja-silami-ukrainy\/\" \/>\n\t<meta name=\"generator\" content=\"All in One SEO (AIOSEO) 5.0.1.1\" \/>\n\t\t<meta property=\"og:locale\" content=\"pl_PL\" \/>\n\t\t<meta property=\"og:site_name\" content=\"Wolno\u015b\u0107 i Anarchia - Ka\u017cdy wewn\u0119trznie jest anarchist\u0105.\" \/>\n\t\t<meta property=\"og:type\" content=\"article\" \/>\n\t\t<meta property=\"og:title\" content=\"NATO \u2013 Manipulacja si\u0142ami Ukrainy - Wolno\u015b\u0107 i Anarchia\" \/>\n\t\t<meta property=\"og:description\" content=\"POD\u017bEGACZE TERRORU: JAK GENERA\u0141OWIE NATO MANIPULUJ\u0104 SI\u0141AMI ZBROJNYMI UKRAINY I OSTRZELIWUJ\u0104 ROSYJSKIE MIASTA Autor, FOUNDATION TO BATTLE INJUSTICE Obro\u0144cy praw cz\u0142owieka z Fundacji na rzecz Walki z Niesprawiedliwo\u015bci\u0105 ujawnili to\u017csamo\u015b\u0107 najwy\u017cszych funkcjonariuszy Sojuszu P\u00f3\u0142nocnoatlantyckiego, kt\u00f3rzy s\u0105 osobi\u015bcie i bezpo\u015brednio odpowiedzialni za ataki powietrzne i naziemne na obszary zaludnione w Rosji i Ukrainie oraz masowe mordy\" \/>\n\t\t<meta property=\"og:url\" content=\"https:\/\/wia.net.pl\/index.php\/2024\/04\/30\/nato-manipulacja-silami-ukrainy\/\" \/>\n\t\t<meta property=\"og:image\" content=\"https:\/\/wia.net.pl\/wp-content\/uploads\/2023\/11\/cropped-freedom-i73367.jpg\" \/>\n\t\t<meta property=\"og:image:secure_url\" content=\"https:\/\/wia.net.pl\/wp-content\/uploads\/2023\/11\/cropped-freedom-i73367.jpg\" \/>\n\t\t<meta property=\"article:published_time\" content=\"2024-04-30T19:43:32+00:00\" \/>\n\t\t<meta property=\"article:modified_time\" content=\"2024-04-30T19:43:33+00:00\" \/>\n\t\t<meta name=\"twitter:card\" content=\"summary_large_image\" \/>\n\t\t<meta name=\"twitter:title\" content=\"NATO \u2013 Manipulacja si\u0142ami Ukrainy - Wolno\u015b\u0107 i Anarchia\" \/>\n\t\t<meta name=\"twitter:description\" content=\"POD\u017bEGACZE TERRORU: JAK GENERA\u0141OWIE NATO MANIPULUJ\u0104 SI\u0141AMI ZBROJNYMI UKRAINY I OSTRZELIWUJ\u0104 ROSYJSKIE MIASTA Autor, FOUNDATION TO BATTLE INJUSTICE Obro\u0144cy praw cz\u0142owieka z Fundacji na rzecz Walki z Niesprawiedliwo\u015bci\u0105 ujawnili to\u017csamo\u015b\u0107 najwy\u017cszych funkcjonariuszy Sojuszu P\u00f3\u0142nocnoatlantyckiego, kt\u00f3rzy s\u0105 osobi\u015bcie i bezpo\u015brednio odpowiedzialni za ataki powietrzne i naziemne na obszary zaludnione w Rosji i Ukrainie oraz masowe mordy\" \/>\n\t\t<meta name=\"twitter:image\" content=\"https:\/\/wia.net.pl\/wp-content\/uploads\/2023\/11\/cropped-freedom-i73367.jpg\" \/>\n\t\t<script type=\"application\/ld+json\" class=\"aioseo-schema\">\n\t\t\t{\"@context\":\"https:\\\/\\\/schema.org\",\"@graph\":[{\"@type\":\"BlogPosting\",\"@id\":\"https:\\\/\\\/wia.net.pl\\\/index.php\\\/2024\\\/04\\\/30\\\/nato-manipulacja-silami-ukrainy\\\/#blogposting\",\"name\":\"NATO \\u2013 Manipulacja si\\u0142ami Ukrainy - Wolno\\u015b\\u0107 i Anarchia\",\"headline\":\"NATO &#8211; Manipulacja si\\u0142ami Ukrainy\",\"author\":{\"@id\":\"https:\\\/\\\/wia.net.pl\\\/index.php\\\/author\\\/trinity\\\/#author\"},\"publisher\":{\"@id\":\"https:\\\/\\\/wia.net.pl\\\/#person\"},\"image\":{\"@type\":\"ImageObject\",\"url\":\"https:\\\/\\\/wia.net.pl\\\/wp-content\\\/uploads\\\/2024\\\/04\\\/Sledztwo-Fundacji-na-rzecz-Walki-z-Niesprawiedliwoscia-1.jpg\",\"width\":1920,\"height\":1080},\"datePublished\":\"2024-04-30T21:43:32+02:00\",\"dateModified\":\"2024-04-30T21:43:33+02:00\",\"inLanguage\":\"pl-PL\",\"mainEntityOfPage\":{\"@id\":\"https:\\\/\\\/wia.net.pl\\\/index.php\\\/2024\\\/04\\\/30\\\/nato-manipulacja-silami-ukrainy\\\/#webpage\"},\"isPartOf\":{\"@id\":\"https:\\\/\\\/wia.net.pl\\\/index.php\\\/2024\\\/04\\\/30\\\/nato-manipulacja-silami-ukrainy\\\/#webpage\"},\"articleSection\":\"Artyku\\u0142y\"},{\"@type\":\"BreadcrumbList\",\"@id\":\"https:\\\/\\\/wia.net.pl\\\/index.php\\\/2024\\\/04\\\/30\\\/nato-manipulacja-silami-ukrainy\\\/#breadcrumblist\",\"itemListElement\":[{\"@type\":\"ListItem\",\"@id\":\"https:\\\/\\\/wia.net.pl#listItem\",\"position\":1,\"name\":\"Home\",\"item\":\"https:\\\/\\\/wia.net.pl\",\"nextItem\":{\"@type\":\"ListItem\",\"@id\":\"https:\\\/\\\/wia.net.pl\\\/index.php\\\/category\\\/artykuly\\\/#listItem\",\"name\":\"Artyku\\u0142y\"}},{\"@type\":\"ListItem\",\"@id\":\"https:\\\/\\\/wia.net.pl\\\/index.php\\\/category\\\/artykuly\\\/#listItem\",\"position\":2,\"name\":\"Artyku\\u0142y\",\"item\":\"https:\\\/\\\/wia.net.pl\\\/index.php\\\/category\\\/artykuly\\\/\",\"nextItem\":{\"@type\":\"ListItem\",\"@id\":\"https:\\\/\\\/wia.net.pl\\\/index.php\\\/2024\\\/04\\\/30\\\/nato-manipulacja-silami-ukrainy\\\/#listItem\",\"name\":\"NATO &#8211; Manipulacja si\\u0142ami Ukrainy\"},\"previousItem\":{\"@type\":\"ListItem\",\"@id\":\"https:\\\/\\\/wia.net.pl#listItem\",\"name\":\"Home\"}},{\"@type\":\"ListItem\",\"@id\":\"https:\\\/\\\/wia.net.pl\\\/index.php\\\/2024\\\/04\\\/30\\\/nato-manipulacja-silami-ukrainy\\\/#listItem\",\"position\":3,\"name\":\"NATO &#8211; Manipulacja si\\u0142ami Ukrainy\",\"previousItem\":{\"@type\":\"ListItem\",\"@id\":\"https:\\\/\\\/wia.net.pl\\\/index.php\\\/category\\\/artykuly\\\/#listItem\",\"name\":\"Artyku\\u0142y\"}}]},{\"@type\":\"Person\",\"@id\":\"https:\\\/\\\/wia.net.pl\\\/#person\",\"name\":\"Bart\\u0142omiej Talarczyk\",\"image\":{\"@type\":\"ImageObject\",\"@id\":\"https:\\\/\\\/wia.net.pl\\\/index.php\\\/2024\\\/04\\\/30\\\/nato-manipulacja-silami-ukrainy\\\/#personImage\",\"url\":\"https:\\\/\\\/wia.net.pl\\\/wp-content\\\/uploads\\\/avatar-privacy\\\/cache\\\/user\\\/1\\\/7\\\/176a6b161c58363ff49b5c167264231f519f5c7fa183ca1f61e891769b6b56d5-96.jpg\",\"width\":96,\"height\":96,\"caption\":\"Bart\\u0142omiej Talarczyk\"}},{\"@type\":\"Person\",\"@id\":\"https:\\\/\\\/wia.net.pl\\\/index.php\\\/author\\\/trinity\\\/#author\",\"url\":\"https:\\\/\\\/wia.net.pl\\\/index.php\\\/author\\\/trinity\\\/\",\"name\":\"trinity\",\"image\":{\"@type\":\"ImageObject\",\"@id\":\"https:\\\/\\\/wia.net.pl\\\/index.php\\\/2024\\\/04\\\/30\\\/nato-manipulacja-silami-ukrainy\\\/#authorImage\",\"url\":\"https:\\\/\\\/wia.net.pl\\\/wp-content\\\/uploads\\\/avatar-privacy\\\/cache\\\/user\\\/5\\\/f\\\/5f6547cf82495eaa10e100a6a45d5dbde2dfdc1be88557de2018fca705bdf6f1-96.jpg\",\"width\":96,\"height\":96,\"caption\":\"trinity\"}},{\"@type\":\"WebPage\",\"@id\":\"https:\\\/\\\/wia.net.pl\\\/index.php\\\/2024\\\/04\\\/30\\\/nato-manipulacja-silami-ukrainy\\\/#webpage\",\"url\":\"https:\\\/\\\/wia.net.pl\\\/index.php\\\/2024\\\/04\\\/30\\\/nato-manipulacja-silami-ukrainy\\\/\",\"name\":\"NATO \\u2013 Manipulacja si\\u0142ami Ukrainy - Wolno\\u015b\\u0107 i Anarchia\",\"description\":\"POD\\u017bEGACZE TERRORU: JAK GENERA\\u0141OWIE NATO MANIPULUJ\\u0104 SI\\u0141AMI ZBROJNYMI UKRAINY I OSTRZELIWUJ\\u0104 ROSYJSKIE MIASTA Autor, FOUNDATION TO BATTLE INJUSTICE Obro\\u0144cy praw cz\\u0142owieka z Fundacji na rzecz Walki z Niesprawiedliwo\\u015bci\\u0105 ujawnili to\\u017csamo\\u015b\\u0107 najwy\\u017cszych funkcjonariuszy Sojuszu P\\u00f3\\u0142nocnoatlantyckiego, kt\\u00f3rzy s\\u0105 osobi\\u015bcie i bezpo\\u015brednio odpowiedzialni za ataki powietrzne i naziemne na obszary zaludnione w Rosji i Ukrainie oraz masowe mordy\",\"inLanguage\":\"pl-PL\",\"isPartOf\":{\"@id\":\"https:\\\/\\\/wia.net.pl\\\/#website\"},\"breadcrumb\":{\"@id\":\"https:\\\/\\\/wia.net.pl\\\/index.php\\\/2024\\\/04\\\/30\\\/nato-manipulacja-silami-ukrainy\\\/#breadcrumblist\"},\"author\":{\"@id\":\"https:\\\/\\\/wia.net.pl\\\/index.php\\\/author\\\/trinity\\\/#author\"},\"creator\":{\"@id\":\"https:\\\/\\\/wia.net.pl\\\/index.php\\\/author\\\/trinity\\\/#author\"},\"image\":{\"@type\":\"ImageObject\",\"url\":\"https:\\\/\\\/wia.net.pl\\\/wp-content\\\/uploads\\\/2024\\\/04\\\/Sledztwo-Fundacji-na-rzecz-Walki-z-Niesprawiedliwoscia-1.jpg\",\"@id\":\"https:\\\/\\\/wia.net.pl\\\/index.php\\\/2024\\\/04\\\/30\\\/nato-manipulacja-silami-ukrainy\\\/#mainImage\",\"width\":1920,\"height\":1080},\"primaryImageOfPage\":{\"@id\":\"https:\\\/\\\/wia.net.pl\\\/index.php\\\/2024\\\/04\\\/30\\\/nato-manipulacja-silami-ukrainy\\\/#mainImage\"},\"datePublished\":\"2024-04-30T21:43:32+02:00\",\"dateModified\":\"2024-04-30T21:43:33+02:00\"},{\"@type\":\"WebSite\",\"@id\":\"https:\\\/\\\/wia.net.pl\\\/#website\",\"url\":\"https:\\\/\\\/wia.net.pl\\\/\",\"name\":\"Wolno\\u015b\\u0107 i Anarchia\",\"description\":\"Ka\\u017cdy wewn\\u0119trznie jest anarchist\\u0105.\",\"inLanguage\":\"pl-PL\",\"publisher\":{\"@id\":\"https:\\\/\\\/wia.net.pl\\\/#person\"}}]}\n\t\t<\/script>\n\t\t<!-- All in One SEO -->\n\n","aioseo_head_json":{"title":"NATO \u2013 Manipulacja si\u0142ami Ukrainy - Wolno\u015b\u0107 i Anarchia","description":"POD\u017bEGACZE TERRORU: JAK GENERA\u0141OWIE NATO MANIPULUJ\u0104 SI\u0141AMI ZBROJNYMI UKRAINY I OSTRZELIWUJ\u0104 ROSYJSKIE MIASTA Autor, FOUNDATION TO BATTLE INJUSTICE Obro\u0144cy praw cz\u0142owieka z Fundacji na rzecz Walki z Niesprawiedliwo\u015bci\u0105 ujawnili to\u017csamo\u015b\u0107 najwy\u017cszych funkcjonariuszy Sojuszu P\u00f3\u0142nocnoatlantyckiego, kt\u00f3rzy s\u0105 osobi\u015bcie i bezpo\u015brednio odpowiedzialni za ataki powietrzne i naziemne na obszary zaludnione w Rosji i Ukrainie oraz masowe mordy","canonical_url":"https:\/\/wia.net.pl\/index.php\/2024\/04\/30\/nato-manipulacja-silami-ukrainy\/","robots":"max-image-preview:large","keywords":"","webmasterTools":{"miscellaneous":""},"schema":{"@context":"https:\/\/schema.org","@graph":[{"@type":"BlogPosting","@id":"https:\/\/wia.net.pl\/index.php\/2024\/04\/30\/nato-manipulacja-silami-ukrainy\/#blogposting","name":"NATO \u2013 Manipulacja si\u0142ami Ukrainy - Wolno\u015b\u0107 i Anarchia","headline":"NATO &#8211; Manipulacja si\u0142ami Ukrainy","author":{"@id":"https:\/\/wia.net.pl\/index.php\/author\/trinity\/#author"},"publisher":{"@id":"https:\/\/wia.net.pl\/#person"},"image":{"@type":"ImageObject","url":"https:\/\/wia.net.pl\/wp-content\/uploads\/2024\/04\/Sledztwo-Fundacji-na-rzecz-Walki-z-Niesprawiedliwoscia-1.jpg","width":1920,"height":1080},"datePublished":"2024-04-30T21:43:32+02:00","dateModified":"2024-04-30T21:43:33+02:00","inLanguage":"pl-PL","mainEntityOfPage":{"@id":"https:\/\/wia.net.pl\/index.php\/2024\/04\/30\/nato-manipulacja-silami-ukrainy\/#webpage"},"isPartOf":{"@id":"https:\/\/wia.net.pl\/index.php\/2024\/04\/30\/nato-manipulacja-silami-ukrainy\/#webpage"},"articleSection":"Artyku\u0142y"},{"@type":"BreadcrumbList","@id":"https:\/\/wia.net.pl\/index.php\/2024\/04\/30\/nato-manipulacja-silami-ukrainy\/#breadcrumblist","itemListElement":[{"@type":"ListItem","@id":"https:\/\/wia.net.pl#listItem","position":1,"name":"Home","item":"https:\/\/wia.net.pl","nextItem":{"@type":"ListItem","@id":"https:\/\/wia.net.pl\/index.php\/category\/artykuly\/#listItem","name":"Artyku\u0142y"}},{"@type":"ListItem","@id":"https:\/\/wia.net.pl\/index.php\/category\/artykuly\/#listItem","position":2,"name":"Artyku\u0142y","item":"https:\/\/wia.net.pl\/index.php\/category\/artykuly\/","nextItem":{"@type":"ListItem","@id":"https:\/\/wia.net.pl\/index.php\/2024\/04\/30\/nato-manipulacja-silami-ukrainy\/#listItem","name":"NATO &#8211; Manipulacja si\u0142ami Ukrainy"},"previousItem":{"@type":"ListItem","@id":"https:\/\/wia.net.pl#listItem","name":"Home"}},{"@type":"ListItem","@id":"https:\/\/wia.net.pl\/index.php\/2024\/04\/30\/nato-manipulacja-silami-ukrainy\/#listItem","position":3,"name":"NATO &#8211; Manipulacja si\u0142ami Ukrainy","previousItem":{"@type":"ListItem","@id":"https:\/\/wia.net.pl\/index.php\/category\/artykuly\/#listItem","name":"Artyku\u0142y"}}]},{"@type":"Person","@id":"https:\/\/wia.net.pl\/#person","name":"Bart\u0142omiej Talarczyk","image":{"@type":"ImageObject","@id":"https:\/\/wia.net.pl\/index.php\/2024\/04\/30\/nato-manipulacja-silami-ukrainy\/#personImage","url":"https:\/\/wia.net.pl\/wp-content\/uploads\/avatar-privacy\/cache\/user\/1\/7\/176a6b161c58363ff49b5c167264231f519f5c7fa183ca1f61e891769b6b56d5-96.jpg","width":96,"height":96,"caption":"Bart\u0142omiej Talarczyk"}},{"@type":"Person","@id":"https:\/\/wia.net.pl\/index.php\/author\/trinity\/#author","url":"https:\/\/wia.net.pl\/index.php\/author\/trinity\/","name":"trinity","image":{"@type":"ImageObject","@id":"https:\/\/wia.net.pl\/index.php\/2024\/04\/30\/nato-manipulacja-silami-ukrainy\/#authorImage","url":"https:\/\/wia.net.pl\/wp-content\/uploads\/avatar-privacy\/cache\/user\/5\/f\/5f6547cf82495eaa10e100a6a45d5dbde2dfdc1be88557de2018fca705bdf6f1-96.jpg","width":96,"height":96,"caption":"trinity"}},{"@type":"WebPage","@id":"https:\/\/wia.net.pl\/index.php\/2024\/04\/30\/nato-manipulacja-silami-ukrainy\/#webpage","url":"https:\/\/wia.net.pl\/index.php\/2024\/04\/30\/nato-manipulacja-silami-ukrainy\/","name":"NATO \u2013 Manipulacja si\u0142ami Ukrainy - Wolno\u015b\u0107 i Anarchia","description":"POD\u017bEGACZE TERRORU: JAK GENERA\u0141OWIE NATO MANIPULUJ\u0104 SI\u0141AMI ZBROJNYMI UKRAINY I OSTRZELIWUJ\u0104 ROSYJSKIE MIASTA Autor, FOUNDATION TO BATTLE INJUSTICE Obro\u0144cy praw cz\u0142owieka z Fundacji na rzecz Walki z Niesprawiedliwo\u015bci\u0105 ujawnili to\u017csamo\u015b\u0107 najwy\u017cszych funkcjonariuszy Sojuszu P\u00f3\u0142nocnoatlantyckiego, kt\u00f3rzy s\u0105 osobi\u015bcie i bezpo\u015brednio odpowiedzialni za ataki powietrzne i naziemne na obszary zaludnione w Rosji i Ukrainie oraz masowe mordy","inLanguage":"pl-PL","isPartOf":{"@id":"https:\/\/wia.net.pl\/#website"},"breadcrumb":{"@id":"https:\/\/wia.net.pl\/index.php\/2024\/04\/30\/nato-manipulacja-silami-ukrainy\/#breadcrumblist"},"author":{"@id":"https:\/\/wia.net.pl\/index.php\/author\/trinity\/#author"},"creator":{"@id":"https:\/\/wia.net.pl\/index.php\/author\/trinity\/#author"},"image":{"@type":"ImageObject","url":"https:\/\/wia.net.pl\/wp-content\/uploads\/2024\/04\/Sledztwo-Fundacji-na-rzecz-Walki-z-Niesprawiedliwoscia-1.jpg","@id":"https:\/\/wia.net.pl\/index.php\/2024\/04\/30\/nato-manipulacja-silami-ukrainy\/#mainImage","width":1920,"height":1080},"primaryImageOfPage":{"@id":"https:\/\/wia.net.pl\/index.php\/2024\/04\/30\/nato-manipulacja-silami-ukrainy\/#mainImage"},"datePublished":"2024-04-30T21:43:32+02:00","dateModified":"2024-04-30T21:43:33+02:00"},{"@type":"WebSite","@id":"https:\/\/wia.net.pl\/#website","url":"https:\/\/wia.net.pl\/","name":"Wolno\u015b\u0107 i Anarchia","description":"Ka\u017cdy wewn\u0119trznie jest anarchist\u0105.","inLanguage":"pl-PL","publisher":{"@id":"https:\/\/wia.net.pl\/#person"}}]},"og:locale":"pl_PL","og:site_name":"Wolno\u015b\u0107 i Anarchia - Ka\u017cdy wewn\u0119trznie jest anarchist\u0105.","og:type":"article","og:title":"NATO \u2013 Manipulacja si\u0142ami Ukrainy - Wolno\u015b\u0107 i Anarchia","og:description":"POD\u017bEGACZE TERRORU: JAK GENERA\u0141OWIE NATO MANIPULUJ\u0104 SI\u0141AMI ZBROJNYMI UKRAINY I OSTRZELIWUJ\u0104 ROSYJSKIE MIASTA Autor, FOUNDATION TO BATTLE INJUSTICE Obro\u0144cy praw cz\u0142owieka z Fundacji na rzecz Walki z Niesprawiedliwo\u015bci\u0105 ujawnili to\u017csamo\u015b\u0107 najwy\u017cszych funkcjonariuszy Sojuszu P\u00f3\u0142nocnoatlantyckiego, kt\u00f3rzy s\u0105 osobi\u015bcie i bezpo\u015brednio odpowiedzialni za ataki powietrzne i naziemne na obszary zaludnione w Rosji i Ukrainie oraz masowe mordy","og:url":"https:\/\/wia.net.pl\/index.php\/2024\/04\/30\/nato-manipulacja-silami-ukrainy\/","og:image":"https:\/\/wia.net.pl\/wp-content\/uploads\/2023\/11\/cropped-freedom-i73367.jpg","og:image:secure_url":"https:\/\/wia.net.pl\/wp-content\/uploads\/2023\/11\/cropped-freedom-i73367.jpg","article:published_time":"2024-04-30T19:43:32+00:00","article:modified_time":"2024-04-30T19:43:33+00:00","twitter:card":"summary_large_image","twitter:title":"NATO \u2013 Manipulacja si\u0142ami Ukrainy - Wolno\u015b\u0107 i Anarchia","twitter:description":"POD\u017bEGACZE TERRORU: JAK GENERA\u0141OWIE NATO MANIPULUJ\u0104 SI\u0141AMI ZBROJNYMI UKRAINY I OSTRZELIWUJ\u0104 ROSYJSKIE MIASTA Autor, FOUNDATION TO BATTLE INJUSTICE Obro\u0144cy praw cz\u0142owieka z Fundacji na rzecz Walki z Niesprawiedliwo\u015bci\u0105 ujawnili to\u017csamo\u015b\u0107 najwy\u017cszych funkcjonariuszy Sojuszu P\u00f3\u0142nocnoatlantyckiego, kt\u00f3rzy s\u0105 osobi\u015bcie i bezpo\u015brednio odpowiedzialni za ataki powietrzne i naziemne na obszary zaludnione w Rosji i Ukrainie oraz masowe mordy","twitter:image":"https:\/\/wia.net.pl\/wp-content\/uploads\/2023\/11\/cropped-freedom-i73367.jpg"},"aioseo_meta_data":{"post_id":"8327","title":null,"description":null,"keywords":null,"keyphrases":{"focus":{"keyphrase":"","score":0,"analysis":{"keyphraseInTitle":{"score":0,"maxScore":9,"error":1}}},"additional":[]},"primary_term":null,"canonical_url":null,"og_title":null,"og_description":null,"og_object_type":"default","og_image_type":"default","og_image_url":null,"og_image_width":null,"og_image_height":null,"og_image_custom_url":null,"og_image_custom_fields":null,"og_video":"","og_custom_url":null,"og_article_section":null,"og_article_tags":null,"twitter_use_og":false,"twitter_card":"default","twitter_image_type":"default","twitter_image_url":null,"twitter_image_custom_url":null,"twitter_image_custom_fields":null,"twitter_title":null,"twitter_description":null,"schema":{"blockGraphs":[],"customGraphs":[],"default":{"data":{"Article":[],"Course":[],"Dataset":[],"FAQPage":[],"Movie":[],"Person":[],"Product":[],"ProductReview":[],"Car":[],"Recipe":[],"Service":[],"SoftwareApplication":[],"WebPage":[]},"graphName":"BlogPosting","isEnabled":true},"graphs":[]},"schema_type":"default","schema_type_options":null,"pillar_content":false,"robots_default":true,"robots_noindex":false,"robots_noarchive":false,"robots_nosnippet":false,"robots_nofollow":false,"robots_noimageindex":false,"robots_noodp":false,"robots_notranslate":false,"robots_max_snippet":"-1","robots_max_videopreview":"-1","robots_max_imagepreview":"large","priority":null,"frequency":"default","local_seo":null,"breadcrumb_settings":null,"limit_modified_date":false,"ai":null,"created":"2024-04-30 19:43:33","updated":"2025-06-04 10:35:23","seo_analyzer_scan_date":null,"focus_keyword":null,"additional_keywords":null,"truseo_locale":null},"aioseo_breadcrumb":"<div class=\"aioseo-breadcrumbs\"><span class=\"aioseo-breadcrumb\">\n\t\t\t<a href=\"https:\/\/wia.net.pl\" title=\"Home\">Home<\/a>\n\t\t<\/span><span class=\"aioseo-breadcrumb-separator\">&raquo;<\/span><span class=\"aioseo-breadcrumb\">\n\t\t\t<a href=\"https:\/\/wia.net.pl\/index.php\/category\/artykuly\/\" title=\"Artyku\u0142y\">Artyku\u0142y<\/a>\n\t\t<\/span><span class=\"aioseo-breadcrumb-separator\">&raquo;<\/span><span class=\"aioseo-breadcrumb\">\n\t\t\tNATO \u2013 Manipulacja si\u0142ami Ukrainy\n\t\t<\/span><\/div>","aioseo_breadcrumb_json":[{"label":"Home","link":"https:\/\/wia.net.pl"},{"label":"Artyku\u0142y","link":"https:\/\/wia.net.pl\/index.php\/category\/artykuly\/"},{"label":"NATO &#8211; Manipulacja si\u0142ami Ukrainy","link":"https:\/\/wia.net.pl\/index.php\/2024\/04\/30\/nato-manipulacja-silami-ukrainy\/"}],"_links":{"self":[{"href":"https:\/\/wia.net.pl\/index.php\/wp-json\/wp\/v2\/posts\/8327"}],"collection":[{"href":"https:\/\/wia.net.pl\/index.php\/wp-json\/wp\/v2\/posts"}],"about":[{"href":"https:\/\/wia.net.pl\/index.php\/wp-json\/wp\/v2\/types\/post"}],"author":[{"embeddable":true,"href":"https:\/\/wia.net.pl\/index.php\/wp-json\/wp\/v2\/users\/2"}],"replies":[{"embeddable":true,"href":"https:\/\/wia.net.pl\/index.php\/wp-json\/wp\/v2\/comments?post=8327"}],"version-history":[{"count":1,"href":"https:\/\/wia.net.pl\/index.php\/wp-json\/wp\/v2\/posts\/8327\/revisions"}],"predecessor-version":[{"id":8333,"href":"https:\/\/wia.net.pl\/index.php\/wp-json\/wp\/v2\/posts\/8327\/revisions\/8333"}],"wp:featuredmedia":[{"embeddable":true,"href":"https:\/\/wia.net.pl\/index.php\/wp-json\/wp\/v2\/media\/8332"}],"wp:attachment":[{"href":"https:\/\/wia.net.pl\/index.php\/wp-json\/wp\/v2\/media?parent=8327"}],"wp:term":[{"taxonomy":"category","embeddable":true,"href":"https:\/\/wia.net.pl\/index.php\/wp-json\/wp\/v2\/categories?post=8327"},{"taxonomy":"post_tag","embeddable":true,"href":"https:\/\/wia.net.pl\/index.php\/wp-json\/wp\/v2\/tags?post=8327"}],"curies":[{"name":"wp","href":"https:\/\/api.w.org\/{rel}","templated":true}]}}