{"id":8385,"date":"2024-05-13T21:00:25","date_gmt":"2024-05-13T19:00:25","guid":{"rendered":"https:\/\/wia.net.pl\/?p=8385"},"modified":"2024-05-13T21:00:26","modified_gmt":"2024-05-13T19:00:26","slug":"mogolska-kanada-agi-chana","status":"publish","type":"post","link":"https:\/\/wia.net.pl\/index.php\/2024\/05\/13\/mogolska-kanada-agi-chana\/","title":{"rendered":"Mogolska Kanada Agi Chana"},"content":{"rendered":"\n<figure class=\"wp-block-image\"><img decoding=\"async\" src=\"https:\/\/www.civilianintelligencenetwork.ca\/wp-content\/uploads\/2021\/09\/fig-0-5.png\" alt=\"\"\/><\/figure>\n\n\n\n<p><strong><a href=\"https:\/\/www.civilianintelligencenetwork.ca\/category\/islam-the-west\/\">ISLAM I ZACH\u00d3D<\/a><\/strong><\/p>\n\n\n\n<p>Autor, <a href=\"https:\/\/www.civilianintelligencenetwork.ca\/author\/molly\/\">Molly Chan<\/a>, <a href=\"https:\/\/www.civilianintelligencenetwork.ca\/2019\/06\/18\/the-aga-khans-mughal-canada\/\">2019-06-18<\/a><\/p>\n\n\n\n<figure class=\"wp-block-image\"><img decoding=\"async\" src=\"https:\/\/web.archive.org\/web\/20201004011759im_\/https:\/\/shawnpaulmelville.com\/wp-content\/uploads\/2019\/06\/embassy2.png\" alt=\"\"\/><figcaption class=\"wp-element-caption\"><strong>Obecno\u015b\u0107 Agi Khana w Ottawie<\/strong><\/figcaption><\/figure>\n\n\n\n<p>Wersja AUDIO<\/p>\n\n\n\n<figure class=\"wp-block-audio\"><audio controls src=\"https:\/\/wia.net.pl\/wp-content\/uploads\/2024\/05\/aga-chan-mp3.mp3\"><\/audio><\/figure>\n\n\n\n<p>W 2008 roku w ko\u0144cu opublikowano notatk\u0119 dotycz\u0105c\u0105 Agi Khana III, kt\u00f3ra by\u0142a zapiecz\u0119towana przez 60 lat (\u00a0<a href=\"https:\/\/www.dailymail.co.uk\/news\/article-528720\/How-Eton-educated-wartime-Aga-Khan-offered-30-000-armed-Arabs-help-Hitler--evaded-treason-trial.html\" target=\"_blank\" rel=\"noreferrer noopener\">1<\/a>\u00a0). Notatk\u0119 otrzyma\u0142 rz\u0105d brytyjski od nazistowskiego agenta po zako\u0144czeniu wojny, kiedy wszystko zosta\u0142o skonfiskowane, a ludzie zmuszeni do przyznania si\u0119 do winy. W notatce z 1942 r. czytamy, \u017ce podczas poprzedniego spotkania z Hitlerem Aga Chan obieca\u0142 \u201ezebra\u0107 armi\u0119 sk\u0142adaj\u0105c\u0105 si\u0119 z 30 000 \u017co\u0142nierzy arabskich, aby poprze\u0107 niemieck\u0105 okupacj\u0119 Egiptu, Syrii i Palestyny\u201d. Notatka o stosunkach jego dziadka z Hitlerem zosta\u0142a oczywi\u015bcie uznana przez obecnego Ag\u0119 Khana za \u201ebezpodstawn\u0105\u201d (\u00a0<a href=\"https:\/\/www.dnaindia.com\/world\/report-media-report-on-aga-khan-iii-offering-troops-to-hitler-denied-1158875\" target=\"_blank\" rel=\"noreferrer noopener\">2<\/a>\u00a0).<\/p>\n\n\n\n<p>Niemniej jednak na ca\u0142ym \u015bwiecie donoszono, \u017ce 20 pa\u017adziernika 1937 r. Aga Khan odwiedzi\u0142 Hitlera w jego odosobnionym miejscu (&nbsp;<a rel=\"noreferrer noopener\" href=\"https:\/\/www.mirror.co.uk\/news\/world-news\/chilling-black-white-footage-shows-12085383\" target=\"_blank\">3<\/a>&nbsp;), a dwa dni p\u00f3\u017aniej brytyjska rodzina kr\u00f3lewska (&nbsp;<a rel=\"noreferrer noopener\" href=\"https:\/\/www.bbc.com\/news\/uk-england-35765793\" target=\"_blank\">4<\/a>&nbsp;). W tym momencie Hitler sta\u0142 si\u0119 otwarcie agresywny wobec Ligi Narod\u00f3w i nagle jej prezydent zosta\u0142 przyj\u0119ty jako \u201ego\u015b\u0107 specjalny\u201d w prywatnym kurorcie Hitlera. Do tego czasu wi\u0119kszo\u015b\u0107 cz\u0142onk\u00f3w Ligi otwarcie porzuci\u0142a przymierze i sporz\u0105dzano map\u0119 nowego terytorium (&nbsp;<a rel=\"noreferrer noopener\" href=\"https:\/\/www.britannica.com\/topic\/League-of-Nations\/Political-history#ref337587\" target=\"_blank\">5<\/a>&nbsp;).<\/p>\n\n\n\n<p>Jak wynika z powy\u017cszego artyku\u0142u, Liga Narod\u00f3w powsta\u0142a w 1919 roku, zaraz po zako\u0144czeniu I wojny \u015bwiatowej. Cz\u0142onkowie byli \u015bwiadkami cierpie\u0144 wielu ludzi podczas wojny i szczerze, na pocz\u0105tku wydawa\u0142o si\u0119, \u017ce maj\u0105 dobre serce. Ich celem by\u0142o kontynuowanie wysi\u0142k\u00f3w pokojowych skupionych wok\u00f3\u0142 dyskusji i rozbrojenia. Na \u015bwiecie istnia\u0142o kilka nieporozumie\u0144, kt\u00f3re Liga pomog\u0142a rozwi\u0105za\u0107 pokojowo. Jednak w okresie poprzedzaj\u0105cym II wojn\u0119 \u015bwiatow\u0105 grupa mia\u0142a coraz mniejsz\u0105 kontrol\u0119 nad sprawami globalnymi. To wtedy wszyscy zacz\u0119li porzuca\u0107 upadaj\u0105c\u0105 Lig\u0119 i dalej zbroi\u0107 swoje narody.<\/p>\n\n\n\n<p>Aga Khan nie by\u0142 jedynym przyw\u00f3dc\u0105 muzu\u0142ma\u0144skim, kt\u00f3ry spotka\u0142 si\u0119 z Hitlerem. W listopadzie 1941 roku, po dw\u00f3ch latach szalej\u0105cej wojny, Hitler spotka\u0142 si\u0119 z przyw\u00f3dc\u0105 narodu palesty\u0144skiego, wielkim muftim Jerozolimy, Had\u017cd\u017c Aminem al-Husseinim. Mufti bardzo chcia\u0142 pom\u00f3c w wysi\u0142kach na rzecz prowadzenia wojny przeciwko \u017bydom (&nbsp;<a rel=\"noreferrer noopener\" href=\"http:\/\/www.timesofisrael.com\/full-official-record-what-the-mufti-said-to-hitler\/\" target=\"_blank\">6<\/a>&nbsp;). Kiedy spotka\u0142 si\u0119 z Hitlerem, obaj opracowali plan, co by si\u0119 sta\u0142o, gdyby Niemcy wygra\u0142y wojn\u0119. F\u00fchrer wytyczy\u0142 dalsze kroki w wojnie, otwarcie m\u00f3wi\u0105c o tym, co musi si\u0119 wydarzy\u0107, zanim publicznie og\u0142osi muftiego swoim sojusznikiem.<\/p>\n\n\n\n<p>Po pierwsze, Hitler planowa\u0142 zniszczenie imperium judeokomunistycznego w Europie. Nast\u0119pnie chcia\u0142, aby si\u0142y niemieckie dotar\u0142y do \u200b\u200bpo\u0142udniowego wyj\u015bcia z Kaukazu. Kiedy te warunki zostan\u0105 spe\u0142nione, jednym z jego kolejnych cel\u00f3w b\u0119dzie og\u0142oszenie muftiego przyw\u00f3dc\u0105 zajmuj\u0105cym si\u0119 \u201ekwesti\u0105 \u017cydowsk\u0105\u201d w Palestynie. Mufti rzeczywi\u015bcie mia\u0142 wp\u0142yw na \u201epropagand\u0119 w j\u0119zyku arabskim\u201d nazistowskich Niemiec, skierowan\u0105 w czasie II wojny \u015bwiatowej do Afryki P\u00f3\u0142nocnej i Bliskiego Wschodu (&nbsp;<a rel=\"noreferrer noopener\" href=\"http:\/\/jcpa.org\/article\/haj-amin-al-husseini-the-nazis-and-the-holocaust-the-origins-nature-and-aftereffects-of-collaboration\/\" target=\"_blank\">7<\/a>&nbsp;). Mia\u0142 tak\u017ce szczeg\u00f3lne stosunki z Ag\u0105 Khanem, bior\u0105c pod uwag\u0119 jego poparcie dla Og\u00f3lnoindyjskiej Ligi Muzu\u0142ma\u0144skiej (&nbsp;<a rel=\"noreferrer noopener\" href=\"https:\/\/journals.sagepub.com\/doi\/pdf\/10.1177\/2347798916681316\" target=\"_blank\">8<\/a>&nbsp;).<\/p>\n\n\n\n<p>Og\u00f3lnoindyjska Liga Muzu\u0142ma\u0144ska, znana po prostu jako Liga Muzu\u0142ma\u0144ska, by\u0142a parti\u0105 polityczn\u0105 w Indiach Brytyjskich, za\u0142o\u017con\u0105 w 1906 r. cz\u0119\u015bciowo przez Ag\u0119 Khana, kt\u00f3ry zosta\u0142 tak\u017ce jej pierwszym przewodnicz\u0105cym (&nbsp;<a href=\"https:\/\/en.wikipedia.org\/wiki\/All-India_Muslim_League\" target=\"_blank\" rel=\"noreferrer noopener\">9<\/a>&nbsp;). Liga Muzu\u0142ma\u0144ska zdecydowanie opowiada\u0142a si\u0119 za utworzeniem muzu\u0142ma\u0144skiego pa\u0144stwa narodowego w Indiach. Doprowadzi\u0142o to pomy\u015blnie do podzia\u0142u Indii Brytyjskich w 1947 r. i utworzenia Pakistanu, jedynego kraju na \u015bwiecie utworzonego ca\u0142kowicie w imi\u0119 islamu (&nbsp;<a rel=\"noreferrer noopener\" href=\"https:\/\/en.wikipedia.org\/wiki\/Pakistan\" target=\"_blank\">10<\/a>&nbsp;). Posuni\u0119ciu temu sprzeciwili si\u0119 nie tylko sami Brytyjczycy, ale tak\u017ce Mahatma Gandhi. Gandhi by\u0142 oszo\u0142omiony perspektyw\u0105 podzia\u0142u Indii i wielokrotnie upiera\u0142 si\u0119, \u017ce indyjscy muzu\u0142manie i hindusi mog\u0105 wsp\u00f3\u0142istnie\u0107 (&nbsp;<a rel=\"noreferrer noopener\" href=\"https:\/\/www.mkgandhi.org\/biography\/hndmuslm.htm\" target=\"_blank\">11<\/a>&nbsp;). Kiedy jednak unikni\u0119cie podzia\u0142u wydawa\u0142o si\u0119 niemo\u017cliwe, zas\u0142yn\u0105\u0142 z poszczenia i odwiedzania skonfliktowanych obszar\u00f3w, staraj\u0105c si\u0119, aby proces ten by\u0142 pokojowy (&nbsp;<a rel=\"noreferrer noopener\" href=\"https:\/\/worldhistoryproject.org\/1948\/1\/12\/mahatma-gandhi-announces-fast-to-end-hindu-muslim-violence-in-delhi\" target=\"_blank\">12<\/a>&nbsp;). Najwa\u017cniejsz\u0105 kwesti\u0105 jest to, \u017ce chocia\u017c Aga Khan nalega\u0142 na zjednoczenie narod\u00f3w jako prezydent Ligi Narod\u00f3w, nalega\u0142 tak\u017ce na podzielenie narodu za pomoc\u0105 Ligi Muzu\u0142ma\u0144skiej.<\/p>\n\n\n\n<p>Podzia\u0142 Indii ze wzgl\u0119d\u00f3w religijnych nie nast\u0105pi\u0142 w spos\u00f3b pokojowy (&nbsp;<a rel=\"noreferrer noopener\" href=\"https:\/\/en.wikipedia.org\/wiki\/Muslim_League_Attack_on_Sikhs_and_Hindus_in_the_Punjab_1947\" target=\"_blank\">13<\/a>&nbsp;), a walki tocz\u0105 si\u0119 do dzi\u015b na spornych obszarach, takich jak Kaszmir (&nbsp;<a rel=\"noreferrer noopener\" href=\"https:\/\/www.historyguy.com\/2019_india_pakistan_war.htm\" target=\"_blank\">14<\/a>&nbsp;). Kiedy Liga Muzu\u0142ma\u0144ska zosta\u0142a utworzona po raz pierwszy jako partia polityczna, rz\u0105d Indii pr\u00f3bowa\u0142 j\u0105 dostosowa\u0107. Dodali miejsca w Kongresie, z kt\u00f3rych mieli korzysta\u0107 wy\u0142\u0105cznie cz\u0142onkowie Ligi Muzu\u0142ma\u0144skiej, a jednym z pierwszych krok\u00f3w by\u0142 sp\u00f3r o liczb\u0119 mandat\u00f3w. Ze swojej strony sam Aga Khan musia\u0142 wkroczy\u0107, aby przekona\u0107 Lig\u0119, \u017ce mo\u017cna zdoby\u0107 dwa mandaty w Kongresie mniej, aby m\u00f3c kontynuowa\u0107 plan (&nbsp;<a rel=\"noreferrer noopener\" href=\"https:\/\/en.wikipedia.org\/wiki\/All-India_Muslim_League\" target=\"_blank\">15<\/a>&nbsp;). A poniewa\u017c z\u0142ama\u0142 1300-letni\u0105 tradycj\u0119 rodziny i wybra\u0142 na swojego nast\u0119pc\u0119 wnuka zamiast syna, mo\u017cemy by\u0107 pewni, \u017ce jego plan jest realizowany tak\u017ce dzisiaj (&nbsp;<a rel=\"noreferrer noopener\" href=\"https:\/\/ipolitics.ca\/2018\/01\/13\/understanding-aga-khan\/\" target=\"_blank\">16<\/a>&nbsp;).<\/p>\n\n\n\n<p><strong>Co ta lekcja historii ma wsp\u00f3lnego z Kanad\u0105?<\/strong><\/p>\n\n\n\n<p>Kiedy Og\u00f3lnoindyjska Liga Muzu\u0142ma\u0144ska by\u0142a zaj\u0119ta nawracaniem ludno\u015bci Indii na islam, podj\u0119to szereg krok\u00f3w. Najpierw, jak opisano powy\u017cej, za\u0142o\u017cyli parti\u0119 polityczn\u0105, aby przej\u0105\u0107 kontrol\u0119 nad rz\u0105dem. W Kanadzie widzimy, \u017ce Aga Khan bardzo aktywnie wsp\u00f3\u0142pracuje z rz\u0105dem kanadyjskim i otrzymuje miliony dolar\u00f3w na wsparcie r\u00f3\u017cnych inicjatyw, z kt\u00f3rych wi\u0119kszo\u015b\u0107 nie ma miejsca w Kanadzie (&nbsp;<a rel=\"noreferrer noopener\" href=\"https:\/\/lobbycanada.gc.ca\/app\/secure\/ocl\/lrs\/do\/gvFndg?cid=278184&amp;sMdKy=1376141533149&amp;lang=eng\" target=\"_blank\">17<\/a>&nbsp;)(&nbsp;<a rel=\"noreferrer noopener\" href=\"https:\/\/www.akdn.org\/speech\/his-highness-aga-khan\/signing-funding-agreement-global-centre-pluralism-ottawa\" target=\"_blank\">18<\/a>&nbsp;)(&nbsp;<a rel=\"noreferrer noopener\" href=\"https:\/\/lobbycanada.gc.ca\/app\/secure\/ocl\/lrs\/do\/clntSmmry?clientOrgCorpNumber=278184&amp;sMdKy=1376141533149\" target=\"_blank\">19<\/a>&nbsp;)(&nbsp;<a rel=\"noreferrer noopener\" href=\"https:\/\/www.akfc.ca\/our-work\/local-partners-global-citizens\/\" target=\"_blank\">20<\/a>&nbsp;)(&nbsp;<a rel=\"noreferrer noopener\" href=\"https:\/\/www.akfc.ca\/work\/our-programs\/\" target=\"_blank\">21<\/a>&nbsp;)(&nbsp;<a rel=\"noreferrer noopener\" href=\"https:\/\/dailyhive.com\/vancouver\/who-is-the-aga-khan-canada\" target=\"_blank\">22<\/a>&nbsp;)(&nbsp;<a rel=\"noreferrer noopener\" href=\"https:\/\/www.akdn.org\/canada\/media-articles\" target=\"_blank\">23<\/a>&nbsp;)(&nbsp;<a rel=\"noreferrer noopener\" href=\"http:\/\/www.asianpacificpost.com\/article\/8269-lasting-and-shared-commitment-canada.html\" target=\"_blank\">24<\/a>&nbsp;)(&nbsp;<a rel=\"noreferrer noopener\" href=\"https:\/\/www.akdn.org\/where-we-work\/north-america\/canada\" target=\"_blank\">25<\/a>&nbsp;)(&nbsp;<a rel=\"noreferrer noopener\" href=\"https:\/\/www.theglobeandmail.com\/news\/politics\/aga-khan-praises-canadas-commitment-to-pluralism-and-education\/article17135632\/\" target=\"_blank\">26<\/a>&nbsp;). Istnieje nawet dodatkowa obawa, \u017ce \u200b\u200bpieni\u0105dze przekazywane Adze Chanowi przeznaczane s\u0105 przede wszystkim na pomoc jego spo\u0142eczno\u015bciom izmailickim, jak stwierdzi\u0142 w 2015 r. (&nbsp;<a rel=\"noreferrer noopener\" href=\"https:\/\/ismailignosis.com\/2015\/08\/02\/the-secret-life-of-the-aga-khan\/\" target=\"_blank\">27<\/a>&nbsp;):<\/p>\n\n\n\n<blockquote class=\"wp-block-quote is-layout-flow wp-block-quote-is-layout-flow\">\n<p>Ja, jako imam izmailit\u00f3w, ponosz\u0119 odpowiedzialno\u015b\u0107 za spo\u0142eczno\u015b\u0107 i sprawuj\u0119 nad ni\u0105 najwy\u017csz\u0105 w\u0142adz\u0119. Oznacza to przej\u0119cie przewodnictwa w praktykowaniu religii, ale tak\u017ce anga\u017cowanie si\u0119 w ci\u0105g\u0142e dzia\u0142ania maj\u0105ce na celu popraw\u0119 jako\u015bci \u017cycia izmailit\u00f3w i pomoc ka\u017cdemu izmailitom na \u015bwiecie, kt\u00f3ry prze\u017cywa trudno\u015bci. Prawd\u0105 jest, \u017ce dzisiaj rol\u0105 Agi Khana, 49. dziedzicznego imama szyickich muzu\u0142man\u00f3w izmailickich, jest interpretowanie islamu.<strong><\/strong><\/p>\n<\/blockquote>\n\n\n\n<p>Co ma na my\u015bli, m\u00f3wi\u0105c, \u017ce jego rol\u0105 jest \u201einterpretowanie islamu\u201d? Wygl\u0105da na to, \u017ce mo\u017ce m\u00f3wi\u0107 swoim wyznawcom, co chce! Dlatego niekt\u00f3re grupy muzu\u0142ma\u0144skie nawet nie uwa\u017caj\u0105 go za muzu\u0142manina (&nbsp;<a rel=\"noreferrer noopener\" href=\"https:\/\/insideismailism.blogspot.com\/2018\/01\/what-aga-khan-does-for-muslim-world.html\" target=\"_blank\">28<\/a>&nbsp;) (&nbsp;<a rel=\"noreferrer noopener\" href=\"https:\/\/ismailitoislam.com\/2014\/12\/21\/why-i-chose-to-leave-ismailism\/\" target=\"_blank\">29<\/a>&nbsp;). Chocia\u017c temu zaprzecza, wielu jego zwolennik\u00f3w faktycznie wierzy, \u017ce jest uciele\u015bnieniem swego boga (&nbsp;<a rel=\"noreferrer noopener\" href=\"https:\/\/www.islamawareness.net\/Deviant\/Ismailis\/mazhar.html\" target=\"_blank\">30<\/a>&nbsp;) (&nbsp;<a rel=\"noreferrer noopener\" href=\"https:\/\/www.dailytelegraph.com.au\/cheapie-divorce-for-a-billionaire-like-aga-khan\/news-story\/15197be11d574133fdb5ea674f23da11\" target=\"_blank\">31<\/a>&nbsp;)! Bior\u0105c pod uwag\u0119, \u017ce jego syn nazywany jest czasami \u201esynem Bo\u017cym\u201d lub nawet \u017cartobliwie nazywanym Jezusem (&nbsp;<a href=\"http:\/\/insideismailism.weebly.com\/\" target=\"_blank\" rel=\"noreferrer noopener\">32<\/a>&nbsp;), pytanie z pewno\u015bci\u0105 pozostaje otwarte.<\/p>\n\n\n\n<p>Inn\u0105 cech\u0105 krytykowan\u0105 przez niekt\u00f3rych muzu\u0142man\u00f3w jest fakt, \u017ce Aga Khan, podobnie jak jego dziadek i ojciec, byli znani jako \u201eplayboye\u201d (\u00a0<a href=\"https:\/\/www.rferl.org\/a\/aga-khan-explainer\/24686969.html\" target=\"_blank\" rel=\"noreferrer noopener\">33<\/a>\u00a0)(\u00a0<a href=\"https:\/\/www.telegraph.co.uk\/news\/worldnews\/europe\/france\/10700690\/The-Aga-Khan-his-10-year-divorce-battle-with-German-princess-and-a-deal-for-50million.html\" target=\"_blank\" rel=\"noreferrer noopener\">34<\/a>\u00a0)(\u00a0<a href=\"https:\/\/rethinkingismailism.wordpress.com\/tag\/aga-khan\/\" target=\"_blank\" rel=\"noreferrer noopener\">35<\/a>\u00a0). Podobny trend wyst\u0119puje w upodobaniach kobiet: rodzina wydaje si\u0119 preferowa\u0107 pi\u0119kne bia\u0142e kobiety, kt\u00f3re s\u0105 albo cz\u0142onkami rodziny kr\u00f3lewskiej, modelkami albo gwiazdami Hollywood (\u00a0<a href=\"https:\/\/understandismailism.blogspot.com\/2014\/07\/the-aga-khan-model-and-mystery-baby-by.html\" target=\"_blank\" rel=\"noreferrer noopener\">36<\/a>\u00a0)(\u00a0<a href=\"https:\/\/www.whosdatedwho.com\/dating\/aga-khan-iv\" target=\"_blank\" rel=\"noreferrer noopener\">37<\/a>\u00a0)(\u00a0<a href=\"https:\/\/www.refinery29.com\/en-us\/2018\/05\/198822\/rita-hayworth-american-actress-married-royal-meghan-markle-comparison\" target=\"_blank\" rel=\"noreferrer noopener\">38<\/a>\u00a0)(\u00a0<a href=\"https:\/\/royalmusingsblogspotcom.blogspot.com\/2013\/04\/american-model-to-marry-heir-to-aga-khan.html\" target=\"_blank\" rel=\"noreferrer noopener\">39<\/a>\u00a0). Przechodz\u0105 na islam i otrzymuj\u0105 nowe imiona (\u00a0<a href=\"https:\/\/www.telegraph.co.uk\/news\/worldnews\/europe\/france\/10700690\/The-Aga-Khan-his-10-year-divorce-battle-with-German-princess-and-a-deal-for-50million.html\" target=\"_blank\" rel=\"noreferrer noopener\">40<\/a>\u00a0)(\u00a0<a href=\"https:\/\/ca.hellomagazine.com\/royalty\/2013091014515\/Aga-Khan-son-divorce-american-wife\/\" target=\"_blank\" rel=\"noreferrer noopener\">41<\/a>\u00a0)(\u00a0<a href=\"https:\/\/en.wikipedia.org\/wiki\/Aga_Khan_III\" target=\"_blank\" rel=\"noreferrer noopener\">42<\/a>\u00a0)(\u00a0<a href=\"http:\/\/www.ismaili.net\/histoire\/history08\/history833.html\" target=\"_blank\" rel=\"noreferrer noopener\">43<\/a>\u00a0).<\/p>\n\n\n\n<figure class=\"wp-block-image size-full\"><img loading=\"lazy\" decoding=\"async\" width=\"635\" height=\"936\" src=\"https:\/\/wia.net.pl\/wp-content\/uploads\/2024\/05\/image-5.png\" alt=\"\" class=\"wp-image-8386\" srcset=\"https:\/\/wia.net.pl\/wp-content\/uploads\/2024\/05\/image-5.png 635w, https:\/\/wia.net.pl\/wp-content\/uploads\/2024\/05\/image-5-204x300.png 204w\" sizes=\"(max-width: 635px) 100vw, 635px\" \/><\/figure>\n\n\n\n<p class=\"has-text-align-left\"><strong>Fotografia \u015blubna Agi Khan z 1969 roku<\/strong><\/p>\n\n\n\n<p>Aga Khan ma wielkiego fana w postaci Adrienne Clarkson, by\u0142ej gubernatora generalnego Kanady. Aby go uhonorowa\u0107, wzi\u0119\u0142a udzia\u0142 w wielu wydarzeniach, a w niekt\u00f3rych z nich uczestniczyli tak\u017ce Stephen Harper, Kathleen Wynne i burmistrz Toronto John Tory (&nbsp;<a href=\"https:\/\/the.ismaili\/search?query=adrienne+clarkson&amp;sort_by=php\" target=\"_blank\" rel=\"noreferrer noopener\">44<\/a>&nbsp;). W artykule z 2018 r. rozpisywa\u0142a si\u0119 o \u201eszczeg\u00f3lnych stosunkach\u201d Agi Khana z Kanad\u0105 (&nbsp;<a rel=\"noreferrer noopener\" href=\"https:\/\/www.theglobeandmail.com\/opinion\/article-celebrating-60-years-of-the-aga-khan-and-a-special-relationship-with\/#comments\" target=\"_blank\">45<\/a>&nbsp;). Nic dziwnego, \u017ce podczas swojej kadencji mianowa\u0142a go Honorowym Towarzyszem Orderu Kanady, najwy\u017cszego odznaczenia cywilnego. Jest tak\u017ce cz\u0142onkiem zarz\u0105du jednego z jego kanadyjskich projekt\u00f3w finansowanych przez rz\u0105d, Globalnego Centrum Pluralizmu w Ottawie.<\/p>\n\n\n\n<p>By\u0107 mo\u017ce jeden z najciekawszych komentarzy Clarkson na temat Agi Khana potwierdza tak\u017ce jeden z g\u0142\u00f3wnych punkt\u00f3w tego artyku\u0142u:&nbsp;<strong>\u201enajlepiej opisa\u0142a ona wp\u0142yw Agi Khana, sugeruj\u0105c, \u017ce jest on \u201eby\u0107 mo\u017ce jedyn\u0105 osob\u0105 na \u015bwiecie, do kt\u00f3rej wszyscy s\u0142uchaj\u0105<\/strong>&nbsp;(&nbsp;<a rel=\"noreferrer noopener\" href=\"https:\/\/www.huffingtonpost.ca\/adam-kassam\/the-aga-khan-deserves-the-nobel-peace-prize_a_23269914\/\" target=\"_blank\">46<\/a>&nbsp;)&nbsp;<strong>&#8217;\u201d<\/strong>&nbsp;. Masz to!<\/p>\n\n\n\n<p>Opr\u00f3cz zaanga\u017cowania Agi Khana w rz\u0105d kanadyjski istniej\u0105 inne grupy islamskie pr\u00f3buj\u0105ce wp\u0142yn\u0105\u0107 na nasz rz\u0105d. Jedn\u0105 z nich jest przysz\u0142a Islamska Partia Ontario, kt\u00f3ra twierdzi mi\u0119dzy innymi, \u017ce islam jest \u201erodzim\u0105 religi\u0105 ca\u0142ej Kanady\u201d i \u017ce Kanada powinna podlega\u0107 prawu szariatu (&nbsp;<a href=\"https:\/\/www.thepostmillennial.com\/elections-ontario-grants-islamic-party-of-ontario-first-step-towards-registration\/\" target=\"_blank\" rel=\"noreferrer noopener\">47<\/a>&nbsp;).<\/p>\n\n\n\n<p>Drug\u0105 grup\u0105 maj\u0105c\u0105 \u201edobre stosunki z rz\u0105dem\u201d jest Spo\u0142eczno\u015b\u0107 Muzu\u0142ma\u0144ska Ahmadiyya. Ta grupa stanowi szczeg\u00f3lne zagro\u017cenie dla Kanady, poniewa\u017c \u201euwa\u017caj\u0105 si\u0119 za przyw\u00f3dc\u00f3w propagowania i renesansu islamu\u201d, zw\u0142aszcza w \u015bwiecie zachodnim (&nbsp;<a href=\"https:\/\/en.wikipedia.org\/wiki\/Ahmadiyya\" target=\"_blank\" rel=\"noreferrer noopener\">48<\/a>&nbsp;). W 2014 r. grupa sponsorowa\u0142a wydarzenie po\u015bwi\u0119cone Adze Chanowi zatytu\u0142owane \u201eIslam i w\u0142adza w globalnym \u015bwiecie (&nbsp;<a rel=\"noreferrer noopener\" href=\"https:\/\/ismailimail.blog\/2014\/11\/09\/event-november-13-florida-international-university-islam-and-authority-in-the-global-world-karim-aga-khan-and-the-ismaili-community\/\" target=\"_blank\">49<\/a>&nbsp;)\u201d.<\/p>\n\n\n\n<p>Misjonarze tacy jak Ahmadiyya i Sufi odegrali kluczow\u0105 rol\u0119 w nawracaniu ludzi na islam. Kiedy upad\u0142o ostatnie imperium buddyjskie w Indiach, celem by\u0142o ustanowienie imperi\u00f3w muzu\u0142ma\u0144skich (&nbsp;<a rel=\"noreferrer noopener\" href=\"https:\/\/en.wikipedia.org\/wiki\/Pakistan\" target=\"_blank\">50<\/a>&nbsp;):<\/p>\n\n\n\n<blockquote class=\"wp-block-quote is-layout-flow wp-block-quote-is-layout-flow\">\n<p>Okres wczesnego \u015bredniowiecza (642\u20131219 n.e.) by\u0142 okresem rozprzestrzeniania si\u0119 islamu w regionie. W tym okresie misjonarze suficcy odegrali kluczow\u0105 rol\u0119 w nawr\u00f3ceniu wi\u0119kszo\u015bci regionalnej populacji buddyjskiej i hinduskiej na islam. Wydarzenia te przygotowa\u0142y grunt pod rz\u0105dy kilku kolejnych imperi\u00f3w muzu\u0142ma\u0144skich w regionie, w tym Imperium Ghaznawid\u00f3w (975\u20131187 n.e.), Kr\u00f3lestwa Ghorid i Su\u0142tanatu Delhi (1206\u20131526 n.e.). Dynastia Lodi, ostatnia z su\u0142tanatu Delhi, zosta\u0142a zast\u0105piona przez imperium Mogo\u0142\u00f3w (1526\u20131857 n.e.).<\/p>\n<\/blockquote>\n\n\n\n<p>To m\u00f3wi nam, \u017ce wkr\u00f3tce po \u015bmierci Mahometa w 632 r., po podbiciu Arabii, islam zacz\u0105\u0142 naje\u017cd\u017ca\u0107 Indie (&nbsp;<a href=\"https:\/\/en.wikipedia.org\/wiki\/Spread_of_Islam\" target=\"_blank\" rel=\"noreferrer noopener\">51<\/a>&nbsp;). M\u00f3wi nam r\u00f3wnie\u017c, \u017ce wszystkie imperia sprowadza\u0142y si\u0119 do jednego ostatecznego nast\u0119pcy: Imperium Mogo\u0142\u00f3w. Jednym z pierwszych krok\u00f3w podj\u0119tych po tym, jak obszary znalaz\u0142y si\u0119 pod kontrol\u0105 Mogo\u0142\u00f3w, by\u0142o zniszczenie budynk\u00f3w i pomnik\u00f3w innych kultur i imperi\u00f3w, aby zast\u0105pi\u0107 wszystko konstrukcjami, budynkami i ogrodami Mogo\u0142\u00f3w. Dokonano tego, aby z\u0142o\u017cy\u0107 \u201eo\u015bwiadczenie\u201d na temat tego, kto sprawuje kontrol\u0119 nad regionem, poniewa\u017c by\u0142y one \u201esymbolami w\u0142adzy i bogactwa (&nbsp;<a rel=\"noreferrer noopener\" href=\"https:\/\/en.wikipedia.org\/wiki\/Architecture_of_Lahore\" target=\"_blank\">52<\/a>&nbsp;)\u201d.<\/p>\n\n\n\n<p>Pomimo twierdze\u0144, \u017ce niekt\u00f3rzy w\u0142adcy Mogo\u0142\u00f3w byli tolerancyjni wobec rdzennych religii, wydaje si\u0119, \u017ce og\u00f3lnie rzecz bior\u0105c nie by\u0142o to norm\u0105. Istnieje wiele opis\u00f3w brutalno\u015bci Mogo\u0142\u00f3w wobec Hindus\u00f3w, Sikh\u00f3w, buddyst\u00f3w i d\u017cinist\u00f3w (\u00a0<a href=\"https:\/\/www.sikhnet.com\/news\/islamic-india-biggest-holocaust-world-history\" target=\"_blank\" rel=\"noreferrer noopener\">53<\/a>\u00a0) (\u00a0<a href=\"http:\/\/sikhsangat.org\/2015\/brutality-of-isis-is-the-copy-of-what-mughals-did-with-sikhs-of-punjab\/\" target=\"_blank\" rel=\"noreferrer noopener\">54<\/a>\u00a0) (\u00a0<a href=\"https:\/\/haribhakt.com\/a-demonic-mleccha-akbar-was-barbaric-cruel-muslim-ruler-and-not-great\/\" target=\"_blank\" rel=\"noreferrer noopener\">55<\/a>\u00a0). Skala rozlewu krwi i okrucie\u0144stwa przekracza nawet wyobra\u017cenie, ale przyw\u00f3dcy Mogo\u0142\u00f3w byli tak dumni ze sposobu, w jaki traktowali swoich rywali, \u017ce prawie wszystko nagrali; wiele \u017ar\u00f3de\u0142 pochodzi od kronikarzy w\u0142adc\u00f3w. Opr\u00f3cz zwyk\u0142ych morderstw, grabie\u017cy, gwa\u0142t\u00f3w i brania niewolnik\u00f3w, powszechne by\u0142o stosowanie tortur. Istniej\u0105 na przyk\u0142ad doniesienia o gotowaniu \u017cywcem ludzi w kot\u0142ach lub zmuszaniu ich do noszenia po\u0107wiartowanych dzieci jako girland. Jednak\u017ce jeste\u015bmy tu, w\u015br\u00f3d polityk\u00f3w i innych os\u00f3b na ca\u0142ym \u015bwiecie, kt\u00f3rzy wychwalaj\u0105 architektur\u0119 i kultur\u0119 Mogo\u0142\u00f3w, nawet tutaj, w Kanadzie.<\/p>\n\n\n\n<figure class=\"wp-block-image\"><img decoding=\"async\" src=\"https:\/\/www.civilianintelligencenetwork.ca\/wp-content\/uploads\/2021\/09\/fig-0-5.png\" alt=\"\"\/><\/figure>\n\n\n\n<p><strong><a href=\"https:\/\/www.civilianintelligencenetwork.ca\/category\/islam-the-west\/\">ISLAM I ZACH\u00d3D<\/a><\/strong><\/p>\n\n\n\n<h1 class=\"wp-block-heading\">Kanada Mogo\u0142\u00f3w Agi Khana<\/h1>\n\n\n\n<p><img decoding=\"async\" alt=\"Molly Chan\" src=\"https:\/\/secure.gravatar.com\/avatar\/51ef4003e75a147f9c647fca195d5f10?s=96&amp;d=mm&amp;r=g\">przez&nbsp;<a href=\"https:\/\/www.civilianintelligencenetwork.ca\/author\/molly\/\">Molly Chan<\/a><a href=\"https:\/\/www.civilianintelligencenetwork.ca\/2019\/06\/18\/the-aga-khans-mughal-canada\/\"><time datetime=\"2019-06-18T23:29:04-03:00\">2019-06-18<\/time><\/a><\/p>\n\n\n\n<figure class=\"wp-block-image\"><img decoding=\"async\" src=\"https:\/\/web.archive.org\/web\/20201004011759im_\/https:\/\/shawnpaulmelville.com\/wp-content\/uploads\/2019\/06\/embassy2.png\" alt=\"\"\/><figcaption class=\"wp-element-caption\"><strong>Obecno\u015b\u0107 Agi Khana w Ottawie<\/strong><\/figcaption><\/figure>\n\n\n\n<p>W 2008 roku w ko\u0144cu opublikowano notatk\u0119 dotycz\u0105c\u0105 Agi Khana III, kt\u00f3ra by\u0142a zapiecz\u0119towana przez 60 lat (&nbsp;<a rel=\"noreferrer noopener\" href=\"https:\/\/www.dailymail.co.uk\/news\/article-528720\/How-Eton-educated-wartime-Aga-Khan-offered-30-000-armed-Arabs-help-Hitler--evaded-treason-trial.html\" target=\"_blank\">1<\/a>&nbsp;). Notatk\u0119 otrzyma\u0142 rz\u0105d brytyjski od nazistowskiego agenta po zako\u0144czeniu wojny, kiedy wszystko zosta\u0142o skonfiskowane, a ludzie zmuszeni do przyznania si\u0119 do winy. W notatce z 1942 r. czytamy, \u017ce podczas poprzedniego spotkania z Hitlerem Aga Chan obieca\u0142 \u201ezebra\u0107 armi\u0119 sk\u0142adaj\u0105c\u0105 si\u0119 z 30 000 \u017co\u0142nierzy arabskich, aby poprze\u0107 niemieck\u0105 okupacj\u0119 Egiptu, Syrii i Palestyny\u201d. Notatka o stosunkach jego dziadka z Hitlerem zosta\u0142a oczywi\u015bcie uznana przez obecnego Ag\u0119 Khana za \u201ebezpodstawn\u0105\u201d (&nbsp;<a rel=\"noreferrer noopener\" href=\"https:\/\/www.dnaindia.com\/world\/report-media-report-on-aga-khan-iii-offering-troops-to-hitler-denied-1158875\" target=\"_blank\">2<\/a>&nbsp;).<\/p>\n\n\n\n<p>Niemniej jednak na ca\u0142ym \u015bwiecie donoszono, \u017ce 20 pa\u017adziernika 1937 r. Aga Khan odwiedzi\u0142 Hitlera w jego odosobnionym miejscu (&nbsp;<a rel=\"noreferrer noopener\" href=\"https:\/\/www.mirror.co.uk\/news\/world-news\/chilling-black-white-footage-shows-12085383\" target=\"_blank\">3<\/a>&nbsp;), a dwa dni p\u00f3\u017aniej brytyjska rodzina kr\u00f3lewska (&nbsp;<a rel=\"noreferrer noopener\" href=\"https:\/\/www.bbc.com\/news\/uk-england-35765793\" target=\"_blank\">4<\/a>&nbsp;). W tym momencie Hitler sta\u0142 si\u0119 otwarcie agresywny wobec Ligi Narod\u00f3w i nagle jej prezydent zosta\u0142 przyj\u0119ty jako \u201ego\u015b\u0107 specjalny\u201d w prywatnym kurorcie Hitlera. Do tego czasu wi\u0119kszo\u015b\u0107 cz\u0142onk\u00f3w Ligi otwarcie porzuci\u0142a przymierze i sporz\u0105dzano map\u0119 nowego terytorium (&nbsp;<a rel=\"noreferrer noopener\" href=\"https:\/\/www.britannica.com\/topic\/League-of-Nations\/Political-history#ref337587\" target=\"_blank\">5<\/a>&nbsp;).<\/p>\n\n\n\n<p>Jak wynika z powy\u017cszego artyku\u0142u, Liga Narod\u00f3w powsta\u0142a w 1919 roku, zaraz po zako\u0144czeniu I wojny \u015bwiatowej. Cz\u0142onkowie byli \u015bwiadkami cierpie\u0144 wielu ludzi podczas wojny i szczerze, na pocz\u0105tku wydawa\u0142o si\u0119, \u017ce maj\u0105 dobre serce. Ich celem by\u0142o kontynuowanie wysi\u0142k\u00f3w pokojowych skupionych wok\u00f3\u0142 dyskusji i rozbrojenia. Na \u015bwiecie istnia\u0142o kilka nieporozumie\u0144, kt\u00f3re Liga pomog\u0142a rozwi\u0105za\u0107 pokojowo. Jednak w okresie poprzedzaj\u0105cym II wojn\u0119 \u015bwiatow\u0105 grupa mia\u0142a coraz mniejsz\u0105 kontrol\u0119 nad sprawami globalnymi. To wtedy wszyscy zacz\u0119li porzuca\u0107 upadaj\u0105c\u0105 Lig\u0119 i dalej zbroi\u0107 swoje narody.<\/p>\n\n\n\n<p>Aga Khan nie by\u0142 jedynym przyw\u00f3dc\u0105 muzu\u0142ma\u0144skim, kt\u00f3ry spotka\u0142 si\u0119 z Hitlerem. W listopadzie 1941 roku, po dw\u00f3ch latach szalej\u0105cej wojny, Hitler spotka\u0142 si\u0119 z przyw\u00f3dc\u0105 narodu palesty\u0144skiego, wielkim muftim Jerozolimy, Had\u017cd\u017c Aminem al-Husseinim. Mufti bardzo chcia\u0142 pom\u00f3c w wysi\u0142kach na rzecz prowadzenia wojny przeciwko \u017bydom (&nbsp;<a rel=\"noreferrer noopener\" href=\"http:\/\/www.timesofisrael.com\/full-official-record-what-the-mufti-said-to-hitler\/\" target=\"_blank\">6<\/a>&nbsp;). Kiedy spotka\u0142 si\u0119 z Hitlerem, obaj opracowali plan, co by si\u0119 sta\u0142o, gdyby Niemcy wygra\u0142y wojn\u0119. F\u00fchrer wytyczy\u0142 dalsze kroki w wojnie, otwarcie m\u00f3wi\u0105c o tym, co musi si\u0119 wydarzy\u0107, zanim publicznie og\u0142osi muftiego swoim sojusznikiem.<\/p>\n\n\n\n<p>Po pierwsze, Hitler planowa\u0142 zniszczenie imperium judeokomunistycznego w Europie. Nast\u0119pnie chcia\u0142, aby si\u0142y niemieckie dotar\u0142y do \u200b\u200bpo\u0142udniowego wyj\u015bcia z Kaukazu. Kiedy te warunki zostan\u0105 spe\u0142nione, jednym z jego kolejnych cel\u00f3w b\u0119dzie og\u0142oszenie muftiego przyw\u00f3dc\u0105 zajmuj\u0105cym si\u0119 \u201ekwesti\u0105 \u017cydowsk\u0105\u201d w Palestynie. Mufti rzeczywi\u015bcie mia\u0142 wp\u0142yw na \u201epropagand\u0119 w j\u0119zyku arabskim\u201d nazistowskich Niemiec, skierowan\u0105 w czasie II wojny \u015bwiatowej do Afryki P\u00f3\u0142nocnej i Bliskiego Wschodu (&nbsp;<a rel=\"noreferrer noopener\" href=\"http:\/\/jcpa.org\/article\/haj-amin-al-husseini-the-nazis-and-the-holocaust-the-origins-nature-and-aftereffects-of-collaboration\/\" target=\"_blank\">7<\/a>&nbsp;). Mia\u0142 tak\u017ce szczeg\u00f3lne stosunki z Ag\u0105 Khanem, bior\u0105c pod uwag\u0119 jego poparcie dla Og\u00f3lnoindyjskiej Ligi Muzu\u0142ma\u0144skiej (&nbsp;<a rel=\"noreferrer noopener\" href=\"https:\/\/journals.sagepub.com\/doi\/pdf\/10.1177\/2347798916681316\" target=\"_blank\">8<\/a>&nbsp;).<\/p>\n\n\n\n<p>Og\u00f3lnoindyjska Liga Muzu\u0142ma\u0144ska, znana po prostu jako Liga Muzu\u0142ma\u0144ska, by\u0142a parti\u0105 polityczn\u0105 w Indiach Brytyjskich, za\u0142o\u017con\u0105 w 1906 r. cz\u0119\u015bciowo przez Ag\u0119 Khana, kt\u00f3ry zosta\u0142 tak\u017ce jej pierwszym przewodnicz\u0105cym (&nbsp;<a href=\"https:\/\/en.wikipedia.org\/wiki\/All-India_Muslim_League\" target=\"_blank\" rel=\"noreferrer noopener\">9<\/a>&nbsp;). Liga Muzu\u0142ma\u0144ska zdecydowanie opowiada\u0142a si\u0119 za utworzeniem muzu\u0142ma\u0144skiego pa\u0144stwa narodowego w Indiach. Doprowadzi\u0142o to pomy\u015blnie do podzia\u0142u Indii Brytyjskich w 1947 r. i utworzenia Pakistanu, jedynego kraju na \u015bwiecie utworzonego ca\u0142kowicie w imi\u0119 islamu (&nbsp;<a rel=\"noreferrer noopener\" href=\"https:\/\/en.wikipedia.org\/wiki\/Pakistan\" target=\"_blank\">10<\/a>&nbsp;). Posuni\u0119ciu temu sprzeciwili si\u0119 nie tylko sami Brytyjczycy, ale tak\u017ce Mahatma Gandhi. Gandhi by\u0142 oszo\u0142omiony perspektyw\u0105 podzia\u0142u Indii i wielokrotnie upiera\u0142 si\u0119, \u017ce indyjscy muzu\u0142manie i hindusi mog\u0105 wsp\u00f3\u0142istnie\u0107 (&nbsp;<a rel=\"noreferrer noopener\" href=\"https:\/\/www.mkgandhi.org\/biography\/hndmuslm.htm\" target=\"_blank\">11<\/a>&nbsp;). Kiedy jednak unikni\u0119cie podzia\u0142u wydawa\u0142o si\u0119 niemo\u017cliwe, zas\u0142yn\u0105\u0142 z poszczenia i odwiedzania skonfliktowanych obszar\u00f3w, staraj\u0105c si\u0119, aby proces ten by\u0142 pokojowy (&nbsp;<a rel=\"noreferrer noopener\" href=\"https:\/\/worldhistoryproject.org\/1948\/1\/12\/mahatma-gandhi-announces-fast-to-end-hindu-muslim-violence-in-delhi\" target=\"_blank\">12<\/a>&nbsp;). Najwa\u017cniejsz\u0105 kwesti\u0105 jest to, \u017ce chocia\u017c Aga Khan nalega\u0142 na zjednoczenie narod\u00f3w jako prezydent Ligi Narod\u00f3w, nalega\u0142 tak\u017ce na podzielenie narodu za pomoc\u0105 Ligi Muzu\u0142ma\u0144skiej.<\/p>\n\n\n\n<p>Podzia\u0142 Indii ze wzgl\u0119d\u00f3w religijnych nie nast\u0105pi\u0142 w spos\u00f3b pokojowy (&nbsp;<a rel=\"noreferrer noopener\" href=\"https:\/\/en.wikipedia.org\/wiki\/Muslim_League_Attack_on_Sikhs_and_Hindus_in_the_Punjab_1947\" target=\"_blank\">13<\/a>&nbsp;), a walki tocz\u0105 si\u0119 do dzi\u015b na spornych obszarach, takich jak Kaszmir (&nbsp;<a rel=\"noreferrer noopener\" href=\"https:\/\/www.historyguy.com\/2019_india_pakistan_war.htm\" target=\"_blank\">14<\/a>&nbsp;). Kiedy Liga Muzu\u0142ma\u0144ska zosta\u0142a utworzona po raz pierwszy jako partia polityczna, rz\u0105d Indii pr\u00f3bowa\u0142 j\u0105 dostosowa\u0107. Dodali miejsca w Kongresie, z kt\u00f3rych mieli korzysta\u0107 wy\u0142\u0105cznie cz\u0142onkowie Ligi Muzu\u0142ma\u0144skiej, a jednym z pierwszych krok\u00f3w by\u0142 sp\u00f3r o liczb\u0119 mandat\u00f3w. Ze swojej strony sam Aga Khan musia\u0142 wkroczy\u0107, aby przekona\u0107 Lig\u0119, \u017ce mo\u017cna zdoby\u0107 dwa mandaty w Kongresie mniej, aby m\u00f3c kontynuowa\u0107 plan (&nbsp;<a rel=\"noreferrer noopener\" href=\"https:\/\/en.wikipedia.org\/wiki\/All-India_Muslim_League\" target=\"_blank\">15<\/a>&nbsp;). A poniewa\u017c z\u0142ama\u0142 1300-letni\u0105 tradycj\u0119 rodziny i wybra\u0142 na swojego nast\u0119pc\u0119 wnuka zamiast syna, mo\u017cemy by\u0107 pewni, \u017ce jego plan jest realizowany tak\u017ce dzisiaj (&nbsp;<a rel=\"noreferrer noopener\" href=\"https:\/\/ipolitics.ca\/2018\/01\/13\/understanding-aga-khan\/\" target=\"_blank\">16<\/a>&nbsp;).<\/p>\n\n\n\n<p><strong>Co ta lekcja historii ma wsp\u00f3lnego z Kanad\u0105?<\/strong><\/p>\n\n\n\n<p>Kiedy Og\u00f3lnoindyjska Liga Muzu\u0142ma\u0144ska by\u0142a zaj\u0119ta nawracaniem ludno\u015bci Indii na islam, podj\u0119to szereg krok\u00f3w. Najpierw, jak opisano powy\u017cej, za\u0142o\u017cyli parti\u0119 polityczn\u0105, aby przej\u0105\u0107 kontrol\u0119 nad rz\u0105dem. W Kanadzie widzimy, \u017ce Aga Khan bardzo aktywnie wsp\u00f3\u0142pracuje z rz\u0105dem kanadyjskim i otrzymuje miliony dolar\u00f3w na wsparcie r\u00f3\u017cnych inicjatyw, z kt\u00f3rych wi\u0119kszo\u015b\u0107 nie ma miejsca w Kanadzie (&nbsp;<a rel=\"noreferrer noopener\" href=\"https:\/\/lobbycanada.gc.ca\/app\/secure\/ocl\/lrs\/do\/gvFndg?cid=278184&amp;sMdKy=1376141533149&amp;lang=eng\" target=\"_blank\">17<\/a>&nbsp;)(&nbsp;<a rel=\"noreferrer noopener\" href=\"https:\/\/www.akdn.org\/speech\/his-highness-aga-khan\/signing-funding-agreement-global-centre-pluralism-ottawa\" target=\"_blank\">18<\/a>&nbsp;)(&nbsp;<a rel=\"noreferrer noopener\" href=\"https:\/\/lobbycanada.gc.ca\/app\/secure\/ocl\/lrs\/do\/clntSmmry?clientOrgCorpNumber=278184&amp;sMdKy=1376141533149\" target=\"_blank\">19<\/a>&nbsp;)(&nbsp;<a rel=\"noreferrer noopener\" href=\"https:\/\/www.akfc.ca\/our-work\/local-partners-global-citizens\/\" target=\"_blank\">20<\/a>&nbsp;)(&nbsp;<a rel=\"noreferrer noopener\" href=\"https:\/\/www.akfc.ca\/work\/our-programs\/\" target=\"_blank\">21<\/a>&nbsp;)(&nbsp;<a rel=\"noreferrer noopener\" href=\"https:\/\/dailyhive.com\/vancouver\/who-is-the-aga-khan-canada\" target=\"_blank\">22<\/a>&nbsp;)(&nbsp;<a rel=\"noreferrer noopener\" href=\"https:\/\/www.akdn.org\/canada\/media-articles\" target=\"_blank\">23<\/a>&nbsp;)(&nbsp;<a rel=\"noreferrer noopener\" href=\"http:\/\/www.asianpacificpost.com\/article\/8269-lasting-and-shared-commitment-canada.html\" target=\"_blank\">24<\/a>&nbsp;)(&nbsp;<a rel=\"noreferrer noopener\" href=\"https:\/\/www.akdn.org\/where-we-work\/north-america\/canada\" target=\"_blank\">25<\/a>&nbsp;)(&nbsp;<a rel=\"noreferrer noopener\" href=\"https:\/\/www.theglobeandmail.com\/news\/politics\/aga-khan-praises-canadas-commitment-to-pluralism-and-education\/article17135632\/\" target=\"_blank\">26<\/a>&nbsp;). Istnieje nawet dodatkowa obawa, \u017ce \u200b\u200bpieni\u0105dze przekazywane Adze Chanowi przeznaczane s\u0105 przede wszystkim na pomoc jego spo\u0142eczno\u015bciom izmailickim, jak stwierdzi\u0142 w 2015 r. (&nbsp;<a rel=\"noreferrer noopener\" href=\"https:\/\/ismailignosis.com\/2015\/08\/02\/the-secret-life-of-the-aga-khan\/\" target=\"_blank\">27<\/a>&nbsp;):<\/p>\n\n\n\n<blockquote class=\"wp-block-quote is-layout-flow wp-block-quote-is-layout-flow\">\n<p>Ja, jako imam izmailit\u00f3w, ponosz\u0119 odpowiedzialno\u015b\u0107 za spo\u0142eczno\u015b\u0107 i sprawuj\u0119 nad ni\u0105 najwy\u017csz\u0105 w\u0142adz\u0119. Oznacza to przej\u0119cie przewodnictwa w praktykowaniu religii, ale tak\u017ce anga\u017cowanie si\u0119 w ci\u0105g\u0142e dzia\u0142ania maj\u0105ce na celu popraw\u0119 jako\u015bci \u017cycia izmailit\u00f3w i pomoc ka\u017cdemu izmailitom na \u015bwiecie, kt\u00f3ry prze\u017cywa trudno\u015bci. Prawd\u0105 jest, \u017ce dzisiaj rol\u0105 Agi Khana, 49. dziedzicznego imama szyickich muzu\u0142man\u00f3w izmailickich, jest interpretowanie islamu.<strong><\/strong><\/p>\n<\/blockquote>\n\n\n\n<p>Co ma na my\u015bli, m\u00f3wi\u0105c, \u017ce jego rol\u0105 jest \u201einterpretowanie islamu\u201d? Wygl\u0105da na to, \u017ce mo\u017ce m\u00f3wi\u0107 swoim wyznawcom, co chce! Dlatego niekt\u00f3re grupy muzu\u0142ma\u0144skie nawet nie uwa\u017caj\u0105 go za muzu\u0142manina (&nbsp;<a rel=\"noreferrer noopener\" href=\"https:\/\/insideismailism.blogspot.com\/2018\/01\/what-aga-khan-does-for-muslim-world.html\" target=\"_blank\">28<\/a>&nbsp;) (&nbsp;<a rel=\"noreferrer noopener\" href=\"https:\/\/ismailitoislam.com\/2014\/12\/21\/why-i-chose-to-leave-ismailism\/\" target=\"_blank\">29<\/a>&nbsp;). Chocia\u017c temu zaprzecza, wielu jego zwolennik\u00f3w faktycznie wierzy, \u017ce jest uciele\u015bnieniem swego boga (&nbsp;<a rel=\"noreferrer noopener\" href=\"https:\/\/www.islamawareness.net\/Deviant\/Ismailis\/mazhar.html\" target=\"_blank\">30<\/a>&nbsp;) (&nbsp;<a rel=\"noreferrer noopener\" href=\"https:\/\/www.dailytelegraph.com.au\/cheapie-divorce-for-a-billionaire-like-aga-khan\/news-story\/15197be11d574133fdb5ea674f23da11\" target=\"_blank\">31<\/a>&nbsp;)! Bior\u0105c pod uwag\u0119, \u017ce jego syn nazywany jest czasami \u201esynem Bo\u017cym\u201d lub nawet \u017cartobliwie nazywanym Jezusem (&nbsp;<a href=\"http:\/\/insideismailism.weebly.com\/\" target=\"_blank\" rel=\"noreferrer noopener\">32<\/a>&nbsp;), pytanie z pewno\u015bci\u0105 pozostaje otwarte.<\/p>\n\n\n\n<p>Inn\u0105 cech\u0105 krytykowan\u0105 przez niekt\u00f3rych muzu\u0142man\u00f3w jest fakt, \u017ce Aga Khan, podobnie jak jego dziadek i ojciec, byli znani jako \u201eplayboye\u201d (&nbsp;<a rel=\"noreferrer noopener\" href=\"https:\/\/www.rferl.org\/a\/aga-khan-explainer\/24686969.html\" target=\"_blank\">33<\/a>&nbsp;)(&nbsp;<a rel=\"noreferrer noopener\" href=\"https:\/\/www.telegraph.co.uk\/news\/worldnews\/europe\/france\/10700690\/The-Aga-Khan-his-10-year-divorce-battle-with-German-princess-and-a-deal-for-50million.html\" target=\"_blank\">34<\/a>&nbsp;)(&nbsp;<a rel=\"noreferrer noopener\" href=\"https:\/\/rethinkingismailism.wordpress.com\/tag\/aga-khan\/\" target=\"_blank\">35<\/a>&nbsp;). Podobny trend wyst\u0119puje w upodobaniach kobiet: rodzina wydaje si\u0119 preferowa\u0107 pi\u0119kne bia\u0142e kobiety, kt\u00f3re s\u0105 albo cz\u0142onkami rodziny kr\u00f3lewskiej, modelkami albo gwiazdami Hollywood (&nbsp;<a rel=\"noreferrer noopener\" href=\"https:\/\/understandismailism.blogspot.com\/2014\/07\/the-aga-khan-model-and-mystery-baby-by.html\" target=\"_blank\">36<\/a>&nbsp;)(&nbsp;<a rel=\"noreferrer noopener\" href=\"https:\/\/www.whosdatedwho.com\/dating\/aga-khan-iv\" target=\"_blank\">37<\/a>&nbsp;)(&nbsp;<a rel=\"noreferrer noopener\" href=\"https:\/\/www.refinery29.com\/en-us\/2018\/05\/198822\/rita-hayworth-american-actress-married-royal-meghan-markle-comparison\" target=\"_blank\">38<\/a>&nbsp;)(&nbsp;<a rel=\"noreferrer noopener\" href=\"https:\/\/royalmusingsblogspotcom.blogspot.com\/2013\/04\/american-model-to-marry-heir-to-aga-khan.html\" target=\"_blank\">39<\/a>&nbsp;). Przechodz\u0105 na islam i otrzymuj\u0105 nowe imiona (&nbsp;<a rel=\"noreferrer noopener\" href=\"https:\/\/www.telegraph.co.uk\/news\/worldnews\/europe\/france\/10700690\/The-Aga-Khan-his-10-year-divorce-battle-with-German-princess-and-a-deal-for-50million.html\" target=\"_blank\">40<\/a>&nbsp;)(&nbsp;<a rel=\"noreferrer noopener\" href=\"https:\/\/ca.hellomagazine.com\/royalty\/2013091014515\/Aga-Khan-son-divorce-american-wife\/\" target=\"_blank\">41<\/a>&nbsp;)(&nbsp;<a rel=\"noreferrer noopener\" href=\"https:\/\/en.wikipedia.org\/wiki\/Aga_Khan_III\" target=\"_blank\">42<\/a>&nbsp;)(&nbsp;<a rel=\"noreferrer noopener\" href=\"http:\/\/www.ismaili.net\/histoire\/history08\/history833.html\" target=\"_blank\">43<\/a>&nbsp;).<\/p>\n\n\n\n<figure class=\"wp-block-image\"><img decoding=\"async\" src=\"https:\/\/web.archive.org\/web\/20201004011759im_\/https:\/\/shawnpaulmelville.com\/wp-content\/uploads\/2019\/06\/agha-khan-1.jpg\" alt=\"\"\/><figcaption class=\"wp-element-caption\"><strong>Fotografia \u015blubna Agi Khan z 1969 roku<\/strong><\/figcaption><\/figure>\n\n\n\n<p>Aga Khan ma wielkiego fana w postaci Adrienne Clarkson, by\u0142ej gubernatora generalnego Kanady. Aby go uhonorowa\u0107, wzi\u0119\u0142a udzia\u0142 w wielu wydarzeniach, a w niekt\u00f3rych z nich uczestniczyli tak\u017ce Stephen Harper, Kathleen Wynne i burmistrz Toronto John Tory (&nbsp;<a href=\"https:\/\/the.ismaili\/search?query=adrienne+clarkson&amp;sort_by=php\" target=\"_blank\" rel=\"noreferrer noopener\">44<\/a>&nbsp;). W artykule z 2018 r. rozpisywa\u0142a si\u0119 o \u201eszczeg\u00f3lnych stosunkach\u201d Agi Khana z Kanad\u0105 (&nbsp;<a rel=\"noreferrer noopener\" href=\"https:\/\/www.theglobeandmail.com\/opinion\/article-celebrating-60-years-of-the-aga-khan-and-a-special-relationship-with\/#comments\" target=\"_blank\">45<\/a>&nbsp;). Nic dziwnego, \u017ce podczas swojej kadencji mianowa\u0142a go Honorowym Towarzyszem Orderu Kanady, najwy\u017cszego odznaczenia cywilnego. Jest tak\u017ce cz\u0142onkiem zarz\u0105du jednego z jego kanadyjskich projekt\u00f3w finansowanych przez rz\u0105d, Globalnego Centrum Pluralizmu w Ottawie.<\/p>\n\n\n\n<p>By\u0107 mo\u017ce jeden z najciekawszych komentarzy Clarkson na temat Agi Khana potwierdza tak\u017ce jeden z g\u0142\u00f3wnych punkt\u00f3w tego artyku\u0142u:&nbsp;<strong>\u201enajlepiej opisa\u0142a ona wp\u0142yw Agi Khana, sugeruj\u0105c, \u017ce jest on \u201eby\u0107 mo\u017ce jedyn\u0105 osob\u0105 na \u015bwiecie, do kt\u00f3rej wszyscy s\u0142uchaj\u0105<\/strong>&nbsp;(&nbsp;<a rel=\"noreferrer noopener\" href=\"https:\/\/www.huffingtonpost.ca\/adam-kassam\/the-aga-khan-deserves-the-nobel-peace-prize_a_23269914\/\" target=\"_blank\">46<\/a>&nbsp;)&nbsp;<strong>&#8217;\u201d<\/strong>&nbsp;. Masz to!<\/p>\n\n\n\n<p>Opr\u00f3cz zaanga\u017cowania Agi Khana w rz\u0105d kanadyjski istniej\u0105 inne grupy islamskie pr\u00f3buj\u0105ce wp\u0142yn\u0105\u0107 na nasz rz\u0105d. Jedn\u0105 z nich jest przysz\u0142a Islamska Partia Ontario, kt\u00f3ra twierdzi mi\u0119dzy innymi, \u017ce islam jest \u201erodzim\u0105 religi\u0105 ca\u0142ej Kanady\u201d i \u017ce Kanada powinna podlega\u0107 prawu szariatu (&nbsp;<a href=\"https:\/\/www.thepostmillennial.com\/elections-ontario-grants-islamic-party-of-ontario-first-step-towards-registration\/\" target=\"_blank\" rel=\"noreferrer noopener\">47<\/a>&nbsp;).<\/p>\n\n\n\n<p>Drug\u0105 grup\u0105 maj\u0105c\u0105 \u201edobre stosunki z rz\u0105dem\u201d jest Spo\u0142eczno\u015b\u0107 Muzu\u0142ma\u0144ska Ahmadiyya. Ta grupa stanowi szczeg\u00f3lne zagro\u017cenie dla Kanady, poniewa\u017c \u201euwa\u017caj\u0105 si\u0119 za przyw\u00f3dc\u00f3w propagowania i renesansu islamu\u201d, zw\u0142aszcza w \u015bwiecie zachodnim (&nbsp;<a href=\"https:\/\/en.wikipedia.org\/wiki\/Ahmadiyya\" target=\"_blank\" rel=\"noreferrer noopener\">48<\/a>&nbsp;). W 2014 r. grupa sponsorowa\u0142a wydarzenie po\u015bwi\u0119cone Adze Chanowi zatytu\u0142owane \u201eIslam i w\u0142adza w globalnym \u015bwiecie (&nbsp;<a rel=\"noreferrer noopener\" href=\"https:\/\/ismailimail.blog\/2014\/11\/09\/event-november-13-florida-international-university-islam-and-authority-in-the-global-world-karim-aga-khan-and-the-ismaili-community\/\" target=\"_blank\">49<\/a>&nbsp;)\u201d.<\/p>\n\n\n\n<p>Misjonarze tacy jak Ahmadiyya i Sufi odegrali kluczow\u0105 rol\u0119 w nawracaniu ludzi na islam. Kiedy upad\u0142o ostatnie imperium buddyjskie w Indiach, celem by\u0142o ustanowienie imperi\u00f3w muzu\u0142ma\u0144skich (&nbsp;<a rel=\"noreferrer noopener\" href=\"https:\/\/en.wikipedia.org\/wiki\/Pakistan\" target=\"_blank\">50<\/a>&nbsp;):<\/p>\n\n\n\n<blockquote class=\"wp-block-quote is-layout-flow wp-block-quote-is-layout-flow\">\n<p>Okres wczesnego \u015bredniowiecza (642\u20131219 n.e.) by\u0142 okresem rozprzestrzeniania si\u0119 islamu w regionie. W tym okresie misjonarze suficcy odegrali kluczow\u0105 rol\u0119 w nawr\u00f3ceniu wi\u0119kszo\u015bci regionalnej populacji buddyjskiej i hinduskiej na islam. Wydarzenia te przygotowa\u0142y grunt pod rz\u0105dy kilku kolejnych imperi\u00f3w muzu\u0142ma\u0144skich w regionie, w tym Imperium Ghaznawid\u00f3w (975\u20131187 n.e.), Kr\u00f3lestwa Ghorid i Su\u0142tanatu Delhi (1206\u20131526 n.e.). Dynastia Lodi, ostatnia z su\u0142tanatu Delhi, zosta\u0142a zast\u0105piona przez imperium Mogo\u0142\u00f3w (1526\u20131857 n.e.).<\/p>\n<\/blockquote>\n\n\n\n<p>To m\u00f3wi nam, \u017ce wkr\u00f3tce po \u015bmierci Mahometa w 632 r., po podbiciu Arabii, islam zacz\u0105\u0142 naje\u017cd\u017ca\u0107 Indie (&nbsp;<a href=\"https:\/\/en.wikipedia.org\/wiki\/Spread_of_Islam\" target=\"_blank\" rel=\"noreferrer noopener\">51<\/a>&nbsp;). M\u00f3wi nam r\u00f3wnie\u017c, \u017ce wszystkie imperia sprowadza\u0142y si\u0119 do jednego ostatecznego nast\u0119pcy: Imperium Mogo\u0142\u00f3w. Jednym z pierwszych krok\u00f3w podj\u0119tych po tym, jak obszary znalaz\u0142y si\u0119 pod kontrol\u0105 Mogo\u0142\u00f3w, by\u0142o zniszczenie budynk\u00f3w i pomnik\u00f3w innych kultur i imperi\u00f3w, aby zast\u0105pi\u0107 wszystko konstrukcjami, budynkami i ogrodami Mogo\u0142\u00f3w. Dokonano tego, aby z\u0142o\u017cy\u0107 \u201eo\u015bwiadczenie\u201d na temat tego, kto sprawuje kontrol\u0119 nad regionem, poniewa\u017c by\u0142y one \u201esymbolami w\u0142adzy i bogactwa (&nbsp;<a rel=\"noreferrer noopener\" href=\"https:\/\/en.wikipedia.org\/wiki\/Architecture_of_Lahore\" target=\"_blank\">52<\/a>&nbsp;)\u201d.<\/p>\n\n\n\n<p>Pomimo twierdze\u0144, \u017ce niekt\u00f3rzy w\u0142adcy Mogo\u0142\u00f3w byli tolerancyjni wobec rdzennych religii, wydaje si\u0119, \u017ce og\u00f3lnie rzecz bior\u0105c nie by\u0142o to norm\u0105. Istnieje wiele opis\u00f3w brutalno\u015bci Mogo\u0142\u00f3w wobec Hindus\u00f3w, Sikh\u00f3w, buddyst\u00f3w i d\u017cinist\u00f3w (&nbsp;<a rel=\"noreferrer noopener\" href=\"https:\/\/www.sikhnet.com\/news\/islamic-india-biggest-holocaust-world-history\" target=\"_blank\">53<\/a>&nbsp;) (&nbsp;<a rel=\"noreferrer noopener\" href=\"http:\/\/sikhsangat.org\/2015\/brutality-of-isis-is-the-copy-of-what-mughals-did-with-sikhs-of-punjab\/\" target=\"_blank\">54<\/a>&nbsp;) (&nbsp;<a rel=\"noreferrer noopener\" href=\"https:\/\/haribhakt.com\/a-demonic-mleccha-akbar-was-barbaric-cruel-muslim-ruler-and-not-great\/\" target=\"_blank\">55<\/a>&nbsp;). Skala rozlewu krwi i okrucie\u0144stwa przekracza nawet wyobra\u017cenie, ale przyw\u00f3dcy Mogo\u0142\u00f3w byli tak dumni ze sposobu, w jaki traktowali swoich rywali, \u017ce prawie wszystko nagrali; wiele \u017ar\u00f3de\u0142 pochodzi od kronikarzy w\u0142adc\u00f3w. Opr\u00f3cz zwyk\u0142ych morderstw, grabie\u017cy, gwa\u0142t\u00f3w i brania niewolnik\u00f3w, powszechne by\u0142o stosowanie tortur. Istniej\u0105 na przyk\u0142ad doniesienia o gotowaniu \u017cywcem ludzi w kot\u0142ach lub zmuszaniu ich do noszenia po\u0107wiartowanych dzieci jako girland. Jednak\u017ce jeste\u015bmy tu, w\u015br\u00f3d polityk\u00f3w i innych os\u00f3b na ca\u0142ym \u015bwiecie, kt\u00f3rzy wychwalaj\u0105 architektur\u0119 i kultur\u0119 Mogo\u0142\u00f3w, nawet tutaj, w Kanadzie.<\/p>\n\n\n\n<figure class=\"wp-block-image\"><img decoding=\"async\" src=\"https:\/\/web.archive.org\/web\/20201004011759im_\/https:\/\/shawnpaulmelville.com\/wp-content\/uploads\/2019\/10\/Thisisfine-1.png\" alt=\"\"\/><figcaption class=\"wp-element-caption\"><strong>Towarzyszy Guru Tegha Bahadura ugotowano i przepi\u0142owano \u017cywcem na jego oczach, gdy ten odm\u00f3wi\u0142 przyj\u0119cia islamu<\/strong>&nbsp;.&nbsp;<strong>M\u00f3wi si\u0119, \u017ce pozostali spokojni i niezachwiani w swojej wierze<\/strong>&nbsp;.<\/figcaption><\/figure>\n\n\n\n<p>Mo\u017cemy oceni\u0107, jak bardzo kto\u015b chce o\u017cywi\u0107 t\u0119 barbarzy\u0144sk\u0105 kultur\u0119, po tym, jak bardzo chwali si\u0119 idee Mogo\u0142\u00f3w. Czy ludzie nie rozumiej\u0105, \u017ce te budynki i ogrody s\u0105 symbolem dominacji kulturowej? Albo, co gorsza, czy rzeczywi\u015bcie my\u015bl\u0105, \u017ce promowanie powrotu Mogo\u0142\u00f3w jest tym, czego naprawd\u0119 potrzebuje \u015bwiat? Aby si\u0119 tego dowiedzie\u0107, konieczne jest zbadanie, co nasi kanadyjscy przyw\u00f3dcy m\u00f3wi\u0105 konkretnie o wspania\u0142o\u015bci morderczych Mogo\u0142\u00f3w. Kto najbardziej chwali te pomys\u0142y?<\/p>\n\n\n\n<p><strong>Architektura Taj Mahal i Mogo\u0142\u00f3w<\/strong><\/p>\n\n\n\n<p>Taj Mahal odwiedzi\u0142o wielu kanadyjskich polityk\u00f3w, w tym Stephen Harper (&nbsp;<a rel=\"noreferrer noopener\" href=\"https:\/\/www.rediff.com\/news\/slide-show\/slide-show-1-pix-canadian-pm-in-india-visits-taj-humayun-s-tomb\/20121105.htm#1\" target=\"_blank\">56<\/a>&nbsp;) i Justin Trudeau (&nbsp;<a rel=\"noreferrer noopener\" href=\"https:\/\/www.hindustantimes.com\/india-news\/trudeau-visits-taj-mahal-hails-it-as-one-of-the-most-beautiful-places-in-the-world\/story-HpYiTRDlz3c30nTBgd8ysI.html\" target=\"_blank\">57<\/a>&nbsp;). Budynek ten zosta\u0142 zbudowany w \u201ez\u0142otych latach\u201d imperium Mogo\u0142\u00f3w na cze\u015b\u0107 ulubionej \u017cony kr\u00f3la Mogo\u0142\u00f3w (&nbsp;<a rel=\"noreferrer noopener\" href=\"http:\/\/www.tajmahal-agra-tours.com\/history-legends.html\" target=\"_blank\">58<\/a>&nbsp;). Prawdopodobnie istnieje r\u00f3wnie\u017c ze wzgl\u0119du na powi\u0105zania Mogo\u0142\u00f3w z hinduizmem (&nbsp;<a rel=\"noreferrer noopener\" href=\"http:\/\/insideismailism.weebly.com\/\" target=\"_blank\">59<\/a>&nbsp;) (&nbsp;<a rel=\"noreferrer noopener\" href=\"https:\/\/sanjay-koul.blogspot.com\/2015\/04\/the-temple-built-by-mughal-emperor.html\" target=\"_blank\">60<\/a>&nbsp;). Budynek do dzi\u015b stanowi dra\u017cliwy punkt pomi\u0119dzy Hindusami i muzu\u0142manami (&nbsp;<a href=\"https:\/\/www.washingtonpost.com\/world\/is-india-neglecting-its-iconic-taj-mahal-because-it-was-built-by-muslims\/2017\/10\/03\/61bd142e-fd2a-408f-b56b-b58916f0b290_story.html?utm_term=.5c2fa7b79246\">61<\/a>&nbsp;) (&nbsp;<a href=\"https:\/\/www.washingtonpost.com\/lifestyle\/home\/the-real-magic-of-the-taj-mahal\/2018\/03\/15\/23e972ba-eb41-11e7-b698-91d4e35920a3_story.html?noredirect=on&amp;utm_term=.7c4e3ad35948\">62<\/a>&nbsp;). To prawda, \u017ce \u200b\u200bsama wizyta w Taj nie musi oznacza\u0107, \u017ce kto\u015b gloryfikuje imperium Mogo\u0142\u00f3w. Kiedy jednak polityk zdecyduje si\u0119 na dodatkowy krok i odwiedzi tak\u017ce grobowiec Humayuna i uhonoruje go, sytuacja staje si\u0119 nieco bardziej widoczna. Grobowiec jest wielkim powodem do dumy Aga-chana, poniewa\u017c by\u0142 to pierwszy grobowiec ogrodowy Mogo\u0142\u00f3w zbudowany na subkontynencie indyjskim i na jego renowacj\u0119 po\u015bwi\u0119ci\u0142 6 lat (&nbsp;<a rel=\"noreferrer noopener\" href=\"https:\/\/www.akdn.org\/press-release\/humayuns-tomb-conservation-completed\" target=\"_blank\">63<\/a>&nbsp;).<\/p>\n\n\n\n<p>Kiedy premier Alberty Jason Kenney odwiedzi\u0142 Grobowiec Humayuna w 2009 roku, udzieli\u0142 wywiadu izmailickiemu serwisowi informacyjnemu, w kt\u00f3rym obszernie pochwali\u0142 grobowiec i jego symbolik\u0119 (&nbsp;<a rel=\"noreferrer noopener\" href=\"https:\/\/ismailimail.blog\/2009\/01\/26\/conservative-minister-jason-kenney-visits-humayuns-tomb-in-new-delhi-india\/\" target=\"_blank\">64<\/a>&nbsp;). Podobnie jak wielu innych polityk\u00f3w, Kenney przez te wszystkie lata wielokrotnie robi\u0142 wszystko, co w jego mocy, aby wychwala\u0107 i uhonorowa\u0107 Chana (&nbsp;<a rel=\"noreferrer noopener\" href=\"https:\/\/ismailimail.blog\/tag\/jason-kenney\/\" target=\"_blank\">65<\/a>&nbsp;) (&nbsp;<a rel=\"noreferrer noopener\" href=\"http:\/\/www.canada.com\/life\/conservatives+send+email+blast+addresses+harvested+from+khan+livestream\/9579134\/story.html\" target=\"_blank\">66<\/a>&nbsp;) (&nbsp;<a rel=\"noreferrer noopener\" href=\"https:\/\/ismailimail.blog\/2008\/12\/08\/conservative-minister-jason-kenney-receives-mawlana-hazar-imam-and-noorani-family-at-ottawa-airport-friday-december-5th-2008\/\" target=\"_blank\">67<\/a>&nbsp;), a tak\u017ce stara\u0142 si\u0119 ponownie odwiedzi\u0107 grobowiec we wrze\u015bniu 2018 r. (&nbsp;<a rel=\"noreferrer noopener\" href=\"https:\/\/ismailimail.blog\/2018\/09\/22\/jason-kenney-leader-of-the-united-conservative-party-in-alberta-visits-humayuns-tomb-in-delhi-india\/\" target=\"_blank\">68<\/a>&nbsp;). Pomi\u0119dzy tym a wywiadem z 2009 r. i pochwa\u0142\u0105 dla nowego kanadyjskiego ogrodu Mogo\u0142\u00f3w (&nbsp;<a rel=\"noreferrer noopener\" href=\"https:\/\/twitter.com\/jkenney\/status\/1052392331184226304\" target=\"_blank\">69<\/a>&nbsp;)(&nbsp;<a rel=\"noreferrer noopener\" href=\"https:\/\/twitter.com\/jkenney\/status\/1012083916730068992\" target=\"_blank\">70<\/a>&nbsp;) nie wydaje si\u0119, aby Jason Kenney sta\u0142 po stronie Kanadyjczyk\u00f3w, je\u015bli chodzi o Ag\u0119 Khana. Oto cytat Kenneya z 2009 roku, sugeruj\u0105cy, \u017ce odrodzenie islamskiej architektury i dziedzictwa jest dobr\u0105 rzecz\u0105:<\/p>\n\n\n\n<blockquote class=\"wp-block-quote is-layout-flow wp-block-quote-is-layout-flow\">\n<p>Kiedy planowali\u015bmy t\u0119 podr\u00f3\u017c, poprosi\u0142em Alykhana Velshiego, mojego dyrektora ds. komunikacji, aby sprawdzi\u0142, czy mogliby\u015bmy zmie\u015bci\u0107 si\u0119 w wizycie w miejscu, kt\u00f3re podkre\u015bli\u0142oby cz\u0119\u015b\u0107 pracy, jak\u0105 wykona\u0142a i nadal wykonuje Sie\u0107 Rozwoju Aga Khan (AKDN). Gr\u00f3b Humayuna jest doskona\u0142ym przyk\u0142adem wysi\u0142k\u00f3w AKDN na rzecz o\u017cywienia zainteresowania islamsk\u0105 architektur\u0105 i dziedzictwem oraz takiego planowania program\u00f3w, aby jak najwi\u0119ksza liczba os\u00f3b wok\u00f3\u0142 konkretnego projektu mog\u0142a z nich skorzysta\u0107.<\/p>\n<\/blockquote>\n\n\n\n<p>Wygl\u0105da na to, \u017ce Kenney mo\u017ce by\u0107 jeszcze wi\u0119kszym fanem K ni\u017c Adrienne Clarkson! By\u0107 mo\u017ce Alberta mo\u017ce by\u0107 w powa\u017cnym niebezpiecze\u0144stwie, staj\u0105c si\u0119 kolejn\u0105 siedzib\u0105 imperium Mogo\u0142\u00f3w. Premier nie tylko darzy\u0142 szacunkiem t\u0119 barbarzy\u0144sk\u0105 cywilizacj\u0119 i samego Ag\u0119-chana, ale tak\u017ce przypisywa\u0142 sobie drastyczny nap\u0142yw uchod\u017ac\u00f3w do wiejskich obszar\u00f3w Alberty (&nbsp;<a rel=\"noreferrer noopener\" href=\"https:\/\/www.azquotes.com\/quote\/1530821\" target=\"_blank\">71<\/a>&nbsp;). Powt\u00f3rzy\u0142 nawet, \u017ce pragnie kontynuowa\u0107 t\u0119 dzia\u0142alno\u015b\u0107 (&nbsp;<a rel=\"noreferrer noopener\" href=\"https:\/\/www.theglobeandmail.com\/canada\/alberta\/article-jason-kenney-promises-to-bring-immigrants-to-rural-alberta\/\" target=\"_blank\">72<\/a>&nbsp;) (&nbsp;<a rel=\"noreferrer noopener\" href=\"https:\/\/www.cbc.ca\/news\/canada\/calgary\/jason-kenney-ucp-immigration-policy-1.5032336\" target=\"_blank\">73<\/a>&nbsp;). Co wi\u0119cej, burmistrz Calgary jest jednym z lojalnych izmailickich poddanych Agi Khana, a w Fort McMurray zbudowano nowy, ogromny meczet (&nbsp;<a rel=\"noreferrer noopener\" href=\"https:\/\/www.theglobeandmail.com\/news\/alberta\/fort-mcmurrays-muslim-community-planning-an-ambitious-multicultural-mosque\/article23119088\/\" target=\"_blank\">74<\/a>&nbsp;)(&nbsp;<a rel=\"noreferrer noopener\" href=\"https:\/\/capforcanada.com\/will-fort-mcmurray-become-canadas-first-islamic-city\/\" target=\"_blank\">75<\/a>&nbsp;)(&nbsp;<a rel=\"noreferrer noopener\" href=\"https:\/\/www.arabamerica.com\/fort-mcmurrays-muslim-community-plans-an-ambitious-multicultural-mosque\/\" target=\"_blank\">76<\/a>&nbsp;). Ten \u201ewielokulturowy\u201d meczet, Ogr\u00f3d Aga Khana i sam pluralizm s\u0105 zgodne z ide\u0105 Aga Khana III: \u017ce przed pr\u00f3b\u0105 zdobycia pe\u0142nej w\u0142adzy politycznej nale\u017cy zbudowa\u0107 kapita\u0142 spo\u0142eczny (&nbsp;<a rel=\"noreferrer noopener\" href=\"https:\/\/en.wikipedia.org\/wiki\/Aga_Khan_III\" target=\"_blank\">77<\/a>&nbsp;).<\/p>\n\n\n\n<p><strong>Wspania\u0142o\u015b\u0107 Mogo\u0142\u00f3w<\/strong><\/p>\n\n\n\n<p>Nic wi\u0119c dziwnego, \u017ce nale\u017cy zwr\u00f3ci\u0107 uwag\u0119 na symbolik\u0119 tych budynk\u00f3w i ogrod\u00f3w. W Kanadzie znajduje si\u0119 jeden z najnowszych i najbardziej ekstrawaganckich ogrod\u00f3w islamskich na \u015bwiecie (&nbsp;<a rel=\"noreferrer noopener\" href=\"https:\/\/www.akdn.org\/press-release\/aga-khan-garden-inaugurated-canada\" target=\"_blank\">78<\/a>&nbsp;) (&nbsp;<a rel=\"noreferrer noopener\" href=\"https:\/\/the.ismaili\/heritage-expressions\/landscape-architects-journey-far-designing-aga-khan-garden\" target=\"_blank\">79<\/a>&nbsp;). Ogr\u00f3d Aga Khan zosta\u0142 w\u0142a\u015bnie otwarty w zesz\u0142ym roku na kampusie Uniwersytetu Alberta i by\u0142 obchodzony w Dzie\u0144 Ojca w 2019 r. niezliczon\u0105 ilo\u015b\u0107 razy by\u0142 chwalony jako wspania\u0142y przyk\u0142ad architektury i kultury Mogo\u0142\u00f3w (&nbsp;<a href=\"https:\/\/www.civilianintelligencenetwork.ca\/2019\/04\/12\/the-aga-khans-stranglehold-on-alberta\/\" target=\"_blank\" rel=\"noreferrer noopener\">80<\/a>&nbsp;). Drugi nowy ogr\u00f3d znajduje si\u0119 w King&#8217;s Cross w Londynie, gdzie znajduje si\u0119 nawet \u201etaras odkry\u0107\u201d z tronem, z kt\u00f3rego roztacza si\u0119 widok na ca\u0142y King&#8217;s Cross i ca\u0142\u0105 panoram\u0119 Londynu (&nbsp;<a rel=\"noreferrer noopener\" href=\"https:\/\/www.agakhancentre.org.uk\/islamic-gardens-kings-cross\/\" target=\"_blank\">81<\/a>&nbsp;). Aga Khan pracuje r\u00f3wnie\u017c nad przywr\u00f3ceniem wszystkich historycznych ogrod\u00f3w Mogo\u0142\u00f3w (&nbsp;<a rel=\"noreferrer noopener\" href=\"https:\/\/www.akdn.org\/what-we-do\/historic-cities\" target=\"_blank\">82<\/a>&nbsp;). Ogrody te symbolizuj\u0105 tworzenie \u201eislamskiego raju\u201d (&nbsp;<a rel=\"noreferrer noopener\" href=\"https:\/\/en.wikipedia.org\/wiki\/Mughal_gardens\" target=\"_blank\">83<\/a>&nbsp;):<\/p>\n\n\n\n<blockquote class=\"wp-block-quote is-layout-flow wp-block-quote-is-layout-flow\">\n<p>Mogo\u0142owie mieli obsesj\u0119 na punkcie symboli [sic!] i na wiele sposob\u00f3w w\u0142\u0105czali je do swoich ogrod\u00f3w. Standardowe odniesienia do raju w Koranie dotyczy\u0142y architektury, uk\u0142adu i doboru ro\u015blin; cz\u0119sto jednak zestawiano ze sob\u0105 bardziej \u015bwieckie odniesienia, w tym znaczenia numerologiczne i zodiakalne zwi\u0105zane z histori\u0105 rodziny lub innym znaczeniem kulturowym.<\/p>\n<\/blockquote>\n\n\n\n<p>Jest oczywiste, \u017ce ogrody Aga Khan w Toronto i Albercie oraz wszystkie inne konstrukcje, budynki i pomniki pojawiaj\u0105ce si\u0119 w Kanadzie maj\u0105 zapocz\u0105tkowa\u0107 now\u0105 er\u0119 Mogo\u0142\u00f3w. Nawet muzeum Agi Khana w Toronto rozpocz\u0119\u0142o rok 2019 uroczysto\u015bci\u0105 zatytu\u0142owan\u0105 \u201eWspania\u0142o\u015b\u0107 Mogo\u0142\u00f3w (&nbsp;<a rel=\"noreferrer noopener\" href=\"https:\/\/agakhanmuseum.org\/programs\/mughal-magnificence-2019-a-new-years-eve-celebration\" target=\"_blank\">84<\/a>&nbsp;)\u201d. Wydaje si\u0119, \u017ce to idealny moment na to wydarzenie, bior\u0105c pod uwag\u0119, \u017ce Kanada ma obecnie dwa ogrody islamskie, muzeum Agi Khana i du\u017ce o\u015brodki izmailickie w Toronto i Burnaby w Kolumbii Brytyjskiej (&nbsp;<a rel=\"noreferrer noopener\" href=\"https:\/\/www.akdn.org\/where-we-work\/north-america\/canada\" target=\"_blank\">85<\/a>&nbsp;). Mamy tak\u017ce Globalne Centrum Pluralizmu w Ottawie, mieszcz\u0105ce si\u0119 w pierwszym w Kanadzie budynku Dominion Archives, kt\u00f3ry zosta\u0142 zbudowany w 1905 roku jako symbol dziedzictwa i to\u017csamo\u015bci Kanady (&nbsp;<a rel=\"noreferrer noopener\" href=\"https:\/\/www.pluralism.ca\/global-headquarters\/\" target=\"_blank\">86<\/a>&nbsp;). O\u015brodek by\u0142 niedawno gospodarzem wydarzenia, na kt\u00f3rym potwierdzono, \u017ce w Kanadzie ro\u015bnie niezadowolenie z powodu bezlitosnego narzucania nam islamu (&nbsp;<a rel=\"noreferrer noopener\" href=\"https:\/\/www.pluralism.ca\/event\/the-rise-of-popular-discontent-and-what-we-can-do-about-it\/\" target=\"_blank\">87<\/a>&nbsp;). Chrystia Freeland przemawia\u0142a podczas wydarzenia, kt\u00f3re w rzeczywisto\u015bci nosi\u0142o nazw\u0119 \u201eWzrost niezadowolenia spo\u0142ecznego i co mo\u017cemy zrobi\u0107\u201d.<\/p>\n\n\n\n<p>Dowody wskazuj\u0105, \u017ce podczas podzia\u0142u Indii Aga Chan i Liga Muzu\u0142ma\u0144ska nie posz\u0142y za przyk\u0142adem nikogo tolerancyjnego. Lahore w Pakistanie, niegdy\u015b stolica imperium Mogo\u0142\u00f3w, sta\u0142o si\u0119 jednym z najbardziej brutalnych miast podczas podzia\u0142u Indii w 1947 r., poniewa\u017c by\u0142o przedmiotem ostrego sprzeciwu zar\u00f3wno Hindus\u00f3w, jak i muzu\u0142man\u00f3w (&nbsp;<a rel=\"noreferrer noopener\" href=\"https:\/\/en.wikipedia.org\/wiki\/Lahore\" target=\"_blank\">88<\/a>&nbsp;). Sta\u0142o si\u0119 miejscem zar\u00f3wno og\u0142oszenia niepodleg\u0142o\u015bci Indii od Brytyjczyk\u00f3w, jak i uchwa\u0142y wzywaj\u0105cej do utworzenia Pakistanu. W zwi\u0105zku z tym po zako\u0144czeniu podzia\u0142u sta\u0142a si\u0119 stolic\u0105 pakista\u0144skiej prowincji Pend\u017cab. Trudno uwierzy\u0107, \u017ce inne kultury i religie by\u0142y wtedy tolerowane i szanowane (&nbsp;<a rel=\"noreferrer noopener\" href=\"https:\/\/en.wikipedia.org\/wiki\/Religion_in_Lahore\" target=\"_blank\">89<\/a>&nbsp;)(&nbsp;<a rel=\"noreferrer noopener\" href=\"https:\/\/en.wikipedia.org\/wiki\/Punjabis\" target=\"_blank\">90<\/a>&nbsp;):<\/p>\n\n\n\n<blockquote class=\"wp-block-quote is-layout-flow wp-block-quote-is-layout-flow\">\n<p>Przed podzia\u0142em Indii w 1947 r. jedn\u0105 trzeci\u0105 populacji Lahore stanowili Hindusi i Sikhowie. Hindusi i Sikhowie z Lahore zamieszkiwali \u201eodr\u0119bne enklawy\u201d. Ludno\u015b\u0107 hinduska i sikhijska opu\u015bci\u0142a miasto masowo podczas podzia\u0142u i przenios\u0142a si\u0119 do wschodniego Pend\u017cabu i Delhi w Indiach. W ten spos\u00f3b Lahore straci\u0142o ca\u0142\u0105 populacj\u0119 Hindus\u00f3w i Sikh\u00f3w. Emigranci zostali zast\u0105pieni przez muzu\u0142ma\u0144skich uchod\u017ac\u00f3w z Indii. Muzu\u0142ma\u0144scy uchod\u017acy i miejscowi rywalizowali o w\u0142asno\u015b\u0107 opuszczonej posiad\u0142o\u015bci hinduskiej i sikhijskiej.<\/p>\n<\/blockquote>\n\n\n\n<p>Dzi\u015b Lahore jest w 96% muzu\u0142manami, w por\u00f3wnaniu z 60% w 1941 r. Kiedy obecny Aga Khan promuje odrodzenie kultury Mogo\u0142\u00f3w, albo idzie za przyk\u0142adem kilku przyw\u00f3dc\u00f3w Mogo\u0142\u00f3w, kt\u00f3rzy promowali pacyfikacj\u0119 rdzennej ludno\u015bci w celu przej\u0119cia w\u0142adzy ich (\u00a0<a href=\"https:\/\/panopticnews.com\/gatewaygazette\/imamat-day-statement-from-premier-notley\/\" target=\"_blank\" rel=\"noreferrer noopener\">91<\/a>\u00a0)(\u00a0<a href=\"https:\/\/www.civilianintelligencenetwork.ca\/2019\/04\/12\/the-aga-khans-stranglehold-on-alberta\/\" target=\"_blank\" rel=\"noreferrer noopener\">92<\/a>\u00a0) lub ich wirtualn\u0105 eliminacj\u0119, jak to mia\u0142o miejsce w Pakistanie. Obie opcje by\u0142yby oczywi\u015bcie z\u0142e dla Kanady. Czy zobaczymy \u201eOg\u00f3lnokanadyjsk\u0105 Lig\u0119 Muzu\u0142ma\u0144sk\u0105\u201d?<\/p>\n\n\n\n<figure class=\"wp-block-image size-full\"><img loading=\"lazy\" decoding=\"async\" width=\"825\" height=\"994\" src=\"https:\/\/wia.net.pl\/wp-content\/uploads\/2024\/05\/Pakistan.png\" alt=\"\" class=\"wp-image-8387\" srcset=\"https:\/\/wia.net.pl\/wp-content\/uploads\/2024\/05\/Pakistan.png 825w, https:\/\/wia.net.pl\/wp-content\/uploads\/2024\/05\/Pakistan-249x300.png 249w, https:\/\/wia.net.pl\/wp-content\/uploads\/2024\/05\/Pakistan-768x925.png 768w\" sizes=\"(max-width: 825px) 100vw, 825px\" \/><\/figure>\n\n\n\n<p><strong>Bibliografia:<\/strong><\/p>\n\n\n\n<p>1.\u00a0<a href=\"https:\/\/www.dailymail.co.uk\/news\/article-528720\/How-Eton-educated-wartime-Aga-Khan-offered-30-000-armed-Arabs-help-Hitler--evaded-treason-trial.html\" target=\"_blank\" rel=\"noreferrer noopener\">https:\/\/www.dailymail.co.uk\/news\/article-528720\/How-Eton-educated-wartime-Aga-Khan-offered-30-000-armed-Arabs-help-Hitler\u2013evaded-treason- Trial.html<\/a><br>2.\u00a0<a href=\"https:\/\/www.dnaindia.com\/world\/report-media-report-on-aga-khan-iii-offering-troops-to-hitler-denied-1158875\">https:\/\/www.dnaindia.com\/world\/report-media-report-on-aga-khan-iii-offering-troops-to-hitler-denied-1158875<\/a><br>3.\u00a0<a href=\"https:\/\/www.mirror.co.uk\/news\/world-news\/chilling-black-white-footage-shows-12085383\" target=\"_blank\" rel=\"noreferrer noopener\">https:\/\/www. lustro.co.uk\/news\/world-news\/chilling-black-white-footage-shows-12085383<\/a><br>4.\u00a0<a href=\"https:\/\/www.bbc.com\/news\/uk-england-35765793\" target=\"_blank\" rel=\"noreferrer noopener\">https:\/\/www.bbc.com\/news\/uk-england-35765793<\/a><br>5.\u00a0<a href=\"https:\/\/www.britannica.com\/topic\/League-of-Nations\/Political-history#ref337587\" target=\"_blank\" rel=\"noreferrer noopener\">https:\/\/www. britannica.com\/topic\/League-of-Nations\/Political-history#ref337587<\/a><br>6.\u00a0<a href=\"http:\/\/www.timesofisrael.com\/full-official-record-what-the-mufti-said-to-hitler\/\" target=\"_blank\" rel=\"noreferrer noopener\">http:\/\/www.timesofisrael.com\/full-official-record-what-the-mufti-said-to-hitler\/<\/a><br>7.\u00a0<a href=\"http:\/\/jcpa.org\/article\/haj-amin-al-husseini-the-nazis-and-the-holocaust-the-origins-nature-and-aftereffects-of-collaboration\/\" target=\"_blank\" rel=\"noreferrer noopener\">http :\/\/jcpa.org\/article\/haj-amin-al-husseini-the-nazis-and-the-holocaust-the-origins-nature-and-aftereffects-of-collaboration\/<\/a><br>8.\u00a0<a href=\"https:\/\/journals.sagepub.com\/doi\/pdf\/10.1177\/2347798916681316\" target=\"_blank\" rel=\"noreferrer noopener\">https:\/\/journals.sagepub .com\/doi\/pdf\/10.1177\/2347798916681316<\/a><br>9.\u00a0<a href=\"https:\/\/en.wikipedia.org\/wiki\/All-India_Muslim_League\" target=\"_blank\" rel=\"noreferrer noopener\">https:\/\/en.wikipedia.org\/wiki\/All-India_Muslim_League<\/a><br>10.\u00a0<a href=\"https:\/\/en.wikipedia.org\/wiki\/Pakistan\" target=\"_blank\" rel=\"noreferrer noopener\">https:\/\/en.wikipedia.org\/wiki\/Pakistan<\/a><br>11.\u00a0<a href=\"https:\/\/www.mkgandhi.org\/biography\/hndmuslm.htm\" target=\"_blank\" rel=\"noreferrer noopener\">https:\/\/www. mkgandhi.org\/biography\/hndmuslm.htm<\/a><br>12.\u00a0<a href=\"https:\/\/worldhistoryproject.org\/1948\/1\/12\/mahatma-gandhi-announces-fast-to-end-hindu-muslim-violence-in-delhi\">https:\/\/worldhistoryproject.org\/1948\/1\/12\/mahatma-gandhi-announces-fast-to-end-hindu-muslim-violence-in-delhi<\/a><br>13.\u00a0<a href=\"https:\/\/en.wikipedia.org\/wiki\/Muslim_League_Attack_on_Sikhs_and_Hindus_in_the_Punjab_1947\" target=\"_blank\" rel=\"noreferrer noopener\">https: \/\/en.wikipedia.org\/wiki\/Muslim_League_Attack_on_Sikhs_and_Hindus_in_the_Punjab_1947<\/a><br>14.\u00a0<a href=\"https:\/\/www.historyguy.com\/2019_india_pakistan_war.htm\">https:\/\/www.historyguy.com\/2019_india_pakistan_war.htm<\/a><br>15.\u00a0<a href=\"https:\/\/en.wikipedia.org\/wiki\/All-India_Muslim_League\" target=\"_blank\" rel=\"noreferrer noopener\">https:\/\/en.wikipedia.org\/wiki\/All-India_Muslim_League<\/a><br>16.\u00a0<a href=\"https:\/\/ipolitics.ca\/2018\/01\/13\/understanding-aga-khan\/\" target=\"_blank\" rel=\"noreferrer noopener\">ipolityka .ca\/2018\/01\/13\/understanding-aga-khan\/<\/a><br>17.\u00a0<a href=\"https:\/\/lobbycanada.gc.ca\/app\/secure\/ocl\/lrs\/do\/gvFndg?cid=278184&amp;sMdKy=1376141533149&amp;lang=eng\" target=\"_blank\" rel=\"noreferrer noopener\">https:\/\/lobbycanada.gc.ca\/app\/secure\/ocl\/lrs\/do\/gvFndg?cid=278184&amp;sMdKy=1376141533149&amp;lang=eng<\/a><br>18.\u00a0<a href=\"https:\/\/www.akdn.org\/speech\/his-highness-aga-khan\/signing-funding-agreement-global-centre-pluralism-ottawa\">https: \/\/www.akdn.org\/speech\/his-highness-aga-khan\/signing-funding-agreement-global-centre-pluralism-ottawa<\/a><br>19.\u00a0<a href=\"https:\/\/lobbycanada.gc.ca\/app\/secure\/ocl\/lrs\/do\/clntSmmry?clientOrgCorpNumber=278184&amp;sMdKy=1376141533149\" target=\"_blank\" rel=\"noreferrer noopener\">https:\/\/lobbycanada.gc.ca\/app\/secure\/ocl\/lrs \/do\/clntSmmry?clientOrgCorpNumber=278184&amp;sMdKy=1376141533149<\/a><br>20.\u00a0<a href=\"https:\/\/www.akfc.ca\/our-work\/local-partners-global-citizens\/\">https:\/\/www.akfc.ca\/our-work\/local-partners-global-citizens\/<\/a><br>21.\u00a0<a href=\"https:\/\/www.akfc.ca\/work\/our-programs\/\" target=\"_blank\" rel=\"noreferrer noopener\">https:\/\/www.akfc.ca\/work\/our- programy\/<\/a><br>22.\u00a0<a href=\"https:\/\/dailyhive.com\/vancouver\/who-is-the-aga-khan-canada\">https:\/\/dailyhive.com\/vancouver\/who-is-the-aga-khan-canada<\/a><br>23.\u00a0<a href=\"https:\/\/www.akdn.org\/canada\/media-articles\" target=\"_blank\" rel=\"noreferrer noopener\">https:\/\/www.akdn.org\/canada\/media-articles<\/a><br>24.\u00a0<a href=\"http:\/\/www.asianpacificpost.com\/article\/8269-lasting-and-shared-commitment-canada.html\" target=\"_blank\" rel=\"noreferrer noopener\">http:\/\/www. asianpacificpost.com\/article\/8269-standing-and-shared-commitment-canada.html<\/a><br>25.\u00a0<a href=\"https:\/\/www.akdn.org\/where-we-work\/north-america\/canada\">https:\/\/www.akdn.org\/where-we-work\/north-america\/canada<\/a><br>26.\u00a0<a href=\"https:\/\/www.theglobeandmail.com\/news\/politics\/aga-khan-praises-canadas-commitment-to-pluralism-and-education\/article17135632\/\" target=\"_blank\" rel=\"noreferrer noopener\">https:\/\/www. theglobeandmail.com\/news\/politics\/aga-khan-praises-canadas-commitment-to-pluralism-and-education\/article17135632\/<\/a><br>27.\u00a0<a href=\"https:\/\/ismailignosis.com\/2015\/08\/02\/the-secret-life-of-the-aga-khan\/\" target=\"_blank\" rel=\"noreferrer noopener\">https:\/\/ismailignosis.com\/2015\/08\/02\/the-secret-life- of-aga-chana\/<\/a><br>28.<a href=\"https:\/\/insideismailism.blogspot.com\/2018\/01\/what-aga-khan-does-for-muslim-world.html\"><\/a><a href=\"https:\/\/insideismailism.blogspot.com\/2018\/01\/what-aga-khan-does-for-muslim-world.html\">\u00a0<\/a><a href=\"https:\/\/insideismailism.blogspot.com\/2018\/01\/what-aga-khan-does-for-muslim-world.htm\">https:\/\/insideismailism.blogspot.com\/2018\/01\/what-aga-khan-does-for-muslim-world.htm<\/a>\u00a0l<a href=\"https:\/\/insideismailism.blogspot.com\/2018\/01\/what-aga-khan-does-for-muslim-world.html\"><\/a><br>29.\u00a0<a href=\"https:\/\/ismailitoislam.com\/2014\/12\/21\/why-i-chose-to-leave-ismailism\/\" target=\"_blank\" rel=\"noreferrer noopener\">https:\/\/ismailitoislam.com\/2014\/12\/21\/why-i-chose-to-leave-ismailism\/<\/a><br>30.\u00a0<a href=\"https:\/\/www.islamawareness.net\/Deviant\/Ismailis\/mazhar.html\" target=\"_blank\" rel=\"noreferrer noopener\">https:\/\/www.islamawareness.net\/Deviant\/Ismailis\/mazhar.html<\/a><br>31.\u00a0<a href=\"https:\/\/www.dailytelegraph.com.au\/cheapie-divorce-for-a-billionaire-like-aga-khan\/news-story\/15197be11d574133fdb5ea674f23da11\">https :\/\/www.dailytelegraph.com.au\/cheapie-divorce-for-a-billionaire-like-aga-khan\/news-story\/15197be11d574133fdb5ea674f23da11<\/a><br>32.\u00a0<a href=\"http:\/\/insideismailism.weebly.com\/\" target=\"_blank\" rel=\"noreferrer noopener\">http:\/\/insideismailism.weebly.com\/<\/a><br>33.\u00a0<a href=\"http:\/\/rferl.org\/a\/aga-khan-explainer\/24686969.html\" target=\"_blank\" rel=\"noreferrer noopener\">rferl.org\/ a\/aga-khan-explainer\/24686969.html<\/a><br>34.\u00a0<a href=\"https:\/\/www.telegraph.co.uk\/news\/worldnews\/europe\/france\/10700690\/The-Aga-Khan-his-10-year-divorce-battle-with-German-princess-and-a-deal-for-50million.html\">https:\/\/www.telegraph.co.uk\/news\/worldnews\/europe\/france\/10700690\/The-Aga-Khan-his-10-year-divorce-battle -z-niemieck\u0105-ksi\u0119\u017cniczk\u0105-i-umow\u0105-na-50 milion\u00f3w.html<\/a><br>35.\u00a0<a href=\"https:\/\/rethinkingismailism.wordpress.com\/tag\/aga-khan\/\" target=\"_blank\" rel=\"noreferrer noopener\">https:\/\/rethinkingismailism.wordpress.com\/tag\/aga-khan\/<\/a><br>36.\u00a0<a href=\"https:\/\/understandismailism.blogspot.com\/2014\/07\/the-aga-khan-model-and-mystery-baby-by.html\" target=\"_blank\" rel=\"noreferrer noopener\">https:\/\/understandismailism.blogspot.com\/2014\/ 07\/the-aga-khan-model-and-mystery-baby-by.html<\/a><br>37.\u00a0<a href=\"https:\/\/www.whosdatedwho.com\/dating\/aga-khan-iv\" target=\"_blank\" rel=\"noreferrer noopener\">https:\/\/www.whosdatedwho.com\/dating\/aga-khan-iv<\/a><br>38.\u00a0<a href=\"https:\/\/www.refinery29.com\/en-us\/2018\/05\/198822\/rita-hayworth-american-actress-married-royal-meghan-markle-comparison\" target=\"_blank\" rel=\"noreferrer noopener\">https:\/\/www.refinery29.com\/ en-us\/2018\/05\/198822\/rita-hayworth-american-actress-married-royal-meghan-markle-comparison<\/a><br>39.\u00a0<a href=\"https:\/\/royalmusingsblogspotcom.blogspot.com\/2013\/04\/american-model-to-marry-heir-to-aga-khan.html\">https:\/\/royalmusingsblogspotcom.blogspot.com\/2013\/04\/american-model-to-marry -heir-to-aga-khan.html<\/a><br>40.\u00a0<a href=\"https:\/\/www.telegraph.co.uk\/news\/worldnews\/europe\/france\/10700690\/The-Aga-Khan-his-10-year-divorce-battle-with-German-princess-and-a-deal-for-50million.html\" target=\"_blank\" rel=\"noreferrer noopener\">https:\/\/www.telegraph.co.uk\/news\/worldnews\/europe\/france\/10700690\/The-Aga-Khan-his-10-year-divorce-battle- z-niemieck\u0105-ksi\u0119\u017cniczk\u0105-i-umow\u0105-na-50 milion\u00f3w.html<\/a><br>41.\u00a0<a href=\"https:\/\/ca.hellomagazine.com\/royalty\/2013091014515\/Aga-Khan-son-divorce-american-wife\">https:\/\/ca.hellomagazine.com\/royalty\/2013091014515\/Aga-Khan-son-divorce-american-wife<\/a>\u00a0\/<br>42.\u00a0<a href=\"https:\/\/en.wikipedia.org\/wiki\/Aga_Khan_III\" target=\"_blank\" rel=\"noreferrer noopener\">https:\/ \/en.wikipedia.org\/wiki\/Aga_Khan_III<\/a><br>43.\u00a0<a href=\"http:\/\/www.ismaili.net\/histoire\/history08\/history833.html\">http:\/\/www.ismaili.net\/histoire\/history08\/history833.html<\/a><br>44.\u00a0<a href=\"https:\/\/the.ismaili\/search?query=adrienne+clarkson&amp;sort_by=php\" target=\"_blank\" rel=\"noreferrer noopener\">https:\/\/the.ismaili\/search?query=adrienne+clarkson&amp;sort_by=php<\/a><br>45.\u00a0<a href=\"https:\/\/www.theglobeandmail.com\/opinion\/article-celebrating-60-years-of-the-aga-khan-and-a-special-relationship-with\/#comments\" target=\"_blank\" rel=\"noreferrer noopener\">https:\/\/www.theglobeandmail.com\/opinion\/article-celebrating-60-years-of-the-aga-khan-and-a-special-relationship-with\/#comments<\/a><br>46.\u00a0<a href=\"https:\/\/www.huffingtonpost.ca\/adam-kassam\/the-aga-khan-deserves-the-nobel-peace-prize_a_23269914\/\">https:\/\/www.huffingtonpost. ca\/adam-kassam\/the-aga-khan-deserves-the-Nobel-peace-prize_a_23269914\/<\/a><br>47.\u00a0<a href=\"https:\/\/www.thepostmillennial.com\/elections-ontario-grants-islamic-party-of-ontario-first-step-towards-registration\/\" target=\"_blank\" rel=\"noreferrer noopener\">https:\/\/www.thepostmillennial.com\/elections-ontario-grants-islamic-party-of-ontario-first- krok w stron\u0119-rejestracji\/<\/a><br>48.\u00a0<a href=\"https:\/\/en.wikipedia.org\/wiki\/Ahmadiyya\">https:\/\/en.wikipedia.org\/wiki\/Ahmadiyya<\/a><br>49.\u00a0<a href=\"https:\/\/ismailimail.blog\/2014\/11\/09\/event-november-13-florida-international-university-islam-and-authority-in-the-global-world-karim-aga-khan-and-the-ismaili-community\/\" target=\"_blank\" rel=\"noreferrer noopener\">https:\/\/ismailimail.blog\/2014\/11\/09\/event-november-13-florida-international-university-islam -i-autorytet-w-globalnym-swiecie-karim-aga-khan-i-ismaili-community\/<\/a><br>50.\u00a0<a href=\"https:\/\/en.wikipedia.org\/wiki\/Pakistan\" target=\"_blank\" rel=\"noreferrer noopener\">https:\/\/en.wikipedia.org\/wiki\/Pakistan<\/a><br>51.\u00a0<a href=\"https:\/\/en.wikipedia.org\/wiki\/Spread_of_Islam\">https:\/\/en. wikipedia.org\/wiki\/Spread_of_Islam<\/a><br>52.\u00a0<a href=\"https:\/\/en.wikipedia.org\/wiki\/Architecture_of_Lahore\" target=\"_blank\" rel=\"noreferrer noopener\">https:\/\/en.wikipedia.org\/wiki\/Architecture_of_Lahore<\/a><br>53.\u00a0<a href=\"https:\/\/www.sikhnet.com\/news\/islamic-india-biggest-holocaust-world-history\">https:\/\/www.sikhnet.com\/news\/islamic-india-biggest-holocaust-world-history<\/a><br>54.\u00a0<a href=\"http:\/\/sikhsangat.org\/2015\/brutality-of-isis-is-the-copy-of-what-mughals-did-with-sikhs-of-punjab\/\" target=\"_blank\" rel=\"noreferrer noopener\">http :\/\/sikhsangat.org\/2015\/brutality-of-isis-is-the-copy-of-what-mughals-did-with-sikhs-of-punjab\/<\/a><br>55.<a href=\"https:\/\/haribhakt.com\/a-demonic-mleccha-akbar-was-barbaric-cruel-muslim-ruler-and-not-great\/\">https:\/\/haribhakt.com\/a-demonic-mleccha-akbar-was-barbaric-cruel-muslim-ruler-and-not-great\/<\/a><br>56.\u00a0<a href=\"https:\/\/www.rediff.com\/news\/slide-show\/slide-show-1-pix-canadian-pm-in-india-visits-taj-humayun-s-tomb\/20121105.htm#1\" target=\"_blank\" rel=\"noreferrer noopener\">https:\/\/www.rediff.com\/news\/slide-show\/ slide-show-1-pix-canadian-pm-in-india-visits-taj-humayun-s-tomb\/20121105.htm#1<\/a><br>57.\u00a0<a href=\"https:\/\/www.hindustantimes.com\/india-news\/trudeau-visits-taj-mahal-hails-it-as-one-of-the-most-beautiful-places-in-the-world\/story-HpYiTRDlz3c30nTBgd8ysI.html\">https:\/\/www.hindustantimes.com\/india-news\/trudeau-visits -taj-mahal-hails-it-jako-jedno-z-najpi\u0119kniejszych-miejsc-na-\u015bwiecie\/story-HpYiTRDlz3c30nTBgd8ysI.html<\/a><br>58.\u00a0<a href=\"http:\/\/www.tajmahal-agra-tours.com\/history-legends.html\" target=\"_blank\" rel=\"noreferrer noopener\">http:\/\/www.tajmahal-agra-tours.com\/ history-legends.html<\/a><br>59.\u00a0<a href=\"http:\/\/insideismailism.weebly.com\/\">http:\/\/insideismailism.weebly.com\/<\/a><br>60.\u00a0<a href=\"https:\/\/sanjay-koul.blogspot.com\/2015\/04\/the-temple-built-by-mughal-emperor.html\" target=\"_blank\" rel=\"noreferrer noopener\">https:\/\/sanjay-koul.blogspot.com\/2015\/04\/the-temple-built-by-mughal-emperor.html<\/a><br>61.\u00a0<a href=\"https:\/\/www.washingtonpost.com\/world\/is-india-neglecting-its-iconic-taj-mahal-because-it-was-built-by-muslims\/2017\/10\/03\/61bd142e-fd2a-408f-b56b-b58916f0b290_story.html?utm_term=.5c2fa7b79246\">https:\/\/www.washingtonpost.com\/world\/is-india-neglecting-its-iconic-taj-mahal-because-it-was-built-by-muslims\/2017\/10\/03\/61bd142e-fd2a-408f- b56b-b58916f0b290_story.html?utm_term=.5c2fa7b79246<\/a><br>62.\u00a0<a href=\"https:\/\/www.washingtonpost.com\/lifestyle\/home\/the-real-magic-of-the-taj-mahal\/2018\/03\/15\/23e972ba-eb41-11e7-b698-91d4e35920a3_story.html?noredirect=on&amp;utm_term=.7c4e3ad35948\" target=\"_blank\" rel=\"noreferrer noopener\">https:\/\/www.washingtonpost.com\/lifestyle\/home\/the-real-magic-of-the-taj-mahal\/2018\/03\/15\/23e972ba-eb41- 11e7-b698-91d4e35920a3_story.html?noredirect=on&amp;utm_term=.7c4e3ad35948<\/a><br>63.\u00a0<a href=\"https:\/\/www.akdn.org\/press-release\/humayuns-tomb-conservation-completed\">https:\/\/www.akdn.org\/press-release\/humayuns-tomb-conservation-completed<\/a><br>64.\u00a0<a href=\"https:\/\/ismailimail.blog\/2009\/01\/26\/conservative-minister-jason-kenney-visits-humayuns-tomb-in-new-delhi-india\/\" target=\"_blank\" rel=\"noreferrer noopener\">https:\/\/ismailimail.blog\/2009\/01 \/26\/conservative-minister-jason-kenney-visits-humayuns-tomb-in-new-delhi-india\/<\/a><br>65.\u00a0<a href=\"https:\/\/ismailimail.blog\/tag\/jason-kenney\/\">https:\/\/ismailimail.blog\/tag\/jason-kenney\/<\/a><br>66.\u00a0<a href=\"http:\/\/www.canada.com\/life\/conservatives+send+email+blast+addresses+harvested+from+khan+livestream\/9579134\/story.html\" target=\"_blank\" rel=\"noreferrer noopener\">http:\/\/www.canada .com\/life\/conservatives+send+email+blast+adresy+harvested+from+khan+livestream\/9579134\/story.html<\/a><br>67.\u00a0<a href=\"https:\/\/ismailimail.blog\/2008\/12\/08\/conservative-minister-jason-kenney-receives-mawlana-hazar-imam-and-noorani-family-at-ottawa-airport-friday-december-5th-2008\/\" target=\"_blank\" rel=\"noreferrer noopener\">https:\/\/ismailimail.blog\/2008\/12\/08\/conservative-minister-jason- kenney-receives-mawlana-hazar-imam-and-noorani-family-at-ottawa-airport-friday-december-5th-2008\/<\/a><br>68.\u00a0<a href=\"https:\/\/ismailimail.blog\/2018\/09\/22\/jason-kenney-leader-of-the-united-conservative-party-in-alberta-visits-humayuns-tomb-in-delhi-india\/\" target=\"_blank\" rel=\"noreferrer noopener\">https:\/\/ismailimail.blog\/2018\/09\/22\/jason-kenney- lider-zjednoczonej-Partii Konserwatywnej-w-albercie-odwiedza-humayuns-tomb-in-delhi-india\/<\/a><br>69.\u00a0<a href=\"https:\/\/twitter.com\/jkenney\/status\/1052392331184226304\" target=\"_blank\" rel=\"noreferrer noopener\">https:\/\/twitter.com\/jkenney\/status\/1052392331184226304<\/a><br>70.\u00a0<a href=\"https:\/\/twitter.com\/jkenney\/status\/1012083916730068992\">https:\/\/twitter .com\/jkenney\/status\/1012083916730068992<\/a><br>71.\u00a0<a href=\"https:\/\/www.azquotes.com\/quote\/1530821\" target=\"_blank\" rel=\"noreferrer noopener\">https:\/\/www.azquotes.com\/quote\/1530821<\/a><br>72.\u00a0<a href=\"https:\/\/www.theglobeandmail.com\/canada\/alberta\/article-jason-kenney-promises-to-bring-immigrants-to-rural-alberta\/\">https:\/\/www.theglobeandmail.com\/canada\/alberta\/article-jason-kenney-promises-to-bring -immigrants-to-rural-alberta\/<\/a><br>73.\u00a0<a href=\"https:\/\/www.cbc.ca\/news\/canada\/calgary\/jason-kenney-ucp-immigration-policy-1.5032336\" target=\"_blank\" rel=\"noreferrer noopener\">https:\/\/www.cbc.ca\/news\/canada\/calgary\/jason-kenney-ucp-immigration-policy-1.5032336<\/a><br>74.\u00a0<a href=\"https:\/\/www.theglobeandmail.com\/news\/alberta\/fort-mcmurrays-muslim-community-planning-an-ambitious-multicultural-mosque\/article23119088\/\">https:\/\/www.theglobeandmail.com\/ news\/alberta\/fort-mcmurrays-muslim-community-planning-an-ambitious-multicultural-mosque\/article23119088\/<\/a><br>75.\u00a0<a href=\"https:\/\/capforcanada.com\/will-fort-mcmurray-become-canadas-first-islamic-city\/\" target=\"_blank\" rel=\"noreferrer noopener\">https:\/\/capforcanada.com\/will-fort-mcmurray-become-canadas-first-islamic-city\/<\/a><br>76.\u00a0<a href=\"https:\/\/www.arabamerica.com\/fort-mcmurrays-muslim-community-plans-an-ambitious-multicultural-mosque\/\" target=\"_blank\" rel=\"noreferrer noopener\">https:\/\/www.arabamerica.com\/fort-mcmurrays-muslim-community-plans-an-ambitious-multicultural-mosque\/<\/a><br>77.\u00a0<a href=\"https:\/\/en.wikipedia.org\/wiki\/Aga_Khan_III\">https:\/\/en.wikipedia.org\/wiki\/Aga_Khan_III<\/a><br>78.<a href=\"https:\/\/www.akdn.org\/press-release\/aga-khan-garden-inaugurated-canada\" target=\"_blank\" rel=\"noreferrer noopener\">https:\/\/www.akdn.org\/press-release\/aga-khan-garden-inaugurated-canada<\/a><br>79.\u00a0<a href=\"https:\/\/the.ismaili\/heritage-expressions\/landscape-architects-journey-far-designing-aga-khan-garden\">https:\/\/the.ismaili\/heritage-expressions\/landscape-architects-journey-far-designing-aga-khan -garden<\/a><br>80.\u00a0<a href=\"https:\/\/shawnpaulmelville.com\/2019\/04\/12\/the-aga-khans-stranglehold-on-alberta\/\" target=\"_blank\" rel=\"noreferrer noopener\">https:\/\/civilintelligencenetwork.ca \/2019\/\u00a0<\/a><a href=\"https:\/\/www.civilianintelligencenetwork.ca\/2019\/08\/22\/frank-giustra-strangle-twitter\/\" target=\"_blank\" rel=\"noreferrer noopener\">04\u00a0<\/a><a href=\"https:\/\/shawnpaulmelville.com\/2019\/04\/12\/the-aga-khans-stranglehold-on-alberta\/\" target=\"_blank\" rel=\"noreferrer noopener\">\/12\/the-aga-khans-stranglehold-on-alberta\/<\/a><br>81.\u00a0<a href=\"https:\/\/www.agakhancentre.org.uk\/islamic-gardens-kings-cross\/\">https:\/\/www.agakhancentre.org.uk\/islamic-gardens-kings- cross\/<\/a><br>82.\u00a0<a href=\"https:\/\/www.akdn.org\/what-we-do\/historic-cities\" target=\"_blank\" rel=\"noreferrer noopener\">https:\/\/www.akdn.org\/what-we-do\/historic-cities<\/a><br>83.\u00a0<a href=\"https:\/\/en.wikipedia.org\/wiki\/Mughal_gardens\" target=\"_blank\" rel=\"noreferrer noopener\">https:\/\/en.wikipedia.org\/wiki\/Mughal_gardens<\/a><br>84.\u00a0<a href=\"https:\/\/agakhanmuseum.org\/programs\/mughal-magnificence-2019-a-new-years-eve-celebration\">https:\/\/agakhanmuseum.org\/programs\/ mughal-magnifience-2019-a-celebracja-nowo-lata-eve<\/a><br>85.\u00a0<a href=\"https:\/\/www.akdn.org\/where-we-work\/north-america\/canada\" target=\"_blank\" rel=\"noreferrer noopener\">https:\/\/www.akdn.org\/where-we-work\/north-america\/canada<\/a><br>86.\u00a0<a href=\"https:\/\/www.pluralism.ca\/global-headquarters\/\" target=\"_blank\" rel=\"noreferrer noopener\">https:\/\/www.pluralism.ca\/ siedziba-globalna\/<\/a><br>87.\u00a0<a href=\"https:\/\/www.pluralism.ca\/event\/the-rise-of-popular-discontent-and-what-we-can-do-about-it\/\">https:\/\/www.pluralism.ca\/event\/the-rise-of-popular-discontent-and-co-mo\u017cemy-zrobic-o-it\/<\/a><br>88.\u00a0<a href=\"https:\/\/en.wikipedia.org\/wiki\/Lahore\" target=\"_blank\" rel=\"noreferrer noopener\">https:\/\/en. wikipedia.org\/wiki\/Lahore<\/a><br>89.\u00a0<a href=\"https:\/\/en.wikipedia.org\/wiki\/Religion_in_Lahore\">https:\/\/en.wikipedia.org\/wiki\/Religion_in_Lahore<\/a><br>90.\u00a0<a href=\"https:\/\/en.wikipedia.org\/wiki\/Punjabis\" target=\"_blank\" rel=\"noreferrer noopener\">https:\/\/en.wikipedia.org\/wiki\/Punjabis<\/a><br>91.\u00a0<a href=\"https:\/\/panopticnews.com\/gatewaygazette\/imamat-day-statement-from-premier-notley\/\">https:\/\/panopticnews.com\/gatewaygazette\/imamat -day-statement-from-premier-notley\/<\/a><br>92.\u00a0<a href=\"https:\/\/www.civilianintelligencenetwork.ca\/2019\/04\/12\/the-aga-khans-stranglehold-on-alberta\/\">https:\/\/www.civilianintelligencenetwork.ca\/2019\/04\/12\/the-aga-khans-stranglehold-on-alberta\/<\/a><\/p>\n\n\n\n<p>Zr\u00f3d\u0142o <a href=\"https:\/\/www.civilianintelligencenetwork.ca\/2019\/06\/18\/the-aga-khans-mughal-canada\/\">https:\/\/www.civilianintelligencenetwork.ca\/2019\/06\/18\/the-aga-khans-mughal-canada\/<\/a><\/p>\n","protected":false},"excerpt":{"rendered":"<p>ISLAM I ZACH\u00d3D Autor, Molly Chan, 2019-06-18 Wersja AUDIO W 2008 roku w ko\u0144cu opublikowano notatk\u0119 dotycz\u0105c\u0105 Agi Khana III, kt\u00f3ra by\u0142a zapiecz\u0119towana przez 60 lat (\u00a01\u00a0). Notatk\u0119 otrzyma\u0142 rz\u0105d brytyjski od nazistowskiego agenta po zako\u0144czeniu wojny, kiedy wszystko zosta\u0142o&#8230; <\/p>\n","protected":false},"author":2,"featured_media":8389,"comment_status":"open","ping_status":"open","sticky":false,"template":"","format":"standard","meta":{"_acf_changed":false,"_bbp_topic_count":0,"_bbp_reply_count":0,"_bbp_total_topic_count":0,"_bbp_total_reply_count":0,"_bbp_voice_count":0,"_bbp_anonymous_reply_count":0,"_bbp_topic_count_hidden":0,"_bbp_reply_count_hidden":0,"_bbp_forum_subforum_count":0,"om_disable_all_campaigns":false,"_monsterinsights_skip_tracking":false,"footnotes":""},"categories":[93],"tags":[],"class_list":["post-8385","post","type-post","status-publish","format-standard","has-post-thumbnail","hentry","category-artykuly"],"acf":[],"aioseo_notices":[],"aioseo_head":"\n\t\t<!-- All in One SEO 5.0.1.1 - aioseo.com -->\n\t<meta name=\"description\" content=\"ISLAM I ZACH\u00d3D Autor, Molly Chan, 2019-06-18 Wersja AUDIO W 2008 roku w ko\u0144cu opublikowano notatk\u0119 dotycz\u0105c\u0105 Agi Khana III, kt\u00f3ra by\u0142a zapiecz\u0119towana przez 60 lat ( 1 ). Notatk\u0119 otrzyma\u0142 rz\u0105d brytyjski od nazistowskiego agenta po zako\u0144czeniu wojny, kiedy wszystko zosta\u0142o skonfiskowane, a ludzie zmuszeni do przyznania si\u0119 do winy. W notatce z 1942 r. czytamy,\" \/>\n\t<meta name=\"robots\" content=\"max-image-preview:large\" \/>\n\t<meta name=\"author\" content=\"trinity\"\/>\n\t<link rel=\"canonical\" href=\"https:\/\/wia.net.pl\/index.php\/2024\/05\/13\/mogolska-kanada-agi-chana\/\" \/>\n\t<meta name=\"generator\" content=\"All in One SEO (AIOSEO) 5.0.1.1\" \/>\n\t\t<meta property=\"og:locale\" content=\"pl_PL\" \/>\n\t\t<meta property=\"og:site_name\" content=\"Wolno\u015b\u0107 i Anarchia - Ka\u017cdy wewn\u0119trznie jest anarchist\u0105.\" \/>\n\t\t<meta property=\"og:type\" content=\"article\" \/>\n\t\t<meta property=\"og:title\" content=\"Mogolska Kanada Agi Chana - Wolno\u015b\u0107 i Anarchia\" \/>\n\t\t<meta property=\"og:description\" content=\"ISLAM I ZACH\u00d3D Autor, Molly Chan, 2019-06-18 Wersja AUDIO W 2008 roku w ko\u0144cu opublikowano notatk\u0119 dotycz\u0105c\u0105 Agi Khana III, kt\u00f3ra by\u0142a zapiecz\u0119towana przez 60 lat ( 1 ). Notatk\u0119 otrzyma\u0142 rz\u0105d brytyjski od nazistowskiego agenta po zako\u0144czeniu wojny, kiedy wszystko zosta\u0142o skonfiskowane, a ludzie zmuszeni do przyznania si\u0119 do winy. W notatce z 1942 r. czytamy,\" \/>\n\t\t<meta property=\"og:url\" content=\"https:\/\/wia.net.pl\/index.php\/2024\/05\/13\/mogolska-kanada-agi-chana\/\" \/>\n\t\t<meta property=\"og:image\" content=\"https:\/\/wia.net.pl\/wp-content\/uploads\/2023\/11\/cropped-freedom-i73367.jpg\" \/>\n\t\t<meta property=\"og:image:secure_url\" content=\"https:\/\/wia.net.pl\/wp-content\/uploads\/2023\/11\/cropped-freedom-i73367.jpg\" \/>\n\t\t<meta property=\"article:published_time\" content=\"2024-05-13T19:00:25+00:00\" \/>\n\t\t<meta property=\"article:modified_time\" content=\"2024-05-13T19:00:26+00:00\" \/>\n\t\t<meta name=\"twitter:card\" content=\"summary_large_image\" \/>\n\t\t<meta name=\"twitter:title\" content=\"Mogolska Kanada Agi Chana - Wolno\u015b\u0107 i Anarchia\" \/>\n\t\t<meta name=\"twitter:description\" content=\"ISLAM I ZACH\u00d3D Autor, Molly Chan, 2019-06-18 Wersja AUDIO W 2008 roku w ko\u0144cu opublikowano notatk\u0119 dotycz\u0105c\u0105 Agi Khana III, kt\u00f3ra by\u0142a zapiecz\u0119towana przez 60 lat ( 1 ). Notatk\u0119 otrzyma\u0142 rz\u0105d brytyjski od nazistowskiego agenta po zako\u0144czeniu wojny, kiedy wszystko zosta\u0142o skonfiskowane, a ludzie zmuszeni do przyznania si\u0119 do winy. W notatce z 1942 r. czytamy,\" \/>\n\t\t<meta name=\"twitter:image\" content=\"https:\/\/wia.net.pl\/wp-content\/uploads\/2023\/11\/cropped-freedom-i73367.jpg\" \/>\n\t\t<script type=\"application\/ld+json\" class=\"aioseo-schema\">\n\t\t\t{\"@context\":\"https:\\\/\\\/schema.org\",\"@graph\":[{\"@type\":\"BlogPosting\",\"@id\":\"https:\\\/\\\/wia.net.pl\\\/index.php\\\/2024\\\/05\\\/13\\\/mogolska-kanada-agi-chana\\\/#blogposting\",\"name\":\"Mogolska Kanada Agi Chana - Wolno\\u015b\\u0107 i Anarchia\",\"headline\":\"Mogolska Kanada Agi Chana\",\"author\":{\"@id\":\"https:\\\/\\\/wia.net.pl\\\/index.php\\\/author\\\/trinity\\\/#author\"},\"publisher\":{\"@id\":\"https:\\\/\\\/wia.net.pl\\\/#person\"},\"image\":{\"@type\":\"ImageObject\",\"url\":\"https:\\\/\\\/wia.net.pl\\\/wp-content\\\/uploads\\\/2024\\\/05\\\/Kanada-Mogolow.jpg\",\"width\":1920,\"height\":1080},\"datePublished\":\"2024-05-13T21:00:25+02:00\",\"dateModified\":\"2024-05-13T21:00:26+02:00\",\"inLanguage\":\"pl-PL\",\"mainEntityOfPage\":{\"@id\":\"https:\\\/\\\/wia.net.pl\\\/index.php\\\/2024\\\/05\\\/13\\\/mogolska-kanada-agi-chana\\\/#webpage\"},\"isPartOf\":{\"@id\":\"https:\\\/\\\/wia.net.pl\\\/index.php\\\/2024\\\/05\\\/13\\\/mogolska-kanada-agi-chana\\\/#webpage\"},\"articleSection\":\"Artyku\\u0142y\"},{\"@type\":\"BreadcrumbList\",\"@id\":\"https:\\\/\\\/wia.net.pl\\\/index.php\\\/2024\\\/05\\\/13\\\/mogolska-kanada-agi-chana\\\/#breadcrumblist\",\"itemListElement\":[{\"@type\":\"ListItem\",\"@id\":\"https:\\\/\\\/wia.net.pl#listItem\",\"position\":1,\"name\":\"Home\",\"item\":\"https:\\\/\\\/wia.net.pl\",\"nextItem\":{\"@type\":\"ListItem\",\"@id\":\"https:\\\/\\\/wia.net.pl\\\/index.php\\\/category\\\/artykuly\\\/#listItem\",\"name\":\"Artyku\\u0142y\"}},{\"@type\":\"ListItem\",\"@id\":\"https:\\\/\\\/wia.net.pl\\\/index.php\\\/category\\\/artykuly\\\/#listItem\",\"position\":2,\"name\":\"Artyku\\u0142y\",\"item\":\"https:\\\/\\\/wia.net.pl\\\/index.php\\\/category\\\/artykuly\\\/\",\"nextItem\":{\"@type\":\"ListItem\",\"@id\":\"https:\\\/\\\/wia.net.pl\\\/index.php\\\/2024\\\/05\\\/13\\\/mogolska-kanada-agi-chana\\\/#listItem\",\"name\":\"Mogolska Kanada Agi Chana\"},\"previousItem\":{\"@type\":\"ListItem\",\"@id\":\"https:\\\/\\\/wia.net.pl#listItem\",\"name\":\"Home\"}},{\"@type\":\"ListItem\",\"@id\":\"https:\\\/\\\/wia.net.pl\\\/index.php\\\/2024\\\/05\\\/13\\\/mogolska-kanada-agi-chana\\\/#listItem\",\"position\":3,\"name\":\"Mogolska Kanada Agi Chana\",\"previousItem\":{\"@type\":\"ListItem\",\"@id\":\"https:\\\/\\\/wia.net.pl\\\/index.php\\\/category\\\/artykuly\\\/#listItem\",\"name\":\"Artyku\\u0142y\"}}]},{\"@type\":\"Person\",\"@id\":\"https:\\\/\\\/wia.net.pl\\\/#person\",\"name\":\"Bart\\u0142omiej Talarczyk\",\"image\":{\"@type\":\"ImageObject\",\"@id\":\"https:\\\/\\\/wia.net.pl\\\/index.php\\\/2024\\\/05\\\/13\\\/mogolska-kanada-agi-chana\\\/#personImage\",\"url\":\"https:\\\/\\\/wia.net.pl\\\/wp-content\\\/uploads\\\/avatar-privacy\\\/cache\\\/user\\\/1\\\/7\\\/176a6b161c58363ff49b5c167264231f519f5c7fa183ca1f61e891769b6b56d5-96.jpg\",\"width\":96,\"height\":96,\"caption\":\"Bart\\u0142omiej Talarczyk\"}},{\"@type\":\"Person\",\"@id\":\"https:\\\/\\\/wia.net.pl\\\/index.php\\\/author\\\/trinity\\\/#author\",\"url\":\"https:\\\/\\\/wia.net.pl\\\/index.php\\\/author\\\/trinity\\\/\",\"name\":\"trinity\",\"image\":{\"@type\":\"ImageObject\",\"@id\":\"https:\\\/\\\/wia.net.pl\\\/index.php\\\/2024\\\/05\\\/13\\\/mogolska-kanada-agi-chana\\\/#authorImage\",\"url\":\"https:\\\/\\\/wia.net.pl\\\/wp-content\\\/uploads\\\/avatar-privacy\\\/cache\\\/user\\\/5\\\/f\\\/5f6547cf82495eaa10e100a6a45d5dbde2dfdc1be88557de2018fca705bdf6f1-96.jpg\",\"width\":96,\"height\":96,\"caption\":\"trinity\"}},{\"@type\":\"WebPage\",\"@id\":\"https:\\\/\\\/wia.net.pl\\\/index.php\\\/2024\\\/05\\\/13\\\/mogolska-kanada-agi-chana\\\/#webpage\",\"url\":\"https:\\\/\\\/wia.net.pl\\\/index.php\\\/2024\\\/05\\\/13\\\/mogolska-kanada-agi-chana\\\/\",\"name\":\"Mogolska Kanada Agi Chana - Wolno\\u015b\\u0107 i Anarchia\",\"description\":\"ISLAM I ZACH\\u00d3D Autor, Molly Chan, 2019-06-18 Wersja AUDIO W 2008 roku w ko\\u0144cu opublikowano notatk\\u0119 dotycz\\u0105c\\u0105 Agi Khana III, kt\\u00f3ra by\\u0142a zapiecz\\u0119towana przez 60 lat ( 1 ). Notatk\\u0119 otrzyma\\u0142 rz\\u0105d brytyjski od nazistowskiego agenta po zako\\u0144czeniu wojny, kiedy wszystko zosta\\u0142o skonfiskowane, a ludzie zmuszeni do przyznania si\\u0119 do winy. W notatce z 1942 r. czytamy,\",\"inLanguage\":\"pl-PL\",\"isPartOf\":{\"@id\":\"https:\\\/\\\/wia.net.pl\\\/#website\"},\"breadcrumb\":{\"@id\":\"https:\\\/\\\/wia.net.pl\\\/index.php\\\/2024\\\/05\\\/13\\\/mogolska-kanada-agi-chana\\\/#breadcrumblist\"},\"author\":{\"@id\":\"https:\\\/\\\/wia.net.pl\\\/index.php\\\/author\\\/trinity\\\/#author\"},\"creator\":{\"@id\":\"https:\\\/\\\/wia.net.pl\\\/index.php\\\/author\\\/trinity\\\/#author\"},\"image\":{\"@type\":\"ImageObject\",\"url\":\"https:\\\/\\\/wia.net.pl\\\/wp-content\\\/uploads\\\/2024\\\/05\\\/Kanada-Mogolow.jpg\",\"@id\":\"https:\\\/\\\/wia.net.pl\\\/index.php\\\/2024\\\/05\\\/13\\\/mogolska-kanada-agi-chana\\\/#mainImage\",\"width\":1920,\"height\":1080},\"primaryImageOfPage\":{\"@id\":\"https:\\\/\\\/wia.net.pl\\\/index.php\\\/2024\\\/05\\\/13\\\/mogolska-kanada-agi-chana\\\/#mainImage\"},\"datePublished\":\"2024-05-13T21:00:25+02:00\",\"dateModified\":\"2024-05-13T21:00:26+02:00\"},{\"@type\":\"WebSite\",\"@id\":\"https:\\\/\\\/wia.net.pl\\\/#website\",\"url\":\"https:\\\/\\\/wia.net.pl\\\/\",\"name\":\"Wolno\\u015b\\u0107 i Anarchia\",\"description\":\"Ka\\u017cdy wewn\\u0119trznie jest anarchist\\u0105.\",\"inLanguage\":\"pl-PL\",\"publisher\":{\"@id\":\"https:\\\/\\\/wia.net.pl\\\/#person\"}}]}\n\t\t<\/script>\n\t\t<!-- All in One SEO -->\n\n","aioseo_head_json":{"title":"Mogolska Kanada Agi Chana - Wolno\u015b\u0107 i Anarchia","description":"ISLAM I ZACH\u00d3D Autor, Molly Chan, 2019-06-18 Wersja AUDIO W 2008 roku w ko\u0144cu opublikowano notatk\u0119 dotycz\u0105c\u0105 Agi Khana III, kt\u00f3ra by\u0142a zapiecz\u0119towana przez 60 lat ( 1 ). Notatk\u0119 otrzyma\u0142 rz\u0105d brytyjski od nazistowskiego agenta po zako\u0144czeniu wojny, kiedy wszystko zosta\u0142o skonfiskowane, a ludzie zmuszeni do przyznania si\u0119 do winy. W notatce z 1942 r. czytamy,","canonical_url":"https:\/\/wia.net.pl\/index.php\/2024\/05\/13\/mogolska-kanada-agi-chana\/","robots":"max-image-preview:large","keywords":"","webmasterTools":{"miscellaneous":""},"schema":{"@context":"https:\/\/schema.org","@graph":[{"@type":"BlogPosting","@id":"https:\/\/wia.net.pl\/index.php\/2024\/05\/13\/mogolska-kanada-agi-chana\/#blogposting","name":"Mogolska Kanada Agi Chana - Wolno\u015b\u0107 i Anarchia","headline":"Mogolska Kanada Agi Chana","author":{"@id":"https:\/\/wia.net.pl\/index.php\/author\/trinity\/#author"},"publisher":{"@id":"https:\/\/wia.net.pl\/#person"},"image":{"@type":"ImageObject","url":"https:\/\/wia.net.pl\/wp-content\/uploads\/2024\/05\/Kanada-Mogolow.jpg","width":1920,"height":1080},"datePublished":"2024-05-13T21:00:25+02:00","dateModified":"2024-05-13T21:00:26+02:00","inLanguage":"pl-PL","mainEntityOfPage":{"@id":"https:\/\/wia.net.pl\/index.php\/2024\/05\/13\/mogolska-kanada-agi-chana\/#webpage"},"isPartOf":{"@id":"https:\/\/wia.net.pl\/index.php\/2024\/05\/13\/mogolska-kanada-agi-chana\/#webpage"},"articleSection":"Artyku\u0142y"},{"@type":"BreadcrumbList","@id":"https:\/\/wia.net.pl\/index.php\/2024\/05\/13\/mogolska-kanada-agi-chana\/#breadcrumblist","itemListElement":[{"@type":"ListItem","@id":"https:\/\/wia.net.pl#listItem","position":1,"name":"Home","item":"https:\/\/wia.net.pl","nextItem":{"@type":"ListItem","@id":"https:\/\/wia.net.pl\/index.php\/category\/artykuly\/#listItem","name":"Artyku\u0142y"}},{"@type":"ListItem","@id":"https:\/\/wia.net.pl\/index.php\/category\/artykuly\/#listItem","position":2,"name":"Artyku\u0142y","item":"https:\/\/wia.net.pl\/index.php\/category\/artykuly\/","nextItem":{"@type":"ListItem","@id":"https:\/\/wia.net.pl\/index.php\/2024\/05\/13\/mogolska-kanada-agi-chana\/#listItem","name":"Mogolska Kanada Agi Chana"},"previousItem":{"@type":"ListItem","@id":"https:\/\/wia.net.pl#listItem","name":"Home"}},{"@type":"ListItem","@id":"https:\/\/wia.net.pl\/index.php\/2024\/05\/13\/mogolska-kanada-agi-chana\/#listItem","position":3,"name":"Mogolska Kanada Agi Chana","previousItem":{"@type":"ListItem","@id":"https:\/\/wia.net.pl\/index.php\/category\/artykuly\/#listItem","name":"Artyku\u0142y"}}]},{"@type":"Person","@id":"https:\/\/wia.net.pl\/#person","name":"Bart\u0142omiej Talarczyk","image":{"@type":"ImageObject","@id":"https:\/\/wia.net.pl\/index.php\/2024\/05\/13\/mogolska-kanada-agi-chana\/#personImage","url":"https:\/\/wia.net.pl\/wp-content\/uploads\/avatar-privacy\/cache\/user\/1\/7\/176a6b161c58363ff49b5c167264231f519f5c7fa183ca1f61e891769b6b56d5-96.jpg","width":96,"height":96,"caption":"Bart\u0142omiej Talarczyk"}},{"@type":"Person","@id":"https:\/\/wia.net.pl\/index.php\/author\/trinity\/#author","url":"https:\/\/wia.net.pl\/index.php\/author\/trinity\/","name":"trinity","image":{"@type":"ImageObject","@id":"https:\/\/wia.net.pl\/index.php\/2024\/05\/13\/mogolska-kanada-agi-chana\/#authorImage","url":"https:\/\/wia.net.pl\/wp-content\/uploads\/avatar-privacy\/cache\/user\/5\/f\/5f6547cf82495eaa10e100a6a45d5dbde2dfdc1be88557de2018fca705bdf6f1-96.jpg","width":96,"height":96,"caption":"trinity"}},{"@type":"WebPage","@id":"https:\/\/wia.net.pl\/index.php\/2024\/05\/13\/mogolska-kanada-agi-chana\/#webpage","url":"https:\/\/wia.net.pl\/index.php\/2024\/05\/13\/mogolska-kanada-agi-chana\/","name":"Mogolska Kanada Agi Chana - Wolno\u015b\u0107 i Anarchia","description":"ISLAM I ZACH\u00d3D Autor, Molly Chan, 2019-06-18 Wersja AUDIO W 2008 roku w ko\u0144cu opublikowano notatk\u0119 dotycz\u0105c\u0105 Agi Khana III, kt\u00f3ra by\u0142a zapiecz\u0119towana przez 60 lat ( 1 ). Notatk\u0119 otrzyma\u0142 rz\u0105d brytyjski od nazistowskiego agenta po zako\u0144czeniu wojny, kiedy wszystko zosta\u0142o skonfiskowane, a ludzie zmuszeni do przyznania si\u0119 do winy. W notatce z 1942 r. czytamy,","inLanguage":"pl-PL","isPartOf":{"@id":"https:\/\/wia.net.pl\/#website"},"breadcrumb":{"@id":"https:\/\/wia.net.pl\/index.php\/2024\/05\/13\/mogolska-kanada-agi-chana\/#breadcrumblist"},"author":{"@id":"https:\/\/wia.net.pl\/index.php\/author\/trinity\/#author"},"creator":{"@id":"https:\/\/wia.net.pl\/index.php\/author\/trinity\/#author"},"image":{"@type":"ImageObject","url":"https:\/\/wia.net.pl\/wp-content\/uploads\/2024\/05\/Kanada-Mogolow.jpg","@id":"https:\/\/wia.net.pl\/index.php\/2024\/05\/13\/mogolska-kanada-agi-chana\/#mainImage","width":1920,"height":1080},"primaryImageOfPage":{"@id":"https:\/\/wia.net.pl\/index.php\/2024\/05\/13\/mogolska-kanada-agi-chana\/#mainImage"},"datePublished":"2024-05-13T21:00:25+02:00","dateModified":"2024-05-13T21:00:26+02:00"},{"@type":"WebSite","@id":"https:\/\/wia.net.pl\/#website","url":"https:\/\/wia.net.pl\/","name":"Wolno\u015b\u0107 i Anarchia","description":"Ka\u017cdy wewn\u0119trznie jest anarchist\u0105.","inLanguage":"pl-PL","publisher":{"@id":"https:\/\/wia.net.pl\/#person"}}]},"og:locale":"pl_PL","og:site_name":"Wolno\u015b\u0107 i Anarchia - Ka\u017cdy wewn\u0119trznie jest anarchist\u0105.","og:type":"article","og:title":"Mogolska Kanada Agi Chana - Wolno\u015b\u0107 i Anarchia","og:description":"ISLAM I ZACH\u00d3D Autor, Molly Chan, 2019-06-18 Wersja AUDIO W 2008 roku w ko\u0144cu opublikowano notatk\u0119 dotycz\u0105c\u0105 Agi Khana III, kt\u00f3ra by\u0142a zapiecz\u0119towana przez 60 lat ( 1 ). Notatk\u0119 otrzyma\u0142 rz\u0105d brytyjski od nazistowskiego agenta po zako\u0144czeniu wojny, kiedy wszystko zosta\u0142o skonfiskowane, a ludzie zmuszeni do przyznania si\u0119 do winy. W notatce z 1942 r. czytamy,","og:url":"https:\/\/wia.net.pl\/index.php\/2024\/05\/13\/mogolska-kanada-agi-chana\/","og:image":"https:\/\/wia.net.pl\/wp-content\/uploads\/2023\/11\/cropped-freedom-i73367.jpg","og:image:secure_url":"https:\/\/wia.net.pl\/wp-content\/uploads\/2023\/11\/cropped-freedom-i73367.jpg","article:published_time":"2024-05-13T19:00:25+00:00","article:modified_time":"2024-05-13T19:00:26+00:00","twitter:card":"summary_large_image","twitter:title":"Mogolska Kanada Agi Chana - Wolno\u015b\u0107 i Anarchia","twitter:description":"ISLAM I ZACH\u00d3D Autor, Molly Chan, 2019-06-18 Wersja AUDIO W 2008 roku w ko\u0144cu opublikowano notatk\u0119 dotycz\u0105c\u0105 Agi Khana III, kt\u00f3ra by\u0142a zapiecz\u0119towana przez 60 lat ( 1 ). Notatk\u0119 otrzyma\u0142 rz\u0105d brytyjski od nazistowskiego agenta po zako\u0144czeniu wojny, kiedy wszystko zosta\u0142o skonfiskowane, a ludzie zmuszeni do przyznania si\u0119 do winy. W notatce z 1942 r. czytamy,","twitter:image":"https:\/\/wia.net.pl\/wp-content\/uploads\/2023\/11\/cropped-freedom-i73367.jpg"},"aioseo_meta_data":{"post_id":"8385","title":null,"description":null,"keywords":null,"keyphrases":{"focus":{"keyphrase":"","score":0,"analysis":{"keyphraseInTitle":{"score":0,"maxScore":9,"error":1}}},"additional":[]},"primary_term":null,"canonical_url":null,"og_title":null,"og_description":null,"og_object_type":"default","og_image_type":"default","og_image_url":null,"og_image_width":null,"og_image_height":null,"og_image_custom_url":null,"og_image_custom_fields":null,"og_video":"","og_custom_url":null,"og_article_section":null,"og_article_tags":null,"twitter_use_og":false,"twitter_card":"default","twitter_image_type":"default","twitter_image_url":null,"twitter_image_custom_url":null,"twitter_image_custom_fields":null,"twitter_title":null,"twitter_description":null,"schema":{"blockGraphs":[],"customGraphs":[],"default":{"data":{"Article":[],"Course":[],"Dataset":[],"FAQPage":[],"Movie":[],"Person":[],"Product":[],"ProductReview":[],"Car":[],"Recipe":[],"Service":[],"SoftwareApplication":[],"WebPage":[]},"graphName":"BlogPosting","isEnabled":true},"graphs":[]},"schema_type":"default","schema_type_options":null,"pillar_content":false,"robots_default":true,"robots_noindex":false,"robots_noarchive":false,"robots_nosnippet":false,"robots_nofollow":false,"robots_noimageindex":false,"robots_noodp":false,"robots_notranslate":false,"robots_max_snippet":"-1","robots_max_videopreview":"-1","robots_max_imagepreview":"large","priority":null,"frequency":"default","local_seo":null,"breadcrumb_settings":null,"limit_modified_date":false,"ai":null,"created":"2024-05-13 19:00:26","updated":"2025-06-04 10:36:08","seo_analyzer_scan_date":null,"focus_keyword":null,"additional_keywords":null,"truseo_locale":null},"aioseo_breadcrumb":"<div class=\"aioseo-breadcrumbs\"><span class=\"aioseo-breadcrumb\">\n\t\t\t<a href=\"https:\/\/wia.net.pl\" title=\"Home\">Home<\/a>\n\t\t<\/span><span class=\"aioseo-breadcrumb-separator\">&raquo;<\/span><span class=\"aioseo-breadcrumb\">\n\t\t\t<a href=\"https:\/\/wia.net.pl\/index.php\/category\/artykuly\/\" title=\"Artyku\u0142y\">Artyku\u0142y<\/a>\n\t\t<\/span><span class=\"aioseo-breadcrumb-separator\">&raquo;<\/span><span class=\"aioseo-breadcrumb\">\n\t\t\tMogolska Kanada Agi Chana\n\t\t<\/span><\/div>","aioseo_breadcrumb_json":[{"label":"Home","link":"https:\/\/wia.net.pl"},{"label":"Artyku\u0142y","link":"https:\/\/wia.net.pl\/index.php\/category\/artykuly\/"},{"label":"Mogolska Kanada Agi Chana","link":"https:\/\/wia.net.pl\/index.php\/2024\/05\/13\/mogolska-kanada-agi-chana\/"}],"_links":{"self":[{"href":"https:\/\/wia.net.pl\/index.php\/wp-json\/wp\/v2\/posts\/8385"}],"collection":[{"href":"https:\/\/wia.net.pl\/index.php\/wp-json\/wp\/v2\/posts"}],"about":[{"href":"https:\/\/wia.net.pl\/index.php\/wp-json\/wp\/v2\/types\/post"}],"author":[{"embeddable":true,"href":"https:\/\/wia.net.pl\/index.php\/wp-json\/wp\/v2\/users\/2"}],"replies":[{"embeddable":true,"href":"https:\/\/wia.net.pl\/index.php\/wp-json\/wp\/v2\/comments?post=8385"}],"version-history":[{"count":1,"href":"https:\/\/wia.net.pl\/index.php\/wp-json\/wp\/v2\/posts\/8385\/revisions"}],"predecessor-version":[{"id":8390,"href":"https:\/\/wia.net.pl\/index.php\/wp-json\/wp\/v2\/posts\/8385\/revisions\/8390"}],"wp:featuredmedia":[{"embeddable":true,"href":"https:\/\/wia.net.pl\/index.php\/wp-json\/wp\/v2\/media\/8389"}],"wp:attachment":[{"href":"https:\/\/wia.net.pl\/index.php\/wp-json\/wp\/v2\/media?parent=8385"}],"wp:term":[{"taxonomy":"category","embeddable":true,"href":"https:\/\/wia.net.pl\/index.php\/wp-json\/wp\/v2\/categories?post=8385"},{"taxonomy":"post_tag","embeddable":true,"href":"https:\/\/wia.net.pl\/index.php\/wp-json\/wp\/v2\/tags?post=8385"}],"curies":[{"name":"wp","href":"https:\/\/api.w.org\/{rel}","templated":true}]}}