{"id":8399,"date":"2024-05-14T23:29:03","date_gmt":"2024-05-14T21:29:03","guid":{"rendered":"https:\/\/wia.net.pl\/?p=8399"},"modified":"2024-05-14T23:30:20","modified_gmt":"2024-05-14T21:30:20","slug":"pozar-notre-dame-poczatkiem-resetu","status":"publish","type":"post","link":"https:\/\/wia.net.pl\/index.php\/2024\/05\/14\/pozar-notre-dame-poczatkiem-resetu\/","title":{"rendered":"PO\u017bAR NOTRE DAME -EWA PAWELA"},"content":{"rendered":"\n<p>Autor, Ewa Pawela<\/p>\n\n\n\n<p>PO\u017bAR NOTRE DAME POCZ\u0104TKIEM  RESETU &#8211; EWA PAWELA<\/p>\n\n\n\n<figure class=\"wp-block-image size-large\"><img loading=\"lazy\" decoding=\"async\" width=\"1024\" height=\"576\" src=\"https:\/\/wia.net.pl\/wp-content\/uploads\/2024\/05\/POZAR-NOTRE-DAME-1024x576.jpg\" alt=\"\" class=\"wp-image-8400\" srcset=\"https:\/\/wia.net.pl\/wp-content\/uploads\/2024\/05\/POZAR-NOTRE-DAME-1024x576.jpg 1024w, https:\/\/wia.net.pl\/wp-content\/uploads\/2024\/05\/POZAR-NOTRE-DAME-300x169.jpg 300w, https:\/\/wia.net.pl\/wp-content\/uploads\/2024\/05\/POZAR-NOTRE-DAME-768x432.jpg 768w, https:\/\/wia.net.pl\/wp-content\/uploads\/2024\/05\/POZAR-NOTRE-DAME-1536x864.jpg 1536w, https:\/\/wia.net.pl\/wp-content\/uploads\/2024\/05\/POZAR-NOTRE-DAME-480x270.jpg 480w, https:\/\/wia.net.pl\/wp-content\/uploads\/2024\/05\/POZAR-NOTRE-DAME.jpg 1920w\" sizes=\"(max-width: 1024px) 100vw, 1024px\" \/><\/figure>\n\n\n<p><iframe loading=\"lazy\" title=\"PO\u017bAR NOTRE DAME POCZ\u0104TKIEM WIELKIEGO RESETU\" width=\"858\" height=\"483\" src=\"https:\/\/www.youtube.com\/embed\/O-YmxseR5XI?feature=oembed\" frameborder=\"0\" allow=\"accelerometer; autoplay; clipboard-write; encrypted-media; gyroscope; picture-in-picture; web-share\" referrerpolicy=\"strict-origin-when-cross-origin\" allowfullscreen><\/iframe><\/p>\n\n\n\n<p>Podobnie jak 9\/11 po\u017car Notre-Dame by\u0142 wyzwalaczem kolejnego etapu zniewalania ludzko\u015bci na drodze do jednego rz\u0105du \u015bwiatowego i jednej uniwersalnej religii. Katedr\u0119 podpalono w ramach zacierania materialnych i duchowych \u015blad\u00f3w chrze\u015bcija\u0144skiego dziedzictwa Europy i dostosowywania naszej zbiorowej \u015bwiadomo\u015bci do wymarzonej przez kabalist\u00f3w Ery Noachickiej. Jednak mimo wielopi\u0119trowego spisku i si\u0142y \u017cywio\u0142u Opatrzno\u015b\u0107 ocali\u0142a od zniszczenia praktycznie wszystkie zgromadzone w katedrze relikwie, skarby i arcydzie\u0142a. Znowu Diabe\u0142 si\u0119 natrudzi\u0142 na wi\u0119ksz\u0105 Chwa\u0142\u0119 Bo\u017c\u0105..<\/p>\n\n\n\n<p>\u017bR\u00d3D\u0141O <a href=\"https:\/\/www.youtube.com\/watch?v=O-YmxseR5XI\">https:\/\/www.youtube.com\/watch?v=O-YmxseR5XI<\/a><\/p>\n","protected":false},"excerpt":{"rendered":"<p>Autor, Ewa Pawela PO\u017bAR NOTRE DAME POCZ\u0104TKIEM RESETU &#8211; EWA PAWELA Podobnie jak 9\/11 po\u017car Notre-Dame by\u0142 wyzwalaczem kolejnego etapu zniewalania ludzko\u015bci na drodze do jednego rz\u0105du \u015bwiatowego i jednej uniwersalnej religii. Katedr\u0119 podpalono w ramach zacierania materialnych i duchowych&#8230; <\/p>\n","protected":false},"author":2,"featured_media":8401,"comment_status":"open","ping_status":"open","sticky":false,"template":"","format":"standard","meta":{"_acf_changed":false,"_bbp_topic_count":0,"_bbp_reply_count":0,"_bbp_total_topic_count":0,"_bbp_total_reply_count":0,"_bbp_voice_count":0,"_bbp_anonymous_reply_count":0,"_bbp_topic_count_hidden":0,"_bbp_reply_count_hidden":0,"_bbp_forum_subforum_count":0,"om_disable_all_campaigns":false,"_monsterinsights_skip_tracking":false,"footnotes":""},"categories":[13],"tags":[],"class_list":["post-8399","post","type-post","status-publish","format-standard","has-post-thumbnail","hentry","category-prawdaoswiecie"],"acf":[],"aioseo_notices":[],"aioseo_head":"\n\t\t<!-- All in One SEO 5.0.1.1 - aioseo.com -->\n\t<meta name=\"description\" content=\"Autor, Ewa Pawela PO\u017bAR NOTRE DAME POCZ\u0104TKIEM RESETU - EWA PAWELA https:\/\/www.youtube.com\/watch?v=O-YmxseR5XI Podobnie jak 9\/11 po\u017car Notre-Dame by\u0142 wyzwalaczem kolejnego etapu zniewalania ludzko\u015bci na drodze do jednego rz\u0105du \u015bwiatowego i jednej uniwersalnej religii. Katedr\u0119 podpalono w ramach zacierania materialnych i duchowych \u015blad\u00f3w chrze\u015bcija\u0144skiego dziedzictwa Europy i dostosowywania naszej zbiorowej \u015bwiadomo\u015bci do wymarzonej przez kabalist\u00f3w Ery\" \/>\n\t<meta name=\"robots\" content=\"max-image-preview:large\" \/>\n\t<meta name=\"author\" content=\"trinity\"\/>\n\t<link rel=\"canonical\" href=\"https:\/\/wia.net.pl\/index.php\/2024\/05\/14\/pozar-notre-dame-poczatkiem-resetu\/\" \/>\n\t<meta name=\"generator\" content=\"All in One SEO (AIOSEO) 5.0.1.1\" \/>\n\t\t<meta property=\"og:locale\" content=\"pl_PL\" \/>\n\t\t<meta property=\"og:site_name\" content=\"Wolno\u015b\u0107 i Anarchia - Ka\u017cdy wewn\u0119trznie jest anarchist\u0105.\" \/>\n\t\t<meta property=\"og:type\" content=\"article\" \/>\n\t\t<meta property=\"og:title\" content=\"PO\u017bAR NOTRE DAME -EWA PAWELA - Wolno\u015b\u0107 i Anarchia\" \/>\n\t\t<meta property=\"og:description\" content=\"Autor, Ewa Pawela PO\u017bAR NOTRE DAME POCZ\u0104TKIEM RESETU - EWA PAWELA https:\/\/www.youtube.com\/watch?v=O-YmxseR5XI Podobnie jak 9\/11 po\u017car Notre-Dame by\u0142 wyzwalaczem kolejnego etapu zniewalania ludzko\u015bci na drodze do jednego rz\u0105du \u015bwiatowego i jednej uniwersalnej religii. Katedr\u0119 podpalono w ramach zacierania materialnych i duchowych \u015blad\u00f3w chrze\u015bcija\u0144skiego dziedzictwa Europy i dostosowywania naszej zbiorowej \u015bwiadomo\u015bci do wymarzonej przez kabalist\u00f3w Ery\" \/>\n\t\t<meta property=\"og:url\" content=\"https:\/\/wia.net.pl\/index.php\/2024\/05\/14\/pozar-notre-dame-poczatkiem-resetu\/\" \/>\n\t\t<meta property=\"og:image\" content=\"https:\/\/wia.net.pl\/wp-content\/uploads\/2023\/11\/cropped-freedom-i73367.jpg\" \/>\n\t\t<meta property=\"og:image:secure_url\" content=\"https:\/\/wia.net.pl\/wp-content\/uploads\/2023\/11\/cropped-freedom-i73367.jpg\" \/>\n\t\t<meta property=\"article:published_time\" content=\"2024-05-14T21:29:03+00:00\" \/>\n\t\t<meta property=\"article:modified_time\" content=\"2024-05-14T21:30:20+00:00\" \/>\n\t\t<meta name=\"twitter:card\" content=\"summary_large_image\" \/>\n\t\t<meta name=\"twitter:title\" content=\"PO\u017bAR NOTRE DAME -EWA PAWELA - Wolno\u015b\u0107 i Anarchia\" \/>\n\t\t<meta name=\"twitter:description\" content=\"Autor, Ewa Pawela PO\u017bAR NOTRE DAME POCZ\u0104TKIEM RESETU - EWA PAWELA https:\/\/www.youtube.com\/watch?v=O-YmxseR5XI Podobnie jak 9\/11 po\u017car Notre-Dame by\u0142 wyzwalaczem kolejnego etapu zniewalania ludzko\u015bci na drodze do jednego rz\u0105du \u015bwiatowego i jednej uniwersalnej religii. Katedr\u0119 podpalono w ramach zacierania materialnych i duchowych \u015blad\u00f3w chrze\u015bcija\u0144skiego dziedzictwa Europy i dostosowywania naszej zbiorowej \u015bwiadomo\u015bci do wymarzonej przez kabalist\u00f3w Ery\" \/>\n\t\t<meta name=\"twitter:image\" content=\"https:\/\/wia.net.pl\/wp-content\/uploads\/2023\/11\/cropped-freedom-i73367.jpg\" \/>\n\t\t<script type=\"application\/ld+json\" class=\"aioseo-schema\">\n\t\t\t{\"@context\":\"https:\\\/\\\/schema.org\",\"@graph\":[{\"@type\":\"BlogPosting\",\"@id\":\"https:\\\/\\\/wia.net.pl\\\/index.php\\\/2024\\\/05\\\/14\\\/pozar-notre-dame-poczatkiem-resetu\\\/#blogposting\",\"name\":\"PO\\u017bAR NOTRE DAME -EWA PAWELA - Wolno\\u015b\\u0107 i Anarchia\",\"headline\":\"PO\\u017bAR NOTRE DAME -EWA PAWELA\",\"author\":{\"@id\":\"https:\\\/\\\/wia.net.pl\\\/index.php\\\/author\\\/trinity\\\/#author\"},\"publisher\":{\"@id\":\"https:\\\/\\\/wia.net.pl\\\/#person\"},\"image\":{\"@type\":\"ImageObject\",\"url\":\"https:\\\/\\\/wia.net.pl\\\/wp-content\\\/uploads\\\/2024\\\/05\\\/POZAR-NOTRE-DAME-1.jpg\",\"width\":1920,\"height\":1080},\"datePublished\":\"2024-05-14T23:29:03+02:00\",\"dateModified\":\"2024-05-14T23:30:20+02:00\",\"inLanguage\":\"pl-PL\",\"mainEntityOfPage\":{\"@id\":\"https:\\\/\\\/wia.net.pl\\\/index.php\\\/2024\\\/05\\\/14\\\/pozar-notre-dame-poczatkiem-resetu\\\/#webpage\"},\"isPartOf\":{\"@id\":\"https:\\\/\\\/wia.net.pl\\\/index.php\\\/2024\\\/05\\\/14\\\/pozar-notre-dame-poczatkiem-resetu\\\/#webpage\"},\"articleSection\":\"Prawda o \\u015bwiecie\"},{\"@type\":\"BreadcrumbList\",\"@id\":\"https:\\\/\\\/wia.net.pl\\\/index.php\\\/2024\\\/05\\\/14\\\/pozar-notre-dame-poczatkiem-resetu\\\/#breadcrumblist\",\"itemListElement\":[{\"@type\":\"ListItem\",\"@id\":\"https:\\\/\\\/wia.net.pl#listItem\",\"position\":1,\"name\":\"Home\",\"item\":\"https:\\\/\\\/wia.net.pl\",\"nextItem\":{\"@type\":\"ListItem\",\"@id\":\"https:\\\/\\\/wia.net.pl\\\/index.php\\\/category\\\/prawdaoswiecie\\\/#listItem\",\"name\":\"Prawda o \\u015bwiecie\"}},{\"@type\":\"ListItem\",\"@id\":\"https:\\\/\\\/wia.net.pl\\\/index.php\\\/category\\\/prawdaoswiecie\\\/#listItem\",\"position\":2,\"name\":\"Prawda o \\u015bwiecie\",\"item\":\"https:\\\/\\\/wia.net.pl\\\/index.php\\\/category\\\/prawdaoswiecie\\\/\",\"nextItem\":{\"@type\":\"ListItem\",\"@id\":\"https:\\\/\\\/wia.net.pl\\\/index.php\\\/2024\\\/05\\\/14\\\/pozar-notre-dame-poczatkiem-resetu\\\/#listItem\",\"name\":\"PO\\u017bAR NOTRE DAME -EWA PAWELA\"},\"previousItem\":{\"@type\":\"ListItem\",\"@id\":\"https:\\\/\\\/wia.net.pl#listItem\",\"name\":\"Home\"}},{\"@type\":\"ListItem\",\"@id\":\"https:\\\/\\\/wia.net.pl\\\/index.php\\\/2024\\\/05\\\/14\\\/pozar-notre-dame-poczatkiem-resetu\\\/#listItem\",\"position\":3,\"name\":\"PO\\u017bAR NOTRE DAME -EWA PAWELA\",\"previousItem\":{\"@type\":\"ListItem\",\"@id\":\"https:\\\/\\\/wia.net.pl\\\/index.php\\\/category\\\/prawdaoswiecie\\\/#listItem\",\"name\":\"Prawda o \\u015bwiecie\"}}]},{\"@type\":\"Person\",\"@id\":\"https:\\\/\\\/wia.net.pl\\\/#person\",\"name\":\"Bart\\u0142omiej Talarczyk\",\"image\":{\"@type\":\"ImageObject\",\"@id\":\"https:\\\/\\\/wia.net.pl\\\/index.php\\\/2024\\\/05\\\/14\\\/pozar-notre-dame-poczatkiem-resetu\\\/#personImage\",\"url\":\"https:\\\/\\\/wia.net.pl\\\/wp-content\\\/uploads\\\/avatar-privacy\\\/cache\\\/user\\\/1\\\/7\\\/176a6b161c58363ff49b5c167264231f519f5c7fa183ca1f61e891769b6b56d5-96.jpg\",\"width\":96,\"height\":96,\"caption\":\"Bart\\u0142omiej Talarczyk\"}},{\"@type\":\"Person\",\"@id\":\"https:\\\/\\\/wia.net.pl\\\/index.php\\\/author\\\/trinity\\\/#author\",\"url\":\"https:\\\/\\\/wia.net.pl\\\/index.php\\\/author\\\/trinity\\\/\",\"name\":\"trinity\",\"image\":{\"@type\":\"ImageObject\",\"@id\":\"https:\\\/\\\/wia.net.pl\\\/index.php\\\/2024\\\/05\\\/14\\\/pozar-notre-dame-poczatkiem-resetu\\\/#authorImage\",\"url\":\"https:\\\/\\\/wia.net.pl\\\/wp-content\\\/uploads\\\/avatar-privacy\\\/cache\\\/user\\\/5\\\/f\\\/5f6547cf82495eaa10e100a6a45d5dbde2dfdc1be88557de2018fca705bdf6f1-96.jpg\",\"width\":96,\"height\":96,\"caption\":\"trinity\"}},{\"@type\":\"WebPage\",\"@id\":\"https:\\\/\\\/wia.net.pl\\\/index.php\\\/2024\\\/05\\\/14\\\/pozar-notre-dame-poczatkiem-resetu\\\/#webpage\",\"url\":\"https:\\\/\\\/wia.net.pl\\\/index.php\\\/2024\\\/05\\\/14\\\/pozar-notre-dame-poczatkiem-resetu\\\/\",\"name\":\"PO\\u017bAR NOTRE DAME -EWA PAWELA - Wolno\\u015b\\u0107 i Anarchia\",\"description\":\"Autor, Ewa Pawela PO\\u017bAR NOTRE DAME POCZ\\u0104TKIEM RESETU - EWA PAWELA https:\\\/\\\/www.youtube.com\\\/watch?v=O-YmxseR5XI Podobnie jak 9\\\/11 po\\u017car Notre-Dame by\\u0142 wyzwalaczem kolejnego etapu zniewalania ludzko\\u015bci na drodze do jednego rz\\u0105du \\u015bwiatowego i jednej uniwersalnej religii. Katedr\\u0119 podpalono w ramach zacierania materialnych i duchowych \\u015blad\\u00f3w chrze\\u015bcija\\u0144skiego dziedzictwa Europy i dostosowywania naszej zbiorowej \\u015bwiadomo\\u015bci do wymarzonej przez kabalist\\u00f3w Ery\",\"inLanguage\":\"pl-PL\",\"isPartOf\":{\"@id\":\"https:\\\/\\\/wia.net.pl\\\/#website\"},\"breadcrumb\":{\"@id\":\"https:\\\/\\\/wia.net.pl\\\/index.php\\\/2024\\\/05\\\/14\\\/pozar-notre-dame-poczatkiem-resetu\\\/#breadcrumblist\"},\"author\":{\"@id\":\"https:\\\/\\\/wia.net.pl\\\/index.php\\\/author\\\/trinity\\\/#author\"},\"creator\":{\"@id\":\"https:\\\/\\\/wia.net.pl\\\/index.php\\\/author\\\/trinity\\\/#author\"},\"image\":{\"@type\":\"ImageObject\",\"url\":\"https:\\\/\\\/wia.net.pl\\\/wp-content\\\/uploads\\\/2024\\\/05\\\/POZAR-NOTRE-DAME-1.jpg\",\"@id\":\"https:\\\/\\\/wia.net.pl\\\/index.php\\\/2024\\\/05\\\/14\\\/pozar-notre-dame-poczatkiem-resetu\\\/#mainImage\",\"width\":1920,\"height\":1080},\"primaryImageOfPage\":{\"@id\":\"https:\\\/\\\/wia.net.pl\\\/index.php\\\/2024\\\/05\\\/14\\\/pozar-notre-dame-poczatkiem-resetu\\\/#mainImage\"},\"datePublished\":\"2024-05-14T23:29:03+02:00\",\"dateModified\":\"2024-05-14T23:30:20+02:00\"},{\"@type\":\"WebSite\",\"@id\":\"https:\\\/\\\/wia.net.pl\\\/#website\",\"url\":\"https:\\\/\\\/wia.net.pl\\\/\",\"name\":\"Wolno\\u015b\\u0107 i Anarchia\",\"description\":\"Ka\\u017cdy wewn\\u0119trznie jest anarchist\\u0105.\",\"inLanguage\":\"pl-PL\",\"publisher\":{\"@id\":\"https:\\\/\\\/wia.net.pl\\\/#person\"}}]}\n\t\t<\/script>\n\t\t<!-- All in One SEO -->\n\n","aioseo_head_json":{"title":"PO\u017bAR NOTRE DAME -EWA PAWELA - Wolno\u015b\u0107 i Anarchia","description":"Autor, Ewa Pawela PO\u017bAR NOTRE DAME POCZ\u0104TKIEM RESETU - EWA PAWELA https:\/\/www.youtube.com\/watch?v=O-YmxseR5XI Podobnie jak 9\/11 po\u017car Notre-Dame by\u0142 wyzwalaczem kolejnego etapu zniewalania ludzko\u015bci na drodze do jednego rz\u0105du \u015bwiatowego i jednej uniwersalnej religii. Katedr\u0119 podpalono w ramach zacierania materialnych i duchowych \u015blad\u00f3w chrze\u015bcija\u0144skiego dziedzictwa Europy i dostosowywania naszej zbiorowej \u015bwiadomo\u015bci do wymarzonej przez kabalist\u00f3w Ery","canonical_url":"https:\/\/wia.net.pl\/index.php\/2024\/05\/14\/pozar-notre-dame-poczatkiem-resetu\/","robots":"max-image-preview:large","keywords":"","webmasterTools":{"miscellaneous":""},"schema":{"@context":"https:\/\/schema.org","@graph":[{"@type":"BlogPosting","@id":"https:\/\/wia.net.pl\/index.php\/2024\/05\/14\/pozar-notre-dame-poczatkiem-resetu\/#blogposting","name":"PO\u017bAR NOTRE DAME -EWA PAWELA - Wolno\u015b\u0107 i Anarchia","headline":"PO\u017bAR NOTRE DAME -EWA PAWELA","author":{"@id":"https:\/\/wia.net.pl\/index.php\/author\/trinity\/#author"},"publisher":{"@id":"https:\/\/wia.net.pl\/#person"},"image":{"@type":"ImageObject","url":"https:\/\/wia.net.pl\/wp-content\/uploads\/2024\/05\/POZAR-NOTRE-DAME-1.jpg","width":1920,"height":1080},"datePublished":"2024-05-14T23:29:03+02:00","dateModified":"2024-05-14T23:30:20+02:00","inLanguage":"pl-PL","mainEntityOfPage":{"@id":"https:\/\/wia.net.pl\/index.php\/2024\/05\/14\/pozar-notre-dame-poczatkiem-resetu\/#webpage"},"isPartOf":{"@id":"https:\/\/wia.net.pl\/index.php\/2024\/05\/14\/pozar-notre-dame-poczatkiem-resetu\/#webpage"},"articleSection":"Prawda o \u015bwiecie"},{"@type":"BreadcrumbList","@id":"https:\/\/wia.net.pl\/index.php\/2024\/05\/14\/pozar-notre-dame-poczatkiem-resetu\/#breadcrumblist","itemListElement":[{"@type":"ListItem","@id":"https:\/\/wia.net.pl#listItem","position":1,"name":"Home","item":"https:\/\/wia.net.pl","nextItem":{"@type":"ListItem","@id":"https:\/\/wia.net.pl\/index.php\/category\/prawdaoswiecie\/#listItem","name":"Prawda o \u015bwiecie"}},{"@type":"ListItem","@id":"https:\/\/wia.net.pl\/index.php\/category\/prawdaoswiecie\/#listItem","position":2,"name":"Prawda o \u015bwiecie","item":"https:\/\/wia.net.pl\/index.php\/category\/prawdaoswiecie\/","nextItem":{"@type":"ListItem","@id":"https:\/\/wia.net.pl\/index.php\/2024\/05\/14\/pozar-notre-dame-poczatkiem-resetu\/#listItem","name":"PO\u017bAR NOTRE DAME -EWA PAWELA"},"previousItem":{"@type":"ListItem","@id":"https:\/\/wia.net.pl#listItem","name":"Home"}},{"@type":"ListItem","@id":"https:\/\/wia.net.pl\/index.php\/2024\/05\/14\/pozar-notre-dame-poczatkiem-resetu\/#listItem","position":3,"name":"PO\u017bAR NOTRE DAME -EWA PAWELA","previousItem":{"@type":"ListItem","@id":"https:\/\/wia.net.pl\/index.php\/category\/prawdaoswiecie\/#listItem","name":"Prawda o \u015bwiecie"}}]},{"@type":"Person","@id":"https:\/\/wia.net.pl\/#person","name":"Bart\u0142omiej Talarczyk","image":{"@type":"ImageObject","@id":"https:\/\/wia.net.pl\/index.php\/2024\/05\/14\/pozar-notre-dame-poczatkiem-resetu\/#personImage","url":"https:\/\/wia.net.pl\/wp-content\/uploads\/avatar-privacy\/cache\/user\/1\/7\/176a6b161c58363ff49b5c167264231f519f5c7fa183ca1f61e891769b6b56d5-96.jpg","width":96,"height":96,"caption":"Bart\u0142omiej Talarczyk"}},{"@type":"Person","@id":"https:\/\/wia.net.pl\/index.php\/author\/trinity\/#author","url":"https:\/\/wia.net.pl\/index.php\/author\/trinity\/","name":"trinity","image":{"@type":"ImageObject","@id":"https:\/\/wia.net.pl\/index.php\/2024\/05\/14\/pozar-notre-dame-poczatkiem-resetu\/#authorImage","url":"https:\/\/wia.net.pl\/wp-content\/uploads\/avatar-privacy\/cache\/user\/5\/f\/5f6547cf82495eaa10e100a6a45d5dbde2dfdc1be88557de2018fca705bdf6f1-96.jpg","width":96,"height":96,"caption":"trinity"}},{"@type":"WebPage","@id":"https:\/\/wia.net.pl\/index.php\/2024\/05\/14\/pozar-notre-dame-poczatkiem-resetu\/#webpage","url":"https:\/\/wia.net.pl\/index.php\/2024\/05\/14\/pozar-notre-dame-poczatkiem-resetu\/","name":"PO\u017bAR NOTRE DAME -EWA PAWELA - Wolno\u015b\u0107 i Anarchia","description":"Autor, Ewa Pawela PO\u017bAR NOTRE DAME POCZ\u0104TKIEM RESETU - EWA PAWELA https:\/\/www.youtube.com\/watch?v=O-YmxseR5XI Podobnie jak 9\/11 po\u017car Notre-Dame by\u0142 wyzwalaczem kolejnego etapu zniewalania ludzko\u015bci na drodze do jednego rz\u0105du \u015bwiatowego i jednej uniwersalnej religii. Katedr\u0119 podpalono w ramach zacierania materialnych i duchowych \u015blad\u00f3w chrze\u015bcija\u0144skiego dziedzictwa Europy i dostosowywania naszej zbiorowej \u015bwiadomo\u015bci do wymarzonej przez kabalist\u00f3w Ery","inLanguage":"pl-PL","isPartOf":{"@id":"https:\/\/wia.net.pl\/#website"},"breadcrumb":{"@id":"https:\/\/wia.net.pl\/index.php\/2024\/05\/14\/pozar-notre-dame-poczatkiem-resetu\/#breadcrumblist"},"author":{"@id":"https:\/\/wia.net.pl\/index.php\/author\/trinity\/#author"},"creator":{"@id":"https:\/\/wia.net.pl\/index.php\/author\/trinity\/#author"},"image":{"@type":"ImageObject","url":"https:\/\/wia.net.pl\/wp-content\/uploads\/2024\/05\/POZAR-NOTRE-DAME-1.jpg","@id":"https:\/\/wia.net.pl\/index.php\/2024\/05\/14\/pozar-notre-dame-poczatkiem-resetu\/#mainImage","width":1920,"height":1080},"primaryImageOfPage":{"@id":"https:\/\/wia.net.pl\/index.php\/2024\/05\/14\/pozar-notre-dame-poczatkiem-resetu\/#mainImage"},"datePublished":"2024-05-14T23:29:03+02:00","dateModified":"2024-05-14T23:30:20+02:00"},{"@type":"WebSite","@id":"https:\/\/wia.net.pl\/#website","url":"https:\/\/wia.net.pl\/","name":"Wolno\u015b\u0107 i Anarchia","description":"Ka\u017cdy wewn\u0119trznie jest anarchist\u0105.","inLanguage":"pl-PL","publisher":{"@id":"https:\/\/wia.net.pl\/#person"}}]},"og:locale":"pl_PL","og:site_name":"Wolno\u015b\u0107 i Anarchia - Ka\u017cdy wewn\u0119trznie jest anarchist\u0105.","og:type":"article","og:title":"PO\u017bAR NOTRE DAME -EWA PAWELA - Wolno\u015b\u0107 i Anarchia","og:description":"Autor, Ewa Pawela PO\u017bAR NOTRE DAME POCZ\u0104TKIEM RESETU - EWA PAWELA https:\/\/www.youtube.com\/watch?v=O-YmxseR5XI Podobnie jak 9\/11 po\u017car Notre-Dame by\u0142 wyzwalaczem kolejnego etapu zniewalania ludzko\u015bci na drodze do jednego rz\u0105du \u015bwiatowego i jednej uniwersalnej religii. Katedr\u0119 podpalono w ramach zacierania materialnych i duchowych \u015blad\u00f3w chrze\u015bcija\u0144skiego dziedzictwa Europy i dostosowywania naszej zbiorowej \u015bwiadomo\u015bci do wymarzonej przez kabalist\u00f3w Ery","og:url":"https:\/\/wia.net.pl\/index.php\/2024\/05\/14\/pozar-notre-dame-poczatkiem-resetu\/","og:image":"https:\/\/wia.net.pl\/wp-content\/uploads\/2023\/11\/cropped-freedom-i73367.jpg","og:image:secure_url":"https:\/\/wia.net.pl\/wp-content\/uploads\/2023\/11\/cropped-freedom-i73367.jpg","article:published_time":"2024-05-14T21:29:03+00:00","article:modified_time":"2024-05-14T21:30:20+00:00","twitter:card":"summary_large_image","twitter:title":"PO\u017bAR NOTRE DAME -EWA PAWELA - Wolno\u015b\u0107 i Anarchia","twitter:description":"Autor, Ewa Pawela PO\u017bAR NOTRE DAME POCZ\u0104TKIEM RESETU - EWA PAWELA https:\/\/www.youtube.com\/watch?v=O-YmxseR5XI Podobnie jak 9\/11 po\u017car Notre-Dame by\u0142 wyzwalaczem kolejnego etapu zniewalania ludzko\u015bci na drodze do jednego rz\u0105du \u015bwiatowego i jednej uniwersalnej religii. Katedr\u0119 podpalono w ramach zacierania materialnych i duchowych \u015blad\u00f3w chrze\u015bcija\u0144skiego dziedzictwa Europy i dostosowywania naszej zbiorowej \u015bwiadomo\u015bci do wymarzonej przez kabalist\u00f3w Ery","twitter:image":"https:\/\/wia.net.pl\/wp-content\/uploads\/2023\/11\/cropped-freedom-i73367.jpg"},"aioseo_meta_data":{"post_id":"8399","title":null,"description":null,"keywords":null,"keyphrases":{"focus":{"keyphrase":"","score":0,"analysis":{"keyphraseInTitle":{"score":0,"maxScore":9,"error":1}}},"additional":[]},"primary_term":null,"canonical_url":null,"og_title":null,"og_description":null,"og_object_type":"default","og_image_type":"default","og_image_url":null,"og_image_width":null,"og_image_height":null,"og_image_custom_url":null,"og_image_custom_fields":null,"og_video":"","og_custom_url":null,"og_article_section":null,"og_article_tags":null,"twitter_use_og":false,"twitter_card":"default","twitter_image_type":"default","twitter_image_url":null,"twitter_image_custom_url":null,"twitter_image_custom_fields":null,"twitter_title":null,"twitter_description":null,"schema":{"blockGraphs":[],"customGraphs":[],"default":{"data":{"Article":[],"Course":[],"Dataset":[],"FAQPage":[],"Movie":[],"Person":[],"Product":[],"ProductReview":[],"Car":[],"Recipe":[],"Service":[],"SoftwareApplication":[],"WebPage":[]},"graphName":"BlogPosting","isEnabled":true},"graphs":[]},"schema_type":"default","schema_type_options":null,"pillar_content":false,"robots_default":true,"robots_noindex":false,"robots_noarchive":false,"robots_nosnippet":false,"robots_nofollow":false,"robots_noimageindex":false,"robots_noodp":false,"robots_notranslate":false,"robots_max_snippet":"-1","robots_max_videopreview":"-1","robots_max_imagepreview":"large","priority":null,"frequency":"default","local_seo":null,"breadcrumb_settings":null,"limit_modified_date":false,"ai":null,"created":"2024-05-14 21:29:04","updated":"2025-06-04 10:36:08","seo_analyzer_scan_date":null,"focus_keyword":null,"additional_keywords":null,"truseo_locale":null},"aioseo_breadcrumb":"<div class=\"aioseo-breadcrumbs\"><span class=\"aioseo-breadcrumb\">\n\t\t\t<a href=\"https:\/\/wia.net.pl\" title=\"Home\">Home<\/a>\n\t\t<\/span><span class=\"aioseo-breadcrumb-separator\">&raquo;<\/span><span class=\"aioseo-breadcrumb\">\n\t\t\t<a href=\"https:\/\/wia.net.pl\/index.php\/category\/prawdaoswiecie\/\" title=\"Prawda o \u015bwiecie\">Prawda o \u015bwiecie<\/a>\n\t\t<\/span><span class=\"aioseo-breadcrumb-separator\">&raquo;<\/span><span class=\"aioseo-breadcrumb\">\n\t\t\tPO\u017bAR NOTRE DAME -EWA PAWELA\n\t\t<\/span><\/div>","aioseo_breadcrumb_json":[{"label":"Home","link":"https:\/\/wia.net.pl"},{"label":"Prawda o \u015bwiecie","link":"https:\/\/wia.net.pl\/index.php\/category\/prawdaoswiecie\/"},{"label":"PO\u017bAR NOTRE DAME -EWA PAWELA","link":"https:\/\/wia.net.pl\/index.php\/2024\/05\/14\/pozar-notre-dame-poczatkiem-resetu\/"}],"_links":{"self":[{"href":"https:\/\/wia.net.pl\/index.php\/wp-json\/wp\/v2\/posts\/8399"}],"collection":[{"href":"https:\/\/wia.net.pl\/index.php\/wp-json\/wp\/v2\/posts"}],"about":[{"href":"https:\/\/wia.net.pl\/index.php\/wp-json\/wp\/v2\/types\/post"}],"author":[{"embeddable":true,"href":"https:\/\/wia.net.pl\/index.php\/wp-json\/wp\/v2\/users\/2"}],"replies":[{"embeddable":true,"href":"https:\/\/wia.net.pl\/index.php\/wp-json\/wp\/v2\/comments?post=8399"}],"version-history":[{"count":2,"href":"https:\/\/wia.net.pl\/index.php\/wp-json\/wp\/v2\/posts\/8399\/revisions"}],"predecessor-version":[{"id":8403,"href":"https:\/\/wia.net.pl\/index.php\/wp-json\/wp\/v2\/posts\/8399\/revisions\/8403"}],"wp:featuredmedia":[{"embeddable":true,"href":"https:\/\/wia.net.pl\/index.php\/wp-json\/wp\/v2\/media\/8401"}],"wp:attachment":[{"href":"https:\/\/wia.net.pl\/index.php\/wp-json\/wp\/v2\/media?parent=8399"}],"wp:term":[{"taxonomy":"category","embeddable":true,"href":"https:\/\/wia.net.pl\/index.php\/wp-json\/wp\/v2\/categories?post=8399"},{"taxonomy":"post_tag","embeddable":true,"href":"https:\/\/wia.net.pl\/index.php\/wp-json\/wp\/v2\/tags?post=8399"}],"curies":[{"name":"wp","href":"https:\/\/api.w.org\/{rel}","templated":true}]}}