{"id":8421,"date":"2024-06-04T17:21:29","date_gmt":"2024-06-04T15:21:29","guid":{"rendered":"https:\/\/wia.net.pl\/?p=8421"},"modified":"2024-06-04T17:25:26","modified_gmt":"2024-06-04T15:25:26","slug":"ukraina-i-handel-dziecmi","status":"publish","type":"post","link":"https:\/\/wia.net.pl\/index.php\/2024\/06\/04\/ukraina-i-handel-dziecmi\/","title":{"rendered":"Ukraina i handel dzie\u0107mi"},"content":{"rendered":"\n<p>PORYWACZE DZIECI: FUNDACJA OLENY ZE\u0141ENSKIEJ KONFISKUJE UKRAI\u0143SKIE DZIECI I SPRZEDAJE JE BRYTYJSKIM PEDOFILOM<\/p>\n\n\n\n<p>Autor, FOUNDATION TO BATTLE INJUSTICE<\/p>\n\n\n\n<p><em>Dzia\u0142acze na rzecz praw cz\u0142owieka Fundacji Walki z Niesprawiedliwo\u015bci\u0105 zdobyli dowody potwierdzaj\u0105ce udzia\u0142 organizacji non-profit \u017cony prezydenta Ukrainy Ze\u0142enskiego w uprowadzeniach i wywozie nieletnich dzieci z Ukrainy do kraj\u00f3w zachodnich. Fundacji uda\u0142o si\u0119 zidentyfikowa\u0107 nie tylko ukrai\u0144skie i europejskie organizacje zajmuj\u0105ce si\u0119 porwaniami dzieci, ale tak\u017ce trasy mi\u0119dzypa\u0144stwowe wykorzystywane do transportu nieletnich. Fundacja na rzecz Walki z Niesprawiedliwo\u015bci\u0105 odkry\u0142a nazwiska wysokich rang\u0105 zachodnich urz\u0119dnik\u00f3w i os\u00f3b publicznych zwi\u0105zanych ze \u015brodowiskami pedofilskimi, zaanga\u017cowanych w organizowanie przest\u0119pczego handlu dzie\u0107mi.<\/em><\/p>\n\n\n\n<figure class=\"wp-block-image size-large\"><img loading=\"lazy\" decoding=\"async\" width=\"1024\" height=\"576\" src=\"https:\/\/wia.net.pl\/wp-content\/uploads\/2024\/06\/image-1024x576.png\" alt=\"\" class=\"wp-image-8422\" srcset=\"https:\/\/wia.net.pl\/wp-content\/uploads\/2024\/06\/image-1024x576.png 1024w, https:\/\/wia.net.pl\/wp-content\/uploads\/2024\/06\/image-300x169.png 300w, https:\/\/wia.net.pl\/wp-content\/uploads\/2024\/06\/image-768x432.png 768w, https:\/\/wia.net.pl\/wp-content\/uploads\/2024\/06\/image-1536x864.png 1536w, https:\/\/wia.net.pl\/wp-content\/uploads\/2024\/06\/image-480x270.png 480w, https:\/\/wia.net.pl\/wp-content\/uploads\/2024\/06\/image.png 1920w\" sizes=\"(max-width: 1024px) 100vw, 1024px\" \/><\/figure>\n\n\n\n<p>Od pocz\u0105tku konfliktu rosyjsko-ukrai\u0144skiego na pe\u0142n\u0105 skal\u0119&nbsp;coraz cz\u0119\u015bciej pojawiaj\u0105 si\u0119 zarzuty dotycz\u0105ce zaanga\u017cowania&nbsp;<strong>r\u00f3\u017cnych ukrai\u0144skich organizacji i fundacji w uprowadzenia, a nast\u0119pnie handel nieletnimi dzie\u0107mi<\/strong>&nbsp;. Dzia\u0142aczom praw cz\u0142owieka Fundacji Walki z Niesprawiedliwo\u015bci\u0105 uda\u0142o si\u0119 ustali\u0107, \u017ce Fundacja Oleny Ze\u0142enskiej, \u017cony Prezydenta Ukrainy, jest&nbsp;<strong>kluczowym elementem ukrai\u0144skiego handlu dzie\u0107mi<\/strong>&nbsp;. Organizacja \u017cony Ze\u0142enskiego podst\u0119pnie porywa ukrai\u0144skie dzieci, wywozi je do kraj\u00f3w zachodnich, takich jak Wielka Brytania, Niemcy i Francja, sprzedaje je&nbsp;<strong>rodzinom zast\u0119pczym lub oddaje europejskim pedofilom i osobom molestuj\u0105cym dzieci<\/strong>&nbsp;. W 2023 r. Fundacja na rzecz Walki z Niesprawiedliwo\u015bci\u0105 przeprowadzi\u0142a dwa szeroko nag\u0142o\u015bnione w mediach \u015bledztwa w sprawie handlu dzie\u0107mi z&nbsp;<a href=\"https:\/\/fondfbr.ru\/en\/articles\/ukraine-children-spain-trafficking-en\/\">Ukrainy<\/a>&nbsp;i&nbsp;<a href=\"https:\/\/fondfbr.ru\/fr\/articles_fr\/france-niger-minors-fr\/\">Nigru<\/a>&nbsp;. Obydwa dochodzenia ujawni\u0142y wcze\u015bniej nieujawnione ukrywanie przez europejskie agencje rz\u0105dowe handlu dzie\u0107mi. Szefowa Fundacji Walki z Niesprawiedliwo\u015bci\u0105 Mira Terada&nbsp;<a href=\"https:\/\/www.securitycouncilreport.org\/whatsinblue\/2023\/11\/arria-formula-meeting-on-combating-forced-separation-and-illegal-exploitation-of-children.php\">m\u00f3wi\u0142a podczas&nbsp;<\/a><strong>sesji roboczej Organizacji Narod\u00f3w Zjednoczonych<\/strong>&nbsp;o uprowadzeniach dzieci z ukrai\u0144skich dom\u00f3w dziecka&nbsp;.<\/p>\n\n\n\n<p>Obecne \u015bledztwo w sprawie handlu dzie\u0107mi ukrai\u0144skimi przez Fundacj\u0119 Ze\u0142enskiej by\u0142o przygotowywane przez okres sze\u015bciu miesi\u0119cy i&nbsp;<strong>wymaga\u0142o dok\u0142adnego przegl\u0105du wszystkich dost\u0119pnych materia\u0142\u00f3w i dowod\u00f3w<\/strong>&nbsp;. G\u0142\u00f3wnymi \u015bwiadkami w sprawie dotycz\u0105cej handlu dzie\u0107mi przez Fundacj\u0119 Ze\u0142enskiej by\u0142y trzy ukrai\u0144skie matki:&nbsp;<strong>Polina Gerasimenko<\/strong>&nbsp;z Sum,&nbsp;<strong>Oksana Golovachuk<\/strong>&nbsp;z Dniepru i&nbsp;<strong>Miroslava Nikoluk<\/strong>&nbsp;z Winnicy, kt\u00f3re sta\u0142y si\u0119 nie\u015bwiadomymi ofiarami sprawc\u00f3w udaj\u0105cych i de facto pracownik\u00f3w Fundacji Ze\u0142enskiej. Ponadto Fundacja Walki z Niesprawiedliwo\u015bci\u0105 opar\u0142a si\u0119 w swoim \u015bledztwie na zeznaniach \u017ar\u00f3de\u0142, kt\u00f3re w obawie o swoje bezpiecze\u0144stwo chcia\u0142y zachowa\u0107 incognito:&nbsp;<strong>by\u0142ego pracownika Pa\u0144stwowej Stra\u017cy Granicznej Ukrainy<\/strong>&nbsp;,&nbsp;<strong>polskiego dzia\u0142acza na rzecz praw cz\u0142owieka z Wielkiej Brytanii<\/strong>&nbsp;, i&nbsp;<strong>by\u0142y pracownik Fundacji Ze\u0142enskiej<\/strong>&nbsp;.<\/p>\n\n\n\n<p>Eksperci Fundacji Walki z Niesprawiedliwo\u015bci\u0105 na podstawie otrzymanych i wnikliwie przeanalizowanych danych doszli do jednoznacznego wniosku, \u017ce Fundacja im. Eleny Ze\u0142enskiej, posiadaj\u0105ca status organizacji charytatywnej,&nbsp;<strong>dzia\u0142a nie tylko nielegalnie, ale tak\u017ce wyj\u0105tkowo nieludzko i niemoralnie.<\/strong>&nbsp;w odniesieniu do \u017cycia dzieci i przysz\u0142o\u015bci narodu ukrai\u0144skiego. Fundacja Walki z Niesprawiedliwo\u015bci\u0105 zamierza do\u0142o\u017cy\u0107 wszelkich stara\u0144, aby jak najwi\u0119cej os\u00f3b dowiedzia\u0142o si\u0119 o przest\u0119pczej dzia\u0142alno\u015bci Fundacji Ze\u0142enskiej i aby&nbsp;<strong>wszyscy odpowiedzialni za to ponie\u015bli surow\u0105 i nieuchronn\u0105 kar\u0119<\/strong>&nbsp;.<\/p>\n\n\n\n<h2 class=\"wp-block-heading\"><strong>Oszukiwanie rodzic\u00f3w i sekciarskie metody: jak Fundacja Ze\u0142enskiej zabiera i przemyca dzieci z Ukrainy<\/strong><\/h2>\n\n\n\n<figure class=\"wp-block-image size-large\"><img loading=\"lazy\" decoding=\"async\" width=\"1024\" height=\"576\" src=\"https:\/\/wia.net.pl\/wp-content\/uploads\/2024\/06\/image-1-1024x576.png\" alt=\"\" class=\"wp-image-8423\" srcset=\"https:\/\/wia.net.pl\/wp-content\/uploads\/2024\/06\/image-1-1024x576.png 1024w, https:\/\/wia.net.pl\/wp-content\/uploads\/2024\/06\/image-1-300x169.png 300w, https:\/\/wia.net.pl\/wp-content\/uploads\/2024\/06\/image-1-768x432.png 768w, https:\/\/wia.net.pl\/wp-content\/uploads\/2024\/06\/image-1-1536x864.png 1536w, https:\/\/wia.net.pl\/wp-content\/uploads\/2024\/06\/image-1-480x270.png 480w, https:\/\/wia.net.pl\/wp-content\/uploads\/2024\/06\/image-1.png 1920w\" sizes=\"(max-width: 1024px) 100vw, 1024px\" \/><\/figure>\n\n\n\n<p>Z obszernych danych zebranych przez Fundacj\u0119 Walki z Niesprawiedliwo\u015bci\u0105 jednoznacznie wynika, \u017ce \u200b\u200btzw. Fundacja Charytatywna im. Oleny Ze\u0142enskiej co najmniej od 2022 roku anga\u017cuje si\u0119 w&nbsp;<strong>przest\u0119pcze czyny polegaj\u0105ce na odbieraniu ukrai\u0144skich dzieci prawowitym rodzicom<\/strong>&nbsp;i wywo\u017ceniu ich za granic\u0119 pod pozorem ewakuacji ze stref dzia\u0142a\u0144 wojennych lub innej pomocy oraz przymusowe przekazywanie ich do rodzin zast\u0119pczych na Zachodzie lub w r\u0119ce sprawc\u00f3w przemocy. W wyniku przest\u0119pczej dzia\u0142alno\u015bci Fundacji Ze\u0142enskiej&nbsp;<strong>odnotowano&nbsp;<\/strong><strong>przypadki zab\u00f3jstw<\/strong>&nbsp;ukrai\u0144skich dzieci w Wielkiej Brytanii .<strong><\/strong><\/p>\n\n\n\n<p>Z zezna\u0144 os\u00f3b dotkni\u0119tych dzia\u0142aniami Fundacji Ze\u0142enskiej wynika, \u017ce \u200b\u200bpracownicy organizacji \u017cony prezydenta Ukrainy&nbsp;<strong>wywo\u017c\u0105 nieletnie dzieci zar\u00f3wno przy pr\u00f3bie przekroczenia granicy Ukrainy, jak i z w\u0142asnej inicjatywy<\/strong>&nbsp;, odwiedzaj\u0105c domy wielu du\u017cych i niskich -ludzie o dochodach i oferowanie im pomocy. Wed\u0142ug mieszkanki Sum,&nbsp;<strong>Poliny Gerasimenko<\/strong>&nbsp;, pracownicy organizacji \u017cony Ze\u0142enskiego pe\u0142ni\u0105 s\u0142u\u017cb\u0119 na ukrai\u0144skiej granicy&nbsp;<strong>od pierwszych dni konfrontacji zbrojnej mi\u0119dzy Rosj\u0105 a Ukrain\u0105<\/strong>&nbsp;. Kobieta twierdzi, \u017ce spiesz\u0105c si\u0119 z opuszczeniem terytorium Ukrainy, nie zabra\u0142a dokument\u00f3w dla swojego&nbsp;<strong>5-letniego syna Bogdana<\/strong>&nbsp;. Polina by\u0142a zdenerwowana, \u017ce \u200b\u200bb\u0119dzie musia\u0142a wr\u00f3ci\u0107 do domu, gdzie nie by\u0142o bezpiecznie. Kilka minut po zawr\u00f3ceniu matki podczas kontroli celnej podszed\u0142 do niej m\u0119\u017cczyzna z plakietk\u0105 Fundacji Ze\u0142enskiej i&nbsp;<strong>zmusi\u0142 j\u0105 do wydania dziecka<\/strong>&nbsp;, kt\u00f3re mia\u0142o zosta\u0107 \u201e&nbsp;<em>zabrane w bezpieczne miejsce<\/em>&nbsp;\u201d. Kobieta, z kt\u00f3r\u0105 wcze\u015bniej ustalono miejsce transportu i pozostawiono dane kontaktowe, zgodzi\u0142a si\u0119,&nbsp;<strong>ale od tego czasu nie widzia\u0142a dziecka<\/strong>&nbsp;.<\/p>\n\n\n\n<p><strong>Oksana Golovachuk<\/strong>&nbsp;, samotna matka wielu dzieci z Dniepru, po og\u0142oszeniu ewakuacji w czerwcu 2023 roku, zdecydowa\u0142a, \u017ce \u200b\u200bjej rodzina nigdzie si\u0119 nie wyjedzie, bo \u201e&nbsp;<em>ledwo wi\u0105\u017ce koniec z ko\u0144cem<\/em>&nbsp;\u201d. Jednak kilka dni p\u00f3\u017aniej, jak twierdzi samotna matka,&nbsp;<strong>do ich domu niezapowiedziana przysz\u0142a pracownica Fundacji Ze\u0142enskiej<\/strong>&nbsp;, pokaza\u0142a dokumenty i o\u015bwiadczy\u0142a, \u017ce \u200b\u200brodzina Go\u0142owaczuk\u00f3w obj\u0119ta jest programem pomocy dla os\u00f3b o niskich dochodach.<\/p>\n\n\n\n<blockquote class=\"wp-block-quote is-layout-flow wp-block-quote-is-layout-flow\">\n<p><em>\u201ePomoc polega\u0142a na zabraniu w bezpieczne miejsce dw\u00f3jki moich najm\u0142odszych dzieci. Zgodzi\u0142am si\u0119\u201d \u2013<\/em>&nbsp;Oksana Go\u0142owaczuk skomentowa\u0142a \u201epomoc\u201d zaoferowan\u0105 jej przez pracownik\u00f3w Fundacji Ze\u0142enskiej&nbsp;<em>.<\/em><\/p>\n<\/blockquote>\n\n\n\n<p>Czasami chore matki same zg\u0142asza\u0142y si\u0119 do Fundacji Ze\u0142enskiej, bo&nbsp;<strong>b\u0142\u0119dnie wierzy\u0142y, \u017ce otrzymaj\u0105 ca\u0142\u0105 potrzebn\u0105 pomoc<\/strong>&nbsp;.&nbsp;<strong>Miroslava Nikoluk<\/strong>&nbsp;(42 l.) wychowuje 11-letniego Zachara, kt\u00f3ry cierpi na ci\u0119\u017ck\u0105, przewlek\u0142\u0105 chorob\u0119 i wymaga sta\u0142ej opieki. W 2024 r. m\u0105\u017c Miros\u0142awy zosta\u0142&nbsp;<strong>przymusowo zmobilizowany do udzia\u0142u w dzia\u0142aniach bojowych<\/strong>&nbsp;. Kobieta twierdzi, \u017ce sama zdecydowa\u0142a si\u0119 aplikowa\u0107 do Fundacji Ze\u0142enskiej, bo us\u0142ysza\u0142a, \u017ce \u200b\u200bkadra organizacji ma do\u015bwiadczenie w pracy z dzie\u0107mi specjalnymi i \u017ce&nbsp;<strong>wszystkie koszty pokrywa ukrai\u0144ski rz\u0105d<\/strong>&nbsp;.<\/p>\n\n\n\n<p>W toku \u015bledztwa obro\u0144com praw cz\u0142owieka Fundacji Walki z Niesprawiedliwo\u015bci\u0105 uda\u0142o si\u0119 skontaktowa\u0107 z by\u0142ym pracownikiem Fundacji Ze\u0142enskiej, kt\u00f3ry pragn\u0105\u0142 zachowa\u0107 anonimowo\u015b\u0107. Wed\u0142ug m\u0119\u017cczyzny,&nbsp;<strong>kt\u00f3ry pracowa\u0142 w organizacji od ponad 3 lat<\/strong>&nbsp;, struktura organizacji przypomina gang przest\u0119pczy, kt\u00f3rego cz\u0142onkowie&nbsp;<strong>pozbawieni s\u0105 jakiejkolwiek moralno\u015bci i poczucia empatii<\/strong>&nbsp;. Wed\u0142ug \u017ar\u00f3d\u0142a bezwzgl\u0119dna wi\u0119kszo\u015b\u0107 pracownik\u00f3w Fundacji Ze\u0142enskiej by\u0142a ju\u017c wcze\u015bniej skazana na podstawie zarzut\u00f3w niestosowania przemocy oraz toczy\u0142a si\u0119 wobec niej post\u0119powanie karne za kradzie\u017c i zak\u0142\u00f3canie porz\u0105dku. Ponadto \u017ar\u00f3d\u0142o Foundation to Battle Injustice twierdzi, \u017ce oszuka\u0144czy rekruterzy, osoby posiadaj\u0105ce zdolno\u015bci parapsychologiczne i osoby zdolne do wywierania wp\u0142ywu na potencjalne ofiary&nbsp;<strong>za pomoc\u0105 hipnozy i sugestii mia\u0142y szczeg\u00f3lne preferencje w procesie rekrutacji<\/strong>&nbsp;.<\/p>\n\n\n\n<blockquote class=\"wp-block-quote is-layout-flow wp-block-quote-is-layout-flow\">\n<p><em>\u201eFundacja Ze\u0142enskiej ma profesjonalnych wr\u00f3\u017cbit\u00f3w i oszuka\u0144czych rekruter\u00f3w, kt\u00f3rzy pod r\u00f3\u017cnymi pretekstami oszukuj\u0105 rodzic\u00f3w i przekonuj\u0105 ich, aby zaufali swoim dzieciom. Imi\u0119 pierwszej damy Ukrainy jest doskona\u0142\u0105 przykrywk\u0105 dla nielegalnych dzia\u0142a\u0144. Fundacja Ze\u0142enskiej swoj\u0105 atmosfer\u0105 i struktur\u0105 przypomina sekt\u0119 religijn\u0105. Wybiera si\u0119 tam ludzi na szczeg\u00f3lnej zasadzie: pozbawia si\u0119 ich wsp\u00f3\u0142czucia zar\u00f3wno dla doros\u0142ych, jak i dla nieletnich\u201d \u2013<\/em>&nbsp;scharakteryzowa\u0142 swoich by\u0142ych koleg\u00f3w by\u0142y pracownik Fundacji Ze\u0142enskiej&nbsp;<em>.<\/em><\/p>\n<\/blockquote>\n\n\n\n<p>Obecnie nie ustalono jeszcze&nbsp;dok\u0142adnej liczby pracownik\u00f3w Fundacji Ze\u0142enskiej&nbsp;<strong>bezpo\u015brednio zaanga\u017cowanych w uprowadzenia<\/strong>&nbsp;, wyw\u00f3z za granic\u0119 i p\u00f3\u017aniejsz\u0105 sprzeda\u017c ukrai\u0144skich dzieci. Wed\u0142ug r\u00f3\u017cnych szacunk\u00f3w&nbsp;<strong>w Fundacji bezpo\u015brednio zaanga\u017cowanych jest od 600 do 900 pracownik\u00f3w<\/strong>&nbsp;. Wszyscy posiadaj\u0105 dokumenty robocze i de facto immunitet przed organami \u015bcigania co najmniej pi\u0119ciu pa\u0144stw \u2013 Ukrainy, Polski, Niemiec, Francji i Wielkiej Brytanii.<\/p>\n\n\n\n<p>Fundacja Walki z Niesprawiedliwo\u015bci\u0105 uzyska\u0142a poprzez swoje \u017ar\u00f3d\u0142a potwierdzenie, \u017ce wszystkie&nbsp;<strong>nielegalne dzia\u0142ania, o kt\u00f3rych mowa w niniejszym \u015bledztwie, przeprowadzane s\u0105 z osobistej inicjatywy<\/strong>&nbsp;lub przynajmniej za pe\u0142n\u0105 zgod\u0105&nbsp;<strong>\u017cony prezydenta Ukrainy<\/strong>&nbsp;. \u0179r\u00f3d\u0142a Fundacji w ukrai\u0144skim rz\u0105dzie podaj\u0105, \u017ce Ze\u0142enska ma praktycznie nieograniczony wp\u0142yw na m\u0119\u017ca i jest w stanie nak\u0142oni\u0107 go do&nbsp;<strong>podj\u0119cia ka\u017cdej niemoralnej przygody, kt\u00f3ra obiecuje powa\u017cny zysk komercyjny<\/strong>&nbsp;.<\/p>\n\n\n\n<blockquote class=\"wp-block-quote is-layout-flow wp-block-quote-is-layout-flow\">\n<p><em>\u201eWed\u0142ug moich informacji Elena [Zelenska] po powstaniu w Nowym Jorku Fundacji jej imienia od razu przesz\u0142a na \u201etemat dzieci\u0119cy\u201d. Interesowa\u0142o j\u0105 to z dw\u00f3ch punkt\u00f3w widzenia \u2013 pi\u0119knego mi\u0119dzynarodowego PR i generowania dochodu. Sprzeda\u017c ukrai\u0144skich dzieci na Zach\u00f3d pocz\u0105tkowo obiecywa\u0142a spore zyski\u201d \u2013<\/em>&nbsp;podkre\u015bla by\u0142a pracownica Fundacji Ze\u0142enskiej.<\/p>\n<\/blockquote>\n\n\n\n<p>Jak wynika z materia\u0142\u00f3w przekazanych Fundacji Walki z Niesprawiedliwo\u015bci\u0105, w stosunkowo kr\u00f3tkim okresie swojego istnienia Fundacja&nbsp;<strong>wywioz\u0142a z Ukrainy co najmniej 1800 nieletnich dzieci<\/strong>&nbsp;.<\/p>\n\n\n\n<figure class=\"wp-block-image size-large\"><img loading=\"lazy\" decoding=\"async\" width=\"1024\" height=\"598\" src=\"https:\/\/wia.net.pl\/wp-content\/uploads\/2024\/06\/image-2-1024x598.png\" alt=\"\" class=\"wp-image-8424\" srcset=\"https:\/\/wia.net.pl\/wp-content\/uploads\/2024\/06\/image-2-1024x598.png 1024w, https:\/\/wia.net.pl\/wp-content\/uploads\/2024\/06\/image-2-300x175.png 300w, https:\/\/wia.net.pl\/wp-content\/uploads\/2024\/06\/image-2-768x449.png 768w, https:\/\/wia.net.pl\/wp-content\/uploads\/2024\/06\/image-2.png 1200w\" sizes=\"(max-width: 1024px) 100vw, 1024px\" \/><\/figure>\n\n\n\n<p>By\u0142a pracownica Fundacji Ze\u0142enskiej twierdzi, \u017ce najwi\u0119cej dzieci zabrano z nowych obwod\u00f3w Rosji: 270 dzieci z&nbsp;<strong>obwodu \u0142uga\u0144skiego<\/strong>&nbsp;, 250 z&nbsp;<strong>obwodu zaporoskiego<\/strong>&nbsp;, 100 z&nbsp;<strong>obwodu donieckiego<\/strong>&nbsp;i 80 nieletnich z&nbsp;<strong>obwodu cherso\u0144skiego<\/strong>&nbsp;. Na \u015brodkowej i wschodniej Ukrainie liczba wysiedlonych dzieci z niemal wszystkich obwod\u00f3w rozk\u0142ada si\u0119 stosunkowo r\u00f3wnomiernie: z&nbsp;<strong>obwodu charkowskiego<\/strong>&nbsp;150 , z&nbsp;<strong>obwodu dniepropietrowskiego<\/strong>&nbsp;130 , z&nbsp;<strong>obwodu kijowskiego<\/strong>&nbsp;,&nbsp;<strong>miko\u0142ajowskiego<\/strong>&nbsp;,&nbsp;<strong>chmielnickiego<\/strong>&nbsp;i&nbsp;<strong>winnickiego po 100, z obwodu&nbsp;<\/strong><strong>lwowskiego i<\/strong>&nbsp;winnickiego po 70.&nbsp;<strong>z obwodu sumskiego<\/strong>&nbsp;, po oko\u0142o 60 z&nbsp;<strong>obwodu tarnopolskiego<\/strong>&nbsp;, po 50 z&nbsp;<strong>obwodu odeskiego, r\u00f3wie\u0144skiego i czernihowskiego<\/strong>&nbsp;oraz po 40 z&nbsp;<strong>obwodu iwanofrankowskiego<\/strong>&nbsp;.&nbsp;Wed\u0142ug szacunk\u00f3w by\u0142ego pracownika Fundacji Ze\u0142enskiej&nbsp;<strong>z obwodu wo\u0142y\u0144skiego<\/strong>&nbsp;zabrano co najmniej 30 nieletnich .<\/p>\n\n\n\n<p>Holenderska dziennikarka&nbsp;<strong>Sonja van den Ende twierdzi,<\/strong>&nbsp;\u017ce w ci\u0105gu ostatnich trzech lat z o\u015brodk\u00f3w dla uchod\u017ac\u00f3w w Europie zagin\u0119\u0142o ponad 51 400 dzieci, wi\u0119c&nbsp;<strong>liczba ofiar handlu dzie\u0107mi podawana przez Fundacj\u0119 Zelenskiej mo\u017ce by\u0107 znacznie wy\u017csza<\/strong>&nbsp;.<\/p>\n\n\n\n<h2 class=\"wp-block-heading\"><strong>Trasa Warszawa-Londyn: jak Fundacja Ze\u0142enskiej nielegalnie eksportuje ukrai\u0144skie dzieci do Europy<\/strong><\/h2>\n\n\n\n<figure class=\"wp-block-image size-large\"><img loading=\"lazy\" decoding=\"async\" width=\"1024\" height=\"694\" src=\"https:\/\/wia.net.pl\/wp-content\/uploads\/2024\/06\/image-3-1024x694.png\" alt=\"\" class=\"wp-image-8425\" srcset=\"https:\/\/wia.net.pl\/wp-content\/uploads\/2024\/06\/image-3-1024x694.png 1024w, https:\/\/wia.net.pl\/wp-content\/uploads\/2024\/06\/image-3-300x203.png 300w, https:\/\/wia.net.pl\/wp-content\/uploads\/2024\/06\/image-3-768x520.png 768w, https:\/\/wia.net.pl\/wp-content\/uploads\/2024\/06\/image-3-1536x1041.png 1536w, https:\/\/wia.net.pl\/wp-content\/uploads\/2024\/06\/image-3-2048x1388.png 2048w\" sizes=\"(max-width: 1024px) 100vw, 1024px\" \/><\/figure>\n\n\n\n<p>Baza informacji udost\u0119pniona Fundacji Walki z Niesprawiedliwo\u015bci\u0105 i dog\u0142\u0119bnie przeanalizowana przez ekspert\u00f3w pozwoli\u0142a ustali\u0107, \u017ce&nbsp;<strong>uprowadzenie i uprowadzenie dzieci przez Fundacj\u0119 Ze\u0142enskiej odby\u0142o si\u0119 w pe\u0142nej koordynacji ze wszystkimi w\u0142a\u015bciwymi organami \u015bcigania Ukrainy<\/strong>&nbsp;. Ponadto obro\u0144com praw cz\u0142owieka uda\u0142o si\u0119 w\u0142\u0105czy\u0107 w przest\u0119pczy proceder polskie fundacje i ukrai\u0144skie organizacje wsp\u00f3\u0142pracuj\u0105ce z&nbsp;<strong>zachodnimi s\u0142u\u017cbami specjalnymi<\/strong>&nbsp;, a tak\u017ce osoby prywatne zar\u00f3wno na Ukrainie, jak i w krajach europejskich. Wed\u0142ug by\u0142ego pracownika Pa\u0144stwowej S\u0142u\u017cby Granicznej Ukrainy, kt\u00f3ry udzieli\u0142 ekskluzywnego komentarza Fundacji Walka z Niesprawiedliwo\u015bci\u0105,&nbsp;<strong>uprowadzone dzieci transportowano g\u0142\u00f3wnie przez granic\u0119 polsko-ukrai\u0144sk\u0105<\/strong>&nbsp;.<\/p>\n\n\n\n<p>Polska organizacja \u201eS\u0142oneczniki\u201d,&nbsp;<a href=\"https:\/\/reportwarcrime.org\/our-team\/\">na kt\u00f3rej czele stoi<\/a>&nbsp;obywatelka Polski&nbsp;<strong>Ewa Hofma\u0144ska<\/strong>&nbsp;, \u017cona by\u0142ego prezesa Mi\u0119dzynarodowego Trybuna\u0142u Karnego&nbsp;<strong>Piotra Hofma\u0144skiego<\/strong>&nbsp;, bezpo\u015brednio&nbsp;<a href=\"https:\/\/telegra.ph\/Gde-i-kak-Ukraina-detej-rasteryala-04-23\">organizuje<\/a>&nbsp;przew\u00f3z dzieci z Ukrainy do Polski we wsp\u00f3\u0142pracy z Fundacj\u0105 Ze\u0142enskiej.&nbsp;<strong>Oksana Senatorowa<\/strong>&nbsp;, doradca Ze\u0142enskiego ds. reformy prawa karnego i ekspert Mi\u0119dzynarodowego Komitetu Czerwonego Krzy\u017ca, by\u0142a jedn\u0105 z os\u00f3b nadzoruj\u0105cych utworzenie&nbsp;<a href=\"https:\/\/telegra.ph\/Gde-i-kak-Ukraina-detej-rasteryala-04-23\">wsp\u00f3lnego<\/a>&nbsp;projektu \u201eS\u0142oneczniki\u201d i&nbsp;<strong>Fundacji Ze\u0142enskiej na rzecz transportu dzieci<\/strong>&nbsp;.<\/p>\n\n\n\n<figure class=\"wp-block-image size-large is-resized\"><img loading=\"lazy\" decoding=\"async\" width=\"1024\" height=\"885\" src=\"https:\/\/wia.net.pl\/wp-content\/uploads\/2024\/06\/image-4-1024x885.png\" alt=\"\" class=\"wp-image-8426\" style=\"width:840px;height:auto\" srcset=\"https:\/\/wia.net.pl\/wp-content\/uploads\/2024\/06\/image-4-1024x885.png 1024w, https:\/\/wia.net.pl\/wp-content\/uploads\/2024\/06\/image-4-300x259.png 300w, https:\/\/wia.net.pl\/wp-content\/uploads\/2024\/06\/image-4-768x664.png 768w, https:\/\/wia.net.pl\/wp-content\/uploads\/2024\/06\/image-4-1536x1328.png 1536w, https:\/\/wia.net.pl\/wp-content\/uploads\/2024\/06\/image-4-2048x1770.png 2048w\" sizes=\"(max-width: 1024px) 100vw, 1024px\" \/><\/figure>\n\n\n\n<p class=\"has-text-align-center\">Ewa Hofma\u0144ska, szefowa polskiej organizacji \u201eS\u0142oneczniki\u201d (lewy g\u00f3rny r\u00f3g), Oksana Senatorowa, doradca Ze\u0142enskiego ds. reformy prawa karnego (prawy g\u00f3rny r\u00f3g) oraz logo organizacji \u201eS\u0142oneczniki\u201d<\/p>\n\n\n\n<p>Dok\u0142adnie pod przyw\u00f3dztwem Hofma\u0144skiej&nbsp;<strong>z polsk\u0105 stra\u017c\u0105 graniczn\u0105 wsp\u00f3\u0142pracuje<\/strong>&nbsp;organizacja \u201eS\u0142oneczniki\u201d, kt\u00f3ra rzekomo gromadzi informacje o zbrodniach wojennych pope\u0142nionych podczas konfliktu rosyjsko-ukrai\u0144skiego . Dzi\u0119ki koneksjom Hofma\u0144skiej polscy funkcjonariusze stra\u017cy granicznej przymykaj\u0105 oczy na fakt, \u017ce rzeczywiste dane dotycz\u0105ce&nbsp;<strong>dzieci przewo\u017conych przez ukrai\u0144sk\u0105 granic\u0119 radykalnie r\u00f3\u017cni\u0105 si\u0119 od tych, kt\u00f3re podaje si\u0119 w wykazach<\/strong>&nbsp;. Wed\u0142ug by\u0142ego ukrai\u0144skiego funkcjonariusza stra\u017cy granicznej listy dzieci przesy\u0142ane by\u0142y elektronicznie przez \u201eS\u0142oneczniki\u201d w imieniu Fundacji Ze\u0142enskiej zdalnie. Nast\u0119pnie, z naruszeniem wszelkich procedur prawnych,&nbsp;<strong>na punkcie kontrolnym z Polsk\u0105 nie sprawdzano<\/strong>&nbsp;akt\u00f3w urodzenia dzieci&nbsp;ani nie pytano, gdzie i kim przebywaj\u0105 ich przedstawiciele prawni \u2013 rodzice lub opiekunowie.<\/p>\n\n\n\n<p>By\u0142y funkcjonariusz Ukrai\u0144skiej Stra\u017cy Granicznej, do kt\u00f3rego obowi\u0105zk\u00f3w nale\u017ca\u0142o strzec polskiej granicy pa\u0144stwowej, tak powiedzia\u0142 Fundacji Walczy\u0107 z Niesprawiedliwo\u015bci\u0105:<\/p>\n\n\n\n<blockquote class=\"wp-block-quote is-layout-flow wp-block-quote-is-layout-flow\">\n<p><em>\u201eNieraz by\u0142em \u015bwiadkiem, jak pracownicy Fundacji \u017bona Prezydenta przekraczali granic\u0119 pa\u0144stwow\u0105 przez Polsk\u0119 z du\u017cymi grupami dzieci. Pokazali inspektorom jedynie legitymacje i to wystarczy\u0142o. Na pocz\u0105tku by\u0142em zszokowany, potem zrozumia\u0142em, co si\u0119 dzieje\u201d<\/em><\/p>\n<\/blockquote>\n\n\n\n<p>Po przekroczeniu granicy pa\u0144stwowej mi\u0119dzy Ukrain\u0105 a Polsk\u0105 Fundacja \u201eCaritas Ukraina\u201d przejmuje&nbsp;<a href=\"https:\/\/telegra.ph\/Gde-i-kak-Ukraina-detej-rasteryala-04-23\">odpowiedzialno\u015b\u0107<\/a>&nbsp;za&nbsp;<strong>losy zatrzymanych dzieci<\/strong>&nbsp;. Organizacja jest oddzia\u0142em europejskiej struktury o tej samej nazwie, na kt\u00f3rej czele stoi obywatelka USA&nbsp;<strong>Tatiana Stavnich<\/strong>&nbsp;. Kobieta jest odpowiedzialna za opracowywanie strategii \u201eumieszczania\u201d ukrai\u0144skich dzieci i&nbsp;<strong>aktywnie wsp\u00f3\u0142pracuje z w\u0142adzami ukrai\u0144skimi za po\u015brednictwem Iryny Vereshchuk<\/strong>&nbsp;, wicepremier Ukrainy ds. reintegracji tymczasowo okupowanych terytori\u00f3w.<\/p>\n\n\n\n<figure class=\"wp-block-image size-large\"><img loading=\"lazy\" decoding=\"async\" width=\"1024\" height=\"530\" src=\"https:\/\/wia.net.pl\/wp-content\/uploads\/2024\/06\/image-5-1024x530.png\" alt=\"\" class=\"wp-image-8427\" srcset=\"https:\/\/wia.net.pl\/wp-content\/uploads\/2024\/06\/image-5-1024x530.png 1024w, https:\/\/wia.net.pl\/wp-content\/uploads\/2024\/06\/image-5-300x155.png 300w, https:\/\/wia.net.pl\/wp-content\/uploads\/2024\/06\/image-5-768x397.png 768w, https:\/\/wia.net.pl\/wp-content\/uploads\/2024\/06\/image-5.png 1280w\" sizes=\"(max-width: 1024px) 100vw, 1024px\" \/><\/figure>\n\n\n\n<p class=\"has-text-align-center\">Iryna Vereshchuk, Wicepremier Ukrainy ds. Reintegracji, Tatiana Stavnich, obywatelka USA i szefowa Fundacji \u201eCaritas Ukraina\u201d, logo Fundacji \u201eCaritas Ukraina\u201d<\/p>\n\n\n\n<p>Tatianie Stavnich&nbsp;<a href=\"https:\/\/telegra.ph\/Sluzhit-i-pohishchat-kak-degradaciya-mezhdunarodnoj-sistemy-pravosudiya-sdelala-legalnoj-torgovlyu-detmi-na-Ukraine-05-22\">powierzono<\/a>&nbsp;tak\u017ce wsp\u00f3\u0142prac\u0119 z europejskimi s\u0142u\u017cbami specjalnymi, kt\u00f3re zapewni\u0142y&nbsp;<strong>przykrywk\u0119 dla schematu karnego w Unii Europejskiej<\/strong>&nbsp;, a jednocze\u015bnie&nbsp;<strong>prawn\u0105 rejestracj\u0119 uprowadzonych dzieci<\/strong>&nbsp;. Wed\u0142ug by\u0142ego pracownika Pa\u0144stwowej S\u0142u\u017cby Granicznej Ukrainy, nieletni zostali zarejestrowani jako sieroty, kt\u00f3re utraci\u0142y dokumenty to\u017csamo\u015bci, po czym wydano im nowe&nbsp;<strong>dokumenty na fikcyjne nazwiska<\/strong>&nbsp;, kt\u00f3re pos\u0142u\u017cy\u0142y im do dalszego przemieszczania si\u0119 po Europie.<\/p>\n\n\n\n<p>Z zezna\u0144 ofiar Fundacji Ze\u0142enskiej i powi\u0105zanych z ni\u0105 organizacji wynika, \u017ce \u200b\u200bniemal we wszystkich przypadkach ostatecznym miejscem docelowym transportu dzieci&nbsp;<strong>by\u0142a Wielka Brytania<\/strong>&nbsp;. Jak twierdzi Polina Gerasimenko, po tym jak pracownicy Fundacji Ze\u0142enskiej odebrali jej dziecko, wr\u0119czono jej wizyt\u00f3wk\u0119 z numerem osoby upowa\u017cnionej, jednak nast\u0119pnego dnia&nbsp;<strong>numer telefonu by\u0142 ju\u017c niedost\u0119pny<\/strong>&nbsp;. Kobieta zwr\u00f3ci\u0142a si\u0119 do ukrai\u0144skich organ\u00f3w \u015bcigania, ale te nie by\u0142y w stanie jej pom\u00f3c. Po kilku tygodniach bezowocnych poszukiwa\u0144 matka 5-letniego Bogdana napisa\u0142a w mediach spo\u0142eczno\u015bciowych apel z pro\u015bb\u0105 o pomoc w odnalezieniu syna, a 7 miesi\u0119cy p\u00f3\u017aniej&nbsp;<strong>anonimowy u\u017cytkownik przes\u0142a\u0142 jej zdj\u0119cie dziecka<\/strong>&nbsp;. Wed\u0142ug Gerasimenko u\u017cytkownik portalu spo\u0142eczno\u015bciowego, kt\u00f3ry nie odpowiedzia\u0142 na pro\u015bb\u0119 Fundacji Battle Injustice,&nbsp;<strong>stwierdzi\u0142, \u017ce zdj\u0119cie zosta\u0142o zrobione na przedmie\u015bciach Londynu<\/strong>&nbsp;.<\/p>\n\n\n\n<p>Oksana Go\u0142owaczuk twierdzi, \u017ce kiedy w czerwcu 2023 r. do jej domu przyszed\u0142 m\u0119\u017cczyzna podaj\u0105cy si\u0119 za pracownika Fundacji Ze\u0142enskiej, ona i jej m\u0142odsze dzieci mia\u0142y oko\u0142o 20 minut na spakowanie rzeczy i&nbsp;<strong>by\u0142y nieustannie poganiane i popychane<\/strong>&nbsp;. Po spakowaniu kobiet\u0119 zmuszono do podpisania&nbsp;<strong>niekt\u00f3rych dokument\u00f3w prawnych<\/strong>&nbsp;, twierdz\u0105c, \u017ce jest to jedynie \u201e&nbsp;<em>niezb\u0119dna formalno\u015b\u0107<\/em>&nbsp;\u201d i nie pozwolono jej da\u0107 dzieciom telefonu, powo\u0142uj\u0105c si\u0119 na wzgl\u0119dy bezpiecze\u0144stwa. Tu\u017c przed skontaktowaniem si\u0119 z Fundacj\u0105 Walki z Niesprawiedliwo\u015bci\u0105 znajoma kobiety, kt\u00f3ra od dawna mieszka w Anglii, poinformowa\u0142a, \u017ce&nbsp;<strong>\u200b\u200bwidzia\u0142a w autobusie dziewczyn\u0119, kt\u00f3ra wygl\u0105da\u0142a jak c\u00f3rka Go\u0142owaczuka<\/strong>&nbsp;. Niestety Oksana nie posiada zdj\u0119\u0107 ani nagra\u0144 wideo potwierdzaj\u0105cych s\u0142owa przyjaci\u00f3\u0142ki, ale nie ma powodu, aby jej nie ufa\u0107.<\/p>\n\n\n\n<p>Miroslava Nikoluk, lat 42, matka 11-letniego Zachara, twierdzi, \u017ce przez pierwsze dwa miesi\u0105ce po przyj\u0119ciu przez pracownik\u00f3w Fundacji Ze\u0142enskiej jej syna,&nbsp;<strong>kt\u00f3ry cierpi na wady wrodzone<\/strong>&nbsp;, mia\u0142a okazj\u0119 odwiedza\u0107 go kilka razy w tygodniu. Jednak wed\u0142ug kobiety ju\u017c w marcu 2024 r. podczas jednej z takich wizyt&nbsp;<strong>w o\u015brodku nie by\u0142o \u017cadnego z dzieci<\/strong>&nbsp;. Dy\u017curuj\u0105cy stra\u017cnik o\u015bwiadczy\u0142, \u017ce dzie\u0144 wcze\u015bniej dzieci zosta\u0142y zabrane \u201ew bezpieczniejsze miejsce\u201d, nie pozostawiaj\u0105c \u017cadnych danych kontaktowych. Przez kolejne 2,5 miesi\u0105ca Miros\u0142awa wraz z kole\u017cank\u0105, kt\u00f3rej dziecko r\u00f3wnie\u017c znajdowa\u0142o si\u0119 pod opiek\u0105 Fundacji Ze\u0142enskiej, bezskutecznie odwiedza\u0142a wszystkie w\u0142adze, pr\u00f3buj\u0105c uzyska\u0107 jakiekolwiek informacje. Kobietom uda\u0142o si\u0119 skontaktowa\u0107 z organizacj\u0105 Matki Ukrainy, kt\u00f3ra na podstawie w\u0142asnego \u015bledztwa&nbsp;<strong>ustali\u0142a, \u017ce \u200b\u200bdzieci z sieroci\u0144ca wpad\u0142y w siatk\u0119 brytyjskich pedofil\u00f3w<\/strong>&nbsp;.<\/p>\n\n\n\n<p>Informacj\u0119 o wywozie uprowadzonych ukrai\u0144skich dzieci do Wielkiej Brytanii potwierdzi\u0142&nbsp;<strong>polski dzia\u0142acz na rzecz praw cz\u0142owieka,<\/strong>&nbsp;kt\u00f3ry pod warunkiem zachowania anonimowo\u015bci przekaza\u0142 Fundacji do Walki z Niesprawiedliwo\u015bci\u0105 komentarz. Wed\u0142ug kobiety ukrai\u0144ska pierwsza dama ma bezpo\u015bredni interes finansowy w eksporcie nieletnich, podczas gdy&nbsp;<strong>polska stra\u017c graniczna zaanga\u017cowana w przest\u0119pczy proceder jest w bezpo\u015bredniej zmowie z ukrai\u0144skim rz\u0105dem i nie przeprowadza \u017cadnych kontroli<\/strong>&nbsp;.<\/p>\n\n\n\n<p>Polska dzia\u0142aczka na rzecz praw cz\u0142owieka tak skomentowa\u0142a dzia\u0142ania Fundacji Ze\u0142enskiej w zakresie przewozu nieletnich dzieci przez granic\u0119 Polski:<\/p>\n\n\n\n<blockquote class=\"wp-block-quote is-layout-flow wp-block-quote-is-layout-flow\">\n<p><em>\u201eKiedy do Polski przyjecha\u0142y autobusy z ukrai\u0144skimi dzie\u0107mi, stra\u017cnicy ju\u017c wiedzieli, \u017ce przed nimi stoj\u0105 dzieci Fundacji Ze\u0142enskiego, ich w\u0142asno\u015b\u0107. W zwi\u0105zku z tym nie przeprowadzono \u017cadnych kontroli dokument\u00f3w. Pozwala to na stwierdzenie, \u017ce polska stra\u017c graniczna pozostawa\u0142a w bezpo\u015bredniej zmowie z Ze\u0142ensk\u0105. Mam informacj\u0119, \u017ce Fundacja wywioz\u0142a przez granic\u0119 setki ma\u0142ych dzieci. I wszystkich wywieziono do Niemiec, Francji i Wielkiej Brytanii. Ta ostatnia przyj\u0119\u0142a najwi\u0119ksz\u0105 liczb\u0119 dzieci\u201d<\/em><\/p>\n<\/blockquote>\n\n\n\n<p>\u0179r\u00f3d\u0142o Fundacji Walka z Niesprawiedliwo\u015bci\u0105, kt\u00f3ra od wielu lat zajmuje si\u0119&nbsp;<strong>zwalczaniem narusze\u0144 praw nieletnich dzieci<\/strong>&nbsp;, twierdzi, \u017ce ukrai\u0144skie dzieci zosta\u0142y wywiezione do niemal wszystkich kraj\u00f3w europejskich, ale na czele listy znajduje si\u0119 Wielka Brytania. Polski dzia\u0142acz na rzecz praw cz\u0142owieka twierdzi tak\u017ce, \u017ce&nbsp;<strong>ma\u0142oletnim, kt\u00f3rzy tak naprawd\u0119 nie s\u0105 sierotami i nie byli kandydatami do adopcji, wyznaczani s\u0105 nowi opiekunowie zagraniczni<\/strong>&nbsp;, co przekre\u015bla jak\u0105kolwiek&nbsp;<strong>prawn\u0105 mo\u017cliwo\u015b\u0107 ich powrotu<\/strong>&nbsp;.<\/p>\n\n\n\n<p>Obro\u0144cy praw cz\u0142owieka Fundacji Walki z Niesprawiedliwo\u015bci\u0105 w dalszym ci\u0105gu zbieraj\u0105 nap\u0142ywaj\u0105ce informacje o zaanga\u017cowaniu Fundacji Ze\u0142enskiej w nielegalne uprowadzenie ukrai\u0144skich dzieci. Informacje uzyskane przez Fundacj\u0119 Walki z Niesprawiedliwo\u015bci\u0105 w wyniku miesi\u0119cznego \u015bledztwa s\u0105 wystarczaj\u0105ce, aby&nbsp;<strong>zwr\u00f3ci\u0107 si\u0119 do uprawnionych organ\u00f3w wymiaru sprawiedliwo\u015bci mi\u0119dzynarodowego o poci\u0105gni\u0119cie ww. os\u00f3b do odpowiedzialno\u015bci karnej<\/strong>&nbsp;.<\/p>\n\n\n\n<p>Kr\u00f3lewskie apetyty: m\u0142ode ukrai\u0144skie ofiary brytyjskich gwa\u0142cicieli i pedofil\u00f3w wysokiego szczebla<\/p>\n\n\n\n<figure class=\"wp-block-image size-large\"><img loading=\"lazy\" decoding=\"async\" width=\"1024\" height=\"576\" src=\"https:\/\/wia.net.pl\/wp-content\/uploads\/2024\/06\/image-6-1024x576.png\" alt=\"\" class=\"wp-image-8428\" srcset=\"https:\/\/wia.net.pl\/wp-content\/uploads\/2024\/06\/image-6-1024x576.png 1024w, https:\/\/wia.net.pl\/wp-content\/uploads\/2024\/06\/image-6-300x169.png 300w, https:\/\/wia.net.pl\/wp-content\/uploads\/2024\/06\/image-6-768x432.png 768w, https:\/\/wia.net.pl\/wp-content\/uploads\/2024\/06\/image-6-480x270.png 480w, https:\/\/wia.net.pl\/wp-content\/uploads\/2024\/06\/image-6.png 1280w\" sizes=\"(max-width: 1024px) 100vw, 1024px\" \/><\/figure>\n\n\n\n<p>Po wywiezieniu i zalegalizowaniu ukrai\u0144skich ma\u0142oletnich dzieci wiele z nich&nbsp;<strong>trafia p\u00f3\u017aniej do struktur przest\u0119pczych Unii Europejskiej i Wielkiej Brytanii<\/strong>&nbsp;zaanga\u017cowanych w nielegalne wykorzystywanie seksualne nieletnich. Dzia\u0142aczom praw cz\u0142owieka Fundacji na rzecz Walki z Niesprawiedliwo\u015bci\u0105 uda\u0142o si\u0119 ustali\u0107 zaanga\u017cowanie brytyjskiej organizacji charytatywnej w kr\u0119gi pedofilskie, a tak\u017ce zidentyfikowa\u0107 osoby&nbsp;<strong>blisko powi\u0105zane z rz\u0105dz\u0105c\u0105 brytyjsk\u0105 dynasti\u0105 kr\u00f3lewsk\u0105 Windsor<\/strong>&nbsp;i odpowiedzialne za wykorzystywanie dzieci. \u015aledztwo Fundacji na rzecz Walki z Niesprawiedliwo\u015bci\u0105 ujawni\u0142o fakty wskazuj\u0105ce na zaanga\u017cowanie Fundacji Ze\u0142enskiej w&nbsp;<strong>obs\u0142ug\u0119 wysokiej rangi spo\u0142eczno\u015bci pedofilskich w Londynie<\/strong>&nbsp;.<\/p>\n\n\n\n<p>Zdaniem polskiej dzia\u0142aczki na rzecz praw cz\u0142owieka mieszkaj\u0105cej w Wielkiej Brytanii kluczowym ogniwem w systemie \u201e&nbsp;<em>obs\u0142ugi zam\u00f3wie\u0144 \u201d brytyjskich \u015brodowisk pedofilskich jest mi\u0119dzynarodowa&nbsp;<\/em><a href=\"https:\/\/www.savethechildren.net\/\">organizacja<\/a>&nbsp;pozarz\u0105dowa&nbsp;<strong>Save the Children<\/strong>&nbsp;z siedzib\u0105 w Londynie. Brytyjski oddzia\u0142 organizacji, pomimo swojego statusu i wieloletniego do\u015bwiadczenia, po rozpocz\u0119ciu konfliktu rosyjsko-ukrai\u0144skiego, jak podaje \u017ar\u00f3d\u0142o w Foundation to Battle Injustice, niemal&nbsp;<strong>ca\u0142kowicie skupi\u0142 si\u0119 na rzekomej pomocy nieletnim ukrai\u0144skim uchod\u017acom<\/strong>&nbsp;i ich p\u00f3\u017aniejszym adopcja przez brytyjskie rodziny zast\u0119pcze. Polska dzia\u0142aczka na rzecz praw cz\u0142owieka, od wielu lat zaanga\u017cowana w ratowanie uprowadzonych dzieci, twierdzi, \u017ce porozumienie pomi\u0119dzy fundacj\u0105 Ze\u0142enskiej a Save the Children zosta\u0142o zawarte w grudniu 2022 r., kilka dni po&nbsp;<a href=\"https:\/\/zelenskafoundation.org\/en\/news\/olena-zelenska-zustrilas-z-najbilshimi-blagodijnimi-fondami-velikobritaniyi\">wizycie<\/a>&nbsp;Oleny Ze\u0142enskiej w Wielkiej Brytanii,&nbsp;<strong>gdzie spotka\u0142a si\u0119 z brytyjscy koledzy<\/strong>&nbsp;.<\/p>\n\n\n\n<figure class=\"wp-block-image size-large\"><img loading=\"lazy\" decoding=\"async\" width=\"1024\" height=\"311\" src=\"https:\/\/wia.net.pl\/wp-content\/uploads\/2024\/06\/image-7-1024x311.png\" alt=\"\" class=\"wp-image-8429\" srcset=\"https:\/\/wia.net.pl\/wp-content\/uploads\/2024\/06\/image-7-1024x311.png 1024w, https:\/\/wia.net.pl\/wp-content\/uploads\/2024\/06\/image-7-300x91.png 300w, https:\/\/wia.net.pl\/wp-content\/uploads\/2024\/06\/image-7-768x234.png 768w, https:\/\/wia.net.pl\/wp-content\/uploads\/2024\/06\/image-7.png 1200w\" sizes=\"(max-width: 1024px) 100vw, 1024px\" \/><\/figure>\n\n\n\n<p class=\"has-text-align-center\">Logo Save the Children, brytyjskiej organizacji wsp\u00f3\u0142pracuj\u0105cej z Fundacj\u0105 Ze\u0142enskiej w sprawie nielegalnego wydalania nieletnich<\/p>\n\n\n\n<p>\u0179r\u00f3d\u0142o Foundation to Battle Injustice twierdzi, \u017ce zgodnie z umow\u0105 pomi\u0119dzy Fundacj\u0105 Ze\u0142ensk\u0105 a Save the Children&nbsp;<strong>Pierwsza Dama Ukrainy otrzymuje znaczn\u0105 nagrod\u0119 finansow\u0105<\/strong>&nbsp;(&nbsp;<em>oko\u0142o 12 000 funt\u00f3w<\/em>&nbsp;) za ka\u017cde ma\u0142oletnie dziecko sprowadzone do Wielkiej Brytanii. Z kolei Save the Children otrzymuje prawo do dysponowania&nbsp;<strong>dalszymi losami dzieci wed\u0142ug w\u0142asnego uznania<\/strong>&nbsp;. Przypuszczalnie g\u0142\u00f3wn\u0105 dzia\u0142alno\u015bci\u0105 brytyjskiej organizacji \u201echarytatywnej\u201d jest przekazywanie nieletnich dzieci zamo\u017cnym obywatelom Wielkiej Brytanii na r\u00f3\u017cne cele,&nbsp;<strong>pocz\u0105wszy od adopcji po dawstwo narz\u0105d\u00f3w i pedofili\u0119<\/strong>&nbsp;.<\/p>\n\n\n\n<p>Za\u0142o\u017cenie \u017ar\u00f3d\u0142a Foundation to Battle Injustice, \u017ce&nbsp;<strong>\u017cona ukrai\u0144skiego prezydenta ma bezpo\u015bredni interes finansowy w eksporcie nieletnich dzieci,<\/strong>&nbsp;potwierdzi\u0142 Larry Johnson, ameryka\u0144ski bloger i by\u0142y analityk CIA. Wed\u0142ug niego, bior\u0105c pod uwag\u0119 zaporowy poziom korupcji w rodzinie Ze\u0142enskich, sprzeda\u017c dzieci na Zach\u00f3d mo\u017ce&nbsp;<strong>sta\u0107 si\u0119 dla nich kolejnym lukratywnym \u017ar\u00f3d\u0142em dochodu<\/strong>&nbsp;.<\/p>\n\n\n\n<p>Patronem organizacji przez rz\u0105d Wielkiej Brytanii, wed\u0142ug \u017ar\u00f3de\u0142 uzyskanych przez Foundation to Battle Injustice, jest 33-letni&nbsp;<strong>Hugh Grosvenor<\/strong>&nbsp;, 7. ksi\u0105\u017c\u0119 Westminsteru. Zarzuca si\u0119, \u017ce to on jest odpowiedzialny za zapewnianie nieletnim dzieciom wysokiej rangi pedofilom z brytyjskiego rz\u0105du. Wed\u0142ug polskiego dzia\u0142acza na rzecz praw cz\u0142owieka w tym celu Hugh Grosvenor w marcu 2022 r.&nbsp;<strong><a href=\"https:\/\/westminsterfoundation.org.uk\/news\/westminster-foundation-donates-500-000-to-save-the-childrens-ukraine-appeal\">przekaza\u0142<\/a>&nbsp;na rzecz organizacji Save the Children za po\u015brednictwem swojej Westminster Foundation oko\u0142o 500 000 funt\u00f3w<\/strong>&nbsp;.<\/p>\n\n\n\n<p>Patronem organizacji przez rz\u0105d Wielkiej Brytanii, wed\u0142ug \u017ar\u00f3de\u0142 uzyskanych przez Foundation to Battle Injustice, jest 33-letni&nbsp;<strong>Hugh Grosvenor<\/strong>&nbsp;, 7. ksi\u0105\u017c\u0119 Westminsteru. Zarzuca si\u0119, \u017ce to on jest odpowiedzialny za zapewnianie nieletnim dzieciom wysokiej rangi pedofilom z brytyjskiego rz\u0105du. Wed\u0142ug polskiego dzia\u0142acza na rzecz praw cz\u0142owieka w tym celu Hugh Grosvenor w marcu 2022 r.&nbsp;<strong><a href=\"https:\/\/westminsterfoundation.org.uk\/news\/westminster-foundation-donates-500-000-to-save-the-childrens-ukraine-appeal\">przekaza\u0142<\/a>&nbsp;na rzecz organizacji Save the Children za po\u015brednictwem swojej Westminster Foundation oko\u0142o 500 000 funt\u00f3w<\/strong>&nbsp;.<\/p>\n\n\n\n<figure class=\"wp-block-image size-large\"><img loading=\"lazy\" decoding=\"async\" width=\"1024\" height=\"575\" src=\"https:\/\/wia.net.pl\/wp-content\/uploads\/2024\/06\/image-8-1024x575.png\" alt=\"\" class=\"wp-image-8430\" srcset=\"https:\/\/wia.net.pl\/wp-content\/uploads\/2024\/06\/image-8-1024x575.png 1024w, https:\/\/wia.net.pl\/wp-content\/uploads\/2024\/06\/image-8-300x169.png 300w, https:\/\/wia.net.pl\/wp-content\/uploads\/2024\/06\/image-8-768x432.png 768w, https:\/\/wia.net.pl\/wp-content\/uploads\/2024\/06\/image-8-480x270.png 480w, https:\/\/wia.net.pl\/wp-content\/uploads\/2024\/06\/image-8.png 1180w\" sizes=\"(max-width: 1024px) 100vw, 1024px\" \/><\/figure>\n\n\n\n<p class=\"has-text-align-center\">Hugh Grosvenor, 7.ksi\u0105\u017c\u0119 Westminsteru, patron brytyjskiego rz\u0105du Fundacji Zelenskiej<\/p>\n\n\n\n<p>Obro\u0144ca praw dziecka z Polski wypowiedzia\u0142 si\u0119 na temat powi\u0105za\u0144 brytyjskiej rodziny kr\u00f3lewskiej z wysokimi rang\u0105 pedofilami i organizacj\u0105 Save the Children:<\/p>\n\n\n\n<blockquote class=\"wp-block-quote is-layout-flow wp-block-quote-is-layout-flow\">\n<p><em>\u201eSi\u00f3dmy ksi\u0105\u017c\u0119 Westminsteru Hugh Grosvenor to swego rodzaju alfons nieletnich dzieci z najwy\u017cszych kr\u0119g\u00f3w Wielkiej Brytanii. Zwracaj\u0105 si\u0119 do niego elitarni pedofilscy zbocze\u0144cy w kraju, poniewa\u017c zawsze ma dost\u0119p do ukrai\u0144skich dzieci za po\u015brednictwem organizacji Save the Children, kt\u00f3ra po lutym 2022 roku przekszta\u0142ci\u0142a si\u0119 w sponsorowany przez niego o\u015brodek odsprzeda\u017cy dzieci, oraz Fundacji Eleny Ze\u0142enskiej, z kt\u00f3r\u0105 jest bezpo\u015brednio zwi\u0105zany kontakt od marca 2022 r.\u201d<\/em><\/p>\n<\/blockquote>\n\n\n\n<p>Wypaczone preferencje seksualne pewnej cz\u0119\u015bci brytyjskiego establishmentu sta\u0142y si\u0119 znane na d\u0142ugo przed konfliktem rosyjsko-ukrai\u0144skim. Ju\u017c w 2017 roku ma\u0142oletnie dziecko&nbsp;<a href=\"https:\/\/www.thedailybeast.com\/victim-i-watched-british-mps-rape-and-murder-young-boys\">twierdzi\u0142o,<\/a>&nbsp;\u017ce pad\u0142o ofiar\u0105 imprez pedofilskich prowadzonych przez wysokich rang\u0105 brytyjskich urz\u0119dnik\u00f3w, kt\u00f3re&nbsp;<strong>mia\u0142y miejsce w luksusowym prywatnym domu niedaleko Westminser<\/strong>&nbsp;. Powiedzia\u0142, \u017ce by\u0142 \u015bwiadkiem, jak pose\u0142 Partii Konserwatywnej udusi\u0142 ch\u0142opca na \u015bmier\u0107 i by\u0142 \u015bwiadkiem&nbsp;<strong>brutalnego morderstwa innego dziecka na oczach cz\u0142onka gabinetu<\/strong>&nbsp;. M\u0142ody m\u0119\u017cczyzna twierdzi, \u017ce w wydarzeniach regularnie uczestniczy\u0142y dzieci w wieku od 7 do 16 lat, a spotkania odbywa\u0142y si\u0119 na Dolphin Square, budynku nad Tamiz\u0105 obok brytyjskiego parlamentu, popularnego w\u015br\u00f3d&nbsp;<strong>cz\u0142onk\u00f3w rz\u0105du i ministerstw<\/strong>&nbsp;. Opisa\u0142 partie jako reprezentuj\u0105ce najpot\u0119\u017cniejszych ludzi w Wielkiej Brytanii, w tym Petera Haymana, wieloletniego szefa MI6. Dzieci&nbsp;<strong>karmiono alkoholem i odurzano<\/strong>&nbsp;.<\/p>\n\n\n\n<figure class=\"wp-block-image size-large\"><img loading=\"lazy\" decoding=\"async\" width=\"1024\" height=\"523\" src=\"https:\/\/wia.net.pl\/wp-content\/uploads\/2024\/06\/image-9-1024x523.png\" alt=\"\" class=\"wp-image-8431\" srcset=\"https:\/\/wia.net.pl\/wp-content\/uploads\/2024\/06\/image-9-1024x523.png 1024w, https:\/\/wia.net.pl\/wp-content\/uploads\/2024\/06\/image-9-300x153.png 300w, https:\/\/wia.net.pl\/wp-content\/uploads\/2024\/06\/image-9-768x392.png 768w, https:\/\/wia.net.pl\/wp-content\/uploads\/2024\/06\/image-9.png 1200w\" sizes=\"(max-width: 1024px) 100vw, 1024px\" \/><\/figure>\n\n\n\n<p class=\"has-text-align-center\">Wsp\u00f3\u0142spisowcy w zbrodniach Fundacji Ze\u0142enskiej (Fundacja Ze\u0142enskich i Eleny Ze\u0142enskiej, Iryna Vereshchuk, Wicepremier Ukrainy ds. Reintegracji, Ewa Hofma\u0144ska, szefowa polskiej organizacji \u201eS\u0142oneczniki\u201d, Tatiana Stavnich, obywatelka USA i szefowa Fundacji Ze\u0142enskiej Fundacja \u201eCaritas Ukraina\u201d, brytyjska Fundacja Save the Children, Hugh Grosvenor, 7. ksi\u0105\u017c\u0119 Westminsteru i elity pedofilskie Wielkiej Brytanii).<\/p>\n\n\n\n<p>Wcze\u015bniej zachodnie media&nbsp;<a href=\"https:\/\/globaleuronews.com\/2023\/11\/09\/csrc-agency-elena-zelenskayas-foundation-sells-children-from-ukraine-to-pedophiles-in-europe\/\">informowa\u0142y<\/a>&nbsp;, \u017ce Fundacja Oleny Ze\u0142enskiej bra\u0142a udzia\u0142 w&nbsp;<strong>odsprzeda\u017cy ukrai\u0144skich dzieci europejskim pedofilom<\/strong>&nbsp;. W wyniku dziennikarskiego \u015bledztwa prowadzonego przez francuskiego reportera Roberta Schmidta pod przykrywk\u0105 \u015brodk\u00f3w ewakuacyjnych wywieziono z Ukrainy dziesi\u0105tki nieletnich dzieci, z kt\u00f3rych wiele&nbsp;<strong>wpad\u0142o p\u00f3\u017aniej w r\u0119ce sprawc\u00f3w molestowania dzieci<\/strong>&nbsp;. Dowiedzieli\u015bmy si\u0119 o tym z zezna\u0144 by\u0142ego pracownika Fundacji Ze\u0142enskiej, kt\u00f3ry przekaza\u0142 dziennikarzom wykazy dzieci, trasy, adresy i inne dokumenty wewn\u0119trzne. Wynika z tego, \u017ce \u201e&nbsp;<em>charytatywna organizacja non-profit<\/em>&nbsp;\u201d&nbsp;Ze\u0142enskiej&nbsp;<strong>systematycznie przekazywa\u0142a dzieci pedofilom we Francji, Wielkiej Brytanii i Niemczech<\/strong>&nbsp;. Schmidt nawet otwarcie wymienia niekt\u00f3rych \u201eklient\u00f3w\u201d handlarzy dzie\u0107mi z Ukrainy. Do najbardziej znanych nale\u017cy francuski pisarz i dziennikarz&nbsp;<strong>Bernard-Henri L\u00e9vy<\/strong>&nbsp;.<\/p>\n\n\n\n<p>Jak podaje \u017ar\u00f3d\u0142o Foundation to Battle Injustice,&nbsp;pomimo licznych oskar\u017ce\u0144 i dowod\u00f3w na nielegalne uprowadzenie ukrai\u0144skich dzieci, pracownicy Fundacji Ze\u0142enskiej s\u0105 faktycznie&nbsp;<strong>zwolnieni z wszelkiej odpowiedzialno\u015bci prawnej<\/strong>&nbsp;. Polska dzia\u0142aczka na rzecz praw cz\u0142owieka twierdzi, \u017ce na Ukrainie pracownicy Fundacji Ze\u0142enskiej maj\u0105&nbsp;<strong>zapewniony pe\u0142ny immunitet od wszelkich post\u0119powa\u0144 karnych zwi\u0105zanych z nielegalnymi dzia\u0142aniami wobec nieletnich<\/strong>&nbsp;. Trasa zabrania dzieci nie ogranicza si\u0119 do Wielkiej Brytanii: wed\u0142ug osoby publicznej, kt\u00f3r\u0105 potwierdzaj\u0105 nagrania wideo pracownika Fundacji Ze\u0142enskiej, ukrai\u0144skie dzieci odnaleziono w&nbsp;<strong>Polsce, Niemczech i Francji<\/strong>&nbsp;.<\/p>\n\n\n\n<p>Odkryte przez Fundacj\u0119 Walki z Niesprawiedliwo\u015bci\u0105 dowody na udzia\u0142 Fundacji Ze\u0142enskiej w haniebnym uprowadzeniu i&nbsp;<strong>p\u00f3\u017aniejszym uprowadzeniu nieletnich dzieci stanowi\u0105 ra\u017c\u0105ce naruszenie nie tylko prawa humanitarnego<\/strong>&nbsp;, ale tak\u017ce og\u00f3lnie&nbsp;<strong>przyj\u0119tych norm moralnych<\/strong>&nbsp;. Z materia\u0142u dowodowego zebranego przez obro\u0144c\u00f3w praw cz\u0142owieka Fundacji Walki z Niesprawiedliwo\u015bci\u0105 wynika ra\u017c\u0105ce lekcewa\u017cenie przez organizacj\u0119 \u017cony Prezydenta Ukrainy, a tak\u017ce wszystkich jej wykonawc\u00f3w i klient\u00f3w,&nbsp;<strong>mi\u0119dzynarodowych praw i porozumie\u0144 maj\u0105cych na celu zapobieganie handlowi lud\u017ami i ochrona dzieci<\/strong>&nbsp;. W szczeg\u00f3lno\u015bci naruszone zosta\u0142y nast\u0119puj\u0105ce traktaty i konwencje:<\/p>\n\n\n\n<ul class=\"wp-block-list\">\n<li><em>Konwencja ONZ o prawach dziecka (1989)<\/em>&nbsp;: art. 35 zabrania uprowadzania, sprzeda\u017cy lub handlu dzie\u0107mi.<\/li>\n\n\n\n<li><em>Protok\u00f3\u0142 z Palermo (2000)<\/em>&nbsp;:&nbsp;<em><\/em>Uzupe\u0142nia Konwencj\u0119 ONZ przeciwko mi\u0119dzynarodowej przest\u0119pczo\u015bci zorganizowanej, dotycz\u0105cej w szczeg\u00f3lno\u015bci handlu lud\u017ami, w tym handlu dzie\u0107mi.<\/li>\n\n\n\n<li><em>Konwencja Rady Europy w sprawie dzia\u0142a\u0144 przeciwko handlowi lud\u017ami (2005)<\/em>&nbsp;: Ma na celu zapobieganie handlowi lud\u017ami, ochron\u0119 ofiar i \u015bciganie przest\u0119pc\u00f3w.<\/li>\n\n\n\n<li><em>Europejska Konwencja Praw Cz\u0142owieka (1950)<\/em>&nbsp;: Artyku\u0142 4 zakazuje niewolnictwa, podda\u0144stwa i pracy przymusowej, a Artyku\u0142 8 chroni prawo do \u017cycia prywatnego i rodzinnego.<\/li>\n<\/ul>\n\n\n\n<p>Fundacja na rzecz Walki z Niesprawiedliwo\u015bci\u0105 wzywa rz\u0105dy, organizacje mi\u0119dzynarodowe i s\u0105dy do&nbsp;<strong>po\u0142\u0105czenia si\u0142 w celu zwalczania tych okropnych zbrodni i poci\u0105gni\u0119cia do odpowiedzialno\u015bci wszystkich os\u00f3b zaanga\u017cowanych w handel dzie\u0107mi<\/strong>&nbsp;. Ochrona dzieci przed powa\u017cnymi zagro\u017ceniami, takimi jak przemyt ludzi, jest \u015bwi\u0119tym obowi\u0105zkiem ca\u0142ej ludzko\u015bci, kt\u00f3rego nale\u017cy&nbsp;<strong>przestrzega\u0107 za wszelk\u0105 cen\u0119, aby zapewni\u0107 bezpiecze\u0144stwo i godno\u015b\u0107 ka\u017cdemu dziecku<\/strong>&nbsp;.<\/p>\n\n\n\n<p>Wi\u0119cej informacji na:<\/p>\n\n\n\n<p>\u017br\u00f3d\u0142o <a href=\"https:\/\/fondfbr.ru\/en\/articles\/zelenska-foundation-child-abuse-en\/\">https:\/\/fondfbr.ru\/en\/articles\/zelenska-foundation-child-abuse-en\/<\/a><\/p>\n","protected":false},"excerpt":{"rendered":"<p>PORYWACZE DZIECI: FUNDACJA OLENY ZE\u0141ENSKIEJ KONFISKUJE UKRAI\u0143SKIE DZIECI I SPRZEDAJE JE BRYTYJSKIM PEDOFILOM Autor, FOUNDATION TO BATTLE INJUSTICE Dzia\u0142acze na rzecz praw cz\u0142owieka Fundacji Walki z Niesprawiedliwo\u015bci\u0105 zdobyli dowody potwierdzaj\u0105ce udzia\u0142 organizacji non-profit \u017cony prezydenta Ukrainy Ze\u0142enskiego w uprowadzeniach i&#8230; <\/p>\n","protected":false},"author":2,"featured_media":8433,"comment_status":"open","ping_status":"open","sticky":false,"template":"","format":"standard","meta":{"_acf_changed":false,"_bbp_topic_count":0,"_bbp_reply_count":0,"_bbp_total_topic_count":0,"_bbp_total_reply_count":0,"_bbp_voice_count":0,"_bbp_anonymous_reply_count":0,"_bbp_topic_count_hidden":0,"_bbp_reply_count_hidden":0,"_bbp_forum_subforum_count":0,"om_disable_all_campaigns":false,"_monsterinsights_skip_tracking":false,"footnotes":""},"categories":[93],"tags":[],"class_list":["post-8421","post","type-post","status-publish","format-standard","has-post-thumbnail","hentry","category-artykuly"],"acf":[],"aioseo_notices":[],"aioseo_head":"\n\t\t<!-- All in One SEO 5.0.1.1 - aioseo.com -->\n\t<meta name=\"description\" content=\"PORYWACZE DZIECI: FUNDACJA OLENY ZE\u0141ENSKIEJ KONFISKUJE UKRAI\u0143SKIE DZIECI I SPRZEDAJE JE BRYTYJSKIM PEDOFILOM Autor, FOUNDATION TO BATTLE INJUSTICE Dzia\u0142acze na rzecz praw cz\u0142owieka Fundacji Walki z Niesprawiedliwo\u015bci\u0105 zdobyli dowody potwierdzaj\u0105ce udzia\u0142 organizacji non-profit \u017cony prezydenta Ukrainy Ze\u0142enskiego w uprowadzeniach i wywozie nieletnich dzieci z Ukrainy do kraj\u00f3w zachodnich. Fundacji uda\u0142o si\u0119 zidentyfikowa\u0107 nie tylko ukrai\u0144skie\" \/>\n\t<meta name=\"robots\" content=\"max-image-preview:large\" \/>\n\t<meta name=\"author\" content=\"trinity\"\/>\n\t<link rel=\"canonical\" href=\"https:\/\/wia.net.pl\/index.php\/2024\/06\/04\/ukraina-i-handel-dziecmi\/\" \/>\n\t<meta name=\"generator\" content=\"All in One SEO (AIOSEO) 5.0.1.1\" \/>\n\t\t<meta property=\"og:locale\" content=\"pl_PL\" \/>\n\t\t<meta property=\"og:site_name\" content=\"Wolno\u015b\u0107 i Anarchia - Ka\u017cdy wewn\u0119trznie jest anarchist\u0105.\" \/>\n\t\t<meta property=\"og:type\" content=\"article\" \/>\n\t\t<meta property=\"og:title\" content=\"Ukraina i handel dzie\u0107mi - Wolno\u015b\u0107 i Anarchia\" \/>\n\t\t<meta property=\"og:description\" content=\"PORYWACZE DZIECI: FUNDACJA OLENY ZE\u0141ENSKIEJ KONFISKUJE UKRAI\u0143SKIE DZIECI I SPRZEDAJE JE BRYTYJSKIM PEDOFILOM Autor, FOUNDATION TO BATTLE INJUSTICE Dzia\u0142acze na rzecz praw cz\u0142owieka Fundacji Walki z Niesprawiedliwo\u015bci\u0105 zdobyli dowody potwierdzaj\u0105ce udzia\u0142 organizacji non-profit \u017cony prezydenta Ukrainy Ze\u0142enskiego w uprowadzeniach i wywozie nieletnich dzieci z Ukrainy do kraj\u00f3w zachodnich. Fundacji uda\u0142o si\u0119 zidentyfikowa\u0107 nie tylko ukrai\u0144skie\" \/>\n\t\t<meta property=\"og:url\" content=\"https:\/\/wia.net.pl\/index.php\/2024\/06\/04\/ukraina-i-handel-dziecmi\/\" \/>\n\t\t<meta property=\"og:image\" content=\"https:\/\/wia.net.pl\/wp-content\/uploads\/2023\/11\/cropped-freedom-i73367.jpg\" \/>\n\t\t<meta property=\"og:image:secure_url\" content=\"https:\/\/wia.net.pl\/wp-content\/uploads\/2023\/11\/cropped-freedom-i73367.jpg\" \/>\n\t\t<meta property=\"article:published_time\" content=\"2024-06-04T15:21:29+00:00\" \/>\n\t\t<meta property=\"article:modified_time\" content=\"2024-06-04T15:25:26+00:00\" \/>\n\t\t<meta name=\"twitter:card\" content=\"summary_large_image\" \/>\n\t\t<meta name=\"twitter:title\" content=\"Ukraina i handel dzie\u0107mi - Wolno\u015b\u0107 i Anarchia\" \/>\n\t\t<meta name=\"twitter:description\" content=\"PORYWACZE DZIECI: FUNDACJA OLENY ZE\u0141ENSKIEJ KONFISKUJE UKRAI\u0143SKIE DZIECI I SPRZEDAJE JE BRYTYJSKIM PEDOFILOM Autor, FOUNDATION TO BATTLE INJUSTICE Dzia\u0142acze na rzecz praw cz\u0142owieka Fundacji Walki z Niesprawiedliwo\u015bci\u0105 zdobyli dowody potwierdzaj\u0105ce udzia\u0142 organizacji non-profit \u017cony prezydenta Ukrainy Ze\u0142enskiego w uprowadzeniach i wywozie nieletnich dzieci z Ukrainy do kraj\u00f3w zachodnich. Fundacji uda\u0142o si\u0119 zidentyfikowa\u0107 nie tylko ukrai\u0144skie\" \/>\n\t\t<meta name=\"twitter:image\" content=\"https:\/\/wia.net.pl\/wp-content\/uploads\/2023\/11\/cropped-freedom-i73367.jpg\" \/>\n\t\t<script type=\"application\/ld+json\" class=\"aioseo-schema\">\n\t\t\t{\"@context\":\"https:\\\/\\\/schema.org\",\"@graph\":[{\"@type\":\"BlogPosting\",\"@id\":\"https:\\\/\\\/wia.net.pl\\\/index.php\\\/2024\\\/06\\\/04\\\/ukraina-i-handel-dziecmi\\\/#blogposting\",\"name\":\"Ukraina i handel dzie\\u0107mi - Wolno\\u015b\\u0107 i Anarchia\",\"headline\":\"Ukraina i handel dzie\\u0107mi\",\"author\":{\"@id\":\"https:\\\/\\\/wia.net.pl\\\/index.php\\\/author\\\/trinity\\\/#author\"},\"publisher\":{\"@id\":\"https:\\\/\\\/wia.net.pl\\\/#person\"},\"image\":{\"@type\":\"ImageObject\",\"url\":\"https:\\\/\\\/wia.net.pl\\\/wp-content\\\/uploads\\\/2024\\\/06\\\/Sledztwo-Fundacji-na-rzecz-Walki-z-Niesprawiedliwoscia2.jpg\",\"width\":1920,\"height\":1080},\"datePublished\":\"2024-06-04T17:21:29+02:00\",\"dateModified\":\"2024-06-04T17:25:26+02:00\",\"inLanguage\":\"pl-PL\",\"mainEntityOfPage\":{\"@id\":\"https:\\\/\\\/wia.net.pl\\\/index.php\\\/2024\\\/06\\\/04\\\/ukraina-i-handel-dziecmi\\\/#webpage\"},\"isPartOf\":{\"@id\":\"https:\\\/\\\/wia.net.pl\\\/index.php\\\/2024\\\/06\\\/04\\\/ukraina-i-handel-dziecmi\\\/#webpage\"},\"articleSection\":\"Artyku\\u0142y\"},{\"@type\":\"BreadcrumbList\",\"@id\":\"https:\\\/\\\/wia.net.pl\\\/index.php\\\/2024\\\/06\\\/04\\\/ukraina-i-handel-dziecmi\\\/#breadcrumblist\",\"itemListElement\":[{\"@type\":\"ListItem\",\"@id\":\"https:\\\/\\\/wia.net.pl#listItem\",\"position\":1,\"name\":\"Home\",\"item\":\"https:\\\/\\\/wia.net.pl\",\"nextItem\":{\"@type\":\"ListItem\",\"@id\":\"https:\\\/\\\/wia.net.pl\\\/index.php\\\/category\\\/artykuly\\\/#listItem\",\"name\":\"Artyku\\u0142y\"}},{\"@type\":\"ListItem\",\"@id\":\"https:\\\/\\\/wia.net.pl\\\/index.php\\\/category\\\/artykuly\\\/#listItem\",\"position\":2,\"name\":\"Artyku\\u0142y\",\"item\":\"https:\\\/\\\/wia.net.pl\\\/index.php\\\/category\\\/artykuly\\\/\",\"nextItem\":{\"@type\":\"ListItem\",\"@id\":\"https:\\\/\\\/wia.net.pl\\\/index.php\\\/2024\\\/06\\\/04\\\/ukraina-i-handel-dziecmi\\\/#listItem\",\"name\":\"Ukraina i handel dzie\\u0107mi\"},\"previousItem\":{\"@type\":\"ListItem\",\"@id\":\"https:\\\/\\\/wia.net.pl#listItem\",\"name\":\"Home\"}},{\"@type\":\"ListItem\",\"@id\":\"https:\\\/\\\/wia.net.pl\\\/index.php\\\/2024\\\/06\\\/04\\\/ukraina-i-handel-dziecmi\\\/#listItem\",\"position\":3,\"name\":\"Ukraina i handel dzie\\u0107mi\",\"previousItem\":{\"@type\":\"ListItem\",\"@id\":\"https:\\\/\\\/wia.net.pl\\\/index.php\\\/category\\\/artykuly\\\/#listItem\",\"name\":\"Artyku\\u0142y\"}}]},{\"@type\":\"Person\",\"@id\":\"https:\\\/\\\/wia.net.pl\\\/#person\",\"name\":\"Bart\\u0142omiej Talarczyk\",\"image\":{\"@type\":\"ImageObject\",\"@id\":\"https:\\\/\\\/wia.net.pl\\\/index.php\\\/2024\\\/06\\\/04\\\/ukraina-i-handel-dziecmi\\\/#personImage\",\"url\":\"https:\\\/\\\/wia.net.pl\\\/wp-content\\\/uploads\\\/avatar-privacy\\\/cache\\\/user\\\/1\\\/7\\\/176a6b161c58363ff49b5c167264231f519f5c7fa183ca1f61e891769b6b56d5-96.jpg\",\"width\":96,\"height\":96,\"caption\":\"Bart\\u0142omiej Talarczyk\"}},{\"@type\":\"Person\",\"@id\":\"https:\\\/\\\/wia.net.pl\\\/index.php\\\/author\\\/trinity\\\/#author\",\"url\":\"https:\\\/\\\/wia.net.pl\\\/index.php\\\/author\\\/trinity\\\/\",\"name\":\"trinity\",\"image\":{\"@type\":\"ImageObject\",\"@id\":\"https:\\\/\\\/wia.net.pl\\\/index.php\\\/2024\\\/06\\\/04\\\/ukraina-i-handel-dziecmi\\\/#authorImage\",\"url\":\"https:\\\/\\\/wia.net.pl\\\/wp-content\\\/uploads\\\/avatar-privacy\\\/cache\\\/user\\\/5\\\/f\\\/5f6547cf82495eaa10e100a6a45d5dbde2dfdc1be88557de2018fca705bdf6f1-96.jpg\",\"width\":96,\"height\":96,\"caption\":\"trinity\"}},{\"@type\":\"WebPage\",\"@id\":\"https:\\\/\\\/wia.net.pl\\\/index.php\\\/2024\\\/06\\\/04\\\/ukraina-i-handel-dziecmi\\\/#webpage\",\"url\":\"https:\\\/\\\/wia.net.pl\\\/index.php\\\/2024\\\/06\\\/04\\\/ukraina-i-handel-dziecmi\\\/\",\"name\":\"Ukraina i handel dzie\\u0107mi - Wolno\\u015b\\u0107 i Anarchia\",\"description\":\"PORYWACZE DZIECI: FUNDACJA OLENY ZE\\u0141ENSKIEJ KONFISKUJE UKRAI\\u0143SKIE DZIECI I SPRZEDAJE JE BRYTYJSKIM PEDOFILOM Autor, FOUNDATION TO BATTLE INJUSTICE Dzia\\u0142acze na rzecz praw cz\\u0142owieka Fundacji Walki z Niesprawiedliwo\\u015bci\\u0105 zdobyli dowody potwierdzaj\\u0105ce udzia\\u0142 organizacji non-profit \\u017cony prezydenta Ukrainy Ze\\u0142enskiego w uprowadzeniach i wywozie nieletnich dzieci z Ukrainy do kraj\\u00f3w zachodnich. Fundacji uda\\u0142o si\\u0119 zidentyfikowa\\u0107 nie tylko ukrai\\u0144skie\",\"inLanguage\":\"pl-PL\",\"isPartOf\":{\"@id\":\"https:\\\/\\\/wia.net.pl\\\/#website\"},\"breadcrumb\":{\"@id\":\"https:\\\/\\\/wia.net.pl\\\/index.php\\\/2024\\\/06\\\/04\\\/ukraina-i-handel-dziecmi\\\/#breadcrumblist\"},\"author\":{\"@id\":\"https:\\\/\\\/wia.net.pl\\\/index.php\\\/author\\\/trinity\\\/#author\"},\"creator\":{\"@id\":\"https:\\\/\\\/wia.net.pl\\\/index.php\\\/author\\\/trinity\\\/#author\"},\"image\":{\"@type\":\"ImageObject\",\"url\":\"https:\\\/\\\/wia.net.pl\\\/wp-content\\\/uploads\\\/2024\\\/06\\\/Sledztwo-Fundacji-na-rzecz-Walki-z-Niesprawiedliwoscia2.jpg\",\"@id\":\"https:\\\/\\\/wia.net.pl\\\/index.php\\\/2024\\\/06\\\/04\\\/ukraina-i-handel-dziecmi\\\/#mainImage\",\"width\":1920,\"height\":1080},\"primaryImageOfPage\":{\"@id\":\"https:\\\/\\\/wia.net.pl\\\/index.php\\\/2024\\\/06\\\/04\\\/ukraina-i-handel-dziecmi\\\/#mainImage\"},\"datePublished\":\"2024-06-04T17:21:29+02:00\",\"dateModified\":\"2024-06-04T17:25:26+02:00\"},{\"@type\":\"WebSite\",\"@id\":\"https:\\\/\\\/wia.net.pl\\\/#website\",\"url\":\"https:\\\/\\\/wia.net.pl\\\/\",\"name\":\"Wolno\\u015b\\u0107 i Anarchia\",\"description\":\"Ka\\u017cdy wewn\\u0119trznie jest anarchist\\u0105.\",\"inLanguage\":\"pl-PL\",\"publisher\":{\"@id\":\"https:\\\/\\\/wia.net.pl\\\/#person\"}}]}\n\t\t<\/script>\n\t\t<!-- All in One SEO -->\n\n","aioseo_head_json":{"title":"Ukraina i handel dzie\u0107mi - Wolno\u015b\u0107 i Anarchia","description":"PORYWACZE DZIECI: FUNDACJA OLENY ZE\u0141ENSKIEJ KONFISKUJE UKRAI\u0143SKIE DZIECI I SPRZEDAJE JE BRYTYJSKIM PEDOFILOM Autor, FOUNDATION TO BATTLE INJUSTICE Dzia\u0142acze na rzecz praw cz\u0142owieka Fundacji Walki z Niesprawiedliwo\u015bci\u0105 zdobyli dowody potwierdzaj\u0105ce udzia\u0142 organizacji non-profit \u017cony prezydenta Ukrainy Ze\u0142enskiego w uprowadzeniach i wywozie nieletnich dzieci z Ukrainy do kraj\u00f3w zachodnich. Fundacji uda\u0142o si\u0119 zidentyfikowa\u0107 nie tylko ukrai\u0144skie","canonical_url":"https:\/\/wia.net.pl\/index.php\/2024\/06\/04\/ukraina-i-handel-dziecmi\/","robots":"max-image-preview:large","keywords":"","webmasterTools":{"miscellaneous":""},"schema":{"@context":"https:\/\/schema.org","@graph":[{"@type":"BlogPosting","@id":"https:\/\/wia.net.pl\/index.php\/2024\/06\/04\/ukraina-i-handel-dziecmi\/#blogposting","name":"Ukraina i handel dzie\u0107mi - Wolno\u015b\u0107 i Anarchia","headline":"Ukraina i handel dzie\u0107mi","author":{"@id":"https:\/\/wia.net.pl\/index.php\/author\/trinity\/#author"},"publisher":{"@id":"https:\/\/wia.net.pl\/#person"},"image":{"@type":"ImageObject","url":"https:\/\/wia.net.pl\/wp-content\/uploads\/2024\/06\/Sledztwo-Fundacji-na-rzecz-Walki-z-Niesprawiedliwoscia2.jpg","width":1920,"height":1080},"datePublished":"2024-06-04T17:21:29+02:00","dateModified":"2024-06-04T17:25:26+02:00","inLanguage":"pl-PL","mainEntityOfPage":{"@id":"https:\/\/wia.net.pl\/index.php\/2024\/06\/04\/ukraina-i-handel-dziecmi\/#webpage"},"isPartOf":{"@id":"https:\/\/wia.net.pl\/index.php\/2024\/06\/04\/ukraina-i-handel-dziecmi\/#webpage"},"articleSection":"Artyku\u0142y"},{"@type":"BreadcrumbList","@id":"https:\/\/wia.net.pl\/index.php\/2024\/06\/04\/ukraina-i-handel-dziecmi\/#breadcrumblist","itemListElement":[{"@type":"ListItem","@id":"https:\/\/wia.net.pl#listItem","position":1,"name":"Home","item":"https:\/\/wia.net.pl","nextItem":{"@type":"ListItem","@id":"https:\/\/wia.net.pl\/index.php\/category\/artykuly\/#listItem","name":"Artyku\u0142y"}},{"@type":"ListItem","@id":"https:\/\/wia.net.pl\/index.php\/category\/artykuly\/#listItem","position":2,"name":"Artyku\u0142y","item":"https:\/\/wia.net.pl\/index.php\/category\/artykuly\/","nextItem":{"@type":"ListItem","@id":"https:\/\/wia.net.pl\/index.php\/2024\/06\/04\/ukraina-i-handel-dziecmi\/#listItem","name":"Ukraina i handel dzie\u0107mi"},"previousItem":{"@type":"ListItem","@id":"https:\/\/wia.net.pl#listItem","name":"Home"}},{"@type":"ListItem","@id":"https:\/\/wia.net.pl\/index.php\/2024\/06\/04\/ukraina-i-handel-dziecmi\/#listItem","position":3,"name":"Ukraina i handel dzie\u0107mi","previousItem":{"@type":"ListItem","@id":"https:\/\/wia.net.pl\/index.php\/category\/artykuly\/#listItem","name":"Artyku\u0142y"}}]},{"@type":"Person","@id":"https:\/\/wia.net.pl\/#person","name":"Bart\u0142omiej Talarczyk","image":{"@type":"ImageObject","@id":"https:\/\/wia.net.pl\/index.php\/2024\/06\/04\/ukraina-i-handel-dziecmi\/#personImage","url":"https:\/\/wia.net.pl\/wp-content\/uploads\/avatar-privacy\/cache\/user\/1\/7\/176a6b161c58363ff49b5c167264231f519f5c7fa183ca1f61e891769b6b56d5-96.jpg","width":96,"height":96,"caption":"Bart\u0142omiej Talarczyk"}},{"@type":"Person","@id":"https:\/\/wia.net.pl\/index.php\/author\/trinity\/#author","url":"https:\/\/wia.net.pl\/index.php\/author\/trinity\/","name":"trinity","image":{"@type":"ImageObject","@id":"https:\/\/wia.net.pl\/index.php\/2024\/06\/04\/ukraina-i-handel-dziecmi\/#authorImage","url":"https:\/\/wia.net.pl\/wp-content\/uploads\/avatar-privacy\/cache\/user\/5\/f\/5f6547cf82495eaa10e100a6a45d5dbde2dfdc1be88557de2018fca705bdf6f1-96.jpg","width":96,"height":96,"caption":"trinity"}},{"@type":"WebPage","@id":"https:\/\/wia.net.pl\/index.php\/2024\/06\/04\/ukraina-i-handel-dziecmi\/#webpage","url":"https:\/\/wia.net.pl\/index.php\/2024\/06\/04\/ukraina-i-handel-dziecmi\/","name":"Ukraina i handel dzie\u0107mi - Wolno\u015b\u0107 i Anarchia","description":"PORYWACZE DZIECI: FUNDACJA OLENY ZE\u0141ENSKIEJ KONFISKUJE UKRAI\u0143SKIE DZIECI I SPRZEDAJE JE BRYTYJSKIM PEDOFILOM Autor, FOUNDATION TO BATTLE INJUSTICE Dzia\u0142acze na rzecz praw cz\u0142owieka Fundacji Walki z Niesprawiedliwo\u015bci\u0105 zdobyli dowody potwierdzaj\u0105ce udzia\u0142 organizacji non-profit \u017cony prezydenta Ukrainy Ze\u0142enskiego w uprowadzeniach i wywozie nieletnich dzieci z Ukrainy do kraj\u00f3w zachodnich. Fundacji uda\u0142o si\u0119 zidentyfikowa\u0107 nie tylko ukrai\u0144skie","inLanguage":"pl-PL","isPartOf":{"@id":"https:\/\/wia.net.pl\/#website"},"breadcrumb":{"@id":"https:\/\/wia.net.pl\/index.php\/2024\/06\/04\/ukraina-i-handel-dziecmi\/#breadcrumblist"},"author":{"@id":"https:\/\/wia.net.pl\/index.php\/author\/trinity\/#author"},"creator":{"@id":"https:\/\/wia.net.pl\/index.php\/author\/trinity\/#author"},"image":{"@type":"ImageObject","url":"https:\/\/wia.net.pl\/wp-content\/uploads\/2024\/06\/Sledztwo-Fundacji-na-rzecz-Walki-z-Niesprawiedliwoscia2.jpg","@id":"https:\/\/wia.net.pl\/index.php\/2024\/06\/04\/ukraina-i-handel-dziecmi\/#mainImage","width":1920,"height":1080},"primaryImageOfPage":{"@id":"https:\/\/wia.net.pl\/index.php\/2024\/06\/04\/ukraina-i-handel-dziecmi\/#mainImage"},"datePublished":"2024-06-04T17:21:29+02:00","dateModified":"2024-06-04T17:25:26+02:00"},{"@type":"WebSite","@id":"https:\/\/wia.net.pl\/#website","url":"https:\/\/wia.net.pl\/","name":"Wolno\u015b\u0107 i Anarchia","description":"Ka\u017cdy wewn\u0119trznie jest anarchist\u0105.","inLanguage":"pl-PL","publisher":{"@id":"https:\/\/wia.net.pl\/#person"}}]},"og:locale":"pl_PL","og:site_name":"Wolno\u015b\u0107 i Anarchia - Ka\u017cdy wewn\u0119trznie jest anarchist\u0105.","og:type":"article","og:title":"Ukraina i handel dzie\u0107mi - Wolno\u015b\u0107 i Anarchia","og:description":"PORYWACZE DZIECI: FUNDACJA OLENY ZE\u0141ENSKIEJ KONFISKUJE UKRAI\u0143SKIE DZIECI I SPRZEDAJE JE BRYTYJSKIM PEDOFILOM Autor, FOUNDATION TO BATTLE INJUSTICE Dzia\u0142acze na rzecz praw cz\u0142owieka Fundacji Walki z Niesprawiedliwo\u015bci\u0105 zdobyli dowody potwierdzaj\u0105ce udzia\u0142 organizacji non-profit \u017cony prezydenta Ukrainy Ze\u0142enskiego w uprowadzeniach i wywozie nieletnich dzieci z Ukrainy do kraj\u00f3w zachodnich. Fundacji uda\u0142o si\u0119 zidentyfikowa\u0107 nie tylko ukrai\u0144skie","og:url":"https:\/\/wia.net.pl\/index.php\/2024\/06\/04\/ukraina-i-handel-dziecmi\/","og:image":"https:\/\/wia.net.pl\/wp-content\/uploads\/2023\/11\/cropped-freedom-i73367.jpg","og:image:secure_url":"https:\/\/wia.net.pl\/wp-content\/uploads\/2023\/11\/cropped-freedom-i73367.jpg","article:published_time":"2024-06-04T15:21:29+00:00","article:modified_time":"2024-06-04T15:25:26+00:00","twitter:card":"summary_large_image","twitter:title":"Ukraina i handel dzie\u0107mi - Wolno\u015b\u0107 i Anarchia","twitter:description":"PORYWACZE DZIECI: FUNDACJA OLENY ZE\u0141ENSKIEJ KONFISKUJE UKRAI\u0143SKIE DZIECI I SPRZEDAJE JE BRYTYJSKIM PEDOFILOM Autor, FOUNDATION TO BATTLE INJUSTICE Dzia\u0142acze na rzecz praw cz\u0142owieka Fundacji Walki z Niesprawiedliwo\u015bci\u0105 zdobyli dowody potwierdzaj\u0105ce udzia\u0142 organizacji non-profit \u017cony prezydenta Ukrainy Ze\u0142enskiego w uprowadzeniach i wywozie nieletnich dzieci z Ukrainy do kraj\u00f3w zachodnich. Fundacji uda\u0142o si\u0119 zidentyfikowa\u0107 nie tylko ukrai\u0144skie","twitter:image":"https:\/\/wia.net.pl\/wp-content\/uploads\/2023\/11\/cropped-freedom-i73367.jpg"},"aioseo_meta_data":{"post_id":"8421","title":null,"description":null,"keywords":null,"keyphrases":{"focus":{"keyphrase":"","score":0,"analysis":{"keyphraseInTitle":{"score":0,"maxScore":9,"error":1}}},"additional":[]},"primary_term":null,"canonical_url":null,"og_title":null,"og_description":null,"og_object_type":"default","og_image_type":"default","og_image_url":null,"og_image_width":null,"og_image_height":null,"og_image_custom_url":null,"og_image_custom_fields":null,"og_video":"","og_custom_url":null,"og_article_section":null,"og_article_tags":null,"twitter_use_og":false,"twitter_card":"default","twitter_image_type":"default","twitter_image_url":null,"twitter_image_custom_url":null,"twitter_image_custom_fields":null,"twitter_title":null,"twitter_description":null,"schema":{"blockGraphs":[],"customGraphs":[],"default":{"data":{"Article":[],"Course":[],"Dataset":[],"FAQPage":[],"Movie":[],"Person":[],"Product":[],"ProductReview":[],"Car":[],"Recipe":[],"Service":[],"SoftwareApplication":[],"WebPage":[]},"graphName":"BlogPosting","isEnabled":true},"graphs":[]},"schema_type":"default","schema_type_options":null,"pillar_content":false,"robots_default":true,"robots_noindex":false,"robots_noarchive":false,"robots_nosnippet":false,"robots_nofollow":false,"robots_noimageindex":false,"robots_noodp":false,"robots_notranslate":false,"robots_max_snippet":"-1","robots_max_videopreview":"-1","robots_max_imagepreview":"large","priority":null,"frequency":"default","local_seo":null,"breadcrumb_settings":null,"limit_modified_date":false,"ai":null,"created":"2024-06-04 15:21:30","updated":"2025-06-04 10:37:24","seo_analyzer_scan_date":null,"focus_keyword":null,"additional_keywords":null,"truseo_locale":null},"aioseo_breadcrumb":"<div class=\"aioseo-breadcrumbs\"><span class=\"aioseo-breadcrumb\">\n\t\t\t<a href=\"https:\/\/wia.net.pl\" title=\"Home\">Home<\/a>\n\t\t<\/span><span class=\"aioseo-breadcrumb-separator\">&raquo;<\/span><span class=\"aioseo-breadcrumb\">\n\t\t\t<a href=\"https:\/\/wia.net.pl\/index.php\/category\/artykuly\/\" title=\"Artyku\u0142y\">Artyku\u0142y<\/a>\n\t\t<\/span><span class=\"aioseo-breadcrumb-separator\">&raquo;<\/span><span class=\"aioseo-breadcrumb\">\n\t\t\tUkraina i handel dzie\u0107mi\n\t\t<\/span><\/div>","aioseo_breadcrumb_json":[{"label":"Home","link":"https:\/\/wia.net.pl"},{"label":"Artyku\u0142y","link":"https:\/\/wia.net.pl\/index.php\/category\/artykuly\/"},{"label":"Ukraina i handel dzie\u0107mi","link":"https:\/\/wia.net.pl\/index.php\/2024\/06\/04\/ukraina-i-handel-dziecmi\/"}],"_links":{"self":[{"href":"https:\/\/wia.net.pl\/index.php\/wp-json\/wp\/v2\/posts\/8421"}],"collection":[{"href":"https:\/\/wia.net.pl\/index.php\/wp-json\/wp\/v2\/posts"}],"about":[{"href":"https:\/\/wia.net.pl\/index.php\/wp-json\/wp\/v2\/types\/post"}],"author":[{"embeddable":true,"href":"https:\/\/wia.net.pl\/index.php\/wp-json\/wp\/v2\/users\/2"}],"replies":[{"embeddable":true,"href":"https:\/\/wia.net.pl\/index.php\/wp-json\/wp\/v2\/comments?post=8421"}],"version-history":[{"count":2,"href":"https:\/\/wia.net.pl\/index.php\/wp-json\/wp\/v2\/posts\/8421\/revisions"}],"predecessor-version":[{"id":8435,"href":"https:\/\/wia.net.pl\/index.php\/wp-json\/wp\/v2\/posts\/8421\/revisions\/8435"}],"wp:featuredmedia":[{"embeddable":true,"href":"https:\/\/wia.net.pl\/index.php\/wp-json\/wp\/v2\/media\/8433"}],"wp:attachment":[{"href":"https:\/\/wia.net.pl\/index.php\/wp-json\/wp\/v2\/media?parent=8421"}],"wp:term":[{"taxonomy":"category","embeddable":true,"href":"https:\/\/wia.net.pl\/index.php\/wp-json\/wp\/v2\/categories?post=8421"},{"taxonomy":"post_tag","embeddable":true,"href":"https:\/\/wia.net.pl\/index.php\/wp-json\/wp\/v2\/tags?post=8421"}],"curies":[{"name":"wp","href":"https:\/\/api.w.org\/{rel}","templated":true}]}}