{"id":8490,"date":"2024-06-14T16:18:21","date_gmt":"2024-06-14T14:18:21","guid":{"rendered":"https:\/\/wia.net.pl\/?p=8490"},"modified":"2024-06-14T16:18:22","modified_gmt":"2024-06-14T14:18:22","slug":"technokratyczne-globalne-przejecie","status":"publish","type":"post","link":"https:\/\/wia.net.pl\/index.php\/2024\/06\/14\/technokratyczne-globalne-przejecie\/","title":{"rendered":"Technokratyczne globalne przej\u0119cie"},"content":{"rendered":"<p><iframe id=\"odysee-iframe\" style=\"width:100%; aspect-ratio:16 \/ 9;\" src=\"https:\/\/odysee.com\/$\/embed\/@wolnoscanarchia:d\/estulin-FINAL:7?r=KqtnN3u2RSe5GxY7Tos527f1XGfjXD4u\" allowfullscreen><\/iframe><\/p>\n\n\n\n<p>W tym odcinku rozmawiam ze \u015bwiatowej s\u0142awy autorem i analitykiem geopolitycznym, dr Danielem Estulinem. Zapyta\u0142em go, na podstawie jego rozleg\u0142ych bada\u0144 nad globalistami i ich technokratycznymi transhumanistycznymi planami, jak\u0105 widzi przysz\u0142o\u015b\u0107 ludzko\u015bci.<br>Daniel Estulin jest wybitn\u0105 postaci\u0105 w dziedzinie analizy geopolitycznej. Znany na ca\u0142ym \u015bwiecie jako wnikliwy historyk globalnej elity, jego stypendium obejmuje imponuj\u0105c\u0105 g\u0142\u0119bi\u0119 i szeroko\u015b\u0107. Miejsce Estulina jako jednego z najbardziej prowokacyjnych i wnikliwych intelektualist\u00f3w publicznych na \u015bwiecie jest niekwestionowane. Dr Daniel Estulin jest nagradzanym dziennikarzem \u015bledczym i najlepiej sprzedaj\u0105cym si\u0119 autorem ksi\u0105\u017cki The True Story of the Bilderberg Group opublikowanej w 64 krajach i przet\u0142umaczonej na 41 j\u0119zyk\u00f3w. Wyg\u0142osi\u0142 dwa przem\u00f3wienia w Parlamencie Europejskim na temat Grupy Bilderberg i mi\u0119dzynarodowego kryzysu walutowego. W artykule na pierwszej stronie Wall Street Italy nazwa\u0142 Estulina &#8222;jednym z niewielu ludzi, kt\u00f3rzy rozumiej\u0105 obecny kryzys&#8221;.<br>W sierpniu 2010 r. zosta\u0142 zaproszony przez Fidela Castro na osobiste spotkanie w Hawanie po tym, jak Castro przeczyta\u0142 Bilderberg. W pa\u017adzierniku 2010 r. Estulin zosta\u0142 pierwszym dziennikarzem, kt\u00f3ry wyg\u0142osi\u0142 przem\u00f3wienie przed szefem sztabu wenezuelskich si\u0142 zbrojnych na temat globalnych struktur finansowych i grupy Bilderberg. Jest autorem 12 ksi\u0105\u017cek, z kt\u00f3rych pi\u0119\u0107 to mi\u0119dzynarodowe bestsellery. Sprzeda\u0142 ponad 7,2 miliona egzemplarzy na ca\u0142ym \u015bwiecie. Jego ksi\u0105\u017cka, TransEvolution: The Age of Human Deconstruction, opisuje zmian\u0119 paradygmatu ludzko\u015bci, kt\u00f3ra zdefiniuje jej przysz\u0142o\u015b\u0107 i zagrozi jej istnieniu.<\/p>\n\n\n\n<p>Wi\u0119cej informacji na temat dr Any Mihalcea:<\/p>\n\n\n\n<p>Dr Ana Maria Mihalcea, MD, PhD jest certyfikowanym przez zarz\u0105d lekarzem chor\u00f3b wewn\u0119trznych z tytu\u0142em doktora patologii i ponad 20-letnim do\u015bwiadczeniem klinicznym. Jest prezesem AM Medical LLC, kliniki przeciwstarzeniowej zajmuj\u0105cej si\u0119 odwracaniem wszystkich chor\u00f3b. Jest wielokrotnie nagradzan\u0105 autork\u0105 ksi\u0105\u017cki &#8222;Light Medicine &#8211; A New Paradigm &#8211; The Science of Light, Spirit and Longevity&#8221; (www.arthemasophiapublishing.com). Jest r\u00f3wnie\u017c za\u0142o\u017cycielk\u0105 Tru Blu Medical, tw\u00f3rcy ok\u0142ad\u00f3w Blue Light Wellness (www.trublumedical.com ). Aktualne informacje na temat bada\u0144 i leczenia mo\u017cna znale\u017a\u0107 na jej stronie internetowej https:\/\/www.dranamihalcea.com\/.<\/p>\n\n\n\n<p>Dr Mihalcea pisze biuletyn Humanity United Now Substack &#8211; omawiaj\u0105c takie tematy, jak niebezpiecze\u0144stwa zwi\u0105zane z zastrzykami C19, Long Covid, odwracanie obra\u017ce\u0144 po szczepionkach, nanotechnologia samoorganizacji i inne<br>https:\/\/anamihalceamdphd.substack.com\/.<br>Jej obszarem badawczym jest zrzucanie szczepionki C19, podej\u015bcia terapeutyczne, w tym detoksykacja metali i wy\u0142\u0105czanie nanotechnologii samoorganizacji.<\/p>\n\n\n\n<p>\u017br\u00f3d\u0142o <a href=\"https:\/\/rumble.com\/v4yhnh3-technocratic-global-takeover-conversation-with-daniel-phd-ep-22.html\">https:\/\/rumble.com\/v4yhnh3-technocratic-global-takeover-conversation-with-daniel-phd-ep-22.html<\/a><\/p>\n","protected":false},"excerpt":{"rendered":"<p>W tym odcinku rozmawiam ze \u015bwiatowej s\u0142awy autorem i analitykiem geopolitycznym, dr Danielem Estulinem. Zapyta\u0142em go, na podstawie jego rozleg\u0142ych bada\u0144 nad globalistami i ich technokratycznymi transhumanistycznymi planami, jak\u0105 widzi przysz\u0142o\u015b\u0107 ludzko\u015bci.Daniel Estulin jest wybitn\u0105 postaci\u0105 w dziedzinie analizy geopolitycznej&#8230;. <\/p>\n","protected":false},"author":2,"featured_media":8491,"comment_status":"open","ping_status":"open","sticky":false,"template":"","format":"standard","meta":{"_acf_changed":false,"_bbp_topic_count":0,"_bbp_reply_count":0,"_bbp_total_topic_count":0,"_bbp_total_reply_count":0,"_bbp_voice_count":0,"_bbp_anonymous_reply_count":0,"_bbp_topic_count_hidden":0,"_bbp_reply_count_hidden":0,"_bbp_forum_subforum_count":0,"om_disable_all_campaigns":false,"_monsterinsights_skip_tracking":false,"footnotes":""},"categories":[7],"tags":[],"class_list":["post-8490","post","type-post","status-publish","format-standard","has-post-thumbnail","hentry","category-ai"],"acf":[],"aioseo_notices":[],"aioseo_head":"\n\t\t<!-- All in One SEO 5.0.1.1 - aioseo.com -->\n\t<meta name=\"description\" content=\"W tym odcinku rozmawiam ze \u015bwiatowej s\u0142awy autorem i analitykiem geopolitycznym, dr Danielem Estulinem. Zapyta\u0142em go, na podstawie jego rozleg\u0142ych bada\u0144 nad globalistami i ich technokratycznymi transhumanistycznymi planami, jak\u0105 widzi przysz\u0142o\u015b\u0107 ludzko\u015bci.Daniel Estulin jest wybitn\u0105 postaci\u0105 w dziedzinie analizy geopolitycznej. Znany na ca\u0142ym \u015bwiecie jako wnikliwy historyk globalnej elity, jego stypendium obejmuje imponuj\u0105c\u0105 g\u0142\u0119bi\u0119 i\" \/>\n\t<meta name=\"robots\" content=\"max-image-preview:large\" \/>\n\t<meta name=\"author\" content=\"trinity\"\/>\n\t<link rel=\"canonical\" href=\"https:\/\/wia.net.pl\/index.php\/2024\/06\/14\/technokratyczne-globalne-przejecie\/\" \/>\n\t<meta name=\"generator\" content=\"All in One SEO (AIOSEO) 5.0.1.1\" \/>\n\t\t<meta property=\"og:locale\" content=\"pl_PL\" \/>\n\t\t<meta property=\"og:site_name\" content=\"Wolno\u015b\u0107 i Anarchia - Ka\u017cdy wewn\u0119trznie jest anarchist\u0105.\" \/>\n\t\t<meta property=\"og:type\" content=\"article\" \/>\n\t\t<meta property=\"og:title\" content=\"Technokratyczne globalne przej\u0119cie - Wolno\u015b\u0107 i Anarchia\" \/>\n\t\t<meta property=\"og:description\" content=\"W tym odcinku rozmawiam ze \u015bwiatowej s\u0142awy autorem i analitykiem geopolitycznym, dr Danielem Estulinem. Zapyta\u0142em go, na podstawie jego rozleg\u0142ych bada\u0144 nad globalistami i ich technokratycznymi transhumanistycznymi planami, jak\u0105 widzi przysz\u0142o\u015b\u0107 ludzko\u015bci.Daniel Estulin jest wybitn\u0105 postaci\u0105 w dziedzinie analizy geopolitycznej. Znany na ca\u0142ym \u015bwiecie jako wnikliwy historyk globalnej elity, jego stypendium obejmuje imponuj\u0105c\u0105 g\u0142\u0119bi\u0119 i\" \/>\n\t\t<meta property=\"og:url\" content=\"https:\/\/wia.net.pl\/index.php\/2024\/06\/14\/technokratyczne-globalne-przejecie\/\" \/>\n\t\t<meta property=\"og:image\" content=\"https:\/\/wia.net.pl\/wp-content\/uploads\/2023\/11\/cropped-freedom-i73367.jpg\" \/>\n\t\t<meta property=\"og:image:secure_url\" content=\"https:\/\/wia.net.pl\/wp-content\/uploads\/2023\/11\/cropped-freedom-i73367.jpg\" \/>\n\t\t<meta property=\"article:published_time\" content=\"2024-06-14T14:18:21+00:00\" \/>\n\t\t<meta property=\"article:modified_time\" content=\"2024-06-14T14:18:22+00:00\" \/>\n\t\t<meta name=\"twitter:card\" content=\"summary_large_image\" \/>\n\t\t<meta name=\"twitter:title\" content=\"Technokratyczne globalne przej\u0119cie - Wolno\u015b\u0107 i Anarchia\" \/>\n\t\t<meta name=\"twitter:description\" content=\"W tym odcinku rozmawiam ze \u015bwiatowej s\u0142awy autorem i analitykiem geopolitycznym, dr Danielem Estulinem. Zapyta\u0142em go, na podstawie jego rozleg\u0142ych bada\u0144 nad globalistami i ich technokratycznymi transhumanistycznymi planami, jak\u0105 widzi przysz\u0142o\u015b\u0107 ludzko\u015bci.Daniel Estulin jest wybitn\u0105 postaci\u0105 w dziedzinie analizy geopolitycznej. Znany na ca\u0142ym \u015bwiecie jako wnikliwy historyk globalnej elity, jego stypendium obejmuje imponuj\u0105c\u0105 g\u0142\u0119bi\u0119 i\" \/>\n\t\t<meta name=\"twitter:image\" content=\"https:\/\/wia.net.pl\/wp-content\/uploads\/2023\/11\/cropped-freedom-i73367.jpg\" \/>\n\t\t<script type=\"application\/ld+json\" class=\"aioseo-schema\">\n\t\t\t{\"@context\":\"https:\\\/\\\/schema.org\",\"@graph\":[{\"@type\":\"BlogPosting\",\"@id\":\"https:\\\/\\\/wia.net.pl\\\/index.php\\\/2024\\\/06\\\/14\\\/technokratyczne-globalne-przejecie\\\/#blogposting\",\"name\":\"Technokratyczne globalne przej\\u0119cie - Wolno\\u015b\\u0107 i Anarchia\",\"headline\":\"Technokratyczne globalne przej\\u0119cie\",\"author\":{\"@id\":\"https:\\\/\\\/wia.net.pl\\\/index.php\\\/author\\\/trinity\\\/#author\"},\"publisher\":{\"@id\":\"https:\\\/\\\/wia.net.pl\\\/#person\"},\"image\":{\"@type\":\"ImageObject\",\"url\":\"https:\\\/\\\/wia.net.pl\\\/wp-content\\\/uploads\\\/2024\\\/06\\\/Daniel-Estulin.jpg\",\"width\":1920,\"height\":1080},\"datePublished\":\"2024-06-14T16:18:21+02:00\",\"dateModified\":\"2024-06-14T16:18:22+02:00\",\"inLanguage\":\"pl-PL\",\"mainEntityOfPage\":{\"@id\":\"https:\\\/\\\/wia.net.pl\\\/index.php\\\/2024\\\/06\\\/14\\\/technokratyczne-globalne-przejecie\\\/#webpage\"},\"isPartOf\":{\"@id\":\"https:\\\/\\\/wia.net.pl\\\/index.php\\\/2024\\\/06\\\/14\\\/technokratyczne-globalne-przejecie\\\/#webpage\"},\"articleSection\":\"A.I. Sztuczna inteligencja\"},{\"@type\":\"BreadcrumbList\",\"@id\":\"https:\\\/\\\/wia.net.pl\\\/index.php\\\/2024\\\/06\\\/14\\\/technokratyczne-globalne-przejecie\\\/#breadcrumblist\",\"itemListElement\":[{\"@type\":\"ListItem\",\"@id\":\"https:\\\/\\\/wia.net.pl#listItem\",\"position\":1,\"name\":\"Home\",\"item\":\"https:\\\/\\\/wia.net.pl\",\"nextItem\":{\"@type\":\"ListItem\",\"@id\":\"https:\\\/\\\/wia.net.pl\\\/index.php\\\/category\\\/ai\\\/#listItem\",\"name\":\"A.I. Sztuczna inteligencja\"}},{\"@type\":\"ListItem\",\"@id\":\"https:\\\/\\\/wia.net.pl\\\/index.php\\\/category\\\/ai\\\/#listItem\",\"position\":2,\"name\":\"A.I. Sztuczna inteligencja\",\"item\":\"https:\\\/\\\/wia.net.pl\\\/index.php\\\/category\\\/ai\\\/\",\"nextItem\":{\"@type\":\"ListItem\",\"@id\":\"https:\\\/\\\/wia.net.pl\\\/index.php\\\/2024\\\/06\\\/14\\\/technokratyczne-globalne-przejecie\\\/#listItem\",\"name\":\"Technokratyczne globalne przej\\u0119cie\"},\"previousItem\":{\"@type\":\"ListItem\",\"@id\":\"https:\\\/\\\/wia.net.pl#listItem\",\"name\":\"Home\"}},{\"@type\":\"ListItem\",\"@id\":\"https:\\\/\\\/wia.net.pl\\\/index.php\\\/2024\\\/06\\\/14\\\/technokratyczne-globalne-przejecie\\\/#listItem\",\"position\":3,\"name\":\"Technokratyczne globalne przej\\u0119cie\",\"previousItem\":{\"@type\":\"ListItem\",\"@id\":\"https:\\\/\\\/wia.net.pl\\\/index.php\\\/category\\\/ai\\\/#listItem\",\"name\":\"A.I. Sztuczna inteligencja\"}}]},{\"@type\":\"Person\",\"@id\":\"https:\\\/\\\/wia.net.pl\\\/#person\",\"name\":\"Bart\\u0142omiej Talarczyk\",\"image\":{\"@type\":\"ImageObject\",\"@id\":\"https:\\\/\\\/wia.net.pl\\\/index.php\\\/2024\\\/06\\\/14\\\/technokratyczne-globalne-przejecie\\\/#personImage\",\"url\":\"https:\\\/\\\/wia.net.pl\\\/wp-content\\\/uploads\\\/avatar-privacy\\\/cache\\\/user\\\/1\\\/7\\\/176a6b161c58363ff49b5c167264231f519f5c7fa183ca1f61e891769b6b56d5-96.jpg\",\"width\":96,\"height\":96,\"caption\":\"Bart\\u0142omiej Talarczyk\"}},{\"@type\":\"Person\",\"@id\":\"https:\\\/\\\/wia.net.pl\\\/index.php\\\/author\\\/trinity\\\/#author\",\"url\":\"https:\\\/\\\/wia.net.pl\\\/index.php\\\/author\\\/trinity\\\/\",\"name\":\"trinity\",\"image\":{\"@type\":\"ImageObject\",\"@id\":\"https:\\\/\\\/wia.net.pl\\\/index.php\\\/2024\\\/06\\\/14\\\/technokratyczne-globalne-przejecie\\\/#authorImage\",\"url\":\"https:\\\/\\\/wia.net.pl\\\/wp-content\\\/uploads\\\/avatar-privacy\\\/cache\\\/user\\\/5\\\/f\\\/5f6547cf82495eaa10e100a6a45d5dbde2dfdc1be88557de2018fca705bdf6f1-96.jpg\",\"width\":96,\"height\":96,\"caption\":\"trinity\"}},{\"@type\":\"WebPage\",\"@id\":\"https:\\\/\\\/wia.net.pl\\\/index.php\\\/2024\\\/06\\\/14\\\/technokratyczne-globalne-przejecie\\\/#webpage\",\"url\":\"https:\\\/\\\/wia.net.pl\\\/index.php\\\/2024\\\/06\\\/14\\\/technokratyczne-globalne-przejecie\\\/\",\"name\":\"Technokratyczne globalne przej\\u0119cie - Wolno\\u015b\\u0107 i Anarchia\",\"description\":\"W tym odcinku rozmawiam ze \\u015bwiatowej s\\u0142awy autorem i analitykiem geopolitycznym, dr Danielem Estulinem. Zapyta\\u0142em go, na podstawie jego rozleg\\u0142ych bada\\u0144 nad globalistami i ich technokratycznymi transhumanistycznymi planami, jak\\u0105 widzi przysz\\u0142o\\u015b\\u0107 ludzko\\u015bci.Daniel Estulin jest wybitn\\u0105 postaci\\u0105 w dziedzinie analizy geopolitycznej. Znany na ca\\u0142ym \\u015bwiecie jako wnikliwy historyk globalnej elity, jego stypendium obejmuje imponuj\\u0105c\\u0105 g\\u0142\\u0119bi\\u0119 i\",\"inLanguage\":\"pl-PL\",\"isPartOf\":{\"@id\":\"https:\\\/\\\/wia.net.pl\\\/#website\"},\"breadcrumb\":{\"@id\":\"https:\\\/\\\/wia.net.pl\\\/index.php\\\/2024\\\/06\\\/14\\\/technokratyczne-globalne-przejecie\\\/#breadcrumblist\"},\"author\":{\"@id\":\"https:\\\/\\\/wia.net.pl\\\/index.php\\\/author\\\/trinity\\\/#author\"},\"creator\":{\"@id\":\"https:\\\/\\\/wia.net.pl\\\/index.php\\\/author\\\/trinity\\\/#author\"},\"image\":{\"@type\":\"ImageObject\",\"url\":\"https:\\\/\\\/wia.net.pl\\\/wp-content\\\/uploads\\\/2024\\\/06\\\/Daniel-Estulin.jpg\",\"@id\":\"https:\\\/\\\/wia.net.pl\\\/index.php\\\/2024\\\/06\\\/14\\\/technokratyczne-globalne-przejecie\\\/#mainImage\",\"width\":1920,\"height\":1080},\"primaryImageOfPage\":{\"@id\":\"https:\\\/\\\/wia.net.pl\\\/index.php\\\/2024\\\/06\\\/14\\\/technokratyczne-globalne-przejecie\\\/#mainImage\"},\"datePublished\":\"2024-06-14T16:18:21+02:00\",\"dateModified\":\"2024-06-14T16:18:22+02:00\"},{\"@type\":\"WebSite\",\"@id\":\"https:\\\/\\\/wia.net.pl\\\/#website\",\"url\":\"https:\\\/\\\/wia.net.pl\\\/\",\"name\":\"Wolno\\u015b\\u0107 i Anarchia\",\"description\":\"Ka\\u017cdy wewn\\u0119trznie jest anarchist\\u0105.\",\"inLanguage\":\"pl-PL\",\"publisher\":{\"@id\":\"https:\\\/\\\/wia.net.pl\\\/#person\"}}]}\n\t\t<\/script>\n\t\t<!-- All in One SEO -->\n\n","aioseo_head_json":{"title":"Technokratyczne globalne przej\u0119cie - Wolno\u015b\u0107 i Anarchia","description":"W tym odcinku rozmawiam ze \u015bwiatowej s\u0142awy autorem i analitykiem geopolitycznym, dr Danielem Estulinem. Zapyta\u0142em go, na podstawie jego rozleg\u0142ych bada\u0144 nad globalistami i ich technokratycznymi transhumanistycznymi planami, jak\u0105 widzi przysz\u0142o\u015b\u0107 ludzko\u015bci.Daniel Estulin jest wybitn\u0105 postaci\u0105 w dziedzinie analizy geopolitycznej. Znany na ca\u0142ym \u015bwiecie jako wnikliwy historyk globalnej elity, jego stypendium obejmuje imponuj\u0105c\u0105 g\u0142\u0119bi\u0119 i","canonical_url":"https:\/\/wia.net.pl\/index.php\/2024\/06\/14\/technokratyczne-globalne-przejecie\/","robots":"max-image-preview:large","keywords":"","webmasterTools":{"miscellaneous":""},"schema":{"@context":"https:\/\/schema.org","@graph":[{"@type":"BlogPosting","@id":"https:\/\/wia.net.pl\/index.php\/2024\/06\/14\/technokratyczne-globalne-przejecie\/#blogposting","name":"Technokratyczne globalne przej\u0119cie - Wolno\u015b\u0107 i Anarchia","headline":"Technokratyczne globalne przej\u0119cie","author":{"@id":"https:\/\/wia.net.pl\/index.php\/author\/trinity\/#author"},"publisher":{"@id":"https:\/\/wia.net.pl\/#person"},"image":{"@type":"ImageObject","url":"https:\/\/wia.net.pl\/wp-content\/uploads\/2024\/06\/Daniel-Estulin.jpg","width":1920,"height":1080},"datePublished":"2024-06-14T16:18:21+02:00","dateModified":"2024-06-14T16:18:22+02:00","inLanguage":"pl-PL","mainEntityOfPage":{"@id":"https:\/\/wia.net.pl\/index.php\/2024\/06\/14\/technokratyczne-globalne-przejecie\/#webpage"},"isPartOf":{"@id":"https:\/\/wia.net.pl\/index.php\/2024\/06\/14\/technokratyczne-globalne-przejecie\/#webpage"},"articleSection":"A.I. Sztuczna inteligencja"},{"@type":"BreadcrumbList","@id":"https:\/\/wia.net.pl\/index.php\/2024\/06\/14\/technokratyczne-globalne-przejecie\/#breadcrumblist","itemListElement":[{"@type":"ListItem","@id":"https:\/\/wia.net.pl#listItem","position":1,"name":"Home","item":"https:\/\/wia.net.pl","nextItem":{"@type":"ListItem","@id":"https:\/\/wia.net.pl\/index.php\/category\/ai\/#listItem","name":"A.I. Sztuczna inteligencja"}},{"@type":"ListItem","@id":"https:\/\/wia.net.pl\/index.php\/category\/ai\/#listItem","position":2,"name":"A.I. Sztuczna inteligencja","item":"https:\/\/wia.net.pl\/index.php\/category\/ai\/","nextItem":{"@type":"ListItem","@id":"https:\/\/wia.net.pl\/index.php\/2024\/06\/14\/technokratyczne-globalne-przejecie\/#listItem","name":"Technokratyczne globalne przej\u0119cie"},"previousItem":{"@type":"ListItem","@id":"https:\/\/wia.net.pl#listItem","name":"Home"}},{"@type":"ListItem","@id":"https:\/\/wia.net.pl\/index.php\/2024\/06\/14\/technokratyczne-globalne-przejecie\/#listItem","position":3,"name":"Technokratyczne globalne przej\u0119cie","previousItem":{"@type":"ListItem","@id":"https:\/\/wia.net.pl\/index.php\/category\/ai\/#listItem","name":"A.I. Sztuczna inteligencja"}}]},{"@type":"Person","@id":"https:\/\/wia.net.pl\/#person","name":"Bart\u0142omiej Talarczyk","image":{"@type":"ImageObject","@id":"https:\/\/wia.net.pl\/index.php\/2024\/06\/14\/technokratyczne-globalne-przejecie\/#personImage","url":"https:\/\/wia.net.pl\/wp-content\/uploads\/avatar-privacy\/cache\/user\/1\/7\/176a6b161c58363ff49b5c167264231f519f5c7fa183ca1f61e891769b6b56d5-96.jpg","width":96,"height":96,"caption":"Bart\u0142omiej Talarczyk"}},{"@type":"Person","@id":"https:\/\/wia.net.pl\/index.php\/author\/trinity\/#author","url":"https:\/\/wia.net.pl\/index.php\/author\/trinity\/","name":"trinity","image":{"@type":"ImageObject","@id":"https:\/\/wia.net.pl\/index.php\/2024\/06\/14\/technokratyczne-globalne-przejecie\/#authorImage","url":"https:\/\/wia.net.pl\/wp-content\/uploads\/avatar-privacy\/cache\/user\/5\/f\/5f6547cf82495eaa10e100a6a45d5dbde2dfdc1be88557de2018fca705bdf6f1-96.jpg","width":96,"height":96,"caption":"trinity"}},{"@type":"WebPage","@id":"https:\/\/wia.net.pl\/index.php\/2024\/06\/14\/technokratyczne-globalne-przejecie\/#webpage","url":"https:\/\/wia.net.pl\/index.php\/2024\/06\/14\/technokratyczne-globalne-przejecie\/","name":"Technokratyczne globalne przej\u0119cie - Wolno\u015b\u0107 i Anarchia","description":"W tym odcinku rozmawiam ze \u015bwiatowej s\u0142awy autorem i analitykiem geopolitycznym, dr Danielem Estulinem. Zapyta\u0142em go, na podstawie jego rozleg\u0142ych bada\u0144 nad globalistami i ich technokratycznymi transhumanistycznymi planami, jak\u0105 widzi przysz\u0142o\u015b\u0107 ludzko\u015bci.Daniel Estulin jest wybitn\u0105 postaci\u0105 w dziedzinie analizy geopolitycznej. Znany na ca\u0142ym \u015bwiecie jako wnikliwy historyk globalnej elity, jego stypendium obejmuje imponuj\u0105c\u0105 g\u0142\u0119bi\u0119 i","inLanguage":"pl-PL","isPartOf":{"@id":"https:\/\/wia.net.pl\/#website"},"breadcrumb":{"@id":"https:\/\/wia.net.pl\/index.php\/2024\/06\/14\/technokratyczne-globalne-przejecie\/#breadcrumblist"},"author":{"@id":"https:\/\/wia.net.pl\/index.php\/author\/trinity\/#author"},"creator":{"@id":"https:\/\/wia.net.pl\/index.php\/author\/trinity\/#author"},"image":{"@type":"ImageObject","url":"https:\/\/wia.net.pl\/wp-content\/uploads\/2024\/06\/Daniel-Estulin.jpg","@id":"https:\/\/wia.net.pl\/index.php\/2024\/06\/14\/technokratyczne-globalne-przejecie\/#mainImage","width":1920,"height":1080},"primaryImageOfPage":{"@id":"https:\/\/wia.net.pl\/index.php\/2024\/06\/14\/technokratyczne-globalne-przejecie\/#mainImage"},"datePublished":"2024-06-14T16:18:21+02:00","dateModified":"2024-06-14T16:18:22+02:00"},{"@type":"WebSite","@id":"https:\/\/wia.net.pl\/#website","url":"https:\/\/wia.net.pl\/","name":"Wolno\u015b\u0107 i Anarchia","description":"Ka\u017cdy wewn\u0119trznie jest anarchist\u0105.","inLanguage":"pl-PL","publisher":{"@id":"https:\/\/wia.net.pl\/#person"}}]},"og:locale":"pl_PL","og:site_name":"Wolno\u015b\u0107 i Anarchia - Ka\u017cdy wewn\u0119trznie jest anarchist\u0105.","og:type":"article","og:title":"Technokratyczne globalne przej\u0119cie - Wolno\u015b\u0107 i Anarchia","og:description":"W tym odcinku rozmawiam ze \u015bwiatowej s\u0142awy autorem i analitykiem geopolitycznym, dr Danielem Estulinem. Zapyta\u0142em go, na podstawie jego rozleg\u0142ych bada\u0144 nad globalistami i ich technokratycznymi transhumanistycznymi planami, jak\u0105 widzi przysz\u0142o\u015b\u0107 ludzko\u015bci.Daniel Estulin jest wybitn\u0105 postaci\u0105 w dziedzinie analizy geopolitycznej. Znany na ca\u0142ym \u015bwiecie jako wnikliwy historyk globalnej elity, jego stypendium obejmuje imponuj\u0105c\u0105 g\u0142\u0119bi\u0119 i","og:url":"https:\/\/wia.net.pl\/index.php\/2024\/06\/14\/technokratyczne-globalne-przejecie\/","og:image":"https:\/\/wia.net.pl\/wp-content\/uploads\/2023\/11\/cropped-freedom-i73367.jpg","og:image:secure_url":"https:\/\/wia.net.pl\/wp-content\/uploads\/2023\/11\/cropped-freedom-i73367.jpg","article:published_time":"2024-06-14T14:18:21+00:00","article:modified_time":"2024-06-14T14:18:22+00:00","twitter:card":"summary_large_image","twitter:title":"Technokratyczne globalne przej\u0119cie - Wolno\u015b\u0107 i Anarchia","twitter:description":"W tym odcinku rozmawiam ze \u015bwiatowej s\u0142awy autorem i analitykiem geopolitycznym, dr Danielem Estulinem. Zapyta\u0142em go, na podstawie jego rozleg\u0142ych bada\u0144 nad globalistami i ich technokratycznymi transhumanistycznymi planami, jak\u0105 widzi przysz\u0142o\u015b\u0107 ludzko\u015bci.Daniel Estulin jest wybitn\u0105 postaci\u0105 w dziedzinie analizy geopolitycznej. Znany na ca\u0142ym \u015bwiecie jako wnikliwy historyk globalnej elity, jego stypendium obejmuje imponuj\u0105c\u0105 g\u0142\u0119bi\u0119 i","twitter:image":"https:\/\/wia.net.pl\/wp-content\/uploads\/2023\/11\/cropped-freedom-i73367.jpg"},"aioseo_meta_data":{"post_id":"8490","title":null,"description":null,"keywords":null,"keyphrases":{"focus":{"keyphrase":"","score":0,"analysis":{"keyphraseInTitle":{"score":0,"maxScore":9,"error":1}}},"additional":[]},"primary_term":null,"canonical_url":null,"og_title":null,"og_description":null,"og_object_type":"default","og_image_type":"default","og_image_url":null,"og_image_width":null,"og_image_height":null,"og_image_custom_url":null,"og_image_custom_fields":null,"og_video":"","og_custom_url":null,"og_article_section":null,"og_article_tags":null,"twitter_use_og":false,"twitter_card":"default","twitter_image_type":"default","twitter_image_url":null,"twitter_image_custom_url":null,"twitter_image_custom_fields":null,"twitter_title":null,"twitter_description":null,"schema":{"blockGraphs":[],"customGraphs":[],"default":{"data":{"Article":[],"Course":[],"Dataset":[],"FAQPage":[],"Movie":[],"Person":[],"Product":[],"ProductReview":[],"Car":[],"Recipe":[],"Service":[],"SoftwareApplication":[],"WebPage":[]},"graphName":"BlogPosting","isEnabled":true},"graphs":[]},"schema_type":"default","schema_type_options":null,"pillar_content":false,"robots_default":true,"robots_noindex":false,"robots_noarchive":false,"robots_nosnippet":false,"robots_nofollow":false,"robots_noimageindex":false,"robots_noodp":false,"robots_notranslate":false,"robots_max_snippet":"-1","robots_max_videopreview":"-1","robots_max_imagepreview":"large","priority":null,"frequency":"default","local_seo":null,"breadcrumb_settings":null,"limit_modified_date":false,"ai":null,"created":"2024-06-14 14:18:22","updated":"2025-06-04 10:38:23","seo_analyzer_scan_date":null,"focus_keyword":null,"additional_keywords":null,"truseo_locale":null},"aioseo_breadcrumb":"<div class=\"aioseo-breadcrumbs\"><span class=\"aioseo-breadcrumb\">\n\t\t\t<a href=\"https:\/\/wia.net.pl\" title=\"Home\">Home<\/a>\n\t\t<\/span><span class=\"aioseo-breadcrumb-separator\">&raquo;<\/span><span class=\"aioseo-breadcrumb\">\n\t\t\t<a href=\"https:\/\/wia.net.pl\/index.php\/category\/ai\/\" title=\"A.I. Sztuczna inteligencja\">A.I. Sztuczna inteligencja<\/a>\n\t\t<\/span><span class=\"aioseo-breadcrumb-separator\">&raquo;<\/span><span class=\"aioseo-breadcrumb\">\n\t\t\tTechnokratyczne globalne przej\u0119cie\n\t\t<\/span><\/div>","aioseo_breadcrumb_json":[{"label":"Home","link":"https:\/\/wia.net.pl"},{"label":"A.I. Sztuczna inteligencja","link":"https:\/\/wia.net.pl\/index.php\/category\/ai\/"},{"label":"Technokratyczne globalne przej\u0119cie","link":"https:\/\/wia.net.pl\/index.php\/2024\/06\/14\/technokratyczne-globalne-przejecie\/"}],"_links":{"self":[{"href":"https:\/\/wia.net.pl\/index.php\/wp-json\/wp\/v2\/posts\/8490"}],"collection":[{"href":"https:\/\/wia.net.pl\/index.php\/wp-json\/wp\/v2\/posts"}],"about":[{"href":"https:\/\/wia.net.pl\/index.php\/wp-json\/wp\/v2\/types\/post"}],"author":[{"embeddable":true,"href":"https:\/\/wia.net.pl\/index.php\/wp-json\/wp\/v2\/users\/2"}],"replies":[{"embeddable":true,"href":"https:\/\/wia.net.pl\/index.php\/wp-json\/wp\/v2\/comments?post=8490"}],"version-history":[{"count":1,"href":"https:\/\/wia.net.pl\/index.php\/wp-json\/wp\/v2\/posts\/8490\/revisions"}],"predecessor-version":[{"id":8492,"href":"https:\/\/wia.net.pl\/index.php\/wp-json\/wp\/v2\/posts\/8490\/revisions\/8492"}],"wp:featuredmedia":[{"embeddable":true,"href":"https:\/\/wia.net.pl\/index.php\/wp-json\/wp\/v2\/media\/8491"}],"wp:attachment":[{"href":"https:\/\/wia.net.pl\/index.php\/wp-json\/wp\/v2\/media?parent=8490"}],"wp:term":[{"taxonomy":"category","embeddable":true,"href":"https:\/\/wia.net.pl\/index.php\/wp-json\/wp\/v2\/categories?post=8490"},{"taxonomy":"post_tag","embeddable":true,"href":"https:\/\/wia.net.pl\/index.php\/wp-json\/wp\/v2\/tags?post=8490"}],"curies":[{"name":"wp","href":"https:\/\/api.w.org\/{rel}","templated":true}]}}