{"id":8493,"date":"2024-06-15T02:12:30","date_gmt":"2024-06-15T00:12:30","guid":{"rendered":"https:\/\/wia.net.pl\/?p=8493"},"modified":"2024-06-15T02:12:30","modified_gmt":"2024-06-15T00:12:30","slug":"niebezpieczenstwa-zwiazane-z-promieniowaniem-emf","status":"publish","type":"post","link":"https:\/\/wia.net.pl\/index.php\/2024\/06\/15\/niebezpieczenstwa-zwiazane-z-promieniowaniem-emf\/","title":{"rendered":"Niebezpiecze\u0144stwa zwi\u0105zane z promieniowaniem EMF"},"content":{"rendered":"<p><iframe id=\"odysee-iframe\" style=\"width:100%; aspect-ratio:16 \/ 9;\" src=\"https:\/\/odysee.com\/$\/embed\/@wolnoscanarchia:d\/olle-johansson:4?r=KqtnN3u2RSe5GxY7Tos527f1XGfjXD4u\" allowfullscreen><\/iframe><\/p>\n\n\n\n<p>Rozmowa ze \u015bwiatowym ekspertem w dziedzinie promieniowania EMF profesorem dr Olle Johanssonem<\/p>\n\n\n\n<p>W tym odcinku omawiam ze \u015bwiatowej s\u0142awy ekspertem w dziedzinie promieniowania elektromagnetycznego, profesorem Olle Johanssonem, zagro\u017cenia zwi\u0105zane z promieniowaniem elektromagnetycznym dla zdrowia ludzkiego. Profesor wyja\u015bnia krajobraz polityczny, kt\u00f3ry uniemo\u017cliwia badania nad zagro\u017ceniami zwi\u0105zanymi z 5G, a jednocze\u015bnie przyt\u0142aczaj\u0105ce dowody, kt\u00f3re ju\u017c istniej\u0105. Omawia r\u00f3wnie\u017c, w jaki spos\u00f3b przetestowa\u0142 wiele urz\u0105dze\u0144 chroni\u0105cych przed polami elektromagnetycznymi sprzedawanych na ca\u0142ym \u015bwiecie i stwierdzi\u0142, \u017ce nie dzia\u0142aj\u0105. Jest to wa\u017cna informacja, poniewa\u017c musimy odpowiednio chroni\u0107 si\u0119 przed promieniowaniem, je\u015bli chcemy zmniejszy\u0107 wp\u0142yw na nanotechnologi\u0119 samoorganizacji. Nie przegap tej wa\u017cnej dyskusji!<\/p>\n\n\n\n<p>Prosimy o wsparcie<br>Badania dr Johanssona https:\/\/research.radiation.dk\/.<\/p>\n\n\n\n<p>Materia\u0142 w j\u0119zyku angielskim <a href=\"https:\/\/rumble.com\/v4vm0n3-the-dangers-of-emf-radiation-conversation-with-professor-olle-johansson-ep-.html\">https:\/\/rumble.com\/v4vm0n3-the-dangers-of-emf-radiation-conversation-with-professor-olle-johansson-ep-.html<\/a><\/p>\n\n\n\n<p><\/p>\n","protected":false},"excerpt":{"rendered":"<p>Rozmowa ze \u015bwiatowym ekspertem w dziedzinie promieniowania EMF profesorem dr Olle Johanssonem W tym odcinku omawiam ze \u015bwiatowej s\u0142awy ekspertem w dziedzinie promieniowania elektromagnetycznego, profesorem Olle Johanssonem, zagro\u017cenia zwi\u0105zane z promieniowaniem elektromagnetycznym dla zdrowia ludzkiego. Profesor wyja\u015bnia krajobraz polityczny, kt\u00f3ry&#8230; <\/p>\n","protected":false},"author":2,"featured_media":8494,"comment_status":"open","ping_status":"open","sticky":false,"template":"","format":"standard","meta":{"_acf_changed":false,"_bbp_topic_count":0,"_bbp_reply_count":0,"_bbp_total_topic_count":0,"_bbp_total_reply_count":0,"_bbp_voice_count":0,"_bbp_anonymous_reply_count":0,"_bbp_topic_count_hidden":0,"_bbp_reply_count_hidden":0,"_bbp_forum_subforum_count":0,"om_disable_all_campaigns":false,"_monsterinsights_skip_tracking":false,"footnotes":""},"categories":[7,95,14],"tags":[],"class_list":["post-8493","post","type-post","status-publish","format-standard","has-post-thumbnail","hentry","category-ai","category-ufo-i-technologie","category-wiadomoscizeswiata"],"acf":[],"aioseo_notices":[],"aioseo_head":"\n\t\t<!-- All in One SEO 5.0.1.1 - aioseo.com -->\n\t<meta name=\"description\" content=\"Rozmowa ze \u015bwiatowym ekspertem w dziedzinie promieniowania EMF profesorem dr Olle Johanssonem W tym odcinku omawiam ze \u015bwiatowej s\u0142awy ekspertem w dziedzinie promieniowania elektromagnetycznego, profesorem Olle Johanssonem, zagro\u017cenia zwi\u0105zane z promieniowaniem elektromagnetycznym dla zdrowia ludzkiego. Profesor wyja\u015bnia krajobraz polityczny, kt\u00f3ry uniemo\u017cliwia badania nad zagro\u017ceniami zwi\u0105zanymi z 5G, a jednocze\u015bnie przyt\u0142aczaj\u0105ce dowody, kt\u00f3re ju\u017c istniej\u0105. Omawia\" \/>\n\t<meta name=\"robots\" content=\"max-image-preview:large\" \/>\n\t<meta name=\"author\" content=\"trinity\"\/>\n\t<link rel=\"canonical\" href=\"https:\/\/wia.net.pl\/index.php\/2024\/06\/15\/niebezpieczenstwa-zwiazane-z-promieniowaniem-emf\/\" \/>\n\t<meta name=\"generator\" content=\"All in One SEO (AIOSEO) 5.0.1.1\" \/>\n\t\t<meta property=\"og:locale\" content=\"pl_PL\" \/>\n\t\t<meta property=\"og:site_name\" content=\"Wolno\u015b\u0107 i Anarchia - Ka\u017cdy wewn\u0119trznie jest anarchist\u0105.\" \/>\n\t\t<meta property=\"og:type\" content=\"article\" \/>\n\t\t<meta property=\"og:title\" content=\"Niebezpiecze\u0144stwa zwi\u0105zane z promieniowaniem EMF - Wolno\u015b\u0107 i Anarchia\" \/>\n\t\t<meta property=\"og:description\" content=\"Rozmowa ze \u015bwiatowym ekspertem w dziedzinie promieniowania EMF profesorem dr Olle Johanssonem W tym odcinku omawiam ze \u015bwiatowej s\u0142awy ekspertem w dziedzinie promieniowania elektromagnetycznego, profesorem Olle Johanssonem, zagro\u017cenia zwi\u0105zane z promieniowaniem elektromagnetycznym dla zdrowia ludzkiego. Profesor wyja\u015bnia krajobraz polityczny, kt\u00f3ry uniemo\u017cliwia badania nad zagro\u017ceniami zwi\u0105zanymi z 5G, a jednocze\u015bnie przyt\u0142aczaj\u0105ce dowody, kt\u00f3re ju\u017c istniej\u0105. Omawia\" \/>\n\t\t<meta property=\"og:url\" content=\"https:\/\/wia.net.pl\/index.php\/2024\/06\/15\/niebezpieczenstwa-zwiazane-z-promieniowaniem-emf\/\" \/>\n\t\t<meta property=\"og:image\" content=\"https:\/\/wia.net.pl\/wp-content\/uploads\/2023\/11\/cropped-freedom-i73367.jpg\" \/>\n\t\t<meta property=\"og:image:secure_url\" content=\"https:\/\/wia.net.pl\/wp-content\/uploads\/2023\/11\/cropped-freedom-i73367.jpg\" \/>\n\t\t<meta property=\"article:published_time\" content=\"2024-06-15T00:12:30+00:00\" \/>\n\t\t<meta property=\"article:modified_time\" content=\"2024-06-15T00:12:30+00:00\" \/>\n\t\t<meta name=\"twitter:card\" content=\"summary_large_image\" \/>\n\t\t<meta name=\"twitter:title\" content=\"Niebezpiecze\u0144stwa zwi\u0105zane z promieniowaniem EMF - Wolno\u015b\u0107 i Anarchia\" \/>\n\t\t<meta name=\"twitter:description\" content=\"Rozmowa ze \u015bwiatowym ekspertem w dziedzinie promieniowania EMF profesorem dr Olle Johanssonem W tym odcinku omawiam ze \u015bwiatowej s\u0142awy ekspertem w dziedzinie promieniowania elektromagnetycznego, profesorem Olle Johanssonem, zagro\u017cenia zwi\u0105zane z promieniowaniem elektromagnetycznym dla zdrowia ludzkiego. Profesor wyja\u015bnia krajobraz polityczny, kt\u00f3ry uniemo\u017cliwia badania nad zagro\u017ceniami zwi\u0105zanymi z 5G, a jednocze\u015bnie przyt\u0142aczaj\u0105ce dowody, kt\u00f3re ju\u017c istniej\u0105. Omawia\" \/>\n\t\t<meta name=\"twitter:image\" content=\"https:\/\/wia.net.pl\/wp-content\/uploads\/2023\/11\/cropped-freedom-i73367.jpg\" \/>\n\t\t<script type=\"application\/ld+json\" class=\"aioseo-schema\">\n\t\t\t{\"@context\":\"https:\\\/\\\/schema.org\",\"@graph\":[{\"@type\":\"BlogPosting\",\"@id\":\"https:\\\/\\\/wia.net.pl\\\/index.php\\\/2024\\\/06\\\/15\\\/niebezpieczenstwa-zwiazane-z-promieniowaniem-emf\\\/#blogposting\",\"name\":\"Niebezpiecze\\u0144stwa zwi\\u0105zane z promieniowaniem EMF - Wolno\\u015b\\u0107 i Anarchia\",\"headline\":\"Niebezpiecze\\u0144stwa zwi\\u0105zane z promieniowaniem EMF\",\"author\":{\"@id\":\"https:\\\/\\\/wia.net.pl\\\/index.php\\\/author\\\/trinity\\\/#author\"},\"publisher\":{\"@id\":\"https:\\\/\\\/wia.net.pl\\\/#person\"},\"image\":{\"@type\":\"ImageObject\",\"url\":\"https:\\\/\\\/wia.net.pl\\\/wp-content\\\/uploads\\\/2024\\\/06\\\/Olle-Johansson.jpg\",\"width\":1920,\"height\":1080},\"datePublished\":\"2024-06-15T02:12:30+02:00\",\"dateModified\":\"2024-06-15T02:12:30+02:00\",\"inLanguage\":\"pl-PL\",\"mainEntityOfPage\":{\"@id\":\"https:\\\/\\\/wia.net.pl\\\/index.php\\\/2024\\\/06\\\/15\\\/niebezpieczenstwa-zwiazane-z-promieniowaniem-emf\\\/#webpage\"},\"isPartOf\":{\"@id\":\"https:\\\/\\\/wia.net.pl\\\/index.php\\\/2024\\\/06\\\/15\\\/niebezpieczenstwa-zwiazane-z-promieniowaniem-emf\\\/#webpage\"},\"articleSection\":\"A.I. Sztuczna inteligencja, UFO i Technologie, Wiadomo\\u015bci ze \\u015bwiata\"},{\"@type\":\"BreadcrumbList\",\"@id\":\"https:\\\/\\\/wia.net.pl\\\/index.php\\\/2024\\\/06\\\/15\\\/niebezpieczenstwa-zwiazane-z-promieniowaniem-emf\\\/#breadcrumblist\",\"itemListElement\":[{\"@type\":\"ListItem\",\"@id\":\"https:\\\/\\\/wia.net.pl#listItem\",\"position\":1,\"name\":\"Home\",\"item\":\"https:\\\/\\\/wia.net.pl\",\"nextItem\":{\"@type\":\"ListItem\",\"@id\":\"https:\\\/\\\/wia.net.pl\\\/index.php\\\/category\\\/ai\\\/#listItem\",\"name\":\"A.I. Sztuczna inteligencja\"}},{\"@type\":\"ListItem\",\"@id\":\"https:\\\/\\\/wia.net.pl\\\/index.php\\\/category\\\/ai\\\/#listItem\",\"position\":2,\"name\":\"A.I. Sztuczna inteligencja\",\"item\":\"https:\\\/\\\/wia.net.pl\\\/index.php\\\/category\\\/ai\\\/\",\"nextItem\":{\"@type\":\"ListItem\",\"@id\":\"https:\\\/\\\/wia.net.pl\\\/index.php\\\/2024\\\/06\\\/15\\\/niebezpieczenstwa-zwiazane-z-promieniowaniem-emf\\\/#listItem\",\"name\":\"Niebezpiecze\\u0144stwa zwi\\u0105zane z promieniowaniem EMF\"},\"previousItem\":{\"@type\":\"ListItem\",\"@id\":\"https:\\\/\\\/wia.net.pl#listItem\",\"name\":\"Home\"}},{\"@type\":\"ListItem\",\"@id\":\"https:\\\/\\\/wia.net.pl\\\/index.php\\\/2024\\\/06\\\/15\\\/niebezpieczenstwa-zwiazane-z-promieniowaniem-emf\\\/#listItem\",\"position\":3,\"name\":\"Niebezpiecze\\u0144stwa zwi\\u0105zane z promieniowaniem EMF\",\"previousItem\":{\"@type\":\"ListItem\",\"@id\":\"https:\\\/\\\/wia.net.pl\\\/index.php\\\/category\\\/ai\\\/#listItem\",\"name\":\"A.I. Sztuczna inteligencja\"}}]},{\"@type\":\"Person\",\"@id\":\"https:\\\/\\\/wia.net.pl\\\/#person\",\"name\":\"Bart\\u0142omiej Talarczyk\",\"image\":{\"@type\":\"ImageObject\",\"@id\":\"https:\\\/\\\/wia.net.pl\\\/index.php\\\/2024\\\/06\\\/15\\\/niebezpieczenstwa-zwiazane-z-promieniowaniem-emf\\\/#personImage\",\"url\":\"https:\\\/\\\/wia.net.pl\\\/wp-content\\\/uploads\\\/avatar-privacy\\\/cache\\\/user\\\/1\\\/7\\\/176a6b161c58363ff49b5c167264231f519f5c7fa183ca1f61e891769b6b56d5-96.jpg\",\"width\":96,\"height\":96,\"caption\":\"Bart\\u0142omiej Talarczyk\"}},{\"@type\":\"Person\",\"@id\":\"https:\\\/\\\/wia.net.pl\\\/index.php\\\/author\\\/trinity\\\/#author\",\"url\":\"https:\\\/\\\/wia.net.pl\\\/index.php\\\/author\\\/trinity\\\/\",\"name\":\"trinity\",\"image\":{\"@type\":\"ImageObject\",\"@id\":\"https:\\\/\\\/wia.net.pl\\\/index.php\\\/2024\\\/06\\\/15\\\/niebezpieczenstwa-zwiazane-z-promieniowaniem-emf\\\/#authorImage\",\"url\":\"https:\\\/\\\/wia.net.pl\\\/wp-content\\\/uploads\\\/avatar-privacy\\\/cache\\\/user\\\/5\\\/f\\\/5f6547cf82495eaa10e100a6a45d5dbde2dfdc1be88557de2018fca705bdf6f1-96.jpg\",\"width\":96,\"height\":96,\"caption\":\"trinity\"}},{\"@type\":\"WebPage\",\"@id\":\"https:\\\/\\\/wia.net.pl\\\/index.php\\\/2024\\\/06\\\/15\\\/niebezpieczenstwa-zwiazane-z-promieniowaniem-emf\\\/#webpage\",\"url\":\"https:\\\/\\\/wia.net.pl\\\/index.php\\\/2024\\\/06\\\/15\\\/niebezpieczenstwa-zwiazane-z-promieniowaniem-emf\\\/\",\"name\":\"Niebezpiecze\\u0144stwa zwi\\u0105zane z promieniowaniem EMF - Wolno\\u015b\\u0107 i Anarchia\",\"description\":\"Rozmowa ze \\u015bwiatowym ekspertem w dziedzinie promieniowania EMF profesorem dr Olle Johanssonem W tym odcinku omawiam ze \\u015bwiatowej s\\u0142awy ekspertem w dziedzinie promieniowania elektromagnetycznego, profesorem Olle Johanssonem, zagro\\u017cenia zwi\\u0105zane z promieniowaniem elektromagnetycznym dla zdrowia ludzkiego. Profesor wyja\\u015bnia krajobraz polityczny, kt\\u00f3ry uniemo\\u017cliwia badania nad zagro\\u017ceniami zwi\\u0105zanymi z 5G, a jednocze\\u015bnie przyt\\u0142aczaj\\u0105ce dowody, kt\\u00f3re ju\\u017c istniej\\u0105. Omawia\",\"inLanguage\":\"pl-PL\",\"isPartOf\":{\"@id\":\"https:\\\/\\\/wia.net.pl\\\/#website\"},\"breadcrumb\":{\"@id\":\"https:\\\/\\\/wia.net.pl\\\/index.php\\\/2024\\\/06\\\/15\\\/niebezpieczenstwa-zwiazane-z-promieniowaniem-emf\\\/#breadcrumblist\"},\"author\":{\"@id\":\"https:\\\/\\\/wia.net.pl\\\/index.php\\\/author\\\/trinity\\\/#author\"},\"creator\":{\"@id\":\"https:\\\/\\\/wia.net.pl\\\/index.php\\\/author\\\/trinity\\\/#author\"},\"image\":{\"@type\":\"ImageObject\",\"url\":\"https:\\\/\\\/wia.net.pl\\\/wp-content\\\/uploads\\\/2024\\\/06\\\/Olle-Johansson.jpg\",\"@id\":\"https:\\\/\\\/wia.net.pl\\\/index.php\\\/2024\\\/06\\\/15\\\/niebezpieczenstwa-zwiazane-z-promieniowaniem-emf\\\/#mainImage\",\"width\":1920,\"height\":1080},\"primaryImageOfPage\":{\"@id\":\"https:\\\/\\\/wia.net.pl\\\/index.php\\\/2024\\\/06\\\/15\\\/niebezpieczenstwa-zwiazane-z-promieniowaniem-emf\\\/#mainImage\"},\"datePublished\":\"2024-06-15T02:12:30+02:00\",\"dateModified\":\"2024-06-15T02:12:30+02:00\"},{\"@type\":\"WebSite\",\"@id\":\"https:\\\/\\\/wia.net.pl\\\/#website\",\"url\":\"https:\\\/\\\/wia.net.pl\\\/\",\"name\":\"Wolno\\u015b\\u0107 i Anarchia\",\"description\":\"Ka\\u017cdy wewn\\u0119trznie jest anarchist\\u0105.\",\"inLanguage\":\"pl-PL\",\"publisher\":{\"@id\":\"https:\\\/\\\/wia.net.pl\\\/#person\"}}]}\n\t\t<\/script>\n\t\t<!-- All in One SEO -->\n\n","aioseo_head_json":{"title":"Niebezpiecze\u0144stwa zwi\u0105zane z promieniowaniem EMF - Wolno\u015b\u0107 i Anarchia","description":"Rozmowa ze \u015bwiatowym ekspertem w dziedzinie promieniowania EMF profesorem dr Olle Johanssonem W tym odcinku omawiam ze \u015bwiatowej s\u0142awy ekspertem w dziedzinie promieniowania elektromagnetycznego, profesorem Olle Johanssonem, zagro\u017cenia zwi\u0105zane z promieniowaniem elektromagnetycznym dla zdrowia ludzkiego. Profesor wyja\u015bnia krajobraz polityczny, kt\u00f3ry uniemo\u017cliwia badania nad zagro\u017ceniami zwi\u0105zanymi z 5G, a jednocze\u015bnie przyt\u0142aczaj\u0105ce dowody, kt\u00f3re ju\u017c istniej\u0105. Omawia","canonical_url":"https:\/\/wia.net.pl\/index.php\/2024\/06\/15\/niebezpieczenstwa-zwiazane-z-promieniowaniem-emf\/","robots":"max-image-preview:large","keywords":"","webmasterTools":{"miscellaneous":""},"schema":{"@context":"https:\/\/schema.org","@graph":[{"@type":"BlogPosting","@id":"https:\/\/wia.net.pl\/index.php\/2024\/06\/15\/niebezpieczenstwa-zwiazane-z-promieniowaniem-emf\/#blogposting","name":"Niebezpiecze\u0144stwa zwi\u0105zane z promieniowaniem EMF - Wolno\u015b\u0107 i Anarchia","headline":"Niebezpiecze\u0144stwa zwi\u0105zane z promieniowaniem EMF","author":{"@id":"https:\/\/wia.net.pl\/index.php\/author\/trinity\/#author"},"publisher":{"@id":"https:\/\/wia.net.pl\/#person"},"image":{"@type":"ImageObject","url":"https:\/\/wia.net.pl\/wp-content\/uploads\/2024\/06\/Olle-Johansson.jpg","width":1920,"height":1080},"datePublished":"2024-06-15T02:12:30+02:00","dateModified":"2024-06-15T02:12:30+02:00","inLanguage":"pl-PL","mainEntityOfPage":{"@id":"https:\/\/wia.net.pl\/index.php\/2024\/06\/15\/niebezpieczenstwa-zwiazane-z-promieniowaniem-emf\/#webpage"},"isPartOf":{"@id":"https:\/\/wia.net.pl\/index.php\/2024\/06\/15\/niebezpieczenstwa-zwiazane-z-promieniowaniem-emf\/#webpage"},"articleSection":"A.I. Sztuczna inteligencja, UFO i Technologie, Wiadomo\u015bci ze \u015bwiata"},{"@type":"BreadcrumbList","@id":"https:\/\/wia.net.pl\/index.php\/2024\/06\/15\/niebezpieczenstwa-zwiazane-z-promieniowaniem-emf\/#breadcrumblist","itemListElement":[{"@type":"ListItem","@id":"https:\/\/wia.net.pl#listItem","position":1,"name":"Home","item":"https:\/\/wia.net.pl","nextItem":{"@type":"ListItem","@id":"https:\/\/wia.net.pl\/index.php\/category\/ai\/#listItem","name":"A.I. Sztuczna inteligencja"}},{"@type":"ListItem","@id":"https:\/\/wia.net.pl\/index.php\/category\/ai\/#listItem","position":2,"name":"A.I. Sztuczna inteligencja","item":"https:\/\/wia.net.pl\/index.php\/category\/ai\/","nextItem":{"@type":"ListItem","@id":"https:\/\/wia.net.pl\/index.php\/2024\/06\/15\/niebezpieczenstwa-zwiazane-z-promieniowaniem-emf\/#listItem","name":"Niebezpiecze\u0144stwa zwi\u0105zane z promieniowaniem EMF"},"previousItem":{"@type":"ListItem","@id":"https:\/\/wia.net.pl#listItem","name":"Home"}},{"@type":"ListItem","@id":"https:\/\/wia.net.pl\/index.php\/2024\/06\/15\/niebezpieczenstwa-zwiazane-z-promieniowaniem-emf\/#listItem","position":3,"name":"Niebezpiecze\u0144stwa zwi\u0105zane z promieniowaniem EMF","previousItem":{"@type":"ListItem","@id":"https:\/\/wia.net.pl\/index.php\/category\/ai\/#listItem","name":"A.I. Sztuczna inteligencja"}}]},{"@type":"Person","@id":"https:\/\/wia.net.pl\/#person","name":"Bart\u0142omiej Talarczyk","image":{"@type":"ImageObject","@id":"https:\/\/wia.net.pl\/index.php\/2024\/06\/15\/niebezpieczenstwa-zwiazane-z-promieniowaniem-emf\/#personImage","url":"https:\/\/wia.net.pl\/wp-content\/uploads\/avatar-privacy\/cache\/user\/1\/7\/176a6b161c58363ff49b5c167264231f519f5c7fa183ca1f61e891769b6b56d5-96.jpg","width":96,"height":96,"caption":"Bart\u0142omiej Talarczyk"}},{"@type":"Person","@id":"https:\/\/wia.net.pl\/index.php\/author\/trinity\/#author","url":"https:\/\/wia.net.pl\/index.php\/author\/trinity\/","name":"trinity","image":{"@type":"ImageObject","@id":"https:\/\/wia.net.pl\/index.php\/2024\/06\/15\/niebezpieczenstwa-zwiazane-z-promieniowaniem-emf\/#authorImage","url":"https:\/\/wia.net.pl\/wp-content\/uploads\/avatar-privacy\/cache\/user\/5\/f\/5f6547cf82495eaa10e100a6a45d5dbde2dfdc1be88557de2018fca705bdf6f1-96.jpg","width":96,"height":96,"caption":"trinity"}},{"@type":"WebPage","@id":"https:\/\/wia.net.pl\/index.php\/2024\/06\/15\/niebezpieczenstwa-zwiazane-z-promieniowaniem-emf\/#webpage","url":"https:\/\/wia.net.pl\/index.php\/2024\/06\/15\/niebezpieczenstwa-zwiazane-z-promieniowaniem-emf\/","name":"Niebezpiecze\u0144stwa zwi\u0105zane z promieniowaniem EMF - Wolno\u015b\u0107 i Anarchia","description":"Rozmowa ze \u015bwiatowym ekspertem w dziedzinie promieniowania EMF profesorem dr Olle Johanssonem W tym odcinku omawiam ze \u015bwiatowej s\u0142awy ekspertem w dziedzinie promieniowania elektromagnetycznego, profesorem Olle Johanssonem, zagro\u017cenia zwi\u0105zane z promieniowaniem elektromagnetycznym dla zdrowia ludzkiego. Profesor wyja\u015bnia krajobraz polityczny, kt\u00f3ry uniemo\u017cliwia badania nad zagro\u017ceniami zwi\u0105zanymi z 5G, a jednocze\u015bnie przyt\u0142aczaj\u0105ce dowody, kt\u00f3re ju\u017c istniej\u0105. Omawia","inLanguage":"pl-PL","isPartOf":{"@id":"https:\/\/wia.net.pl\/#website"},"breadcrumb":{"@id":"https:\/\/wia.net.pl\/index.php\/2024\/06\/15\/niebezpieczenstwa-zwiazane-z-promieniowaniem-emf\/#breadcrumblist"},"author":{"@id":"https:\/\/wia.net.pl\/index.php\/author\/trinity\/#author"},"creator":{"@id":"https:\/\/wia.net.pl\/index.php\/author\/trinity\/#author"},"image":{"@type":"ImageObject","url":"https:\/\/wia.net.pl\/wp-content\/uploads\/2024\/06\/Olle-Johansson.jpg","@id":"https:\/\/wia.net.pl\/index.php\/2024\/06\/15\/niebezpieczenstwa-zwiazane-z-promieniowaniem-emf\/#mainImage","width":1920,"height":1080},"primaryImageOfPage":{"@id":"https:\/\/wia.net.pl\/index.php\/2024\/06\/15\/niebezpieczenstwa-zwiazane-z-promieniowaniem-emf\/#mainImage"},"datePublished":"2024-06-15T02:12:30+02:00","dateModified":"2024-06-15T02:12:30+02:00"},{"@type":"WebSite","@id":"https:\/\/wia.net.pl\/#website","url":"https:\/\/wia.net.pl\/","name":"Wolno\u015b\u0107 i Anarchia","description":"Ka\u017cdy wewn\u0119trznie jest anarchist\u0105.","inLanguage":"pl-PL","publisher":{"@id":"https:\/\/wia.net.pl\/#person"}}]},"og:locale":"pl_PL","og:site_name":"Wolno\u015b\u0107 i Anarchia - Ka\u017cdy wewn\u0119trznie jest anarchist\u0105.","og:type":"article","og:title":"Niebezpiecze\u0144stwa zwi\u0105zane z promieniowaniem EMF - Wolno\u015b\u0107 i Anarchia","og:description":"Rozmowa ze \u015bwiatowym ekspertem w dziedzinie promieniowania EMF profesorem dr Olle Johanssonem W tym odcinku omawiam ze \u015bwiatowej s\u0142awy ekspertem w dziedzinie promieniowania elektromagnetycznego, profesorem Olle Johanssonem, zagro\u017cenia zwi\u0105zane z promieniowaniem elektromagnetycznym dla zdrowia ludzkiego. Profesor wyja\u015bnia krajobraz polityczny, kt\u00f3ry uniemo\u017cliwia badania nad zagro\u017ceniami zwi\u0105zanymi z 5G, a jednocze\u015bnie przyt\u0142aczaj\u0105ce dowody, kt\u00f3re ju\u017c istniej\u0105. Omawia","og:url":"https:\/\/wia.net.pl\/index.php\/2024\/06\/15\/niebezpieczenstwa-zwiazane-z-promieniowaniem-emf\/","og:image":"https:\/\/wia.net.pl\/wp-content\/uploads\/2023\/11\/cropped-freedom-i73367.jpg","og:image:secure_url":"https:\/\/wia.net.pl\/wp-content\/uploads\/2023\/11\/cropped-freedom-i73367.jpg","article:published_time":"2024-06-15T00:12:30+00:00","article:modified_time":"2024-06-15T00:12:30+00:00","twitter:card":"summary_large_image","twitter:title":"Niebezpiecze\u0144stwa zwi\u0105zane z promieniowaniem EMF - Wolno\u015b\u0107 i Anarchia","twitter:description":"Rozmowa ze \u015bwiatowym ekspertem w dziedzinie promieniowania EMF profesorem dr Olle Johanssonem W tym odcinku omawiam ze \u015bwiatowej s\u0142awy ekspertem w dziedzinie promieniowania elektromagnetycznego, profesorem Olle Johanssonem, zagro\u017cenia zwi\u0105zane z promieniowaniem elektromagnetycznym dla zdrowia ludzkiego. Profesor wyja\u015bnia krajobraz polityczny, kt\u00f3ry uniemo\u017cliwia badania nad zagro\u017ceniami zwi\u0105zanymi z 5G, a jednocze\u015bnie przyt\u0142aczaj\u0105ce dowody, kt\u00f3re ju\u017c istniej\u0105. Omawia","twitter:image":"https:\/\/wia.net.pl\/wp-content\/uploads\/2023\/11\/cropped-freedom-i73367.jpg"},"aioseo_meta_data":{"post_id":"8493","title":null,"description":null,"keywords":null,"keyphrases":{"focus":{"keyphrase":"","score":0,"analysis":{"keyphraseInTitle":{"score":0,"maxScore":9,"error":1}}},"additional":[]},"primary_term":null,"canonical_url":null,"og_title":null,"og_description":null,"og_object_type":"default","og_image_type":"default","og_image_url":null,"og_image_width":null,"og_image_height":null,"og_image_custom_url":null,"og_image_custom_fields":null,"og_video":"","og_custom_url":null,"og_article_section":null,"og_article_tags":null,"twitter_use_og":false,"twitter_card":"default","twitter_image_type":"default","twitter_image_url":null,"twitter_image_custom_url":null,"twitter_image_custom_fields":null,"twitter_title":null,"twitter_description":null,"schema":{"blockGraphs":[],"customGraphs":[],"default":{"data":{"Article":[],"Course":[],"Dataset":[],"FAQPage":[],"Movie":[],"Person":[],"Product":[],"ProductReview":[],"Car":[],"Recipe":[],"Service":[],"SoftwareApplication":[],"WebPage":[]},"graphName":"BlogPosting","isEnabled":true},"graphs":[]},"schema_type":"default","schema_type_options":null,"pillar_content":false,"robots_default":true,"robots_noindex":false,"robots_noarchive":false,"robots_nosnippet":false,"robots_nofollow":false,"robots_noimageindex":false,"robots_noodp":false,"robots_notranslate":false,"robots_max_snippet":"-1","robots_max_videopreview":"-1","robots_max_imagepreview":"large","priority":null,"frequency":"default","local_seo":null,"breadcrumb_settings":null,"limit_modified_date":false,"ai":null,"created":"2024-06-15 00:12:18","updated":"2025-06-04 10:38:23","seo_analyzer_scan_date":null,"focus_keyword":null,"additional_keywords":null,"truseo_locale":null},"aioseo_breadcrumb":"<div class=\"aioseo-breadcrumbs\"><span class=\"aioseo-breadcrumb\">\n\t\t\t<a href=\"https:\/\/wia.net.pl\" title=\"Home\">Home<\/a>\n\t\t<\/span><span class=\"aioseo-breadcrumb-separator\">&raquo;<\/span><span class=\"aioseo-breadcrumb\">\n\t\t\t<a href=\"https:\/\/wia.net.pl\/index.php\/category\/ai\/\" title=\"A.I. Sztuczna inteligencja\">A.I. Sztuczna inteligencja<\/a>\n\t\t<\/span><span class=\"aioseo-breadcrumb-separator\">&raquo;<\/span><span class=\"aioseo-breadcrumb\">\n\t\t\tNiebezpiecze\u0144stwa zwi\u0105zane z promieniowaniem EMF\n\t\t<\/span><\/div>","aioseo_breadcrumb_json":[{"label":"Home","link":"https:\/\/wia.net.pl"},{"label":"A.I. Sztuczna inteligencja","link":"https:\/\/wia.net.pl\/index.php\/category\/ai\/"},{"label":"Niebezpiecze\u0144stwa zwi\u0105zane z promieniowaniem EMF","link":"https:\/\/wia.net.pl\/index.php\/2024\/06\/15\/niebezpieczenstwa-zwiazane-z-promieniowaniem-emf\/"}],"_links":{"self":[{"href":"https:\/\/wia.net.pl\/index.php\/wp-json\/wp\/v2\/posts\/8493"}],"collection":[{"href":"https:\/\/wia.net.pl\/index.php\/wp-json\/wp\/v2\/posts"}],"about":[{"href":"https:\/\/wia.net.pl\/index.php\/wp-json\/wp\/v2\/types\/post"}],"author":[{"embeddable":true,"href":"https:\/\/wia.net.pl\/index.php\/wp-json\/wp\/v2\/users\/2"}],"replies":[{"embeddable":true,"href":"https:\/\/wia.net.pl\/index.php\/wp-json\/wp\/v2\/comments?post=8493"}],"version-history":[{"count":1,"href":"https:\/\/wia.net.pl\/index.php\/wp-json\/wp\/v2\/posts\/8493\/revisions"}],"predecessor-version":[{"id":8495,"href":"https:\/\/wia.net.pl\/index.php\/wp-json\/wp\/v2\/posts\/8493\/revisions\/8495"}],"wp:featuredmedia":[{"embeddable":true,"href":"https:\/\/wia.net.pl\/index.php\/wp-json\/wp\/v2\/media\/8494"}],"wp:attachment":[{"href":"https:\/\/wia.net.pl\/index.php\/wp-json\/wp\/v2\/media?parent=8493"}],"wp:term":[{"taxonomy":"category","embeddable":true,"href":"https:\/\/wia.net.pl\/index.php\/wp-json\/wp\/v2\/categories?post=8493"},{"taxonomy":"post_tag","embeddable":true,"href":"https:\/\/wia.net.pl\/index.php\/wp-json\/wp\/v2\/tags?post=8493"}],"curies":[{"name":"wp","href":"https:\/\/api.w.org\/{rel}","templated":true}]}}