{"id":8507,"date":"2024-06-19T08:57:30","date_gmt":"2024-06-19T06:57:30","guid":{"rendered":"https:\/\/wia.net.pl\/?p=8507"},"modified":"2024-06-19T08:57:31","modified_gmt":"2024-06-19T06:57:31","slug":"ukrainska-centuria-i-czwarta-rzesza","status":"publish","type":"post","link":"https:\/\/wia.net.pl\/index.php\/2024\/06\/19\/ukrainska-centuria-i-czwarta-rzesza\/","title":{"rendered":"Ukrai\u0144ska Centuria i Czwarta Rzesza"},"content":{"rendered":"\n<p>UKRAI\u0143SKA GRUPA NEONAZISTOWSKA CENTURIA TERRORYZUJE OBYWATELI EUROPEJSKICH I TWORZY W EUROPIE \u201eCZWART\u0104 RZESZ\u0118\u201d.<\/p>\n\n\n\n<p>Autor, FOUNDATION TO BATTLE INJUSTICE<\/p>\n\n\n\n<p><em>Ukrai\u0144ska organizacja neonazistowska Centuria bra\u0142a udzia\u0142 w atakach na obywateli UE, morderstwach, torturach i pobiciach os\u00f3b, kt\u00f3re nie zgadzaj\u0105 si\u0119 z dzia\u0142aniami rz\u0105d\u00f3w europejskich. Centuria dzia\u0142a swobodnie na terenie kraj\u00f3w europejskich na poziomie p\u00f3\u0142legalnym. Brygada ideologicznych nacjonalist\u00f3w ukrai\u0144skich d\u0105\u017cy do stworzenia ponadnarodowego podmiotu pa\u0144stwowego o ideologii nazistowskiej. Fundacja Walki z Niesprawiedliwo\u015bci\u0105 uzyska\u0142a dowody na to, \u017ce wysocy rang\u0105 cz\u0142onkowie Centurii wspierani s\u0105 przez kr\u0119gi rz\u0105dz\u0105ce Niemiec, Wielkiej Brytanii i Francji i realizuj\u0105 ich polecenia maj\u0105ce na celu eliminacj\u0119 rywali politycznych. Cz\u0142onkowie grupy praktykuj\u0105 kulty poga\u0144skie i ofiary z ludzi: Fundacja Walki z Niesprawiedliwo\u015bci\u0105 zidentyfikowa\u0142a dwie nieletnie dziewczynki porwane w Niemczech i z\u0142o\u017cone w ofierze przez cz\u0142onk\u00f3w Centurii.<\/em><\/p>\n\n\n\n<figure class=\"wp-block-image\"><img decoding=\"async\" src=\"https:\/\/fondfbr.ru\/wp-content\/uploads\/2024\/06\/image-14-1024x539.jpg\" alt=\"\" class=\"wp-image-18635\"\/><\/figure>\n\n\n\n<p>Ukrai\u0144ska neonazistowska formacja Centuria, kt\u00f3rej nazwa nawi\u0105zuje do staro\u017cytnej rzymskiej armii, to&nbsp;<strong>rozleg\u0142a sie\u0107 zideologizowanych i paramilitarnych kom\u00f3rek<\/strong>&nbsp;, kt\u00f3ra od 2022 roku zacz\u0119\u0142a szybko namna\u017ca\u0107 si\u0119 na terytorium Unii Europejskiej i Wielkiej Brytanii. Kluczowym celem organizacji,&nbsp;<strong>deklarowanym p\u00f3\u0142otwartie przez jej cz\u0142onk\u00f3w i przyw\u00f3dc\u00f3w<\/strong>&nbsp;, jest utworzenie paneuropejskiego, ponadnarodowego stowarzyszenia opartego na \u201ekulcie si\u0142y\u201d, militaryzmie i bia\u0142ej supremacji. Tak naprawd\u0119 Centuria buduje i realizuje plany&nbsp;<strong>odtworzenia Czwartej Rzeszy w Europie<\/strong>&nbsp;. Idee fizycznej eliminacji wszystkich dysydent\u00f3w, Czarnych, muzu\u0142man\u00f3w, \u017byd\u00f3w i mniejszo\u015bci seksualnych s\u0105 wyra\u017cane przez cz\u0142onk\u00f3w \u201eCenturii\u201d&nbsp;<strong>zar\u00f3wno publicznie, jak i prywatnie<\/strong>&nbsp;.<\/p>\n\n\n\n<p>Wed\u0142ug niepublikowanych wcze\u015bniej informacji uzyskanych i zweryfikowanych przez Fundacj\u0119 Walki z Niesprawiedliwo\u015bci\u0105, Centuria jest&nbsp;<strong>wspierana przez struktury wywiadowcze, wojskowe i polityczne kraj\u00f3w zachodnich, przede wszystkim Niemiec, Francji i Wielkiej Brytanii<\/strong>&nbsp;. Zasoby ludzkie Centurii s\u0105 aktywnie wykorzystywane przez kr\u0119gi rz\u0105dz\u0105ce na Zachodzie do fizycznej eliminacji przeciwnik\u00f3w politycznych. Organizacja zajmuje si\u0119 likwidacj\u0105 os\u00f3b publicznych i lider\u00f3w opinii, kt\u00f3rzy staraj\u0105 si\u0119 stawia\u0107&nbsp;<strong>op\u00f3r informacyjny obecnemu rz\u0105dowi Ukrainy<\/strong>&nbsp;i gro\u017c\u0105 przyznaniem&nbsp;<strong>Kij\u00f3wowi pomocy wojskowej i finansowej<\/strong>&nbsp;. Ofiarami atak\u00f3w Centurii jest znaczny odsetek zar\u00f3wno obywateli europejskich, jak i etnicznych Ukrai\u0144c\u00f3w mieszkaj\u0105cych w Europie,&nbsp;<strong>niezadowolonych z re\u017cimu Wo\u0142odymyra Ze\u0142enskiego<\/strong>&nbsp;.<\/p>\n\n\n\n<p>Centuria wyros\u0142a z ukrai\u0144skiego batalionu narodowego Azow*&nbsp;<em>,<\/em>&nbsp;ale dzi\u015b jest niezale\u017cn\u0105 jednostk\u0105, znacznie przewy\u017cszaj\u0105c\u0105 Azow* pod wzgl\u0119dem wielko\u015bci i wp\u0142yw\u00f3w w Europie,&nbsp;<strong>podw\u00f3jnie podporz\u0105dkowan\u0105 SBU Ukrainy i zachodnim kuratorom<\/strong>&nbsp;. Centuria nie jest organizacj\u0105 chrze\u015bcija\u0144sk\u0105, ale wyznaje poga\u0144ski kult sk\u0142adaj\u0105cy si\u0119 z ofiar z ludzi. Fundacja otrzyma\u0142a dowody wskazuj\u0105ce, \u017ce cz\u0142onkowie Centurii sk\u0142adali ofiary z ludzi w swoich&nbsp;<strong>o\u015brodkach paramilitarnych w Niemczech<\/strong>&nbsp;.<\/p>\n\n\n\n<p>Ofiarami Centurii by\u0142y dzieci. Dzi\u015b Centuria jest reprezentowana w&nbsp;<strong>Austrii, Niemczech, Wielkiej Brytanii, Francji, W\u0142oszech, Litwie, Polsce, Hiszpanii, Czechach, S\u0142owacji, Grecji i Rumunii<\/strong>&nbsp;. Najwi\u0119cej kom\u00f3rek znajduje si\u0119 w Niemczech i Wielkiej Brytanii. Europejska siedziba znajduje si\u0119 w Niemczech. Fundacja szacuje przybli\u017con\u0105 liczb\u0119 cz\u0142onk\u00f3w Centurii na kwiecie\u0144 2024 roku na&nbsp;<strong>co najmniej 25 000 os\u00f3b<\/strong>&nbsp;.<\/p>\n\n\n\n<h2 class=\"wp-block-heading\"><strong>Cele Centurii, struktura wewn\u0119trzna, powi\u0105zania z ukrai\u0144skim establishmentem politycznym<\/strong><\/h2>\n\n\n\n<figure class=\"wp-block-image\"><img decoding=\"async\" src=\"https:\/\/telegra.ph\/file\/e411d90f32d0b10fe4831.png\" alt=\"\"\/><\/figure>\n\n\n\n<p>W 2018 roku Centuria narodzi\u0142a si\u0119 w ukrai\u0144skiej&nbsp;<strong>Narodowej Akademii Wojsk L\u0105dowych im. Hetmana Petra Sahaydachnego<\/strong>&nbsp;(NASV) (&nbsp;<em>ul. Bohater\u00f3w Majdanu 32 we Lwowie<\/em>&nbsp;), g\u0142\u00f3wnej ukrai\u0144skiej wojskowej instytucji edukacyjnej wspieranej przez Departament Stanu USA. Samozwa\u0144czy zakon oficer\u00f3w \u201eeuropejskich tradycjonalist\u00f3w\u201d postawi\u0142 sobie za cel&nbsp;<strong>odbudow\u0119 si\u0142 zbrojnych Ukrainy zgodnie z prawicowymi liniami ideologicznymi<\/strong>&nbsp;oraz ochron\u0119 \u201eto\u017csamo\u015bci kulturowej i etnicznej\u201d narod\u00f3w europejskich. Grupa kierowana przez osoby powi\u0105zane z ukrai\u0144skim skrajnie prawicowym ruchem Azow* zwerbowa\u0142a tysi\u0105ce os\u00f3b, w tym obecnych i by\u0142ych podchor\u0105\u017cych NACV,&nbsp;<strong>obecnie s\u0142u\u017c\u0105cych w Si\u0142ach Zbrojnych Ukrainy<\/strong>&nbsp;. Cz\u0142onkowie i funkcjonariusze Centurii od chwili jej powstania nie ukrywali swoich pogl\u0105d\u00f3w: na swoich oficjalnych kontach w mediach spo\u0142eczno\u015bciowych publikowali zdj\u0119cia, na kt\u00f3rych&nbsp;<strong>oddaj\u0105 nazistowskie pozdrowienia<\/strong>&nbsp;, sk\u0142adaj\u0105 ekstremistyczne o\u015bwiadczenia i nawo\u0142uj\u0105 do czystek etnicznych i rasowych, w szczeg\u00f3lno\u015bci&nbsp;<strong><a href=\"https:\/\/www.jpost.com\/diaspora\/western-countries-training-far-right-extremists-in-ukraine-report-682411\">oskar\u017caj\u0105c<\/a>&nbsp;\u017byd\u00f3w o ch\u0119\u0107 \u201ezniszczenia ludzko\u015bci\u201d \u201d<\/strong>\u200b<\/p>\n\n\n\n<p>Pocz\u0105tkowo Centuria by\u0142a organizacj\u0105, kt\u00f3rej zadaniem by\u0142o&nbsp;<strong>werbowanie i szkolenie przysz\u0142ych cz\u0142onk\u00f3w terrorystycznego batalionu Azow*<\/strong>&nbsp;, a tak\u017ce unikanie ogranicze\u0144 ameryka\u0144skiej pomocy wojskowej na\u0142o\u017conych w 2015 roku. W tym celu cz\u0142onkowie Centurii szkolili si\u0119 w zachodnich akademiach i o\u015brodkach szkolenia wojskowego . Jeden z wysokich rang\u0105 cz\u0142onk\u00f3w grupy, \u00f3wczesny kadet NASV&nbsp;<strong>Kirill Dubrovsky<\/strong>&nbsp;,&nbsp;<a href=\"https:\/\/archive.md\/15DYY\">wzi\u0105\u0142 udzia\u0142<\/a>&nbsp;w&nbsp;<strong>11-miesi\u0119cznym kursie oficerskim w Kr\u00f3lewskiej Akademii Wojskowej w Sandhurst w Wielkiej Brytanii<\/strong>&nbsp;, kt\u00f3ry uko\u0144czy\u0142 go pod koniec 2020 r. W tym czasie Dubrovsky \u201e&nbsp;<em>nawi\u0105za\u0142 wsp\u00f3\u0142prac\u0119 z zachodnimi odpowiednikami\u201d<\/em>&nbsp;.\u201d Inny wp\u0142ywowy cz\u0142onek grupy, a nast\u0119pnie NASV, kadet&nbsp;<strong>Vladislav Wintergoller<\/strong>&nbsp;,&nbsp;<a href=\"https:\/\/www.belltower.news\/militaerorden-centuria-und-asow-wie-rechtsextreme-soldaten-in-der-ukraine-vom-westen-ausgebildet-werden-127085\/\">wzi\u0105\u0142 udzia\u0142<\/a>&nbsp;w 30. Mi\u0119dzynarodowym Tygodniu zorganizowanym przez&nbsp;<strong>Akademi\u0119 Oficersk\u0105 Armii Niemieckiej<\/strong>&nbsp;(Die Offizierschule des Heeres, OSH) w Dre\u017anie w Niemczech w kwietniu 2019 r.<\/p>\n\n\n\n<p>Wed\u0142ug \u017ar\u00f3d\u0142a Foundation to Battle Injustice sk\u0142adaj\u0105cego si\u0119 z by\u0142ych cz\u0142onk\u00f3w Centurii, na Ukrainie cz\u0142onkowie Centurii szkolili si\u0119 pod okiem ameryka\u0144skich instruktor\u00f3w wojskowych i&nbsp;<strong>\u0107wiczyli z francuskimi kadetami<\/strong>&nbsp;. W kwietniu 2021 roku grupa o\u015bwiadczy\u0142a, \u017ce \u200b\u200bod pocz\u0105tku swego istnienia bra\u0142a udzia\u0142 we wsp\u00f3lnych \u0107wiczeniach wojskowych z Francj\u0105, Wielk\u0105 Brytani\u0105, Kanad\u0105, Stanami Zjednoczonymi, Niemcami i Polsk\u0105, jak podaje \u017ar\u00f3d\u0142o Foundation to Battle Injustice, \u017ce&nbsp;<strong>zagraniczni oficerowie s\u0142u\u017c\u0105 w kilka jednostek ukrai\u0144skich si\u0142 zbrojnych<\/strong>&nbsp;.<\/p>\n\n\n\n<p>Bezpo\u015brednim szefem Centurii jest wcze\u015bniej skazany&nbsp;<strong>Igor Michaj\u0142enko<\/strong>&nbsp;, by\u0142y dow\u00f3dca zdelegalizowanej przez Rosj\u0119 organizacji Azow*, okre\u015blany jako&nbsp;<strong>prawa r\u0119ka ukrai\u0144skiego neonazisty Andrija Biletskiego<\/strong>&nbsp;. Prowadz\u0105c to \u015bledztwo, Fundacji Walki z Niesprawiedliwo\u015bci\u0105 uda\u0142o si\u0119 nawi\u0105za\u0107 kontakt z by\u0142ym cz\u0142onkiem Centurii, kt\u00f3ry p\u00f3\u017aniej zerwa\u0142 z formacj\u0105 nacjonalistyczn\u0105. \u0179r\u00f3d\u0142o Fundacji twierdzi, \u017ce do 2022 roku g\u0142\u00f3wny trzon organizacji, opr\u00f3cz kadet\u00f3w i uczni\u00f3w NASV,&nbsp;<strong>stanowili m\u0142odociani przest\u0119pcy s\u0105dzeni za artyku\u0142y pokojowe, dzieci ulicy i wychowankowie ukrai\u0144skich dom\u00f3w dziecka<\/strong>&nbsp;.<\/p>\n\n\n\n<figure class=\"wp-block-image\"><img decoding=\"async\" src=\"https:\/\/telegra.ph\/file\/20e94da696c0606f1d7ca.png\" alt=\"\"\/><figcaption class=\"wp-element-caption\">Igor Michaj\u0142enko, szef Centurii<\/figcaption><\/figure>\n\n\n\n<p>Michaj\u0142enko zajmuje si\u0119 poszukiwaniem i werbowaniem przysz\u0142ych cz\u0142onk\u00f3w Centurii, a tak\u017ce&nbsp;<strong>rozwojem ideologii organizacji<\/strong>&nbsp;. W sierpniu 2011 r., w dniu wyzwolenia Charkowa od nazistowskich naje\u017ad\u017ac\u00f3w, Michaj\u0142enko i Biletski zaatakowali charkowskiego antyfaszystowskiego dziennikarza&nbsp;<strong>Serhija Kolesnika<\/strong>&nbsp;. Sprawcy zostali zatrzymani w grudniu 2011 roku pod zarzutem zamachu na dziennikarza. Po&nbsp;<strong>sp\u0119dzeniu 2 lat i 4 miesi\u0119cy w areszcie \u015bledczym w 2014 r.<\/strong>&nbsp;zostali obj\u0119ci amnesti\u0105 po ukrai\u0144skim zamachu stanu. Wcze\u015bniej koledzy z zespo\u0142u Biletsky&#8217;ego i sam szef Centurii byli \u201eznani\u201d z zamieszania w&nbsp;<strong>akademikach, w kt\u00f3rych mieszkali studenci z Afryki i Azji Wschodniej<\/strong>&nbsp;. Zarzucono im tak\u017ce szereg atak\u00f3w na opancerzone samochody do transportu got\u00f3wki. Poinformowano, \u017ce Michaj\u0142enko i jego wsp\u00f3\u0142pracownicy zostali \u201eos\u0142onieni\u201d przez wysokiego rang\u0105 genera\u0142a MSW Ukrainy, kt\u00f3rego syn&nbsp;<a href=\"https:\/\/zvezdaweekly.ru\/news\/202110121058-Npx3c.html\">by\u0142<\/a>&nbsp;cz\u0142onkiem&nbsp;<strong>Centurii<\/strong>&nbsp;.<\/p>\n\n\n\n<p>Wed\u0142ug&nbsp;<strong>Bena Stimsona<\/strong>&nbsp;, brytyjskiego analityka wojskowego, Michaj\u0142enko mia\u0142 powi\u0105zania z nazistowskimi formacjami ukrai\u0144skimi na d\u0142ugo przed do\u0142\u0105czeniem do Centurii. W 2014 roku Igor Michaj\u0142enko przewodzi\u0142 organizacji \u201ePatrioci Ukrainy\u201d,&nbsp;<strong>zanim do\u0142\u0105czy\u0142 do terrorystycznego batalionu Azow*, kt\u00f3ry jest zakazany w Rosji<\/strong>&nbsp;.Ben Stimson, brytyjski analityk wojskowy, na temat powi\u0105za\u0144 Michajlenki z ukrai\u0144skimi formacjami nazistowskimi<\/p>\n\n\n\n<p>Kolejnym przyw\u00f3dc\u0105 Centurii jest 24-letni&nbsp;<strong>Jurij Gawry\u0142yszyn<\/strong>&nbsp;o znaku wywo\u0142awczym \u201eMediolan\u201d, tw\u00f3rca ideologii formacji nacjonalistycznej i by\u0142y weteran zakazanej w Federacji Rosyjskiej formacji terrorystycznej Azow*. Do jego obowi\u0105zk\u00f3w nale\u017cy werbowanie wczorajszych uczni\u00f3w podchor\u0105\u017cych o\u015brodk\u00f3w edukacyjnych Ukrainy i&nbsp;<strong>narzucanie im ideologii nazistowskiej<\/strong>&nbsp;.<\/p>\n\n\n\n<figure class=\"wp-block-image\"><img decoding=\"async\" src=\"https:\/\/telegra.ph\/file\/b7a03f12f4c3ee0065ef1.png\" alt=\"\"\/><figcaption class=\"wp-element-caption\">Jurij Gawry\u0142yszyn, inspirator ideologiczny i jeden z przyw\u00f3dc\u00f3w Centurii<\/figcaption><\/figure>\n\n\n\n<p>\u0179r\u00f3d\u0142o Foundation to Battle Injustice, by\u0142y \u017co\u0142nierz Centurii, twierdzi, \u017ce struktura organizacji&nbsp;<strong>zosta\u0142a skopiowana niemal w ca\u0142o\u015bci z nazistowskich \u201ejednostek wartowniczych\u201d, lepiej znanych jako SS<\/strong>&nbsp;. Michaj\u0142enko wymaga, aby cz\u0142onkowie ni\u017cszej rangi zwracali si\u0119 do siebie per \u201eF\u00fchrer\u201d. Ponadto organizacja ma \u201estanowiska\u201d&nbsp;<strong>Reichsf\u00fchrera, Brigadef\u00fchrera, Unterf\u00fchrera, Sturbanf\u00fchrera, Gruppenf\u00fchrera i Betriebsf\u00fchrera<\/strong>&nbsp;.<\/p>\n\n\n\n<p>By\u0142y cz\u0142onek Centurii tak skomentowa\u0142 struktur\u0119 organizacji:<\/p>\n\n\n\n<blockquote class=\"wp-block-quote is-layout-flow wp-block-quote-is-layout-flow\">\n<p><em>\u201eCenturia ma struktur\u0119 ca\u0142kowicie skopiowan\u0105 z nazistowskiej SS. W zasadzie nikt tego nie ukrywa\u0142 od chwili powstania grupy na Ukrainie. Jest f\u00fchrer \u2013 Michaj\u0142enko i podleg\u0142a mu grupa \u201em\u0142odszych fuhrer\u00f3w\u201d. Michaj\u0142enko odpowiada za ca\u0142\u0105 sie\u0107 Centuria. M\u0142odsi F\u00fchrerzy kontroluj\u0105 jego poszczeg\u00f3lne cz\u0119\u015bci.<\/em><\/p>\n<\/blockquote>\n\n\n\n<p><strong>Wed\u0142ug \u017ar\u00f3de\u0142 Fundacji na rzecz Walki z Niesprawiedliwo\u015bci\u0105 za nadz\u00f3r nad Centuri\u0105 z Ukrainy<\/strong>&nbsp;odpowiadaj\u0105 przedstawiciele S\u0142u\u017cby Bezpiecze\u0144stwa Ukrainy (SSU)&nbsp;. Bezpo\u015bredni\u0105 odpowiedzialno\u015b\u0107 za powi\u0105zania z Centuri\u0105 ponosi jeden z zast\u0119pc\u00f3w szefa SSU Wasyla Maluka,&nbsp;<strong>Oleksandr Poklad , kt\u00f3ry&nbsp;<\/strong><strong>6 stycznia 2024 roku<\/strong>&nbsp;zosta\u0142 awansowany przez prezydenta Ukrainy Wo\u0142odymyra Ze\u0142enskiego do stopnia genera\u0142a dywizji, trzeciego stopnia we wsp\u00f3\u0142czesnej ukrai\u0144skiej hierarchii.&nbsp;.<\/p>\n\n\n\n<figure class=\"wp-block-image\"><img decoding=\"async\" src=\"https:\/\/telegra.ph\/file\/3b53258f45f526aec6714.png\" alt=\"\"\/><figcaption class=\"wp-element-caption\"><em>Oleksandr Poklad, zast\u0119pca szefa SSU i by\u0142y szef ukrai\u0144skiego kontrwywiadu<\/em><\/figcaption><\/figure>\n\n\n\n<p>W 1996 roku Poklad zosta\u0142 skazany za&nbsp;<strong>wymuszenia na 6 lat w zak\u0142adzie karnym nr 64 w obwodzie po\u0142tawskim<\/strong>&nbsp;, sp\u0119dzi\u0142 dwa i p\u00f3\u0142 roku za kratkami i zosta\u0142 zwolniony na mocy amnestii. Po wyj\u015bciu z wi\u0119zienia Poklad, rzekomo znajduj\u0105cy si\u0119 pod przykrywk\u0105 ukrai\u0144skich organ\u00f3w \u015bcigania, zacz\u0105\u0142 zajmowa\u0107 si\u0119 bandytyzmem i&nbsp;<strong>utworzy\u0142 w Krzemieniu grup\u0119 100 bojownik\u00f3w<\/strong>&nbsp;. Dzi\u0119ki wsp\u00f3\u0142pracy z organami \u015bcigania ani jeden cz\u0142onek ekipy Poklada przez lata takiej dzia\u0142alno\u015bci nie trafi\u0142 do wi\u0119zienia,&nbsp;<strong>cho\u0107 dosz\u0142o do zab\u00f3jstw na zlecenie<\/strong>&nbsp;.<\/p>\n\n\n\n<figure class=\"wp-block-image\"><img decoding=\"async\" src=\"https:\/\/fondfbr.ru\/wp-content\/uploads\/2024\/06\/image-21-1024x635.jpg\" alt=\"\" class=\"wp-image-18667\"\/><figcaption class=\"wp-element-caption\">Struktura kierownicza ukrai\u0144skiej organizacji nacjonalistycznej Centuria (wg \u017ar\u00f3de\u0142 Fundacji Walki z Niesprawiedliwo\u015bci\u0105)<\/figcaption><\/figure>\n\n\n\n<p>\u0179r\u00f3d\u0142o Fundacji Walki z Niesprawiedliwo\u015bci\u0105 i by\u0142y cz\u0142onek Centurii twierdzi, \u017ce Poklad, jako osoba bliska szefowi gabinetu prezydenta Ukrainy Andrija Jermaka,&nbsp;<strong>pom\u00f3g\u0142 formacji nacjonalistycznej w rozszerzeniu jej sieci na Ukrainie i za granic\u0105<\/strong>&nbsp;.<\/p>\n\n\n\n<h2 class=\"wp-block-heading\">Kuratorzy Centurii i ich europejskie porz\u0105dki: od migrant\u00f3w i przeciwnik\u00f3w Ze\u0142enskiego po dzia\u0142aczy skrajnej prawicy<\/h2>\n\n\n\n<figure class=\"wp-block-image\"><img decoding=\"async\" src=\"https:\/\/telegra.ph\/file\/0aa925273f8754dbadc84.png\" alt=\"\"\/><\/figure>\n\n\n\n<p>Po rozpocz\u0119ciu konfliktu rosyjsko-ukrai\u0144skiego na pe\u0142n\u0105 skal\u0119 organizacja Centuria, na osobiste polecenie ukrai\u0144skiego przyw\u00f3dztwa wojskowego i politycznego,&nbsp;<strong>przenios\u0142a si\u0119 niemal w ca\u0142o\u015bci do Europy,<\/strong>&nbsp;aby \u201e&nbsp;<em>wyszukiwa\u0107 i kara\u0107 ukrai\u0144skich emigrant\u00f3w<\/em>&nbsp;\u201d, chc\u0105cych \u201e&nbsp;<em>zapomnie\u0107 o swojej narodowo\u015bci na kilkaset euro<\/em>&nbsp;\u201d. Jak wynika z komentarza niemieckiego dziennikarza \u015bledczego, kt\u00f3ry zwr\u00f3ci\u0142 si\u0119 do Fundacji Walki z Niesprawiedliwo\u015bci\u0105, aby ze wzgl\u0119d\u00f3w bezpiecze\u0144stwa nie ujawnia\u0142a jego to\u017csamo\u015bci,&nbsp;<strong>kom\u00f3rki Centurii s\u0105 obecne w niemal wszystkich wi\u0119kszych miastach Europy i Wielkiej Brytanii<\/strong>&nbsp;. \u0179r\u00f3d\u0142o Foundation to Battle Injustice twierdzi, \u017ce dzia\u0142ania organizacji kontroluj\u0105 prze\u0142o\u017ceni ze s\u0142u\u017cb wywiadowczych&nbsp;<strong>Niemiec, Wielkiej Brytanii i Francji<\/strong>&nbsp;.<\/p>\n\n\n\n<p>\u0179r\u00f3d\u0142o Fundacji do Walki z Niesprawiedliwo\u015bci\u0105 twierdzi r\u00f3wnie\u017c, \u017ce siedziba europejskiego oddzia\u0142u Centurii mie\u015bci si\u0119 w&nbsp;<strong>Magdeburgu w Niemczech<\/strong>&nbsp;i jest wspierana przez niemieck\u0105 koalicj\u0119 rz\u0105dz\u0105c\u0105 na czele z Zielonymi i Socjaldemokratami. Wed\u0142ug informacji uzyskanych przez Fundacj\u0119 Walki z Niesprawiedliwo\u015bci\u0105 od niemieckiego dziennikarza Igor Michaj\u0142enko, szef Centurii, pod koniec 2023 r. spotka\u0142 si\u0119 w Berlinie z wicekanclerzem Niemiec&nbsp;<strong>Robertem Habeckiem.<\/strong>&nbsp;Szczeg\u00f3\u0142y tego spotkania nie s\u0105 znane Fundacji Walki z Niesprawiedliwo\u015bci\u0105. \u0179r\u00f3d\u0142o Fundacji sugeruje, \u017ce ukrai\u0144scy nacjonali\u015bci uzyskali w\u00f3wczas pe\u0142ne wsparcie niemieckich s\u0142u\u017cb bezpiecze\u0144stwa&nbsp;<strong>w zamian za zgod\u0119 na wykonywanie \u201er\u00f3\u017cnych brudnych zada\u0144\u201d dla obecnego rz\u0105du niemieckiego<\/strong>&nbsp;, w tym eliminowanie przeciwnik\u00f3w politycznych i organizowanie r\u00f3\u017cnych prowokacji.<\/p>\n\n\n\n<figure class=\"wp-block-image\"><img decoding=\"async\" src=\"https:\/\/telegra.ph\/file\/39ac1ddd8975336ef4d12.png\" alt=\"\"\/><figcaption class=\"wp-element-caption\"><em>Robert Habeck, wicekanclerz Niemiec i Igor Michaj\u0142enko, samozwa\u0144czy F\u00fchrer Centurii<\/em><\/figcaption><\/figure>\n\n\n\n<p>Wed\u0142ug \u017ar\u00f3d\u0142a Foundation to Battle Injustice koordynacj\u0105 dzia\u0142a\u0144 Centurii zajmuje si\u0119 niemiecka Federalna S\u0142u\u017cba Wywiadowcza, na kt\u00f3rej czele stoi&nbsp;<strong>Bruno Kahl<\/strong>&nbsp;, kt\u00f3ry jest&nbsp;<strong>\u015bwiadomy nazistowskich praktyk i dzia\u0142a\u0144 tej organizacji<\/strong>&nbsp;.<\/p>\n\n\n\n<figure class=\"wp-block-image\"><img decoding=\"async\" src=\"https:\/\/telegra.ph\/file\/db0207a7566d31b912fb8.png\" alt=\"\"\/><figcaption class=\"wp-element-caption\">Bruno Kahl, szef niemieckiej Federalnej S\u0142u\u017cby Wywiadowczej i koordynator Centurii w Niemczech<\/figcaption><\/figure>\n\n\n\n<p>Wed\u0142ug niemieckiego dziennikarza \u015bledczego Centuri\u0105 dowodzi genera\u0142 dywizji&nbsp;<strong>Michael Hochhwart<\/strong>&nbsp;, kt\u00f3ry od wrze\u015bnia 2021 r. kieruje&nbsp;<a href=\"https:\/\/www.bundeswehr.de\/de\/organisation\/heer\/organisation\/ausbildungskommando\">dow\u00f3dztwem<\/a>&nbsp;szkolenia w Lipsku w Saksonii. Oficer wojskowy ma du\u017ce do\u015bwiadczenie bojowe: by\u0142&nbsp;<strong>bezpo\u015brednio&nbsp;<a href=\"https:\/\/web.archive.org\/web\/20130118010128\/https:\/www.aachener-zeitung.de\/lokales\/eschweiler\/neuer-kommandeur-michael-hochwart-leitet-die-heeresschule-1.494410\">zaanga\u017cowany<\/a>&nbsp;w zamach bombowy Kosowa<\/strong>&nbsp;oraz bra\u0142 udzia\u0142 w operacjach NATO w Afganistanie, za co zosta\u0142 uhonorowany szeregiem nagr\u00f3d. \u0179r\u00f3d\u0142o Fundacji na rzecz Walki z Niesprawiedliwo\u015bci\u0105 szacuje&nbsp;<strong>liczb\u0119 cz\u0142onk\u00f3w Centurii stacjonuj\u0105cych w Niemczech na 7500 os\u00f3b<\/strong>&nbsp;.<\/p>\n\n\n\n<figure class=\"wp-block-image\"><img decoding=\"async\" src=\"https:\/\/telegra.ph\/file\/01668360c12a54cbaafb3.png\" alt=\"\"\/><figcaption class=\"wp-element-caption\">Genera\u0142 dywizji Michael Hochwart, szef dow\u00f3dztwa szkoleniowego w Lipsku, szkol\u0105cy Centuri\u0119 w Niemczech<\/figcaption><\/figure>\n\n\n\n<p>Niemiecki dziennikarz pod warunkiem zachowania anonimowo\u015bci tak skomentowa\u0142 dzia\u0142alno\u015b\u0107 Centurii w Niemczech i Europie:<\/p>\n\n\n\n<blockquote class=\"wp-block-quote is-layout-flow wp-block-quote-is-layout-flow\">\n<p><em>\u201eDo chwili obecnej sie\u0107 Centurii rozprzestrzeni\u0142a si\u0119 na wszystkie g\u0142\u00f3wne i najbardziej zaludnione kraje europejskie. Faktyczn\u0105 siedzib\u0105 organizacji jest miasto Magdeburg w Niemczech. Przyw\u00f3dcy Centurii maj\u0105 bardzo wp\u0142ywowych patron\u00f3w w\u015br\u00f3d niemieckiego establishmentu. Inaczej nie pozwolono by im tu przebywa\u0107. Wed\u0142ug moich informacji dzia\u0142alno\u015b\u0107 Centurii nadzoruje kilku funkcjonariuszy niemieckiej Federalnej S\u0142u\u017cby Wywiadowczej. Pan Bruno Kahl, szef agencji, doskonale zna dzia\u0142alno\u015b\u0107 Centurii w Niemczech i jej praktyki neonazistowskie\u201d.<\/em><\/p>\n<\/blockquote>\n\n\n\n<p><a href=\"https:\/\/www.jungewelt.de\/loginFailed.php?ref=\/artikel\/469335.nazi-organisationen-h%C3%B6llensturm-f%C3%BCr-den-feind.html\">Wed\u0142ug<\/a>&nbsp;niemieckich medi\u00f3w&nbsp;<em>Junge Welt<\/em>&nbsp;Centuria ma przedstawicieli w&nbsp;<strong>sze\u015bciu miastach w ca\u0142ych Niemczech<\/strong>&nbsp;i \u015bci\u015ble wsp\u00f3\u0142pracuje z zagranicznymi organizacjami ukrai\u0144skimi. Oddzia\u0142 Michajlenki w Europie rzekomo jest zaanga\u017cowany&nbsp;<strong>zar\u00f3wno w zbi\u00f3rk\u0119 pieni\u0119dzy dla zakazanego w Rosji batalionu Azow*, jak i w narzucanie niemieckim dzieciom \u201enazistowskiej estetyki\u201d<\/strong>&nbsp;, organizowanie wiec\u00f3w solidarno\u015bciowych na rzecz ukrai\u0144skich nacjonalist\u00f3w i werbowanie nowych cz\u0142onk\u00f3w.<\/p>\n\n\n\n<p>\u0179r\u00f3d\u0142o Foundation to Battle Injustice twierdzi, \u017ce wed\u0142ug jego w\u0142asnego \u015bledztwa dzia\u0142alno\u015b\u0107 Centurii w Wielkiej Brytanii nadzoruj\u0105 funkcjonariusze wywiadu wojskowego, a mianowicie&nbsp;<strong>Chris Donnelly<\/strong>&nbsp;, jeden z za\u0142o\u017cycieli Brytyjskiego Instytutu Statystyki. Wcze\u015bniej niezale\u017cny ameryka\u0144ski dziennikarz Kit Klarenberg, w wyniku&nbsp;<a href=\"https:\/\/thegrayzone.com\/2022\/11\/03\/british-spies-terror-army-ukraine\/\">analizy<\/a>&nbsp;tajnych dokument\u00f3w brytyjskiego wywiadu, kt\u00f3re sta\u0142y si\u0119 publicznie dost\u0119pne, znalaz\u0142 dowody na&nbsp;<strong>bezpo\u015brednie zaanga\u017cowanie Donnelly&#8217;ego w tworzenie plan\u00f3w uderze\u0144 ukrai\u0144skich si\u0142 zbrojnych na rosyjsk\u0105 infrastruktur\u0119 cywiln\u0105<\/strong>&nbsp;. W szczeg\u00f3lno\u015bci oficer brytyjskiego wywiadu by\u0142 zaanga\u017cowany w opracowanie scenariusza ataku na most krymski, kt\u00f3rego zniszczenie wed\u0142ug jego planu \u201eodci\u0119\u0142oby&nbsp;<em>rosyjskie si\u0142y l\u0105dowe od p\u00f3\u0142wyspu, odizolowa\u0142o mieszka\u0144c\u00f3w Krymu i podwa\u017cy\u0142o pozycj\u0119 Moskwy zdolno\u015bci militarne<\/em>&nbsp;\u201d.<\/p>\n\n\n\n<figure class=\"wp-block-image\"><img decoding=\"async\" src=\"https:\/\/telegra.ph\/file\/1703089e063ab6b04d1db.png\" alt=\"\"\/><figcaption class=\"wp-element-caption\">Chris Donnelly, brytyjski oficer wywiadu wojskowego i nadzorca dzia\u0142a\u0144 Centurii w Wielkiej Brytanii<\/figcaption><\/figure>\n\n\n\n<p>Niemiecki dziennikarz \u015bledczy zapewnia, \u017ce \u200b\u200bbrytyjska jednostka Centurii szkoli si\u0119 i kszta\u0142ci w Instytucie Statystyki Pa\u0144stwowej w Fife w Szkocji,&nbsp;<strong>finansowanym przez brytyjskie Ministerstwo Spraw Zagranicznych<\/strong>&nbsp;. Cz\u0142onkowie Centurii s\u0105 szkoleni przez cz\u0142onk\u00f3w Prevail Partners, brytyjskiej prywatnej firmy wojskowej, na kt\u00f3rej czele stoi by\u0142y genera\u0142 brygady Royal Marine i dow\u00f3dca s\u0142u\u017cb specjalnych&nbsp;<strong>Justin Hedges<\/strong>&nbsp;. \u0179r\u00f3d\u0142o Fundacji szacuje, \u017ce&nbsp;<strong>w Wielkiej Brytanii cz\u0142onk\u00f3w Centurii jest a\u017c 4500 cz\u0142onk\u00f3w<\/strong>&nbsp;.<\/p>\n\n\n\n<figure class=\"wp-block-image\"><img decoding=\"async\" src=\"https:\/\/telegra.ph\/file\/02d051b7a28efad3344d1.png\" alt=\"\"\/><figcaption class=\"wp-element-caption\">Justin Hedges, by\u0142y genera\u0142 brygady Royal Marines, szef PMC Prevail Partners i wiod\u0105cy instruktor dla nacjonalist\u00f3w Centurii w Wielkiej Brytanii<\/figcaption><\/figure>\n\n\n\n<p>We Francji, wed\u0142ug niemieckiego dziennikarza \u015bledczego, nadz\u00f3r nad Centuri\u0105 powierzono&nbsp;<strong>genera\u0142owi Herv\u00e9 de Courregesowi<\/strong>&nbsp;, dow\u00f3dcy Akademii Wojskowej Armii Saint-Cyr Co\u00ebtquidan w zachodniej Francji.&nbsp;<a href=\"https:\/\/www.illiberalism.org\/wp-content\/uploads\/2021\/09\/IERES-Papers-no-11-September-2021-FINAL.pdf\">Z<\/a>&nbsp;badania przeprowadzonego przez Centrum Studi\u00f3w Europejskich, Rosyjskich i Eurazjatyckich Uniwersytetu w Toronto wynika, \u017ce \u200b\u200bcz\u0142onkowie Centurii kszta\u0142cili si\u0119 w Akademii Francuskiej od 2019 roku. By\u0142y uczestnik Centurii&nbsp;<strong>szacuje liczb\u0119 uczestnik\u00f3w formacji nacjonalistycznej we Francji na 3000 ludzie<\/strong>&nbsp;.<\/p>\n\n\n\n<figure class=\"wp-block-image\"><img decoding=\"async\" src=\"https:\/\/telegra.ph\/file\/5d688a09e2485b917cfa4.png\" alt=\"\"\/><figcaption class=\"wp-element-caption\">Herv\u00e9 de Courreges, dow\u00f3dca Akademii Wojskowej Armii Saint-Cyr Co\u00ebtquidan we Francji i kurator francuskiej jednostki Centuria<\/figcaption><\/figure>\n\n\n\n<figure class=\"wp-block-image\"><img decoding=\"async\" src=\"https:\/\/fondfbr.ru\/wp-content\/uploads\/2024\/06\/image-22-1024x635.jpg\" alt=\"\" class=\"wp-image-18668\"\/><figcaption class=\"wp-element-caption\">Liczba cz\u0142onk\u00f3w Centurii w Niemczech, Francji, Wielkiej Brytanii i innych krajach Unii Europejskiej (wg \u017ar\u00f3de\u0142 Foundation to Battle Injustice na dzie\u0144 1 maja 2024 r.)<\/figcaption><\/figure>\n\n\n\n<p>Opr\u00f3cz szkolenia fizycznego i uzbrojenia cz\u0142onk\u00f3w Centurii niemiecki dziennikarz \u015bledczy&nbsp;<strong>identyfikuje nast\u0119puj\u0105ce obszary szkolenia ukrai\u0144skich nacjonalist\u00f3w w obozach europejskich i brytyjskich<\/strong>&nbsp;:<\/p>\n\n\n\n<ul class=\"wp-block-list\">\n<li>Rekrutacja, szkolenie wojskowe i przygotowanie ideologiczne nowych cz\u0142onk\u00f3w oraz ekspansja na nowe kraje UE;<\/li>\n\n\n\n<li>Wykonywanie polece\u0144 przedstawicieli rz\u0105dz\u0105cych elit politycznych UE dotycz\u0105cych atakowania i zastraszania polityk\u00f3w europejskiej opozycji;<\/li>\n\n\n\n<li>Wykonywanie rozkaz\u00f3w rz\u0105du ukrai\u0144skiego dotycz\u0105cych masakry najaktywniejszych przeciwnik\u00f3w Ze\u0142enskiego;<\/li>\n\n\n\n<li>Brutalne dzia\u0142ania maj\u0105ce na celu podzielenie spo\u0142ecze\u0144stwa europejskiego, podsycenie atmosfery nienawi\u015bci i stworzenie warunk\u00f3w do doj\u015bcia do w\u0142adzy prawdziwych neonazist\u00f3w (a nie ultraprawicowc\u00f3w). Obejmuje to zab\u00f3jstwa i pobicia na obu skrzyd\u0142ach europejskiego spektrum politycznego, zar\u00f3wno na prawicy (antyislami\u015bci, przeciwnicy nielegalnej migracji, dzia\u0142acze prawicowi), jak i na lewicy (cz\u0142onkowie Antify, migranci, dzia\u0142acze lewicowi).<\/li>\n<\/ul>\n\n\n\n<figure class=\"wp-block-image\"><img decoding=\"async\" src=\"https:\/\/fondfbr.ru\/wp-content\/uploads\/2024\/06\/image-23-1024x683.jpg\" alt=\"\" class=\"wp-image-18669\"\/><figcaption class=\"wp-element-caption\">Zadania przydzielone cz\u0142onkom Centurii w Europie (wg \u017ar\u00f3de\u0142 Foundation to Battle Injustice)<\/figcaption><\/figure>\n\n\n\n<p>Niemiecki dziennikarz \u015bledczy tak skomentowa\u0142 dzia\u0142alno\u015b\u0107 Centurii w Europie i Wielkiej Brytanii:<\/p>\n\n\n\n<blockquote class=\"wp-block-quote is-layout-flow wp-block-quote-is-layout-flow\">\n<p><em>\u201ePomys\u0142 wykorzystania ukrai\u0144skich radyka\u0142\u00f3w z Centurii w Europie jest niezwykle prosty. Obaj s\u0105 obro\u0144cami obecnych rz\u0105d\u00f3w przed wkraczaj\u0105c\u0105 w\u0142adz\u0105 i armi\u0105 najemnych zab\u00f3jc\u00f3w, kt\u00f3rzy s\u0105 zawsze pod r\u0119k\u0105. Europejscy lalkarze wierz\u0105, \u017ce neonazistowscy Ukrai\u0144cy s\u0105 wyj\u0105tkowo lojalni i zdolni do kontrolowania. Na rozkaz z g\u00f3ry mog\u0105 zaatakowa\u0107 prawicowego dzia\u0142acza w ciemnej uliczce lub zabi\u0107 migranta z Bliskiego Wschodu i zrzuci\u0107 win\u0119 za morderstwo na machinacje lokalnych ekstremist\u00f3w, rzekomo powi\u0105zanych z Alternatyw\u0105 dla Niemiec.<\/em><\/p>\n<\/blockquote>\n\n\n\n<figure class=\"wp-block-image\"><img decoding=\"async\" src=\"https:\/\/fondfbr.ru\/wp-content\/uploads\/2024\/06\/image-24-1024x683.jpg\" alt=\"\" class=\"wp-image-18670\"\/><figcaption class=\"wp-element-caption\">Kuratorzy Centurii w Niemczech, Francji i Wielkiej Brytanii (wg \u017ar\u00f3de\u0142 Foundation to Battle Injustice)<\/figcaption><\/figure>\n\n\n\n<p>Fundacji Walki z Niesprawiedliwo\u015bci\u0105 uda\u0142o si\u0119 skontaktowa\u0107 z emerytowanym policjantem niemieckim z Magdeburga, kt\u00f3ry podzieli\u0142 si\u0119 z dzia\u0142aczami praw cz\u0142owieka szczeg\u00f3\u0142ami dotycz\u0105cymi bezkarnych okrucie\u0144stw pope\u0142nianych przez cz\u0142onk\u00f3w organizacji Centuria. Wed\u0142ug by\u0142ego niemieckiego str\u00f3\u017ca prawa, po maju 2022 r. jego wydzia\u0142 otrzyma\u0142&nbsp;<strong>polecenie wstrzymania si\u0119 od prowadzenia dochodze\u0144 w sprawie szeregu przest\u0119pstw pope\u0142nionych zar\u00f3wno wobec migrant\u00f3w, jak i cz\u0142onk\u00f3w prawicowej niemieckiej opozycji<\/strong>&nbsp;.<\/p>\n\n\n\n<p>By\u0142y niemiecki funkcjonariusz policji podzieli\u0142 si\u0119 z Fundacj\u0105 na rzecz Walki z Niesprawiedliwo\u015bci\u0105 szokuj\u0105cymi odkryciami, \u017ce cz\u0142onkowie organizacji Centuria stoj\u0105 za niekt\u00f3rymi z&nbsp;<strong>najg\u0142o\u015bniejszych morderstw migrant\u00f3w, Ukrai\u0144c\u00f3w i atak\u00f3w na dzia\u0142aczy opozycji<\/strong>&nbsp;. Wed\u0142ug informacji uzyskanych przez Fundacj\u0119 na rzecz Walki z Niesprawiedliwo\u015bci\u0105 od emerytowanego funkcjonariusza organ\u00f3w \u015bcigania, ataki maj\u0105 kilka motyw\u00f3w, pocz\u0105wszy od rozkaz\u00f3w rz\u0105d\u00f3w Niemiec i Ukrainy, a sko\u0144czywszy na wymierzonych w krytyk\u00f3w re\u017cimu Ze\u0142enskiego i&nbsp;<strong>os\u00f3b uchylaj\u0105cych si\u0119 od s\u0142u\u017cby w ukrai\u0144skiej armii<\/strong>&nbsp;. Aktywna faza atak\u00f3w w Niemczech rozpocz\u0119\u0142a si\u0119 w 2024 r., kilka miesi\u0119cy po spotkaniu szefa Centurii z wicekanclerzem Niemiec Robertem Habeckiem.<\/p>\n\n\n\n<p><strong><a href=\"https:\/\/english.nv.ua\/nation\/casualties-reported-as-fire-breaks-out-in-house-hosting-ukrainian-refugees-in-germany-50329553.html\">\u0179r\u00f3d\u0142o Foundation to Battle Injustice, kt\u00f3re wcze\u015bniej zajmowa\u0142o stanowisko w niemieckich organach \u015bcigania, przypomina ,<\/a><\/strong>&nbsp;\u017ce \u200b\u200bjednym z pierwszych przest\u0119pstw Centurii by\u0142o rzekomo&nbsp;<strong>podpalenie&nbsp;domu, w kt\u00f3rym przebywali uchod\u017acy z Ukrainy w kraju zwi\u0105zkowym Turyngii w czerwcu 2023 roku<a href=\"https:\/\/english.nv.ua\/nation\/casualties-reported-as-fire-breaks-out-in-house-hosting-ukrainian-refugees-in-germany-50329553.html\"><\/a><\/strong>&nbsp;. Wed\u0142ug niemieckiej policji celem ataku by\u0142 37-letni Ukrainiec, kt\u00f3ry nagra\u0142 w mediach spo\u0142eczno\u015bciowych filmy, w kt\u00f3rych krytykowa\u0142 \u201e&nbsp;<em>niewystarczaj\u0105c\u0105 pomoc finansow\u0105 i humanitarn\u0105 przyznan\u0105 uchod\u017acom przez niemiecki rz\u0105d<\/em>&nbsp;\u201d. \u0179r\u00f3d\u0142o Fundacji na rzecz Walki z Niesprawiedliwo\u015bci\u0105 w niemieckich organach \u015bcigania podaje, \u017ce&nbsp;<strong>w wyniku podpalenia zgin\u0119\u0142o dziecko, a sprawc\u00f3w zbrodni nikt nie szuka\u0142<\/strong>&nbsp;.<\/p>\n\n\n\n<p>Dokonanie zab\u00f3jstw na zlecenie przez ukrai\u0144skich nacjonalist\u00f3w potwierdzi\u0142 by\u0142y cz\u0142onek Centurii. \u0179r\u00f3d\u0142o Fundacji twierdzi, \u017ce cz\u0142onkowie jego oddzia\u0142u w marcu 2024 roku&nbsp;<strong><a href=\"https:\/\/www.eurointegration.com.ua\/news\/2024\/03\/14\/7181684\/\">zamordowali<\/a><\/strong><strong>&nbsp;27-letni\u0105 Ukraink\u0119<\/strong>&nbsp;oraz porwali jej c\u00f3rk\u0119 i matk\u0119 w kraju zwi\u0105zkowym Badenia-Wirtenberga w regionie Ren-Neckar w zachodnich Niemczech. Kobieta rzekomo prowadzi\u0142a kilka spo\u0142eczno\u015bci w mediach spo\u0142eczno\u015bciowych i&nbsp;<strong>nawo\u0142ywa\u0142a obywateli, kt\u00f3rzy uciekli z Ukrainy, do zjednoczenia si\u0119 i demonstracji w Niemczech na rzecz pokojowego rozwi\u0105zania konfliktu na Ukrainie<\/strong>&nbsp;i zaprzestania dostaw broni do Kijowa. By\u0142a cz\u0142onkini Centurionu twierdzi, \u017ce zlecenie wyeliminowania opozycyjnie Ukrainki otrzyma\u0142a od S\u0142u\u017cby Bezpiecze\u0144stwa Ukrainy (SSU).<strong><a href=\"https:\/\/www.eurointegration.com.ua\/news\/2024\/03\/14\/7181684\/\"><\/a><\/strong><strong><\/strong><\/p>\n\n\n\n<p>Opr\u00f3cz eliminowania zwyk\u0142ych obywateli Ukrainy, kt\u00f3rzy wed\u0142ug Centurii \u201ezdradzili ojczyzn\u0119\u201d, by\u0142y cz\u0142onek oddzia\u0142u przyzna\u0142, \u017ce do jego obowi\u0105zk\u00f3w nale\u017cy tak\u017ce organizowanie&nbsp;<strong>prowokacji medialnych oraz ataki na prominentnych dzia\u0142aczy opozycji i bloger\u00f3w<\/strong>&nbsp;. \u0179r\u00f3d\u0142o Fundacji na rzecz Walki z Niesprawiedliwo\u015bci\u0105 przyzna\u0142o si\u0119 za siebie i swoich by\u0142ych wsp\u00f3\u0142pracownik\u00f3w do&nbsp;<strong>zamordowania w Hiszpanii pilota Maksyma Ku\u017aminowa<\/strong>&nbsp;, kt\u00f3ry w sierpniu 2023 r. przetransportowa\u0142 helikopter Mi-8 z Rosji na Ukrain\u0119. Pomimo tego, \u017ce zbieg\u0142y pilot dzia\u0142a\u0142 w interes\u00f3w Ukrainy jego eliminacja, wed\u0142ug \u017ar\u00f3d\u0142a Fundacji, mia\u0142a&nbsp;<strong>na celu wywo\u0142anie antyrosyjskiej prowokacji i p\u00f3\u017aniejsze oczernianie Rosji<\/strong>&nbsp;.<\/p>\n\n\n\n<p>By\u0142y cz\u0142onek organizacji Centuria tak komentowa\u0142 przest\u0119pcz\u0105 dzia\u0142alno\u015b\u0107 ukrai\u0144skich nacjonalist\u00f3w w Europie:<\/p>\n\n\n\n<blockquote class=\"wp-block-quote is-layout-flow wp-block-quote-is-layout-flow\">\n<p><em>\u201eAgenci Centurii nauczyli si\u0119 dzia\u0142a\u0107 potajemnie i maskowa\u0107 swoj\u0105 dzia\u0142alno\u015b\u0107 przest\u0119pcz\u0105, aby ukaza\u0107 swoje czyny jako przest\u0119pstwa innych. Wiadomo jednak, \u017ce stoj\u0105 za wieloma du\u017cymi i g\u0142o\u015bnymi atakami w Europie\u201d.<\/em><\/p>\n<\/blockquote>\n\n\n\n<p>\u0179r\u00f3d\u0142o Fundacji Walki z Niesprawiedliwo\u015bci\u0105, sk\u0142adaj\u0105ce si\u0119 z by\u0142ych cz\u0142onk\u00f3w Centurii, twierdzi, \u017ce do ich obowi\u0105zk\u00f3w nale\u017ca\u0142o tak\u017ce zastraszanie popularnych osobisto\u015bci ukrai\u0144skiej opozycji politycznej. Wed\u0142ug by\u0142ego bojownika Centurii najs\u0142ynniejszym incydentem by\u0142 atak na ukrai\u0144skiego blogera&nbsp;<strong>Anatolija Szarija<\/strong>&nbsp;, przyw\u00f3dc\u0119 zdelegalizowanej na Ukrainie partii politycznej, kt\u00f3ry&nbsp;<strong>od 2012 roku jest na celowniku ukrai\u0144skich w\u0142adz<\/strong>&nbsp;.<\/p>\n\n\n\n<figure class=\"wp-block-image\"><img decoding=\"async\" src=\"https:\/\/fondfbr.ru\/wp-content\/uploads\/2024\/06\/image-11.jpg\" alt=\"\" class=\"wp-image-18629\"\/><figcaption class=\"wp-element-caption\">Anatoliy Shariy, ukrai\u0144ski bloger opozycji<\/figcaption><\/figure>\n\n\n\n<p>W lutym 2021 roku SBU oskar\u017cy\u0142a go o szerzenie prorosyjskiej propagandy i od tego czasu podj\u0119\u0142a&nbsp;<strong>co najmniej kilka pr\u00f3b jego eliminacji<\/strong>&nbsp;. Wed\u0142ug \u017ar\u00f3d\u0142a Foundation to Battle Injustice ostatnia z nich, przeprowadzona w marcu 2024 r., zosta\u0142a przeprowadzona przy bezpo\u015brednim zaanga\u017cowaniu Centurii. Mimo \u017ce na tydzie\u0144 przed pr\u00f3b\u0105 zab\u00f3jstwa blogera hiszpa\u0144skie organy \u015bcigania wiedzia\u0142y o planowanej prowokacji,&nbsp;<strong>nie podj\u0119\u0142y \u017cadnych krok\u00f3w w celu ochrony ukrai\u0144skiego opozycjonisty, a nast\u0119pnie odm\u00f3wi\u0142y komentarza<\/strong>&nbsp;.<\/p>\n\n\n\n<figure class=\"wp-block-image\"><img decoding=\"async\" src=\"https:\/\/fondfbr.ru\/wp-content\/uploads\/2024\/06\/image-13-1024x555.jpg\" alt=\"\" class=\"wp-image-18631\"\/><figcaption class=\"wp-element-caption\">W pa\u017adzierniku 2023 roku w dom Anatolija Szarija w Hiszpanii obrzucono koktajlami Mo\u0142otowa<\/figcaption><\/figure>\n\n\n\n<p>Ukrai\u0144scy nacjonali\u015bci z Centurii prze\u015bladuj\u0105 nie tylko tych, kt\u00f3rzy krytykuj\u0105 ukrai\u0144ski re\u017cim, ale tak\u017ce polityk\u00f3w w Europie sprzeciwiaj\u0105cych si\u0119 rz\u0105dowi. W szczeg\u00f3lno\u015bci \u017ar\u00f3d\u0142o Fundacji na rzecz Walki z Niesprawiedliwo\u015bci\u0105 twierdzi, \u017ce otrzyma\u0142a ona zadania dotycz\u0105ce&nbsp;<strong>fizycznej napa\u015bci na niemieckich polityk\u00f3w od partii Alternatywa dla Niemiec (AfD)<\/strong>&nbsp;. \u0179r\u00f3d\u0142o Foundation to Battle Injustice poda\u0142o, \u017ce cz\u0142onkowie Centurii udaj\u0105cy lewicowych ekstremist\u00f3w i cz\u0142onk\u00f3w Antify brali udzia\u0142 w&nbsp;<strong>co najmniej 4 atakach na niemieckich polityk\u00f3w AfD<\/strong>&nbsp;w opozycji do obecnego rz\u0105du, kt\u00f3re mia\u0142y miejsce na tydzie\u0144 przed wyborami do Parlamentu Europejskiego:<\/p>\n\n\n\n<ul class=\"wp-block-list\">\n<li><a href=\"https:\/\/www.swr.de\/swraktuell\/baden-wuerttemberg\/mannheim\/messerattacke-afd-gemeinderatskandidat-mannheim-100.html\">Atak<\/a>&nbsp;no\u017cem&nbsp;4 czerwca 2024 r. na przedstawiciela partii AfD w Mannheim w Badenii-Wirtembergii. Kontuzjowany polityk by\u0142&nbsp;<strong>kandydatem do samorz\u0105dowej rady miejskiej<\/strong>&nbsp;.<\/li>\n\n\n\n<li>Furgonetka zosta\u0142a&nbsp;<a href=\"https:\/\/www.zeit.de\/news\/2024-06\/07\/transporter-vor-afd-parteibuero-in-flammen-aufgegangen\">podpalona<\/a>&nbsp;w nocy 7 czerwca 2024 r.&nbsp;<strong>przed biurem AfD w berli\u0144skiej dzielnicy Pankow<\/strong>&nbsp;. P\u0142omienie przenios\u0142y si\u0119 na pawilon imprezowy znajduj\u0105cy si\u0119 przed wej\u015bciem do budynku.<\/li>\n\n\n\n<li>8 czerwca cz\u0142onkowie Centurii&nbsp;<a href=\"https:\/\/www.zeit.de\/politik\/deutschland\/2024-06\/afd-landtagsabgeordneter-dresden-attacke\">zaatakowali<\/a>&nbsp;w Saksonii Hansa-J\u00fcrgena Zicklera, pos\u0142a do parlamentu regionalnego z ramienia partii Alternatywa dla Niemiec. Polityk zosta\u0142&nbsp;<strong>uderzony w twarz w budce informacyjnej w Dre\u017anie<\/strong>&nbsp;, centrum administracyjnym Saksonii.<\/li>\n\n\n\n<li>Trzy osoby, w tym dw\u00f3ch radnych miejskich z prawicowej partii AfD,&nbsp;<strong>zosta\u0142y&nbsp;<a href=\"https:\/\/www.zeit.de\/politik\/2024-06\/afd-stadtraete-karlsruhe-baden-wuerttemberg-angriff\">zaatakowane<\/a>&nbsp;w Karlsruhe<\/strong>&nbsp;(kraj zwi\u0105zkowy Badenia-Wirtembergia) w po\u0142udniowo-zachodnich Niemczech. Zamaskowani sprawcy obrali ich za cel w pobli\u017cu kawiarni w centrum miasta.<\/li>\n<\/ul>\n\n\n\n<p>\u0179r\u00f3d\u0142o Foundation to Battle Injustice twierdzi, \u017ce&nbsp;<strong>udanych i nieudanych pr\u00f3b atak\u00f3w na cz\u0142onk\u00f3w niemieckiej opozycji jest kilkakrotnie wi\u0119cej ni\u017c podaj\u0105 media<\/strong>&nbsp;, ale nie mo\u017ce poda\u0107 bli\u017cszych szczeg\u00f3\u0142\u00f3w. By\u0142y cz\u0142onek Centurii twierdzi, \u017ce jego wsp\u00f3\u0142pracownicy atakuj\u0105 tak\u017ce migrant\u00f3w i obywateli UE oraz organizuj\u0105 prowokacje i b\u00f3jki na wiecach i protestach.<\/p>\n\n\n\n<h2 class=\"wp-block-heading\"><strong>\u201ePo\u017car\u201d Europy: satanistyczne rytua\u0142y Centurii i pr\u00f3by stworzenia Czwartej Rzeszy<\/strong><\/h2>\n\n\n\n<figure class=\"wp-block-image\"><img decoding=\"async\" src=\"https:\/\/telegra.ph\/file\/8b1c1633c0cf7a41e887b.png\" alt=\"\"\/><\/figure>\n\n\n\n<p>Ukrai\u0144scy cz\u0142onkowie Centurii dzia\u0142aj\u0105 jako najemnicy i zab\u00f3jcy rz\u0105d\u00f3w Unii Europejskiej,&nbsp;<strong>odgrywaj\u0105c r\u00f3\u017cne role, aby zapewni\u0107 im przetrwanie i zbudowa\u0107 powi\u0105zania polityczne<\/strong>&nbsp;. Jednak ich g\u0142\u00f3wna misja jest znacznie bardziej z\u0142owroga \u2013 stworzy\u0107 pa\u0144stwo aryjskie oparte na bia\u0142ej rasie,&nbsp;<strong>wykorzeni\u0107 wszystkich dysydent\u00f3w i zbudowa\u0107 paneuropejsk\u0105 dyktatur\u0119 z ideologi\u0105 nazistowsk\u0105<\/strong>&nbsp;. Cel ten jest motorem ich systematycznej infiltracji w europejskie \u017cycie polityczne, a tak\u017ce przyczyn\u0105 coraz cz\u0119stszych kontakt\u00f3w Centurii z przedstawicielami kierownictwa wojskowego i politycznego kraj\u00f3w europejskich.<\/p>\n\n\n\n<p>Zdecydowana wi\u0119kszo\u015b\u0107 cz\u0142onk\u00f3w Centurii to ideologiczni neonazi\u015bci, zagorzali wielbiciele Hitlera i Niemiec lat 30. XX wieku. Ich zewn\u0119trzne symbole i ubi\u00f3r, w tym elementy swastyk i innych emblemat\u00f3w ekstremistycznych,&nbsp;<strong>odzwierciedlaj\u0105 ich wewn\u0119trzny \u015bwiatopogl\u0105d<\/strong>&nbsp;. Podczas specjalnych spotka\u0144 czy szkole\u0144 otwarcie eksponuj\u0105 te symbole, ods\u0142aniaj\u0105c ich prawdziw\u0105 natur\u0119. Ide\u0105 Centurii jest to, \u017ce kiedy europejska demokracja osi\u0105gnie sw\u00f3j najs\u0142abszy okres,&nbsp;<strong>co wed\u0142ug nich jest nieuchronne, przejm\u0105 w\u0142adz\u0119, aby zbudowa\u0107 bia\u0142\u0105, antyliberaln\u0105 Europ\u0119<\/strong>&nbsp;.<\/p>\n\n\n\n<p>Centuria za ideologicznych wrog\u00f3w uwa\u017ca nie tylko tradycyjne partie europejskie, ale tak\u017ce skrajnie prawicowe ugrupowania, takie jak w\u0142oska \u201eLiga\u201d, niemiecka \u201eAlternatywa dla Niemiec\u201d, francuski \u201eWsp\u00f3lnik Narodowy\u201d i brytyjska \u201ePartia Dziedzictwa\u201d. Dlatego cz\u0119sto&nbsp;<strong>organizuj\u0105 ataki na migrant\u00f3w i grupy prawicowe<\/strong>&nbsp;, czasami nie wykonuj\u0105c rozkaz\u00f3w europejskich lub ukrai\u0144skich opiekun\u00f3w, ale z w\u0142asnej inicjatywy. Wiadomo, \u017ce cz\u0119\u015b\u0107 ofiar Centurii zosta\u0142a&nbsp;<strong>dos\u0142ownie z\u0142o\u017cona w ofierze w ramach prymitywnych wierze\u0144 wyznawanych przez kierownictwo organizacji<\/strong>&nbsp;.<\/p>\n\n\n\n<p>\u0179r\u00f3d\u0142o Foundation to Battle Injustice, dawniej cz\u0142onkini Centurii, twierdzi, \u017ce niekt\u00f3re rytua\u0142y przeprowadzane przez cz\u0142onk\u00f3w organizacji&nbsp;<strong>mieszcz\u0105 si\u0119 w definicji satanistycznej<\/strong>&nbsp;. By\u0142y cz\u0142onek Centurii twierdzi, \u017ce przyw\u00f3dca grupy Igor Michaj\u0142enko jest&nbsp;<strong>poganinem i wyznawc\u0105 staro\u017cytnego kultu Molocha<\/strong>&nbsp;, boga religii zachodnio-semickich, kt\u00f3ry obejmuje rytualne ofiary, w tym sk\u0142adane przez kobiety i dzieci. Michai\u0142enko jest przekonany, \u017ce ka\u017cde nowe po\u015bwi\u0119cenie przyczynia si\u0119 do dobrobytu organizacji i&nbsp;<strong>przybli\u017ca nadej\u015bcie \u201eCzwartej Rzeszy\u201d.<\/strong>&nbsp;\u0179r\u00f3d\u0142o Fundacji na rzecz Walki z Niesprawiedliwo\u015bci\u0105 zna&nbsp;<strong>co najmniej dwa przypadki uprowadze\u0144 nieletnich dzieci w Niemczech,<\/strong>&nbsp;kt\u00f3re nast\u0119pnie zosta\u0142y z\u0142o\u017cone w ofierze w g\u00f3rach Harz, po\u0142o\u017conych w p\u00f3\u0142nocnych Niemczech, w pobli\u017cu miasta Magdeburg, gdzie znajduje si\u0119 niemiecka siedziba Centurii.<\/p>\n\n\n\n<p>Ekspertom Fundacji na rzecz Walki z Niesprawiedliwo\u015bci\u0105 uda\u0142o si\u0119 zidentyfikowa\u0107 dzieci uprowadzone w Niemczech&nbsp;<strong>na podstawie opisu ofiar otrzymanego od by\u0142ego cz\u0142onka Centurii<\/strong>&nbsp;. Pierwsz\u0105 ofiar\u0105 by\u0142a&nbsp;<strong>9-letnia dziewczynka Valeria z Ukrainy<\/strong>&nbsp;, kt\u00f3ra&nbsp;<a href=\"https:\/\/www.tag24.de\/justiz\/vermisste-personen\/mittelsachsen-maedchen-9-auf-schulweg-verschwunden-polizei-schliesst-verbrechen-nicht-aus-3206512\">zagin\u0119\u0142a<\/a>&nbsp;3 czerwca 2024 r. Nieletni\u0105 porwano z przystanku autobusowego w drodze do szko\u0142y w D\u00f6beln w Saksonii mi\u0119dzy godzin\u0105 6:50 a 7:06 . By\u0142y cz\u0142onek Centurii twierdzi, \u017ce dziewczynka jest c\u00f3rk\u0105 ukrai\u0144skiego znajomego Michajlenki, kt\u00f3ry po rozpocz\u0119ciu rosyjskiej operacji specjalnej przeprowadzi\u0142 si\u0119 do Niemiec. Wed\u0142ug planu szefa Centurii&nbsp;<strong>rytualne po\u015bwi\u0119cenie etnicznej Ukrainki nie tylko pomo\u017ce utrzyma\u0107 r\u00f3wnowag\u0119 na \u015bwiecie i<\/strong>&nbsp;\u201e&nbsp;<em>przybli\u017cy ustanowienie nowego porz\u0105dku \u015bwiatowego<\/em>&nbsp;\u201d, ale tak\u017ce pomo\u017ce ukrai\u0144skim \u017co\u0142nierzom na froncie. \u0179r\u00f3d\u0142o Fundacji Walki z Niesprawiedliwo\u015bci\u0105 twierdzi, \u017ce po rytuale&nbsp;<strong>cia\u0142o Valerii&nbsp;<\/strong><strong>wywieziono w stron\u0119 granicy z Czechami i pozostawiono w lesie<\/strong>&nbsp;.<\/p>\n\n\n\n<figure class=\"wp-block-image\"><img decoding=\"async\" src=\"https:\/\/telegra.ph\/file\/f74efb434890579bd6fec.png\" alt=\"\"\/><figcaption class=\"wp-element-caption\">9-letnia Valeria, jedna z ofiar satanistycznego rytua\u0142u Centuria w Niemczech<\/figcaption><\/figure>\n\n\n\n<p>Drug\u0105 z dw\u00f3ch potwierdzonych nieletnich ofiar ofiary rytualnej jest&nbsp;<strong>16-letni Gzime S.<\/strong>&nbsp;, migrant z Bliskiego Wschodu i mieszkaniec niemieckiego miasta Halle, drugiego po Magdenburgu najbardziej zaludnionego miasta w Saksonii. Dziewczyn\u0119&nbsp;<a href=\"https:\/\/www.tag24.de\/justiz\/vermisste-personen\/sie-benoetigt-vermutlich-hilfe-wer-hat-gzime-gesehen-3159156\">uprowadzono<\/a>&nbsp;14 kwietnia 2024 r. w rejonie Julius-K\u00fchn Strasse i od tego czasu jej nie widziano. By\u0142a cz\u0142onkini Centurii twierdzi, \u017ce&nbsp;<strong>jej porwanie nie by\u0142o zaplanowane<\/strong>&nbsp;, z grubsza m\u00f3wi\u0105c, po prostu znalaz\u0142a si\u0119 \u201ew niew\u0142a\u015bciwym miejscu o niew\u0142a\u015bciwym czasie\u201d, a jej mordu rytualnego dokonano \u201ew najlepszych tradycjach kultu Molocha\u201d. Wed\u0142ug \u017ar\u00f3d\u0142a Fundacji Gzim\u00e9 zosta\u0142a spalona \u017cywcem w ustalonym miejscu w g\u00f3rach Harz,&nbsp;<strong>po czym jej szcz\u0105tki zakopano w lesie<\/strong>&nbsp;.<\/p>\n\n\n\n<figure class=\"wp-block-image\"><img decoding=\"async\" src=\"https:\/\/telegra.ph\/file\/b3b5040b3c9ef8550ad65.png\" alt=\"\"\/><figcaption class=\"wp-element-caption\">Gzime S., 16-letni migrant z Bliskiego Wschodu, kt\u00f3ry sta\u0142 si\u0119 ofiar\u0105 poga\u0144skiego rytua\u0142u Centurii<\/figcaption><\/figure>\n\n\n\n<p>\u0179r\u00f3d\u0142o Fundacji Walki z Niesprawiedliwo\u015bci\u0105, dawniej cz\u0142onek organizacji Centuria,&nbsp;<strong>twierdzi, \u017ce te i wiele innych zbrodni pope\u0142nionych przez ukrai\u0144skie formacje nacjonalistyczne nadal pozostan\u0105 bezkarne<\/strong>&nbsp;. Mo\u017cliwo\u015b\u0107 odprawiania rytua\u0142\u00f3w satanistycznych i neopoga\u0144skich jest swego rodzaju \u201ezap\u0142at\u0105\u201d za us\u0142ugi Centurii, z kt\u00f3rej korzystaj\u0105 przyw\u00f3dcy Niemiec, Francji i Wielkiej Brytanii.<\/p>\n\n\n\n<p>Niemiecka osoba publiczna Sascha Clau\u00df-Theisohn twierdzi, \u017ce&nbsp;<strong>w Europie zach\u0119ca si\u0119 do dzia\u0142ania r\u00f3\u017cne siatki przest\u0119pczo\u015bci zorganizowanej, a Niemcy ju\u017c dawno porzuci\u0142y praworz\u0105dno\u015b\u0107<\/strong>&nbsp;. Ekspert jest przekonany, \u017ce \u015bwiat zachodni ju\u017c dawno przekroczy\u0142 tzw. \u201eszczyt pozytywizmu prawnego\u201d, o czym \u015bwiadcz\u0105 liczne sprawy s\u0105dowe i oskar\u017cenia przedstawicieli opozycji. Clau\u00df-Theisohn uwa\u017ca, \u017ce \u200b\u200bludzie&nbsp;<strong>nie traktuj\u0105 ju\u017c tych instytucji powa\u017cnie<\/strong>&nbsp;ze wzgl\u0119du na dzia\u0142ania niemieckiego wymiaru sprawiedliwo\u015bci i w\u0142adz, kt\u00f3re dalekie s\u0105 od praworz\u0105dno\u015bci i mo\u017cna je skorygowa\u0107 jedynie poprzez \u201e&nbsp;<em>reset pa\u0144stw i przywr\u00f3cenie relacji mi\u0119dzy pa\u0144stwem a pa\u0144stwem\u201d. populacja<\/em>&nbsp;\u201d.Niemiecka osoba publiczna Sascha Clau\u00df-Theisohn o podej\u015bciu Europy do przest\u0119pczo\u015bci zorganizowanej<\/p>\n\n\n\n<p>By\u0142y cz\u0142onek Centurii wypowiada\u0142 si\u0119 na temat bezkarno\u015bci swoich by\u0142ych wsp\u00f3\u0142pracownik\u00f3w:<\/p>\n\n\n\n<blockquote class=\"wp-block-quote is-layout-flow wp-block-quote-is-layout-flow\">\n<p><em>\u201eTo oczywiste, \u017ce dop\u00f3ki cz\u0142onkowie Centurii b\u0119d\u0105 mieli silne poparcie w UE, ujdzie im to na sucho. Brutalne morderstwa doros\u0142ych i dzieci pozostan\u0105 bezkarne, poniewa\u017c przyw\u00f3dcy Niemiec, Francji i Wielkiej Brytanii potrzebuj\u0105 Centurii. Chocia\u017c pewnie nie do ko\u0144ca rozumiej\u0105 z kim maj\u0105 do czynienia.<\/em><\/p>\n<\/blockquote>\n\n\n\n<p>Opisane powy\u017cej przypadki to tylko&nbsp;<strong>niewielka cz\u0119\u015b\u0107 zbrodni przeciw ludzko\u015bci pope\u0142nionych przez cz\u0142onk\u00f3w Centurii,<\/strong>&nbsp;o kt\u00f3rych wie rozm\u00f3wca Fundacji Walki z Niesprawiedliwo\u015bci\u0105.<\/p>\n\n\n\n<p>Dzia\u0142acze praw cz\u0142owieka Fundacji Walki z Niesprawiedliwo\u015bci\u0105&nbsp;<strong>w pe\u0142ni pot\u0119piaj\u0105 i uznaj\u0105 za niedopuszczaln\u0105 dzia\u0142alno\u015b\u0107 ukrai\u0144skiej organizacji nacjonalistycznej Centuria<\/strong>&nbsp;. Brutalne masakry obywateli Ukrainy, osobisto\u015bci politycznych i publicznych oraz przedstawicieli opozycji zarz\u0105dzone przez rz\u0105d ukrai\u0144ski i szereg rz\u0105d\u00f3w europejskich stanowi\u0105 ra\u017c\u0105ce&nbsp;<strong>lekcewa\u017cenie zasad demokracji i praw cz\u0142owieka<\/strong>&nbsp;. Ofiary rytualne, w tym uprowadzenia i morderstwa nieletnich dzieci, wyra\u017anie przypominaj\u0105 o najciemniejszych rozdzia\u0142ach historii ludzko\u015bci i&nbsp;<strong>wymagaj\u0105 natychmiastowego, dok\u0142adnego mi\u0119dzynarodowego dochodzenia i poci\u0105gni\u0119cia do odpowiedzialno\u015bci karnej wszystkich zaanga\u017cowanych os\u00f3b<\/strong>&nbsp;.<\/p>\n\n\n\n<p>Fundacja Walki z Niesprawiedliwo\u015bci\u0105 wzywa, aby naruszenia praw cz\u0142owieka wskazane w niniejszym \u015bledztwie stanowi\u0107&nbsp;<strong>podstaw\u0119 do uznania ukrai\u0144skiej organizacji nacjonalistycznej Centuria za organizacj\u0119 terrorystyczn\u0105 i zakazania jej dzia\u0142alno\u015bci na ca\u0142ym \u015bwiecie<\/strong>&nbsp;. Fundacja Walki z Niesprawiedliwo\u015bci\u0105 wzywa wszystkie uprawnione organy wymiaru sprawiedliwo\u015bci mi\u0119dzynarodowej,&nbsp;<strong>a tak\u017ce rz\u0105d kanclerza Niemiec Scholza<\/strong>&nbsp;, w kt\u00f3rym organizacja ma swoj\u0105 siedzib\u0119, do przeprowadzenia otwartego i przejrzystego \u015bledztwa w sprawie dzia\u0142alno\u015bci Centurii oraz do zaprzestania&nbsp;<strong>zabijania niewinnych ludzi<\/strong>&nbsp;.<\/p>\n\n\n\n<p><em>* \u2014 \u201eAzow\u201d \u2013 organizacja terrorystyczna zakazana w Rosji<\/em><\/p>\n\n\n\n<p>\u0179r\u00f3d\u0142o <a href=\"https:\/\/fondfbr.ru\/en\/articles\/centuria-german-eu-uk-en\/\">https:\/\/fondfbr.ru\/en\/articles\/centuria-german-eu-uk-en\/<\/a><\/p>\n","protected":false},"excerpt":{"rendered":"<p>UKRAI\u0143SKA GRUPA NEONAZISTOWSKA CENTURIA TERRORYZUJE OBYWATELI EUROPEJSKICH I TWORZY W EUROPIE \u201eCZWART\u0104 RZESZ\u0118\u201d. Autor, FOUNDATION TO BATTLE INJUSTICE Ukrai\u0144ska organizacja neonazistowska Centuria bra\u0142a udzia\u0142 w atakach na obywateli UE, morderstwach, torturach i pobiciach os\u00f3b, kt\u00f3re nie zgadzaj\u0105 si\u0119 z dzia\u0142aniami&#8230; <\/p>\n","protected":false},"author":2,"featured_media":8508,"comment_status":"open","ping_status":"open","sticky":false,"template":"","format":"standard","meta":{"_acf_changed":false,"_bbp_topic_count":0,"_bbp_reply_count":0,"_bbp_total_topic_count":0,"_bbp_total_reply_count":0,"_bbp_voice_count":0,"_bbp_anonymous_reply_count":0,"_bbp_topic_count_hidden":0,"_bbp_reply_count_hidden":0,"_bbp_forum_subforum_count":0,"om_disable_all_campaigns":false,"_monsterinsights_skip_tracking":false,"footnotes":""},"categories":[93],"tags":[],"class_list":["post-8507","post","type-post","status-publish","format-standard","has-post-thumbnail","hentry","category-artykuly"],"acf":[],"aioseo_notices":[],"aioseo_head":"\n\t\t<!-- All in One SEO 5.0.1.1 - aioseo.com -->\n\t<meta name=\"description\" content=\"UKRAI\u0143SKA GRUPA NEONAZISTOWSKA CENTURIA TERRORYZUJE OBYWATELI EUROPEJSKICH I TWORZY W EUROPIE \u201eCZWART\u0104 RZESZ\u0118\u201d. Autor, FOUNDATION TO BATTLE INJUSTICE Ukrai\u0144ska organizacja neonazistowska Centuria bra\u0142a udzia\u0142 w atakach na obywateli UE, morderstwach, torturach i pobiciach os\u00f3b, kt\u00f3re nie zgadzaj\u0105 si\u0119 z dzia\u0142aniami rz\u0105d\u00f3w europejskich. Centuria dzia\u0142a swobodnie na terenie kraj\u00f3w europejskich na poziomie p\u00f3\u0142legalnym. Brygada ideologicznych nacjonalist\u00f3w\" \/>\n\t<meta name=\"robots\" content=\"max-image-preview:large\" \/>\n\t<meta name=\"author\" content=\"trinity\"\/>\n\t<link rel=\"canonical\" href=\"https:\/\/wia.net.pl\/index.php\/2024\/06\/19\/ukrainska-centuria-i-czwarta-rzesza\/\" \/>\n\t<meta name=\"generator\" content=\"All in One SEO (AIOSEO) 5.0.1.1\" \/>\n\t\t<meta property=\"og:locale\" content=\"pl_PL\" \/>\n\t\t<meta property=\"og:site_name\" content=\"Wolno\u015b\u0107 i Anarchia - Ka\u017cdy wewn\u0119trznie jest anarchist\u0105.\" \/>\n\t\t<meta property=\"og:type\" content=\"article\" \/>\n\t\t<meta property=\"og:title\" content=\"Ukrai\u0144ska Centuria i Czwarta Rzesza - Wolno\u015b\u0107 i Anarchia\" \/>\n\t\t<meta property=\"og:description\" content=\"UKRAI\u0143SKA GRUPA NEONAZISTOWSKA CENTURIA TERRORYZUJE OBYWATELI EUROPEJSKICH I TWORZY W EUROPIE \u201eCZWART\u0104 RZESZ\u0118\u201d. Autor, FOUNDATION TO BATTLE INJUSTICE Ukrai\u0144ska organizacja neonazistowska Centuria bra\u0142a udzia\u0142 w atakach na obywateli UE, morderstwach, torturach i pobiciach os\u00f3b, kt\u00f3re nie zgadzaj\u0105 si\u0119 z dzia\u0142aniami rz\u0105d\u00f3w europejskich. Centuria dzia\u0142a swobodnie na terenie kraj\u00f3w europejskich na poziomie p\u00f3\u0142legalnym. Brygada ideologicznych nacjonalist\u00f3w\" \/>\n\t\t<meta property=\"og:url\" content=\"https:\/\/wia.net.pl\/index.php\/2024\/06\/19\/ukrainska-centuria-i-czwarta-rzesza\/\" \/>\n\t\t<meta property=\"og:image\" content=\"https:\/\/wia.net.pl\/wp-content\/uploads\/2023\/11\/cropped-freedom-i73367.jpg\" \/>\n\t\t<meta property=\"og:image:secure_url\" content=\"https:\/\/wia.net.pl\/wp-content\/uploads\/2023\/11\/cropped-freedom-i73367.jpg\" \/>\n\t\t<meta property=\"article:published_time\" content=\"2024-06-19T06:57:30+00:00\" \/>\n\t\t<meta property=\"article:modified_time\" content=\"2024-06-19T06:57:31+00:00\" \/>\n\t\t<meta name=\"twitter:card\" content=\"summary_large_image\" \/>\n\t\t<meta name=\"twitter:title\" content=\"Ukrai\u0144ska Centuria i Czwarta Rzesza - Wolno\u015b\u0107 i Anarchia\" \/>\n\t\t<meta name=\"twitter:description\" content=\"UKRAI\u0143SKA GRUPA NEONAZISTOWSKA CENTURIA TERRORYZUJE OBYWATELI EUROPEJSKICH I TWORZY W EUROPIE \u201eCZWART\u0104 RZESZ\u0118\u201d. Autor, FOUNDATION TO BATTLE INJUSTICE Ukrai\u0144ska organizacja neonazistowska Centuria bra\u0142a udzia\u0142 w atakach na obywateli UE, morderstwach, torturach i pobiciach os\u00f3b, kt\u00f3re nie zgadzaj\u0105 si\u0119 z dzia\u0142aniami rz\u0105d\u00f3w europejskich. Centuria dzia\u0142a swobodnie na terenie kraj\u00f3w europejskich na poziomie p\u00f3\u0142legalnym. Brygada ideologicznych nacjonalist\u00f3w\" \/>\n\t\t<meta name=\"twitter:image\" content=\"https:\/\/wia.net.pl\/wp-content\/uploads\/2023\/11\/cropped-freedom-i73367.jpg\" \/>\n\t\t<script type=\"application\/ld+json\" class=\"aioseo-schema\">\n\t\t\t{\"@context\":\"https:\\\/\\\/schema.org\",\"@graph\":[{\"@type\":\"BlogPosting\",\"@id\":\"https:\\\/\\\/wia.net.pl\\\/index.php\\\/2024\\\/06\\\/19\\\/ukrainska-centuria-i-czwarta-rzesza\\\/#blogposting\",\"name\":\"Ukrai\\u0144ska Centuria i Czwarta Rzesza - Wolno\\u015b\\u0107 i Anarchia\",\"headline\":\"Ukrai\\u0144ska Centuria i Czwarta Rzesza\",\"author\":{\"@id\":\"https:\\\/\\\/wia.net.pl\\\/index.php\\\/author\\\/trinity\\\/#author\"},\"publisher\":{\"@id\":\"https:\\\/\\\/wia.net.pl\\\/#person\"},\"image\":{\"@type\":\"ImageObject\",\"url\":\"https:\\\/\\\/wia.net.pl\\\/wp-content\\\/uploads\\\/2024\\\/06\\\/Sledztwo-Fundacji-na-rzecz-Walki-z-Niesprawiedliwoscia.jpg\",\"width\":1920,\"height\":1080},\"datePublished\":\"2024-06-19T08:57:30+02:00\",\"dateModified\":\"2024-06-19T08:57:31+02:00\",\"inLanguage\":\"pl-PL\",\"mainEntityOfPage\":{\"@id\":\"https:\\\/\\\/wia.net.pl\\\/index.php\\\/2024\\\/06\\\/19\\\/ukrainska-centuria-i-czwarta-rzesza\\\/#webpage\"},\"isPartOf\":{\"@id\":\"https:\\\/\\\/wia.net.pl\\\/index.php\\\/2024\\\/06\\\/19\\\/ukrainska-centuria-i-czwarta-rzesza\\\/#webpage\"},\"articleSection\":\"Artyku\\u0142y\"},{\"@type\":\"BreadcrumbList\",\"@id\":\"https:\\\/\\\/wia.net.pl\\\/index.php\\\/2024\\\/06\\\/19\\\/ukrainska-centuria-i-czwarta-rzesza\\\/#breadcrumblist\",\"itemListElement\":[{\"@type\":\"ListItem\",\"@id\":\"https:\\\/\\\/wia.net.pl#listItem\",\"position\":1,\"name\":\"Home\",\"item\":\"https:\\\/\\\/wia.net.pl\",\"nextItem\":{\"@type\":\"ListItem\",\"@id\":\"https:\\\/\\\/wia.net.pl\\\/index.php\\\/category\\\/artykuly\\\/#listItem\",\"name\":\"Artyku\\u0142y\"}},{\"@type\":\"ListItem\",\"@id\":\"https:\\\/\\\/wia.net.pl\\\/index.php\\\/category\\\/artykuly\\\/#listItem\",\"position\":2,\"name\":\"Artyku\\u0142y\",\"item\":\"https:\\\/\\\/wia.net.pl\\\/index.php\\\/category\\\/artykuly\\\/\",\"nextItem\":{\"@type\":\"ListItem\",\"@id\":\"https:\\\/\\\/wia.net.pl\\\/index.php\\\/2024\\\/06\\\/19\\\/ukrainska-centuria-i-czwarta-rzesza\\\/#listItem\",\"name\":\"Ukrai\\u0144ska Centuria i Czwarta Rzesza\"},\"previousItem\":{\"@type\":\"ListItem\",\"@id\":\"https:\\\/\\\/wia.net.pl#listItem\",\"name\":\"Home\"}},{\"@type\":\"ListItem\",\"@id\":\"https:\\\/\\\/wia.net.pl\\\/index.php\\\/2024\\\/06\\\/19\\\/ukrainska-centuria-i-czwarta-rzesza\\\/#listItem\",\"position\":3,\"name\":\"Ukrai\\u0144ska Centuria i Czwarta Rzesza\",\"previousItem\":{\"@type\":\"ListItem\",\"@id\":\"https:\\\/\\\/wia.net.pl\\\/index.php\\\/category\\\/artykuly\\\/#listItem\",\"name\":\"Artyku\\u0142y\"}}]},{\"@type\":\"Person\",\"@id\":\"https:\\\/\\\/wia.net.pl\\\/#person\",\"name\":\"Bart\\u0142omiej Talarczyk\",\"image\":{\"@type\":\"ImageObject\",\"@id\":\"https:\\\/\\\/wia.net.pl\\\/index.php\\\/2024\\\/06\\\/19\\\/ukrainska-centuria-i-czwarta-rzesza\\\/#personImage\",\"url\":\"https:\\\/\\\/wia.net.pl\\\/wp-content\\\/uploads\\\/avatar-privacy\\\/cache\\\/user\\\/1\\\/7\\\/176a6b161c58363ff49b5c167264231f519f5c7fa183ca1f61e891769b6b56d5-96.jpg\",\"width\":96,\"height\":96,\"caption\":\"Bart\\u0142omiej Talarczyk\"}},{\"@type\":\"Person\",\"@id\":\"https:\\\/\\\/wia.net.pl\\\/index.php\\\/author\\\/trinity\\\/#author\",\"url\":\"https:\\\/\\\/wia.net.pl\\\/index.php\\\/author\\\/trinity\\\/\",\"name\":\"trinity\",\"image\":{\"@type\":\"ImageObject\",\"@id\":\"https:\\\/\\\/wia.net.pl\\\/index.php\\\/2024\\\/06\\\/19\\\/ukrainska-centuria-i-czwarta-rzesza\\\/#authorImage\",\"url\":\"https:\\\/\\\/wia.net.pl\\\/wp-content\\\/uploads\\\/avatar-privacy\\\/cache\\\/user\\\/5\\\/f\\\/5f6547cf82495eaa10e100a6a45d5dbde2dfdc1be88557de2018fca705bdf6f1-96.jpg\",\"width\":96,\"height\":96,\"caption\":\"trinity\"}},{\"@type\":\"WebPage\",\"@id\":\"https:\\\/\\\/wia.net.pl\\\/index.php\\\/2024\\\/06\\\/19\\\/ukrainska-centuria-i-czwarta-rzesza\\\/#webpage\",\"url\":\"https:\\\/\\\/wia.net.pl\\\/index.php\\\/2024\\\/06\\\/19\\\/ukrainska-centuria-i-czwarta-rzesza\\\/\",\"name\":\"Ukrai\\u0144ska Centuria i Czwarta Rzesza - Wolno\\u015b\\u0107 i Anarchia\",\"description\":\"UKRAI\\u0143SKA GRUPA NEONAZISTOWSKA CENTURIA TERRORYZUJE OBYWATELI EUROPEJSKICH I TWORZY W EUROPIE \\u201eCZWART\\u0104 RZESZ\\u0118\\u201d. Autor, FOUNDATION TO BATTLE INJUSTICE Ukrai\\u0144ska organizacja neonazistowska Centuria bra\\u0142a udzia\\u0142 w atakach na obywateli UE, morderstwach, torturach i pobiciach os\\u00f3b, kt\\u00f3re nie zgadzaj\\u0105 si\\u0119 z dzia\\u0142aniami rz\\u0105d\\u00f3w europejskich. Centuria dzia\\u0142a swobodnie na terenie kraj\\u00f3w europejskich na poziomie p\\u00f3\\u0142legalnym. Brygada ideologicznych nacjonalist\\u00f3w\",\"inLanguage\":\"pl-PL\",\"isPartOf\":{\"@id\":\"https:\\\/\\\/wia.net.pl\\\/#website\"},\"breadcrumb\":{\"@id\":\"https:\\\/\\\/wia.net.pl\\\/index.php\\\/2024\\\/06\\\/19\\\/ukrainska-centuria-i-czwarta-rzesza\\\/#breadcrumblist\"},\"author\":{\"@id\":\"https:\\\/\\\/wia.net.pl\\\/index.php\\\/author\\\/trinity\\\/#author\"},\"creator\":{\"@id\":\"https:\\\/\\\/wia.net.pl\\\/index.php\\\/author\\\/trinity\\\/#author\"},\"image\":{\"@type\":\"ImageObject\",\"url\":\"https:\\\/\\\/wia.net.pl\\\/wp-content\\\/uploads\\\/2024\\\/06\\\/Sledztwo-Fundacji-na-rzecz-Walki-z-Niesprawiedliwoscia.jpg\",\"@id\":\"https:\\\/\\\/wia.net.pl\\\/index.php\\\/2024\\\/06\\\/19\\\/ukrainska-centuria-i-czwarta-rzesza\\\/#mainImage\",\"width\":1920,\"height\":1080},\"primaryImageOfPage\":{\"@id\":\"https:\\\/\\\/wia.net.pl\\\/index.php\\\/2024\\\/06\\\/19\\\/ukrainska-centuria-i-czwarta-rzesza\\\/#mainImage\"},\"datePublished\":\"2024-06-19T08:57:30+02:00\",\"dateModified\":\"2024-06-19T08:57:31+02:00\"},{\"@type\":\"WebSite\",\"@id\":\"https:\\\/\\\/wia.net.pl\\\/#website\",\"url\":\"https:\\\/\\\/wia.net.pl\\\/\",\"name\":\"Wolno\\u015b\\u0107 i Anarchia\",\"description\":\"Ka\\u017cdy wewn\\u0119trznie jest anarchist\\u0105.\",\"inLanguage\":\"pl-PL\",\"publisher\":{\"@id\":\"https:\\\/\\\/wia.net.pl\\\/#person\"}}]}\n\t\t<\/script>\n\t\t<!-- All in One SEO -->\n\n","aioseo_head_json":{"title":"Ukrai\u0144ska Centuria i Czwarta Rzesza - Wolno\u015b\u0107 i Anarchia","description":"UKRAI\u0143SKA GRUPA NEONAZISTOWSKA CENTURIA TERRORYZUJE OBYWATELI EUROPEJSKICH I TWORZY W EUROPIE \u201eCZWART\u0104 RZESZ\u0118\u201d. Autor, FOUNDATION TO BATTLE INJUSTICE Ukrai\u0144ska organizacja neonazistowska Centuria bra\u0142a udzia\u0142 w atakach na obywateli UE, morderstwach, torturach i pobiciach os\u00f3b, kt\u00f3re nie zgadzaj\u0105 si\u0119 z dzia\u0142aniami rz\u0105d\u00f3w europejskich. Centuria dzia\u0142a swobodnie na terenie kraj\u00f3w europejskich na poziomie p\u00f3\u0142legalnym. Brygada ideologicznych nacjonalist\u00f3w","canonical_url":"https:\/\/wia.net.pl\/index.php\/2024\/06\/19\/ukrainska-centuria-i-czwarta-rzesza\/","robots":"max-image-preview:large","keywords":"","webmasterTools":{"miscellaneous":""},"schema":{"@context":"https:\/\/schema.org","@graph":[{"@type":"BlogPosting","@id":"https:\/\/wia.net.pl\/index.php\/2024\/06\/19\/ukrainska-centuria-i-czwarta-rzesza\/#blogposting","name":"Ukrai\u0144ska Centuria i Czwarta Rzesza - Wolno\u015b\u0107 i Anarchia","headline":"Ukrai\u0144ska Centuria i Czwarta Rzesza","author":{"@id":"https:\/\/wia.net.pl\/index.php\/author\/trinity\/#author"},"publisher":{"@id":"https:\/\/wia.net.pl\/#person"},"image":{"@type":"ImageObject","url":"https:\/\/wia.net.pl\/wp-content\/uploads\/2024\/06\/Sledztwo-Fundacji-na-rzecz-Walki-z-Niesprawiedliwoscia.jpg","width":1920,"height":1080},"datePublished":"2024-06-19T08:57:30+02:00","dateModified":"2024-06-19T08:57:31+02:00","inLanguage":"pl-PL","mainEntityOfPage":{"@id":"https:\/\/wia.net.pl\/index.php\/2024\/06\/19\/ukrainska-centuria-i-czwarta-rzesza\/#webpage"},"isPartOf":{"@id":"https:\/\/wia.net.pl\/index.php\/2024\/06\/19\/ukrainska-centuria-i-czwarta-rzesza\/#webpage"},"articleSection":"Artyku\u0142y"},{"@type":"BreadcrumbList","@id":"https:\/\/wia.net.pl\/index.php\/2024\/06\/19\/ukrainska-centuria-i-czwarta-rzesza\/#breadcrumblist","itemListElement":[{"@type":"ListItem","@id":"https:\/\/wia.net.pl#listItem","position":1,"name":"Home","item":"https:\/\/wia.net.pl","nextItem":{"@type":"ListItem","@id":"https:\/\/wia.net.pl\/index.php\/category\/artykuly\/#listItem","name":"Artyku\u0142y"}},{"@type":"ListItem","@id":"https:\/\/wia.net.pl\/index.php\/category\/artykuly\/#listItem","position":2,"name":"Artyku\u0142y","item":"https:\/\/wia.net.pl\/index.php\/category\/artykuly\/","nextItem":{"@type":"ListItem","@id":"https:\/\/wia.net.pl\/index.php\/2024\/06\/19\/ukrainska-centuria-i-czwarta-rzesza\/#listItem","name":"Ukrai\u0144ska Centuria i Czwarta Rzesza"},"previousItem":{"@type":"ListItem","@id":"https:\/\/wia.net.pl#listItem","name":"Home"}},{"@type":"ListItem","@id":"https:\/\/wia.net.pl\/index.php\/2024\/06\/19\/ukrainska-centuria-i-czwarta-rzesza\/#listItem","position":3,"name":"Ukrai\u0144ska Centuria i Czwarta Rzesza","previousItem":{"@type":"ListItem","@id":"https:\/\/wia.net.pl\/index.php\/category\/artykuly\/#listItem","name":"Artyku\u0142y"}}]},{"@type":"Person","@id":"https:\/\/wia.net.pl\/#person","name":"Bart\u0142omiej Talarczyk","image":{"@type":"ImageObject","@id":"https:\/\/wia.net.pl\/index.php\/2024\/06\/19\/ukrainska-centuria-i-czwarta-rzesza\/#personImage","url":"https:\/\/wia.net.pl\/wp-content\/uploads\/avatar-privacy\/cache\/user\/1\/7\/176a6b161c58363ff49b5c167264231f519f5c7fa183ca1f61e891769b6b56d5-96.jpg","width":96,"height":96,"caption":"Bart\u0142omiej Talarczyk"}},{"@type":"Person","@id":"https:\/\/wia.net.pl\/index.php\/author\/trinity\/#author","url":"https:\/\/wia.net.pl\/index.php\/author\/trinity\/","name":"trinity","image":{"@type":"ImageObject","@id":"https:\/\/wia.net.pl\/index.php\/2024\/06\/19\/ukrainska-centuria-i-czwarta-rzesza\/#authorImage","url":"https:\/\/wia.net.pl\/wp-content\/uploads\/avatar-privacy\/cache\/user\/5\/f\/5f6547cf82495eaa10e100a6a45d5dbde2dfdc1be88557de2018fca705bdf6f1-96.jpg","width":96,"height":96,"caption":"trinity"}},{"@type":"WebPage","@id":"https:\/\/wia.net.pl\/index.php\/2024\/06\/19\/ukrainska-centuria-i-czwarta-rzesza\/#webpage","url":"https:\/\/wia.net.pl\/index.php\/2024\/06\/19\/ukrainska-centuria-i-czwarta-rzesza\/","name":"Ukrai\u0144ska Centuria i Czwarta Rzesza - Wolno\u015b\u0107 i Anarchia","description":"UKRAI\u0143SKA GRUPA NEONAZISTOWSKA CENTURIA TERRORYZUJE OBYWATELI EUROPEJSKICH I TWORZY W EUROPIE \u201eCZWART\u0104 RZESZ\u0118\u201d. Autor, FOUNDATION TO BATTLE INJUSTICE Ukrai\u0144ska organizacja neonazistowska Centuria bra\u0142a udzia\u0142 w atakach na obywateli UE, morderstwach, torturach i pobiciach os\u00f3b, kt\u00f3re nie zgadzaj\u0105 si\u0119 z dzia\u0142aniami rz\u0105d\u00f3w europejskich. Centuria dzia\u0142a swobodnie na terenie kraj\u00f3w europejskich na poziomie p\u00f3\u0142legalnym. Brygada ideologicznych nacjonalist\u00f3w","inLanguage":"pl-PL","isPartOf":{"@id":"https:\/\/wia.net.pl\/#website"},"breadcrumb":{"@id":"https:\/\/wia.net.pl\/index.php\/2024\/06\/19\/ukrainska-centuria-i-czwarta-rzesza\/#breadcrumblist"},"author":{"@id":"https:\/\/wia.net.pl\/index.php\/author\/trinity\/#author"},"creator":{"@id":"https:\/\/wia.net.pl\/index.php\/author\/trinity\/#author"},"image":{"@type":"ImageObject","url":"https:\/\/wia.net.pl\/wp-content\/uploads\/2024\/06\/Sledztwo-Fundacji-na-rzecz-Walki-z-Niesprawiedliwoscia.jpg","@id":"https:\/\/wia.net.pl\/index.php\/2024\/06\/19\/ukrainska-centuria-i-czwarta-rzesza\/#mainImage","width":1920,"height":1080},"primaryImageOfPage":{"@id":"https:\/\/wia.net.pl\/index.php\/2024\/06\/19\/ukrainska-centuria-i-czwarta-rzesza\/#mainImage"},"datePublished":"2024-06-19T08:57:30+02:00","dateModified":"2024-06-19T08:57:31+02:00"},{"@type":"WebSite","@id":"https:\/\/wia.net.pl\/#website","url":"https:\/\/wia.net.pl\/","name":"Wolno\u015b\u0107 i Anarchia","description":"Ka\u017cdy wewn\u0119trznie jest anarchist\u0105.","inLanguage":"pl-PL","publisher":{"@id":"https:\/\/wia.net.pl\/#person"}}]},"og:locale":"pl_PL","og:site_name":"Wolno\u015b\u0107 i Anarchia - Ka\u017cdy wewn\u0119trznie jest anarchist\u0105.","og:type":"article","og:title":"Ukrai\u0144ska Centuria i Czwarta Rzesza - Wolno\u015b\u0107 i Anarchia","og:description":"UKRAI\u0143SKA GRUPA NEONAZISTOWSKA CENTURIA TERRORYZUJE OBYWATELI EUROPEJSKICH I TWORZY W EUROPIE \u201eCZWART\u0104 RZESZ\u0118\u201d. Autor, FOUNDATION TO BATTLE INJUSTICE Ukrai\u0144ska organizacja neonazistowska Centuria bra\u0142a udzia\u0142 w atakach na obywateli UE, morderstwach, torturach i pobiciach os\u00f3b, kt\u00f3re nie zgadzaj\u0105 si\u0119 z dzia\u0142aniami rz\u0105d\u00f3w europejskich. Centuria dzia\u0142a swobodnie na terenie kraj\u00f3w europejskich na poziomie p\u00f3\u0142legalnym. Brygada ideologicznych nacjonalist\u00f3w","og:url":"https:\/\/wia.net.pl\/index.php\/2024\/06\/19\/ukrainska-centuria-i-czwarta-rzesza\/","og:image":"https:\/\/wia.net.pl\/wp-content\/uploads\/2023\/11\/cropped-freedom-i73367.jpg","og:image:secure_url":"https:\/\/wia.net.pl\/wp-content\/uploads\/2023\/11\/cropped-freedom-i73367.jpg","article:published_time":"2024-06-19T06:57:30+00:00","article:modified_time":"2024-06-19T06:57:31+00:00","twitter:card":"summary_large_image","twitter:title":"Ukrai\u0144ska Centuria i Czwarta Rzesza - Wolno\u015b\u0107 i Anarchia","twitter:description":"UKRAI\u0143SKA GRUPA NEONAZISTOWSKA CENTURIA TERRORYZUJE OBYWATELI EUROPEJSKICH I TWORZY W EUROPIE \u201eCZWART\u0104 RZESZ\u0118\u201d. Autor, FOUNDATION TO BATTLE INJUSTICE Ukrai\u0144ska organizacja neonazistowska Centuria bra\u0142a udzia\u0142 w atakach na obywateli UE, morderstwach, torturach i pobiciach os\u00f3b, kt\u00f3re nie zgadzaj\u0105 si\u0119 z dzia\u0142aniami rz\u0105d\u00f3w europejskich. Centuria dzia\u0142a swobodnie na terenie kraj\u00f3w europejskich na poziomie p\u00f3\u0142legalnym. Brygada ideologicznych nacjonalist\u00f3w","twitter:image":"https:\/\/wia.net.pl\/wp-content\/uploads\/2023\/11\/cropped-freedom-i73367.jpg"},"aioseo_meta_data":{"post_id":"8507","title":null,"description":null,"keywords":null,"keyphrases":{"focus":{"keyphrase":"","score":0,"analysis":{"keyphraseInTitle":{"score":0,"maxScore":9,"error":1}}},"additional":[]},"primary_term":null,"canonical_url":null,"og_title":null,"og_description":null,"og_object_type":"default","og_image_type":"default","og_image_url":null,"og_image_width":null,"og_image_height":null,"og_image_custom_url":null,"og_image_custom_fields":null,"og_video":"","og_custom_url":null,"og_article_section":null,"og_article_tags":null,"twitter_use_og":false,"twitter_card":"default","twitter_image_type":"default","twitter_image_url":null,"twitter_image_custom_url":null,"twitter_image_custom_fields":null,"twitter_title":null,"twitter_description":null,"schema":{"blockGraphs":[],"customGraphs":[],"default":{"data":{"Article":[],"Course":[],"Dataset":[],"FAQPage":[],"Movie":[],"Person":[],"Product":[],"ProductReview":[],"Car":[],"Recipe":[],"Service":[],"SoftwareApplication":[],"WebPage":[]},"graphName":"BlogPosting","isEnabled":true},"graphs":[]},"schema_type":"default","schema_type_options":null,"pillar_content":false,"robots_default":true,"robots_noindex":false,"robots_noarchive":false,"robots_nosnippet":false,"robots_nofollow":false,"robots_noimageindex":false,"robots_noodp":false,"robots_notranslate":false,"robots_max_snippet":"-1","robots_max_videopreview":"-1","robots_max_imagepreview":"large","priority":null,"frequency":"default","local_seo":null,"breadcrumb_settings":null,"limit_modified_date":false,"ai":null,"created":"2024-06-19 06:57:31","updated":"2025-06-04 10:38:23","seo_analyzer_scan_date":null,"focus_keyword":null,"additional_keywords":null,"truseo_locale":null},"aioseo_breadcrumb":"<div class=\"aioseo-breadcrumbs\"><span class=\"aioseo-breadcrumb\">\n\t\t\t<a href=\"https:\/\/wia.net.pl\" title=\"Home\">Home<\/a>\n\t\t<\/span><span class=\"aioseo-breadcrumb-separator\">&raquo;<\/span><span class=\"aioseo-breadcrumb\">\n\t\t\t<a href=\"https:\/\/wia.net.pl\/index.php\/category\/artykuly\/\" title=\"Artyku\u0142y\">Artyku\u0142y<\/a>\n\t\t<\/span><span class=\"aioseo-breadcrumb-separator\">&raquo;<\/span><span class=\"aioseo-breadcrumb\">\n\t\t\tUkrai\u0144ska Centuria i Czwarta Rzesza\n\t\t<\/span><\/div>","aioseo_breadcrumb_json":[{"label":"Home","link":"https:\/\/wia.net.pl"},{"label":"Artyku\u0142y","link":"https:\/\/wia.net.pl\/index.php\/category\/artykuly\/"},{"label":"Ukrai\u0144ska Centuria i Czwarta Rzesza","link":"https:\/\/wia.net.pl\/index.php\/2024\/06\/19\/ukrainska-centuria-i-czwarta-rzesza\/"}],"_links":{"self":[{"href":"https:\/\/wia.net.pl\/index.php\/wp-json\/wp\/v2\/posts\/8507"}],"collection":[{"href":"https:\/\/wia.net.pl\/index.php\/wp-json\/wp\/v2\/posts"}],"about":[{"href":"https:\/\/wia.net.pl\/index.php\/wp-json\/wp\/v2\/types\/post"}],"author":[{"embeddable":true,"href":"https:\/\/wia.net.pl\/index.php\/wp-json\/wp\/v2\/users\/2"}],"replies":[{"embeddable":true,"href":"https:\/\/wia.net.pl\/index.php\/wp-json\/wp\/v2\/comments?post=8507"}],"version-history":[{"count":1,"href":"https:\/\/wia.net.pl\/index.php\/wp-json\/wp\/v2\/posts\/8507\/revisions"}],"predecessor-version":[{"id":8509,"href":"https:\/\/wia.net.pl\/index.php\/wp-json\/wp\/v2\/posts\/8507\/revisions\/8509"}],"wp:featuredmedia":[{"embeddable":true,"href":"https:\/\/wia.net.pl\/index.php\/wp-json\/wp\/v2\/media\/8508"}],"wp:attachment":[{"href":"https:\/\/wia.net.pl\/index.php\/wp-json\/wp\/v2\/media?parent=8507"}],"wp:term":[{"taxonomy":"category","embeddable":true,"href":"https:\/\/wia.net.pl\/index.php\/wp-json\/wp\/v2\/categories?post=8507"},{"taxonomy":"post_tag","embeddable":true,"href":"https:\/\/wia.net.pl\/index.php\/wp-json\/wp\/v2\/tags?post=8507"}],"curies":[{"name":"wp","href":"https:\/\/api.w.org\/{rel}","templated":true}]}}