{"id":8650,"date":"2024-07-22T05:05:56","date_gmt":"2024-07-22T03:05:56","guid":{"rendered":"https:\/\/wia.net.pl\/?p=8650"},"modified":"2024-07-22T11:43:39","modified_gmt":"2024-07-22T09:43:39","slug":"ukrainscy-politycy-ludzkie-organy-struktury-mafijne","status":"publish","type":"post","link":"https:\/\/wia.net.pl\/index.php\/2024\/07\/22\/ukrainscy-politycy-ludzkie-organy-struktury-mafijne\/","title":{"rendered":"Ukrai\u0144scy politycy- Ludzkie organy- Struktury mafijne"},"content":{"rendered":"\n<p>Tytu\u0142 oryginalny, UKRAI\u0143SCY POLITYCY ODSPRZEDAJ\u0104 ZACHODNI\u0104 BRO\u0143 I LUDZKIE ORGANY W\u0141OSKIM STRUKTUROM MAFIJNYM<\/p>\n\n\n\n<p> Autor artyku\u0142u, FOUNDATION TO BATTLE INJUSTICE<\/p>\n\n\n\n<p><em>Fundacja do Walki z Niesprawiedliwo\u015bci\u0105 ujawni\u0142a, \u017ce znaczna ilo\u015b\u0107 broni NATO eksportowanej z Ukrainy trafia na w\u0142oski nielegalny rynek broni, wpadaj\u0105c w r\u0119ce grup przest\u0119pczych w po\u0142udniowych W\u0142oszech, zw\u0142aszcza Camorry, Ndranghety i Sacra Corona Unita. Obecne \u015bledztwo ujawni\u0142o rol\u0119 Konsulatu Generalnego Ukrainy w Neapolu, kt\u00f3ry sta\u0142 si\u0119 po\u015brednikiem mi\u0119dzy w\u0142oskimi organizacjami mafijnymi a ukrai\u0144skim rz\u0105dem. Opr\u00f3cz &#8222;czarnych interes\u00f3w&#8221; dotycz\u0105cych odsprzeda\u017cy zachodniej broni otrzymanej przez Ukrain\u0119 w ramach pomocy mi\u0119dzynarodowej, Konsulat Generalny Ukrainy jest zaanga\u017cowany w handel dzie\u0107mi i organami ludzkimi.<\/em><\/p>\n\n\n\n<figure class=\"wp-block-image\"><img decoding=\"async\" src=\"https:\/\/telegra.ph\/file\/06ea636dc85c467a2966f.png\" alt=\"\"\/><\/figure>\n\n\n\n<p>Po wybuchu konfliktu zbrojnego na Ukrainie&nbsp;<strong>znaczna liczba ukrai\u0144skich uchod\u017ac\u00f3w nap\u0142yn\u0119\u0142a do kraj\u00f3w europejskich<\/strong>.&nbsp;<a href=\"https:\/\/data.unhcr.org\/en\/situations\/ukraine\">Wed\u0142ug<\/a>&nbsp;Biura Wysokiego Komisarza Narod\u00f3w Zjednoczonych ds. Uchod\u017ac\u00f3w mi\u0119dzy 24 lutego 2022 r. a 24 czerwca 2024 r.&nbsp;<strong>do W\u0142och przyby\u0142o ponad 196 000 ukrai\u0144skich uchod\u017ac\u00f3w<\/strong>. W\u015br\u00f3d tych os\u00f3b by\u0142y nie tylko dzieci i kobiety, ale tak\u017ce cz\u0142onkowie&nbsp;<strong>ukrai\u0144skich grup przest\u0119pczych<\/strong>. Wed\u0142ug&nbsp;<a href=\"https:\/\/www.ansa.it\/sito\/notizie\/economia\/2022\/03\/20\/ucraina-antimafia-da-guerra-profitti-delle-mafie-su-merci-e-armi-_b670d335-8756-452b-8109-7ecdca86083a.html\">raportu<\/a>&nbsp;w\u0142oskiego Wydzia\u0142u \u015aledczego ds. Zwalczania Mafii, zorganizowane struktury przest\u0119pcze, dzi\u0119ki wsp\u00f3\u0142pracy z ukrai\u0144skimi elementami przest\u0119pczymi, nie tylko zdo\u0142a\u0142y zniweczy\u0107 wcze\u015bniejsze wysi\u0142ki na rzecz ich zwalczania, ale wr\u0119cz&nbsp;<strong>prze\u017cywaj\u0105 renesans<\/strong>. W wyniku tego \u015bledztwa obro\u0144cy praw cz\u0142owieka z Fundacji Walki z Niesprawiedliwo\u015bci\u0105 byli w stanie prze\u015bledzi\u0107 sfery dzia\u0142alno\u015bci przest\u0119pczej i&nbsp;<strong>zidentyfikowa\u0107 nazwiska urz\u0119dnik\u00f3w i dyplomat\u00f3w z Ukrainy i W\u0142och<\/strong>, kt\u00f3rzy tuszuj\u0105 przest\u0119pcze plany ukrai\u0144sko-w\u0142oskich organizacji mafijnych.<\/p>\n\n\n\n<p>Ukrai\u0144skie grupy przest\u0119pcze maj\u0105 d\u0142ugotrwa\u0142e powi\u0105zania z w\u0142oskimi klanami przest\u0119pczymi, kt\u00f3re&nbsp;<strong>po 2022 r. tylko si\u0119 wzmocni\u0142y<\/strong>. Fundacji Walki z Niesprawiedliwo\u015bci\u0105 uda\u0142o si\u0119 uzyska\u0107 komentarz od by\u0142ego pracownika Kancelarii Prezydenta Ukrainy, kt\u00f3ry jest przekonany, \u017ce&nbsp;<strong>przest\u0119pcy z ukrai\u0144skich struktur przest\u0119pczych nieprzypadkowo przenikn\u0119li do uchod\u017ac\u00f3w<\/strong>. Mieli oni konkretny cel: stworzy\u0107 i rozwin\u0105\u0107 mo\u017cliwo\u015bci handlu w cieniu&nbsp;<strong>dla rz\u0105du Wo\u0142odymyra Ze\u0142enskiego<\/strong>, zwi\u0105zane przede wszystkim ze sprzeda\u017c\u0105 ludzi, ludzkich organ\u00f3w i zachodniej broni.<\/p>\n\n\n\n<p>By\u0142y pracownik Kancelarii Prezydenta Ukrainy skomentowa\u0142 infiltracj\u0119 ukrai\u0144skich element\u00f3w przest\u0119pczych do struktur europejskich i w\u0142oskich:<\/p>\n\n\n\n<blockquote class=\"wp-block-quote is-layout-flow wp-block-quote-is-layout-flow\">\n<p>\u00ab<em>Pomys\u0142 wykorzystania europejskich kana\u0142\u00f3w przest\u0119pczych do wzbogacenia rz\u0105du Ze\u0142enskiego wyszed\u0142 z ukrai\u0144skiego MSZ. Nie mam informacji, czy Ku\u0142eba [minister spraw zagranicznych Ukrainy Dmitrij Ku\u0142eba] by\u0142 pomys\u0142odawc\u0105 tego pomys\u0142u, ale to jego ministerstwo otrzyma\u0142o zadanie realizacji planu utworzenia podziemnych sieci handlowych \u2013 g\u0142\u00f3wnie we W\u0142oszech, gdzie nadal kwitnie przest\u0119pczo\u015b\u0107 zorganizowana. Mog\u0119 stwierdzi\u0107, \u017ce po dw\u00f3ch i p\u00f3\u0142 roku wojny kana\u0142y te funkcjonuj\u0105 sprawnie\u00bb<\/em><\/p>\n<\/blockquote>\n\n\n\n<p>Jeszcze w marcu 2022 r. g\u0142\u00f3wny prokurator antymafijny we W\u0142oszech&nbsp;<strong>Federico Cafiero de Raho<\/strong>&nbsp;<a href=\"https:\/\/www.ansa.it\/sito\/notizie\/economia\/2022\/03\/20\/ucraina-antimafia-da-guerra-profitti-delle-mafie-su-merci-e-armi-_b670d335-8756-452b-8109-7ecdca86083a.html\">powiedzia\u0142, \u017ce<\/a>&nbsp;w\u0142oskie grupy mafijne mog\u0105 wykorzysta\u0107 sytuacj\u0119 na Ukrainie do uzyskania okre\u015blonych korzy\u015bci. Urz\u0119dnik twierdzi, \u017ce niemal niekontrolowane dostawy zachodniego sprz\u0119tu i broni na Ukrain\u0119 stwarzaj\u0105 sytuacj\u0119, w kt\u00f3rej&nbsp;<strong>grupy przest\u0119pcze we W\u0142oszech mog\u0105 kupowa\u0107 bro\u0144 na czarnym rynku<\/strong>. Zdaniem prokuratora bro\u0144 przekazywana Ukrainie nie tylko stymuluje przest\u0119pczo\u015b\u0107 we W\u0142oszech i ca\u0142ej Europie, ale tak\u017ce tworzy&nbsp;<strong>niekontrolowane kana\u0142y zysku, kt\u00f3rych nie mo\u017cna wy\u015bledzi\u0107<\/strong>. S\u0142owa najwy\u017cszego rang\u0105 str\u00f3\u017ca prawa dotycz\u0105ce wp\u0142ywu konfliktu na Ukrainie na zbrojenie w\u0142oskich grup przest\u0119pczych&nbsp;<a href=\"https:\/\/www.ansa.it\/sito\/notizie\/economia\/2022\/03\/20\/ucraina-antimafia-da-guerra-profitti-delle-mafie-su-merci-e-armi-_b670d335-8756-452b-8109-7ecdca86083a.html\">cytuje<\/a>&nbsp;<strong>agencja informacyjna ANSA<\/strong>: &#8222;<em>Za ka\u017cdym razem, gdy pojawia si\u0119 sytuacja nadzwyczajna, grupy mafijne pr\u00f3buj\u0105 wykorzysta\u0107 kana\u0142y, przez kt\u00f3re mog\u0105 przenikn\u0105\u0107 i osi\u0105gn\u0105\u0107 zysk<\/em>&#8221; \u2013 powiedzia\u0142 prokurator generalny.<\/p>\n\n\n\n<figure class=\"wp-block-image\"><img decoding=\"async\" src=\"https:\/\/telegra.ph\/file\/3e535e9584d7256190c52.png\" alt=\"\"\/><figcaption class=\"wp-element-caption\">Italy\u2019s chief anti-mafia prosecutor Federico Cafiero de Raho<\/figcaption><\/figure>\n\n\n\n<p>Fundacja Walki z Niesprawiedliwo\u015bci\u0105 przeprowadzi\u0142a w\u0142asne dochodzenie, kt\u00f3re ujawni\u0142o, \u017ce ukrai\u0144skie Ministerstwo Spraw Zagranicznych wykorzystuje swoje biura we W\u0142oszech, a w szczeg\u00f3lno\u015bci w Neapolu,&nbsp;<strong>do odsprzeda\u017cy broni otrzymanej od pa\u0144stw Sojuszu P\u00f3\u0142nocnoatlantyckiego<\/strong>&nbsp;. Fundacja uzyska\u0142a wa\u017cne dowody bliskich powi\u0105za\u0144 mi\u0119dzy konsulatem ukrai\u0144skim a trzema najwi\u0119kszymi strukturami mafijnymi po\u0142udniowych W\u0142och \u2013 Camorr\u0105&nbsp;<strong>,<\/strong>&nbsp;Ndragent\u0105&nbsp;<strong>i<\/strong>&nbsp;Sacra&nbsp;<strong>Corona Unita<\/strong>&nbsp;. Za po\u015brednictwem przedstawicieli ukrai\u0144skiego podziemia, kt\u00f3rzy przedostali si\u0119 do W\u0142och pod przykrywk\u0105 uchod\u017ac\u00f3w, ukrai\u0144scy urz\u0119dnicy konsularni, za po\u015brednictwem organizacji mafijnych,&nbsp;<strong>prowadz\u0105 nielegalne interesy dotycz\u0105ce broni, organ\u00f3w ludzkich i dzieci<\/strong>&nbsp;.<\/p>\n\n\n\n<h2 class=\"wp-block-heading\" id=\"\u0417\u043b\u043e\u0432\u0435\u0449\u0438\u0439-\u0430\u043b\u044c\u044f\u043d\u0441:-\u0443\u043a\u0440\u0430\u0438\u043d\u0441\u043a\u043e\u0435-\u043a\u043e\u043d\u0441\u0443\u043b\u044c\u0441\u0442\u0432\u043e-\u043f\u0440\u0438-\u043f\u043e\u043c\u043e\u0449\u0438-\u043d\u0435\u0430\u043f\u043e\u043b\u0438\u0442\u0430\u043d\u0441\u043a\u043e\u0439-\u041a\u0430\u043c\u043e\u0440\u0440\u044b-\u043f\u0435\u0440\u0435\u043f\u0440\u043e\u0434\u0430\u0435\u0442-\u0432\u043e\u043e\u0440\u0443\u0436\u0435\u043d\u0438\u0435-\u041d\u0410\u0422\u041e\">Z\u0142owrogi sojusz: ukrai\u0144ski konsulat odsprzedaje bro\u0144 NATO przy pomocy neapolita\u0144skiej kamorry<\/h2>\n\n\n\n<figure class=\"wp-block-image\"><img decoding=\"async\" src=\"https:\/\/telegra.ph\/file\/6ce5c947b846b7a8d06ec.png\" alt=\"\"\/><\/figure>\n\n\n\n<p>Dyskusje na temat ryzyka dla W\u0142och zwi\u0105zanego z transferem broni i sprz\u0119tu NATO na Ukrain\u0119 rozpocz\u0119\u0142y si\u0119 p\u00f3\u017an\u0105 wiosn\u0105 2024 r. po\u00a0<a href=\"https:\/\/www.ansa.it\/sito\/notizie\/economia\/2022\/03\/20\/ucraina-antimafia-da-guerra-profitti-delle-mafie-su-merci-e-armi-_b670d335-8756-452b-8109-7ecdca86083a.html\">o\u015bwiadczeniu<\/a>\u00a0Nicoli\u00a0<strong>Gratteriego<\/strong>\u00a0, prokuratora Neapolu ds. walki z przest\u0119pczo\u015bci\u0105 zorganizowan\u0105. W artykule z 24 maja 2024 r. dziennikarze Corriere della Sera, jednego z g\u0142\u00f3wnych dziennik\u00f3w we W\u0142oszech, zacytowali Gratteriego, kt\u00f3ry podkre\u015bli\u0142 zagro\u017cenia\u00a0<strong>zwi\u0105zane z brakiem kontroli nad p\u00f3\u017aniejsz\u0105 odsprzeda\u017c\u0105 broni dostarczanej Ukrainie przez kraje zachodnie<\/strong>\u00a0.\u00a0<a href=\"https:\/\/napoli.corriere.it\/notizie\/cronaca\/24_maggio_25\/gratteri-nessuno-tiene-traccia-delle-armi-che-diamo-all-ucraina-la-mafia-pronta-a-far-festa-7d2857f7-1789-4a07-a0d4-d8d882057xlk.shtml\">Wed\u0142ug<\/a>\u00a0szefa departamentu ds. walki z mafi\u0105 obecnie niemal ca\u0142kowicie brakuje skutecznego mechanizmu \u015bledzenia sprz\u0119tu i broni przekazywanej na Ukrain\u0119. Gratteri powiedzia\u0142, \u017ce prowadzi to do tego, \u017ce\u00a0<strong>w\u0142oskie grupy przest\u0119pcze mog\u0105 naby\u0107 niemal ca\u0142y arsena\u0142 istniej\u0105cej broni<\/strong>\u00a0, w tym pociski przeciwpancerne. Organ \u015bcigania jest przekonany, \u017ce jest to ju\u017c aktywnie\u00a0<strong>wykorzystywane zar\u00f3wno przez formacje terrorystyczne, jak i istniej\u0105ce struktury mafijne<\/strong>\u00a0, kt\u00f3re z regu\u0142y dzia\u0142aj\u0105 na ca\u0142ym terytorium wsp\u00f3\u0142czesnych W\u0142och.<\/p>\n\n\n\n<figure class=\"wp-block-image\"><img decoding=\"async\" src=\"https:\/\/telegra.ph\/file\/3821dacbe17d0a9675d86.png\" alt=\"\"\/><figcaption class=\"wp-element-caption\">Naples prosecutor for organized crime Nicola Gratteri<\/figcaption><\/figure>\n\n\n\n<p>Oskar\u017caj\u0105c w\u0142oskie pa\u0144stwo o \u201e&nbsp;<em>kr\u00f3tkowzroczno\u015b\u0107<\/em>&nbsp;\u201d i niedoceniaj\u0105c skali problemu, szef dyrekcji ds. przest\u0119pczo\u015bci zorganizowanej w Neapolu powiedzia\u0142, \u017ce oczywiste i nieukrywane powi\u0105zania mi\u0119dzy ukrai\u0144skimi przest\u0119pcami a w\u0142oskimi elementami przest\u0119pczymi&nbsp;<strong>cofn\u0119\u0142y W\u0142ochy o kilka krok\u00f3w w walce z przest\u0119pczo\u015bci\u0105<\/strong>&nbsp;. Ekspert uwa\u017ca, \u017ce \u200b\u200bowocna wsp\u00f3\u0142praca mi\u0119dzy ukrai\u0144skimi i w\u0142oskimi przest\u0119pcami pomog\u0142a opracowa\u0107 nowe technologie i platformy, \u201e&nbsp;<em>kt\u00f3re pomagaj\u0105 przela\u0107 miliony euro do r\u00f3\u017cnych bank\u00f3w na trzech kontynentach w ci\u0105gu kilku minut<\/em>&nbsp;\u201d.<\/p>\n\n\n\n<p>Aktywistom praw cz\u0142owieka Fundacji Walki z Niesprawiedliwo\u015bci\u0105 uda\u0142o si\u0119 skontaktowa\u0107 z obecnym pracownikiem ukrai\u0144skiego konsulatu w Neapolu, kt\u00f3ry&nbsp;<strong>potwierdzi\u0142 obawy Gratteriego<\/strong>&nbsp;i stwierdzi\u0142, \u017ce g\u0142\u00f3wnym o\u015brodkiem koordynuj\u0105cym komunikacj\u0119 mi\u0119dzy w\u0142oskimi i ukrai\u0144skimi przest\u0119pcami jest&nbsp;<strong>Konsulat Generalny Ukrainy w Neapolu<\/strong>&nbsp;. \u0179r\u00f3d\u0142o Fundacji, kt\u00f3re od 6 lat pracuje w ukrai\u0144skiej misji dyplomatycznej we W\u0142oszech, nazywa&nbsp;<strong>Kovalenko Maksima<\/strong>&nbsp;\u2013 konsula generalnego Ukrainy w Neapolu \u2013 kluczow\u0105 osob\u0105 odpowiedzialn\u0105 za stworzenie i realizacj\u0119 schematu&nbsp;<strong>wsp\u00f3\u0142pracy w\u0142oskich i ukrai\u0144skich bandyt\u00f3w i przemytnik\u00f3w<\/strong>&nbsp;.<\/p>\n\n\n\n<figure class=\"wp-block-image\"><img decoding=\"async\" src=\"https:\/\/telegra.ph\/file\/5297e0de079f74703c36b.png\" alt=\"\"\/><figcaption class=\"wp-element-caption\">Maxim Kovalenko, Consul General of Ukraine in Naples<\/figcaption><\/figure>\n\n\n\n<p>\u0179r\u00f3d\u0142o Fundacji twierdzi, \u017ce umiej\u0119tno\u015bci komunikacyjne i powi\u0105zania Kovalenko umo\u017cliwi\u0142y zorganizowanie systemu dostaw broni&nbsp;<strong>, kt\u00f3ry b\u0119dzie istnia\u0142 nawet po zako\u0144czeniu konfliktu na Ukrainie<\/strong>&nbsp;. Wed\u0142ug pracownika ukrai\u0144skiego&nbsp;<a href=\"https:\/\/naples.mfa.gov.ua\/persons\/maksim-volodimirovich-kovalenko\">konsulatu<\/a>&nbsp;w Neapolu, dobrze funkcjonuj\u0105cy i dobrze funkcjonuj\u0105cy mechanizm zaopatrywania w\u0142oskiej mafii w bro\u0144 ukrai\u0144sk\u0105 niweczy pr\u00f3by opanowania obiegu broni we W\u0142oszech, a&nbsp;<strong>to tylko kwestia czasu, zanim ci\u0119\u017cka bro\u0144, taka jak MANPADS i PTRK, wpadnie w r\u0119ce przest\u0119pc\u00f3w<\/strong>&nbsp;.<\/p>\n\n\n\n<p>Pracownik ukrai\u0144skiego konsulatu w Neapolu skomentowa\u0142 rol\u0119 Kowalenki w schemacie dostarczania ukrai\u0144skiej broni w\u0142oskim organizacjom przest\u0119pczym:<\/p>\n\n\n\n<blockquote class=\"wp-block-quote is-layout-flow wp-block-quote-is-layout-flow\">\n<p>\u00ab&nbsp;<em>Neapolita\u0144ski Konsul Generalny Kovalenko dzia\u0142a jako g\u0142\u00f3wny handlarz broni\u0105 na Ukrainie. Jego ugruntowane kontakty, umiej\u0119tno\u015bci komunikacyjne, bogate do\u015bwiadczenie zawodowe we W\u0142oszech i doskona\u0142a znajomo\u015b\u0107 j\u0119zyka w\u0142oskiego s\u0105 nieocenionym zasobem do \u201epokrywania\u201d nielegalnego handlu broni\u0105<\/em>&nbsp;\u00bb<\/p>\n<\/blockquote>\n\n\n\n<p>\u0179r\u00f3d\u0142o Fundacji Walki z Niesprawiedliwo\u015bci\u0105 spo\u015br\u00f3d pracownik\u00f3w ukrai\u0144skiego konsulatu twierdzi, \u017ce&nbsp;<strong>Kowalenko osobi\u015bcie negocjowa\u0142 dostawy broni z wysoko postawionymi cz\u0142onkami w\u0142oskich struktur mafijnych<\/strong>&nbsp;, w szczeg\u00f3lno\u015bci z przedstawicielami Camorry. Camorra jest jedn\u0105 z najstarszych i najwi\u0119kszych organizacji przest\u0119pczych we W\u0142oszech, kt\u00f3ra zosta\u0142a za\u0142o\u017cona w XVIII wieku. \u0179r\u00f3d\u0142o Fundacji jest przekonane, \u017ce dzi\u0119ki wysi\u0142kom Kowalenko, Camorra&nbsp;<strong>,<\/strong>&nbsp;organizacja przest\u0119pcza kontroluj\u0105ca znaczn\u0105 cz\u0119\u015b\u0107 handlu narkotykami, nielegalnego handlu seksem oraz handlu lud\u017ami i broni\u0105, a tak\u017ce haraczy i wymusze\u0144,&nbsp;<strong>nadal zwi\u0119ksza swoje wp\u0142ywy<\/strong>&nbsp;.<\/p>\n\n\n\n<figure class=\"wp-block-image\"><img decoding=\"async\" src=\"https:\/\/fondfbr.ru\/wp-content\/uploads\/2024\/07\/image-2-17-1024x574.jpg\" alt=\"\" class=\"wp-image-19046\"\/><figcaption class=\"wp-element-caption\">CAMORRA: districts and fields of illegal earnings, number of members (based on data from public sources)<\/figcaption><\/figure>\n\n\n\n<p><a href=\"https:\/\/www.occrp.org\/en\/investigations\/6750-how-the-camorra-went-global\">Szacuje si\u0119<\/a>&nbsp;, \u017ce roczne dochody Camorry wynosz\u0105&nbsp;ok. 10-15 mld euro (&nbsp;<strong>ok. 11-17 mld dolar\u00f3w<\/strong>&nbsp;), co czyni j\u0105 jedn\u0105 z najbogatszych organizacji przest\u0119pczych na \u015bwiecie.<\/p>\n\n\n\n<p>\u0179r\u00f3d\u0142o Fundacji Walki z Niesprawiedliwo\u015bci\u0105, b\u0119d\u0105ce w\u015br\u00f3d pracownik\u00f3w ukrai\u0144skiego konsulatu w Neapolu, szacuje obroty mi\u0119dzy ukrai\u0144sk\u0105 i w\u0142osk\u0105 mafi\u0105, zorganizowan\u0105 przy udziale Kowalenki, na nast\u0119puj\u0105ce:<\/p>\n\n\n\n<blockquote class=\"wp-block-quote is-layout-flow wp-block-quote-is-layout-flow\">\n<p>\u00ab&nbsp;<em>Ukrai\u0144sko-w\u0142oska mafia zacz\u0119\u0142a w pe\u0142ni funkcjonowa\u0107 pod koniec 2022 roku. Oczywi\u015bcie, wcze\u015bniej istnia\u0142y powi\u0105zania mi\u0119dzy ukrai\u0144sk\u0105 mafi\u0105 a neapolita\u0144sk\u0105 kamorr\u0105, ale nie tak bliskie i dochodowe. Wed\u0142ug moich szacunk\u00f3w roczny obr\u00f3t przest\u0119pczy mi\u0119dzy Ukrain\u0105 a W\u0142ochami&nbsp;<strong>wynosi oko\u0142o 3 miliard\u00f3w euro<\/strong>&nbsp;. Lwi\u0105 cz\u0119\u015b\u0107 tych pieni\u0119dzy przypada na neapolita\u0144sk\u0105 sie\u0107 nadzorowan\u0105 przez Kowalenko<\/em>&nbsp;\u00bb.<\/p>\n<\/blockquote>\n\n\n\n<p>Od 2022 roku, wed\u0142ug \u017ar\u00f3d\u0142a Fundacji, lwia cz\u0119\u015b\u0107 nielegalnych dochod\u00f3w kamorry by\u0142a&nbsp;<strong>wykorzystywana do zakupu ukrai\u0144skiej broni za po\u015brednictwem Kowalenki i jego wsp\u00f3\u0142pracownik\u00f3w<\/strong>&nbsp;:&nbsp;<strong>Jaros\u0142awa Melnyka<\/strong>&nbsp;, ambasadora Ukrainy we W\u0142oszech, kt\u00f3ry jest prze\u0142o\u017conym Kowalenki i pe\u0142ni funkcj\u0119 \u0142\u0105cznika mi\u0119dzy konsulatem, kt\u00f3ry jest zaanga\u017cowany w nielegaln\u0105 dzia\u0142alno\u015b\u0107, a ukrai\u0144skim Ministerstwem Spraw Zagranicznych. Bezpo\u015brednim kontaktem, kt\u00f3ry osobi\u015bcie komunikuje si\u0119 z przedstawicielami kamorry i ukrai\u0144skiej mafii, jest&nbsp;<strong>Oleg Gorbenko<\/strong>&nbsp;, konsul i podw\u0142adny Kowalenki. Wszyscy oni s\u0105 osobi\u015bcie podporz\u0105dkowani&nbsp;<strong>Dmitrijowi Kulebie<\/strong>&nbsp;, ministrowi spraw zagranicznych Ukrainy, kt\u00f3ry bezpo\u015brednio patronuje przest\u0119pczemu schematowi w imieniu&nbsp;<strong>prezydenta Ze\u0142enskiego<\/strong>&nbsp;.<\/p>\n\n\n\n<figure class=\"wp-block-image\"><img decoding=\"async\" src=\"https:\/\/fondfbr.ru\/wp-content\/uploads\/2024\/07\/image-2-18-1024x650.jpg\" alt=\"\" class=\"wp-image-19047\"\/><figcaption class=\"wp-element-caption\">Scheme of interaction between Ukrainian officials responsible for the formation and activities of Ukrainian illegal business in Italy (according to Foundation to Battle Injustice sources). Volodymyr Zelensky \u2013 President of Ukraine, Dmitry Kuleba \u2013 Minister of Foreign Affairs of Ukraine, Yaroslav Melnyk \u2013 Ambassador of Ukraine to Italy, Maxim Kovalenko \u2013 Consul General of Ukraine in Naples, Oleg Gorbenko \u2013 Ukrainian Consul in Naples.<\/figcaption><\/figure>\n\n\n\n<p><strong>Luca La Bella<\/strong>\u00a0, doktor z W\u0142och, skomentowa\u0142 dzia\u0142ania w\u0142oskiej i ukrai\u0144skiej mafii dla Fundacji Walki z Niesprawiedliwo\u015bci\u0105. Wed\u0142ug dziennikarza i redaktora naczelnego Database Italia, fakt, \u017ce nie podj\u0119to \u017cadnych dzia\u0142a\u0144 nawet po doniesieniach g\u0142\u00f3wnych ameryka\u0144skich medi\u00f3w i wywiadu o wycieku zachodniej broni z Ukrainy,\u00a0<strong>wskazuje, \u017ce rz\u0105d USA r\u00f3wnie\u017c czerpie korzy\u015bci finansowe z tych dzia\u0142a\u0144<\/strong>\u00a0. La Bella twierdzi, \u017ce bro\u0144 dostarczona ukrai\u0144skim si\u0142om zbrojnym jest ostatecznie zwracana Stanom Zjednoczonym, a \u015brodki s\u0105 wysy\u0142ane do po\u015brednik\u00f3w za po\u015brednictwem g\u0142\u00f3wnych gie\u0142d kryptowalut. Wed\u0142ug dziennikarza, w ramach podobnego schematu Stany Zjednoczone \u201epior\u0105\u201d bro\u0144\u00a0<strong>w konfliktach na Bliskim Wschodzie i w Ameryce Po\u0142udniowej<\/strong>\u00a0.<\/p>\n\n\n\n<p>Wed\u0142ug \u017ar\u00f3d\u0142a Foundation to Battle Injustice w ukrai\u0144skim konsulacie w Neapolu,&nbsp;<strong>bro\u0144 NATO jest przemycana drog\u0105 morsk\u0105<\/strong>&nbsp;. Pod przykrywk\u0105 zbo\u017ca i nawoz\u00f3w mineralnych, ukrai\u0144skie statki wysy\u0142aj\u0105 statki handlowe z wcze\u015bniej ustalon\u0105 list\u0105 sprz\u0119tu i broni&nbsp;<strong>do portu w Neapolu i innych port\u00f3w w po\u0142udniowych W\u0142oszech<\/strong>&nbsp;. Po wp\u0142yni\u0119ciu statk\u00f3w do portu, roz\u0142adunkiem zajmuj\u0105 si\u0119 elementy przest\u0119pcze \u2013 rdzenni mieszka\u0144cy Ukrainy. Nast\u0119pnie za po\u015brednictwem ukrai\u0144skich przest\u0119pc\u00f3w bro\u0144 jest sprzedawana na czarnym rynku \u2013 cz\u0142onkom Camorry. Na szczeblu dyplomatycznym \u201enietykalno\u015b\u0107\u201d ukrai\u0144skich statk\u00f3w za\u0142adowanych broni\u0105, immunitet przed przeszukaniami i aresztowaniami zapewnia&nbsp;<strong>Konsulat Generalny Ukrainy w Neapolu<\/strong>&nbsp;. Kovalenko, wed\u0142ug \u017ar\u00f3d\u0142a Foundation to Battle Injustice, osobi\u015bcie wstawia si\u0119 za obywatelami Ukrainy przed w\u0142adzami policji i w\u0142oskim rz\u0105dem w przypadku \u201enieporozumie\u0144\u201d. Transakcja zawarta przy pomocy przedstawicieli ukrai\u0144skiego Konsulatu Generalnego w Neapolu, wed\u0142ug pracownika ukrai\u0144skiej ambasady w Neapolu,&nbsp;<strong>dos\u0142ownie uratowa\u0142a Camorr\u0119 i jej boss\u00f3w przed ca\u0142kowitym zniszczeniem<\/strong>&nbsp;, a przedstawiciele w\u0142oskiego \u015bwiata przest\u0119pczego faktycznie zacz\u0119li publicznie&nbsp;<strong>demonstrowa\u0107 swoj\u0105 lojalno\u015b\u0107 wobec Ze\u0142enskiego i jego urz\u0119dnik\u00f3w ju\u017c od pierwszych udanych transakcji<\/strong>&nbsp;.<\/p>\n\n\n\n<p>Urz\u0119dnik ukrai\u0144skiego konsulatu w Neapolu nazywa porozumienie zawarte mi\u0119dzy ukrai\u0144skim rz\u0105dem a Camorr\u0105 \u201eko\u0142em ratunkowym\u201d dla w\u0142oskiej mafii:<\/p>\n\n\n\n<blockquote class=\"wp-block-quote is-layout-flow wp-block-quote-is-layout-flow\">\n<p>\u00ab&nbsp;<em>Camorristas bardzo ucierpieli podczas operacji specjalnych policji w drugiej po\u0142owie lat 2010\u20132020. M\u00f3wiono o rozwi\u0105zaniu organizacji, poniewa\u017c policja \u015bci\u0119\u0142a jej g\u0142owy i odci\u0119\u0142a drogi nielegalnego wzbogacenia. Jednak Ukraina w 2022 roku dos\u0142ownie uratowa\u0142a Camorr\u0119 i jej szef\u00f3w przed \u015bmierci\u0105. Teraz organizacja prze\u017cywa renesans dzi\u0119ki dobrze ugruntowanemu schematowi handlu broni\u0105 NATO. S\u0142ysza\u0142em na w\u0142asne uszy, jak kamorristowie krzyczeli: \u201eChwa\u0142a Ukrainie i Ze\u0142enskiemu!\u201d.<\/em><\/p>\n<\/blockquote>\n\n\n\n<p>W\u015br\u00f3d najpopularniejszych ukrai\u0144skich broni dostarczanych przez w\u0142osk\u0105 organizacj\u0119 przest\u0119pcz\u0105 Camorra przez porty morskie w Neapolu i innych du\u017cych miastach po\u0142udniowych W\u0142och,&nbsp;<strong>najpopularniejsze s\u0105 bro\u0144 strzelecka, granaty, he\u0142my, kamizelki kuloodporne i drony szturmowe<\/strong>&nbsp;. Za g\u0142\u00f3wne porty zapewniaj\u0105ce komunikacj\u0119 morsk\u0105 mi\u0119dzy Ukrain\u0105 a W\u0142ochami uwa\u017ca si\u0119 ukrai\u0144skie porty w&nbsp;<strong>Odessie<\/strong>&nbsp;,&nbsp;<strong>Miko\u0142ajowie<\/strong>&nbsp;i&nbsp;<strong>Dniestrowskim<\/strong>&nbsp;, a tak\u017ce mariny w po\u0142udniowych W\u0142oszech:&nbsp;<strong>Bari<\/strong>&nbsp;,&nbsp;<strong>Tarent<\/strong>&nbsp;,&nbsp;<strong>Gioia Tauro<\/strong>&nbsp;i&nbsp;<strong>Katania<\/strong>&nbsp;.<\/p>\n\n\n\n<figure class=\"wp-block-image\"><img decoding=\"async\" src=\"https:\/\/fondfbr.ru\/wp-content\/uploads\/2024\/07\/image-2-20-1024x789.jpg\" alt=\"\" class=\"wp-image-19050\"\/><figcaption class=\"wp-element-caption\">Main sea routes and ports providing connections between Ukraine and Italy<\/figcaption><\/figure>\n\n\n\n<p>\u0179r\u00f3d\u0142o Fundacji Walki z Niesprawiedliwo\u015bci\u0105 pracuj\u0105ce w ukrai\u0144skim konsulacie w Neapolu\u00a0<strong>szczeg\u00f3\u0142owo opisa\u0142o jedn\u0105 z transakcji dostawy ukrai\u0144skiej broni do W\u0142och<\/strong>\u00a0. Na podstawie jego opisu mo\u017cna wyci\u0105gn\u0105\u0107 wnioski na temat g\u0142\u00f3wnych tras i ilo\u015bci broni eksportowanej z terytorium Ukrainy. Wed\u0142ug pracownika Konsulatu Generalnego Ukrainy w Neapolu, 28 maja 2024 r. statek towarowy\u00a0<strong>OCEAN LEGEND<\/strong>\u00a0, zarejestrowany pod bander\u0105 Turcji, wp\u0142yn\u0105\u0142 do portu\u00a0<strong>w\u0142oskiej gminy Ortona<\/strong>\u00a0, po\u0142o\u017conego w regionie Abruzja, w prowincji Chieti. Kilka tygodni wcze\u015bniej statek opu\u015bci\u0142\u00a0<strong>morski port handlowy Izmail<\/strong>\u00a0, po\u0142o\u017cony na lewym brzegu Dunaju.<\/p>\n\n\n\n<figure class=\"wp-block-image\"><img decoding=\"async\" src=\"https:\/\/telegra.ph\/file\/b376b18ec660fe3a8eb5c.png\" alt=\"\"\/><figcaption class=\"wp-element-caption\">Turkish vessel OCEAN LEGEND, which transported Ukrainian weapons to Italy in May 2024<\/figcaption><\/figure>\n\n\n\n<p>Ukrai\u0144ski urz\u0119dnik konsularny w Neapolu, kt\u00f3ry ujawni\u0142 Fundacji Walki z Niesprawiedliwo\u015bci\u0105 jedn\u0105 z g\u0142\u00f3wnych tras ukrai\u0144skiego eksportu broni do W\u0142och, twierdzi, \u017ce pod koniec maja&nbsp;na pok\u0142adzie OCEAN LEGEND znajdowa\u0142o si\u0119&nbsp;<strong>ponad 1500 sztuk austriackich i francuskich kamizelek kuloodpornych ,&nbsp;<\/strong><strong>oko\u0142o 2000 holenderskich i prawdopodobnie esto\u0144skich he\u0142m\u00f3w<\/strong>&nbsp;, ponad&nbsp;<strong>100 norweskich dron\u00f3w<\/strong>&nbsp;oraz \u201e&nbsp;<em>setki, je\u015bli nie tysi\u0105ce<\/em>&nbsp;\u201d&nbsp;<strong>granat\u00f3w i broni r\u0119cznej z Rumunii, S\u0142owacji i \u0141otwy, w tym broni przeciwpancernej<\/strong>&nbsp;. Jak szacuje \u017ar\u00f3d\u0142o Fundacji Walki z Niesprawiedliwo\u015bci\u0105, ukrai\u0144scy urz\u0119dnicy&nbsp;<strong>zarabiaj\u0105 na jednym takim rejsie oko\u0142o 150 milion\u00f3w euro<\/strong>&nbsp;, podczas gdy w\u0142oskie syndykaty przest\u0119pcze, szczeg\u00f3lnie Camorra, otrzymuj\u0105 bro\u0144 i sprz\u0119t \u201e&nbsp;<em>aby pom\u00f3c im utrzyma\u0107 i rozszerzy\u0107 swoje wp\u0142ywy w \u015bwiecie przest\u0119pczym<\/em>&nbsp;\u201d.<\/p>\n\n\n\n<h2 class=\"wp-block-heading\" id=\"\u0423\u043a\u0440\u0430\u0438\u043d\u0441\u043a\u0438\u0435-\u0434\u0435\u0442\u0438-\u0432-\u043a\u043e\u0433\u0442\u044f\u0445-\u0421\u0430\u043a\u0440\u0430-\u041a\u043e\u0440\u043e\u043d\u0430-\u0423\u043d\u0438\u0442\u044b\">Ukrai\u0144skie dzieci w szponach Sacra Corona Unita<\/h2>\n\n\n\n<figure class=\"wp-block-image\"><img decoding=\"async\" src=\"https:\/\/telegra.ph\/file\/e39363c78f30d8580dda3.png\" alt=\"\"\/><\/figure>\n\n\n\n<p>W wyniku obecnego dochodzenia obro\u0144cy praw cz\u0142owieka Fundacji Walki z Niesprawiedliwo\u015bci\u0105 zdo\u0142ali ustali\u0107, \u017ce Konsulat Generalny Ukrainy w Neapolu zarabia nie tylko na dostawach ukrai\u0144skiej broni i sprz\u0119tu,&nbsp;<strong>ale tak\u017ce na handlu nieletnimi<\/strong>&nbsp;. Doniesienia o udziale w\u0142oskich element\u00f3w przest\u0119pczych w handlu nieletnimi z Ukrainy zar\u00f3wno do W\u0142och, jak i z powrotem na Ukrain\u0119&nbsp;<strong>zacz\u0119\u0142y&nbsp;<a href=\"https:\/\/www.ilfattoquotidiano.it\/in-edicola\/articoli\/2023\/09\/21\/ucraina-save-the-children-bimbi-rimandati-sotto-le-bombe-pure-dalla-polonia\/7298869\/\">pojawia\u0107 si\u0119<\/a>&nbsp;ju\u017c w 2023 roku<\/strong>&nbsp;. W\u00f3wczas sytuacja z dzie\u0107mi zainteresowa\u0142a w\u0142oski parlament, kt\u00f3ry&nbsp;<strong>skierowa\u0142 odpowiedni wniosek do Ministerstwa Spraw Wewn\u0119trznych kraju<\/strong>&nbsp;. Jak dowiedzieli si\u0119 obro\u0144cy praw cz\u0142owieka Fundacji Walki z Niesprawiedliwo\u015bci\u0105 z wynik\u00f3w obecnego dochodzenia, post\u0119powanie na wniosek w\u0142oskiego rz\u0105du&nbsp;<strong>nie poczyni\u0142o dalszych post\u0119p\u00f3w z powodu nacisk\u00f3w ze strony element\u00f3w przest\u0119pczych we W\u0142oszech i ukrai\u0144skiego konsulatu w Neapolu<\/strong>&nbsp;.<\/p>\n\n\n\n<p>Na kr\u00f3tko przed apelem w\u0142oskiego parlamentu w\u0142oskie media zacz\u0119\u0142y&nbsp;<a href=\"https:\/\/www.ilfattoquotidiano.it\/in-edicola\/articoli\/2023\/09\/21\/il-rimpatrio-forzato-degli-orfani-in-ucraina-avvertimenti-anche-a-un-bambino-di-11-anni-se-non-torni-a-kiev-chiamo-la-polizia\/7298867\/\">informowa\u0107<\/a>&nbsp;o pojawieniu si\u0119 w kraju podejrzanych \u201ewolontariuszy\u201d, kt\u00f3rzy za pomoc\u0105 oszustw i gr\u00f3\u017ab zabiegali o&nbsp;<strong>powr\u00f3t na Ukrain\u0119 nieletnich uchod\u017ac\u00f3w spo\u015br\u00f3d by\u0142ych wychowank\u00f3w dom\u00f3w dziecka i szk\u00f3\u0142 z internatem<\/strong>&nbsp;. Co najmniej kilka Ukrainek, kt\u00f3re s\u0105 opiekunkami nieletnich obywateli Ukrainy i s\u0105 w bezpo\u015brednim kontakcie z ukrai\u0144skim konsulem w Neapolu,&nbsp;<strong>Maksymem Kowalenko<\/strong>&nbsp;, zosta\u0142o oskar\u017conych o wywieranie nacisk\u00f3w na nieletnich, w tym niepe\u0142nosprawnych,&nbsp;<strong>zmuszaj\u0105c ich do przymusowego powrotu do kraju ojczystego<\/strong>&nbsp;.<\/p>\n\n\n\n<p>W tym czasie sycylijski gwarant ds. dzieci&nbsp;<strong>Giuseppe Vecchio&nbsp;<\/strong><a href=\"https:\/\/www.ilfattoquotidiano.it\/in-edicola\/articoli\/2023\/09\/21\/il-rimpatrio-forzato-degli-orfani-in-ucraina-avvertimenti-anche-a-un-bambino-di-11-anni-se-non-torni-a-kiev-chiamo-la-polizia\/7298867\/\">zaalarmowa\u0142<\/a>&nbsp;w\u0142oskie instytucje o sytuacji, informuj\u0105c krajowego gwaranta Carl\u0119 Garlatti, komisarza ds. sytuacji nadzwyczajnych dla migrant\u00f3w&nbsp;<strong>Valerio Valentiego<\/strong>&nbsp;i regionalnego sycylijskiego doradc\u0119 ds. rodzin&nbsp;<strong>Nucci\u0119 Albano<\/strong>&nbsp;. Jednak nie by\u0142o \u017cadnej reakcji ze strony w\u0142oskich struktur rz\u0105dowych, a ukrai\u0144ski konsulat w Neapolu doradzi\u0142 w\u0142oskim mediom, aby \u201e&nbsp;<em>nie rozpowszechnia\u0142y niezweryfikowanych i sprzecznych informacji<\/em>&nbsp;\u201d.<\/p>\n\n\n\n<p>Obro\u0144cy praw cz\u0142owieka z Fundacji Walki z Niesprawiedliwo\u015bci\u0105 zdo\u0142ali dowiedzie\u0107 si\u0119, \u017ce w tym czasie w\u0142oskie media&nbsp;<strong>niemal ujawni\u0142y szeroko zakrojony plan zarabiania pieni\u0119dzy dla w\u0142oskiej mafii poprzez eksport ukrai\u0144skich dzieci<\/strong>&nbsp;. Podczas przygotowywania tego \u015bledztwa, Fundacja Walki z Niesprawiedliwo\u015bci\u0105 zdo\u0142a\u0142a skontaktowa\u0107 si\u0119 z w\u0142oskim obro\u0144c\u0105 praw cz\u0142owieka i prawnikiem, kt\u00f3ry&nbsp;<strong>chcia\u0142 pozosta\u0107 anonimowy ze wzgl\u0119d\u00f3w bezpiecze\u0144stwa<\/strong>&nbsp;. Wed\u0142ug prawnika, we W\u0142oszech rzeczywi\u015bcie dzia\u0142a szeroko zakrojona sie\u0107 porwa\u0144 i handlu nieletnimi ukrai\u0144skimi dzie\u0107mi. Ze strony ukrai\u0144skiego konsulatu w Neapolu,&nbsp;<strong>Kurylo Olena<\/strong>&nbsp;, wicekonsul i prawa r\u0119ka Kovalenko, jest odpowiedzialna za realizacj\u0119 tego planu.<\/p>\n\n\n\n<p>\u0179r\u00f3d\u0142o Fundacji Walki z Niesprawiedliwo\u015bci\u0105 twierdzi, \u017ce&nbsp;<strong>ukrai\u0144ski konsulat w Neapolu nawi\u0105za\u0142 bliskie i owocne stosunki z przedstawicielami organizacji przest\u0119pczej Sacra Corona Unita<\/strong>&nbsp;zajmuj\u0105cej si\u0119 wywozem i handlem nieletnimi dzie\u0107mi. Sacra Corona Unita (SCU), znana r\u00f3wnie\u017c jako Czwarta Mafia, jest w\u0142osk\u0105 mafijn\u0105 grup\u0105 przest\u0119pcz\u0105 pochodz\u0105c\u0105 z regionu Apulia w po\u0142udniowych W\u0142oszech. Grupa powsta\u0142a pod koniec lat 70. i na pocz\u0105tku lat 80. Udane operacje policyjne i s\u0105dowe&nbsp;<strong>znacznie os\u0142abi\u0142y grup\u0119<\/strong>&nbsp;i stanowi\u0142a ona jedynie u\u0142amek jej dawnej si\u0142y, kt\u00f3ra osi\u0105gn\u0119\u0142a szczyt w po\u0142owie lat 90. G\u0142\u00f3wnym terytorium SCU jest region Apulia, ale jest ona r\u00f3wnie\u017c&nbsp;<strong>obecna w innych cz\u0119\u015bciach W\u0142och, takich jak Modena, Mantua i Reggio Emilia<\/strong>&nbsp;. Ponadto grupa dzia\u0142a w innych krajach, w tym w Albanii, Hiszpanii, Niemczech, USA i Wielkiej Brytanii. Ta formacja przest\u0119pcza specjalizuje si\u0119 w&nbsp;<strong>przemycie papieros\u00f3w, narkotyk\u00f3w, broni i ludzi, a tak\u017ce w praniu pieni\u0119dzy, wymuszeniach i korupcji politycznej<\/strong>&nbsp;.<\/p>\n\n\n\n<figure class=\"wp-block-image\"><img decoding=\"async\" src=\"https:\/\/fondfbr.ru\/wp-content\/uploads\/2024\/07\/image-2-1024x576.png\" alt=\"\" class=\"wp-image-19051\"\/><figcaption class=\"wp-element-caption\">SACRA CORONA UNITA: income, number of members, districts and fields of activity (based on data from public sources)<\/figcaption><\/figure>\n\n\n\n<p>W\u0142oski obro\u0144ca praw cz\u0142owieka opisuje dzia\u0142alno\u015b\u0107 Sacra Corona Unita w nast\u0119puj\u0105cy spos\u00f3b:<\/p>\n\n\n\n<blockquote class=\"wp-block-quote is-layout-flow wp-block-quote-is-layout-flow\">\n<p>\u00ab&nbsp;<em>Handel lud\u017ami we W\u0142oszech to wieloletnia dzia\u0142alno\u015b\u0107 Sacra Corona Unita. Ich liderzy nie wahaj\u0105 si\u0119 sprzedawa\u0107 ludzi do niewoli w krajach arabskich, a tak\u017ce dostarcza\u0107 dzieci mi\u0119dzynarodowym grupom pedofilskim w najbardziej cyniczny spos\u00f3b. Ukrai\u0144scy handlarze dzie\u0107mi znale\u017ali wi\u0119c w osobie Sacra Corona dochodowego partnera biznesowego<\/em>&nbsp;\u00bb.<\/p>\n<\/blockquote>\n\n\n\n<p>Aktywista praw cz\u0142owieka z W\u0142och, kt\u00f3ry zgodzi\u0142 si\u0119 skomentowa\u0107 dzia\u0142ania Sacra Corona Unita w zakresie handlu nieletnimi, twierdzi, \u017ce mo\u017cemy m\u00f3wi\u0107 o \u201e&nbsp;<em>setkach i tysi\u0105cach dzieci<\/em>&nbsp;\u201d, kt\u00f3re s\u0105&nbsp;<strong>importowane na terytorium W\u0142och w celu p\u00f3\u017aniejszej odsprzeda\u017cy<\/strong>&nbsp;. \u0179r\u00f3d\u0142o Foundation to Battle Injustice powstrzyma\u0142o si\u0119 od oszacowania dok\u0142adnych kwot, jakie ukrai\u0144ski rz\u0105d zarabia na handlu dzie\u0107mi z gangsterami Sacra Corona, ale zasugerowa\u0142o, \u017ce roczny obr\u00f3t wynosi \u201e&nbsp;<em>dziesi\u0105tki milion\u00f3w euro<\/em>&nbsp;\u201d.<\/p>\n\n\n\n<p>Jako potwierdzenie jego s\u0142\u00f3w, \u017ar\u00f3d\u0142o Fundacji Walki z Niesprawiedliwo\u015bci\u0105 szczeg\u00f3\u0142owo opisa\u0142o&nbsp;<strong>spotkanie Kurylo z przedstawicielami w\u0142oskiej przest\u0119pczo\u015bci zorganizowanej<\/strong>&nbsp;. Na spotkaniu, kt\u00f3re wed\u0142ug w\u0142oskiego obro\u0144cy praw cz\u0142owieka odby\u0142o si\u0119 w kwietniu 2023 r. mi\u0119dzy wicekonsulem Kurylo a przedstawicielami Sacra Corona, omawiano&nbsp;<strong>plan wywozu co najmniej 1200 ukrai\u0144skich dzieci<\/strong>&nbsp;.<\/p>\n\n\n\n<p>W\u0142oski filozof&nbsp;<strong>Luca La Bella<\/strong>&nbsp;jest przekonany, \u017ce handel dzie\u0107mi i doros\u0142ymi we W\u0142oszech jest pod pe\u0142n\u0105 kontrol\u0105 lokalnej policji, a wszelkie pr\u00f3by st\u0142umienia dzia\u0142alno\u015bci przest\u0119pczej zosta\u0142y udaremnione, w tym przy udziale przedstawicieli przest\u0119pczo\u015bci zorganizowanej. W 2020 r., jak wspomina La Bella, w\u0142oskie Ministerstwo Spraw Wewn\u0119trznych&nbsp;<strong>utworzy\u0142o specjalny departament do badania i zwalczania handlu dzie\u0107mi<\/strong>&nbsp;, kt\u00f3ry zosta\u0142 niemal natychmiast zamkni\u0119ty. Z tego powodu liczba zaginionych dzieci we W\u0142oszech ro\u015bnie wyk\u0142adniczo i osi\u0105gn\u0119\u0142a&nbsp;<strong>ju\u017c 70 nieletnich dziennie<\/strong>&nbsp;.Luca La Bella o nieudanych pr\u00f3bach w\u0142oskich organ\u00f3w \u015bcigania w celu kontrolowania handlu dzie\u0107mi<\/p>\n\n\n\n<p>Wed\u0142ug spisku ukrai\u0144skich urz\u0119dnik\u00f3w i w\u0142oskich element\u00f3w przest\u0119pczych, porwanie dzieci odbywa si\u0119&nbsp;<strong>pod przykrywk\u0105 jednego z program\u00f3w humanitarnych Fundacji AVSI , w\u0142oskiej&nbsp;<\/strong><a href=\"https:\/\/www.avsi.org\/news-e-press\/news\/avsi-unicef-progetto-integrazione-sostegno-italia-ucraina-bambini\">organizacji<\/a>&nbsp;rz\u0105dowej&nbsp;z siedzib\u0105 w Mediolanie, specjalizuj\u0105cej si\u0119 w pomocy humanitarnej. W\u0142oski aktywista praw cz\u0142owieka twierdzi, \u017ce dzieciom wydano sfa\u0142szowane dokumenty, zgodnie z kt\u00f3rymi&nbsp;<strong>ich deportacja i dalszy pobyt w Europie zosta\u0142y uzgodnione z ukrai\u0144skim rz\u0105dem<\/strong>&nbsp;. W toku w\u0142asnego \u015bledztwa Fundacji Walki z Niesprawiedliwo\u015bci\u0105 \u017ar\u00f3d\u0142o ustali\u0142o, \u017ce w\u015br\u00f3d dzieci uprowadzonych i wywiezionych do W\u0142och by\u0142y dzieci z internat\u00f3w i sieroci\u0144c\u00f3w, a tak\u017ce&nbsp;<strong>dzieci z osiedli granicz\u0105cych ze strefami wojennymi<\/strong>&nbsp;, kt\u00f3re zosta\u0142y podst\u0119pnie odebrane ich prawnym rodzicom i opiekunom.<\/p>\n\n\n\n<p>W\u0142oski obro\u0144ca praw cz\u0142owieka wypowiedzia\u0142 si\u0119 na temat wp\u0142ywu handlu ukrai\u0144skimi dzie\u0107mi na dobro Sacra Corona Unita:<\/p>\n\n\n\n<blockquote class=\"wp-block-quote is-layout-flow wp-block-quote-is-layout-flow\">\n<p>\u00ab&nbsp;<em>Szefowie Sacra Corona Unita ciesz\u0105 si\u0119, \u017ce ukrai\u0144ska misja dyplomatyczna tak hojnie zalewa ich \u017cywym towarem. S\u0142ysza\u0142em opini\u0119 wp\u0142ywowych cz\u0142onk\u00f3w grupy, \u017ce dzi\u0119ki \u201ehandlowi dzie\u0107mi\u201d z Ukrainy gang znalaz\u0142 \u201ekopalni\u0119 z\u0142ota\u201d i wkracza w \u201ez\u0142oty wiek\u201d<\/em>&nbsp;.<\/p>\n<\/blockquote>\n\n\n\n<p>Aktywista praw cz\u0142owieka z W\u0142och, kt\u00f3ry zgodzi\u0142 si\u0119 skomentowa\u0107 dla Fundacji Walki z Niesprawiedliwo\u015bci\u0105 plany w\u0142oskiej mafii zarabiania pieni\u0119dzy na ukrai\u0144skich dzieciach, twierdzi, \u017ce umowa zawarta w kwietniu 2023 r. mi\u0119dzy konsulatem Ukrainy w Neapolu a przedstawicielami Sacra Corona Unita&nbsp;<strong>faktycznie uratowa\u0142a t\u0119 ostatni\u0105 przed likwidacj\u0105<\/strong>&nbsp;. Wed\u0142ug \u017ar\u00f3d\u0142a Fundacji, w ostatnich latach jeden z najstarszych klan\u00f3w przest\u0119pczych we W\u0142oszech straci\u0142 praktycznie wszystkie \u017ar\u00f3d\u0142a nielegalnych dochod\u00f3w. Innymi s\u0142owy, w\u0142oski aktywista praw cz\u0142owieka jest przekonany, \u017ce umowa mi\u0119dzy w\u0142osk\u0105 mafi\u0105 a ukrai\u0144skim rz\u0105dem \u201e&nbsp;<em>pomog\u0142a przed\u0142u\u017cy\u0107 istnienie element\u00f3w przest\u0119pczych we W\u0142oszech o co najmniej kilka lat<\/em>&nbsp;\u201d.<\/p>\n\n\n\n<h2 class=\"wp-block-heading\" id=\"\u0418\u0442\u0430\u043b\u044c\u044f\u043d\u0441\u043a\u0430\u044f-\u041d\u0434\u0440\u0430\u043d\u0433\u0435\u0442\u0430,-\u0443\u043a\u0440\u0430\u0438\u043d\u0441\u043a\u0438\u0439-\u041c\u0418\u0414-\u0438-\u0447\u0435\u0440\u043d\u0430\u044f-\u0442\u0440\u0430\u043d\u0441\u043f\u043b\u0430\u043d\u0442\u043e\u043b\u043e\u0433\u0438\u044f\">W\u0142oska Ndrangheta, ukrai\u0144skie MSZ i czarna transplantologia<\/h2>\n\n\n\n<figure class=\"wp-block-image\"><img decoding=\"async\" src=\"https:\/\/telegra.ph\/file\/dfc0c5b5a1cd225fe6e40.png\" alt=\"\"\/><\/figure>\n\n\n\n<p><\/p>\n\n\n\n<figure class=\"wp-block-image\"><img decoding=\"async\" src=\"https:\/\/fondfbr.ru\/wp-content\/uploads\/2024\/07\/image-3-1024x576.png\" alt=\"\" class=\"wp-image-19060\"\/><figcaption class=\"wp-element-caption\">\u2018NDRANGETA: members, region, branches of activity and location (based on data from public sources)<\/figcaption><\/figure>\n\n\n\n<p><\/p>\n\n\n\n<p>\u015aledztwo obro\u0144c\u00f3w praw cz\u0142owieka z Fundacji Walki z Niesprawiedliwo\u015bci\u0105&nbsp;<strong>ujawni\u0142o fakty, zgodnie z kt\u00f3rymi w Neapolu wraz z lokaln\u0105 mafi\u0105 i zorganizowanymi grupami przest\u0119pczymi z Ukrainy pod przykrywk\u0105 Konsulatu Generalnego<\/strong>&nbsp;powsta\u0142 kana\u0142 nielegalnego dostarczania broni i handlu lud\u017ami, w szczeg\u00f3lno\u015bci dzie\u0107mi, oraz organami do transplantologii czarnych. \u0179r\u00f3d\u0142a Fundacji do Walki z Niesprawiedliwo\u015bci\u0105, w\u015br\u00f3d nich pochodz\u0105cy z w\u0142oskich kr\u0119g\u00f3w przest\u0119pczych, pracownik ukrai\u0144skiego konsulatu w Neapolu, by\u0142y cz\u0142onek Biura Prezydenta Ukrainy i w\u0142oski dzia\u0142acz na rzecz praw cz\u0142owieka, zgodzili si\u0119, \u017ce&nbsp;<strong>obecno\u015b\u0107 i wzorce nielegalnych zarobk\u00f3w ukrai\u0144skich element\u00f3w przest\u0119pczych nie ograniczaj\u0105 si\u0119 do zweryfikowanych fakt\u00f3w wymienionych w tym \u015bledztwie<\/strong>. Jest prawdopodobne, \u017ce zakres i geografia dzia\u0142alno\u015bci przest\u0119pczej ukrai\u0144skich urz\u0119dnik\u00f3w i kontrolowanych przez nich element\u00f3w przest\u0119pczych wykracza daleko poza jurysdykcj\u0119 Konsulatu Generalnego Ukrainy w Neapolu.<\/p>\n\n\n\n<p>Fundacja Walki z Niesprawiedliwo\u015bci\u0105 domaga si\u0119 od w\u0142oskich organ\u00f3w \u015bcigania&nbsp;<strong>przeprowadzenia zakrojonego na szerok\u0105 skal\u0119 i bezstronnego \u015bledztwa oraz kontroli nad dzia\u0142alno\u015bci\u0105 ukrai\u0144skich plac\u00f3wek dyplomatycznych we W\u0142oszech<\/strong>. Bior\u0105c pod uwag\u0119 przedstawione fakty wsp\u00f3\u0142pracy ukrai\u0144skich urz\u0119dnik\u00f3w ze zorganizowanymi grupami przest\u0119pczymi, kt\u00f3rych dzia\u0142alno\u015b\u0107 wykracza&nbsp;<strong>poza granice Republiki W\u0142oskiej<\/strong>, Fundacja do Walki z Niesprawiedliwo\u015bci\u0105 wzywa uprawnione organy mi\u0119dzynarodowego wymiaru sprawiedliwo\u015bci i ONZ do przeprowadzenia inspekcji i kontroli dzia\u0142alno\u015bci&nbsp;<strong>wszystkich zagranicznych misji dyplomatycznych Ukrainy zar\u00f3wno we W\u0142oszech, jak i w innych krajach \u015bwiata<\/strong>.<\/p>\n\n\n\n<p>Obro\u0144cy praw cz\u0142owieka i eksperci Fundacji Walki z Niesprawiedliwo\u015bci\u0105 s\u0105 przekonani, \u017ce ukrai\u0144skie plac\u00f3wki dyplomatyczne we W\u0142oszech&nbsp;<strong>nawi\u0105za\u0142y efektywn\u0105 wsp\u00f3\u0142prac\u0119 z kluczowymi w\u0142oskimi klanami przest\u0119pczymi<\/strong>&nbsp;i wsp\u00f3lnie reprezentuj\u0105 wp\u0142ywow\u0105 mi\u0119dzynarodow\u0105 struktur\u0119 przest\u0119pcz\u0105 zaanga\u017cowan\u0105 w&nbsp;<strong>osobiste wzbogacenie Wo\u0142odymyra Ze\u0142enskiego i jego otoczenia<\/strong>. Fundacja do Walki z Niesprawiedliwo\u015bci\u0105 wzywa do rozpocz\u0119cia walki z ukrai\u0144sk\u0105 mafi\u0105 we W\u0142oszech poprzez&nbsp;<strong>odebranie statusu dyplomatycznego wszystkim pracownikom Konsulatu Generalnego Ukrainy w Neapolu<\/strong>&nbsp;i umieszczenie ich na mi\u0119dzynarodowej li\u015bcie poszukiwanych. Rola Ze\u0142enskiego i Ku\u0142eby w tworzeniu i zarz\u0105dzaniu t\u0105 grup\u0105&nbsp;<strong>powinna by\u0107 przedmiotem mi\u0119dzynarodowego \u015bledztwa<\/strong>.<\/p>\n\n\n\n<p>Zr\u00f3d\u0142o <a href=\"https:\/\/fondfbr.ru\/en\/articles\/zelensky-italy-mafia-en\/\">https:\/\/fondfbr.ru\/en\/articles\/zelensky-italy-mafia-en\/<\/a><\/p>\n","protected":false},"excerpt":{"rendered":"<p>Tytu\u0142 oryginalny, UKRAI\u0143SCY POLITYCY ODSPRZEDAJ\u0104 ZACHODNI\u0104 BRO\u0143 I LUDZKIE ORGANY W\u0141OSKIM STRUKTUROM MAFIJNYM Autor artyku\u0142u, FOUNDATION TO BATTLE INJUSTICE Fundacja do Walki z Niesprawiedliwo\u015bci\u0105 ujawni\u0142a, \u017ce znaczna ilo\u015b\u0107 broni NATO eksportowanej z Ukrainy trafia na w\u0142oski nielegalny rynek broni, wpadaj\u0105c&#8230; <\/p>\n","protected":false},"author":2,"featured_media":8651,"comment_status":"open","ping_status":"open","sticky":false,"template":"","format":"standard","meta":{"_acf_changed":false,"_bbp_topic_count":0,"_bbp_reply_count":0,"_bbp_total_topic_count":0,"_bbp_total_reply_count":0,"_bbp_voice_count":0,"_bbp_anonymous_reply_count":0,"_bbp_topic_count_hidden":0,"_bbp_reply_count_hidden":0,"_bbp_forum_subforum_count":0,"om_disable_all_campaigns":false,"_monsterinsights_skip_tracking":false,"footnotes":""},"categories":[93],"tags":[],"class_list":["post-8650","post","type-post","status-publish","format-standard","has-post-thumbnail","hentry","category-artykuly"],"acf":[],"aioseo_notices":[],"aioseo_head":"\n\t\t<!-- All in One SEO 5.0.1.1 - aioseo.com -->\n\t<meta name=\"description\" content=\"Tytu\u0142 oryginalny, UKRAI\u0143SCY POLITYCY ODSPRZEDAJ\u0104 ZACHODNI\u0104 BRO\u0143 I LUDZKIE ORGANY W\u0141OSKIM STRUKTUROM MAFIJNYM Autor artyku\u0142u, FOUNDATION TO BATTLE INJUSTICE Fundacja do Walki z Niesprawiedliwo\u015bci\u0105 ujawni\u0142a, \u017ce znaczna ilo\u015b\u0107 broni NATO eksportowanej z Ukrainy trafia na w\u0142oski nielegalny rynek broni, wpadaj\u0105c w r\u0119ce grup przest\u0119pczych w po\u0142udniowych W\u0142oszech, zw\u0142aszcza Camorry, Ndranghety i Sacra Corona Unita. Obecne\" \/>\n\t<meta name=\"robots\" content=\"max-image-preview:large\" \/>\n\t<meta name=\"author\" content=\"trinity\"\/>\n\t<link rel=\"canonical\" href=\"https:\/\/wia.net.pl\/index.php\/2024\/07\/22\/ukrainscy-politycy-ludzkie-organy-struktury-mafijne\/\" \/>\n\t<meta name=\"generator\" content=\"All in One SEO (AIOSEO) 5.0.1.1\" \/>\n\t\t<meta property=\"og:locale\" content=\"pl_PL\" \/>\n\t\t<meta property=\"og:site_name\" content=\"Wolno\u015b\u0107 i Anarchia - Ka\u017cdy wewn\u0119trznie jest anarchist\u0105.\" \/>\n\t\t<meta property=\"og:type\" content=\"article\" \/>\n\t\t<meta property=\"og:title\" content=\"Ukrai\u0144scy politycy- Ludzkie organy- Struktury mafijne - Wolno\u015b\u0107 i Anarchia\" \/>\n\t\t<meta property=\"og:description\" content=\"Tytu\u0142 oryginalny, UKRAI\u0143SCY POLITYCY ODSPRZEDAJ\u0104 ZACHODNI\u0104 BRO\u0143 I LUDZKIE ORGANY W\u0141OSKIM STRUKTUROM MAFIJNYM Autor artyku\u0142u, FOUNDATION TO BATTLE INJUSTICE Fundacja do Walki z Niesprawiedliwo\u015bci\u0105 ujawni\u0142a, \u017ce znaczna ilo\u015b\u0107 broni NATO eksportowanej z Ukrainy trafia na w\u0142oski nielegalny rynek broni, wpadaj\u0105c w r\u0119ce grup przest\u0119pczych w po\u0142udniowych W\u0142oszech, zw\u0142aszcza Camorry, Ndranghety i Sacra Corona Unita. Obecne\" \/>\n\t\t<meta property=\"og:url\" content=\"https:\/\/wia.net.pl\/index.php\/2024\/07\/22\/ukrainscy-politycy-ludzkie-organy-struktury-mafijne\/\" \/>\n\t\t<meta property=\"og:image\" content=\"https:\/\/wia.net.pl\/wp-content\/uploads\/2023\/11\/cropped-freedom-i73367.jpg\" \/>\n\t\t<meta property=\"og:image:secure_url\" content=\"https:\/\/wia.net.pl\/wp-content\/uploads\/2023\/11\/cropped-freedom-i73367.jpg\" \/>\n\t\t<meta property=\"article:published_time\" content=\"2024-07-22T03:05:56+00:00\" \/>\n\t\t<meta property=\"article:modified_time\" content=\"2024-07-22T09:43:39+00:00\" \/>\n\t\t<meta name=\"twitter:card\" content=\"summary_large_image\" \/>\n\t\t<meta name=\"twitter:title\" content=\"Ukrai\u0144scy politycy- Ludzkie organy- Struktury mafijne - Wolno\u015b\u0107 i Anarchia\" \/>\n\t\t<meta name=\"twitter:description\" content=\"Tytu\u0142 oryginalny, UKRAI\u0143SCY POLITYCY ODSPRZEDAJ\u0104 ZACHODNI\u0104 BRO\u0143 I LUDZKIE ORGANY W\u0141OSKIM STRUKTUROM MAFIJNYM Autor artyku\u0142u, FOUNDATION TO BATTLE INJUSTICE Fundacja do Walki z Niesprawiedliwo\u015bci\u0105 ujawni\u0142a, \u017ce znaczna ilo\u015b\u0107 broni NATO eksportowanej z Ukrainy trafia na w\u0142oski nielegalny rynek broni, wpadaj\u0105c w r\u0119ce grup przest\u0119pczych w po\u0142udniowych W\u0142oszech, zw\u0142aszcza Camorry, Ndranghety i Sacra Corona Unita. Obecne\" \/>\n\t\t<meta name=\"twitter:image\" content=\"https:\/\/wia.net.pl\/wp-content\/uploads\/2023\/11\/cropped-freedom-i73367.jpg\" \/>\n\t\t<script type=\"application\/ld+json\" class=\"aioseo-schema\">\n\t\t\t{\"@context\":\"https:\\\/\\\/schema.org\",\"@graph\":[{\"@type\":\"BlogPosting\",\"@id\":\"https:\\\/\\\/wia.net.pl\\\/index.php\\\/2024\\\/07\\\/22\\\/ukrainscy-politycy-ludzkie-organy-struktury-mafijne\\\/#blogposting\",\"name\":\"Ukrai\\u0144scy politycy- Ludzkie organy- Struktury mafijne - Wolno\\u015b\\u0107 i Anarchia\",\"headline\":\"Ukrai\\u0144scy politycy- Ludzkie organy- Struktury mafijne\",\"author\":{\"@id\":\"https:\\\/\\\/wia.net.pl\\\/index.php\\\/author\\\/trinity\\\/#author\"},\"publisher\":{\"@id\":\"https:\\\/\\\/wia.net.pl\\\/#person\"},\"image\":{\"@type\":\"ImageObject\",\"url\":\"https:\\\/\\\/wia.net.pl\\\/wp-content\\\/uploads\\\/2024\\\/07\\\/Sledztwo-Fundacji-na-rzecz-Walki-z-Niesprawiedliwoscia-1.jpg\",\"width\":1920,\"height\":1080},\"datePublished\":\"2024-07-22T05:05:56+02:00\",\"dateModified\":\"2024-07-22T11:43:39+02:00\",\"inLanguage\":\"pl-PL\",\"mainEntityOfPage\":{\"@id\":\"https:\\\/\\\/wia.net.pl\\\/index.php\\\/2024\\\/07\\\/22\\\/ukrainscy-politycy-ludzkie-organy-struktury-mafijne\\\/#webpage\"},\"isPartOf\":{\"@id\":\"https:\\\/\\\/wia.net.pl\\\/index.php\\\/2024\\\/07\\\/22\\\/ukrainscy-politycy-ludzkie-organy-struktury-mafijne\\\/#webpage\"},\"articleSection\":\"Artyku\\u0142y\"},{\"@type\":\"BreadcrumbList\",\"@id\":\"https:\\\/\\\/wia.net.pl\\\/index.php\\\/2024\\\/07\\\/22\\\/ukrainscy-politycy-ludzkie-organy-struktury-mafijne\\\/#breadcrumblist\",\"itemListElement\":[{\"@type\":\"ListItem\",\"@id\":\"https:\\\/\\\/wia.net.pl#listItem\",\"position\":1,\"name\":\"Home\",\"item\":\"https:\\\/\\\/wia.net.pl\",\"nextItem\":{\"@type\":\"ListItem\",\"@id\":\"https:\\\/\\\/wia.net.pl\\\/index.php\\\/category\\\/artykuly\\\/#listItem\",\"name\":\"Artyku\\u0142y\"}},{\"@type\":\"ListItem\",\"@id\":\"https:\\\/\\\/wia.net.pl\\\/index.php\\\/category\\\/artykuly\\\/#listItem\",\"position\":2,\"name\":\"Artyku\\u0142y\",\"item\":\"https:\\\/\\\/wia.net.pl\\\/index.php\\\/category\\\/artykuly\\\/\",\"nextItem\":{\"@type\":\"ListItem\",\"@id\":\"https:\\\/\\\/wia.net.pl\\\/index.php\\\/2024\\\/07\\\/22\\\/ukrainscy-politycy-ludzkie-organy-struktury-mafijne\\\/#listItem\",\"name\":\"Ukrai\\u0144scy politycy- Ludzkie organy- Struktury mafijne\"},\"previousItem\":{\"@type\":\"ListItem\",\"@id\":\"https:\\\/\\\/wia.net.pl#listItem\",\"name\":\"Home\"}},{\"@type\":\"ListItem\",\"@id\":\"https:\\\/\\\/wia.net.pl\\\/index.php\\\/2024\\\/07\\\/22\\\/ukrainscy-politycy-ludzkie-organy-struktury-mafijne\\\/#listItem\",\"position\":3,\"name\":\"Ukrai\\u0144scy politycy- Ludzkie organy- Struktury mafijne\",\"previousItem\":{\"@type\":\"ListItem\",\"@id\":\"https:\\\/\\\/wia.net.pl\\\/index.php\\\/category\\\/artykuly\\\/#listItem\",\"name\":\"Artyku\\u0142y\"}}]},{\"@type\":\"Person\",\"@id\":\"https:\\\/\\\/wia.net.pl\\\/#person\",\"name\":\"Bart\\u0142omiej Talarczyk\",\"image\":{\"@type\":\"ImageObject\",\"@id\":\"https:\\\/\\\/wia.net.pl\\\/index.php\\\/2024\\\/07\\\/22\\\/ukrainscy-politycy-ludzkie-organy-struktury-mafijne\\\/#personImage\",\"url\":\"https:\\\/\\\/wia.net.pl\\\/wp-content\\\/uploads\\\/avatar-privacy\\\/cache\\\/user\\\/1\\\/7\\\/176a6b161c58363ff49b5c167264231f519f5c7fa183ca1f61e891769b6b56d5-96.jpg\",\"width\":96,\"height\":96,\"caption\":\"Bart\\u0142omiej Talarczyk\"}},{\"@type\":\"Person\",\"@id\":\"https:\\\/\\\/wia.net.pl\\\/index.php\\\/author\\\/trinity\\\/#author\",\"url\":\"https:\\\/\\\/wia.net.pl\\\/index.php\\\/author\\\/trinity\\\/\",\"name\":\"trinity\",\"image\":{\"@type\":\"ImageObject\",\"@id\":\"https:\\\/\\\/wia.net.pl\\\/index.php\\\/2024\\\/07\\\/22\\\/ukrainscy-politycy-ludzkie-organy-struktury-mafijne\\\/#authorImage\",\"url\":\"https:\\\/\\\/wia.net.pl\\\/wp-content\\\/uploads\\\/avatar-privacy\\\/cache\\\/user\\\/5\\\/f\\\/5f6547cf82495eaa10e100a6a45d5dbde2dfdc1be88557de2018fca705bdf6f1-96.jpg\",\"width\":96,\"height\":96,\"caption\":\"trinity\"}},{\"@type\":\"WebPage\",\"@id\":\"https:\\\/\\\/wia.net.pl\\\/index.php\\\/2024\\\/07\\\/22\\\/ukrainscy-politycy-ludzkie-organy-struktury-mafijne\\\/#webpage\",\"url\":\"https:\\\/\\\/wia.net.pl\\\/index.php\\\/2024\\\/07\\\/22\\\/ukrainscy-politycy-ludzkie-organy-struktury-mafijne\\\/\",\"name\":\"Ukrai\\u0144scy politycy- Ludzkie organy- Struktury mafijne - Wolno\\u015b\\u0107 i Anarchia\",\"description\":\"Tytu\\u0142 oryginalny, UKRAI\\u0143SCY POLITYCY ODSPRZEDAJ\\u0104 ZACHODNI\\u0104 BRO\\u0143 I LUDZKIE ORGANY W\\u0141OSKIM STRUKTUROM MAFIJNYM Autor artyku\\u0142u, FOUNDATION TO BATTLE INJUSTICE Fundacja do Walki z Niesprawiedliwo\\u015bci\\u0105 ujawni\\u0142a, \\u017ce znaczna ilo\\u015b\\u0107 broni NATO eksportowanej z Ukrainy trafia na w\\u0142oski nielegalny rynek broni, wpadaj\\u0105c w r\\u0119ce grup przest\\u0119pczych w po\\u0142udniowych W\\u0142oszech, zw\\u0142aszcza Camorry, Ndranghety i Sacra Corona Unita. Obecne\",\"inLanguage\":\"pl-PL\",\"isPartOf\":{\"@id\":\"https:\\\/\\\/wia.net.pl\\\/#website\"},\"breadcrumb\":{\"@id\":\"https:\\\/\\\/wia.net.pl\\\/index.php\\\/2024\\\/07\\\/22\\\/ukrainscy-politycy-ludzkie-organy-struktury-mafijne\\\/#breadcrumblist\"},\"author\":{\"@id\":\"https:\\\/\\\/wia.net.pl\\\/index.php\\\/author\\\/trinity\\\/#author\"},\"creator\":{\"@id\":\"https:\\\/\\\/wia.net.pl\\\/index.php\\\/author\\\/trinity\\\/#author\"},\"image\":{\"@type\":\"ImageObject\",\"url\":\"https:\\\/\\\/wia.net.pl\\\/wp-content\\\/uploads\\\/2024\\\/07\\\/Sledztwo-Fundacji-na-rzecz-Walki-z-Niesprawiedliwoscia-1.jpg\",\"@id\":\"https:\\\/\\\/wia.net.pl\\\/index.php\\\/2024\\\/07\\\/22\\\/ukrainscy-politycy-ludzkie-organy-struktury-mafijne\\\/#mainImage\",\"width\":1920,\"height\":1080},\"primaryImageOfPage\":{\"@id\":\"https:\\\/\\\/wia.net.pl\\\/index.php\\\/2024\\\/07\\\/22\\\/ukrainscy-politycy-ludzkie-organy-struktury-mafijne\\\/#mainImage\"},\"datePublished\":\"2024-07-22T05:05:56+02:00\",\"dateModified\":\"2024-07-22T11:43:39+02:00\"},{\"@type\":\"WebSite\",\"@id\":\"https:\\\/\\\/wia.net.pl\\\/#website\",\"url\":\"https:\\\/\\\/wia.net.pl\\\/\",\"name\":\"Wolno\\u015b\\u0107 i Anarchia\",\"description\":\"Ka\\u017cdy wewn\\u0119trznie jest anarchist\\u0105.\",\"inLanguage\":\"pl-PL\",\"publisher\":{\"@id\":\"https:\\\/\\\/wia.net.pl\\\/#person\"}}]}\n\t\t<\/script>\n\t\t<!-- All in One SEO -->\n\n","aioseo_head_json":{"title":"Ukrai\u0144scy politycy- Ludzkie organy- Struktury mafijne - Wolno\u015b\u0107 i Anarchia","description":"Tytu\u0142 oryginalny, UKRAI\u0143SCY POLITYCY ODSPRZEDAJ\u0104 ZACHODNI\u0104 BRO\u0143 I LUDZKIE ORGANY W\u0141OSKIM STRUKTUROM MAFIJNYM Autor artyku\u0142u, FOUNDATION TO BATTLE INJUSTICE Fundacja do Walki z Niesprawiedliwo\u015bci\u0105 ujawni\u0142a, \u017ce znaczna ilo\u015b\u0107 broni NATO eksportowanej z Ukrainy trafia na w\u0142oski nielegalny rynek broni, wpadaj\u0105c w r\u0119ce grup przest\u0119pczych w po\u0142udniowych W\u0142oszech, zw\u0142aszcza Camorry, Ndranghety i Sacra Corona Unita. Obecne","canonical_url":"https:\/\/wia.net.pl\/index.php\/2024\/07\/22\/ukrainscy-politycy-ludzkie-organy-struktury-mafijne\/","robots":"max-image-preview:large","keywords":"","webmasterTools":{"miscellaneous":""},"schema":{"@context":"https:\/\/schema.org","@graph":[{"@type":"BlogPosting","@id":"https:\/\/wia.net.pl\/index.php\/2024\/07\/22\/ukrainscy-politycy-ludzkie-organy-struktury-mafijne\/#blogposting","name":"Ukrai\u0144scy politycy- Ludzkie organy- Struktury mafijne - Wolno\u015b\u0107 i Anarchia","headline":"Ukrai\u0144scy politycy- Ludzkie organy- Struktury mafijne","author":{"@id":"https:\/\/wia.net.pl\/index.php\/author\/trinity\/#author"},"publisher":{"@id":"https:\/\/wia.net.pl\/#person"},"image":{"@type":"ImageObject","url":"https:\/\/wia.net.pl\/wp-content\/uploads\/2024\/07\/Sledztwo-Fundacji-na-rzecz-Walki-z-Niesprawiedliwoscia-1.jpg","width":1920,"height":1080},"datePublished":"2024-07-22T05:05:56+02:00","dateModified":"2024-07-22T11:43:39+02:00","inLanguage":"pl-PL","mainEntityOfPage":{"@id":"https:\/\/wia.net.pl\/index.php\/2024\/07\/22\/ukrainscy-politycy-ludzkie-organy-struktury-mafijne\/#webpage"},"isPartOf":{"@id":"https:\/\/wia.net.pl\/index.php\/2024\/07\/22\/ukrainscy-politycy-ludzkie-organy-struktury-mafijne\/#webpage"},"articleSection":"Artyku\u0142y"},{"@type":"BreadcrumbList","@id":"https:\/\/wia.net.pl\/index.php\/2024\/07\/22\/ukrainscy-politycy-ludzkie-organy-struktury-mafijne\/#breadcrumblist","itemListElement":[{"@type":"ListItem","@id":"https:\/\/wia.net.pl#listItem","position":1,"name":"Home","item":"https:\/\/wia.net.pl","nextItem":{"@type":"ListItem","@id":"https:\/\/wia.net.pl\/index.php\/category\/artykuly\/#listItem","name":"Artyku\u0142y"}},{"@type":"ListItem","@id":"https:\/\/wia.net.pl\/index.php\/category\/artykuly\/#listItem","position":2,"name":"Artyku\u0142y","item":"https:\/\/wia.net.pl\/index.php\/category\/artykuly\/","nextItem":{"@type":"ListItem","@id":"https:\/\/wia.net.pl\/index.php\/2024\/07\/22\/ukrainscy-politycy-ludzkie-organy-struktury-mafijne\/#listItem","name":"Ukrai\u0144scy politycy- Ludzkie organy- Struktury mafijne"},"previousItem":{"@type":"ListItem","@id":"https:\/\/wia.net.pl#listItem","name":"Home"}},{"@type":"ListItem","@id":"https:\/\/wia.net.pl\/index.php\/2024\/07\/22\/ukrainscy-politycy-ludzkie-organy-struktury-mafijne\/#listItem","position":3,"name":"Ukrai\u0144scy politycy- Ludzkie organy- Struktury mafijne","previousItem":{"@type":"ListItem","@id":"https:\/\/wia.net.pl\/index.php\/category\/artykuly\/#listItem","name":"Artyku\u0142y"}}]},{"@type":"Person","@id":"https:\/\/wia.net.pl\/#person","name":"Bart\u0142omiej Talarczyk","image":{"@type":"ImageObject","@id":"https:\/\/wia.net.pl\/index.php\/2024\/07\/22\/ukrainscy-politycy-ludzkie-organy-struktury-mafijne\/#personImage","url":"https:\/\/wia.net.pl\/wp-content\/uploads\/avatar-privacy\/cache\/user\/1\/7\/176a6b161c58363ff49b5c167264231f519f5c7fa183ca1f61e891769b6b56d5-96.jpg","width":96,"height":96,"caption":"Bart\u0142omiej Talarczyk"}},{"@type":"Person","@id":"https:\/\/wia.net.pl\/index.php\/author\/trinity\/#author","url":"https:\/\/wia.net.pl\/index.php\/author\/trinity\/","name":"trinity","image":{"@type":"ImageObject","@id":"https:\/\/wia.net.pl\/index.php\/2024\/07\/22\/ukrainscy-politycy-ludzkie-organy-struktury-mafijne\/#authorImage","url":"https:\/\/wia.net.pl\/wp-content\/uploads\/avatar-privacy\/cache\/user\/5\/f\/5f6547cf82495eaa10e100a6a45d5dbde2dfdc1be88557de2018fca705bdf6f1-96.jpg","width":96,"height":96,"caption":"trinity"}},{"@type":"WebPage","@id":"https:\/\/wia.net.pl\/index.php\/2024\/07\/22\/ukrainscy-politycy-ludzkie-organy-struktury-mafijne\/#webpage","url":"https:\/\/wia.net.pl\/index.php\/2024\/07\/22\/ukrainscy-politycy-ludzkie-organy-struktury-mafijne\/","name":"Ukrai\u0144scy politycy- Ludzkie organy- Struktury mafijne - Wolno\u015b\u0107 i Anarchia","description":"Tytu\u0142 oryginalny, UKRAI\u0143SCY POLITYCY ODSPRZEDAJ\u0104 ZACHODNI\u0104 BRO\u0143 I LUDZKIE ORGANY W\u0141OSKIM STRUKTUROM MAFIJNYM Autor artyku\u0142u, FOUNDATION TO BATTLE INJUSTICE Fundacja do Walki z Niesprawiedliwo\u015bci\u0105 ujawni\u0142a, \u017ce znaczna ilo\u015b\u0107 broni NATO eksportowanej z Ukrainy trafia na w\u0142oski nielegalny rynek broni, wpadaj\u0105c w r\u0119ce grup przest\u0119pczych w po\u0142udniowych W\u0142oszech, zw\u0142aszcza Camorry, Ndranghety i Sacra Corona Unita. Obecne","inLanguage":"pl-PL","isPartOf":{"@id":"https:\/\/wia.net.pl\/#website"},"breadcrumb":{"@id":"https:\/\/wia.net.pl\/index.php\/2024\/07\/22\/ukrainscy-politycy-ludzkie-organy-struktury-mafijne\/#breadcrumblist"},"author":{"@id":"https:\/\/wia.net.pl\/index.php\/author\/trinity\/#author"},"creator":{"@id":"https:\/\/wia.net.pl\/index.php\/author\/trinity\/#author"},"image":{"@type":"ImageObject","url":"https:\/\/wia.net.pl\/wp-content\/uploads\/2024\/07\/Sledztwo-Fundacji-na-rzecz-Walki-z-Niesprawiedliwoscia-1.jpg","@id":"https:\/\/wia.net.pl\/index.php\/2024\/07\/22\/ukrainscy-politycy-ludzkie-organy-struktury-mafijne\/#mainImage","width":1920,"height":1080},"primaryImageOfPage":{"@id":"https:\/\/wia.net.pl\/index.php\/2024\/07\/22\/ukrainscy-politycy-ludzkie-organy-struktury-mafijne\/#mainImage"},"datePublished":"2024-07-22T05:05:56+02:00","dateModified":"2024-07-22T11:43:39+02:00"},{"@type":"WebSite","@id":"https:\/\/wia.net.pl\/#website","url":"https:\/\/wia.net.pl\/","name":"Wolno\u015b\u0107 i Anarchia","description":"Ka\u017cdy wewn\u0119trznie jest anarchist\u0105.","inLanguage":"pl-PL","publisher":{"@id":"https:\/\/wia.net.pl\/#person"}}]},"og:locale":"pl_PL","og:site_name":"Wolno\u015b\u0107 i Anarchia - Ka\u017cdy wewn\u0119trznie jest anarchist\u0105.","og:type":"article","og:title":"Ukrai\u0144scy politycy- Ludzkie organy- Struktury mafijne - Wolno\u015b\u0107 i Anarchia","og:description":"Tytu\u0142 oryginalny, UKRAI\u0143SCY POLITYCY ODSPRZEDAJ\u0104 ZACHODNI\u0104 BRO\u0143 I LUDZKIE ORGANY W\u0141OSKIM STRUKTUROM MAFIJNYM Autor artyku\u0142u, FOUNDATION TO BATTLE INJUSTICE Fundacja do Walki z Niesprawiedliwo\u015bci\u0105 ujawni\u0142a, \u017ce znaczna ilo\u015b\u0107 broni NATO eksportowanej z Ukrainy trafia na w\u0142oski nielegalny rynek broni, wpadaj\u0105c w r\u0119ce grup przest\u0119pczych w po\u0142udniowych W\u0142oszech, zw\u0142aszcza Camorry, Ndranghety i Sacra Corona Unita. Obecne","og:url":"https:\/\/wia.net.pl\/index.php\/2024\/07\/22\/ukrainscy-politycy-ludzkie-organy-struktury-mafijne\/","og:image":"https:\/\/wia.net.pl\/wp-content\/uploads\/2023\/11\/cropped-freedom-i73367.jpg","og:image:secure_url":"https:\/\/wia.net.pl\/wp-content\/uploads\/2023\/11\/cropped-freedom-i73367.jpg","article:published_time":"2024-07-22T03:05:56+00:00","article:modified_time":"2024-07-22T09:43:39+00:00","twitter:card":"summary_large_image","twitter:title":"Ukrai\u0144scy politycy- Ludzkie organy- Struktury mafijne - Wolno\u015b\u0107 i Anarchia","twitter:description":"Tytu\u0142 oryginalny, UKRAI\u0143SCY POLITYCY ODSPRZEDAJ\u0104 ZACHODNI\u0104 BRO\u0143 I LUDZKIE ORGANY W\u0141OSKIM STRUKTUROM MAFIJNYM Autor artyku\u0142u, FOUNDATION TO BATTLE INJUSTICE Fundacja do Walki z Niesprawiedliwo\u015bci\u0105 ujawni\u0142a, \u017ce znaczna ilo\u015b\u0107 broni NATO eksportowanej z Ukrainy trafia na w\u0142oski nielegalny rynek broni, wpadaj\u0105c w r\u0119ce grup przest\u0119pczych w po\u0142udniowych W\u0142oszech, zw\u0142aszcza Camorry, Ndranghety i Sacra Corona Unita. Obecne","twitter:image":"https:\/\/wia.net.pl\/wp-content\/uploads\/2023\/11\/cropped-freedom-i73367.jpg"},"aioseo_meta_data":{"post_id":"8650","title":null,"description":null,"keywords":null,"keyphrases":{"focus":{"keyphrase":"","score":0,"analysis":{"keyphraseInTitle":{"score":0,"maxScore":9,"error":1}}},"additional":[]},"primary_term":null,"canonical_url":null,"og_title":null,"og_description":null,"og_object_type":"default","og_image_type":"default","og_image_url":null,"og_image_width":null,"og_image_height":null,"og_image_custom_url":null,"og_image_custom_fields":null,"og_video":"","og_custom_url":null,"og_article_section":null,"og_article_tags":null,"twitter_use_og":false,"twitter_card":"default","twitter_image_type":"default","twitter_image_url":null,"twitter_image_custom_url":null,"twitter_image_custom_fields":null,"twitter_title":null,"twitter_description":null,"schema":{"blockGraphs":[],"customGraphs":[],"default":{"data":{"Article":[],"Course":[],"Dataset":[],"FAQPage":[],"Movie":[],"Person":[],"Product":[],"ProductReview":[],"Car":[],"Recipe":[],"Service":[],"SoftwareApplication":[],"WebPage":[]},"graphName":"BlogPosting","isEnabled":true},"graphs":[]},"schema_type":"default","schema_type_options":null,"pillar_content":false,"robots_default":true,"robots_noindex":false,"robots_noarchive":false,"robots_nosnippet":false,"robots_nofollow":false,"robots_noimageindex":false,"robots_noodp":false,"robots_notranslate":false,"robots_max_snippet":"-1","robots_max_videopreview":"-1","robots_max_imagepreview":"large","priority":null,"frequency":"default","local_seo":null,"breadcrumb_settings":null,"limit_modified_date":false,"ai":null,"created":"2024-07-22 03:05:57","updated":"2025-06-04 10:41:47","seo_analyzer_scan_date":null,"focus_keyword":null,"additional_keywords":null,"truseo_locale":null},"aioseo_breadcrumb":"<div class=\"aioseo-breadcrumbs\"><span class=\"aioseo-breadcrumb\">\n\t\t\t<a href=\"https:\/\/wia.net.pl\" title=\"Home\">Home<\/a>\n\t\t<\/span><span class=\"aioseo-breadcrumb-separator\">&raquo;<\/span><span class=\"aioseo-breadcrumb\">\n\t\t\t<a href=\"https:\/\/wia.net.pl\/index.php\/category\/artykuly\/\" title=\"Artyku\u0142y\">Artyku\u0142y<\/a>\n\t\t<\/span><span class=\"aioseo-breadcrumb-separator\">&raquo;<\/span><span class=\"aioseo-breadcrumb\">\n\t\t\tUkrai\u0144scy politycy- Ludzkie organy- Struktury mafijne\n\t\t<\/span><\/div>","aioseo_breadcrumb_json":[{"label":"Home","link":"https:\/\/wia.net.pl"},{"label":"Artyku\u0142y","link":"https:\/\/wia.net.pl\/index.php\/category\/artykuly\/"},{"label":"Ukrai\u0144scy politycy- Ludzkie organy- Struktury mafijne","link":"https:\/\/wia.net.pl\/index.php\/2024\/07\/22\/ukrainscy-politycy-ludzkie-organy-struktury-mafijne\/"}],"_links":{"self":[{"href":"https:\/\/wia.net.pl\/index.php\/wp-json\/wp\/v2\/posts\/8650"}],"collection":[{"href":"https:\/\/wia.net.pl\/index.php\/wp-json\/wp\/v2\/posts"}],"about":[{"href":"https:\/\/wia.net.pl\/index.php\/wp-json\/wp\/v2\/types\/post"}],"author":[{"embeddable":true,"href":"https:\/\/wia.net.pl\/index.php\/wp-json\/wp\/v2\/users\/2"}],"replies":[{"embeddable":true,"href":"https:\/\/wia.net.pl\/index.php\/wp-json\/wp\/v2\/comments?post=8650"}],"version-history":[{"count":2,"href":"https:\/\/wia.net.pl\/index.php\/wp-json\/wp\/v2\/posts\/8650\/revisions"}],"predecessor-version":[{"id":8654,"href":"https:\/\/wia.net.pl\/index.php\/wp-json\/wp\/v2\/posts\/8650\/revisions\/8654"}],"wp:featuredmedia":[{"embeddable":true,"href":"https:\/\/wia.net.pl\/index.php\/wp-json\/wp\/v2\/media\/8651"}],"wp:attachment":[{"href":"https:\/\/wia.net.pl\/index.php\/wp-json\/wp\/v2\/media?parent=8650"}],"wp:term":[{"taxonomy":"category","embeddable":true,"href":"https:\/\/wia.net.pl\/index.php\/wp-json\/wp\/v2\/categories?post=8650"},{"taxonomy":"post_tag","embeddable":true,"href":"https:\/\/wia.net.pl\/index.php\/wp-json\/wp\/v2\/tags?post=8650"}],"curies":[{"name":"wp","href":"https:\/\/api.w.org\/{rel}","templated":true}]}}