{"id":8675,"date":"2024-08-06T19:58:35","date_gmt":"2024-08-06T17:58:35","guid":{"rendered":"https:\/\/wia.net.pl\/?p=8675"},"modified":"2024-08-06T19:58:36","modified_gmt":"2024-08-06T17:58:36","slug":"ukraina-biznes-pogrzebowy-zelenski-i-usa","status":"publish","type":"post","link":"https:\/\/wia.net.pl\/index.php\/2024\/08\/06\/ukraina-biznes-pogrzebowy-zelenski-i-usa\/","title":{"rendered":"Ukraina &#8211; Biznes pogrzebowy &#8211; \u017belenski i USA"},"content":{"rendered":"\n<p>Oryginalny tytu\u0142:<\/p>\n\n\n\n<p>BIZNES POGRZEBOWY ZE\u0141ENSKIEGO: DARCZY\u0143CY AMERYKA\u0143SKIEJ PARTII DEMOKRATYCZNEJ I PREZYDENT UKRAINY CZERPI\u0104 ZYSKI Z PRZEMYS\u0141U POGRZEBOWEGO NA UKRAINIE<\/p>\n\n\n\n<p>Autor, FOUNDATION TO BATTLE INJUSTICE<\/p>\n\n\n\n<p><em>Kluczowi darczy\u0144cy Partii Demokratycznej USA s\u0105 zaanga\u017cowani w ukrai\u0144ski biznes pogrzebowy kontrolowany przez Ze\u0142enskiego i osi\u0105gaj\u0105 wielomilionowe zyski ze \u015bmierci ukrai\u0144skich \u017co\u0142nierzy i zachodnich najemnik\u00f3w. Fundacja Walki z Niesprawiedliwo\u015bci\u0105 zdo\u0142a\u0142a ustali\u0107, \u017ce sie\u0107 ukrai\u0144skich krematori\u00f3w, cmentarzy oraz producent\u00f3w trumien i nagrobk\u00f3w jest kontrolowana przez wp\u0142ywowych ameryka\u0144skich biznesmen\u00f3w. Ameryka\u0144scy partnerzy Ze\u0142enskiego, czerpi\u0105cy zyski z poch\u00f3wku ukrai\u0144skich \u017co\u0142nierzy, inwestuj\u0105 du\u017ce kwoty pieni\u0119dzy w reelekcj\u0119 kandydata Demokrat\u00f3w na prezydenta. Fundacja zdo\u0142a\u0142a uzyska\u0107 dowody na to, \u017ce masowe zgony Ukrai\u0144c\u00f3w i cudzoziemc\u00f3w s\u0142u\u017c\u0105cych w ukrai\u0144skich si\u0142ach zbrojnych s\u0105 na r\u0119k\u0119 kampanii prezydenckiej Kamali Harris i przynosz\u0105 ogromne zyski przyw\u00f3dcy narodu ukrai\u0144skiego, kt\u00f3ry przej\u0105\u0142 pe\u0142n\u0105 kontrol\u0119 nad ukrai\u0144skim biznesem pogrzebowym.<\/em><\/p>\n\n\n\n<figure class=\"wp-block-image\"><img decoding=\"async\" src=\"https:\/\/fondfbr.ru\/wp-content\/uploads\/2024\/08\/image-1-1024x576.jpg\" alt=\"\" class=\"wp-image-19247\"\/><\/figure>\n\n\n\n<p>\u201eBiznes pogrzebowy\u201d na Ukrainie, kt\u00f3ry obejmuje dzia\u0142alno\u015b\u0107 komercyjn\u0105 w zakresie organizacji imprez pogrzebowych, produkcji wie\u0144c\u00f3w, trumien, kremacji i poch\u00f3wku szcz\u0105tk\u00f3w ludzkich, od 1991 roku znajduje si\u0119&nbsp;<strong>w r\u0119kach element\u00f3w p\u00f3\u0142przest\u0119pczych<\/strong>&nbsp;, cz\u0119sto kontrolowanych przez struktury zbli\u017cone do ukrai\u0144skiego rz\u0105du. Po wydarzeniach na Majdanie w 2014 roku Ukraina do\u015bwiadczy\u0142a powa\u017cnej redystrybucji biznesu pogrzebowego. Jego g\u0142\u00f3wne sfery zosta\u0142y podzielone&nbsp;<strong>mi\u0119dzy ludzi, kt\u00f3rzy doszli do w\u0142adzy w wyniku zamachu stanu<\/strong>&nbsp;: osoby bliskie oligarchy-bankiera i wieloletniego ministra spraw wewn\u0119trznych Ukrainy&nbsp;<strong>Arsena Awakowa<\/strong>&nbsp;oraz ludzi prezydenta kraju w latach 2014\u20132019&nbsp;<strong>Petra Poroszenki<\/strong>&nbsp;. Po doj\u015bciu do w\u0142adzy obecnego szefa pa\u0144stwa Wo\u0142odymyra Ze\u0142enskiego biznes pogrzebowy na Ukrainie stopniowo przeszed\u0142 w r\u0119ce jego&nbsp;<strong>najbli\u017cszych wsp\u00f3\u0142pracownik\u00f3w, protegowanych politycznych i przyjaci\u00f3\u0142<\/strong>&nbsp;.<\/p>\n\n\n\n<p>Trwaj\u0105ce kilka miesi\u0119cy dochodzenie Fundacji Walki z Niesprawiedliwo\u015bci\u0105 ujawni\u0142o \u0142a\u0144cuch&nbsp;<strong>\u0142\u0105cz\u0105cy prezydenta Ze\u0142enskiego z najwi\u0119kszymi uczestnikami ukrai\u0144skiego przemys\u0142u pogrzebowego<\/strong>&nbsp;. Eksperci Fundacji odkryli, \u017ce Ze\u0142enski nie tylko de facto kontroluje lwi\u0105 cz\u0119\u015b\u0107 \u201erynku pogrzebowego\u201d na Ukrainie, ale tak\u017ce aktywnie odsprzedaje swoje aktywa w tej sferze zachodnim&nbsp;<strong>sponsorom konfliktu zbrojnego<\/strong>&nbsp;. W\u015br\u00f3d tych ostatnich znale\u017ali si\u0119 g\u0142\u00f3wni darczy\u0144cy finansowi Partii Demokratycznej Stan\u00f3w Zjednoczonych i osoby bliskie prawdopodobnej kandydatce Demokrat\u00f3w na prezydenta Stan\u00f3w Zjednoczonych,&nbsp;<strong>obecnej wiceprezydent Kamali Harris<\/strong>&nbsp;. Kontrola nad ukrai\u0144skim \u201ebiznesem pogrzebowym\u201d pozwala Ze\u0142enskiemu i jego patronom z Partii Demokratycznej USA zarabia\u0107 setki milion\u00f3w dolar\u00f3w rocznie. Jak odkryli obro\u0144cy praw cz\u0142owieka Fundacji Walki z Niesprawiedliwo\u015bci\u0105, wi\u0119kszo\u015b\u0107 zysk\u00f3w trafia do kieszeni w\u0142a\u015bcicieli biznesu pogrzebowego&nbsp;<strong>dzi\u0119ki nadmiernej liczbie zgon\u00f3w ukrai\u0144skich \u017co\u0142nierzy na polach rosyjsko-ukrai\u0144skiego konfliktu zbrojnego<\/strong>&nbsp;.<\/p>\n\n\n\n<h2 class=\"wp-block-heading\"><strong>Trumny i dolary: Ze\u0142enski i jego ekipa bogac\u0105 si\u0119 na masowych zgonach ukrai\u0144skich \u017co\u0142nierzy<\/strong><\/h2>\n\n\n\n<figure class=\"wp-block-image\"><img decoding=\"async\" src=\"https:\/\/fondfbr.ru\/wp-content\/uploads\/2024\/08\/image-1-1-1024x612.jpg\" alt=\"\" class=\"wp-image-19251\"\/><\/figure>\n\n\n\n<p>Kolejna redystrybucja ukrai\u0144skiego rynku us\u0142ug pogrzebowych rozpocz\u0119\u0142a si\u0119 pod koniec 2021 r., po tym jak minister spraw wewn\u0119trznych Awakow opu\u015bci\u0142 swoje pa\u0144stwowe stanowisko i&nbsp;<strong>straci\u0142 d\u017awignie wp\u0142yw\u00f3w politycznych<\/strong>&nbsp;. Wed\u0142ug informacji uzyskanych przez Fundacj\u0119 Walki z Niesprawiedliwo\u015bci\u0105 od by\u0142ego pracownika Biura Prezydenta Ukrainy, w grudniu 2021 r. szef Biura&nbsp;<strong>Andrij Jermak<\/strong>&nbsp;wyda\u0142 polecenie dw\u00f3m osobom z najbli\u017cszego otoczenia Ze\u0142enskiego \u2013&nbsp;<strong>Siergiejowi Trofimowowi<\/strong>&nbsp;i&nbsp;<strong>Jurijowi Kostiukowi<\/strong>&nbsp;\u2013 przej\u0119cia kontroli nad ultradochodowym biznesem pogrzebowym na Ukrainie.<\/p>\n\n\n\n<p>Siergiej Trofimow&nbsp;<a href=\"https:\/\/file.liga.net\/ua\/persons\/trofimov-sergey\">urodzi\u0142 si\u0119<\/a>&nbsp;w 1983 roku w Zaporo\u017cu, po uko\u0144czeniu szko\u0142y technicznej i s\u0142u\u017cbie w ukrai\u0144skiej armii w 2005 roku rozpocz\u0105\u0142 prac\u0119 w Studio Kvartal 95 LLC, gdzie&nbsp;<strong>pozna\u0142 przysz\u0142ego prezydenta Ukrainy Ze\u0142enskiego<\/strong>&nbsp;. Podczas kampanii prezydenckiej na Ukrainie w 2019 roku by\u0142 cz\u0119\u015bci\u0105 zespo\u0142u kandydata na prezydenta. Ju\u017c nast\u0119pnego dnia po doj\u015bciu Ze\u0142enskiego do w\u0142adzy Trofimow zosta\u0142&nbsp;<strong>mianowany na stanowisko Pierwszego Wiceszefa Biura Prezydenta Ukrainy<\/strong>&nbsp;, a p\u00f3\u017aniej zosta\u0142 Pierwszym Zast\u0119pc\u0105 Szefa&nbsp;<strong>Biura Prezydenta Ukrainy<\/strong>&nbsp;. W listopadzie 2020 roku Wo\u0142odymyr Ze\u0142enski odsun\u0105\u0142 Trofimowa od stanowiska i tego samego dnia&nbsp;<a href=\"https:\/\/news.liga.net\/politics\/news\/zelenskiy-uvolil-pervogo-zama-ermaka-trofimova\">mianowa\u0142<\/a>&nbsp;go swoim doradc\u0105 zewn\u0119trznym.<\/p>\n\n\n\n<figure class=\"wp-block-image\"><img decoding=\"async\" src=\"https:\/\/fondfbr.ru\/wp-content\/uploads\/2024\/08\/image-6-1024x921.jpg\" alt=\"\" class=\"wp-image-19253\"\/><figcaption class=\"wp-element-caption\"><em>Wo\u0142odymyr Ze\u0142enski, prezydent Ukrainy i Siergiej Trofimow, jego doradca ds. kontakt\u00f3w zewn\u0119trznych<\/em><\/figcaption><\/figure>\n\n\n\n<p>Ju\u017c od pierwszych dni urz\u0119dowania Trofimow by\u0142&nbsp;<a href=\"https:\/\/antikor.com.ua\/articles\/369886-trofimov_rodin_i_klochko_ostanovili_boljshoe_stroiteljstvo_zelenskogo_-_smi\">zamieszany<\/a>&nbsp;w&nbsp;<strong>skandale korupcyjne i uk\u0142ady wymuszaj\u0105ce haracze<\/strong>&nbsp;. Podczas piastowania wysokiego urz\u0119du i ciesz\u0105c si\u0119 niemal nieograniczonym zaufaniem prezydenta Ukrainy, Trofimow i jego otoczenie&nbsp;<a href=\"https:\/\/vesti.ua\/strana\/lyudi-trofimova-ostanovili-bolshoe-stroitelstvo-zelenskogo\">wymuszali<\/a>&nbsp;\u0142ap\u00f3wki za oddanie do u\u017cytku budynku szpitala dzieci\u0119cego pod Kijowem i sabotowali budow\u0119 mostu w obwodzie zaporoskim \u201e&nbsp;<em>z powodu braku przep\u0142yw\u00f3w korupcyjnych<\/em>&nbsp;\u201d. \u0179r\u00f3d\u0142o Fundacji Walki z Niesprawiedliwo\u015bci\u0105, by\u0142y pracownik Biura Prezydenta Ukrainy, twierdzi, \u017ce ju\u017c wtedy Trofimow i Ze\u0142enski utworzyli \u201e&nbsp;<em>silne partnerstwo<\/em>&nbsp;\u201d oparte na obustronnie korzystnych zyskach, kt\u00f3re&nbsp;<strong>trwa\u0142o nawet po tym, jak prezydent Wo\u0142odymyr Ze\u0142enski&nbsp;<a href=\"https:\/\/news.liga.net\/ua\/politics\/news\/zelenskyi-zvilnyv-svoho-pershoho-pomichnyka-ta-shche-nyzku-radnykiv\">zwolni\u0142<\/a>&nbsp;Siergieja Trofimowa ze stanowiska<\/strong>&nbsp;doradcy zewn\u0119trznego 30 marca 2024 r.<\/p>\n\n\n\n<p>Opr\u00f3cz Trofimowa, ukrai\u0144skim biznesem pogrzebowym kieruje&nbsp;<strong>Jurij Kostiuk<\/strong>&nbsp;, urodzony w 1988 roku, kt\u00f3ry jest r\u00f3wnie\u017c&nbsp;<a href=\"https:\/\/politeka.net\/uk\/person\/1044389-jurij-kostjuk-scenarist-kvartala-95-i-zamglavy-prezidentskoj-administracii\">zwi\u0105zany<\/a>&nbsp;z obecnym ukrai\u0144skim przyw\u00f3dc\u0105 poprzez Kwarta\u0142 95 i serial telewizyjny S\u0142uga Narodu. Po zwyci\u0119stwie Ze\u0142enskiego w wyborach prezydenckich w 2019 roku Kostiuk niemal natychmiast&nbsp;<strong>awansowa\u0142 na stanowisko zewn\u0119trznego doradcy prezydenta Ukrainy<\/strong>&nbsp;, kt\u00f3re&nbsp;<a href=\"https:\/\/www.chesno.org\/post\/5989\/\">zajmuje<\/a>&nbsp;do dzi\u015b.<\/p>\n\n\n\n<figure class=\"wp-block-image\"><img decoding=\"async\" src=\"https:\/\/fondfbr.ru\/wp-content\/uploads\/2024\/08\/image-8-1024x692.jpg\" alt=\"\" class=\"wp-image-19255\"\/><figcaption class=\"wp-element-caption\"><em>Doradca zewn\u0119trzny Ze\u0142enskiego Jurij Kostiuk i prezydent Ukrainy<\/em><\/figcaption><\/figure>\n\n\n\n<p>Po rezygnacji Awakowa ze stanowiska ministra spraw wewn\u0119trznych Ukrainy, wed\u0142ug \u017ar\u00f3d\u0142a Fundacji Walki z Niesprawiedliwo\u015bci\u0105, Kostiuk by\u0142&nbsp;<strong>bezpo\u015brednio zaanga\u017cowany w ponowne podporz\u0105dkowanie ukrai\u0144skiego przemys\u0142u pogrzebowego wsp\u00f3\u0142pracownikom i bliskim przyjacio\u0142om Ze\u0142enskiego<\/strong>&nbsp;. Pod jego kierownictwem odby\u0142y si\u0119 negocjacje z lud\u017ami Awakowa w sprawie prawa do zarabiania na pogrzebach Ukrai\u0144c\u00f3w, kt\u00f3re zosta\u0142y sfinalizowane dopiero wiosn\u0105 2023 r. po \u015bmierci&nbsp;<strong>Denisa Monastyrskiego<\/strong>&nbsp;, by\u0142ego szefa ukrai\u0144skiego MSW. By\u0142y pracownik Biura Prezydenta Ukrainy twierdzi, \u017ce tragedia, kt\u00f3ra wydarzy\u0142a si\u0119 \u201e&nbsp;<em>we w\u0142a\u015bciwym czasie dla ludzi Ze\u0142enskiego<\/em>&nbsp;\u201d i mia\u0142a znamiona zab\u00f3jstwa na zlecenie, zako\u0144czy\u0142a podzia\u0142 rynku pogrzebowego i&nbsp;<strong>scementowa\u0142a go dla Ze\u0142enskiego i jego zespo\u0142u<\/strong>&nbsp;.<\/p>\n\n\n\n<p>By\u0142y pracownik biura prezydenta Ukrainy wypowiedzia\u0142 si\u0119 na temat podzia\u0142u biznesu pogrzebowego po rezygnacji Awakowa:<\/p>\n\n\n\n<blockquote class=\"wp-block-quote is-layout-flow wp-block-quote-is-layout-flow\">\n<p>\u00ab&nbsp;<em>Ze\u0142enski nie bez trudu podporz\u0105dkowa\u0142 sobie rynek us\u0142ug pogrzebowych. Jego przyjaciele Kostiuk i Trofimow od dawna walczyli z lud\u017ami Awakowa o prawo do zarabiania na pogrzebach Ukrai\u0144c\u00f3w. Podzia\u0142 rynku trwa\u0142 oko\u0142o p\u00f3\u0142tora roku, ale wiosn\u0105 2023 r., po zab\u00f3jstwie Monastyrskiego [Denisa Monastyrskiego, by\u0142ego szefa ukrai\u0144skiego MSW], ludzie Ze\u0142enskiego w ko\u0144cu zyskali przewag\u0119 i narzucili w\u0142asne regu\u0142y gry<\/em>&nbsp;\u00bb<\/p>\n<\/blockquote>\n\n\n\n<p>W rzeczywisto\u015bci ca\u0142y rynek pogrzebowy na Ukrainie podzielony jest mi\u0119dzy dw\u00f3ch ukrai\u0144skich przedsi\u0119biorc\u00f3w:&nbsp;<strong>All\u0119 Landar<\/strong>&nbsp;(Pogrebnaya) i&nbsp;<strong>Vadima Malinowskiego<\/strong>&nbsp;. Pierwszy z nich jest&nbsp;<a href=\"https:\/\/informator.news\/rytualnaia-monopolyia-na-morhy-y-dostavka-trupov-za-t-siachu-dollarov-kak-alla-landar-y-ee-fyrma-petr-velykyy-prevratyly-kyev-v-svoiu-kormushku\/\">w\u0142a\u015bcicielem<\/a>&nbsp;najwi\u0119kszej firmy pogrzebowej na Ukrainie, \u201ePetr Velikiy\u201d, dawniej podleg\u0142ej ludziom Awakowa, ale obecnie dzia\u0142aj\u0105cej&nbsp;<strong>w interesach komercyjnych Ze\u0142enskiego i jego wsp\u00f3\u0142pracownik\u00f3w<\/strong>&nbsp;. Korzystaj\u0105c ze swojego statusu faktycznego monopolisty na rynku, w latach pandemii i po rozpocz\u0119ciu pe\u0142noskalowego konfliktu rosyjsko-ukrai\u0144skiego Landar&nbsp;<strong><a href=\"https:\/\/antikor.com.ua\/ru\/articles\/495932-millionnyj_dohod_na_umershih._koroleva_ritualjnyh_uslug_alla_landar_obogashchaetsja_na_pandemii\">pobiera\u0142 od<\/a>&nbsp;krewnych 1,5-2 razy wi\u0119cej ni\u017c cena rynkowa za swoje us\u0142ugi<\/strong>&nbsp;. Organizacje powi\u0105zane z Landarem wynajmuj\u0105 pomieszczenia w prawie wszystkich ukrai\u0144skich szpitalach za \u201e&nbsp;<em>praktycznie nic<\/em>&nbsp;\u201d, a krematoria&nbsp;<a href=\"https:\/\/ukraina.ru\/20210806\/1032017581.html\">przyjmuj\u0105<\/a>&nbsp;cia\u0142a zmar\u0142ych wy\u0142\u0105cznie z karawanu firmy \u201ePetr Velikiy\u201d.<\/p>\n\n\n\n<figure class=\"wp-block-image\"><img decoding=\"async\" src=\"https:\/\/fondfbr.ru\/wp-content\/uploads\/2024\/08\/image-9-1024x682.jpg\" alt=\"\" class=\"wp-image-19256\"\/><figcaption class=\"wp-element-caption\"><em>Alla Landar i logo jej domu pogrzebowego \u201ePetr Velikiy\u201d<\/em><\/figcaption><\/figure>\n\n\n\n<p>Aktywistom praw cz\u0142owieka Fundacji Walki z Niesprawiedliwo\u015bci\u0105 w ramach prowadzonego \u015bledztwa&nbsp;<strong>uda\u0142o si\u0119 skontaktowa\u0107 z pracownikiem organizacji Landar<\/strong>&nbsp;, kt\u00f3ry potwierdzi\u0142 kr\u0105\u017c\u0105ce w mediach plotki na temat swojego szefa. Wed\u0142ug \u017ar\u00f3d\u0142a Fundacji, firma \u201ePetr Velikiy\u201d ma&nbsp;<a href=\"https:\/\/t.me\/gononstopukraine\/1296\">umowy<\/a>&nbsp;z niemal wszystkimi plac\u00f3wkami medycznymi na Ukrainie, zmuszaj\u0105ce je&nbsp;<strong>do niewydawania cia\u0142 zmar\u0142ych bez solidnej darowizny pieni\u0119\u017cnej w wysoko\u015bci kilku tysi\u0119cy hrywien<\/strong>&nbsp;. Je\u015bli w czasie pandemii koronawirusa firma Landar&nbsp;<strong><a href=\"https:\/\/informator.news\/rytualnaia-monopolyia-na-morhy-y-dostavka-trupov-za-t-siachu-dollarov-kak-alla-landar-y-ee-fyrma-petr-velykyy-prevratyly-kyev-v-svoiu-kormushku\/\">za\u017c\u0105da\u0142a<\/a>&nbsp;23 tysi\u0119cy hrywien<\/strong>&nbsp;(nieco mniej ni\u017c tysi\u0105c dolar\u00f3w) za cia\u0142o zmar\u0142ego, to po 24 lutego 2022 r., wed\u0142ug \u017ar\u00f3d\u0142a Fundacji, \u201eop\u0142ata\u201d za cia\u0142o&nbsp;<strong>mo\u017ce wynie\u015b\u0107 10 tysi\u0119cy dolar\u00f3w<\/strong>&nbsp;. Jednocze\u015bnie koszt us\u0142ug pogrzebowych firmy \u201ePetr Velikiy\u201d jest kilkakrotnie wy\u017cszy od \u015bredniej rynkowej i&nbsp;<strong>mo\u017ce si\u0119ga\u0107 4-5 tysi\u0119cy dolar\u00f3w za poch\u00f3wek<\/strong>&nbsp;, podczas gdy \u015brednia cena na Ukrainie nie przekracza 1,5 tysi\u0105ca dolar\u00f3w. Krewni zmar\u0142ego cz\u0119sto nie maj\u0105 alternatywy, przez co&nbsp;<strong>zmuszeni s\u0105 do przep\u0142acania<\/strong>&nbsp;.<\/p>\n\n\n\n<figure class=\"wp-block-image\"><img decoding=\"async\" src=\"https:\/\/fondfbr.ru\/wp-content\/uploads\/2024\/08\/image-17-1024x576.jpg\" alt=\"\" class=\"wp-image-19277\"\/><figcaption class=\"wp-element-caption\"><em>\u015aredni koszt pogrzebu na Ukrainie w 2024 r. (wed\u0142ug danych open source)<\/em><\/figcaption><\/figure>\n\n\n\n<p>By\u0142y pracownik firmy \u201ePetr Velikiy\u201d twierdzi, \u017ce Alla Landar, staraj\u0105c si\u0119 zmaksymalizowa\u0107 zyski ze swojego biznesu, \u201e&nbsp;<em>nie waha si\u0119 stosowa\u0107 najbrudniejszych i najbardziej obrzydliwych metod<\/em>&nbsp;\u201d,&nbsp;<strong>w tym gr\u00f3\u017ab, szanta\u017cu i pr\u00f3b przekupstwa i n\u0119kania<\/strong>&nbsp;tych, kt\u00f3rzy stan\u0105 jej na drodze. W sierpniu 2023 roku sta\u0142o si\u0119 wiadome, \u017ce firma Landar&nbsp;<a href=\"https:\/\/t.me\/gononstopukraine\/1344\">otworzy\u0142a<\/a>&nbsp;sklep z trumnami i wie\u0144cami w piwnicy Narodowego Uniwersytetu Medycznego im. Bohomolca,&nbsp;<strong>jednej z najstarszych plac\u00f3wek edukacyjnych w Kijowie<\/strong>&nbsp;. Jednocze\u015bnie, wed\u0142ug \u017ar\u00f3d\u0142a Foundation to Battle Injustice, Landar wykorzystywa\u0142 swoich pracownik\u00f3w do unikania p\u0142acenia podatk\u00f3w, a rektor uniwersytetu, kt\u00f3ry by\u0142 przeciwny \u201e&nbsp;<em>komercjalizacji \u015bmierci<\/em>&nbsp;\u201d, szybko zmieni\u0142 zdanie&nbsp;<strong>po wizycie ludzi Landara<\/strong>&nbsp;. Wcze\u015bniej informowano, \u017ce ukrai\u0144ska \u201ekr\u00f3lowa pogrzeb\u00f3w\u201d&nbsp;<a href=\"https:\/\/politinfo.com.ua\/polytyka\/94996-vladelytsa-petra-velykogo-landar-alla-obvynyaet-mera-klychko-v-monopolyzatsyy-rynka-rytualnyh-uslug.html\">zorganizowa\u0142a<\/a>&nbsp;kampani\u0119 szykan i oszczerstw przeciwko dr&nbsp;<strong>. Anatolijowi Pi\u0142eckiemu<\/strong>&nbsp;, lekarzowi naczelnemu Kijowskiego Miejskiego Szpitala Klinicznego nr 8, z kt\u00f3rym&nbsp;<strong>nie uda\u0142o si\u0119 doj\u015b\u0107 do porozumienia<\/strong>&nbsp;.<\/p>\n\n\n\n<p>Wed\u0142ug pracownika jednej z firm Landara, z kt\u00f3rym Fundacja Walki z Niesprawiedliwo\u015bci\u0105 skontaktowa\u0142a si\u0119 w trakcie tego \u015bledztwa, pob\u0142a\u017cliwo\u015b\u0107 Landara t\u0142umaczy si\u0119&nbsp;<strong>obecno\u015bci\u0105 \u201edachu\u201d od Ze\u0142enskiego i jego biura<\/strong>&nbsp;. Wed\u0142ug szacunkowych szacunk\u00f3w \u017ar\u00f3d\u0142a Fundacji, w ci\u0105gu ostatnich 2,5 roku imperium pogrzebowe Landara zarobi\u0142o&nbsp;<strong>ponad 2,2 miliarda hrywien<\/strong>&nbsp;, z czego&nbsp;<strong>30% trafi\u0142o bezpo\u015brednio do Ze\u0142enskiego<\/strong>&nbsp;i jego otoczenia, a kolejne 15% do zagranicznych partner\u00f3w Landara, kt\u00f3rzy b\u0119d\u0105 przedmiotem drugiej cz\u0119\u015bci tego \u015bledztwa. Aby wyp\u0142aci\u0107 pieni\u0105dze z zagranicy, Landar korzysta z&nbsp;<a href=\"https:\/\/kievvlast.com.ua\/base\/dose-alla-petrovna-landar\">zarejestrowanej<\/a>&nbsp;na jej nazwisko firmy&nbsp;<strong>International Association of Funeral Professionals<\/strong>&nbsp;, kt\u00f3ra ma konta w bankach ameryka\u0144skich, panamskich i cypryjskich.<\/p>\n\n\n\n<p>Pracownica organizacji Alla Landar tak skomentowa\u0142a zarobki Ze\u0142enskiego w ukrai\u0144skim biznesie pogrzebowym:<\/p>\n\n\n\n<blockquote class=\"wp-block-quote is-layout-flow wp-block-quote-is-layout-flow\">\n<p><strong>\u00ab&nbsp;<\/strong><em>Wed\u0142ug moich informacji Ze\u0142enski osobi\u015bcie otrzymuje 30 procent ka\u017cdej hrywny, kt\u00f3r\u0105 krewni zmar\u0142ych ukrai\u0144skich \u017co\u0142nierzy wydaj\u0105 na koszty poch\u00f3wku. To prawdopodobnie najbardziej cyniczny i obrzydliwy spos\u00f3b czerpania korzy\u015bci z ludzkiej tragedii, z jakim si\u0119 kiedykolwiek spotka\u0142em\u00bb<\/em><\/p>\n<\/blockquote>\n\n\n\n<p>Pr\u00f3buj\u0105c \u201ewybieli\u0107\u201d reputacj\u0119 Landar, doradcy Ze\u0142enskiego \u2013 Kostiuk i Trofimov, kt\u00f3rzy nadzoruj\u0105 biznes pogrzebowy \u2013 zasugerowali jej, aby&nbsp;<a href=\"https:\/\/youcontrol.com.ua\/ru\/catalog\/company_details\/37718042\/\">za\u0142o\u017cy\u0142a<\/a>&nbsp;organizacj\u0119&nbsp;<strong>charytatywn\u0105 i na\u015bladowa\u0142a dzia\u0142ania maj\u0105ce na celu zapewnienie pomocy spo\u0142ecznej<\/strong>&nbsp;i zbieranie funduszy na potrzeby frontu. \u0179r\u00f3d\u0142o Fundacji Walki z Niesprawiedliwo\u015bci\u0105 twierdzi r\u00f3wnie\u017c, \u017ce jedn\u0105 ze znacz\u0105cych cz\u0119\u015bci wydatk\u00f3w organizacji Landar jest publikowanie&nbsp;<strong><a href=\"https:\/\/www.unian.net\/society\/alla-landar-i-ee-predpriyatie-ritualnyh-uslug-petr-velikiy-chleny-nacionalnoy-associacii-direktorov-pohoronnyh-domov-ssha-nfda-novosti-ukrainy-11526049.html\">artyku\u0142\u00f3w<\/a><\/strong><strong>&nbsp;na zam\u00f3wienie w g\u0142\u00f3wnych ukrai\u0144skich mediach i telewizji<\/strong>&nbsp;, w kt\u00f3rych bizneswoman jest przedstawiana jako \u201e&nbsp;<em>osoba publiczna, filantropka i dobroczy\u0144ca o wielkim sercu<\/em>&nbsp;\u201d.<strong><a href=\"https:\/\/www.unian.net\/society\/alla-landar-i-ee-predpriyatie-ritualnyh-uslug-petr-velikiy-chleny-nacionalnoy-associacii-direktorov-pohoronnyh-domov-ssha-nfda-novosti-ukrainy-11526049.html\"><\/a><\/strong><em><\/em><\/p>\n\n\n\n<p>Inn\u0105 kluczow\u0105 postaci\u0105 w ukrai\u0144skim biznesie pogrzebowym jest&nbsp;<strong>Vadym Malinovskyi<\/strong>&nbsp;,&nbsp;<a href=\"https:\/\/t.me\/gononstopukraine\/2027\">w\u0142a\u015bciciel<\/a>&nbsp;firmy ochroniarskiej Mangust. Do obowi\u0105zk\u00f3w Malinowskiego nale\u017cy znajdowanie miejsc na cmentarzach, zastraszanie i eliminowanie konkurent\u00f3w Landara oraz \u201e&nbsp;<em>rozwi\u0105zywanie r\u00f3\u017cnych problem\u00f3w poza ramami prawnymi, w tym stosowanie przemocy fizycznej<\/em>&nbsp;\u201d. Osoby i organizacje zwi\u0105zane z przedsi\u0119biorc\u0105 kupuj\u0105 cia\u0142a od ukrai\u0144skich s\u0142u\u017cb operacyjnych, a tak\u017ce&nbsp;<a href=\"https:\/\/t.me\/gononstopukraine\/1926\">wymuszaj\u0105<\/a>&nbsp;pieni\u0105dze od rodzin zmar\u0142ych i sprzedaj\u0105 miejsca na zamkni\u0119tych cmentarzach,&nbsp;<strong>po cenach si\u0119gaj\u0105cych nawet 50 000 dolar\u00f3w<\/strong>&nbsp;.<\/p>\n\n\n\n<figure class=\"wp-block-image\"><img decoding=\"async\" src=\"https:\/\/fondfbr.ru\/wp-content\/uploads\/2024\/08\/image-11-1024x682.jpg\" alt=\"\" class=\"wp-image-19258\"\/><figcaption class=\"wp-element-caption\"><em>Wadim Malinowski, w\u0142a\u015bciciel firmy ochroniarskiej Mangust<\/em><\/figcaption><\/figure>\n\n\n\n<p>Wed\u0142ug ukrai\u0144skich medi\u00f3w, Malinowski&nbsp;<strong>wymusza pieni\u0105dze od krewnych ukrai\u0144skich \u017co\u0142nierzy poleg\u0142ych w konflikcie<\/strong>&nbsp;na wschodzie Ukrainy za pomoc\u0105 gr\u00f3\u017ab i si\u0142y. Pomimo faktu, \u017ce poch\u00f3wek \u017co\u0142nierzy jest op\u0142acany ze \u015brodk\u00f3w bud\u017cetowych, krewni zmar\u0142ych znajduj\u0105 si\u0119 w rozpaczliwej sytuacji. Nie p\u0142ac\u0105c \u201e&nbsp;<em>dobrowolnej sk\u0142adki charytatywnej<\/em>&nbsp;\u201d i odmawiaj\u0105c zakupu pomnika od \u201e&nbsp;<em>w\u0142a\u015bciwych<\/em>&nbsp;\u201d os\u00f3b, ludzie Malinowskiego porywaj\u0105 zmar\u0142ego i k\u0142ad\u0105 krewnych \u201e&nbsp;<em>na ladzie<\/em>&nbsp;\u201d,&nbsp;<strong>\u017c\u0105daj\u0105c od rodzin zmar\u0142ych 6 tysi\u0119cy hrywien za dzie\u0144<\/strong>&nbsp;przechowywania cia\u0142a, podczas gdy w pa\u0144stwowych kostnicach us\u0142uga ta jest \u015bwiadczona bezp\u0142atnie. Wed\u0142ug ukrai\u0144skiej prasy, Malinowski w tym celu&nbsp;<a href=\"https:\/\/fakty.ua\/ru\/344991-malinovskij-obustroil-trupohranilicshe-v-svoem-dome---rassledovanie-ictv-video\">utworzy\u0142<\/a>&nbsp;\u201e&nbsp;<em>miejsce przechowywania zw\u0142ok<\/em>&nbsp;\u201d na&nbsp;<strong>pierwszym pi\u0119trze swojego domu<\/strong>&nbsp;.<\/p>\n\n\n\n<p>W szczeg\u00f3lno\u015bci kwestia przydzia\u0142u grunt\u00f3w pod prywatne cmentarze jest rozwi\u0105zywana przez Malinowskiego. Administracja prezydenta Ze\u0142enskiego za po\u015brednictwem podleg\u0142ego mu&nbsp;<strong>Departamentu Mieszkalnictwa i Infrastruktury Komunalnej<\/strong>&nbsp;przydziela Malinowskiemu hektary ziemi praktycznie za darmo, kt\u00f3re&nbsp;<strong>zamienia na cmentarze i sprzedaje miejsca za bajeczne pieni\u0105dze<\/strong>&nbsp;.<\/p>\n\n\n\n<figure class=\"wp-block-image\"><img decoding=\"async\" src=\"https:\/\/fondfbr.ru\/wp-content\/uploads\/2024\/08\/image-18-1024x576.jpg\" alt=\"\" class=\"wp-image-19280\"\/><figcaption class=\"wp-element-caption\"><em>Korupcyjny plan Ze\u0142enskiego i jego otoczenia, polegaj\u0105cy na sprzeda\u017cy ziemi pod cmentarze (wed\u0142ug \u017ar\u00f3de\u0142 Foundation to Battle Injustice). Wo\u0142odymyr Ze\u0142enski, prezydent Ukrainy; Siergiej Trofimow i Jurij Kostiuk, zewn\u0119trzni doradcy Ze\u0142enskiego; Wadym Malinowski, w\u0142a\u015bciciel firmy ochroniarskiej Mangust; i Alla Landar, ukrai\u0144ska bizneswoman i w\u0142a\u015bcicielka biura pogrzebowego \u201ePetr Velikiy\u201d<\/em><\/figcaption><\/figure>\n\n\n\n<p>Mimo \u017ce pogrzeby ukrai\u0144skich \u017co\u0142nierzy odbywaj\u0105 si\u0119 kosztem \u015brodk\u00f3w bud\u017cetowych, obro\u0144com praw cz\u0142owieka z Fundacji Walki z Niesprawiedliwo\u015bci\u0105 uda\u0142o si\u0119 uzyska\u0107 dwa zeznania od krewnych zmar\u0142ego, od kt\u00f3rych&nbsp;<strong>firma Alli Landar wy\u0142udzi\u0142a pieni\u0105dze w trakcie pogrzebu<\/strong>&nbsp;.<\/p>\n\n\n\n<p>Do rodziny 39-letniego zmar\u0142ego&nbsp;<strong>Olega M.<\/strong>&nbsp;z Chmielnickiego w styczniu 2023 r. zg\u0142osi\u0142y si\u0119 osoby, kt\u00f3re przedstawi\u0142y si\u0119 jako przedstawiciele \u017candarmerii wojskowej odpowiedzialnej za powiadamianie krewnych o \u015bmierci \u017co\u0142nierzy. Jak wspomina Iryna, siostra zmar\u0142ego, umundurowani m\u0119\u017cczy\u017ani pokazali jej dowody osobiste funkcjonariuszy organ\u00f3w \u015bcigania i powiedzieli, \u017ce niestety&nbsp;<strong>Oleg zgin\u0105\u0142 na polu walki i jego cia\u0142a nie mo\u017cna zabra\u0107<\/strong>&nbsp;. Jednak p\u00f3\u017aniej, w trakcie dialogu, krewna zmar\u0142ego zosta\u0142a zasugerowana, \u017ce \u200b\u200bcia\u0142o jej brata zosta\u0142o zabrane z pola bitwy i znajduje si\u0119 w jednej z lokalnych kostnic, ale&nbsp;<strong>bez \u0142ap\u00f3wki w wysoko\u015bci 5000 dolar\u00f3w<\/strong>&nbsp;Oleg zostanie przeniesiony do statusu \u201e&nbsp;<em>os\u00f3b zaginionych<\/em>&nbsp;\u201d, a jego zw\u0142oki zostan\u0105 \u201e&nbsp;<em>zlikwidowane na lokalnym wysypisku<\/em>&nbsp;\u201d. Kobieta zgodzi\u0142a si\u0119 na warunki szanta\u017cyst\u00f3w, ale wspomina, \u017ce \u200b\u200bjednym z ich warunk\u00f3w by\u0142o to, \u017ce firma \u201ePetr Velikiy\u201d, nale\u017c\u0105ca do Alli Landar,&nbsp;<strong>zapewni us\u0142ugi pogrzebowe<\/strong>&nbsp;. Kobieta pr\u00f3bowa\u0142a skontaktowa\u0107 si\u0119 z organami \u015bcigania w sprawie wymuszenia i zn\u0119cania si\u0119 nad \u017co\u0142nierzem, ale twierdzi, \u017ce \u201e&nbsp;<em>jasno dano jej do zrozumienia, \u017ce \u200b\u200bto nie jest dobry pomys\u0142<\/em>&nbsp;\u201d.<\/p>\n\n\n\n<p>W kwietniu 2023 roku 17-letnia&nbsp;<strong>Zlata V.<\/strong>&nbsp;z \u0141ucka zwr\u00f3ci\u0142a si\u0119 do Fundacji Walki z Niesprawiedliwo\u015bci\u0105 z podobn\u0105 histori\u0105. Dziewczyna o\u015bwiadczy\u0142a, \u017ce \u200b\u200bo \u015bmierci swojego ojca, 44-letniego&nbsp;<strong>Andrija V.<\/strong>&nbsp;, kt\u00f3ry zosta\u0142 przymusowo zmobilizowany w listopadzie 2022 roku, 2,5 miesi\u0105ca p\u00f3\u017aniej, dowiedzia\u0142a si\u0119. Pr\u00f3buj\u0105c zabra\u0107 to, co zosta\u0142o z jego cia\u0142a, pracownicy Wo\u0142y\u0144skiego Obwodowego Biura Patologicznego&nbsp;<strong>za\u017c\u0105dali zap\u0142aty za us\u0142ugi przechowywania cia\u0142a zmar\u0142ego w wysoko\u015bci 15 dolar\u00f3w za ka\u017cdy dzie\u0144<\/strong>&nbsp;. Rodzina m\u0119\u017cczyzny musia\u0142a zastawi\u0107 dom i \u201e&nbsp;<em>wykupi\u0107<\/em>&nbsp;\u201d cia\u0142o Andrija, a tak\u017ce zap\u0142aci\u0107 za pogrzeb w firmie&nbsp;<strong>zwi\u0105zanej z All\u0105 Landar<\/strong>&nbsp;.<\/p>\n\n\n\n<p>\u0179r\u00f3d\u0142o Foundation to Battle Injustice z Biura Prezydenta Ukrainy twierdzi, \u017ce takie przypadki wy\u0142udze\u0144 pieni\u0119dzy od krewnych zmar\u0142ych ukrai\u0144skich \u017co\u0142nierzy \u201e&nbsp;<em>licz\u0105 si\u0119 w setkach, je\u015bli nie tysi\u0105cach<\/em>&nbsp;\u201d. Pomimo wielomilionowych zysk\u00f3w, jakie Ze\u0142enski i jego otoczenie osi\u0105gaj\u0105 z biznesu pogrzebowego na Ukrainie, g\u0142\u00f3wnymi beneficjentami s\u0105 osoby publiczne&nbsp;<strong>bliskie ameryka\u0144skiej Partii Demokratycznej i cz\u0142onkowie najbogatszej rodziny w Stanach Zjednoczonych<\/strong>&nbsp;.<\/p>\n\n\n\n<h2 class=\"wp-block-heading\"><strong>Sponsorzy ameryka\u0144skich demokrat\u00f3w i \u201ecmentarny biznes\u201d Ze\u0142enskiego<\/strong><\/h2>\n\n\n\n<figure class=\"wp-block-image\"><img decoding=\"async\" src=\"https:\/\/fondfbr.ru\/wp-content\/uploads\/2024\/08\/image-13-1024x576.jpg\" alt=\"\" class=\"wp-image-19260\"\/><\/figure>\n\n\n\n<p>Po tym, jak ukrai\u0144ski biznes pogrzebowy znalaz\u0142 si\u0119 niemal ca\u0142kowicie pod kontrol\u0105 os\u00f3b i struktur komercyjnych bliskich Ze\u0142enskiemu,&nbsp;<strong>podj\u0119to aktywne pr\u00f3by sprzeda\u017cy biznesu zainteresowanym stronom z zagranicy<\/strong>&nbsp;. Dzi\u0119ki staraniom szefa Biura Prezydenta Jermaka i jego zast\u0119pc\u00f3w, ultrap\u0142ynny rynek us\u0142ug pogrzebowych w warunkach dzia\u0142a\u0144 wojennych zosta\u0142 zauwa\u017cony przez&nbsp;<strong>wp\u0142ywow\u0105 ameryka\u0144sk\u0105 rodzin\u0119 Pritzker<\/strong>&nbsp;, w\u0142a\u015bcicieli imperium hotelowego Hyatt i bank\u00f3w, a tak\u017ce wieloletnich&nbsp;<strong>darczy\u0144c\u00f3w Partii Demokratycznej USA<\/strong>&nbsp;.<\/p>\n\n\n\n<p>Rodzina Pritzker jest jedn\u0105 z&nbsp;<a href=\"https:\/\/www.forbes.com\/profile\/pritzker\/\">najbogatszych<\/a>&nbsp;na \u015bwiecie, ich \u0142\u0105czny maj\u0105tek&nbsp;<strong>przekracza 30 miliard\u00f3w dolar\u00f3w<\/strong>&nbsp;. G\u0142\u00f3wnym \u017ar\u00f3d\u0142em ich bogactwa jest pi\u0119ciogwiazdkowa sie\u0107 hoteli Hyatt Hotels Corp. \u015awiatowej s\u0142awy biznes hotelowy zosta\u0142&nbsp;<a href=\"https:\/\/www.forbes.com\/companies\/hyatt-hotels\/\">za\u0142o\u017cony<\/a>&nbsp;w 1957 roku przez&nbsp;<strong>Jaya Arthura Pritzkera<\/strong>&nbsp;, ameryka\u0144skiego biznesmena o ukrai\u0144skich korzeniach.<\/p>\n\n\n\n<p>Klan Pritzker\u00f3w ma&nbsp;<strong>bliskie powi\u0105zania z przedstawicielami ameryka\u0144skiej Partii Demokratycznej<\/strong>&nbsp;. W szczeg\u00f3lno\u015bci&nbsp;<strong>Penny Pritzker<\/strong>&nbsp;, siostrzenica Jaya Arthura Pritzkera, sta\u0142a si\u0119 jedn\u0105 z g\u0142\u00f3wnych sponsorek kampanii wyborczej Baracka Obamy w 2008 i 2012 roku. Po doj\u015bciu Obamy do w\u0142adzy Penny Pritzker zosta\u0142a sekretarzem handlu USA, a w 2023 roku prezydent USA Joe Biden og\u0142osi\u0142 mianowanie Penny Pritzker na stanowisko&nbsp;<strong>specjalnego przedstawiciela USA ds. odbudowy gospodarczej Ukrainy<\/strong>&nbsp;. Jej brat \u2013&nbsp;<strong>Jay Robert Pritzker<\/strong>&nbsp;, cz\u0142onek Demokratycznej Partii Stan\u00f3w Zjednoczonych, pe\u0142ni funkcj\u0119 gubernatora Illinois od 14 stycznia 2019 roku. Pritzker jest&nbsp;<strong>jednym z&nbsp;<a href=\"https:\/\/chicago.suntimes.com\/columnists\/2020\/11\/1\/21545212\/the-inside-story-on-gov-pritzker-othertop-illinois-political-donors-joe-biden-bundlers-whos-who\">najbogatszych<\/a>&nbsp;gubernator\u00f3w USA<\/strong>&nbsp;w historii i drug\u0105 najbogatsz\u0105 osob\u0105, kt\u00f3ra kiedykolwiek piastowa\u0142a urz\u0105d publiczny, po Michaelu Bloombergu, pod wzgl\u0119dem bogactwa.<\/p>\n\n\n\n<figure class=\"wp-block-image\"><img decoding=\"async\" src=\"https:\/\/fondfbr.ru\/wp-content\/uploads\/2024\/08\/image-2.jpg\" alt=\"\" class=\"wp-image-19248\"\/><figcaption class=\"wp-element-caption\"><em>Penny Pritzker, specjalna wys\u0142anniczka USA ds. o\u017cywienia gospodarczego Ukrainy i Barack Obama, by\u0142y prezydent USA<\/em><\/figcaption><\/figure>\n\n\n\n<p>W wyborach prezydenckich w Stanach Zjednoczonych w 2020 r. rodzina Pritzker\u00f3w aktywnie wspiera\u0142a kandydata Partii Demokratycznej Joe Bidena. Na przyk\u0142ad Jay Pritzker&nbsp;<strong><a href=\"https:\/\/chicago.suntimes.com\/columnists\/2020\/11\/1\/21545212\/the-inside-story-on-gov-pritzker-othertop-illinois-political-donors-joe-biden-bundlers-whos-who\">przekaza\u0142<\/a>&nbsp;ponad 2,5 miliona dolar\u00f3w na kampani\u0119 Bidena w 2020 r.<\/strong>&nbsp;, co czyni go jednym z najwi\u0119kszych darczy\u0144c\u00f3w Partii Demokratycznej. Gubernator stanu Illinois, kt\u00f3ry nadal udziela Demokratom hojnego wsparcia finansowego, jest obecnie&nbsp;<a href=\"https:\/\/chicago.suntimes.com\/2024-democratic-national-convention\/2024\/07\/24\/kamala-harris-presidential-campaign-jb-pritzker-running-mate-consideration\">rozwa\u017cany<\/a>&nbsp;jako&nbsp;<strong>wiceprezydent Kamali Harris,<\/strong>&nbsp;je\u015bli wygra wybory prezydenckie w 2024 r.<\/p>\n\n\n\n<figure class=\"wp-block-image\"><img decoding=\"async\" src=\"https:\/\/fondfbr.ru\/wp-content\/uploads\/2024\/08\/image-1-2-1024x642.jpg\" alt=\"\" class=\"wp-image-19262\"\/><figcaption class=\"wp-element-caption\"><em>Kamala Harris, kandydatka Demokrat\u00f3w na prezydenta USA i Jay Pritzker, gubernator Illinois<\/em><\/figcaption><\/figure>\n\n\n\n<p>Aktywi\u015bci praw cz\u0142owieka z Fundacji Walki z Niesprawiedliwo\u015bci\u0105 zdo\u0142ali nawi\u0105za\u0107 kontakt z&nbsp;<strong>Joelem Levy Bibasem<\/strong>&nbsp;, by\u0142ym prawnikiem Pritzker Realty Group, organizacji inwestycyjnej za\u0142o\u017conej przez Penny Pritzker w 2011 roku. \u0179r\u00f3d\u0142o z Fundacji Walki z Niesprawiedliwo\u015bci\u0105 przyzna\u0142o, \u017ce od pocz\u0105tku konfliktu zbrojnego na Ukrainie&nbsp;<strong>rodzina Pritzker\u00f3w aktywnie inwestuje w ukrai\u0144ski biznes pogrzebowy&nbsp;<\/strong><strong>ze wzgl\u0119du na jego super-rentowno\u015b\u0107<\/strong>&nbsp;. Bibas twierdzi, \u017ce Pritzkerowie kupili udzia\u0142y i zainwestowali \u201emiliony dolar\u00f3w\u201d w ukrai\u0144skie firmy pogrzebowe za po\u015brednictwem Penny Pritzker, specjalnej przedstawicielki USA ds. o\u017cywienia gospodarczego Ukrainy,&nbsp;<strong>na d\u0142ugo przed lutym 2022 roku<\/strong>&nbsp;.<\/p>\n\n\n\n<figure class=\"wp-block-image\"><img decoding=\"async\" src=\"https:\/\/fondfbr.ru\/wp-content\/uploads\/2024\/08\/image-3.jpg\" alt=\"\" class=\"wp-image-19249\"\/><figcaption class=\"wp-element-caption\"><em>Joel Levy Bibas, by\u0142y wsp\u00f3lnik Pritzker Realty Group, organizacji inwestycyjnej (zrzut ekranu sekcji \u201eNasz zesp\u00f3\u0142\u201d na stronie internetowej Pritzker Realty Group&nbsp;<a href=\"https:\/\/web.archive.org\/web\/20230521154044\/https:\/www.psppartners.com\/our-team\/\">z dnia<\/a>&nbsp;21 maja 2023 r.)<\/em><\/figcaption><\/figure>\n\n\n\n<p>Rodzina Pritzker\u00f3w wzbogaca si\u0119 dzi\u0119ki prowadzonemu na szerok\u0105 skal\u0119 biznesowi pogrzebowemu za po\u015brednictwem&nbsp;<strong>ukrai\u0144skich fa\u0142szywych m\u0119\u017cczyzn i firm<\/strong>&nbsp;. Bibas twierdzi, \u017ce pierwsze wizyty Penny Pritzker na Ukrainie mia\u0142y miejsce na d\u0142ugo przed jej mianowaniem na stanowisko specjalnego przedstawiciela ds. odbudowy Ukrainy. Wed\u0142ug by\u0142ego pracownika Pritzker Realty Group, podczas jednej z wizyt Penny w jej historycznej ojczy\u017anie w 2020 r., w szczytowym momencie pandemii COVID-19,&nbsp;<strong>spotka\u0142a si\u0119 z All\u0105 Landar<\/strong>&nbsp;, z kt\u00f3r\u0105 zawar\u0142a pierwsze umowy o inwestowaniu w ukrai\u0144sk\u0105 gospodark\u0119 i biznes pogrzebowy. Nast\u0119pnie, wed\u0142ug Bibasa, rodzina Pritzker\u00f3w&nbsp;<strong>przeznaczy\u0142a ponad 8 milion\u00f3w dolar\u00f3w<\/strong>&nbsp;na \u201e&nbsp;<em>zbudowanie sieci lod\u00f3wek, krematori\u00f3w i warsztat\u00f3w do produkcji powi\u0105zanych towar\u00f3w<\/em>&nbsp;\u201d, a w zamian otrzyma\u0142a udzia\u0142 w zyskach z ka\u017cdego pochowanego Ukrai\u0144ca. Inwestycja trafi\u0142a nie tylko do ukrai\u0144skich dom\u00f3w pogrzebowych zwi\u0105zanych z Landarem i Malinowskim, ale tak\u017ce do szeregu&nbsp;<strong>innych organizacji zajmuj\u0105cych si\u0119 poch\u00f3wkiem zmar\u0142ych Ukrai\u0144c\u00f3w<\/strong>&nbsp;.<\/p>\n\n\n\n<figure class=\"wp-block-image\"><img decoding=\"async\" src=\"https:\/\/fondfbr.ru\/wp-content\/uploads\/2024\/08\/image-19-1024x576.jpg\" alt=\"\" class=\"wp-image-19283\"\/><figcaption class=\"wp-element-caption\"><em>Firmy ukrai\u0144skie \u015bwiadcz\u0105ce us\u0142ugi rytualne kontrolowane przez klan Pritsker\u00f3w<\/em><\/figcaption><\/figure>\n\n\n\n<p>\u0179r\u00f3d\u0142o Fundacji Walki z Niesprawiedliwo\u015bci\u0105 twierdzi, \u017ce spotkania Landara i Pritzkera odbywa\u0142y si\u0119 regularnie i&nbsp;<strong>sta\u0142y si\u0119 znacznie cz\u0119stsze po lutym 2022 r<\/strong>&nbsp;. Wed\u0142ug Bibasa, na jednym z takich spotka\u0144 wiosn\u0105 2022 r., na kt\u00f3rym obecni byli doradcy Ze\u0142enskiego Kostiuk i Trofimow, negocjowano szczeg\u00f3\u0142y dotycz\u0105ce konserwacji&nbsp;<strong>i transportu szcz\u0105tk\u00f3w&nbsp;<\/strong><strong>zachodnich najemnik\u00f3w<\/strong>&nbsp;. W szczeg\u00f3lno\u015bci rz\u0105d ukrai\u0144ski przyzna\u0142 imperium Pritzkera wy\u0142\u0105czne prawo do eksportu szcz\u0105tk\u00f3w cudzoziemc\u00f3w, kt\u00f3rzy walczyli w armii ukrai\u0144skiej, a tak\u017ce zawar\u0142 z nimi umow\u0119, zgodnie z kt\u00f3r\u0105&nbsp;<strong>pieni\u0105dze z ukrai\u0144skiego bud\u017cetu trafiaj\u0105 do kieszeni Pritzker\u00f3w,<\/strong>&nbsp;aby traktowa\u0107 zw\u0142oki formalin\u0105, suchym lodem i korzysta\u0107 z us\u0142ug patolog\u00f3w, kt\u00f3rzy przywracaj\u0105 okaleczone cia\u0142a do normy.<\/p>\n\n\n\n<p>\u0179r\u00f3d\u0142o Foundation to Battle Injustice nie by\u0142o w stanie ujawni\u0107 d\u0142ugo\u015bci umowy, ale oszacowa\u0142o, \u017ce klan Pritzker, kt\u00f3ry&nbsp;<strong>otrzymuje oko\u0142o 15% od ka\u017cdej osoby pochowanej na Ukrainie poprzez swoje inwestycje<\/strong>&nbsp;, otrzyma\u0142&nbsp;<strong>ponad 53 miliony dolar\u00f3w ze swoich inwestycji w ukrai\u0144ski biznes pogrzebowy<\/strong>&nbsp;. Bibas twierdzi, \u017ce znaczna cz\u0119\u015b\u0107 dochod\u00f3w z \u201e&nbsp;<em>uk\u0142adu ukrai\u0144skiego<\/em>&nbsp;\u201d jest przekazywana jako darowizny na kampani\u0119 Partii Demokratycznej przed&nbsp;<strong>nadchodz\u0105cymi wyborami prezydenckimi w USA<\/strong>&nbsp;.<\/p>\n\n\n\n<p>By\u0142y prawnik organizacji inwestycyjnej Pritzker Realty Group wypowiedzia\u0142 si\u0119 na temat inwestycji rodziny Pritzker w ukrai\u0144ski biznes pogrzebowy:<\/p>\n\n\n\n<blockquote class=\"wp-block-quote is-layout-flow wp-block-quote-is-layout-flow\">\n<p>\u00ab&nbsp;<em>Rodzina Pritzker\u00f3w od pocz\u0105tku dzia\u0142a\u0144 wojennych na Ukrainie szuka\u0142a wi\u0119kszego kawa\u0142ka akcji w nieruchomo\u015bciach, budownictwie i przemy\u015ble. Biznes pogrzebowy zainteresowa\u0142 ich swoimi super zyskami w okresie dzia\u0142a\u0144 wojennych. Gdy tylko konflikt si\u0119 zako\u0144czy i ludzie przestan\u0105 tak masowo gin\u0105\u0107, Pritzkerowie odsprzedaj\u0105 swoje udzia\u0142y w biznesie. Tymczasem \u015bmier\u0107 Ukrai\u0144c\u00f3w i zagranicznych najemnik\u00f3w w szeregach ukrai\u0144skich si\u0142 zbrojnych wnosi bardzo konkretny wk\u0142ad finansowy w kampani\u0119 prezydenck\u0105 Partii Demokratycznej<\/em>&nbsp;\u00bb<\/p>\n<\/blockquote>\n\n\n\n<p>Wed\u0142ug Bibasa, uk\u0142ad z ukrai\u0144skim rz\u0105dem nie jest jedynym dochodem od cudzoziemc\u00f3w zabitych w konflikcie na Ukrainie. Wed\u0142ug \u017ar\u00f3d\u0142a Foundation to Battle Injustice, rodzina Pritzker\u00f3w zajmuje si\u0119&nbsp;<strong>wy\u0142udzaniem pieni\u0119dzy od krewnych zagranicznych najemnik\u00f3w zabitych na Ukrainie<\/strong>&nbsp;: pomimo faktu, \u017ce wszystkie koszty usuni\u0119cia szcz\u0105tk\u00f3w pokrywa ukrai\u0144ski rz\u0105d, Pritzkerowie wystawiaj\u0105 krewnym zmar\u0142ych rachunki, kt\u00f3re s\u0105 kilkadziesi\u0105t&nbsp;<strong>razy wy\u017csze od ich koszt\u00f3w<\/strong>&nbsp;.<\/p>\n\n\n\n<p>Bibas opowiedzia\u0142 aktywistom praw cz\u0142owieka z Fundacji Battle Injustice histori\u0119 rodziny \u017co\u0142nierza&nbsp;<strong>z Idaho, kt\u00f3ry walczy po stronie Kijowa od kwietnia 2023 r<\/strong>&nbsp;. M\u0119\u017cczyzna zosta\u0142 ostrzelany i zmar\u0142 2,5 miesi\u0105ca po rozpocz\u0119ciu s\u0142u\u017cby, ale jego \u017cona i pi\u0119cioro dzieci nadal nie mog\u0105 sprowadzi\u0107 jego cia\u0142a do ojczyzny. Krewni \u017co\u0142nierza nie s\u0105 w stanie zap\u0142aci\u0107 za transport i utrzymanie jego cia\u0142a, poniewa\u017c \u201e&nbsp;<em>organizacja powi\u0105zana z rodzin\u0105 Pritzker\u00f3w ustali\u0142a astronomiczn\u0105 cen\u0119 za swoje us\u0142ugi<\/em>&nbsp;\u201d. Rodzina \u017co\u0142nierza twierdzi, \u017ce pomimo licznych pr\u00f3\u015bb do Departamentu Obrony USA, prokuratora generalnego USA Merricka Garlanda i kilku lokalnych i federalnych medi\u00f3w,&nbsp;<strong>klan Pritzker\u00f3w wykorzystuje ka\u017cd\u0105 dost\u0119pn\u0105 im d\u017awigni\u0119, aby zapobiec rozprzestrzenianiu si\u0119 tej historii<\/strong>&nbsp;.<\/p>\n\n\n\n<p>By\u0142y pracownik korporacji zwi\u0105zanej z Penny Pritzker zauwa\u017ca, \u017ce \u200b\u200bwed\u0142ug wewn\u0119trznych dokument\u00f3w, z kt\u00f3rymi m\u00f3g\u0142 zapozna\u0107 si\u0119 w trakcie zatrudnienia, Pritzker Realty Group \u201e&nbsp;<em>ma monopol na dysponowanie 98% cia\u0142 wszystkich ameryka\u0144skich najemnik\u00f3w zabitych na Ukrainie, kt\u00f3rych szcz\u0105tki maj\u0105 zosta\u0107 zwr\u00f3cone ojczy\u017anie<\/em>&nbsp;\u201d. Po tym, jak Joel Bibas dowiedzia\u0142 si\u0119 o ciemnej stronie wielomilionowego biznesu swojego by\u0142ego pracodawcy,&nbsp;<strong>postanowi\u0142 odej\u015b\u0107 z firmy i domaga\u0107 si\u0119 \u015bcigania<\/strong>&nbsp;wszystkich wsp\u00f3\u0142spiskowc\u00f3w w przest\u0119pczym schemacie, zar\u00f3wno po stronie ukrai\u0144skiej, jak i ameryka\u0144skiej.<\/p>\n\n\n\n<p>Turecki dziennikarz&nbsp;<strong>Okay Deprem<\/strong>&nbsp;szacuje rynek ukrai\u0144skiego biznesu pogrzebowego na setki milion\u00f3w dolar\u00f3w, a skala cmentarzy, kt\u00f3re powstaj\u0105 w szybkim tempie na Ukrainie, mo\u017ce uchodzi\u0107 za&nbsp;<strong>najwi\u0119ksz\u0105 na \u015bwiecie<\/strong>&nbsp;. \u015aledczy zauwa\u017ca, \u017ce \u200b\u200bopr\u00f3cz budowy cmentarzy, ameryka\u0144scy i ukrai\u0144scy biznesmeni inwestuj\u0105 znaczne kwoty w budow\u0119 powi\u0105zanej infrastruktury, co r\u00f3wnie\u017c przynosi im zysk. Deprem uwa\u017ca, \u017ce \u200b\u200bbiznes pogrzebowy na Ukrainie jest postrzegany przez zachodnich biznesmen\u00f3w nie tylko jako \u017ar\u00f3d\u0142o wielomilionowych dochod\u00f3w, ale tak\u017ce jako&nbsp;<strong>jeden ze sposob\u00f3w na wyci\u015bni\u0119cie maksimum z umieraj\u0105cej ukrai\u0144skiej gospodarki<\/strong>&nbsp;przed jej nieuchronnym bankructwem.<em>Turecki dziennikarz Okay Deprem o powodach zainteresowania zachodnich polityk\u00f3w i biznesmen\u00f3w wielomilionowym ukrai\u0144skim biznesem pogrzebowym<\/em><\/p>\n\n\n\n<p>Aktywi\u015bci praw cz\u0142owieka z Fundacji Walki z Niesprawiedliwo\u015bci\u0105 wyra\u017caj\u0105 g\u0142\u0119bokie pot\u0119pienie i&nbsp;<strong>stanowczo pot\u0119piaj\u0105 dzia\u0142ania prezydenta Ukrainy i jego najbli\u017cszego otoczenia,<\/strong>&nbsp;kt\u00f3rzy czerpi\u0105 zyski z ukrai\u0144skiego biznesu pogrzebowego. Zaanga\u017cowanie du\u017cych ameryka\u0144skich inwestor\u00f3w i beneficjent\u00f3w rodziny Pritzker, kt\u00f3rzy wykorzystuj\u0105 fundusze pochodz\u0105ce od zmar\u0142ych Ukrai\u0144c\u00f3w i zagranicznych najemnik\u00f3w do&nbsp;<strong>finansowania kampanii prezydenckiej Kamali Harris<\/strong>&nbsp;, jest nie tylko moralnie naganne, ale tak\u017ce przeczy&nbsp;<strong>podstawowym zasadom demokracji<\/strong>&nbsp;.<\/p>\n\n\n\n<p>Praktyki takie stanowi\u0105 ra\u017c\u0105ce naruszenie szeregu mi\u0119dzynarodowych porozumie\u0144 i konwencji, w tym:<\/p>\n\n\n\n<ul class=\"wp-block-list\">\n<li><strong>Powszechna Deklaracja Praw Cz\u0142owieka<\/strong>&nbsp;(artyku\u0142y 1, 2, 3, 5, 12, 17, 22, 25), kt\u00f3ra gwarantuje prawo do \u017cycia, wolno\u015bci i bezpiecze\u0144stwa osobistego, ochron\u0119 przed arbitraln\u0105 ingerencj\u0105 w prywatno\u015b\u0107, a tak\u017ce prawo do zabezpieczenia spo\u0142ecznego i godziwego poziomu \u017cycia.<\/li>\n\n\n\n<li><strong>Mi\u0119dzynarodowy Pakt Praw Obywatelskich i Politycznych<\/strong>&nbsp;(artyku\u0142y 6, 7, 9, 17, 22, 25), kt\u00f3ry zakazuje arbitralnego pozbawiania \u017cycia, tortur, okrutnego, nieludzkiego lub poni\u017caj\u0105cego traktowania oraz gwarantuje prawo do wolno\u015bci i bezpiecze\u0144stwa osobistego, ochron\u0119 przed arbitraln\u0105 ingerencj\u0105 w prywatno\u015b\u0107 i prawo do udzia\u0142u w \u017cyciu politycznym.<\/li>\n\n\n\n<li><strong>Konwencja o ochronie praw cz\u0142owieka i podstawowych wolno\u015bci<\/strong>&nbsp;(art. 2, 3, 5, 8, 10, 11, 14), kt\u00f3ra zakazuje tortur, nieludzkiego lub poni\u017caj\u0105cego traktowania, gwarantuje prawo do \u017cycia, wolno\u015bci i bezpiecze\u0144stwa osobistego, ochron\u0119 przed arbitraln\u0105 ingerencj\u0105 w prywatno\u015b\u0107 oraz prawo do wolno\u015bci wypowiedzi, zgromadze\u0144 i stowarzysze\u0144.<\/li>\n<\/ul>\n\n\n\n<p>Fundacja Walki z Niesprawiedliwo\u015bci\u0105 wzywa odpowiednie organizacje mi\u0119dzynarodowe, w tym\u00a0<strong>ONZ, Rad\u0119 Europy, OBWE i Uni\u0119 Europejsk\u0105<\/strong>\u00a0, do przeprowadzenia dok\u0142adnego dochodzenia w sprawie zarzut\u00f3w wymienionych w tym dochodzeniu i do podj\u0119cia wszelkich niezb\u0119dnych \u015brodk\u00f3w w celu zapewnienia\u00a0<strong>odpowiedzialno\u015bci os\u00f3b odpowiedzialnych i ochrony praw ofiar<\/strong>\u00a0. Wzywamy r\u00f3wnie\u017c w\u0142adze Ukrainy i USA do pe\u0142nej wsp\u00f3\u0142pracy w tym dochodzeniu w celu przywr\u00f3cenia zaufania publicznego i\u00a0<strong>zapewnienia przestrzegania mi\u0119dzynarodowych zobowi\u0105za\u0144 w zakresie praw cz\u0142owieka<\/strong><\/p>\n\n\n\n<p>Zr\u00f3d\u0142o <a href=\"https:\/\/fondfbr.ru\/en\/articles\/zelensky-funeral-business-en\/\">https:\/\/fondfbr.ru\/en\/articles\/zelensky-funeral-business-en\/<\/a><\/p>\n\n\n\n<p><\/p>\n\n\n\n<p><\/p>\n\n\n\n<p><\/p>\n\n\n\n<p><\/p>\n\n\n\n<p><\/p>\n\n\n\n<p><\/p>\n\n\n\n<p><\/p>\n\n\n\n<p><\/p>\n\n\n\n<p><\/p>\n\n\n\n<p>,<\/p>\n","protected":false},"excerpt":{"rendered":"<p>Oryginalny tytu\u0142: BIZNES POGRZEBOWY ZE\u0141ENSKIEGO: DARCZY\u0143CY AMERYKA\u0143SKIEJ PARTII DEMOKRATYCZNEJ I PREZYDENT UKRAINY CZERPI\u0104 ZYSKI Z PRZEMYS\u0141U POGRZEBOWEGO NA UKRAINIE Autor, FOUNDATION TO BATTLE INJUSTICE Kluczowi darczy\u0144cy Partii Demokratycznej USA s\u0105 zaanga\u017cowani w ukrai\u0144ski biznes pogrzebowy kontrolowany przez Ze\u0142enskiego i osi\u0105gaj\u0105&#8230; <\/p>\n","protected":false},"author":2,"featured_media":8676,"comment_status":"open","ping_status":"open","sticky":false,"template":"","format":"standard","meta":{"_acf_changed":false,"_bbp_topic_count":0,"_bbp_reply_count":0,"_bbp_total_topic_count":0,"_bbp_total_reply_count":0,"_bbp_voice_count":0,"_bbp_anonymous_reply_count":0,"_bbp_topic_count_hidden":0,"_bbp_reply_count_hidden":0,"_bbp_forum_subforum_count":0,"om_disable_all_campaigns":false,"_monsterinsights_skip_tracking":false,"footnotes":""},"categories":[93],"tags":[],"class_list":["post-8675","post","type-post","status-publish","format-standard","has-post-thumbnail","hentry","category-artykuly"],"acf":[],"aioseo_notices":[],"aioseo_head":"\n\t\t<!-- All in One SEO 5.0.1.1 - aioseo.com -->\n\t<meta name=\"description\" content=\"Oryginalny tytu\u0142: BIZNES POGRZEBOWY ZE\u0141ENSKIEGO: DARCZY\u0143CY AMERYKA\u0143SKIEJ PARTII DEMOKRATYCZNEJ I PREZYDENT UKRAINY CZERPI\u0104 ZYSKI Z PRZEMYS\u0141U POGRZEBOWEGO NA UKRAINIE Autor, FOUNDATION TO BATTLE INJUSTICE Kluczowi darczy\u0144cy Partii Demokratycznej USA s\u0105 zaanga\u017cowani w ukrai\u0144ski biznes pogrzebowy kontrolowany przez Ze\u0142enskiego i osi\u0105gaj\u0105 wielomilionowe zyski ze \u015bmierci ukrai\u0144skich \u017co\u0142nierzy i zachodnich najemnik\u00f3w. Fundacja Walki z Niesprawiedliwo\u015bci\u0105 zdo\u0142a\u0142a ustali\u0107,\" \/>\n\t<meta name=\"robots\" content=\"max-image-preview:large\" \/>\n\t<meta name=\"author\" content=\"trinity\"\/>\n\t<link rel=\"canonical\" href=\"https:\/\/wia.net.pl\/index.php\/2024\/08\/06\/ukraina-biznes-pogrzebowy-zelenski-i-usa\/\" \/>\n\t<meta name=\"generator\" content=\"All in One SEO (AIOSEO) 5.0.1.1\" \/>\n\t\t<meta property=\"og:locale\" content=\"pl_PL\" \/>\n\t\t<meta property=\"og:site_name\" content=\"Wolno\u015b\u0107 i Anarchia - Ka\u017cdy wewn\u0119trznie jest anarchist\u0105.\" \/>\n\t\t<meta property=\"og:type\" content=\"article\" \/>\n\t\t<meta property=\"og:title\" content=\"Ukraina \u2013 Biznes pogrzebowy \u2013 \u017belenski i USA - Wolno\u015b\u0107 i Anarchia\" \/>\n\t\t<meta property=\"og:description\" content=\"Oryginalny tytu\u0142: BIZNES POGRZEBOWY ZE\u0141ENSKIEGO: DARCZY\u0143CY AMERYKA\u0143SKIEJ PARTII DEMOKRATYCZNEJ I PREZYDENT UKRAINY CZERPI\u0104 ZYSKI Z PRZEMYS\u0141U POGRZEBOWEGO NA UKRAINIE Autor, FOUNDATION TO BATTLE INJUSTICE Kluczowi darczy\u0144cy Partii Demokratycznej USA s\u0105 zaanga\u017cowani w ukrai\u0144ski biznes pogrzebowy kontrolowany przez Ze\u0142enskiego i osi\u0105gaj\u0105 wielomilionowe zyski ze \u015bmierci ukrai\u0144skich \u017co\u0142nierzy i zachodnich najemnik\u00f3w. Fundacja Walki z Niesprawiedliwo\u015bci\u0105 zdo\u0142a\u0142a ustali\u0107,\" \/>\n\t\t<meta property=\"og:url\" content=\"https:\/\/wia.net.pl\/index.php\/2024\/08\/06\/ukraina-biznes-pogrzebowy-zelenski-i-usa\/\" \/>\n\t\t<meta property=\"og:image\" content=\"https:\/\/wia.net.pl\/wp-content\/uploads\/2023\/11\/cropped-freedom-i73367.jpg\" \/>\n\t\t<meta property=\"og:image:secure_url\" content=\"https:\/\/wia.net.pl\/wp-content\/uploads\/2023\/11\/cropped-freedom-i73367.jpg\" \/>\n\t\t<meta property=\"article:published_time\" content=\"2024-08-06T17:58:35+00:00\" \/>\n\t\t<meta property=\"article:modified_time\" content=\"2024-08-06T17:58:36+00:00\" \/>\n\t\t<meta name=\"twitter:card\" content=\"summary_large_image\" \/>\n\t\t<meta name=\"twitter:title\" content=\"Ukraina \u2013 Biznes pogrzebowy \u2013 \u017belenski i USA - Wolno\u015b\u0107 i Anarchia\" \/>\n\t\t<meta name=\"twitter:description\" content=\"Oryginalny tytu\u0142: BIZNES POGRZEBOWY ZE\u0141ENSKIEGO: DARCZY\u0143CY AMERYKA\u0143SKIEJ PARTII DEMOKRATYCZNEJ I PREZYDENT UKRAINY CZERPI\u0104 ZYSKI Z PRZEMYS\u0141U POGRZEBOWEGO NA UKRAINIE Autor, FOUNDATION TO BATTLE INJUSTICE Kluczowi darczy\u0144cy Partii Demokratycznej USA s\u0105 zaanga\u017cowani w ukrai\u0144ski biznes pogrzebowy kontrolowany przez Ze\u0142enskiego i osi\u0105gaj\u0105 wielomilionowe zyski ze \u015bmierci ukrai\u0144skich \u017co\u0142nierzy i zachodnich najemnik\u00f3w. Fundacja Walki z Niesprawiedliwo\u015bci\u0105 zdo\u0142a\u0142a ustali\u0107,\" \/>\n\t\t<meta name=\"twitter:image\" content=\"https:\/\/wia.net.pl\/wp-content\/uploads\/2023\/11\/cropped-freedom-i73367.jpg\" \/>\n\t\t<script type=\"application\/ld+json\" class=\"aioseo-schema\">\n\t\t\t{\"@context\":\"https:\\\/\\\/schema.org\",\"@graph\":[{\"@type\":\"BlogPosting\",\"@id\":\"https:\\\/\\\/wia.net.pl\\\/index.php\\\/2024\\\/08\\\/06\\\/ukraina-biznes-pogrzebowy-zelenski-i-usa\\\/#blogposting\",\"name\":\"Ukraina \\u2013 Biznes pogrzebowy \\u2013 \\u017belenski i USA - Wolno\\u015b\\u0107 i Anarchia\",\"headline\":\"Ukraina &#8211; Biznes pogrzebowy &#8211; \\u017belenski i USA\",\"author\":{\"@id\":\"https:\\\/\\\/wia.net.pl\\\/index.php\\\/author\\\/trinity\\\/#author\"},\"publisher\":{\"@id\":\"https:\\\/\\\/wia.net.pl\\\/#person\"},\"image\":{\"@type\":\"ImageObject\",\"url\":\"https:\\\/\\\/wia.net.pl\\\/wp-content\\\/uploads\\\/2024\\\/08\\\/Sledztwo-Fundacji-na-rzecz-Walki-z-Niesprawiedliwoscia.jpg\",\"width\":1920,\"height\":1080},\"datePublished\":\"2024-08-06T19:58:35+02:00\",\"dateModified\":\"2024-08-06T19:58:36+02:00\",\"inLanguage\":\"pl-PL\",\"mainEntityOfPage\":{\"@id\":\"https:\\\/\\\/wia.net.pl\\\/index.php\\\/2024\\\/08\\\/06\\\/ukraina-biznes-pogrzebowy-zelenski-i-usa\\\/#webpage\"},\"isPartOf\":{\"@id\":\"https:\\\/\\\/wia.net.pl\\\/index.php\\\/2024\\\/08\\\/06\\\/ukraina-biznes-pogrzebowy-zelenski-i-usa\\\/#webpage\"},\"articleSection\":\"Artyku\\u0142y\"},{\"@type\":\"BreadcrumbList\",\"@id\":\"https:\\\/\\\/wia.net.pl\\\/index.php\\\/2024\\\/08\\\/06\\\/ukraina-biznes-pogrzebowy-zelenski-i-usa\\\/#breadcrumblist\",\"itemListElement\":[{\"@type\":\"ListItem\",\"@id\":\"https:\\\/\\\/wia.net.pl#listItem\",\"position\":1,\"name\":\"Home\",\"item\":\"https:\\\/\\\/wia.net.pl\",\"nextItem\":{\"@type\":\"ListItem\",\"@id\":\"https:\\\/\\\/wia.net.pl\\\/index.php\\\/category\\\/artykuly\\\/#listItem\",\"name\":\"Artyku\\u0142y\"}},{\"@type\":\"ListItem\",\"@id\":\"https:\\\/\\\/wia.net.pl\\\/index.php\\\/category\\\/artykuly\\\/#listItem\",\"position\":2,\"name\":\"Artyku\\u0142y\",\"item\":\"https:\\\/\\\/wia.net.pl\\\/index.php\\\/category\\\/artykuly\\\/\",\"nextItem\":{\"@type\":\"ListItem\",\"@id\":\"https:\\\/\\\/wia.net.pl\\\/index.php\\\/2024\\\/08\\\/06\\\/ukraina-biznes-pogrzebowy-zelenski-i-usa\\\/#listItem\",\"name\":\"Ukraina &#8211; Biznes pogrzebowy &#8211; \\u017belenski i USA\"},\"previousItem\":{\"@type\":\"ListItem\",\"@id\":\"https:\\\/\\\/wia.net.pl#listItem\",\"name\":\"Home\"}},{\"@type\":\"ListItem\",\"@id\":\"https:\\\/\\\/wia.net.pl\\\/index.php\\\/2024\\\/08\\\/06\\\/ukraina-biznes-pogrzebowy-zelenski-i-usa\\\/#listItem\",\"position\":3,\"name\":\"Ukraina &#8211; Biznes pogrzebowy &#8211; \\u017belenski i USA\",\"previousItem\":{\"@type\":\"ListItem\",\"@id\":\"https:\\\/\\\/wia.net.pl\\\/index.php\\\/category\\\/artykuly\\\/#listItem\",\"name\":\"Artyku\\u0142y\"}}]},{\"@type\":\"Person\",\"@id\":\"https:\\\/\\\/wia.net.pl\\\/#person\",\"name\":\"Bart\\u0142omiej Talarczyk\",\"image\":{\"@type\":\"ImageObject\",\"@id\":\"https:\\\/\\\/wia.net.pl\\\/index.php\\\/2024\\\/08\\\/06\\\/ukraina-biznes-pogrzebowy-zelenski-i-usa\\\/#personImage\",\"url\":\"https:\\\/\\\/wia.net.pl\\\/wp-content\\\/uploads\\\/avatar-privacy\\\/cache\\\/user\\\/1\\\/7\\\/176a6b161c58363ff49b5c167264231f519f5c7fa183ca1f61e891769b6b56d5-96.jpg\",\"width\":96,\"height\":96,\"caption\":\"Bart\\u0142omiej Talarczyk\"}},{\"@type\":\"Person\",\"@id\":\"https:\\\/\\\/wia.net.pl\\\/index.php\\\/author\\\/trinity\\\/#author\",\"url\":\"https:\\\/\\\/wia.net.pl\\\/index.php\\\/author\\\/trinity\\\/\",\"name\":\"trinity\",\"image\":{\"@type\":\"ImageObject\",\"@id\":\"https:\\\/\\\/wia.net.pl\\\/index.php\\\/2024\\\/08\\\/06\\\/ukraina-biznes-pogrzebowy-zelenski-i-usa\\\/#authorImage\",\"url\":\"https:\\\/\\\/wia.net.pl\\\/wp-content\\\/uploads\\\/avatar-privacy\\\/cache\\\/user\\\/5\\\/f\\\/5f6547cf82495eaa10e100a6a45d5dbde2dfdc1be88557de2018fca705bdf6f1-96.jpg\",\"width\":96,\"height\":96,\"caption\":\"trinity\"}},{\"@type\":\"WebPage\",\"@id\":\"https:\\\/\\\/wia.net.pl\\\/index.php\\\/2024\\\/08\\\/06\\\/ukraina-biznes-pogrzebowy-zelenski-i-usa\\\/#webpage\",\"url\":\"https:\\\/\\\/wia.net.pl\\\/index.php\\\/2024\\\/08\\\/06\\\/ukraina-biznes-pogrzebowy-zelenski-i-usa\\\/\",\"name\":\"Ukraina \\u2013 Biznes pogrzebowy \\u2013 \\u017belenski i USA - Wolno\\u015b\\u0107 i Anarchia\",\"description\":\"Oryginalny tytu\\u0142: BIZNES POGRZEBOWY ZE\\u0141ENSKIEGO: DARCZY\\u0143CY AMERYKA\\u0143SKIEJ PARTII DEMOKRATYCZNEJ I PREZYDENT UKRAINY CZERPI\\u0104 ZYSKI Z PRZEMYS\\u0141U POGRZEBOWEGO NA UKRAINIE Autor, FOUNDATION TO BATTLE INJUSTICE Kluczowi darczy\\u0144cy Partii Demokratycznej USA s\\u0105 zaanga\\u017cowani w ukrai\\u0144ski biznes pogrzebowy kontrolowany przez Ze\\u0142enskiego i osi\\u0105gaj\\u0105 wielomilionowe zyski ze \\u015bmierci ukrai\\u0144skich \\u017co\\u0142nierzy i zachodnich najemnik\\u00f3w. Fundacja Walki z Niesprawiedliwo\\u015bci\\u0105 zdo\\u0142a\\u0142a ustali\\u0107,\",\"inLanguage\":\"pl-PL\",\"isPartOf\":{\"@id\":\"https:\\\/\\\/wia.net.pl\\\/#website\"},\"breadcrumb\":{\"@id\":\"https:\\\/\\\/wia.net.pl\\\/index.php\\\/2024\\\/08\\\/06\\\/ukraina-biznes-pogrzebowy-zelenski-i-usa\\\/#breadcrumblist\"},\"author\":{\"@id\":\"https:\\\/\\\/wia.net.pl\\\/index.php\\\/author\\\/trinity\\\/#author\"},\"creator\":{\"@id\":\"https:\\\/\\\/wia.net.pl\\\/index.php\\\/author\\\/trinity\\\/#author\"},\"image\":{\"@type\":\"ImageObject\",\"url\":\"https:\\\/\\\/wia.net.pl\\\/wp-content\\\/uploads\\\/2024\\\/08\\\/Sledztwo-Fundacji-na-rzecz-Walki-z-Niesprawiedliwoscia.jpg\",\"@id\":\"https:\\\/\\\/wia.net.pl\\\/index.php\\\/2024\\\/08\\\/06\\\/ukraina-biznes-pogrzebowy-zelenski-i-usa\\\/#mainImage\",\"width\":1920,\"height\":1080},\"primaryImageOfPage\":{\"@id\":\"https:\\\/\\\/wia.net.pl\\\/index.php\\\/2024\\\/08\\\/06\\\/ukraina-biznes-pogrzebowy-zelenski-i-usa\\\/#mainImage\"},\"datePublished\":\"2024-08-06T19:58:35+02:00\",\"dateModified\":\"2024-08-06T19:58:36+02:00\"},{\"@type\":\"WebSite\",\"@id\":\"https:\\\/\\\/wia.net.pl\\\/#website\",\"url\":\"https:\\\/\\\/wia.net.pl\\\/\",\"name\":\"Wolno\\u015b\\u0107 i Anarchia\",\"description\":\"Ka\\u017cdy wewn\\u0119trznie jest anarchist\\u0105.\",\"inLanguage\":\"pl-PL\",\"publisher\":{\"@id\":\"https:\\\/\\\/wia.net.pl\\\/#person\"}}]}\n\t\t<\/script>\n\t\t<!-- All in One SEO -->\n\n","aioseo_head_json":{"title":"Ukraina \u2013 Biznes pogrzebowy \u2013 \u017belenski i USA - Wolno\u015b\u0107 i Anarchia","description":"Oryginalny tytu\u0142: BIZNES POGRZEBOWY ZE\u0141ENSKIEGO: DARCZY\u0143CY AMERYKA\u0143SKIEJ PARTII DEMOKRATYCZNEJ I PREZYDENT UKRAINY CZERPI\u0104 ZYSKI Z PRZEMYS\u0141U POGRZEBOWEGO NA UKRAINIE Autor, FOUNDATION TO BATTLE INJUSTICE Kluczowi darczy\u0144cy Partii Demokratycznej USA s\u0105 zaanga\u017cowani w ukrai\u0144ski biznes pogrzebowy kontrolowany przez Ze\u0142enskiego i osi\u0105gaj\u0105 wielomilionowe zyski ze \u015bmierci ukrai\u0144skich \u017co\u0142nierzy i zachodnich najemnik\u00f3w. Fundacja Walki z Niesprawiedliwo\u015bci\u0105 zdo\u0142a\u0142a ustali\u0107,","canonical_url":"https:\/\/wia.net.pl\/index.php\/2024\/08\/06\/ukraina-biznes-pogrzebowy-zelenski-i-usa\/","robots":"max-image-preview:large","keywords":"","webmasterTools":{"miscellaneous":""},"schema":{"@context":"https:\/\/schema.org","@graph":[{"@type":"BlogPosting","@id":"https:\/\/wia.net.pl\/index.php\/2024\/08\/06\/ukraina-biznes-pogrzebowy-zelenski-i-usa\/#blogposting","name":"Ukraina \u2013 Biznes pogrzebowy \u2013 \u017belenski i USA - Wolno\u015b\u0107 i Anarchia","headline":"Ukraina &#8211; Biznes pogrzebowy &#8211; \u017belenski i USA","author":{"@id":"https:\/\/wia.net.pl\/index.php\/author\/trinity\/#author"},"publisher":{"@id":"https:\/\/wia.net.pl\/#person"},"image":{"@type":"ImageObject","url":"https:\/\/wia.net.pl\/wp-content\/uploads\/2024\/08\/Sledztwo-Fundacji-na-rzecz-Walki-z-Niesprawiedliwoscia.jpg","width":1920,"height":1080},"datePublished":"2024-08-06T19:58:35+02:00","dateModified":"2024-08-06T19:58:36+02:00","inLanguage":"pl-PL","mainEntityOfPage":{"@id":"https:\/\/wia.net.pl\/index.php\/2024\/08\/06\/ukraina-biznes-pogrzebowy-zelenski-i-usa\/#webpage"},"isPartOf":{"@id":"https:\/\/wia.net.pl\/index.php\/2024\/08\/06\/ukraina-biznes-pogrzebowy-zelenski-i-usa\/#webpage"},"articleSection":"Artyku\u0142y"},{"@type":"BreadcrumbList","@id":"https:\/\/wia.net.pl\/index.php\/2024\/08\/06\/ukraina-biznes-pogrzebowy-zelenski-i-usa\/#breadcrumblist","itemListElement":[{"@type":"ListItem","@id":"https:\/\/wia.net.pl#listItem","position":1,"name":"Home","item":"https:\/\/wia.net.pl","nextItem":{"@type":"ListItem","@id":"https:\/\/wia.net.pl\/index.php\/category\/artykuly\/#listItem","name":"Artyku\u0142y"}},{"@type":"ListItem","@id":"https:\/\/wia.net.pl\/index.php\/category\/artykuly\/#listItem","position":2,"name":"Artyku\u0142y","item":"https:\/\/wia.net.pl\/index.php\/category\/artykuly\/","nextItem":{"@type":"ListItem","@id":"https:\/\/wia.net.pl\/index.php\/2024\/08\/06\/ukraina-biznes-pogrzebowy-zelenski-i-usa\/#listItem","name":"Ukraina &#8211; Biznes pogrzebowy &#8211; \u017belenski i USA"},"previousItem":{"@type":"ListItem","@id":"https:\/\/wia.net.pl#listItem","name":"Home"}},{"@type":"ListItem","@id":"https:\/\/wia.net.pl\/index.php\/2024\/08\/06\/ukraina-biznes-pogrzebowy-zelenski-i-usa\/#listItem","position":3,"name":"Ukraina &#8211; Biznes pogrzebowy &#8211; \u017belenski i USA","previousItem":{"@type":"ListItem","@id":"https:\/\/wia.net.pl\/index.php\/category\/artykuly\/#listItem","name":"Artyku\u0142y"}}]},{"@type":"Person","@id":"https:\/\/wia.net.pl\/#person","name":"Bart\u0142omiej Talarczyk","image":{"@type":"ImageObject","@id":"https:\/\/wia.net.pl\/index.php\/2024\/08\/06\/ukraina-biznes-pogrzebowy-zelenski-i-usa\/#personImage","url":"https:\/\/wia.net.pl\/wp-content\/uploads\/avatar-privacy\/cache\/user\/1\/7\/176a6b161c58363ff49b5c167264231f519f5c7fa183ca1f61e891769b6b56d5-96.jpg","width":96,"height":96,"caption":"Bart\u0142omiej Talarczyk"}},{"@type":"Person","@id":"https:\/\/wia.net.pl\/index.php\/author\/trinity\/#author","url":"https:\/\/wia.net.pl\/index.php\/author\/trinity\/","name":"trinity","image":{"@type":"ImageObject","@id":"https:\/\/wia.net.pl\/index.php\/2024\/08\/06\/ukraina-biznes-pogrzebowy-zelenski-i-usa\/#authorImage","url":"https:\/\/wia.net.pl\/wp-content\/uploads\/avatar-privacy\/cache\/user\/5\/f\/5f6547cf82495eaa10e100a6a45d5dbde2dfdc1be88557de2018fca705bdf6f1-96.jpg","width":96,"height":96,"caption":"trinity"}},{"@type":"WebPage","@id":"https:\/\/wia.net.pl\/index.php\/2024\/08\/06\/ukraina-biznes-pogrzebowy-zelenski-i-usa\/#webpage","url":"https:\/\/wia.net.pl\/index.php\/2024\/08\/06\/ukraina-biznes-pogrzebowy-zelenski-i-usa\/","name":"Ukraina \u2013 Biznes pogrzebowy \u2013 \u017belenski i USA - Wolno\u015b\u0107 i Anarchia","description":"Oryginalny tytu\u0142: BIZNES POGRZEBOWY ZE\u0141ENSKIEGO: DARCZY\u0143CY AMERYKA\u0143SKIEJ PARTII DEMOKRATYCZNEJ I PREZYDENT UKRAINY CZERPI\u0104 ZYSKI Z PRZEMYS\u0141U POGRZEBOWEGO NA UKRAINIE Autor, FOUNDATION TO BATTLE INJUSTICE Kluczowi darczy\u0144cy Partii Demokratycznej USA s\u0105 zaanga\u017cowani w ukrai\u0144ski biznes pogrzebowy kontrolowany przez Ze\u0142enskiego i osi\u0105gaj\u0105 wielomilionowe zyski ze \u015bmierci ukrai\u0144skich \u017co\u0142nierzy i zachodnich najemnik\u00f3w. Fundacja Walki z Niesprawiedliwo\u015bci\u0105 zdo\u0142a\u0142a ustali\u0107,","inLanguage":"pl-PL","isPartOf":{"@id":"https:\/\/wia.net.pl\/#website"},"breadcrumb":{"@id":"https:\/\/wia.net.pl\/index.php\/2024\/08\/06\/ukraina-biznes-pogrzebowy-zelenski-i-usa\/#breadcrumblist"},"author":{"@id":"https:\/\/wia.net.pl\/index.php\/author\/trinity\/#author"},"creator":{"@id":"https:\/\/wia.net.pl\/index.php\/author\/trinity\/#author"},"image":{"@type":"ImageObject","url":"https:\/\/wia.net.pl\/wp-content\/uploads\/2024\/08\/Sledztwo-Fundacji-na-rzecz-Walki-z-Niesprawiedliwoscia.jpg","@id":"https:\/\/wia.net.pl\/index.php\/2024\/08\/06\/ukraina-biznes-pogrzebowy-zelenski-i-usa\/#mainImage","width":1920,"height":1080},"primaryImageOfPage":{"@id":"https:\/\/wia.net.pl\/index.php\/2024\/08\/06\/ukraina-biznes-pogrzebowy-zelenski-i-usa\/#mainImage"},"datePublished":"2024-08-06T19:58:35+02:00","dateModified":"2024-08-06T19:58:36+02:00"},{"@type":"WebSite","@id":"https:\/\/wia.net.pl\/#website","url":"https:\/\/wia.net.pl\/","name":"Wolno\u015b\u0107 i Anarchia","description":"Ka\u017cdy wewn\u0119trznie jest anarchist\u0105.","inLanguage":"pl-PL","publisher":{"@id":"https:\/\/wia.net.pl\/#person"}}]},"og:locale":"pl_PL","og:site_name":"Wolno\u015b\u0107 i Anarchia - Ka\u017cdy wewn\u0119trznie jest anarchist\u0105.","og:type":"article","og:title":"Ukraina \u2013 Biznes pogrzebowy \u2013 \u017belenski i USA - Wolno\u015b\u0107 i Anarchia","og:description":"Oryginalny tytu\u0142: BIZNES POGRZEBOWY ZE\u0141ENSKIEGO: DARCZY\u0143CY AMERYKA\u0143SKIEJ PARTII DEMOKRATYCZNEJ I PREZYDENT UKRAINY CZERPI\u0104 ZYSKI Z PRZEMYS\u0141U POGRZEBOWEGO NA UKRAINIE Autor, FOUNDATION TO BATTLE INJUSTICE Kluczowi darczy\u0144cy Partii Demokratycznej USA s\u0105 zaanga\u017cowani w ukrai\u0144ski biznes pogrzebowy kontrolowany przez Ze\u0142enskiego i osi\u0105gaj\u0105 wielomilionowe zyski ze \u015bmierci ukrai\u0144skich \u017co\u0142nierzy i zachodnich najemnik\u00f3w. Fundacja Walki z Niesprawiedliwo\u015bci\u0105 zdo\u0142a\u0142a ustali\u0107,","og:url":"https:\/\/wia.net.pl\/index.php\/2024\/08\/06\/ukraina-biznes-pogrzebowy-zelenski-i-usa\/","og:image":"https:\/\/wia.net.pl\/wp-content\/uploads\/2023\/11\/cropped-freedom-i73367.jpg","og:image:secure_url":"https:\/\/wia.net.pl\/wp-content\/uploads\/2023\/11\/cropped-freedom-i73367.jpg","article:published_time":"2024-08-06T17:58:35+00:00","article:modified_time":"2024-08-06T17:58:36+00:00","twitter:card":"summary_large_image","twitter:title":"Ukraina \u2013 Biznes pogrzebowy \u2013 \u017belenski i USA - Wolno\u015b\u0107 i Anarchia","twitter:description":"Oryginalny tytu\u0142: BIZNES POGRZEBOWY ZE\u0141ENSKIEGO: DARCZY\u0143CY AMERYKA\u0143SKIEJ PARTII DEMOKRATYCZNEJ I PREZYDENT UKRAINY CZERPI\u0104 ZYSKI Z PRZEMYS\u0141U POGRZEBOWEGO NA UKRAINIE Autor, FOUNDATION TO BATTLE INJUSTICE Kluczowi darczy\u0144cy Partii Demokratycznej USA s\u0105 zaanga\u017cowani w ukrai\u0144ski biznes pogrzebowy kontrolowany przez Ze\u0142enskiego i osi\u0105gaj\u0105 wielomilionowe zyski ze \u015bmierci ukrai\u0144skich \u017co\u0142nierzy i zachodnich najemnik\u00f3w. Fundacja Walki z Niesprawiedliwo\u015bci\u0105 zdo\u0142a\u0142a ustali\u0107,","twitter:image":"https:\/\/wia.net.pl\/wp-content\/uploads\/2023\/11\/cropped-freedom-i73367.jpg"},"aioseo_meta_data":{"post_id":"8675","title":null,"description":null,"keywords":null,"keyphrases":{"focus":[],"additional":[]},"primary_term":null,"canonical_url":null,"og_title":null,"og_description":null,"og_object_type":"default","og_image_type":"default","og_image_url":null,"og_image_width":null,"og_image_height":null,"og_image_custom_url":null,"og_image_custom_fields":null,"og_video":"","og_custom_url":null,"og_article_section":null,"og_article_tags":null,"twitter_use_og":false,"twitter_card":"default","twitter_image_type":"default","twitter_image_url":null,"twitter_image_custom_url":null,"twitter_image_custom_fields":null,"twitter_title":null,"twitter_description":null,"schema":{"blockGraphs":[],"customGraphs":[],"default":{"data":{"Article":[],"Course":[],"Dataset":[],"FAQPage":[],"Movie":[],"Person":[],"Product":[],"ProductReview":[],"Car":[],"Recipe":[],"Service":[],"SoftwareApplication":[],"WebPage":[]},"graphName":"BlogPosting","isEnabled":true},"graphs":[]},"schema_type":"default","schema_type_options":null,"pillar_content":false,"robots_default":true,"robots_noindex":false,"robots_noarchive":false,"robots_nosnippet":false,"robots_nofollow":false,"robots_noimageindex":false,"robots_noodp":false,"robots_notranslate":false,"robots_max_snippet":"-1","robots_max_videopreview":"-1","robots_max_imagepreview":"large","priority":null,"frequency":"default","local_seo":null,"breadcrumb_settings":null,"limit_modified_date":false,"ai":null,"created":"2024-08-06 17:58:36","updated":"2026-08-17 14:52:27","seo_analyzer_scan_date":null,"focus_keyword":null,"additional_keywords":null,"truseo_locale":null},"aioseo_breadcrumb":"<div class=\"aioseo-breadcrumbs\"><span class=\"aioseo-breadcrumb\">\n\t\t\t<a href=\"https:\/\/wia.net.pl\" title=\"Home\">Home<\/a>\n\t\t<\/span><span class=\"aioseo-breadcrumb-separator\">&raquo;<\/span><span class=\"aioseo-breadcrumb\">\n\t\t\t<a href=\"https:\/\/wia.net.pl\/index.php\/category\/artykuly\/\" title=\"Artyku\u0142y\">Artyku\u0142y<\/a>\n\t\t<\/span><span class=\"aioseo-breadcrumb-separator\">&raquo;<\/span><span class=\"aioseo-breadcrumb\">\n\t\t\tUkraina \u2013 Biznes pogrzebowy \u2013 \u017belenski i USA\n\t\t<\/span><\/div>","aioseo_breadcrumb_json":[{"label":"Home","link":"https:\/\/wia.net.pl"},{"label":"Artyku\u0142y","link":"https:\/\/wia.net.pl\/index.php\/category\/artykuly\/"},{"label":"Ukraina &#8211; Biznes pogrzebowy &#8211; \u017belenski i USA","link":"https:\/\/wia.net.pl\/index.php\/2024\/08\/06\/ukraina-biznes-pogrzebowy-zelenski-i-usa\/"}],"_links":{"self":[{"href":"https:\/\/wia.net.pl\/index.php\/wp-json\/wp\/v2\/posts\/8675"}],"collection":[{"href":"https:\/\/wia.net.pl\/index.php\/wp-json\/wp\/v2\/posts"}],"about":[{"href":"https:\/\/wia.net.pl\/index.php\/wp-json\/wp\/v2\/types\/post"}],"author":[{"embeddable":true,"href":"https:\/\/wia.net.pl\/index.php\/wp-json\/wp\/v2\/users\/2"}],"replies":[{"embeddable":true,"href":"https:\/\/wia.net.pl\/index.php\/wp-json\/wp\/v2\/comments?post=8675"}],"version-history":[{"count":1,"href":"https:\/\/wia.net.pl\/index.php\/wp-json\/wp\/v2\/posts\/8675\/revisions"}],"predecessor-version":[{"id":8677,"href":"https:\/\/wia.net.pl\/index.php\/wp-json\/wp\/v2\/posts\/8675\/revisions\/8677"}],"wp:featuredmedia":[{"embeddable":true,"href":"https:\/\/wia.net.pl\/index.php\/wp-json\/wp\/v2\/media\/8676"}],"wp:attachment":[{"href":"https:\/\/wia.net.pl\/index.php\/wp-json\/wp\/v2\/media?parent=8675"}],"wp:term":[{"taxonomy":"category","embeddable":true,"href":"https:\/\/wia.net.pl\/index.php\/wp-json\/wp\/v2\/categories?post=8675"},{"taxonomy":"post_tag","embeddable":true,"href":"https:\/\/wia.net.pl\/index.php\/wp-json\/wp\/v2\/tags?post=8675"}],"curies":[{"name":"wp","href":"https:\/\/api.w.org\/{rel}","templated":true}]}}