{"id":8771,"date":"2024-08-22T20:51:29","date_gmt":"2024-08-22T18:51:29","guid":{"rendered":"https:\/\/wia.net.pl\/?p=8771"},"modified":"2026-01-22T01:27:48","modified_gmt":"2026-01-22T00:27:48","slug":"odklamywanie-terminow-milicja-obywatelska","status":"publish","type":"post","link":"https:\/\/wia.net.pl\/index.php\/2024\/08\/22\/odklamywanie-terminow-milicja-obywatelska\/","title":{"rendered":"Odk\u0142amywanie termin\u00f3w &#8211; Milicja Obywatelska"},"content":{"rendered":"\n<p>Materia\u0142 o przeinaczeniu znaczenia terminu &#8222;Milicja Obywatelska&#8221; i po co u\u017cyto technik kontroli umys\u0142u aby na sta\u0142e obrzydzi\u0107 ten termin.<\/p>\n\n\n\n<p>Materia\u0142 autorski dost\u0119pny dla p\u0142atnych subskrybent\u00f3w kana\u0142u WIA na SubStack.<\/p>\n\n\n<div class=\"substack-post-embed\">\n<p lang=\"en\">Odk\u0142amywanie termin\u00f3w &#8211; Milicja Obywatelska by Wolno\u015b\u0107 i Anarchia<\/p>\n<p>Materia\u0142 o przeinaczeniu znaczenia terminu &#8222;Milicja Obywatelska&#8221; i po co u\u017cyto technik kontroli umys\u0142u aby na sta\u0142e obrzydzi\u0107 ten termin.<\/p>\n<p><a data-post-link href=\"https:\/\/wolnoscanarchia.substack.com\/p\/odkamywanie-terminow-milicja-obywatelska\">Read on Substack<\/a><\/div>\n<p><script async src=\"https:\/\/substack.com\/embedjs\/embed.js\" charset=\"utf-8\"><\/script><\/p>\n<div class=\"remoji_bar\"><div class=\"remoji_add_container\" data-remoji-id=\"8771\" data-remoji-type=\"post\"><div class=\"remoji_add_icon\"><\/div><\/div><div class=\"remoji_error_bar\" data-remoji-id=\"8771\" data-remoji-type=\"post\" style=\"display: none;\">Error happened.<\/div><\/div>","protected":false},"excerpt":{"rendered":"<p>Materia\u0142 o przeinaczeniu znaczenia terminu &#8222;Milicja Obywatelska&#8221; i po co u\u017cyto technik kontroli umys\u0142u aby na sta\u0142e obrzydzi\u0107 ten termin. Materia\u0142 autorski dost\u0119pny dla p\u0142atnych subskrybent\u00f3w kana\u0142u WIA na SubStack. Error happened.<\/p>\n","protected":false},"author":3,"featured_media":8772,"comment_status":"open","ping_status":"open","sticky":false,"template":"","format":"standard","meta":{"_acf_changed":false,"_bbp_topic_count":0,"_bbp_reply_count":0,"_bbp_total_topic_count":0,"_bbp_total_reply_count":0,"_bbp_voice_count":0,"_bbp_anonymous_reply_count":0,"_bbp_topic_count_hidden":0,"_bbp_reply_count_hidden":0,"_bbp_forum_subforum_count":0,"om_disable_all_campaigns":false,"_monsterinsights_skip_tracking":false,"_monsterinsights_sitenote_active":false,"_monsterinsights_sitenote_note":"","_monsterinsights_sitenote_category":0,"footnotes":""},"categories":[186],"tags":[68,63,42,71,26,23,32,22,70],"class_list":["post-8771","post","type-post","status-publish","format-standard","has-post-thumbnail","hentry","category-platna-subskrypcja-substack","tag-cesarstwo-rzymskie","tag-historia-ziemi","tag-illuminati","tag-kosciol-katolicki","tag-ludzkosc","tag-niewolnictwo","tag-rzad","tag-satanizm","tag-tajne-stowarzyszenia"],"acf":[],"aioseo_notices":[],"_links":{"self":[{"href":"https:\/\/wia.net.pl\/index.php\/wp-json\/wp\/v2\/posts\/8771"}],"collection":[{"href":"https:\/\/wia.net.pl\/index.php\/wp-json\/wp\/v2\/posts"}],"about":[{"href":"https:\/\/wia.net.pl\/index.php\/wp-json\/wp\/v2\/types\/post"}],"author":[{"embeddable":true,"href":"https:\/\/wia.net.pl\/index.php\/wp-json\/wp\/v2\/users\/3"}],"replies":[{"embeddable":true,"href":"https:\/\/wia.net.pl\/index.php\/wp-json\/wp\/v2\/comments?post=8771"}],"version-history":[{"count":1,"href":"https:\/\/wia.net.pl\/index.php\/wp-json\/wp\/v2\/posts\/8771\/revisions"}],"predecessor-version":[{"id":8773,"href":"https:\/\/wia.net.pl\/index.php\/wp-json\/wp\/v2\/posts\/8771\/revisions\/8773"}],"wp:featuredmedia":[{"embeddable":true,"href":"https:\/\/wia.net.pl\/index.php\/wp-json\/wp\/v2\/media\/8772"}],"wp:attachment":[{"href":"https:\/\/wia.net.pl\/index.php\/wp-json\/wp\/v2\/media?parent=8771"}],"wp:term":[{"taxonomy":"category","embeddable":true,"href":"https:\/\/wia.net.pl\/index.php\/wp-json\/wp\/v2\/categories?post=8771"},{"taxonomy":"post_tag","embeddable":true,"href":"https:\/\/wia.net.pl\/index.php\/wp-json\/wp\/v2\/tags?post=8771"}],"curies":[{"name":"wp","href":"https:\/\/api.w.org\/{rel}","templated":true}]}}