{"id":8774,"date":"2024-08-23T13:45:44","date_gmt":"2024-08-23T11:45:44","guid":{"rendered":"https:\/\/wia.net.pl\/?p=8774"},"modified":"2024-08-23T13:45:45","modified_gmt":"2024-08-23T11:45:45","slug":"demokracja-pryncypialna-a-anarchia-w-swietle-spoldzielczosci","status":"publish","type":"post","link":"https:\/\/wia.net.pl\/index.php\/2024\/08\/23\/demokracja-pryncypialna-a-anarchia-w-swietle-spoldzielczosci\/","title":{"rendered":"Demokracja pryncypialna a Anarchia w \u015bwietle sp\u00f3\u0142dzielczo\u015bci"},"content":{"rendered":"\n<p class=\"has-medium-font-size\"><strong>Omawiane zagadnienia:<\/strong><\/p>\n\n\n\n<p><strong>g\u0142\u00f3wne za\u0142o\u017cenia demokracji pryncypialnej<\/strong><\/p>\n\n\n\n<p><strong>struktura w\u0142adzy w demokracji pryncypialnej<\/strong><\/p>\n\n\n\n<p><strong>wady demokracji pryncypialnej<\/strong><\/p>\n\n\n\n<p><strong>etymologia i prawdziwe znaczenie s\u0142owa anarchia w odniesieniu do prawa naturalnego<\/strong><\/p>\n\n\n\n<p><strong>wady anarchii<\/strong><\/p>\n\n\n\n<p><strong>cechy wsp\u00f3lne anarchii i demokracji pryncypialnej<\/strong><\/p>\n\n\n\n<p><strong>r\u00f3\u017cnica pomi\u0119dzy anarchi\u0105 a demokracj\u0105 pryncypialn\u0105<\/strong><\/p>\n\n\n\n<p><strong>sp\u00f3\u0142dzielczo\u015b\u0107 jest bli\u017csza anarchii czy demokracji pryncypialnej? Dlaczego?<\/strong><\/p>\n\n\n\n<p><\/p>\n\n\n\n<p>Opracowanie w\u0142asne.<\/p>\n\n\n\n<p>Materia\u0142y dotycz\u0105ce prawa naturalnego: <a href=\"https:\/\/wia.net.pl\/index.php\/category\/prawonaturalne\/\" target=\"_blank\" rel=\"noopener\" title=\"\">PRAWO NATURALNE<\/a><\/p>\n\n\n\n<p>Sp\u00f3\u0142dzielnia \u015awietlik: <a href=\"https:\/\/wia.net.pl\/index.php\/2024\/08\/19\/spoldzielnia-swietlik\/\">NAMIARY NA SP\u00d3\u0141DZIELNI\u0118 \u015aWIETLIK<\/a><\/p>\n\n\n\n<figure class=\"wp-block-video\"><video controls poster=\"https:\/\/wia.net.pl\/wp-content\/uploads\/2024\/08\/DEMOKRACJA-PRYNCYPIALNA-A-ANARCHIZM.jpg\" src=\"https:\/\/wia.net.pl\/wp-content\/uploads\/2024\/08\/Demokracja-pryncypialna-a-Anarchia-w-swietle-spoldzielczosci.mp4\"><\/video><\/figure>\n\n\n\n<div data-wp-interactive=\"core\/file\" class=\"wp-block-file\"><object data-wp-bind--hidden=\"!state.hasPdfPreview\"  class=\"wp-block-file__embed\" data=\"https:\/\/wia.net.pl\/wp-content\/uploads\/2024\/08\/Demokracja-pryncypialna-a-Anarchia-w-swietle-spoldzielczosci.pdf\" type=\"application\/pdf\" style=\"width:100%;height:600px\" aria-label=\"Osadzone z Demokracja-pryncypialna-a-Anarchia-w-swietle-spoldzielczosci.\"><\/object><a id=\"wp-block-file--media-c1f7865c-fa81-4c66-913e-389d9e7a2198\" href=\"https:\/\/wia.net.pl\/wp-content\/uploads\/2024\/08\/Demokracja-pryncypialna-a-Anarchia-w-swietle-spoldzielczosci.pdf\">Demokracja-pryncypialna-a-Anarchia-w-swietle-spoldzielczosci<\/a><a href=\"https:\/\/wia.net.pl\/wp-content\/uploads\/2024\/08\/Demokracja-pryncypialna-a-Anarchia-w-swietle-spoldzielczosci.pdf\" class=\"wp-block-file__button wp-element-button\" download aria-describedby=\"wp-block-file--media-c1f7865c-fa81-4c66-913e-389d9e7a2198\">Pobierz<\/a><\/div>\n\n\n\n<p><\/p>\n<div class=\"remoji_bar\"><div class=\"remoji_add_container\" data-remoji-id=\"8774\" data-remoji-type=\"post\"><div class=\"remoji_add_icon\"><\/div><\/div><div class=\"remoji_error_bar\" data-remoji-id=\"8774\" data-remoji-type=\"post\" style=\"display: none;\">Error happened.<\/div><\/div>","protected":false},"excerpt":{"rendered":"<p>Omawiane zagadnienia: g\u0142\u00f3wne za\u0142o\u017cenia demokracji pryncypialnej struktura w\u0142adzy w demokracji pryncypialnej wady demokracji pryncypialnej etymologia i prawdziwe znaczenie s\u0142owa anarchia w odniesieniu do prawa naturalnego wady anarchii cechy wsp\u00f3lne anarchii i demokracji pryncypialnej r\u00f3\u017cnica pomi\u0119dzy anarchi\u0105 a demokracj\u0105 pryncypialn\u0105 sp\u00f3\u0142dzielczo\u015b\u0107&#8230; <\/p>\n","protected":false},"author":3,"featured_media":8776,"comment_status":"open","ping_status":"open","sticky":false,"template":"","format":"standard","meta":{"_acf_changed":false,"_bbp_topic_count":0,"_bbp_reply_count":0,"_bbp_total_topic_count":0,"_bbp_total_reply_count":0,"_bbp_voice_count":0,"_bbp_anonymous_reply_count":0,"_bbp_topic_count_hidden":0,"_bbp_reply_count_hidden":0,"_bbp_forum_subforum_count":0,"om_disable_all_campaigns":false,"_monsterinsights_skip_tracking":false,"_monsterinsights_sitenote_active":false,"_monsterinsights_sitenote_note":"","_monsterinsights_sitenote_category":0,"footnotes":""},"categories":[16,8],"tags":[68,63,42,71,26,23,32,22,70,62],"class_list":["post-8774","post","type-post","status-publish","format-standard","has-post-thumbnail","hentry","category-prawonaturalne","category-prelekcjewywiady","tag-cesarstwo-rzymskie","tag-historia-ziemi","tag-illuminati","tag-kosciol-katolicki","tag-ludzkosc","tag-niewolnictwo","tag-rzad","tag-satanizm","tag-tajne-stowarzyszenia","tag-wszechswiat"],"acf":[],"aioseo_notices":[],"_links":{"self":[{"href":"https:\/\/wia.net.pl\/index.php\/wp-json\/wp\/v2\/posts\/8774"}],"collection":[{"href":"https:\/\/wia.net.pl\/index.php\/wp-json\/wp\/v2\/posts"}],"about":[{"href":"https:\/\/wia.net.pl\/index.php\/wp-json\/wp\/v2\/types\/post"}],"author":[{"embeddable":true,"href":"https:\/\/wia.net.pl\/index.php\/wp-json\/wp\/v2\/users\/3"}],"replies":[{"embeddable":true,"href":"https:\/\/wia.net.pl\/index.php\/wp-json\/wp\/v2\/comments?post=8774"}],"version-history":[{"count":1,"href":"https:\/\/wia.net.pl\/index.php\/wp-json\/wp\/v2\/posts\/8774\/revisions"}],"predecessor-version":[{"id":8778,"href":"https:\/\/wia.net.pl\/index.php\/wp-json\/wp\/v2\/posts\/8774\/revisions\/8778"}],"wp:featuredmedia":[{"embeddable":true,"href":"https:\/\/wia.net.pl\/index.php\/wp-json\/wp\/v2\/media\/8776"}],"wp:attachment":[{"href":"https:\/\/wia.net.pl\/index.php\/wp-json\/wp\/v2\/media?parent=8774"}],"wp:term":[{"taxonomy":"category","embeddable":true,"href":"https:\/\/wia.net.pl\/index.php\/wp-json\/wp\/v2\/categories?post=8774"},{"taxonomy":"post_tag","embeddable":true,"href":"https:\/\/wia.net.pl\/index.php\/wp-json\/wp\/v2\/tags?post=8774"}],"curies":[{"name":"wp","href":"https:\/\/api.w.org\/{rel}","templated":true}]}}