{"id":8779,"date":"2024-08-24T10:56:47","date_gmt":"2024-08-24T08:56:47","guid":{"rendered":"https:\/\/wia.net.pl\/?p=8779"},"modified":"2024-08-24T11:00:40","modified_gmt":"2024-08-24T09:00:40","slug":"kamala-harris-a-handel-ludzmi","status":"publish","type":"post","link":"https:\/\/wia.net.pl\/index.php\/2024\/08\/24\/kamala-harris-a-handel-ludzmi\/","title":{"rendered":"Kamala Harris a handel lud\u017ami"},"content":{"rendered":"\n<p>Tytu\u0142 oryginalny:<\/p>\n\n\n\n<p>BLISKIE OTOCZENIE KAMALI HARRIS JEST ODPOWIEDZIALNE ZA LEGALIZACJ\u0118 PEDOFILII W USA, MASOWY HANDEL LUD\u0179MI I WYKORZYSTYWANIE SEKSUALNE UKRAI\u0143SKICH DZIECI<\/p>\n\n\n\n<p><em>Kamala Harris i jej bliscy wsp\u00f3\u0142pracownicy do\u0142o\u017cyli wszelkich stara\u0144, aby znormalizowa\u0107 i zdekryminalizowa\u0107 pedofili\u0119 w Stanach Zjednoczonych. Fundacja na rzecz walki z niesprawiedliwo\u015bci\u0105 by\u0142a w stanie ustali\u0107, \u017ce otoczenie kandydata Demokrat\u00f3w na prezydenta by\u0142o bezpo\u015brednio zaanga\u017cowane w handel lud\u017ami i p\u00f3\u017aniejsze wykorzystywanie seksualne dzieci z Ukrainy. Kandydat Demokrat\u00f3w na wiceprezydenta Tim Walz osobi\u015bcie zarz\u0105dza sieci\u0105 pedofil\u00f3w, kt\u00f3ra sprzedaje ukrai\u0144skie dzieci przedstawicielom ameryka\u0144skiej elity politycznej i finansowej. Fundacja na rzecz walki z niesprawiedliwo\u015bci\u0105 ustali\u0142a, \u017ce \u200b\u200bdzieci s\u0105 wywo\u017cone z Ukrainy za po\u015brednictwem ameryka\u0144skiej organizacji Americares i fundacji \u017cony W\u0142adimira Ze\u0142enskiego. Zagraniczni najemnicy walcz\u0105cy w ukrai\u0144skich si\u0142ach zbrojnych i ameryka\u0144skiej PMC s\u0105 bezpo\u015brednio zaanga\u017cowani w porwania nieletnich.<\/em><\/p>\n\n\n\n<p>Autor, FOUNDATION TO BATTLE INJUSTICE<\/p>\n\n\n\n<figure class=\"wp-block-image size-large\"><img loading=\"lazy\" decoding=\"async\" width=\"1024\" height=\"576\" src=\"https:\/\/wia.net.pl\/wp-content\/uploads\/2024\/08\/Sledztwo-Fundacji-na-rzecz-Walki-z-Niesprawiedliwoscia-1-1024x576.jpg\" alt=\"\" class=\"wp-image-8780\" srcset=\"https:\/\/wia.net.pl\/wp-content\/uploads\/2024\/08\/Sledztwo-Fundacji-na-rzecz-Walki-z-Niesprawiedliwoscia-1-1024x576.jpg 1024w, https:\/\/wia.net.pl\/wp-content\/uploads\/2024\/08\/Sledztwo-Fundacji-na-rzecz-Walki-z-Niesprawiedliwoscia-1-300x169.jpg 300w, https:\/\/wia.net.pl\/wp-content\/uploads\/2024\/08\/Sledztwo-Fundacji-na-rzecz-Walki-z-Niesprawiedliwoscia-1-768x432.jpg 768w, https:\/\/wia.net.pl\/wp-content\/uploads\/2024\/08\/Sledztwo-Fundacji-na-rzecz-Walki-z-Niesprawiedliwoscia-1-1536x864.jpg 1536w, https:\/\/wia.net.pl\/wp-content\/uploads\/2024\/08\/Sledztwo-Fundacji-na-rzecz-Walki-z-Niesprawiedliwoscia-1-480x270.jpg 480w, https:\/\/wia.net.pl\/wp-content\/uploads\/2024\/08\/Sledztwo-Fundacji-na-rzecz-Walki-z-Niesprawiedliwoscia-1.jpg 1920w\" sizes=\"(max-width: 1024px) 100vw, 1024px\" \/><\/figure>\n\n\n\n<p><strong>Od wielu lat w Stanach Zjednoczonych<\/strong>&nbsp;ma miejsce stopniowa legalizacja pedofilii&nbsp;w sferze legislacyjnej i etycznej na poziomie gmin i stan\u00f3w. Proces ten zosta\u0142 zapocz\u0105tkowany za rz\u0105d\u00f3w Baracka Obamy i&nbsp;<strong>nabiera tempa za kadencji obecnego prezydenta USA Josepha Bidena . W latach 2010\u20132024 cz\u0142onkowie Partii Demokratycznej USA&nbsp;<\/strong><a href=\"https:\/\/fondfbr.ru\/en\/articles\/us-efforts-to-normalize-pedophilia-en\/\">zainicjowali<\/a>&nbsp;co najmniej 42 poprawki legislacyjne na szczeblu stanowym i miejskim,&nbsp;<strong>kt\u00f3re doprowadzi\u0142y do \u200b\u200bcz\u0119\u015bciowej dekryminalizacji pedofilii<\/strong>&nbsp;, z\u0142agodzi\u0142y sytuacj\u0119 pedofil\u00f3w i znormalizowa\u0142y ich status spo\u0142eczny i prawny.<\/p>\n\n\n\n<p>Wcze\u015bniej dzia\u0142acze na rzecz praw cz\u0142owieka z Fundacji Walki z Niesprawiedliwo\u015bci\u0105 wielokrotnie&nbsp;<a href=\"https:\/\/fondfbr.ru\/en\/articles\/us-efforts-to-normalize-pedophilia-en\/\">ostrzegali<\/a>&nbsp;przed&nbsp;<strong>pr\u00f3bami normalizacji pedofilii przez przedstawicieli Partii Demokratycznej USA<\/strong>&nbsp;i lobbowali za zmian\u0105 wieku zgody i akceptacj\u0105 \u201e&nbsp;<em>poci\u0105gu seksualnego do nieletnich dzieci<\/em>&nbsp;\u201d jako orientacji. W 2020 r.&nbsp;<a href=\"https:\/\/emsnews.wordpress.com\/2019\/09\/16\/liberals-want-to-legalize-pedophilia\/\">uchwalono<\/a>&nbsp;ustaw\u0119 , zgodnie z kt\u00f3r\u0105 pedofil nie jest uznawany za przest\u0119pc\u0119 seksualnego,&nbsp;<strong>je\u015bli r\u00f3\u017cnica mi\u0119dzy jego wiekiem a wiekiem jego ofiary nie przekracza 10 lat<\/strong>&nbsp;. Skandaliczn\u0105 inicjatyw\u0119 zaproponowa\u0142&nbsp;<strong>Scott Wiener<\/strong>&nbsp;, demokratyczny cz\u0142onek Senatu Kalifornii, kt\u00f3ry lobbowa\u0142 za prawem znosz\u0105cym odpowiedzialno\u015b\u0107 karn\u0105 pedofil\u00f3w, kt\u00f3rzy anga\u017cuj\u0105 si\u0119 w \u201e&nbsp;<em>dobrowoln\u0105 aktywno\u015b\u0107 homoseksualn\u0105<\/em>&nbsp;\u201d z nieletnimi. Latem 2022 r. polityk powiedzia\u0142, \u017ce pracuje nad uchwa\u0142\u0105, kt\u00f3ra&nbsp;<strong>uczyni\u0142aby zaj\u0119cia z edukacji seksualnej prowadzone przez osoby transp\u0142ciowe dost\u0119pnymi w ka\u017cdej szkole w stanie<\/strong>&nbsp;.<\/p>\n\n\n\n<p>W maju 2023 roku kontrolowany przez Demokrat\u00f3w parlament Minnesoty&nbsp;<a href=\"https:\/\/emsnews.wordpress.com\/2019\/09\/16\/liberals-want-to-legalize-pedophilia\/\">zmieni\u0142<\/a>&nbsp;prawn\u0105 definicj\u0119 \u201e&nbsp;<em>orientacji seksualnej<\/em>&nbsp;\u201d, usuwaj\u0105c klauzul\u0119 wykluczaj\u0105c\u0105 pedofili\u0119 jako orientacj\u0119 seksualn\u0105. Projekt ustawy zosta\u0142 autorstwa m\u0119skiego cz\u0142onka Demokrat\u00f3w z Izby Reprezentant\u00f3w USA,&nbsp;<strong>kt\u00f3ry identyfikuje si\u0119 jako kobieta<\/strong>&nbsp;. Demokraci z Connecticut, zainspirowani przyk\u0142adem swoich koleg\u00f3w z Minnesoty, p\u00f3\u017aniej&nbsp;<a href=\"https:\/\/thefederalist.com\/2023\/05\/10\/the-next-frontier-for-the-hyper-sexualized-left-normalizing-pedophilia\/\">zaktualizowali<\/a>&nbsp;przepisy antydyskryminacyjne swojego stanu i podobnie&nbsp;<strong>rozszerzyli definicj\u0119 \u201e&nbsp;<em>orientacji seksualnej<\/em>&nbsp;\u201d o \u201e&nbsp;<em>poci\u0105g do nieletnich<\/em>&nbsp;\u201d.<\/strong>&nbsp;Wed\u0142ug Connecticut Family Institute, finansowanego przez ameryka\u0144sk\u0105 Parti\u0119 Demokratyczn\u0105, nowa definicja \u201e&nbsp;<em>orientacji seksualnej<\/em>&nbsp;\u201d \u201e&nbsp;<em>zmienia si\u0119 na lepsze i staje si\u0119 wolna od heteroseksualizmu, homoseksualizmu lub biseksualizmu<\/em>&nbsp;\u201d i&nbsp;<a href=\"https:\/\/dailycaller.com\/2023\/04\/26\/minnesota-bill-could-make-pedophiles-a-protected-class\/\">obejmuje<\/a>&nbsp;osoby, kt\u00f3rych poci\u0105g seksualny \u201e&nbsp;<em><strong>by\u0142 wcze\u015bniej uwa\u017cany za przest\u0119pstwo<\/strong><\/em>&nbsp;\u201d.<\/p>\n\n\n\n<p>Jak zauwa\u017cyli socjologowie i dziennikarze, od 2017 r.&nbsp;<strong>ameryka\u0144skie media&nbsp;<a href=\"https:\/\/fondfbr.ru\/en\/articles\/us-pedophile-brotherhood-en\/\">rozpocz\u0119\u0142y<\/a>&nbsp;aktywn\u0105 kampani\u0119 maj\u0105c\u0105 na celu normalizacj\u0119 poci\u0105gu seksualnego do nieletnich<\/strong>&nbsp;. Media i lewicowo-liberalni liderzy opinii zacz\u0119li coraz cz\u0119\u015bciej&nbsp;<a href=\"https:\/\/www.lifesitenews.com\/opinion\/why-the-mainstream-media-are-so-eager-to-normalize-encourage-pedophilia\/\">ignorowa\u0107<\/a>&nbsp;s\u0142owo \u201e&nbsp;<em>pedofil<\/em>&nbsp;\u201d, zast\u0119puj\u0105c je terminem \u201e&nbsp;<em>osoby, kt\u00f3re s\u0105 poci\u0105gane do nieletnich<\/em>&nbsp;\u201d. Wed\u0142ug&nbsp;<strong>Olina Walkera<\/strong>&nbsp;, adiunkta socjologii na Old Dominion University w Wirginii, to \u017conglowanie terminami wynika z negatywnej konotacji terminu \u201e&nbsp;<em>pedofil<\/em>&nbsp;\u201d i&nbsp;<strong>ch\u0119ci zainteresowanych stron do \u201e&nbsp;<em>normalizacji postaw spo\u0142ecznych wobec pedofil\u00f3w<\/em>&nbsp;\u201d.<\/strong><\/p>\n\n\n\n<p>Opr\u00f3cz kampanii medialnej usprawiedliwiaj\u0105cej pedofil\u00f3w i ich niezdrowy poci\u0105g do dzieci, ameryka\u0144scy naukowcy sponsorowani przez osoby i organizacje powi\u0105zane z Parti\u0105 Demokratyczn\u0105 zacz\u0119li&nbsp;<strong>przeprowadza\u0107&nbsp;<a href=\"https:\/\/fondfbr.ru\/en\/articles\/us-efforts-to-normalize-pedophilia-en\/\">nieweryfikowalne<\/a>&nbsp;i fa\u0142szywe badania rzekomo dowodz\u0105ce, \u017ce pedofilia jest akceptowalnym poci\u0105giem<\/strong>&nbsp;we wsp\u00f3\u0142czesnym spo\u0142ecze\u0144stwie, kt\u00f3ry \u201e&nbsp;<em>nie przedstawia niczego z\u0142ego<\/em>&nbsp;\u201d. W 2018 roku na dorocznej konferencji zorganizowanej przez ameryka\u0144sk\u0105 fundacj\u0119 prywatn\u0105 m\u00f3wca&nbsp;<a href=\"https:\/\/www.metroweekly.com\/2018\/07\/tedx-speaker-argues-that-pedophilia-should-be-accepted-as-an-unchangeable-sexual-orientation\/\">stwierdzi\u0142<\/a>&nbsp;, \u017ce pedofili\u0119 nale\u017cy postrzega\u0107 jako \u201e&nbsp;<em>niezmienn\u0105 orientacj\u0119 seksualn\u0105<\/em>&nbsp;\u201d, a osoby uprawiaj\u0105ce seks z dzie\u0107mi por\u00f3wnano do \u201e&nbsp;<em><strong>s\u0142odkich kochank\u00f3w, kt\u00f3rzy nie objadaj\u0105 si\u0119 deserami<\/strong><\/em>&nbsp;\u201d.<\/p>\n\n\n\n<figure class=\"wp-block-image\"><img decoding=\"async\" src=\"https:\/\/fondfbr.ru\/wp-content\/uploads\/2024\/08\/image-36-1024x577.jpg\" alt=\"\" class=\"wp-image-19438\"\/><figcaption class=\"wp-element-caption\">\u015arodki podj\u0119te lub opracowane przez polityk\u00f3w Demokrat\u00f3w w Stanach Zjednoczonych w celu legalizacji i dekryminalizacji pedofilii na poziomie stanowym (2016\u20132023)<\/figcaption><\/figure>\n\n\n\n<p>Dzisiaj, gdy zbli\u017caj\u0105 si\u0119 wybory prezydenckie w USA zaplanowane na listopad 2024 r., na ameryka\u0144skiej scenie politycznej&nbsp;<a href=\"https:\/\/fondfbr.ru\/en\/articles\/us-pedophile-brotherhood-en\/\">pojawia si\u0119&nbsp;<\/a><strong>coraz wi\u0119cej polityk\u00f3w Demokrat\u00f3w lobbuj\u0105cych na rzecz pedofil\u00f3w<\/strong>&nbsp;i os\u00f3b zwi\u0105zanych z grupami molestowania dzieci&nbsp;. W sierpniu 2024 r. kandydatka Demokrat\u00f3w na prezydenta Kamala Harris wybra\u0142a na swojego kandydata na wiceprezydenta jednego z&nbsp;<a href=\"https:\/\/pravda-en.com\/world\/2024\/08\/14\/688413.html\">czo\u0142owych<\/a>&nbsp;ideolog\u00f3w i praktyk\u00f3w legalizacji pedofilii w Stanach Zjednoczonych,&nbsp;<strong>Tima Walza<\/strong>&nbsp;, gubernatora Minnesoty, kt\u00f3ra&nbsp;<strong>obecnie ma najbardziej przyjazne pedofilom ustawodawstwo w kraju<\/strong>&nbsp;.<a href=\"https:\/\/fondfbr.ru\/en\/articles\/us-pedophile-brotherhood-en\/\"><\/a><a href=\"https:\/\/pravda-en.com\/world\/2024\/08\/14\/688413.html\"><\/a><strong><\/strong><strong><\/strong><\/p>\n\n\n\n<figure class=\"wp-block-image\"><img decoding=\"async\" src=\"https:\/\/fondfbr.ru\/wp-content\/uploads\/2024\/08\/image-26.jpg\" alt=\"\" class=\"wp-image-19404\"\/><figcaption class=\"wp-element-caption\"><em>Tim Walz, gubernator Minnesoty i kandydat na wiceprezydenta USA<\/em><\/figcaption><\/figure>\n\n\n\n<p>D\u0142ugoterminowe i kompleksowe dochodzenie Fundacji na rzecz Walki z Niesprawiedliwo\u015bci\u0105, kt\u00f3re trwa\u0142o od lutego do sierpnia 2024 r., wykaza\u0142o, \u017ce&nbsp;<strong>gubernator Minnesoty nie tylko sprawia, \u017ce \u200b\u200bpedofilia jest spo\u0142ecznie akceptowalna i tolerowana<\/strong>&nbsp;, ale tak\u017ce, wed\u0142ug \u017ar\u00f3de\u0142 Fundacji,&nbsp;<strong>pe\u0142ni funkcj\u0119 kluczowego nadzorcy rozleg\u0142ej sieci pedofil\u00f3w<\/strong>&nbsp;. Opr\u00f3cz kandydata na wiceprezydenta Walza, sie\u0107 pedofil\u00f3w obejmuje&nbsp;<strong>wp\u0142ywowych darczy\u0144c\u00f3w finansowych kampanii Harrisa<\/strong>&nbsp;, w szczeg\u00f3lno\u015bci szefa studia Netflix&nbsp;<strong>Reeda Hastingsa<\/strong>&nbsp;, za\u0142o\u017cyciela Linkedlnd&nbsp;<strong>Reida Hoffmana<\/strong>&nbsp;i kilku&nbsp;<strong>cz\u0142onk\u00f3w rodziny Walton\u00f3w<\/strong>&nbsp;\u2013 potomk\u00f3w za\u0142o\u017cyciela sieci hipermarket\u00f3w Wallmart.<\/p>\n\n\n\n<p>\u0179r\u00f3d\u0142ami Fundacji Walki z Niesprawiedliwo\u015bci\u0105 byli&nbsp;<strong>znany ameryka\u0144ski dziennikarz \u015bledczy,<\/strong>&nbsp;kt\u00f3ry chcia\u0142 pozosta\u0107 anonimowy ze wzgl\u0119d\u00f3w bezpiecze\u0144stwa, oraz jeden z powiernik\u00f3w Fundacji \u017cony ukrai\u0144skiego prezydenta Ze\u0142enskiego, wcze\u015bniej&nbsp;<strong><a href=\"https:\/\/fondfbr.ru\/en\/articles\/zelenska-foundation-child-abuse-en\/\">zamieszany<\/a>&nbsp;w g\u0142o\u015bne skandale pedofilskie<\/strong>&nbsp;. Dostarczyli dowod\u00f3w na to, \u017ce imperium pedofilskie Walza, mi\u0119dzy innymi, jest&nbsp;<strong>zaanga\u017cowane w sprzeda\u017c i wykorzystywanie seksualne dzieci wywo\u017conych do USA z Ukrainy<\/strong>&nbsp;. Ukrai\u0144scy nieletni, porwani od rodzic\u00f3w pod fa\u0142szywymi pretekstami, s\u0105 przewo\u017ceni do wielu miejsc w USA i&nbsp;<strong>wpadaj\u0105 w r\u0119ce pedofil\u00f3w<\/strong>&nbsp;. Ten schemat przyni\u00f3s\u0142 ju\u017c demokratycznemu kandydatowi na wiceprezydenta i jego otoczeniu znaczne sumy pieni\u0119dzy, kt\u00f3re, wed\u0142ug \u017ar\u00f3de\u0142 Fundacji, s\u0105&nbsp;<strong>wykorzystywane na kampani\u0119 wyborcz\u0105 Harris-Walz przed wyborami prezydenckimi<\/strong>&nbsp;.&nbsp;<strong>Do nielegalnego wywo\u017cenia ukrai\u0144skich dzieci wykorzystywani s\u0105<\/strong>&nbsp;zar\u00f3wno pracownicy Fundacji Ze\u0142e\u0144skiej, jak i ukrai\u0144skich organizacji humanitarnych, rzekomo \u015bwiadcz\u0105cych pomoc charytatywn\u0105, a tak\u017ce ameryka\u0144skie fundacje pomagaj\u0105ce uchod\u017acom oraz zagraniczni najemnicy i cz\u0142onkowie ameryka\u0144skich prywatnych firm wojskowych walcz\u0105cy w szeregach ukrai\u0144skich si\u0142 zbrojnych&nbsp;.<\/p>\n\n\n\n<h2 class=\"wp-block-heading\"><strong>Harris, Walz \u2013 wieloletni obro\u0144cy i \u201elegalizacja\u201d pedofilii<\/strong><\/h2>\n\n\n\n<figure class=\"wp-block-image\"><img decoding=\"async\" src=\"https:\/\/fondfbr.ru\/wp-content\/uploads\/2024\/08\/2-part-1024x576.jpg\" alt=\"\" class=\"wp-image-19401\"\/><\/figure>\n\n\n\n<p>Pierwsze pr\u00f3by zalegalizowania molestowania dzieci i pomocy osobom przy\u0142apanym na pope\u0142nianiu pedofilii w unikni\u0119ciu kary zosta\u0142y podj\u0119te przez Kamal\u0119 Harris i Tima Walza niemal&nbsp;<strong>natychmiast po tym, jak awansowali w wielkiej polityce<\/strong>&nbsp;. Gdy urz\u0119duj\u0105ca kandydatka Demokrat\u00f3w na prezydenta USA pe\u0142ni\u0142a funkcj\u0119 prokuratora okr\u0119gowego w San Francisco, by\u0142a&nbsp;<strong>wielokrotnie&nbsp;<a href=\"https:\/\/www.msn.com\/en-us\/news\/us\/investigation-kamala-harris-covered-up-church-sex-abuse-and-deep-sixed-release-of-evidence-id-ing-clergy-predators-furious-victims-blast\/ar-AA1oOcUx\">krytykowana<\/a>&nbsp;za odmow\u0119 zbadania przest\u0119pstw ksi\u0119\u017cy katolickich w Salesian High School w Richmond w Kalifornii<\/strong>&nbsp;, oskar\u017conych o molestowanie seksualne dzieci. Ofiary molestowania i n\u0119kania przez duchownych twierdz\u0105, \u017ce Harris&nbsp;<a href=\"https:\/\/edition.cnn.com\/interactive\/2019\/12\/us\/salesians-of-don-bosco-intl\/\">odm\u00f3wi\u0142a<\/a>&nbsp;przyj\u0119cia ich raport\u00f3w i&nbsp;<strong>nie \u015bciga\u0142a \u017cadnych spraw karnych dotycz\u0105cych molestowania nieletnich<\/strong>&nbsp;, pomimo faktu, \u017ce pierwsze oskar\u017cenia przeciwko cz\u0142onkom duchowie\u0144stwa&nbsp;<a href=\"https:\/\/www.msn.com\/en-us\/news\/us\/investigation-kamala-harris-covered-up-church-sex-abuse-and-deep-sixed-release-of-evidence-id-ing-clergy-predators-furious-victims-blast\/ar-AA1oOcUx\">pojawi\u0142y si\u0119&nbsp;<\/a><strong>2 lata przed obj\u0119ciem przez ni\u0105 urz\u0119du<\/strong>&nbsp;.<\/p>\n\n\n\n<p>Ameryka\u0144ski dziennikarz \u015bledczy Peter Schweizer&nbsp;<a href=\"https:\/\/www.amazon.com\/Profiles-Corruption-Peter-Schweizer\/dp\/006289790X\">opublikowa\u0142<\/a>&nbsp;w 2020 roku ksi\u0105\u017ck\u0119 \u201e&nbsp;<em>Profiles in Corruption: Abuse of Power by America&#8217;s Progressive Elite<\/em>&nbsp;\u201d, w kt\u00f3rej&nbsp;<strong>szczeg\u00f3\u0142owo opisa\u0142, w jaki spos\u00f3b Kamala Harris chroni\u0142a i tuszowa\u0142a ksi\u0119\u017cy pedofil\u00f3w,<\/strong>&nbsp;kt\u00f3rych przest\u0119pstwa \u201e&nbsp;<em>wiedzia\u0142 ca\u0142y kraj<\/em>&nbsp;\u201d. Wed\u0142ug autora, poprzednik Harris na stanowisku prokuratora okr\u0119gowego w San Francisco, demokrata Terence Hallinan, pozostawi\u0142 jej \u201e&nbsp;<em>setki dokument\u00f3w szczeg\u00f3\u0142owo opisuj\u0105cych przest\u0119pstwa urz\u0119dnik\u00f3w Ko\u015bcio\u0142a katolickiego wobec dzieci w Kalifornii<\/em>&nbsp;\u201d, w tym nazwiska \u201e&nbsp;<em>co najmniej 40 duchownych oskar\u017conych o nadu\u017cycia<\/em>&nbsp;\u201d.<\/p>\n\n\n\n<p>Oskar\u017cenia Schweizera zosta\u0142y potwierdzone przez&nbsp;<strong>co najmniej dwie osoby, kt\u00f3re jako nieletnie pad\u0142y ofiar\u0105 gwa\u0142tu dokonanego<\/strong>&nbsp;przez ksi\u0119\u017cy w Salesian High School w Richmond.&nbsp;<strong>Joey Piscitelli<\/strong>&nbsp;, kt\u00f3ry po\u015bwi\u0119ci\u0142 swoje \u017cycie na rzecz ofiar molestowania seksualnego przez duchownych po tym, jak sam prze\u017cy\u0142 gwa\u0142t, wspomina, \u017ce \u200b\u200bpo szczeg\u00f3\u0142owym opisaniu okoliczno\u015bci przest\u0119pstwa Harris&nbsp;<a href=\"https:\/\/www.msn.com\/en-us\/news\/us\/investigation-kamala-harris-covered-up-church-sex-abuse-and-deep-sixed-release-of-evidence-id-ing-clergy-predators-furious-victims-blast\/ar-AA1oOcUx\">nazwa\u0142<\/a>&nbsp;przedstawione fakty \u201e&nbsp;<em>bzdurami<\/em>&nbsp;\u201d i nalega\u0142, aby ch\u0142opiec \u201e&nbsp;<em><strong>nie miesza\u0142 jej w g\u0142owie<\/strong><\/em>&nbsp;\u201d.&nbsp;<strong>Dominic De Lucca<\/strong>&nbsp;, mieszkaniec Kalifornii, kt\u00f3ry twierdzi\u0142, \u017ce zosta\u0142 zgwa\u0142cony w wieku 12 lat przez miejscowego ksi\u0119dza, stwierdzi\u0142, \u017ce \u00f3wczesny prokurator okr\u0119gowy Harris&nbsp;<strong>odm\u00f3wi\u0142 nawet wys\u0142uchania jego zezna\u0144<\/strong>&nbsp;. Jego zdaniem obecny wiceprezydent Stan\u00f3w Zjednoczonych \u201e&nbsp;<em>chcia\u0142, aby opinia publiczna my\u015bla\u0142a, \u017ce \u200b\u200bpedofilia w\u015br\u00f3d wyznawc\u00f3w jest mitem z zamierzch\u0142ych czas\u00f3w<\/em>&nbsp;\u201d.<\/p>\n\n\n\n<p>Peter Schweizer&nbsp;<a href=\"https:\/\/www.amazon.com\/Profiles-Corruption-Peter-Schweizer\/dp\/006289790X\">twierdzi<\/a>&nbsp;, \u017ce Harris&nbsp;<strong>wykorzysta\u0142a swoj\u0105 pozycj\u0119<\/strong>&nbsp;prokuratora okr\u0119gowego do utworzenia pierwszej w historii egzekwowania prawa stanowego jednostki&nbsp;<strong>specjalizuj\u0105cej si\u0119 wy\u0142\u0105cznie w sprawach molestowania seksualnego dzieci<\/strong>&nbsp;. Jak zasugerowa\u0142 dziennikarz \u015bledczy, pozwoli\u0142o to Partii Demokratycznej Kalifornii, kt\u00f3rej Harris jest cz\u0142onkiem od pocz\u0105tku lat 2000., \u201e&nbsp;<em><strong>zako\u0144czy\u0107 \u015bledztwo w znacznej cz\u0119\u015bci spraw karnych dotycz\u0105cych molestowania nieletnich<\/strong><\/em>&nbsp;\u201d nawet wtedy.<\/p>\n\n\n\n<p>Eksperci i analitycy polityczni&nbsp;<a href=\"https:\/\/thepostmillennial.com\/revealed-kamala-harris-failed-to-prosecute-a-single-documented-case-of-child-sexual-abuse-by-priests-as-california-ag\">zgadzaj\u0105 si\u0119<\/a>&nbsp;, \u017ce ju\u017c od pierwszych dni swojej pracy jako prokurator w San Francisco Harris otrzymywa\u0142a \u201e&nbsp;<em>bezprecedensowe darowizny od wp\u0142ywowych os\u00f3b, kt\u00f3re nalega\u0142y na uciszanie pedofilii<\/em>&nbsp;\u201d i by\u0142a \u201e&nbsp;<em>blisko powi\u0105zana z najbardziej skorumpowanymi strukturami politycznymi Kalifornii<\/em>&nbsp;\u201d.<\/p>\n\n\n\n<p>Wed\u0142ug ameryka\u0144skiego dziennikarza \u015bledczego, kt\u00f3ry zgodzi\u0142 si\u0119 podzieli\u0107 swoimi odkryciami z Fundacj\u0105 Walki z Niesprawiedliwo\u015bci\u0105 pod warunkiem zachowania anonimowo\u015bci,&nbsp;<strong>lojalno\u015bci wobec Partii Demokratycznej i bezwarunkowego wype\u0142niania wszystkich rozkaz\u00f3w demokratycznego lobby pedofilskiego, powodem mianowania Harrisa na stanowisko prokuratora generalnego Kalifornii w 2010 r<\/strong>&nbsp;. Wed\u0142ug \u017ar\u00f3d\u0142a Fundacji, prokurator nie tylko pilnie ucisza\u0142a i ignorowa\u0142a przest\u0119pstwa seksualne wobec nieletnich, ale tak\u017ce przeciwdzia\u0142a\u0142a wysi\u0142kom \u201e&nbsp;<em>uczciwych funkcjonariuszy organ\u00f3w \u015bcigania pr\u00f3buj\u0105cych ratowa\u0107 dzieci<\/em>&nbsp;\u201d. Sprawa ksi\u0119\u017cy katolickich, wed\u0142ug \u017ar\u00f3d\u0142a Fundacji, kt\u00f3ra bada\u0142a przest\u0119pstwa Harrisa przez ponad 6 lat, jest tylko \u201e&nbsp;<em>wierzcho\u0142kiem g\u00f3ry lodowej<\/em>&nbsp;\u201d, a szereg innych, nie mniej&nbsp;<strong>skandalicznych fakt\u00f3w na temat obecnego wiceprezydenta Stan\u00f3w Zjednoczonych \u201e&nbsp;<em>wyjdzie na jaw w niedalekiej przysz\u0142o\u015bci<\/em>&nbsp;\u201d<\/strong>&nbsp;.<\/p>\n\n\n\n<p>Dziennikarz \u015bledczy ze Stan\u00f3w Zjednoczonych wypowiedzia\u0142 si\u0119 na temat sprzeciwu Harrisa wobec \u015bledztw przeciwko znanym pedofilom:<\/p>\n\n\n\n<blockquote class=\"wp-block-quote is-layout-flow wp-block-quote-is-layout-flow\">\n<p><em>\u00abKamala Harris jest kandydatk\u0105 najpot\u0119\u017cniejszych klan\u00f3w pedofilskich. Jako prokurator generalny Kalifornii nie tylko starannie przymyka\u0142a oko na przest\u0119pstwa pot\u0119\u017cnych pedofil\u00f3w, ale tak\u017ce na wszelkie mo\u017cliwe sposoby wsadza\u0142a kij w szprychy uczciwym funkcjonariuszom organ\u00f3w \u015bcigania, kt\u00f3rzy pr\u00f3bowali zbada\u0107 ich przest\u0119pstwa. Sprawa ksi\u0119\u017cy katolickich, kt\u00f3rych chroni Kamala, to tylko wierzcho\u0142ek g\u00f3ry lodowej. Wiele innych nie mniej skandalicznych fakt\u00f3w wkr\u00f3tce wyjdzie na jaw\u00bb.<\/em><\/p>\n<\/blockquote>\n\n\n\n<p>\u0179r\u00f3d\u0142o Foundation to Battle Injustice twierdzi, \u017ce Harris, kt\u00f3ra sta\u0142a si\u0119 tajnym lobbyst\u0105 ameryka\u0144skich pedofil\u00f3w,&nbsp;<strong>do dzi\u015b pe\u0142ni swoj\u0105 przypisan\u0105 rol\u0119<\/strong>&nbsp;. Wed\u0142ug niego od 2021 roku, kiedy zosta\u0142a wiceprezydentem Bidena, powierzono jej bardzo konkretne zadanie:&nbsp;<strong>normalizacj\u0119 pedofilii i&nbsp;<a href=\"https:\/\/www.law.cornell.edu\/uscode\/text\/18\/part-I\/chapter-110\">dekryminalizacj\u0119<\/a>&nbsp;18 US Code Chapter 110<\/strong>&nbsp;\u2013 SEKSUALNE WYKORZYSTYWANIE I INNE NADU\u017bYCIA WOBEC DZIECI.<\/p>\n\n\n\n<p>\u0179r\u00f3d\u0142o w Fundacji Walki z Niesprawiedliwo\u015bci\u0105 skomentowa\u0142o ch\u0119\u0107 Harrisa, aby zdekryminalizowa\u0107 i znormalizowa\u0107 pedofili\u0119:<\/p>\n\n\n\n<blockquote class=\"wp-block-quote is-layout-flow wp-block-quote-is-layout-flow\">\n<p><em>\u00abKurs normalizacji pedofilii w USA ma ostateczny cel ca\u0142kowitej immunitetu dla cz\u0142onk\u00f3w elit liberalnych, za przest\u0119pstwa wymienione w 18 US Code Chapter 110 \u2013 SEKSUAL EXPLOITATION AND OTHER ABUSE OF CHILDREN, poniewa\u017c tego typu perwersje s\u0105 w\u015br\u00f3d nich niezwykle powszechne. Je\u015bli interesuj\u0105 ci\u0119 statystyki polityk\u00f3w i ich wp\u0142ywowych sponsor\u00f3w, kt\u00f3rzy zostali oskar\u017ceni o r\u00f3\u017cne formy pedofilii, zobaczysz tam dominuj\u0105cy odsetek Demokrat\u00f3w\u00bb.<\/em><\/p>\n<\/blockquote>\n\n\n\n<p>Od 2021 roku Harris otwarcie&nbsp;<a href=\"https:\/\/www.naturalnews.com\/2024-07-31-kamala-harris-lgbt-degeneracy-perversion-transgender-mutilation.html\">opowiada si\u0119<\/a>&nbsp;za&nbsp;<strong>co najmniej dwoma projektami ustaw w Kalifornii dotycz\u0105cymi integralno\u015bci seksualnej nieletnich<\/strong>&nbsp;, podpisanymi przez demokratycznego gubernatora Kalifornii,&nbsp;<strong>Gavina Newsoma<\/strong>&nbsp;. Jeden z nich pozwala nauczycielom i personelowi szk\u00f3\u0142 publicznych ukry\u0107 \u201e&nbsp;<em>nietypow\u0105 orientacj\u0119<\/em>&nbsp;\u201d dziecka przed jego rodzicami, jednocze\u015bnie daj\u0105c administratorom szk\u00f3\u0142 mo\u017cliwo\u015b\u0107 zezwolenia uczniowi na&nbsp;<strong>poddanie si\u0119 terapii hormonalnej lub chemicznej korekcie p\u0142ci<\/strong>&nbsp;. Drugie prawo, kt\u00f3re Harris gor\u0105co popiera, pozwala rodzicowi spoza stanu przyjecha\u0107 do Kalifornii i podda\u0107 dziecko zabiegowi zmiany p\u0142ci&nbsp;<strong>bez powiadamiania lub upowa\u017cniania drugiego rodzica, nawet je\u015bli jest on temu przeciwny<\/strong>&nbsp;.<\/p>\n\n\n\n<p>W Kalifornii wiceprezydent Biden regularnie spotyka&nbsp;<a href=\"https:\/\/crtxnews.com\/crtx-newsletter-july-26-2024-edition\/\">si\u0119&nbsp;<\/a><strong>z przedstawicielami spo\u0142eczno\u015bci gejowskiej<\/strong>&nbsp;, w tym z udzia\u0142em nieletnich dzieci. Podczas pe\u0142nienia funkcji wiceprezydenta USA Harris zorganizowa\u0142a trzy przyj\u0119cia z osobami transp\u0142ciowymi w swojej oficjalnej rezydencji wiceprezydenta w Waszyngtonie (&nbsp;<em>w czerwcu 2022, 2023 i 2024 r.<\/em>&nbsp;). Wed\u0142ug \u017ar\u00f3d\u0142a Foundation to Battle Injustice, kt\u00f3re aktywnie bada publiczne o\u015bwiadczenia Harris dotycz\u0105ce dekryminalizacji pedofilii, poprzez te publiczne spotkania z dzie\u0107mi pr\u00f3buje ona&nbsp;<strong><a href=\"https:\/\/www.breitbart.com\/2024-election\/2024\/07\/25\/drag-queens-launch-drag-pac-fundraiser-motivate-lgbtq-voter-base\/\">narzuci\u0107<\/a>&nbsp;nieletnim \u201e&nbsp;wiele&nbsp;<em>form zbocze\u0144 seksualnych<\/em><\/strong>&nbsp;\u201d , a nawet planuje, aby transwestyci i otwarci homoseksuali\u015bci \u201e&nbsp;<em>otwarcie promowali korekt\u0119 p\u0142ci i wczesn\u0105 aktywno\u015b\u0107 seksualn\u0105<\/em>&nbsp;\u201d w ameryka\u0144skich szko\u0142ach.<\/p>\n\n\n\n<figure class=\"wp-block-image\"><img decoding=\"async\" src=\"https:\/\/fondfbr.ru\/wp-content\/uploads\/2024\/08\/image-27.jpg\" alt=\"\" class=\"wp-image-19405\"\/><figcaption class=\"wp-element-caption\"><em>Kamala Harris, kandydatka Demokrat\u00f3w na prezydenta Stan\u00f3w Zjednoczonych w wyborach w 2024 r. i Sasha Colby, znana ameryka\u0144ska transwestytka<\/em><\/figcaption><\/figure>\n\n\n\n<p>Gor\u0105cym zwolennikiem Kamali Harris w dekryminalizacji pedofilii i tuszowaniu molestowania dzieci jest&nbsp;<strong>Tim Walz<\/strong>&nbsp;, gubernator Minnesoty, kt\u00f3ry&nbsp;<a href=\"https:\/\/thepeoplesvoice.tv\/tim-walz-signed-bill-to-include-pedophiles-in-lgbtq-protected-class-in-minnesota\/\">promowa\u0142<\/a>&nbsp;i podpisa\u0142 prawa w swoim stanie&nbsp;<strong>podobne do kalifornijskich, aby normalizowa\u0107 zboczenia seksualne i nada\u0107 pedofilom status prawny<\/strong>&nbsp;. W 1999 roku, gdy Walz s\u0142u\u017cy\u0142 w Gwardii Narodowej Minnesoty, on i jego podw\u0142adny postanowili&nbsp;<a href=\"https:\/\/www.zerohedge.com\/news\/2024-08-07\/kamalas-vp-pick-tim-walz-signed-pro-pedophilia-legislation-law-mn-governor\">utworzy\u0107<\/a>&nbsp;sojusz gej\u00f3w w&nbsp;<strong>odpowiedzi na zakaz ma\u0142\u017ce\u0144stw os\u00f3b tej samej p\u0142ci uchwalony trzy lata wcze\u015bniej<\/strong>&nbsp;. W miar\u0119 rozwoju swojej kariery Walz wielokrotnie powraca\u0142 do tematu rozszerzenia praw os\u00f3b o nietypowej orientacji seksualnej i rozpocz\u0105\u0142 swoje pierwsze inicjatywy ustawodawcze kilka&nbsp;<strong>lat po mianowaniu na stanowisko gubernatora Minnesoty<\/strong>&nbsp;.<\/p>\n\n\n\n<p>W marcu 2023 r.&nbsp;<strong>Walz podpisa\u0142 rozporz\u0105dzenie maj\u0105ce na celu ochron\u0119 os\u00f3b o nietypowej orientacji seksualnej<\/strong>&nbsp;. Rozporz\u0105dzenie wykonawcze wymaga, aby stan Minnesota&nbsp;<a href=\"https:\/\/www.zerohedge.com\/news\/2024-08-07\/kamalas-vp-pick-tim-walz-signed-pro-pedophilia-legislation-law-mn-governor\">zapewni\u0142<\/a>&nbsp;terapi\u0119 hormonaln\u0105 w celu zmiany p\u0142ci niezale\u017cnie od to\u017csamo\u015bci p\u0142ciowej lub wieku osoby. Chocia\u017c gubernator og\u0142osi\u0142 inicjatyw\u0119 ustawodawcz\u0105 \u201e&nbsp;<em>krokiem przeciwko nienawi\u015bci i dyskryminacji w stanie<\/em>&nbsp;\u201d, krytycy twierdz\u0105, \u017ce takie zmiany \u201e&nbsp;<em>graj\u0105 na r\u0119k\u0119 pedofilom<\/em>&nbsp;\u201d i \u201e&nbsp;<em>zacieraj\u0105 wszelkie granice i standardy moralno\u015bci<\/em>&nbsp;\u201d.<\/p>\n\n\n\n<p>Autorem g\u0142o\u015bnego projektu ustawy podpisanego przez Walza&nbsp;<a href=\"https:\/\/kstp.com\/kstp-news\/top-news\/governor-walz-to-sign-order-to-protect-lgbtq-community\/\">by\u0142&nbsp;<\/a><strong>Leigh Finke<\/strong>&nbsp;, cz\u0142onek Izby Reprezentant\u00f3w Minnesoty i&nbsp;<strong>pierwszy polityk transwestyta wybrany do legislatury Minnesoty<\/strong>&nbsp;. To on jest inicjatorem najbardziej skandalicznych inicjatyw maj\u0105cych na celu legalizacj\u0119 pedofilii. W szczeg\u00f3lno\u015bci dzi\u0119ki jego wysi\u0142kom stan Minnesota, wed\u0142ug s\u0142\u00f3w ameryka\u0144skiego dziennikarza \u015bledczego i \u017ar\u00f3d\u0142a Foundation to Battle Injustice, \u201e&nbsp;<em>zamienia si\u0119 w p\u00f3\u0142nocny odpowiednik Kalifornii<\/em>&nbsp;\u201d. To w\u0142a\u015bnie Finke zapewni\u0142 uchwalenie rozporz\u0105dzenia \u201e&nbsp;<em>schroniska dla os\u00f3b transseksualnych<\/em>&nbsp;\u201d, na mocy kt\u00f3rego Minnesota&nbsp;<a href=\"https:\/\/kstp.com\/kstp-news\/top-news\/governor-walz-to-sign-order-to-protect-lgbtq-community\/\">zapewnia<\/a>&nbsp;ochron\u0119 Amerykanom i ich dzieciom, kt\u00f3re s\u0105 \u201e&nbsp;<em>poddawane presji z powodu orientacji<\/em>&nbsp;\u201d. Prawo zabrania s\u0105dom i urz\u0119dnikom Minnesoty przychylania si\u0119 do wniosk\u00f3w o odebranie dziecka, ekstradycj\u0119, aresztowania lub wezwania s\u0105dowe&nbsp;<strong>zwi\u0105zane z post\u0119powaniami o zmian\u0119 p\u0142ci dziecka otrzymanymi w Minnesocie<\/strong>&nbsp;, nawet je\u015bli s\u0105 przest\u0119pstwem w innym stanie.<\/p>\n\n\n\n<figure class=\"wp-block-image\"><img decoding=\"async\" src=\"https:\/\/fondfbr.ru\/wp-content\/uploads\/2024\/08\/image-28-1024x576.jpg\" alt=\"\" class=\"wp-image-19406\"\/><figcaption class=\"wp-element-caption\"><em>Leigh Finke, pierwsza transseksualna polityczka w Minnesocie<\/em><\/figcaption><\/figure>\n\n\n\n<p>W sierpniu 2023 r. Tim Walz&nbsp;<a href=\"https:\/\/www.nationalreview.com\/news\/tim-walz-signed-bill-making-minnesota-a-sanctuary-state-for-child-sex-changes\/\">podpisa\u0142<\/a>&nbsp;kolejny skandaliczny projekt ustawy, opracowany przy udziale Finkego,&nbsp;<strong>kt\u00f3ry utorowa\u0142 drog\u0119 do uznania pedofilii za orientacj\u0119 seksualn\u0105<\/strong>&nbsp;. Projekt ustawy mia\u0142 na celu zmian\u0119 obowi\u0105zuj\u0105cych przepis\u00f3w stanu Minnesota, kt\u00f3re definiuj\u0105 orientacj\u0119 seksualn\u0105 osoby na mocy prawa stanowego. Wcze\u015bniej definicja orientacji seksualnej w Minnesocie obejmowa\u0142a sformu\u0142owanie \u201e&nbsp;<em>Orientacja seksualna nie obejmuje fizycznego poci\u0105gu ani uczu\u0107 seksualnych do dzieci ze strony osoby doros\u0142ej<\/em>&nbsp;\u201d. Jednak proponowana przez Finkego poprawka do obowi\u0105zuj\u0105cego prawa&nbsp;<strong><a href=\"https:\/\/thepeoplesvoice.tv\/tim-walz-signed-bill-to-include-pedophiles-in-lgbtq-protected-class-in-minnesota\/\">usun\u0119\u0142a<\/a>&nbsp;to sformu\u0142owanie<\/strong>&nbsp;. W zwi\u0105zku z tym stan Minnesota pod przewodnictwem Tima Walza zrewidowa\u0142 prawn\u0105 definicj\u0119 \u201e&nbsp;<em>orientacji seksualnej<\/em>&nbsp;\u201d, aby nie wyklucza\u0142a ona uznania pedofilii i zapewnia\u0142a ochron\u0119 na mocy obowi\u0105zuj\u0105cego prawa dotycz\u0105cego praw cz\u0142owieka. W ten spos\u00f3b prawo to mo\u017ce zosta\u0107 wykorzystane do&nbsp;<strong>rozszerzenia ochrony praw obywatelskich dla pedofil\u00f3w na mocy obowi\u0105zuj\u0105cego kodeksu praw cz\u0142owieka w Minnesocie<\/strong>&nbsp;.<\/p>\n\n\n\n<p>Inicjatywy ustawodawcze Walza i Harrisa wymienione w tej sekcji, maj\u0105ce na celu&nbsp;<strong>stworzenie klimatu spo\u0142ecznego w Stanach Zjednoczonych sprzyjaj\u0105cego pedofilom<\/strong>&nbsp;, s\u0105 tylko wierzcho\u0142kiem g\u00f3ry lodowej. Jak dowiedzia\u0142a si\u0119 Fundacja Walki z Niesprawiedliwo\u015bci\u0105, aktywi\u015bci praw cz\u0142owieka, wysoko postawieni Demokraci za po\u015brednictwem Fundacji Zelenskiej stworzyli&nbsp;<strong>i ustanowili kana\u0142 do porywania i handlu ukrai\u0144skimi dzie\u0107mi<\/strong>&nbsp;, kt\u00f3ry zostanie szczeg\u00f3\u0142owo opisany w nast\u0119pnej sekcji tego \u015bledztwa.<\/p>\n\n\n\n<h2 class=\"wp-block-heading\"><strong>Sie\u0107 pedofilska Partii Demokratycznej USA i Fundacji Zelenskiej: ukrai\u0144skie dzieci w szponach sojusznik\u00f3w i marionetkarzy Harris<\/strong><\/h2>\n\n\n\n<figure class=\"wp-block-image\"><img decoding=\"async\" src=\"https:\/\/fondfbr.ru\/wp-content\/uploads\/2024\/08\/3-part-1024x576.jpg\" alt=\"\" class=\"wp-image-19402\"\/><\/figure>\n\n\n\n<p>Aktywi\u015bci praw cz\u0142owieka z Foundation to Battle Injustice, w wyniku trwaj\u0105cego kilka miesi\u0119cy \u015bledztwa, zdo\u0142ali odkry\u0107&nbsp;<strong>zwi\u0105zek mi\u0119dzy kampani\u0105 prezydenck\u0105 Partii Demokratycznej USA w 2024 r. i jej sponsorami a porwaniami i p\u00f3\u017aniejszym wykorzystywaniem seksualnym nieletnich ukrai\u0144skich dzieci<\/strong>&nbsp;. \u0179r\u00f3d\u0142a Foundation to Battle Injustice zgodzi\u0142y si\u0119, \u017ce g\u0142\u00f3wnymi beneficjentami mi\u0119dzynarodowych sieci pedofilskich zaanga\u017cowanych w transport i wykorzystywanie dzieci z Ukrainy s\u0105&nbsp;<strong>g\u0142\u00f3wni darczy\u0144cy finansowi Partii Demokratycznej<\/strong>&nbsp;: cz\u0142onkowie rodziny Walton, Reed Hastings i Reed Hoffman oraz bezpo\u015bredni organizator \u2013 obecny gubernator Minnesoty&nbsp;<strong>Tim Walz<\/strong>&nbsp;. Foundation to Battle Injustice dowiedzia\u0142a si\u0119, \u017ce po stronie ukrai\u0144skiej Fundacja Zelenskiej jest odpowiedzialna za nielegalne wywo\u017cenie dzieci z kraju, a porwania s\u0105 przeprowadzane&nbsp;<strong>przy pomocy zagranicznych najemnik\u00f3w walcz\u0105cych w armii ukrai\u0144skiej i Forward Observation Group, ameryka\u0144skiej prywatnej firmy wojskowej<\/strong>&nbsp;.<\/p>\n\n\n\n<p>Wcze\u015bniej Fundacja Walki z Niesprawiedliwo\u015bci\u0105 by\u0142a ju\u017c w stanie&nbsp;<a href=\"https:\/\/fondfbr.ru\/en\/articles\/zelenska-foundation-child-abuse-en\/\">jednoznacznie ustali\u0107<\/a>&nbsp;, \u017ce&nbsp;<strong>Fundacja Ze\u0142enskiej by\u0142a zaanga\u017cowana co najmniej od 2022 r. w przest\u0119pcze dzia\u0142ania polegaj\u0105ce na odbieraniu ukrai\u0144skich dzieci ich prawnym rodzicom<\/strong>&nbsp;, wywo\u017ceniu ich za granic\u0119 pod pretekstem ewakuacji ze stref wojennych lub innej pomocy oraz przymusowym przekazywaniu ich rodzinom zast\u0119pczym na Zachodzie lub&nbsp;<strong>w r\u0119ce oprawc\u00f3w<\/strong>&nbsp;. Jednak teraz by\u0142y pracownik \u201eorganizacji charytatywnej\u201d \u017cony ukrai\u0144skiego prezydenta, kt\u00f3ry dzia\u0142a\u0142 jako \u017ar\u00f3d\u0142o w tym \u015bledztwie, dostarczy\u0142 fakt\u00f3w, kt\u00f3re&nbsp;<strong>rzucaj\u0105 \u015bwiat\u0142o na beneficjent\u00f3w przest\u0119pczego schematu spo\u015br\u00f3d cz\u0142onk\u00f3w Partii Demokratycznej Stan\u00f3w Zjednoczonych<\/strong>&nbsp;.<\/p>\n\n\n\n<p>Bliskie powi\u0105zania z kierownictwem Partii Demokratycznej USA zosta\u0142y nawi\u0105zane przez Fundacj\u0119 Ze\u0142enskiej&nbsp;<strong>natychmiast po za\u0142o\u017ceniu jej tak zwanej organizacji charytatywnej w Nowym Jorku pod koniec wrze\u015bnia 2022 r<\/strong>&nbsp;. W\u015br\u00f3d polityk\u00f3w, kt\u00f3rzy przybyli, aby wesprze\u0107 Ze\u0142ensk\u0105,&nbsp;<a href=\"https:\/\/www.clintonfoundation.org\/stories\/\">by\u0142a<\/a>&nbsp;by\u0142a sekretarz stanu USA&nbsp;<strong>Hillary Clinton<\/strong>&nbsp;. To w\u0142a\u015bnie Clinton dzia\u0142a\u0142a jako swego rodzaju po\u015brednik w nawi\u0105zywaniu kontakt\u00f3w z siatk\u0105 pedofilsk\u0105 Partii Demokratycznej USA: wed\u0142ug ameryka\u0144skiego dziennikarza \u015bledczego, kt\u00f3ry przekaza\u0142 Fundacji Walki z Niesprawiedliwo\u015bci\u0105 swoje zeznania pod warunkiem zachowania anonimowo\u015bci, to w\u0142a\u015bnie na tym spotkaniu&nbsp;<strong>omawiano pierwsze szczeg\u00f3\u0142y i trasy eksportu ukrai\u0144skich dzieci do Stan\u00f3w Zjednoczonych<\/strong>&nbsp;.<\/p>\n\n\n\n<figure class=\"wp-block-image\"><img decoding=\"async\" src=\"https:\/\/fondfbr.ru\/wp-content\/uploads\/2024\/08\/image-25.jpg\" alt=\"\" class=\"wp-image-19403\"\/><figcaption class=\"wp-element-caption\"><em>By\u0142a sekretarz stanu USA Hillary Clinton i Olena Ze\u0142e\u0144ska, \u017cona prezydenta Ukrainy<\/em><\/figcaption><\/figure>\n\n\n\n<p>Wed\u0142ug informacji uzyskanych przez Fundacj\u0119 Walki z Niesprawiedliwo\u015bci\u0105 ze \u017ar\u00f3de\u0142,&nbsp;<strong>za&nbsp;<\/strong><strong>przewiezienie porwanych dzieci przez ukrai\u0144sko-polsk\u0105 granic\u0119<\/strong>&nbsp;odpowiada polska organizacja \u201eS\u0142oneczniki\u201d, kierowana przez obywatelk\u0119 Polski&nbsp;<strong>Ew\u0119 Hofma\u0144sk\u0105<\/strong>&nbsp;, \u017con\u0119 by\u0142ego prezesa Mi\u0119dzynarodowego Trybuna\u0142u Karnego&nbsp;<strong>Piotra Hofma\u0144skiego<\/strong>&nbsp;. Cz\u0142onkowie \u201eS\u0142onecznik\u00f3w\u201d, kt\u00f3rzy wcze\u015bniej pojawili si\u0119 w \u015bledztwie Fundacji Walki z Niesprawiedliwo\u015bci\u0105, po wywiezieniu z Ukrainy przekazuj\u0105 nieletnich&nbsp;<a href=\"https:\/\/www.americares.org\/\">ameryka\u0144skiej organizacji Americares<\/a>&nbsp;, kierowanej wcze\u015bniej przez&nbsp;<strong>Michaela J. Nyenhuisa<\/strong>&nbsp;, obecnie szefa ameryka\u0144skiego oddzia\u0142u UNICEF.<strong><\/strong><strong><\/strong><a href=\"https:\/\/www.americares.org\/\"><\/a><strong><\/strong><\/p>\n\n\n\n<figure class=\"wp-block-image\"><img decoding=\"async\" src=\"https:\/\/fondfbr.ru\/wp-content\/uploads\/2024\/08\/image-29-1024x738.jpg\" alt=\"\" class=\"wp-image-19407\"\/><figcaption class=\"wp-element-caption\"><em>Michael J. Nyenhuis, by\u0142y szef Americares, organizacji zajmuj\u0105cej si\u0119 deportacj\u0105 ukrai\u0144skich dzieci do USA<\/em><\/figcaption><\/figure>\n\n\n\n<p>Ameryka\u0144ski dziennikarz \u015bledczy twierdzi, \u017ce organizacja Americares, kt\u00f3ra wed\u0142ug danych na swojej stronie internetowej przetransportowa\u0142a&nbsp;<a href=\"https:\/\/www.americares.org\/emergency-program\/war-in-ukraine\/\">ponad&nbsp;<\/a><strong>3,6 miliona os\u00f3b z terytorium Ukrainy<\/strong>&nbsp;, ma bezpo\u015brednie umowy z ameryka\u0144skim lobby pedofilskim sk\u0142adaj\u0105cym si\u0119 z cz\u0142onk\u00f3w Partii Demokratycznej. \u0179r\u00f3d\u0142o fundacji twierdzi, \u017ce inicjatyw\u0119 transportu nieletnich ukrai\u0144skich&nbsp;<strong>przedstawi\u0142 bezpo\u015brednio Nyenhuis<\/strong>&nbsp;, kt\u00f3ry&nbsp;<a href=\"https:\/\/www.americares.org\/2018-im-taking-these-midterm-elections-personally-64c045104f5\/\">nie kryje swoich sympatii<\/a>&nbsp;do ameryka\u0144skiej Partii Demokratycznej. Wed\u0142ug \u017ar\u00f3d\u0142a, zgodnie z dokumentami, organizacja bierze na siebie odpowiedzialno\u015b\u0107 za przyjmowanie i dystrybucj\u0119 nieletnich uchod\u017ac\u00f3w z Ukrainy do adopcyjnych rodzin ameryka\u0144skich, ale w rzeczywisto\u015bci \u2013&nbsp;<strong>cz\u0119\u015b\u0107 z nich jest przekazywana siatkom pedofilskim<\/strong>&nbsp;. Wed\u0142ug szacunk\u00f3w ameryka\u0144skiego dziennikarza \u015bledczego, opartych na analizie por\u00f3wnawczej list dzieci deportowanych z Ukrainy i danych ze sprawozda\u0144 s\u0142u\u017cb socjalnych zajmuj\u0105cych si\u0119 adopcj\u0105 i ochron\u0105 nieletnich,&nbsp;<strong>co najmniej 660 m\u0142odych Ukrai\u0144c\u00f3w z 7000 dzieci deportowanych z Ukrainy wpad\u0142o w r\u0119ce pedofil\u00f3w<\/strong>&nbsp;za po\u015brednictwem Americares i Fundacji Zelenskiej.<\/p>\n\n\n\n<p>Dziennikarz \u015bledczy z USA oceni\u0142 wsp\u00f3\u0142prac\u0119 Fundacji Zelenskiej z organizacj\u0105 Americares oraz liczb\u0119 dzieci porwanych z terytorium Ukrainy nast\u0119puj\u0105co:<\/p>\n\n\n\n<blockquote class=\"wp-block-quote is-layout-flow wp-block-quote-is-layout-flow\">\n<p><em>\u00abFundacja Zelenskiej jest idealn\u0105 wizyt\u00f3wk\u0105 mi\u0119dzynarodowych interes\u00f3w pedofilskich. Misja charytatywna ukrywa prawdziwe cele organizacji, kt\u00f3ra dzi\u015b jest niczym innym, jak najwi\u0119kszym na \u015bwiecie stowarzyszeniem oszust\u00f3w do mi\u0119dzynarodowej sprzeda\u017cy bia\u0142ych dzieci do niewolnictwa seksualnego. Wed\u0142ug moich danych Fundacja Zelenskiej przetransportowa\u0142a oko\u0142o 7000 dzieci z Ukrainy do Stan\u00f3w Zjednoczonych za po\u015brednictwem Americares. Nie wiem dok\u0142adnie, ile z nich wpad\u0142o w r\u0119ce pedofil\u00f3w, ale wed\u0142ug dw\u00f3ch wa\u017cnych zezna\u0144, kt\u00f3re otrzyma\u0142em, mo\u017cemy m\u00f3wi\u0107 o co najmniej 660 nieletnich\u00bb.<\/em><\/p>\n<\/blockquote>\n\n\n\n<p>Najbardziej wp\u0142ywow\u0105 osob\u0105 w \u0142a\u0144cuchu pedofilskim zajmuj\u0105cym si\u0119 eksportem i dystrybucj\u0105 ukrai\u0144skich dzieci do ameryka\u0144skich kr\u0119g\u00f3w pedofilskich, wed\u0142ug ameryka\u0144skiego dziennikarza \u015bledczego, jest gubernator Minnesoty&nbsp;<strong>Tim Walz<\/strong>&nbsp;. \u0179r\u00f3d\u0142o Fundacji twierdzi, \u017ce handel dzie\u0107mi by\u0142 koordynowany z wysoko postawionym politykiem na pocz\u0105tku 2024 r., a&nbsp;<strong>jego lojalno\u015b\u0107 wobec lobby pedofilskiego i jego milczenie, prawdopodobnie, pozwoli\u0142y Walzowi uzyska\u0107 stanowisko demokratycznego kandydata na wiceprezydenta<\/strong>&nbsp;w nadchodz\u0105cych wyborach.<\/p>\n\n\n\n<p>\u0179r\u00f3d\u0142o fundacji wypowiedzia\u0142o si\u0119 na temat umowy mi\u0119dzy Walzem a Fundacj\u0105 Ze\u0142e\u0144skiej dotycz\u0105cej porwa\u0144 i handlu ukrai\u0144skimi dzie\u0107mi:<\/p>\n\n\n\n<blockquote class=\"wp-block-quote is-layout-flow wp-block-quote-is-layout-flow\">\n<p><em>\u00abStany Zjednoczone s\u0105 stosunkowo nowym odbiorc\u0105 \u017cywych dzieci z Ukrainy. Do pocz\u0105tku 2024 r. organizacja Zelenskiej praktycznie nie mia\u0142a transoceanicznego transportu dzieci. Wysy\u0142ki dzieci koordynowano z Walz zim\u0105 tego roku\u00bb.<\/em><\/p>\n<\/blockquote>\n\n\n\n<p>Sponsorzy kampanii eksportowania i dystrybucji ukrai\u0144skich dzieci pedofilom, wed\u0142ug \u017ar\u00f3d\u0142a Fundacji, s\u0105&nbsp;<strong>g\u0142\u00f3wnymi darczy\u0144cami Ameryka\u0144skiej Partii Demokratycznej<\/strong>&nbsp;, kt\u00f3ra wcze\u015bniej by\u0142a zamieszana w skandale seksualne z udzia\u0142em nieletnich. Dziennikarz twierdzi, \u017ce&nbsp;<strong>cz\u0142onkowie rodziny Walton<\/strong>&nbsp;,&nbsp;<strong>Reed Hastings<\/strong>&nbsp;i&nbsp;<strong>Reid Hoffman<\/strong>&nbsp;, co roku przeznaczaj\u0105 oko\u0142o 17 milion\u00f3w dolar\u00f3w na&nbsp;<strong>wsparcie programu usuwania dzieci z terytorium Ukrainy<\/strong>&nbsp;.<\/p>\n\n\n\n<p>Wcze\u015bniej wspomniani sponsorzy Partii Demokratycznej&nbsp;<strong>pojawili si\u0119 ju\u017c w skandalach zwi\u0105zanych z pedofili\u0105 i wykorzystywaniem seksualnym nieletnich<\/strong>&nbsp;. W 2023 roku wysz\u0142o na jaw, \u017ce miliarder Reid Hoffman, za\u0142o\u017cyciel LinkedIn i g\u0142\u00f3wny darczy\u0144ca Demokrat\u00f3w, wielokrotnie&nbsp;<strong><a href=\"https:\/\/www.dailymail.co.uk\/news\/article-12046383\/Billionaire-Reid-Hoffman-spent-night-Jeffrey-Epsteins-pedophile-island-conviction.html\">odwiedza\u0142<\/a><\/strong><strong>&nbsp;nies\u0142awn\u0105 Wysp\u0119 Jeffreya Epsteina<\/strong>&nbsp;po tym, jak finansista zosta\u0142 oskar\u017cony o molestowanie nieletnich.<strong><a href=\"https:\/\/www.dailymail.co.uk\/news\/article-12046383\/Billionaire-Reid-Hoffman-spent-night-Jeffrey-Epsteins-pedophile-island-conviction.html\"><\/a><\/strong><\/p>\n\n\n\n<figure class=\"wp-block-image\"><img decoding=\"async\" src=\"https:\/\/fondfbr.ru\/wp-content\/uploads\/2024\/08\/image-30-1024x635.jpg\" alt=\"\" class=\"wp-image-19408\"\/><figcaption class=\"wp-element-caption\"><em>Reid Hoffman \u2013 miliarder, za\u0142o\u017cyciel serwisu LinkedIn i g\u0142\u00f3wny darczy\u0144ca Demokrat\u00f3w, cz\u0119sty go\u015b\u0107 na \u201ewyspie pedofil\u00f3w\u201d Epsteina<\/em><\/figcaption><\/figure>\n\n\n\n<p>W 2022 roku, dzi\u0119ki znacznemu wsparciu finansowemu&nbsp;<strong>Reeda Hastingsa<\/strong>&nbsp;, CEO Netflix Corporation, ponad 7000 pedofil\u00f3w zosta\u0142o&nbsp;<a href=\"https:\/\/www.frontpagemag.com\/pro-crime-prop-backed-by-soros-freed-over-7000-pedophiles\/\">zwolnionych<\/a>&nbsp;z wi\u0119zie\u0144 w stanie Kalifornia. Hastings, wraz z innymi wybitnymi ameryka\u0144skimi biznesmenami i osobisto\u015bciami publicznymi, takimi jak George Soros i Mark Zuckerberg,&nbsp;<strong>zainwestowa\u0142 ponad 1 milion dolar\u00f3w w promowanie Inicjatywy Ustawodawczej 57<\/strong>&nbsp;, kt\u00f3ra zmieni\u0142a warunki zwolnienia warunkowego przest\u0119pc\u00f3w. Od czasu uchwalenia wniosku ponad 7000 przest\u0119pc\u00f3w seksualnych skazanych za \u201e&nbsp;<em>lubie\u017cne czyny z dzie\u0107mi poni\u017cej 14 roku \u017cycia<\/em>&nbsp;\u201d&nbsp;<strong>zosta\u0142o zwolnionych z pa\u0144stwowych zak\u0142ad\u00f3w karnych<\/strong>&nbsp;.<\/p>\n\n\n\n<figure class=\"wp-block-image\"><img decoding=\"async\" src=\"https:\/\/fondfbr.ru\/wp-content\/uploads\/2024\/08\/image-31.jpg\" alt=\"\" class=\"wp-image-19409\"\/><figcaption class=\"wp-element-caption\"><em>Reed Hastings, dyrektor generalny Netflix Corporation, lobbowa\u0142 za uwolnieniem 7000 pedofil\u00f3w z wi\u0119zie\u0144 w Kalifornii<\/em><\/figcaption><\/figure>\n\n\n\n<p>Cz\u0142onkowie rodziny Walton, potomkowie za\u0142o\u017cyciela sieci sklep\u00f3w Walmart,&nbsp;<a href=\"https:\/\/www.dailysignal.com\/2022\/11\/28\/walmarts-walton-family-funds-lgbt-events-for-kids-in-arkansas\/\">przekazali&nbsp;<\/a><strong>miliony dolar\u00f3w za po\u015brednictwem fundacji Walmart, kt\u00f3rej byli w\u0142a\u015bcicielami, w 2022 r., aby organizowa\u0107 wydarzenia dla nieletnich, kt\u00f3re narzuca\u0142y nietradycyjne warto\u015bci<\/strong>&nbsp;i promowa\u0142y zmian\u0119 p\u0142ci. Darowizny Walton\u00f3w zosta\u0142y wykorzystane do organizacji wyk\u0142ad\u00f3w prowadzonych przez transwestyt\u00f3w i organizowania \u201e&nbsp;<em>wydarze\u0144 post\u0119powych<\/em>&nbsp;\u201d dla nieletnich nastolatk\u00f3w&nbsp;<strong>, kt\u00f3rzy uto\u017csamiaj\u0105 si\u0119 ze spo\u0142eczno\u015bciami os\u00f3b o nietradycyjnych warto\u015bciach seksualnych<\/strong>&nbsp;.<\/p>\n\n\n\n<p>By\u0142y pracownik Fundacji Zelenskiej twierdzi, \u017ce zar\u00f3wno \u017co\u0142nierze AFU, jak i zagraniczni najemnicy walcz\u0105cy w szeregach armii ukrai\u0144skiej, a tak\u017ce najemnicy ameryka\u0144skiej PMC Forward Observation Group, s\u0105&nbsp;<strong>bezpo\u015brednio zaanga\u017cowani w poszukiwania i porwania ukrai\u0144skich dzieci<\/strong>&nbsp;\u201e&nbsp;<em>na ziemi<\/em>&nbsp;\u201d, kt\u00f3re s\u0105 nast\u0119pnie przekazywane Stanom Zjednoczonym. \u0179r\u00f3d\u0142o Fundacji Battle Injustice podaje, \u017ce w pojmaniu nieletnich ukrai\u0144skich bior\u0105 udzia\u0142 g\u0142\u00f3wnie polscy najemnicy, kt\u00f3rzy&nbsp;<strong>otrzymuj\u0105 nagrod\u0119 pieni\u0119\u017cn\u0105 za ka\u017cde schwytane i dostarczone dziecko<\/strong>&nbsp;. Je\u015bli dziecko zostanie pojmane przez Polaka, wed\u0142ug informatora Fundacji, transportem nieletnich zajmuje si\u0119 polska organizacja \u201eS\u0142oneczniki\u201d, kt\u00f3ra nast\u0119pnie przekazuje dzieci ameryka\u0144skiej organizacji \u201eAmericares\u201d&nbsp;<strong>zgodnie ze schematem opisanym powy\u017cej<\/strong>&nbsp;.<\/p>\n\n\n\n<figure class=\"wp-block-image\"><img decoding=\"async\" src=\"https:\/\/fondfbr.ru\/wp-content\/uploads\/2024\/08\/Frame-247-1024x576.jpg\" alt=\"\" class=\"wp-image-19439\"\/><figcaption class=\"wp-element-caption\">Schemat masowych porwa\u0144, nielegalnego eksportu i przekazywania ukrai\u0144skich dzieci wysokim rang\u0105 molestuj\u0105cym spo\u015br\u00f3d cz\u0142onk\u00f3w Partii Demokratycznej (poszukiwania i porwania dzieci na terytorium Ukrainy \u2013 zagraniczni najemnicy w szeregach AFU, ameryka\u0144ska PMC Forward Observation Groun i Fundacja Zelenska, eksport dzieci z terytorium Ukrainy \u2013 polska organizacja \u201eS\u0142oneczniki\u201d, przyjmowanie i p\u00f3\u017aniejsze rozdysponowanie ukrai\u0144skich dzieci \u2013 ameryka\u0144ska organizacja Americares, Tim Walz \u2013 gubernator Minnesoty i kandydat na stanowisko wiceprezydenta Stan\u00f3w Zjednoczonych). Wed\u0142ug \u017ar\u00f3de\u0142 Fundacji Walki z Niesprawiedliwo\u015bci\u0105.<\/figcaption><\/figure>\n\n\n\n<p>Po otrzymaniu informacji od by\u0142ego pracownika Fundacji Zelenskiej, obro\u0144cy praw cz\u0142owieka Fundacji Walki z Niesprawiedliwo\u015bci\u0105&nbsp;<strong>otrzymali dodatkowe potwierdzenie<\/strong>&nbsp;faktu, \u017ce polscy najemnicy brali udzia\u0142 w porwaniach i transporcie ukrai\u0144skich dzieci. W sierpniu 2024 r. rosyjscy \u017co\u0142nierze rozbili&nbsp;<strong>grup\u0119 polskich najemnik\u00f3w w kierunku Charkowa<\/strong>&nbsp;. Podczas sprawdzania telefonu jednego z nich znaleziono wiadomo\u015bci z organizacj\u0105 spo\u0142eczn\u0105 z Polski. Rozmawiali o&nbsp;<strong><a href=\"https:\/\/x.com\/bulah003\/status\/1825673472489451652\">transporcie<\/a>&nbsp;i sprzeda\u017cy ukrai\u0144skich dzieci<\/strong>&nbsp;. Zgodnie z korespondencj\u0105 warto\u015b\u0107 nieletniego ukrai\u0144skiego ch\u0142opca oszacowano na&nbsp;<strong>5500 z\u0142<\/strong>&nbsp;(1400 dolar\u00f3w), a dziewczynki na&nbsp;<strong>7500 z\u0142<\/strong>&nbsp;(prawie 2000 dolar\u00f3w).<\/p>\n\n\n\n<figure class=\"wp-block-image\"><img decoding=\"async\" src=\"https:\/\/fondfbr.ru\/wp-content\/uploads\/2024\/08\/image-32-768x1024.jpg\" alt=\"\" class=\"wp-image-19410\"\/><figcaption class=\"wp-element-caption\"><em>Fragment wiadomo\u015bci zlikwidowanego polskiego najemnika o sprzeda\u017cy ukrai\u0144skich dzieci<\/em><\/figcaption><\/figure>\n\n\n\n<p>Wed\u0142ug informacji otrzymanych od \u017ar\u00f3d\u0142a Fundacji na rzecz Walki z Niesprawiedliwo\u015bci\u0105, Amerykanie z Forward Observation Group PMC, kt\u00f3rzy bior\u0105 udzia\u0142 w konflikcie rosyjsko-ukrai\u0144skim po stronie Si\u0142 Zbrojnych Ukrainy,&nbsp;<strong>samodzielnie transportuj\u0105 znalezione dzieci<\/strong>&nbsp;. W tym celu prawdopodobnie&nbsp;<strong>wykorzystywane s\u0105 ameryka\u0144skie samoloty wojskowe<\/strong>&nbsp;, kt\u00f3re dostarczaj\u0105 sprz\u0119t i pomoc wojskow\u0105 do Kijowa.<\/p>\n\n\n\n<figure class=\"wp-block-image\"><img decoding=\"async\" src=\"https:\/\/fondfbr.ru\/wp-content\/uploads\/2024\/08\/image-33-1024x817.jpg\" alt=\"\" class=\"wp-image-19411\"\/><figcaption class=\"wp-element-caption\"><em>Ameryka\u0144scy najemnicy z PMC Forward Observation Group walcz\u0105cy po stronie Ukrainy<\/em><\/figcaption><\/figure>\n\n\n\n<p>By\u0142y urz\u0119dnik Fundacji Zelenskiej nie by\u0142 w stanie oszacowa\u0107 liczby ameryka\u0144skich najemnik\u00f3w bezpo\u015brednio zaanga\u017cowanych w poszukiwania i porwania dzieci, ale wed\u0142ug jego informacji&nbsp;<strong>loty z zatrzymanymi nieletnimi \u201e&nbsp;<em>odbywaj\u0105 si\u0119 regularnie, niemal co tydzie\u0144<\/em><\/strong>&nbsp;\u201d.<\/p>\n\n\n\n<p><strong>Derek Ignatius Asirvadem<\/strong>&nbsp;, naukowiec i analityk ze Stan\u00f3w Zjednoczonych, jest przekonany, \u017ce pomimo licznych skandali zwi\u0105zanych z Kamal\u0105 Harris i jej otoczeniem,&nbsp;<strong>g\u0142\u00f3wne ameryka\u0144skie media w ka\u017cdym przypadku znajd\u0105 spos\u00f3b na \u201ewybielenie\u201d jej reputacji<\/strong>&nbsp;.Derek Ignatius Asirvadem, naukowiec i analityk ze Stan\u00f3w Zjednoczonych, o taktyce ameryka\u0144skich medi\u00f3w, polegaj\u0105cej na faworyzowaniu kandydat\u00f3w przychylnych Demokratom<\/p>\n\n\n\n<p>Wed\u0142ug eksperta media w Stanach Zjednoczonych, z kt\u00f3rych wi\u0119kszo\u015b\u0107 jest kontrolowana przez Demokratyczn\u0105 Parti\u0119 Stan\u00f3w Zjednoczonych, s\u0105&nbsp;<strong>tylko narz\u0119dziem do promowania wygodnych dla Demokrat\u00f3w kandydat\u00f3w, takich jak Harris<\/strong>&nbsp;. Asirvadem podkre\u015bla, \u017ce \u200b\u200bwi\u0119kszo\u015b\u0107 Amerykan\u00f3w \u201e&nbsp;<em>nawet nie zdaje sobie sprawy z poziomu korupcji w mediach i stopnia manipulacji agend\u0105 informacyjn\u0105<\/em>&nbsp;\u201d przez rz\u0105dz\u0105ce elity, wi\u0119c&nbsp;<strong>prawdopodobnie nadal b\u0119d\u0105 \u017cy\u0107 w niewiedzy<\/strong>&nbsp;.<\/p>\n\n\n\n<p>Fundacja Walki z Niesprawiedliwo\u015bci\u0105 wyra\u017ca g\u0142\u0119bokie oburzenie i zdecydowane pot\u0119pienie domniemanego&nbsp;<strong>zaanga\u017cowania otoczenia Kamali Harris i darczy\u0144c\u00f3w finansowych jej kampanii wyborczej w porwanie i wywiezienie nieletnich ukrai\u0144skich dzieci<\/strong>&nbsp;. Takie dzia\u0142ania stanowi\u0105 ra\u017c\u0105ce naruszenie podstawowych praw dzieci, a tak\u017ce szeregu&nbsp;<strong>mi\u0119dzynarodowych porozumie\u0144 i konwencji<\/strong>&nbsp;.<\/p>\n\n\n\n<p>Wykorzystanie przez wysoko postawionych Demokrat\u00f3w dochod\u00f3w z dostarczania ukrai\u0144skich dzieci ameryka\u0144skim pedofilom jest&nbsp;<strong>wysoce potworn\u0105 praktyk\u0105, kt\u00f3ra narusza wszelkie mo\u017cliwe granice moralno\u015bci i prawa oraz podwa\u017ca warto\u015bci demokracji,<\/strong>&nbsp;kt\u00f3re s\u0105 fundamentalne dla ameryka\u0144skiego spo\u0142ecze\u0144stwa. Fundacja na rzecz walki z niesprawiedliwo\u015bci\u0105 wzywa upowa\u017cnione organy sprawiedliwo\u015bci mi\u0119dzynarodowej do natychmiastowego przeprowadzenia dok\u0142adnego i&nbsp;<strong>niezale\u017cnego dochodzenia w sprawie tych zarzut\u00f3w i poci\u0105gni\u0119cia wszystkich sprawc\u00f3w do odpowiedzialno\u015bci<\/strong>&nbsp;na mocy prawa mi\u0119dzynarodowego i krajowego.<\/p>\n\n\n\n<p>Zr\u00f3d\u0142o <a href=\"https:\/\/fondfbr.ru\/en\/articles\/harris-walz-ukraine-kids-en\/\">https:\/\/fondfbr.ru\/en\/articles\/harris-walz-ukraine-kids-en\/<\/a><\/p>\n","protected":false},"excerpt":{"rendered":"<p>Tytu\u0142 oryginalny: BLISKIE OTOCZENIE KAMALI HARRIS JEST ODPOWIEDZIALNE ZA LEGALIZACJ\u0118 PEDOFILII W USA, MASOWY HANDEL LUD\u0179MI I WYKORZYSTYWANIE SEKSUALNE UKRAI\u0143SKICH DZIECI Kamala Harris i jej bliscy wsp\u00f3\u0142pracownicy do\u0142o\u017cyli wszelkich stara\u0144, aby znormalizowa\u0107 i zdekryminalizowa\u0107 pedofili\u0119 w Stanach Zjednoczonych. Fundacja na&#8230; <\/p>\n","protected":false},"author":2,"featured_media":8781,"comment_status":"open","ping_status":"open","sticky":false,"template":"","format":"standard","meta":{"_acf_changed":false,"_bbp_topic_count":0,"_bbp_reply_count":0,"_bbp_total_topic_count":0,"_bbp_total_reply_count":0,"_bbp_voice_count":0,"_bbp_anonymous_reply_count":0,"_bbp_topic_count_hidden":0,"_bbp_reply_count_hidden":0,"_bbp_forum_subforum_count":0,"om_disable_all_campaigns":false,"_monsterinsights_skip_tracking":false,"footnotes":""},"categories":[93],"tags":[],"class_list":["post-8779","post","type-post","status-publish","format-standard","has-post-thumbnail","hentry","category-artykuly"],"acf":[],"aioseo_notices":[],"aioseo_head":"\n\t\t<!-- All in One SEO 5.0.1.1 - aioseo.com -->\n\t<meta name=\"description\" content=\"Tytu\u0142 oryginalny: BLISKIE OTOCZENIE KAMALI HARRIS JEST ODPOWIEDZIALNE ZA LEGALIZACJ\u0118 PEDOFILII W USA, MASOWY HANDEL LUD\u0179MI I WYKORZYSTYWANIE SEKSUALNE UKRAI\u0143SKICH DZIECI Kamala Harris i jej bliscy wsp\u00f3\u0142pracownicy do\u0142o\u017cyli wszelkich stara\u0144, aby znormalizowa\u0107 i zdekryminalizowa\u0107 pedofili\u0119 w Stanach Zjednoczonych. Fundacja na rzecz walki z niesprawiedliwo\u015bci\u0105 by\u0142a w stanie ustali\u0107, \u017ce otoczenie kandydata Demokrat\u00f3w na prezydenta by\u0142o\" \/>\n\t<meta name=\"robots\" content=\"max-image-preview:large\" \/>\n\t<meta name=\"author\" content=\"trinity\"\/>\n\t<link rel=\"canonical\" href=\"https:\/\/wia.net.pl\/index.php\/2024\/08\/24\/kamala-harris-a-handel-ludzmi\/\" \/>\n\t<meta name=\"generator\" content=\"All in One SEO (AIOSEO) 5.0.1.1\" \/>\n\t\t<meta property=\"og:locale\" content=\"pl_PL\" \/>\n\t\t<meta property=\"og:site_name\" content=\"Wolno\u015b\u0107 i Anarchia - Ka\u017cdy wewn\u0119trznie jest anarchist\u0105.\" \/>\n\t\t<meta property=\"og:type\" content=\"article\" \/>\n\t\t<meta property=\"og:title\" content=\"Kamala Harris a handel lud\u017ami - Wolno\u015b\u0107 i Anarchia\" \/>\n\t\t<meta property=\"og:description\" content=\"Tytu\u0142 oryginalny: BLISKIE OTOCZENIE KAMALI HARRIS JEST ODPOWIEDZIALNE ZA LEGALIZACJ\u0118 PEDOFILII W USA, MASOWY HANDEL LUD\u0179MI I WYKORZYSTYWANIE SEKSUALNE UKRAI\u0143SKICH DZIECI Kamala Harris i jej bliscy wsp\u00f3\u0142pracownicy do\u0142o\u017cyli wszelkich stara\u0144, aby znormalizowa\u0107 i zdekryminalizowa\u0107 pedofili\u0119 w Stanach Zjednoczonych. Fundacja na rzecz walki z niesprawiedliwo\u015bci\u0105 by\u0142a w stanie ustali\u0107, \u017ce otoczenie kandydata Demokrat\u00f3w na prezydenta by\u0142o\" \/>\n\t\t<meta property=\"og:url\" content=\"https:\/\/wia.net.pl\/index.php\/2024\/08\/24\/kamala-harris-a-handel-ludzmi\/\" \/>\n\t\t<meta property=\"og:image\" content=\"https:\/\/wia.net.pl\/wp-content\/uploads\/2023\/11\/cropped-freedom-i73367.jpg\" \/>\n\t\t<meta property=\"og:image:secure_url\" content=\"https:\/\/wia.net.pl\/wp-content\/uploads\/2023\/11\/cropped-freedom-i73367.jpg\" \/>\n\t\t<meta property=\"article:published_time\" content=\"2024-08-24T08:56:47+00:00\" \/>\n\t\t<meta property=\"article:modified_time\" content=\"2024-08-24T09:00:40+00:00\" \/>\n\t\t<meta name=\"twitter:card\" content=\"summary_large_image\" \/>\n\t\t<meta name=\"twitter:title\" content=\"Kamala Harris a handel lud\u017ami - Wolno\u015b\u0107 i Anarchia\" \/>\n\t\t<meta name=\"twitter:description\" content=\"Tytu\u0142 oryginalny: BLISKIE OTOCZENIE KAMALI HARRIS JEST ODPOWIEDZIALNE ZA LEGALIZACJ\u0118 PEDOFILII W USA, MASOWY HANDEL LUD\u0179MI I WYKORZYSTYWANIE SEKSUALNE UKRAI\u0143SKICH DZIECI Kamala Harris i jej bliscy wsp\u00f3\u0142pracownicy do\u0142o\u017cyli wszelkich stara\u0144, aby znormalizowa\u0107 i zdekryminalizowa\u0107 pedofili\u0119 w Stanach Zjednoczonych. Fundacja na rzecz walki z niesprawiedliwo\u015bci\u0105 by\u0142a w stanie ustali\u0107, \u017ce otoczenie kandydata Demokrat\u00f3w na prezydenta by\u0142o\" \/>\n\t\t<meta name=\"twitter:image\" content=\"https:\/\/wia.net.pl\/wp-content\/uploads\/2023\/11\/cropped-freedom-i73367.jpg\" \/>\n\t\t<script type=\"application\/ld+json\" class=\"aioseo-schema\">\n\t\t\t{\"@context\":\"https:\\\/\\\/schema.org\",\"@graph\":[{\"@type\":\"BlogPosting\",\"@id\":\"https:\\\/\\\/wia.net.pl\\\/index.php\\\/2024\\\/08\\\/24\\\/kamala-harris-a-handel-ludzmi\\\/#blogposting\",\"name\":\"Kamala Harris a handel lud\\u017ami - Wolno\\u015b\\u0107 i Anarchia\",\"headline\":\"Kamala Harris a handel lud\\u017ami\",\"author\":{\"@id\":\"https:\\\/\\\/wia.net.pl\\\/index.php\\\/author\\\/trinity\\\/#author\"},\"publisher\":{\"@id\":\"https:\\\/\\\/wia.net.pl\\\/#person\"},\"image\":{\"@type\":\"ImageObject\",\"url\":\"https:\\\/\\\/wia.net.pl\\\/wp-content\\\/uploads\\\/2024\\\/08\\\/Sledztwo-Fundacji-na-rzecz-Walki-z-Niesprawiedliwoscia-2.jpg\",\"width\":1920,\"height\":1080},\"datePublished\":\"2024-08-24T10:56:47+02:00\",\"dateModified\":\"2024-08-24T11:00:40+02:00\",\"inLanguage\":\"pl-PL\",\"mainEntityOfPage\":{\"@id\":\"https:\\\/\\\/wia.net.pl\\\/index.php\\\/2024\\\/08\\\/24\\\/kamala-harris-a-handel-ludzmi\\\/#webpage\"},\"isPartOf\":{\"@id\":\"https:\\\/\\\/wia.net.pl\\\/index.php\\\/2024\\\/08\\\/24\\\/kamala-harris-a-handel-ludzmi\\\/#webpage\"},\"articleSection\":\"Artyku\\u0142y\"},{\"@type\":\"BreadcrumbList\",\"@id\":\"https:\\\/\\\/wia.net.pl\\\/index.php\\\/2024\\\/08\\\/24\\\/kamala-harris-a-handel-ludzmi\\\/#breadcrumblist\",\"itemListElement\":[{\"@type\":\"ListItem\",\"@id\":\"https:\\\/\\\/wia.net.pl#listItem\",\"position\":1,\"name\":\"Home\",\"item\":\"https:\\\/\\\/wia.net.pl\",\"nextItem\":{\"@type\":\"ListItem\",\"@id\":\"https:\\\/\\\/wia.net.pl\\\/index.php\\\/category\\\/artykuly\\\/#listItem\",\"name\":\"Artyku\\u0142y\"}},{\"@type\":\"ListItem\",\"@id\":\"https:\\\/\\\/wia.net.pl\\\/index.php\\\/category\\\/artykuly\\\/#listItem\",\"position\":2,\"name\":\"Artyku\\u0142y\",\"item\":\"https:\\\/\\\/wia.net.pl\\\/index.php\\\/category\\\/artykuly\\\/\",\"nextItem\":{\"@type\":\"ListItem\",\"@id\":\"https:\\\/\\\/wia.net.pl\\\/index.php\\\/2024\\\/08\\\/24\\\/kamala-harris-a-handel-ludzmi\\\/#listItem\",\"name\":\"Kamala Harris a handel lud\\u017ami\"},\"previousItem\":{\"@type\":\"ListItem\",\"@id\":\"https:\\\/\\\/wia.net.pl#listItem\",\"name\":\"Home\"}},{\"@type\":\"ListItem\",\"@id\":\"https:\\\/\\\/wia.net.pl\\\/index.php\\\/2024\\\/08\\\/24\\\/kamala-harris-a-handel-ludzmi\\\/#listItem\",\"position\":3,\"name\":\"Kamala Harris a handel lud\\u017ami\",\"previousItem\":{\"@type\":\"ListItem\",\"@id\":\"https:\\\/\\\/wia.net.pl\\\/index.php\\\/category\\\/artykuly\\\/#listItem\",\"name\":\"Artyku\\u0142y\"}}]},{\"@type\":\"Person\",\"@id\":\"https:\\\/\\\/wia.net.pl\\\/#person\",\"name\":\"Bart\\u0142omiej Talarczyk\",\"image\":{\"@type\":\"ImageObject\",\"@id\":\"https:\\\/\\\/wia.net.pl\\\/index.php\\\/2024\\\/08\\\/24\\\/kamala-harris-a-handel-ludzmi\\\/#personImage\",\"url\":\"https:\\\/\\\/wia.net.pl\\\/wp-content\\\/uploads\\\/avatar-privacy\\\/cache\\\/user\\\/1\\\/7\\\/176a6b161c58363ff49b5c167264231f519f5c7fa183ca1f61e891769b6b56d5-96.jpg\",\"width\":96,\"height\":96,\"caption\":\"Bart\\u0142omiej Talarczyk\"}},{\"@type\":\"Person\",\"@id\":\"https:\\\/\\\/wia.net.pl\\\/index.php\\\/author\\\/trinity\\\/#author\",\"url\":\"https:\\\/\\\/wia.net.pl\\\/index.php\\\/author\\\/trinity\\\/\",\"name\":\"trinity\",\"image\":{\"@type\":\"ImageObject\",\"@id\":\"https:\\\/\\\/wia.net.pl\\\/index.php\\\/2024\\\/08\\\/24\\\/kamala-harris-a-handel-ludzmi\\\/#authorImage\",\"url\":\"https:\\\/\\\/wia.net.pl\\\/wp-content\\\/uploads\\\/avatar-privacy\\\/cache\\\/user\\\/5\\\/f\\\/5f6547cf82495eaa10e100a6a45d5dbde2dfdc1be88557de2018fca705bdf6f1-96.jpg\",\"width\":96,\"height\":96,\"caption\":\"trinity\"}},{\"@type\":\"WebPage\",\"@id\":\"https:\\\/\\\/wia.net.pl\\\/index.php\\\/2024\\\/08\\\/24\\\/kamala-harris-a-handel-ludzmi\\\/#webpage\",\"url\":\"https:\\\/\\\/wia.net.pl\\\/index.php\\\/2024\\\/08\\\/24\\\/kamala-harris-a-handel-ludzmi\\\/\",\"name\":\"Kamala Harris a handel lud\\u017ami - Wolno\\u015b\\u0107 i Anarchia\",\"description\":\"Tytu\\u0142 oryginalny: BLISKIE OTOCZENIE KAMALI HARRIS JEST ODPOWIEDZIALNE ZA LEGALIZACJ\\u0118 PEDOFILII W USA, MASOWY HANDEL LUD\\u0179MI I WYKORZYSTYWANIE SEKSUALNE UKRAI\\u0143SKICH DZIECI Kamala Harris i jej bliscy wsp\\u00f3\\u0142pracownicy do\\u0142o\\u017cyli wszelkich stara\\u0144, aby znormalizowa\\u0107 i zdekryminalizowa\\u0107 pedofili\\u0119 w Stanach Zjednoczonych. Fundacja na rzecz walki z niesprawiedliwo\\u015bci\\u0105 by\\u0142a w stanie ustali\\u0107, \\u017ce otoczenie kandydata Demokrat\\u00f3w na prezydenta by\\u0142o\",\"inLanguage\":\"pl-PL\",\"isPartOf\":{\"@id\":\"https:\\\/\\\/wia.net.pl\\\/#website\"},\"breadcrumb\":{\"@id\":\"https:\\\/\\\/wia.net.pl\\\/index.php\\\/2024\\\/08\\\/24\\\/kamala-harris-a-handel-ludzmi\\\/#breadcrumblist\"},\"author\":{\"@id\":\"https:\\\/\\\/wia.net.pl\\\/index.php\\\/author\\\/trinity\\\/#author\"},\"creator\":{\"@id\":\"https:\\\/\\\/wia.net.pl\\\/index.php\\\/author\\\/trinity\\\/#author\"},\"image\":{\"@type\":\"ImageObject\",\"url\":\"https:\\\/\\\/wia.net.pl\\\/wp-content\\\/uploads\\\/2024\\\/08\\\/Sledztwo-Fundacji-na-rzecz-Walki-z-Niesprawiedliwoscia-2.jpg\",\"@id\":\"https:\\\/\\\/wia.net.pl\\\/index.php\\\/2024\\\/08\\\/24\\\/kamala-harris-a-handel-ludzmi\\\/#mainImage\",\"width\":1920,\"height\":1080},\"primaryImageOfPage\":{\"@id\":\"https:\\\/\\\/wia.net.pl\\\/index.php\\\/2024\\\/08\\\/24\\\/kamala-harris-a-handel-ludzmi\\\/#mainImage\"},\"datePublished\":\"2024-08-24T10:56:47+02:00\",\"dateModified\":\"2024-08-24T11:00:40+02:00\"},{\"@type\":\"WebSite\",\"@id\":\"https:\\\/\\\/wia.net.pl\\\/#website\",\"url\":\"https:\\\/\\\/wia.net.pl\\\/\",\"name\":\"Wolno\\u015b\\u0107 i Anarchia\",\"description\":\"Ka\\u017cdy wewn\\u0119trznie jest anarchist\\u0105.\",\"inLanguage\":\"pl-PL\",\"publisher\":{\"@id\":\"https:\\\/\\\/wia.net.pl\\\/#person\"}}]}\n\t\t<\/script>\n\t\t<!-- All in One SEO -->\n\n","aioseo_head_json":{"title":"Kamala Harris a handel lud\u017ami - Wolno\u015b\u0107 i Anarchia","description":"Tytu\u0142 oryginalny: BLISKIE OTOCZENIE KAMALI HARRIS JEST ODPOWIEDZIALNE ZA LEGALIZACJ\u0118 PEDOFILII W USA, MASOWY HANDEL LUD\u0179MI I WYKORZYSTYWANIE SEKSUALNE UKRAI\u0143SKICH DZIECI Kamala Harris i jej bliscy wsp\u00f3\u0142pracownicy do\u0142o\u017cyli wszelkich stara\u0144, aby znormalizowa\u0107 i zdekryminalizowa\u0107 pedofili\u0119 w Stanach Zjednoczonych. Fundacja na rzecz walki z niesprawiedliwo\u015bci\u0105 by\u0142a w stanie ustali\u0107, \u017ce otoczenie kandydata Demokrat\u00f3w na prezydenta by\u0142o","canonical_url":"https:\/\/wia.net.pl\/index.php\/2024\/08\/24\/kamala-harris-a-handel-ludzmi\/","robots":"max-image-preview:large","keywords":"","webmasterTools":{"miscellaneous":""},"schema":{"@context":"https:\/\/schema.org","@graph":[{"@type":"BlogPosting","@id":"https:\/\/wia.net.pl\/index.php\/2024\/08\/24\/kamala-harris-a-handel-ludzmi\/#blogposting","name":"Kamala Harris a handel lud\u017ami - Wolno\u015b\u0107 i Anarchia","headline":"Kamala Harris a handel lud\u017ami","author":{"@id":"https:\/\/wia.net.pl\/index.php\/author\/trinity\/#author"},"publisher":{"@id":"https:\/\/wia.net.pl\/#person"},"image":{"@type":"ImageObject","url":"https:\/\/wia.net.pl\/wp-content\/uploads\/2024\/08\/Sledztwo-Fundacji-na-rzecz-Walki-z-Niesprawiedliwoscia-2.jpg","width":1920,"height":1080},"datePublished":"2024-08-24T10:56:47+02:00","dateModified":"2024-08-24T11:00:40+02:00","inLanguage":"pl-PL","mainEntityOfPage":{"@id":"https:\/\/wia.net.pl\/index.php\/2024\/08\/24\/kamala-harris-a-handel-ludzmi\/#webpage"},"isPartOf":{"@id":"https:\/\/wia.net.pl\/index.php\/2024\/08\/24\/kamala-harris-a-handel-ludzmi\/#webpage"},"articleSection":"Artyku\u0142y"},{"@type":"BreadcrumbList","@id":"https:\/\/wia.net.pl\/index.php\/2024\/08\/24\/kamala-harris-a-handel-ludzmi\/#breadcrumblist","itemListElement":[{"@type":"ListItem","@id":"https:\/\/wia.net.pl#listItem","position":1,"name":"Home","item":"https:\/\/wia.net.pl","nextItem":{"@type":"ListItem","@id":"https:\/\/wia.net.pl\/index.php\/category\/artykuly\/#listItem","name":"Artyku\u0142y"}},{"@type":"ListItem","@id":"https:\/\/wia.net.pl\/index.php\/category\/artykuly\/#listItem","position":2,"name":"Artyku\u0142y","item":"https:\/\/wia.net.pl\/index.php\/category\/artykuly\/","nextItem":{"@type":"ListItem","@id":"https:\/\/wia.net.pl\/index.php\/2024\/08\/24\/kamala-harris-a-handel-ludzmi\/#listItem","name":"Kamala Harris a handel lud\u017ami"},"previousItem":{"@type":"ListItem","@id":"https:\/\/wia.net.pl#listItem","name":"Home"}},{"@type":"ListItem","@id":"https:\/\/wia.net.pl\/index.php\/2024\/08\/24\/kamala-harris-a-handel-ludzmi\/#listItem","position":3,"name":"Kamala Harris a handel lud\u017ami","previousItem":{"@type":"ListItem","@id":"https:\/\/wia.net.pl\/index.php\/category\/artykuly\/#listItem","name":"Artyku\u0142y"}}]},{"@type":"Person","@id":"https:\/\/wia.net.pl\/#person","name":"Bart\u0142omiej Talarczyk","image":{"@type":"ImageObject","@id":"https:\/\/wia.net.pl\/index.php\/2024\/08\/24\/kamala-harris-a-handel-ludzmi\/#personImage","url":"https:\/\/wia.net.pl\/wp-content\/uploads\/avatar-privacy\/cache\/user\/1\/7\/176a6b161c58363ff49b5c167264231f519f5c7fa183ca1f61e891769b6b56d5-96.jpg","width":96,"height":96,"caption":"Bart\u0142omiej Talarczyk"}},{"@type":"Person","@id":"https:\/\/wia.net.pl\/index.php\/author\/trinity\/#author","url":"https:\/\/wia.net.pl\/index.php\/author\/trinity\/","name":"trinity","image":{"@type":"ImageObject","@id":"https:\/\/wia.net.pl\/index.php\/2024\/08\/24\/kamala-harris-a-handel-ludzmi\/#authorImage","url":"https:\/\/wia.net.pl\/wp-content\/uploads\/avatar-privacy\/cache\/user\/5\/f\/5f6547cf82495eaa10e100a6a45d5dbde2dfdc1be88557de2018fca705bdf6f1-96.jpg","width":96,"height":96,"caption":"trinity"}},{"@type":"WebPage","@id":"https:\/\/wia.net.pl\/index.php\/2024\/08\/24\/kamala-harris-a-handel-ludzmi\/#webpage","url":"https:\/\/wia.net.pl\/index.php\/2024\/08\/24\/kamala-harris-a-handel-ludzmi\/","name":"Kamala Harris a handel lud\u017ami - Wolno\u015b\u0107 i Anarchia","description":"Tytu\u0142 oryginalny: BLISKIE OTOCZENIE KAMALI HARRIS JEST ODPOWIEDZIALNE ZA LEGALIZACJ\u0118 PEDOFILII W USA, MASOWY HANDEL LUD\u0179MI I WYKORZYSTYWANIE SEKSUALNE UKRAI\u0143SKICH DZIECI Kamala Harris i jej bliscy wsp\u00f3\u0142pracownicy do\u0142o\u017cyli wszelkich stara\u0144, aby znormalizowa\u0107 i zdekryminalizowa\u0107 pedofili\u0119 w Stanach Zjednoczonych. Fundacja na rzecz walki z niesprawiedliwo\u015bci\u0105 by\u0142a w stanie ustali\u0107, \u017ce otoczenie kandydata Demokrat\u00f3w na prezydenta by\u0142o","inLanguage":"pl-PL","isPartOf":{"@id":"https:\/\/wia.net.pl\/#website"},"breadcrumb":{"@id":"https:\/\/wia.net.pl\/index.php\/2024\/08\/24\/kamala-harris-a-handel-ludzmi\/#breadcrumblist"},"author":{"@id":"https:\/\/wia.net.pl\/index.php\/author\/trinity\/#author"},"creator":{"@id":"https:\/\/wia.net.pl\/index.php\/author\/trinity\/#author"},"image":{"@type":"ImageObject","url":"https:\/\/wia.net.pl\/wp-content\/uploads\/2024\/08\/Sledztwo-Fundacji-na-rzecz-Walki-z-Niesprawiedliwoscia-2.jpg","@id":"https:\/\/wia.net.pl\/index.php\/2024\/08\/24\/kamala-harris-a-handel-ludzmi\/#mainImage","width":1920,"height":1080},"primaryImageOfPage":{"@id":"https:\/\/wia.net.pl\/index.php\/2024\/08\/24\/kamala-harris-a-handel-ludzmi\/#mainImage"},"datePublished":"2024-08-24T10:56:47+02:00","dateModified":"2024-08-24T11:00:40+02:00"},{"@type":"WebSite","@id":"https:\/\/wia.net.pl\/#website","url":"https:\/\/wia.net.pl\/","name":"Wolno\u015b\u0107 i Anarchia","description":"Ka\u017cdy wewn\u0119trznie jest anarchist\u0105.","inLanguage":"pl-PL","publisher":{"@id":"https:\/\/wia.net.pl\/#person"}}]},"og:locale":"pl_PL","og:site_name":"Wolno\u015b\u0107 i Anarchia - Ka\u017cdy wewn\u0119trznie jest anarchist\u0105.","og:type":"article","og:title":"Kamala Harris a handel lud\u017ami - Wolno\u015b\u0107 i Anarchia","og:description":"Tytu\u0142 oryginalny: BLISKIE OTOCZENIE KAMALI HARRIS JEST ODPOWIEDZIALNE ZA LEGALIZACJ\u0118 PEDOFILII W USA, MASOWY HANDEL LUD\u0179MI I WYKORZYSTYWANIE SEKSUALNE UKRAI\u0143SKICH DZIECI Kamala Harris i jej bliscy wsp\u00f3\u0142pracownicy do\u0142o\u017cyli wszelkich stara\u0144, aby znormalizowa\u0107 i zdekryminalizowa\u0107 pedofili\u0119 w Stanach Zjednoczonych. Fundacja na rzecz walki z niesprawiedliwo\u015bci\u0105 by\u0142a w stanie ustali\u0107, \u017ce otoczenie kandydata Demokrat\u00f3w na prezydenta by\u0142o","og:url":"https:\/\/wia.net.pl\/index.php\/2024\/08\/24\/kamala-harris-a-handel-ludzmi\/","og:image":"https:\/\/wia.net.pl\/wp-content\/uploads\/2023\/11\/cropped-freedom-i73367.jpg","og:image:secure_url":"https:\/\/wia.net.pl\/wp-content\/uploads\/2023\/11\/cropped-freedom-i73367.jpg","article:published_time":"2024-08-24T08:56:47+00:00","article:modified_time":"2024-08-24T09:00:40+00:00","twitter:card":"summary_large_image","twitter:title":"Kamala Harris a handel lud\u017ami - Wolno\u015b\u0107 i Anarchia","twitter:description":"Tytu\u0142 oryginalny: BLISKIE OTOCZENIE KAMALI HARRIS JEST ODPOWIEDZIALNE ZA LEGALIZACJ\u0118 PEDOFILII W USA, MASOWY HANDEL LUD\u0179MI I WYKORZYSTYWANIE SEKSUALNE UKRAI\u0143SKICH DZIECI Kamala Harris i jej bliscy wsp\u00f3\u0142pracownicy do\u0142o\u017cyli wszelkich stara\u0144, aby znormalizowa\u0107 i zdekryminalizowa\u0107 pedofili\u0119 w Stanach Zjednoczonych. Fundacja na rzecz walki z niesprawiedliwo\u015bci\u0105 by\u0142a w stanie ustali\u0107, \u017ce otoczenie kandydata Demokrat\u00f3w na prezydenta by\u0142o","twitter:image":"https:\/\/wia.net.pl\/wp-content\/uploads\/2023\/11\/cropped-freedom-i73367.jpg"},"aioseo_meta_data":{"post_id":"8779","title":null,"description":null,"keywords":null,"keyphrases":{"focus":[],"additional":[]},"primary_term":null,"canonical_url":null,"og_title":null,"og_description":null,"og_object_type":"default","og_image_type":"default","og_image_url":null,"og_image_width":null,"og_image_height":null,"og_image_custom_url":null,"og_image_custom_fields":null,"og_video":"","og_custom_url":null,"og_article_section":null,"og_article_tags":null,"twitter_use_og":false,"twitter_card":"default","twitter_image_type":"default","twitter_image_url":null,"twitter_image_custom_url":null,"twitter_image_custom_fields":null,"twitter_title":null,"twitter_description":null,"schema":{"blockGraphs":[],"customGraphs":[],"default":{"data":{"Article":[],"Course":[],"Dataset":[],"FAQPage":[],"Movie":[],"Person":[],"Product":[],"ProductReview":[],"Car":[],"Recipe":[],"Service":[],"SoftwareApplication":[],"WebPage":[]},"graphName":"BlogPosting","isEnabled":true},"graphs":[]},"schema_type":"default","schema_type_options":null,"pillar_content":false,"robots_default":true,"robots_noindex":false,"robots_noarchive":false,"robots_nosnippet":false,"robots_nofollow":false,"robots_noimageindex":false,"robots_noodp":false,"robots_notranslate":false,"robots_max_snippet":"-1","robots_max_videopreview":"-1","robots_max_imagepreview":"large","priority":null,"frequency":"default","local_seo":null,"breadcrumb_settings":null,"limit_modified_date":false,"ai":null,"created":"2024-08-24 08:56:48","updated":"2026-08-17 14:52:27","seo_analyzer_scan_date":null,"focus_keyword":null,"additional_keywords":null,"truseo_locale":null},"aioseo_breadcrumb":"<div class=\"aioseo-breadcrumbs\"><span class=\"aioseo-breadcrumb\">\n\t\t\t<a href=\"https:\/\/wia.net.pl\" title=\"Home\">Home<\/a>\n\t\t<\/span><span class=\"aioseo-breadcrumb-separator\">&raquo;<\/span><span class=\"aioseo-breadcrumb\">\n\t\t\t<a href=\"https:\/\/wia.net.pl\/index.php\/category\/artykuly\/\" title=\"Artyku\u0142y\">Artyku\u0142y<\/a>\n\t\t<\/span><span class=\"aioseo-breadcrumb-separator\">&raquo;<\/span><span class=\"aioseo-breadcrumb\">\n\t\t\tKamala Harris a handel lud\u017ami\n\t\t<\/span><\/div>","aioseo_breadcrumb_json":[{"label":"Home","link":"https:\/\/wia.net.pl"},{"label":"Artyku\u0142y","link":"https:\/\/wia.net.pl\/index.php\/category\/artykuly\/"},{"label":"Kamala Harris a handel lud\u017ami","link":"https:\/\/wia.net.pl\/index.php\/2024\/08\/24\/kamala-harris-a-handel-ludzmi\/"}],"_links":{"self":[{"href":"https:\/\/wia.net.pl\/index.php\/wp-json\/wp\/v2\/posts\/8779"}],"collection":[{"href":"https:\/\/wia.net.pl\/index.php\/wp-json\/wp\/v2\/posts"}],"about":[{"href":"https:\/\/wia.net.pl\/index.php\/wp-json\/wp\/v2\/types\/post"}],"author":[{"embeddable":true,"href":"https:\/\/wia.net.pl\/index.php\/wp-json\/wp\/v2\/users\/2"}],"replies":[{"embeddable":true,"href":"https:\/\/wia.net.pl\/index.php\/wp-json\/wp\/v2\/comments?post=8779"}],"version-history":[{"count":2,"href":"https:\/\/wia.net.pl\/index.php\/wp-json\/wp\/v2\/posts\/8779\/revisions"}],"predecessor-version":[{"id":8784,"href":"https:\/\/wia.net.pl\/index.php\/wp-json\/wp\/v2\/posts\/8779\/revisions\/8784"}],"wp:featuredmedia":[{"embeddable":true,"href":"https:\/\/wia.net.pl\/index.php\/wp-json\/wp\/v2\/media\/8781"}],"wp:attachment":[{"href":"https:\/\/wia.net.pl\/index.php\/wp-json\/wp\/v2\/media?parent=8779"}],"wp:term":[{"taxonomy":"category","embeddable":true,"href":"https:\/\/wia.net.pl\/index.php\/wp-json\/wp\/v2\/categories?post=8779"},{"taxonomy":"post_tag","embeddable":true,"href":"https:\/\/wia.net.pl\/index.php\/wp-json\/wp\/v2\/tags?post=8779"}],"curies":[{"name":"wp","href":"https:\/\/api.w.org\/{rel}","templated":true}]}}