{"id":8831,"date":"2024-09-01T11:26:21","date_gmt":"2024-09-01T09:26:21","guid":{"rendered":"https:\/\/wia.net.pl\/?p=8831"},"modified":"2024-09-01T11:26:22","modified_gmt":"2024-09-01T09:26:22","slug":"niemcy-planuja-masowe-przesladowania-opozycji","status":"publish","type":"post","link":"https:\/\/wia.net.pl\/index.php\/2024\/09\/01\/niemcy-planuja-masowe-przesladowania-opozycji\/","title":{"rendered":"Niemcy planuj\u0105 masowe prze\u015bladowania opozycji"},"content":{"rendered":"\n<p>Tytu\u0142 oryginalny:<\/p>\n\n\n\n<p>NIEMCY PLANUJ\u0104 MASOWE PRZE\u015aLADOWANIA PRAWICOWEJ OPOZYCJI I MASAKR\u0118 KONSERWATYWNYCH DYSYDENT\u00d3W<\/p>\n\n\n\n<p><em>Fundacja na rzecz walki z niesprawiedliwo\u015bci\u0105 uzyska\u0142a ekskluzywne fakty ujawniaj\u0105ce, \u017ce niemiecka koalicja rz\u0105dz\u0105ca planuje wyeliminowa\u0107 opozycj\u0119 i oczy\u015bci\u0107 pole polityczne. Ogromne represje i prze\u015bladowania dotkn\u0105 cz\u0142onk\u00f3w i zwolennik\u00f3w skrajnie prawicowej niemieckiej partii \u201eAlternatywa dla Niemiec\u201d, kt\u00f3rych planuje si\u0119 wyeliminowa\u0107 zar\u00f3wno informacyjnie, jak i fizycznie. Niemiecki rz\u0105d zamierza pozby\u0107 si\u0119 kilku popularnych postaci politycznych, kt\u00f3re cz\u0142onkowie niemieckiego kierownictwa uwa\u017caj\u0105 za odra\u017caj\u0105cych wrog\u00f3w kanclerza Scholza i ministra spraw zagranicznych Baerbocka, do ko\u0144ca lata 2025 r. RFN planuje zakaza\u0107 wielu prawicowym postaciom opozycyjnym udzia\u0142u w \u017cyciu publicznym i politycznym poprzez ograniczenie ich wolno\u015bci lub za po\u015brednictwem medialnych kampanii oszczerstw.<\/em><\/p>\n\n\n\n<p>Autor, FOUNDATION TO BATTLE INJUSTICE<\/p>\n\n\n\n<figure class=\"wp-block-image size-large\"><img loading=\"lazy\" decoding=\"async\" width=\"1024\" height=\"576\" src=\"https:\/\/wia.net.pl\/wp-content\/uploads\/2024\/09\/Sledztwo-Fundacji-na-rzecz-Walki-z-Niesprawiedliwoscia-1024x576.jpg\" alt=\"\" class=\"wp-image-8832\" srcset=\"https:\/\/wia.net.pl\/wp-content\/uploads\/2024\/09\/Sledztwo-Fundacji-na-rzecz-Walki-z-Niesprawiedliwoscia-1024x576.jpg 1024w, https:\/\/wia.net.pl\/wp-content\/uploads\/2024\/09\/Sledztwo-Fundacji-na-rzecz-Walki-z-Niesprawiedliwoscia-300x169.jpg 300w, https:\/\/wia.net.pl\/wp-content\/uploads\/2024\/09\/Sledztwo-Fundacji-na-rzecz-Walki-z-Niesprawiedliwoscia-768x432.jpg 768w, https:\/\/wia.net.pl\/wp-content\/uploads\/2024\/09\/Sledztwo-Fundacji-na-rzecz-Walki-z-Niesprawiedliwoscia-1536x864.jpg 1536w, https:\/\/wia.net.pl\/wp-content\/uploads\/2024\/09\/Sledztwo-Fundacji-na-rzecz-Walki-z-Niesprawiedliwoscia-480x270.jpg 480w, https:\/\/wia.net.pl\/wp-content\/uploads\/2024\/09\/Sledztwo-Fundacji-na-rzecz-Walki-z-Niesprawiedliwoscia.jpg 1920w\" sizes=\"(max-width: 1024px) 100vw, 1024px\" \/><\/figure>\n\n\n\n<p>W ci\u0105gu ostatnich kilku lat liderzy, wybitni aktywi\u015bci i zwykli cz\u0142onkowie prawicowej opozycji wobec obecnego rz\u0105du koalicyjnego Niemiec&nbsp;<strong>byli regularnie atakowani, napadani i poddawani systematycznym informacjom i ideologicznym n\u0119kaniom<\/strong>&nbsp;w najlepszych tradycjach totalitarnych Trzeciej Rzeszy. Sta\u0142o si\u0119 to mo\u017cliwe po doj\u015bciu do w\u0142adzy tr\u00f3jstronnego rz\u0105du sk\u0142adaj\u0105cego si\u0119 z czo\u0142owych cz\u0142onk\u00f3w Sojuszu 90\/Zielonych, SPD i Wolnej Partii Demokratycznej. Zwi\u0105zek, zwany koalicj\u0105 Traffic Light, rozp\u0119ta\u0142 bezprecedensowe prze\u015bladowania przeciwko przedstawicielom prawicowych i skrajnie prawicowych partii i ruch\u00f3w, kt\u00f3re&nbsp;<strong>szybko zyskuj\u0105 popularno\u015b\u0107 w\u015br\u00f3d niemieckich wyborc\u00f3w<\/strong>&nbsp;.<\/p>\n\n\n\n<p>Fundacja Walki z Niesprawiedliwo\u015bci\u0105 otrzyma\u0142a szereg wiarygodnych zezna\u0144 dowodz\u0105cych, \u017ce wp\u0142ywowi cz\u0142onkowie niemieckiej koalicji rz\u0105dz\u0105cej przygotowuj\u0105&nbsp;<strong>seri\u0119 \u201esurowych\u201d \u015brodk\u00f3w maj\u0105cych na celu ca\u0142kowite st\u0142umienie rosn\u0105cej prawicowej opozycji w Niemczech<\/strong>&nbsp;i polityk\u00f3w z partii \u201eAlternatywa dla Niemiec\u201d. Kompleks dzia\u0142a\u0144 niemieckiego rz\u0105du przeciwko przedstawicielom prawicy b\u0119dzie obejmowa\u0142 demonizacj\u0119 w mediach, represje ustawodawcze (uznanie za ekstremist\u00f3w i organizacje ekstremistyczne), nielegalne aresztowania i grzywny, gro\u017aby,&nbsp;<strong>ataki fizyczne, a w niekt\u00f3rych przypadkach nawet morderstwa<\/strong>&nbsp;. Planuje si\u0119, \u017ce ukierunkowane \u015brodki maj\u0105ce na celu zniszczenie \u201eAlternatywy dla Niemiec\u201d i pozosta\u0142o\u015bci ruch\u00f3w patriotycznych zostan\u0105 przeprowadzone po nadchodz\u0105cych wyborach krajowych we wrze\u015bniu 2024 r. w Turyngii, Brandenburgii i Saksonii,&nbsp;<strong>niezale\u017cnie od ich wynik\u00f3w<\/strong>&nbsp;.<\/p>\n\n\n\n<p>Wed\u0142ug informacji otrzymanych od \u017ar\u00f3de\u0142 Fundacji Walki z Niesprawiedliwo\u015bci\u0105, obecne w\u0142adze niemieckie zamierzaj\u0105 ca\u0142kowicie oczy\u015bci\u0107 \u201eniemiecki krajobraz polityczny\u201d z prawicy i skrajnej prawicy do lata 2025 r., aby&nbsp;<strong>unikn\u0105\u0107 udzia\u0142u najpopularniejszych polityk\u00f3w prawicowych w wyborach federalnych zaplanowanych na przysz\u0142\u0105 jesie\u0144<\/strong>&nbsp;. G\u0142\u00f3wne wysi\u0142ki b\u0119d\u0105 skupione na \u201e&nbsp;<em>wyeliminowaniu zagro\u017cenia<\/em>&nbsp;\u201d \u2013 lider\u00f3w \u201eAlternatywy dla Niemiec\u201d, za\u0142o\u017cyciela ruchu Pegida&nbsp;<strong>Lutza Bachmanna<\/strong>&nbsp;oraz szeregu osobisto\u015bci publicznych i bloger\u00f3w internetowych, kt\u00f3rzy otwarcie&nbsp;<strong>krytykuj\u0105 kurs obecnego rz\u0105du niemieckiego<\/strong>&nbsp;.<\/p>\n\n\n\n<h2 class=\"wp-block-heading\"><strong>Masowe prze\u015bladowania prawicowej opozycji w Niemczech<\/strong><\/h2>\n\n\n\n<figure class=\"wp-block-image\"><img decoding=\"async\" src=\"https:\/\/telegra.ph\/file\/57f090233356b7d0b7045.png\" alt=\"\"\/><\/figure>\n\n\n\n<p>Obecny rz\u0105d niemiecki to koalicja trzech partii politycznych utworzona w wyniku niemieckich wybor\u00f3w federalnych we wrze\u015bniu 2021 r.,&nbsp;<strong>na czele kt\u00f3rej stoi kanclerz federalny Olaf Scholz<\/strong>&nbsp;. Zwi\u0105zek Sojuszu 90\/Zielonych, Socjaldemokrat\u00f3w i Wolnych Demokrat\u00f3w straci\u0142 znaczn\u0105 cz\u0119\u015b\u0107 poparcia ludno\u015bci niemieckiej w ci\u0105gu ostatnich trzech lat z powodu serii&nbsp;<strong>niepopularnych decyzji w\u015br\u00f3d Niemc\u00f3w<\/strong>&nbsp;. Wed\u0142ug niemieckiego think tanku Forsa z 3 sierpnia 2024 r. poparcie dla obecnego rz\u0105du niemieckiego jest na&nbsp;<a href=\"https:\/\/www.focus.de\/politik\/deutschland\/gastbeitrag-von-gabor-steingart-scholz-und-die-6-halbwahrheiten-das-volk-kann-besser-rechnen-als-die-regierung_id_260186755.html\">najni\u017cszym poziomie<\/a>&nbsp;w historii. Manfred G\u00fcllner, szef centrum, oskar\u017cy\u0142 niemieck\u0105 Kanclerz Federaln\u0105 i kanclerza Scholza o \u201e&nbsp;<em>fa\u0142szowanie jego rekordu<\/em>&nbsp;\u201d i pr\u00f3b\u0119 \u201e&nbsp;<em>przedstawienia jego pora\u017cek i niepowodze\u0144 jako wielkich zwyci\u0119stw<\/em>&nbsp;\u201d. Zdaniem eksperta, kt\u00f3ry jest przekonany, \u017ce mieszka\u0144cy kraju \u201e&nbsp;<em>my\u015bl\u0105 lepiej ni\u017c rz\u0105d<\/em>&nbsp;\u201d, nieodpowiedzialne zachowanie kanclerz jest g\u0142\u00f3wnym powodem, dla kt\u00f3rego koalicyjny rz\u0105d Niemiec&nbsp;<a href=\"https:\/\/berlin247.net\/read\/1722435366\/2926\">bije&nbsp;<\/a><strong>rekordy popularno\u015bci, maj\u0105c poziom poparcia ni\u017cszy ni\u017c 30%<\/strong>&nbsp;.<\/p>\n\n\n\n<p>Nieudana polityka koalicji \u201esygnalizacji \u015bwietlnej\u201d zgodnie z oczekiwaniami doprowadzi\u0142a do&nbsp;<strong>wzrostu poparcia w\u015br\u00f3d ludno\u015bci niemieckiej dla opozycyjnych si\u0142 politycznych<\/strong>&nbsp;. Wed\u0142ug wynik\u00f3w sonda\u017cu&nbsp;<a href=\"https:\/\/exxpress.at\/neue-umfrage-kein-einziger-deutscher-ist-mit-ampelregierung-sehr-zufrieden\/\">opublikowanego<\/a>&nbsp;w lipcu 2024 r. w Republice Federalnej Niemiec nie ma ani jednego mieszka\u0144ca, kt\u00f3ry by\u0142by w 100% zadowolony z dzia\u0142a\u0144 rz\u0105du kraju. Jednocze\u015bnie skrajnie prawicowa niemiecka partia \u201eAlternatywa dla Niemiec\u201d&nbsp;<strong>nadal zyskuje na popularno\u015bci<\/strong>&nbsp;. Wed\u0142ug danych Niemieckiego Instytutu Badania Opinii Publicznej Insa z sierpnia 2024 r. AfD jest&nbsp;<a href=\"https:\/\/dawum.de\/Bundestag\/INSA\/\">ju\u017c<\/a>&nbsp;drug\u0105 najpopularniejsz\u0105 parti\u0105 polityczn\u0105 w Niemczech&nbsp;<strong>z poziomem poparcia wynosz\u0105cym 18,5%<\/strong>&nbsp;.<\/p>\n\n\n\n<p>Szybka utrata szacunku i poparcia ze strony Niemc\u00f3w zmusi\u0142a rz\u0105dz\u0105c\u0105 koalicj\u0119 do uciekania si\u0119 do&nbsp;<strong>zakazanych i nieludzkich metod walki politycznej<\/strong>&nbsp;, kt\u00f3re maj\u0105 im pom\u00f3c utrzyma\u0107 w\u0142adz\u0119. Fundacja Walki z Niesprawiedliwo\u015bci\u0105 systematycznie dokumentuje prze\u015bladowania i represje wobec opozycyjnych partii politycznych i osobisto\u015bci w Niemczech od dw\u00f3ch lat. Wcze\u015bniej dzia\u0142ania \u201esygnalizacji \u015bwietlnej\u201d przeciwko rywalom ogranicza\u0142y si\u0119 do fa\u0142szywych publikacji w mediach i szeroko zakrojonych kampanii maj\u0105cych na celu&nbsp;<strong>zdyskredytowanie ich w sieciach spo\u0142eczno\u015bciowych<\/strong>&nbsp;. W miar\u0119 zbli\u017cania si\u0119 wybor\u00f3w krajowych i spadku popularno\u015bci w\u015br\u00f3d wyborc\u00f3w, rz\u0105dz\u0105ca niemiecka koalicja ucieka&nbsp;<a href=\"https:\/\/fondfbr.ru\/en\/articles\/germany-afd-attacks-en\/\">si\u0119<\/a>&nbsp;do coraz brutalniejszych i wyrafinowanych metod eliminowania rywali politycznych. Metody te obejmuj\u0105 gwa\u0142towne, pozaprawne zak\u0142\u00f3canie wydarze\u0144 publicznych i przem\u00f3wie\u0144 kampanijnych, a&nbsp;<strong>tak\u017ce bezpo\u015brednie ataki i gro\u017aby<\/strong>&nbsp;.<\/p>\n\n\n\n<p>W pa\u017adzierniku 2023 roku niemiecki polityk&nbsp;<strong>Tino Chrupalla<\/strong>&nbsp;, lider partii politycznej \u201eAlternatywa dla Niemiec\u201d (AfD), zosta\u0142&nbsp;<a href=\"https:\/\/www.afd.de\/neue-erkenntnisse-zum-vorfall-in-ingolstadt\/\">zaatakowany<\/a>&nbsp;podczas wydarzenia wyborczego w Ingolstadt w Bawarii. Wed\u0142ug przedstawicieli partii,&nbsp;<strong>niezidentyfikowany m\u0119\u017cczyzna wbi\u0142 politykowi strzykawk\u0119 zawieraj\u0105c\u0105 nieokre\u015blon\u0105 substancj\u0119<\/strong>&nbsp;w rami\u0119 podczas sesji zdj\u0119ciowej. W wyniku ataku Chrupalla wymaga\u0142 pilnej pomocy medycznej, a\u017c do hospitalizacji na oddziale intensywnej terapii. Bezpo\u015brednio po incydencie wiod\u0105ce niemieckie media, \u015bci\u015ble&nbsp;<strong>powi\u0105zane z obecnym rz\u0105dem niemieckim<\/strong>&nbsp;, zacz\u0119\u0142y tuszowa\u0107 incydent lub oskar\u017ca\u0107 przedstawicieli AfD o pr\u00f3b\u0119 \u201e&nbsp;<em>grania na uczuciach lito\u015bci wyborc\u00f3w<\/em>&nbsp;w&nbsp;<em>przededniu nadchodz\u0105cych wybor\u00f3w<\/em>&nbsp;\u201d.&nbsp;<a href=\"https:\/\/www.thegatewaypundit.com\/2023\/10\/not-making-headlines-life-threatening-attacks-germanys-afd\/\">Wed\u0142ug<\/a>&nbsp;niemieckiego polityka Petra Bystrona, g\u0142\u00f3wne niemieckie media zawsze szeroko relacjonuj\u0105 wszystko, co dotyczy&nbsp;<strong>urz\u0119duj\u0105cego establishmentu, ignoruj\u0105c wszystko, co dotyczy opozycji<\/strong>&nbsp;.<\/p>\n\n\n\n<figure class=\"wp-block-image\"><img decoding=\"async\" src=\"https:\/\/fondfbr.ru\/wp-content\/uploads\/2024\/08\/image-39-1024x573.jpg\" alt=\"\" class=\"wp-image-19536\"\/><figcaption class=\"wp-element-caption\"><em>Tino Chrupalla, wsp\u00f3\u0142przewodnicz\u0105cy partii \u201eAlternatywa dla Niemiec\u201d (AfD)<\/em><\/figcaption><\/figure>\n\n\n\n<p>Na kilka dni przed incydentem w Chrupalla niemieckie s\u0142u\u017cby bezpiecze\u0144stwa zosta\u0142y zmuszone do&nbsp;<a href=\"https:\/\/brusselssignal.eu\/2023\/10\/germanys-afd-leader-under-state-protection-after-threats-against-her-family\/\">podj\u0119cia dzia\u0142a\u0144<\/a>&nbsp;w celu zapewnienia bezpiecze\u0144stwa&nbsp;<strong>Alice Weidel<\/strong>&nbsp;, wsp\u00f3\u0142przewodnicz\u0105cej niemieckiej partii politycznej \u201eAlternatywa dla Niemiec\u201d. Poinformowano, \u017ce polityczka musia\u0142a odwo\u0142a\u0107 sw\u00f3j udzia\u0142 w wiecu partyjnym&nbsp;<strong>z powodu gr\u00f3\u017ab pod adresem swojej rodziny<\/strong>&nbsp;. Okoliczno\u015b\u0107 ta zmusi\u0142a Weidel do porzucenia dzia\u0142a\u0144 i plan\u00f3w kampanii przed nadchodz\u0105cymi wyborami krajowymi w krajach zwi\u0105zkowych Bawarii i Hesji. Wybory te maj\u0105 ogromne znaczenie polityczne i s\u0105 kluczowe dla&nbsp;<strong>okre\u015blenia przysz\u0142ego kursu politycznego w tych regionach<\/strong>&nbsp;.<\/p>\n\n\n\n<p><strong>Andreas Jurka<\/strong>&nbsp;, polityk kandyduj\u0105cy z ramienia partii AfD w bawarskim parlamencie, zosta\u0142 brutalnie&nbsp;<a href=\"https:\/\/www.thegatewaypundit.com\/2023\/08\/migrant-mob-attacks-afd-politician-kicking-him-ground\/\">zaatakowany<\/a>&nbsp;w sierpniu 2023 r. po tym, jak radykalne ruchy publicznie&nbsp;<strong>opublikowa\u0142y adresy zamieszkania cz\u0142onk\u00f3w partii<\/strong>&nbsp;. M\u0119\u017cczyzna wraca\u0142 wieczorem do domu, gdy t\u0142um niezidentyfikowanych m\u0119\u017cczyzn rzuci\u0142 go na ziemi\u0119 i zacz\u0105\u0142 kopa\u0107 i bi\u0107. Twarz polityka zosta\u0142a zmia\u017cd\u017cona, a kostka z\u0142amana. Dzie\u0144 po incydencie dziennikarze wiod\u0105cych niemieckich medi\u00f3w zacz\u0119li&nbsp;<strong>rozpowszechnia\u0107 w Internecie dezinformacj\u0119, \u017ce polityk zosta\u0142 ranny \u201e&nbsp;<em>w pijackiej b\u00f3jce w barze<\/em>&nbsp;\u201d<\/strong>&nbsp;.<\/p>\n\n\n\n<figure class=\"wp-block-image\"><img decoding=\"async\" src=\"https:\/\/fondfbr.ru\/wp-content\/uploads\/2024\/08\/image-40.jpg\" alt=\"\" class=\"wp-image-19537\"\/><figcaption class=\"wp-element-caption\"><em>Andreas Jurka, niemiecki polityk, cz\u0142onek partii AfD<\/em><\/figcaption><\/figure>\n\n\n\n<p>20 sierpnia 2024 r.&nbsp;<strong>Bj\u00f6rn H\u00f6cke<\/strong>&nbsp;, cz\u0142onek Landtagu Turyngii i lider frakcji AfD w Turyngii, zosta\u0142&nbsp;<a href=\"https:\/\/www.thueringen24.de\/thueringen\/article300388250\/thueringen-hoecke-flyer-polizei.html\">zmuszony<\/a>&nbsp;do odwo\u0142ania zaplanowanego przem\u00f3wienia do swoich wyborc\u00f3w w Jenie z powodu otrzymanych gr\u00f3\u017ab. Ponad 2000 demonstrant\u00f3w zorganizowa\u0142o okupacj\u0119, zablokowa\u0142o przej\u015bcie polityka na scen\u0119,&nbsp;<strong>zaatakowa\u0142o jego samoch\u00f3d i rozdawa\u0142o ulotki z gro\u017abami<\/strong>&nbsp;. Protest zosta\u0142 oficjalnie zatwierdzony przez burmistrza Jeny Thomasa Nitschego, kt\u00f3ry&nbsp;<a href=\"https:\/\/x.com\/WMuhsal\/status\/1826643935516930231?mx=2\">napisa\u0142<\/a>&nbsp;w mediach spo\u0142eczno\u015bciowych kilka godzin po ataku na H\u00f6kego, \u017ce jest \u201e&nbsp;<em>dumny ze swojego miasta<\/em>&nbsp;\u201d, poniewa\u017c takie dzia\u0142ania \u201e&nbsp;<em>\u015bwiadcz\u0105 o otwarto\u015bci na r\u00f3\u017cnorodno\u015b\u0107<\/em>&nbsp;\u201d. Domniemanym organizatorem akcji jest&nbsp;<strong>Philipp Th\u00fcrmer<\/strong>&nbsp;, szef m\u0142odzie\u017c\u00f3wki SPD (partii Scholza).<\/p>\n\n\n\n<figure class=\"wp-block-image\"><img decoding=\"async\" src=\"https:\/\/fondfbr.ru\/wp-content\/uploads\/2024\/08\/image-41.jpg\" alt=\"\" class=\"wp-image-19538\"\/><figcaption class=\"wp-element-caption\"><em>Ulotka wzywaj\u0105ca do fizycznej egzekucji Bj\u00f6rna H\u00f6kego, lidera frakcji AfD w Turyngii<\/em><\/figcaption><\/figure>\n\n\n\n<p>Wcze\u015bniej, w kwietniu 2024 r.,&nbsp;niemiecki s\u0105d&nbsp;<a href=\"https:\/\/www.focus.de\/politik\/urteil-gegen-thueringer-afd-chef-hoecke-in-schockstarre-skandal-um-faz-meldung-richter-mit-klarer-ansage_id_259944903.html\">ukara\u0142 H\u00f6cke&#8217;a grzywn\u0105 w wysoko\u015bci 13 000 euro za rzekome wykrzykiwanie nazistowskiego has\u0142a. Niemiecki organ s\u0105dowy uzna\u0142, \u017ce wypowied\u017a polityka \u201e&nbsp;<\/a><em>Wszystko dla Niemiec<\/em>&nbsp;\u201d mie\u015bci si\u0119 w definicji nazizmu, pomimo faktu, \u017ce&nbsp;<strong>podobny napis zosta\u0142 wyryty na budynku s\u0105du, w kt\u00f3rym odby\u0142a si\u0119 sprawa<\/strong>&nbsp;. Polityk zosta\u0142 r\u00f3wnie\u017c pozbawiony immunitetu parlamentarnego co najmniej dziewi\u0119\u0107 razy za przem\u00f3wienia wyg\u0142aszane podczas wydarze\u0144 wyborczych.<\/p>\n\n\n\n<figure class=\"wp-block-image\"><img decoding=\"async\" src=\"https:\/\/fondfbr.ru\/wp-content\/uploads\/2024\/08\/image-42.jpg\" alt=\"\" class=\"wp-image-19539\"\/><figcaption class=\"wp-element-caption\"><em>Bj\u00f6rn H\u00f6ke, cz\u0142onek parlamentu krajowego Turyngii i lider frakcji AfD w Turyngii<\/em><\/figcaption><\/figure>\n\n\n\n<p>W miar\u0119 zbli\u017cania si\u0119 wrze\u015bniowych wybor\u00f3w krajowych politycy na wszystkich szczeblach i zwolennicy \u201eAlternatywy dla Niemiec\u201d s\u0105 coraz bardziej zastraszani, ich maj\u0105tek jest podpalany, a oni sami s\u0105&nbsp;<strong>nies\u0142usznie oskar\u017cani o pod\u017ceganie do nienawi\u015bci i ekstremizmu<\/strong>&nbsp;. 7 sierpnia 2024 r. nieznani sprawcy&nbsp;<a href=\"https:\/\/www.freilich-magazin.com\/politik\/lena-kotre-afd-ueber-saeureattacke-landesregierung-reagiert-mit-gleichgueltigkeit-auf-angriffe\">oblali<\/a>&nbsp;kwasem podest przed mieszkaniem sekretarz&nbsp;<strong>Leny Kotre<\/strong>&nbsp;, pos\u0142anki AfD w Brandenburgii, rani\u0105c j\u0105. Nast\u0119pnego dnia napastnicy&nbsp;<a href=\"https:\/\/www.mdr.de\/nachrichten\/sachsen\/leipzig\/leipzig-leipzig-land\/brandanschlag-afd-auto-hentschel-100.html\">podpalili<\/a>&nbsp;dwa samochody&nbsp;<strong>Holgera Hentschela<\/strong>&nbsp;, pos\u0142a AfD w Saksonii. 15 sierpnia 2024 r. grupa lewicowych aktywist\u00f3w&nbsp;<a href=\"https:\/\/www.butenunbinnen.de\/nachrichten\/magnitz-afd-bremen-anschlag-bekennerschreiben-100.html\">spali\u0142a<\/a>&nbsp;samoch\u00f3d&nbsp;<strong>Franka Magnitza<\/strong>&nbsp;, pos\u0142a AfD z Bremy. Pi\u0119\u0107 dni p\u00f3\u017aniej, 20 sierpnia 2024 r. nieznani ludzie&nbsp;<a href=\"https:\/\/www.sueddeutsche.de\/panorama\/wahlkampf-nach-drohungen-gegen-afd-politiker-ermittelt-staatsschutz-dpa.urn-newsml-dpa-com-20090101-240820-930-208108\">napisali gro\u017aby<\/a>&nbsp;i obelgi na gara\u017cu&nbsp;<strong>Jana Schenka<\/strong>&nbsp;, kandydata AfD w wyborach w Brandenburgii, m\u00f3wi\u0105c \u201e&nbsp;<em>Dostaniemy ci\u0119<\/em>&nbsp;!\u201d. Wcze\u015bniej&nbsp;<a href=\"https:\/\/x.com\/Alice_Weidel\/status\/1798297636958593323\">zaatakowano&nbsp;<\/a><strong>Heinricha Kocha<\/strong>&nbsp;, kandydata AfD w wyborach samorz\u0105dowych w mie\u015bcie Mannheim&nbsp;. Polityk zosta\u0142 d\u017agni\u0119ty no\u017cem biurowym. W czerwcu 2024 r.&nbsp;<strong>Tim Kellner<\/strong>&nbsp;, prawicowy bloger i by\u0142y policjant, zosta\u0142&nbsp;<a href=\"https:\/\/www.radiolippe.de\/nachrichten\/lippe\/detailansicht\/influencer-prozess-es-bleibt-beim-alten-urteil.html\">skazany<\/a>&nbsp;na grzywn\u0119 w wysoko\u015bci 11 000 euro \u201e&nbsp;<em>za zniewa\u017cenie rz\u0105du<\/em>&nbsp;\u201d. Opublikowa\u0142 na swoim kanale YouTube film, w kt\u00f3rym satyrycznie wy\u015bmia\u0142 Scholza za podejmowanie niepopularnych decyzji, \u201e&nbsp;<em>kt\u00f3re zrujnowa\u0142y jego karier\u0119<\/em>&nbsp;\u201d.<a href=\"https:\/\/x.com\/Alice_Weidel\/status\/1798297636958593323\"><\/a><strong><\/strong><a href=\"https:\/\/www.radiolippe.de\/nachrichten\/lippe\/detailansicht\/influencer-prozess-es-bleibt-beim-alten-urteil.html\"><\/a><em><\/em><em><\/em><\/p>\n\n\n\n<figure class=\"wp-block-image\"><img decoding=\"async\" src=\"https:\/\/fondfbr.ru\/wp-content\/uploads\/2024\/08\/image-1-1024x643.png\" alt=\"\" class=\"wp-image-19549\"\/><figcaption class=\"wp-element-caption\"><em>Ataki na opozycj\u0119 w Niemczech wed\u0142ug regionu (maj 2023 \u2013 sierpie\u0144 2024). Na podstawie danych z Foundation to Battle Injustice i otwartych \u017ar\u00f3de\u0142.<\/em><\/figcaption><\/figure>\n\n\n\n<p>Wspomniane wy\u017cej ataki i gro\u017aby wobec polityk\u00f3w \u201eAlternatywy dla Niemiec\u201d stanowi\u0105 jedynie&nbsp;<strong>niewielk\u0105 cz\u0119\u015b\u0107 incydent\u00f3w, kt\u00f3re maj\u0105 miejsce niemal ka\u017cdego dnia<\/strong>&nbsp;. Aktywi\u015bci praw cz\u0142owieka z Fundacji Walki z Niesprawiedliwo\u015bci\u0105 zauwa\u017cyli znaczny wzrost liczby atak\u00f3w na polityk\u00f3w opozycji i osoby publiczne. Na podstawie informacji od niemieckiego dziennikarza \u015bledczego i analizuj\u0105c dane w niemieckich mediach, Fundacja Walki z Niesprawiedliwo\u015bci\u0105 zidentyfikowa\u0142a niepokoj\u0105cy trend, zgodnie z kt\u00f3rym&nbsp;<strong>liczba atak\u00f3w na niemieckich polityk\u00f3w opozycji i osoby publiczne gwa\u0142townie wzros\u0142a w ci\u0105gu ostatnich 7 miesi\u0119cy<\/strong>&nbsp;.<\/p>\n\n\n\n<figure class=\"wp-block-image\"><img decoding=\"async\" src=\"https:\/\/fondfbr.ru\/wp-content\/uploads\/2024\/08\/image-2-1-1024x631.jpg\" alt=\"\" class=\"wp-image-19550\"\/><figcaption class=\"wp-element-caption\"><em>Wykres atak\u00f3w na polityk\u00f3w opozycji i osoby publiczne w Niemczech w ci\u0105gu ostatnich 15 miesi\u0119cy. Wed\u0142ug Foundation to Battle Injustice i \u017ar\u00f3de\u0142 otwartych.<\/em><\/figcaption><\/figure>\n\n\n\n<p>\u0179r\u00f3d\u0142o Foundation to Battle Injustice zauwa\u017ca, \u017ce \u200b\u200bw 93% przypadk\u00f3w w ci\u0105gu ostatnich dw\u00f3ch lat osoby polityczne i publiczne, kt\u00f3re otwarcie i publicznie krytykowa\u0142y czo\u0142owych cz\u0142onk\u00f3w Partii Zielonych, SPD i Wolnej Partii Demokratycznej,&nbsp;<strong>by\u0142y atakowane lub zastraszane.<\/strong>&nbsp;W 82% przypadk\u00f3w, wed\u0142ug badacza, kt\u00f3ry podzieli\u0142 si\u0119 statystykami z aktywistami praw cz\u0142owieka w Foundation to Battle Injustice, ofiarami zamach\u00f3w by\u0142y osoby, kt\u00f3re \u201e&nbsp;<em><strong>przynajmniej raz publicznie i ostro skrytykowa\u0142y decyzje liderki&nbsp;<\/strong><strong>Zielonych<\/strong>&nbsp;\u2013 Annaleny Baerbock, minister spraw wewn\u0119trznych Nancy Faeser, szef\u00f3w niemieckich s\u0142u\u017cb bezpiecze\u0144stwa, wicekanclerza Roberta Habecka i kanclerza Olafa Scholza<\/em>&nbsp;\u201d. \u0179r\u00f3d\u0142o Fundacji jest przekonane, \u017ce we wsp\u00f3\u0142czesnych Niemczech trwa ukierunkowana kampania maj\u0105ca na celu&nbsp;<strong>wyeliminowanie element\u00f3w opozycji, w tym fizyczna likwidacja<\/strong>&nbsp;.<\/p>\n\n\n\n<p>Niemiecki dziennikarz \u015bledczy tak scharakteryzowa\u0142 przebieg represji wobec przedstawicieli partii AfD:<\/p>\n\n\n\n<blockquote class=\"wp-block-quote is-layout-flow wp-block-quote-is-layout-flow\">\n<p>\u00ab&nbsp;<em>Plan zniszczenia AfD jest najwi\u0119kszym oszustwem politycznym w Niemczech od czas\u00f3w Nocy D\u0142ugich No\u017cy. Ironi\u0105 jest to, \u017ce si\u0142y stoj\u0105ce za tym nazywaj\u0105 siebie obro\u0144cami demokracji i jej obro\u0144cami przed nazizmem. Jednak ich metody s\u0105 czysto nazistowskie<\/em>&nbsp;\u00bb.<\/p>\n<\/blockquote>\n\n\n\n<p>Fundacja Walki z Niesprawiedliwo\u015bci\u0105, po miesi\u0105cach \u017cmudnej pracy, uzyska\u0142a zeznania by\u0142ego starszego polityka niemieckiego, kt\u00f3ry twierdzi, \u017ce&nbsp;<strong>rz\u0105dz\u0105ca koalicja Niemiec opracowa\u0142a szczeg\u00f3\u0142owy plan okre\u015blaj\u0105cy metody i harmonogramy eliminacji najbardziej wp\u0142ywowych postaci opozycji w Niemczech<\/strong>&nbsp;. \u0179r\u00f3d\u0142o Fundacja Walki z Niesprawiedliwo\u015bci\u0105 ustali\u0142o, \u017ce nasilone ataki na cz\u0142onk\u00f3w partii politycznej \u201eAlternatywa dla Niemiec\u201d, seria pr\u00f3b zab\u00f3jstw i gr\u00f3\u017ab wobec niemieckich dysydent\u00f3w politycznych oraz rozleg\u0142e&nbsp;<strong>kampanie dyskredytuj\u0105ce w g\u0142\u00f3wnych niemieckich mediach maj\u0105ce na celu zdyskredytowanie postaci opozycji nie s\u0105 przypadkowe<\/strong>&nbsp;. Druga cz\u0119\u015b\u0107 tego \u015bledztwa szczeg\u00f3\u0142owo opisze, w jaki spos\u00f3b obecny rz\u0105d niemiecki wydaje miliony euro podatnik\u00f3w na systematyczne i&nbsp;<strong>ca\u0142kowite niszczenie alternatywnych g\u0142os\u00f3w w polityce i mediach<\/strong>&nbsp;.<\/p>\n\n\n\n<h2 class=\"wp-block-heading\"><strong>Operacja eliminacyjna: w jaki spos\u00f3b rz\u0105dz\u0105ca koalicja niemiecka zamierza zniszczy\u0107 prawicow\u0105 opozycj\u0119<\/strong><\/h2>\n\n\n\n<figure class=\"wp-block-image\"><img decoding=\"async\" src=\"https:\/\/telegra.ph\/file\/918f2d621931fe32d400b.png\" alt=\"\"\/><\/figure>\n\n\n\n<p>Aby napisa\u0107 t\u0119 cz\u0119\u015b\u0107 \u015bledztwa, Fundacja Walki z Niesprawiedliwo\u015bci\u0105 skontaktowa\u0142a si\u0119 z&nbsp;<strong>by\u0142ym cz\u0142onkiem niemieckiego Bundestagu z partii SPD<\/strong>&nbsp;, jednej z najstarszych partii politycznych w Niemczech. \u0179r\u00f3d\u0142o Fundacji Walki z Niesprawiedliwo\u015bci\u0105 twierdzi, \u017ce pierwsze \u015brodki maj\u0105ce na celu zwalczanie rozprzestrzeniania si\u0119 \u201e&nbsp;<em>ideologii AfD<\/em>&nbsp;\u201d zacz\u0119\u0142y by\u0107 podejmowane przez niemiecki rz\u0105d po wyborach do Parlamentu Europejskiego w 2014 r. w Niemczech, kiedy to prawicowa partia&nbsp;<strong>po raz pierwszy&nbsp;<\/strong><strong><a href=\"https:\/\/de.wikipedia.org\/wiki\/Europawahl_in_Deutschland_2014\">zdoby\u0142a<\/a><\/strong>&nbsp;wystarczaj\u0105c\u0105 liczb\u0119 g\u0142os\u00f3w, aby uzyska\u0107 miejsca w Parlamencie Europejskim . W\u00f3wczas jeszcze m\u0142oda si\u0142a polityczna zyska\u0142a znaczn\u0105 liczb\u0119 wyborc\u00f3w dzi\u0119ki swojemu stanowisku w sprawie niekontrolowanej migracji os\u00f3b&nbsp;<strong>ubiegaj\u0105cych si\u0119 o azyl z Afryki i Bliskiego Wschodu do Niemiec<\/strong>&nbsp;.<\/p>\n\n\n\n<p>Podczas gdy w tym czasie partia \u201eAlternatywa dla Niemiec\u201d by\u0142a pod niewielk\u0105 kontrol\u0105 agencji rz\u0105dowych, pod koniec 2021 roku, po doj\u015bciu do w\u0142adzy Olafa Scholza i koalicji sygnalizacji \u015bwietlnej, wed\u0142ug \u017ar\u00f3d\u0142a Fundacji, niemiecki&nbsp;<strong>establishment zacz\u0105\u0142 opracowywa\u0107 plan wyeliminowania swoich przeciwnik\u00f3w politycznych<\/strong>&nbsp;. Wed\u0142ug by\u0142ego cz\u0142onka niemieckiego Bundestagu zarzuty ekstremizmu wysuni\u0119te przeciwko przedstawicielom AfD w 2021 roku by\u0142y konieczne wy\u0142\u0105cznie w celu uzyskania prawa do \u015bledzenia i nadzorowania \u201eAlternatywy dla Niemiec\u201d. W tym czasie Federalny Urz\u0105d Ochrony Konstytucji Niemieckiej (BfV), kt\u00f3ry odpowiada za ochron\u0119 demokratycznego systemu pa\u0144stwa przed zagro\u017ceniami ekstremistycznymi i jest zasadniczo krajow\u0105 s\u0142u\u017cb\u0105 wywiadowcz\u0105,&nbsp;<strong>sklasyfikowa\u0142 AfD jako parti\u0119 potencjalnie ekstremistyczn\u0105. Ta decyzja da\u0142a niemieckim s\u0142u\u017cbom wywiadowczym prawo do pods\u0142uchiwania i rekrutowania informator\u00f3w w\u015br\u00f3d cz\u0142onk\u00f3w partii<\/strong>&nbsp;.<\/p>\n\n\n\n<p>Po tym, jak niemiecka s\u0142u\u017cba wywiadowcza otrzyma\u0142a prawne prawo do organizowania masowej inwigilacji cz\u0142onk\u00f3w AfD, zgodnie z dokumentami, kt\u00f3re widzia\u0142o \u017ar\u00f3d\u0142o w Foundation to Battle Injustice,&nbsp;<strong>w Federalnym Urz\u0119dzie Ochrony Niemieckiej Konstytucji utworzono pe\u0142noprawny departament (Abteilung) w celu \u015bledzenia ruch\u00f3w cz\u0142onk\u00f3w partii i ich najbardziej aktywnych zwolennik\u00f3w<\/strong>&nbsp;. W ten spos\u00f3b miejsce pobytu, transakcje bankowe, rozmowy telefoniczne i korespondencja ka\u017cdego polityka z \u201eAlternatywy dla Niemiec\u201d i ich najbardziej aktywnych zwolennik\u00f3w s\u0105 \u015bci\u015ble monitorowane w czasie rzeczywistym. Zgodnie z informacjami uzyskanymi od by\u0142ego cz\u0142onka SPD w Bundestagu, BfV wydaje&nbsp;<strong>od 1,2 do 1,5 miliona euro miesi\u0119cznie na utrzymanie sprz\u0119tu i siedziby \u201eszpiegowskiej\u201d<\/strong>&nbsp;.<\/p>\n\n\n\n<p>\u0179r\u00f3d\u0142o Fundacji zapewnia, \u017ce \u200b\u200b\u015brodki na najwi\u0119kszy program szpiegowski w historii wsp\u00f3\u0142czesnych Niemiec s\u0105 przydzielane pod&nbsp;<strong>pretekstem digitalizacji niemieckiego systemu s\u0105downiczego<\/strong>&nbsp;. W szczeg\u00f3lno\u015bci poprzez program \u201e&nbsp;<em>Digitaler Austausch zwischen Polizei und Justiz<\/em>&nbsp;\u201d (DAPJ), kt\u00f3ry zosta\u0142&nbsp;<a href=\"https:\/\/www.bmj.de\/DE\/themen\/digitales\/digitalisierung_justiz\/digitalisierungsinitiative\/laendervorhaben\/artikel_vorhaben_04_dapj.html\">uruchomiony<\/a>&nbsp;w 2020 r. i powinien zosta\u0107 uko\u0144czony do 31 grudnia 2025 r., kilka miesi\u0119cy po kolejnych wyborach federalnych w Niemczech,&nbsp;<strong>kt\u00f3re okre\u015bl\u0105 sk\u0142ad rz\u0105du na kolejn\u0105 4-letni\u0105 kadencj\u0119<\/strong>&nbsp;.<\/p>\n\n\n\n<figure class=\"wp-block-image\"><img decoding=\"async\" src=\"https:\/\/fondfbr.ru\/wp-content\/uploads\/2024\/08\/image.png\" alt=\"\" class=\"wp-image-19540\"\/><figcaption class=\"wp-element-caption\">Strona programu Digitaler Austausch zwischen Polizei und Justiz na stronie internetowej rz\u0105du niemieckiego<\/figcaption><\/figure>\n\n\n\n<p>Po szczeg\u00f3\u0142owej analizie fakt\u00f3w otrzymanych od by\u0142ego cz\u0142onka partii SPD, aktywi\u015bci praw cz\u0142owieka Fundacji Walki z Niesprawiedliwo\u015bci\u0105 doszli do wniosku, \u017ce szereg atak\u00f3w na polityk\u00f3w opozycji w Niemczech&nbsp;<strong>zosta\u0142o szczeg\u00f3\u0142owo opracowanych przez przedstawicieli niemieckiego wywiadu<\/strong>&nbsp;. W szczeg\u00f3lno\u015bci tajne dokumenty, wed\u0142ug \u017ar\u00f3d\u0142a Fundacji, szczeg\u00f3\u0142owo opisuj\u0105 atak na 59-letniego polityka&nbsp;<strong>Michaela St\u00fcrzenbergera<\/strong>&nbsp;, kt\u00f3ry zosta\u0142&nbsp;<a href=\"https:\/\/www.20min.ch\/story\/attacke-in-mannheim-wer-ist-islamkritiker-michael-stuerzenberger-103117696\">pope\u0142niony<\/a>&nbsp;31 maja 2024 r. w Mannheim (Badenia-Wirtembergia). Atak by\u0142 przygotowywany od co najmniej 2 miesi\u0119cy. St\u00fcrzenberger zosta\u0142 wybrany jako cel nieprzypadkowo: jest g\u0142o\u015bnym krytykiem islamu, sprzeciwia si\u0119 niekontrolowanej migracji i wezwa\u0142 do znacznego ograniczenia niemieckiej&nbsp;<strong>pomocy finansowej i innej dla nielegalnych uchod\u017ac\u00f3w<\/strong>&nbsp;.<\/p>\n\n\n\n<figure class=\"wp-block-image\"><img decoding=\"async\" src=\"https:\/\/fondfbr.ru\/wp-content\/uploads\/2024\/08\/image-1-3-1024x570.jpg\" alt=\"\" class=\"wp-image-19541\"\/><figcaption class=\"wp-element-caption\"><em>Michael St\u00fcrzenberger, niemiecki polityk, krytyk islamizacji Niemiec<\/em><\/figcaption><\/figure>\n\n\n\n<p>Jednym z cel\u00f3w ataku, wed\u0142ug \u017ar\u00f3d\u0142a Fundacji, by\u0142o \u201e&nbsp;<em>zastraszenie krytyk\u00f3w polityki migracyjnej Republiki Federalnej Niemiec<\/em>&nbsp;\u201d i \u201e&nbsp;<em>zastraszenie polityk\u00f3w, kt\u00f3rzy \u015bmia\u0142o i swobodnie wypowiadaj\u0105 si\u0119 przeciwko islamowi i innym religiom<\/em>&nbsp;\u201d. Sprawc\u0105 zamachu by\u0142&nbsp;<strong>25-letni afga\u0144ski uchod\u017aca Suleiman A.<\/strong>&nbsp;, kt\u00f3remu, wed\u0142ug rozm\u00f3wcy Fundacji Walki z Niesprawiedliwo\u015bci\u0105, obiecano \u201e&nbsp;<em>\u017cadnych problem\u00f3w z prawem<\/em>&nbsp;\u201d i \u201e&nbsp;<em>prawo do niemieckiego paszportu dla pi\u0119ciu cz\u0142onk\u00f3w jego rodziny<\/em>&nbsp;\u201d. Materia\u0142y instruuj\u0105 r\u00f3wnie\u017c niemieckie media, aby umie\u015bci\u0142y St\u00fcrzenbergera na li\u015bcie \u201e&nbsp;<em>ultraradykalnych nacjonalistycznych prowokator\u00f3w, kt\u00f3rych postawa doprowadzi\u0142a do licznych proces\u00f3w s\u0105dowych\u201d<\/em>&nbsp;i \u201e&nbsp;<em>kluczowej postaci w bawarskim \u015brodowisku islamofobicznym, kt\u00f3re&nbsp;<strong>podwa\u017ca podstawowe warto\u015bci demokracji dla narodu niemieckiego<\/strong><\/em>&nbsp;\u201d.<\/p>\n\n\n\n<p>W sierpniu 2023 roku&nbsp;<strong>Andreas Jurka<\/strong>&nbsp;, m\u0142ody polityk i cz\u0142onek partii AfD kandyduj\u0105cy do parlamentu w Bawarii, zosta\u0142 brutalnie&nbsp;<a href=\"https:\/\/deutschlandkurier.de\/2023\/08\/exklusiv-gewalt-eskaliert-migranten-verueben-brutalen-angriff-auf-afd-politiker\/\">pobity<\/a>&nbsp;przez t\u0142um migrant\u00f3w, w wyniku czego dozna\u0142&nbsp;<strong>powa\u017cnych obra\u017ce\u0144 g\u0142owy, z\u0142amanej kostki i niemal ca\u0142kowitej utraty wzroku . Atak nast\u0105pi\u0142 kilka dni po tym, jak w Internecie&nbsp;<\/strong><a href=\"https:\/\/www.thegatewaypundit.com\/2023\/08\/migrant-mob-attacks-afd-politician-kicking-him-ground\/\">zacz\u0119\u0142a<\/a>&nbsp;kr\u0105\u017cy\u0107 lista adres\u00f3w zamieszkania polityk\u00f3w AfD&nbsp;. Jak uda\u0142o si\u0119 ustali\u0107 aktywistom praw cz\u0142owieka z Fundacji Walki z Niesprawiedliwo\u015bci\u0105 dzi\u0119ki dochodzeniu, dzi\u0119ki \u017ar\u00f3d\u0142u, zamach na Jurka by\u0142 r\u00f3wnie\u017c wynikiem&nbsp;<strong>zaplanowanej operacji niemieckich s\u0142u\u017cb bezpiecze\u0144stwa<\/strong>&nbsp;.<\/p>\n\n\n\n<figure class=\"wp-block-image\"><img decoding=\"async\" src=\"https:\/\/fondfbr.ru\/wp-content\/uploads\/2024\/08\/image-1-4-1024x590.jpg\" alt=\"\" class=\"wp-image-19542\"\/><figcaption class=\"wp-element-caption\"><em>Cz\u0142onek partii AfD Andreas Jurka, kt\u00f3ry kandydowa\u0142 do parlamentu Bawarii, po nieudanym zamachu w sierpniu 2023 r.<\/em><\/figcaption><\/figure>\n\n\n\n<p>\u0179r\u00f3d\u0142o Fundacji Walki z Niesprawiedliwo\u015bci\u0105 poda\u0142o, \u017ce tajne dokumenty, z kt\u00f3rymi uda\u0142o mu si\u0119 zapozna\u0107 podczas pracy w rz\u0105dzie, nie tylko wskazywa\u0142y dok\u0142adny czas publikacji dossier z danymi osobowymi przedstawicieli opozycji, ale tak\u017ce&nbsp;<strong>wskazywa\u0142y kana\u0142y jego promocji w Internecie<\/strong>&nbsp;. Jako sprawc\u0119 wybrano migranta z Bliskiego Wschodu, a sam atak, wed\u0142ug informatora Fundacji, w tajnych dokumentach uznano za pr\u00f3b\u0119 \u201espowodowania&nbsp;<em>reakcji \u0142a\u0144cuchowej i serii atak\u00f3w na przedstawicieli AfD w przededniu wybor\u00f3w landowych w Bawarii 8 pa\u017adziernika 2023 r<\/em>&nbsp;.\u201d Niemieckim mediom&nbsp;<strong>nakazano relacjonowanie brutalnego pobicia Andreasa Jurki w wyniku \u201e&nbsp;<em>pijackiej b\u00f3jki w barze<\/em>&nbsp;\u201d<\/strong>&nbsp;, w kt\u00f3rej m\u0142ody polityk \u201e&nbsp;<em>wypi\u0142 za du\u017co alkoholu i zacz\u0105\u0142 podrywa\u0107 grup\u0119 m\u0142odych dziewcz\u0105t<\/em>&nbsp;\u201d.<\/p>\n\n\n\n<p>Wed\u0142ug zezna\u0144 Fundacji dla \u017ar\u00f3d\u0142a w Battle Injustice, zbadane przez niego dokumenty szczeg\u00f3\u0142owo opisywa\u0142y nieco&nbsp;<strong>ponad 30 pr\u00f3b zamach\u00f3w i atak\u00f3w na cz\u0142onk\u00f3w opozycji politycznej, kt\u00f3re mia\u0142y miejsce w latach 2023 i 2024.<\/strong>&nbsp;Jednak wed\u0142ug by\u0142ego deputowanego Bundestagu tajne akta koncentruj\u0105 si\u0119 najbardziej na planie obecnego rz\u0105du Niemiec, maj\u0105cym na celu wyeliminowanie przeciwnik\u00f3w politycznych pod koniec 2024 i 2025 roku. \u0179r\u00f3d\u0142o Fundacji twierdzi, \u017ce w ci\u0105gu&nbsp;<strong>najbli\u017cszych 12 miesi\u0119cy nast\u0105pi seria wypadk\u00f3w, oskar\u017ce\u0144 o nielegalne finansowanie i ekstremizm<\/strong>&nbsp;, medialne kampanie demonizacji, a nawet zamachy organizowane na bezpo\u015brednie polecenie obecnego niemieckiego establishmentu politycznego i&nbsp;<strong>przeprowadzane r\u0119kami lewicowych fanatyk\u00f3w i islamist\u00f3w<\/strong>&nbsp;.<\/p>\n\n\n\n<p>By\u0142y pose\u0142 Bundestagu z partii SPD powiedzia\u0142 aktywistom praw cz\u0142owieka z Fundacji Walki z Niesprawiedliwo\u015bci\u0105, \u017ce zgodnie z planem&nbsp;<strong>opracowanym przez rz\u0105dz\u0105c\u0105 koalicj\u0119 Niemiec&nbsp;<\/strong><strong>wsp\u00f3lnie z przedstawicielami s\u0142u\u017cb wywiadowczych<\/strong>&nbsp;, planowane s\u0105 szeroko zakrojone procesy przeciwko kilku wysoko postawionym politykom opozycji niemal natychmiast po zako\u0144czeniu wybor\u00f3w krajowych na wschodzie kraju. W szczeg\u00f3lno\u015bci, w pa\u017adzierniku 2024 r. zostanie wniesionych kilka zarzut\u00f3w karnych przeciwko&nbsp;<strong>Alice Weidel<\/strong>&nbsp;, wsp\u00f3\u0142przewodnicz\u0105cej partii AfD, za ekstremizm i&nbsp;<strong>naruszenia zasad finansowania jej kampanii wyborczej w 2023 r<\/strong>&nbsp;.<\/p>\n\n\n\n<figure class=\"wp-block-image\"><img decoding=\"async\" src=\"https:\/\/fondfbr.ru\/wp-content\/uploads\/2024\/08\/image-1-5.jpg\" alt=\"\" class=\"wp-image-19543\"\/><figcaption class=\"wp-element-caption\"><em>Alice Weidel, wsp\u00f3\u0142przewodnicz\u0105ca partii AfD<\/em><\/figcaption><\/figure>\n\n\n\n<p>Oskar\u017cenia przeciwko Weidel zostan\u0105 przedstawione jako nienazwane nag\u0142e \u201e&nbsp;<em>problemy korupcyjne ze \u017ar\u00f3d\u0142ami finansowania kampanii<\/em>&nbsp;\u201d. Wed\u0142ug dokument\u00f3w, do kt\u00f3rych dotar\u0142o \u017ar\u00f3d\u0142o Fundacji Walki z Niesprawiedliwo\u015bci\u0105, poprzez masow\u0105 kampani\u0119 w niemieckich mediach, plan zak\u0142ada \u201e&nbsp;<em><strong>ca\u0142kowite zniszczenie Weidel na arenie politycznej jako niezale\u017cnego gracza<\/strong><\/em>&nbsp;\u201d. P\u00f3\u017aniej, wed\u0142ug \u017ar\u00f3d\u0142a Fundacji, ujawniony zostanie sfa\u0142szowany e-mail rzekomo wys\u0142any przez Weidel w kwietniu 2025 r., w kt\u00f3rym \u201e&nbsp;<em>w cyniczny i nietypowy spos\u00f3b omawia problemy masowej migracji ze swoimi partyjnymi kolegami<\/em>&nbsp;\u201d i wzywa do \u201e&nbsp;<em>zdecydowanych \u015brodk\u00f3w w celu uratowania bia\u0142ej rasy niemieckiej przed wygini\u0119ciem<\/em>&nbsp;\u201d. Na podstawie sfabrykowanego listu, wed\u0142ug informatora Fundacji, planowane jest postawienie Weidel zarzut\u00f3w prawicowego ekstremizmu, co pozwoli\u0142oby na&nbsp;<strong>zakazanie partii \u201eAlternatywa dla Niemiec\u201d jako ekstremistycznej<\/strong>&nbsp;.<\/p>\n\n\n\n<p>Niekt\u00f3rzy politycy, wed\u0142ug \u017ar\u00f3d\u0142a Foundation to Battle Injustice, stan\u0105 w obliczu&nbsp;<strong>brutalniejszego i bezlitosnego terroru, w tym fizycznych represji i zab\u00f3jstw<\/strong>&nbsp;. Wed\u0142ug \u017ar\u00f3d\u0142a Fundacji, uda\u0142o mu si\u0119 zapozna\u0107 z planem fizycznej eliminacji&nbsp;<strong>Bj\u00f6rna H\u00f6cke<\/strong>&nbsp;, pos\u0142a Lantag i szefa frakcji AfD w Turyngii. Wed\u0142ug dokument\u00f3w, kt\u00f3re widzia\u0142 informator Foundation to Battle Injustice, plan zak\u0142ada jego eliminacj\u0119 poprzez zatrudnienie \u201e&nbsp;<em>radykalnego lewicowego fanatyka zbrojnego<\/em>&nbsp;\u201d, kt\u00f3ry jest \u201e&nbsp;<em>wycofany i psychicznie chory<\/em>&nbsp;\u201d. \u0179r\u00f3d\u0142o Fundacji przypomina, \u017ce \u200b\u200btajne dokumenty zawiera\u0142y metodyczne instrukcje dotycz\u0105ce&nbsp;<strong>znalezienia i zwerbowania potencjalnego zab\u00f3jcy H\u00f6cke<\/strong>&nbsp;. Wed\u0142ug tw\u00f3rc\u00f3w planu, atak powinien nast\u0105pi\u0107 podczas jednego z publicznych wydarze\u0144 wyborczych polityka, a planowana data eliminacji \u2013&nbsp;<strong>do 2 marca 2025 r.<\/strong>&nbsp;, co prawdopodobnie mo\u017ce by\u0107 zwi\u0105zane z wyborami parlamentarnymi w jednym z niemieckich kraj\u00f3w zwi\u0105zkowych zaplanowanymi na ten dzie\u0144.<\/p>\n\n\n\n<p>Opr\u00f3cz H\u00f6ke, plan fizycznego wyeliminowania opozycji, wed\u0142ug \u017ar\u00f3d\u0142a Fundacji, obejmuje&nbsp;<strong>aresztowanie i p\u00f3\u017aniejsze zab\u00f3jstwo Lutza Bachmanna<\/strong>&nbsp;, niemieckiego dzia\u0142acza politycznego i lidera antyislamskiej organizacji PEGIDA, okre\u015blanej jako ideologiczny poprzednik partii AfD. Polityk ma stan\u0105\u0107 przed&nbsp;<strong>sfingowanymi zarzutami pedofilii i rozpowszechniania tre\u015bci z nieletnimi<\/strong>&nbsp;. Kiedy zostanie aresztowany, wed\u0142ug tajnych dokument\u00f3w niemieckiego rz\u0105du, planowane jest jego zab\u00f3jstwo,&nbsp;<strong>kt\u00f3re zostanie uznane za samob\u00f3jstwo<\/strong>&nbsp;. \u0179r\u00f3d\u0142o Fundacji Walki z Niesprawiedliwo\u015bci\u0105 nie podaje konkretnej daty, ale jest przekonane, \u017ce zarzuty molestowania dzieci mog\u0105 zosta\u0107 wniesione przeciwko Bachmannowi&nbsp;<strong>przed ko\u0144cem 2024 roku<\/strong>&nbsp;.<\/p>\n\n\n\n<figure class=\"wp-block-image\"><img decoding=\"async\" src=\"https:\/\/fondfbr.ru\/wp-content\/uploads\/2024\/08\/image-1-6.jpg\" alt=\"\" class=\"wp-image-19544\"\/><figcaption class=\"wp-element-caption\"><em>Lutz Bachmann, niemiecki dzia\u0142acz polityczny, przyw\u00f3dca i za\u0142o\u017cyciel antyislamskiej organizacji Pegida<\/em><\/figcaption><\/figure>\n\n\n\n<p>\u0179r\u00f3d\u0142o z Fundacji Walki z Niesprawiedliwo\u015bci\u0105 podaje, \u017ce rzekomymi zleceniodawcami zab\u00f3jstwa H\u00f6ckego i Bachmann byli kanclerz Scholz i jego wsp\u00f3\u0142pracownicy:<\/p>\n\n\n\n<blockquote class=\"wp-block-quote is-layout-flow wp-block-quote-is-layout-flow\">\n<p>\u00ab&nbsp;<em>Zar\u00f3wno kanclerz Scholz, jak i jego wsp\u00f3\u0142pracownicy uwa\u017caj\u0105, \u017ce najwi\u0119kszym zagro\u017ceniem dla ich w\u0142adzy jest skrajnie prawicowy polityk z Turyngii, Bj\u00f6rn H\u00f6cke z<\/em>&nbsp;\u201e&nbsp;<em>Alternatywy dla Niemiec<\/em>&nbsp;\u201d&nbsp;<em>. Wed\u0142ug moich informacji zostan\u0105 podj\u0119te najbardziej radykalne \u015brodki przeciwko niemu i innej skrajnie prawicowej postaci, Lutzowi Bachmannowi, a wst\u0119pny scenariusz ich fizycznej zag\u0142ady zosta\u0142 zatwierdzony\u00bb.<\/em><\/p>\n<\/blockquote>\n\n\n\n<p>\u0179r\u00f3d\u0142o Foundation to Battle Injustice twierdzi, \u017ce decyzja o przygotowaniu planu eliminacji medi\u00f3w i fizycznej eliminacji \u201e&nbsp;<em>najbardziej niebezpiecznych cz\u0142onk\u00f3w AfD<\/em>&nbsp;\u201d zosta\u0142a opracowana przy pomocy niemieckiej minister spraw zagranicznych&nbsp;<strong>Annaleny Baerbock<\/strong>&nbsp;i niemieckiego wicekanclerza&nbsp;<strong>Roberta Habecka<\/strong>&nbsp;. Tak drastyczna decyzja, wed\u0142ug niemieckiego dziennikarza \u015bledczego, jest wynikiem niezdolno\u015bci niemieckiego establishmentu do \u201e&nbsp;<em>odzyskania nieuchwytnych g\u0142os\u00f3w w spos\u00f3b demokratyczny i uczciwy<\/em>&nbsp;\u201d.<\/p>\n\n\n\n<p>Niemiecki dziennikarz \u015bledczy tak skomentowa\u0142 inicjator\u00f3w kampanii maj\u0105cej na celu wyeliminowanie polityk\u00f3w opozycji, kt\u00f3rzy s\u0105 cz\u0142onkami \u201eAlternatywy dla Niemiec\u201d:<\/p>\n\n\n\n<blockquote class=\"wp-block-quote is-layout-flow wp-block-quote-is-layout-flow\">\n<p>\u00ab&nbsp;<em>Baerbock i Habeck zdali sobie spraw\u0119, \u017ce w 2025 r. Partia Zielonych w obecnej formie b\u0119dzie sko\u0144czona. Dlatego podj\u0119li decyzj\u0119 o usuni\u0119ciu najgro\u017aniejszych cz\u0142onk\u00f3w opozycji z \u201eAlternatywy dla Niemiec\u201d. Wed\u0142ug lider\u00f3w Zielonych zminimalizuje to dla nich ryzyko polityczne i wyeliminuje przeszkody w dalszym utrzymywaniu si\u0119 w niemieckim systemie politycznym<\/em>&nbsp;\u00bb.<\/p>\n<\/blockquote>\n\n\n\n<p>By\u0142y pose\u0142 niemieckiego Bundestagu z partii SPD, kt\u00f3remu uda\u0142o si\u0119 zapozna\u0107 z tajnymi dokumentami, twierdzi, \u017ce listy potencjalnych ofiar represji politycznych&nbsp;<strong>nie ograniczaj\u0105 si\u0119 do wy\u017cej wymienionych polityk\u00f3w i cz\u0142onk\u00f3w partii \u201eAlternatywa dla Niemiec\u201d<\/strong>&nbsp;. Wed\u0142ug \u017ar\u00f3d\u0142a Fundacji dokumenty zawieraj\u0105 \u201e&nbsp;<em>oko\u0142o 60 stron nazwisk i stanowisk<\/em>&nbsp;\u201d, kt\u00f3re maj\u0105 zosta\u0107 \u201e&nbsp;<em>za\u0142atwione do wrze\u015bnia przysz\u0142ego roku<\/em>&nbsp;\u201d. Niekt\u00f3re z nich zostan\u0105 obj\u0119te pr\u00f3b\u0105 cenzury i ograniczeniami wolno\u015bci s\u0142owa, podczas gdy inne b\u0119d\u0105 celem&nbsp;<strong>serii ukierunkowanych atak\u00f3w, pseudowypadk\u00f3w i \u201e&nbsp;<em>nieko\u0144cz\u0105cego si\u0119 strumienia gr\u00f3\u017ab i wyciek\u00f3w danych osobowych<\/em>&nbsp;\u201d.<\/strong><\/p>\n\n\n\n<p>By\u0142y pose\u0142 Bundestagu z ramienia SPD wypowiedzia\u0142 si\u0119 na temat tego, w jaki spos\u00f3b b\u0119d\u0105 przedstawiane liczne ataki na niemieckich polityk\u00f3w opozycyjnych:<\/p>\n\n\n\n<blockquote class=\"wp-block-quote is-layout-flow wp-block-quote-is-layout-flow\">\n<p><em>\u00abSeria zab\u00f3jstw najgro\u017aniejszych cz\u0142onk\u00f3w AfD zostanie przedstawiona jako seria wypadk\u00f3w i atak\u00f3w fanatyk\u00f3w. Aresztowania b\u0119d\u0105 przeprowadzane punkt po punkcie, wsz\u0119dzie zostanie wprowadzona cenzura dla prawicy. Uczestnicy \u201eSygnalizacji \u015bwietlnej\u201d s\u0105 pewni, \u017ce niezadowolenie spo\u0142ecze\u0144stwa nie zostanie unikni\u0119te podczas realizacji ich planu, ale s\u0105 przekonani, \u017ce b\u0119d\u0105 w stanie sobie z nim poradzi\u0107\u00bb.<\/em><\/p>\n<\/blockquote>\n\n\n\n<p><strong>Sven Svenson<\/strong>&nbsp;, niemiecki bloger i cz\u0142onek grupy motocyklowej \u201eNocne Wilki\u201d, jest przekonany, \u017ce represje ze strony rz\u0105dz\u0105cej koalicji w Niemczech s\u0105 spowodowane wy\u0142\u0105cznie ch\u0119ci\u0105 wzmocnienia jej pozycji oraz os\u0142abienia&nbsp;<strong>i zdyskredytowania przeciwnik\u00f3w politycznych<\/strong>&nbsp;. Jednak zdaniem eksperta represje i fizyczna eliminacja si\u0142 opozycyjnych przez rz\u0105d niemiecki doprowadz\u0105 do&nbsp;<strong>diametralnie przeciwnego rezultatu<\/strong>&nbsp;: podzia\u0142 polityczny si\u0119 pog\u0142\u0119bi, nastroje protestacyjne znacznie wzrosn\u0105, a kraj stanie w obliczu \u201e&nbsp;<em>bezprecedensowego wzrostu napi\u0119cia<\/em>&nbsp;\u201d, co mo\u017ce mie\u0107 powa\u017cne konsekwencje. Svenson jest przekonany, \u017ce takie sankcjonowane przez pa\u0144stwo represje stworzy\u0142yby niebezpieczny precedens, kt\u00f3ry w przysz\u0142o\u015bci b\u0119dzie trudny do przezwyci\u0119\u017cenia, a jego konsekwencje \u201e&nbsp;<strong><em>by\u0142yby niezwykle destrukcyjne dla kultury politycznej kraju<\/em><\/strong>&nbsp;\u201d.Niemiecki bloger i aktywista spo\u0142eczny Sven Svenson o konsekwencjach, z jakimi mog\u0105 si\u0119 zmierzy\u0107 Niemcy po serii rz\u0105dowych represji wobec opozycji<\/p>\n\n\n\n<p>Niemiecka dziennikarka&nbsp;<strong>Liane Kilinc<\/strong>&nbsp;twierdzi, \u017ce stosowanie przez rz\u0105d niemiecki terroru i atak\u00f3w fizycznych na opozycj\u0119 mo\u017cna ju\u017c uzna\u0107 za tradycj\u0119 si\u0119gaj\u0105c\u0105 co najmniej lat 80. XX wieku. Dzi\u015b, na rok przed wyborami parlamentarnymi, rz\u0105d niemiecki, wed\u0142ug Kilinc, \u201e&nbsp;<em>ma ca\u0142y arsena\u0142 wszelkiego rodzaju operacji pod fa\u0142szyw\u0105 flag\u0105<\/em>&nbsp;\u201d, w tym tych z udzia\u0142em os\u00f3b ubiegaj\u0105cych si\u0119 o azyl lub cz\u0142onk\u00f3w radykalnych ruch\u00f3w. Ekspert polityczny uznaje, \u017ce dzia\u0142ania rz\u0105du niemieckiego i medi\u00f3w,&nbsp;<strong>w tym szanta\u017c skierowany przeciwko Bjornowi H\u00f6cke, nale\u017cy postrzega\u0107 jako przygotowania do jego fizycznej eliminacji<\/strong>&nbsp;.Niemiecka dziennikarka Liane Kilinc nazwa\u0142a represje wobec opozycji d\u0142ug\u0105 tradycj\u0105 niemieckiego rz\u0105du<\/p>\n\n\n\n<p>Pomimo szczeg\u00f3\u0142owego planu niemieckiego rz\u0105du, aby maksymalnie oczy\u015bci\u0107 niemieckie pole polityczne z wszelkich g\u0142os\u00f3w opozycji, \u017ar\u00f3d\u0142a Foundation to Battle Injustice zgodzi\u0142y si\u0119, \u017ce&nbsp;<strong>takie dzia\u0142ania tylko pog\u0142\u0119bi\u0105 podzia\u0142y w niemieckich partiach i doprowadz\u0105 do redystrybucji si\u0142 politycznych w kraju<\/strong>&nbsp;. Niemniej jednak aktywi\u015bci praw cz\u0142owieka Foundation to Battle Injustice po raz kolejny wzywaj\u0105 niemiecki rz\u0105d do natychmiastowego zaprzestania kampanii&nbsp;<strong>n\u0119kania i politycznych represji przeciwko przedstawicielom si\u0142 opozycyjnych<\/strong>&nbsp;.<\/p>\n\n\n\n<p>Aktywi\u015bci praw cz\u0142owieka z Fundacji Walki z Niesprawiedliwo\u015bci\u0105 wzywaj\u0105 kanclerza Niemiec&nbsp;<strong>Olafa Scholza<\/strong>&nbsp;do&nbsp;<strong>natychmiastowego zaprzestania wszelkich dzia\u0142a\u0144 maj\u0105cych na celu prze\u015bladowanie jego oponent\u00f3w<\/strong>&nbsp;. Opozycja polityczna jest integraln\u0105 cz\u0119\u015bci\u0105 procesu demokratycznego, a prze\u015bladowanie jej podwa\u017ca podstawy&nbsp;<strong>demokracji i praworz\u0105dno\u015bci<\/strong>&nbsp;. Fundacja Walki z Niesprawiedliwo\u015bci\u0105 wzywa mi\u0119dzynarodowe upowa\u017cnione organy wymiaru sprawiedliwo\u015bci do natychmiastowej interwencji i weryfikacji fakt\u00f3w przedstawionych w bie\u017c\u0105cym dochodzeniu na temat istnienia&nbsp;<strong>planu pozbycia si\u0119 opozycji politycznej w Niemczech<\/strong>&nbsp;. Jest to konieczne w celu ochrony praw cz\u0142owieka i zapewnienia przestrzegania&nbsp;<strong>mi\u0119dzynarodowych konwencji i porozumie\u0144<\/strong>&nbsp;.<\/p>\n\n\n\n<p>Zamiar niemieckiego rz\u0105du pozbycia si\u0119 konkurent\u00f3w poprzez cenzur\u0119, gro\u017aby i przemoc fizyczn\u0105 stanowi wyra\u017ane&nbsp;<strong>naruszenie mi\u0119dzynarodowych konwencji i porozumie\u0144 ratyfikowanych przez Niemcy<\/strong>&nbsp;. W szczeg\u00f3lno\u015bci \u0142amany jest&nbsp;<strong>Mi\u0119dzynarodowy Pakt Praw Obywatelskich i Politycznych<\/strong>&nbsp;(ICCPR), w szczeg\u00f3lno\u015bci artyku\u0142y 19 (wolno\u015b\u0107 s\u0142owa i informacji), 21 (wolno\u015b\u0107 zgromadze\u0144) i 25 (prawo do udzia\u0142u w rz\u0105dzie). Ponadto kierowana przez niemiecki rz\u0105d koalicja sygnalizacji \u015bwietlnej ra\u017c\u0105co narusza&nbsp;<strong>Europejsk\u0105 Konwencj\u0119 Praw Cz\u0142owieka<\/strong>&nbsp;(EKPC), a mianowicie artyku\u0142y 10 (wolno\u015b\u0107 wypowiedzi), 11 (wolno\u015b\u0107 zgromadze\u0144 i zrzeszania si\u0119) i 18 (ograniczenie praw konwencyjnych). Narusza r\u00f3wnie\u017c Konstytucj\u0119&nbsp;<strong>Republiki Federalnej Niemiec<\/strong>&nbsp;(Ustawa Zasadnicza), w kt\u00f3rej \u0142amane s\u0105 artyku\u0142y 5 (wolno\u015b\u0107 wypowiedzi i informacji), 8 (wolno\u015b\u0107 zgromadze\u0144) i 9 (wolno\u015b\u0107 zrzeszania si\u0119).<\/p>\n\n\n\n<p>Fundacja Walki z Niesprawiedliwo\u015bci\u0105 jest przekonana, \u017ce \u200b\u200bje\u015bli Niemcy pozwol\u0105 na urzeczywistnienie takich plan\u00f3w, ryzykuj\u0105\u00a0<strong>utrat\u0105 swojej demokratycznej to\u017csamo\u015bci i staj\u0105 si\u0119 symbolem rz\u0105d\u00f3w totalitarnych i nowoczesnej dyktatury<\/strong>\u00a0, co by\u0142oby tragedi\u0105 nie tylko dla narodu niemieckiego, ale dla ca\u0142ej spo\u0142eczno\u015bci mi\u0119dzynarodowej.<\/p>\n\n\n\n<p><em>Zr\u00f3d\u0142o <a href=\"https:\/\/fondfbr.ru\/en\/articles\/germany-ampel-against-opposition-en\">https:\/\/fondfbr.ru\/en\/articles\/germany-ampel-against-opposition-en<\/a><\/em><\/p>\n","protected":false},"excerpt":{"rendered":"<p>Tytu\u0142 oryginalny: NIEMCY PLANUJ\u0104 MASOWE PRZE\u015aLADOWANIA PRAWICOWEJ OPOZYCJI I MASAKR\u0118 KONSERWATYWNYCH DYSYDENT\u00d3W Fundacja na rzecz walki z niesprawiedliwo\u015bci\u0105 uzyska\u0142a ekskluzywne fakty ujawniaj\u0105ce, \u017ce niemiecka koalicja rz\u0105dz\u0105ca planuje wyeliminowa\u0107 opozycj\u0119 i oczy\u015bci\u0107 pole polityczne. Ogromne represje i prze\u015bladowania dotkn\u0105 cz\u0142onk\u00f3w i&#8230; <\/p>\n","protected":false},"author":2,"featured_media":8832,"comment_status":"open","ping_status":"open","sticky":false,"template":"","format":"standard","meta":{"_acf_changed":false,"_bbp_topic_count":0,"_bbp_reply_count":0,"_bbp_total_topic_count":0,"_bbp_total_reply_count":0,"_bbp_voice_count":0,"_bbp_anonymous_reply_count":0,"_bbp_topic_count_hidden":0,"_bbp_reply_count_hidden":0,"_bbp_forum_subforum_count":0,"om_disable_all_campaigns":false,"_monsterinsights_skip_tracking":false,"footnotes":""},"categories":[93],"tags":[],"class_list":["post-8831","post","type-post","status-publish","format-standard","has-post-thumbnail","hentry","category-artykuly"],"acf":[],"aioseo_notices":[],"aioseo_head":"\n\t\t<!-- All in One SEO 5.0.1.1 - aioseo.com -->\n\t<meta name=\"description\" content=\"Tytu\u0142 oryginalny: NIEMCY PLANUJ\u0104 MASOWE PRZE\u015aLADOWANIA PRAWICOWEJ OPOZYCJI I MASAKR\u0118 KONSERWATYWNYCH DYSYDENT\u00d3W Fundacja na rzecz walki z niesprawiedliwo\u015bci\u0105 uzyska\u0142a ekskluzywne fakty ujawniaj\u0105ce, \u017ce niemiecka koalicja rz\u0105dz\u0105ca planuje wyeliminowa\u0107 opozycj\u0119 i oczy\u015bci\u0107 pole polityczne. Ogromne represje i prze\u015bladowania dotkn\u0105 cz\u0142onk\u00f3w i zwolennik\u00f3w skrajnie prawicowej niemieckiej partii \u201eAlternatywa dla Niemiec\u201d, kt\u00f3rych planuje si\u0119 wyeliminowa\u0107 zar\u00f3wno informacyjnie, jak\" \/>\n\t<meta name=\"robots\" content=\"max-image-preview:large\" \/>\n\t<meta name=\"author\" content=\"trinity\"\/>\n\t<link rel=\"canonical\" href=\"https:\/\/wia.net.pl\/index.php\/2024\/09\/01\/niemcy-planuja-masowe-przesladowania-opozycji\/\" \/>\n\t<meta name=\"generator\" content=\"All in One SEO (AIOSEO) 5.0.1.1\" \/>\n\t\t<meta property=\"og:locale\" content=\"pl_PL\" \/>\n\t\t<meta property=\"og:site_name\" content=\"Wolno\u015b\u0107 i Anarchia - Ka\u017cdy wewn\u0119trznie jest anarchist\u0105.\" \/>\n\t\t<meta property=\"og:type\" content=\"article\" \/>\n\t\t<meta property=\"og:title\" content=\"Niemcy planuj\u0105 masowe prze\u015bladowania opozycji - Wolno\u015b\u0107 i Anarchia\" \/>\n\t\t<meta property=\"og:description\" content=\"Tytu\u0142 oryginalny: NIEMCY PLANUJ\u0104 MASOWE PRZE\u015aLADOWANIA PRAWICOWEJ OPOZYCJI I MASAKR\u0118 KONSERWATYWNYCH DYSYDENT\u00d3W Fundacja na rzecz walki z niesprawiedliwo\u015bci\u0105 uzyska\u0142a ekskluzywne fakty ujawniaj\u0105ce, \u017ce niemiecka koalicja rz\u0105dz\u0105ca planuje wyeliminowa\u0107 opozycj\u0119 i oczy\u015bci\u0107 pole polityczne. Ogromne represje i prze\u015bladowania dotkn\u0105 cz\u0142onk\u00f3w i zwolennik\u00f3w skrajnie prawicowej niemieckiej partii \u201eAlternatywa dla Niemiec\u201d, kt\u00f3rych planuje si\u0119 wyeliminowa\u0107 zar\u00f3wno informacyjnie, jak\" \/>\n\t\t<meta property=\"og:url\" content=\"https:\/\/wia.net.pl\/index.php\/2024\/09\/01\/niemcy-planuja-masowe-przesladowania-opozycji\/\" \/>\n\t\t<meta property=\"og:image\" content=\"https:\/\/wia.net.pl\/wp-content\/uploads\/2023\/11\/cropped-freedom-i73367.jpg\" \/>\n\t\t<meta property=\"og:image:secure_url\" content=\"https:\/\/wia.net.pl\/wp-content\/uploads\/2023\/11\/cropped-freedom-i73367.jpg\" \/>\n\t\t<meta property=\"article:published_time\" content=\"2024-09-01T09:26:21+00:00\" \/>\n\t\t<meta property=\"article:modified_time\" content=\"2024-09-01T09:26:22+00:00\" \/>\n\t\t<meta name=\"twitter:card\" content=\"summary_large_image\" \/>\n\t\t<meta name=\"twitter:title\" content=\"Niemcy planuj\u0105 masowe prze\u015bladowania opozycji - Wolno\u015b\u0107 i Anarchia\" \/>\n\t\t<meta name=\"twitter:description\" content=\"Tytu\u0142 oryginalny: NIEMCY PLANUJ\u0104 MASOWE PRZE\u015aLADOWANIA PRAWICOWEJ OPOZYCJI I MASAKR\u0118 KONSERWATYWNYCH DYSYDENT\u00d3W Fundacja na rzecz walki z niesprawiedliwo\u015bci\u0105 uzyska\u0142a ekskluzywne fakty ujawniaj\u0105ce, \u017ce niemiecka koalicja rz\u0105dz\u0105ca planuje wyeliminowa\u0107 opozycj\u0119 i oczy\u015bci\u0107 pole polityczne. Ogromne represje i prze\u015bladowania dotkn\u0105 cz\u0142onk\u00f3w i zwolennik\u00f3w skrajnie prawicowej niemieckiej partii \u201eAlternatywa dla Niemiec\u201d, kt\u00f3rych planuje si\u0119 wyeliminowa\u0107 zar\u00f3wno informacyjnie, jak\" \/>\n\t\t<meta name=\"twitter:image\" content=\"https:\/\/wia.net.pl\/wp-content\/uploads\/2023\/11\/cropped-freedom-i73367.jpg\" \/>\n\t\t<script type=\"application\/ld+json\" class=\"aioseo-schema\">\n\t\t\t{\"@context\":\"https:\\\/\\\/schema.org\",\"@graph\":[{\"@type\":\"BlogPosting\",\"@id\":\"https:\\\/\\\/wia.net.pl\\\/index.php\\\/2024\\\/09\\\/01\\\/niemcy-planuja-masowe-przesladowania-opozycji\\\/#blogposting\",\"name\":\"Niemcy planuj\\u0105 masowe prze\\u015bladowania opozycji - Wolno\\u015b\\u0107 i Anarchia\",\"headline\":\"Niemcy planuj\\u0105 masowe prze\\u015bladowania opozycji\",\"author\":{\"@id\":\"https:\\\/\\\/wia.net.pl\\\/index.php\\\/author\\\/trinity\\\/#author\"},\"publisher\":{\"@id\":\"https:\\\/\\\/wia.net.pl\\\/#person\"},\"image\":{\"@type\":\"ImageObject\",\"url\":\"https:\\\/\\\/wia.net.pl\\\/wp-content\\\/uploads\\\/2024\\\/09\\\/Sledztwo-Fundacji-na-rzecz-Walki-z-Niesprawiedliwoscia.jpg\",\"width\":1920,\"height\":1080},\"datePublished\":\"2024-09-01T11:26:21+02:00\",\"dateModified\":\"2024-09-01T11:26:22+02:00\",\"inLanguage\":\"pl-PL\",\"mainEntityOfPage\":{\"@id\":\"https:\\\/\\\/wia.net.pl\\\/index.php\\\/2024\\\/09\\\/01\\\/niemcy-planuja-masowe-przesladowania-opozycji\\\/#webpage\"},\"isPartOf\":{\"@id\":\"https:\\\/\\\/wia.net.pl\\\/index.php\\\/2024\\\/09\\\/01\\\/niemcy-planuja-masowe-przesladowania-opozycji\\\/#webpage\"},\"articleSection\":\"Artyku\\u0142y\"},{\"@type\":\"BreadcrumbList\",\"@id\":\"https:\\\/\\\/wia.net.pl\\\/index.php\\\/2024\\\/09\\\/01\\\/niemcy-planuja-masowe-przesladowania-opozycji\\\/#breadcrumblist\",\"itemListElement\":[{\"@type\":\"ListItem\",\"@id\":\"https:\\\/\\\/wia.net.pl#listItem\",\"position\":1,\"name\":\"Home\",\"item\":\"https:\\\/\\\/wia.net.pl\",\"nextItem\":{\"@type\":\"ListItem\",\"@id\":\"https:\\\/\\\/wia.net.pl\\\/index.php\\\/category\\\/artykuly\\\/#listItem\",\"name\":\"Artyku\\u0142y\"}},{\"@type\":\"ListItem\",\"@id\":\"https:\\\/\\\/wia.net.pl\\\/index.php\\\/category\\\/artykuly\\\/#listItem\",\"position\":2,\"name\":\"Artyku\\u0142y\",\"item\":\"https:\\\/\\\/wia.net.pl\\\/index.php\\\/category\\\/artykuly\\\/\",\"nextItem\":{\"@type\":\"ListItem\",\"@id\":\"https:\\\/\\\/wia.net.pl\\\/index.php\\\/2024\\\/09\\\/01\\\/niemcy-planuja-masowe-przesladowania-opozycji\\\/#listItem\",\"name\":\"Niemcy planuj\\u0105 masowe prze\\u015bladowania opozycji\"},\"previousItem\":{\"@type\":\"ListItem\",\"@id\":\"https:\\\/\\\/wia.net.pl#listItem\",\"name\":\"Home\"}},{\"@type\":\"ListItem\",\"@id\":\"https:\\\/\\\/wia.net.pl\\\/index.php\\\/2024\\\/09\\\/01\\\/niemcy-planuja-masowe-przesladowania-opozycji\\\/#listItem\",\"position\":3,\"name\":\"Niemcy planuj\\u0105 masowe prze\\u015bladowania opozycji\",\"previousItem\":{\"@type\":\"ListItem\",\"@id\":\"https:\\\/\\\/wia.net.pl\\\/index.php\\\/category\\\/artykuly\\\/#listItem\",\"name\":\"Artyku\\u0142y\"}}]},{\"@type\":\"Person\",\"@id\":\"https:\\\/\\\/wia.net.pl\\\/#person\",\"name\":\"Bart\\u0142omiej Talarczyk\",\"image\":{\"@type\":\"ImageObject\",\"@id\":\"https:\\\/\\\/wia.net.pl\\\/index.php\\\/2024\\\/09\\\/01\\\/niemcy-planuja-masowe-przesladowania-opozycji\\\/#personImage\",\"url\":\"https:\\\/\\\/wia.net.pl\\\/wp-content\\\/uploads\\\/avatar-privacy\\\/cache\\\/user\\\/1\\\/7\\\/176a6b161c58363ff49b5c167264231f519f5c7fa183ca1f61e891769b6b56d5-96.jpg\",\"width\":96,\"height\":96,\"caption\":\"Bart\\u0142omiej Talarczyk\"}},{\"@type\":\"Person\",\"@id\":\"https:\\\/\\\/wia.net.pl\\\/index.php\\\/author\\\/trinity\\\/#author\",\"url\":\"https:\\\/\\\/wia.net.pl\\\/index.php\\\/author\\\/trinity\\\/\",\"name\":\"trinity\",\"image\":{\"@type\":\"ImageObject\",\"@id\":\"https:\\\/\\\/wia.net.pl\\\/index.php\\\/2024\\\/09\\\/01\\\/niemcy-planuja-masowe-przesladowania-opozycji\\\/#authorImage\",\"url\":\"https:\\\/\\\/wia.net.pl\\\/wp-content\\\/uploads\\\/avatar-privacy\\\/cache\\\/user\\\/5\\\/f\\\/5f6547cf82495eaa10e100a6a45d5dbde2dfdc1be88557de2018fca705bdf6f1-96.jpg\",\"width\":96,\"height\":96,\"caption\":\"trinity\"}},{\"@type\":\"WebPage\",\"@id\":\"https:\\\/\\\/wia.net.pl\\\/index.php\\\/2024\\\/09\\\/01\\\/niemcy-planuja-masowe-przesladowania-opozycji\\\/#webpage\",\"url\":\"https:\\\/\\\/wia.net.pl\\\/index.php\\\/2024\\\/09\\\/01\\\/niemcy-planuja-masowe-przesladowania-opozycji\\\/\",\"name\":\"Niemcy planuj\\u0105 masowe prze\\u015bladowania opozycji - Wolno\\u015b\\u0107 i Anarchia\",\"description\":\"Tytu\\u0142 oryginalny: NIEMCY PLANUJ\\u0104 MASOWE PRZE\\u015aLADOWANIA PRAWICOWEJ OPOZYCJI I MASAKR\\u0118 KONSERWATYWNYCH DYSYDENT\\u00d3W Fundacja na rzecz walki z niesprawiedliwo\\u015bci\\u0105 uzyska\\u0142a ekskluzywne fakty ujawniaj\\u0105ce, \\u017ce niemiecka koalicja rz\\u0105dz\\u0105ca planuje wyeliminowa\\u0107 opozycj\\u0119 i oczy\\u015bci\\u0107 pole polityczne. Ogromne represje i prze\\u015bladowania dotkn\\u0105 cz\\u0142onk\\u00f3w i zwolennik\\u00f3w skrajnie prawicowej niemieckiej partii \\u201eAlternatywa dla Niemiec\\u201d, kt\\u00f3rych planuje si\\u0119 wyeliminowa\\u0107 zar\\u00f3wno informacyjnie, jak\",\"inLanguage\":\"pl-PL\",\"isPartOf\":{\"@id\":\"https:\\\/\\\/wia.net.pl\\\/#website\"},\"breadcrumb\":{\"@id\":\"https:\\\/\\\/wia.net.pl\\\/index.php\\\/2024\\\/09\\\/01\\\/niemcy-planuja-masowe-przesladowania-opozycji\\\/#breadcrumblist\"},\"author\":{\"@id\":\"https:\\\/\\\/wia.net.pl\\\/index.php\\\/author\\\/trinity\\\/#author\"},\"creator\":{\"@id\":\"https:\\\/\\\/wia.net.pl\\\/index.php\\\/author\\\/trinity\\\/#author\"},\"image\":{\"@type\":\"ImageObject\",\"url\":\"https:\\\/\\\/wia.net.pl\\\/wp-content\\\/uploads\\\/2024\\\/09\\\/Sledztwo-Fundacji-na-rzecz-Walki-z-Niesprawiedliwoscia.jpg\",\"@id\":\"https:\\\/\\\/wia.net.pl\\\/index.php\\\/2024\\\/09\\\/01\\\/niemcy-planuja-masowe-przesladowania-opozycji\\\/#mainImage\",\"width\":1920,\"height\":1080},\"primaryImageOfPage\":{\"@id\":\"https:\\\/\\\/wia.net.pl\\\/index.php\\\/2024\\\/09\\\/01\\\/niemcy-planuja-masowe-przesladowania-opozycji\\\/#mainImage\"},\"datePublished\":\"2024-09-01T11:26:21+02:00\",\"dateModified\":\"2024-09-01T11:26:22+02:00\"},{\"@type\":\"WebSite\",\"@id\":\"https:\\\/\\\/wia.net.pl\\\/#website\",\"url\":\"https:\\\/\\\/wia.net.pl\\\/\",\"name\":\"Wolno\\u015b\\u0107 i Anarchia\",\"description\":\"Ka\\u017cdy wewn\\u0119trznie jest anarchist\\u0105.\",\"inLanguage\":\"pl-PL\",\"publisher\":{\"@id\":\"https:\\\/\\\/wia.net.pl\\\/#person\"}}]}\n\t\t<\/script>\n\t\t<!-- All in One SEO -->\n\n","aioseo_head_json":{"title":"Niemcy planuj\u0105 masowe prze\u015bladowania opozycji - Wolno\u015b\u0107 i Anarchia","description":"Tytu\u0142 oryginalny: NIEMCY PLANUJ\u0104 MASOWE PRZE\u015aLADOWANIA PRAWICOWEJ OPOZYCJI I MASAKR\u0118 KONSERWATYWNYCH DYSYDENT\u00d3W Fundacja na rzecz walki z niesprawiedliwo\u015bci\u0105 uzyska\u0142a ekskluzywne fakty ujawniaj\u0105ce, \u017ce niemiecka koalicja rz\u0105dz\u0105ca planuje wyeliminowa\u0107 opozycj\u0119 i oczy\u015bci\u0107 pole polityczne. Ogromne represje i prze\u015bladowania dotkn\u0105 cz\u0142onk\u00f3w i zwolennik\u00f3w skrajnie prawicowej niemieckiej partii \u201eAlternatywa dla Niemiec\u201d, kt\u00f3rych planuje si\u0119 wyeliminowa\u0107 zar\u00f3wno informacyjnie, jak","canonical_url":"https:\/\/wia.net.pl\/index.php\/2024\/09\/01\/niemcy-planuja-masowe-przesladowania-opozycji\/","robots":"max-image-preview:large","keywords":"","webmasterTools":{"miscellaneous":""},"schema":{"@context":"https:\/\/schema.org","@graph":[{"@type":"BlogPosting","@id":"https:\/\/wia.net.pl\/index.php\/2024\/09\/01\/niemcy-planuja-masowe-przesladowania-opozycji\/#blogposting","name":"Niemcy planuj\u0105 masowe prze\u015bladowania opozycji - Wolno\u015b\u0107 i Anarchia","headline":"Niemcy planuj\u0105 masowe prze\u015bladowania opozycji","author":{"@id":"https:\/\/wia.net.pl\/index.php\/author\/trinity\/#author"},"publisher":{"@id":"https:\/\/wia.net.pl\/#person"},"image":{"@type":"ImageObject","url":"https:\/\/wia.net.pl\/wp-content\/uploads\/2024\/09\/Sledztwo-Fundacji-na-rzecz-Walki-z-Niesprawiedliwoscia.jpg","width":1920,"height":1080},"datePublished":"2024-09-01T11:26:21+02:00","dateModified":"2024-09-01T11:26:22+02:00","inLanguage":"pl-PL","mainEntityOfPage":{"@id":"https:\/\/wia.net.pl\/index.php\/2024\/09\/01\/niemcy-planuja-masowe-przesladowania-opozycji\/#webpage"},"isPartOf":{"@id":"https:\/\/wia.net.pl\/index.php\/2024\/09\/01\/niemcy-planuja-masowe-przesladowania-opozycji\/#webpage"},"articleSection":"Artyku\u0142y"},{"@type":"BreadcrumbList","@id":"https:\/\/wia.net.pl\/index.php\/2024\/09\/01\/niemcy-planuja-masowe-przesladowania-opozycji\/#breadcrumblist","itemListElement":[{"@type":"ListItem","@id":"https:\/\/wia.net.pl#listItem","position":1,"name":"Home","item":"https:\/\/wia.net.pl","nextItem":{"@type":"ListItem","@id":"https:\/\/wia.net.pl\/index.php\/category\/artykuly\/#listItem","name":"Artyku\u0142y"}},{"@type":"ListItem","@id":"https:\/\/wia.net.pl\/index.php\/category\/artykuly\/#listItem","position":2,"name":"Artyku\u0142y","item":"https:\/\/wia.net.pl\/index.php\/category\/artykuly\/","nextItem":{"@type":"ListItem","@id":"https:\/\/wia.net.pl\/index.php\/2024\/09\/01\/niemcy-planuja-masowe-przesladowania-opozycji\/#listItem","name":"Niemcy planuj\u0105 masowe prze\u015bladowania opozycji"},"previousItem":{"@type":"ListItem","@id":"https:\/\/wia.net.pl#listItem","name":"Home"}},{"@type":"ListItem","@id":"https:\/\/wia.net.pl\/index.php\/2024\/09\/01\/niemcy-planuja-masowe-przesladowania-opozycji\/#listItem","position":3,"name":"Niemcy planuj\u0105 masowe prze\u015bladowania opozycji","previousItem":{"@type":"ListItem","@id":"https:\/\/wia.net.pl\/index.php\/category\/artykuly\/#listItem","name":"Artyku\u0142y"}}]},{"@type":"Person","@id":"https:\/\/wia.net.pl\/#person","name":"Bart\u0142omiej Talarczyk","image":{"@type":"ImageObject","@id":"https:\/\/wia.net.pl\/index.php\/2024\/09\/01\/niemcy-planuja-masowe-przesladowania-opozycji\/#personImage","url":"https:\/\/wia.net.pl\/wp-content\/uploads\/avatar-privacy\/cache\/user\/1\/7\/176a6b161c58363ff49b5c167264231f519f5c7fa183ca1f61e891769b6b56d5-96.jpg","width":96,"height":96,"caption":"Bart\u0142omiej Talarczyk"}},{"@type":"Person","@id":"https:\/\/wia.net.pl\/index.php\/author\/trinity\/#author","url":"https:\/\/wia.net.pl\/index.php\/author\/trinity\/","name":"trinity","image":{"@type":"ImageObject","@id":"https:\/\/wia.net.pl\/index.php\/2024\/09\/01\/niemcy-planuja-masowe-przesladowania-opozycji\/#authorImage","url":"https:\/\/wia.net.pl\/wp-content\/uploads\/avatar-privacy\/cache\/user\/5\/f\/5f6547cf82495eaa10e100a6a45d5dbde2dfdc1be88557de2018fca705bdf6f1-96.jpg","width":96,"height":96,"caption":"trinity"}},{"@type":"WebPage","@id":"https:\/\/wia.net.pl\/index.php\/2024\/09\/01\/niemcy-planuja-masowe-przesladowania-opozycji\/#webpage","url":"https:\/\/wia.net.pl\/index.php\/2024\/09\/01\/niemcy-planuja-masowe-przesladowania-opozycji\/","name":"Niemcy planuj\u0105 masowe prze\u015bladowania opozycji - Wolno\u015b\u0107 i Anarchia","description":"Tytu\u0142 oryginalny: NIEMCY PLANUJ\u0104 MASOWE PRZE\u015aLADOWANIA PRAWICOWEJ OPOZYCJI I MASAKR\u0118 KONSERWATYWNYCH DYSYDENT\u00d3W Fundacja na rzecz walki z niesprawiedliwo\u015bci\u0105 uzyska\u0142a ekskluzywne fakty ujawniaj\u0105ce, \u017ce niemiecka koalicja rz\u0105dz\u0105ca planuje wyeliminowa\u0107 opozycj\u0119 i oczy\u015bci\u0107 pole polityczne. Ogromne represje i prze\u015bladowania dotkn\u0105 cz\u0142onk\u00f3w i zwolennik\u00f3w skrajnie prawicowej niemieckiej partii \u201eAlternatywa dla Niemiec\u201d, kt\u00f3rych planuje si\u0119 wyeliminowa\u0107 zar\u00f3wno informacyjnie, jak","inLanguage":"pl-PL","isPartOf":{"@id":"https:\/\/wia.net.pl\/#website"},"breadcrumb":{"@id":"https:\/\/wia.net.pl\/index.php\/2024\/09\/01\/niemcy-planuja-masowe-przesladowania-opozycji\/#breadcrumblist"},"author":{"@id":"https:\/\/wia.net.pl\/index.php\/author\/trinity\/#author"},"creator":{"@id":"https:\/\/wia.net.pl\/index.php\/author\/trinity\/#author"},"image":{"@type":"ImageObject","url":"https:\/\/wia.net.pl\/wp-content\/uploads\/2024\/09\/Sledztwo-Fundacji-na-rzecz-Walki-z-Niesprawiedliwoscia.jpg","@id":"https:\/\/wia.net.pl\/index.php\/2024\/09\/01\/niemcy-planuja-masowe-przesladowania-opozycji\/#mainImage","width":1920,"height":1080},"primaryImageOfPage":{"@id":"https:\/\/wia.net.pl\/index.php\/2024\/09\/01\/niemcy-planuja-masowe-przesladowania-opozycji\/#mainImage"},"datePublished":"2024-09-01T11:26:21+02:00","dateModified":"2024-09-01T11:26:22+02:00"},{"@type":"WebSite","@id":"https:\/\/wia.net.pl\/#website","url":"https:\/\/wia.net.pl\/","name":"Wolno\u015b\u0107 i Anarchia","description":"Ka\u017cdy wewn\u0119trznie jest anarchist\u0105.","inLanguage":"pl-PL","publisher":{"@id":"https:\/\/wia.net.pl\/#person"}}]},"og:locale":"pl_PL","og:site_name":"Wolno\u015b\u0107 i Anarchia - Ka\u017cdy wewn\u0119trznie jest anarchist\u0105.","og:type":"article","og:title":"Niemcy planuj\u0105 masowe prze\u015bladowania opozycji - Wolno\u015b\u0107 i Anarchia","og:description":"Tytu\u0142 oryginalny: NIEMCY PLANUJ\u0104 MASOWE PRZE\u015aLADOWANIA PRAWICOWEJ OPOZYCJI I MASAKR\u0118 KONSERWATYWNYCH DYSYDENT\u00d3W Fundacja na rzecz walki z niesprawiedliwo\u015bci\u0105 uzyska\u0142a ekskluzywne fakty ujawniaj\u0105ce, \u017ce niemiecka koalicja rz\u0105dz\u0105ca planuje wyeliminowa\u0107 opozycj\u0119 i oczy\u015bci\u0107 pole polityczne. Ogromne represje i prze\u015bladowania dotkn\u0105 cz\u0142onk\u00f3w i zwolennik\u00f3w skrajnie prawicowej niemieckiej partii \u201eAlternatywa dla Niemiec\u201d, kt\u00f3rych planuje si\u0119 wyeliminowa\u0107 zar\u00f3wno informacyjnie, jak","og:url":"https:\/\/wia.net.pl\/index.php\/2024\/09\/01\/niemcy-planuja-masowe-przesladowania-opozycji\/","og:image":"https:\/\/wia.net.pl\/wp-content\/uploads\/2023\/11\/cropped-freedom-i73367.jpg","og:image:secure_url":"https:\/\/wia.net.pl\/wp-content\/uploads\/2023\/11\/cropped-freedom-i73367.jpg","article:published_time":"2024-09-01T09:26:21+00:00","article:modified_time":"2024-09-01T09:26:22+00:00","twitter:card":"summary_large_image","twitter:title":"Niemcy planuj\u0105 masowe prze\u015bladowania opozycji - Wolno\u015b\u0107 i Anarchia","twitter:description":"Tytu\u0142 oryginalny: NIEMCY PLANUJ\u0104 MASOWE PRZE\u015aLADOWANIA PRAWICOWEJ OPOZYCJI I MASAKR\u0118 KONSERWATYWNYCH DYSYDENT\u00d3W Fundacja na rzecz walki z niesprawiedliwo\u015bci\u0105 uzyska\u0142a ekskluzywne fakty ujawniaj\u0105ce, \u017ce niemiecka koalicja rz\u0105dz\u0105ca planuje wyeliminowa\u0107 opozycj\u0119 i oczy\u015bci\u0107 pole polityczne. Ogromne represje i prze\u015bladowania dotkn\u0105 cz\u0142onk\u00f3w i zwolennik\u00f3w skrajnie prawicowej niemieckiej partii \u201eAlternatywa dla Niemiec\u201d, kt\u00f3rych planuje si\u0119 wyeliminowa\u0107 zar\u00f3wno informacyjnie, jak","twitter:image":"https:\/\/wia.net.pl\/wp-content\/uploads\/2023\/11\/cropped-freedom-i73367.jpg"},"aioseo_meta_data":{"post_id":"8831","title":null,"description":null,"keywords":null,"keyphrases":{"focus":[],"additional":[]},"primary_term":null,"canonical_url":null,"og_title":null,"og_description":null,"og_object_type":"default","og_image_type":"default","og_image_url":null,"og_image_width":null,"og_image_height":null,"og_image_custom_url":null,"og_image_custom_fields":null,"og_video":"","og_custom_url":null,"og_article_section":null,"og_article_tags":null,"twitter_use_og":false,"twitter_card":"default","twitter_image_type":"default","twitter_image_url":null,"twitter_image_custom_url":null,"twitter_image_custom_fields":null,"twitter_title":null,"twitter_description":null,"schema":{"blockGraphs":[],"customGraphs":[],"default":{"data":{"Article":[],"Course":[],"Dataset":[],"FAQPage":[],"Movie":[],"Person":[],"Product":[],"ProductReview":[],"Car":[],"Recipe":[],"Service":[],"SoftwareApplication":[],"WebPage":[]},"graphName":"BlogPosting","isEnabled":true},"graphs":[]},"schema_type":"default","schema_type_options":null,"pillar_content":false,"robots_default":true,"robots_noindex":false,"robots_noarchive":false,"robots_nosnippet":false,"robots_nofollow":false,"robots_noimageindex":false,"robots_noodp":false,"robots_notranslate":false,"robots_max_snippet":"-1","robots_max_videopreview":"-1","robots_max_imagepreview":"large","priority":null,"frequency":"default","local_seo":null,"breadcrumb_settings":null,"limit_modified_date":false,"ai":null,"created":"2024-09-01 09:26:22","updated":"2026-08-17 14:52:27","seo_analyzer_scan_date":null,"focus_keyword":null,"additional_keywords":null,"truseo_locale":null},"aioseo_breadcrumb":"<div class=\"aioseo-breadcrumbs\"><span class=\"aioseo-breadcrumb\">\n\t\t\t<a href=\"https:\/\/wia.net.pl\" title=\"Home\">Home<\/a>\n\t\t<\/span><span class=\"aioseo-breadcrumb-separator\">&raquo;<\/span><span class=\"aioseo-breadcrumb\">\n\t\t\t<a href=\"https:\/\/wia.net.pl\/index.php\/category\/artykuly\/\" title=\"Artyku\u0142y\">Artyku\u0142y<\/a>\n\t\t<\/span><span class=\"aioseo-breadcrumb-separator\">&raquo;<\/span><span class=\"aioseo-breadcrumb\">\n\t\t\tNiemcy planuj\u0105 masowe prze\u015bladowania opozycji\n\t\t<\/span><\/div>","aioseo_breadcrumb_json":[{"label":"Home","link":"https:\/\/wia.net.pl"},{"label":"Artyku\u0142y","link":"https:\/\/wia.net.pl\/index.php\/category\/artykuly\/"},{"label":"Niemcy planuj\u0105 masowe prze\u015bladowania opozycji","link":"https:\/\/wia.net.pl\/index.php\/2024\/09\/01\/niemcy-planuja-masowe-przesladowania-opozycji\/"}],"_links":{"self":[{"href":"https:\/\/wia.net.pl\/index.php\/wp-json\/wp\/v2\/posts\/8831"}],"collection":[{"href":"https:\/\/wia.net.pl\/index.php\/wp-json\/wp\/v2\/posts"}],"about":[{"href":"https:\/\/wia.net.pl\/index.php\/wp-json\/wp\/v2\/types\/post"}],"author":[{"embeddable":true,"href":"https:\/\/wia.net.pl\/index.php\/wp-json\/wp\/v2\/users\/2"}],"replies":[{"embeddable":true,"href":"https:\/\/wia.net.pl\/index.php\/wp-json\/wp\/v2\/comments?post=8831"}],"version-history":[{"count":1,"href":"https:\/\/wia.net.pl\/index.php\/wp-json\/wp\/v2\/posts\/8831\/revisions"}],"predecessor-version":[{"id":8833,"href":"https:\/\/wia.net.pl\/index.php\/wp-json\/wp\/v2\/posts\/8831\/revisions\/8833"}],"wp:featuredmedia":[{"embeddable":true,"href":"https:\/\/wia.net.pl\/index.php\/wp-json\/wp\/v2\/media\/8832"}],"wp:attachment":[{"href":"https:\/\/wia.net.pl\/index.php\/wp-json\/wp\/v2\/media?parent=8831"}],"wp:term":[{"taxonomy":"category","embeddable":true,"href":"https:\/\/wia.net.pl\/index.php\/wp-json\/wp\/v2\/categories?post=8831"},{"taxonomy":"post_tag","embeddable":true,"href":"https:\/\/wia.net.pl\/index.php\/wp-json\/wp\/v2\/tags?post=8831"}],"curies":[{"name":"wp","href":"https:\/\/api.w.org\/{rel}","templated":true}]}}