{"id":8838,"date":"2024-09-02T14:51:47","date_gmt":"2024-09-02T12:51:47","guid":{"rendered":"https:\/\/wia.net.pl\/?p=8838"},"modified":"2024-09-02T14:58:28","modified_gmt":"2024-09-02T12:58:28","slug":"mark-passio-kult-czarnego-slonca-faszyzm-i-komunizm-cz4-7","status":"publish","type":"post","link":"https:\/\/wia.net.pl\/index.php\/2024\/09\/02\/mark-passio-kult-czarnego-slonca-faszyzm-i-komunizm-cz4-7\/","title":{"rendered":"Mark Passio \u2013 Kult Czarnego s\u0142o\u0144ca \u2013 Faszyzm i Komunizm \u2013 Cz4\/7"},"content":{"rendered":"\n<p>\u0179r\u00f3d\u0142o:&nbsp;<a href=\"https:\/\/rumble.com\/v27c1go-how-communism-and-fascism-were-both-created-by-the-cult-of-the-black-sun.-m.html\">https:\/\/rumble.com\/v27c1go-how-communism-and-fascism-were-both-created-by-the-cult-of-the-black-sun.-m.html<\/a><\/p>\n\n\n\n<p>Esencja wypowiedzi z podkast\u00f3w What On Earth Is Happening<\/p>\n\n\n<p><iframe id=\"odysee-iframe\" style=\"width:100%; aspect-ratio:16 \/ 9;\" src=\"https:\/\/odysee.com\/$\/embed\/@wolnoscanarchia:d\/!!Mark-Pasio---Kult-Czarnego-s\u0142o\u0144ca---Faszyzm-i-Komunizm---Cz4-7:8?r=KqtnN3u2RSe5GxY7Tos527f1XGfjXD4u\" allowfullscreen><\/iframe><\/p>\n","protected":false},"excerpt":{"rendered":"<p>\u0179r\u00f3d\u0142o:&nbsp;https:\/\/rumble.com\/v27c1go-how-communism-and-fascism-were-both-created-by-the-cult-of-the-black-sun.-m.html Esencja wypowiedzi z podkast\u00f3w What On Earth Is Happening<\/p>\n","protected":false},"author":3,"featured_media":8841,"comment_status":"open","ping_status":"open","sticky":false,"template":"","format":"standard","meta":{"_acf_changed":false,"_bbp_topic_count":0,"_bbp_reply_count":0,"_bbp_total_topic_count":0,"_bbp_total_reply_count":0,"_bbp_voice_count":0,"_bbp_anonymous_reply_count":0,"_bbp_topic_count_hidden":0,"_bbp_reply_count_hidden":0,"_bbp_forum_subforum_count":0,"om_disable_all_campaigns":false,"_monsterinsights_skip_tracking":false,"footnotes":""},"categories":[16],"tags":[68,63,42,71,26,23,32,22,70,62],"class_list":["post-8838","post","type-post","status-publish","format-standard","has-post-thumbnail","hentry","category-prawonaturalne","tag-cesarstwo-rzymskie","tag-historia-ziemi","tag-illuminati","tag-kosciol-katolicki","tag-ludzkosc","tag-niewolnictwo","tag-rzad","tag-satanizm","tag-tajne-stowarzyszenia","tag-wszechswiat"],"acf":[],"aioseo_notices":[],"aioseo_head":"\n\t\t<!-- All in One SEO 5.0.1.1 - aioseo.com -->\n\t<meta name=\"description\" content=\"\u0179r\u00f3d\u0142o: https:\/\/rumble.com\/v27c1go-how-communism-and-fascism-were-both-created-by-the-cult-of-the-black-sun.-m.html Esencja wypowiedzi z podkast\u00f3w What On Earth Is Happening\" \/>\n\t<meta name=\"robots\" content=\"max-image-preview:large\" \/>\n\t<meta name=\"author\" content=\"Bart\u0142omiej Talarczyk\"\/>\n\t<link rel=\"canonical\" href=\"https:\/\/wia.net.pl\/index.php\/2024\/09\/02\/mark-passio-kult-czarnego-slonca-faszyzm-i-komunizm-cz4-7\/\" \/>\n\t<meta name=\"generator\" content=\"All in One SEO (AIOSEO) 5.0.1.1\" \/>\n\t\t<meta property=\"og:locale\" content=\"pl_PL\" \/>\n\t\t<meta property=\"og:site_name\" content=\"Wolno\u015b\u0107 i Anarchia - Ka\u017cdy wewn\u0119trznie jest anarchist\u0105.\" \/>\n\t\t<meta property=\"og:type\" content=\"article\" \/>\n\t\t<meta property=\"og:title\" content=\"Mark Passio \u2013 Kult Czarnego s\u0142o\u0144ca \u2013 Faszyzm i Komunizm \u2013 Cz4\/7 - Wolno\u015b\u0107 i Anarchia\" \/>\n\t\t<meta property=\"og:description\" content=\"\u0179r\u00f3d\u0142o: https:\/\/rumble.com\/v27c1go-how-communism-and-fascism-were-both-created-by-the-cult-of-the-black-sun.-m.html Esencja wypowiedzi z podkast\u00f3w What On Earth Is Happening\" \/>\n\t\t<meta property=\"og:url\" content=\"https:\/\/wia.net.pl\/index.php\/2024\/09\/02\/mark-passio-kult-czarnego-slonca-faszyzm-i-komunizm-cz4-7\/\" \/>\n\t\t<meta property=\"og:image\" content=\"https:\/\/wia.net.pl\/wp-content\/uploads\/2023\/11\/cropped-freedom-i73367.jpg\" \/>\n\t\t<meta property=\"og:image:secure_url\" content=\"https:\/\/wia.net.pl\/wp-content\/uploads\/2023\/11\/cropped-freedom-i73367.jpg\" \/>\n\t\t<meta property=\"article:published_time\" content=\"2024-09-02T12:51:47+00:00\" \/>\n\t\t<meta property=\"article:modified_time\" content=\"2024-09-02T12:58:28+00:00\" \/>\n\t\t<meta name=\"twitter:card\" content=\"summary_large_image\" \/>\n\t\t<meta name=\"twitter:title\" content=\"Mark Passio \u2013 Kult Czarnego s\u0142o\u0144ca \u2013 Faszyzm i Komunizm \u2013 Cz4\/7 - Wolno\u015b\u0107 i Anarchia\" \/>\n\t\t<meta name=\"twitter:description\" content=\"\u0179r\u00f3d\u0142o: https:\/\/rumble.com\/v27c1go-how-communism-and-fascism-were-both-created-by-the-cult-of-the-black-sun.-m.html Esencja wypowiedzi z podkast\u00f3w What On Earth Is Happening\" \/>\n\t\t<meta name=\"twitter:image\" content=\"https:\/\/wia.net.pl\/wp-content\/uploads\/2023\/11\/cropped-freedom-i73367.jpg\" \/>\n\t\t<script type=\"application\/ld+json\" class=\"aioseo-schema\">\n\t\t\t{\"@context\":\"https:\\\/\\\/schema.org\",\"@graph\":[{\"@type\":\"BlogPosting\",\"@id\":\"https:\\\/\\\/wia.net.pl\\\/index.php\\\/2024\\\/09\\\/02\\\/mark-passio-kult-czarnego-slonca-faszyzm-i-komunizm-cz4-7\\\/#blogposting\",\"name\":\"Mark Passio \\u2013 Kult Czarnego s\\u0142o\\u0144ca \\u2013 Faszyzm i Komunizm \\u2013 Cz4\\\/7 - Wolno\\u015b\\u0107 i Anarchia\",\"headline\":\"Mark Passio \\u2013 Kult Czarnego s\\u0142o\\u0144ca \\u2013 Faszyzm i Komunizm \\u2013 Cz4\\\/7\",\"author\":{\"@id\":\"https:\\\/\\\/wia.net.pl\\\/index.php\\\/author\\\/talar\\\/#author\"},\"publisher\":{\"@id\":\"https:\\\/\\\/wia.net.pl\\\/#person\"},\"image\":{\"@type\":\"ImageObject\",\"url\":\"https:\\\/\\\/wia.net.pl\\\/wp-content\\\/uploads\\\/2024\\\/09\\\/NAZIZM-KOMUNIZM4.jpg\",\"width\":1920,\"height\":1080},\"datePublished\":\"2024-09-02T14:51:47+02:00\",\"dateModified\":\"2024-09-02T14:58:28+02:00\",\"inLanguage\":\"pl-PL\",\"mainEntityOfPage\":{\"@id\":\"https:\\\/\\\/wia.net.pl\\\/index.php\\\/2024\\\/09\\\/02\\\/mark-passio-kult-czarnego-slonca-faszyzm-i-komunizm-cz4-7\\\/#webpage\"},\"isPartOf\":{\"@id\":\"https:\\\/\\\/wia.net.pl\\\/index.php\\\/2024\\\/09\\\/02\\\/mark-passio-kult-czarnego-slonca-faszyzm-i-komunizm-cz4-7\\\/#webpage\"},\"articleSection\":\"Prawo naturalne, Cesarstwo Rzymskie, Historia ziemi, Illuminati, Ko\\u015bci\\u00f3\\u0142 katolicki, Ludzko\\u015b\\u0107, Niewolnictwo, Rz\\u0105d, Satanizm, Tajne stowarzyszenia, Wszech\\u015bwiat\"},{\"@type\":\"BreadcrumbList\",\"@id\":\"https:\\\/\\\/wia.net.pl\\\/index.php\\\/2024\\\/09\\\/02\\\/mark-passio-kult-czarnego-slonca-faszyzm-i-komunizm-cz4-7\\\/#breadcrumblist\",\"itemListElement\":[{\"@type\":\"ListItem\",\"@id\":\"https:\\\/\\\/wia.net.pl#listItem\",\"position\":1,\"name\":\"Home\",\"item\":\"https:\\\/\\\/wia.net.pl\",\"nextItem\":{\"@type\":\"ListItem\",\"@id\":\"https:\\\/\\\/wia.net.pl\\\/index.php\\\/category\\\/prawonaturalne\\\/#listItem\",\"name\":\"Prawo naturalne\"}},{\"@type\":\"ListItem\",\"@id\":\"https:\\\/\\\/wia.net.pl\\\/index.php\\\/category\\\/prawonaturalne\\\/#listItem\",\"position\":2,\"name\":\"Prawo naturalne\",\"item\":\"https:\\\/\\\/wia.net.pl\\\/index.php\\\/category\\\/prawonaturalne\\\/\",\"nextItem\":{\"@type\":\"ListItem\",\"@id\":\"https:\\\/\\\/wia.net.pl\\\/index.php\\\/2024\\\/09\\\/02\\\/mark-passio-kult-czarnego-slonca-faszyzm-i-komunizm-cz4-7\\\/#listItem\",\"name\":\"Mark Passio \\u2013 Kult Czarnego s\\u0142o\\u0144ca \\u2013 Faszyzm i Komunizm \\u2013 Cz4\\\/7\"},\"previousItem\":{\"@type\":\"ListItem\",\"@id\":\"https:\\\/\\\/wia.net.pl#listItem\",\"name\":\"Home\"}},{\"@type\":\"ListItem\",\"@id\":\"https:\\\/\\\/wia.net.pl\\\/index.php\\\/2024\\\/09\\\/02\\\/mark-passio-kult-czarnego-slonca-faszyzm-i-komunizm-cz4-7\\\/#listItem\",\"position\":3,\"name\":\"Mark Passio \\u2013 Kult Czarnego s\\u0142o\\u0144ca \\u2013 Faszyzm i Komunizm \\u2013 Cz4\\\/7\",\"previousItem\":{\"@type\":\"ListItem\",\"@id\":\"https:\\\/\\\/wia.net.pl\\\/index.php\\\/category\\\/prawonaturalne\\\/#listItem\",\"name\":\"Prawo naturalne\"}}]},{\"@type\":\"Person\",\"@id\":\"https:\\\/\\\/wia.net.pl\\\/#person\",\"name\":\"Bart\\u0142omiej Talarczyk\",\"image\":{\"@type\":\"ImageObject\",\"@id\":\"https:\\\/\\\/wia.net.pl\\\/index.php\\\/2024\\\/09\\\/02\\\/mark-passio-kult-czarnego-slonca-faszyzm-i-komunizm-cz4-7\\\/#personImage\",\"url\":\"https:\\\/\\\/wia.net.pl\\\/wp-content\\\/uploads\\\/avatar-privacy\\\/cache\\\/user\\\/1\\\/7\\\/176a6b161c58363ff49b5c167264231f519f5c7fa183ca1f61e891769b6b56d5-96.jpg\",\"width\":96,\"height\":96,\"caption\":\"Bart\\u0142omiej Talarczyk\"}},{\"@type\":\"Person\",\"@id\":\"https:\\\/\\\/wia.net.pl\\\/index.php\\\/author\\\/talar\\\/#author\",\"url\":\"https:\\\/\\\/wia.net.pl\\\/index.php\\\/author\\\/talar\\\/\",\"name\":\"Bart\\u0142omiej Talarczyk\",\"image\":{\"@type\":\"ImageObject\",\"@id\":\"https:\\\/\\\/wia.net.pl\\\/index.php\\\/2024\\\/09\\\/02\\\/mark-passio-kult-czarnego-slonca-faszyzm-i-komunizm-cz4-7\\\/#authorImage\",\"url\":\"https:\\\/\\\/wia.net.pl\\\/wp-content\\\/uploads\\\/avatar-privacy\\\/cache\\\/user\\\/1\\\/7\\\/176a6b161c58363ff49b5c167264231f519f5c7fa183ca1f61e891769b6b56d5-96.jpg\",\"width\":96,\"height\":96,\"caption\":\"Bart\\u0142omiej Talarczyk\"}},{\"@type\":\"WebPage\",\"@id\":\"https:\\\/\\\/wia.net.pl\\\/index.php\\\/2024\\\/09\\\/02\\\/mark-passio-kult-czarnego-slonca-faszyzm-i-komunizm-cz4-7\\\/#webpage\",\"url\":\"https:\\\/\\\/wia.net.pl\\\/index.php\\\/2024\\\/09\\\/02\\\/mark-passio-kult-czarnego-slonca-faszyzm-i-komunizm-cz4-7\\\/\",\"name\":\"Mark Passio \\u2013 Kult Czarnego s\\u0142o\\u0144ca \\u2013 Faszyzm i Komunizm \\u2013 Cz4\\\/7 - Wolno\\u015b\\u0107 i Anarchia\",\"description\":\"\\u0179r\\u00f3d\\u0142o: https:\\\/\\\/rumble.com\\\/v27c1go-how-communism-and-fascism-were-both-created-by-the-cult-of-the-black-sun.-m.html Esencja wypowiedzi z podkast\\u00f3w What On Earth Is Happening\",\"inLanguage\":\"pl-PL\",\"isPartOf\":{\"@id\":\"https:\\\/\\\/wia.net.pl\\\/#website\"},\"breadcrumb\":{\"@id\":\"https:\\\/\\\/wia.net.pl\\\/index.php\\\/2024\\\/09\\\/02\\\/mark-passio-kult-czarnego-slonca-faszyzm-i-komunizm-cz4-7\\\/#breadcrumblist\"},\"author\":{\"@id\":\"https:\\\/\\\/wia.net.pl\\\/index.php\\\/author\\\/talar\\\/#author\"},\"creator\":{\"@id\":\"https:\\\/\\\/wia.net.pl\\\/index.php\\\/author\\\/talar\\\/#author\"},\"image\":{\"@type\":\"ImageObject\",\"url\":\"https:\\\/\\\/wia.net.pl\\\/wp-content\\\/uploads\\\/2024\\\/09\\\/NAZIZM-KOMUNIZM4.jpg\",\"@id\":\"https:\\\/\\\/wia.net.pl\\\/index.php\\\/2024\\\/09\\\/02\\\/mark-passio-kult-czarnego-slonca-faszyzm-i-komunizm-cz4-7\\\/#mainImage\",\"width\":1920,\"height\":1080},\"primaryImageOfPage\":{\"@id\":\"https:\\\/\\\/wia.net.pl\\\/index.php\\\/2024\\\/09\\\/02\\\/mark-passio-kult-czarnego-slonca-faszyzm-i-komunizm-cz4-7\\\/#mainImage\"},\"datePublished\":\"2024-09-02T14:51:47+02:00\",\"dateModified\":\"2024-09-02T14:58:28+02:00\"},{\"@type\":\"WebSite\",\"@id\":\"https:\\\/\\\/wia.net.pl\\\/#website\",\"url\":\"https:\\\/\\\/wia.net.pl\\\/\",\"name\":\"Wolno\\u015b\\u0107 i Anarchia\",\"description\":\"Ka\\u017cdy wewn\\u0119trznie jest anarchist\\u0105.\",\"inLanguage\":\"pl-PL\",\"publisher\":{\"@id\":\"https:\\\/\\\/wia.net.pl\\\/#person\"}}]}\n\t\t<\/script>\n\t\t<!-- All in One SEO -->\n\n","aioseo_head_json":{"title":"Mark Passio \u2013 Kult Czarnego s\u0142o\u0144ca \u2013 Faszyzm i Komunizm \u2013 Cz4\/7 - Wolno\u015b\u0107 i Anarchia","description":"\u0179r\u00f3d\u0142o: https:\/\/rumble.com\/v27c1go-how-communism-and-fascism-were-both-created-by-the-cult-of-the-black-sun.-m.html Esencja wypowiedzi z podkast\u00f3w What On Earth Is Happening","canonical_url":"https:\/\/wia.net.pl\/index.php\/2024\/09\/02\/mark-passio-kult-czarnego-slonca-faszyzm-i-komunizm-cz4-7\/","robots":"max-image-preview:large","keywords":"","webmasterTools":{"miscellaneous":""},"schema":{"@context":"https:\/\/schema.org","@graph":[{"@type":"BlogPosting","@id":"https:\/\/wia.net.pl\/index.php\/2024\/09\/02\/mark-passio-kult-czarnego-slonca-faszyzm-i-komunizm-cz4-7\/#blogposting","name":"Mark Passio \u2013 Kult Czarnego s\u0142o\u0144ca \u2013 Faszyzm i Komunizm \u2013 Cz4\/7 - Wolno\u015b\u0107 i Anarchia","headline":"Mark Passio \u2013 Kult Czarnego s\u0142o\u0144ca \u2013 Faszyzm i Komunizm \u2013 Cz4\/7","author":{"@id":"https:\/\/wia.net.pl\/index.php\/author\/talar\/#author"},"publisher":{"@id":"https:\/\/wia.net.pl\/#person"},"image":{"@type":"ImageObject","url":"https:\/\/wia.net.pl\/wp-content\/uploads\/2024\/09\/NAZIZM-KOMUNIZM4.jpg","width":1920,"height":1080},"datePublished":"2024-09-02T14:51:47+02:00","dateModified":"2024-09-02T14:58:28+02:00","inLanguage":"pl-PL","mainEntityOfPage":{"@id":"https:\/\/wia.net.pl\/index.php\/2024\/09\/02\/mark-passio-kult-czarnego-slonca-faszyzm-i-komunizm-cz4-7\/#webpage"},"isPartOf":{"@id":"https:\/\/wia.net.pl\/index.php\/2024\/09\/02\/mark-passio-kult-czarnego-slonca-faszyzm-i-komunizm-cz4-7\/#webpage"},"articleSection":"Prawo naturalne, Cesarstwo Rzymskie, Historia ziemi, Illuminati, Ko\u015bci\u00f3\u0142 katolicki, Ludzko\u015b\u0107, Niewolnictwo, Rz\u0105d, Satanizm, Tajne stowarzyszenia, Wszech\u015bwiat"},{"@type":"BreadcrumbList","@id":"https:\/\/wia.net.pl\/index.php\/2024\/09\/02\/mark-passio-kult-czarnego-slonca-faszyzm-i-komunizm-cz4-7\/#breadcrumblist","itemListElement":[{"@type":"ListItem","@id":"https:\/\/wia.net.pl#listItem","position":1,"name":"Home","item":"https:\/\/wia.net.pl","nextItem":{"@type":"ListItem","@id":"https:\/\/wia.net.pl\/index.php\/category\/prawonaturalne\/#listItem","name":"Prawo naturalne"}},{"@type":"ListItem","@id":"https:\/\/wia.net.pl\/index.php\/category\/prawonaturalne\/#listItem","position":2,"name":"Prawo naturalne","item":"https:\/\/wia.net.pl\/index.php\/category\/prawonaturalne\/","nextItem":{"@type":"ListItem","@id":"https:\/\/wia.net.pl\/index.php\/2024\/09\/02\/mark-passio-kult-czarnego-slonca-faszyzm-i-komunizm-cz4-7\/#listItem","name":"Mark Passio \u2013 Kult Czarnego s\u0142o\u0144ca \u2013 Faszyzm i Komunizm \u2013 Cz4\/7"},"previousItem":{"@type":"ListItem","@id":"https:\/\/wia.net.pl#listItem","name":"Home"}},{"@type":"ListItem","@id":"https:\/\/wia.net.pl\/index.php\/2024\/09\/02\/mark-passio-kult-czarnego-slonca-faszyzm-i-komunizm-cz4-7\/#listItem","position":3,"name":"Mark Passio \u2013 Kult Czarnego s\u0142o\u0144ca \u2013 Faszyzm i Komunizm \u2013 Cz4\/7","previousItem":{"@type":"ListItem","@id":"https:\/\/wia.net.pl\/index.php\/category\/prawonaturalne\/#listItem","name":"Prawo naturalne"}}]},{"@type":"Person","@id":"https:\/\/wia.net.pl\/#person","name":"Bart\u0142omiej Talarczyk","image":{"@type":"ImageObject","@id":"https:\/\/wia.net.pl\/index.php\/2024\/09\/02\/mark-passio-kult-czarnego-slonca-faszyzm-i-komunizm-cz4-7\/#personImage","url":"https:\/\/wia.net.pl\/wp-content\/uploads\/avatar-privacy\/cache\/user\/1\/7\/176a6b161c58363ff49b5c167264231f519f5c7fa183ca1f61e891769b6b56d5-96.jpg","width":96,"height":96,"caption":"Bart\u0142omiej Talarczyk"}},{"@type":"Person","@id":"https:\/\/wia.net.pl\/index.php\/author\/talar\/#author","url":"https:\/\/wia.net.pl\/index.php\/author\/talar\/","name":"Bart\u0142omiej Talarczyk","image":{"@type":"ImageObject","@id":"https:\/\/wia.net.pl\/index.php\/2024\/09\/02\/mark-passio-kult-czarnego-slonca-faszyzm-i-komunizm-cz4-7\/#authorImage","url":"https:\/\/wia.net.pl\/wp-content\/uploads\/avatar-privacy\/cache\/user\/1\/7\/176a6b161c58363ff49b5c167264231f519f5c7fa183ca1f61e891769b6b56d5-96.jpg","width":96,"height":96,"caption":"Bart\u0142omiej Talarczyk"}},{"@type":"WebPage","@id":"https:\/\/wia.net.pl\/index.php\/2024\/09\/02\/mark-passio-kult-czarnego-slonca-faszyzm-i-komunizm-cz4-7\/#webpage","url":"https:\/\/wia.net.pl\/index.php\/2024\/09\/02\/mark-passio-kult-czarnego-slonca-faszyzm-i-komunizm-cz4-7\/","name":"Mark Passio \u2013 Kult Czarnego s\u0142o\u0144ca \u2013 Faszyzm i Komunizm \u2013 Cz4\/7 - Wolno\u015b\u0107 i Anarchia","description":"\u0179r\u00f3d\u0142o: https:\/\/rumble.com\/v27c1go-how-communism-and-fascism-were-both-created-by-the-cult-of-the-black-sun.-m.html Esencja wypowiedzi z podkast\u00f3w What On Earth Is Happening","inLanguage":"pl-PL","isPartOf":{"@id":"https:\/\/wia.net.pl\/#website"},"breadcrumb":{"@id":"https:\/\/wia.net.pl\/index.php\/2024\/09\/02\/mark-passio-kult-czarnego-slonca-faszyzm-i-komunizm-cz4-7\/#breadcrumblist"},"author":{"@id":"https:\/\/wia.net.pl\/index.php\/author\/talar\/#author"},"creator":{"@id":"https:\/\/wia.net.pl\/index.php\/author\/talar\/#author"},"image":{"@type":"ImageObject","url":"https:\/\/wia.net.pl\/wp-content\/uploads\/2024\/09\/NAZIZM-KOMUNIZM4.jpg","@id":"https:\/\/wia.net.pl\/index.php\/2024\/09\/02\/mark-passio-kult-czarnego-slonca-faszyzm-i-komunizm-cz4-7\/#mainImage","width":1920,"height":1080},"primaryImageOfPage":{"@id":"https:\/\/wia.net.pl\/index.php\/2024\/09\/02\/mark-passio-kult-czarnego-slonca-faszyzm-i-komunizm-cz4-7\/#mainImage"},"datePublished":"2024-09-02T14:51:47+02:00","dateModified":"2024-09-02T14:58:28+02:00"},{"@type":"WebSite","@id":"https:\/\/wia.net.pl\/#website","url":"https:\/\/wia.net.pl\/","name":"Wolno\u015b\u0107 i Anarchia","description":"Ka\u017cdy wewn\u0119trznie jest anarchist\u0105.","inLanguage":"pl-PL","publisher":{"@id":"https:\/\/wia.net.pl\/#person"}}]},"og:locale":"pl_PL","og:site_name":"Wolno\u015b\u0107 i Anarchia - Ka\u017cdy wewn\u0119trznie jest anarchist\u0105.","og:type":"article","og:title":"Mark Passio \u2013 Kult Czarnego s\u0142o\u0144ca \u2013 Faszyzm i Komunizm \u2013 Cz4\/7 - Wolno\u015b\u0107 i Anarchia","og:description":"\u0179r\u00f3d\u0142o: https:\/\/rumble.com\/v27c1go-how-communism-and-fascism-were-both-created-by-the-cult-of-the-black-sun.-m.html Esencja wypowiedzi z podkast\u00f3w What On Earth Is Happening","og:url":"https:\/\/wia.net.pl\/index.php\/2024\/09\/02\/mark-passio-kult-czarnego-slonca-faszyzm-i-komunizm-cz4-7\/","og:image":"https:\/\/wia.net.pl\/wp-content\/uploads\/2023\/11\/cropped-freedom-i73367.jpg","og:image:secure_url":"https:\/\/wia.net.pl\/wp-content\/uploads\/2023\/11\/cropped-freedom-i73367.jpg","article:published_time":"2024-09-02T12:51:47+00:00","article:modified_time":"2024-09-02T12:58:28+00:00","twitter:card":"summary_large_image","twitter:title":"Mark Passio \u2013 Kult Czarnego s\u0142o\u0144ca \u2013 Faszyzm i Komunizm \u2013 Cz4\/7 - Wolno\u015b\u0107 i Anarchia","twitter:description":"\u0179r\u00f3d\u0142o: https:\/\/rumble.com\/v27c1go-how-communism-and-fascism-were-both-created-by-the-cult-of-the-black-sun.-m.html Esencja wypowiedzi z podkast\u00f3w What On Earth Is Happening","twitter:image":"https:\/\/wia.net.pl\/wp-content\/uploads\/2023\/11\/cropped-freedom-i73367.jpg"},"aioseo_meta_data":{"post_id":"8838","title":null,"description":null,"keywords":null,"keyphrases":{"focus":{"keyphrase":"","score":0,"analysis":{"keyphraseInTitle":{"score":0,"maxScore":9,"error":1}}},"additional":[]},"primary_term":null,"canonical_url":null,"og_title":null,"og_description":null,"og_object_type":"default","og_image_type":"default","og_image_url":null,"og_image_width":null,"og_image_height":null,"og_image_custom_url":null,"og_image_custom_fields":null,"og_video":"","og_custom_url":null,"og_article_section":null,"og_article_tags":null,"twitter_use_og":false,"twitter_card":"default","twitter_image_type":"default","twitter_image_url":null,"twitter_image_custom_url":null,"twitter_image_custom_fields":null,"twitter_title":null,"twitter_description":null,"schema":{"blockGraphs":[],"customGraphs":[],"default":{"data":{"Article":[],"Course":[],"Dataset":[],"FAQPage":[],"Movie":[],"Person":[],"Product":[],"ProductReview":[],"Car":[],"Recipe":[],"Service":[],"SoftwareApplication":[],"WebPage":[]},"graphName":"BlogPosting","isEnabled":true},"graphs":[]},"schema_type":"default","schema_type_options":null,"pillar_content":false,"robots_default":true,"robots_noindex":false,"robots_noarchive":false,"robots_nosnippet":false,"robots_nofollow":false,"robots_noimageindex":false,"robots_noodp":false,"robots_notranslate":false,"robots_max_snippet":"-1","robots_max_videopreview":"-1","robots_max_imagepreview":"large","priority":null,"frequency":"default","local_seo":null,"breadcrumb_settings":null,"limit_modified_date":false,"ai":null,"created":"2024-09-02 12:51:49","updated":"2025-06-04 10:45:19","seo_analyzer_scan_date":null,"focus_keyword":null,"additional_keywords":null,"truseo_locale":null},"aioseo_breadcrumb":"<div class=\"aioseo-breadcrumbs\"><span class=\"aioseo-breadcrumb\">\n\t\t\t<a href=\"https:\/\/wia.net.pl\" title=\"Home\">Home<\/a>\n\t\t<\/span><span class=\"aioseo-breadcrumb-separator\">&raquo;<\/span><span class=\"aioseo-breadcrumb\">\n\t\t\t<a href=\"https:\/\/wia.net.pl\/index.php\/category\/prawonaturalne\/\" title=\"Prawo naturalne\">Prawo naturalne<\/a>\n\t\t<\/span><span class=\"aioseo-breadcrumb-separator\">&raquo;<\/span><span class=\"aioseo-breadcrumb\">\n\t\t\tMark Passio \u2013 Kult Czarnego s\u0142o\u0144ca \u2013 Faszyzm i Komunizm \u2013 Cz4\/7\n\t\t<\/span><\/div>","aioseo_breadcrumb_json":[{"label":"Home","link":"https:\/\/wia.net.pl"},{"label":"Prawo naturalne","link":"https:\/\/wia.net.pl\/index.php\/category\/prawonaturalne\/"},{"label":"Mark Passio \u2013 Kult Czarnego s\u0142o\u0144ca \u2013 Faszyzm i Komunizm \u2013 Cz4\/7","link":"https:\/\/wia.net.pl\/index.php\/2024\/09\/02\/mark-passio-kult-czarnego-slonca-faszyzm-i-komunizm-cz4-7\/"}],"_links":{"self":[{"href":"https:\/\/wia.net.pl\/index.php\/wp-json\/wp\/v2\/posts\/8838"}],"collection":[{"href":"https:\/\/wia.net.pl\/index.php\/wp-json\/wp\/v2\/posts"}],"about":[{"href":"https:\/\/wia.net.pl\/index.php\/wp-json\/wp\/v2\/types\/post"}],"author":[{"embeddable":true,"href":"https:\/\/wia.net.pl\/index.php\/wp-json\/wp\/v2\/users\/3"}],"replies":[{"embeddable":true,"href":"https:\/\/wia.net.pl\/index.php\/wp-json\/wp\/v2\/comments?post=8838"}],"version-history":[{"count":2,"href":"https:\/\/wia.net.pl\/index.php\/wp-json\/wp\/v2\/posts\/8838\/revisions"}],"predecessor-version":[{"id":8840,"href":"https:\/\/wia.net.pl\/index.php\/wp-json\/wp\/v2\/posts\/8838\/revisions\/8840"}],"wp:featuredmedia":[{"embeddable":true,"href":"https:\/\/wia.net.pl\/index.php\/wp-json\/wp\/v2\/media\/8841"}],"wp:attachment":[{"href":"https:\/\/wia.net.pl\/index.php\/wp-json\/wp\/v2\/media?parent=8838"}],"wp:term":[{"taxonomy":"category","embeddable":true,"href":"https:\/\/wia.net.pl\/index.php\/wp-json\/wp\/v2\/categories?post=8838"},{"taxonomy":"post_tag","embeddable":true,"href":"https:\/\/wia.net.pl\/index.php\/wp-json\/wp\/v2\/tags?post=8838"}],"curies":[{"name":"wp","href":"https:\/\/api.w.org\/{rel}","templated":true}]}}