{"id":8940,"date":"2024-09-17T21:43:25","date_gmt":"2024-09-17T19:43:25","guid":{"rendered":"https:\/\/wia.net.pl\/?p=8940"},"modified":"2024-09-17T21:43:25","modified_gmt":"2024-09-17T19:43:25","slug":"lavavitae-konwencja-2018r-prof-dr-med-karl-hecht","status":"publish","type":"post","link":"https:\/\/wia.net.pl\/index.php\/2024\/09\/17\/lavavitae-konwencja-2018r-prof-dr-med-karl-hecht\/","title":{"rendered":"LavaVitae konwencja 2018r &#8211; prof. dr. med. Karl Hecht"},"content":{"rendered":"\n<p>Wyst\u0105pienie prof. dr. med. Karla Hechta na konwencji LavaVitae w 2018 r.<\/p>\n\n\n\n<p>\u0179r\u00f3d\u0142o:&nbsp;<a href=\"https:\/\/www.youtube.com\/@MojaLavaPL\" target=\"_blank\" rel=\"noreferrer noopener\">https:\/\/www.youtube.com\/@MojaLavaPL<\/a><\/p>\n\n\n\n<p><strong>Tu zakupisz oryginalny produkt Lava Pure i inne:\u00a0<a href=\"https:\/\/6763620.lvpartner.com\/shop\" target=\"_blank\" rel=\"noreferrer noopener\">https:\/\/6763620.lvpartner.com\/shop<\/a><\/strong><br>FB:\u00a0<a href=\"https:\/\/www.facebook.com\/profile.php?id=100089385684214\" target=\"_blank\" rel=\"noreferrer noopener\">https:\/\/www.facebook.com\/profile.php?id=100089385684214<\/a><br>Numer identyfikacyjny partnera: ID: 6763620<br>Anna GSM: 695 949 707<br>Mail: umyslcialoduch@gmail.com<br>Link do zakupu pakiet\u00f3w dla tych kt\u00f3rzy przetestowali produkt i s\u0105 zdecydowani na wsp\u00f3\u0142prace biznesow\u0105:\u00a0<a href=\"https:\/\/www.lavavitae.com\/index.php?ctrl=UHUwRmY5YmlSUEFja21mNVJhY0grZz09&amp;P\" target=\"_blank\" rel=\"noreferrer noopener\">https:\/\/www.lavavitae.com\/index.php?ctrl=UHUwRmY5YmlSUEFja21mNVJhY0grZz09&amp;P<\/a><\/p>\n\n\n\n<figure class=\"wp-block-video\"><video controls poster=\"https:\/\/wia.net.pl\/wp-content\/uploads\/2024\/09\/karl-hecht-konwencja.jpg\" src=\"https:\/\/wia.net.pl\/wp-content\/uploads\/2024\/09\/LavaVitae-konwencja-2018r-prof-Karl-Hecht.mp4\"><\/video><\/figure>\n","protected":false},"excerpt":{"rendered":"<p>Wyst\u0105pienie prof. dr. med. Karla Hechta na konwencji LavaVitae w 2018 r. \u0179r\u00f3d\u0142o:&nbsp;https:\/\/www.youtube.com\/@MojaLavaPL Tu zakupisz oryginalny produkt Lava Pure i inne:\u00a0https:\/\/6763620.lvpartner.com\/shopFB:\u00a0https:\/\/www.facebook.com\/profile.php?id=100089385684214Numer identyfikacyjny partnera: ID: 6763620Anna GSM: 695 949 707Mail: umyslcialoduch@gmail.comLink do zakupu pakiet\u00f3w dla tych kt\u00f3rzy przetestowali produkt i s\u0105&#8230; <\/p>\n","protected":false},"author":3,"featured_media":8941,"comment_status":"open","ping_status":"open","sticky":false,"template":"","format":"standard","meta":{"_acf_changed":false,"_bbp_topic_count":0,"_bbp_reply_count":0,"_bbp_total_topic_count":0,"_bbp_total_reply_count":0,"_bbp_voice_count":0,"_bbp_anonymous_reply_count":0,"_bbp_topic_count_hidden":0,"_bbp_reply_count_hidden":0,"_bbp_forum_subforum_count":0,"om_disable_all_campaigns":false,"_monsterinsights_skip_tracking":false,"footnotes":""},"categories":[148],"tags":[102,79,80,84,86,85,81,87,101,164],"class_list":["post-8940","post","type-post","status-publish","format-standard","has-post-thumbnail","hentry","category-webinary","tag-chemia-w-zywnosci","tag-detoksykacja","tag-detox","tag-lava-vitae","tag-metale-ciezkie","tag-natura","tag-oczyszczanie","tag-pierwiastki-promieniotworcze","tag-vita-pure","tag-zdrowie"],"acf":[],"aioseo_notices":[],"aioseo_head":"\n\t\t<!-- All in One SEO 5.0.1.1 - aioseo.com -->\n\t<meta name=\"description\" content=\"Wyst\u0105pienie prof. dr. med. Karla Hechta na konwencji LavaVitae w 2018 r. \u0179r\u00f3d\u0142o: https:\/\/www.youtube.com\/@MojaLavaPL Tu zakupisz oryginalny produkt Lava Pure i inne: https:\/\/6763620.lvpartner.com\/shopFB: https:\/\/www.facebook.com\/profile.php?id=100089385684214Numer identyfikacyjny partnera: ID: 6763620Anna GSM: 695 949 707Mail: umyslcialoduch@gmail.comLink do zakupu pakiet\u00f3w dla tych kt\u00f3rzy przetestowali produkt i s\u0105 zdecydowani na wsp\u00f3\u0142prace biznesow\u0105: https:\/\/www.lavavitae.com\/index.php?ctrl=UHUwRmY5YmlSUEFja21mNVJhY0grZz09&amp;P\" \/>\n\t<meta name=\"robots\" content=\"max-image-preview:large\" \/>\n\t<meta name=\"author\" content=\"Bart\u0142omiej Talarczyk\"\/>\n\t<link rel=\"canonical\" href=\"https:\/\/wia.net.pl\/index.php\/2024\/09\/17\/lavavitae-konwencja-2018r-prof-dr-med-karl-hecht\/\" \/>\n\t<meta name=\"generator\" content=\"All in One SEO (AIOSEO) 5.0.1.1\" \/>\n\t\t<meta property=\"og:locale\" content=\"pl_PL\" \/>\n\t\t<meta property=\"og:site_name\" content=\"Wolno\u015b\u0107 i Anarchia - Ka\u017cdy wewn\u0119trznie jest anarchist\u0105.\" \/>\n\t\t<meta property=\"og:type\" content=\"article\" \/>\n\t\t<meta property=\"og:title\" content=\"LavaVitae konwencja 2018r \u2013 prof. dr. med. Karl Hecht - Wolno\u015b\u0107 i Anarchia\" \/>\n\t\t<meta property=\"og:description\" content=\"Wyst\u0105pienie prof. dr. med. Karla Hechta na konwencji LavaVitae w 2018 r. \u0179r\u00f3d\u0142o: https:\/\/www.youtube.com\/@MojaLavaPL Tu zakupisz oryginalny produkt Lava Pure i inne: https:\/\/6763620.lvpartner.com\/shopFB: https:\/\/www.facebook.com\/profile.php?id=100089385684214Numer identyfikacyjny partnera: ID: 6763620Anna GSM: 695 949 707Mail: umyslcialoduch@gmail.comLink do zakupu pakiet\u00f3w dla tych kt\u00f3rzy przetestowali produkt i s\u0105 zdecydowani na wsp\u00f3\u0142prace biznesow\u0105: https:\/\/www.lavavitae.com\/index.php?ctrl=UHUwRmY5YmlSUEFja21mNVJhY0grZz09&amp;P\" \/>\n\t\t<meta property=\"og:url\" content=\"https:\/\/wia.net.pl\/index.php\/2024\/09\/17\/lavavitae-konwencja-2018r-prof-dr-med-karl-hecht\/\" \/>\n\t\t<meta property=\"og:image\" content=\"https:\/\/wia.net.pl\/wp-content\/uploads\/2023\/11\/cropped-freedom-i73367.jpg\" \/>\n\t\t<meta property=\"og:image:secure_url\" content=\"https:\/\/wia.net.pl\/wp-content\/uploads\/2023\/11\/cropped-freedom-i73367.jpg\" \/>\n\t\t<meta property=\"article:published_time\" content=\"2024-09-17T19:43:25+00:00\" \/>\n\t\t<meta property=\"article:modified_time\" content=\"2024-09-17T19:43:25+00:00\" \/>\n\t\t<meta name=\"twitter:card\" content=\"summary_large_image\" \/>\n\t\t<meta name=\"twitter:title\" content=\"LavaVitae konwencja 2018r \u2013 prof. dr. med. Karl Hecht - Wolno\u015b\u0107 i Anarchia\" \/>\n\t\t<meta name=\"twitter:description\" content=\"Wyst\u0105pienie prof. dr. med. Karla Hechta na konwencji LavaVitae w 2018 r. \u0179r\u00f3d\u0142o: https:\/\/www.youtube.com\/@MojaLavaPL Tu zakupisz oryginalny produkt Lava Pure i inne: https:\/\/6763620.lvpartner.com\/shopFB: https:\/\/www.facebook.com\/profile.php?id=100089385684214Numer identyfikacyjny partnera: ID: 6763620Anna GSM: 695 949 707Mail: umyslcialoduch@gmail.comLink do zakupu pakiet\u00f3w dla tych kt\u00f3rzy przetestowali produkt i s\u0105 zdecydowani na wsp\u00f3\u0142prace biznesow\u0105: https:\/\/www.lavavitae.com\/index.php?ctrl=UHUwRmY5YmlSUEFja21mNVJhY0grZz09&amp;P\" \/>\n\t\t<meta name=\"twitter:image\" content=\"https:\/\/wia.net.pl\/wp-content\/uploads\/2023\/11\/cropped-freedom-i73367.jpg\" \/>\n\t\t<script type=\"application\/ld+json\" class=\"aioseo-schema\">\n\t\t\t{\"@context\":\"https:\\\/\\\/schema.org\",\"@graph\":[{\"@type\":\"BlogPosting\",\"@id\":\"https:\\\/\\\/wia.net.pl\\\/index.php\\\/2024\\\/09\\\/17\\\/lavavitae-konwencja-2018r-prof-dr-med-karl-hecht\\\/#blogposting\",\"name\":\"LavaVitae konwencja 2018r \\u2013 prof. dr. med. Karl Hecht - Wolno\\u015b\\u0107 i Anarchia\",\"headline\":\"LavaVitae konwencja 2018r &#8211; prof. dr. med. Karl Hecht\",\"author\":{\"@id\":\"https:\\\/\\\/wia.net.pl\\\/index.php\\\/author\\\/talar\\\/#author\"},\"publisher\":{\"@id\":\"https:\\\/\\\/wia.net.pl\\\/#person\"},\"image\":{\"@type\":\"ImageObject\",\"url\":\"https:\\\/\\\/wia.net.pl\\\/wp-content\\\/uploads\\\/2024\\\/09\\\/karl-hecht-konwencja.jpg\",\"width\":1920,\"height\":1080},\"datePublished\":\"2024-09-17T21:43:25+02:00\",\"dateModified\":\"2024-09-17T21:43:25+02:00\",\"inLanguage\":\"pl-PL\",\"mainEntityOfPage\":{\"@id\":\"https:\\\/\\\/wia.net.pl\\\/index.php\\\/2024\\\/09\\\/17\\\/lavavitae-konwencja-2018r-prof-dr-med-karl-hecht\\\/#webpage\"},\"isPartOf\":{\"@id\":\"https:\\\/\\\/wia.net.pl\\\/index.php\\\/2024\\\/09\\\/17\\\/lavavitae-konwencja-2018r-prof-dr-med-karl-hecht\\\/#webpage\"},\"articleSection\":\"Webinary, Chemia w \\u017cywno\\u015bci, Detoksykacja, Detox, Lava Vitae, Metale ci\\u0119\\u017ckie, Natura, Oczyszczanie, Pierwiastki promieniotw\\u00f3rcze, Vita Pure, zdrowie\"},{\"@type\":\"BreadcrumbList\",\"@id\":\"https:\\\/\\\/wia.net.pl\\\/index.php\\\/2024\\\/09\\\/17\\\/lavavitae-konwencja-2018r-prof-dr-med-karl-hecht\\\/#breadcrumblist\",\"itemListElement\":[{\"@type\":\"ListItem\",\"@id\":\"https:\\\/\\\/wia.net.pl#listItem\",\"position\":1,\"name\":\"Home\",\"item\":\"https:\\\/\\\/wia.net.pl\",\"nextItem\":{\"@type\":\"ListItem\",\"@id\":\"https:\\\/\\\/wia.net.pl\\\/index.php\\\/category\\\/medycynaizdrowie\\\/#listItem\",\"name\":\"LavaVitae\"}},{\"@type\":\"ListItem\",\"@id\":\"https:\\\/\\\/wia.net.pl\\\/index.php\\\/category\\\/medycynaizdrowie\\\/#listItem\",\"position\":2,\"name\":\"LavaVitae\",\"item\":\"https:\\\/\\\/wia.net.pl\\\/index.php\\\/category\\\/medycynaizdrowie\\\/\",\"nextItem\":{\"@type\":\"ListItem\",\"@id\":\"https:\\\/\\\/wia.net.pl\\\/index.php\\\/category\\\/medycynaizdrowie\\\/webinary\\\/#listItem\",\"name\":\"Webinary\"},\"previousItem\":{\"@type\":\"ListItem\",\"@id\":\"https:\\\/\\\/wia.net.pl#listItem\",\"name\":\"Home\"}},{\"@type\":\"ListItem\",\"@id\":\"https:\\\/\\\/wia.net.pl\\\/index.php\\\/category\\\/medycynaizdrowie\\\/webinary\\\/#listItem\",\"position\":3,\"name\":\"Webinary\",\"item\":\"https:\\\/\\\/wia.net.pl\\\/index.php\\\/category\\\/medycynaizdrowie\\\/webinary\\\/\",\"nextItem\":{\"@type\":\"ListItem\",\"@id\":\"https:\\\/\\\/wia.net.pl\\\/index.php\\\/2024\\\/09\\\/17\\\/lavavitae-konwencja-2018r-prof-dr-med-karl-hecht\\\/#listItem\",\"name\":\"LavaVitae konwencja 2018r &#8211; prof. dr. med. Karl Hecht\"},\"previousItem\":{\"@type\":\"ListItem\",\"@id\":\"https:\\\/\\\/wia.net.pl\\\/index.php\\\/category\\\/medycynaizdrowie\\\/#listItem\",\"name\":\"LavaVitae\"}},{\"@type\":\"ListItem\",\"@id\":\"https:\\\/\\\/wia.net.pl\\\/index.php\\\/2024\\\/09\\\/17\\\/lavavitae-konwencja-2018r-prof-dr-med-karl-hecht\\\/#listItem\",\"position\":4,\"name\":\"LavaVitae konwencja 2018r &#8211; prof. dr. med. Karl Hecht\",\"previousItem\":{\"@type\":\"ListItem\",\"@id\":\"https:\\\/\\\/wia.net.pl\\\/index.php\\\/category\\\/medycynaizdrowie\\\/webinary\\\/#listItem\",\"name\":\"Webinary\"}}]},{\"@type\":\"Person\",\"@id\":\"https:\\\/\\\/wia.net.pl\\\/#person\",\"name\":\"Bart\\u0142omiej Talarczyk\",\"image\":{\"@type\":\"ImageObject\",\"@id\":\"https:\\\/\\\/wia.net.pl\\\/index.php\\\/2024\\\/09\\\/17\\\/lavavitae-konwencja-2018r-prof-dr-med-karl-hecht\\\/#personImage\",\"url\":\"https:\\\/\\\/wia.net.pl\\\/wp-content\\\/uploads\\\/avatar-privacy\\\/cache\\\/user\\\/1\\\/7\\\/176a6b161c58363ff49b5c167264231f519f5c7fa183ca1f61e891769b6b56d5-96.jpg\",\"width\":96,\"height\":96,\"caption\":\"Bart\\u0142omiej Talarczyk\"}},{\"@type\":\"Person\",\"@id\":\"https:\\\/\\\/wia.net.pl\\\/index.php\\\/author\\\/talar\\\/#author\",\"url\":\"https:\\\/\\\/wia.net.pl\\\/index.php\\\/author\\\/talar\\\/\",\"name\":\"Bart\\u0142omiej Talarczyk\",\"image\":{\"@type\":\"ImageObject\",\"@id\":\"https:\\\/\\\/wia.net.pl\\\/index.php\\\/2024\\\/09\\\/17\\\/lavavitae-konwencja-2018r-prof-dr-med-karl-hecht\\\/#authorImage\",\"url\":\"https:\\\/\\\/wia.net.pl\\\/wp-content\\\/uploads\\\/avatar-privacy\\\/cache\\\/user\\\/1\\\/7\\\/176a6b161c58363ff49b5c167264231f519f5c7fa183ca1f61e891769b6b56d5-96.jpg\",\"width\":96,\"height\":96,\"caption\":\"Bart\\u0142omiej Talarczyk\"}},{\"@type\":\"WebPage\",\"@id\":\"https:\\\/\\\/wia.net.pl\\\/index.php\\\/2024\\\/09\\\/17\\\/lavavitae-konwencja-2018r-prof-dr-med-karl-hecht\\\/#webpage\",\"url\":\"https:\\\/\\\/wia.net.pl\\\/index.php\\\/2024\\\/09\\\/17\\\/lavavitae-konwencja-2018r-prof-dr-med-karl-hecht\\\/\",\"name\":\"LavaVitae konwencja 2018r \\u2013 prof. dr. med. Karl Hecht - Wolno\\u015b\\u0107 i Anarchia\",\"description\":\"Wyst\\u0105pienie prof. dr. med. Karla Hechta na konwencji LavaVitae w 2018 r. \\u0179r\\u00f3d\\u0142o: https:\\\/\\\/www.youtube.com\\\/@MojaLavaPL Tu zakupisz oryginalny produkt Lava Pure i inne: https:\\\/\\\/6763620.lvpartner.com\\\/shopFB: https:\\\/\\\/www.facebook.com\\\/profile.php?id=100089385684214Numer identyfikacyjny partnera: ID: 6763620Anna GSM: 695 949 707Mail: umyslcialoduch@gmail.comLink do zakupu pakiet\\u00f3w dla tych kt\\u00f3rzy przetestowali produkt i s\\u0105 zdecydowani na wsp\\u00f3\\u0142prace biznesow\\u0105: https:\\\/\\\/www.lavavitae.com\\\/index.php?ctrl=UHUwRmY5YmlSUEFja21mNVJhY0grZz09&P\",\"inLanguage\":\"pl-PL\",\"isPartOf\":{\"@id\":\"https:\\\/\\\/wia.net.pl\\\/#website\"},\"breadcrumb\":{\"@id\":\"https:\\\/\\\/wia.net.pl\\\/index.php\\\/2024\\\/09\\\/17\\\/lavavitae-konwencja-2018r-prof-dr-med-karl-hecht\\\/#breadcrumblist\"},\"author\":{\"@id\":\"https:\\\/\\\/wia.net.pl\\\/index.php\\\/author\\\/talar\\\/#author\"},\"creator\":{\"@id\":\"https:\\\/\\\/wia.net.pl\\\/index.php\\\/author\\\/talar\\\/#author\"},\"image\":{\"@type\":\"ImageObject\",\"url\":\"https:\\\/\\\/wia.net.pl\\\/wp-content\\\/uploads\\\/2024\\\/09\\\/karl-hecht-konwencja.jpg\",\"@id\":\"https:\\\/\\\/wia.net.pl\\\/index.php\\\/2024\\\/09\\\/17\\\/lavavitae-konwencja-2018r-prof-dr-med-karl-hecht\\\/#mainImage\",\"width\":1920,\"height\":1080},\"primaryImageOfPage\":{\"@id\":\"https:\\\/\\\/wia.net.pl\\\/index.php\\\/2024\\\/09\\\/17\\\/lavavitae-konwencja-2018r-prof-dr-med-karl-hecht\\\/#mainImage\"},\"datePublished\":\"2024-09-17T21:43:25+02:00\",\"dateModified\":\"2024-09-17T21:43:25+02:00\"},{\"@type\":\"WebSite\",\"@id\":\"https:\\\/\\\/wia.net.pl\\\/#website\",\"url\":\"https:\\\/\\\/wia.net.pl\\\/\",\"name\":\"Wolno\\u015b\\u0107 i Anarchia\",\"description\":\"Ka\\u017cdy wewn\\u0119trznie jest anarchist\\u0105.\",\"inLanguage\":\"pl-PL\",\"publisher\":{\"@id\":\"https:\\\/\\\/wia.net.pl\\\/#person\"}}]}\n\t\t<\/script>\n\t\t<!-- All in One SEO -->\n\n","aioseo_head_json":{"title":"LavaVitae konwencja 2018r \u2013 prof. dr. med. Karl Hecht - Wolno\u015b\u0107 i Anarchia","description":"Wyst\u0105pienie prof. dr. med. Karla Hechta na konwencji LavaVitae w 2018 r. \u0179r\u00f3d\u0142o: https:\/\/www.youtube.com\/@MojaLavaPL Tu zakupisz oryginalny produkt Lava Pure i inne: https:\/\/6763620.lvpartner.com\/shopFB: https:\/\/www.facebook.com\/profile.php?id=100089385684214Numer identyfikacyjny partnera: ID: 6763620Anna GSM: 695 949 707Mail: umyslcialoduch@gmail.comLink do zakupu pakiet\u00f3w dla tych kt\u00f3rzy przetestowali produkt i s\u0105 zdecydowani na wsp\u00f3\u0142prace biznesow\u0105: https:\/\/www.lavavitae.com\/index.php?ctrl=UHUwRmY5YmlSUEFja21mNVJhY0grZz09&P","canonical_url":"https:\/\/wia.net.pl\/index.php\/2024\/09\/17\/lavavitae-konwencja-2018r-prof-dr-med-karl-hecht\/","robots":"max-image-preview:large","keywords":"","webmasterTools":{"miscellaneous":""},"schema":{"@context":"https:\/\/schema.org","@graph":[{"@type":"BlogPosting","@id":"https:\/\/wia.net.pl\/index.php\/2024\/09\/17\/lavavitae-konwencja-2018r-prof-dr-med-karl-hecht\/#blogposting","name":"LavaVitae konwencja 2018r \u2013 prof. dr. med. Karl Hecht - Wolno\u015b\u0107 i Anarchia","headline":"LavaVitae konwencja 2018r &#8211; prof. dr. med. Karl Hecht","author":{"@id":"https:\/\/wia.net.pl\/index.php\/author\/talar\/#author"},"publisher":{"@id":"https:\/\/wia.net.pl\/#person"},"image":{"@type":"ImageObject","url":"https:\/\/wia.net.pl\/wp-content\/uploads\/2024\/09\/karl-hecht-konwencja.jpg","width":1920,"height":1080},"datePublished":"2024-09-17T21:43:25+02:00","dateModified":"2024-09-17T21:43:25+02:00","inLanguage":"pl-PL","mainEntityOfPage":{"@id":"https:\/\/wia.net.pl\/index.php\/2024\/09\/17\/lavavitae-konwencja-2018r-prof-dr-med-karl-hecht\/#webpage"},"isPartOf":{"@id":"https:\/\/wia.net.pl\/index.php\/2024\/09\/17\/lavavitae-konwencja-2018r-prof-dr-med-karl-hecht\/#webpage"},"articleSection":"Webinary, Chemia w \u017cywno\u015bci, Detoksykacja, Detox, Lava Vitae, Metale ci\u0119\u017ckie, Natura, Oczyszczanie, Pierwiastki promieniotw\u00f3rcze, Vita Pure, zdrowie"},{"@type":"BreadcrumbList","@id":"https:\/\/wia.net.pl\/index.php\/2024\/09\/17\/lavavitae-konwencja-2018r-prof-dr-med-karl-hecht\/#breadcrumblist","itemListElement":[{"@type":"ListItem","@id":"https:\/\/wia.net.pl#listItem","position":1,"name":"Home","item":"https:\/\/wia.net.pl","nextItem":{"@type":"ListItem","@id":"https:\/\/wia.net.pl\/index.php\/category\/medycynaizdrowie\/#listItem","name":"LavaVitae"}},{"@type":"ListItem","@id":"https:\/\/wia.net.pl\/index.php\/category\/medycynaizdrowie\/#listItem","position":2,"name":"LavaVitae","item":"https:\/\/wia.net.pl\/index.php\/category\/medycynaizdrowie\/","nextItem":{"@type":"ListItem","@id":"https:\/\/wia.net.pl\/index.php\/category\/medycynaizdrowie\/webinary\/#listItem","name":"Webinary"},"previousItem":{"@type":"ListItem","@id":"https:\/\/wia.net.pl#listItem","name":"Home"}},{"@type":"ListItem","@id":"https:\/\/wia.net.pl\/index.php\/category\/medycynaizdrowie\/webinary\/#listItem","position":3,"name":"Webinary","item":"https:\/\/wia.net.pl\/index.php\/category\/medycynaizdrowie\/webinary\/","nextItem":{"@type":"ListItem","@id":"https:\/\/wia.net.pl\/index.php\/2024\/09\/17\/lavavitae-konwencja-2018r-prof-dr-med-karl-hecht\/#listItem","name":"LavaVitae konwencja 2018r &#8211; prof. dr. med. Karl Hecht"},"previousItem":{"@type":"ListItem","@id":"https:\/\/wia.net.pl\/index.php\/category\/medycynaizdrowie\/#listItem","name":"LavaVitae"}},{"@type":"ListItem","@id":"https:\/\/wia.net.pl\/index.php\/2024\/09\/17\/lavavitae-konwencja-2018r-prof-dr-med-karl-hecht\/#listItem","position":4,"name":"LavaVitae konwencja 2018r &#8211; prof. dr. med. Karl Hecht","previousItem":{"@type":"ListItem","@id":"https:\/\/wia.net.pl\/index.php\/category\/medycynaizdrowie\/webinary\/#listItem","name":"Webinary"}}]},{"@type":"Person","@id":"https:\/\/wia.net.pl\/#person","name":"Bart\u0142omiej Talarczyk","image":{"@type":"ImageObject","@id":"https:\/\/wia.net.pl\/index.php\/2024\/09\/17\/lavavitae-konwencja-2018r-prof-dr-med-karl-hecht\/#personImage","url":"https:\/\/wia.net.pl\/wp-content\/uploads\/avatar-privacy\/cache\/user\/1\/7\/176a6b161c58363ff49b5c167264231f519f5c7fa183ca1f61e891769b6b56d5-96.jpg","width":96,"height":96,"caption":"Bart\u0142omiej Talarczyk"}},{"@type":"Person","@id":"https:\/\/wia.net.pl\/index.php\/author\/talar\/#author","url":"https:\/\/wia.net.pl\/index.php\/author\/talar\/","name":"Bart\u0142omiej Talarczyk","image":{"@type":"ImageObject","@id":"https:\/\/wia.net.pl\/index.php\/2024\/09\/17\/lavavitae-konwencja-2018r-prof-dr-med-karl-hecht\/#authorImage","url":"https:\/\/wia.net.pl\/wp-content\/uploads\/avatar-privacy\/cache\/user\/1\/7\/176a6b161c58363ff49b5c167264231f519f5c7fa183ca1f61e891769b6b56d5-96.jpg","width":96,"height":96,"caption":"Bart\u0142omiej Talarczyk"}},{"@type":"WebPage","@id":"https:\/\/wia.net.pl\/index.php\/2024\/09\/17\/lavavitae-konwencja-2018r-prof-dr-med-karl-hecht\/#webpage","url":"https:\/\/wia.net.pl\/index.php\/2024\/09\/17\/lavavitae-konwencja-2018r-prof-dr-med-karl-hecht\/","name":"LavaVitae konwencja 2018r \u2013 prof. dr. med. Karl Hecht - Wolno\u015b\u0107 i Anarchia","description":"Wyst\u0105pienie prof. dr. med. Karla Hechta na konwencji LavaVitae w 2018 r. \u0179r\u00f3d\u0142o: https:\/\/www.youtube.com\/@MojaLavaPL Tu zakupisz oryginalny produkt Lava Pure i inne: https:\/\/6763620.lvpartner.com\/shopFB: https:\/\/www.facebook.com\/profile.php?id=100089385684214Numer identyfikacyjny partnera: ID: 6763620Anna GSM: 695 949 707Mail: umyslcialoduch@gmail.comLink do zakupu pakiet\u00f3w dla tych kt\u00f3rzy przetestowali produkt i s\u0105 zdecydowani na wsp\u00f3\u0142prace biznesow\u0105: https:\/\/www.lavavitae.com\/index.php?ctrl=UHUwRmY5YmlSUEFja21mNVJhY0grZz09&P","inLanguage":"pl-PL","isPartOf":{"@id":"https:\/\/wia.net.pl\/#website"},"breadcrumb":{"@id":"https:\/\/wia.net.pl\/index.php\/2024\/09\/17\/lavavitae-konwencja-2018r-prof-dr-med-karl-hecht\/#breadcrumblist"},"author":{"@id":"https:\/\/wia.net.pl\/index.php\/author\/talar\/#author"},"creator":{"@id":"https:\/\/wia.net.pl\/index.php\/author\/talar\/#author"},"image":{"@type":"ImageObject","url":"https:\/\/wia.net.pl\/wp-content\/uploads\/2024\/09\/karl-hecht-konwencja.jpg","@id":"https:\/\/wia.net.pl\/index.php\/2024\/09\/17\/lavavitae-konwencja-2018r-prof-dr-med-karl-hecht\/#mainImage","width":1920,"height":1080},"primaryImageOfPage":{"@id":"https:\/\/wia.net.pl\/index.php\/2024\/09\/17\/lavavitae-konwencja-2018r-prof-dr-med-karl-hecht\/#mainImage"},"datePublished":"2024-09-17T21:43:25+02:00","dateModified":"2024-09-17T21:43:25+02:00"},{"@type":"WebSite","@id":"https:\/\/wia.net.pl\/#website","url":"https:\/\/wia.net.pl\/","name":"Wolno\u015b\u0107 i Anarchia","description":"Ka\u017cdy wewn\u0119trznie jest anarchist\u0105.","inLanguage":"pl-PL","publisher":{"@id":"https:\/\/wia.net.pl\/#person"}}]},"og:locale":"pl_PL","og:site_name":"Wolno\u015b\u0107 i Anarchia - Ka\u017cdy wewn\u0119trznie jest anarchist\u0105.","og:type":"article","og:title":"LavaVitae konwencja 2018r \u2013 prof. dr. med. Karl Hecht - Wolno\u015b\u0107 i Anarchia","og:description":"Wyst\u0105pienie prof. dr. med. Karla Hechta na konwencji LavaVitae w 2018 r. \u0179r\u00f3d\u0142o: https:\/\/www.youtube.com\/@MojaLavaPL Tu zakupisz oryginalny produkt Lava Pure i inne: https:\/\/6763620.lvpartner.com\/shopFB: https:\/\/www.facebook.com\/profile.php?id=100089385684214Numer identyfikacyjny partnera: ID: 6763620Anna GSM: 695 949 707Mail: umyslcialoduch@gmail.comLink do zakupu pakiet\u00f3w dla tych kt\u00f3rzy przetestowali produkt i s\u0105 zdecydowani na wsp\u00f3\u0142prace biznesow\u0105: https:\/\/www.lavavitae.com\/index.php?ctrl=UHUwRmY5YmlSUEFja21mNVJhY0grZz09&amp;P","og:url":"https:\/\/wia.net.pl\/index.php\/2024\/09\/17\/lavavitae-konwencja-2018r-prof-dr-med-karl-hecht\/","og:image":"https:\/\/wia.net.pl\/wp-content\/uploads\/2023\/11\/cropped-freedom-i73367.jpg","og:image:secure_url":"https:\/\/wia.net.pl\/wp-content\/uploads\/2023\/11\/cropped-freedom-i73367.jpg","article:published_time":"2024-09-17T19:43:25+00:00","article:modified_time":"2024-09-17T19:43:25+00:00","twitter:card":"summary_large_image","twitter:title":"LavaVitae konwencja 2018r \u2013 prof. dr. med. Karl Hecht - Wolno\u015b\u0107 i Anarchia","twitter:description":"Wyst\u0105pienie prof. dr. med. Karla Hechta na konwencji LavaVitae w 2018 r. \u0179r\u00f3d\u0142o: https:\/\/www.youtube.com\/@MojaLavaPL Tu zakupisz oryginalny produkt Lava Pure i inne: https:\/\/6763620.lvpartner.com\/shopFB: https:\/\/www.facebook.com\/profile.php?id=100089385684214Numer identyfikacyjny partnera: ID: 6763620Anna GSM: 695 949 707Mail: umyslcialoduch@gmail.comLink do zakupu pakiet\u00f3w dla tych kt\u00f3rzy przetestowali produkt i s\u0105 zdecydowani na wsp\u00f3\u0142prace biznesow\u0105: https:\/\/www.lavavitae.com\/index.php?ctrl=UHUwRmY5YmlSUEFja21mNVJhY0grZz09&amp;P","twitter:image":"https:\/\/wia.net.pl\/wp-content\/uploads\/2023\/11\/cropped-freedom-i73367.jpg"},"aioseo_meta_data":{"post_id":"8940","title":null,"description":null,"keywords":null,"keyphrases":{"focus":{"keyphrase":"","score":0,"analysis":{"keyphraseInTitle":{"score":0,"maxScore":9,"error":1}}},"additional":[]},"primary_term":null,"canonical_url":null,"og_title":null,"og_description":null,"og_object_type":"default","og_image_type":"default","og_image_url":null,"og_image_width":null,"og_image_height":null,"og_image_custom_url":null,"og_image_custom_fields":null,"og_video":"","og_custom_url":null,"og_article_section":null,"og_article_tags":null,"twitter_use_og":false,"twitter_card":"default","twitter_image_type":"default","twitter_image_url":null,"twitter_image_custom_url":null,"twitter_image_custom_fields":null,"twitter_title":null,"twitter_description":null,"schema":{"blockGraphs":[],"customGraphs":[],"default":{"data":{"Article":[],"Course":[],"Dataset":[],"FAQPage":[],"Movie":[],"Person":[],"Product":[],"ProductReview":[],"Car":[],"Recipe":[],"Service":[],"SoftwareApplication":[],"WebPage":[]},"graphName":"BlogPosting","isEnabled":true},"graphs":[]},"schema_type":"default","schema_type_options":null,"pillar_content":false,"robots_default":true,"robots_noindex":false,"robots_noarchive":false,"robots_nosnippet":false,"robots_nofollow":false,"robots_noimageindex":false,"robots_noodp":false,"robots_notranslate":false,"robots_max_snippet":"-1","robots_max_videopreview":"-1","robots_max_imagepreview":"large","priority":null,"frequency":"default","local_seo":null,"breadcrumb_settings":null,"limit_modified_date":false,"ai":null,"created":"2024-09-17 19:43:26","updated":"2025-06-04 10:46:26","seo_analyzer_scan_date":null,"focus_keyword":null,"additional_keywords":null,"truseo_locale":null},"aioseo_breadcrumb":"<div class=\"aioseo-breadcrumbs\"><span class=\"aioseo-breadcrumb\">\n\t\t\t<a href=\"https:\/\/wia.net.pl\" title=\"Home\">Home<\/a>\n\t\t<\/span><span class=\"aioseo-breadcrumb-separator\">&raquo;<\/span><span class=\"aioseo-breadcrumb\">\n\t\t\t<a href=\"https:\/\/wia.net.pl\/index.php\/category\/medycynaizdrowie\/\" title=\"LavaVitae\">LavaVitae<\/a>\n\t\t<\/span><span class=\"aioseo-breadcrumb-separator\">&raquo;<\/span><span class=\"aioseo-breadcrumb\">\n\t\t\t<a href=\"https:\/\/wia.net.pl\/index.php\/category\/medycynaizdrowie\/webinary\/\" title=\"Webinary\">Webinary<\/a>\n\t\t<\/span><span class=\"aioseo-breadcrumb-separator\">&raquo;<\/span><span class=\"aioseo-breadcrumb\">\n\t\t\tLavaVitae konwencja 2018r \u2013 prof. dr. med. Karl Hecht\n\t\t<\/span><\/div>","aioseo_breadcrumb_json":[{"label":"Home","link":"https:\/\/wia.net.pl"},{"label":"LavaVitae","link":"https:\/\/wia.net.pl\/index.php\/category\/medycynaizdrowie\/"},{"label":"Webinary","link":"https:\/\/wia.net.pl\/index.php\/category\/medycynaizdrowie\/webinary\/"},{"label":"LavaVitae konwencja 2018r &#8211; prof. dr. med. Karl Hecht","link":"https:\/\/wia.net.pl\/index.php\/2024\/09\/17\/lavavitae-konwencja-2018r-prof-dr-med-karl-hecht\/"}],"_links":{"self":[{"href":"https:\/\/wia.net.pl\/index.php\/wp-json\/wp\/v2\/posts\/8940"}],"collection":[{"href":"https:\/\/wia.net.pl\/index.php\/wp-json\/wp\/v2\/posts"}],"about":[{"href":"https:\/\/wia.net.pl\/index.php\/wp-json\/wp\/v2\/types\/post"}],"author":[{"embeddable":true,"href":"https:\/\/wia.net.pl\/index.php\/wp-json\/wp\/v2\/users\/3"}],"replies":[{"embeddable":true,"href":"https:\/\/wia.net.pl\/index.php\/wp-json\/wp\/v2\/comments?post=8940"}],"version-history":[{"count":1,"href":"https:\/\/wia.net.pl\/index.php\/wp-json\/wp\/v2\/posts\/8940\/revisions"}],"predecessor-version":[{"id":8943,"href":"https:\/\/wia.net.pl\/index.php\/wp-json\/wp\/v2\/posts\/8940\/revisions\/8943"}],"wp:featuredmedia":[{"embeddable":true,"href":"https:\/\/wia.net.pl\/index.php\/wp-json\/wp\/v2\/media\/8941"}],"wp:attachment":[{"href":"https:\/\/wia.net.pl\/index.php\/wp-json\/wp\/v2\/media?parent=8940"}],"wp:term":[{"taxonomy":"category","embeddable":true,"href":"https:\/\/wia.net.pl\/index.php\/wp-json\/wp\/v2\/categories?post=8940"},{"taxonomy":"post_tag","embeddable":true,"href":"https:\/\/wia.net.pl\/index.php\/wp-json\/wp\/v2\/tags?post=8940"}],"curies":[{"name":"wp","href":"https:\/\/api.w.org\/{rel}","templated":true}]}}