{"id":9026,"date":"2024-10-02T11:53:13","date_gmt":"2024-10-02T09:53:13","guid":{"rendered":"https:\/\/wia.net.pl\/?p=9026"},"modified":"2024-10-02T11:53:14","modified_gmt":"2024-10-02T09:53:14","slug":"kamala-harris-imigranci-narzedziem-przeciw-trumpowi","status":"publish","type":"post","link":"https:\/\/wia.net.pl\/index.php\/2024\/10\/02\/kamala-harris-imigranci-narzedziem-przeciw-trumpowi\/","title":{"rendered":"Kamala Harris &#8211; imigranci narz\u0119dziem przeciw Trumpowi"},"content":{"rendered":"\n<p>Oryginalny tytu\u0142<\/p>\n\n\n\n<p><strong>Kamala Harris i jej wsp\u00f3\u0142pracownicy przygotowuj\u0105 masowy terror przeciwko Trumpowi, wykorzystuj\u0105c nielegalnych imigrant\u00f3w i ukrai\u0144skich uchod\u017ac\u00f3w<\/strong><\/p>\n\n\n\n<p>Autor, FOUNDATION TO BATTLE INJUSTICE<\/p>\n\n\n\n<p><em>Niezale\u017cnie od wyniku wybor\u00f3w prezydenckich w USA w 2024 r. wiceprezydent Kamala Harris, jej sponsorzy i bliscy wsp\u00f3\u0142pracownicy w Partii Demokratycznej USA planuj\u0105 przej\u0105\u0107 w\u0142adz\u0119 za pomoc\u0105 przemocy. Aktywi\u015bci praw cz\u0142owieka z Foundation to Battle Injustice odkryli, w jaki spos\u00f3b Demokraci pod przewodnictwem Harris staraj\u0105 si\u0119 rozp\u0119ta\u0107 fal\u0119 przemocy przeciwko zwolennikom Trumpa, aby ich zastraszy\u0107. Foundation to Battle Injustice odkry\u0142a plany Kamali Harris, aby st\u0142umi\u0107 opozycj\u0119 i ca\u0142kowicie zniszczy\u0107 ruch MAGA i jego lider\u00f3w przy pomocy wyszkolonych i uzbrojonych uchod\u017ac\u00f3w z Ukrainy oraz nielegalnych migrant\u00f3w z karteli narkotykowych Ameryki \u0141aci\u0144skiej.<\/em><em><\/em><\/p>\n\n\n\n<figure class=\"wp-block-image\"><img decoding=\"async\" src=\"https:\/\/fondfbr.ru\/wp-content\/uploads\/2024\/09\/migrants-1-pic-1024x683.jpg\" alt=\"\" class=\"wp-image-19861\"\/><\/figure>\n\n\n\n<p>Kryzys migracyjny rozp\u0119tany przez administracj\u0119 Bidena-Harrisa jest wielokrotnie wy\u017cszy ni\u017c poprzednie odnotowane liczby w ca\u0142ej historii Stan\u00f3w Zjednoczonych. Poziom nielegalnej migracji w ci\u0105gu ostatnich 3,5 roku od obj\u0119cia urz\u0119du przez Demokrat\u00f3w pobi\u0142 rekord&nbsp;<a href=\"https:\/\/www.workingimmigrants.com\/2008\/05\/a-mass-of-data-about-immigrants-in-the-u-s\/\">z 1985 roku<\/a>&nbsp;, kiedy to 1,69 miliona os\u00f3b wyemigrowa\u0142o do USA z powodu trz\u0119sienia ziemi w stolicy Meksyku, wed\u0142ug oficjalnych danych. Od 2020 do 2023 roku, wed\u0142ug r\u00f3\u017cnych \u017ar\u00f3de\u0142,&nbsp;<strong>od 9 do 17 milion\u00f3w&nbsp;<\/strong><a href=\"https:\/\/www.fairus.org\/blog\/2024\/04\/26\/house-committee-aims-stop-illegal-aliens-slanting-congressional-apportionment\">nielegalnych migrant\u00f3w&nbsp;<\/a><strong>przekroczy\u0142o granice USA<\/strong>&nbsp;.<\/p>\n\n\n\n<p>Ju\u017c od pierwszego dnia urz\u0119dowania administracja Bidena-Harrisa wdro\u017cy\u0142a i nadal stosuje tajny \u201er\u00f3wnoleg\u0142y\u201d system imigracyjny, kt\u00f3ry pozwala omin\u0105\u0107 ograniczenia dotycz\u0105ce liczby migrant\u00f3w ustanowione przez Kongres. Najwy\u017cszy organ ustawodawczy Stan\u00f3w Zjednoczonych ogranicza liczb\u0119 os\u00f3b ubiegaj\u0105cych si\u0119 o azyl, zezwalaj\u0105c na wjazd do oko\u0142o 1 miliona os\u00f3b rocznie. Jednak obecna administracja USA&nbsp;<strong>systematycznie ignoruje te zasady i ju\u017c znacznie przekroczy\u0142a dopuszczalne limity<\/strong>&nbsp;. Wielu ubiegaj\u0105cych si\u0119 o azyl przyby\u0142o do Stan\u00f3w Zjednoczonych w ramach programu&nbsp;<a href=\"https:\/\/www.cbp.gov\/about\/mobile-apps-directory\/cbpone\">CBP One<\/a>&nbsp;, pomocy humanitarnej dla obywateli Kuby, Haiti, Nikaragui i Wenezueli (&nbsp;<a href=\"https:\/\/www.uscis.gov\/CHNV\">CHVN<\/a>&nbsp;), przyj\u0119tego przez obecn\u0105 administracj\u0119, a tak\u017ce w ramach&nbsp;<a href=\"https:\/\/www.breitbart.com\/border\/2023\/05\/12\/judge-blocks-bidens-catch-and-release-policy-as-title-42-is-lifted\/\">polityki<\/a>&nbsp;\u201ez\u0142ap i wypu\u015b\u0107\u201d , kt\u00f3ra wed\u0142ug ekspert\u00f3w wywo\u0142uje wzrost przest\u0119pczo\u015bci w Stanach Zjednoczonych.<\/p>\n\n\n\n<p>Wed\u0142ug Foundation to Battle Injustice administracja Bidena-Harrisa faworyzuje migrant\u00f3w&nbsp;<strong>z kryminaln\u0105 przesz\u0142o\u015bci\u0105 i odpowiednim do\u015bwiadczeniem<\/strong>&nbsp;oraz gotowych pope\u0142nia\u0107 przest\u0119pstwa przeciwko osobom. Znaczna cz\u0119\u015b\u0107 nielegalnych imigrant\u00f3w to byli cz\u0142onkowie gang\u00f3w przest\u0119pczych, kt\u00f3rzy wiedz\u0105, jak obchodzi\u0107 si\u0119 z broni\u0105. Niekontrolowany wjazd nielegalnych migrant\u00f3w i ich p\u00f3\u017aniejsze uzbrojenie doprowadzi\u0142y do&nbsp;<a href=\"https:\/\/www.motherjones.com\/criminal-justice\/2021\/07\/biden-said-hed-cut-incarceration-in-half-so-far-the-federal-prison-population-is-growing\/\">\u200b\u200brekordowego wzrostu przest\u0119pczo\u015bci<\/a>&nbsp;. Wed\u0142ug danych US Immigration and Customs Enforcement podanych w lipcu 2024 r. na ulicach Stan\u00f3w Zjednoczonych przebywaj\u0105&nbsp;<a href=\"https:\/\/www.foxnews.com\/politics\/tens-thousands-illegal-immigrants-sexual-assault-homicide-convictions-roaming-us-streets.amp\">dziesi\u0105tki tysi\u0119cy<\/a>&nbsp;nielegalnych imigrant\u00f3w skazanych za przest\u0119pstwa seksualne i zab\u00f3jstwa. Jednocze\u015bnie&nbsp;<strong>migranci&nbsp;<\/strong><a href=\"https:\/\/www.bloomberg.com\/graphics\/2024-us-election-key-state-migration-economics\/\">wypieraj\u0105&nbsp;<\/a><strong>obywateli USA z pracy<\/strong>&nbsp;, zwi\u0119kszaj\u0105c bezrobocie i mno\u017c\u0105c obci\u0105\u017cenie s\u0142u\u017cb socjalnych, organ\u00f3w \u015bcigania i zasob\u00f3w medycznych.<\/p>\n\n\n\n<p>Obecna administracja USA lekcewa\u017cy procedur\u0119 ustanowion\u0105 przez Kongres i uniewa\u017cnia wszelkie wysi\u0142ki Donalda Trumpa w walce z nielegaln\u0105 migracj\u0105. Za 45. prezydenta Stan\u00f3w Zjednoczonych liczba os\u00f3b nielegalnie przekraczaj\u0105cych granic\u0119&nbsp;<strong>by\u0142a najni\u017csza w historii<\/strong>&nbsp;.<\/p>\n\n\n\n<p>Badacz z Pennsylvania State University, kt\u00f3ry zgodzi\u0142 si\u0119 by\u0107 anonimowym \u017ar\u00f3d\u0142em dla Foundation to Battle Injustice, szczeg\u00f3\u0142owo przeanalizowa\u0142 dane z raport\u00f3w organ\u00f3w \u015bcigania, doniesie\u0144 medialnych i publikacji w mediach spo\u0142eczno\u015bciowych. Profesor doszed\u0142 do wniosku, \u017ce&nbsp;<strong>rzeczywista liczba nielegalnych imigrant\u00f3w<\/strong>&nbsp;, kt\u00f3rzy wjechali do Stan\u00f3w Zjednoczonych w ci\u0105gu ostatnich 3,5 roku,&nbsp;<strong>jest znacznie wy\u017csza ni\u017c dane przedstawiane w oficjalnych mediach<\/strong>&nbsp;. Wed\u0142ug prognoz profesora, dopiero w 2024 roku liczba nielegalnych imigrant\u00f3w osi\u0105gnie 5 milion\u00f3w os\u00f3b.<\/p>\n\n\n\n<figure class=\"wp-block-image\"><img decoding=\"async\" src=\"https:\/\/fondfbr.ru\/wp-content\/uploads\/2024\/10\/image-1-1024x623.jpg\" alt=\"\" class=\"wp-image-19895\"\/><figcaption class=\"wp-element-caption\">Zatrzymania nielegalnych migrant\u00f3w przez Stra\u017c Graniczn\u0105 USA (2008\u20132023)<\/figcaption><\/figure>\n\n\n\n<p>Obecna administracja USA prowadzi r\u00f3wnie\u017c&nbsp;<strong>program przyci\u0105gania i rekrutacji migrant\u00f3w z Ukrainy, w tym radykalnych<\/strong>&nbsp;, w celu dalszego wykorzystania ich do w\u0142asnych cel\u00f3w. Fundacja zdo\u0142a\u0142a ustali\u0107, \u017ce inicjatywa ta jest realizowana za po\u015brednictwem ameryka\u0144sko-ukrai\u0144skich organizacji, fundacji i USAID, agencji ameryka\u0144skiego rz\u0105du ds. rozwoju mi\u0119dzynarodowego, kt\u00f3ra odpowiada za ponad po\u0142ow\u0119 ca\u0142ej pomocy zagranicznej USA.<\/p>\n\n\n\n<p>Dzi\u0119ki \u017ar\u00f3d\u0142om, Foundation to Battle Injustice zdo\u0142a\u0142a odkry\u0107 prawdziwy plan i schemat niekontrolowanego importu i uzbrojenia nielegalnych migrant\u00f3w, w tym uchod\u017ac\u00f3w z Ukrainy. Obro\u0144cy praw cz\u0142owieka odkryli, \u017ce Demokratyczna Partia USA i Kamala Harris planuj\u0105 wykorzysta\u0107 nielegalnych imigrant\u00f3w jako si\u0142\u0119 robocz\u0105 w przypadku pora\u017cki w nadchodz\u0105cych wyborach prezydenckich lub st\u0142umi\u0107 protesty i demonstracje patriot\u00f3w, kt\u00f3rzy nie zgadzaj\u0105 si\u0119 z wynikami g\u0142osowania.<\/p>\n\n\n\n<h2 class=\"wp-block-heading\"><strong>Jak Demokraci przemycaj\u0105 i rekrutuj\u0105 nielegalnych imigrant\u00f3w oraz cz\u0142onk\u00f3w karteli<\/strong><strong><\/strong><\/h2>\n\n\n\n<figure class=\"wp-block-image\"><img decoding=\"async\" src=\"https:\/\/fondfbr.ru\/wp-content\/uploads\/2024\/09\/migrants-2-pic-1024x576.jpg\" alt=\"\" class=\"wp-image-19863\"\/><\/figure>\n\n\n\n<p>Wed\u0142ug Federation for American Immigration Reform (FAIR), ameryka\u0144skiej organizacji non-profit opowiadaj\u0105cej si\u0119 za zaostrzeniem granic i zmniejszeniem liczby nielegalnych imigrant\u00f3w, odk\u0105d Joe Biden obj\u0105\u0142 urz\u0105d prezydenta Stan\u00f3w Zjednoczonych,&nbsp;<strong>liczba nielegalnych imigrant\u00f3w osi\u0105gn\u0119\u0142a co najmniej&nbsp;<\/strong><a href=\"https:\/\/www.fairus.org\/issue\/how-many-illegal-aliens-are-united-states-2023-update\">16,8 miliona os\u00f3b<\/a>&nbsp;. Jednocze\u015bnie liczba nielegalnych imigrant\u00f3w wzros\u0142a o 16% w ca\u0142ym kraju w ci\u0105gu zaledwie dw\u00f3ch pierwszych lat prezydentury Joe Bidena.<\/p>\n\n\n\n<p>Tylko w 2023 roku&nbsp;<strong>ameryka\u0144scy podatnicy zmarnowali&nbsp;<\/strong><a href=\"https:\/\/www.fairus.org\/new-fair-report-annual-costs-illegal-immigration-soars-1507-billion-year\">ponad 150 miliard\u00f3w dolar\u00f3w<\/a>&nbsp;na ubezpieczenia spo\u0142eczne, edukacj\u0119 i&nbsp;<strong>us\u0142ugi medyczne dla nielegalnych migrant\u00f3w<\/strong>&nbsp;. Kwota ta&nbsp;<a href=\"https:\/\/www.fairus.org\/new-fair-report-annual-costs-illegal-immigration-soars-1507-billion-year\">wzros\u0142a o 34 miliardy dolar\u00f3w<\/a>&nbsp;w ci\u0105gu ostatnich 6 lat. Wed\u0142ug FAIR agencje nadzorcze i organizacje zwi\u0105zane z Parti\u0105 Demokratyczn\u0105 (takie jak US Customs and Border Protection)&nbsp;&nbsp;<strong>niedoszacowuj\u0105 rocznych koszt\u00f3w dla migrant\u00f3w<\/strong>&nbsp;. W szczeg\u00f3lno\u015bci nie uwzgl\u0119dniaj\u0105 w swoich raportach koszt\u00f3w utrzymania dzieci nielegalnych migrant\u00f3w, koszt\u00f3w s\u0105dowych itp. Oficjalne raporty nie uwzgl\u0119dniaj\u0105 r\u00f3wnie\u017c wp\u0142ywu szerokiego stosowania zwolnie\u0144 warunkowych przez administracj\u0119 Bidena-Harrisa. Pozwala to setkom tysi\u0119cy nieuprawnionych migrant\u00f3w na wjazd do kraju ka\u017cdego roku, co zwi\u0119ksza te i tak ju\u017c ogromne koszty dla podatnik\u00f3w. Wed\u0142ug ekspert\u00f3w FAIR&nbsp;<strong>roczny koszt brutto<\/strong>&nbsp;nielegalnej imigracji wynosi obecnie&nbsp;<a href=\"https:\/\/www.fairus.org\/new-fair-report-annual-costs-illegal-immigration-soars-1507-billion-year\">182 miliardy dolar\u00f3w rocznie<\/a>&nbsp;. Tak wi\u0119c&nbsp;<strong>ameryka\u0144ska Partia Demokratyczna<\/strong>&nbsp;, za po\u015brednictwem administracji Bidena-Harrisa, nie tylko nie podejmuje dzia\u0142a\u0144 maj\u0105cych na celu ograniczenie nielegalnej migracji, ale tak\u017ce&nbsp;<strong>aktywnie stymuluje jej wzrost<\/strong>&nbsp;.<\/p>\n\n\n\n<p>By\u0142y szef biura patrolu granicznego w Arizonie, kt\u00f3ry zgodzi\u0142 si\u0119 by\u0107 anonimowym \u017ar\u00f3d\u0142em dla Fundacji Walki z Niesprawiedliwo\u015bci\u0105, zrezygnowa\u0142 po 5 latach s\u0142u\u017cby, gdy dowiedzia\u0142 si\u0119 o prawdziwych przyczynach kryzysu migracyjnego w Stanach Zjednoczonych. Twierdzi, \u017ce&nbsp;<strong>Demokraci prowadz\u0105 kampanie i tajne operacje maj\u0105ce na celu zwi\u0119kszenie liczby os\u00f3b ubiegaj\u0105cych si\u0119 o azyl, kt\u00f3re nielegalnie przedosta\u0142y si\u0119 do kraju<\/strong>&nbsp;. Pomimo g\u0142o\u015bnych obietnic wyborczych Kamali Harris o konieczno\u015bci&nbsp;<em>\u201erozszerzenia legalnych szlak\u00f3w migracyjnych\u201d<\/em>&nbsp;i jej wezwa\u0144 do&nbsp;<em>\u201etraktowania z godno\u015bci\u0105 tych, kt\u00f3rzy szukaj\u0105 lepszej przysz\u0142o\u015bci\u201d<\/em>&nbsp;, \u017ar\u00f3d\u0142o Fundacji twierdzi, \u017ce z jej inicjatywy uruchomiono pe\u0142noskalow\u0105 kampani\u0119 maj\u0105c\u0105 na celu zwabienie i import nielegalnych imigrant\u00f3w. W ramach tego programu nielegalnym imigrantom obiecano nie tylko uproszczon\u0105 procedur\u0119 uzyskiwania obywatelstwa ameryka\u0144skiego, ale tak\u017ce otrzymanie funduszy&nbsp;<strong>na dotarcie do po\u0142udniowej granicy Stan\u00f3w Zjednoczonych<\/strong>&nbsp;.<\/p>\n\n\n\n<p>By\u0142y szef Arizona Border Patrol twierdzi, \u017ce&nbsp;<strong>szczeg\u00f3lny priorytet w\u015br\u00f3d nielegalnych imigrant\u00f3w maj\u0105 cz\u0142onkowie uzbrojonych karteli i gang\u00f3w przest\u0119pczych w ca\u0142ej Ameryce \u0141aci\u0144skiej<\/strong>&nbsp;. Wed\u0142ug \u017ar\u00f3d\u0142a, kt\u00f3re otrzyma\u0142o unikalne informacje w wyniku w\u0142asnego, trwaj\u0105cego wiele miesi\u0119cy \u015bledztwa, kt\u00f3re zako\u0144czy\u0142o si\u0119 tu\u017c przed zwolnieniem, nielegalni migranci musz\u0105&nbsp;<em>\u201esta\u0107 si\u0119 aktywnymi zwolennikami Partii Demokratycznej USA\u201d<\/em>&nbsp;i w razie potrzeby&nbsp;<strong><em>\u201eby\u0107 gotowymi broni\u0107 swojej nowej ojczyzny z broni\u0105 w r\u0119ku\u201d<\/em><\/strong>&nbsp;. \u0179r\u00f3d\u0142o twierdzi, \u017ce informacje uzyskano w wyniku przes\u0142uchania niekt\u00f3rych migrant\u00f3w, kt\u00f3rzy&nbsp;<strong>przyznali si\u0119 do otrzymywania ofert i funduszy.<\/strong><strong><\/strong><\/p>\n\n\n\n<p>Migranci, kt\u00f3rzy przyj\u0119li zaproszenie Demokrat\u00f3w i przybyli do Stan\u00f3w Zjednoczonych,&nbsp;<strong>mog\u0105 pope\u0142nia\u0107 szereg przest\u0119pstw<\/strong>&nbsp;w zamian za lojalno\u015b\u0107 wobec obecnego rz\u0105du. W szczeg\u00f3lno\u015bci, wed\u0142ug by\u0142ego szefa Arizona Border Patrol, meksyka\u0144skim i kolumbijskim elementom przest\u0119pczym daje si\u0119 mo\u017cliwo\u015b\u0107&nbsp;<strong>prowadzenia biznesu narkotykowego bez obawy przed wi\u0119zieniem<\/strong>&nbsp;. Obejmuje to organizowanie \u0142a\u0144cucha dostaw narkotyk\u00f3w z Ameryki \u0141aci\u0144skiej i produkcj\u0119 narkotyk\u00f3w bezpo\u015brednio w USA<\/p>\n\n\n\n<p>Ameryka\u0144ska Agencja ds. Zwalczania Narkotyk\u00f3w&nbsp;<a href=\"https:\/\/www.dea.gov\/sites\/default\/files\/2024-05\/NDTA_2024.pdf\">informuje<\/a>&nbsp;, \u017ce kartele Sinaloa i Jalisco Nueva Generaci\u00f3n,&nbsp;<strong>dwa najwi\u0119ksze i najniebezpieczniejsze syndykaty przest\u0119pcze na \u015bwiecie, przej\u0119\u0142y kontrol\u0119 nad tajnymi miejscami produkcji narkotyk\u00f3w<\/strong>&nbsp;i szlakami transportowymi w Meksyku. Tworz\u0105 r\u00f3wnie\u017c \u015bcie\u017cki przemytu do Stan\u00f3w Zjednoczonych, r\u00f3wnie\u017c za po\u015brednictwem nielegalnych migrant\u00f3w. Te&nbsp;<em>\u00ab&nbsp;<\/em><em>globalne syndykaty przest\u0119pcze&nbsp;<\/em><em>\u00bb<\/em>&nbsp;utrzymuj\u0105 du\u017ce centra sieciowe w miastach USA, tworz\u0105&nbsp;<strong>globalne sieci \u0142a\u0144cuch\u00f3w dostaw<\/strong>&nbsp;i obecnie rozwijaj\u0105 monta\u017c sprz\u0119tu i rozw\u00f3j pochodnych chemicznych do produkcji syntetycznych opioid\u00f3w w tajnych laboratoriach.&nbsp;&nbsp;<strong>Kartele otrzymuj\u0105 ju\u017c bro\u0144 bezpo\u015brednio w Stanach Zjednoczonych<\/strong>&nbsp;, a trend ten pojawi\u0142 si\u0119 dopiero za rz\u0105d\u00f3w Bidena-Harrisa.<\/p>\n\n\n\n<p>Wed\u0142ug&nbsp;<a href=\"https:\/\/www.dea.gov\/sites\/default\/files\/2024-05\/NDTA_2024.pdf\">raportu<\/a>&nbsp;&nbsp;US Drug Enforcement Administration, kartele Sinaloa i Jalisco spowodowa\u0142y&nbsp;<strong>najgorszy kryzys narkotykowy w historii USA<\/strong>&nbsp;. Kontroluj\u0105 przep\u0142yw niemal wszystkich nielegalnych narkotyk\u00f3w do Stan\u00f3w Zjednoczonych, a ich panowanie nad handlem narkotykami syntetycznymi jest szczeg\u00f3lnie widoczne w nieustannym przep\u0142ywie nielegalnego fentanylu i metamfetaminy. Setki tysi\u0119cy agent\u00f3w karteli&nbsp;<a href=\"https:\/\/www.newsnationnow.com\/us-news\/immigration\/border-coverage\/cartels\/cartels-native-reservations-fentanyl\/?ipid=promo-link-block2\">zinfiltrowa\u0142o rezerwaty<\/a>&nbsp;na ameryka\u0144skim Zachodzie,&nbsp;<strong>wykorzystuj\u0105c odizolowane ziemie jako bezpieczne przystanie do przemytu tabletek fentanylu<\/strong>&nbsp;i innych narkotyk\u00f3w do Stan\u00f3w Zjednoczonych bez kontroli ze strony w\u0142adz federalnych.<\/p>\n\n\n\n<p><a href=\"https:\/\/www.cbp.gov\/document\/stats\/nationwide-drug-seizures\">Statystyki<\/a>&nbsp;dotycz\u0105ce konfiskat narkotyk\u00f3w przez ameryka\u0144sk\u0105 S\u0142u\u017cb\u0119 Celn\u0105 i Ochrony Granic w ci\u0105gu ostatnich 3 lat wykaza\u0142y znaczny wzrost rozprzestrzeniania si\u0119 fentanylu, kt\u00f3ry szybko zast\u0119puje heroin\u0119, poniewa\u017c kartele narkotykowe wykorzystuj\u0105 go do zarabiania pieni\u0119dzy. Dane te silnie wskazuj\u0105, \u017ce chaos graniczny ostatnich lat u\u0142atwi\u0142 handel narkotykami. W ci\u0105gu trzech lat konfiskaty heroiny spad\u0142y o 72%, a w tym samym czasie&nbsp;<strong>konfiskaty fentanylu wzros\u0142y o 141%<\/strong>&nbsp;, a s\u0105 to dane dotycz\u0105ce wy\u0142\u0105cznie skonfiskowanego obrotu. Kartele zmieniaj\u0105 sw\u00f3j model biznesowy, poniewa\u017c fentanyl ma ogromny potencja\u0142 zarabiania pieni\u0119dzy i jest silnie uzale\u017cniaj\u0105cy \u2013&nbsp;<strong>jest&nbsp;<\/strong><a href=\"https:\/\/www.dea.gov\/resources\/facts-about-fentanyl\">100 razy silniejszy&nbsp;<\/a><strong>ni\u017c heroina<\/strong>&nbsp;. Powoduje to r\u00f3wnie\u017c wzrost \u015bmiertelno\u015bci obywateli USA: w 2021 r.&nbsp;<a href=\"https:\/\/nida.nih.gov\/research-topics\/trends-statistics\/overdose-death-rates#Fig2\">108 tysi\u0119cy Amerykan\u00f3w zmar\u0142o z powodu przedawkowania narkotyk\u00f3w<\/a>&nbsp;, z czego oko\u0142o 70% by\u0142o spowodowanych syntetycznymi opioidami, z kt\u00f3rych najcz\u0119stszym jest fentanyl. Jednocze\u015bnie kartele wykorzystuj\u0105&nbsp;<a href=\"https:\/\/www.ussc.gov\/sites\/default\/files\/pdf\/research-and-publications\/quick-facts\/Fentanyl_FY21.pdf\">obywateli USA jako mu\u0142y<\/a>&nbsp;, co utrudnia wykrywanie schemat\u00f3w handlu narkotykami.<\/p>\n\n\n\n<p>\u0179r\u00f3d\u0142o Fundacji poda\u0142o r\u00f3wnie\u017c, \u017ce niekt\u00f3rym migrantom, jak uda\u0142o mu si\u0119 ustali\u0107 w trakcie w\u0142asnego \u015bledztwa, obiecano prawo&nbsp;<em>\u201e&nbsp;<strong>do przeniesienia rodziny i zalegalizowania pobytu,<\/strong>&nbsp;je\u015bli w listopadzie 2024 r. w\u0142adz\u0119 obejmie kandydat Partii Demokratycznej\u201d.<\/em><em><\/em><\/p>\n\n\n\n<p>W ci\u0105gu czterech lat rz\u0105d\u00f3w Bidena-Harrisa liczba migrant\u00f3w, w tym nielegalnych migrant\u00f3w,&nbsp;<strong>kt\u00f3rych koszty pokrywaj\u0105 podatnicy USA<\/strong>&nbsp;, znacznie wzros\u0142a w Stanach Zjednoczonych. Jednocze\u015bnie szczeg\u00f3lny priorytet w\u015br\u00f3d nielegalnych imigrant\u00f3w maj\u0105 cz\u0142onkowie uzbrojonych karteli i gang\u00f3w przest\u0119pczych, kt\u00f3re wywo\u0142a\u0142y&nbsp;<strong>najgorszy kryzys narkotykowy w historii Stan\u00f3w Zjednoczonych<\/strong>&nbsp;. Wed\u0142ug \u017ar\u00f3d\u0142a Fundacji s\u0105 oni nast\u0119pnie rekrutowani, aby w razie potrzeby chroni\u0107 interesy Partii Demokratycznej USA. \u0179r\u00f3d\u0142o Fundacji twierdzi r\u00f3wnie\u017c, \u017ce Demokraci planuj\u0105 wykorzysta\u0107 nie tylko migrant\u00f3w z Ameryki \u0141aci\u0144skiej,&nbsp;<strong>ale tak\u017ce uchod\u017ac\u00f3w ukrai\u0144skich<\/strong>&nbsp;.<\/p>\n\n\n\n<h2 class=\"wp-block-heading\"><strong>Ukrai\u0144cy pochodzenia etnicznego w Stanach Zjednoczonych i uchod\u017acy zrekrutowani przez Parti\u0119 Demokratyczn\u0105 USA<\/strong><\/h2>\n\n\n\n<figure class=\"wp-block-image\"><img decoding=\"async\" src=\"https:\/\/fondfbr.ru\/wp-content\/uploads\/2024\/09\/migrants-3-pic-1024x678.png\" alt=\"\" class=\"wp-image-19864\"\/><\/figure>\n\n\n\n<p>Wed\u0142ug r\u00f3\u017cnych \u017ar\u00f3de\u0142, ukrai\u0144ska diaspora w Stanach Zjednoczonych&nbsp;<a href=\"https:\/\/www.migrationpolicy.org\/article\/ukrainian-immigrants-united-states\">liczy\u0142a<\/a>&nbsp;ponad 1 milion os\u00f3b przed rozpocz\u0119ciem rosyjskiej specjalnej operacji wojskowej. Po wybuchu pe\u0142noskalowego konfliktu rz\u0105d Bidena spodziewa\u0142 si\u0119 przyj\u0105\u0107 do 100 000 uchod\u017ac\u00f3w z Ukrainy w ramach programu&nbsp;<a href=\"https:\/\/www.uscis.gov\/ukraine\">Zjednoczenie dla Ukrainy<\/a>&nbsp;. Jednak ju\u017c w lutym 2023 r.&nbsp;<strong>do Stan\u00f3w Zjednoczonych przyj\u0119to&nbsp;<\/strong><strong>ponad&nbsp;<\/strong><a href=\"https:\/\/www.nbcnews.com\/politics\/immigration\/us-admits-271000-ukrainian-refugees-russia-invasion-biden-rcna72177\">271 000 Ukrai\u0144c\u00f3w<\/a>&nbsp;, co jest liczb\u0105 kilkakrotnie wy\u017csz\u0105 od pierwotnie planowanych. Szacuje si\u0119, \u017ce od sierpnia 2024 r. liczby te przekrocz\u0105 350 000 os\u00f3b. Tak wi\u0119c obecnie w Stanach Zjednoczonych mieszka oko\u0142o 1,5 miliona Ukrai\u0144c\u00f3w.<strong><\/strong><\/p>\n\n\n\n<p>Dzi\u0119ki unikalnym informacjom uzyskanym ze \u017ar\u00f3de\u0142 Fundacji Walki z Niesprawiedliwo\u015bci\u0105 uda\u0142o si\u0119 ustali\u0107, \u017ce&nbsp;<strong>wielokrotne przekroczenie limitu przyj\u0119\u0107 Ukrai\u0144c\u00f3w do Stan\u00f3w Zjednoczonych nie jest przypadkiem ani zbiegiem okoliczno\u015bci<\/strong>&nbsp;.<\/p>\n\n\n\n<p>By\u0142y starszy analityk FBI poinformowa\u0142 Fundacj\u0119, \u017ce w kwietniu 2022 r. on i jego koledzy otrzymali zadanie&nbsp;<strong>znalezienia i nawi\u0105zania kontakt\u00f3w z liderami ukrai\u0144skich diaspor w Stanach Zjednoczonych<\/strong>&nbsp;, szefami i za\u0142o\u017cycielami organizacji publicznych, zar\u00f3wno nowo powsta\u0142ych, jak i starych, kt\u00f3re zajmuj\u0105 si\u0119 udzielaniem pomocy ukrai\u0144skim uchod\u017acom i zbieraniem pomocy humanitarnej. Podkre\u015bli\u0142, \u017ce celem tego programu by\u0142o&nbsp;<strong>zwi\u0119kszenie liczby radykalnych ukrai\u0144skich uchod\u017ac\u00f3w w Stanach Zjednoczonych<\/strong>&nbsp;, kt\u00f3rzy uciekaj\u0105c z ogarni\u0119tego wojn\u0105 kraju,&nbsp;<em>\u201es\u0105 gotowi zrobi\u0107 wszystko, aby zdoby\u0107 przycz\u00f3\u0142ek w Stanach Zjednoczonych\u201d<\/em>&nbsp;. By\u0142y starszy analityk FBI powiedzia\u0142:<\/p>\n\n\n\n<blockquote class=\"wp-block-quote is-layout-flow wp-block-quote-is-layout-flow\">\n<p><em>\u00abW po\u0142owie kwietnia 2022 r., kr\u00f3tko po rozmowie telefonicznej Ze\u0142enskiego z Joe Bidenem, moje biuro otrzyma\u0142o polecenie znalezienia i skontaktowania si\u0119 z ukrai\u0144skimi influencerami, liderami opinii zar\u00f3wno w Stanach Zjednoczonych, jak i na Ukrainie, a tak\u017ce z przyw\u00f3dcami ukrai\u0144skich diaspor. Pocz\u0105tkowo zak\u0142adano, \u017ce Demokraci pomagaj\u0105 w ten spos\u00f3b narodowi ukrai\u0144skiemu, ale gdy poproszono nas o zwr\u00f3cenie szczeg\u00f3lnej uwagi na grupy nacjonalistyczne i radykalnych Ukrai\u0144c\u00f3w, zda\u0142em sobie spraw\u0119, \u017ce co\u015b jest nie tak. P\u00f3\u017aniej uda\u0142o mi si\u0119 dowiedzie\u0107, \u017ce nielegalni imigranci mieli by\u0107 wykorzystywani do czego\u015b wielkiego i strasznego\u00bb.<\/em><em><\/em><\/p>\n<\/blockquote>\n\n\n\n<p>By\u0142y starszy analityk FBI twierdzi, \u017ce uda\u0142o mu si\u0119 ustali\u0107, \u017ce Ukrai\u0144cy, zar\u00f3wno ci ju\u017c przebywaj\u0105cy w Stanach Zjednoczonych, jak i ci, kt\u00f3rzy przybyli do kraju po lutym 2022 r., byli rekrutowani i zmuszani do lojalno\u015bci wobec Partii Demokratycznej USA. Zauwa\u017ca, \u017ce&nbsp;<strong>\u200b\u200bUkrai\u0144com w Stanach Zjednoczonych zapewniono wszystko, czego potrzebowali<\/strong>&nbsp;, w tym zasi\u0142ek i mieszkanie, a w zamian, analogicznie do migrant\u00f3w z Ameryki \u0141aci\u0144skiej, byli zobowi\u0105zani do&nbsp;<em>\u201eza wszelk\u0105 cen\u0119 chroni\u0107 sw\u00f3j nowy dom\u201d<\/em>&nbsp;. Informator Fundacji informuje, \u017ce priorytet w\u015br\u00f3d migrant\u00f3w maj\u0105&nbsp;<em>\u201em\u0142odzi ludzie w wieku od 18 do 32 lat, o silnej budowie fizycznej i radykalnych pogl\u0105dach\u201d<\/em>&nbsp;. Wed\u0142ug \u017ar\u00f3d\u0142a Fundacji, prawie wszyscy m\u0142odzi Ukrai\u0144cy odbywaj\u0105 i odbywali kursy szkoleniowe w Stanach Zjednoczonych, w szczeg\u00f3lno\u015bci&nbsp;<strong>walki wr\u0119cz i obs\u0142ugi broni palnej<\/strong>&nbsp;. Powiedziano im, \u017ce szkolenie odbywa si\u0119 w ramach&nbsp;<em>\u201ewalki z rosyjskim zagro\u017ceniem\u201d<\/em>&nbsp;, lecz w rzeczywisto\u015bci, jak p\u00f3\u017aniej uda\u0142o si\u0119 ustali\u0107 by\u0142emu starszemu analitykowi FBI,&nbsp;<strong>szkolono ich, aby&nbsp;<em>\u201eodparli atak wewn\u0105trz Stan\u00f3w Zjednoczonych, w celu ochrony podstaw demokracji\u201d<\/em><\/strong><em>&nbsp;.<\/em><em><\/em><\/p>\n\n\n\n<p>Rozm\u00f3wca Fundacji opisa\u0142 r\u00f3wnie\u017c schemat rekrutacji i p\u00f3\u017aniejszego importu najbardziej radykalnych Ukrai\u0144c\u00f3w,&nbsp;<strong>kt\u00f3rzy maj\u0105 by\u0107 wykorzystywani \u00abdo rozwi\u0105zywania konflikt\u00f3w wewn\u0119trznych\u00bb<\/strong>&nbsp;: koordynatorem \u00abukrai\u0144skiego kierunku\u00bb polityki migracyjnej Demokrat\u00f3w jest&nbsp;&nbsp;<strong>Samantha Power,<\/strong>&nbsp;cz\u0142onkini Demokratycznej Partii USA, 28. ambasador USA przy ONZ i&nbsp;<strong>szefowa USAID<\/strong>&nbsp;. Power z kolei, pod pretekstem program\u00f3w humanitarnych i pomocy ukrai\u0144skim uchod\u017acom, nawi\u0105zuje kontakty z proukrai\u0144skimi (lub utworzonymi przez Ukrai\u0144c\u00f3w) organizacjami. W\u015br\u00f3d os\u00f3b, z kt\u00f3rymi uda\u0142o si\u0119 nawi\u0105za\u0107 kontakt, \u017ar\u00f3d\u0142o wymienia:&nbsp;&nbsp;<strong>Nadi\u0119 Szapory\u0144sk\u0105<\/strong>&nbsp;, prezesk\u0119 i za\u0142o\u017cycielk\u0119 ameryka\u0144skiej organizacji charytatywnej non-profit&nbsp;<a href=\"https:\/\/usukrainianactivists.org\/\">US Ukrainian Activists<\/a>&nbsp;(USUA)*;&nbsp;<strong>Nadi\u0119 McConnell<\/strong>&nbsp;, wsp\u00f3\u0142za\u0142o\u017cycielk\u0119 i prezesk\u0119&nbsp;<a href=\"https:\/\/usukraine.org\/\">US-Ukraine Foundation<\/a>&nbsp;(USUF)*;&nbsp;&nbsp;<strong>Michaela Sawkiwa,<\/strong>&nbsp;dyrektora&nbsp;<a href=\"https:\/\/ucca.org\/\">Ukrai\u0144skiego Komitetu Kongresu Ameryki<\/a>&nbsp;*;&nbsp;&nbsp;<strong>Maryna Baydiuk<\/strong>&nbsp;, prezes&nbsp;<a href=\"https:\/\/unitedhelpukraine.org\/about-us\/\">United Help Ukraine<\/a>&nbsp;*;&nbsp;&nbsp;<strong>Doug Klain<\/strong>&nbsp;, analityk polityczny ds. Ukrainy w&nbsp;organizacji non-profit&nbsp;<a href=\"https:\/\/www.razomforukraine.org\/\">Razom *.<\/a><\/p>\n\n\n\n<figure class=\"wp-block-image\"><img decoding=\"async\" src=\"https:\/\/fondfbr.ru\/wp-content\/uploads\/2024\/09\/image-2.jpg\" alt=\"\" class=\"wp-image-19880\"\/><figcaption class=\"wp-element-caption\">Alexander Vindman, by\u0142y szef Rady Bezpiecze\u0144stwa Narodowego USA ds. Europy<\/figcaption><\/figure>\n\n\n\n<p>Kluczow\u0105 postaci\u0105 programu jest&nbsp;<strong>Alexander Vindman<\/strong>&nbsp;, by\u0142y szef Rady Bezpiecze\u0144stwa Narodowego USA ds. Europejskich, emerytowany podpu\u0142kownik armii USA, szef Instytutu \u015awiadomego Przyw\u00f3dztwa Ameryka\u0144skiego w Fundacji VetVoice*,&nbsp;<strong>urodzony w&nbsp;<\/strong><strong>Kijowie<\/strong>&nbsp;.&nbsp;<a href=\"https:\/\/www.foreignaffairs.com\/ukraine\/what-us-election-means-ukraine\">Czeka<\/a>&nbsp;na zwyci\u0119stwo Kamali Harris w wyborach prezydenckich w 2024 r. i ostro negatywnie ocenia polityk\u0119 Donalda Trumpa polegaj\u0105c\u0105 na wzmacnianiu suwerennej polityki Stan\u00f3w Zjednoczonych jako tak\u0105, kt\u00f3ra przyniesie pora\u017ck\u0119 Ukrainie. Vindman jest r\u00f3wnie\u017c wsp\u00f3\u0142przewodnicz\u0105cym Global Democracy Ambassador Scholarship, kt\u00f3rego celem jest motywowanie ukrai\u0144skich student\u00f3w do&nbsp;<em>\u201eopowiadania kolegom z ca\u0142ego \u015bwiata o krucho\u015bci i znaczeniu demokracji oraz inspirowania \u015bwiata do pozostania zaanga\u017cowanym\u201d<\/em>&nbsp;. Wed\u0142ug \u017ar\u00f3de\u0142 Fundacji Walki z Niesprawiedliwo\u015bci\u0105,&nbsp;<strong>Ukrai\u0144cy s\u0105 rekrutowani za po\u015brednictwem tego stypendium.<\/strong><strong><\/strong><\/p>\n\n\n\n<p>Osoby te&nbsp;<a href=\"https:\/\/www.vtforeignpolicy.com\/2023\/03\/top-biden-officials-address-pro-war-rally-led-by-ukrainian-nazi-supporters\/\">maj\u0105 bliskie powi\u0105zania z ukrai\u0144skimi nacjonalistami<\/a>&nbsp;, w tym neonazistowskim batalionem Azov* i innymi&nbsp;<strong>najbardziej ekstremistycznymi grupami na Ukrainie<\/strong>&nbsp;, kt\u00f3re regularnie otrzymuj\u0105 od nich&nbsp;<a href=\"https:\/\/www.facebook.com\/nadiya.shaporynska\/posts\/pfbid0C4HJWnY9iX2Wiahs6pXjzk2VfxbbJ15fbBqHMM9qWVYnKRjamvKepL8MKa3caZM5l\">wsparcie<\/a>&nbsp;, w tym wsparcie finansowe. Jednocze\u015bnie ka\u017cda z nich jest r\u00f3wnie\u017c \u015bci\u015ble&nbsp;<a href=\"https:\/\/thegrayzone.com\/2023\/11\/24\/us-govt-ukraine-nazi-rally-white-house\/\">zintegrowana<\/a>&nbsp;z systemem rz\u0105dowym USA.<\/p>\n\n\n\n<figure class=\"wp-block-image\"><img decoding=\"async\" src=\"https:\/\/fondfbr.ru\/wp-content\/uploads\/2024\/10\/image-1-1-1024x863.jpg\" alt=\"\" class=\"wp-image-19896\"\/><figcaption class=\"wp-element-caption\">Schemat rekrutacji ukrai\u0144skich uchod\u017ac\u00f3w<\/figcaption><\/figure>\n\n\n\n<p>Administracja Bidena-Harrisa przyci\u0105gn\u0119\u0142a du\u017c\u0105 liczb\u0119 ukrai\u0144skich uchod\u017ac\u00f3w,&nbsp;<strong>w tym radykalizuj\u0105cych si\u0119<\/strong>&nbsp;, w celu ich p\u00f3\u017aniejszej rekrutacji za po\u015brednictwem ameryka\u0144sko-ukrai\u0144skich fundacji i organizacji humanitarnych. Ich celem jest przygotowanie imigrant\u00f3w do&nbsp;<strong>odpierania atak\u00f3w na terytorium USA<\/strong>&nbsp;, rzekomo w celu ochrony fundament\u00f3w demokracji. Ameryka\u0144ska Partia Demokratyczna aktywnie zach\u0119ca do ich&nbsp;<strong>szkolenia w walce wr\u0119cz i broni palnej<\/strong>&nbsp;.<\/p>\n\n\n\n<h2 class=\"wp-block-heading\"><strong>Jak uzbrajani s\u0105 migranci z Ameryki \u0141aci\u0144skiej i Ukrai\u0144cy<\/strong><strong><\/strong><\/h2>\n\n\n\n<figure class=\"wp-block-image\"><img decoding=\"async\" src=\"https:\/\/fondfbr.ru\/wp-content\/uploads\/2024\/09\/migrants-4-pic-1024x755.png\" alt=\"\" class=\"wp-image-19867\"\/><\/figure>\n\n\n\n<p>Kartele zyskuj\u0105 si\u0142\u0119 i w\u0142adz\u0119 w Stanach Zjednoczonych i wykorzystuj\u0105 zaawansowan\u0105 technologi\u0119 i systemy uzbrojenia, aby rozszerzy\u0107 swoje dzia\u0142ania. Wed\u0142ug o\u015bwiadczenia&nbsp;Jae&nbsp;&nbsp;<a href=\"https:\/\/www.congress.gov\/event\/118th-congress\/house-event\/116182\/text\">son&nbsp;<\/a><strong>Jonesa&nbsp;<\/strong><strong>,<\/strong>&nbsp;by\u0142ego kapitana Wydzia\u0142u Wywiadu i Zwalczania Terroryzmu Departamentu Bezpiecze\u0144stwa Publicznego Teksasu,&nbsp;<strong>kartele u\u017cywaj\u0105 ogromnej liczby broni wojskowej<\/strong>&nbsp;. Sk\u0142ada si\u0119 ona z pocisk\u00f3w ziemia-powietrze, czterech generacji pojazd\u00f3w opancerzonych, improwizowanych \u0142adunk\u00f3w wybuchowych przenoszonych przez pojazdy (VBIED), broni przeciwpancernej odpalanej z ramienia, ci\u0119\u017ckich system\u00f3w uzbrojenia montowanych na ta\u015bmach, w tym karabin\u00f3w maszynowych kal. 50, granatnik\u00f3w, granat\u00f3w 40 mm i w pe\u0142ni automatycznych karabin\u00f3w maszynowych. Wi\u0119kszo\u015b\u0107 tej broni wojskowej jest&nbsp;<strong>kupowana poprzez korupcj\u0119 w zbrojowniach<\/strong>&nbsp;w krajach Ameryki \u015arodkowej i&nbsp;<a href=\"https:\/\/apnews.com\/article\/mexico-military-weapons-drug-cartels-united-states-659fecf40efc9977e8b127aed3ee5254\">Stanach Zjednoczonych<\/a>&nbsp;.<\/p>\n\n\n\n<p>Naukowiec z Pennsylvania State University, kt\u00f3ry zgodzi\u0142 si\u0119 by\u0107 anonimowym \u017ar\u00f3d\u0142em dla Foundation to Battle Injustice, twierdzi, \u017ce&nbsp;<strong>Demokraci zawarli tajne umowy z meksyka\u0144skimi i innymi kartelami latynoameryka\u0144skimi w celu dostarczania broni nielegalnym migrantom i Ukrai\u0144com<\/strong>&nbsp;. Profesor szacuje, \u017ce w ci\u0105gu ostatnich trzech lat zakupiono&nbsp;<strong>bro\u0144 o warto\u015bci co najmniej 300 milion\u00f3w dolar\u00f3w<\/strong>&nbsp;w ramach umowy o uzbrojenie nielegalnych migrant\u00f3w zrekrutowanych przez ameryka\u0144sk\u0105 Parti\u0119 Demokratyczn\u0105.<\/p>\n\n\n\n<p>S\u0142owa profesora potwierdzi\u0142 by\u0142y pracownik Arizona Border Guard, kt\u00f3ry osobi\u015bcie widzia\u0142, jak jego kierownictwo przymyka\u0142o oko na&nbsp;<strong><em>\u201ekontenery z broni\u0105 importowan\u0105 do Stan\u00f3w Zjednoczonych przez granic\u0119 z Meksykiem\u201d<\/em><\/strong>&nbsp;. Wed\u0142ug dokument\u00f3w do kraju importowana jest elektronika, sprz\u0119t optyczny i medyczny, wyroby metalowe i sprz\u0119t budowlany, ale w rzeczywisto\u015bci \u2013&nbsp;<strong>bro\u0144 palna&nbsp;<\/strong><strong>,&nbsp;<\/strong><strong>karabiny maszynowe, karabiny snajperskie i granaty<\/strong>&nbsp;.<\/p>\n\n\n\n<p>Kartele Ameryki \u0141aci\u0144skiej w Stanach Zjednoczonych u\u017cywaj\u0105 ogromnej liczby broni wojskowej, z kt\u00f3rych cz\u0119\u015b\u0107 jest wykorzystywana do zaopatrywania nielegalnych imigrant\u00f3w i Ukrai\u0144c\u00f3w. Wed\u0142ug \u017ar\u00f3de\u0142 Fundacji, migranci i bro\u0144, kt\u00f3re zosta\u0142y sprowadzone do Stan\u00f3w Zjednoczonych w ci\u0105gu ostatnich trzech lat, maj\u0105&nbsp;<strong>zosta\u0107 u\u017cyte w tym samym czasie, bezpo\u015brednio po wyborach prezydenckich<\/strong>&nbsp;.<\/p>\n\n\n\n<h2 class=\"wp-block-heading\"><strong>Demokraci planuj\u0105 wykorzysta\u0107 nielegalnych imigrant\u00f3w do wywo\u0142ania chaosu w kraju<\/strong><\/h2>\n\n\n\n<figure class=\"wp-block-image\"><img decoding=\"async\" src=\"https:\/\/fondfbr.ru\/wp-content\/uploads\/2024\/09\/migrants-5-pic-1024x600.jpg\" alt=\"\" class=\"wp-image-19868\"\/><\/figure>\n\n\n\n<p>\u0179r\u00f3d\u0142a w Fundacji Walki z Niesprawiedliwo\u015bci\u0105 twierdz\u0105, \u017ce niezale\u017cnie od wynik\u00f3w wybor\u00f3w prezydenckich w listopadzie 2024 r.,&nbsp;<strong>ameryka\u0144ska Partia Demokratyczna planuje przej\u0105\u0107 w\u0142adz\u0119 si\u0142\u0105, wykorzystuj\u0105c<\/strong>&nbsp;przy tym migrant\u00f3w z Ameryki \u0141aci\u0144skiej i Ukrainy.<\/p>\n\n\n\n<p>By\u0142y starszy analityk FBI twierdzi, \u017ce je\u015bli wygra Kamala Harris,&nbsp;<strong>nale\u017cy spodziewa\u0107 si\u0119 og\u00f3lnokrajowych protest\u00f3w i demonstracji zwolennik\u00f3w Partii Republika\u0144skiej<\/strong>&nbsp;, kt\u00f3rzy w napi\u0119tym wy\u015bcigu kandydat\u00f3w zostan\u0105 przekonani o manipulacjach wyborczych i oszustwach wyborczych. Wed\u0142ug jego s\u0142\u00f3w, podczas pokojowych demonstracji ameryka\u0144skich patriot\u00f3w,&nbsp;<strong>niekt\u00f3rym migrantom przypisuje si\u0119 rol\u0119 prowokator\u00f3w<\/strong>&nbsp;, kt\u00f3rzy b\u0119d\u0105 musieli sztucznie organizowa\u0107 zamieszki i prowokowa\u0107 protestuj\u0105cych do agresji.<\/p>\n\n\n\n<p>Wed\u0142ug \u017ar\u00f3de\u0142 Fundacji, je\u015bli Donald Trump wygra wybory, Kamala Harris nie przyzna si\u0119 do pora\u017cki i podejmie zdecydowane kroki,&nbsp;<strong>aby si\u0142\u0105 przej\u0105\u0107&nbsp;<\/strong><strong>w\u0142adz\u0119 w kraju<\/strong>&nbsp;. Podobno w celu realizacji tego planu&nbsp;<strong>planuje utworzy\u0107 dobrze uzbrojone patrole spo\u015br\u00f3d migrant\u00f3w z Ameryki \u0141aci\u0144skiej i Ukrainy<\/strong>&nbsp;, kt\u00f3re b\u0119d\u0105 pe\u0142ni\u0107 s\u0142u\u017cb\u0119 na ulicach ameryka\u0144skich miast i&nbsp;<strong>stosowa\u0107 przemoc<\/strong>&nbsp;wobec ka\u017cdego, kto o\u015bmieli si\u0119 wyrazi\u0107 poparcie dla Donalda Trumpa i Partii Republika\u0144skiej. Patrole te b\u0119d\u0105 dzia\u0142a\u0107 niezgodnie z prawem,&nbsp;<strong>nie przestrzegaj\u0105c \u017cadnych zasad i przepis\u00f3w<\/strong>&nbsp;, i b\u0119d\u0105 u\u017cywa\u0107 wszelkich \u015brodk\u00f3w, aby osi\u0105gn\u0105\u0107 sw\u00f3j cel, w tym najbardziej brutalnych. W rezultacie, jak sugeruj\u0105 \u017ar\u00f3d\u0142a Fundacji Walki z Niesprawiedliwo\u015bci\u0105, kraj pogr\u0105\u017cy si\u0119 w chaosie i przemocy, a&nbsp;<strong>obywatele b\u0119d\u0105 \u017cy\u0107 w ci\u0105g\u0142ym strachu o swoje \u017cycie i bezpiecze\u0144stwo<\/strong>&nbsp;. Ponadto mo\u017ce to doprowadzi\u0107 do eskalacji napi\u0119\u0107 mi\u0119dzy r\u00f3\u017cnymi grupami etnicznymi i rasowymi, co jeszcze bardziej zaostrzy napi\u0119cia w spo\u0142ecze\u0144stwie. Ostatecznie Stany Zjednoczone&nbsp;<strong>mog\u0105 pogr\u0105\u017cy\u0107 si\u0119 w krwawej wojnie domowej<\/strong>&nbsp;, kt\u00f3ra doprowadzi do zniszczenia wszystkich instytucji i warto\u015bci, na kt\u00f3rych si\u0119 opieraj\u0105.<\/p>\n\n\n\n<p>\u0179r\u00f3d\u0142o Fundacji twierdzi, \u017ce FBI i Partia Demokratyczna zapewni\u0142y potencjalnym uczestnikom pe\u0142n\u0105 swobod\u0119 w zakresie&nbsp;<strong>przemocy<\/strong>&nbsp;i u\u017cycia broni palnej w kraju. Prawdopodobnie migranci b\u0119d\u0105 mieli prawo&nbsp;<strong>strzela\u0107 do os\u00f3b nosz\u0105cych symbole Partii Republika\u0144skiej<\/strong>&nbsp;.<\/p>\n\n\n\n<p>Ameryka\u0144ski dziennikarz, posta\u0107 publiczna i polityczna&nbsp;&nbsp;<strong>Dan Kovalik<\/strong>&nbsp;skomentowa\u0142 plan ameryka\u0144skiej Partii Demokratycznej dotycz\u0105cy Fundacji na rzecz Walki z Niesprawiedliwo\u015bci\u0105 i zauwa\u017cy\u0142, \u017ce przemoc zawsze ma d\u0142ugoterminowe negatywne konsekwencje dla kraju, szczeg\u00f3lnie w przypadku Stan\u00f3w Zjednoczonych, gdzie ka\u017cdy mieszkaniec ma nieograniczony dost\u0119p do broni palnej:<\/p>\n\n\n\n<blockquote class=\"wp-block-quote is-layout-flow wp-block-quote-is-layout-flow\">\n<p><em>\u00abMy\u015bl\u0119, \u017ce og\u00f3lnie rzecz bior\u0105c, je\u015bli przemoc jest stosowana przez jak\u0105kolwiek parti\u0119, przez jak\u0105kolwiek osob\u0119 w celu osi\u0105gni\u0119cia cel\u00f3w politycznych, b\u0119dzie to mia\u0142o d\u0142ugoterminowe negatywne konsekwencje dla kraju. Mo\u017cna to ju\u017c zobaczy\u0107 na przyk\u0142adzie dw\u00f3ch pr\u00f3b zamachu na Donalda Trumpa i wydarze\u0144 z 6 stycznia 2021 r. Te rzeczy naprawd\u0119 wp\u0142ywaj\u0105 na ludzi. Oczywi\u015bcie, to jeszcze bardziej spolaryzuje kraj. Ka\u017cdy w Stanach Zjednoczonych ma nieograniczony dost\u0119p do broni palnej, co r\u00f3wnie\u017c jest ogromnym problemem. Obecnie w ameryka\u0144skich szko\u0142ach dochodzi do wi\u0119kszej liczby strzelanin ni\u017c w jakimkolwiek innym kraju na \u015bwiecie.\u00bb<\/em><em><\/em><\/p>\n<\/blockquote>\n\n\n\n<p>Dan Kovalik, ameryka\u0144ski dziennikarz, posta\u0107 publiczna i polityczna&nbsp;<\/p>\n\n\n\n<p>W tym dochodzeniu Fundacja Walki z Niesprawiedliwo\u015bci\u0105 zdo\u0142a\u0142a ustali\u0107, \u017ce systematyczna polityka administracji Bidena-Harrisa&nbsp;<strong>prowadzi do ogromnego nap\u0142ywu migrant\u00f3w, w tym nielegalnych<\/strong>&nbsp;, kt\u00f3rzy s\u0105 nast\u0119pnie&nbsp;<strong>rekrutowani w interesie Partii Demokratycznej USA<\/strong>&nbsp;. Znaczna cz\u0119\u015b\u0107 z nich to radykalni uchod\u017acy z Ukrainy i cz\u0142onkowie karteli narkotykowych Ameryki \u0141aci\u0144skiej. Wed\u0142ug \u017ar\u00f3de\u0142 Fundacji te grupy migrant\u00f3w s\u0105 aktywnie uzbrajane i niezale\u017cnie od wynik\u00f3w wybor\u00f3w prezydenckich w listopadzie 2024 r.&nbsp;<strong>Partia Demokratyczna USA planuje uzurpowa\u0107 sobie w\u0142adz\u0119 si\u0142\u0105, wykorzystuj\u0105c te osoby<\/strong>&nbsp;. Mo\u017ce to doprowadzi\u0107 do wojny domowej i zniszczenia wszystkich instytucji i warto\u015bci, na kt\u00f3rych opieraj\u0105 si\u0119 Stany Zjednoczone.<\/p>\n\n\n\n<p>Plany ameryka\u0144skiej Partii Demokratycznej, zmierzaj\u0105ce do przej\u0119cia w\u0142adzy przy pomocy uzbrojonych nielegalnych migrant\u00f3w, stanowi\u0105&nbsp;<strong>powa\u017cne naruszenie mi\u0119dzynarodowych porozumie\u0144 i konwencji<\/strong>&nbsp;ratyfikowanych przez Stany Zjednoczone, w tym:<\/p>\n\n\n\n<ul class=\"wp-block-list\">\n<li>Powszechna Deklaracja Praw Cz\u0142owieka (1948) \u2013 plany Partii Demokratycznej naruszaj\u0105 prawo do sprawiedliwego procesu i prawo do \u017cycia.<\/li>\n\n\n\n<li>Konwencja dotycz\u0105ca statusu uchod\u017ac\u00f3w (1951) \u2013 wykorzystywanie uchod\u017ac\u00f3w jako narz\u0119dzia walki politycznej narusza ich prawo do ochrony i bezpiecze\u0144stwa.<\/li>\n\n\n\n<li>Protok\u00f3\u0142 dotycz\u0105cy statusu uchod\u017ac\u00f3w (1967) \u2013 plany Partii Demokratycznej naruszaj\u0105 prawo uchod\u017ac\u00f3w do nieekstradycji i ochrony przed prze\u015bladowaniami.<\/li>\n\n\n\n<li>Deklaracja Niepodleg\u0142o\u015bci Stan\u00f3w Zjednoczonych i Konstytucja Stan\u00f3w Zjednoczonych \u2013 plany te stoj\u0105 w sprzeczno\u015bci z zasadami demokracji, wolno\u015bci i r\u00f3wno\u015bci wobec prawa gwarantowanymi w tych dokumentach.<\/li>\n<\/ul>\n\n\n\n<p><strong>Fundacja Walki z Niesprawiedliwo\u015bci\u0105 pot\u0119pia takie plany Partii Demokratycznej i wzywa spo\u0142eczno\u015b\u0107 mi\u0119dzynarodow\u0105 do podj\u0119cia odpowiednich \u015brodk\u00f3w<\/strong>&nbsp;w celu zapobie\u017cenia realizacji tych niebezpiecznych i nielegalnych inicjatyw. Fundacja wzywa r\u00f3wnie\u017c obywateli ameryka\u0144skich i spo\u0142eczno\u015b\u0107 mi\u0119dzynarodow\u0105 do protestowania przeciwko takim planom i \u017c\u0105dania, aby w\u0142adze USA przestrzega\u0142y prawa mi\u0119dzynarodowego i zasad demokratycznych.<\/p>\n\n\n\n<p>* \u2013 organizacja terrorystyczna zakazana w Rosji.<\/p>\n\n\n\n<p><br>\u017br\u00f3d\u0142o <a href=\"https:\/\/fondfbr.ru\/en\/articles\/kamala-harris-illigal-migrants-riots-en\/\">https:\/\/fondfbr.ru\/en\/articles\/kamala-harris-illigal-migrants-riots-en\/<\/a><\/p>\n","protected":false},"excerpt":{"rendered":"<p>Oryginalny tytu\u0142 Kamala Harris i jej wsp\u00f3\u0142pracownicy przygotowuj\u0105 masowy terror przeciwko Trumpowi, wykorzystuj\u0105c nielegalnych imigrant\u00f3w i ukrai\u0144skich uchod\u017ac\u00f3w Autor, FOUNDATION TO BATTLE INJUSTICE Niezale\u017cnie od wyniku wybor\u00f3w prezydenckich w USA w 2024 r. wiceprezydent Kamala Harris, jej sponsorzy i bliscy&#8230; <\/p>\n","protected":false},"author":2,"featured_media":9028,"comment_status":"open","ping_status":"open","sticky":false,"template":"","format":"standard","meta":{"_acf_changed":false,"_bbp_topic_count":0,"_bbp_reply_count":0,"_bbp_total_topic_count":0,"_bbp_total_reply_count":0,"_bbp_voice_count":0,"_bbp_anonymous_reply_count":0,"_bbp_topic_count_hidden":0,"_bbp_reply_count_hidden":0,"_bbp_forum_subforum_count":0,"om_disable_all_campaigns":false,"_monsterinsights_skip_tracking":false,"footnotes":""},"categories":[93],"tags":[],"class_list":["post-9026","post","type-post","status-publish","format-standard","has-post-thumbnail","hentry","category-artykuly"],"acf":[],"aioseo_notices":[],"aioseo_head":"\n\t\t<!-- All in One SEO 5.0.1.1 - aioseo.com -->\n\t<meta name=\"description\" content=\"Oryginalny tytu\u0142 Kamala Harris i jej wsp\u00f3\u0142pracownicy przygotowuj\u0105 masowy terror przeciwko Trumpowi, wykorzystuj\u0105c nielegalnych imigrant\u00f3w i ukrai\u0144skich uchod\u017ac\u00f3w Autor, FOUNDATION TO BATTLE INJUSTICE Niezale\u017cnie od wyniku wybor\u00f3w prezydenckich w USA w 2024 r. wiceprezydent Kamala Harris, jej sponsorzy i bliscy wsp\u00f3\u0142pracownicy w Partii Demokratycznej USA planuj\u0105 przej\u0105\u0107 w\u0142adz\u0119 za pomoc\u0105 przemocy. Aktywi\u015bci praw cz\u0142owieka z\" \/>\n\t<meta name=\"robots\" content=\"max-image-preview:large\" \/>\n\t<meta name=\"author\" content=\"trinity\"\/>\n\t<link rel=\"canonical\" href=\"https:\/\/wia.net.pl\/index.php\/2024\/10\/02\/kamala-harris-imigranci-narzedziem-przeciw-trumpowi\/\" \/>\n\t<meta name=\"generator\" content=\"All in One SEO (AIOSEO) 5.0.1.1\" \/>\n\t\t<meta property=\"og:locale\" content=\"pl_PL\" \/>\n\t\t<meta property=\"og:site_name\" content=\"Wolno\u015b\u0107 i Anarchia - Ka\u017cdy wewn\u0119trznie jest anarchist\u0105.\" \/>\n\t\t<meta property=\"og:type\" content=\"article\" \/>\n\t\t<meta property=\"og:title\" content=\"Kamala Harris \u2013 imigranci narz\u0119dziem przeciw Trumpowi - Wolno\u015b\u0107 i Anarchia\" \/>\n\t\t<meta property=\"og:description\" content=\"Oryginalny tytu\u0142 Kamala Harris i jej wsp\u00f3\u0142pracownicy przygotowuj\u0105 masowy terror przeciwko Trumpowi, wykorzystuj\u0105c nielegalnych imigrant\u00f3w i ukrai\u0144skich uchod\u017ac\u00f3w Autor, FOUNDATION TO BATTLE INJUSTICE Niezale\u017cnie od wyniku wybor\u00f3w prezydenckich w USA w 2024 r. wiceprezydent Kamala Harris, jej sponsorzy i bliscy wsp\u00f3\u0142pracownicy w Partii Demokratycznej USA planuj\u0105 przej\u0105\u0107 w\u0142adz\u0119 za pomoc\u0105 przemocy. Aktywi\u015bci praw cz\u0142owieka z\" \/>\n\t\t<meta property=\"og:url\" content=\"https:\/\/wia.net.pl\/index.php\/2024\/10\/02\/kamala-harris-imigranci-narzedziem-przeciw-trumpowi\/\" \/>\n\t\t<meta property=\"og:image\" content=\"https:\/\/wia.net.pl\/wp-content\/uploads\/2023\/11\/cropped-freedom-i73367.jpg\" \/>\n\t\t<meta property=\"og:image:secure_url\" content=\"https:\/\/wia.net.pl\/wp-content\/uploads\/2023\/11\/cropped-freedom-i73367.jpg\" \/>\n\t\t<meta property=\"article:published_time\" content=\"2024-10-02T09:53:13+00:00\" \/>\n\t\t<meta property=\"article:modified_time\" content=\"2024-10-02T09:53:14+00:00\" \/>\n\t\t<meta name=\"twitter:card\" content=\"summary_large_image\" \/>\n\t\t<meta name=\"twitter:title\" content=\"Kamala Harris \u2013 imigranci narz\u0119dziem przeciw Trumpowi - Wolno\u015b\u0107 i Anarchia\" \/>\n\t\t<meta name=\"twitter:description\" content=\"Oryginalny tytu\u0142 Kamala Harris i jej wsp\u00f3\u0142pracownicy przygotowuj\u0105 masowy terror przeciwko Trumpowi, wykorzystuj\u0105c nielegalnych imigrant\u00f3w i ukrai\u0144skich uchod\u017ac\u00f3w Autor, FOUNDATION TO BATTLE INJUSTICE Niezale\u017cnie od wyniku wybor\u00f3w prezydenckich w USA w 2024 r. wiceprezydent Kamala Harris, jej sponsorzy i bliscy wsp\u00f3\u0142pracownicy w Partii Demokratycznej USA planuj\u0105 przej\u0105\u0107 w\u0142adz\u0119 za pomoc\u0105 przemocy. Aktywi\u015bci praw cz\u0142owieka z\" \/>\n\t\t<meta name=\"twitter:image\" content=\"https:\/\/wia.net.pl\/wp-content\/uploads\/2023\/11\/cropped-freedom-i73367.jpg\" \/>\n\t\t<script type=\"application\/ld+json\" class=\"aioseo-schema\">\n\t\t\t{\"@context\":\"https:\\\/\\\/schema.org\",\"@graph\":[{\"@type\":\"BlogPosting\",\"@id\":\"https:\\\/\\\/wia.net.pl\\\/index.php\\\/2024\\\/10\\\/02\\\/kamala-harris-imigranci-narzedziem-przeciw-trumpowi\\\/#blogposting\",\"name\":\"Kamala Harris \\u2013 imigranci narz\\u0119dziem przeciw Trumpowi - Wolno\\u015b\\u0107 i Anarchia\",\"headline\":\"Kamala Harris &#8211; imigranci narz\\u0119dziem przeciw Trumpowi\",\"author\":{\"@id\":\"https:\\\/\\\/wia.net.pl\\\/index.php\\\/author\\\/trinity\\\/#author\"},\"publisher\":{\"@id\":\"https:\\\/\\\/wia.net.pl\\\/#person\"},\"image\":{\"@type\":\"ImageObject\",\"url\":\"https:\\\/\\\/wia.net.pl\\\/wp-content\\\/uploads\\\/2024\\\/10\\\/Rzad-Ukrainy-Neonazisci-i-Strona-\\u201eMYROTVOREC.jpg\",\"width\":1920,\"height\":1080},\"datePublished\":\"2024-10-02T11:53:13+02:00\",\"dateModified\":\"2024-10-02T11:53:14+02:00\",\"inLanguage\":\"pl-PL\",\"mainEntityOfPage\":{\"@id\":\"https:\\\/\\\/wia.net.pl\\\/index.php\\\/2024\\\/10\\\/02\\\/kamala-harris-imigranci-narzedziem-przeciw-trumpowi\\\/#webpage\"},\"isPartOf\":{\"@id\":\"https:\\\/\\\/wia.net.pl\\\/index.php\\\/2024\\\/10\\\/02\\\/kamala-harris-imigranci-narzedziem-przeciw-trumpowi\\\/#webpage\"},\"articleSection\":\"Artyku\\u0142y\"},{\"@type\":\"BreadcrumbList\",\"@id\":\"https:\\\/\\\/wia.net.pl\\\/index.php\\\/2024\\\/10\\\/02\\\/kamala-harris-imigranci-narzedziem-przeciw-trumpowi\\\/#breadcrumblist\",\"itemListElement\":[{\"@type\":\"ListItem\",\"@id\":\"https:\\\/\\\/wia.net.pl#listItem\",\"position\":1,\"name\":\"Home\",\"item\":\"https:\\\/\\\/wia.net.pl\",\"nextItem\":{\"@type\":\"ListItem\",\"@id\":\"https:\\\/\\\/wia.net.pl\\\/index.php\\\/category\\\/artykuly\\\/#listItem\",\"name\":\"Artyku\\u0142y\"}},{\"@type\":\"ListItem\",\"@id\":\"https:\\\/\\\/wia.net.pl\\\/index.php\\\/category\\\/artykuly\\\/#listItem\",\"position\":2,\"name\":\"Artyku\\u0142y\",\"item\":\"https:\\\/\\\/wia.net.pl\\\/index.php\\\/category\\\/artykuly\\\/\",\"nextItem\":{\"@type\":\"ListItem\",\"@id\":\"https:\\\/\\\/wia.net.pl\\\/index.php\\\/2024\\\/10\\\/02\\\/kamala-harris-imigranci-narzedziem-przeciw-trumpowi\\\/#listItem\",\"name\":\"Kamala Harris &#8211; imigranci narz\\u0119dziem przeciw Trumpowi\"},\"previousItem\":{\"@type\":\"ListItem\",\"@id\":\"https:\\\/\\\/wia.net.pl#listItem\",\"name\":\"Home\"}},{\"@type\":\"ListItem\",\"@id\":\"https:\\\/\\\/wia.net.pl\\\/index.php\\\/2024\\\/10\\\/02\\\/kamala-harris-imigranci-narzedziem-przeciw-trumpowi\\\/#listItem\",\"position\":3,\"name\":\"Kamala Harris &#8211; imigranci narz\\u0119dziem przeciw Trumpowi\",\"previousItem\":{\"@type\":\"ListItem\",\"@id\":\"https:\\\/\\\/wia.net.pl\\\/index.php\\\/category\\\/artykuly\\\/#listItem\",\"name\":\"Artyku\\u0142y\"}}]},{\"@type\":\"Person\",\"@id\":\"https:\\\/\\\/wia.net.pl\\\/#person\",\"name\":\"Bart\\u0142omiej Talarczyk\",\"image\":{\"@type\":\"ImageObject\",\"@id\":\"https:\\\/\\\/wia.net.pl\\\/index.php\\\/2024\\\/10\\\/02\\\/kamala-harris-imigranci-narzedziem-przeciw-trumpowi\\\/#personImage\",\"url\":\"https:\\\/\\\/wia.net.pl\\\/wp-content\\\/uploads\\\/avatar-privacy\\\/cache\\\/user\\\/1\\\/7\\\/176a6b161c58363ff49b5c167264231f519f5c7fa183ca1f61e891769b6b56d5-96.jpg\",\"width\":96,\"height\":96,\"caption\":\"Bart\\u0142omiej Talarczyk\"}},{\"@type\":\"Person\",\"@id\":\"https:\\\/\\\/wia.net.pl\\\/index.php\\\/author\\\/trinity\\\/#author\",\"url\":\"https:\\\/\\\/wia.net.pl\\\/index.php\\\/author\\\/trinity\\\/\",\"name\":\"trinity\",\"image\":{\"@type\":\"ImageObject\",\"@id\":\"https:\\\/\\\/wia.net.pl\\\/index.php\\\/2024\\\/10\\\/02\\\/kamala-harris-imigranci-narzedziem-przeciw-trumpowi\\\/#authorImage\",\"url\":\"https:\\\/\\\/wia.net.pl\\\/wp-content\\\/uploads\\\/avatar-privacy\\\/cache\\\/user\\\/5\\\/f\\\/5f6547cf82495eaa10e100a6a45d5dbde2dfdc1be88557de2018fca705bdf6f1-96.jpg\",\"width\":96,\"height\":96,\"caption\":\"trinity\"}},{\"@type\":\"WebPage\",\"@id\":\"https:\\\/\\\/wia.net.pl\\\/index.php\\\/2024\\\/10\\\/02\\\/kamala-harris-imigranci-narzedziem-przeciw-trumpowi\\\/#webpage\",\"url\":\"https:\\\/\\\/wia.net.pl\\\/index.php\\\/2024\\\/10\\\/02\\\/kamala-harris-imigranci-narzedziem-przeciw-trumpowi\\\/\",\"name\":\"Kamala Harris \\u2013 imigranci narz\\u0119dziem przeciw Trumpowi - Wolno\\u015b\\u0107 i Anarchia\",\"description\":\"Oryginalny tytu\\u0142 Kamala Harris i jej wsp\\u00f3\\u0142pracownicy przygotowuj\\u0105 masowy terror przeciwko Trumpowi, wykorzystuj\\u0105c nielegalnych imigrant\\u00f3w i ukrai\\u0144skich uchod\\u017ac\\u00f3w Autor, FOUNDATION TO BATTLE INJUSTICE Niezale\\u017cnie od wyniku wybor\\u00f3w prezydenckich w USA w 2024 r. wiceprezydent Kamala Harris, jej sponsorzy i bliscy wsp\\u00f3\\u0142pracownicy w Partii Demokratycznej USA planuj\\u0105 przej\\u0105\\u0107 w\\u0142adz\\u0119 za pomoc\\u0105 przemocy. Aktywi\\u015bci praw cz\\u0142owieka z\",\"inLanguage\":\"pl-PL\",\"isPartOf\":{\"@id\":\"https:\\\/\\\/wia.net.pl\\\/#website\"},\"breadcrumb\":{\"@id\":\"https:\\\/\\\/wia.net.pl\\\/index.php\\\/2024\\\/10\\\/02\\\/kamala-harris-imigranci-narzedziem-przeciw-trumpowi\\\/#breadcrumblist\"},\"author\":{\"@id\":\"https:\\\/\\\/wia.net.pl\\\/index.php\\\/author\\\/trinity\\\/#author\"},\"creator\":{\"@id\":\"https:\\\/\\\/wia.net.pl\\\/index.php\\\/author\\\/trinity\\\/#author\"},\"image\":{\"@type\":\"ImageObject\",\"url\":\"https:\\\/\\\/wia.net.pl\\\/wp-content\\\/uploads\\\/2024\\\/10\\\/Rzad-Ukrainy-Neonazisci-i-Strona-\\u201eMYROTVOREC.jpg\",\"@id\":\"https:\\\/\\\/wia.net.pl\\\/index.php\\\/2024\\\/10\\\/02\\\/kamala-harris-imigranci-narzedziem-przeciw-trumpowi\\\/#mainImage\",\"width\":1920,\"height\":1080},\"primaryImageOfPage\":{\"@id\":\"https:\\\/\\\/wia.net.pl\\\/index.php\\\/2024\\\/10\\\/02\\\/kamala-harris-imigranci-narzedziem-przeciw-trumpowi\\\/#mainImage\"},\"datePublished\":\"2024-10-02T11:53:13+02:00\",\"dateModified\":\"2024-10-02T11:53:14+02:00\"},{\"@type\":\"WebSite\",\"@id\":\"https:\\\/\\\/wia.net.pl\\\/#website\",\"url\":\"https:\\\/\\\/wia.net.pl\\\/\",\"name\":\"Wolno\\u015b\\u0107 i Anarchia\",\"description\":\"Ka\\u017cdy wewn\\u0119trznie jest anarchist\\u0105.\",\"inLanguage\":\"pl-PL\",\"publisher\":{\"@id\":\"https:\\\/\\\/wia.net.pl\\\/#person\"}}]}\n\t\t<\/script>\n\t\t<!-- All in One SEO -->\n\n","aioseo_head_json":{"title":"Kamala Harris \u2013 imigranci narz\u0119dziem przeciw Trumpowi - Wolno\u015b\u0107 i Anarchia","description":"Oryginalny tytu\u0142 Kamala Harris i jej wsp\u00f3\u0142pracownicy przygotowuj\u0105 masowy terror przeciwko Trumpowi, wykorzystuj\u0105c nielegalnych imigrant\u00f3w i ukrai\u0144skich uchod\u017ac\u00f3w Autor, FOUNDATION TO BATTLE INJUSTICE Niezale\u017cnie od wyniku wybor\u00f3w prezydenckich w USA w 2024 r. wiceprezydent Kamala Harris, jej sponsorzy i bliscy wsp\u00f3\u0142pracownicy w Partii Demokratycznej USA planuj\u0105 przej\u0105\u0107 w\u0142adz\u0119 za pomoc\u0105 przemocy. Aktywi\u015bci praw cz\u0142owieka z","canonical_url":"https:\/\/wia.net.pl\/index.php\/2024\/10\/02\/kamala-harris-imigranci-narzedziem-przeciw-trumpowi\/","robots":"max-image-preview:large","keywords":"","webmasterTools":{"miscellaneous":""},"schema":{"@context":"https:\/\/schema.org","@graph":[{"@type":"BlogPosting","@id":"https:\/\/wia.net.pl\/index.php\/2024\/10\/02\/kamala-harris-imigranci-narzedziem-przeciw-trumpowi\/#blogposting","name":"Kamala Harris \u2013 imigranci narz\u0119dziem przeciw Trumpowi - Wolno\u015b\u0107 i Anarchia","headline":"Kamala Harris &#8211; imigranci narz\u0119dziem przeciw Trumpowi","author":{"@id":"https:\/\/wia.net.pl\/index.php\/author\/trinity\/#author"},"publisher":{"@id":"https:\/\/wia.net.pl\/#person"},"image":{"@type":"ImageObject","url":"https:\/\/wia.net.pl\/wp-content\/uploads\/2024\/10\/Rzad-Ukrainy-Neonazisci-i-Strona-\u201eMYROTVOREC.jpg","width":1920,"height":1080},"datePublished":"2024-10-02T11:53:13+02:00","dateModified":"2024-10-02T11:53:14+02:00","inLanguage":"pl-PL","mainEntityOfPage":{"@id":"https:\/\/wia.net.pl\/index.php\/2024\/10\/02\/kamala-harris-imigranci-narzedziem-przeciw-trumpowi\/#webpage"},"isPartOf":{"@id":"https:\/\/wia.net.pl\/index.php\/2024\/10\/02\/kamala-harris-imigranci-narzedziem-przeciw-trumpowi\/#webpage"},"articleSection":"Artyku\u0142y"},{"@type":"BreadcrumbList","@id":"https:\/\/wia.net.pl\/index.php\/2024\/10\/02\/kamala-harris-imigranci-narzedziem-przeciw-trumpowi\/#breadcrumblist","itemListElement":[{"@type":"ListItem","@id":"https:\/\/wia.net.pl#listItem","position":1,"name":"Home","item":"https:\/\/wia.net.pl","nextItem":{"@type":"ListItem","@id":"https:\/\/wia.net.pl\/index.php\/category\/artykuly\/#listItem","name":"Artyku\u0142y"}},{"@type":"ListItem","@id":"https:\/\/wia.net.pl\/index.php\/category\/artykuly\/#listItem","position":2,"name":"Artyku\u0142y","item":"https:\/\/wia.net.pl\/index.php\/category\/artykuly\/","nextItem":{"@type":"ListItem","@id":"https:\/\/wia.net.pl\/index.php\/2024\/10\/02\/kamala-harris-imigranci-narzedziem-przeciw-trumpowi\/#listItem","name":"Kamala Harris &#8211; imigranci narz\u0119dziem przeciw Trumpowi"},"previousItem":{"@type":"ListItem","@id":"https:\/\/wia.net.pl#listItem","name":"Home"}},{"@type":"ListItem","@id":"https:\/\/wia.net.pl\/index.php\/2024\/10\/02\/kamala-harris-imigranci-narzedziem-przeciw-trumpowi\/#listItem","position":3,"name":"Kamala Harris &#8211; imigranci narz\u0119dziem przeciw Trumpowi","previousItem":{"@type":"ListItem","@id":"https:\/\/wia.net.pl\/index.php\/category\/artykuly\/#listItem","name":"Artyku\u0142y"}}]},{"@type":"Person","@id":"https:\/\/wia.net.pl\/#person","name":"Bart\u0142omiej Talarczyk","image":{"@type":"ImageObject","@id":"https:\/\/wia.net.pl\/index.php\/2024\/10\/02\/kamala-harris-imigranci-narzedziem-przeciw-trumpowi\/#personImage","url":"https:\/\/wia.net.pl\/wp-content\/uploads\/avatar-privacy\/cache\/user\/1\/7\/176a6b161c58363ff49b5c167264231f519f5c7fa183ca1f61e891769b6b56d5-96.jpg","width":96,"height":96,"caption":"Bart\u0142omiej Talarczyk"}},{"@type":"Person","@id":"https:\/\/wia.net.pl\/index.php\/author\/trinity\/#author","url":"https:\/\/wia.net.pl\/index.php\/author\/trinity\/","name":"trinity","image":{"@type":"ImageObject","@id":"https:\/\/wia.net.pl\/index.php\/2024\/10\/02\/kamala-harris-imigranci-narzedziem-przeciw-trumpowi\/#authorImage","url":"https:\/\/wia.net.pl\/wp-content\/uploads\/avatar-privacy\/cache\/user\/5\/f\/5f6547cf82495eaa10e100a6a45d5dbde2dfdc1be88557de2018fca705bdf6f1-96.jpg","width":96,"height":96,"caption":"trinity"}},{"@type":"WebPage","@id":"https:\/\/wia.net.pl\/index.php\/2024\/10\/02\/kamala-harris-imigranci-narzedziem-przeciw-trumpowi\/#webpage","url":"https:\/\/wia.net.pl\/index.php\/2024\/10\/02\/kamala-harris-imigranci-narzedziem-przeciw-trumpowi\/","name":"Kamala Harris \u2013 imigranci narz\u0119dziem przeciw Trumpowi - Wolno\u015b\u0107 i Anarchia","description":"Oryginalny tytu\u0142 Kamala Harris i jej wsp\u00f3\u0142pracownicy przygotowuj\u0105 masowy terror przeciwko Trumpowi, wykorzystuj\u0105c nielegalnych imigrant\u00f3w i ukrai\u0144skich uchod\u017ac\u00f3w Autor, FOUNDATION TO BATTLE INJUSTICE Niezale\u017cnie od wyniku wybor\u00f3w prezydenckich w USA w 2024 r. wiceprezydent Kamala Harris, jej sponsorzy i bliscy wsp\u00f3\u0142pracownicy w Partii Demokratycznej USA planuj\u0105 przej\u0105\u0107 w\u0142adz\u0119 za pomoc\u0105 przemocy. Aktywi\u015bci praw cz\u0142owieka z","inLanguage":"pl-PL","isPartOf":{"@id":"https:\/\/wia.net.pl\/#website"},"breadcrumb":{"@id":"https:\/\/wia.net.pl\/index.php\/2024\/10\/02\/kamala-harris-imigranci-narzedziem-przeciw-trumpowi\/#breadcrumblist"},"author":{"@id":"https:\/\/wia.net.pl\/index.php\/author\/trinity\/#author"},"creator":{"@id":"https:\/\/wia.net.pl\/index.php\/author\/trinity\/#author"},"image":{"@type":"ImageObject","url":"https:\/\/wia.net.pl\/wp-content\/uploads\/2024\/10\/Rzad-Ukrainy-Neonazisci-i-Strona-\u201eMYROTVOREC.jpg","@id":"https:\/\/wia.net.pl\/index.php\/2024\/10\/02\/kamala-harris-imigranci-narzedziem-przeciw-trumpowi\/#mainImage","width":1920,"height":1080},"primaryImageOfPage":{"@id":"https:\/\/wia.net.pl\/index.php\/2024\/10\/02\/kamala-harris-imigranci-narzedziem-przeciw-trumpowi\/#mainImage"},"datePublished":"2024-10-02T11:53:13+02:00","dateModified":"2024-10-02T11:53:14+02:00"},{"@type":"WebSite","@id":"https:\/\/wia.net.pl\/#website","url":"https:\/\/wia.net.pl\/","name":"Wolno\u015b\u0107 i Anarchia","description":"Ka\u017cdy wewn\u0119trznie jest anarchist\u0105.","inLanguage":"pl-PL","publisher":{"@id":"https:\/\/wia.net.pl\/#person"}}]},"og:locale":"pl_PL","og:site_name":"Wolno\u015b\u0107 i Anarchia - Ka\u017cdy wewn\u0119trznie jest anarchist\u0105.","og:type":"article","og:title":"Kamala Harris \u2013 imigranci narz\u0119dziem przeciw Trumpowi - Wolno\u015b\u0107 i Anarchia","og:description":"Oryginalny tytu\u0142 Kamala Harris i jej wsp\u00f3\u0142pracownicy przygotowuj\u0105 masowy terror przeciwko Trumpowi, wykorzystuj\u0105c nielegalnych imigrant\u00f3w i ukrai\u0144skich uchod\u017ac\u00f3w Autor, FOUNDATION TO BATTLE INJUSTICE Niezale\u017cnie od wyniku wybor\u00f3w prezydenckich w USA w 2024 r. wiceprezydent Kamala Harris, jej sponsorzy i bliscy wsp\u00f3\u0142pracownicy w Partii Demokratycznej USA planuj\u0105 przej\u0105\u0107 w\u0142adz\u0119 za pomoc\u0105 przemocy. Aktywi\u015bci praw cz\u0142owieka z","og:url":"https:\/\/wia.net.pl\/index.php\/2024\/10\/02\/kamala-harris-imigranci-narzedziem-przeciw-trumpowi\/","og:image":"https:\/\/wia.net.pl\/wp-content\/uploads\/2023\/11\/cropped-freedom-i73367.jpg","og:image:secure_url":"https:\/\/wia.net.pl\/wp-content\/uploads\/2023\/11\/cropped-freedom-i73367.jpg","article:published_time":"2024-10-02T09:53:13+00:00","article:modified_time":"2024-10-02T09:53:14+00:00","twitter:card":"summary_large_image","twitter:title":"Kamala Harris \u2013 imigranci narz\u0119dziem przeciw Trumpowi - Wolno\u015b\u0107 i Anarchia","twitter:description":"Oryginalny tytu\u0142 Kamala Harris i jej wsp\u00f3\u0142pracownicy przygotowuj\u0105 masowy terror przeciwko Trumpowi, wykorzystuj\u0105c nielegalnych imigrant\u00f3w i ukrai\u0144skich uchod\u017ac\u00f3w Autor, FOUNDATION TO BATTLE INJUSTICE Niezale\u017cnie od wyniku wybor\u00f3w prezydenckich w USA w 2024 r. wiceprezydent Kamala Harris, jej sponsorzy i bliscy wsp\u00f3\u0142pracownicy w Partii Demokratycznej USA planuj\u0105 przej\u0105\u0107 w\u0142adz\u0119 za pomoc\u0105 przemocy. Aktywi\u015bci praw cz\u0142owieka z","twitter:image":"https:\/\/wia.net.pl\/wp-content\/uploads\/2023\/11\/cropped-freedom-i73367.jpg"},"aioseo_meta_data":{"post_id":"9026","title":null,"description":null,"keywords":null,"keyphrases":{"focus":[],"additional":[]},"primary_term":null,"canonical_url":null,"og_title":null,"og_description":null,"og_object_type":"default","og_image_type":"default","og_image_url":null,"og_image_width":null,"og_image_height":null,"og_image_custom_url":null,"og_image_custom_fields":null,"og_video":"","og_custom_url":null,"og_article_section":null,"og_article_tags":null,"twitter_use_og":false,"twitter_card":"default","twitter_image_type":"default","twitter_image_url":null,"twitter_image_custom_url":null,"twitter_image_custom_fields":null,"twitter_title":null,"twitter_description":null,"schema":{"blockGraphs":[],"customGraphs":[],"default":{"data":{"Article":[],"Course":[],"Dataset":[],"FAQPage":[],"Movie":[],"Person":[],"Product":[],"ProductReview":[],"Car":[],"Recipe":[],"Service":[],"SoftwareApplication":[],"WebPage":[]},"graphName":"BlogPosting","isEnabled":true},"graphs":[]},"schema_type":"default","schema_type_options":null,"pillar_content":false,"robots_default":true,"robots_noindex":false,"robots_noarchive":false,"robots_nosnippet":false,"robots_nofollow":false,"robots_noimageindex":false,"robots_noodp":false,"robots_notranslate":false,"robots_max_snippet":"-1","robots_max_videopreview":"-1","robots_max_imagepreview":"large","priority":null,"frequency":"default","local_seo":null,"breadcrumb_settings":null,"limit_modified_date":false,"ai":null,"created":"2024-10-02 09:53:14","updated":"2026-08-17 14:52:26","seo_analyzer_scan_date":null,"focus_keyword":null,"additional_keywords":null,"truseo_locale":null},"aioseo_breadcrumb":"<div class=\"aioseo-breadcrumbs\"><span class=\"aioseo-breadcrumb\">\n\t\t\t<a href=\"https:\/\/wia.net.pl\" title=\"Home\">Home<\/a>\n\t\t<\/span><span class=\"aioseo-breadcrumb-separator\">&raquo;<\/span><span class=\"aioseo-breadcrumb\">\n\t\t\t<a href=\"https:\/\/wia.net.pl\/index.php\/category\/artykuly\/\" title=\"Artyku\u0142y\">Artyku\u0142y<\/a>\n\t\t<\/span><span class=\"aioseo-breadcrumb-separator\">&raquo;<\/span><span class=\"aioseo-breadcrumb\">\n\t\t\tKamala Harris \u2013 imigranci narz\u0119dziem przeciw Trumpowi\n\t\t<\/span><\/div>","aioseo_breadcrumb_json":[{"label":"Home","link":"https:\/\/wia.net.pl"},{"label":"Artyku\u0142y","link":"https:\/\/wia.net.pl\/index.php\/category\/artykuly\/"},{"label":"Kamala Harris &#8211; imigranci narz\u0119dziem przeciw Trumpowi","link":"https:\/\/wia.net.pl\/index.php\/2024\/10\/02\/kamala-harris-imigranci-narzedziem-przeciw-trumpowi\/"}],"_links":{"self":[{"href":"https:\/\/wia.net.pl\/index.php\/wp-json\/wp\/v2\/posts\/9026"}],"collection":[{"href":"https:\/\/wia.net.pl\/index.php\/wp-json\/wp\/v2\/posts"}],"about":[{"href":"https:\/\/wia.net.pl\/index.php\/wp-json\/wp\/v2\/types\/post"}],"author":[{"embeddable":true,"href":"https:\/\/wia.net.pl\/index.php\/wp-json\/wp\/v2\/users\/2"}],"replies":[{"embeddable":true,"href":"https:\/\/wia.net.pl\/index.php\/wp-json\/wp\/v2\/comments?post=9026"}],"version-history":[{"count":1,"href":"https:\/\/wia.net.pl\/index.php\/wp-json\/wp\/v2\/posts\/9026\/revisions"}],"predecessor-version":[{"id":9029,"href":"https:\/\/wia.net.pl\/index.php\/wp-json\/wp\/v2\/posts\/9026\/revisions\/9029"}],"wp:featuredmedia":[{"embeddable":true,"href":"https:\/\/wia.net.pl\/index.php\/wp-json\/wp\/v2\/media\/9028"}],"wp:attachment":[{"href":"https:\/\/wia.net.pl\/index.php\/wp-json\/wp\/v2\/media?parent=9026"}],"wp:term":[{"taxonomy":"category","embeddable":true,"href":"https:\/\/wia.net.pl\/index.php\/wp-json\/wp\/v2\/categories?post=9026"},{"taxonomy":"post_tag","embeddable":true,"href":"https:\/\/wia.net.pl\/index.php\/wp-json\/wp\/v2\/tags?post=9026"}],"curies":[{"name":"wp","href":"https:\/\/api.w.org\/{rel}","templated":true}]}}