{"id":9060,"date":"2024-10-06T15:37:22","date_gmt":"2024-10-06T13:37:22","guid":{"rendered":"https:\/\/wia.net.pl\/?p=9060"},"modified":"2024-10-06T15:49:08","modified_gmt":"2024-10-06T13:49:08","slug":"energia-vrill-i-niemiecka-technologia-ufo","status":"publish","type":"post","link":"https:\/\/wia.net.pl\/index.php\/2024\/10\/06\/energia-vrill-i-niemiecka-technologia-ufo\/","title":{"rendered":"Energia Vrill i niemiecka technologia UFO"},"content":{"rendered":"\n<p>Praca dr Waltera Russella pr\u00f3bowa\u0142a po\u0142\u0105czy\u0107 nauk\u0119 i duchowo\u015b\u0107, sugeruj\u0105c, \u017ce wszech\u015bwiat zasadniczo sk\u0142ada si\u0119 ze \u015bwiat\u0142a i \u017ce ca\u0142a materia jest przed\u0142u\u017ceniem tego \u015bwiat\u0142a, kontrolowanym przez Umys\u0142 lub \u015awiadomo\u015b\u0107. Jego idee stanowi\u0142y wyzwanie dla konwencjonalnej my\u015bli naukowej jego czas\u00f3w, szczeg\u00f3lnie w tym, jak postrzega\u0142 energi\u0119, materi\u0119 i natur\u0119 wszech\u015bwiata.<\/p>\n\n\n\n<p>Od dawna podejrzewano, \u017ce niemieckie tajne stowarzyszenia by\u0142y bardziej ni\u017c przelotnie zainteresowane okultyzmem i UFO, a wiele U-Boot\u00f3w pozosta\u0142o nierozpoznanych po zako\u0144czeniu II wojny \u015bwiatowej, a pog\u0142oski o bazie na Antarktydzie by\u0142y dost\u0119pne tylko dla \u0142odzi podwodnych.<\/p>\n\n\n\n<p>W latach 1946-47 ameryka\u0144skie wojsko zorganizowa\u0142o operacj\u0119 Highjump, najwi\u0119ksz\u0105 w historii ekspedycj\u0119 antarktyczn\u0105, sk\u0142adaj\u0105c\u0105 si\u0119 z 4700 uzbrojonych \u017co\u0142nierzy i 13 okr\u0119t\u00f3w wojennych. Co znale\u017ali i dlaczego zosta\u0142o to natychmiast utajnione i ukryte przed opini\u0105 publiczn\u0105?<\/p>\n\n\n\n<p>Tajna misja operacji Highjump polega\u0142a na odnalezieniu i zniszczeniu rzekomej podziemnej kolonii na po\u0142udniowym biegunie Antarktydy, za\u0142o\u017conej przez Niemcy przed i w trakcie II wojny \u015bwiatowej, w kt\u00f3rej znajdowali si\u0119 naukowcy, rzekoma technologia wolnej energii i statki o zaawansowanym nap\u0119dzie (UFO).<\/p>\n\n\n\n<p>Prana, Chi i Vril to s\u0142owa u\u017cywane do opisania si\u0142y \u017cyciowej lub energii bio-elektro-magnetycznej. Okie\u0142znanie i transmutacja #vril skutkuje popraw\u0105 zdrowia, witalno\u015bci, kreatywno\u015bci, pewno\u015bci siebie, skupienia, osobistego magnetyzmu i hartu ducha.<\/p>\n\n\n\n<p>Antarktyczne ujawnienie: <a href=\"https:\/\/wia.net.pl\/index.php\/2024\/02\/25\/antarktyczne-ujawnienie\/\" target=\"_blank\" rel=\"noopener\" title=\"\">https:\/\/wia.net.pl\/index.php\/2024\/02\/25\/antarktyczne-ujawnienie\/ <\/a><\/p>\n\n\n\n<p>\u0179R\u00d3D\u0141O:<\/p>\n\n\n\n<p>Kana\u0142 Atlantean gardens \u2013&nbsp;<a href=\"https:\/\/www.youtube.com\/c\/AtlanteangardensOrg\" target=\"_blank\" rel=\"noreferrer noopener\">https:\/\/www.youtube.com\/c\/AtlanteangardensOrg<\/a><\/p>\n\n\n\n<p>Kana\u0142 Robert Sepehr \u2013&nbsp;<a href=\"https:\/\/www.youtube.com\/user\/818encino\" target=\"_blank\" rel=\"noreferrer noopener\">https:\/\/www.youtube.com\/user\/818encino<\/a><\/p>\n\n\n<p><iframe id=\"odysee-iframe\" style=\"width:100%; aspect-ratio:16 \/ 9;\" src=\"https:\/\/odysee.com\/$\/embed\/@wolnoscanarchia:d\/Energia-Vrill-i-niemiecka-technologia-UFO:7?r=KqtnN3u2RSe5GxY7Tos527f1XGfjXD4u\" allowfullscreen><\/iframe><\/p>\n","protected":false},"excerpt":{"rendered":"<p>Praca dr Waltera Russella pr\u00f3bowa\u0142a po\u0142\u0105czy\u0107 nauk\u0119 i duchowo\u015b\u0107, sugeruj\u0105c, \u017ce wszech\u015bwiat zasadniczo sk\u0142ada si\u0119 ze \u015bwiat\u0142a i \u017ce ca\u0142a materia jest przed\u0142u\u017ceniem tego \u015bwiat\u0142a, kontrolowanym przez Umys\u0142 lub \u015awiadomo\u015b\u0107. Jego idee stanowi\u0142y wyzwanie dla konwencjonalnej my\u015bli naukowej jego czas\u00f3w,&#8230; <\/p>\n","protected":false},"author":3,"featured_media":9061,"comment_status":"open","ping_status":"open","sticky":false,"template":"","format":"standard","meta":{"_acf_changed":false,"_bbp_topic_count":0,"_bbp_reply_count":0,"_bbp_total_topic_count":0,"_bbp_total_reply_count":0,"_bbp_voice_count":0,"_bbp_anonymous_reply_count":0,"_bbp_topic_count_hidden":0,"_bbp_reply_count_hidden":0,"_bbp_forum_subforum_count":0,"om_disable_all_campaigns":false,"_monsterinsights_skip_tracking":false,"footnotes":""},"categories":[11,95],"tags":[68,63,42,71,26,23,32,22,70,62],"class_list":["post-9060","post","type-post","status-publish","format-standard","has-post-thumbnail","hentry","category-antropologia","category-ufo-i-technologie","tag-cesarstwo-rzymskie","tag-historia-ziemi","tag-illuminati","tag-kosciol-katolicki","tag-ludzkosc","tag-niewolnictwo","tag-rzad","tag-satanizm","tag-tajne-stowarzyszenia","tag-wszechswiat"],"acf":[],"aioseo_notices":[],"aioseo_head":"\n\t\t<!-- All in One SEO 5.0.1.1 - aioseo.com -->\n\t<meta name=\"description\" content=\"Praca dr Waltera Russella pr\u00f3bowa\u0142a po\u0142\u0105czy\u0107 nauk\u0119 i duchowo\u015b\u0107, sugeruj\u0105c, \u017ce wszech\u015bwiat zasadniczo sk\u0142ada si\u0119 ze \u015bwiat\u0142a i \u017ce ca\u0142a materia jest przed\u0142u\u017ceniem tego \u015bwiat\u0142a, kontrolowanym przez Umys\u0142 lub \u015awiadomo\u015b\u0107. Jego idee stanowi\u0142y wyzwanie dla konwencjonalnej my\u015bli naukowej jego czas\u00f3w, szczeg\u00f3lnie w tym, jak postrzega\u0142 energi\u0119, materi\u0119 i natur\u0119 wszech\u015bwiata. Od dawna podejrzewano, \u017ce niemieckie\" \/>\n\t<meta name=\"robots\" content=\"max-image-preview:large\" \/>\n\t<meta name=\"author\" content=\"Bart\u0142omiej Talarczyk\"\/>\n\t<link rel=\"canonical\" href=\"https:\/\/wia.net.pl\/index.php\/2024\/10\/06\/energia-vrill-i-niemiecka-technologia-ufo\/\" \/>\n\t<meta name=\"generator\" content=\"All in One SEO (AIOSEO) 5.0.1.1\" \/>\n\t\t<meta property=\"og:locale\" content=\"pl_PL\" \/>\n\t\t<meta property=\"og:site_name\" content=\"Wolno\u015b\u0107 i Anarchia - Ka\u017cdy wewn\u0119trznie jest anarchist\u0105.\" \/>\n\t\t<meta property=\"og:type\" content=\"article\" \/>\n\t\t<meta property=\"og:title\" content=\"Energia Vrill i niemiecka technologia UFO - Wolno\u015b\u0107 i Anarchia\" \/>\n\t\t<meta property=\"og:description\" content=\"Praca dr Waltera Russella pr\u00f3bowa\u0142a po\u0142\u0105czy\u0107 nauk\u0119 i duchowo\u015b\u0107, sugeruj\u0105c, \u017ce wszech\u015bwiat zasadniczo sk\u0142ada si\u0119 ze \u015bwiat\u0142a i \u017ce ca\u0142a materia jest przed\u0142u\u017ceniem tego \u015bwiat\u0142a, kontrolowanym przez Umys\u0142 lub \u015awiadomo\u015b\u0107. Jego idee stanowi\u0142y wyzwanie dla konwencjonalnej my\u015bli naukowej jego czas\u00f3w, szczeg\u00f3lnie w tym, jak postrzega\u0142 energi\u0119, materi\u0119 i natur\u0119 wszech\u015bwiata. Od dawna podejrzewano, \u017ce niemieckie\" \/>\n\t\t<meta property=\"og:url\" content=\"https:\/\/wia.net.pl\/index.php\/2024\/10\/06\/energia-vrill-i-niemiecka-technologia-ufo\/\" \/>\n\t\t<meta property=\"og:image\" content=\"https:\/\/wia.net.pl\/wp-content\/uploads\/2023\/11\/cropped-freedom-i73367.jpg\" \/>\n\t\t<meta property=\"og:image:secure_url\" content=\"https:\/\/wia.net.pl\/wp-content\/uploads\/2023\/11\/cropped-freedom-i73367.jpg\" \/>\n\t\t<meta property=\"article:published_time\" content=\"2024-10-06T13:37:22+00:00\" \/>\n\t\t<meta property=\"article:modified_time\" content=\"2024-10-06T13:49:08+00:00\" \/>\n\t\t<meta name=\"twitter:card\" content=\"summary_large_image\" \/>\n\t\t<meta name=\"twitter:title\" content=\"Energia Vrill i niemiecka technologia UFO - Wolno\u015b\u0107 i Anarchia\" \/>\n\t\t<meta name=\"twitter:description\" content=\"Praca dr Waltera Russella pr\u00f3bowa\u0142a po\u0142\u0105czy\u0107 nauk\u0119 i duchowo\u015b\u0107, sugeruj\u0105c, \u017ce wszech\u015bwiat zasadniczo sk\u0142ada si\u0119 ze \u015bwiat\u0142a i \u017ce ca\u0142a materia jest przed\u0142u\u017ceniem tego \u015bwiat\u0142a, kontrolowanym przez Umys\u0142 lub \u015awiadomo\u015b\u0107. Jego idee stanowi\u0142y wyzwanie dla konwencjonalnej my\u015bli naukowej jego czas\u00f3w, szczeg\u00f3lnie w tym, jak postrzega\u0142 energi\u0119, materi\u0119 i natur\u0119 wszech\u015bwiata. Od dawna podejrzewano, \u017ce niemieckie\" \/>\n\t\t<meta name=\"twitter:image\" content=\"https:\/\/wia.net.pl\/wp-content\/uploads\/2023\/11\/cropped-freedom-i73367.jpg\" \/>\n\t\t<script type=\"application\/ld+json\" class=\"aioseo-schema\">\n\t\t\t{\"@context\":\"https:\\\/\\\/schema.org\",\"@graph\":[{\"@type\":\"BlogPosting\",\"@id\":\"https:\\\/\\\/wia.net.pl\\\/index.php\\\/2024\\\/10\\\/06\\\/energia-vrill-i-niemiecka-technologia-ufo\\\/#blogposting\",\"name\":\"Energia Vrill i niemiecka technologia UFO - Wolno\\u015b\\u0107 i Anarchia\",\"headline\":\"Energia Vrill i niemiecka technologia UFO\",\"author\":{\"@id\":\"https:\\\/\\\/wia.net.pl\\\/index.php\\\/author\\\/talar\\\/#author\"},\"publisher\":{\"@id\":\"https:\\\/\\\/wia.net.pl\\\/#person\"},\"image\":{\"@type\":\"ImageObject\",\"url\":\"https:\\\/\\\/wia.net.pl\\\/wp-content\\\/uploads\\\/2024\\\/10\\\/Energia-Vrill-i-niemiecka-technologia-UFO.jpg\",\"width\":1920,\"height\":1080},\"datePublished\":\"2024-10-06T15:37:22+02:00\",\"dateModified\":\"2024-10-06T15:49:08+02:00\",\"inLanguage\":\"pl-PL\",\"mainEntityOfPage\":{\"@id\":\"https:\\\/\\\/wia.net.pl\\\/index.php\\\/2024\\\/10\\\/06\\\/energia-vrill-i-niemiecka-technologia-ufo\\\/#webpage\"},\"isPartOf\":{\"@id\":\"https:\\\/\\\/wia.net.pl\\\/index.php\\\/2024\\\/10\\\/06\\\/energia-vrill-i-niemiecka-technologia-ufo\\\/#webpage\"},\"articleSection\":\"Antropologia, UFO i Technologie, Cesarstwo Rzymskie, Historia ziemi, Illuminati, Ko\\u015bci\\u00f3\\u0142 katolicki, Ludzko\\u015b\\u0107, Niewolnictwo, Rz\\u0105d, Satanizm, Tajne stowarzyszenia, Wszech\\u015bwiat\"},{\"@type\":\"BreadcrumbList\",\"@id\":\"https:\\\/\\\/wia.net.pl\\\/index.php\\\/2024\\\/10\\\/06\\\/energia-vrill-i-niemiecka-technologia-ufo\\\/#breadcrumblist\",\"itemListElement\":[{\"@type\":\"ListItem\",\"@id\":\"https:\\\/\\\/wia.net.pl#listItem\",\"position\":1,\"name\":\"Home\",\"item\":\"https:\\\/\\\/wia.net.pl\",\"nextItem\":{\"@type\":\"ListItem\",\"@id\":\"https:\\\/\\\/wia.net.pl\\\/index.php\\\/category\\\/antropologia\\\/#listItem\",\"name\":\"Antropologia\"}},{\"@type\":\"ListItem\",\"@id\":\"https:\\\/\\\/wia.net.pl\\\/index.php\\\/category\\\/antropologia\\\/#listItem\",\"position\":2,\"name\":\"Antropologia\",\"item\":\"https:\\\/\\\/wia.net.pl\\\/index.php\\\/category\\\/antropologia\\\/\",\"nextItem\":{\"@type\":\"ListItem\",\"@id\":\"https:\\\/\\\/wia.net.pl\\\/index.php\\\/2024\\\/10\\\/06\\\/energia-vrill-i-niemiecka-technologia-ufo\\\/#listItem\",\"name\":\"Energia Vrill i niemiecka technologia UFO\"},\"previousItem\":{\"@type\":\"ListItem\",\"@id\":\"https:\\\/\\\/wia.net.pl#listItem\",\"name\":\"Home\"}},{\"@type\":\"ListItem\",\"@id\":\"https:\\\/\\\/wia.net.pl\\\/index.php\\\/2024\\\/10\\\/06\\\/energia-vrill-i-niemiecka-technologia-ufo\\\/#listItem\",\"position\":3,\"name\":\"Energia Vrill i niemiecka technologia UFO\",\"previousItem\":{\"@type\":\"ListItem\",\"@id\":\"https:\\\/\\\/wia.net.pl\\\/index.php\\\/category\\\/antropologia\\\/#listItem\",\"name\":\"Antropologia\"}}]},{\"@type\":\"Person\",\"@id\":\"https:\\\/\\\/wia.net.pl\\\/#person\",\"name\":\"Bart\\u0142omiej Talarczyk\",\"image\":{\"@type\":\"ImageObject\",\"@id\":\"https:\\\/\\\/wia.net.pl\\\/index.php\\\/2024\\\/10\\\/06\\\/energia-vrill-i-niemiecka-technologia-ufo\\\/#personImage\",\"url\":\"https:\\\/\\\/wia.net.pl\\\/wp-content\\\/uploads\\\/avatar-privacy\\\/cache\\\/user\\\/1\\\/7\\\/176a6b161c58363ff49b5c167264231f519f5c7fa183ca1f61e891769b6b56d5-96.jpg\",\"width\":96,\"height\":96,\"caption\":\"Bart\\u0142omiej Talarczyk\"}},{\"@type\":\"Person\",\"@id\":\"https:\\\/\\\/wia.net.pl\\\/index.php\\\/author\\\/talar\\\/#author\",\"url\":\"https:\\\/\\\/wia.net.pl\\\/index.php\\\/author\\\/talar\\\/\",\"name\":\"Bart\\u0142omiej Talarczyk\",\"image\":{\"@type\":\"ImageObject\",\"@id\":\"https:\\\/\\\/wia.net.pl\\\/index.php\\\/2024\\\/10\\\/06\\\/energia-vrill-i-niemiecka-technologia-ufo\\\/#authorImage\",\"url\":\"https:\\\/\\\/wia.net.pl\\\/wp-content\\\/uploads\\\/avatar-privacy\\\/cache\\\/user\\\/1\\\/7\\\/176a6b161c58363ff49b5c167264231f519f5c7fa183ca1f61e891769b6b56d5-96.jpg\",\"width\":96,\"height\":96,\"caption\":\"Bart\\u0142omiej Talarczyk\"}},{\"@type\":\"WebPage\",\"@id\":\"https:\\\/\\\/wia.net.pl\\\/index.php\\\/2024\\\/10\\\/06\\\/energia-vrill-i-niemiecka-technologia-ufo\\\/#webpage\",\"url\":\"https:\\\/\\\/wia.net.pl\\\/index.php\\\/2024\\\/10\\\/06\\\/energia-vrill-i-niemiecka-technologia-ufo\\\/\",\"name\":\"Energia Vrill i niemiecka technologia UFO - Wolno\\u015b\\u0107 i Anarchia\",\"description\":\"Praca dr Waltera Russella pr\\u00f3bowa\\u0142a po\\u0142\\u0105czy\\u0107 nauk\\u0119 i duchowo\\u015b\\u0107, sugeruj\\u0105c, \\u017ce wszech\\u015bwiat zasadniczo sk\\u0142ada si\\u0119 ze \\u015bwiat\\u0142a i \\u017ce ca\\u0142a materia jest przed\\u0142u\\u017ceniem tego \\u015bwiat\\u0142a, kontrolowanym przez Umys\\u0142 lub \\u015awiadomo\\u015b\\u0107. Jego idee stanowi\\u0142y wyzwanie dla konwencjonalnej my\\u015bli naukowej jego czas\\u00f3w, szczeg\\u00f3lnie w tym, jak postrzega\\u0142 energi\\u0119, materi\\u0119 i natur\\u0119 wszech\\u015bwiata. Od dawna podejrzewano, \\u017ce niemieckie\",\"inLanguage\":\"pl-PL\",\"isPartOf\":{\"@id\":\"https:\\\/\\\/wia.net.pl\\\/#website\"},\"breadcrumb\":{\"@id\":\"https:\\\/\\\/wia.net.pl\\\/index.php\\\/2024\\\/10\\\/06\\\/energia-vrill-i-niemiecka-technologia-ufo\\\/#breadcrumblist\"},\"author\":{\"@id\":\"https:\\\/\\\/wia.net.pl\\\/index.php\\\/author\\\/talar\\\/#author\"},\"creator\":{\"@id\":\"https:\\\/\\\/wia.net.pl\\\/index.php\\\/author\\\/talar\\\/#author\"},\"image\":{\"@type\":\"ImageObject\",\"url\":\"https:\\\/\\\/wia.net.pl\\\/wp-content\\\/uploads\\\/2024\\\/10\\\/Energia-Vrill-i-niemiecka-technologia-UFO.jpg\",\"@id\":\"https:\\\/\\\/wia.net.pl\\\/index.php\\\/2024\\\/10\\\/06\\\/energia-vrill-i-niemiecka-technologia-ufo\\\/#mainImage\",\"width\":1920,\"height\":1080},\"primaryImageOfPage\":{\"@id\":\"https:\\\/\\\/wia.net.pl\\\/index.php\\\/2024\\\/10\\\/06\\\/energia-vrill-i-niemiecka-technologia-ufo\\\/#mainImage\"},\"datePublished\":\"2024-10-06T15:37:22+02:00\",\"dateModified\":\"2024-10-06T15:49:08+02:00\"},{\"@type\":\"WebSite\",\"@id\":\"https:\\\/\\\/wia.net.pl\\\/#website\",\"url\":\"https:\\\/\\\/wia.net.pl\\\/\",\"name\":\"Wolno\\u015b\\u0107 i Anarchia\",\"description\":\"Ka\\u017cdy wewn\\u0119trznie jest anarchist\\u0105.\",\"inLanguage\":\"pl-PL\",\"publisher\":{\"@id\":\"https:\\\/\\\/wia.net.pl\\\/#person\"}}]}\n\t\t<\/script>\n\t\t<!-- All in One SEO -->\n\n","aioseo_head_json":{"title":"Energia Vrill i niemiecka technologia UFO - Wolno\u015b\u0107 i Anarchia","description":"Praca dr Waltera Russella pr\u00f3bowa\u0142a po\u0142\u0105czy\u0107 nauk\u0119 i duchowo\u015b\u0107, sugeruj\u0105c, \u017ce wszech\u015bwiat zasadniczo sk\u0142ada si\u0119 ze \u015bwiat\u0142a i \u017ce ca\u0142a materia jest przed\u0142u\u017ceniem tego \u015bwiat\u0142a, kontrolowanym przez Umys\u0142 lub \u015awiadomo\u015b\u0107. Jego idee stanowi\u0142y wyzwanie dla konwencjonalnej my\u015bli naukowej jego czas\u00f3w, szczeg\u00f3lnie w tym, jak postrzega\u0142 energi\u0119, materi\u0119 i natur\u0119 wszech\u015bwiata. Od dawna podejrzewano, \u017ce niemieckie","canonical_url":"https:\/\/wia.net.pl\/index.php\/2024\/10\/06\/energia-vrill-i-niemiecka-technologia-ufo\/","robots":"max-image-preview:large","keywords":"","webmasterTools":{"miscellaneous":""},"schema":{"@context":"https:\/\/schema.org","@graph":[{"@type":"BlogPosting","@id":"https:\/\/wia.net.pl\/index.php\/2024\/10\/06\/energia-vrill-i-niemiecka-technologia-ufo\/#blogposting","name":"Energia Vrill i niemiecka technologia UFO - Wolno\u015b\u0107 i Anarchia","headline":"Energia Vrill i niemiecka technologia UFO","author":{"@id":"https:\/\/wia.net.pl\/index.php\/author\/talar\/#author"},"publisher":{"@id":"https:\/\/wia.net.pl\/#person"},"image":{"@type":"ImageObject","url":"https:\/\/wia.net.pl\/wp-content\/uploads\/2024\/10\/Energia-Vrill-i-niemiecka-technologia-UFO.jpg","width":1920,"height":1080},"datePublished":"2024-10-06T15:37:22+02:00","dateModified":"2024-10-06T15:49:08+02:00","inLanguage":"pl-PL","mainEntityOfPage":{"@id":"https:\/\/wia.net.pl\/index.php\/2024\/10\/06\/energia-vrill-i-niemiecka-technologia-ufo\/#webpage"},"isPartOf":{"@id":"https:\/\/wia.net.pl\/index.php\/2024\/10\/06\/energia-vrill-i-niemiecka-technologia-ufo\/#webpage"},"articleSection":"Antropologia, UFO i Technologie, Cesarstwo Rzymskie, Historia ziemi, Illuminati, Ko\u015bci\u00f3\u0142 katolicki, Ludzko\u015b\u0107, Niewolnictwo, Rz\u0105d, Satanizm, Tajne stowarzyszenia, Wszech\u015bwiat"},{"@type":"BreadcrumbList","@id":"https:\/\/wia.net.pl\/index.php\/2024\/10\/06\/energia-vrill-i-niemiecka-technologia-ufo\/#breadcrumblist","itemListElement":[{"@type":"ListItem","@id":"https:\/\/wia.net.pl#listItem","position":1,"name":"Home","item":"https:\/\/wia.net.pl","nextItem":{"@type":"ListItem","@id":"https:\/\/wia.net.pl\/index.php\/category\/antropologia\/#listItem","name":"Antropologia"}},{"@type":"ListItem","@id":"https:\/\/wia.net.pl\/index.php\/category\/antropologia\/#listItem","position":2,"name":"Antropologia","item":"https:\/\/wia.net.pl\/index.php\/category\/antropologia\/","nextItem":{"@type":"ListItem","@id":"https:\/\/wia.net.pl\/index.php\/2024\/10\/06\/energia-vrill-i-niemiecka-technologia-ufo\/#listItem","name":"Energia Vrill i niemiecka technologia UFO"},"previousItem":{"@type":"ListItem","@id":"https:\/\/wia.net.pl#listItem","name":"Home"}},{"@type":"ListItem","@id":"https:\/\/wia.net.pl\/index.php\/2024\/10\/06\/energia-vrill-i-niemiecka-technologia-ufo\/#listItem","position":3,"name":"Energia Vrill i niemiecka technologia UFO","previousItem":{"@type":"ListItem","@id":"https:\/\/wia.net.pl\/index.php\/category\/antropologia\/#listItem","name":"Antropologia"}}]},{"@type":"Person","@id":"https:\/\/wia.net.pl\/#person","name":"Bart\u0142omiej Talarczyk","image":{"@type":"ImageObject","@id":"https:\/\/wia.net.pl\/index.php\/2024\/10\/06\/energia-vrill-i-niemiecka-technologia-ufo\/#personImage","url":"https:\/\/wia.net.pl\/wp-content\/uploads\/avatar-privacy\/cache\/user\/1\/7\/176a6b161c58363ff49b5c167264231f519f5c7fa183ca1f61e891769b6b56d5-96.jpg","width":96,"height":96,"caption":"Bart\u0142omiej Talarczyk"}},{"@type":"Person","@id":"https:\/\/wia.net.pl\/index.php\/author\/talar\/#author","url":"https:\/\/wia.net.pl\/index.php\/author\/talar\/","name":"Bart\u0142omiej Talarczyk","image":{"@type":"ImageObject","@id":"https:\/\/wia.net.pl\/index.php\/2024\/10\/06\/energia-vrill-i-niemiecka-technologia-ufo\/#authorImage","url":"https:\/\/wia.net.pl\/wp-content\/uploads\/avatar-privacy\/cache\/user\/1\/7\/176a6b161c58363ff49b5c167264231f519f5c7fa183ca1f61e891769b6b56d5-96.jpg","width":96,"height":96,"caption":"Bart\u0142omiej Talarczyk"}},{"@type":"WebPage","@id":"https:\/\/wia.net.pl\/index.php\/2024\/10\/06\/energia-vrill-i-niemiecka-technologia-ufo\/#webpage","url":"https:\/\/wia.net.pl\/index.php\/2024\/10\/06\/energia-vrill-i-niemiecka-technologia-ufo\/","name":"Energia Vrill i niemiecka technologia UFO - Wolno\u015b\u0107 i Anarchia","description":"Praca dr Waltera Russella pr\u00f3bowa\u0142a po\u0142\u0105czy\u0107 nauk\u0119 i duchowo\u015b\u0107, sugeruj\u0105c, \u017ce wszech\u015bwiat zasadniczo sk\u0142ada si\u0119 ze \u015bwiat\u0142a i \u017ce ca\u0142a materia jest przed\u0142u\u017ceniem tego \u015bwiat\u0142a, kontrolowanym przez Umys\u0142 lub \u015awiadomo\u015b\u0107. Jego idee stanowi\u0142y wyzwanie dla konwencjonalnej my\u015bli naukowej jego czas\u00f3w, szczeg\u00f3lnie w tym, jak postrzega\u0142 energi\u0119, materi\u0119 i natur\u0119 wszech\u015bwiata. Od dawna podejrzewano, \u017ce niemieckie","inLanguage":"pl-PL","isPartOf":{"@id":"https:\/\/wia.net.pl\/#website"},"breadcrumb":{"@id":"https:\/\/wia.net.pl\/index.php\/2024\/10\/06\/energia-vrill-i-niemiecka-technologia-ufo\/#breadcrumblist"},"author":{"@id":"https:\/\/wia.net.pl\/index.php\/author\/talar\/#author"},"creator":{"@id":"https:\/\/wia.net.pl\/index.php\/author\/talar\/#author"},"image":{"@type":"ImageObject","url":"https:\/\/wia.net.pl\/wp-content\/uploads\/2024\/10\/Energia-Vrill-i-niemiecka-technologia-UFO.jpg","@id":"https:\/\/wia.net.pl\/index.php\/2024\/10\/06\/energia-vrill-i-niemiecka-technologia-ufo\/#mainImage","width":1920,"height":1080},"primaryImageOfPage":{"@id":"https:\/\/wia.net.pl\/index.php\/2024\/10\/06\/energia-vrill-i-niemiecka-technologia-ufo\/#mainImage"},"datePublished":"2024-10-06T15:37:22+02:00","dateModified":"2024-10-06T15:49:08+02:00"},{"@type":"WebSite","@id":"https:\/\/wia.net.pl\/#website","url":"https:\/\/wia.net.pl\/","name":"Wolno\u015b\u0107 i Anarchia","description":"Ka\u017cdy wewn\u0119trznie jest anarchist\u0105.","inLanguage":"pl-PL","publisher":{"@id":"https:\/\/wia.net.pl\/#person"}}]},"og:locale":"pl_PL","og:site_name":"Wolno\u015b\u0107 i Anarchia - Ka\u017cdy wewn\u0119trznie jest anarchist\u0105.","og:type":"article","og:title":"Energia Vrill i niemiecka technologia UFO - Wolno\u015b\u0107 i Anarchia","og:description":"Praca dr Waltera Russella pr\u00f3bowa\u0142a po\u0142\u0105czy\u0107 nauk\u0119 i duchowo\u015b\u0107, sugeruj\u0105c, \u017ce wszech\u015bwiat zasadniczo sk\u0142ada si\u0119 ze \u015bwiat\u0142a i \u017ce ca\u0142a materia jest przed\u0142u\u017ceniem tego \u015bwiat\u0142a, kontrolowanym przez Umys\u0142 lub \u015awiadomo\u015b\u0107. Jego idee stanowi\u0142y wyzwanie dla konwencjonalnej my\u015bli naukowej jego czas\u00f3w, szczeg\u00f3lnie w tym, jak postrzega\u0142 energi\u0119, materi\u0119 i natur\u0119 wszech\u015bwiata. Od dawna podejrzewano, \u017ce niemieckie","og:url":"https:\/\/wia.net.pl\/index.php\/2024\/10\/06\/energia-vrill-i-niemiecka-technologia-ufo\/","og:image":"https:\/\/wia.net.pl\/wp-content\/uploads\/2023\/11\/cropped-freedom-i73367.jpg","og:image:secure_url":"https:\/\/wia.net.pl\/wp-content\/uploads\/2023\/11\/cropped-freedom-i73367.jpg","article:published_time":"2024-10-06T13:37:22+00:00","article:modified_time":"2024-10-06T13:49:08+00:00","twitter:card":"summary_large_image","twitter:title":"Energia Vrill i niemiecka technologia UFO - Wolno\u015b\u0107 i Anarchia","twitter:description":"Praca dr Waltera Russella pr\u00f3bowa\u0142a po\u0142\u0105czy\u0107 nauk\u0119 i duchowo\u015b\u0107, sugeruj\u0105c, \u017ce wszech\u015bwiat zasadniczo sk\u0142ada si\u0119 ze \u015bwiat\u0142a i \u017ce ca\u0142a materia jest przed\u0142u\u017ceniem tego \u015bwiat\u0142a, kontrolowanym przez Umys\u0142 lub \u015awiadomo\u015b\u0107. Jego idee stanowi\u0142y wyzwanie dla konwencjonalnej my\u015bli naukowej jego czas\u00f3w, szczeg\u00f3lnie w tym, jak postrzega\u0142 energi\u0119, materi\u0119 i natur\u0119 wszech\u015bwiata. Od dawna podejrzewano, \u017ce niemieckie","twitter:image":"https:\/\/wia.net.pl\/wp-content\/uploads\/2023\/11\/cropped-freedom-i73367.jpg"},"aioseo_meta_data":{"post_id":"9060","title":null,"description":null,"keywords":null,"keyphrases":{"focus":{"keyphrase":"","score":0,"analysis":{"keyphraseInTitle":{"score":0,"maxScore":9,"error":1}}},"additional":[]},"primary_term":null,"canonical_url":null,"og_title":null,"og_description":null,"og_object_type":"default","og_image_type":"default","og_image_url":null,"og_image_width":null,"og_image_height":null,"og_image_custom_url":null,"og_image_custom_fields":null,"og_video":"","og_custom_url":null,"og_article_section":null,"og_article_tags":null,"twitter_use_og":false,"twitter_card":"default","twitter_image_type":"default","twitter_image_url":null,"twitter_image_custom_url":null,"twitter_image_custom_fields":null,"twitter_title":null,"twitter_description":null,"schema":{"blockGraphs":[],"customGraphs":[],"default":{"data":{"Article":[],"Course":[],"Dataset":[],"FAQPage":[],"Movie":[],"Person":[],"Product":[],"ProductReview":[],"Car":[],"Recipe":[],"Service":[],"SoftwareApplication":[],"WebPage":[]},"graphName":"BlogPosting","isEnabled":true},"graphs":[]},"schema_type":"default","schema_type_options":null,"pillar_content":false,"robots_default":true,"robots_noindex":false,"robots_noarchive":false,"robots_nosnippet":false,"robots_nofollow":false,"robots_noimageindex":false,"robots_noodp":false,"robots_notranslate":false,"robots_max_snippet":"-1","robots_max_videopreview":"-1","robots_max_imagepreview":"large","priority":null,"frequency":"default","local_seo":null,"breadcrumb_settings":null,"limit_modified_date":false,"ai":null,"created":"2024-10-06 13:37:23","updated":"2025-06-04 10:48:27","seo_analyzer_scan_date":null,"focus_keyword":null,"additional_keywords":null,"truseo_locale":null},"aioseo_breadcrumb":"<div class=\"aioseo-breadcrumbs\"><span class=\"aioseo-breadcrumb\">\n\t\t\t<a href=\"https:\/\/wia.net.pl\" title=\"Home\">Home<\/a>\n\t\t<\/span><span class=\"aioseo-breadcrumb-separator\">&raquo;<\/span><span class=\"aioseo-breadcrumb\">\n\t\t\t<a href=\"https:\/\/wia.net.pl\/index.php\/category\/antropologia\/\" title=\"Antropologia\">Antropologia<\/a>\n\t\t<\/span><span class=\"aioseo-breadcrumb-separator\">&raquo;<\/span><span class=\"aioseo-breadcrumb\">\n\t\t\tEnergia Vrill i niemiecka technologia UFO\n\t\t<\/span><\/div>","aioseo_breadcrumb_json":[{"label":"Home","link":"https:\/\/wia.net.pl"},{"label":"Antropologia","link":"https:\/\/wia.net.pl\/index.php\/category\/antropologia\/"},{"label":"Energia Vrill i niemiecka technologia UFO","link":"https:\/\/wia.net.pl\/index.php\/2024\/10\/06\/energia-vrill-i-niemiecka-technologia-ufo\/"}],"_links":{"self":[{"href":"https:\/\/wia.net.pl\/index.php\/wp-json\/wp\/v2\/posts\/9060"}],"collection":[{"href":"https:\/\/wia.net.pl\/index.php\/wp-json\/wp\/v2\/posts"}],"about":[{"href":"https:\/\/wia.net.pl\/index.php\/wp-json\/wp\/v2\/types\/post"}],"author":[{"embeddable":true,"href":"https:\/\/wia.net.pl\/index.php\/wp-json\/wp\/v2\/users\/3"}],"replies":[{"embeddable":true,"href":"https:\/\/wia.net.pl\/index.php\/wp-json\/wp\/v2\/comments?post=9060"}],"version-history":[{"count":1,"href":"https:\/\/wia.net.pl\/index.php\/wp-json\/wp\/v2\/posts\/9060\/revisions"}],"predecessor-version":[{"id":9062,"href":"https:\/\/wia.net.pl\/index.php\/wp-json\/wp\/v2\/posts\/9060\/revisions\/9062"}],"wp:featuredmedia":[{"embeddable":true,"href":"https:\/\/wia.net.pl\/index.php\/wp-json\/wp\/v2\/media\/9061"}],"wp:attachment":[{"href":"https:\/\/wia.net.pl\/index.php\/wp-json\/wp\/v2\/media?parent=9060"}],"wp:term":[{"taxonomy":"category","embeddable":true,"href":"https:\/\/wia.net.pl\/index.php\/wp-json\/wp\/v2\/categories?post=9060"},{"taxonomy":"post_tag","embeddable":true,"href":"https:\/\/wia.net.pl\/index.php\/wp-json\/wp\/v2\/tags?post=9060"}],"curies":[{"name":"wp","href":"https:\/\/api.w.org\/{rel}","templated":true}]}}