{"id":9147,"date":"2024-10-24T09:28:14","date_gmt":"2024-10-24T07:28:14","guid":{"rendered":"https:\/\/wia.net.pl\/?p=9147"},"modified":"2024-10-24T09:28:15","modified_gmt":"2024-10-24T07:28:15","slug":"mark-passio-kult-czarnego-slonca-faszyzm-i-komunizm-cz6-7","status":"publish","type":"post","link":"https:\/\/wia.net.pl\/index.php\/2024\/10\/24\/mark-passio-kult-czarnego-slonca-faszyzm-i-komunizm-cz6-7\/","title":{"rendered":"Mark Passio \u2013 Kult Czarnego s\u0142o\u0144ca \u2013 Faszyzm i Komunizm \u2013 Cz6\/7"},"content":{"rendered":"\n<figure class=\"wp-block-video\"><video controls poster=\"https:\/\/wia.net.pl\/wp-content\/uploads\/2024\/10\/passio-komunizm-6.jpg\" src=\"https:\/\/wia.net.pl\/wp-content\/uploads\/2024\/10\/Mark-Pasio-Kult-Czarnego-slonca-Faszyzm-i-Komunizm-Cz6-7.mp4\"><\/video><\/figure>\n\n\n\n<p>\u0179r\u00f3d\u0142o:&nbsp;<a href=\"https:\/\/rumble.com\/v27c1go-how-communism-and-fascism-were-both-created-by-the-cult-of-the-black-sun.-m.html\">https:\/\/rumble.com\/v27c1go-how-communism-and-fascism-were-both-created-by-the-cult-of-the-black-sun.-m.html<\/a><\/p>\n\n\n\n<p>Esencja wypowiedzi z podkast\u00f3w What On Earth Is Happening<\/p>\n<div class=\"remoji_bar\"><div class=\"remoji_add_container\" data-remoji-id=\"9147\" data-remoji-type=\"post\"><div class=\"remoji_add_icon\"><\/div><\/div><div class=\"remoji_error_bar\" data-remoji-id=\"9147\" data-remoji-type=\"post\" style=\"display: none;\">Error happened.<\/div><\/div>","protected":false},"excerpt":{"rendered":"<p>\u0179r\u00f3d\u0142o:&nbsp;https:\/\/rumble.com\/v27c1go-how-communism-and-fascism-were-both-created-by-the-cult-of-the-black-sun.-m.html Esencja wypowiedzi z podkast\u00f3w What On Earth Is Happening Error happened.<\/p>\n","protected":false},"author":3,"featured_media":9149,"comment_status":"open","ping_status":"open","sticky":false,"template":"","format":"standard","meta":{"_acf_changed":false,"_bbp_topic_count":0,"_bbp_reply_count":0,"_bbp_total_topic_count":0,"_bbp_total_reply_count":0,"_bbp_voice_count":0,"_bbp_anonymous_reply_count":0,"_bbp_topic_count_hidden":0,"_bbp_reply_count_hidden":0,"_bbp_forum_subforum_count":0,"om_disable_all_campaigns":false,"_monsterinsights_skip_tracking":false,"_monsterinsights_sitenote_active":false,"_monsterinsights_sitenote_note":"","_monsterinsights_sitenote_category":0,"footnotes":""},"categories":[16],"tags":[68,63,42,71,26,23,32,22,70,62],"class_list":["post-9147","post","type-post","status-publish","format-standard","has-post-thumbnail","hentry","category-prawonaturalne","tag-cesarstwo-rzymskie","tag-historia-ziemi","tag-illuminati","tag-kosciol-katolicki","tag-ludzkosc","tag-niewolnictwo","tag-rzad","tag-satanizm","tag-tajne-stowarzyszenia","tag-wszechswiat"],"acf":[],"aioseo_notices":[],"_links":{"self":[{"href":"https:\/\/wia.net.pl\/index.php\/wp-json\/wp\/v2\/posts\/9147"}],"collection":[{"href":"https:\/\/wia.net.pl\/index.php\/wp-json\/wp\/v2\/posts"}],"about":[{"href":"https:\/\/wia.net.pl\/index.php\/wp-json\/wp\/v2\/types\/post"}],"author":[{"embeddable":true,"href":"https:\/\/wia.net.pl\/index.php\/wp-json\/wp\/v2\/users\/3"}],"replies":[{"embeddable":true,"href":"https:\/\/wia.net.pl\/index.php\/wp-json\/wp\/v2\/comments?post=9147"}],"version-history":[{"count":1,"href":"https:\/\/wia.net.pl\/index.php\/wp-json\/wp\/v2\/posts\/9147\/revisions"}],"predecessor-version":[{"id":9150,"href":"https:\/\/wia.net.pl\/index.php\/wp-json\/wp\/v2\/posts\/9147\/revisions\/9150"}],"wp:featuredmedia":[{"embeddable":true,"href":"https:\/\/wia.net.pl\/index.php\/wp-json\/wp\/v2\/media\/9149"}],"wp:attachment":[{"href":"https:\/\/wia.net.pl\/index.php\/wp-json\/wp\/v2\/media?parent=9147"}],"wp:term":[{"taxonomy":"category","embeddable":true,"href":"https:\/\/wia.net.pl\/index.php\/wp-json\/wp\/v2\/categories?post=9147"},{"taxonomy":"post_tag","embeddable":true,"href":"https:\/\/wia.net.pl\/index.php\/wp-json\/wp\/v2\/tags?post=9147"}],"curies":[{"name":"wp","href":"https:\/\/api.w.org\/{rel}","templated":true}]}}