{"id":9185,"date":"2024-11-09T00:11:28","date_gmt":"2024-11-08T23:11:28","guid":{"rendered":"https:\/\/wia.net.pl\/?p=9185"},"modified":"2024-11-09T00:11:29","modified_gmt":"2024-11-08T23:11:29","slug":"robert-sepehr-aryjski-rodowod","status":"publish","type":"post","link":"https:\/\/wia.net.pl\/index.php\/2024\/11\/09\/robert-sepehr-aryjski-rodowod\/","title":{"rendered":"Robert Sepehr &#8211; Aryjski rodow\u00f3d"},"content":{"rendered":"\n<p>Od 17 wieku naukowcy zauwa\u017caj\u0105 podobie\u0144stwa mi\u0119dzy ponad 400 dialektami j\u0119zyk\u00f3w indoeuropejskich. Naukowcy zgadzaj\u0105 si\u0119, \u017ce wszystkie one mog\u0105 pochodzi\u0107 od jednego j\u0119zyka przodk\u00f3w, zwanego protoindoeuropejskim (PIE) lub aryjskim. Kim byli, sk\u0105d pochodzili i jaki by\u0142 ich wp\u0142yw na wsp\u00f3\u0142czesn\u0105 cywilizacj\u0119?<\/p>\n\n\n\n<p>\u0179R\u00d3D\u0141O:<\/p>\n\n\n\n<p>Kana\u0142 Atlantean gardens \u2013&nbsp;<a href=\"https:\/\/www.youtube.com\/c\/AtlanteangardensOrg\" target=\"_blank\" rel=\"noreferrer noopener\">https:\/\/www.youtube.com\/c\/AtlanteangardensOrg<\/a><\/p>\n\n\n\n<p>Kana\u0142 Robert Sepehr \u2013&nbsp;<a href=\"https:\/\/www.youtube.com\/user\/818encino\" target=\"_blank\" rel=\"noreferrer noopener\">https:\/\/www.youtube.com\/user\/818encino<\/a><\/p>\n\n\n<p><iframe loading=\"lazy\" class=\"rumble\" width=\"640\" height=\"360\" src=\"https:\/\/rumble.com\/embed\/v5l2wn2\/?pub=1e2p21\" frameborder=\"0\" allowfullscreen><\/iframe><\/p>\n","protected":false},"excerpt":{"rendered":"<p>Od 17 wieku naukowcy zauwa\u017caj\u0105 podobie\u0144stwa mi\u0119dzy ponad 400 dialektami j\u0119zyk\u00f3w indoeuropejskich. Naukowcy zgadzaj\u0105 si\u0119, \u017ce wszystkie one mog\u0105 pochodzi\u0107 od jednego j\u0119zyka przodk\u00f3w, zwanego protoindoeuropejskim (PIE) lub aryjskim. Kim byli, sk\u0105d pochodzili i jaki by\u0142 ich wp\u0142yw na wsp\u00f3\u0142czesn\u0105&#8230; <\/p>\n","protected":false},"author":3,"featured_media":9186,"comment_status":"open","ping_status":"open","sticky":false,"template":"","format":"standard","meta":{"_acf_changed":false,"_bbp_topic_count":0,"_bbp_reply_count":0,"_bbp_total_topic_count":0,"_bbp_total_reply_count":0,"_bbp_voice_count":0,"_bbp_anonymous_reply_count":0,"_bbp_topic_count_hidden":0,"_bbp_reply_count_hidden":0,"_bbp_forum_subforum_count":0,"om_disable_all_campaigns":false,"_monsterinsights_skip_tracking":false,"footnotes":""},"categories":[11],"tags":[68,63,42,71,26,23,32,22,70,62],"class_list":["post-9185","post","type-post","status-publish","format-standard","has-post-thumbnail","hentry","category-antropologia","tag-cesarstwo-rzymskie","tag-historia-ziemi","tag-illuminati","tag-kosciol-katolicki","tag-ludzkosc","tag-niewolnictwo","tag-rzad","tag-satanizm","tag-tajne-stowarzyszenia","tag-wszechswiat"],"acf":[],"aioseo_notices":[],"aioseo_head":"\n\t\t<!-- All in One SEO 5.0.1.1 - aioseo.com -->\n\t<meta name=\"description\" content=\"Od 17 wieku naukowcy zauwa\u017caj\u0105 podobie\u0144stwa mi\u0119dzy ponad 400 dialektami j\u0119zyk\u00f3w indoeuropejskich. Naukowcy zgadzaj\u0105 si\u0119, \u017ce wszystkie one mog\u0105 pochodzi\u0107 od jednego j\u0119zyka przodk\u00f3w, zwanego protoindoeuropejskim (PIE) lub aryjskim. Kim byli, sk\u0105d pochodzili i jaki by\u0142 ich wp\u0142yw na wsp\u00f3\u0142czesn\u0105 cywilizacj\u0119? \u0179R\u00d3D\u0141O: Kana\u0142 Atlantean gardens \u2013 https:\/\/www.youtube.com\/c\/AtlanteangardensOrg Kana\u0142 Robert Sepehr \u2013 https:\/\/www.youtube.com\/user\/818encino\" \/>\n\t<meta name=\"robots\" content=\"max-image-preview:large\" \/>\n\t<meta name=\"author\" content=\"Bart\u0142omiej Talarczyk\"\/>\n\t<link rel=\"canonical\" href=\"https:\/\/wia.net.pl\/index.php\/2024\/11\/09\/robert-sepehr-aryjski-rodowod\/\" \/>\n\t<meta name=\"generator\" content=\"All in One SEO (AIOSEO) 5.0.1.1\" \/>\n\t\t<meta property=\"og:locale\" content=\"pl_PL\" \/>\n\t\t<meta property=\"og:site_name\" content=\"Wolno\u015b\u0107 i Anarchia - Ka\u017cdy wewn\u0119trznie jest anarchist\u0105.\" \/>\n\t\t<meta property=\"og:type\" content=\"article\" \/>\n\t\t<meta property=\"og:title\" content=\"Robert Sepehr \u2013 Aryjski rodow\u00f3d - Wolno\u015b\u0107 i Anarchia\" \/>\n\t\t<meta property=\"og:description\" content=\"Od 17 wieku naukowcy zauwa\u017caj\u0105 podobie\u0144stwa mi\u0119dzy ponad 400 dialektami j\u0119zyk\u00f3w indoeuropejskich. Naukowcy zgadzaj\u0105 si\u0119, \u017ce wszystkie one mog\u0105 pochodzi\u0107 od jednego j\u0119zyka przodk\u00f3w, zwanego protoindoeuropejskim (PIE) lub aryjskim. Kim byli, sk\u0105d pochodzili i jaki by\u0142 ich wp\u0142yw na wsp\u00f3\u0142czesn\u0105 cywilizacj\u0119? \u0179R\u00d3D\u0141O: Kana\u0142 Atlantean gardens \u2013 https:\/\/www.youtube.com\/c\/AtlanteangardensOrg Kana\u0142 Robert Sepehr \u2013 https:\/\/www.youtube.com\/user\/818encino\" \/>\n\t\t<meta property=\"og:url\" content=\"https:\/\/wia.net.pl\/index.php\/2024\/11\/09\/robert-sepehr-aryjski-rodowod\/\" \/>\n\t\t<meta property=\"og:image\" content=\"https:\/\/wia.net.pl\/wp-content\/uploads\/2023\/11\/cropped-freedom-i73367.jpg\" \/>\n\t\t<meta property=\"og:image:secure_url\" content=\"https:\/\/wia.net.pl\/wp-content\/uploads\/2023\/11\/cropped-freedom-i73367.jpg\" \/>\n\t\t<meta property=\"article:published_time\" content=\"2024-11-08T23:11:28+00:00\" \/>\n\t\t<meta property=\"article:modified_time\" content=\"2024-11-08T23:11:29+00:00\" \/>\n\t\t<meta name=\"twitter:card\" content=\"summary_large_image\" \/>\n\t\t<meta name=\"twitter:title\" content=\"Robert Sepehr \u2013 Aryjski rodow\u00f3d - Wolno\u015b\u0107 i Anarchia\" \/>\n\t\t<meta name=\"twitter:description\" content=\"Od 17 wieku naukowcy zauwa\u017caj\u0105 podobie\u0144stwa mi\u0119dzy ponad 400 dialektami j\u0119zyk\u00f3w indoeuropejskich. Naukowcy zgadzaj\u0105 si\u0119, \u017ce wszystkie one mog\u0105 pochodzi\u0107 od jednego j\u0119zyka przodk\u00f3w, zwanego protoindoeuropejskim (PIE) lub aryjskim. Kim byli, sk\u0105d pochodzili i jaki by\u0142 ich wp\u0142yw na wsp\u00f3\u0142czesn\u0105 cywilizacj\u0119? \u0179R\u00d3D\u0141O: Kana\u0142 Atlantean gardens \u2013 https:\/\/www.youtube.com\/c\/AtlanteangardensOrg Kana\u0142 Robert Sepehr \u2013 https:\/\/www.youtube.com\/user\/818encino\" \/>\n\t\t<meta name=\"twitter:image\" content=\"https:\/\/wia.net.pl\/wp-content\/uploads\/2023\/11\/cropped-freedom-i73367.jpg\" \/>\n\t\t<script type=\"application\/ld+json\" class=\"aioseo-schema\">\n\t\t\t{\"@context\":\"https:\\\/\\\/schema.org\",\"@graph\":[{\"@type\":\"BlogPosting\",\"@id\":\"https:\\\/\\\/wia.net.pl\\\/index.php\\\/2024\\\/11\\\/09\\\/robert-sepehr-aryjski-rodowod\\\/#blogposting\",\"name\":\"Robert Sepehr \\u2013 Aryjski rodow\\u00f3d - Wolno\\u015b\\u0107 i Anarchia\",\"headline\":\"Robert Sepehr &#8211; Aryjski rodow\\u00f3d\",\"author\":{\"@id\":\"https:\\\/\\\/wia.net.pl\\\/index.php\\\/author\\\/talar\\\/#author\"},\"publisher\":{\"@id\":\"https:\\\/\\\/wia.net.pl\\\/#person\"},\"image\":{\"@type\":\"ImageObject\",\"url\":\"https:\\\/\\\/wia.net.pl\\\/wp-content\\\/uploads\\\/2024\\\/11\\\/aryjski-rodowod.jpg\",\"width\":1920,\"height\":1080},\"datePublished\":\"2024-11-09T00:11:28+01:00\",\"dateModified\":\"2024-11-09T00:11:29+01:00\",\"inLanguage\":\"pl-PL\",\"commentCount\":2,\"mainEntityOfPage\":{\"@id\":\"https:\\\/\\\/wia.net.pl\\\/index.php\\\/2024\\\/11\\\/09\\\/robert-sepehr-aryjski-rodowod\\\/#webpage\"},\"isPartOf\":{\"@id\":\"https:\\\/\\\/wia.net.pl\\\/index.php\\\/2024\\\/11\\\/09\\\/robert-sepehr-aryjski-rodowod\\\/#webpage\"},\"articleSection\":\"Antropologia, Cesarstwo Rzymskie, Historia ziemi, Illuminati, Ko\\u015bci\\u00f3\\u0142 katolicki, Ludzko\\u015b\\u0107, Niewolnictwo, Rz\\u0105d, Satanizm, Tajne stowarzyszenia, Wszech\\u015bwiat\"},{\"@type\":\"BreadcrumbList\",\"@id\":\"https:\\\/\\\/wia.net.pl\\\/index.php\\\/2024\\\/11\\\/09\\\/robert-sepehr-aryjski-rodowod\\\/#breadcrumblist\",\"itemListElement\":[{\"@type\":\"ListItem\",\"@id\":\"https:\\\/\\\/wia.net.pl#listItem\",\"position\":1,\"name\":\"Home\",\"item\":\"https:\\\/\\\/wia.net.pl\",\"nextItem\":{\"@type\":\"ListItem\",\"@id\":\"https:\\\/\\\/wia.net.pl\\\/index.php\\\/category\\\/antropologia\\\/#listItem\",\"name\":\"Antropologia\"}},{\"@type\":\"ListItem\",\"@id\":\"https:\\\/\\\/wia.net.pl\\\/index.php\\\/category\\\/antropologia\\\/#listItem\",\"position\":2,\"name\":\"Antropologia\",\"item\":\"https:\\\/\\\/wia.net.pl\\\/index.php\\\/category\\\/antropologia\\\/\",\"nextItem\":{\"@type\":\"ListItem\",\"@id\":\"https:\\\/\\\/wia.net.pl\\\/index.php\\\/2024\\\/11\\\/09\\\/robert-sepehr-aryjski-rodowod\\\/#listItem\",\"name\":\"Robert Sepehr &#8211; Aryjski rodow\\u00f3d\"},\"previousItem\":{\"@type\":\"ListItem\",\"@id\":\"https:\\\/\\\/wia.net.pl#listItem\",\"name\":\"Home\"}},{\"@type\":\"ListItem\",\"@id\":\"https:\\\/\\\/wia.net.pl\\\/index.php\\\/2024\\\/11\\\/09\\\/robert-sepehr-aryjski-rodowod\\\/#listItem\",\"position\":3,\"name\":\"Robert Sepehr &#8211; Aryjski rodow\\u00f3d\",\"previousItem\":{\"@type\":\"ListItem\",\"@id\":\"https:\\\/\\\/wia.net.pl\\\/index.php\\\/category\\\/antropologia\\\/#listItem\",\"name\":\"Antropologia\"}}]},{\"@type\":\"Person\",\"@id\":\"https:\\\/\\\/wia.net.pl\\\/#person\",\"name\":\"Bart\\u0142omiej Talarczyk\",\"image\":{\"@type\":\"ImageObject\",\"@id\":\"https:\\\/\\\/wia.net.pl\\\/index.php\\\/2024\\\/11\\\/09\\\/robert-sepehr-aryjski-rodowod\\\/#personImage\",\"url\":\"https:\\\/\\\/wia.net.pl\\\/wp-content\\\/uploads\\\/avatar-privacy\\\/cache\\\/user\\\/1\\\/7\\\/176a6b161c58363ff49b5c167264231f519f5c7fa183ca1f61e891769b6b56d5-96.jpg\",\"width\":96,\"height\":96,\"caption\":\"Bart\\u0142omiej Talarczyk\"}},{\"@type\":\"Person\",\"@id\":\"https:\\\/\\\/wia.net.pl\\\/index.php\\\/author\\\/talar\\\/#author\",\"url\":\"https:\\\/\\\/wia.net.pl\\\/index.php\\\/author\\\/talar\\\/\",\"name\":\"Bart\\u0142omiej Talarczyk\",\"image\":{\"@type\":\"ImageObject\",\"@id\":\"https:\\\/\\\/wia.net.pl\\\/index.php\\\/2024\\\/11\\\/09\\\/robert-sepehr-aryjski-rodowod\\\/#authorImage\",\"url\":\"https:\\\/\\\/wia.net.pl\\\/wp-content\\\/uploads\\\/avatar-privacy\\\/cache\\\/user\\\/1\\\/7\\\/176a6b161c58363ff49b5c167264231f519f5c7fa183ca1f61e891769b6b56d5-96.jpg\",\"width\":96,\"height\":96,\"caption\":\"Bart\\u0142omiej Talarczyk\"}},{\"@type\":\"WebPage\",\"@id\":\"https:\\\/\\\/wia.net.pl\\\/index.php\\\/2024\\\/11\\\/09\\\/robert-sepehr-aryjski-rodowod\\\/#webpage\",\"url\":\"https:\\\/\\\/wia.net.pl\\\/index.php\\\/2024\\\/11\\\/09\\\/robert-sepehr-aryjski-rodowod\\\/\",\"name\":\"Robert Sepehr \\u2013 Aryjski rodow\\u00f3d - Wolno\\u015b\\u0107 i Anarchia\",\"description\":\"Od 17 wieku naukowcy zauwa\\u017caj\\u0105 podobie\\u0144stwa mi\\u0119dzy ponad 400 dialektami j\\u0119zyk\\u00f3w indoeuropejskich. Naukowcy zgadzaj\\u0105 si\\u0119, \\u017ce wszystkie one mog\\u0105 pochodzi\\u0107 od jednego j\\u0119zyka przodk\\u00f3w, zwanego protoindoeuropejskim (PIE) lub aryjskim. Kim byli, sk\\u0105d pochodzili i jaki by\\u0142 ich wp\\u0142yw na wsp\\u00f3\\u0142czesn\\u0105 cywilizacj\\u0119? \\u0179R\\u00d3D\\u0141O: Kana\\u0142 Atlantean gardens \\u2013 https:\\\/\\\/www.youtube.com\\\/c\\\/AtlanteangardensOrg Kana\\u0142 Robert Sepehr \\u2013 https:\\\/\\\/www.youtube.com\\\/user\\\/818encino\",\"inLanguage\":\"pl-PL\",\"isPartOf\":{\"@id\":\"https:\\\/\\\/wia.net.pl\\\/#website\"},\"breadcrumb\":{\"@id\":\"https:\\\/\\\/wia.net.pl\\\/index.php\\\/2024\\\/11\\\/09\\\/robert-sepehr-aryjski-rodowod\\\/#breadcrumblist\"},\"author\":{\"@id\":\"https:\\\/\\\/wia.net.pl\\\/index.php\\\/author\\\/talar\\\/#author\"},\"creator\":{\"@id\":\"https:\\\/\\\/wia.net.pl\\\/index.php\\\/author\\\/talar\\\/#author\"},\"image\":{\"@type\":\"ImageObject\",\"url\":\"https:\\\/\\\/wia.net.pl\\\/wp-content\\\/uploads\\\/2024\\\/11\\\/aryjski-rodowod.jpg\",\"@id\":\"https:\\\/\\\/wia.net.pl\\\/index.php\\\/2024\\\/11\\\/09\\\/robert-sepehr-aryjski-rodowod\\\/#mainImage\",\"width\":1920,\"height\":1080},\"primaryImageOfPage\":{\"@id\":\"https:\\\/\\\/wia.net.pl\\\/index.php\\\/2024\\\/11\\\/09\\\/robert-sepehr-aryjski-rodowod\\\/#mainImage\"},\"datePublished\":\"2024-11-09T00:11:28+01:00\",\"dateModified\":\"2024-11-09T00:11:29+01:00\"},{\"@type\":\"WebSite\",\"@id\":\"https:\\\/\\\/wia.net.pl\\\/#website\",\"url\":\"https:\\\/\\\/wia.net.pl\\\/\",\"name\":\"Wolno\\u015b\\u0107 i Anarchia\",\"description\":\"Ka\\u017cdy wewn\\u0119trznie jest anarchist\\u0105.\",\"inLanguage\":\"pl-PL\",\"publisher\":{\"@id\":\"https:\\\/\\\/wia.net.pl\\\/#person\"}}]}\n\t\t<\/script>\n\t\t<!-- All in One SEO -->\n\n","aioseo_head_json":{"title":"Robert Sepehr \u2013 Aryjski rodow\u00f3d - Wolno\u015b\u0107 i Anarchia","description":"Od 17 wieku naukowcy zauwa\u017caj\u0105 podobie\u0144stwa mi\u0119dzy ponad 400 dialektami j\u0119zyk\u00f3w indoeuropejskich. Naukowcy zgadzaj\u0105 si\u0119, \u017ce wszystkie one mog\u0105 pochodzi\u0107 od jednego j\u0119zyka przodk\u00f3w, zwanego protoindoeuropejskim (PIE) lub aryjskim. Kim byli, sk\u0105d pochodzili i jaki by\u0142 ich wp\u0142yw na wsp\u00f3\u0142czesn\u0105 cywilizacj\u0119? \u0179R\u00d3D\u0141O: Kana\u0142 Atlantean gardens \u2013 https:\/\/www.youtube.com\/c\/AtlanteangardensOrg Kana\u0142 Robert Sepehr \u2013 https:\/\/www.youtube.com\/user\/818encino","canonical_url":"https:\/\/wia.net.pl\/index.php\/2024\/11\/09\/robert-sepehr-aryjski-rodowod\/","robots":"max-image-preview:large","keywords":"","webmasterTools":{"miscellaneous":""},"schema":{"@context":"https:\/\/schema.org","@graph":[{"@type":"BlogPosting","@id":"https:\/\/wia.net.pl\/index.php\/2024\/11\/09\/robert-sepehr-aryjski-rodowod\/#blogposting","name":"Robert Sepehr \u2013 Aryjski rodow\u00f3d - Wolno\u015b\u0107 i Anarchia","headline":"Robert Sepehr &#8211; Aryjski rodow\u00f3d","author":{"@id":"https:\/\/wia.net.pl\/index.php\/author\/talar\/#author"},"publisher":{"@id":"https:\/\/wia.net.pl\/#person"},"image":{"@type":"ImageObject","url":"https:\/\/wia.net.pl\/wp-content\/uploads\/2024\/11\/aryjski-rodowod.jpg","width":1920,"height":1080},"datePublished":"2024-11-09T00:11:28+01:00","dateModified":"2024-11-09T00:11:29+01:00","inLanguage":"pl-PL","commentCount":2,"mainEntityOfPage":{"@id":"https:\/\/wia.net.pl\/index.php\/2024\/11\/09\/robert-sepehr-aryjski-rodowod\/#webpage"},"isPartOf":{"@id":"https:\/\/wia.net.pl\/index.php\/2024\/11\/09\/robert-sepehr-aryjski-rodowod\/#webpage"},"articleSection":"Antropologia, Cesarstwo Rzymskie, Historia ziemi, Illuminati, Ko\u015bci\u00f3\u0142 katolicki, Ludzko\u015b\u0107, Niewolnictwo, Rz\u0105d, Satanizm, Tajne stowarzyszenia, Wszech\u015bwiat"},{"@type":"BreadcrumbList","@id":"https:\/\/wia.net.pl\/index.php\/2024\/11\/09\/robert-sepehr-aryjski-rodowod\/#breadcrumblist","itemListElement":[{"@type":"ListItem","@id":"https:\/\/wia.net.pl#listItem","position":1,"name":"Home","item":"https:\/\/wia.net.pl","nextItem":{"@type":"ListItem","@id":"https:\/\/wia.net.pl\/index.php\/category\/antropologia\/#listItem","name":"Antropologia"}},{"@type":"ListItem","@id":"https:\/\/wia.net.pl\/index.php\/category\/antropologia\/#listItem","position":2,"name":"Antropologia","item":"https:\/\/wia.net.pl\/index.php\/category\/antropologia\/","nextItem":{"@type":"ListItem","@id":"https:\/\/wia.net.pl\/index.php\/2024\/11\/09\/robert-sepehr-aryjski-rodowod\/#listItem","name":"Robert Sepehr &#8211; Aryjski rodow\u00f3d"},"previousItem":{"@type":"ListItem","@id":"https:\/\/wia.net.pl#listItem","name":"Home"}},{"@type":"ListItem","@id":"https:\/\/wia.net.pl\/index.php\/2024\/11\/09\/robert-sepehr-aryjski-rodowod\/#listItem","position":3,"name":"Robert Sepehr &#8211; Aryjski rodow\u00f3d","previousItem":{"@type":"ListItem","@id":"https:\/\/wia.net.pl\/index.php\/category\/antropologia\/#listItem","name":"Antropologia"}}]},{"@type":"Person","@id":"https:\/\/wia.net.pl\/#person","name":"Bart\u0142omiej Talarczyk","image":{"@type":"ImageObject","@id":"https:\/\/wia.net.pl\/index.php\/2024\/11\/09\/robert-sepehr-aryjski-rodowod\/#personImage","url":"https:\/\/wia.net.pl\/wp-content\/uploads\/avatar-privacy\/cache\/user\/1\/7\/176a6b161c58363ff49b5c167264231f519f5c7fa183ca1f61e891769b6b56d5-96.jpg","width":96,"height":96,"caption":"Bart\u0142omiej Talarczyk"}},{"@type":"Person","@id":"https:\/\/wia.net.pl\/index.php\/author\/talar\/#author","url":"https:\/\/wia.net.pl\/index.php\/author\/talar\/","name":"Bart\u0142omiej Talarczyk","image":{"@type":"ImageObject","@id":"https:\/\/wia.net.pl\/index.php\/2024\/11\/09\/robert-sepehr-aryjski-rodowod\/#authorImage","url":"https:\/\/wia.net.pl\/wp-content\/uploads\/avatar-privacy\/cache\/user\/1\/7\/176a6b161c58363ff49b5c167264231f519f5c7fa183ca1f61e891769b6b56d5-96.jpg","width":96,"height":96,"caption":"Bart\u0142omiej Talarczyk"}},{"@type":"WebPage","@id":"https:\/\/wia.net.pl\/index.php\/2024\/11\/09\/robert-sepehr-aryjski-rodowod\/#webpage","url":"https:\/\/wia.net.pl\/index.php\/2024\/11\/09\/robert-sepehr-aryjski-rodowod\/","name":"Robert Sepehr \u2013 Aryjski rodow\u00f3d - Wolno\u015b\u0107 i Anarchia","description":"Od 17 wieku naukowcy zauwa\u017caj\u0105 podobie\u0144stwa mi\u0119dzy ponad 400 dialektami j\u0119zyk\u00f3w indoeuropejskich. Naukowcy zgadzaj\u0105 si\u0119, \u017ce wszystkie one mog\u0105 pochodzi\u0107 od jednego j\u0119zyka przodk\u00f3w, zwanego protoindoeuropejskim (PIE) lub aryjskim. Kim byli, sk\u0105d pochodzili i jaki by\u0142 ich wp\u0142yw na wsp\u00f3\u0142czesn\u0105 cywilizacj\u0119? \u0179R\u00d3D\u0141O: Kana\u0142 Atlantean gardens \u2013 https:\/\/www.youtube.com\/c\/AtlanteangardensOrg Kana\u0142 Robert Sepehr \u2013 https:\/\/www.youtube.com\/user\/818encino","inLanguage":"pl-PL","isPartOf":{"@id":"https:\/\/wia.net.pl\/#website"},"breadcrumb":{"@id":"https:\/\/wia.net.pl\/index.php\/2024\/11\/09\/robert-sepehr-aryjski-rodowod\/#breadcrumblist"},"author":{"@id":"https:\/\/wia.net.pl\/index.php\/author\/talar\/#author"},"creator":{"@id":"https:\/\/wia.net.pl\/index.php\/author\/talar\/#author"},"image":{"@type":"ImageObject","url":"https:\/\/wia.net.pl\/wp-content\/uploads\/2024\/11\/aryjski-rodowod.jpg","@id":"https:\/\/wia.net.pl\/index.php\/2024\/11\/09\/robert-sepehr-aryjski-rodowod\/#mainImage","width":1920,"height":1080},"primaryImageOfPage":{"@id":"https:\/\/wia.net.pl\/index.php\/2024\/11\/09\/robert-sepehr-aryjski-rodowod\/#mainImage"},"datePublished":"2024-11-09T00:11:28+01:00","dateModified":"2024-11-09T00:11:29+01:00"},{"@type":"WebSite","@id":"https:\/\/wia.net.pl\/#website","url":"https:\/\/wia.net.pl\/","name":"Wolno\u015b\u0107 i Anarchia","description":"Ka\u017cdy wewn\u0119trznie jest anarchist\u0105.","inLanguage":"pl-PL","publisher":{"@id":"https:\/\/wia.net.pl\/#person"}}]},"og:locale":"pl_PL","og:site_name":"Wolno\u015b\u0107 i Anarchia - Ka\u017cdy wewn\u0119trznie jest anarchist\u0105.","og:type":"article","og:title":"Robert Sepehr \u2013 Aryjski rodow\u00f3d - Wolno\u015b\u0107 i Anarchia","og:description":"Od 17 wieku naukowcy zauwa\u017caj\u0105 podobie\u0144stwa mi\u0119dzy ponad 400 dialektami j\u0119zyk\u00f3w indoeuropejskich. Naukowcy zgadzaj\u0105 si\u0119, \u017ce wszystkie one mog\u0105 pochodzi\u0107 od jednego j\u0119zyka przodk\u00f3w, zwanego protoindoeuropejskim (PIE) lub aryjskim. Kim byli, sk\u0105d pochodzili i jaki by\u0142 ich wp\u0142yw na wsp\u00f3\u0142czesn\u0105 cywilizacj\u0119? \u0179R\u00d3D\u0141O: Kana\u0142 Atlantean gardens \u2013 https:\/\/www.youtube.com\/c\/AtlanteangardensOrg Kana\u0142 Robert Sepehr \u2013 https:\/\/www.youtube.com\/user\/818encino","og:url":"https:\/\/wia.net.pl\/index.php\/2024\/11\/09\/robert-sepehr-aryjski-rodowod\/","og:image":"https:\/\/wia.net.pl\/wp-content\/uploads\/2023\/11\/cropped-freedom-i73367.jpg","og:image:secure_url":"https:\/\/wia.net.pl\/wp-content\/uploads\/2023\/11\/cropped-freedom-i73367.jpg","article:published_time":"2024-11-08T23:11:28+00:00","article:modified_time":"2024-11-08T23:11:29+00:00","twitter:card":"summary_large_image","twitter:title":"Robert Sepehr \u2013 Aryjski rodow\u00f3d - Wolno\u015b\u0107 i Anarchia","twitter:description":"Od 17 wieku naukowcy zauwa\u017caj\u0105 podobie\u0144stwa mi\u0119dzy ponad 400 dialektami j\u0119zyk\u00f3w indoeuropejskich. Naukowcy zgadzaj\u0105 si\u0119, \u017ce wszystkie one mog\u0105 pochodzi\u0107 od jednego j\u0119zyka przodk\u00f3w, zwanego protoindoeuropejskim (PIE) lub aryjskim. Kim byli, sk\u0105d pochodzili i jaki by\u0142 ich wp\u0142yw na wsp\u00f3\u0142czesn\u0105 cywilizacj\u0119? \u0179R\u00d3D\u0141O: Kana\u0142 Atlantean gardens \u2013 https:\/\/www.youtube.com\/c\/AtlanteangardensOrg Kana\u0142 Robert Sepehr \u2013 https:\/\/www.youtube.com\/user\/818encino","twitter:image":"https:\/\/wia.net.pl\/wp-content\/uploads\/2023\/11\/cropped-freedom-i73367.jpg"},"aioseo_meta_data":{"post_id":"9185","title":null,"description":null,"keywords":null,"keyphrases":{"focus":{"keyphrase":"","score":0,"analysis":{"keyphraseInTitle":{"score":0,"maxScore":9,"error":1}}},"additional":[]},"primary_term":null,"canonical_url":null,"og_title":null,"og_description":null,"og_object_type":"default","og_image_type":"default","og_image_url":null,"og_image_width":null,"og_image_height":null,"og_image_custom_url":null,"og_image_custom_fields":null,"og_video":"","og_custom_url":null,"og_article_section":null,"og_article_tags":null,"twitter_use_og":false,"twitter_card":"default","twitter_image_type":"default","twitter_image_url":null,"twitter_image_custom_url":null,"twitter_image_custom_fields":null,"twitter_title":null,"twitter_description":null,"schema":{"blockGraphs":[],"customGraphs":[],"default":{"data":{"Article":[],"Course":[],"Dataset":[],"FAQPage":[],"Movie":[],"Person":[],"Product":[],"ProductReview":[],"Car":[],"Recipe":[],"Service":[],"SoftwareApplication":[],"WebPage":[]},"graphName":"BlogPosting","isEnabled":true},"graphs":[]},"schema_type":"default","schema_type_options":null,"pillar_content":false,"robots_default":true,"robots_noindex":false,"robots_noarchive":false,"robots_nosnippet":false,"robots_nofollow":false,"robots_noimageindex":false,"robots_noodp":false,"robots_notranslate":false,"robots_max_snippet":"-1","robots_max_videopreview":"-1","robots_max_imagepreview":"large","priority":null,"frequency":"default","local_seo":null,"breadcrumb_settings":null,"limit_modified_date":false,"ai":null,"created":"2024-11-08 23:11:29","updated":"2025-06-04 10:52:11","seo_analyzer_scan_date":null,"focus_keyword":null,"additional_keywords":null,"truseo_locale":null},"aioseo_breadcrumb":"<div class=\"aioseo-breadcrumbs\"><span class=\"aioseo-breadcrumb\">\n\t\t\t<a href=\"https:\/\/wia.net.pl\" title=\"Home\">Home<\/a>\n\t\t<\/span><span class=\"aioseo-breadcrumb-separator\">&raquo;<\/span><span class=\"aioseo-breadcrumb\">\n\t\t\t<a href=\"https:\/\/wia.net.pl\/index.php\/category\/antropologia\/\" title=\"Antropologia\">Antropologia<\/a>\n\t\t<\/span><span class=\"aioseo-breadcrumb-separator\">&raquo;<\/span><span class=\"aioseo-breadcrumb\">\n\t\t\tRobert Sepehr \u2013 Aryjski rodow\u00f3d\n\t\t<\/span><\/div>","aioseo_breadcrumb_json":[{"label":"Home","link":"https:\/\/wia.net.pl"},{"label":"Antropologia","link":"https:\/\/wia.net.pl\/index.php\/category\/antropologia\/"},{"label":"Robert Sepehr &#8211; Aryjski rodow\u00f3d","link":"https:\/\/wia.net.pl\/index.php\/2024\/11\/09\/robert-sepehr-aryjski-rodowod\/"}],"_links":{"self":[{"href":"https:\/\/wia.net.pl\/index.php\/wp-json\/wp\/v2\/posts\/9185"}],"collection":[{"href":"https:\/\/wia.net.pl\/index.php\/wp-json\/wp\/v2\/posts"}],"about":[{"href":"https:\/\/wia.net.pl\/index.php\/wp-json\/wp\/v2\/types\/post"}],"author":[{"embeddable":true,"href":"https:\/\/wia.net.pl\/index.php\/wp-json\/wp\/v2\/users\/3"}],"replies":[{"embeddable":true,"href":"https:\/\/wia.net.pl\/index.php\/wp-json\/wp\/v2\/comments?post=9185"}],"version-history":[{"count":1,"href":"https:\/\/wia.net.pl\/index.php\/wp-json\/wp\/v2\/posts\/9185\/revisions"}],"predecessor-version":[{"id":9187,"href":"https:\/\/wia.net.pl\/index.php\/wp-json\/wp\/v2\/posts\/9185\/revisions\/9187"}],"wp:featuredmedia":[{"embeddable":true,"href":"https:\/\/wia.net.pl\/index.php\/wp-json\/wp\/v2\/media\/9186"}],"wp:attachment":[{"href":"https:\/\/wia.net.pl\/index.php\/wp-json\/wp\/v2\/media?parent=9185"}],"wp:term":[{"taxonomy":"category","embeddable":true,"href":"https:\/\/wia.net.pl\/index.php\/wp-json\/wp\/v2\/categories?post=9185"},{"taxonomy":"post_tag","embeddable":true,"href":"https:\/\/wia.net.pl\/index.php\/wp-json\/wp\/v2\/tags?post=9185"}],"curies":[{"name":"wp","href":"https:\/\/api.w.org\/{rel}","templated":true}]}}