{"id":9185,"date":"2024-11-09T00:11:28","date_gmt":"2024-11-08T23:11:28","guid":{"rendered":"https:\/\/wia.net.pl\/?p=9185"},"modified":"2024-11-09T00:11:29","modified_gmt":"2024-11-08T23:11:29","slug":"robert-sepehr-aryjski-rodowod","status":"publish","type":"post","link":"https:\/\/wia.net.pl\/index.php\/2024\/11\/09\/robert-sepehr-aryjski-rodowod\/","title":{"rendered":"Robert Sepehr &#8211; Aryjski rodow\u00f3d"},"content":{"rendered":"\n<p>Od 17 wieku naukowcy zauwa\u017caj\u0105 podobie\u0144stwa mi\u0119dzy ponad 400 dialektami j\u0119zyk\u00f3w indoeuropejskich. Naukowcy zgadzaj\u0105 si\u0119, \u017ce wszystkie one mog\u0105 pochodzi\u0107 od jednego j\u0119zyka przodk\u00f3w, zwanego protoindoeuropejskim (PIE) lub aryjskim. Kim byli, sk\u0105d pochodzili i jaki by\u0142 ich wp\u0142yw na wsp\u00f3\u0142czesn\u0105 cywilizacj\u0119?<\/p>\n\n\n\n<p>\u0179R\u00d3D\u0141O:<\/p>\n\n\n\n<p>Kana\u0142 Atlantean gardens \u2013&nbsp;<a href=\"https:\/\/www.youtube.com\/c\/AtlanteangardensOrg\" target=\"_blank\" rel=\"noreferrer noopener\">https:\/\/www.youtube.com\/c\/AtlanteangardensOrg<\/a><\/p>\n\n\n\n<p>Kana\u0142 Robert Sepehr \u2013&nbsp;<a href=\"https:\/\/www.youtube.com\/user\/818encino\" target=\"_blank\" rel=\"noreferrer noopener\">https:\/\/www.youtube.com\/user\/818encino<\/a><\/p>\n\n\n<p><iframe loading=\"lazy\" class=\"rumble\" width=\"640\" height=\"360\" src=\"https:\/\/rumble.com\/embed\/v5l2wn2\/?pub=1e2p21\" frameborder=\"0\" allowfullscreen><\/iframe><\/p>\n<div class=\"remoji_bar\"><div class=\"remoji_add_container\" data-remoji-id=\"9185\" data-remoji-type=\"post\"><div class=\"remoji_add_icon\"><\/div><\/div><div class=\"remoji_error_bar\" data-remoji-id=\"9185\" data-remoji-type=\"post\" style=\"display: none;\">Error happened.<\/div><\/div>","protected":false},"excerpt":{"rendered":"<p>Od 17 wieku naukowcy zauwa\u017caj\u0105 podobie\u0144stwa mi\u0119dzy ponad 400 dialektami j\u0119zyk\u00f3w indoeuropejskich. Naukowcy zgadzaj\u0105 si\u0119, \u017ce wszystkie one mog\u0105 pochodzi\u0107 od jednego j\u0119zyka przodk\u00f3w, zwanego protoindoeuropejskim (PIE) lub aryjskim. Kim byli, sk\u0105d pochodzili i jaki by\u0142 ich wp\u0142yw na wsp\u00f3\u0142czesn\u0105&#8230; <\/p>\n","protected":false},"author":3,"featured_media":9186,"comment_status":"open","ping_status":"open","sticky":false,"template":"","format":"standard","meta":{"_acf_changed":false,"_bbp_topic_count":0,"_bbp_reply_count":0,"_bbp_total_topic_count":0,"_bbp_total_reply_count":0,"_bbp_voice_count":0,"_bbp_anonymous_reply_count":0,"_bbp_topic_count_hidden":0,"_bbp_reply_count_hidden":0,"_bbp_forum_subforum_count":0,"om_disable_all_campaigns":false,"_monsterinsights_skip_tracking":false,"_monsterinsights_sitenote_active":false,"_monsterinsights_sitenote_note":"","_monsterinsights_sitenote_category":0,"footnotes":""},"categories":[11],"tags":[68,63,42,71,26,23,32,22,70,62],"class_list":["post-9185","post","type-post","status-publish","format-standard","has-post-thumbnail","hentry","category-antropologia","tag-cesarstwo-rzymskie","tag-historia-ziemi","tag-illuminati","tag-kosciol-katolicki","tag-ludzkosc","tag-niewolnictwo","tag-rzad","tag-satanizm","tag-tajne-stowarzyszenia","tag-wszechswiat"],"acf":[],"aioseo_notices":[],"_links":{"self":[{"href":"https:\/\/wia.net.pl\/index.php\/wp-json\/wp\/v2\/posts\/9185"}],"collection":[{"href":"https:\/\/wia.net.pl\/index.php\/wp-json\/wp\/v2\/posts"}],"about":[{"href":"https:\/\/wia.net.pl\/index.php\/wp-json\/wp\/v2\/types\/post"}],"author":[{"embeddable":true,"href":"https:\/\/wia.net.pl\/index.php\/wp-json\/wp\/v2\/users\/3"}],"replies":[{"embeddable":true,"href":"https:\/\/wia.net.pl\/index.php\/wp-json\/wp\/v2\/comments?post=9185"}],"version-history":[{"count":1,"href":"https:\/\/wia.net.pl\/index.php\/wp-json\/wp\/v2\/posts\/9185\/revisions"}],"predecessor-version":[{"id":9187,"href":"https:\/\/wia.net.pl\/index.php\/wp-json\/wp\/v2\/posts\/9185\/revisions\/9187"}],"wp:featuredmedia":[{"embeddable":true,"href":"https:\/\/wia.net.pl\/index.php\/wp-json\/wp\/v2\/media\/9186"}],"wp:attachment":[{"href":"https:\/\/wia.net.pl\/index.php\/wp-json\/wp\/v2\/media?parent=9185"}],"wp:term":[{"taxonomy":"category","embeddable":true,"href":"https:\/\/wia.net.pl\/index.php\/wp-json\/wp\/v2\/categories?post=9185"},{"taxonomy":"post_tag","embeddable":true,"href":"https:\/\/wia.net.pl\/index.php\/wp-json\/wp\/v2\/tags?post=9185"}],"curies":[{"name":"wp","href":"https:\/\/api.w.org\/{rel}","templated":true}]}}