{"id":9348,"date":"2024-12-10T10:17:53","date_gmt":"2024-12-10T09:17:53","guid":{"rendered":"https:\/\/wia.net.pl\/?p=9348"},"modified":"2024-12-10T10:17:54","modified_gmt":"2024-12-10T09:17:54","slug":"hybryda-jezus-drugi-adam-czlowiek-nie-czlowiek","status":"publish","type":"post","link":"https:\/\/wia.net.pl\/index.php\/2024\/12\/10\/hybryda-jezus-drugi-adam-czlowiek-nie-czlowiek\/","title":{"rendered":"Hybryda Jezus &#8211; drugi Adam &#8211; cz\u0142owiek\/nie-cz\u0142owiek"},"content":{"rendered":"<p><iframe id=\"odysee-iframe\" style=\"width:100%; aspect-ratio:16 \/ 9;\" src=\"https:\/\/odysee.com\/$\/embed\/@wolnoscanarchia:d\/jesus-anunnaki:5?r=KqtnN3u2RSe5GxY7Tos527f1XGfjXD4u\" allowfullscreen><\/iframe><\/p>\n\n\n\n<p>Jezus jest cz\u0119sto rozumiany jako Syn Bo\u017cy i zbawiciel ludzko\u015bci, ale co je\u015bli jego historia przecina si\u0119 ze staro\u017cytn\u0105, pozaziemsk\u0105 narracj\u0105? Ten film bada intryguj\u0105c\u0105 mo\u017cliwo\u015b\u0107, \u017ce boskie pochodzenie Jezusa mo\u017ce by\u0107 powi\u0105zane z Anunnaki, b\u00f3stwami wspomnianymi w staro\u017cytnych mitach sumeryjskich i babilo\u0144skich. <\/p>\n\n\n\n<p>Tradycyjnie Ewangelie opisuj\u0105 cudowne pocz\u0119cie Jezusa przez Ducha \u015awi\u0119tego, podkre\u015blaj\u0105c jego rol\u0119 jako boskiej postaci, kt\u00f3ra przysz\u0142a, aby zbawi\u0107 ludzko\u015b\u0107. Jednak staro\u017cytne tabliczki mezopotamskie opowiadaj\u0105 inn\u0105 histori\u0119 stworzenia, histori\u0119 obejmuj\u0105c\u0105 bog\u00f3w Anunnaki, kt\u00f3rzy ukszta\u0142towali ludzko\u015b\u0107 za pomoc\u0105 zaawansowanych technik, prawdopodobnie poprzez in\u017cynieri\u0119 genetyczn\u0105. Te staro\u017cytne teksty podnosz\u0105 pytanie: czy narodziny Jezusa i jego misja na Ziemi mog\u0105 odzwierciedla\u0107 interwencj\u0119 Anunnaki? <\/p>\n\n\n\n<p>Historia pocz\u0119cia Jezusa przez Mari\u0119, kierowanego przez Ducha \u015awi\u0119tego i opisanego jako boskie, znajduje niezwyk\u0142y odpowiednik w staro\u017cytnych mitach o stworzeniu Mezopotamii. Anunnaki, uwa\u017cani za tw\u00f3rc\u00f3w ludzko\u015bci w sumeryjskiej tradycji, stosowali zaawansowane metody, aby kszta\u0142towa\u0107 ludzko\u015b\u0107. Ten film sugeruje, \u017ce \u201emoc Najwy\u017cszego\u201d przes\u0142aniaj\u0105ca Mari\u0119 mo\u017ce by\u0107 postrzegana jako forma manipulacji genetycznej podobnej do technik Anunnaki, \u0142\u0105cz\u0105ca Jezusa z pozaziemskim pochodzeniem. <\/p>\n\n\n\n<p>Takie teorie podwa\u017caj\u0105 tradycyjne pogl\u0105dy, sugeruj\u0105c, \u017ce Jezus m\u00f3g\u0142 by\u0107 hybryd\u0105 Anunnaki, stworzon\u0105 poprzez mieszank\u0119 boskiego i ziemskiego pochodzenia. Termin \u201eNajwy\u017cszy\u201d w tekstach biblijnych, pierwotnie t\u0142umaczony z hebrajskiego i greckiego, sugeruje tytu\u0142, kt\u00f3ry mo\u017ce by\u0107 zgodny z tytu\u0142em Anunnaki \u201eEl Elyon\u201d, sugeruj\u0105c najwy\u017cszy autorytet w\u015br\u00f3d tych staro\u017cytnych bog\u00f3w. <\/p>\n\n\n\n<p>Eksploruj\u0105c dalej, film przedstawia symboliczne por\u00f3wnania mi\u0119dzy Jezusem a b\u00f3stwem Anunnaki, Enki. Enki, znany ze swojego wsp\u00f3\u0142czucia i ochrony ludzko\u015bci, sprzeciwia\u0142 si\u0119 swojemu bratu Enlilowi, kt\u00f3ry kiedy\u015b d\u0105\u017cy\u0142 do zniszczenia ludzko\u015bci poprzez wielki potop. <\/p>\n\n\n\n<p>Ewangelie przedstawiaj\u0105 Jezusa jako posta\u0107 mi\u0142osierdzia, mi\u0142o\u015bci i zbawienia, uciele\u015bniaj\u0105c\u0105 atrybuty, kt\u00f3re rezonuj\u0105 bli\u017cej z rol\u0105 Enkiego w mitach mezopotamskich ni\u017c z surowszymi os\u0105dami zwi\u0105zanymi z Enlilem. Ta reinterpretacja przedstawia Jezusa jako uciele\u015bniaj\u0105cego wsp\u00f3\u0142czuj\u0105ce cechy Enkiego, co rodzi pytania o nak\u0142adanie si\u0119 nauk Jezusa i wp\u0142ywu Anunnaki. Tytu\u0142 \u201eSyn Bo\u017cy\u201d mo\u017ce zatem oznacza\u0107 nie tylko bosk\u0105 misj\u0119, ale tak\u017ce zwi\u0105zek ze staro\u017cytnym kosmicznym rodowodem. <\/p>\n\n\n\n<p>Wideo analizuje r\u00f3wnie\u017c mit Inanny-Isztar, staro\u017cytnej b\u00f3stwa, kt\u00f3re do\u015bwiadczy\u0142o \u015bmierci i zmartwychwstania, nawi\u0105zuj\u0105c do temat\u00f3w po\u015bwi\u0119cenia i odrodzenia, kt\u00f3re s\u0105 centralne dla historii Jezusa. <\/p>\n\n\n\n<p>Podr\u00f3\u017c Inanny do podziemi i powr\u00f3t po trzech dniach oferuje uderzaj\u0105ce paralele do zmartwychwstania Jezusa, sugeruj\u0105c, \u017ce ten motyw boskiego odrodzenia mo\u017ce mie\u0107 staro\u017cytne korzenie mitologiczne. Mezopotamskie teksty, takie jak Epos o Gilgameszu i Zst\u0105pienie Inanny, zawieraj\u0105 wczesne odniesienia do \u017cycia pozagrobowego, boskiej interwencji i r\u00f3l mesja\u0144skich, koncepcje p\u00f3\u017aniej odzwierciedlone w relacjach religijnych. <\/p>\n\n\n\n<p>Ta mitologiczna rama zapewnia kolejn\u0105 warstw\u0119 do zrozumienia narracji Jezusa, \u0142\u0105cz\u0105c jego zmartwychwstanie i bosk\u0105 misj\u0119 z archetypowymi mitami, kt\u00f3re poprzedzaj\u0105 jego czasy. Staro\u017cytne teksty ujawniaj\u0105 r\u00f3wnie\u017c zaanga\u017cowanie Anunnaki w kszta\u0142towanie ludzko\u015bci, rzucaj\u0105c nowe \u015bwiat\u0142o na biblijn\u0105 histori\u0119 stworzenia. <\/p>\n\n\n\n<p>W sumeryjskich opowie\u015bciach Anunnaki, opisywani jako b\u00f3stwa, kt\u00f3re \u201eprzyby\u0142y z niebios\u201d, mia\u0142y zmiesza\u0107 swoj\u0105 krew z ziemsk\u0105 glin\u0105, aby stworzy\u0107 ludzko\u015b\u0107. Ta opowie\u015b\u0107 wprowadza mo\u017cliwo\u015b\u0107, \u017ce Jezus, jako \u201eDrugi Adam\u201d, reprezentuje nowy rodzaj boskiej hybrydy \u2014 istot\u0119 pocz\u0119t\u0105 z zar\u00f3wno ludzk\u0105, jak i pozaziemsk\u0105 istot\u0105, odzwierciedlaj\u0105c\u0105 pierwotne stworzenie Anunnaki. Historia genealogii Jezusa, wywodz\u0105ca si\u0119 od Adama, dodatkowo wzmacnia ide\u0119, \u017ce jego linia by\u0142a znacz\u0105ca nie tylko duchowo, ale i genetycznie, jako cz\u0119\u015b\u0107 wspanialszego planu Anunnaki.<\/p>\n\n\n\n<p>\u017br\u00f3d\u0142o <a href=\"https:\/\/www.youtube.com\/watch?v=_6K5HLiq3Ag&amp;t=373s\">Jezus jest kosmit\u0105, a dowody na to s\u0105 wsz\u0119dzie &#8211; YouTube<\/a><\/p>\n","protected":false},"excerpt":{"rendered":"<p>Jezus jest cz\u0119sto rozumiany jako Syn Bo\u017cy i zbawiciel ludzko\u015bci, ale co je\u015bli jego historia przecina si\u0119 ze staro\u017cytn\u0105, pozaziemsk\u0105 narracj\u0105? Ten film bada intryguj\u0105c\u0105 mo\u017cliwo\u015b\u0107, \u017ce boskie pochodzenie Jezusa mo\u017ce by\u0107 powi\u0105zane z Anunnaki, b\u00f3stwami wspomnianymi w staro\u017cytnych mitach&#8230; <\/p>\n","protected":false},"author":2,"featured_media":9349,"comment_status":"open","ping_status":"open","sticky":false,"template":"","format":"standard","meta":{"_acf_changed":false,"_bbp_topic_count":0,"_bbp_reply_count":0,"_bbp_total_topic_count":0,"_bbp_total_reply_count":0,"_bbp_voice_count":0,"_bbp_anonymous_reply_count":0,"_bbp_topic_count_hidden":0,"_bbp_reply_count_hidden":0,"_bbp_forum_subforum_count":0,"om_disable_all_campaigns":false,"_monsterinsights_skip_tracking":false,"footnotes":""},"categories":[94],"tags":[],"class_list":["post-9348","post","type-post","status-publish","format-standard","has-post-thumbnail","hentry","category-filmy-2"],"acf":[],"aioseo_notices":[],"aioseo_head":"\n\t\t<!-- All in One SEO 5.0.1.1 - aioseo.com -->\n\t<meta name=\"description\" content=\"Jezus jest cz\u0119sto rozumiany jako Syn Bo\u017cy i zbawiciel ludzko\u015bci, ale co je\u015bli jego historia przecina si\u0119 ze staro\u017cytn\u0105, pozaziemsk\u0105 narracj\u0105? Ten film bada intryguj\u0105c\u0105 mo\u017cliwo\u015b\u0107, \u017ce boskie pochodzenie Jezusa mo\u017ce by\u0107 powi\u0105zane z Anunnaki, b\u00f3stwami wspomnianymi w staro\u017cytnych mitach sumeryjskich i babilo\u0144skich. Tradycyjnie Ewangelie opisuj\u0105 cudowne pocz\u0119cie Jezusa przez Ducha \u015awi\u0119tego, podkre\u015blaj\u0105c jego rol\u0119\" \/>\n\t<meta name=\"robots\" content=\"max-image-preview:large\" \/>\n\t<meta name=\"author\" content=\"trinity\"\/>\n\t<link rel=\"canonical\" href=\"https:\/\/wia.net.pl\/index.php\/2024\/12\/10\/hybryda-jezus-drugi-adam-czlowiek-nie-czlowiek\/\" \/>\n\t<meta name=\"generator\" content=\"All in One SEO (AIOSEO) 5.0.1.1\" \/>\n\t\t<meta property=\"og:locale\" content=\"pl_PL\" \/>\n\t\t<meta property=\"og:site_name\" content=\"Wolno\u015b\u0107 i Anarchia - Ka\u017cdy wewn\u0119trznie jest anarchist\u0105.\" \/>\n\t\t<meta property=\"og:type\" content=\"article\" \/>\n\t\t<meta property=\"og:title\" content=\"Hybryda Jezus \u2013 drugi Adam \u2013 cz\u0142owiek\/nie-cz\u0142owiek - Wolno\u015b\u0107 i Anarchia\" \/>\n\t\t<meta property=\"og:description\" content=\"Jezus jest cz\u0119sto rozumiany jako Syn Bo\u017cy i zbawiciel ludzko\u015bci, ale co je\u015bli jego historia przecina si\u0119 ze staro\u017cytn\u0105, pozaziemsk\u0105 narracj\u0105? Ten film bada intryguj\u0105c\u0105 mo\u017cliwo\u015b\u0107, \u017ce boskie pochodzenie Jezusa mo\u017ce by\u0107 powi\u0105zane z Anunnaki, b\u00f3stwami wspomnianymi w staro\u017cytnych mitach sumeryjskich i babilo\u0144skich. Tradycyjnie Ewangelie opisuj\u0105 cudowne pocz\u0119cie Jezusa przez Ducha \u015awi\u0119tego, podkre\u015blaj\u0105c jego rol\u0119\" \/>\n\t\t<meta property=\"og:url\" content=\"https:\/\/wia.net.pl\/index.php\/2024\/12\/10\/hybryda-jezus-drugi-adam-czlowiek-nie-czlowiek\/\" \/>\n\t\t<meta property=\"og:image\" content=\"https:\/\/wia.net.pl\/wp-content\/uploads\/2023\/11\/cropped-freedom-i73367.jpg\" \/>\n\t\t<meta property=\"og:image:secure_url\" content=\"https:\/\/wia.net.pl\/wp-content\/uploads\/2023\/11\/cropped-freedom-i73367.jpg\" \/>\n\t\t<meta property=\"article:published_time\" content=\"2024-12-10T09:17:53+00:00\" \/>\n\t\t<meta property=\"article:modified_time\" content=\"2024-12-10T09:17:54+00:00\" \/>\n\t\t<meta name=\"twitter:card\" content=\"summary_large_image\" \/>\n\t\t<meta name=\"twitter:title\" content=\"Hybryda Jezus \u2013 drugi Adam \u2013 cz\u0142owiek\/nie-cz\u0142owiek - Wolno\u015b\u0107 i Anarchia\" \/>\n\t\t<meta name=\"twitter:description\" content=\"Jezus jest cz\u0119sto rozumiany jako Syn Bo\u017cy i zbawiciel ludzko\u015bci, ale co je\u015bli jego historia przecina si\u0119 ze staro\u017cytn\u0105, pozaziemsk\u0105 narracj\u0105? Ten film bada intryguj\u0105c\u0105 mo\u017cliwo\u015b\u0107, \u017ce boskie pochodzenie Jezusa mo\u017ce by\u0107 powi\u0105zane z Anunnaki, b\u00f3stwami wspomnianymi w staro\u017cytnych mitach sumeryjskich i babilo\u0144skich. Tradycyjnie Ewangelie opisuj\u0105 cudowne pocz\u0119cie Jezusa przez Ducha \u015awi\u0119tego, podkre\u015blaj\u0105c jego rol\u0119\" \/>\n\t\t<meta name=\"twitter:image\" content=\"https:\/\/wia.net.pl\/wp-content\/uploads\/2023\/11\/cropped-freedom-i73367.jpg\" \/>\n\t\t<script type=\"application\/ld+json\" class=\"aioseo-schema\">\n\t\t\t{\"@context\":\"https:\\\/\\\/schema.org\",\"@graph\":[{\"@type\":\"BlogPosting\",\"@id\":\"https:\\\/\\\/wia.net.pl\\\/index.php\\\/2024\\\/12\\\/10\\\/hybryda-jezus-drugi-adam-czlowiek-nie-czlowiek\\\/#blogposting\",\"name\":\"Hybryda Jezus \\u2013 drugi Adam \\u2013 cz\\u0142owiek\\\/nie-cz\\u0142owiek - Wolno\\u015b\\u0107 i Anarchia\",\"headline\":\"Hybryda Jezus &#8211; drugi Adam &#8211; cz\\u0142owiek\\\/nie-cz\\u0142owiek\",\"author\":{\"@id\":\"https:\\\/\\\/wia.net.pl\\\/index.php\\\/author\\\/trinity\\\/#author\"},\"publisher\":{\"@id\":\"https:\\\/\\\/wia.net.pl\\\/#person\"},\"image\":{\"@type\":\"ImageObject\",\"url\":\"https:\\\/\\\/wia.net.pl\\\/wp-content\\\/uploads\\\/2024\\\/12\\\/jesus.jpg\",\"width\":1920,\"height\":1080},\"datePublished\":\"2024-12-10T10:17:53+01:00\",\"dateModified\":\"2024-12-10T10:17:54+01:00\",\"inLanguage\":\"pl-PL\",\"commentCount\":1,\"mainEntityOfPage\":{\"@id\":\"https:\\\/\\\/wia.net.pl\\\/index.php\\\/2024\\\/12\\\/10\\\/hybryda-jezus-drugi-adam-czlowiek-nie-czlowiek\\\/#webpage\"},\"isPartOf\":{\"@id\":\"https:\\\/\\\/wia.net.pl\\\/index.php\\\/2024\\\/12\\\/10\\\/hybryda-jezus-drugi-adam-czlowiek-nie-czlowiek\\\/#webpage\"},\"articleSection\":\"Filmy\"},{\"@type\":\"BreadcrumbList\",\"@id\":\"https:\\\/\\\/wia.net.pl\\\/index.php\\\/2024\\\/12\\\/10\\\/hybryda-jezus-drugi-adam-czlowiek-nie-czlowiek\\\/#breadcrumblist\",\"itemListElement\":[{\"@type\":\"ListItem\",\"@id\":\"https:\\\/\\\/wia.net.pl#listItem\",\"position\":1,\"name\":\"Home\",\"item\":\"https:\\\/\\\/wia.net.pl\",\"nextItem\":{\"@type\":\"ListItem\",\"@id\":\"https:\\\/\\\/wia.net.pl\\\/index.php\\\/category\\\/filmy-2\\\/#listItem\",\"name\":\"Filmy\"}},{\"@type\":\"ListItem\",\"@id\":\"https:\\\/\\\/wia.net.pl\\\/index.php\\\/category\\\/filmy-2\\\/#listItem\",\"position\":2,\"name\":\"Filmy\",\"item\":\"https:\\\/\\\/wia.net.pl\\\/index.php\\\/category\\\/filmy-2\\\/\",\"nextItem\":{\"@type\":\"ListItem\",\"@id\":\"https:\\\/\\\/wia.net.pl\\\/index.php\\\/2024\\\/12\\\/10\\\/hybryda-jezus-drugi-adam-czlowiek-nie-czlowiek\\\/#listItem\",\"name\":\"Hybryda Jezus &#8211; drugi Adam &#8211; cz\\u0142owiek\\\/nie-cz\\u0142owiek\"},\"previousItem\":{\"@type\":\"ListItem\",\"@id\":\"https:\\\/\\\/wia.net.pl#listItem\",\"name\":\"Home\"}},{\"@type\":\"ListItem\",\"@id\":\"https:\\\/\\\/wia.net.pl\\\/index.php\\\/2024\\\/12\\\/10\\\/hybryda-jezus-drugi-adam-czlowiek-nie-czlowiek\\\/#listItem\",\"position\":3,\"name\":\"Hybryda Jezus &#8211; drugi Adam &#8211; cz\\u0142owiek\\\/nie-cz\\u0142owiek\",\"previousItem\":{\"@type\":\"ListItem\",\"@id\":\"https:\\\/\\\/wia.net.pl\\\/index.php\\\/category\\\/filmy-2\\\/#listItem\",\"name\":\"Filmy\"}}]},{\"@type\":\"Person\",\"@id\":\"https:\\\/\\\/wia.net.pl\\\/#person\",\"name\":\"Bart\\u0142omiej Talarczyk\",\"image\":{\"@type\":\"ImageObject\",\"@id\":\"https:\\\/\\\/wia.net.pl\\\/index.php\\\/2024\\\/12\\\/10\\\/hybryda-jezus-drugi-adam-czlowiek-nie-czlowiek\\\/#personImage\",\"url\":\"https:\\\/\\\/wia.net.pl\\\/wp-content\\\/uploads\\\/avatar-privacy\\\/cache\\\/user\\\/1\\\/7\\\/176a6b161c58363ff49b5c167264231f519f5c7fa183ca1f61e891769b6b56d5-96.jpg\",\"width\":96,\"height\":96,\"caption\":\"Bart\\u0142omiej Talarczyk\"}},{\"@type\":\"Person\",\"@id\":\"https:\\\/\\\/wia.net.pl\\\/index.php\\\/author\\\/trinity\\\/#author\",\"url\":\"https:\\\/\\\/wia.net.pl\\\/index.php\\\/author\\\/trinity\\\/\",\"name\":\"trinity\",\"image\":{\"@type\":\"ImageObject\",\"@id\":\"https:\\\/\\\/wia.net.pl\\\/index.php\\\/2024\\\/12\\\/10\\\/hybryda-jezus-drugi-adam-czlowiek-nie-czlowiek\\\/#authorImage\",\"url\":\"https:\\\/\\\/wia.net.pl\\\/wp-content\\\/uploads\\\/avatar-privacy\\\/cache\\\/user\\\/5\\\/f\\\/5f6547cf82495eaa10e100a6a45d5dbde2dfdc1be88557de2018fca705bdf6f1-96.jpg\",\"width\":96,\"height\":96,\"caption\":\"trinity\"}},{\"@type\":\"WebPage\",\"@id\":\"https:\\\/\\\/wia.net.pl\\\/index.php\\\/2024\\\/12\\\/10\\\/hybryda-jezus-drugi-adam-czlowiek-nie-czlowiek\\\/#webpage\",\"url\":\"https:\\\/\\\/wia.net.pl\\\/index.php\\\/2024\\\/12\\\/10\\\/hybryda-jezus-drugi-adam-czlowiek-nie-czlowiek\\\/\",\"name\":\"Hybryda Jezus \\u2013 drugi Adam \\u2013 cz\\u0142owiek\\\/nie-cz\\u0142owiek - Wolno\\u015b\\u0107 i Anarchia\",\"description\":\"Jezus jest cz\\u0119sto rozumiany jako Syn Bo\\u017cy i zbawiciel ludzko\\u015bci, ale co je\\u015bli jego historia przecina si\\u0119 ze staro\\u017cytn\\u0105, pozaziemsk\\u0105 narracj\\u0105? Ten film bada intryguj\\u0105c\\u0105 mo\\u017cliwo\\u015b\\u0107, \\u017ce boskie pochodzenie Jezusa mo\\u017ce by\\u0107 powi\\u0105zane z Anunnaki, b\\u00f3stwami wspomnianymi w staro\\u017cytnych mitach sumeryjskich i babilo\\u0144skich. Tradycyjnie Ewangelie opisuj\\u0105 cudowne pocz\\u0119cie Jezusa przez Ducha \\u015awi\\u0119tego, podkre\\u015blaj\\u0105c jego rol\\u0119\",\"inLanguage\":\"pl-PL\",\"isPartOf\":{\"@id\":\"https:\\\/\\\/wia.net.pl\\\/#website\"},\"breadcrumb\":{\"@id\":\"https:\\\/\\\/wia.net.pl\\\/index.php\\\/2024\\\/12\\\/10\\\/hybryda-jezus-drugi-adam-czlowiek-nie-czlowiek\\\/#breadcrumblist\"},\"author\":{\"@id\":\"https:\\\/\\\/wia.net.pl\\\/index.php\\\/author\\\/trinity\\\/#author\"},\"creator\":{\"@id\":\"https:\\\/\\\/wia.net.pl\\\/index.php\\\/author\\\/trinity\\\/#author\"},\"image\":{\"@type\":\"ImageObject\",\"url\":\"https:\\\/\\\/wia.net.pl\\\/wp-content\\\/uploads\\\/2024\\\/12\\\/jesus.jpg\",\"@id\":\"https:\\\/\\\/wia.net.pl\\\/index.php\\\/2024\\\/12\\\/10\\\/hybryda-jezus-drugi-adam-czlowiek-nie-czlowiek\\\/#mainImage\",\"width\":1920,\"height\":1080},\"primaryImageOfPage\":{\"@id\":\"https:\\\/\\\/wia.net.pl\\\/index.php\\\/2024\\\/12\\\/10\\\/hybryda-jezus-drugi-adam-czlowiek-nie-czlowiek\\\/#mainImage\"},\"datePublished\":\"2024-12-10T10:17:53+01:00\",\"dateModified\":\"2024-12-10T10:17:54+01:00\"},{\"@type\":\"WebSite\",\"@id\":\"https:\\\/\\\/wia.net.pl\\\/#website\",\"url\":\"https:\\\/\\\/wia.net.pl\\\/\",\"name\":\"Wolno\\u015b\\u0107 i Anarchia\",\"description\":\"Ka\\u017cdy wewn\\u0119trznie jest anarchist\\u0105.\",\"inLanguage\":\"pl-PL\",\"publisher\":{\"@id\":\"https:\\\/\\\/wia.net.pl\\\/#person\"}}]}\n\t\t<\/script>\n\t\t<!-- All in One SEO -->\n\n","aioseo_head_json":{"title":"Hybryda Jezus \u2013 drugi Adam \u2013 cz\u0142owiek\/nie-cz\u0142owiek - Wolno\u015b\u0107 i Anarchia","description":"Jezus jest cz\u0119sto rozumiany jako Syn Bo\u017cy i zbawiciel ludzko\u015bci, ale co je\u015bli jego historia przecina si\u0119 ze staro\u017cytn\u0105, pozaziemsk\u0105 narracj\u0105? Ten film bada intryguj\u0105c\u0105 mo\u017cliwo\u015b\u0107, \u017ce boskie pochodzenie Jezusa mo\u017ce by\u0107 powi\u0105zane z Anunnaki, b\u00f3stwami wspomnianymi w staro\u017cytnych mitach sumeryjskich i babilo\u0144skich. Tradycyjnie Ewangelie opisuj\u0105 cudowne pocz\u0119cie Jezusa przez Ducha \u015awi\u0119tego, podkre\u015blaj\u0105c jego rol\u0119","canonical_url":"https:\/\/wia.net.pl\/index.php\/2024\/12\/10\/hybryda-jezus-drugi-adam-czlowiek-nie-czlowiek\/","robots":"max-image-preview:large","keywords":"","webmasterTools":{"miscellaneous":""},"schema":{"@context":"https:\/\/schema.org","@graph":[{"@type":"BlogPosting","@id":"https:\/\/wia.net.pl\/index.php\/2024\/12\/10\/hybryda-jezus-drugi-adam-czlowiek-nie-czlowiek\/#blogposting","name":"Hybryda Jezus \u2013 drugi Adam \u2013 cz\u0142owiek\/nie-cz\u0142owiek - Wolno\u015b\u0107 i Anarchia","headline":"Hybryda Jezus &#8211; drugi Adam &#8211; cz\u0142owiek\/nie-cz\u0142owiek","author":{"@id":"https:\/\/wia.net.pl\/index.php\/author\/trinity\/#author"},"publisher":{"@id":"https:\/\/wia.net.pl\/#person"},"image":{"@type":"ImageObject","url":"https:\/\/wia.net.pl\/wp-content\/uploads\/2024\/12\/jesus.jpg","width":1920,"height":1080},"datePublished":"2024-12-10T10:17:53+01:00","dateModified":"2024-12-10T10:17:54+01:00","inLanguage":"pl-PL","commentCount":1,"mainEntityOfPage":{"@id":"https:\/\/wia.net.pl\/index.php\/2024\/12\/10\/hybryda-jezus-drugi-adam-czlowiek-nie-czlowiek\/#webpage"},"isPartOf":{"@id":"https:\/\/wia.net.pl\/index.php\/2024\/12\/10\/hybryda-jezus-drugi-adam-czlowiek-nie-czlowiek\/#webpage"},"articleSection":"Filmy"},{"@type":"BreadcrumbList","@id":"https:\/\/wia.net.pl\/index.php\/2024\/12\/10\/hybryda-jezus-drugi-adam-czlowiek-nie-czlowiek\/#breadcrumblist","itemListElement":[{"@type":"ListItem","@id":"https:\/\/wia.net.pl#listItem","position":1,"name":"Home","item":"https:\/\/wia.net.pl","nextItem":{"@type":"ListItem","@id":"https:\/\/wia.net.pl\/index.php\/category\/filmy-2\/#listItem","name":"Filmy"}},{"@type":"ListItem","@id":"https:\/\/wia.net.pl\/index.php\/category\/filmy-2\/#listItem","position":2,"name":"Filmy","item":"https:\/\/wia.net.pl\/index.php\/category\/filmy-2\/","nextItem":{"@type":"ListItem","@id":"https:\/\/wia.net.pl\/index.php\/2024\/12\/10\/hybryda-jezus-drugi-adam-czlowiek-nie-czlowiek\/#listItem","name":"Hybryda Jezus &#8211; drugi Adam &#8211; cz\u0142owiek\/nie-cz\u0142owiek"},"previousItem":{"@type":"ListItem","@id":"https:\/\/wia.net.pl#listItem","name":"Home"}},{"@type":"ListItem","@id":"https:\/\/wia.net.pl\/index.php\/2024\/12\/10\/hybryda-jezus-drugi-adam-czlowiek-nie-czlowiek\/#listItem","position":3,"name":"Hybryda Jezus &#8211; drugi Adam &#8211; cz\u0142owiek\/nie-cz\u0142owiek","previousItem":{"@type":"ListItem","@id":"https:\/\/wia.net.pl\/index.php\/category\/filmy-2\/#listItem","name":"Filmy"}}]},{"@type":"Person","@id":"https:\/\/wia.net.pl\/#person","name":"Bart\u0142omiej Talarczyk","image":{"@type":"ImageObject","@id":"https:\/\/wia.net.pl\/index.php\/2024\/12\/10\/hybryda-jezus-drugi-adam-czlowiek-nie-czlowiek\/#personImage","url":"https:\/\/wia.net.pl\/wp-content\/uploads\/avatar-privacy\/cache\/user\/1\/7\/176a6b161c58363ff49b5c167264231f519f5c7fa183ca1f61e891769b6b56d5-96.jpg","width":96,"height":96,"caption":"Bart\u0142omiej Talarczyk"}},{"@type":"Person","@id":"https:\/\/wia.net.pl\/index.php\/author\/trinity\/#author","url":"https:\/\/wia.net.pl\/index.php\/author\/trinity\/","name":"trinity","image":{"@type":"ImageObject","@id":"https:\/\/wia.net.pl\/index.php\/2024\/12\/10\/hybryda-jezus-drugi-adam-czlowiek-nie-czlowiek\/#authorImage","url":"https:\/\/wia.net.pl\/wp-content\/uploads\/avatar-privacy\/cache\/user\/5\/f\/5f6547cf82495eaa10e100a6a45d5dbde2dfdc1be88557de2018fca705bdf6f1-96.jpg","width":96,"height":96,"caption":"trinity"}},{"@type":"WebPage","@id":"https:\/\/wia.net.pl\/index.php\/2024\/12\/10\/hybryda-jezus-drugi-adam-czlowiek-nie-czlowiek\/#webpage","url":"https:\/\/wia.net.pl\/index.php\/2024\/12\/10\/hybryda-jezus-drugi-adam-czlowiek-nie-czlowiek\/","name":"Hybryda Jezus \u2013 drugi Adam \u2013 cz\u0142owiek\/nie-cz\u0142owiek - Wolno\u015b\u0107 i Anarchia","description":"Jezus jest cz\u0119sto rozumiany jako Syn Bo\u017cy i zbawiciel ludzko\u015bci, ale co je\u015bli jego historia przecina si\u0119 ze staro\u017cytn\u0105, pozaziemsk\u0105 narracj\u0105? Ten film bada intryguj\u0105c\u0105 mo\u017cliwo\u015b\u0107, \u017ce boskie pochodzenie Jezusa mo\u017ce by\u0107 powi\u0105zane z Anunnaki, b\u00f3stwami wspomnianymi w staro\u017cytnych mitach sumeryjskich i babilo\u0144skich. Tradycyjnie Ewangelie opisuj\u0105 cudowne pocz\u0119cie Jezusa przez Ducha \u015awi\u0119tego, podkre\u015blaj\u0105c jego rol\u0119","inLanguage":"pl-PL","isPartOf":{"@id":"https:\/\/wia.net.pl\/#website"},"breadcrumb":{"@id":"https:\/\/wia.net.pl\/index.php\/2024\/12\/10\/hybryda-jezus-drugi-adam-czlowiek-nie-czlowiek\/#breadcrumblist"},"author":{"@id":"https:\/\/wia.net.pl\/index.php\/author\/trinity\/#author"},"creator":{"@id":"https:\/\/wia.net.pl\/index.php\/author\/trinity\/#author"},"image":{"@type":"ImageObject","url":"https:\/\/wia.net.pl\/wp-content\/uploads\/2024\/12\/jesus.jpg","@id":"https:\/\/wia.net.pl\/index.php\/2024\/12\/10\/hybryda-jezus-drugi-adam-czlowiek-nie-czlowiek\/#mainImage","width":1920,"height":1080},"primaryImageOfPage":{"@id":"https:\/\/wia.net.pl\/index.php\/2024\/12\/10\/hybryda-jezus-drugi-adam-czlowiek-nie-czlowiek\/#mainImage"},"datePublished":"2024-12-10T10:17:53+01:00","dateModified":"2024-12-10T10:17:54+01:00"},{"@type":"WebSite","@id":"https:\/\/wia.net.pl\/#website","url":"https:\/\/wia.net.pl\/","name":"Wolno\u015b\u0107 i Anarchia","description":"Ka\u017cdy wewn\u0119trznie jest anarchist\u0105.","inLanguage":"pl-PL","publisher":{"@id":"https:\/\/wia.net.pl\/#person"}}]},"og:locale":"pl_PL","og:site_name":"Wolno\u015b\u0107 i Anarchia - Ka\u017cdy wewn\u0119trznie jest anarchist\u0105.","og:type":"article","og:title":"Hybryda Jezus \u2013 drugi Adam \u2013 cz\u0142owiek\/nie-cz\u0142owiek - Wolno\u015b\u0107 i Anarchia","og:description":"Jezus jest cz\u0119sto rozumiany jako Syn Bo\u017cy i zbawiciel ludzko\u015bci, ale co je\u015bli jego historia przecina si\u0119 ze staro\u017cytn\u0105, pozaziemsk\u0105 narracj\u0105? Ten film bada intryguj\u0105c\u0105 mo\u017cliwo\u015b\u0107, \u017ce boskie pochodzenie Jezusa mo\u017ce by\u0107 powi\u0105zane z Anunnaki, b\u00f3stwami wspomnianymi w staro\u017cytnych mitach sumeryjskich i babilo\u0144skich. Tradycyjnie Ewangelie opisuj\u0105 cudowne pocz\u0119cie Jezusa przez Ducha \u015awi\u0119tego, podkre\u015blaj\u0105c jego rol\u0119","og:url":"https:\/\/wia.net.pl\/index.php\/2024\/12\/10\/hybryda-jezus-drugi-adam-czlowiek-nie-czlowiek\/","og:image":"https:\/\/wia.net.pl\/wp-content\/uploads\/2023\/11\/cropped-freedom-i73367.jpg","og:image:secure_url":"https:\/\/wia.net.pl\/wp-content\/uploads\/2023\/11\/cropped-freedom-i73367.jpg","article:published_time":"2024-12-10T09:17:53+00:00","article:modified_time":"2024-12-10T09:17:54+00:00","twitter:card":"summary_large_image","twitter:title":"Hybryda Jezus \u2013 drugi Adam \u2013 cz\u0142owiek\/nie-cz\u0142owiek - Wolno\u015b\u0107 i Anarchia","twitter:description":"Jezus jest cz\u0119sto rozumiany jako Syn Bo\u017cy i zbawiciel ludzko\u015bci, ale co je\u015bli jego historia przecina si\u0119 ze staro\u017cytn\u0105, pozaziemsk\u0105 narracj\u0105? Ten film bada intryguj\u0105c\u0105 mo\u017cliwo\u015b\u0107, \u017ce boskie pochodzenie Jezusa mo\u017ce by\u0107 powi\u0105zane z Anunnaki, b\u00f3stwami wspomnianymi w staro\u017cytnych mitach sumeryjskich i babilo\u0144skich. Tradycyjnie Ewangelie opisuj\u0105 cudowne pocz\u0119cie Jezusa przez Ducha \u015awi\u0119tego, podkre\u015blaj\u0105c jego rol\u0119","twitter:image":"https:\/\/wia.net.pl\/wp-content\/uploads\/2023\/11\/cropped-freedom-i73367.jpg"},"aioseo_meta_data":{"post_id":"9348","title":null,"description":null,"keywords":null,"keyphrases":{"focus":{"keyphrase":"","score":0,"analysis":{"keyphraseInTitle":{"score":0,"maxScore":9,"error":1}}},"additional":[]},"primary_term":null,"canonical_url":null,"og_title":null,"og_description":null,"og_object_type":"default","og_image_type":"default","og_image_url":null,"og_image_width":null,"og_image_height":null,"og_image_custom_url":null,"og_image_custom_fields":null,"og_video":"","og_custom_url":null,"og_article_section":null,"og_article_tags":null,"twitter_use_og":false,"twitter_card":"default","twitter_image_type":"default","twitter_image_url":null,"twitter_image_custom_url":null,"twitter_image_custom_fields":null,"twitter_title":null,"twitter_description":null,"schema":{"blockGraphs":[],"customGraphs":[],"default":{"data":{"Article":[],"Course":[],"Dataset":[],"FAQPage":[],"Movie":[],"Person":[],"Product":[],"ProductReview":[],"Car":[],"Recipe":[],"Service":[],"SoftwareApplication":[],"WebPage":[]},"graphName":"BlogPosting","isEnabled":true},"graphs":[]},"schema_type":"default","schema_type_options":null,"pillar_content":false,"robots_default":true,"robots_noindex":false,"robots_noarchive":false,"robots_nosnippet":false,"robots_nofollow":false,"robots_noimageindex":false,"robots_noodp":false,"robots_notranslate":false,"robots_max_snippet":"-1","robots_max_videopreview":"-1","robots_max_imagepreview":"large","priority":null,"frequency":"default","local_seo":null,"breadcrumb_settings":null,"limit_modified_date":false,"ai":null,"created":"2024-12-10 09:17:54","updated":"2025-06-04 10:55:25","seo_analyzer_scan_date":null,"focus_keyword":null,"additional_keywords":null,"truseo_locale":null},"aioseo_breadcrumb":"<div class=\"aioseo-breadcrumbs\"><span class=\"aioseo-breadcrumb\">\n\t\t\t<a href=\"https:\/\/wia.net.pl\" title=\"Home\">Home<\/a>\n\t\t<\/span><span class=\"aioseo-breadcrumb-separator\">&raquo;<\/span><span class=\"aioseo-breadcrumb\">\n\t\t\t<a href=\"https:\/\/wia.net.pl\/index.php\/category\/filmy-2\/\" title=\"Filmy\">Filmy<\/a>\n\t\t<\/span><span class=\"aioseo-breadcrumb-separator\">&raquo;<\/span><span class=\"aioseo-breadcrumb\">\n\t\t\tHybryda Jezus \u2013 drugi Adam \u2013 cz\u0142owiek\/nie-cz\u0142owiek\n\t\t<\/span><\/div>","aioseo_breadcrumb_json":[{"label":"Home","link":"https:\/\/wia.net.pl"},{"label":"Filmy","link":"https:\/\/wia.net.pl\/index.php\/category\/filmy-2\/"},{"label":"Hybryda Jezus &#8211; drugi Adam &#8211; cz\u0142owiek\/nie-cz\u0142owiek","link":"https:\/\/wia.net.pl\/index.php\/2024\/12\/10\/hybryda-jezus-drugi-adam-czlowiek-nie-czlowiek\/"}],"_links":{"self":[{"href":"https:\/\/wia.net.pl\/index.php\/wp-json\/wp\/v2\/posts\/9348"}],"collection":[{"href":"https:\/\/wia.net.pl\/index.php\/wp-json\/wp\/v2\/posts"}],"about":[{"href":"https:\/\/wia.net.pl\/index.php\/wp-json\/wp\/v2\/types\/post"}],"author":[{"embeddable":true,"href":"https:\/\/wia.net.pl\/index.php\/wp-json\/wp\/v2\/users\/2"}],"replies":[{"embeddable":true,"href":"https:\/\/wia.net.pl\/index.php\/wp-json\/wp\/v2\/comments?post=9348"}],"version-history":[{"count":1,"href":"https:\/\/wia.net.pl\/index.php\/wp-json\/wp\/v2\/posts\/9348\/revisions"}],"predecessor-version":[{"id":9351,"href":"https:\/\/wia.net.pl\/index.php\/wp-json\/wp\/v2\/posts\/9348\/revisions\/9351"}],"wp:featuredmedia":[{"embeddable":true,"href":"https:\/\/wia.net.pl\/index.php\/wp-json\/wp\/v2\/media\/9349"}],"wp:attachment":[{"href":"https:\/\/wia.net.pl\/index.php\/wp-json\/wp\/v2\/media?parent=9348"}],"wp:term":[{"taxonomy":"category","embeddable":true,"href":"https:\/\/wia.net.pl\/index.php\/wp-json\/wp\/v2\/categories?post=9348"},{"taxonomy":"post_tag","embeddable":true,"href":"https:\/\/wia.net.pl\/index.php\/wp-json\/wp\/v2\/tags?post=9348"}],"curies":[{"name":"wp","href":"https:\/\/api.w.org\/{rel}","templated":true}]}}