{"id":9405,"date":"2024-12-22T12:31:48","date_gmt":"2024-12-22T11:31:48","guid":{"rendered":"https:\/\/wia.net.pl\/?p=9405"},"modified":"2024-12-22T12:32:50","modified_gmt":"2024-12-22T11:32:50","slug":"skad-pochodzi-swiety-mikolaj-z-denman","status":"publish","type":"post","link":"https:\/\/wia.net.pl\/index.php\/2024\/12\/22\/skad-pochodzi-swiety-mikolaj-z-denman\/","title":{"rendered":"Sk\u0105d pochodzi \u015awi\u0119ty Miko\u0142aj? Z.Denman"},"content":{"rendered":"<p><iframe id=\"odysee-iframe\" style=\"width:100%; aspect-ratio:16 \/ 9;\" src=\"https:\/\/odysee.com\/$\/embed\/@wolnoscanarchia:d\/swiety-mikolaj:0?r=KqtnN3u2RSe5GxY7Tos527f1XGfjXD4u\" allowfullscreen><\/iframe><\/p>\n\n\n\n<p><br><br>\u0179r\u00f3d\u0142o https:\/\/www.youtube.com\/watch?v=qcmelHHcGdI&amp;t=12s<br>Opowie\u015b\u0107 o \u015awi\u0119tym Miko\u0142aju jest sfabrykowana. Sk\u0105d wi\u0119c wzi\u0105\u0142 si\u0119 \u015awi\u0119ty Miko\u0142aj?<\/p>\n\n\n\n<p><\/p>\n","protected":false},"excerpt":{"rendered":"<p>\u0179r\u00f3d\u0142o https:\/\/www.youtube.com\/watch?v=qcmelHHcGdI&amp;t=12sOpowie\u015b\u0107 o \u015awi\u0119tym Miko\u0142aju jest sfabrykowana. Sk\u0105d wi\u0119c wzi\u0105\u0142 si\u0119 \u015awi\u0119ty Miko\u0142aj?<\/p>\n","protected":false},"author":2,"featured_media":9407,"comment_status":"open","ping_status":"open","sticky":false,"template":"","format":"standard","meta":{"_acf_changed":false,"_bbp_topic_count":0,"_bbp_reply_count":0,"_bbp_total_topic_count":0,"_bbp_total_reply_count":0,"_bbp_voice_count":0,"_bbp_anonymous_reply_count":0,"_bbp_topic_count_hidden":0,"_bbp_reply_count_hidden":0,"_bbp_forum_subforum_count":0,"om_disable_all_campaigns":false,"_monsterinsights_skip_tracking":false,"footnotes":""},"categories":[11],"tags":[],"class_list":["post-9405","post","type-post","status-publish","format-standard","has-post-thumbnail","hentry","category-antropologia"],"acf":[],"aioseo_notices":[],"aioseo_head":"\n\t\t<!-- All in One SEO 5.0.1.1 - aioseo.com -->\n\t<meta name=\"description\" content=\"\u0179r\u00f3d\u0142o https:\/\/www.youtube.com\/watch?v=qcmelHHcGdI&amp;t=12sOpowie\u015b\u0107 o \u015awi\u0119tym Miko\u0142aju jest sfabrykowana. Sk\u0105d wi\u0119c wzi\u0105\u0142 si\u0119 \u015awi\u0119ty Miko\u0142aj?\" \/>\n\t<meta name=\"robots\" content=\"max-image-preview:large\" \/>\n\t<meta name=\"author\" content=\"trinity\"\/>\n\t<link rel=\"canonical\" href=\"https:\/\/wia.net.pl\/index.php\/2024\/12\/22\/skad-pochodzi-swiety-mikolaj-z-denman\/\" \/>\n\t<meta name=\"generator\" content=\"All in One SEO (AIOSEO) 5.0.1.1\" \/>\n\t\t<meta property=\"og:locale\" content=\"pl_PL\" \/>\n\t\t<meta property=\"og:site_name\" content=\"Wolno\u015b\u0107 i Anarchia - Ka\u017cdy wewn\u0119trznie jest anarchist\u0105.\" \/>\n\t\t<meta property=\"og:type\" content=\"article\" \/>\n\t\t<meta property=\"og:title\" content=\"Sk\u0105d pochodzi \u015awi\u0119ty Miko\u0142aj? Z.Denman - Wolno\u015b\u0107 i Anarchia\" \/>\n\t\t<meta property=\"og:description\" content=\"\u0179r\u00f3d\u0142o https:\/\/www.youtube.com\/watch?v=qcmelHHcGdI&amp;t=12sOpowie\u015b\u0107 o \u015awi\u0119tym Miko\u0142aju jest sfabrykowana. Sk\u0105d wi\u0119c wzi\u0105\u0142 si\u0119 \u015awi\u0119ty Miko\u0142aj?\" \/>\n\t\t<meta property=\"og:url\" content=\"https:\/\/wia.net.pl\/index.php\/2024\/12\/22\/skad-pochodzi-swiety-mikolaj-z-denman\/\" \/>\n\t\t<meta property=\"og:image\" content=\"https:\/\/wia.net.pl\/wp-content\/uploads\/2023\/11\/cropped-freedom-i73367.jpg\" \/>\n\t\t<meta property=\"og:image:secure_url\" content=\"https:\/\/wia.net.pl\/wp-content\/uploads\/2023\/11\/cropped-freedom-i73367.jpg\" \/>\n\t\t<meta property=\"article:published_time\" content=\"2024-12-22T11:31:48+00:00\" \/>\n\t\t<meta property=\"article:modified_time\" content=\"2024-12-22T11:32:50+00:00\" \/>\n\t\t<meta name=\"twitter:card\" content=\"summary_large_image\" \/>\n\t\t<meta name=\"twitter:title\" content=\"Sk\u0105d pochodzi \u015awi\u0119ty Miko\u0142aj? Z.Denman - Wolno\u015b\u0107 i Anarchia\" \/>\n\t\t<meta name=\"twitter:description\" content=\"\u0179r\u00f3d\u0142o https:\/\/www.youtube.com\/watch?v=qcmelHHcGdI&amp;t=12sOpowie\u015b\u0107 o \u015awi\u0119tym Miko\u0142aju jest sfabrykowana. Sk\u0105d wi\u0119c wzi\u0105\u0142 si\u0119 \u015awi\u0119ty Miko\u0142aj?\" \/>\n\t\t<meta name=\"twitter:image\" content=\"https:\/\/wia.net.pl\/wp-content\/uploads\/2023\/11\/cropped-freedom-i73367.jpg\" \/>\n\t\t<script type=\"application\/ld+json\" class=\"aioseo-schema\">\n\t\t\t{\"@context\":\"https:\\\/\\\/schema.org\",\"@graph\":[{\"@type\":\"BlogPosting\",\"@id\":\"https:\\\/\\\/wia.net.pl\\\/index.php\\\/2024\\\/12\\\/22\\\/skad-pochodzi-swiety-mikolaj-z-denman\\\/#blogposting\",\"name\":\"Sk\\u0105d pochodzi \\u015awi\\u0119ty Miko\\u0142aj? Z.Denman - Wolno\\u015b\\u0107 i Anarchia\",\"headline\":\"Sk\\u0105d pochodzi \\u015awi\\u0119ty Miko\\u0142aj? Z.Denman\",\"author\":{\"@id\":\"https:\\\/\\\/wia.net.pl\\\/index.php\\\/author\\\/trinity\\\/#author\"},\"publisher\":{\"@id\":\"https:\\\/\\\/wia.net.pl\\\/#person\"},\"image\":{\"@type\":\"ImageObject\",\"url\":\"https:\\\/\\\/wia.net.pl\\\/wp-content\\\/uploads\\\/2024\\\/12\\\/mik3.jpg\",\"width\":1920,\"height\":1080},\"datePublished\":\"2024-12-22T12:31:48+01:00\",\"dateModified\":\"2024-12-22T12:32:50+01:00\",\"inLanguage\":\"pl-PL\",\"mainEntityOfPage\":{\"@id\":\"https:\\\/\\\/wia.net.pl\\\/index.php\\\/2024\\\/12\\\/22\\\/skad-pochodzi-swiety-mikolaj-z-denman\\\/#webpage\"},\"isPartOf\":{\"@id\":\"https:\\\/\\\/wia.net.pl\\\/index.php\\\/2024\\\/12\\\/22\\\/skad-pochodzi-swiety-mikolaj-z-denman\\\/#webpage\"},\"articleSection\":\"Antropologia\"},{\"@type\":\"BreadcrumbList\",\"@id\":\"https:\\\/\\\/wia.net.pl\\\/index.php\\\/2024\\\/12\\\/22\\\/skad-pochodzi-swiety-mikolaj-z-denman\\\/#breadcrumblist\",\"itemListElement\":[{\"@type\":\"ListItem\",\"@id\":\"https:\\\/\\\/wia.net.pl#listItem\",\"position\":1,\"name\":\"Home\",\"item\":\"https:\\\/\\\/wia.net.pl\",\"nextItem\":{\"@type\":\"ListItem\",\"@id\":\"https:\\\/\\\/wia.net.pl\\\/index.php\\\/category\\\/antropologia\\\/#listItem\",\"name\":\"Antropologia\"}},{\"@type\":\"ListItem\",\"@id\":\"https:\\\/\\\/wia.net.pl\\\/index.php\\\/category\\\/antropologia\\\/#listItem\",\"position\":2,\"name\":\"Antropologia\",\"item\":\"https:\\\/\\\/wia.net.pl\\\/index.php\\\/category\\\/antropologia\\\/\",\"nextItem\":{\"@type\":\"ListItem\",\"@id\":\"https:\\\/\\\/wia.net.pl\\\/index.php\\\/2024\\\/12\\\/22\\\/skad-pochodzi-swiety-mikolaj-z-denman\\\/#listItem\",\"name\":\"Sk\\u0105d pochodzi \\u015awi\\u0119ty Miko\\u0142aj? Z.Denman\"},\"previousItem\":{\"@type\":\"ListItem\",\"@id\":\"https:\\\/\\\/wia.net.pl#listItem\",\"name\":\"Home\"}},{\"@type\":\"ListItem\",\"@id\":\"https:\\\/\\\/wia.net.pl\\\/index.php\\\/2024\\\/12\\\/22\\\/skad-pochodzi-swiety-mikolaj-z-denman\\\/#listItem\",\"position\":3,\"name\":\"Sk\\u0105d pochodzi \\u015awi\\u0119ty Miko\\u0142aj? Z.Denman\",\"previousItem\":{\"@type\":\"ListItem\",\"@id\":\"https:\\\/\\\/wia.net.pl\\\/index.php\\\/category\\\/antropologia\\\/#listItem\",\"name\":\"Antropologia\"}}]},{\"@type\":\"Person\",\"@id\":\"https:\\\/\\\/wia.net.pl\\\/#person\",\"name\":\"Bart\\u0142omiej Talarczyk\",\"image\":{\"@type\":\"ImageObject\",\"@id\":\"https:\\\/\\\/wia.net.pl\\\/index.php\\\/2024\\\/12\\\/22\\\/skad-pochodzi-swiety-mikolaj-z-denman\\\/#personImage\",\"url\":\"https:\\\/\\\/wia.net.pl\\\/wp-content\\\/uploads\\\/avatar-privacy\\\/cache\\\/user\\\/1\\\/7\\\/176a6b161c58363ff49b5c167264231f519f5c7fa183ca1f61e891769b6b56d5-96.jpg\",\"width\":96,\"height\":96,\"caption\":\"Bart\\u0142omiej Talarczyk\"}},{\"@type\":\"Person\",\"@id\":\"https:\\\/\\\/wia.net.pl\\\/index.php\\\/author\\\/trinity\\\/#author\",\"url\":\"https:\\\/\\\/wia.net.pl\\\/index.php\\\/author\\\/trinity\\\/\",\"name\":\"trinity\",\"image\":{\"@type\":\"ImageObject\",\"@id\":\"https:\\\/\\\/wia.net.pl\\\/index.php\\\/2024\\\/12\\\/22\\\/skad-pochodzi-swiety-mikolaj-z-denman\\\/#authorImage\",\"url\":\"https:\\\/\\\/wia.net.pl\\\/wp-content\\\/uploads\\\/avatar-privacy\\\/cache\\\/user\\\/5\\\/f\\\/5f6547cf82495eaa10e100a6a45d5dbde2dfdc1be88557de2018fca705bdf6f1-96.jpg\",\"width\":96,\"height\":96,\"caption\":\"trinity\"}},{\"@type\":\"WebPage\",\"@id\":\"https:\\\/\\\/wia.net.pl\\\/index.php\\\/2024\\\/12\\\/22\\\/skad-pochodzi-swiety-mikolaj-z-denman\\\/#webpage\",\"url\":\"https:\\\/\\\/wia.net.pl\\\/index.php\\\/2024\\\/12\\\/22\\\/skad-pochodzi-swiety-mikolaj-z-denman\\\/\",\"name\":\"Sk\\u0105d pochodzi \\u015awi\\u0119ty Miko\\u0142aj? Z.Denman - Wolno\\u015b\\u0107 i Anarchia\",\"description\":\"\\u0179r\\u00f3d\\u0142o https:\\\/\\\/www.youtube.com\\\/watch?v=qcmelHHcGdI&t=12sOpowie\\u015b\\u0107 o \\u015awi\\u0119tym Miko\\u0142aju jest sfabrykowana. Sk\\u0105d wi\\u0119c wzi\\u0105\\u0142 si\\u0119 \\u015awi\\u0119ty Miko\\u0142aj?\",\"inLanguage\":\"pl-PL\",\"isPartOf\":{\"@id\":\"https:\\\/\\\/wia.net.pl\\\/#website\"},\"breadcrumb\":{\"@id\":\"https:\\\/\\\/wia.net.pl\\\/index.php\\\/2024\\\/12\\\/22\\\/skad-pochodzi-swiety-mikolaj-z-denman\\\/#breadcrumblist\"},\"author\":{\"@id\":\"https:\\\/\\\/wia.net.pl\\\/index.php\\\/author\\\/trinity\\\/#author\"},\"creator\":{\"@id\":\"https:\\\/\\\/wia.net.pl\\\/index.php\\\/author\\\/trinity\\\/#author\"},\"image\":{\"@type\":\"ImageObject\",\"url\":\"https:\\\/\\\/wia.net.pl\\\/wp-content\\\/uploads\\\/2024\\\/12\\\/mik3.jpg\",\"@id\":\"https:\\\/\\\/wia.net.pl\\\/index.php\\\/2024\\\/12\\\/22\\\/skad-pochodzi-swiety-mikolaj-z-denman\\\/#mainImage\",\"width\":1920,\"height\":1080},\"primaryImageOfPage\":{\"@id\":\"https:\\\/\\\/wia.net.pl\\\/index.php\\\/2024\\\/12\\\/22\\\/skad-pochodzi-swiety-mikolaj-z-denman\\\/#mainImage\"},\"datePublished\":\"2024-12-22T12:31:48+01:00\",\"dateModified\":\"2024-12-22T12:32:50+01:00\"},{\"@type\":\"WebSite\",\"@id\":\"https:\\\/\\\/wia.net.pl\\\/#website\",\"url\":\"https:\\\/\\\/wia.net.pl\\\/\",\"name\":\"Wolno\\u015b\\u0107 i Anarchia\",\"description\":\"Ka\\u017cdy wewn\\u0119trznie jest anarchist\\u0105.\",\"inLanguage\":\"pl-PL\",\"publisher\":{\"@id\":\"https:\\\/\\\/wia.net.pl\\\/#person\"}}]}\n\t\t<\/script>\n\t\t<!-- All in One SEO -->\n\n","aioseo_head_json":{"title":"Sk\u0105d pochodzi \u015awi\u0119ty Miko\u0142aj? Z.Denman - Wolno\u015b\u0107 i Anarchia","description":"\u0179r\u00f3d\u0142o https:\/\/www.youtube.com\/watch?v=qcmelHHcGdI&t=12sOpowie\u015b\u0107 o \u015awi\u0119tym Miko\u0142aju jest sfabrykowana. Sk\u0105d wi\u0119c wzi\u0105\u0142 si\u0119 \u015awi\u0119ty Miko\u0142aj?","canonical_url":"https:\/\/wia.net.pl\/index.php\/2024\/12\/22\/skad-pochodzi-swiety-mikolaj-z-denman\/","robots":"max-image-preview:large","keywords":"","webmasterTools":{"miscellaneous":""},"schema":{"@context":"https:\/\/schema.org","@graph":[{"@type":"BlogPosting","@id":"https:\/\/wia.net.pl\/index.php\/2024\/12\/22\/skad-pochodzi-swiety-mikolaj-z-denman\/#blogposting","name":"Sk\u0105d pochodzi \u015awi\u0119ty Miko\u0142aj? Z.Denman - Wolno\u015b\u0107 i Anarchia","headline":"Sk\u0105d pochodzi \u015awi\u0119ty Miko\u0142aj? Z.Denman","author":{"@id":"https:\/\/wia.net.pl\/index.php\/author\/trinity\/#author"},"publisher":{"@id":"https:\/\/wia.net.pl\/#person"},"image":{"@type":"ImageObject","url":"https:\/\/wia.net.pl\/wp-content\/uploads\/2024\/12\/mik3.jpg","width":1920,"height":1080},"datePublished":"2024-12-22T12:31:48+01:00","dateModified":"2024-12-22T12:32:50+01:00","inLanguage":"pl-PL","mainEntityOfPage":{"@id":"https:\/\/wia.net.pl\/index.php\/2024\/12\/22\/skad-pochodzi-swiety-mikolaj-z-denman\/#webpage"},"isPartOf":{"@id":"https:\/\/wia.net.pl\/index.php\/2024\/12\/22\/skad-pochodzi-swiety-mikolaj-z-denman\/#webpage"},"articleSection":"Antropologia"},{"@type":"BreadcrumbList","@id":"https:\/\/wia.net.pl\/index.php\/2024\/12\/22\/skad-pochodzi-swiety-mikolaj-z-denman\/#breadcrumblist","itemListElement":[{"@type":"ListItem","@id":"https:\/\/wia.net.pl#listItem","position":1,"name":"Home","item":"https:\/\/wia.net.pl","nextItem":{"@type":"ListItem","@id":"https:\/\/wia.net.pl\/index.php\/category\/antropologia\/#listItem","name":"Antropologia"}},{"@type":"ListItem","@id":"https:\/\/wia.net.pl\/index.php\/category\/antropologia\/#listItem","position":2,"name":"Antropologia","item":"https:\/\/wia.net.pl\/index.php\/category\/antropologia\/","nextItem":{"@type":"ListItem","@id":"https:\/\/wia.net.pl\/index.php\/2024\/12\/22\/skad-pochodzi-swiety-mikolaj-z-denman\/#listItem","name":"Sk\u0105d pochodzi \u015awi\u0119ty Miko\u0142aj? Z.Denman"},"previousItem":{"@type":"ListItem","@id":"https:\/\/wia.net.pl#listItem","name":"Home"}},{"@type":"ListItem","@id":"https:\/\/wia.net.pl\/index.php\/2024\/12\/22\/skad-pochodzi-swiety-mikolaj-z-denman\/#listItem","position":3,"name":"Sk\u0105d pochodzi \u015awi\u0119ty Miko\u0142aj? Z.Denman","previousItem":{"@type":"ListItem","@id":"https:\/\/wia.net.pl\/index.php\/category\/antropologia\/#listItem","name":"Antropologia"}}]},{"@type":"Person","@id":"https:\/\/wia.net.pl\/#person","name":"Bart\u0142omiej Talarczyk","image":{"@type":"ImageObject","@id":"https:\/\/wia.net.pl\/index.php\/2024\/12\/22\/skad-pochodzi-swiety-mikolaj-z-denman\/#personImage","url":"https:\/\/wia.net.pl\/wp-content\/uploads\/avatar-privacy\/cache\/user\/1\/7\/176a6b161c58363ff49b5c167264231f519f5c7fa183ca1f61e891769b6b56d5-96.jpg","width":96,"height":96,"caption":"Bart\u0142omiej Talarczyk"}},{"@type":"Person","@id":"https:\/\/wia.net.pl\/index.php\/author\/trinity\/#author","url":"https:\/\/wia.net.pl\/index.php\/author\/trinity\/","name":"trinity","image":{"@type":"ImageObject","@id":"https:\/\/wia.net.pl\/index.php\/2024\/12\/22\/skad-pochodzi-swiety-mikolaj-z-denman\/#authorImage","url":"https:\/\/wia.net.pl\/wp-content\/uploads\/avatar-privacy\/cache\/user\/5\/f\/5f6547cf82495eaa10e100a6a45d5dbde2dfdc1be88557de2018fca705bdf6f1-96.jpg","width":96,"height":96,"caption":"trinity"}},{"@type":"WebPage","@id":"https:\/\/wia.net.pl\/index.php\/2024\/12\/22\/skad-pochodzi-swiety-mikolaj-z-denman\/#webpage","url":"https:\/\/wia.net.pl\/index.php\/2024\/12\/22\/skad-pochodzi-swiety-mikolaj-z-denman\/","name":"Sk\u0105d pochodzi \u015awi\u0119ty Miko\u0142aj? Z.Denman - Wolno\u015b\u0107 i Anarchia","description":"\u0179r\u00f3d\u0142o https:\/\/www.youtube.com\/watch?v=qcmelHHcGdI&t=12sOpowie\u015b\u0107 o \u015awi\u0119tym Miko\u0142aju jest sfabrykowana. Sk\u0105d wi\u0119c wzi\u0105\u0142 si\u0119 \u015awi\u0119ty Miko\u0142aj?","inLanguage":"pl-PL","isPartOf":{"@id":"https:\/\/wia.net.pl\/#website"},"breadcrumb":{"@id":"https:\/\/wia.net.pl\/index.php\/2024\/12\/22\/skad-pochodzi-swiety-mikolaj-z-denman\/#breadcrumblist"},"author":{"@id":"https:\/\/wia.net.pl\/index.php\/author\/trinity\/#author"},"creator":{"@id":"https:\/\/wia.net.pl\/index.php\/author\/trinity\/#author"},"image":{"@type":"ImageObject","url":"https:\/\/wia.net.pl\/wp-content\/uploads\/2024\/12\/mik3.jpg","@id":"https:\/\/wia.net.pl\/index.php\/2024\/12\/22\/skad-pochodzi-swiety-mikolaj-z-denman\/#mainImage","width":1920,"height":1080},"primaryImageOfPage":{"@id":"https:\/\/wia.net.pl\/index.php\/2024\/12\/22\/skad-pochodzi-swiety-mikolaj-z-denman\/#mainImage"},"datePublished":"2024-12-22T12:31:48+01:00","dateModified":"2024-12-22T12:32:50+01:00"},{"@type":"WebSite","@id":"https:\/\/wia.net.pl\/#website","url":"https:\/\/wia.net.pl\/","name":"Wolno\u015b\u0107 i Anarchia","description":"Ka\u017cdy wewn\u0119trznie jest anarchist\u0105.","inLanguage":"pl-PL","publisher":{"@id":"https:\/\/wia.net.pl\/#person"}}]},"og:locale":"pl_PL","og:site_name":"Wolno\u015b\u0107 i Anarchia - Ka\u017cdy wewn\u0119trznie jest anarchist\u0105.","og:type":"article","og:title":"Sk\u0105d pochodzi \u015awi\u0119ty Miko\u0142aj? Z.Denman - Wolno\u015b\u0107 i Anarchia","og:description":"\u0179r\u00f3d\u0142o https:\/\/www.youtube.com\/watch?v=qcmelHHcGdI&amp;t=12sOpowie\u015b\u0107 o \u015awi\u0119tym Miko\u0142aju jest sfabrykowana. Sk\u0105d wi\u0119c wzi\u0105\u0142 si\u0119 \u015awi\u0119ty Miko\u0142aj?","og:url":"https:\/\/wia.net.pl\/index.php\/2024\/12\/22\/skad-pochodzi-swiety-mikolaj-z-denman\/","og:image":"https:\/\/wia.net.pl\/wp-content\/uploads\/2023\/11\/cropped-freedom-i73367.jpg","og:image:secure_url":"https:\/\/wia.net.pl\/wp-content\/uploads\/2023\/11\/cropped-freedom-i73367.jpg","article:published_time":"2024-12-22T11:31:48+00:00","article:modified_time":"2024-12-22T11:32:50+00:00","twitter:card":"summary_large_image","twitter:title":"Sk\u0105d pochodzi \u015awi\u0119ty Miko\u0142aj? Z.Denman - Wolno\u015b\u0107 i Anarchia","twitter:description":"\u0179r\u00f3d\u0142o https:\/\/www.youtube.com\/watch?v=qcmelHHcGdI&amp;t=12sOpowie\u015b\u0107 o \u015awi\u0119tym Miko\u0142aju jest sfabrykowana. Sk\u0105d wi\u0119c wzi\u0105\u0142 si\u0119 \u015awi\u0119ty Miko\u0142aj?","twitter:image":"https:\/\/wia.net.pl\/wp-content\/uploads\/2023\/11\/cropped-freedom-i73367.jpg"},"aioseo_meta_data":{"post_id":"9405","title":null,"description":null,"keywords":null,"keyphrases":{"focus":{"keyphrase":"","score":0,"analysis":{"keyphraseInTitle":{"score":0,"maxScore":9,"error":1}}},"additional":[]},"primary_term":null,"canonical_url":null,"og_title":null,"og_description":null,"og_object_type":"default","og_image_type":"default","og_image_url":null,"og_image_width":null,"og_image_height":null,"og_image_custom_url":null,"og_image_custom_fields":null,"og_video":"","og_custom_url":null,"og_article_section":null,"og_article_tags":null,"twitter_use_og":false,"twitter_card":"default","twitter_image_type":"default","twitter_image_url":null,"twitter_image_custom_url":null,"twitter_image_custom_fields":null,"twitter_title":null,"twitter_description":null,"schema":{"blockGraphs":[],"customGraphs":[],"default":{"data":{"Article":[],"Course":[],"Dataset":[],"FAQPage":[],"Movie":[],"Person":[],"Product":[],"ProductReview":[],"Car":[],"Recipe":[],"Service":[],"SoftwareApplication":[],"WebPage":[]},"graphName":"BlogPosting","isEnabled":true},"graphs":[]},"schema_type":"default","schema_type_options":null,"pillar_content":false,"robots_default":true,"robots_noindex":false,"robots_noarchive":false,"robots_nosnippet":false,"robots_nofollow":false,"robots_noimageindex":false,"robots_noodp":false,"robots_notranslate":false,"robots_max_snippet":"-1","robots_max_videopreview":"-1","robots_max_imagepreview":"large","priority":null,"frequency":"default","local_seo":null,"breadcrumb_settings":null,"limit_modified_date":false,"ai":null,"created":"2024-12-22 11:31:49","updated":"2025-06-04 10:56:25","seo_analyzer_scan_date":null,"focus_keyword":null,"additional_keywords":null,"truseo_locale":null},"aioseo_breadcrumb":"<div class=\"aioseo-breadcrumbs\"><span class=\"aioseo-breadcrumb\">\n\t\t\t<a href=\"https:\/\/wia.net.pl\" title=\"Home\">Home<\/a>\n\t\t<\/span><span class=\"aioseo-breadcrumb-separator\">&raquo;<\/span><span class=\"aioseo-breadcrumb\">\n\t\t\t<a href=\"https:\/\/wia.net.pl\/index.php\/category\/antropologia\/\" title=\"Antropologia\">Antropologia<\/a>\n\t\t<\/span><span class=\"aioseo-breadcrumb-separator\">&raquo;<\/span><span class=\"aioseo-breadcrumb\">\n\t\t\tSk\u0105d pochodzi \u015awi\u0119ty Miko\u0142aj? Z.Denman\n\t\t<\/span><\/div>","aioseo_breadcrumb_json":[{"label":"Home","link":"https:\/\/wia.net.pl"},{"label":"Antropologia","link":"https:\/\/wia.net.pl\/index.php\/category\/antropologia\/"},{"label":"Sk\u0105d pochodzi \u015awi\u0119ty Miko\u0142aj? Z.Denman","link":"https:\/\/wia.net.pl\/index.php\/2024\/12\/22\/skad-pochodzi-swiety-mikolaj-z-denman\/"}],"_links":{"self":[{"href":"https:\/\/wia.net.pl\/index.php\/wp-json\/wp\/v2\/posts\/9405"}],"collection":[{"href":"https:\/\/wia.net.pl\/index.php\/wp-json\/wp\/v2\/posts"}],"about":[{"href":"https:\/\/wia.net.pl\/index.php\/wp-json\/wp\/v2\/types\/post"}],"author":[{"embeddable":true,"href":"https:\/\/wia.net.pl\/index.php\/wp-json\/wp\/v2\/users\/2"}],"replies":[{"embeddable":true,"href":"https:\/\/wia.net.pl\/index.php\/wp-json\/wp\/v2\/comments?post=9405"}],"version-history":[{"count":1,"href":"https:\/\/wia.net.pl\/index.php\/wp-json\/wp\/v2\/posts\/9405\/revisions"}],"predecessor-version":[{"id":9406,"href":"https:\/\/wia.net.pl\/index.php\/wp-json\/wp\/v2\/posts\/9405\/revisions\/9406"}],"wp:featuredmedia":[{"embeddable":true,"href":"https:\/\/wia.net.pl\/index.php\/wp-json\/wp\/v2\/media\/9407"}],"wp:attachment":[{"href":"https:\/\/wia.net.pl\/index.php\/wp-json\/wp\/v2\/media?parent=9405"}],"wp:term":[{"taxonomy":"category","embeddable":true,"href":"https:\/\/wia.net.pl\/index.php\/wp-json\/wp\/v2\/categories?post=9405"},{"taxonomy":"post_tag","embeddable":true,"href":"https:\/\/wia.net.pl\/index.php\/wp-json\/wp\/v2\/tags?post=9405"}],"curies":[{"name":"wp","href":"https:\/\/api.w.org\/{rel}","templated":true}]}}