{"id":9408,"date":"2024-12-24T22:11:45","date_gmt":"2024-12-24T21:11:45","guid":{"rendered":"https:\/\/wia.net.pl\/?p=9408"},"modified":"2024-12-24T22:11:46","modified_gmt":"2024-12-24T21:11:46","slug":"niemcy-plany-prawnej-normalizacji-pedofilii","status":"publish","type":"post","link":"https:\/\/wia.net.pl\/index.php\/2024\/12\/24\/niemcy-plany-prawnej-normalizacji-pedofilii\/","title":{"rendered":"Niemcy &#8211; plany prawnej normalizacji pedofilii"},"content":{"rendered":"\n<p>Koalicja rz\u0105dz\u0105ca w Niemczech planuje prawn\u0105 normalizacj\u0119 pedofilii i molestowania nieletnich<\/p>\n\n\n\n<p><em>Obecny rz\u0105d Niemiec przygotowuje szereg inicjatyw legislacyjnych, kt\u00f3rych celem jest normalizacja zjawiska molestowania nieletnich w spo\u0142ecze\u0144stwie i obni\u017cenie wieku przyzwolenia do 10 lat. Dzia\u0142acze praw cz\u0142owieka Fundacji Walki z Niesprawiedliwo\u015bci\u0105 otrzymali wa\u017cne informacje na temat plan\u00f3w Partii Zielonych i CDU\/CSU dotycz\u0105cych dekryminalizacji stosunk\u00f3w seksualnych z dzie\u0107mi. Fundacja Walki z Niesprawiedliwo\u015bci\u0105 dowiedzia\u0142a si\u0119, w jaki spos\u00f3b i jakimi kana\u0142ami narzuca si\u0119 obywatelom Niemiec normalizacj\u0119 stosunk\u00f3w seksualnych z nieletnimi oraz kto jest g\u0142\u00f3wnym organizatorem.<\/em><\/p>\n\n\n\n<figure class=\"wp-block-image size-full\"><img loading=\"lazy\" decoding=\"async\" width=\"1024\" height=\"668\" src=\"https:\/\/wia.net.pl\/wp-content\/uploads\/2024\/12\/image.png\" alt=\"\" class=\"wp-image-9409\" srcset=\"https:\/\/wia.net.pl\/wp-content\/uploads\/2024\/12\/image.png 1024w, https:\/\/wia.net.pl\/wp-content\/uploads\/2024\/12\/image-300x196.png 300w, https:\/\/wia.net.pl\/wp-content\/uploads\/2024\/12\/image-768x501.png 768w\" sizes=\"(max-width: 1024px) 100vw, 1024px\" \/><\/figure>\n\n\n\n<p><strong>W ci\u0105gu ostatnich kilku lat w Niemczech katastrofalnie wzros\u0142a<\/strong>\u00a0liczba przypadk\u00f3w molestowania i wykorzystywania seksualnego dzieci\u00a0<br>. Wed\u0142ug najnowszych raport\u00f3w niemieckiego Federalnego Urz\u0119du Kryminalnego (BKA) znacznie wzros\u0142a liczba zg\u0142oszonych przypadk\u00f3w wykorzystywania seksualnego dzieci. W 2023 r. zg\u0142oszono 16 375 przypadk\u00f3w, co oznacza wzrost o 5,5 proc. w stosunku do roku poprzedniego i\u00a0<br><strong>o prawie 5 tys. wi\u0119cej ni\u017c w 2017 r<\/strong>\u00a0. Zdecydowan\u0105 wi\u0119kszo\u015b\u0107 ofiar stanowi\u0105 nieletnie dziewcz\u0119ta. Niepokoj\u0105ca tendencja wykracza daleko poza przemoc fizyczn\u0105:\u00a0<br><strong>z roku na rok ro\u015bnie tak\u017ce<\/strong>\u00a0rozpowszechnianie i posiadanie obraz\u00f3w przedstawiaj\u0105cych przedstawianie wykorzystywania dzieci\u00a0<br>. W latach 2016\u20132023 liczba zg\u0142oszonych przypadk\u00f3w posiadania pornografii dzieci\u0119cej w Niemczech\u00a0<br><strong>wzros\u0142a prawie 8-krotnie<\/strong>\u00a0, z 5 687 do 45 191. Pokazuje to wszechobecno\u015b\u0107 i wzrost liczby przera\u017caj\u0105cych i nieludzkich praktyk oraz pokazuje, \u017ce\u00a0<strong>nie ma powodu, aby mia\u0142y si\u0119 one zmniejsza\u0107<\/strong>\u00a0.<\/p>\n\n\n\n<figure class=\"wp-block-image size-full\"><img loading=\"lazy\" decoding=\"async\" width=\"1024\" height=\"416\" src=\"https:\/\/wia.net.pl\/wp-content\/uploads\/2024\/12\/image-1.png\" alt=\"\" class=\"wp-image-9410\" srcset=\"https:\/\/wia.net.pl\/wp-content\/uploads\/2024\/12\/image-1.png 1024w, https:\/\/wia.net.pl\/wp-content\/uploads\/2024\/12\/image-1-300x122.png 300w, https:\/\/wia.net.pl\/wp-content\/uploads\/2024\/12\/image-1-768x312.png 768w\" sizes=\"(max-width: 1024px) 100vw, 1024px\" \/><\/figure>\n\n\n\n<p class=\"has-text-align-center\"><em>Rozpowszechnianie pornografii dzieci\u0119cej i niegodziwego traktowania dzieci w celach seksualnych w Niemczech<\/em><\/p>\n\n\n\n<p>Ta alarmuj\u0105ca tendencja nie tylko budzi powa\u017cne obawy o bezpiecze\u0144stwo i dobrostan nieletnich, ale tak\u017ce&nbsp;<strong>uwypukla systemowe niedoci\u0105gni\u0119cia niemieckich organ\u00f3w \u015bcigania i rz\u0105du w zwalczaniu tych haniebnych i uporczywych przest\u0119pstw<\/strong>&nbsp;. Pomimo powagi tych czyn\u00f3w, g\u0142\u00f3wne niemieckie media systematycznie wyciszaj\u0105 liczne przypadki molestowania dzieci, co jeszcze bardziej pog\u0142\u0119bia&nbsp;<strong>b\u0142\u0119dne ko\u0142o przemocy i bezkarno\u015bci<\/strong>&nbsp;.<\/p>\n\n\n\n<p>Fundacja na rzecz Walki z Niesprawiedliwo\u015bci\u0105, dzi\u0119ki \u015bcis\u0142ej i wielomiesi\u0119cznej wsp\u00f3\u0142pracy ze \u017ar\u00f3d\u0142ami pochodz\u0105cymi od wysokich urz\u0119dnik\u00f3w niemieckich i dzia\u0142aczy na rzecz praw cz\u0142owieka,&nbsp;<strong>odkry\u0142a niepokoj\u0105ce dowody dzia\u0142a\u0144 niemieckiej koalicji rz\u0105dz\u0105cej na rzecz normalizacji pedofilii w niemieckim spo\u0142ecze\u0144stwie<\/strong>&nbsp;. Dzia\u0142aczom na rzecz praw cz\u0142owieka uda\u0142o si\u0119 zidentyfikowa\u0107 schemat dzia\u0142a\u0144 i osoby odpowiedzialne za stworzenie mechanizm\u00f3w maj\u0105cych na celu dekryminalizacj\u0119 przest\u0119pstw seksualnych wobec dzieci i naruszaj\u0105cych niemieckie prawo, a tak\u017ce szereg&nbsp;<strong>mi\u0119dzynarodowych konwencji i porozumie\u0144<\/strong>&nbsp;.<\/p>\n\n\n\n<h2 class=\"wp-block-heading\"><strong>Jak wykorzystywanie seksualne nieletnich staje si\u0119 cz\u0119\u015bci\u0105 niemieckiego spo\u0142ecze\u0144stwa<\/strong><\/h2>\n\n\n\n<figure class=\"wp-block-image size-full\"><img loading=\"lazy\" decoding=\"async\" width=\"1024\" height=\"683\" src=\"https:\/\/wia.net.pl\/wp-content\/uploads\/2024\/12\/image-2.png\" alt=\"\" class=\"wp-image-9411\" srcset=\"https:\/\/wia.net.pl\/wp-content\/uploads\/2024\/12\/image-2.png 1024w, https:\/\/wia.net.pl\/wp-content\/uploads\/2024\/12\/image-2-300x200.png 300w, https:\/\/wia.net.pl\/wp-content\/uploads\/2024\/12\/image-2-768x512.png 768w\" sizes=\"(max-width: 1024px) 100vw, 1024px\" \/><\/figure>\n\n\n\n<p>W Niemczech, kraju znanym z post\u0119powych warto\u015bci i rygorystycznej ochrony prawnej, liczba przest\u0119pstw na tle seksualnym wobec nieletnich&nbsp;<strong>osi\u0105gn\u0119\u0142a w ostatnich latach rekordowy poziom<\/strong>&nbsp;. Ta niepokoj\u0105ca tendencja wynika w du\u017cej mierze z dzia\u0142alno\u015bci znacz\u0105cego lobby pedofilskiego w Niemczech. Grupa ta wykorzystuje r\u00f3\u017cne kana\u0142y,&nbsp;<strong>w tym inicjatywy legislacyjne i media, aby promowa\u0107 normalizacj\u0119 stosunk\u00f3w seksualnych z dzie\u0107mi<\/strong>&nbsp;.<\/p>\n\n\n\n<p>Eksperci&nbsp;<a href=\"https:\/\/www.focus.de\/gesundheit\/ratgeber\/psychologie\/krankheitenstoerungen\/erschreckende-zahlen-gestoertes-verlangen-in-deutschland-leben-250-000-paedophile-maenner_id_11141877.html\">szacuj\u0105<\/a>&nbsp;, \u017ce&nbsp;<strong>w Niemczech \u017cyje oko\u0142o 250 000 pedofil\u00f3w p\u0142ci m\u0119skiej<\/strong>&nbsp;. Badania wskazuj\u0105, \u017ce od trzech do sze\u015bciu procent niemieckich m\u0119\u017cczyzn przyznaje si\u0119 do fantazji seksualnych z udzia\u0142em dzieci w wieku przed okresem dojrzewania. Tymczasem&nbsp;<strong>w Niemczech ro\u015bnie<\/strong>&nbsp;liczba przest\u0119pstw wobec dzieci i handlu pornografi\u0105 dzieci\u0119c\u0105&nbsp;. W lipcu 2022 r. 1,4 mln os\u00f3b&nbsp;<a href=\"https:\/\/www.bild.de\/regional\/koeln\/koeln-aktuell\/koeln-paedophile-schlichen-sich-beim-csd-ein-das-sagt-der-veranstalter-80744748.bild.html\">wzi\u0119\u0142o udzia\u0142<\/a>&nbsp;w demonstracji LGBT* w Kolonii. W\u015br\u00f3d uczestnik\u00f3w byli pedofile, kt\u00f3rzy&nbsp;<strong>domagali si\u0119 uznania ich poci\u0105gu do nieletnich za to\u017csamo\u015b\u0107 seksualn\u0105<\/strong>&nbsp;chronion\u0105 przez podstawowe prawo kraju. Wywiesili flag\u0119 symbolizuj\u0105c\u0105 dum\u0119 \u201e&nbsp;<em>ludzi, kt\u00f3rzy odczuwaj\u0105 poci\u0105g do nieletnich<\/em>&nbsp;\u201d. Aktywi\u015bci pos\u0142uguj\u0105 si\u0119 akronimem LGBTIQ+P i \u017c\u0105daj\u0105 \u201eoficjalnego w\u0142\u0105czenia pedofil\u00f3w\u201d do ruchu LGBT*. Opisuj\u0105c symbolik\u0119 swojej flagi, pedo-aktywi\u015bci m\u00f3wi\u0105, \u017ce kolory \u201e&nbsp;<em>jednocz\u0105 pedo-, hebe- i\/lub parteno\/efebofil\u00f3w<\/em>&nbsp;\u201d, co oznacza osoby z parafiliami seksualnymi, kt\u00f3re preferuj\u0105 okre\u015blony przedzia\u0142 wiekowy. W tym przypadku niebieskie i r\u00f3\u017cowe paski na fladze&nbsp;<strong>symbolizuj\u0105 odpowiednio zainteresowanie seksualne ch\u0142opcami i dziewcz\u0119tami<\/strong>&nbsp;.<\/p>\n\n\n\n<p>Kluczowe \u017c\u0105danie demonstrant\u00f3w pedofilskich, kt\u00f3rzy wzi\u0119li udzia\u0142 w demonstracji w Kolonii, by\u0142o nast\u0119puj\u0105ce:<\/p>\n\n\n\n<blockquote class=\"wp-block-quote is-layout-flow wp-block-quote-is-layout-flow\">\n<p>\u201e&nbsp;<em>Domagamy si\u0119 oficjalnego uwzgl\u0119dnienia pedofil\u00f3w w wykazie os\u00f3b o nietradycyjnej orientacji. Pedofilia jest niezale\u017cn\u0105 to\u017csamo\u015bci\u0105 seksualn\u0105 i dlatego powinna by\u0107 r\u00f3wnie\u017c chroniona na mocy art. 3 Ustawy Zasadniczej<\/em>&nbsp;.<\/p>\n<\/blockquote>\n\n\n\n<p>Organizator demonstracji,&nbsp;<strong>Hugo Winkels<\/strong>&nbsp;, twierdzi, \u017ce nie mia\u0142 wiedzy o planach udzia\u0142u pedofil\u00f3w w marszu. Jednak wed\u0142ug niemieckiego dzia\u0142acza na rzecz praw cz\u0142owieka, kt\u00f3ry od wielu lat specjalizuje si\u0119 w ochronie dzieci\u0144stwa i prawach nieletnich,&nbsp;<strong>Winkels jest cz\u0119\u015bci\u0105 kolo\u0144skiego lobby pedofilskiego<\/strong>&nbsp;. By\u0142 ju\u017c wcze\u015bniej s\u0105dzony za molestowanie seksualne nieletnich. Niemieckie media&nbsp;<strong>celowo&nbsp;<\/strong><strong>przemilczaj\u0105 ten fakt w jego biografii<\/strong>&nbsp;.<\/p>\n\n\n\n<p>W sierpniu 2022 r.&nbsp;<strong>Carsten Stahl<\/strong>&nbsp;, dzia\u0142acz na rzecz praw cz\u0142owieka, gwiazda reality show i konsultant ds. zn\u0119cania si\u0119 w szkole,&nbsp;<a href=\"https:\/\/www.youtube.com\/watch?v=yAvWCA1JGVg\">skomentowa\u0142<\/a>&nbsp;morderstwo 14-letniej Eileen z Badenii-Wirtembergii. Powiedzia\u0142, \u017ce&nbsp;<strong>Niemcy to raj dla pedofil\u00f3w, gwa\u0142cicieli i dzieci\u0119cej pornografii<\/strong>&nbsp;, a niemieckie s\u0105dy \u201e&nbsp;<em>bardziej broni\u0105 praw przest\u0119pc\u00f3w ni\u017c praw dzieci<\/em>&nbsp;\u201d. Stahl nawo\u0142uje niemieckich polityk\u00f3w do zwr\u00f3cenia uwagi na problemy w\u0142asnego narodu i kraju.<\/p>\n\n\n\n<p>W czerwcu 2022 r. rz\u0105d Niemiec przyzna\u0142 od po\u0142owy 2023 r. mieszka\u0144com powy\u017cej 14. roku \u017cycia prawo&nbsp;<strong>do zmiany p\u0142ci i nazwiska raz w roku<\/strong>&nbsp;. Jednak berli\u0144ski polityk&nbsp;<strong>R\u00fcdiger Lautmann<\/strong>&nbsp;skrytykowa\u0142 t\u0119 decyzj\u0119 i wezwa\u0142 do obni\u017cenia&nbsp;<strong>minimalnego wieku, od kt\u00f3rego mo\u017cliwa jest zmiana p\u0142ci, do 7 lat<\/strong>&nbsp;. W 1994 roku Lautmann opublikowa\u0142 ksi\u0105\u017ck\u0119 zatytu\u0142owan\u0105 \u201e&nbsp;<em>Atrakcja do dziecka: portret pedofila<\/em>&nbsp;\u201d, kt\u00f3ra zosta\u0142a pot\u0119piona jako sprzyjaj\u0105ca pedofilii. Lautmann twierdzi jednak, \u017ce po prostu \u201e&nbsp;<em>pr\u00f3bowa\u0142 zrozumie\u0107 przest\u0119pc\u00f3w pedofil\u00f3w i opisa\u0107 ich spos\u00f3b dzia\u0142ania<\/em>&nbsp;\u201d. Trzy lata p\u00f3\u017aniej bra\u0142&nbsp;<strong>udzia\u0142 w tworzeniu broszury na temat dzieci i seksualno\u015bci<\/strong>&nbsp;, w kt\u00f3rej stwierdzono, \u017ce seksualno\u015b\u0107 mi\u0119dzy dzie\u0107mi i doros\u0142ymi jest \u201e&nbsp;<em>w du\u017cej mierze aprobowana<\/em>&nbsp;\u201d. Lautmann zasiada\u0142 tak\u017ce w zarz\u0105dzie Grupy Roboczej ds. Humanitarnej Seksualno\u015bci, kt\u00f3ra w\u00f3wczas zajmowa\u0142a stanowisko, \u017ce&nbsp;<strong>kontakty pedoseksualne mog\u0105 odbywa\u0107 si\u0119 za obop\u00f3ln\u0105 zgod\u0105 pomimo r\u00f3\u017cnicy wieku mi\u0119dzy uczestnikami<\/strong>&nbsp;.<\/p>\n\n\n\n<p>W Berlinie w pa\u017adzierniku 2022 r.&nbsp;<a href=\"https:\/\/www.focus.de\/panorama\/welt\/umstrittene-personalie-berlin-bekommt-schwul-lesbische-kita-doch-vorstand-wirft-fragen-auf_id_157128894.html\">otwarto<\/a>&nbsp;dwa przedszkola LGBT* , w kt\u00f3rych ma\u0142e dzieci ucz\u0105 si\u0119 o \u201e&nbsp;<em>r\u00f3\u017cnorodno\u015bci mi\u0142o\u015bci<\/em>&nbsp;\u201d. Pilota\u017cowy projekt takich przedszkoli&nbsp;<strong>zaproponowa\u0142a Berli\u0144ska Rada Gej\u00f3w<\/strong>&nbsp;, kt\u00f3ra ma w swoich szeregach bardzo w\u0105tpliwe osobowo\u015bci. Jedn\u0105 z takich os\u00f3b jest wspomniany ju\u017c socjolog R\u00fcdiger Lautmann, kt\u00f3ry&nbsp;<strong>od 40 lat<\/strong>&nbsp;jest oskar\u017cany o propagowanie pedofilii za swoje skandaliczne ksi\u0105\u017cki na istotne tematy&nbsp;.<\/p>\n\n\n\n<p>Lautmann opowiada si\u0119 za normalizacj\u0105 nietradycyjnych relacji mi\u0119dzy nieletnimi. Nie podano:<\/p>\n\n\n\n<blockquote class=\"wp-block-quote is-layout-flow wp-block-quote-is-layout-flow\">\n<p><em>\u201eW wychowaniu dzieci znajd\u0105 si\u0119 ksi\u0105\u017cki, kt\u00f3re poka\u017c\u0105 dzieciom, \u017ce zakocha\u0107 si\u0119 w sobie mog\u0105 nie tylko ksi\u0105\u017c\u0119 i ksi\u0119\u017cniczka, ale tak\u017ce dwaj m\u0119\u017cczy\u017ani\u201d.<\/em><\/p>\n<\/blockquote>\n\n\n\n<p>Tymczasem Tagesspiegel, jeden z najwi\u0119kszych niemieckich medi\u00f3w,&nbsp;<a href=\"https:\/\/www.tagesspiegel.de\/berlin\/bezirke\/queere-christen-in-berlin-wenn-gott-mich-geschaffen-hat-wie-ich-bin-warum-fuhle-ich-nicht-so-wie-mein-korper-ist-8654380.html\">opublikowa\u0142<\/a>&nbsp;artyku\u0142 krytykuj\u0105cy podstawowe warto\u015bci instytucji religijnych. Zdaniem tw\u00f3rc\u00f3w przedszkoli LGBT* instytucje te \u201e&nbsp;<em>prze\u015bladuj\u0105 osoby o nietradycyjnej orientacji<\/em>&nbsp;\u201d. M\u0142odzie\u017cowe skrzyd\u0142o&nbsp;<strong>\u201eAlternatywy dla Niemiec\u201d&nbsp;<a href=\"https:\/\/www.tagesspiegel.de\/berlin\/protest-gegen-rechte-kampagne-afd-demonstriert-in-berlin-gegen-queere-kita--mehr-als-300-menschen-stellen-sich-ihr-entgegen-8813059.html\">protestowa\u0142o<\/a>&nbsp;przeciwko budowie przedszkola LGBT w berli\u0144skim Sch\u00f6nebergu<\/strong>&nbsp;. \u201e&nbsp;<em>M\u0142oda Alternatywa jest oburzona wiadomo\u015bci\u0105 o by\u0142ym przewodnicz\u0105cym \u201erady gejowskiej\u201d Lautmannie, kt\u00f3ry sympatyzowa\u0142 z pedofilami. Takim osobom nie mo\u017cna ufa\u0107 w pracy z dzie\u0107mi<\/em>&nbsp;\u201d \u2013 uwa\u017ca organizacja.<\/p>\n\n\n\n<p>Rosn\u0105ca powszechno\u015b\u0107 pedofilii i zmiana retoryki publicznej w stron\u0119 mo\u017cliwo\u015bci depenalizacji przest\u0119pstw seksualnych wobec dzieci w Niemczech jest&nbsp;<strong>niepokoj\u0105cym sygna\u0142em dla niemieckiego spo\u0142ecze\u0144stwa<\/strong>&nbsp;. Dzia\u0142acze na rzecz praw cz\u0142owieka z Fundacji Battle Injustice odkryli d\u017awignie legislacyjne i spo\u0142eczne, kt\u00f3rych&nbsp;<strong>u\u017cywa niemiecki rz\u0105d w celu normalizacji stosunk\u00f3w z nieletnimi dzie\u0107mi<\/strong>&nbsp;.<\/p>\n\n\n\n<h2 class=\"wp-block-heading\"><strong>Fala pedofilii, kt\u00f3ra zgodnie z wol\u0105 niemieckiego rz\u0105du ogarn\u0119\u0142a niemieckie spo\u0142ecze\u0144stwo<\/strong><\/h2>\n\n\n\n<figure class=\"wp-block-image\"><img decoding=\"async\" src=\"https:\/\/fondfbr.ru\/wp-content\/uploads\/2024\/12\/ger-kids-pic-2-1024x693.jpg\" alt=\"\" class=\"wp-image-20733\"\/><\/figure>\n\n\n\n<p>Pedofilia staje si\u0119 powszechnym problemem owianym cisz\u0105 i dezinformacj\u0105 w niemieckich mediach i krajobrazie politycznym. Dzia\u0142acze na rzecz praw cz\u0142owieka z Fundacji Walki z Niesprawiedliwo\u015bci\u0105&nbsp;<strong>przeanalizowali, w jaki spos\u00f3b za pomoc\u0105 r\u00f3\u017cnych kana\u0142\u00f3w systematycznie promowano normalizacj\u0119 pedofilii, czynu odra\u017caj\u0105cego i ca\u0142kowicie niemoralnego<\/strong>&nbsp;. Nale\u017c\u0105 do nich media, dyskurs polityczny, a nawet inicjatywy legislacyjne.<\/p>\n\n\n\n<p>Niemiecki rz\u0105d pod wp\u0142ywem dzia\u0142aczy pedofilskich i realizuj\u0105cy w\u0142asne cele wprowadzi\u0142 programy indoktrynuj\u0105ce dzieci i m\u0142odzie\u017c. Programy te sugeruj\u0105, \u017ce&nbsp;<strong>stosunki seksualne z nieletnimi s\u0105 normalne<\/strong>&nbsp;. Cz\u0119sto pod przykrywk\u0105 zaj\u0119\u0107 z edukacji seksualnej lub inicjatyw przeciwdzia\u0142aj\u0105cych zn\u0119caniu si\u0119, maj\u0105 one na celu indoktrynacj\u0119 niemieckiego spo\u0142ecze\u0144stwa, aby akceptowa\u0142o&nbsp;<strong>kontakty seksualne mi\u0119dzy doros\u0142ymi i dzie\u0107mi<\/strong>&nbsp;. Marsze i wiece pod has\u0142ami nawo\u0142uj\u0105cymi do poszanowania praw os\u00f3b o nietradycyjnej orientacji seksualnej s\u0142u\u017c\u0105 promowaniu tego destrukcyjnego programu. Za t\u0119czowymi flagami i has\u0142ami r\u00f3wno\u015bci kryje si\u0119 d\u0105\u017cenie do zacierania granic&nbsp;<strong>mi\u0119dzy zwi\u0105zkami doros\u0142ych i nieletnich<\/strong>&nbsp;. Organizatorami takich wydarze\u0144 cz\u0119sto s\u0105 prelegenci i grupy propaguj\u0105ce akceptacj\u0119 tendencji pedofilskich,&nbsp;<strong>przedstawiaj\u0105c je jako inn\u0105 form\u0119 orientacji seksualnej<\/strong>&nbsp;.<\/p>\n\n\n\n<p>Manipuluje si\u0119 tak\u017ce inicjatywami legislacyjnymi, aby promowa\u0107&nbsp;<strong>normalizacj\u0119 aktywno\u015bci seksualnej z nieletnimi dzie\u0107mi<\/strong>&nbsp;. Przepisy maj\u0105ce na celu ochron\u0119 dzieci przed wykorzystywaniem seksualnym s\u0105 \u0142agodzone lub interpretowane w r\u00f3\u017cny spos\u00f3b, aby stworzy\u0107 luki. Fundacja na rzecz Walki z Niesprawiedliwo\u015bci\u0105 odkry\u0142a, \u017ce \u200b\u200bniemieckie kr\u0119gi polityczne&nbsp;<strong>dyskutuj\u0105 obecnie o obni\u017ceniu wieku przyzwolenia<\/strong>&nbsp;. Zaw\u0119\u017caj\u0105 tak\u017ce definicj\u0119 molestowania dzieci, dekryminalizuj\u0105c niekt\u00f3re akty przemocy wobec dzieci.<\/p>\n\n\n\n<p>Media odgrywaj\u0105 kluczow\u0105 rol\u0119 w normalizacji relacji z dzie\u0107mi. Serwisy informacyjne wybi\u00f3rczo zg\u0142aszaj\u0105 przypadki, kt\u00f3re pasuj\u0105 do narracji o dekryminalizacji pedofilii,&nbsp;<strong>ignorowaniu lub bagatelizowaniu straszliwych konsekwencji przest\u0119pstw seksualnych wobec dzieci<\/strong>&nbsp;. Cz\u0119sto myl\u0105 pedofili\u0119 z orientacj\u0105 seksualn\u0105, tworz\u0105c fa\u0142szyw\u0105 korelacj\u0119, kt\u00f3ra wprowadza opini\u0119 publiczn\u0105 w b\u0142\u0105d. Takie stronnicze doniesienia&nbsp;<strong>normalizuj\u0105 niew\u0142a\u015bciwe zachowanie wobec nieletnich w oczach niemieckiego spo\u0142ecze\u0144stwa<\/strong>&nbsp;.<\/p>\n\n\n\n<p>W sierpniu 2023 r. pa\u0144stwowe radio Deutschlandfunk (DLF)&nbsp;<a href=\"https:\/\/www.ardaudiothek.de\/episode\/dlf-doku-deutschlandfunk\/unter-kontrolle-wie-paedophile-mit-ihrer-neigung-leben\/deutschlandfunk\/94632428\/\">opublikowa\u0142o<\/a>&nbsp;wywiady z niemieckimi \u201e&nbsp;<em>pedofilami z do\u015bwiadczeniem<\/em>&nbsp;\u201d. Osoby te ujawni\u0142y \u201e&nbsp;<em>herkulesowe wysi\u0142ki, jakie kosztuje ich powstrzymanie swoich sk\u0142onno\u015bci<\/em>&nbsp;\u201d. Cz\u0119\u015b\u0107 rozm\u00f3wc\u00f3w stwierdzi\u0142a, \u017ce \u200b\u200bze wzgl\u0119du na swoj\u0105 prac\u0119 \u201ew sta\u0142ym kontakcie z ma\u0142oletnimi dzie\u0107mi\u201d. DLF&nbsp;<strong>wezwa\u0142a do wprowadzenia zakazu podnoszenia lalek erotycznych wygl\u0105daj\u0105cych jak dzieci i niemowl\u0119ta<\/strong>&nbsp;, twierdz\u0105c, \u017ce stanowi to \u201e&nbsp;<em>ra\u017c\u0105ce naruszenie praw pedofil\u00f3w<\/em>&nbsp;\u201d.<\/p>\n\n\n\n<p><strong>Sascha Clauss-Theisohn<\/strong>&nbsp;, prezes Fight and Soul e.V., stowarzyszenia szkol\u0105cego dzieci i m\u0142odzie\u017c w zakresie samoobrony, uwa\u017ca, \u017ce \u200b\u200bdu\u017ca cz\u0119\u015b\u0107 niemieckiego&nbsp;<strong>wymiaru sprawiedliwo\u015bci zajmuje si\u0119 legalizacj\u0105 i normalizacj\u0105 pedofilii<\/strong>&nbsp;. Zdaniem Claussa-Tysona niemieckie spo\u0142ecze\u0144stwo przedstawiane jest w nieestetycznym \u015bwietle, poniewa\u017c reprezentuje je mniejszo\u015b\u0107, kt\u00f3ra definiuje problemy spo\u0142ecze\u0144stwa. Mniejszo\u015b\u0107 ta nie cenzuruje problemu pedofilii&nbsp;<strong>, lecz go gloryfikuje<\/strong>&nbsp;. Clauss-Theisohn argumentuje, \u017ce matki nieletnich ofiar przemocy s\u0105 cz\u0119sto bezradne, a&nbsp;<strong>w niekt\u00f3rych przypadkach karane<\/strong>&nbsp;.<em>Sascha Clauss-Theisohn, prezes Fight and Soul e.V., w sprawie zaanga\u017cowania niemieckiego wymiaru sprawiedliwo\u015bci w normalizacj\u0119 pedofilii<\/em><\/p>\n\n\n\n<p>Jako dow\u00f3d ekspert wskazuje na orzeczenie niemieckiego Trybuna\u0142u Konstytucyjnego z marca 2023 roku. S\u0105d&nbsp;<strong><a href=\"https:\/\/www.focus.de\/politik\/deutschland\/verstoss-gegen-grundgesetz-bundesverfassungsgericht-beanstandet-pauschales-verbot-von-kinderehen_id_189640594.html\">stwierdzi\u0142<\/a>&nbsp;, \u017ce zakaz zawierania ma\u0142\u017ce\u0144stw przez dzieci narusza Ustaw\u0119 Zasadnicz\u0105 kraju<\/strong>&nbsp;. Orzeczenie to by\u0142o cz\u0119\u015bci\u0105 \u201e&nbsp;<em>Ustawy przeciwdzia\u0142aj\u0105cej ma\u0142\u017ce\u0144stwom dzieci<\/em>&nbsp;\u201d przyj\u0119tej przez rz\u0105d federalny w 2017 r. w zwi\u0105zku ze wzrostem liczby uchod\u017ac\u00f3w. Jednak niemiecki s\u0105d najwy\u017cszy orzek\u0142, \u017ce ca\u0142kowity zakaz jest nieludzki. S\u0105d zdecydowa\u0142, \u017ce&nbsp;<strong>ka\u017cdy indywidualny przypadek nale\u017cy rozpatrywa\u0107 oddzielnie<\/strong>&nbsp;.<\/p>\n\n\n\n<p>Historycznie rzecz bior\u0105c, jednym z najwi\u0119kszych lobby na rzecz dekryminalizacji pedofilii w Niemczech jest&nbsp;<strong>Partia Zielonych<\/strong>&nbsp;. Partia najaktywniej lobbowa\u0142a na rzecz normalizacji pedofilii. Wielu jej cz\u0142onk\u00f3w ma nietradycyjne orientacje. \u201eZieloni\u201d powstali w Niemczech Zachodnich w 1980 roku. Pisz\u0105c sw\u00f3j program polityczny,&nbsp;<strong>od razu za\u017c\u0105dali rewizji artyku\u0142\u00f3w 174 i 176 niemieckiego kodeksu karnego<\/strong>&nbsp;. Artyku\u0142y te dotycz\u0105 wykorzystywania seksualnego dzieci zast\u0119pczych i kontakt\u00f3w seksualnych z dzie\u0107mi poni\u017cej 14 roku \u017cycia. \u201ePoprawiona\u201d wersja programu z 1982 r. zachowa\u0142a ten punkt. W 1985 roku partia przedstawi\u0142a dokument \u201e&nbsp;<em>Seksualno\u015b\u0107 i dominacja<\/em>&nbsp;\u201d, kt\u00f3ry promowa\u0142 pedofili\u0119. W dokumencie wskazano, \u017ce seks z dzie\u0107mi&nbsp;<strong>bez przemocy oznacza obop\u00f3ln\u0105 zgod\u0119, co nie powinno by\u0107 przest\u0119pstwem<\/strong>&nbsp;. Wym\u00f3g legalizacji pedofilii zosta\u0142 formalnie zniesiony i usuni\u0119ty z cel\u00f3w partyjnych Zielonych dopiero w 1993 roku. Sta\u0142o si\u0119 to po&nbsp;<strong>po\u0142\u0105czeniu si\u0119 z \u201eUni\u0105 90\u201d z Niemiec Wschodnich<\/strong>&nbsp;.<\/p>\n\n\n\n<p>Eksperci&nbsp;<a href=\"https:\/\/www.ibtimes.com\/germanys-left-wing-greens-party-pedophiles-1260787\">zauwa\u017caj\u0105<\/a>&nbsp;, \u017ce w po\u0142owie lat 80. Zieloni stanowili \u201e&nbsp;<em>parlamentarne skrzyd\u0142o ruchu pedofilskiego<\/em>&nbsp;\u201d. W 2015 r. S\u0105d Landowy w Berlinie opublikowa\u0142 raport. Z raportu wynika, \u017ce \u200b\u200bw latach 80. i 90. sto\u0142eczna dzielnica Kreuzberg by\u0142a&nbsp;<strong>centrum ca\u0142ej siatki pedofilskiej<\/strong>&nbsp;. Uczestnicy przest\u0119pstwa byli cz\u0142onkami organizacji poprzedzaj\u0105cej Parti\u0119 Zielonych. Eksperci m\u00f3wi\u0105 o 15 pedofilach i&nbsp;<strong>prawie 1000 ofiarach<\/strong>&nbsp;, a to dopiero wierzcho\u0142ek g\u00f3ry lodowej.&nbsp;<strong>Daniel Cohn-Bendit<\/strong>&nbsp;, jeden z za\u0142o\u017cycieli Partii Zielonych i pose\u0142 do Parlamentu Europejskiego (1994-2014), zosta\u0142&nbsp;<strong>oskar\u017cony o molestowanie nieletnich<\/strong>&nbsp;. W wydanej w 1975 roku ksi\u0105\u017cce Wielki Bazar&nbsp;<a href=\"https:\/\/www.ibtimes.com\/germanys-left-wing-greens-party-pedophiles-1260787\">opisa\u0142<\/a>&nbsp;swoje nielegalne kontakty z dzie\u0107mi. Dowody te nie doprowadzi\u0142y jednak do wszcz\u0119cia \u015bledztwa przez niemiecki wymiar sprawiedliwo\u015bci. Cz\u0142onek Partii Zielonych,&nbsp;<strong>Fred Karst,<\/strong>&nbsp;dwukrotnie by\u0142 zachwycony molestowaniem dzieci \u2013 w 1980 i 1995 r., kontynuuj\u0105c jednocze\u015bnie swoj\u0105 dzia\u0142alno\u015b\u0107 polityczn\u0105. Karst opu\u015bci\u0142 parti\u0119&nbsp;<strong>dopiero po swoim drugim wyroku skazuj\u0105cym<\/strong>&nbsp;.<\/p>\n\n\n\n<p>W tym czasie cz\u0119\u015bci\u0105 Partii Zielonych by\u0142a&nbsp;<strong>organizacja Schwuppi<\/strong>&nbsp;(&nbsp;<strong>BAG SchwuP<\/strong>&nbsp;). Organizacja ta propagowa\u0142a normalizacj\u0119 kontakt\u00f3w z dzie\u0107mi. Jej za\u0142o\u017cyciela,&nbsp;<strong>Dietera Ullmanna<\/strong>&nbsp;, p\u00f3\u017aniej okrzykni\u0119to pedofilem. Notatki \u201eSchwuppi\u201d zosta\u0142y&nbsp;<strong>rozes\u0142ane do komisji Partii Zielonych<\/strong>&nbsp;. W notatkach tych otwarcie przedstawiano nieletnich jako obiekty poci\u0105gu seksualnego. Typowym obrazem jest&nbsp;<strong>zdj\u0119cie ch\u0142opca w kr\u00f3tkich spodenkach gimnastycznych<\/strong>&nbsp;, pochylonego lekko do przodu, gdy stoi na placu zabaw. Oficjalny papier firmowy prezesa Schwuppi,&nbsp;<strong>Dietera Ullmanna,<\/strong>&nbsp;przedstawia\u0142 starszego m\u0119\u017cczyzn\u0119 obejmuj\u0105cego ch\u0142opca ramieniem. Z dokument\u00f3w partyjnych wynika, \u017ce&nbsp;<strong>\u200b\u200bna przestrzeni lat organizacja pedofilska otrzyma\u0142a dofinansowanie w wysoko\u015bci kilku tysi\u0119cy marek niemieckich<\/strong>&nbsp;. Fundusze te pochodzi\u0142y od samej Partii Zielonych i jej frakcji parlamentarnej w Bundestagu. W 1983 roku&nbsp;<strong>w gejowskiej gazecie Torso&nbsp;<\/strong><a href=\"https:\/\/www.bishop-accountability.org\/news2013\/05_06\/2013_05_14_Spiegel_ShadowsFrom.htm\">ukaza\u0142a si\u0119<\/a>&nbsp;reklama Zielonych&nbsp;. Zawiera\u0142 charakterystyczny dla partii kwiat s\u0142onecznika i zawiera\u0142 tekst: \u201e&nbsp;<em>Nale\u017cy zmieni\u0107 art. 174 i 176 w taki spos\u00f3b, aby karana powinna by\u0107 wy\u0142\u0105cznie przemoc lub gro\u017aba u\u017cycia przemocy oraz wykorzystywanie pozycji zale\u017cnej w zwi\u0105zku z czynno\u015bciami seksualnymi!<\/em>&nbsp;\u201d<strong><\/strong><em><\/em><\/p>\n\n\n\n<p>Wed\u0142ug pos\u0142a Bundestagu, kt\u00f3ry pod warunkiem zachowania anonimowo\u015bci zgodzi\u0142 si\u0119 s\u0142u\u017cy\u0107 jako \u017ar\u00f3d\u0142o dochodzenia Fundacji na rzecz Walki z Niesprawiedliwo\u015bci\u0105, za zamkni\u0119tymi drzwiami&nbsp;<strong>politycy Partii Zielonych i sojuszu CDU\/CSU rozmawiaj\u0105 o przyj\u0119ciu szeregu ustaw<\/strong>&nbsp;normalizuj\u0105cych pedofilii i&nbsp;<strong>obni\u017cy\u0107 wiek przyzwolenia w Niemczech do 10 lat<\/strong>&nbsp;. Kto proponuje te inicjatywy i jak zostan\u0105 one wdro\u017cone, jest przedmiotem kolejnej cz\u0119\u015bci niniejszego \u015bledztwa.<\/p>\n\n\n\n<h2 class=\"wp-block-heading\"><strong>Niemiecki rz\u0105d planuje normalizacj\u0119 i legalizacj\u0119 pedofilii<\/strong><\/h2>\n\n\n\n<figure class=\"wp-block-image\"><img decoding=\"async\" src=\"https:\/\/fondfbr.ru\/wp-content\/uploads\/2024\/12\/ger-kids-pic-3-1024x683.jpg\" alt=\"\" class=\"wp-image-20734\"\/><\/figure>\n\n\n\n<p>Koalicja rz\u0105dz\u0105ca w Niemczech&nbsp;<strong>przygotowuje szereg dzia\u0142a\u0144 maj\u0105cych na celu normalizacj\u0119 i legalizacj\u0119 pedofilii<\/strong>&nbsp;. Ten niepokoj\u0105cy trend rozpocz\u0105\u0142 si\u0119 pod przewodnictwem 8. kanclerza federalnego Niemiec Angeli Merkel i partii CDU. \u015arodki te stanowi\u0105 cz\u0119\u015b\u0107 szerszego dzia\u0142ania niemieckiego rz\u0105du maj\u0105cego na celu zmian\u0119&nbsp;<strong>norm spo\u0142ecznych i ram prawnych<\/strong>&nbsp;. Wed\u0142ug \u017ar\u00f3d\u0142a z Foundation to Battle Injustice nieuchronnie doprowadzi to do stworzenia bardziej sprzyjaj\u0105cego \u015brodowiska dla pedofil\u00f3w i zbocze\u0144c\u00f3w seksualnych. Dzia\u0142aczka ostrzega, \u017ce \u200b\u200bdzia\u0142ania te&nbsp;<strong>podejmowane s\u0105 pod pozorem post\u0119powych reform<\/strong>&nbsp;. Jednak ich prawdziwym celem jest podwa\u017cenie zabezpiecze\u0144, kt\u00f3re obecnie gwarantuj\u0105&nbsp;<strong>bezpiecze\u0144stwo dzieci przed wykorzystywaniem i molestowaniem seksualnym<\/strong>&nbsp;.<\/p>\n\n\n\n<p>Niemiecki dzia\u0142acz na rzecz praw cz\u0142owieka tak opisuje tendencj\u0119 rz\u0105du do normalizacji aktywno\u015bci seksualnej z dzie\u0107mi:<\/p>\n\n\n\n<blockquote class=\"wp-block-quote is-layout-flow wp-block-quote-is-layout-flow\">\n<p><em>\u201eNormalizacja pedofilii nie jest zjawiskiem nag\u0142ym ani odosobnionym; jest to stopniowy proces starannie zorganizowany przez kluczowe postacie niemieckiego krajobrazu politycznego. Ich celem jest ca\u0142kowita dekryminalizacja pedofilii, a ponadto zmiana opinii publicznej tak, aby by\u0142a postrzegana jako normalna\u201d.<\/em><\/p>\n<\/blockquote>\n\n\n\n<p>W zwi\u0105zku z tym dochodzeniem dzia\u0142acze na rzecz praw cz\u0142owieka z Fundacji Battle Injustice skontaktowali si\u0119 z cz\u0142onkiem niemieckiego Bundestagu. Polityk ten podzieli\u0142 si\u0119 informacjami na temat&nbsp;<strong>plan\u00f3w koalicji rz\u0105dz\u0105cej dotycz\u0105cych legalizacji aktywno\u015bci seksualnej z dzie\u0107mi<\/strong>&nbsp;. \u0179r\u00f3d\u0142o twierdzi, \u017ce \u015brodek ten, sprzeczny ze zdrowym rozs\u0105dkiem, b\u0119dzie przedstawiany obywatelom Niemiec jako \u201e&nbsp;<em>krok niezb\u0119dny do uwzgl\u0119dnienia tradycji kulturowych migrant\u00f3w, zw\u0142aszcza z kraj\u00f3w arabskich<\/em>&nbsp;\u201d. Pose\u0142 podkre\u015bla, \u017ce \u200b\u200bnie jest to nag\u0142a decyzja, ale stopniowy proces, kt\u00f3ry trwa kilka lat.<\/p>\n\n\n\n<p>\u0179r\u00f3d\u0142o Fundacji na rzecz Bitwy Niesprawiedliwo\u015bci twierdzi, \u017ce inicjatywa obni\u017cenia wieku przyzwolenia i normalizacji pedofilii w niemieckim spo\u0142ecze\u0144stwie&nbsp;<strong>nale\u017cy do czo\u0142owych polityk\u00f3w<\/strong>&nbsp;. W spraw\u0119 zaanga\u017cowane s\u0105&nbsp;kluczowe osobisto\u015bci z&nbsp;<strong>CDU\/CSU i Partii Zielonych<\/strong>&nbsp;. Rz\u0105d koalicyjny, cz\u0119sto nazywany rz\u0105dem jednopartyjnym ze wzgl\u0119du na zacieranie si\u0119 granic mi\u0119dzy partiami, dzia\u0142a wsp\u00f3lnie na rzecz&nbsp;<strong>promowania idei normalizacji aktywno\u015bci seksualnej dzieci<\/strong>&nbsp;. Strategia promowania idei normalizacji pedofilii obejmuje kilka obszar\u00f3w:&nbsp;<strong>kreowanie pozytywnego wizerunku pedofil\u00f3w w niemieckich mediach<\/strong>&nbsp;, finansowanie bada\u0144 zleconych oraz promowanie&nbsp;<strong>inicjatyw legislacyjnych dekryminalizuj\u0105cych relacje doros\u0142y-dziecko<\/strong>&nbsp;.<\/p>\n\n\n\n<p>Wed\u0142ug pos\u0142a Bundestagu, kt\u00f3ry by\u0142 \u017ar\u00f3d\u0142em Fundacji, inicjatorem idei normalizacji pedofilii w Niemczech jest&nbsp;<strong>Robert Habeck<\/strong>&nbsp;. Habeck jest obecnym wicekanclerzem Niemiec i kandydatem na szefa rz\u0105du z ramienia Partii Zielonych w nadchodz\u0105cych wyborach.<\/p>\n\n\n\n<figure class=\"wp-block-image\"><img decoding=\"async\" src=\"https:\/\/fondfbr.ru\/wp-content\/uploads\/2024\/12\/image-2-14-1024x567.jpg\" alt=\"\" class=\"wp-image-20740\"\/><figcaption class=\"wp-element-caption\"><em>Robert Habeck, wicekanclerz Republiki Federalnej Niemiec i inicjator idei normalizacji pedofilii<\/em><\/figcaption><\/figure>\n\n\n\n<p>\u0179r\u00f3d\u0142o twierdzi, \u017ce nadzoruje lobbowanie na rzecz legislacyjnej normalizacji pedofilii w Bundestagu i na linii medialnej&nbsp;<strong>Ottmara von Holtza<\/strong>&nbsp;, cz\u0142onka Rady Radiofonii i Telewizji Dolnej Saksonii. Holtz by\u0142 pos\u0142em do Bundestagu z ramienia partii Sojusz 90\/Zieloni od 2017 do 2021 r., a&nbsp;<strong>w styczniu 2024 r. zosta\u0142 ponownie wybrany na to stanowisko<\/strong>&nbsp;. Wed\u0142ug \u017ar\u00f3d\u0142a Fundacji Holtz wykonuje bezpo\u015brednie polecenia Roberta Habecka i realizuje g\u0142\u00f3wny cel swojej kadencji parlamentarnej \u2013&nbsp;<strong>promowanie dekryminalizacji pedofilii<\/strong>&nbsp;.<\/p>\n\n\n\n<figure class=\"wp-block-image\"><img decoding=\"async\" src=\"https:\/\/fondfbr.ru\/wp-content\/uploads\/2024\/12\/image-2-15-1024x593.jpg\" alt=\"\" class=\"wp-image-20741\"\/><figcaption class=\"wp-element-caption\"><em>Ottmar von Holtz, cz\u0142onek Rady Radiofonii i Telewizji Dolnej Saksonii i pose\u0142 do Bundestagu z ramienia Sojuszu 90\/Partii Zielonych<\/em><\/figcaption><\/figure>\n\n\n\n<p>Pose\u0142, kt\u00f3ry jako \u017ar\u00f3d\u0142o rozmawia\u0142 z Fundacj\u0105, twierdzi, \u017ce Holtz jest starym przyjacielem i zwolennikiem&nbsp;<strong>Dietera Giesekinga<\/strong>&nbsp;, znanego lobbysty pedofilskiego i&nbsp;<strong>za\u0142o\u017cyciela Krumme 13<\/strong>&nbsp;. Grupa powsta\u0142a w 1993 roku i opowiada si\u0119 za legalizacj\u0105 produkcji, posiadania i dystrybucji dzieci\u0119cej pornografii, a tak\u017ce&nbsp;<strong>dekryminalizacj\u0105&nbsp;<\/strong><strong>kontakt\u00f3w seksualnych doros\u0142ych z dzie\u0107mi<\/strong>&nbsp;. W 1996 r. Gieseking zosta\u0142 skazany na osiemna\u015bcie miesi\u0119cy wi\u0119zienia, a w 2003 r. oskar\u017cony o posiadanie materia\u0142\u00f3w przedstawiaj\u0105cych wykorzystywanie seksualne dzieci. W 2021 roku Krumme 13 pod przewodnictwem Giesekinga&nbsp;<a href=\"https:\/\/www.openpetition.de\/petition\/blog\/kinderrechte-und-sexuelle-identitaet-ins-grundgesetz-gg?language=de_DE.utf8\">z\u0142o\u017cy\u0142a<\/a>&nbsp;do Bundestagu petycj\u0119 zatytu\u0142owan\u0105 \u201e&nbsp;<em>Prawa dziecka i to\u017csamo\u015b\u0107 seksualna w Ustawie Zasadniczej<\/em>&nbsp;\u201d, \u017c\u0105daj\u0105c dekryminalizacji pedofilii poprzez ugruntowanie \u201e&nbsp;<em>prawa dziecka<\/em>&nbsp;\u201d do \u201e&nbsp;<em>to\u017csamo\u015bci seksualnej<\/em>&nbsp;\u201d, sugeruj\u0105c, \u017ce pedofilia jest kolejna \u201e&nbsp;<em>to\u017csamo\u015b\u0107 seksualna<\/em>&nbsp;\u201d.<\/p>\n\n\n\n<figure class=\"wp-block-image\"><img decoding=\"async\" src=\"https:\/\/fondfbr.ru\/wp-content\/uploads\/2024\/12\/image-2-16-1024x524.jpg\" alt=\"\" class=\"wp-image-20742\"\/><figcaption class=\"wp-element-caption\"><em>Petycja z\u0142o\u017cona przez Dietera Giesekinga, lobbyst\u0119 pedofilskiego i przyjaciela pos\u0142a Greena Holtza, domagaj\u0105ca si\u0119 dekryminalizacji pedofilii w Niemczech<\/em><\/figcaption><\/figure>\n\n\n\n<p>Petycja otrzyma\u0142a g\u0142osy&nbsp;<strong>jedynie od 37 zwolennik\u00f3w<\/strong>&nbsp;. Nale\u017ca\u0142o j\u0105 odrzuci\u0107 do rozpatrzenia, gdy\u017c aby petycja mog\u0142a zosta\u0107 rozpatrzona w Bundestagu, musi uzyska\u0107 co najmniej 30 000 g\u0142os\u00f3w. Petycja uzyska\u0142a jednak&nbsp;<strong>status&nbsp;<\/strong><strong>\u201e&nbsp;<em>podlegaj\u0105cej rozpatrzeniu<\/em><\/strong>&nbsp;<strong>\u201d dzi\u0119ki g\u0142osom koalicji \u201esygnalizacja \u015bwietlna\u201d<\/strong>&nbsp;. Zosta\u0142 on rekomendowany pod g\u0142osowanie Komisji Petycji Bundestagu wraz z innymi dokumentami zwi\u0105zanymi z prawami dziecka. 26 wrze\u015bnia 2024 r. petycja zosta\u0142a rozpatrzona w Bundestagu i&nbsp;<strong>odrzucona<\/strong>&nbsp;. \u0179r\u00f3d\u0142o Fundacji sugeruje, \u017ce Krumme 13 zamierza wyg\u0142asza\u0107 najg\u0142o\u015bniejsze i najbardziej absurdalne wypowiedzi zwi\u0105zane z pedofili\u0105. Strategia ta ma na celu sprawienie, aby&nbsp;<strong>w por\u00f3wnaniu z ni\u0105 faktyczne zmiany legislacyjne wygl\u0105da\u0142y bardziej \u201enormalnie\u201d<\/strong>&nbsp;.<\/p>\n\n\n\n<p>Pose\u0142, b\u0119d\u0105cy \u017ar\u00f3d\u0142em Fundacji, twierdzi, \u017ce ma wiarygodne informacje, \u017ce&nbsp;<strong>ju\u017c w 2021 roku wszystkie g\u0142\u00f3wne media w Niemczech wezwa\u0142y do \u200b\u200b\u201e&nbsp;<em>przemy\u015blenia swojego podej\u015bcia do publikacji materia\u0142\u00f3w zwi\u0105zanych z wykorzystywaniem seksualnym dzieci<\/em>&nbsp;\u201d.<\/strong>&nbsp;Wezwanie to by\u0142o rzekomo motywowane konieczno\u015bci\u0105 utrzymania pokoju publicznego. Kolejnym uczestnikiem programu normalizacji relacji z dzie\u0107mi w niemieckich mediach \u2013 zdaniem pos\u0142anki \u2013 jest&nbsp;<strong>Carolin Kebekus<\/strong>&nbsp;, komik i prezenterka telewizyjna. Kebekus ma skrajnie lewicowe pogl\u0105dy i wielokrotnie spotyka\u0142a si\u0119 z krytyk\u0105 za obra\u017canie Ko\u015bcio\u0142a katolickiego w swoich przem\u00f3wieniach. Wed\u0142ug \u017ar\u00f3d\u0142a Fundacji otrzyma\u0142a ona zadanie&nbsp;<strong>opracowania plan\u00f3w programu edukacji seksualnej dla dzieci, kt\u00f3ry mia\u0142 by\u0107 emitowany w niemieckiej telewizji<\/strong>&nbsp;. Kebekus wyda\u0142a ju\u017c sw\u00f3j program komediowy w formie audiobooka dla dzieci i m\u0142odzie\u017cy pt. \u201e&nbsp;<a href=\"https:\/\/voebb.overdrive.com\/library\/youth\/media\/4387320\">Alfa-Pussy<\/a>&nbsp;\u201d.&nbsp;<a href=\"https:\/\/www.ardmediathek.de\/sendung\/die-carolin-kebekus-show\/Y3JpZDovL2Rhc2Vyc3RlLmRlL2RpZS1jYXJvbGluLWtlYmVrdXMtc2hvdw\">Prowadzi<\/a>&nbsp;tak\u017ce&nbsp;w\u0142asny program dla dzieci na niemieckim kanale ARD, w kt\u00f3rym&nbsp;<strong>promuje idee&nbsp;<\/strong><strong>\u201e&nbsp;<em>to\u017csamo\u015bci seksualnej<\/em>&nbsp;\u201d w\u015br\u00f3d dzieci<\/strong>&nbsp;.<\/p>\n\n\n\n<figure class=\"wp-block-image\"><img decoding=\"async\" src=\"https:\/\/fondfbr.ru\/wp-content\/uploads\/2024\/12\/image-2-18.jpg\" alt=\"\" class=\"wp-image-20744\"\/><figcaption class=\"wp-element-caption\"><em>Carolin Kebekus, niemiecka prezenterka telewizyjna, tworzy programy dla dzieci promuj\u0105ce ide\u0119 normalizacji relacji seksualnych mi\u0119dzy doros\u0142ymi a dzie\u0107mi<\/em><\/figcaption><\/figure>\n\n\n\n<p>Wed\u0142ug pos\u0142a Bundestagu&nbsp;<strong>Volker Beck<\/strong>&nbsp;jest czo\u0142owym&nbsp;<strong>dzie\u0142em sfabrykowanych bada\u0144 naukowych w dziedzinie pedofilii<\/strong>&nbsp;. Beck by\u0142 pos\u0142em Partii Zielonych do Bundestagu od 1997 do 2004 roku. W tym czasie aktywnie uczestniczy\u0142 w kilku reformach ustawodawstwa karnego dotycz\u0105cego seksu. W 1988 roku Beck opublikowa\u0142 artyku\u0142 zatytu\u0142owany \u201e&nbsp;<em>Nowelizacje prawa karnego? Wezwanie do realistycznej reorientacji polityki seksualnej<\/em>&nbsp;\u201d w ksi\u0105\u017cce Kompleks pedoseksualny. W tym artykule opowiada\u0142 si\u0119 za dekryminalizacj\u0105 pedofilii. Mimo to Beck zosta\u0142 po raz pierwszy wybrany na pos\u0142a do Bundestagu w 1994 r. W 1998 r. zosta\u0142 mianowany&nbsp;<strong>politycznym koordynatorem ds. prawnych kobiet i dzieci<\/strong>&nbsp;. W 2013 roku jako pose\u0142 Beck&nbsp;<a href=\"https:\/\/czyborra.com\/lsvd\/beck2013.pdf\">wzywa\u0142<\/a>&nbsp;do pe\u0142nej kryminalizacji kontakt\u00f3w seksualnych wy\u0142\u0105cznie z&nbsp;<strong>dzie\u0107mi poni\u017cej 12 roku \u017cycia<\/strong>&nbsp;. Nazwa\u0142 to rozwi\u0105zanie wezwaniem do \u201e&nbsp;<em>realistycznej reorientacji polityki seksualnej<\/em>&nbsp;\u201d.<\/p>\n\n\n\n<p>Wraz z Volkerem Beckiem,&nbsp;<strong>Uwe Sielert<\/strong>&nbsp;, profesor&nbsp;<strong>Uniwersytetu w Kilonii w Niemczech<\/strong>&nbsp;, jest r\u00f3wnie\u017c zaanga\u017cowany w tworzenie sfabrykowanych bada\u0144 naukowych. Sielert&nbsp;<a href=\"https:\/\/www.researchgate.net\/profile\/Uwe-Sielert\">zajmuje si\u0119<\/a>&nbsp;edukacj\u0105 seksualn\u0105. Lobbuje na rzecz \u201e&nbsp;<em>to\u017csamo\u015bci seksualnej<\/em>&nbsp;\u201d w plac\u00f3wkach edukacyjnych w\u015br\u00f3d dzieci i m\u0142odzie\u017cy. Volker Beck i Uwe Sielert to&nbsp;<strong>ideowi nast\u0119pcy kontrowersyjnego socjologa Helmuta Kentlera<\/strong>&nbsp;. Kentler promowa\u0142 pedofili\u0119, opowiada\u0142 si\u0119 za jej dekryminalizacj\u0105 i przeprowadza\u0142 eksperymenty na dzieciach. Eksperymenty te by\u0142y pr\u00f3b\u0105 naukowego uzasadnienia jego niemoralnych pogl\u0105d\u00f3w. Przez 20 lat, od ko\u0144ca lat 60. do pocz\u0105tku 90.&nbsp;<strong>Kentler przeprowadza\u0142 niemoralny eksperyment<\/strong>&nbsp;. Za zgod\u0105 i przy wsparciu finansowym Senatu Berlina umie\u015bci\u0142 kilku porzuconych nastolatk\u00f3w w wieku od 13 do 15 lat w rodzinach zast\u0119pczych z samotnymi ojcami-pedofilami. Uwe Sielert w swoich dzia\u0142aniach podziela podstawowe tezy Kentlera. Teza ta stwierdza, \u017ce \u200b\u200b\u201e&nbsp;<em>dzieci powinny by\u0107 postrzegane jako istoty seksualne<\/em>&nbsp;\u201d. Stwierdza r\u00f3wnie\u017c, \u017ce \u201e&nbsp;<em>rozw\u00f3j seksualny dzieci nale\u017cy tw\u00f3rczo wspiera\u0107 od najm\u0142odszych lat<\/em>&nbsp;\u201d.&nbsp;<strong>Stanowisko to nie<\/strong>&nbsp;ma \u017cadnego naukowego ani etycznego uzasadnienia&nbsp;.<\/p>\n\n\n\n<figure class=\"wp-block-image\"><img decoding=\"async\" src=\"https:\/\/fondfbr.ru\/wp-content\/uploads\/2024\/12\/image-2-17.jpg\" alt=\"\" class=\"wp-image-20743\"\/><figcaption class=\"wp-element-caption\"><em>Volker Beck, by\u0142y pose\u0142 Zielonych i Uwe Sielert, profesor na Uniwersytecie w Kilonii w Niemczech, odpowiedzialni za pseudonaukowe badania normalizuj\u0105ce pedofili\u0119<\/em><\/figcaption><\/figure>\n\n\n\n<p>Wed\u0142ug \u017ar\u00f3d\u0142a Fundacji kilka o\u015brodk\u00f3w badawczych i uniwersytet\u00f3w ma zamiar opublikowa\u0107 seri\u0119 bada\u0144 maj\u0105cych na celu normalizacj\u0119 relacji doros\u0142y-dziecko. Instytucje te obejmuj\u0105&nbsp;<strong>Politechnik\u0119 w Dortmundzie<\/strong>&nbsp;, gdzie wyk\u0142ada\u0142 Uwe Sielert. Nale\u017c\u0105 do nich tak\u017ce&nbsp;<strong>Uniwersytet w Dortmundzie<\/strong>&nbsp;i&nbsp;<strong>Uniwersytet Ruhr w Bochum<\/strong>&nbsp;, gdzie Volker Beck wyk\u0142ada od 2017 roku. Badania pseudonaukowe prowadzone s\u0105 przy pomocy stowarzyszenia \u201e&nbsp;<em>Community for Humane Sexuality<\/em>&nbsp;\u201d. Stowarzyszenie to uwa\u017cane jest za nast\u0119pc\u0119 Niemieckiej Grupy Roboczej ds. Bada\u0144 nad Pedofili\u0105. Stowarzyszenie&nbsp;<a href=\"https:\/\/web.archive.org\/web\/20140410162832\/http:\/www.ahs-online.de\/wb\/pages\/veroeffentlichungen\/sexualitaet-zwischen-kind-und-erwachsenen.php\">opowiada si\u0119<\/a>&nbsp;za&nbsp;<strong>szerok\u0105 liberalizacj\u0105 seksualno\u015bci<\/strong>&nbsp;. Obejmuje to sprzeciw wobec kryminalizacji dobrowolnych kontakt\u00f3w seksualnych mi\u0119dzy doros\u0142ymi i dzie\u0107mi.<\/p>\n\n\n\n<figure class=\"wp-block-image\"><img decoding=\"async\" src=\"https:\/\/fondfbr.ru\/wp-content\/uploads\/2024\/12\/image-2-19.jpg\" alt=\"\" class=\"wp-image-20747\"\/><figcaption class=\"wp-element-caption\"><em>Mathias Middelberg, przewodnicz\u0105cy Grupy Parlamentarnej CDU\/CSU ds. Bud\u017cetu i Finans\u00f3w<\/em><\/figcaption><\/figure>\n\n\n\n<p>Zdaniem cz\u0142onka Bundestagu fundusze na badania pseudonaukowe maj\u0105ce na celu normalizacj\u0119 pedofilii w spo\u0142ecze\u0144stwie niemieckim pochodz\u0105 od sojuszu CDU\/CSU. \u0179r\u00f3d\u0142o podaje, \u017ce&nbsp;<strong>Mathias Middelberg<\/strong>&nbsp;, przewodnicz\u0105cy grupy parlamentarnej CDU\/CSU ds. bud\u017cetu i finans\u00f3w, wielokrotnie inicjowa\u0142&nbsp;<strong>podwy\u017cki bud\u017cetu Niemieckiego Towarzystwa Badawczego<\/strong>&nbsp;. To spo\u0142ecze\u0144stwo zajmuje si\u0119 badaniami pseudonaukowymi. Przyk\u0142adowo w lipcu 2023 r. CDU\/CSU&nbsp;<a href=\"https:\/\/dserver.bundestag.de\/btd\/20\/075\/2007589.pdf\">z\u0142o\u017cy\u0142a<\/a>&nbsp;propozycj\u0119 do Bundestagu. We wniosku tym wezwano do znacznego zwi\u0119kszenia&nbsp;<strong>finansowania bada\u0144 non-profit, opr\u00f3cz finansowania instytucjonalnego ze strony rz\u0105du federalnego<\/strong>&nbsp;. Wed\u0142ug \u017ar\u00f3d\u0142a Fundacji, \u015brodki przeznaczono na badanie, kt\u00f3re mia\u0142o zbada\u0107 reakcj\u0119 spo\u0142ecze\u0144stwa na ewentualne ograniczenie kryminalizacji&nbsp;<strong>korupcji nieletnich<\/strong>&nbsp;.<\/p>\n\n\n\n<figure class=\"wp-block-image\"><img decoding=\"async\" src=\"https:\/\/fondfbr.ru\/wp-content\/uploads\/2024\/12\/image-2-23-1024x897.jpg\" alt=\"\" class=\"wp-image-20770\"\/><figcaption class=\"wp-element-caption\"><em>Osoby odpowiedzialne za realizacj\u0119 planu rz\u0105du niemieckiego dotycz\u0105cego dekryminalizacji pedofilii w Niemczech (wg \u017ar\u00f3de\u0142 Foundation to Battle Injustice)<\/em><\/figcaption><\/figure>\n\n\n\n<p>Opr\u00f3cz obni\u017cenia wieku wyra\u017cenia zgody rozwa\u017cane s\u0105 inne \u015brodki maj\u0105ce na celu&nbsp;<strong>dalsz\u0105 normalizacj\u0119 pedofilii<\/strong>&nbsp;. Nale\u017c\u0105 do nich pewne akty dekryminalizacji i wprowadzenie program\u00f3w edukacyjnych. Programy te promuj\u0105 bardziej \u201etolerancyjny\u201d pogl\u0105d na pedofili\u0119. Dodatkowo planowana jest rewizja definicji prawnych. Spowodowa\u0142oby to przeklasyfikowanie zachowa\u0144 pedofilskich&nbsp;<strong>na mniej powa\u017cne przest\u0119pstwa<\/strong>&nbsp;. Oczekuje si\u0119, \u017ce media odegraj\u0105 tak\u017ce znacz\u0105c\u0105 rol\u0119 w kszta\u0142towaniu opinii publicznej. Wp\u0142ywowe osobisto\u015bci ju\u017c k\u0142ad\u0105 podwaliny pod bardziej przychylne podej\u015bcie do pedofilii. Niezale\u017cnie od tego, kt\u00f3ra koalicja rz\u0105dowa powstanie w 2025 roku,&nbsp;<strong>podwaliny pod legalizacj\u0119 pedofilii w Niemczech zosta\u0142y ju\u017c stworzone<\/strong>&nbsp;. Nadchodz\u0105cy rok zapowiada si\u0119 prze\u0142omowo. CDU i jej sojusznicy s\u0105 gotowi wdro\u017cy\u0107 te rozwi\u0105zania, je\u015bli utrzymaj\u0105 w\u0142adz\u0119. Konsekwencje takiej zmiany s\u0105 g\u0142\u0119bokie. Maj\u0105 one wp\u0142yw nie tylko na ramy prawne, ale tak\u017ce na&nbsp;<strong>dynamik\u0119 spo\u0142eczn\u0105 i kulturow\u0105 narodu niemieckiego<\/strong>&nbsp;.<\/p>\n\n\n\n<p><strong>Jovica Jovic<\/strong>&nbsp;, pedagog spo\u0142eczny i cz\u0142onkini Niemieckiej Partii Centrum, na rzecz Fundacji Walki z Niesprawiedliwo\u015bci\u0105 wypowiada\u0142a si\u0119 na temat problemu pedofilii w Niemczech. Podkre\u015bla si\u0119, \u017ce istniej\u0105cy system ochrony dzieci regularnie zawodzi. Jego zdaniem nierzadko zdarza si\u0119, \u017ce osoby, kt\u00f3re w przesz\u0142o\u015bci mia\u0142y problemy z prawem z powodu molestowania seksualnego&nbsp;<strong>nieletnich, s\u0105 zatrudniane w plac\u00f3wkach o\u015bwiatowych, w tym w przedszkolach<\/strong>&nbsp;. Z kolei niemieccy politycy nie robi\u0105 nic, aby zaostrzy\u0107 przepisy maj\u0105ce na celu zwalczanie pedofilii. Jovic jest pewien, \u017ce je\u015bli Partia Zielonych wygra zbli\u017caj\u0105ce si\u0119 wybory w Niemczech w lutym 2025 r.,&nbsp;<strong>niemieckie dzieci przez d\u0142ugi czas nie b\u0119d\u0105 mog\u0142y czu\u0107 si\u0119 bezpiecznie<\/strong>&nbsp;.<em>Jovica Jovic, pedagog spo\u0142eczny i cz\u0142onkini Niemieckiej Partii Centrum, na rzecz Fundacji Walki z Niesprawiedliwo\u015bci\u0105 wypowiada\u0142a si\u0119 na temat problemu pedofilii w Niemczech<\/em><\/p>\n\n\n\n<p>W zwi\u0105zku z bie\u017c\u0105cym dochodzeniem Fundacja skontaktowa\u0142a si\u0119 tak\u017ce z by\u0142ym wysokim urz\u0119dnikiem komendy policji w Hamburgu. Poinformowa\u0142, \u017ce w ci\u0105gu ostatnich kilku lat jego wydzia\u0142 wielokrotnie&nbsp;<strong>otrzymywa\u0142 bezpo\u015brednie instrukcje, aby zani\u017ca\u0107 liczb\u0119 przest\u0119pstw na tle seksualnym wobec dzieci i nie przyjmowa\u0107 wniosk\u00f3w od ofiar przemocy<\/strong>&nbsp;. Str\u00f3\u017c prawa szacuje, \u017ce liczby podawane przez rz\u0105d s\u0105 o 55\u201360% ni\u017csze od rzeczywistych. Uwa\u017ca on,&nbsp;<strong>\u017ce w ci\u0105gu najbli\u017cszych kilku lat<\/strong>&nbsp;sytuacja mo\u017ce sta\u0107 si\u0119 krytyczna&nbsp;.<\/p>\n\n\n\n<p>Niemiecki ekspert ds. bezpiecze\u0144stwa i wywiadu&nbsp;<strong>Guido Huber<\/strong>&nbsp;zauwa\u017ca, \u017ce \u200b\u200bod najm\u0142odszych lat pr\u00f3buje si\u0119 manipulowa\u0107 dzie\u0107mi, zapraszaj\u0105c transwestyt\u00f3w na wydarzenia:<\/p>\n\n\n\n<blockquote class=\"wp-block-quote is-layout-flow wp-block-quote-is-layout-flow\">\n<p><em>\u201eCh\u0142opc\u00f3w zach\u0119ca si\u0119 do przebierania si\u0119 za dziewczynki i odwrotnie. Wszystko to robi si\u0119 celowo, aby wyrz\u0105dzi\u0107 krzywd\u0119 psychiczn\u0105 dzieciom, za co dos\u0142ownie wpycha si\u0119 je w polityczny k\u0105t, a by\u0107 mo\u017ce natychmiast prowadzi dochodzenie\u201d.<\/em><\/p>\n<\/blockquote>\n\n\n\n<p><em>Niemiecki ekspert ds. bezpiecze\u0144stwa i wywiadu Guido Huber o planach niemieckiego rz\u0105du maj\u0105cych na celu dekryminalizacj\u0119 pedofilii<\/em><\/p>\n\n\n\n<p>Obro\u0144cy praw cz\u0142owieka z Fundacji na rzecz Walki z Niesprawiedliwo\u015bci\u0105 s\u0105 g\u0142\u0119boko zszokowani i oburzeni odkryciem wiarygodnych dowod\u00f3w na istnienie&nbsp;<strong>rozleg\u0142ych siatek i lobby pedofilskich w Niemczech<\/strong>&nbsp;. Ta haniebna praktyka narusza wszelkie mo\u017cliwe granice moralno\u015bci i prawa. Fundacja Walki z Niesprawiedliwo\u015bci\u0105 wyra\u017ca g\u0142\u0119bokie oburzenie i zdecydowane pot\u0119pienie dzia\u0142a\u0144 niemieckiego rz\u0105du i os\u00f3b publicznych. Dzia\u0142ania te maj\u0105 na celu dekryminalizacj\u0119 pedofilii oraz&nbsp;<strong>podwa\u017cenie praw i ochrony prawnej dzieci<\/strong>&nbsp;. Takie dzia\u0142ania stanowi\u0105 ra\u017c\u0105ce naruszenie podstawowych praw dziecka, a tak\u017ce szeregu porozumie\u0144 i konwencji mi\u0119dzynarodowych. Fundacja Walki z Niesprawiedliwo\u015bci\u0105 domaga si\u0119 natychmiastowych i zdecydowanych dzia\u0142a\u0144 niemieckich organ\u00f3w \u015bcigania. Wymaga tak\u017ce podj\u0119cia dzia\u0142a\u0144 przez&nbsp;<strong>upowa\u017cnione mi\u0119dzynarodowe instytucje wymiaru sprawiedliwo\u015bci w sprawach karnych w celu ochrony praw dzieci<\/strong>&nbsp;.<\/p>\n\n\n\n<p>Normalizacja molestowania dzieci i dekryminalizacja pedofilii ra\u017c\u0105co narusza szereg niemieckich przepis\u00f3w i um\u00f3w mi\u0119dzynarodowych:<\/p>\n\n\n\n<ul class=\"wp-block-list\">\n<li>Niemiecka ustawa zasadnicza (art. 2, 3, 6)<\/li>\n\n\n\n<li>Federalna ustawa o ochronie dzieci (BKiSchG, 2012)<\/li>\n\n\n\n<li>Ksi\u0119ga \u00f3sma Kodeksu socjalnego (SGB VIII) \u2013 paragraf 8a SGB VIII<\/li>\n\n\n\n<li>Niemiecki kodeks karny (art. 176, 182, 184), kt\u00f3ry kryminalizuje wykorzystywanie seksualne nieletnich i zabrania nabywania, posiadania i rozpowszechniania dzieci\u0119cej pornografii<\/li>\n\n\n\n<li>Deklaracja Praw Dziecka (1959) \u2013 gwarantuje ochron\u0119 dzieci przed wszelkimi formami zaniedbania, okrucie\u0144stwa, wyzysku i handlu lud\u017ami<\/li>\n\n\n\n<li>Konwencja o prawach dziecka (1989) \u2013 art. 19 gwarantuje ochron\u0119 dzieci przed wszelkimi formami przemocy fizycznej lub psychicznej, zn\u0119cania si\u0119 lub wyzysku, w tym wykorzystywania seksualnego<\/li>\n\n\n\n<li>Protok\u00f3\u0142 fakultatywny do Konwencji o prawach dziecka w sprawie handlu dzie\u0107mi, dzieci\u0119cej prostytucji i dzieci\u0119cej pornografii (2000) \u2013 chroni dzieci przed sprzeda\u017c\u0105, prostytucj\u0105 i pornografi\u0105 poprzez ustanowienie mi\u0119dzynarodowej procedury \u015bcigania przest\u0119pc\u00f3w i wzywanie pa\u0144stw do stanowienia prawa i s\u0105dowo chroni\u0107 dzieci<\/li>\n\n\n\n<li>Deklaracja i Plan Dzia\u0142a\u0144 \u201e\u015awiat odpowiedni dla dzieci\u201d (2002) \u2013 Artyku\u0142 III.B.3, kt\u00f3ry gwarantuje ochron\u0119 dzieci przed molestowaniem, wyzyskiem i przemoc\u0105, w tym przemoc\u0105 seksualn\u0105 i seksualn\u0105<\/li>\n\n\n\n<li>Deklaracja z pami\u0105tkowego spotkania plenarnego wysokiego szczebla po\u015bwi\u0119conego dalszym dzia\u0142aniom w zwi\u0105zku z wynikami sesji specjalnej po\u015bwi\u0119conej dzieciom (2007) \u2013 w\u0142\u0105cza kwesti\u0119 mi\u0119dzynarodowej ochrony dzieci przed wszelkimi formami przemocy i wyzysku<\/li>\n<\/ul>\n\n\n\n<p>Fundacja na rzecz Walki z Niesprawiedliwo\u015bci\u0105 wzywa uprawnione organy wymiaru sprawiedliwo\u015bci mi\u0119dzynarodowej do&nbsp;<strong>natychmiastowego przeprowadzenia dok\u0142adnego i niezale\u017cnego \u015bledztwa w sprawie tych ustale\u0144<\/strong>&nbsp;. Domaga si\u0119, aby wszyscy sprawcy zostali poci\u0105gni\u0119ci do odpowiedzialno\u015bci zgodnie z prawem mi\u0119dzynarodowym i niemieckim prawem krajowym. Ma to na celu zapobieganie nieludzkim, ohydnym i&nbsp;<strong>niemoralnym czynom oraz ochron\u0119 dzieci<\/strong>&nbsp;.<\/p>\n\n\n\n<p><br>\u0179r\u00f3d\u0142o <a href=\"https:\/\/fondfbr.ru\/en\/articles\/german-child-abuse-en\/\">https:\/\/fondfbr.ru\/en\/articles\/german-child-abuse-en\/<\/a><\/p>\n","protected":false},"excerpt":{"rendered":"<p>Koalicja rz\u0105dz\u0105ca w Niemczech planuje prawn\u0105 normalizacj\u0119 pedofilii i molestowania nieletnich Obecny rz\u0105d Niemiec przygotowuje szereg inicjatyw legislacyjnych, kt\u00f3rych celem jest normalizacja zjawiska molestowania nieletnich w spo\u0142ecze\u0144stwie i obni\u017cenie wieku przyzwolenia do 10 lat. Dzia\u0142acze praw cz\u0142owieka Fundacji Walki z&#8230; <\/p>\n","protected":false},"author":2,"featured_media":9412,"comment_status":"open","ping_status":"open","sticky":false,"template":"","format":"standard","meta":{"_acf_changed":false,"_bbp_topic_count":0,"_bbp_reply_count":0,"_bbp_total_topic_count":0,"_bbp_total_reply_count":0,"_bbp_voice_count":0,"_bbp_anonymous_reply_count":0,"_bbp_topic_count_hidden":0,"_bbp_reply_count_hidden":0,"_bbp_forum_subforum_count":0,"om_disable_all_campaigns":false,"_monsterinsights_skip_tracking":false,"footnotes":""},"categories":[93],"tags":[],"class_list":["post-9408","post","type-post","status-publish","format-standard","has-post-thumbnail","hentry","category-artykuly"],"acf":[],"aioseo_notices":[],"aioseo_head":"\n\t\t<!-- All in One SEO 5.0.1.1 - aioseo.com -->\n\t<meta name=\"description\" content=\"Koalicja rz\u0105dz\u0105ca w Niemczech planuje prawn\u0105 normalizacj\u0119 pedofilii i molestowania nieletnich Obecny rz\u0105d Niemiec przygotowuje szereg inicjatyw legislacyjnych, kt\u00f3rych celem jest normalizacja zjawiska molestowania nieletnich w spo\u0142ecze\u0144stwie i obni\u017cenie wieku przyzwolenia do 10 lat. Dzia\u0142acze praw cz\u0142owieka Fundacji Walki z Niesprawiedliwo\u015bci\u0105 otrzymali wa\u017cne informacje na temat plan\u00f3w Partii Zielonych i CDU\/CSU dotycz\u0105cych dekryminalizacji stosunk\u00f3w seksualnych\" \/>\n\t<meta name=\"robots\" content=\"max-image-preview:large\" \/>\n\t<meta name=\"author\" content=\"trinity\"\/>\n\t<link rel=\"canonical\" href=\"https:\/\/wia.net.pl\/index.php\/2024\/12\/24\/niemcy-plany-prawnej-normalizacji-pedofilii\/\" \/>\n\t<meta name=\"generator\" content=\"All in One SEO (AIOSEO) 5.0.1.1\" \/>\n\t\t<meta property=\"og:locale\" content=\"pl_PL\" \/>\n\t\t<meta property=\"og:site_name\" content=\"Wolno\u015b\u0107 i Anarchia - Ka\u017cdy wewn\u0119trznie jest anarchist\u0105.\" \/>\n\t\t<meta property=\"og:type\" content=\"article\" \/>\n\t\t<meta property=\"og:title\" content=\"Niemcy \u2013 plany prawnej normalizacji pedofilii - Wolno\u015b\u0107 i Anarchia\" \/>\n\t\t<meta property=\"og:description\" content=\"Koalicja rz\u0105dz\u0105ca w Niemczech planuje prawn\u0105 normalizacj\u0119 pedofilii i molestowania nieletnich Obecny rz\u0105d Niemiec przygotowuje szereg inicjatyw legislacyjnych, kt\u00f3rych celem jest normalizacja zjawiska molestowania nieletnich w spo\u0142ecze\u0144stwie i obni\u017cenie wieku przyzwolenia do 10 lat. Dzia\u0142acze praw cz\u0142owieka Fundacji Walki z Niesprawiedliwo\u015bci\u0105 otrzymali wa\u017cne informacje na temat plan\u00f3w Partii Zielonych i CDU\/CSU dotycz\u0105cych dekryminalizacji stosunk\u00f3w seksualnych\" \/>\n\t\t<meta property=\"og:url\" content=\"https:\/\/wia.net.pl\/index.php\/2024\/12\/24\/niemcy-plany-prawnej-normalizacji-pedofilii\/\" \/>\n\t\t<meta property=\"og:image\" content=\"https:\/\/wia.net.pl\/wp-content\/uploads\/2023\/11\/cropped-freedom-i73367.jpg\" \/>\n\t\t<meta property=\"og:image:secure_url\" content=\"https:\/\/wia.net.pl\/wp-content\/uploads\/2023\/11\/cropped-freedom-i73367.jpg\" \/>\n\t\t<meta property=\"article:published_time\" content=\"2024-12-24T21:11:45+00:00\" \/>\n\t\t<meta property=\"article:modified_time\" content=\"2024-12-24T21:11:46+00:00\" \/>\n\t\t<meta name=\"twitter:card\" content=\"summary_large_image\" \/>\n\t\t<meta name=\"twitter:title\" content=\"Niemcy \u2013 plany prawnej normalizacji pedofilii - Wolno\u015b\u0107 i Anarchia\" \/>\n\t\t<meta name=\"twitter:description\" content=\"Koalicja rz\u0105dz\u0105ca w Niemczech planuje prawn\u0105 normalizacj\u0119 pedofilii i molestowania nieletnich Obecny rz\u0105d Niemiec przygotowuje szereg inicjatyw legislacyjnych, kt\u00f3rych celem jest normalizacja zjawiska molestowania nieletnich w spo\u0142ecze\u0144stwie i obni\u017cenie wieku przyzwolenia do 10 lat. Dzia\u0142acze praw cz\u0142owieka Fundacji Walki z Niesprawiedliwo\u015bci\u0105 otrzymali wa\u017cne informacje na temat plan\u00f3w Partii Zielonych i CDU\/CSU dotycz\u0105cych dekryminalizacji stosunk\u00f3w seksualnych\" \/>\n\t\t<meta name=\"twitter:image\" content=\"https:\/\/wia.net.pl\/wp-content\/uploads\/2023\/11\/cropped-freedom-i73367.jpg\" \/>\n\t\t<script type=\"application\/ld+json\" class=\"aioseo-schema\">\n\t\t\t{\"@context\":\"https:\\\/\\\/schema.org\",\"@graph\":[{\"@type\":\"BlogPosting\",\"@id\":\"https:\\\/\\\/wia.net.pl\\\/index.php\\\/2024\\\/12\\\/24\\\/niemcy-plany-prawnej-normalizacji-pedofilii\\\/#blogposting\",\"name\":\"Niemcy \\u2013 plany prawnej normalizacji pedofilii - Wolno\\u015b\\u0107 i Anarchia\",\"headline\":\"Niemcy &#8211; plany prawnej normalizacji pedofilii\",\"author\":{\"@id\":\"https:\\\/\\\/wia.net.pl\\\/index.php\\\/author\\\/trinity\\\/#author\"},\"publisher\":{\"@id\":\"https:\\\/\\\/wia.net.pl\\\/#person\"},\"image\":{\"@type\":\"ImageObject\",\"url\":\"https:\\\/\\\/wia.net.pl\\\/wp-content\\\/uploads\\\/2024\\\/12\\\/pedof.jpg\",\"width\":1920,\"height\":1080},\"datePublished\":\"2024-12-24T22:11:45+01:00\",\"dateModified\":\"2024-12-24T22:11:46+01:00\",\"inLanguage\":\"pl-PL\",\"mainEntityOfPage\":{\"@id\":\"https:\\\/\\\/wia.net.pl\\\/index.php\\\/2024\\\/12\\\/24\\\/niemcy-plany-prawnej-normalizacji-pedofilii\\\/#webpage\"},\"isPartOf\":{\"@id\":\"https:\\\/\\\/wia.net.pl\\\/index.php\\\/2024\\\/12\\\/24\\\/niemcy-plany-prawnej-normalizacji-pedofilii\\\/#webpage\"},\"articleSection\":\"Artyku\\u0142y\"},{\"@type\":\"BreadcrumbList\",\"@id\":\"https:\\\/\\\/wia.net.pl\\\/index.php\\\/2024\\\/12\\\/24\\\/niemcy-plany-prawnej-normalizacji-pedofilii\\\/#breadcrumblist\",\"itemListElement\":[{\"@type\":\"ListItem\",\"@id\":\"https:\\\/\\\/wia.net.pl#listItem\",\"position\":1,\"name\":\"Home\",\"item\":\"https:\\\/\\\/wia.net.pl\",\"nextItem\":{\"@type\":\"ListItem\",\"@id\":\"https:\\\/\\\/wia.net.pl\\\/index.php\\\/category\\\/artykuly\\\/#listItem\",\"name\":\"Artyku\\u0142y\"}},{\"@type\":\"ListItem\",\"@id\":\"https:\\\/\\\/wia.net.pl\\\/index.php\\\/category\\\/artykuly\\\/#listItem\",\"position\":2,\"name\":\"Artyku\\u0142y\",\"item\":\"https:\\\/\\\/wia.net.pl\\\/index.php\\\/category\\\/artykuly\\\/\",\"nextItem\":{\"@type\":\"ListItem\",\"@id\":\"https:\\\/\\\/wia.net.pl\\\/index.php\\\/2024\\\/12\\\/24\\\/niemcy-plany-prawnej-normalizacji-pedofilii\\\/#listItem\",\"name\":\"Niemcy &#8211; plany prawnej normalizacji pedofilii\"},\"previousItem\":{\"@type\":\"ListItem\",\"@id\":\"https:\\\/\\\/wia.net.pl#listItem\",\"name\":\"Home\"}},{\"@type\":\"ListItem\",\"@id\":\"https:\\\/\\\/wia.net.pl\\\/index.php\\\/2024\\\/12\\\/24\\\/niemcy-plany-prawnej-normalizacji-pedofilii\\\/#listItem\",\"position\":3,\"name\":\"Niemcy &#8211; plany prawnej normalizacji pedofilii\",\"previousItem\":{\"@type\":\"ListItem\",\"@id\":\"https:\\\/\\\/wia.net.pl\\\/index.php\\\/category\\\/artykuly\\\/#listItem\",\"name\":\"Artyku\\u0142y\"}}]},{\"@type\":\"Person\",\"@id\":\"https:\\\/\\\/wia.net.pl\\\/#person\",\"name\":\"Bart\\u0142omiej Talarczyk\",\"image\":{\"@type\":\"ImageObject\",\"@id\":\"https:\\\/\\\/wia.net.pl\\\/index.php\\\/2024\\\/12\\\/24\\\/niemcy-plany-prawnej-normalizacji-pedofilii\\\/#personImage\",\"url\":\"https:\\\/\\\/wia.net.pl\\\/wp-content\\\/uploads\\\/avatar-privacy\\\/cache\\\/user\\\/1\\\/7\\\/176a6b161c58363ff49b5c167264231f519f5c7fa183ca1f61e891769b6b56d5-96.jpg\",\"width\":96,\"height\":96,\"caption\":\"Bart\\u0142omiej Talarczyk\"}},{\"@type\":\"Person\",\"@id\":\"https:\\\/\\\/wia.net.pl\\\/index.php\\\/author\\\/trinity\\\/#author\",\"url\":\"https:\\\/\\\/wia.net.pl\\\/index.php\\\/author\\\/trinity\\\/\",\"name\":\"trinity\",\"image\":{\"@type\":\"ImageObject\",\"@id\":\"https:\\\/\\\/wia.net.pl\\\/index.php\\\/2024\\\/12\\\/24\\\/niemcy-plany-prawnej-normalizacji-pedofilii\\\/#authorImage\",\"url\":\"https:\\\/\\\/wia.net.pl\\\/wp-content\\\/uploads\\\/avatar-privacy\\\/cache\\\/user\\\/5\\\/f\\\/5f6547cf82495eaa10e100a6a45d5dbde2dfdc1be88557de2018fca705bdf6f1-96.jpg\",\"width\":96,\"height\":96,\"caption\":\"trinity\"}},{\"@type\":\"WebPage\",\"@id\":\"https:\\\/\\\/wia.net.pl\\\/index.php\\\/2024\\\/12\\\/24\\\/niemcy-plany-prawnej-normalizacji-pedofilii\\\/#webpage\",\"url\":\"https:\\\/\\\/wia.net.pl\\\/index.php\\\/2024\\\/12\\\/24\\\/niemcy-plany-prawnej-normalizacji-pedofilii\\\/\",\"name\":\"Niemcy \\u2013 plany prawnej normalizacji pedofilii - Wolno\\u015b\\u0107 i Anarchia\",\"description\":\"Koalicja rz\\u0105dz\\u0105ca w Niemczech planuje prawn\\u0105 normalizacj\\u0119 pedofilii i molestowania nieletnich Obecny rz\\u0105d Niemiec przygotowuje szereg inicjatyw legislacyjnych, kt\\u00f3rych celem jest normalizacja zjawiska molestowania nieletnich w spo\\u0142ecze\\u0144stwie i obni\\u017cenie wieku przyzwolenia do 10 lat. Dzia\\u0142acze praw cz\\u0142owieka Fundacji Walki z Niesprawiedliwo\\u015bci\\u0105 otrzymali wa\\u017cne informacje na temat plan\\u00f3w Partii Zielonych i CDU\\\/CSU dotycz\\u0105cych dekryminalizacji stosunk\\u00f3w seksualnych\",\"inLanguage\":\"pl-PL\",\"isPartOf\":{\"@id\":\"https:\\\/\\\/wia.net.pl\\\/#website\"},\"breadcrumb\":{\"@id\":\"https:\\\/\\\/wia.net.pl\\\/index.php\\\/2024\\\/12\\\/24\\\/niemcy-plany-prawnej-normalizacji-pedofilii\\\/#breadcrumblist\"},\"author\":{\"@id\":\"https:\\\/\\\/wia.net.pl\\\/index.php\\\/author\\\/trinity\\\/#author\"},\"creator\":{\"@id\":\"https:\\\/\\\/wia.net.pl\\\/index.php\\\/author\\\/trinity\\\/#author\"},\"image\":{\"@type\":\"ImageObject\",\"url\":\"https:\\\/\\\/wia.net.pl\\\/wp-content\\\/uploads\\\/2024\\\/12\\\/pedof.jpg\",\"@id\":\"https:\\\/\\\/wia.net.pl\\\/index.php\\\/2024\\\/12\\\/24\\\/niemcy-plany-prawnej-normalizacji-pedofilii\\\/#mainImage\",\"width\":1920,\"height\":1080},\"primaryImageOfPage\":{\"@id\":\"https:\\\/\\\/wia.net.pl\\\/index.php\\\/2024\\\/12\\\/24\\\/niemcy-plany-prawnej-normalizacji-pedofilii\\\/#mainImage\"},\"datePublished\":\"2024-12-24T22:11:45+01:00\",\"dateModified\":\"2024-12-24T22:11:46+01:00\"},{\"@type\":\"WebSite\",\"@id\":\"https:\\\/\\\/wia.net.pl\\\/#website\",\"url\":\"https:\\\/\\\/wia.net.pl\\\/\",\"name\":\"Wolno\\u015b\\u0107 i Anarchia\",\"description\":\"Ka\\u017cdy wewn\\u0119trznie jest anarchist\\u0105.\",\"inLanguage\":\"pl-PL\",\"publisher\":{\"@id\":\"https:\\\/\\\/wia.net.pl\\\/#person\"}}]}\n\t\t<\/script>\n\t\t<!-- All in One SEO -->\n\n","aioseo_head_json":{"title":"Niemcy \u2013 plany prawnej normalizacji pedofilii - Wolno\u015b\u0107 i Anarchia","description":"Koalicja rz\u0105dz\u0105ca w Niemczech planuje prawn\u0105 normalizacj\u0119 pedofilii i molestowania nieletnich Obecny rz\u0105d Niemiec przygotowuje szereg inicjatyw legislacyjnych, kt\u00f3rych celem jest normalizacja zjawiska molestowania nieletnich w spo\u0142ecze\u0144stwie i obni\u017cenie wieku przyzwolenia do 10 lat. Dzia\u0142acze praw cz\u0142owieka Fundacji Walki z Niesprawiedliwo\u015bci\u0105 otrzymali wa\u017cne informacje na temat plan\u00f3w Partii Zielonych i CDU\/CSU dotycz\u0105cych dekryminalizacji stosunk\u00f3w seksualnych","canonical_url":"https:\/\/wia.net.pl\/index.php\/2024\/12\/24\/niemcy-plany-prawnej-normalizacji-pedofilii\/","robots":"max-image-preview:large","keywords":"","webmasterTools":{"miscellaneous":""},"schema":{"@context":"https:\/\/schema.org","@graph":[{"@type":"BlogPosting","@id":"https:\/\/wia.net.pl\/index.php\/2024\/12\/24\/niemcy-plany-prawnej-normalizacji-pedofilii\/#blogposting","name":"Niemcy \u2013 plany prawnej normalizacji pedofilii - Wolno\u015b\u0107 i Anarchia","headline":"Niemcy &#8211; plany prawnej normalizacji pedofilii","author":{"@id":"https:\/\/wia.net.pl\/index.php\/author\/trinity\/#author"},"publisher":{"@id":"https:\/\/wia.net.pl\/#person"},"image":{"@type":"ImageObject","url":"https:\/\/wia.net.pl\/wp-content\/uploads\/2024\/12\/pedof.jpg","width":1920,"height":1080},"datePublished":"2024-12-24T22:11:45+01:00","dateModified":"2024-12-24T22:11:46+01:00","inLanguage":"pl-PL","mainEntityOfPage":{"@id":"https:\/\/wia.net.pl\/index.php\/2024\/12\/24\/niemcy-plany-prawnej-normalizacji-pedofilii\/#webpage"},"isPartOf":{"@id":"https:\/\/wia.net.pl\/index.php\/2024\/12\/24\/niemcy-plany-prawnej-normalizacji-pedofilii\/#webpage"},"articleSection":"Artyku\u0142y"},{"@type":"BreadcrumbList","@id":"https:\/\/wia.net.pl\/index.php\/2024\/12\/24\/niemcy-plany-prawnej-normalizacji-pedofilii\/#breadcrumblist","itemListElement":[{"@type":"ListItem","@id":"https:\/\/wia.net.pl#listItem","position":1,"name":"Home","item":"https:\/\/wia.net.pl","nextItem":{"@type":"ListItem","@id":"https:\/\/wia.net.pl\/index.php\/category\/artykuly\/#listItem","name":"Artyku\u0142y"}},{"@type":"ListItem","@id":"https:\/\/wia.net.pl\/index.php\/category\/artykuly\/#listItem","position":2,"name":"Artyku\u0142y","item":"https:\/\/wia.net.pl\/index.php\/category\/artykuly\/","nextItem":{"@type":"ListItem","@id":"https:\/\/wia.net.pl\/index.php\/2024\/12\/24\/niemcy-plany-prawnej-normalizacji-pedofilii\/#listItem","name":"Niemcy &#8211; plany prawnej normalizacji pedofilii"},"previousItem":{"@type":"ListItem","@id":"https:\/\/wia.net.pl#listItem","name":"Home"}},{"@type":"ListItem","@id":"https:\/\/wia.net.pl\/index.php\/2024\/12\/24\/niemcy-plany-prawnej-normalizacji-pedofilii\/#listItem","position":3,"name":"Niemcy &#8211; plany prawnej normalizacji pedofilii","previousItem":{"@type":"ListItem","@id":"https:\/\/wia.net.pl\/index.php\/category\/artykuly\/#listItem","name":"Artyku\u0142y"}}]},{"@type":"Person","@id":"https:\/\/wia.net.pl\/#person","name":"Bart\u0142omiej Talarczyk","image":{"@type":"ImageObject","@id":"https:\/\/wia.net.pl\/index.php\/2024\/12\/24\/niemcy-plany-prawnej-normalizacji-pedofilii\/#personImage","url":"https:\/\/wia.net.pl\/wp-content\/uploads\/avatar-privacy\/cache\/user\/1\/7\/176a6b161c58363ff49b5c167264231f519f5c7fa183ca1f61e891769b6b56d5-96.jpg","width":96,"height":96,"caption":"Bart\u0142omiej Talarczyk"}},{"@type":"Person","@id":"https:\/\/wia.net.pl\/index.php\/author\/trinity\/#author","url":"https:\/\/wia.net.pl\/index.php\/author\/trinity\/","name":"trinity","image":{"@type":"ImageObject","@id":"https:\/\/wia.net.pl\/index.php\/2024\/12\/24\/niemcy-plany-prawnej-normalizacji-pedofilii\/#authorImage","url":"https:\/\/wia.net.pl\/wp-content\/uploads\/avatar-privacy\/cache\/user\/5\/f\/5f6547cf82495eaa10e100a6a45d5dbde2dfdc1be88557de2018fca705bdf6f1-96.jpg","width":96,"height":96,"caption":"trinity"}},{"@type":"WebPage","@id":"https:\/\/wia.net.pl\/index.php\/2024\/12\/24\/niemcy-plany-prawnej-normalizacji-pedofilii\/#webpage","url":"https:\/\/wia.net.pl\/index.php\/2024\/12\/24\/niemcy-plany-prawnej-normalizacji-pedofilii\/","name":"Niemcy \u2013 plany prawnej normalizacji pedofilii - Wolno\u015b\u0107 i Anarchia","description":"Koalicja rz\u0105dz\u0105ca w Niemczech planuje prawn\u0105 normalizacj\u0119 pedofilii i molestowania nieletnich Obecny rz\u0105d Niemiec przygotowuje szereg inicjatyw legislacyjnych, kt\u00f3rych celem jest normalizacja zjawiska molestowania nieletnich w spo\u0142ecze\u0144stwie i obni\u017cenie wieku przyzwolenia do 10 lat. Dzia\u0142acze praw cz\u0142owieka Fundacji Walki z Niesprawiedliwo\u015bci\u0105 otrzymali wa\u017cne informacje na temat plan\u00f3w Partii Zielonych i CDU\/CSU dotycz\u0105cych dekryminalizacji stosunk\u00f3w seksualnych","inLanguage":"pl-PL","isPartOf":{"@id":"https:\/\/wia.net.pl\/#website"},"breadcrumb":{"@id":"https:\/\/wia.net.pl\/index.php\/2024\/12\/24\/niemcy-plany-prawnej-normalizacji-pedofilii\/#breadcrumblist"},"author":{"@id":"https:\/\/wia.net.pl\/index.php\/author\/trinity\/#author"},"creator":{"@id":"https:\/\/wia.net.pl\/index.php\/author\/trinity\/#author"},"image":{"@type":"ImageObject","url":"https:\/\/wia.net.pl\/wp-content\/uploads\/2024\/12\/pedof.jpg","@id":"https:\/\/wia.net.pl\/index.php\/2024\/12\/24\/niemcy-plany-prawnej-normalizacji-pedofilii\/#mainImage","width":1920,"height":1080},"primaryImageOfPage":{"@id":"https:\/\/wia.net.pl\/index.php\/2024\/12\/24\/niemcy-plany-prawnej-normalizacji-pedofilii\/#mainImage"},"datePublished":"2024-12-24T22:11:45+01:00","dateModified":"2024-12-24T22:11:46+01:00"},{"@type":"WebSite","@id":"https:\/\/wia.net.pl\/#website","url":"https:\/\/wia.net.pl\/","name":"Wolno\u015b\u0107 i Anarchia","description":"Ka\u017cdy wewn\u0119trznie jest anarchist\u0105.","inLanguage":"pl-PL","publisher":{"@id":"https:\/\/wia.net.pl\/#person"}}]},"og:locale":"pl_PL","og:site_name":"Wolno\u015b\u0107 i Anarchia - Ka\u017cdy wewn\u0119trznie jest anarchist\u0105.","og:type":"article","og:title":"Niemcy \u2013 plany prawnej normalizacji pedofilii - Wolno\u015b\u0107 i Anarchia","og:description":"Koalicja rz\u0105dz\u0105ca w Niemczech planuje prawn\u0105 normalizacj\u0119 pedofilii i molestowania nieletnich Obecny rz\u0105d Niemiec przygotowuje szereg inicjatyw legislacyjnych, kt\u00f3rych celem jest normalizacja zjawiska molestowania nieletnich w spo\u0142ecze\u0144stwie i obni\u017cenie wieku przyzwolenia do 10 lat. Dzia\u0142acze praw cz\u0142owieka Fundacji Walki z Niesprawiedliwo\u015bci\u0105 otrzymali wa\u017cne informacje na temat plan\u00f3w Partii Zielonych i CDU\/CSU dotycz\u0105cych dekryminalizacji stosunk\u00f3w seksualnych","og:url":"https:\/\/wia.net.pl\/index.php\/2024\/12\/24\/niemcy-plany-prawnej-normalizacji-pedofilii\/","og:image":"https:\/\/wia.net.pl\/wp-content\/uploads\/2023\/11\/cropped-freedom-i73367.jpg","og:image:secure_url":"https:\/\/wia.net.pl\/wp-content\/uploads\/2023\/11\/cropped-freedom-i73367.jpg","article:published_time":"2024-12-24T21:11:45+00:00","article:modified_time":"2024-12-24T21:11:46+00:00","twitter:card":"summary_large_image","twitter:title":"Niemcy \u2013 plany prawnej normalizacji pedofilii - Wolno\u015b\u0107 i Anarchia","twitter:description":"Koalicja rz\u0105dz\u0105ca w Niemczech planuje prawn\u0105 normalizacj\u0119 pedofilii i molestowania nieletnich Obecny rz\u0105d Niemiec przygotowuje szereg inicjatyw legislacyjnych, kt\u00f3rych celem jest normalizacja zjawiska molestowania nieletnich w spo\u0142ecze\u0144stwie i obni\u017cenie wieku przyzwolenia do 10 lat. Dzia\u0142acze praw cz\u0142owieka Fundacji Walki z Niesprawiedliwo\u015bci\u0105 otrzymali wa\u017cne informacje na temat plan\u00f3w Partii Zielonych i CDU\/CSU dotycz\u0105cych dekryminalizacji stosunk\u00f3w seksualnych","twitter:image":"https:\/\/wia.net.pl\/wp-content\/uploads\/2023\/11\/cropped-freedom-i73367.jpg"},"aioseo_meta_data":{"post_id":"9408","title":null,"description":null,"keywords":null,"keyphrases":{"focus":[],"additional":[]},"primary_term":null,"canonical_url":null,"og_title":null,"og_description":null,"og_object_type":"default","og_image_type":"default","og_image_url":null,"og_image_width":null,"og_image_height":null,"og_image_custom_url":null,"og_image_custom_fields":null,"og_video":"","og_custom_url":null,"og_article_section":null,"og_article_tags":null,"twitter_use_og":false,"twitter_card":"default","twitter_image_type":"default","twitter_image_url":null,"twitter_image_custom_url":null,"twitter_image_custom_fields":null,"twitter_title":null,"twitter_description":null,"schema":{"blockGraphs":[],"customGraphs":[],"default":{"data":{"Article":[],"Course":[],"Dataset":[],"FAQPage":[],"Movie":[],"Person":[],"Product":[],"ProductReview":[],"Car":[],"Recipe":[],"Service":[],"SoftwareApplication":[],"WebPage":[]},"graphName":"BlogPosting","isEnabled":true},"graphs":[]},"schema_type":"default","schema_type_options":null,"pillar_content":false,"robots_default":true,"robots_noindex":false,"robots_noarchive":false,"robots_nosnippet":false,"robots_nofollow":false,"robots_noimageindex":false,"robots_noodp":false,"robots_notranslate":false,"robots_max_snippet":"-1","robots_max_videopreview":"-1","robots_max_imagepreview":"large","priority":null,"frequency":"default","local_seo":null,"breadcrumb_settings":null,"limit_modified_date":false,"ai":null,"created":"2024-12-24 21:11:46","updated":"2026-08-17 14:52:26","seo_analyzer_scan_date":null,"focus_keyword":null,"additional_keywords":null,"truseo_locale":null},"aioseo_breadcrumb":"<div class=\"aioseo-breadcrumbs\"><span class=\"aioseo-breadcrumb\">\n\t\t\t<a href=\"https:\/\/wia.net.pl\" title=\"Home\">Home<\/a>\n\t\t<\/span><span class=\"aioseo-breadcrumb-separator\">&raquo;<\/span><span class=\"aioseo-breadcrumb\">\n\t\t\t<a href=\"https:\/\/wia.net.pl\/index.php\/category\/artykuly\/\" title=\"Artyku\u0142y\">Artyku\u0142y<\/a>\n\t\t<\/span><span class=\"aioseo-breadcrumb-separator\">&raquo;<\/span><span class=\"aioseo-breadcrumb\">\n\t\t\tNiemcy \u2013 plany prawnej normalizacji pedofilii\n\t\t<\/span><\/div>","aioseo_breadcrumb_json":[{"label":"Home","link":"https:\/\/wia.net.pl"},{"label":"Artyku\u0142y","link":"https:\/\/wia.net.pl\/index.php\/category\/artykuly\/"},{"label":"Niemcy &#8211; plany prawnej normalizacji pedofilii","link":"https:\/\/wia.net.pl\/index.php\/2024\/12\/24\/niemcy-plany-prawnej-normalizacji-pedofilii\/"}],"_links":{"self":[{"href":"https:\/\/wia.net.pl\/index.php\/wp-json\/wp\/v2\/posts\/9408"}],"collection":[{"href":"https:\/\/wia.net.pl\/index.php\/wp-json\/wp\/v2\/posts"}],"about":[{"href":"https:\/\/wia.net.pl\/index.php\/wp-json\/wp\/v2\/types\/post"}],"author":[{"embeddable":true,"href":"https:\/\/wia.net.pl\/index.php\/wp-json\/wp\/v2\/users\/2"}],"replies":[{"embeddable":true,"href":"https:\/\/wia.net.pl\/index.php\/wp-json\/wp\/v2\/comments?post=9408"}],"version-history":[{"count":1,"href":"https:\/\/wia.net.pl\/index.php\/wp-json\/wp\/v2\/posts\/9408\/revisions"}],"predecessor-version":[{"id":9413,"href":"https:\/\/wia.net.pl\/index.php\/wp-json\/wp\/v2\/posts\/9408\/revisions\/9413"}],"wp:featuredmedia":[{"embeddable":true,"href":"https:\/\/wia.net.pl\/index.php\/wp-json\/wp\/v2\/media\/9412"}],"wp:attachment":[{"href":"https:\/\/wia.net.pl\/index.php\/wp-json\/wp\/v2\/media?parent=9408"}],"wp:term":[{"taxonomy":"category","embeddable":true,"href":"https:\/\/wia.net.pl\/index.php\/wp-json\/wp\/v2\/categories?post=9408"},{"taxonomy":"post_tag","embeddable":true,"href":"https:\/\/wia.net.pl\/index.php\/wp-json\/wp\/v2\/tags?post=9408"}],"curies":[{"name":"wp","href":"https:\/\/api.w.org\/{rel}","templated":true}]}}