{"id":9485,"date":"2025-01-17T02:03:09","date_gmt":"2025-01-17T01:03:09","guid":{"rendered":"https:\/\/wia.net.pl\/?p=9485"},"modified":"2025-01-17T02:03:10","modified_gmt":"2025-01-17T01:03:10","slug":"audiobook-iluminaci-zdemaskowani-1967-cz-2","status":"publish","type":"post","link":"https:\/\/wia.net.pl\/index.php\/2025\/01\/17\/audiobook-iluminaci-zdemaskowani-1967-cz-2\/","title":{"rendered":"Audiobook \u2013 Iluminaci zdemaskowani (1967) \u2013 Cz.2"},"content":{"rendered":"<p><iframe id=\"odysee-iframe\" style=\"width:100%; aspect-ratio:16 \/ 9;\" src=\"https:\/\/odysee.com\/$\/embed\/@wolnoscanarchia:d\/illuminaci-1967-cz-2-audiobook-FINAL:7?r=KqtnN3u2RSe5GxY7Tos527f1XGfjXD4u\" allowfullscreen><\/iframe><\/p>\n\n\n\n<p>Iluminaci zdemaskowani (1967) \u2013 Audiobook, kt\u00f3ry opowiada histori\u0119, zanim zosta\u0142a przepisana przez zwyci\u0119zc\u00f3w.<\/p>\n\n\n\n<p>Jest to tekst wyk\u0142adu Myrona Fagana, pierwotnie opublikowanego w 1967 roku jako trzyp\u0142ytowy zestaw zatytu\u0142owany \u201eThe Illuminati and the Council on Foreign Relations\u201d. Przedstawia on histori\u0119 Iluminat\u00f3w, demaskuj\u0105c satanistyczny spisek Jednego Rz\u0105du \u015awiatowego i Rady Stosunk\u00f3w Zagranicznych. Iluminaci planuj\u0105 zniszczy\u0107 Ameryk\u0119 i po\u0142\u0105czy\u0107 j\u0105 z Nowym Porz\u0105dkiem \u015awiata.<\/p>\n\n\n\n<p>Jest to oparty na faktach, historyczny wyk\u0142ad z nazwiskami, datami, organizacjami, sposobem dzia\u0142ania, demaskuj\u0105cy satanistyczn\u0105 o\u015bmiornic\u0119 opanowuj\u0105c\u0105 \u015bwiat. Si\u0119ga 200-300 lat wstecz, ujawniaj\u0105c zaanga\u017cowanie Rothschild\u00f3w, syjonizm, ideologi\u0119 lucyferia\u0144sk\u0105, zniszczenie suwerenno\u015bci narodowej, zniszczenie religii, Protoko\u0142y Starszych Syjonu, mason\u00f3w, iluministycznych bankier\u00f3w, iluministyczne MSM i plany trzech wojen \u015bwiatowych. Lektura obowi\u0105zkowa!<\/p>\n\n\n\n<p><br>\u0179r\u00f3d\u0142o&nbsp;<a href=\"https:\/\/www.bitchute.com\/video\/By4HgXddLWzT\">https:\/\/www.bitchute.com\/video\/By4HgXddLWzT<\/a><\/p>\n","protected":false},"excerpt":{"rendered":"<p>Iluminaci zdemaskowani (1967) \u2013 Audiobook, kt\u00f3ry opowiada histori\u0119, zanim zosta\u0142a przepisana przez zwyci\u0119zc\u00f3w. Jest to tekst wyk\u0142adu Myrona Fagana, pierwotnie opublikowanego w 1967 roku jako trzyp\u0142ytowy zestaw zatytu\u0142owany \u201eThe Illuminati and the Council on Foreign Relations\u201d. Przedstawia on histori\u0119 Iluminat\u00f3w,&#8230; <\/p>\n","protected":false},"author":2,"featured_media":9486,"comment_status":"open","ping_status":"open","sticky":false,"template":"","format":"standard","meta":{"_acf_changed":false,"_bbp_topic_count":0,"_bbp_reply_count":0,"_bbp_total_topic_count":0,"_bbp_total_reply_count":0,"_bbp_voice_count":0,"_bbp_anonymous_reply_count":0,"_bbp_topic_count_hidden":0,"_bbp_reply_count_hidden":0,"_bbp_forum_subforum_count":0,"om_disable_all_campaigns":false,"_monsterinsights_skip_tracking":false,"footnotes":""},"categories":[10],"tags":[],"class_list":["post-9485","post","type-post","status-publish","format-standard","has-post-thumbnail","hentry","category-audiobooki"],"acf":[],"aioseo_notices":[],"aioseo_head":"\n\t\t<!-- All in One SEO 5.0.1.1 - aioseo.com -->\n\t<meta name=\"description\" content=\"Iluminaci zdemaskowani (1967) \u2013 Audiobook, kt\u00f3ry opowiada histori\u0119, zanim zosta\u0142a przepisana przez zwyci\u0119zc\u00f3w. Jest to tekst wyk\u0142adu Myrona Fagana, pierwotnie opublikowanego w 1967 roku jako trzyp\u0142ytowy zestaw zatytu\u0142owany \u201eThe Illuminati and the Council on Foreign Relations\u201d. Przedstawia on histori\u0119 Iluminat\u00f3w, demaskuj\u0105c satanistyczny spisek Jednego Rz\u0105du \u015awiatowego i Rady Stosunk\u00f3w Zagranicznych. Iluminaci planuj\u0105 zniszczy\u0107 Ameryk\u0119 i\" \/>\n\t<meta name=\"robots\" content=\"max-image-preview:large\" \/>\n\t<meta name=\"author\" content=\"trinity\"\/>\n\t<link rel=\"canonical\" href=\"https:\/\/wia.net.pl\/index.php\/2025\/01\/17\/audiobook-iluminaci-zdemaskowani-1967-cz-2\/\" \/>\n\t<meta name=\"generator\" content=\"All in One SEO (AIOSEO) 5.0.1.1\" \/>\n\t\t<meta property=\"og:locale\" content=\"pl_PL\" \/>\n\t\t<meta property=\"og:site_name\" content=\"Wolno\u015b\u0107 i Anarchia - Ka\u017cdy wewn\u0119trznie jest anarchist\u0105.\" \/>\n\t\t<meta property=\"og:type\" content=\"article\" \/>\n\t\t<meta property=\"og:title\" content=\"Audiobook \u2013 Iluminaci zdemaskowani (1967) \u2013 Cz.2 - Wolno\u015b\u0107 i Anarchia\" \/>\n\t\t<meta property=\"og:description\" content=\"Iluminaci zdemaskowani (1967) \u2013 Audiobook, kt\u00f3ry opowiada histori\u0119, zanim zosta\u0142a przepisana przez zwyci\u0119zc\u00f3w. Jest to tekst wyk\u0142adu Myrona Fagana, pierwotnie opublikowanego w 1967 roku jako trzyp\u0142ytowy zestaw zatytu\u0142owany \u201eThe Illuminati and the Council on Foreign Relations\u201d. Przedstawia on histori\u0119 Iluminat\u00f3w, demaskuj\u0105c satanistyczny spisek Jednego Rz\u0105du \u015awiatowego i Rady Stosunk\u00f3w Zagranicznych. Iluminaci planuj\u0105 zniszczy\u0107 Ameryk\u0119 i\" \/>\n\t\t<meta property=\"og:url\" content=\"https:\/\/wia.net.pl\/index.php\/2025\/01\/17\/audiobook-iluminaci-zdemaskowani-1967-cz-2\/\" \/>\n\t\t<meta property=\"og:image\" content=\"https:\/\/wia.net.pl\/wp-content\/uploads\/2023\/11\/cropped-freedom-i73367.jpg\" \/>\n\t\t<meta property=\"og:image:secure_url\" content=\"https:\/\/wia.net.pl\/wp-content\/uploads\/2023\/11\/cropped-freedom-i73367.jpg\" \/>\n\t\t<meta property=\"article:published_time\" content=\"2025-01-17T01:03:09+00:00\" \/>\n\t\t<meta property=\"article:modified_time\" content=\"2025-01-17T01:03:10+00:00\" \/>\n\t\t<meta name=\"twitter:card\" content=\"summary_large_image\" \/>\n\t\t<meta name=\"twitter:title\" content=\"Audiobook \u2013 Iluminaci zdemaskowani (1967) \u2013 Cz.2 - Wolno\u015b\u0107 i Anarchia\" \/>\n\t\t<meta name=\"twitter:description\" content=\"Iluminaci zdemaskowani (1967) \u2013 Audiobook, kt\u00f3ry opowiada histori\u0119, zanim zosta\u0142a przepisana przez zwyci\u0119zc\u00f3w. Jest to tekst wyk\u0142adu Myrona Fagana, pierwotnie opublikowanego w 1967 roku jako trzyp\u0142ytowy zestaw zatytu\u0142owany \u201eThe Illuminati and the Council on Foreign Relations\u201d. Przedstawia on histori\u0119 Iluminat\u00f3w, demaskuj\u0105c satanistyczny spisek Jednego Rz\u0105du \u015awiatowego i Rady Stosunk\u00f3w Zagranicznych. Iluminaci planuj\u0105 zniszczy\u0107 Ameryk\u0119 i\" \/>\n\t\t<meta name=\"twitter:image\" content=\"https:\/\/wia.net.pl\/wp-content\/uploads\/2023\/11\/cropped-freedom-i73367.jpg\" \/>\n\t\t<script type=\"application\/ld+json\" class=\"aioseo-schema\">\n\t\t\t{\"@context\":\"https:\\\/\\\/schema.org\",\"@graph\":[{\"@type\":\"BlogPosting\",\"@id\":\"https:\\\/\\\/wia.net.pl\\\/index.php\\\/2025\\\/01\\\/17\\\/audiobook-iluminaci-zdemaskowani-1967-cz-2\\\/#blogposting\",\"name\":\"Audiobook \\u2013 Iluminaci zdemaskowani (1967) \\u2013 Cz.2 - Wolno\\u015b\\u0107 i Anarchia\",\"headline\":\"Audiobook \\u2013 Iluminaci zdemaskowani (1967) \\u2013 Cz.2\",\"author\":{\"@id\":\"https:\\\/\\\/wia.net.pl\\\/index.php\\\/author\\\/trinity\\\/#author\"},\"publisher\":{\"@id\":\"https:\\\/\\\/wia.net.pl\\\/#person\"},\"image\":{\"@type\":\"ImageObject\",\"url\":\"https:\\\/\\\/wia.net.pl\\\/wp-content\\\/uploads\\\/2025\\\/01\\\/5782879654397461783-1.jpg\",\"width\":1280,\"height\":720},\"datePublished\":\"2025-01-17T02:03:09+01:00\",\"dateModified\":\"2025-01-17T02:03:10+01:00\",\"inLanguage\":\"pl-PL\",\"mainEntityOfPage\":{\"@id\":\"https:\\\/\\\/wia.net.pl\\\/index.php\\\/2025\\\/01\\\/17\\\/audiobook-iluminaci-zdemaskowani-1967-cz-2\\\/#webpage\"},\"isPartOf\":{\"@id\":\"https:\\\/\\\/wia.net.pl\\\/index.php\\\/2025\\\/01\\\/17\\\/audiobook-iluminaci-zdemaskowani-1967-cz-2\\\/#webpage\"},\"articleSection\":\"Audiobooki\"},{\"@type\":\"BreadcrumbList\",\"@id\":\"https:\\\/\\\/wia.net.pl\\\/index.php\\\/2025\\\/01\\\/17\\\/audiobook-iluminaci-zdemaskowani-1967-cz-2\\\/#breadcrumblist\",\"itemListElement\":[{\"@type\":\"ListItem\",\"@id\":\"https:\\\/\\\/wia.net.pl#listItem\",\"position\":1,\"name\":\"Home\",\"item\":\"https:\\\/\\\/wia.net.pl\",\"nextItem\":{\"@type\":\"ListItem\",\"@id\":\"https:\\\/\\\/wia.net.pl\\\/index.php\\\/category\\\/audiobooki\\\/#listItem\",\"name\":\"Audiobooki\"}},{\"@type\":\"ListItem\",\"@id\":\"https:\\\/\\\/wia.net.pl\\\/index.php\\\/category\\\/audiobooki\\\/#listItem\",\"position\":2,\"name\":\"Audiobooki\",\"item\":\"https:\\\/\\\/wia.net.pl\\\/index.php\\\/category\\\/audiobooki\\\/\",\"nextItem\":{\"@type\":\"ListItem\",\"@id\":\"https:\\\/\\\/wia.net.pl\\\/index.php\\\/2025\\\/01\\\/17\\\/audiobook-iluminaci-zdemaskowani-1967-cz-2\\\/#listItem\",\"name\":\"Audiobook \\u2013 Iluminaci zdemaskowani (1967) \\u2013 Cz.2\"},\"previousItem\":{\"@type\":\"ListItem\",\"@id\":\"https:\\\/\\\/wia.net.pl#listItem\",\"name\":\"Home\"}},{\"@type\":\"ListItem\",\"@id\":\"https:\\\/\\\/wia.net.pl\\\/index.php\\\/2025\\\/01\\\/17\\\/audiobook-iluminaci-zdemaskowani-1967-cz-2\\\/#listItem\",\"position\":3,\"name\":\"Audiobook \\u2013 Iluminaci zdemaskowani (1967) \\u2013 Cz.2\",\"previousItem\":{\"@type\":\"ListItem\",\"@id\":\"https:\\\/\\\/wia.net.pl\\\/index.php\\\/category\\\/audiobooki\\\/#listItem\",\"name\":\"Audiobooki\"}}]},{\"@type\":\"Person\",\"@id\":\"https:\\\/\\\/wia.net.pl\\\/#person\",\"name\":\"Bart\\u0142omiej Talarczyk\",\"image\":{\"@type\":\"ImageObject\",\"@id\":\"https:\\\/\\\/wia.net.pl\\\/index.php\\\/2025\\\/01\\\/17\\\/audiobook-iluminaci-zdemaskowani-1967-cz-2\\\/#personImage\",\"url\":\"https:\\\/\\\/wia.net.pl\\\/wp-content\\\/uploads\\\/avatar-privacy\\\/cache\\\/user\\\/1\\\/7\\\/176a6b161c58363ff49b5c167264231f519f5c7fa183ca1f61e891769b6b56d5-96.jpg\",\"width\":96,\"height\":96,\"caption\":\"Bart\\u0142omiej Talarczyk\"}},{\"@type\":\"Person\",\"@id\":\"https:\\\/\\\/wia.net.pl\\\/index.php\\\/author\\\/trinity\\\/#author\",\"url\":\"https:\\\/\\\/wia.net.pl\\\/index.php\\\/author\\\/trinity\\\/\",\"name\":\"trinity\",\"image\":{\"@type\":\"ImageObject\",\"@id\":\"https:\\\/\\\/wia.net.pl\\\/index.php\\\/2025\\\/01\\\/17\\\/audiobook-iluminaci-zdemaskowani-1967-cz-2\\\/#authorImage\",\"url\":\"https:\\\/\\\/wia.net.pl\\\/wp-content\\\/uploads\\\/avatar-privacy\\\/cache\\\/user\\\/5\\\/f\\\/5f6547cf82495eaa10e100a6a45d5dbde2dfdc1be88557de2018fca705bdf6f1-96.jpg\",\"width\":96,\"height\":96,\"caption\":\"trinity\"}},{\"@type\":\"WebPage\",\"@id\":\"https:\\\/\\\/wia.net.pl\\\/index.php\\\/2025\\\/01\\\/17\\\/audiobook-iluminaci-zdemaskowani-1967-cz-2\\\/#webpage\",\"url\":\"https:\\\/\\\/wia.net.pl\\\/index.php\\\/2025\\\/01\\\/17\\\/audiobook-iluminaci-zdemaskowani-1967-cz-2\\\/\",\"name\":\"Audiobook \\u2013 Iluminaci zdemaskowani (1967) \\u2013 Cz.2 - Wolno\\u015b\\u0107 i Anarchia\",\"description\":\"Iluminaci zdemaskowani (1967) \\u2013 Audiobook, kt\\u00f3ry opowiada histori\\u0119, zanim zosta\\u0142a przepisana przez zwyci\\u0119zc\\u00f3w. Jest to tekst wyk\\u0142adu Myrona Fagana, pierwotnie opublikowanego w 1967 roku jako trzyp\\u0142ytowy zestaw zatytu\\u0142owany \\u201eThe Illuminati and the Council on Foreign Relations\\u201d. Przedstawia on histori\\u0119 Iluminat\\u00f3w, demaskuj\\u0105c satanistyczny spisek Jednego Rz\\u0105du \\u015awiatowego i Rady Stosunk\\u00f3w Zagranicznych. Iluminaci planuj\\u0105 zniszczy\\u0107 Ameryk\\u0119 i\",\"inLanguage\":\"pl-PL\",\"isPartOf\":{\"@id\":\"https:\\\/\\\/wia.net.pl\\\/#website\"},\"breadcrumb\":{\"@id\":\"https:\\\/\\\/wia.net.pl\\\/index.php\\\/2025\\\/01\\\/17\\\/audiobook-iluminaci-zdemaskowani-1967-cz-2\\\/#breadcrumblist\"},\"author\":{\"@id\":\"https:\\\/\\\/wia.net.pl\\\/index.php\\\/author\\\/trinity\\\/#author\"},\"creator\":{\"@id\":\"https:\\\/\\\/wia.net.pl\\\/index.php\\\/author\\\/trinity\\\/#author\"},\"image\":{\"@type\":\"ImageObject\",\"url\":\"https:\\\/\\\/wia.net.pl\\\/wp-content\\\/uploads\\\/2025\\\/01\\\/5782879654397461783-1.jpg\",\"@id\":\"https:\\\/\\\/wia.net.pl\\\/index.php\\\/2025\\\/01\\\/17\\\/audiobook-iluminaci-zdemaskowani-1967-cz-2\\\/#mainImage\",\"width\":1280,\"height\":720},\"primaryImageOfPage\":{\"@id\":\"https:\\\/\\\/wia.net.pl\\\/index.php\\\/2025\\\/01\\\/17\\\/audiobook-iluminaci-zdemaskowani-1967-cz-2\\\/#mainImage\"},\"datePublished\":\"2025-01-17T02:03:09+01:00\",\"dateModified\":\"2025-01-17T02:03:10+01:00\"},{\"@type\":\"WebSite\",\"@id\":\"https:\\\/\\\/wia.net.pl\\\/#website\",\"url\":\"https:\\\/\\\/wia.net.pl\\\/\",\"name\":\"Wolno\\u015b\\u0107 i Anarchia\",\"description\":\"Ka\\u017cdy wewn\\u0119trznie jest anarchist\\u0105.\",\"inLanguage\":\"pl-PL\",\"publisher\":{\"@id\":\"https:\\\/\\\/wia.net.pl\\\/#person\"}}]}\n\t\t<\/script>\n\t\t<!-- All in One SEO -->\n\n","aioseo_head_json":{"title":"Audiobook \u2013 Iluminaci zdemaskowani (1967) \u2013 Cz.2 - Wolno\u015b\u0107 i Anarchia","description":"Iluminaci zdemaskowani (1967) \u2013 Audiobook, kt\u00f3ry opowiada histori\u0119, zanim zosta\u0142a przepisana przez zwyci\u0119zc\u00f3w. Jest to tekst wyk\u0142adu Myrona Fagana, pierwotnie opublikowanego w 1967 roku jako trzyp\u0142ytowy zestaw zatytu\u0142owany \u201eThe Illuminati and the Council on Foreign Relations\u201d. Przedstawia on histori\u0119 Iluminat\u00f3w, demaskuj\u0105c satanistyczny spisek Jednego Rz\u0105du \u015awiatowego i Rady Stosunk\u00f3w Zagranicznych. Iluminaci planuj\u0105 zniszczy\u0107 Ameryk\u0119 i","canonical_url":"https:\/\/wia.net.pl\/index.php\/2025\/01\/17\/audiobook-iluminaci-zdemaskowani-1967-cz-2\/","robots":"max-image-preview:large","keywords":"","webmasterTools":{"miscellaneous":""},"schema":{"@context":"https:\/\/schema.org","@graph":[{"@type":"BlogPosting","@id":"https:\/\/wia.net.pl\/index.php\/2025\/01\/17\/audiobook-iluminaci-zdemaskowani-1967-cz-2\/#blogposting","name":"Audiobook \u2013 Iluminaci zdemaskowani (1967) \u2013 Cz.2 - Wolno\u015b\u0107 i Anarchia","headline":"Audiobook \u2013 Iluminaci zdemaskowani (1967) \u2013 Cz.2","author":{"@id":"https:\/\/wia.net.pl\/index.php\/author\/trinity\/#author"},"publisher":{"@id":"https:\/\/wia.net.pl\/#person"},"image":{"@type":"ImageObject","url":"https:\/\/wia.net.pl\/wp-content\/uploads\/2025\/01\/5782879654397461783-1.jpg","width":1280,"height":720},"datePublished":"2025-01-17T02:03:09+01:00","dateModified":"2025-01-17T02:03:10+01:00","inLanguage":"pl-PL","mainEntityOfPage":{"@id":"https:\/\/wia.net.pl\/index.php\/2025\/01\/17\/audiobook-iluminaci-zdemaskowani-1967-cz-2\/#webpage"},"isPartOf":{"@id":"https:\/\/wia.net.pl\/index.php\/2025\/01\/17\/audiobook-iluminaci-zdemaskowani-1967-cz-2\/#webpage"},"articleSection":"Audiobooki"},{"@type":"BreadcrumbList","@id":"https:\/\/wia.net.pl\/index.php\/2025\/01\/17\/audiobook-iluminaci-zdemaskowani-1967-cz-2\/#breadcrumblist","itemListElement":[{"@type":"ListItem","@id":"https:\/\/wia.net.pl#listItem","position":1,"name":"Home","item":"https:\/\/wia.net.pl","nextItem":{"@type":"ListItem","@id":"https:\/\/wia.net.pl\/index.php\/category\/audiobooki\/#listItem","name":"Audiobooki"}},{"@type":"ListItem","@id":"https:\/\/wia.net.pl\/index.php\/category\/audiobooki\/#listItem","position":2,"name":"Audiobooki","item":"https:\/\/wia.net.pl\/index.php\/category\/audiobooki\/","nextItem":{"@type":"ListItem","@id":"https:\/\/wia.net.pl\/index.php\/2025\/01\/17\/audiobook-iluminaci-zdemaskowani-1967-cz-2\/#listItem","name":"Audiobook \u2013 Iluminaci zdemaskowani (1967) \u2013 Cz.2"},"previousItem":{"@type":"ListItem","@id":"https:\/\/wia.net.pl#listItem","name":"Home"}},{"@type":"ListItem","@id":"https:\/\/wia.net.pl\/index.php\/2025\/01\/17\/audiobook-iluminaci-zdemaskowani-1967-cz-2\/#listItem","position":3,"name":"Audiobook \u2013 Iluminaci zdemaskowani (1967) \u2013 Cz.2","previousItem":{"@type":"ListItem","@id":"https:\/\/wia.net.pl\/index.php\/category\/audiobooki\/#listItem","name":"Audiobooki"}}]},{"@type":"Person","@id":"https:\/\/wia.net.pl\/#person","name":"Bart\u0142omiej Talarczyk","image":{"@type":"ImageObject","@id":"https:\/\/wia.net.pl\/index.php\/2025\/01\/17\/audiobook-iluminaci-zdemaskowani-1967-cz-2\/#personImage","url":"https:\/\/wia.net.pl\/wp-content\/uploads\/avatar-privacy\/cache\/user\/1\/7\/176a6b161c58363ff49b5c167264231f519f5c7fa183ca1f61e891769b6b56d5-96.jpg","width":96,"height":96,"caption":"Bart\u0142omiej Talarczyk"}},{"@type":"Person","@id":"https:\/\/wia.net.pl\/index.php\/author\/trinity\/#author","url":"https:\/\/wia.net.pl\/index.php\/author\/trinity\/","name":"trinity","image":{"@type":"ImageObject","@id":"https:\/\/wia.net.pl\/index.php\/2025\/01\/17\/audiobook-iluminaci-zdemaskowani-1967-cz-2\/#authorImage","url":"https:\/\/wia.net.pl\/wp-content\/uploads\/avatar-privacy\/cache\/user\/5\/f\/5f6547cf82495eaa10e100a6a45d5dbde2dfdc1be88557de2018fca705bdf6f1-96.jpg","width":96,"height":96,"caption":"trinity"}},{"@type":"WebPage","@id":"https:\/\/wia.net.pl\/index.php\/2025\/01\/17\/audiobook-iluminaci-zdemaskowani-1967-cz-2\/#webpage","url":"https:\/\/wia.net.pl\/index.php\/2025\/01\/17\/audiobook-iluminaci-zdemaskowani-1967-cz-2\/","name":"Audiobook \u2013 Iluminaci zdemaskowani (1967) \u2013 Cz.2 - Wolno\u015b\u0107 i Anarchia","description":"Iluminaci zdemaskowani (1967) \u2013 Audiobook, kt\u00f3ry opowiada histori\u0119, zanim zosta\u0142a przepisana przez zwyci\u0119zc\u00f3w. Jest to tekst wyk\u0142adu Myrona Fagana, pierwotnie opublikowanego w 1967 roku jako trzyp\u0142ytowy zestaw zatytu\u0142owany \u201eThe Illuminati and the Council on Foreign Relations\u201d. Przedstawia on histori\u0119 Iluminat\u00f3w, demaskuj\u0105c satanistyczny spisek Jednego Rz\u0105du \u015awiatowego i Rady Stosunk\u00f3w Zagranicznych. Iluminaci planuj\u0105 zniszczy\u0107 Ameryk\u0119 i","inLanguage":"pl-PL","isPartOf":{"@id":"https:\/\/wia.net.pl\/#website"},"breadcrumb":{"@id":"https:\/\/wia.net.pl\/index.php\/2025\/01\/17\/audiobook-iluminaci-zdemaskowani-1967-cz-2\/#breadcrumblist"},"author":{"@id":"https:\/\/wia.net.pl\/index.php\/author\/trinity\/#author"},"creator":{"@id":"https:\/\/wia.net.pl\/index.php\/author\/trinity\/#author"},"image":{"@type":"ImageObject","url":"https:\/\/wia.net.pl\/wp-content\/uploads\/2025\/01\/5782879654397461783-1.jpg","@id":"https:\/\/wia.net.pl\/index.php\/2025\/01\/17\/audiobook-iluminaci-zdemaskowani-1967-cz-2\/#mainImage","width":1280,"height":720},"primaryImageOfPage":{"@id":"https:\/\/wia.net.pl\/index.php\/2025\/01\/17\/audiobook-iluminaci-zdemaskowani-1967-cz-2\/#mainImage"},"datePublished":"2025-01-17T02:03:09+01:00","dateModified":"2025-01-17T02:03:10+01:00"},{"@type":"WebSite","@id":"https:\/\/wia.net.pl\/#website","url":"https:\/\/wia.net.pl\/","name":"Wolno\u015b\u0107 i Anarchia","description":"Ka\u017cdy wewn\u0119trznie jest anarchist\u0105.","inLanguage":"pl-PL","publisher":{"@id":"https:\/\/wia.net.pl\/#person"}}]},"og:locale":"pl_PL","og:site_name":"Wolno\u015b\u0107 i Anarchia - Ka\u017cdy wewn\u0119trznie jest anarchist\u0105.","og:type":"article","og:title":"Audiobook \u2013 Iluminaci zdemaskowani (1967) \u2013 Cz.2 - Wolno\u015b\u0107 i Anarchia","og:description":"Iluminaci zdemaskowani (1967) \u2013 Audiobook, kt\u00f3ry opowiada histori\u0119, zanim zosta\u0142a przepisana przez zwyci\u0119zc\u00f3w. Jest to tekst wyk\u0142adu Myrona Fagana, pierwotnie opublikowanego w 1967 roku jako trzyp\u0142ytowy zestaw zatytu\u0142owany \u201eThe Illuminati and the Council on Foreign Relations\u201d. Przedstawia on histori\u0119 Iluminat\u00f3w, demaskuj\u0105c satanistyczny spisek Jednego Rz\u0105du \u015awiatowego i Rady Stosunk\u00f3w Zagranicznych. Iluminaci planuj\u0105 zniszczy\u0107 Ameryk\u0119 i","og:url":"https:\/\/wia.net.pl\/index.php\/2025\/01\/17\/audiobook-iluminaci-zdemaskowani-1967-cz-2\/","og:image":"https:\/\/wia.net.pl\/wp-content\/uploads\/2023\/11\/cropped-freedom-i73367.jpg","og:image:secure_url":"https:\/\/wia.net.pl\/wp-content\/uploads\/2023\/11\/cropped-freedom-i73367.jpg","article:published_time":"2025-01-17T01:03:09+00:00","article:modified_time":"2025-01-17T01:03:10+00:00","twitter:card":"summary_large_image","twitter:title":"Audiobook \u2013 Iluminaci zdemaskowani (1967) \u2013 Cz.2 - Wolno\u015b\u0107 i Anarchia","twitter:description":"Iluminaci zdemaskowani (1967) \u2013 Audiobook, kt\u00f3ry opowiada histori\u0119, zanim zosta\u0142a przepisana przez zwyci\u0119zc\u00f3w. Jest to tekst wyk\u0142adu Myrona Fagana, pierwotnie opublikowanego w 1967 roku jako trzyp\u0142ytowy zestaw zatytu\u0142owany \u201eThe Illuminati and the Council on Foreign Relations\u201d. Przedstawia on histori\u0119 Iluminat\u00f3w, demaskuj\u0105c satanistyczny spisek Jednego Rz\u0105du \u015awiatowego i Rady Stosunk\u00f3w Zagranicznych. Iluminaci planuj\u0105 zniszczy\u0107 Ameryk\u0119 i","twitter:image":"https:\/\/wia.net.pl\/wp-content\/uploads\/2023\/11\/cropped-freedom-i73367.jpg"},"aioseo_meta_data":{"post_id":"9485","title":null,"description":null,"keywords":null,"keyphrases":{"focus":{"keyphrase":"","score":0,"analysis":{"keyphraseInTitle":{"score":0,"maxScore":9,"error":1}}},"additional":[]},"primary_term":null,"canonical_url":null,"og_title":null,"og_description":null,"og_object_type":"default","og_image_type":"default","og_image_url":null,"og_image_width":null,"og_image_height":null,"og_image_custom_url":null,"og_image_custom_fields":null,"og_video":"","og_custom_url":null,"og_article_section":null,"og_article_tags":null,"twitter_use_og":false,"twitter_card":"default","twitter_image_type":"default","twitter_image_url":null,"twitter_image_custom_url":null,"twitter_image_custom_fields":null,"twitter_title":null,"twitter_description":null,"schema":{"blockGraphs":[],"customGraphs":[],"default":{"data":{"Article":[],"Course":[],"Dataset":[],"FAQPage":[],"Movie":[],"Person":[],"Product":[],"ProductReview":[],"Car":[],"Recipe":[],"Service":[],"SoftwareApplication":[],"WebPage":[]},"graphName":"BlogPosting","isEnabled":true},"graphs":[]},"schema_type":"default","schema_type_options":null,"pillar_content":false,"robots_default":true,"robots_noindex":false,"robots_noarchive":false,"robots_nosnippet":false,"robots_nofollow":false,"robots_noimageindex":false,"robots_noodp":false,"robots_notranslate":false,"robots_max_snippet":"-1","robots_max_videopreview":"-1","robots_max_imagepreview":"large","priority":null,"frequency":"default","local_seo":null,"breadcrumb_settings":null,"limit_modified_date":false,"ai":null,"created":"2025-01-17 01:03:10","updated":"2025-06-04 10:57:56","seo_analyzer_scan_date":null,"focus_keyword":null,"additional_keywords":null,"truseo_locale":null},"aioseo_breadcrumb":"<div class=\"aioseo-breadcrumbs\"><span class=\"aioseo-breadcrumb\">\n\t\t\t<a href=\"https:\/\/wia.net.pl\" title=\"Home\">Home<\/a>\n\t\t<\/span><span class=\"aioseo-breadcrumb-separator\">&raquo;<\/span><span class=\"aioseo-breadcrumb\">\n\t\t\t<a href=\"https:\/\/wia.net.pl\/index.php\/category\/audiobooki\/\" title=\"Audiobooki\">Audiobooki<\/a>\n\t\t<\/span><span class=\"aioseo-breadcrumb-separator\">&raquo;<\/span><span class=\"aioseo-breadcrumb\">\n\t\t\tAudiobook \u2013 Iluminaci zdemaskowani (1967) \u2013 Cz.2\n\t\t<\/span><\/div>","aioseo_breadcrumb_json":[{"label":"Home","link":"https:\/\/wia.net.pl"},{"label":"Audiobooki","link":"https:\/\/wia.net.pl\/index.php\/category\/audiobooki\/"},{"label":"Audiobook \u2013 Iluminaci zdemaskowani (1967) \u2013 Cz.2","link":"https:\/\/wia.net.pl\/index.php\/2025\/01\/17\/audiobook-iluminaci-zdemaskowani-1967-cz-2\/"}],"_links":{"self":[{"href":"https:\/\/wia.net.pl\/index.php\/wp-json\/wp\/v2\/posts\/9485"}],"collection":[{"href":"https:\/\/wia.net.pl\/index.php\/wp-json\/wp\/v2\/posts"}],"about":[{"href":"https:\/\/wia.net.pl\/index.php\/wp-json\/wp\/v2\/types\/post"}],"author":[{"embeddable":true,"href":"https:\/\/wia.net.pl\/index.php\/wp-json\/wp\/v2\/users\/2"}],"replies":[{"embeddable":true,"href":"https:\/\/wia.net.pl\/index.php\/wp-json\/wp\/v2\/comments?post=9485"}],"version-history":[{"count":1,"href":"https:\/\/wia.net.pl\/index.php\/wp-json\/wp\/v2\/posts\/9485\/revisions"}],"predecessor-version":[{"id":9488,"href":"https:\/\/wia.net.pl\/index.php\/wp-json\/wp\/v2\/posts\/9485\/revisions\/9488"}],"wp:featuredmedia":[{"embeddable":true,"href":"https:\/\/wia.net.pl\/index.php\/wp-json\/wp\/v2\/media\/9486"}],"wp:attachment":[{"href":"https:\/\/wia.net.pl\/index.php\/wp-json\/wp\/v2\/media?parent=9485"}],"wp:term":[{"taxonomy":"category","embeddable":true,"href":"https:\/\/wia.net.pl\/index.php\/wp-json\/wp\/v2\/categories?post=9485"},{"taxonomy":"post_tag","embeddable":true,"href":"https:\/\/wia.net.pl\/index.php\/wp-json\/wp\/v2\/tags?post=9485"}],"curies":[{"name":"wp","href":"https:\/\/api.w.org\/{rel}","templated":true}]}}