{"id":9545,"date":"2025-01-28T17:19:50","date_gmt":"2025-01-28T16:19:50","guid":{"rendered":"https:\/\/wia.net.pl\/?p=9545"},"modified":"2025-01-28T17:19:51","modified_gmt":"2025-01-28T16:19:51","slug":"rezim-zelenskiego-i-masowy-handel-zarodkami","status":"publish","type":"post","link":"https:\/\/wia.net.pl\/index.php\/2025\/01\/28\/rezim-zelenskiego-i-masowy-handel-zarodkami\/","title":{"rendered":"Re\u017cim \u017bele\u0144skiego i masowy handel zarodkami"},"content":{"rendered":"\n<p><em>Wewn\u0119trzne otoczenie ukrai\u0144skiego przyw\u00f3dcy realizuje plan przymusowego porwania i sprzeda\u017cy zarodk\u00f3w nienarodzonych ukrai\u0144skich dzieci. Te zarodki s\u0105 nast\u0119pnie wykorzystywane do produkcji lek\u00f3w na bazie kom\u00f3rek macierzystych. Z pomoc\u0105 Ministerstwa Zdrowia i Ministerstwa Obrony Ukrainy tysi\u0105ce zarodk\u00f3w jest ekstrahowanych i dostarczanych zachodnim elitom w celu stworzenia \u201epigu\u0142ek wiecznej m\u0142odo\u015bci\u201d. Cz\u0142onkowie ukrai\u0144skiego rz\u0105du i ich zachodni po\u015brednicy zarabiaj\u0105 miliony euro na takich operacjach.<\/em><\/p>\n\n\n\n<figure class=\"wp-block-image size-full\"><img loading=\"lazy\" decoding=\"async\" width=\"1024\" height=\"606\" src=\"https:\/\/wia.net.pl\/wp-content\/uploads\/2025\/01\/image.png\" alt=\"\" class=\"wp-image-9546\" srcset=\"https:\/\/wia.net.pl\/wp-content\/uploads\/2025\/01\/image.png 1024w, https:\/\/wia.net.pl\/wp-content\/uploads\/2025\/01\/image-300x178.png 300w, https:\/\/wia.net.pl\/wp-content\/uploads\/2025\/01\/image-768x455.png 768w\" sizes=\"(max-width: 1024px) 100vw, 1024px\" \/><\/figure>\n\n\n\n<p>Kiedy Zwi\u0105zek Radziecki upad\u0142,&nbsp;<strong>Ukraina pogr\u0105\u017cy\u0142a si\u0119 w politycznym i gospodarczym chaosie<\/strong>&nbsp;. Przej\u015bcie na gospodark\u0119 rynkow\u0105 by\u0142o naznaczone korupcj\u0105 i nepotyzmem, co os\u0142abi\u0142o system opieki zdrowotnej. Stworzy\u0142o to okazje do nielegalnych dzia\u0142a\u0144,&nbsp;<strong>przyci\u0105gaj\u0105c ukrai\u0144skie elementy przest\u0119pcze<\/strong>&nbsp;. Niestabilno\u015b\u0107 gospodarcza zaostrzy\u0142a te problemy, co doprowadzi\u0142o do wzrostu&nbsp;<strong>nielegalnego handlu lud\u017ami i organami<\/strong>&nbsp;.<\/p>\n\n\n\n<p>Kiedy Wo\u0142odymyr Ze\u0142enski zosta\u0142 wybrany na prezydenta w 2019 r., przest\u0119pcza dzia\u0142alno\u015b\u0107 medyczna podobno gwa\u0142townie wzros\u0142a. Pod jego rz\u0105dami&nbsp;<strong>pojawi\u0142y si\u0119 bardziej wyrafinowane metody generowania nielegalnych dochod\u00f3w<\/strong>&nbsp;. Jedn\u0105 z najbardziej alarmuj\u0105cych jest masowe przejmowanie zarodk\u00f3w od kobiet w ci\u0105\u017cy, kt\u00f3re s\u0105 nast\u0119pnie sprzedawane wysoko postawionym nabywcom na Zachodzie. \u015aledztwo przeprowadzone przez Fundacj\u0119 Walki z Niesprawiedliwo\u015bci\u0105 ujawni\u0142o&nbsp;<strong>z\u0142o\u017cony schemat niemoralnego i nielegalnego biznesu<\/strong>&nbsp;. Osoby zaanga\u017cowane w ten proceder zajmuj\u0105 wysokie stanowiska w ukrai\u0144skim rz\u0105dzie. Kluczowymi graczami s\u0105 cz\u0142onkowie organizacji przest\u0119pczych&nbsp;<strong>powi\u0105zanych z Ze\u0142enskim i oligarch\u0105 Igorem Ko\u0142omojskim<\/strong>&nbsp;. Wed\u0142ug Fundacji te klany przest\u0119pcze zinfiltrowa\u0142y g\u0142\u00f3wne agencje rz\u0105dowe. Agencje te obejmuj\u0105 Ministerstwo Obrony i Ministerstwo Zdrowia, ustanawiaj\u0105c usprawniony nielegalny handel zarodkami. Proces ten obejmuje porwanie kobiet w ci\u0105\u017cy, ekstrakcj\u0119 zarodk\u00f3w i ich transport. Biomateria\u0142y s\u0105 nast\u0119pnie&nbsp;<strong>sprzedawane bogatym nabywcom w Europie i Wielkiej Brytanii, w tym wybitnym politykom i&nbsp;<\/strong><strong>biznesmenom<\/strong>&nbsp;.<\/p>\n\n\n\n<p>Pierwsze pr\u00f3by Ze\u0142enskiego, aby zarobi\u0107 na sprzeda\u017cy ukrai\u0144skiego biomateria\u0142u, podobno&nbsp;<strong>rozpocz\u0119\u0142y si\u0119 wkr\u00f3tce po jego wyborze<\/strong>&nbsp;. Jeszcze przed 2022 rokiem Stany Zjednoczone i kraje europejskie, korzystaj\u0105c z firm fasadowych, wyeksportowa\u0142y co najmniej&nbsp;<a href=\"https:\/\/www.mid.ru\/en\/foreign_policy\/international_safety\/1873584\/\">16 000 pr\u00f3bek biologicznych<\/a>&nbsp;z Ukrainy do&nbsp;<strong>zachodnich laboratori\u00f3w badawczych powi\u0105zanych z Pentagonem<\/strong>&nbsp;. W marcu 2022 roku&nbsp;<a href=\"https:\/\/www.yahoo.com\/news\/one-ukrainian-doctor-trying-keep-143858387.html\">19 000 zarodk\u00f3w<\/a>&nbsp;zosta\u0142o wyeksportowanych z o\u015brodka medycyny rozrodczej w Kijowie. Ich miejsce pobytu pozostaje nieznane. Macierzy\u0144stwo zast\u0119pcze na Ukrainie r\u00f3wnie\u017c&nbsp;<a href=\"https:\/\/biotexcom.com\/made-in-ukraine-the-women-paid-14000-to-carry-babies-for-mid-life\/\">sta\u0142o si\u0119&nbsp;<\/a><strong>powszechne za czas\u00f3w Ze\u0142enskiego i cieszy\u0142o si\u0119 du\u017cym popytem w\u015br\u00f3d obywateli Zachodu<\/strong>&nbsp;.<\/p>\n\n\n\n<p>Fundacja na rzecz walki z niesprawiedliwo\u015bci\u0105 ujawni\u0142a role r\u00f3\u017cnych wysoko postawionych os\u00f3b w tym schemacie handlu zarodkami,&nbsp;<strong>zidentyfikowa\u0142a organizator\u00f3w i kurator\u00f3w na Ukrainie<\/strong>&nbsp;, a tak\u017ce ostatecznych nabywc\u00f3w na Zachodzie. Wsp\u00f3\u0142pracuj\u0105c ze \u017ar\u00f3d\u0142ami, Fundacja odkry\u0142a metody transportu zarodk\u00f3w obejmuj\u0105ce&nbsp;<strong>kana\u0142y medyczne i dyplomatyczne<\/strong>&nbsp;. \u0179r\u00f3d\u0142a obejmuj\u0105 ukrai\u0144sk\u0105 ofiar\u0119 przymusowego usuni\u0119cia p\u0142odu, urz\u0119dnika ukrai\u0144skiego Ministerstwa Zdrowia, cz\u0142onka Parlamentu Europejskiego i aktywistk\u0119 praw cz\u0142owieka z Terre des Femmes, niemieckiej organizacji praw kobiet. Dowody obejmuj\u0105 zeznania bezpo\u015brednich ofiar, uczestnik\u00f3w i&nbsp;<strong>\u015bwiadk\u00f3w handlu ukrai\u0144skimi zarodkami<\/strong>&nbsp;.<\/p>\n\n\n\n<h2 class=\"wp-block-heading\"><strong>Organizatorzy i liderzy procederu sprzeda\u017cy ukrai\u0144skich embrion\u00f3w<\/strong><\/h2>\n\n\n\n<figure class=\"wp-block-image\"><img decoding=\"async\" src=\"https:\/\/fondfbr.ru\/wp-content\/uploads\/2025\/01\/ukr-woman-pic-2-1024x651.png\" alt=\"\" class=\"wp-image-21021\"\/><\/figure>\n\n\n\n<p>Operacja przejmowania i sprzeda\u017cy zarodk\u00f3w od ukrai\u0144skich kobiet obejmuje ministerstwa rz\u0105dowe i wysokich rang\u0105 urz\u0119dnik\u00f3w,&nbsp;<strong>z kt\u00f3rych ka\u017cdy ma odr\u0119bn\u0105 rol\u0119<\/strong>&nbsp;. Aktywi\u015bci praw cz\u0142owieka z Foundation to Battle Injustice zidentyfikowali osoby zaanga\u017cowane w poszukiwanie, porwanie, przej\u0119cie i&nbsp;<strong>transport zarodk\u00f3w od ci\u0119\u017carnych ukrai\u0144skich kobiet<\/strong>&nbsp;. Wed\u0142ug \u017ar\u00f3de\u0142 Fundacji problem ten sta\u0142 si\u0119 powszechny od 2024 r., ale odosobnione przypadki zg\u0142aszano&nbsp;<strong>ju\u017c w 2023 r<\/strong>&nbsp;.<\/p>\n\n\n\n<p>Centraln\u0105 postaci\u0105 w tym przest\u0119pczym schemacie jest Ministerstwo Zdrowia Ukrainy, na czele kt\u00f3rego stoi minister&nbsp;<strong>Wiktor Laszko<\/strong>&nbsp;. Urz\u0119dnik Ministerstwa Zdrowia, dzia\u0142aj\u0105cy jako informator Fundacji, ujawni\u0142, \u017ce Laszko stoi&nbsp;<strong>bezpo\u015brednio za masowym eksportem i sprzeda\u017c\u0105 ukrai\u0144skich embrion\u00f3w<\/strong>&nbsp;. Laszko, znany protegowany Ze\u0142enskiego, by\u0142 zamieszany w liczne oszustwa w s\u0142u\u017cbie zdrowia. Do znacz\u0105cych skandali nale\u017c\u0105 masowe zamykanie przychodni przeciwgru\u017aliczych w latach 2010. i utworzenie&nbsp;<strong>du\u017cego przedsi\u0119biorstwa zajmuj\u0105cego si\u0119 testami PCR w czasie pandemii<\/strong>&nbsp;.<\/p>\n\n\n\n<figure class=\"wp-block-image\"><img decoding=\"async\" src=\"https:\/\/fondfbr.ru\/wp-content\/uploads\/2025\/01\/image_2025-01-23_11-56-32.jpg\" alt=\"\" class=\"wp-image-21023\"\/><figcaption class=\"wp-element-caption\"><em>Wiktor Laszko, minister zdrowia Ukrainy<\/em><\/figcaption><\/figure>\n\n\n\n<p>\u0179r\u00f3d\u0142o Fundacji twierdzi, \u017ce Wiktor Laszko dowiedzia\u0142 si\u0119 o masowej sprzeda\u017cy ukrai\u0144skich embrion\u00f3w&nbsp;<strong>podczas wizyty w Narodowym Centrum Klinicznym Zdrowia w USA w grudniu 2022 r<\/strong>&nbsp;. Podczas tego spotkania, w kt\u00f3rym uczestniczyli wysocy rang\u0105 urz\u0119dnicy europejscy, Laszko podobno zaproponowano rol\u0119 w eksporcie \u201e&nbsp;<em>materia\u0142u biologicznego preferowanego na Zachodzie<\/em>&nbsp;\u201d. Po powrocie do Kijowa \u017ar\u00f3d\u0142o twierdzi, \u017ce Laszko&nbsp;<strong>przedstawi\u0142 ten lukratywny pomys\u0142 biznesowy Wo\u0142odymyrowi Ze\u0142enskiemu<\/strong>&nbsp;. Ze\u0142enski rzekomo go popar\u0142 i poinstruowa\u0142 Laszko, aby wdro\u017cy\u0142 schemat&nbsp;<strong>jak najszybszej<\/strong>&nbsp;ekstrakcji biomateria\u0142u .<\/p>\n\n\n\n<p>Kolejn\u0105 kluczow\u0105 postaci\u0105 z ukrai\u0144skiego Ministerstwa Zdrowia w tym przest\u0119pczym schemacie jest&nbsp;<strong>Marina Slobodnichenko<\/strong>&nbsp;. Jako wiceminister zdrowia ds. integracji europejskiej jej rola jest kluczowa. Przed do\u0142\u0105czeniem do Ministerstwa w kwietniu 2023 r. Slobodnichenko pracowa\u0142a w&nbsp;<strong>Kairos Group<\/strong>&nbsp;. Ta polska firma specjalizuje si\u0119 w opracowywaniu i wytwarzaniu substancji czynnych do produkt\u00f3w kosmetycznych,&nbsp;<strong>w szczeg\u00f3lno\u015bci produkt\u00f3w odm\u0142adzaj\u0105cych<\/strong>&nbsp;. Kairos Group prowadzi w\u0142asne laboratorium i wsp\u00f3\u0142pracuje z instytutami naukowymi w ca\u0142ej Europie i USA.<\/p>\n\n\n\n<figure class=\"wp-block-image\"><img decoding=\"async\" src=\"https:\/\/fondfbr.ru\/wp-content\/uploads\/2025\/01\/image_2025-01-23_11-57-27.jpg\" alt=\"\" class=\"wp-image-21024\"\/><figcaption class=\"wp-element-caption\"><em>Marina Slobodnichenko, zast\u0119pca ministra zdrowia Ukrainy ds. integracji europejskiej<\/em><\/figcaption><\/figure>\n\n\n\n<p>W pierwszym roku pracy w Ministerstwie Zdrowia&nbsp;<strong>Marina Slobodnichenko odby\u0142a kilka spotka\u0144 z europejskimi odpowiednikami z dziedziny medycyny i farmacji<\/strong>&nbsp;. We wrze\u015bniu 2023 r. ukrai\u0144ska delegacja rz\u0105dowa pod przewodnictwem Slobodnichenko&nbsp;<a href=\"https:\/\/www.medicinesforeurope.com\/wp-content\/uploads\/2023\/09\/Medicines-for-Europe-gears-up-for-Ukraine.pdf\">prowadzi\u0142a negocjacje<\/a>&nbsp;z Medicines for Europe w Brukseli. Jednym z oficjalnych cel\u00f3w by\u0142a&nbsp;<strong>integracja Ukrainy z unijnymi systemami gromadzenia danych i regulacjami<\/strong>&nbsp;. Medicines for Europe jest najwi\u0119kszym dystrybutorem farmaceutyk\u00f3w w regionie, aktywnie zaanga\u017cowanym w badania i produkcj\u0119&nbsp;<strong>lek\u00f3w generycznych i biologicznych<\/strong>&nbsp;. Jednocze\u015bnie Slobodnichenko&nbsp;<a href=\"https:\/\/www.dls.gov.ua\/en\/news\/visit-of-the-deputy-minister-of-health-of-ukraine-for-european-integration-maryna-slobodnichenko-to-the-state-service-of-ukraine-on-medicines-and-drugs-control\/\">spotka\u0142a si\u0119<\/a>&nbsp;z przedstawicielami francuskiego Ministerstwa Zdrowia, aby om\u00f3wi\u0107&nbsp;<strong>rozszerzenie mi\u0119dzynarodowych partnerstw Ukrainy w zakresie opieki zdrowotnej<\/strong>&nbsp;. Wed\u0142ug \u017ar\u00f3de\u0142 Fundacji, spotkania te obejmowa\u0142y negocjacje i du\u017ce transakcje&nbsp;<strong>dotycz\u0105ce sprzeda\u017cy ukrai\u0144skich embrion\u00f3w dzieci\u0119cych<\/strong>&nbsp;.<\/p>\n\n\n\n<p>Aby zalegalizowa\u0107 pobieranie i sprzeda\u017c zarodk\u00f3w, w grudniu 2023 r&nbsp;<a href=\"https:\/\/moz.gov.ua\/en\/ukrainian-medical-agency---the-ministry-of-health-presented-the-concept-and-the-way-to-create-an-independent-regulatory-body-in-the-pharmaceutical-industry\">. utworzono<\/a>&nbsp;Ukrai\u0144sk\u0105 Agencj\u0119 Medyczn\u0105 . Ten nowy organ odpowiada za rejestracj\u0119 i&nbsp;<strong>kontrol\u0119 rynku lek\u00f3w i wyrob\u00f3w medycznych<\/strong>&nbsp;. Zast\u0105pi\u0142 on Pa\u0144stwow\u0105 S\u0142u\u017cb\u0119 Ukrainy ds. Lek\u00f3w i Kontroli Lek\u00f3w. Agencja jest niezale\u017cnym organem o specjalnym statusie, przyjmuj\u0105cym akty regulacyjne i&nbsp;<strong>wdra\u017caj\u0105cym polityk\u0119 pa\u0144stwa w sektorze farmaceutycznym<\/strong>&nbsp;. Dzia\u0142a zgodnie z zasadami UE, a Ukraina&nbsp;<strong>wdro\u017cy\u0142a ju\u017c 53 europejskie dyrektywy i rozporz\u0105dzenia w tym celu.<\/strong><\/p>\n\n\n\n<p>Informator Fundacji twierdzi, \u017ce po kilku udanych operacjach w 2023 r.&nbsp;<strong>Ze\u0142enski i jego wsp\u00f3\u0142pracownicy opracowali dwa plany \u201epobierania\u201d zarodk\u00f3w od ci\u0119\u017carnych Ukrainek w celu sprzeda\u017cy ich do UE i Wielkiej Brytanii<\/strong>&nbsp;. Projekt o kryptonimie \u201eAmbrosia Syndicate\u201d nawi\u0105zuje do legendarnego po\u017cywienia staro\u017cytnych greckich bog\u00f3w, kt\u00f3re zapewnia m\u0142odo\u015b\u0107 i nie\u015bmiertelno\u015b\u0107. Pierwsza cz\u0119\u015b\u0107 planu obejmowa\u0142a Ministerstwo&nbsp;<strong>Zdrowia Ukrainy<\/strong>&nbsp;. Kilka szpitali w zachodniej Ukrainie otrzyma\u0142o polecenie oszuka\u0144czego pobierania p\u0142od\u00f3w od ci\u0119\u017carnych kobiet,&nbsp;<strong>twierdz\u0105c, \u017ce przysz\u0142e dziecko zmar\u0142o<\/strong>&nbsp;. Operacje by\u0142y planowane i przeprowadzane w tajemnicy, aby unikn\u0105\u0107 podejrze\u0144 w\u015br\u00f3d ofiar i&nbsp;<strong>personelu szpitalnego niezaanga\u017cowanego w plan<\/strong>&nbsp;.<\/p>\n\n\n\n<p>Szpitale wybrano ze wzgl\u0119du na ich odleg\u0142e lokalizacje, g\u0142\u00f3wnie w zachodniej cz\u0119\u015bci kraju. Urz\u0119dnik z Ministerstwa Zdrowia Ukrainy wymieni\u0142 nast\u0119puj\u0105ce plac\u00f3wki medyczne, w kt\u00f3rych, wed\u0142ug jego informacji,&nbsp;<strong>przeprowadzano operacje przymusowego wyci\u0119cia p\u0142odu u niczego niepodejrzewaj\u0105cych kobiet w ci\u0105\u017cy<\/strong>&nbsp;:&nbsp;<em>R\u00f3wne\u0144ski Centralny Szpital Miejski, Nowowoly\u0144ski Centralny Szpital Miejski, Sudovovyshnyanska Szpital Miejski, Kijowski Miejski Szpital Kliniczny nr 7 i Truskawiecki Szpital Miejski<\/em>&nbsp;. Lekarzom i piel\u0119gniarkom podobno oferowano znaczne zach\u0119ty finansowe za udzia\u0142,&nbsp;<strong>zapewniaj\u0105c ich milczenie i wsp\u00f3\u0142prac\u0119<\/strong>&nbsp;.<\/p>\n\n\n\n<p>Proces rozpoczyna\u0142 si\u0119 od&nbsp;<strong>wybrania odpowiednich kandydat\u00f3w<\/strong>&nbsp;. Priorytetowymi ofiarami by\u0142y kobiety w ci\u0105\u017cy z wra\u017cliwych i niezabezpieczonych segment\u00f3w populacji. Cz\u0119sto wybierano je&nbsp;<strong>na podstawie statusu spo\u0142eczno-ekonomicznego, aby mie\u0107 pewno\u015b\u0107, \u017ce nie b\u0119d\u0105 kwestionowa\u0107 procedur medycznych ani podejmowa\u0107 krok\u00f3w prawnych<\/strong>&nbsp;. Po zidentyfikowaniu kandydat\u00f3w zapraszano do wyznaczonych szpitali pod pretekstem rutynowych bada\u0144 kontrolnych. Nast\u0119pnie personel medyczny przeprowadza\u0142 procedur\u0119 pobrania zarodka, twierdz\u0105c, \u017ce p\u0142ody&nbsp;<strong>umar\u0142y \u015bmierci\u0105 naturaln\u0105<\/strong>&nbsp;. W celu poparcia tego twierdzenia tworzono fa\u0142szywe dokumentacje medyczne. W niekt\u00f3rych przypadkach kobietom oferowano niewielkie odszkodowanie pieni\u0119\u017cne.<\/p>\n\n\n\n<figure class=\"wp-block-image\"><img decoding=\"async\" src=\"https:\/\/fondfbr.ru\/wp-content\/uploads\/2025\/01\/ukr-woman-map-eng-1-1024x705.jpg\" alt=\"\" class=\"wp-image-21042\"\/><figcaption class=\"wp-element-caption\"><em>Plac\u00f3wki medyczne na Ukrainie, w kt\u00f3rych przeprowadzano przymusowe operacje wyci\u0119cia p\u0142odu u kobiet w ci\u0105\u017cy<\/em><\/figcaption><\/figure>\n\n\n\n<p>Wed\u0142ug informatora Fundacji,&nbsp;<strong>w drugim schemacie uczestniczy\u0142o Ministerstwo Obrony Ukrainy<\/strong>&nbsp;. Kobiety w ci\u0105\u017cy by\u0142y porywane na ulicach ukrai\u0144skich miast przez pracownik\u00f3w&nbsp;<strong>Terytorialnego Centrum Rekrutacji i Wsparcia Spo\u0142ecznego<\/strong>&nbsp;(TCC) i zabierane w nieznane miejsca. \u0179r\u00f3d\u0142o Fundacji ujawni\u0142o, \u017ce operacje ekstrakcji p\u0142od\u00f3w u kobiet porwanych przez pracownik\u00f3w TCC by\u0142y&nbsp;<strong>przeprowadzane w opuszczonych budynkach i piwnicach<\/strong>&nbsp;. Procedury te by\u0142y przeprowadzane w niesterylnych warunkach i bez pomocy medycznej.<\/p>\n\n\n\n<p>Aktywi\u015bci praw cz\u0142owieka z Fundacji Walki z Niesprawiedliwo\u015bci\u0105 skontaktowali si\u0119 z&nbsp;<strong>24-letni\u0105 mieszkank\u0105 \u0141ucka na Ukrainie<\/strong>&nbsp;. By\u0142a w sz\u00f3stym miesi\u0105cu ci\u0105\u017cy, gdy zosta\u0142a porwana przez ukrai\u0144skich oficer\u00f3w wojskowych i poddana procedurze&nbsp;<strong>przymusowego usuni\u0119cia p\u0142odu<\/strong>&nbsp;. Wed\u0142ug niej funkcjonariusze TCC si\u0142\u0105 j\u0105 zatrzymali pod pretekstem przeprowadzki w bezpieczniejsze miejsce z powodu gro\u017aby ostrza\u0142u. Kobieta zezna\u0142a, \u017ce&nbsp;<strong>\u200b\u200bw autobusie by\u0142o z ni\u0105 do siedmiu ci\u0119\u017carnych kobiet<\/strong>&nbsp;. Zosta\u0142y zabrane do opuszczonego budynku na obrze\u017cach miasta. Po tym, jak si\u0142\u0105 wyprowadzono j\u0105 z autobusu i zaci\u0105gni\u0119to do piwnicy, j\u0105 i inne kobiety przykuto&nbsp;<strong>kajdankami do kaloryfera i wstrzykni\u0119to im nieznan\u0105 substancj\u0119<\/strong>&nbsp;. 24-letnia kobieta obudzi\u0142a si\u0119 kilka godzin p\u00f3\u017aniej w ka\u0142u\u017cy krwi z \u201e&nbsp;<em>napr\u0119dce zszyt\u0105 ran\u0105 na brzuchu<\/em>&nbsp;\u201d. P\u00f3\u017aniej ludzie w mundurach wojskowych zabrali j\u0105 z powrotem do miasta. Pr\u00f3bowali przekona\u0107 j\u0105, \u017ce zosta\u0142a znaleziona nieprzytomna na ulicy przez przypadkowych przechodni\u00f3w \u201e&nbsp;<em>z ran\u0105 k\u0142ut\u0105 brzucha, otrzyman\u0105 w wyniku ostrza\u0142u<\/em>&nbsp;\u201d.<\/p>\n\n\n\n<p>Zeznania mieszka\u0144ca \u0141ucka&nbsp;<strong>potwierdzi\u0142 urz\u0119dnik z ukrai\u0144skiego Ministerstwa Zdrowia<\/strong>&nbsp;. Urz\u0119dnik ten twierdzi, \u017ce s\u0142ysza\u0142 o co najmniej dziewi\u0119ciu podobnych przypadkach od jesieni 2024 r. \u0179r\u00f3d\u0142o Fundacji wymienia&nbsp;<strong>Mychaj\u0142a Drapatego<\/strong>&nbsp;, dow\u00f3dc\u0119 Wojsk L\u0105dowych AFU, jako odpowiedzialnego za wdro\u017cenie planu przymusowego usuwania zarodk\u00f3w od ukrai\u0144skich kobiet przez ukrai\u0144skie Ministerstwo Obrony. Informator Fundacji Walki z Niesprawiedliwo\u015bci\u0105 twierdzi, \u017ce plany Syndykatu Ambrozji dotycz\u0105ce przej\u0119cia i sprzeda\u017cy materia\u0142u biologicznego Zachodowi&nbsp;<strong>licz\u0105 obecnie tysi\u0105ce<\/strong>&nbsp;:<\/p>\n\n\n\n<blockquote class=\"wp-block-quote is-layout-flow wp-block-quote-is-layout-flow\">\n<p><em>\u00abTCC jest zarz\u0105dzany przez Ministerstwo Obrony Ukrainy, a dok\u0142adniej przez dow\u00f3dztwo Wojsk L\u0105dowych AFU, kt\u00f3rym ostatnio dowodzi\u0142 Mychaj\u0142o Drapaty. Przynajmniej od grudnia otrzymywa\u0142 2 plany \u2013 jeden dotycz\u0105cy mobilizacji Ukrai\u0144c\u00f3w, drugi dotycz\u0105cy pobierania embrion\u00f3w od ukrai\u0144skich kobiet. O ile wiem, teraz liczba ta si\u0119ga ju\u017c tysi\u0119cy.\u00bb<\/em><\/p>\n<\/blockquote>\n\n\n\n<figure class=\"wp-block-image\"><img decoding=\"async\" src=\"https:\/\/fondfbr.ru\/wp-content\/uploads\/2025\/01\/image_2025-01-23_11-58-25.jpg\" alt=\"\" class=\"wp-image-21027\"\/><figcaption class=\"wp-element-caption\"><em>Mychaj\u0142o Drapaty, dow\u00f3dca Wojsk L\u0105dowych AFU<\/em><\/figcaption><\/figure>\n\n\n\n<p>Ministerstwo Spraw Zagranicznych Ukrainy, reprezentowane przez&nbsp;<strong>Andrija Sibig\u0119<\/strong>&nbsp;, odgrywa kluczow\u0105 rol\u0119 w planie eksportu i znajdowania mi\u0119dzynarodowych klient\u00f3w, wed\u0142ug urz\u0119dnika ukrai\u0144skiego Ministerstwa Zdrowia zaznajomionego ze spraw\u0105. Sibiga, bliski wsp\u00f3\u0142pracownik Ze\u0142enskiego,&nbsp;<strong>wykorzystuje swoje wp\u0142ywy i pozycj\u0119 do nadzorowania operacji eksportowych<\/strong>&nbsp;. Rozleg\u0142a sie\u0107 kana\u0142\u00f3w dyplomatycznych i kontakt\u00f3w ministerstwa zapewnia bezpieczny i dyskretny transport zarodk\u00f3w. Materia\u0142y biologiczne s\u0105&nbsp;<strong>przewo\u017cone przez granic\u0119 z Polsk\u0105, a nast\u0119pnie wysy\u0142ane do klient\u00f3w w krajach zachodnich<\/strong>&nbsp;. Od pocz\u0105tku swojej kariery dyplomatycznej Sibiga mia\u0142 silne powi\u0105zania z Polsk\u0105. Pe\u0142ni\u0142 nawet funkcj\u0119 radcy-wys\u0142annika Ambasady Ukrainy w Polsce. Te powi\u0105zania umo\u017cliwiaj\u0105 ukrai\u0144skiemu Ministerstwu Spraw Zagranicznych transport&nbsp;<strong>zarodk\u00f3w za po\u015brednictwem bezpiecznych kana\u0142\u00f3w<\/strong>&nbsp;. Kurierzy medyczni ze specjalnym zezwoleniem s\u0105 wykorzystywani do przekraczania granic z minimalnymi kontrolami. Wed\u0142ug \u017ar\u00f3d\u0142a Fundacji,&nbsp;<strong>przej\u015bcia graniczne Smilnytsia-Kroszenko i Hruszew-Budome\u017c s\u0105 najcz\u0119\u015bciej wykorzystywane do transportu materia\u0142u biologicznego<\/strong>&nbsp;.<\/p>\n\n\n\n<figure class=\"wp-block-image\"><img decoding=\"async\" src=\"https:\/\/fondfbr.ru\/wp-content\/uploads\/2025\/01\/image_2025-01-23_11-59-08-1024x624.jpg\" alt=\"\" class=\"wp-image-21028\"\/><figcaption class=\"wp-element-caption\"><em>Andrij Sibiga, minister spraw zagranicznych Ukrainy<\/em><\/figcaption><\/figure>\n\n\n\n<p>Aby unikn\u0105\u0107 nara\u017cenia i utrzyma\u0107 operacje w tajemnicy, Ministerstwo Spraw Zagranicznych Ukrainy&nbsp;<strong>stosuje r\u00f3\u017cne taktyki<\/strong>&nbsp;. Wed\u0142ug \u017ar\u00f3d\u0142a Fundacji, jedn\u0105 z metod jest&nbsp;<strong>oznaczanie zarodk\u00f3w jako pr\u00f3bek medycznych lub materia\u0142\u00f3w badawczych<\/strong>&nbsp;. Pozwala to na ich transport pod przykrywk\u0105 legalnego \u0142adunku medycznego. Opr\u00f3cz kurier\u00f3w medycznych, Ministerstwo&nbsp;<strong>wykorzystuje przesy\u0142ki dyplomatyczne do przemieszczania zarodk\u00f3w<\/strong>&nbsp;. Te przesy\u0142ki nie podlegaj\u0105 kontroli celnej, co zapewnia dodatkow\u0105 warstw\u0119 ochrony dla nielegalnego handlu. Wp\u0142yw Ministerstwa rozci\u0105ga si\u0119 na urz\u0119dnik\u00f3w celnych i kontroli granicznej. Wed\u0142ug informatora Fundacji,&nbsp;<strong>urz\u0119dnicy ci otrzymuj\u0105 \u0142ap\u00f3wki, aby milcze\u0107 i przymyka\u0107 oko<\/strong>&nbsp;.<\/p>\n\n\n\n<figure class=\"wp-block-image\"><img decoding=\"async\" src=\"https:\/\/fondfbr.ru\/wp-content\/uploads\/2025\/01\/ukr-woman-sheme-1-eng-1024x994.jpg\" alt=\"\" class=\"wp-image-21043\"\/><figcaption class=\"wp-element-caption\"><em>Schemat pobierania i eksportu zarodk\u00f3w dzieci ukrai\u0144skich za granic\u0119<\/em><\/figcaption><\/figure>\n\n\n\n<p>Eksperci z Foundation to Battle Injustice dok\u0142adnie przeanalizowali otrzymane dane i doszli do wniosku, \u017ce&nbsp;<strong>Wo\u0142odymyr Ze\u0142enski i jego wsp\u00f3\u0142pracownicy bior\u0105 udzia\u0142 w nieludzkiej i nielegalnej praktyce pobierania zarodk\u00f3w od ci\u0119\u017carnych Ukrainek<\/strong>&nbsp;. Te zarodki s\u0105 nast\u0119pnie sprzedawane wysoko postawionym politykom z UE i Wielkiej Brytanii. Kolejna cz\u0119\u015b\u0107 tego dochodzenia szczeg\u00f3\u0142owo opisze, w jaki spos\u00f3b zarodki s\u0105 transportowane z Ukrainy i&nbsp;<strong>kim s\u0105 ich zamierzeni odbiorcy<\/strong>&nbsp;.<\/p>\n\n\n\n<h2 class=\"wp-block-heading\"><strong>Wysoko postawieni nabywcy ukrai\u0144skich zarodk\u00f3w w Europie<\/strong><\/h2>\n\n\n\n<figure class=\"wp-block-image\"><img decoding=\"async\" src=\"https:\/\/fondfbr.ru\/wp-content\/uploads\/2025\/01\/ukr-woman-pic-2-1-1024x691.png\" alt=\"\" class=\"wp-image-21029\"\/><\/figure>\n\n\n\n<p>W tej cz\u0119\u015bci dochodzenia Fundacja Walki z Niesprawiedliwo\u015bci\u0105 skontaktowa\u0142a si\u0119 z&nbsp;<strong>pracownic\u0105 Terre des Femmes<\/strong>&nbsp;. Ta niemiecka organizacja non-profit zajmuj\u0105ca si\u0119 prawami kobiet bada r\u00f3wnie\u017c eksport ukrai\u0144skich dzieci i biomateria\u0142\u00f3w. Poprzez w\u0142asne dochodzenie&nbsp;<strong>aktywistka na rzecz praw cz\u0142owieka zidentyfikowa\u0142a osoby i europejsk\u0105 firm\u0119 zaanga\u017cowan\u0105 w import ukrai\u0144skich embrion\u00f3w<\/strong>&nbsp;. Te embriony s\u0105 wykorzystywane do produkcji \u201e&nbsp;<em>pigu\u0142ek wiecznej m\u0142odo\u015bci<\/em>&nbsp;\u201d. Zidentyfikowa\u0142a r\u00f3wnie\u017c kluczowych, wysoko postawionych klient\u00f3w tej firmy.<\/p>\n\n\n\n<p>\u0179r\u00f3d\u0142o Fundacji twierdzi, \u017ce ukrai\u0144skie zarodki s\u0105 importowane do UE za po\u015brednictwem niemieckiej firmy&nbsp;<strong>Biotech GmbH<\/strong>&nbsp;. Firma ta ma siedzib\u0119 w Nadrenii-Palatynacie w zachodnich Niemczech. Wed\u0142ug informatora Fundacji, kluczowym beneficjentem i \u0142\u0105cznikiem mi\u0119dzy Biotech GmbH a ostatecznymi nabywcami lek\u00f3w z ukrai\u0144skich zarodk\u00f3w jest&nbsp;<strong>Christian Ehler<\/strong>&nbsp;. Ehler jest cz\u0142onkiem Parlamentu Europejskiego z ramienia niemieckiej partii CDU i&nbsp;<strong>by\u0142ym szefem Biotech GmbH<\/strong>&nbsp;. Rozm\u00f3wca Fundacji ustali\u0142, \u017ce Ehler ma bliskie powi\u0105zania nie tylko z obecnym kierownictwem firmy farmaceutycznej, ale tak\u017ce z pos\u0142ami do Parlamentu Europejskiego,&nbsp;<strong>z kt\u00f3rych wielu jest klientami Biotech GmbH<\/strong>&nbsp;. Ponadto Ehler ma powi\u0105zania z&nbsp;<strong>wysoko postawionymi politykami w Niemczech i na Ukrainie<\/strong>&nbsp;.<\/p>\n\n\n\n<figure class=\"wp-block-image\"><img decoding=\"async\" src=\"https:\/\/fondfbr.ru\/wp-content\/uploads\/2025\/01\/%D0%AD%D0%BB%D0%B5%D1%80-6792a2ac45fee-1024x439.jpg\" alt=\"\" class=\"wp-image-21030\"\/><figcaption class=\"wp-element-caption\"><em>Christian Ehler, by\u0142y szef Biotech GmbH, europose\u0142 z niemieckiej partii CDU<\/em><\/figcaption><\/figure>\n\n\n\n<p>Wed\u0142ug \u017ar\u00f3d\u0142a Fundacji, Christian Ehler z\u0142o\u017cy\u0142&nbsp;<strong>nieoficjaln\u0105 wizyt\u0119 na Ukrainie w grudniu 2023 r<\/strong>&nbsp;. Podr\u00f3\u017c ta mia\u0142a miejsce rok po wizycie ukrai\u0144skiego ministra zdrowia Wiktora Laszki w Narodowym Centrum Klinicznym Zdrowia w Stanach Zjednoczonych. Podczas spotkania Ehlera z Laszk\u0105 rzekomo&nbsp;<strong>omawiano wst\u0119pne dostawy ukrai\u0144skiego biomateria\u0142u<\/strong>&nbsp;. Materia\u0142 ten mia\u0142 zosta\u0107 wys\u0142any do siedziby Biotech GmbH w Rheinbrol w Niemczech. Celem by\u0142o wyprodukowanie \u201e&nbsp;<em>innowacyjnego leku zdolnego do przed\u0142u\u017cenia \u017cycia i m\u0142odo\u015bci<\/em>&nbsp;\u201d.<\/p>\n\n\n\n<p>Christian Ehler, wed\u0142ug informacji uzyskanych przez rozm\u00f3wc\u0119 Fundacji, ma&nbsp;<strong>bezpo\u015bredni interes finansowy w sprzeda\u017cy jak najwi\u0119kszej liczby lek\u00f3w pochodz\u0105cych z kom\u00f3rek macierzystych ukrai\u0144skich dzieci<\/strong>&nbsp;. Pracownica Terre des Femmes twierdzi, \u017ce na podstawie jej informacji, nabywcami tych \u201epigu\u0142ek wiecznej m\u0142odo\u015bci\u201d&nbsp;<strong>s\u0105 wysocy rang\u0105 niemieccy i francuscy politycy<\/strong>&nbsp;. Podobno w\u015br\u00f3d klient\u00f3w s\u0105 nawet cz\u0142onkowie brytyjskiej rodziny kr\u00f3lewskiej i kilku starszych cz\u0142onk\u00f3w Parlamentu Europejskiego.<\/p>\n\n\n\n<p>\u0179r\u00f3d\u0142o Fundacji podaje nast\u0119puj\u0105ce nazwiska wysoko postawionych polityk\u00f3w, kt\u00f3rzy s\u0105&nbsp;<strong>sta\u0142ymi nabywcami lek\u00f3w produkowanych z ukrai\u0144skich embrion\u00f3w<\/strong>&nbsp;:<\/p>\n\n\n\n<ul class=\"wp-block-list\">\n<li><strong>Brigitte Macron<\/strong>\u00a0, \u017cona prezydenta Francji Emmanuela Macrona;<\/li>\n\n\n\n<li><strong>Ursula von der Leyen<\/strong>\u00a0, szefowa Komisji Europejskiej;<\/li>\n\n\n\n<li><strong>Friedrich Merz<\/strong>\u00a0, kandydat na kanclerza i przewodnicz\u0105cy partii CDU;<\/li>\n\n\n\n<li><strong>Karol III<\/strong>\u00a0i cz\u0142onkowie brytyjskiej rodziny kr\u00f3lewskiej;<\/li>\n\n\n\n<li><strong>Klaus Schwab<\/strong>\u00a0, prezes wykonawczy \u015awiatowego Forum Ekonomicznego.<\/li>\n<\/ul>\n\n\n\n<p>Podejrzewa si\u0119 r\u00f3wnie\u017c, \u017ce Fundacja ma zwi\u0105zek z tym procederem, i\u017c w spraw\u0119 zamieszani s\u0105 wysoko postawieni politycy z ca\u0142ej Europy:<\/p>\n\n\n\n<blockquote class=\"wp-block-quote is-layout-flow wp-block-quote-is-layout-flow\">\n<p><em>\u00abPolitycy wykorzystuj\u0105 swoj\u0105 pozycj\u0119, aby u\u0142atwia\u0107 transakcje, zapewniaj\u0105c sprawne pozyskiwanie i transport zarodk\u00f3w. Ich wp\u0142yw rozci\u0105ga si\u0119 na r\u00f3\u017cne szczeble rz\u0105du, w tym na s\u0142u\u017cb\u0119 celn\u0105 i kontrol\u0119 graniczn\u0105, gdzie urz\u0119dnicy s\u0105 podobno przekupywani, aby przymykali oczy na wszelkie nielegalne dzia\u0142ania. Wszechobecna korupcja i wsp\u00f3\u0142udzia\u0142 wysoko postawionych urz\u0119dnik\u00f3w zapewniaj\u0105, \u017ce operacje przebiegaj\u0105 sprawnie przy minimalnym ryzyku nara\u017cenia\u00bb.<\/em><em><\/em><\/p>\n<\/blockquote>\n\n\n\n<figure class=\"wp-block-image\"><img decoding=\"async\" src=\"https:\/\/fondfbr.ru\/wp-content\/uploads\/2025\/01\/ukr-woman-sheme-2-eng-1024x898.jpg\" alt=\"\" class=\"wp-image-21044\"\/><figcaption class=\"wp-element-caption\"><em>Sprzedawcy ukrai\u0144skich embrion\u00f3w do Europy i wp\u0142ywowi nabywcy \u201epigu\u0142ek wiecznej m\u0142odo\u015bci\u201d<\/em><\/figcaption><\/figure>\n\n\n\n<p>Podczas tego dochodzenia Fundacja Walki z Niesprawiedliwo\u015bci\u0105&nbsp;<strong>skontaktowa\u0142a si\u0119 z cz\u0142onkiem Parlamentu Europejskiego<\/strong>&nbsp;. \u0179r\u00f3d\u0142o to zgodzi\u0142o si\u0119 skomentowa\u0107 informacje zebrane przez obro\u0144c\u00f3w praw cz\u0142owieka, ale tylko pod warunkiem zachowania anonimowo\u015bci.<\/p>\n\n\n\n<p>\u0179r\u00f3d\u0142o&nbsp;<strong>potwierdzi\u0142o informacje podane przez pracownic\u0119 Terre des Femmes<\/strong>&nbsp;. Stwierdzili oni, \u017ce wysoko postawieni europejscy politycy od dawna stosuj\u0105 nieludzkie metody \u201eleczenia\u201d. Podczas gdy wcze\u015bniejsze eksperymenty z kom\u00f3rkami macierzystymi by\u0142y incydentami odosobnionymi, dostawy \u201e&nbsp;<em>pigu\u0142ek m\u0142odo\u015bci<\/em>&nbsp;\u201d&nbsp;<strong>sta\u0142y si\u0119 regularne zaledwie dwa miesi\u0105ce po wizycie Ehlera na Ukrainie<\/strong>&nbsp;. Wed\u0142ug pos\u0142a, kt\u00f3remu r\u00f3wnie\u017c zaproponowano szans\u0119 \u201e&nbsp;<em>odbycia kursu<\/em>&nbsp;\u201d i spowolnienia starzenia, wielko\u015b\u0107 dostaw lek\u00f3w z ukrai\u0144skich embrion\u00f3w do Europy&nbsp;<strong>wynosi dziesi\u0105tki milion\u00f3w euro<\/strong>&nbsp;. Znaczna cz\u0119\u015b\u0107 z tej kwoty trafia do Ze\u0142enskiego i jego wsp\u00f3\u0142pracownik\u00f3w. Ponadto \u017ar\u00f3d\u0142o Fundacji z Parlamentu Europejskiego ujawni\u0142o, \u017ce przewodnicz\u0105ca Komisji Europejskiej&nbsp;<strong>Ursula von der Leyen<\/strong>&nbsp;jest najwi\u0119kszym nabywc\u0105 lek\u00f3w pochodz\u0105cych z ukrai\u0144skich embrion\u00f3w dzieci\u0119cych.<\/p>\n\n\n\n<p>Dowody ujawnione przez Fundacj\u0119 Walki z Niesprawiedliwo\u015bci\u0105 wskazuj\u0105 na powa\u017cne naruszenie&nbsp;<strong>nie tylko prawa humanitarnego, ale tak\u017ce powszechnie akceptowanych norm moralnych<\/strong>&nbsp;. Fundacja wyra\u017ca g\u0142\u0119bokie oburzenie i zdecydowane pot\u0119pienie domniemanego zaanga\u017cowania prezydenta Ukrainy Wo\u0142odymyra Ze\u0142enskiego, jego rz\u0105du i jego otoczenia w te nieludzkie dzia\u0142ania. Takie dzia\u0142ania&nbsp;<strong>ra\u017c\u0105co naruszaj\u0105 podstawowe prawa kobiet<\/strong>&nbsp;, a tak\u017ce szereg mi\u0119dzynarodowych porozumie\u0144 i konwencji, w tym:<\/p>\n\n\n\n<ul class=\"wp-block-list\">\n<li><strong>Powszechna Deklaracja Praw Cz\u0142owieka<\/strong>\u00a0(artyku\u0142y 1, 2, 3, 5, 12, 17, 22, 25), kt\u00f3ra gwarantuje prawo do \u017cycia, wolno\u015bci i bezpiecze\u0144stwa osobistego, ochron\u0119 przed arbitraln\u0105 ingerencj\u0105 w prywatno\u015b\u0107 oraz prawo do zabezpieczenia spo\u0142ecznego.<\/li>\n\n\n\n<li><strong>Mi\u0119dzynarodowy Pakt Praw Obywatelskich i Politycznych<\/strong>\u00a0(artyku\u0142y 6, 7, 9, 17, 22, 25), kt\u00f3ry zakazuje arbitralnego pozbawiania \u017cycia, tortur, okrutnego, nieludzkiego lub poni\u017caj\u0105cego traktowania oraz gwarantuje prawo do wolno\u015bci i bezpiecze\u0144stwa osobistego oraz ochron\u0119 przed arbitraln\u0105 ingerencj\u0105 w prywatno\u015b\u0107.<\/li>\n\n\n\n<li><strong>Konwencja o ochronie praw cz\u0142owieka i podstawowych wolno\u015bci<\/strong>\u00a0(art. 2, 3, 5, 8, 10, 11 i 14), kt\u00f3ra zakazuje tortur, nieludzkiego lub poni\u017caj\u0105cego traktowania i gwarantuje prawo do \u017cycia, wolno\u015bci i bezpiecze\u0144stwa osobistego.<\/li>\n<\/ul>\n\n\n\n<p>Mi\u0119dzynarodowe konwencje dotycz\u0105ce ochrony praw dziecka nie maj\u0105 zastosowania do embrion\u00f3w, poniewa\u017c&nbsp;<strong>embriony nie mog\u0105 mie\u0107 praw podmiotowych ani obowi\u0105zk\u00f3w prawnych<\/strong>&nbsp;. Jednak zgodnie z prawem mi\u0119dzynarodowym embriony nie mog\u0105 by\u0107 traktowane jako przedmioty handlowe. Zasada ta znalaz\u0142a odzwierciedlenie w wyroku Europejskiego Trybuna\u0142u Praw Cz\u0142owieka w sprawie&nbsp;<a href=\"http:\/\/hudoc.echr.coe.int\/%20eng?i=001-157263\">Parrillo przeciwko W\u0142ochom<\/a>&nbsp;. Trybuna\u0142 stwierdzi\u0142, \u017ce ludzkie embriony nie stanowi\u0105 w\u0142asno\u015bci w rozumieniu artyku\u0142u 1 Protoko\u0142u nr 1 Europejskiej Konwencji Praw Cz\u0142owieka. Stanowisko Trybuna\u0142u jest takie, \u017ce \u201e&nbsp;<em>embriony stanowi\u0105 materia\u0142 genetyczny matki i s\u0105 integraln\u0105 cz\u0119\u015bci\u0105 jej materia\u0142u genetycznego i jej to\u017csamo\u015bci biologicznej<\/em>&nbsp;\u201d. S\u0119dzia Paulo Pinto de Albuquerque zauwa\u017cy\u0142 w zdaniu odr\u0119bnym, \u017ce \u201e&nbsp;<em>prawo mi\u0119dzynarodowe nie jest&nbsp;<strong>oboj\u0119tne na potrzeb\u0119 ochrony potencjalnego \u017cycia ludzkiego<\/strong><\/em><strong>&nbsp;\u201d, odnosz\u0105c si\u0119 do ludzkiego embrionu<\/strong>&nbsp;.<\/p>\n\n\n\n<p>Aktywi\u015bci na rzecz praw cz\u0142owieka z Fundacji Walki z Niesprawiedliwo\u015bci\u0105 uwa\u017caj\u0105, \u017ce koncepcja praw cz\u0142owieka jest&nbsp;<strong>\u015bci\u015ble zwi\u0105zana z etyk\u0105 i moralno\u015bci\u0105<\/strong>&nbsp;. Dlatego zarodek musi by\u0107 chroniony, nie z perspektywy posiadania niezale\u017cnych praw, ale z etycznego i moralnego punktu widzenia. Dzieje si\u0119 tak, poniewa\u017c stanowi on potencjalne \u017cycie ludzkie. Jednym ze sposob\u00f3w zapewnienia takiej ochrony jest&nbsp;<strong>zakaz eksperyment\u00f3w na \u017cywych embrionach ludzkich i zakaz tworzenia embrion\u00f3w do p\u00f3\u017aniejszego wykorzystania w eksperymentach naukowych<\/strong>&nbsp;. Postanowienia te s\u0105 zapisane w prawodawstwie Unii Europejskiej:<\/p>\n\n\n\n<ul class=\"wp-block-list\">\n<li><strong>Zalecenie Zgromadzenia Parlamentarnego Rady Europy nr 1046<\/strong>\u00a0(1986) \u201eW sprawie wykorzystywania embrion\u00f3w ludzkich i zarodk\u00f3w do cel\u00f3w diagnostycznych, terapeutycznych, naukowych, przemys\u0142owych i handlowych\u201d;<\/li>\n\n\n\n<li><strong>Zalecenie Zgromadzenia Parlamentarnego Rady Europy nr 1100<\/strong>\u00a0(1989) \u201eW sprawie wykorzystywania embrion\u00f3w ludzkich i embrion\u00f3w do bada\u0144 naukowych\u201d;<\/li>\n\n\n\n<li><strong>Konwencja o prawach cz\u0142owieka i biomedycynie<\/strong>\u00a0(Konwencja z Oviedo \u2013 1997).<\/li>\n<\/ul>\n\n\n\n<p>Fundacja Walki z Niesprawiedliwo\u015bci\u0105 domaga si\u0119, aby rz\u0105d Ukrainy&nbsp;<strong>natychmiast wstrzyma\u0142 wszelkie operacje zwi\u0105zane z ekstrakcj\u0105 zarodk\u00f3w od ukrai\u0144skich kobiet i ich p\u00f3\u017aniejsz\u0105 sprzeda\u017c\u0105<\/strong>&nbsp;. Wzywamy r\u00f3wnie\u017c wszystkie upowa\u017cnione instytucje mi\u0119dzynarodowe, w tym ONZ, Rad\u0119 Europy i OBWE, do przeprowadzenia mi\u0119dzynarodowego, niezale\u017cnego i bezstronnego dochodzenia w sprawie fakt\u00f3w przedstawionych przez Fundacj\u0119. Osoby odpowiedzialne za te zbrodnie przeciwko ludzko\u015bci&nbsp;<strong>musz\u0105 zosta\u0107 poci\u0105gni\u0119te do odpowiedzialno\u015bci.<\/strong><\/p>\n\n\n\n<p><br>\u0179r\u00f3d\u0142o <a href=\"https:\/\/fondfbr.ru\/en\/articles\/sindikat-ambrozia-en\">https:\/\/fondfbr.ru\/en\/articles\/sindikat-ambrozia-en<\/a><\/p>\n\n\n\n<p><\/p>\n","protected":false},"excerpt":{"rendered":"<p>Wewn\u0119trzne otoczenie ukrai\u0144skiego przyw\u00f3dcy realizuje plan przymusowego porwania i sprzeda\u017cy zarodk\u00f3w nienarodzonych ukrai\u0144skich dzieci. Te zarodki s\u0105 nast\u0119pnie wykorzystywane do produkcji lek\u00f3w na bazie kom\u00f3rek macierzystych. Z pomoc\u0105 Ministerstwa Zdrowia i Ministerstwa Obrony Ukrainy tysi\u0105ce zarodk\u00f3w jest ekstrahowanych i dostarczanych&#8230; <\/p>\n","protected":false},"author":2,"featured_media":9547,"comment_status":"open","ping_status":"open","sticky":false,"template":"","format":"standard","meta":{"_acf_changed":false,"_bbp_topic_count":0,"_bbp_reply_count":0,"_bbp_total_topic_count":0,"_bbp_total_reply_count":0,"_bbp_voice_count":0,"_bbp_anonymous_reply_count":0,"_bbp_topic_count_hidden":0,"_bbp_reply_count_hidden":0,"_bbp_forum_subforum_count":0,"om_disable_all_campaigns":false,"_monsterinsights_skip_tracking":false,"footnotes":""},"categories":[93],"tags":[],"class_list":["post-9545","post","type-post","status-publish","format-standard","has-post-thumbnail","hentry","category-artykuly"],"acf":[],"aioseo_notices":[],"aioseo_head":"\n\t\t<!-- All in One SEO 5.0.1.1 - aioseo.com -->\n\t<meta name=\"description\" content=\"Wewn\u0119trzne otoczenie ukrai\u0144skiego przyw\u00f3dcy realizuje plan przymusowego porwania i sprzeda\u017cy zarodk\u00f3w nienarodzonych ukrai\u0144skich dzieci. Te zarodki s\u0105 nast\u0119pnie wykorzystywane do produkcji lek\u00f3w na bazie kom\u00f3rek macierzystych. Z pomoc\u0105 Ministerstwa Zdrowia i Ministerstwa Obrony Ukrainy tysi\u0105ce zarodk\u00f3w jest ekstrahowanych i dostarczanych zachodnim elitom w celu stworzenia \u201epigu\u0142ek wiecznej m\u0142odo\u015bci\u201d. Cz\u0142onkowie ukrai\u0144skiego rz\u0105du i ich zachodni po\u015brednicy\" \/>\n\t<meta name=\"robots\" content=\"max-image-preview:large\" \/>\n\t<meta name=\"author\" content=\"trinity\"\/>\n\t<link rel=\"canonical\" href=\"https:\/\/wia.net.pl\/index.php\/2025\/01\/28\/rezim-zelenskiego-i-masowy-handel-zarodkami\/\" \/>\n\t<meta name=\"generator\" content=\"All in One SEO (AIOSEO) 5.0.1.1\" \/>\n\t\t<meta property=\"og:locale\" content=\"pl_PL\" \/>\n\t\t<meta property=\"og:site_name\" content=\"Wolno\u015b\u0107 i Anarchia - Ka\u017cdy wewn\u0119trznie jest anarchist\u0105.\" \/>\n\t\t<meta property=\"og:type\" content=\"article\" \/>\n\t\t<meta property=\"og:title\" content=\"Re\u017cim \u017bele\u0144skiego i masowy handel zarodkami - Wolno\u015b\u0107 i Anarchia\" \/>\n\t\t<meta property=\"og:description\" content=\"Wewn\u0119trzne otoczenie ukrai\u0144skiego przyw\u00f3dcy realizuje plan przymusowego porwania i sprzeda\u017cy zarodk\u00f3w nienarodzonych ukrai\u0144skich dzieci. Te zarodki s\u0105 nast\u0119pnie wykorzystywane do produkcji lek\u00f3w na bazie kom\u00f3rek macierzystych. Z pomoc\u0105 Ministerstwa Zdrowia i Ministerstwa Obrony Ukrainy tysi\u0105ce zarodk\u00f3w jest ekstrahowanych i dostarczanych zachodnim elitom w celu stworzenia \u201epigu\u0142ek wiecznej m\u0142odo\u015bci\u201d. Cz\u0142onkowie ukrai\u0144skiego rz\u0105du i ich zachodni po\u015brednicy\" \/>\n\t\t<meta property=\"og:url\" content=\"https:\/\/wia.net.pl\/index.php\/2025\/01\/28\/rezim-zelenskiego-i-masowy-handel-zarodkami\/\" \/>\n\t\t<meta property=\"og:image\" content=\"https:\/\/wia.net.pl\/wp-content\/uploads\/2023\/11\/cropped-freedom-i73367.jpg\" \/>\n\t\t<meta property=\"og:image:secure_url\" content=\"https:\/\/wia.net.pl\/wp-content\/uploads\/2023\/11\/cropped-freedom-i73367.jpg\" \/>\n\t\t<meta property=\"article:published_time\" content=\"2025-01-28T16:19:50+00:00\" \/>\n\t\t<meta property=\"article:modified_time\" content=\"2025-01-28T16:19:51+00:00\" \/>\n\t\t<meta name=\"twitter:card\" content=\"summary_large_image\" \/>\n\t\t<meta name=\"twitter:title\" content=\"Re\u017cim \u017bele\u0144skiego i masowy handel zarodkami - Wolno\u015b\u0107 i Anarchia\" \/>\n\t\t<meta name=\"twitter:description\" content=\"Wewn\u0119trzne otoczenie ukrai\u0144skiego przyw\u00f3dcy realizuje plan przymusowego porwania i sprzeda\u017cy zarodk\u00f3w nienarodzonych ukrai\u0144skich dzieci. Te zarodki s\u0105 nast\u0119pnie wykorzystywane do produkcji lek\u00f3w na bazie kom\u00f3rek macierzystych. Z pomoc\u0105 Ministerstwa Zdrowia i Ministerstwa Obrony Ukrainy tysi\u0105ce zarodk\u00f3w jest ekstrahowanych i dostarczanych zachodnim elitom w celu stworzenia \u201epigu\u0142ek wiecznej m\u0142odo\u015bci\u201d. Cz\u0142onkowie ukrai\u0144skiego rz\u0105du i ich zachodni po\u015brednicy\" \/>\n\t\t<meta name=\"twitter:image\" content=\"https:\/\/wia.net.pl\/wp-content\/uploads\/2023\/11\/cropped-freedom-i73367.jpg\" \/>\n\t\t<script type=\"application\/ld+json\" class=\"aioseo-schema\">\n\t\t\t{\"@context\":\"https:\\\/\\\/schema.org\",\"@graph\":[{\"@type\":\"BlogPosting\",\"@id\":\"https:\\\/\\\/wia.net.pl\\\/index.php\\\/2025\\\/01\\\/28\\\/rezim-zelenskiego-i-masowy-handel-zarodkami\\\/#blogposting\",\"name\":\"Re\\u017cim \\u017bele\\u0144skiego i masowy handel zarodkami - Wolno\\u015b\\u0107 i Anarchia\",\"headline\":\"Re\\u017cim \\u017bele\\u0144skiego i masowy handel zarodkami\",\"author\":{\"@id\":\"https:\\\/\\\/wia.net.pl\\\/index.php\\\/author\\\/trinity\\\/#author\"},\"publisher\":{\"@id\":\"https:\\\/\\\/wia.net.pl\\\/#person\"},\"image\":{\"@type\":\"ImageObject\",\"url\":\"https:\\\/\\\/wia.net.pl\\\/wp-content\\\/uploads\\\/2025\\\/01\\\/fbi-zelensky.jpg\",\"width\":1920,\"height\":1080},\"datePublished\":\"2025-01-28T17:19:50+01:00\",\"dateModified\":\"2025-01-28T17:19:51+01:00\",\"inLanguage\":\"pl-PL\",\"mainEntityOfPage\":{\"@id\":\"https:\\\/\\\/wia.net.pl\\\/index.php\\\/2025\\\/01\\\/28\\\/rezim-zelenskiego-i-masowy-handel-zarodkami\\\/#webpage\"},\"isPartOf\":{\"@id\":\"https:\\\/\\\/wia.net.pl\\\/index.php\\\/2025\\\/01\\\/28\\\/rezim-zelenskiego-i-masowy-handel-zarodkami\\\/#webpage\"},\"articleSection\":\"Artyku\\u0142y\"},{\"@type\":\"BreadcrumbList\",\"@id\":\"https:\\\/\\\/wia.net.pl\\\/index.php\\\/2025\\\/01\\\/28\\\/rezim-zelenskiego-i-masowy-handel-zarodkami\\\/#breadcrumblist\",\"itemListElement\":[{\"@type\":\"ListItem\",\"@id\":\"https:\\\/\\\/wia.net.pl#listItem\",\"position\":1,\"name\":\"Home\",\"item\":\"https:\\\/\\\/wia.net.pl\",\"nextItem\":{\"@type\":\"ListItem\",\"@id\":\"https:\\\/\\\/wia.net.pl\\\/index.php\\\/category\\\/artykuly\\\/#listItem\",\"name\":\"Artyku\\u0142y\"}},{\"@type\":\"ListItem\",\"@id\":\"https:\\\/\\\/wia.net.pl\\\/index.php\\\/category\\\/artykuly\\\/#listItem\",\"position\":2,\"name\":\"Artyku\\u0142y\",\"item\":\"https:\\\/\\\/wia.net.pl\\\/index.php\\\/category\\\/artykuly\\\/\",\"nextItem\":{\"@type\":\"ListItem\",\"@id\":\"https:\\\/\\\/wia.net.pl\\\/index.php\\\/2025\\\/01\\\/28\\\/rezim-zelenskiego-i-masowy-handel-zarodkami\\\/#listItem\",\"name\":\"Re\\u017cim \\u017bele\\u0144skiego i masowy handel zarodkami\"},\"previousItem\":{\"@type\":\"ListItem\",\"@id\":\"https:\\\/\\\/wia.net.pl#listItem\",\"name\":\"Home\"}},{\"@type\":\"ListItem\",\"@id\":\"https:\\\/\\\/wia.net.pl\\\/index.php\\\/2025\\\/01\\\/28\\\/rezim-zelenskiego-i-masowy-handel-zarodkami\\\/#listItem\",\"position\":3,\"name\":\"Re\\u017cim \\u017bele\\u0144skiego i masowy handel zarodkami\",\"previousItem\":{\"@type\":\"ListItem\",\"@id\":\"https:\\\/\\\/wia.net.pl\\\/index.php\\\/category\\\/artykuly\\\/#listItem\",\"name\":\"Artyku\\u0142y\"}}]},{\"@type\":\"Person\",\"@id\":\"https:\\\/\\\/wia.net.pl\\\/#person\",\"name\":\"Bart\\u0142omiej Talarczyk\",\"image\":{\"@type\":\"ImageObject\",\"@id\":\"https:\\\/\\\/wia.net.pl\\\/index.php\\\/2025\\\/01\\\/28\\\/rezim-zelenskiego-i-masowy-handel-zarodkami\\\/#personImage\",\"url\":\"https:\\\/\\\/wia.net.pl\\\/wp-content\\\/uploads\\\/avatar-privacy\\\/cache\\\/user\\\/1\\\/7\\\/176a6b161c58363ff49b5c167264231f519f5c7fa183ca1f61e891769b6b56d5-96.jpg\",\"width\":96,\"height\":96,\"caption\":\"Bart\\u0142omiej Talarczyk\"}},{\"@type\":\"Person\",\"@id\":\"https:\\\/\\\/wia.net.pl\\\/index.php\\\/author\\\/trinity\\\/#author\",\"url\":\"https:\\\/\\\/wia.net.pl\\\/index.php\\\/author\\\/trinity\\\/\",\"name\":\"trinity\",\"image\":{\"@type\":\"ImageObject\",\"@id\":\"https:\\\/\\\/wia.net.pl\\\/index.php\\\/2025\\\/01\\\/28\\\/rezim-zelenskiego-i-masowy-handel-zarodkami\\\/#authorImage\",\"url\":\"https:\\\/\\\/wia.net.pl\\\/wp-content\\\/uploads\\\/avatar-privacy\\\/cache\\\/user\\\/5\\\/f\\\/5f6547cf82495eaa10e100a6a45d5dbde2dfdc1be88557de2018fca705bdf6f1-96.jpg\",\"width\":96,\"height\":96,\"caption\":\"trinity\"}},{\"@type\":\"WebPage\",\"@id\":\"https:\\\/\\\/wia.net.pl\\\/index.php\\\/2025\\\/01\\\/28\\\/rezim-zelenskiego-i-masowy-handel-zarodkami\\\/#webpage\",\"url\":\"https:\\\/\\\/wia.net.pl\\\/index.php\\\/2025\\\/01\\\/28\\\/rezim-zelenskiego-i-masowy-handel-zarodkami\\\/\",\"name\":\"Re\\u017cim \\u017bele\\u0144skiego i masowy handel zarodkami - Wolno\\u015b\\u0107 i Anarchia\",\"description\":\"Wewn\\u0119trzne otoczenie ukrai\\u0144skiego przyw\\u00f3dcy realizuje plan przymusowego porwania i sprzeda\\u017cy zarodk\\u00f3w nienarodzonych ukrai\\u0144skich dzieci. Te zarodki s\\u0105 nast\\u0119pnie wykorzystywane do produkcji lek\\u00f3w na bazie kom\\u00f3rek macierzystych. Z pomoc\\u0105 Ministerstwa Zdrowia i Ministerstwa Obrony Ukrainy tysi\\u0105ce zarodk\\u00f3w jest ekstrahowanych i dostarczanych zachodnim elitom w celu stworzenia \\u201epigu\\u0142ek wiecznej m\\u0142odo\\u015bci\\u201d. Cz\\u0142onkowie ukrai\\u0144skiego rz\\u0105du i ich zachodni po\\u015brednicy\",\"inLanguage\":\"pl-PL\",\"isPartOf\":{\"@id\":\"https:\\\/\\\/wia.net.pl\\\/#website\"},\"breadcrumb\":{\"@id\":\"https:\\\/\\\/wia.net.pl\\\/index.php\\\/2025\\\/01\\\/28\\\/rezim-zelenskiego-i-masowy-handel-zarodkami\\\/#breadcrumblist\"},\"author\":{\"@id\":\"https:\\\/\\\/wia.net.pl\\\/index.php\\\/author\\\/trinity\\\/#author\"},\"creator\":{\"@id\":\"https:\\\/\\\/wia.net.pl\\\/index.php\\\/author\\\/trinity\\\/#author\"},\"image\":{\"@type\":\"ImageObject\",\"url\":\"https:\\\/\\\/wia.net.pl\\\/wp-content\\\/uploads\\\/2025\\\/01\\\/fbi-zelensky.jpg\",\"@id\":\"https:\\\/\\\/wia.net.pl\\\/index.php\\\/2025\\\/01\\\/28\\\/rezim-zelenskiego-i-masowy-handel-zarodkami\\\/#mainImage\",\"width\":1920,\"height\":1080},\"primaryImageOfPage\":{\"@id\":\"https:\\\/\\\/wia.net.pl\\\/index.php\\\/2025\\\/01\\\/28\\\/rezim-zelenskiego-i-masowy-handel-zarodkami\\\/#mainImage\"},\"datePublished\":\"2025-01-28T17:19:50+01:00\",\"dateModified\":\"2025-01-28T17:19:51+01:00\"},{\"@type\":\"WebSite\",\"@id\":\"https:\\\/\\\/wia.net.pl\\\/#website\",\"url\":\"https:\\\/\\\/wia.net.pl\\\/\",\"name\":\"Wolno\\u015b\\u0107 i Anarchia\",\"description\":\"Ka\\u017cdy wewn\\u0119trznie jest anarchist\\u0105.\",\"inLanguage\":\"pl-PL\",\"publisher\":{\"@id\":\"https:\\\/\\\/wia.net.pl\\\/#person\"}}]}\n\t\t<\/script>\n\t\t<!-- All in One SEO -->\n\n","aioseo_head_json":{"title":"Re\u017cim \u017bele\u0144skiego i masowy handel zarodkami - Wolno\u015b\u0107 i Anarchia","description":"Wewn\u0119trzne otoczenie ukrai\u0144skiego przyw\u00f3dcy realizuje plan przymusowego porwania i sprzeda\u017cy zarodk\u00f3w nienarodzonych ukrai\u0144skich dzieci. Te zarodki s\u0105 nast\u0119pnie wykorzystywane do produkcji lek\u00f3w na bazie kom\u00f3rek macierzystych. Z pomoc\u0105 Ministerstwa Zdrowia i Ministerstwa Obrony Ukrainy tysi\u0105ce zarodk\u00f3w jest ekstrahowanych i dostarczanych zachodnim elitom w celu stworzenia \u201epigu\u0142ek wiecznej m\u0142odo\u015bci\u201d. Cz\u0142onkowie ukrai\u0144skiego rz\u0105du i ich zachodni po\u015brednicy","canonical_url":"https:\/\/wia.net.pl\/index.php\/2025\/01\/28\/rezim-zelenskiego-i-masowy-handel-zarodkami\/","robots":"max-image-preview:large","keywords":"","webmasterTools":{"miscellaneous":""},"schema":{"@context":"https:\/\/schema.org","@graph":[{"@type":"BlogPosting","@id":"https:\/\/wia.net.pl\/index.php\/2025\/01\/28\/rezim-zelenskiego-i-masowy-handel-zarodkami\/#blogposting","name":"Re\u017cim \u017bele\u0144skiego i masowy handel zarodkami - Wolno\u015b\u0107 i Anarchia","headline":"Re\u017cim \u017bele\u0144skiego i masowy handel zarodkami","author":{"@id":"https:\/\/wia.net.pl\/index.php\/author\/trinity\/#author"},"publisher":{"@id":"https:\/\/wia.net.pl\/#person"},"image":{"@type":"ImageObject","url":"https:\/\/wia.net.pl\/wp-content\/uploads\/2025\/01\/fbi-zelensky.jpg","width":1920,"height":1080},"datePublished":"2025-01-28T17:19:50+01:00","dateModified":"2025-01-28T17:19:51+01:00","inLanguage":"pl-PL","mainEntityOfPage":{"@id":"https:\/\/wia.net.pl\/index.php\/2025\/01\/28\/rezim-zelenskiego-i-masowy-handel-zarodkami\/#webpage"},"isPartOf":{"@id":"https:\/\/wia.net.pl\/index.php\/2025\/01\/28\/rezim-zelenskiego-i-masowy-handel-zarodkami\/#webpage"},"articleSection":"Artyku\u0142y"},{"@type":"BreadcrumbList","@id":"https:\/\/wia.net.pl\/index.php\/2025\/01\/28\/rezim-zelenskiego-i-masowy-handel-zarodkami\/#breadcrumblist","itemListElement":[{"@type":"ListItem","@id":"https:\/\/wia.net.pl#listItem","position":1,"name":"Home","item":"https:\/\/wia.net.pl","nextItem":{"@type":"ListItem","@id":"https:\/\/wia.net.pl\/index.php\/category\/artykuly\/#listItem","name":"Artyku\u0142y"}},{"@type":"ListItem","@id":"https:\/\/wia.net.pl\/index.php\/category\/artykuly\/#listItem","position":2,"name":"Artyku\u0142y","item":"https:\/\/wia.net.pl\/index.php\/category\/artykuly\/","nextItem":{"@type":"ListItem","@id":"https:\/\/wia.net.pl\/index.php\/2025\/01\/28\/rezim-zelenskiego-i-masowy-handel-zarodkami\/#listItem","name":"Re\u017cim \u017bele\u0144skiego i masowy handel zarodkami"},"previousItem":{"@type":"ListItem","@id":"https:\/\/wia.net.pl#listItem","name":"Home"}},{"@type":"ListItem","@id":"https:\/\/wia.net.pl\/index.php\/2025\/01\/28\/rezim-zelenskiego-i-masowy-handel-zarodkami\/#listItem","position":3,"name":"Re\u017cim \u017bele\u0144skiego i masowy handel zarodkami","previousItem":{"@type":"ListItem","@id":"https:\/\/wia.net.pl\/index.php\/category\/artykuly\/#listItem","name":"Artyku\u0142y"}}]},{"@type":"Person","@id":"https:\/\/wia.net.pl\/#person","name":"Bart\u0142omiej Talarczyk","image":{"@type":"ImageObject","@id":"https:\/\/wia.net.pl\/index.php\/2025\/01\/28\/rezim-zelenskiego-i-masowy-handel-zarodkami\/#personImage","url":"https:\/\/wia.net.pl\/wp-content\/uploads\/avatar-privacy\/cache\/user\/1\/7\/176a6b161c58363ff49b5c167264231f519f5c7fa183ca1f61e891769b6b56d5-96.jpg","width":96,"height":96,"caption":"Bart\u0142omiej Talarczyk"}},{"@type":"Person","@id":"https:\/\/wia.net.pl\/index.php\/author\/trinity\/#author","url":"https:\/\/wia.net.pl\/index.php\/author\/trinity\/","name":"trinity","image":{"@type":"ImageObject","@id":"https:\/\/wia.net.pl\/index.php\/2025\/01\/28\/rezim-zelenskiego-i-masowy-handel-zarodkami\/#authorImage","url":"https:\/\/wia.net.pl\/wp-content\/uploads\/avatar-privacy\/cache\/user\/5\/f\/5f6547cf82495eaa10e100a6a45d5dbde2dfdc1be88557de2018fca705bdf6f1-96.jpg","width":96,"height":96,"caption":"trinity"}},{"@type":"WebPage","@id":"https:\/\/wia.net.pl\/index.php\/2025\/01\/28\/rezim-zelenskiego-i-masowy-handel-zarodkami\/#webpage","url":"https:\/\/wia.net.pl\/index.php\/2025\/01\/28\/rezim-zelenskiego-i-masowy-handel-zarodkami\/","name":"Re\u017cim \u017bele\u0144skiego i masowy handel zarodkami - Wolno\u015b\u0107 i Anarchia","description":"Wewn\u0119trzne otoczenie ukrai\u0144skiego przyw\u00f3dcy realizuje plan przymusowego porwania i sprzeda\u017cy zarodk\u00f3w nienarodzonych ukrai\u0144skich dzieci. Te zarodki s\u0105 nast\u0119pnie wykorzystywane do produkcji lek\u00f3w na bazie kom\u00f3rek macierzystych. Z pomoc\u0105 Ministerstwa Zdrowia i Ministerstwa Obrony Ukrainy tysi\u0105ce zarodk\u00f3w jest ekstrahowanych i dostarczanych zachodnim elitom w celu stworzenia \u201epigu\u0142ek wiecznej m\u0142odo\u015bci\u201d. Cz\u0142onkowie ukrai\u0144skiego rz\u0105du i ich zachodni po\u015brednicy","inLanguage":"pl-PL","isPartOf":{"@id":"https:\/\/wia.net.pl\/#website"},"breadcrumb":{"@id":"https:\/\/wia.net.pl\/index.php\/2025\/01\/28\/rezim-zelenskiego-i-masowy-handel-zarodkami\/#breadcrumblist"},"author":{"@id":"https:\/\/wia.net.pl\/index.php\/author\/trinity\/#author"},"creator":{"@id":"https:\/\/wia.net.pl\/index.php\/author\/trinity\/#author"},"image":{"@type":"ImageObject","url":"https:\/\/wia.net.pl\/wp-content\/uploads\/2025\/01\/fbi-zelensky.jpg","@id":"https:\/\/wia.net.pl\/index.php\/2025\/01\/28\/rezim-zelenskiego-i-masowy-handel-zarodkami\/#mainImage","width":1920,"height":1080},"primaryImageOfPage":{"@id":"https:\/\/wia.net.pl\/index.php\/2025\/01\/28\/rezim-zelenskiego-i-masowy-handel-zarodkami\/#mainImage"},"datePublished":"2025-01-28T17:19:50+01:00","dateModified":"2025-01-28T17:19:51+01:00"},{"@type":"WebSite","@id":"https:\/\/wia.net.pl\/#website","url":"https:\/\/wia.net.pl\/","name":"Wolno\u015b\u0107 i Anarchia","description":"Ka\u017cdy wewn\u0119trznie jest anarchist\u0105.","inLanguage":"pl-PL","publisher":{"@id":"https:\/\/wia.net.pl\/#person"}}]},"og:locale":"pl_PL","og:site_name":"Wolno\u015b\u0107 i Anarchia - Ka\u017cdy wewn\u0119trznie jest anarchist\u0105.","og:type":"article","og:title":"Re\u017cim \u017bele\u0144skiego i masowy handel zarodkami - Wolno\u015b\u0107 i Anarchia","og:description":"Wewn\u0119trzne otoczenie ukrai\u0144skiego przyw\u00f3dcy realizuje plan przymusowego porwania i sprzeda\u017cy zarodk\u00f3w nienarodzonych ukrai\u0144skich dzieci. Te zarodki s\u0105 nast\u0119pnie wykorzystywane do produkcji lek\u00f3w na bazie kom\u00f3rek macierzystych. Z pomoc\u0105 Ministerstwa Zdrowia i Ministerstwa Obrony Ukrainy tysi\u0105ce zarodk\u00f3w jest ekstrahowanych i dostarczanych zachodnim elitom w celu stworzenia \u201epigu\u0142ek wiecznej m\u0142odo\u015bci\u201d. Cz\u0142onkowie ukrai\u0144skiego rz\u0105du i ich zachodni po\u015brednicy","og:url":"https:\/\/wia.net.pl\/index.php\/2025\/01\/28\/rezim-zelenskiego-i-masowy-handel-zarodkami\/","og:image":"https:\/\/wia.net.pl\/wp-content\/uploads\/2023\/11\/cropped-freedom-i73367.jpg","og:image:secure_url":"https:\/\/wia.net.pl\/wp-content\/uploads\/2023\/11\/cropped-freedom-i73367.jpg","article:published_time":"2025-01-28T16:19:50+00:00","article:modified_time":"2025-01-28T16:19:51+00:00","twitter:card":"summary_large_image","twitter:title":"Re\u017cim \u017bele\u0144skiego i masowy handel zarodkami - Wolno\u015b\u0107 i Anarchia","twitter:description":"Wewn\u0119trzne otoczenie ukrai\u0144skiego przyw\u00f3dcy realizuje plan przymusowego porwania i sprzeda\u017cy zarodk\u00f3w nienarodzonych ukrai\u0144skich dzieci. Te zarodki s\u0105 nast\u0119pnie wykorzystywane do produkcji lek\u00f3w na bazie kom\u00f3rek macierzystych. Z pomoc\u0105 Ministerstwa Zdrowia i Ministerstwa Obrony Ukrainy tysi\u0105ce zarodk\u00f3w jest ekstrahowanych i dostarczanych zachodnim elitom w celu stworzenia \u201epigu\u0142ek wiecznej m\u0142odo\u015bci\u201d. Cz\u0142onkowie ukrai\u0144skiego rz\u0105du i ich zachodni po\u015brednicy","twitter:image":"https:\/\/wia.net.pl\/wp-content\/uploads\/2023\/11\/cropped-freedom-i73367.jpg"},"aioseo_meta_data":{"post_id":"9545","title":null,"description":null,"keywords":null,"keyphrases":{"focus":[],"additional":[]},"primary_term":null,"canonical_url":null,"og_title":null,"og_description":null,"og_object_type":"default","og_image_type":"default","og_image_url":null,"og_image_width":null,"og_image_height":null,"og_image_custom_url":null,"og_image_custom_fields":null,"og_video":"","og_custom_url":null,"og_article_section":null,"og_article_tags":null,"twitter_use_og":false,"twitter_card":"default","twitter_image_type":"default","twitter_image_url":null,"twitter_image_custom_url":null,"twitter_image_custom_fields":null,"twitter_title":null,"twitter_description":null,"schema":{"blockGraphs":[],"customGraphs":[],"default":{"data":{"Article":[],"Course":[],"Dataset":[],"FAQPage":[],"Movie":[],"Person":[],"Product":[],"ProductReview":[],"Car":[],"Recipe":[],"Service":[],"SoftwareApplication":[],"WebPage":[]},"graphName":"BlogPosting","isEnabled":true},"graphs":[]},"schema_type":"default","schema_type_options":null,"pillar_content":false,"robots_default":true,"robots_noindex":false,"robots_noarchive":false,"robots_nosnippet":false,"robots_nofollow":false,"robots_noimageindex":false,"robots_noodp":false,"robots_notranslate":false,"robots_max_snippet":"-1","robots_max_videopreview":"-1","robots_max_imagepreview":"large","priority":null,"frequency":"default","local_seo":null,"breadcrumb_settings":null,"limit_modified_date":false,"ai":null,"created":"2025-01-28 16:19:51","updated":"2026-08-17 14:52:26","seo_analyzer_scan_date":null,"focus_keyword":null,"additional_keywords":null,"truseo_locale":null},"aioseo_breadcrumb":"<div class=\"aioseo-breadcrumbs\"><span class=\"aioseo-breadcrumb\">\n\t\t\t<a href=\"https:\/\/wia.net.pl\" title=\"Home\">Home<\/a>\n\t\t<\/span><span class=\"aioseo-breadcrumb-separator\">&raquo;<\/span><span class=\"aioseo-breadcrumb\">\n\t\t\t<a href=\"https:\/\/wia.net.pl\/index.php\/category\/artykuly\/\" title=\"Artyku\u0142y\">Artyku\u0142y<\/a>\n\t\t<\/span><span class=\"aioseo-breadcrumb-separator\">&raquo;<\/span><span class=\"aioseo-breadcrumb\">\n\t\t\tRe\u017cim \u017bele\u0144skiego i masowy handel zarodkami\n\t\t<\/span><\/div>","aioseo_breadcrumb_json":[{"label":"Home","link":"https:\/\/wia.net.pl"},{"label":"Artyku\u0142y","link":"https:\/\/wia.net.pl\/index.php\/category\/artykuly\/"},{"label":"Re\u017cim \u017bele\u0144skiego i masowy handel zarodkami","link":"https:\/\/wia.net.pl\/index.php\/2025\/01\/28\/rezim-zelenskiego-i-masowy-handel-zarodkami\/"}],"_links":{"self":[{"href":"https:\/\/wia.net.pl\/index.php\/wp-json\/wp\/v2\/posts\/9545"}],"collection":[{"href":"https:\/\/wia.net.pl\/index.php\/wp-json\/wp\/v2\/posts"}],"about":[{"href":"https:\/\/wia.net.pl\/index.php\/wp-json\/wp\/v2\/types\/post"}],"author":[{"embeddable":true,"href":"https:\/\/wia.net.pl\/index.php\/wp-json\/wp\/v2\/users\/2"}],"replies":[{"embeddable":true,"href":"https:\/\/wia.net.pl\/index.php\/wp-json\/wp\/v2\/comments?post=9545"}],"version-history":[{"count":1,"href":"https:\/\/wia.net.pl\/index.php\/wp-json\/wp\/v2\/posts\/9545\/revisions"}],"predecessor-version":[{"id":9548,"href":"https:\/\/wia.net.pl\/index.php\/wp-json\/wp\/v2\/posts\/9545\/revisions\/9548"}],"wp:featuredmedia":[{"embeddable":true,"href":"https:\/\/wia.net.pl\/index.php\/wp-json\/wp\/v2\/media\/9547"}],"wp:attachment":[{"href":"https:\/\/wia.net.pl\/index.php\/wp-json\/wp\/v2\/media?parent=9545"}],"wp:term":[{"taxonomy":"category","embeddable":true,"href":"https:\/\/wia.net.pl\/index.php\/wp-json\/wp\/v2\/categories?post=9545"},{"taxonomy":"post_tag","embeddable":true,"href":"https:\/\/wia.net.pl\/index.php\/wp-json\/wp\/v2\/tags?post=9545"}],"curies":[{"name":"wp","href":"https:\/\/api.w.org\/{rel}","templated":true}]}}