{"id":9582,"date":"2025-02-08T21:05:26","date_gmt":"2025-02-08T20:05:26","guid":{"rendered":"https:\/\/wia.net.pl\/?p=9582"},"modified":"2025-02-08T21:05:27","modified_gmt":"2025-02-08T20:05:27","slug":"falszywe-flagi-i-zarzadzanie-percepcja","status":"publish","type":"post","link":"https:\/\/wia.net.pl\/index.php\/2025\/02\/08\/falszywe-flagi-i-zarzadzanie-percepcja\/","title":{"rendered":"Fa\u0142szywe flagi i zarz\u0105dzanie percepcj\u0105"},"content":{"rendered":"\n<p>Fa\u0142szywa flaga &#8211; sponsorowane przez rz\u0105d, zainscenizowane wydarzenie, o kt\u00f3re obwinia si\u0119 wroga politycznego i kt\u00f3re stanowi pretekst do rozpocz\u0119cia wojny lub wprowadzenia drako\u0144skich przepis\u00f3w w imi\u0119 bezpiecze\u0144stwa narodowego.<br><\/p>\n\n\n\n<p>Wojna psychologiczna przeciwko obywatelom tego samego rz\u0105du.<br><\/p>\n\n\n\n<p>&#8222;Terroryzm jest najlepsz\u0105 broni\u0105 polityczn\u0105, poniewa\u017c nic nie nap\u0119dza ludzi bardziej ni\u017c strach przed nag\u0142\u0105 \u015bmierci\u0105&#8221; &#8211; Adolf Hitler<\/p>\n\n\n\n<p>\u0179r\u00f3d\u0142o: <a href=\"https:\/\/stateofthenation2012.com\/?p=29475\" target=\"_blank\" rel=\"noopener\" title=\"\">https:\/\/stateofthenation2012.com\/?p=29475<\/a><\/p>\n\n\n<p><iframe src=\"https:\/\/www.brighteon.com\/ea8c325e-b239-422f-9c6a-b34d174939a5\" width='640' height='360' frameborder='0' allowfullscreen><\/iframe><\/p>\n<div class=\"remoji_bar\"><div class=\"remoji_add_container\" data-remoji-id=\"9582\" data-remoji-type=\"post\"><div class=\"remoji_add_icon\"><\/div><\/div><div class=\"remoji_error_bar\" data-remoji-id=\"9582\" data-remoji-type=\"post\" style=\"display: none;\">Error happened.<\/div><\/div>","protected":false},"excerpt":{"rendered":"<p>Fa\u0142szywa flaga &#8211; sponsorowane przez rz\u0105d, zainscenizowane wydarzenie, o kt\u00f3re obwinia si\u0119 wroga politycznego i kt\u00f3re stanowi pretekst do rozpocz\u0119cia wojny lub wprowadzenia drako\u0144skich przepis\u00f3w w imi\u0119 bezpiecze\u0144stwa narodowego. Wojna psychologiczna przeciwko obywatelom tego samego rz\u0105du. &#8222;Terroryzm jest najlepsz\u0105 broni\u0105&#8230; <\/p>\n","protected":false},"author":3,"featured_media":9583,"comment_status":"open","ping_status":"open","sticky":false,"template":"","format":"standard","meta":{"_acf_changed":false,"_bbp_topic_count":0,"_bbp_reply_count":0,"_bbp_total_topic_count":0,"_bbp_total_reply_count":0,"_bbp_voice_count":0,"_bbp_anonymous_reply_count":0,"_bbp_topic_count_hidden":0,"_bbp_reply_count_hidden":0,"_bbp_forum_subforum_count":0,"om_disable_all_campaigns":false,"_monsterinsights_skip_tracking":false,"_monsterinsights_sitenote_active":false,"_monsterinsights_sitenote_note":"","_monsterinsights_sitenote_category":0,"footnotes":""},"categories":[13],"tags":[68,63,42,71,26,23,32,22,70,62],"class_list":["post-9582","post","type-post","status-publish","format-standard","has-post-thumbnail","hentry","category-prawdaoswiecie","tag-cesarstwo-rzymskie","tag-historia-ziemi","tag-illuminati","tag-kosciol-katolicki","tag-ludzkosc","tag-niewolnictwo","tag-rzad","tag-satanizm","tag-tajne-stowarzyszenia","tag-wszechswiat"],"acf":[],"aioseo_notices":[],"_links":{"self":[{"href":"https:\/\/wia.net.pl\/index.php\/wp-json\/wp\/v2\/posts\/9582"}],"collection":[{"href":"https:\/\/wia.net.pl\/index.php\/wp-json\/wp\/v2\/posts"}],"about":[{"href":"https:\/\/wia.net.pl\/index.php\/wp-json\/wp\/v2\/types\/post"}],"author":[{"embeddable":true,"href":"https:\/\/wia.net.pl\/index.php\/wp-json\/wp\/v2\/users\/3"}],"replies":[{"embeddable":true,"href":"https:\/\/wia.net.pl\/index.php\/wp-json\/wp\/v2\/comments?post=9582"}],"version-history":[{"count":1,"href":"https:\/\/wia.net.pl\/index.php\/wp-json\/wp\/v2\/posts\/9582\/revisions"}],"predecessor-version":[{"id":9584,"href":"https:\/\/wia.net.pl\/index.php\/wp-json\/wp\/v2\/posts\/9582\/revisions\/9584"}],"wp:featuredmedia":[{"embeddable":true,"href":"https:\/\/wia.net.pl\/index.php\/wp-json\/wp\/v2\/media\/9583"}],"wp:attachment":[{"href":"https:\/\/wia.net.pl\/index.php\/wp-json\/wp\/v2\/media?parent=9582"}],"wp:term":[{"taxonomy":"category","embeddable":true,"href":"https:\/\/wia.net.pl\/index.php\/wp-json\/wp\/v2\/categories?post=9582"},{"taxonomy":"post_tag","embeddable":true,"href":"https:\/\/wia.net.pl\/index.php\/wp-json\/wp\/v2\/tags?post=9582"}],"curies":[{"name":"wp","href":"https:\/\/api.w.org\/{rel}","templated":true}]}}