{"id":9640,"date":"2025-03-28T22:47:14","date_gmt":"2025-03-28T21:47:14","guid":{"rendered":"https:\/\/wia.net.pl\/?p=9640"},"modified":"2025-03-28T22:47:27","modified_gmt":"2025-03-28T21:47:27","slug":"ukryty-krol-film-dokumentalny-j-g-hallett-cz-1","status":"publish","type":"post","link":"https:\/\/wia.net.pl\/index.php\/2025\/03\/28\/ukryty-krol-film-dokumentalny-j-g-hallett-cz-1\/","title":{"rendered":"Ukryty kr\u00f3l &#8211; film dokumentalny | J. G. Hallett cz. 1"},"content":{"rendered":"<p><iframe id=\"odysee-iframe\" style=\"width:100%; aspect-ratio:16 \/ 9;\" src=\"https:\/\/odysee.com\/%24\/embed\/%40wolnoscanarchia%3Ad%2Fukryty-krol1%3A2?r=KqtnN3u2RSe5GxY7Tos527f1XGfjXD4u\" allowfullscreen><\/iframe><\/p>\n\n\n\n<p><br>\u0179r\u00f3d\u0142o <a href=\"https:\/\/www.youtube.com\/watch?v=1sPl1deOLps\">https:\/\/www.youtube.com\/watch?v=1sPl1deOLps<\/a><\/p>\n","protected":false},"excerpt":{"rendered":"<p>\u0179r\u00f3d\u0142o https:\/\/www.youtube.com\/watch?v=1sPl1deOLps<\/p>\n","protected":false},"author":2,"featured_media":9641,"comment_status":"open","ping_status":"open","sticky":false,"template":"","format":"standard","meta":{"_acf_changed":false,"_bbp_topic_count":0,"_bbp_reply_count":0,"_bbp_total_topic_count":0,"_bbp_total_reply_count":0,"_bbp_voice_count":0,"_bbp_anonymous_reply_count":0,"_bbp_topic_count_hidden":0,"_bbp_reply_count_hidden":0,"_bbp_forum_subforum_count":0,"om_disable_all_campaigns":false,"_monsterinsights_skip_tracking":false,"footnotes":""},"categories":[94],"tags":[],"class_list":["post-9640","post","type-post","status-publish","format-standard","has-post-thumbnail","hentry","category-filmy-2"],"acf":[],"aioseo_notices":[],"aioseo_head":"\n\t\t<!-- All in One SEO 5.0.1.1 - aioseo.com -->\n\t<meta name=\"description\" content=\"\u0179r\u00f3d\u0142o https:\/\/www.youtube.com\/watch?v=1sPl1deOLps\" \/>\n\t<meta name=\"robots\" content=\"max-image-preview:large\" \/>\n\t<meta name=\"author\" content=\"trinity\"\/>\n\t<link rel=\"canonical\" href=\"https:\/\/wia.net.pl\/index.php\/2025\/03\/28\/ukryty-krol-film-dokumentalny-j-g-hallett-cz-1\/\" \/>\n\t<meta name=\"generator\" content=\"All in One SEO (AIOSEO) 5.0.1.1\" \/>\n\t\t<meta property=\"og:locale\" content=\"pl_PL\" \/>\n\t\t<meta property=\"og:site_name\" content=\"Wolno\u015b\u0107 i Anarchia - Ka\u017cdy wewn\u0119trznie jest anarchist\u0105.\" \/>\n\t\t<meta property=\"og:type\" content=\"article\" \/>\n\t\t<meta property=\"og:title\" content=\"Ukryty kr\u00f3l \u2013 film dokumentalny | J. G. Hallett cz. 1 - Wolno\u015b\u0107 i Anarchia\" \/>\n\t\t<meta property=\"og:description\" content=\"\u0179r\u00f3d\u0142o https:\/\/www.youtube.com\/watch?v=1sPl1deOLps\" \/>\n\t\t<meta property=\"og:url\" content=\"https:\/\/wia.net.pl\/index.php\/2025\/03\/28\/ukryty-krol-film-dokumentalny-j-g-hallett-cz-1\/\" \/>\n\t\t<meta property=\"og:image\" content=\"https:\/\/wia.net.pl\/wp-content\/uploads\/2023\/11\/cropped-freedom-i73367.jpg\" \/>\n\t\t<meta property=\"og:image:secure_url\" content=\"https:\/\/wia.net.pl\/wp-content\/uploads\/2023\/11\/cropped-freedom-i73367.jpg\" \/>\n\t\t<meta property=\"article:published_time\" content=\"2025-03-28T21:47:14+00:00\" \/>\n\t\t<meta property=\"article:modified_time\" content=\"2025-03-28T21:47:27+00:00\" \/>\n\t\t<meta name=\"twitter:card\" content=\"summary_large_image\" \/>\n\t\t<meta name=\"twitter:title\" content=\"Ukryty kr\u00f3l \u2013 film dokumentalny | J. G. Hallett cz. 1 - Wolno\u015b\u0107 i Anarchia\" \/>\n\t\t<meta name=\"twitter:description\" content=\"\u0179r\u00f3d\u0142o https:\/\/www.youtube.com\/watch?v=1sPl1deOLps\" \/>\n\t\t<meta name=\"twitter:image\" content=\"https:\/\/wia.net.pl\/wp-content\/uploads\/2023\/11\/cropped-freedom-i73367.jpg\" \/>\n\t\t<script type=\"application\/ld+json\" class=\"aioseo-schema\">\n\t\t\t{\"@context\":\"https:\\\/\\\/schema.org\",\"@graph\":[{\"@type\":\"BlogPosting\",\"@id\":\"https:\\\/\\\/wia.net.pl\\\/index.php\\\/2025\\\/03\\\/28\\\/ukryty-krol-film-dokumentalny-j-g-hallett-cz-1\\\/#blogposting\",\"name\":\"Ukryty kr\\u00f3l \\u2013 film dokumentalny | J. G. Hallett cz. 1 - Wolno\\u015b\\u0107 i Anarchia\",\"headline\":\"Ukryty kr\\u00f3l &#8211; film dokumentalny | J. G. Hallett cz. 1\",\"author\":{\"@id\":\"https:\\\/\\\/wia.net.pl\\\/index.php\\\/author\\\/trinity\\\/#author\"},\"publisher\":{\"@id\":\"https:\\\/\\\/wia.net.pl\\\/#person\"},\"image\":{\"@type\":\"ImageObject\",\"url\":\"https:\\\/\\\/wia.net.pl\\\/wp-content\\\/uploads\\\/2025\\\/03\\\/5996613401893257949.jpg\",\"width\":1280,\"height\":720},\"datePublished\":\"2025-03-28T22:47:14+01:00\",\"dateModified\":\"2025-03-28T22:47:27+01:00\",\"inLanguage\":\"pl-PL\",\"mainEntityOfPage\":{\"@id\":\"https:\\\/\\\/wia.net.pl\\\/index.php\\\/2025\\\/03\\\/28\\\/ukryty-krol-film-dokumentalny-j-g-hallett-cz-1\\\/#webpage\"},\"isPartOf\":{\"@id\":\"https:\\\/\\\/wia.net.pl\\\/index.php\\\/2025\\\/03\\\/28\\\/ukryty-krol-film-dokumentalny-j-g-hallett-cz-1\\\/#webpage\"},\"articleSection\":\"Filmy\"},{\"@type\":\"BreadcrumbList\",\"@id\":\"https:\\\/\\\/wia.net.pl\\\/index.php\\\/2025\\\/03\\\/28\\\/ukryty-krol-film-dokumentalny-j-g-hallett-cz-1\\\/#breadcrumblist\",\"itemListElement\":[{\"@type\":\"ListItem\",\"@id\":\"https:\\\/\\\/wia.net.pl#listItem\",\"position\":1,\"name\":\"Home\",\"item\":\"https:\\\/\\\/wia.net.pl\",\"nextItem\":{\"@type\":\"ListItem\",\"@id\":\"https:\\\/\\\/wia.net.pl\\\/index.php\\\/category\\\/filmy-2\\\/#listItem\",\"name\":\"Filmy\"}},{\"@type\":\"ListItem\",\"@id\":\"https:\\\/\\\/wia.net.pl\\\/index.php\\\/category\\\/filmy-2\\\/#listItem\",\"position\":2,\"name\":\"Filmy\",\"item\":\"https:\\\/\\\/wia.net.pl\\\/index.php\\\/category\\\/filmy-2\\\/\",\"nextItem\":{\"@type\":\"ListItem\",\"@id\":\"https:\\\/\\\/wia.net.pl\\\/index.php\\\/2025\\\/03\\\/28\\\/ukryty-krol-film-dokumentalny-j-g-hallett-cz-1\\\/#listItem\",\"name\":\"Ukryty kr\\u00f3l &#8211; film dokumentalny | J. G. Hallett cz. 1\"},\"previousItem\":{\"@type\":\"ListItem\",\"@id\":\"https:\\\/\\\/wia.net.pl#listItem\",\"name\":\"Home\"}},{\"@type\":\"ListItem\",\"@id\":\"https:\\\/\\\/wia.net.pl\\\/index.php\\\/2025\\\/03\\\/28\\\/ukryty-krol-film-dokumentalny-j-g-hallett-cz-1\\\/#listItem\",\"position\":3,\"name\":\"Ukryty kr\\u00f3l &#8211; film dokumentalny | J. G. Hallett cz. 1\",\"previousItem\":{\"@type\":\"ListItem\",\"@id\":\"https:\\\/\\\/wia.net.pl\\\/index.php\\\/category\\\/filmy-2\\\/#listItem\",\"name\":\"Filmy\"}}]},{\"@type\":\"Person\",\"@id\":\"https:\\\/\\\/wia.net.pl\\\/#person\",\"name\":\"Bart\\u0142omiej Talarczyk\",\"image\":{\"@type\":\"ImageObject\",\"@id\":\"https:\\\/\\\/wia.net.pl\\\/index.php\\\/2025\\\/03\\\/28\\\/ukryty-krol-film-dokumentalny-j-g-hallett-cz-1\\\/#personImage\",\"url\":\"https:\\\/\\\/wia.net.pl\\\/wp-content\\\/uploads\\\/avatar-privacy\\\/cache\\\/user\\\/1\\\/7\\\/176a6b161c58363ff49b5c167264231f519f5c7fa183ca1f61e891769b6b56d5-96.jpg\",\"width\":96,\"height\":96,\"caption\":\"Bart\\u0142omiej Talarczyk\"}},{\"@type\":\"Person\",\"@id\":\"https:\\\/\\\/wia.net.pl\\\/index.php\\\/author\\\/trinity\\\/#author\",\"url\":\"https:\\\/\\\/wia.net.pl\\\/index.php\\\/author\\\/trinity\\\/\",\"name\":\"trinity\",\"image\":{\"@type\":\"ImageObject\",\"@id\":\"https:\\\/\\\/wia.net.pl\\\/index.php\\\/2025\\\/03\\\/28\\\/ukryty-krol-film-dokumentalny-j-g-hallett-cz-1\\\/#authorImage\",\"url\":\"https:\\\/\\\/wia.net.pl\\\/wp-content\\\/uploads\\\/avatar-privacy\\\/cache\\\/user\\\/5\\\/f\\\/5f6547cf82495eaa10e100a6a45d5dbde2dfdc1be88557de2018fca705bdf6f1-96.jpg\",\"width\":96,\"height\":96,\"caption\":\"trinity\"}},{\"@type\":\"WebPage\",\"@id\":\"https:\\\/\\\/wia.net.pl\\\/index.php\\\/2025\\\/03\\\/28\\\/ukryty-krol-film-dokumentalny-j-g-hallett-cz-1\\\/#webpage\",\"url\":\"https:\\\/\\\/wia.net.pl\\\/index.php\\\/2025\\\/03\\\/28\\\/ukryty-krol-film-dokumentalny-j-g-hallett-cz-1\\\/\",\"name\":\"Ukryty kr\\u00f3l \\u2013 film dokumentalny | J. G. Hallett cz. 1 - Wolno\\u015b\\u0107 i Anarchia\",\"description\":\"\\u0179r\\u00f3d\\u0142o https:\\\/\\\/www.youtube.com\\\/watch?v=1sPl1deOLps\",\"inLanguage\":\"pl-PL\",\"isPartOf\":{\"@id\":\"https:\\\/\\\/wia.net.pl\\\/#website\"},\"breadcrumb\":{\"@id\":\"https:\\\/\\\/wia.net.pl\\\/index.php\\\/2025\\\/03\\\/28\\\/ukryty-krol-film-dokumentalny-j-g-hallett-cz-1\\\/#breadcrumblist\"},\"author\":{\"@id\":\"https:\\\/\\\/wia.net.pl\\\/index.php\\\/author\\\/trinity\\\/#author\"},\"creator\":{\"@id\":\"https:\\\/\\\/wia.net.pl\\\/index.php\\\/author\\\/trinity\\\/#author\"},\"image\":{\"@type\":\"ImageObject\",\"url\":\"https:\\\/\\\/wia.net.pl\\\/wp-content\\\/uploads\\\/2025\\\/03\\\/5996613401893257949.jpg\",\"@id\":\"https:\\\/\\\/wia.net.pl\\\/index.php\\\/2025\\\/03\\\/28\\\/ukryty-krol-film-dokumentalny-j-g-hallett-cz-1\\\/#mainImage\",\"width\":1280,\"height\":720},\"primaryImageOfPage\":{\"@id\":\"https:\\\/\\\/wia.net.pl\\\/index.php\\\/2025\\\/03\\\/28\\\/ukryty-krol-film-dokumentalny-j-g-hallett-cz-1\\\/#mainImage\"},\"datePublished\":\"2025-03-28T22:47:14+01:00\",\"dateModified\":\"2025-03-28T22:47:27+01:00\"},{\"@type\":\"WebSite\",\"@id\":\"https:\\\/\\\/wia.net.pl\\\/#website\",\"url\":\"https:\\\/\\\/wia.net.pl\\\/\",\"name\":\"Wolno\\u015b\\u0107 i Anarchia\",\"description\":\"Ka\\u017cdy wewn\\u0119trznie jest anarchist\\u0105.\",\"inLanguage\":\"pl-PL\",\"publisher\":{\"@id\":\"https:\\\/\\\/wia.net.pl\\\/#person\"}}]}\n\t\t<\/script>\n\t\t<!-- All in One SEO -->\n\n","aioseo_head_json":{"title":"Ukryty kr\u00f3l \u2013 film dokumentalny | J. G. Hallett cz. 1 - Wolno\u015b\u0107 i Anarchia","description":"\u0179r\u00f3d\u0142o https:\/\/www.youtube.com\/watch?v=1sPl1deOLps","canonical_url":"https:\/\/wia.net.pl\/index.php\/2025\/03\/28\/ukryty-krol-film-dokumentalny-j-g-hallett-cz-1\/","robots":"max-image-preview:large","keywords":"","webmasterTools":{"miscellaneous":""},"schema":{"@context":"https:\/\/schema.org","@graph":[{"@type":"BlogPosting","@id":"https:\/\/wia.net.pl\/index.php\/2025\/03\/28\/ukryty-krol-film-dokumentalny-j-g-hallett-cz-1\/#blogposting","name":"Ukryty kr\u00f3l \u2013 film dokumentalny | J. G. Hallett cz. 1 - Wolno\u015b\u0107 i Anarchia","headline":"Ukryty kr\u00f3l &#8211; film dokumentalny | J. G. Hallett cz. 1","author":{"@id":"https:\/\/wia.net.pl\/index.php\/author\/trinity\/#author"},"publisher":{"@id":"https:\/\/wia.net.pl\/#person"},"image":{"@type":"ImageObject","url":"https:\/\/wia.net.pl\/wp-content\/uploads\/2025\/03\/5996613401893257949.jpg","width":1280,"height":720},"datePublished":"2025-03-28T22:47:14+01:00","dateModified":"2025-03-28T22:47:27+01:00","inLanguage":"pl-PL","mainEntityOfPage":{"@id":"https:\/\/wia.net.pl\/index.php\/2025\/03\/28\/ukryty-krol-film-dokumentalny-j-g-hallett-cz-1\/#webpage"},"isPartOf":{"@id":"https:\/\/wia.net.pl\/index.php\/2025\/03\/28\/ukryty-krol-film-dokumentalny-j-g-hallett-cz-1\/#webpage"},"articleSection":"Filmy"},{"@type":"BreadcrumbList","@id":"https:\/\/wia.net.pl\/index.php\/2025\/03\/28\/ukryty-krol-film-dokumentalny-j-g-hallett-cz-1\/#breadcrumblist","itemListElement":[{"@type":"ListItem","@id":"https:\/\/wia.net.pl#listItem","position":1,"name":"Home","item":"https:\/\/wia.net.pl","nextItem":{"@type":"ListItem","@id":"https:\/\/wia.net.pl\/index.php\/category\/filmy-2\/#listItem","name":"Filmy"}},{"@type":"ListItem","@id":"https:\/\/wia.net.pl\/index.php\/category\/filmy-2\/#listItem","position":2,"name":"Filmy","item":"https:\/\/wia.net.pl\/index.php\/category\/filmy-2\/","nextItem":{"@type":"ListItem","@id":"https:\/\/wia.net.pl\/index.php\/2025\/03\/28\/ukryty-krol-film-dokumentalny-j-g-hallett-cz-1\/#listItem","name":"Ukryty kr\u00f3l &#8211; film dokumentalny | J. G. Hallett cz. 1"},"previousItem":{"@type":"ListItem","@id":"https:\/\/wia.net.pl#listItem","name":"Home"}},{"@type":"ListItem","@id":"https:\/\/wia.net.pl\/index.php\/2025\/03\/28\/ukryty-krol-film-dokumentalny-j-g-hallett-cz-1\/#listItem","position":3,"name":"Ukryty kr\u00f3l &#8211; film dokumentalny | J. G. Hallett cz. 1","previousItem":{"@type":"ListItem","@id":"https:\/\/wia.net.pl\/index.php\/category\/filmy-2\/#listItem","name":"Filmy"}}]},{"@type":"Person","@id":"https:\/\/wia.net.pl\/#person","name":"Bart\u0142omiej Talarczyk","image":{"@type":"ImageObject","@id":"https:\/\/wia.net.pl\/index.php\/2025\/03\/28\/ukryty-krol-film-dokumentalny-j-g-hallett-cz-1\/#personImage","url":"https:\/\/wia.net.pl\/wp-content\/uploads\/avatar-privacy\/cache\/user\/1\/7\/176a6b161c58363ff49b5c167264231f519f5c7fa183ca1f61e891769b6b56d5-96.jpg","width":96,"height":96,"caption":"Bart\u0142omiej Talarczyk"}},{"@type":"Person","@id":"https:\/\/wia.net.pl\/index.php\/author\/trinity\/#author","url":"https:\/\/wia.net.pl\/index.php\/author\/trinity\/","name":"trinity","image":{"@type":"ImageObject","@id":"https:\/\/wia.net.pl\/index.php\/2025\/03\/28\/ukryty-krol-film-dokumentalny-j-g-hallett-cz-1\/#authorImage","url":"https:\/\/wia.net.pl\/wp-content\/uploads\/avatar-privacy\/cache\/user\/5\/f\/5f6547cf82495eaa10e100a6a45d5dbde2dfdc1be88557de2018fca705bdf6f1-96.jpg","width":96,"height":96,"caption":"trinity"}},{"@type":"WebPage","@id":"https:\/\/wia.net.pl\/index.php\/2025\/03\/28\/ukryty-krol-film-dokumentalny-j-g-hallett-cz-1\/#webpage","url":"https:\/\/wia.net.pl\/index.php\/2025\/03\/28\/ukryty-krol-film-dokumentalny-j-g-hallett-cz-1\/","name":"Ukryty kr\u00f3l \u2013 film dokumentalny | J. G. Hallett cz. 1 - Wolno\u015b\u0107 i Anarchia","description":"\u0179r\u00f3d\u0142o https:\/\/www.youtube.com\/watch?v=1sPl1deOLps","inLanguage":"pl-PL","isPartOf":{"@id":"https:\/\/wia.net.pl\/#website"},"breadcrumb":{"@id":"https:\/\/wia.net.pl\/index.php\/2025\/03\/28\/ukryty-krol-film-dokumentalny-j-g-hallett-cz-1\/#breadcrumblist"},"author":{"@id":"https:\/\/wia.net.pl\/index.php\/author\/trinity\/#author"},"creator":{"@id":"https:\/\/wia.net.pl\/index.php\/author\/trinity\/#author"},"image":{"@type":"ImageObject","url":"https:\/\/wia.net.pl\/wp-content\/uploads\/2025\/03\/5996613401893257949.jpg","@id":"https:\/\/wia.net.pl\/index.php\/2025\/03\/28\/ukryty-krol-film-dokumentalny-j-g-hallett-cz-1\/#mainImage","width":1280,"height":720},"primaryImageOfPage":{"@id":"https:\/\/wia.net.pl\/index.php\/2025\/03\/28\/ukryty-krol-film-dokumentalny-j-g-hallett-cz-1\/#mainImage"},"datePublished":"2025-03-28T22:47:14+01:00","dateModified":"2025-03-28T22:47:27+01:00"},{"@type":"WebSite","@id":"https:\/\/wia.net.pl\/#website","url":"https:\/\/wia.net.pl\/","name":"Wolno\u015b\u0107 i Anarchia","description":"Ka\u017cdy wewn\u0119trznie jest anarchist\u0105.","inLanguage":"pl-PL","publisher":{"@id":"https:\/\/wia.net.pl\/#person"}}]},"og:locale":"pl_PL","og:site_name":"Wolno\u015b\u0107 i Anarchia - Ka\u017cdy wewn\u0119trznie jest anarchist\u0105.","og:type":"article","og:title":"Ukryty kr\u00f3l \u2013 film dokumentalny | J. G. Hallett cz. 1 - Wolno\u015b\u0107 i Anarchia","og:description":"\u0179r\u00f3d\u0142o https:\/\/www.youtube.com\/watch?v=1sPl1deOLps","og:url":"https:\/\/wia.net.pl\/index.php\/2025\/03\/28\/ukryty-krol-film-dokumentalny-j-g-hallett-cz-1\/","og:image":"https:\/\/wia.net.pl\/wp-content\/uploads\/2023\/11\/cropped-freedom-i73367.jpg","og:image:secure_url":"https:\/\/wia.net.pl\/wp-content\/uploads\/2023\/11\/cropped-freedom-i73367.jpg","article:published_time":"2025-03-28T21:47:14+00:00","article:modified_time":"2025-03-28T21:47:27+00:00","twitter:card":"summary_large_image","twitter:title":"Ukryty kr\u00f3l \u2013 film dokumentalny | J. G. Hallett cz. 1 - Wolno\u015b\u0107 i Anarchia","twitter:description":"\u0179r\u00f3d\u0142o https:\/\/www.youtube.com\/watch?v=1sPl1deOLps","twitter:image":"https:\/\/wia.net.pl\/wp-content\/uploads\/2023\/11\/cropped-freedom-i73367.jpg"},"aioseo_meta_data":{"post_id":"9640","title":null,"description":null,"keywords":null,"keyphrases":{"focus":{"keyphrase":"","score":0,"analysis":{"keyphraseInTitle":{"score":0,"maxScore":9,"error":1}}},"additional":[]},"primary_term":null,"canonical_url":null,"og_title":null,"og_description":null,"og_object_type":"default","og_image_type":"default","og_image_url":null,"og_image_width":null,"og_image_height":null,"og_image_custom_url":null,"og_image_custom_fields":null,"og_video":"","og_custom_url":null,"og_article_section":null,"og_article_tags":null,"twitter_use_og":false,"twitter_card":"default","twitter_image_type":"default","twitter_image_url":null,"twitter_image_custom_url":null,"twitter_image_custom_fields":null,"twitter_title":null,"twitter_description":null,"schema":{"blockGraphs":[],"customGraphs":[],"default":{"data":{"Article":[],"Course":[],"Dataset":[],"FAQPage":[],"Movie":[],"Person":[],"Product":[],"ProductReview":[],"Car":[],"Recipe":[],"Service":[],"SoftwareApplication":[],"WebPage":[]},"graphName":"BlogPosting","isEnabled":true},"graphs":[]},"schema_type":"default","schema_type_options":null,"pillar_content":false,"robots_default":true,"robots_noindex":false,"robots_noarchive":false,"robots_nosnippet":false,"robots_nofollow":false,"robots_noimageindex":false,"robots_noodp":false,"robots_notranslate":false,"robots_max_snippet":"-1","robots_max_videopreview":"-1","robots_max_imagepreview":"large","priority":null,"frequency":"default","local_seo":null,"breadcrumb_settings":null,"limit_modified_date":false,"ai":null,"created":"2025-03-28 21:47:15","updated":"2025-06-04 11:00:31","seo_analyzer_scan_date":null,"focus_keyword":null,"additional_keywords":null,"truseo_locale":null},"aioseo_breadcrumb":"<div class=\"aioseo-breadcrumbs\"><span class=\"aioseo-breadcrumb\">\n\t\t\t<a href=\"https:\/\/wia.net.pl\" title=\"Home\">Home<\/a>\n\t\t<\/span><span class=\"aioseo-breadcrumb-separator\">&raquo;<\/span><span class=\"aioseo-breadcrumb\">\n\t\t\t<a href=\"https:\/\/wia.net.pl\/index.php\/category\/filmy-2\/\" title=\"Filmy\">Filmy<\/a>\n\t\t<\/span><span class=\"aioseo-breadcrumb-separator\">&raquo;<\/span><span class=\"aioseo-breadcrumb\">\n\t\t\tUkryty kr\u00f3l \u2013 film dokumentalny | J. G. Hallett cz. 1\n\t\t<\/span><\/div>","aioseo_breadcrumb_json":[{"label":"Home","link":"https:\/\/wia.net.pl"},{"label":"Filmy","link":"https:\/\/wia.net.pl\/index.php\/category\/filmy-2\/"},{"label":"Ukryty kr\u00f3l &#8211; film dokumentalny | J. G. Hallett cz. 1","link":"https:\/\/wia.net.pl\/index.php\/2025\/03\/28\/ukryty-krol-film-dokumentalny-j-g-hallett-cz-1\/"}],"_links":{"self":[{"href":"https:\/\/wia.net.pl\/index.php\/wp-json\/wp\/v2\/posts\/9640"}],"collection":[{"href":"https:\/\/wia.net.pl\/index.php\/wp-json\/wp\/v2\/posts"}],"about":[{"href":"https:\/\/wia.net.pl\/index.php\/wp-json\/wp\/v2\/types\/post"}],"author":[{"embeddable":true,"href":"https:\/\/wia.net.pl\/index.php\/wp-json\/wp\/v2\/users\/2"}],"replies":[{"embeddable":true,"href":"https:\/\/wia.net.pl\/index.php\/wp-json\/wp\/v2\/comments?post=9640"}],"version-history":[{"count":1,"href":"https:\/\/wia.net.pl\/index.php\/wp-json\/wp\/v2\/posts\/9640\/revisions"}],"predecessor-version":[{"id":9642,"href":"https:\/\/wia.net.pl\/index.php\/wp-json\/wp\/v2\/posts\/9640\/revisions\/9642"}],"wp:featuredmedia":[{"embeddable":true,"href":"https:\/\/wia.net.pl\/index.php\/wp-json\/wp\/v2\/media\/9641"}],"wp:attachment":[{"href":"https:\/\/wia.net.pl\/index.php\/wp-json\/wp\/v2\/media?parent=9640"}],"wp:term":[{"taxonomy":"category","embeddable":true,"href":"https:\/\/wia.net.pl\/index.php\/wp-json\/wp\/v2\/categories?post=9640"},{"taxonomy":"post_tag","embeddable":true,"href":"https:\/\/wia.net.pl\/index.php\/wp-json\/wp\/v2\/tags?post=9640"}],"curies":[{"name":"wp","href":"https:\/\/api.w.org\/{rel}","templated":true}]}}