{"id":9764,"date":"2025-04-22T01:23:48","date_gmt":"2025-04-21T23:23:48","guid":{"rendered":"https:\/\/wia.net.pl\/?p=9764"},"modified":"2025-04-22T01:23:49","modified_gmt":"2025-04-21T23:23:49","slug":"wojna-plci-cicha-rewolucja-umyslow","status":"publish","type":"post","link":"https:\/\/wia.net.pl\/index.php\/2025\/04\/22\/wojna-plci-cicha-rewolucja-umyslow\/","title":{"rendered":"Wojna P\u0142ci &#8211; Cicha Rewolucja Umys\u0142\u00f3w"},"content":{"rendered":"\n<p>Opracowanie w\u0142asne.<\/p>\n\n\n\n<figure class=\"wp-block-video\"><video controls poster=\"https:\/\/wia.net.pl\/wp-content\/uploads\/2025\/04\/Wojna-Plci-Cicha-Rewolucja-Umyslow.jpg\" src=\"https:\/\/wia.net.pl\/wp-content\/uploads\/2025\/04\/Wojna-Plci-Cicha-Rewolucja-Umyslow.mp4\"><\/video><\/figure>\n<div class=\"remoji_bar\"><div class=\"remoji_add_container\" data-remoji-id=\"9764\" data-remoji-type=\"post\"><div class=\"remoji_add_icon\"><\/div><\/div><div class=\"remoji_error_bar\" data-remoji-id=\"9764\" data-remoji-type=\"post\" style=\"display: none;\">Error happened.<\/div><\/div>","protected":false},"excerpt":{"rendered":"<p>Opracowanie w\u0142asne. Error happened.<\/p>\n","protected":false},"author":3,"featured_media":9766,"comment_status":"open","ping_status":"open","sticky":false,"template":"","format":"standard","meta":{"_acf_changed":false,"_bbp_topic_count":0,"_bbp_reply_count":0,"_bbp_total_topic_count":0,"_bbp_total_reply_count":0,"_bbp_voice_count":0,"_bbp_anonymous_reply_count":0,"_bbp_topic_count_hidden":0,"_bbp_reply_count_hidden":0,"_bbp_forum_subforum_count":0,"om_disable_all_campaigns":false,"_monsterinsights_skip_tracking":false,"_monsterinsights_sitenote_active":false,"_monsterinsights_sitenote_note":"","_monsterinsights_sitenote_category":0,"footnotes":""},"categories":[13],"tags":[68,63,42,71,26,23,32,22,70,62],"class_list":["post-9764","post","type-post","status-publish","format-standard","has-post-thumbnail","hentry","category-prawdaoswiecie","tag-cesarstwo-rzymskie","tag-historia-ziemi","tag-illuminati","tag-kosciol-katolicki","tag-ludzkosc","tag-niewolnictwo","tag-rzad","tag-satanizm","tag-tajne-stowarzyszenia","tag-wszechswiat"],"acf":[],"aioseo_notices":[],"_links":{"self":[{"href":"https:\/\/wia.net.pl\/index.php\/wp-json\/wp\/v2\/posts\/9764"}],"collection":[{"href":"https:\/\/wia.net.pl\/index.php\/wp-json\/wp\/v2\/posts"}],"about":[{"href":"https:\/\/wia.net.pl\/index.php\/wp-json\/wp\/v2\/types\/post"}],"author":[{"embeddable":true,"href":"https:\/\/wia.net.pl\/index.php\/wp-json\/wp\/v2\/users\/3"}],"replies":[{"embeddable":true,"href":"https:\/\/wia.net.pl\/index.php\/wp-json\/wp\/v2\/comments?post=9764"}],"version-history":[{"count":1,"href":"https:\/\/wia.net.pl\/index.php\/wp-json\/wp\/v2\/posts\/9764\/revisions"}],"predecessor-version":[{"id":9767,"href":"https:\/\/wia.net.pl\/index.php\/wp-json\/wp\/v2\/posts\/9764\/revisions\/9767"}],"wp:featuredmedia":[{"embeddable":true,"href":"https:\/\/wia.net.pl\/index.php\/wp-json\/wp\/v2\/media\/9766"}],"wp:attachment":[{"href":"https:\/\/wia.net.pl\/index.php\/wp-json\/wp\/v2\/media?parent=9764"}],"wp:term":[{"taxonomy":"category","embeddable":true,"href":"https:\/\/wia.net.pl\/index.php\/wp-json\/wp\/v2\/categories?post=9764"},{"taxonomy":"post_tag","embeddable":true,"href":"https:\/\/wia.net.pl\/index.php\/wp-json\/wp\/v2\/tags?post=9764"}],"curies":[{"name":"wp","href":"https:\/\/api.w.org\/{rel}","templated":true}]}}