{"id":979,"date":"2023-06-02T12:30:20","date_gmt":"2023-06-02T10:30:20","guid":{"rendered":"https:\/\/wia.net.pl\/?p=979"},"modified":"2023-06-02T12:32:22","modified_gmt":"2023-06-02T10:32:22","slug":"elohim-w-biblii-analiza-znaczenia-cz1","status":"publish","type":"post","link":"https:\/\/wia.net.pl\/index.php\/2023\/06\/02\/elohim-w-biblii-analiza-znaczenia-cz1\/","title":{"rendered":"ELOHIM w Biblii \/ analiza znaczenia &#8211; Cz1"},"content":{"rendered":"\n<p>Szukaj\u0105c podstawowych znacze\u0144 s\u0142\u00f3w kluczowych w tych staro\u017cytnych tekstach, odkrywaj\u0105, \u017ce wy\u0142ania si\u0119 z nich inna, ca\u0142kiem odmienna historia. Taka, kt\u00f3ra ma ogromne implikacje dla naszego zrozumienia rasy ludzkiej i naszego miejsca we wszech\u015bwiecie&#8230;<\/p>\n\n\n\n<p><span style=\"color: rgb(13, 13, 13); font-family: Roboto, Noto, sans-serif; font-size: 15px; font-style: normal; font-variant-ligatures: normal; font-variant-caps: normal; font-weight: 400; letter-spacing: normal; orphans: 2; text-align: start; text-indent: 0px; text-transform: none; white-space: pre-wrap; widows: 2; word-spacing: 0px; -webkit-text-stroke-width: 0px; background-color: rgb(255, 255, 255); text-decoration-thickness: initial; text-decoration-style: initial; text-decoration-color: initial; display: inline !important; float: none;\">Przez ponad dwa tysi\u0105clecia czytelnicy interpretowali staro\u017cytne teksty Biblii jako opowie\u015bci o Bogu, p\u0142ynn\u0105 narracj\u0119, w kt\u00f3rej B\u00f3g stwarza niebo i ziemi\u0119, \u017cycie ro\u015blinne i zwierz\u0119ce, a w ko\u0144cu ras\u0119 ludzk\u0105. Jednak szereg anomalii w tekstach wraz z intryguj\u0105cymi pytaniami dotycz\u0105cymi t\u0142umaczenia wskazuj\u0105 na inn\u0105 mo\u017cliwo\u015b\u0107.<\/span><\/p>\n\n\n\n<p>Mauro i Paul wsp\u00f3lnie pokazuj\u0105, \u017ce podstawowe znaczenia szeregu kluczowych s\u0142\u00f3w w Biblii ujawniaj\u0105 wcze\u015bniejsz\u0105 warstw\u0119 informacji bardzo r\u00f3\u017cni\u0105c\u0105 si\u0119 od historii Boga kojarzonej z Bibli\u0105. Na kartach Ksi\u0119gi Rodzaju ukryta jest jeszcze bardziej staro\u017cytna narracja, kt\u00f3ra zmienia ca\u0142\u0105 histori\u0119 ludzkich pocz\u0105tk\u00f3w&#8230;<\/p>\n\n\n\n<p>Najstarszym s\u0142owem w Biblii oddawanym jako &#8222;B\u00f3g&#8221; jest hebrajskie s\u0142owo &#8222;elohim&#8221;. Ale czy to w\u0142a\u015bnie oznacza to s\u0142owo? I jakie s\u0105 konsekwencje wybor\u00f3w t\u0142umaczeniowych dotycz\u0105cych tego tajemniczego s\u0142owa?<\/p>\n\n\n\n<p>\u0179R\u00d3D\u0141O: https:\/\/www.youtube.com\/c\/The5thKind\/videos<\/p>\n\n\n\n<figure class=\"wp-block-embed is-type-video is-provider-youtube wp-block-embed-youtube wp-embed-aspect-16-9 wp-has-aspect-ratio\"><div class=\"wp-block-embed__wrapper\">\n<iframe loading=\"lazy\" title=\"ELOHIM w Biblii \/ analiza znaczenia - Mauro Biglio \/ Paul Wallis\" width=\"858\" height=\"483\" src=\"https:\/\/www.youtube.com\/embed\/UnTNDapdPe0?feature=oembed\" frameborder=\"0\" allow=\"accelerometer; autoplay; clipboard-write; encrypted-media; gyroscope; picture-in-picture; web-share\" allowfullscreen><\/iframe>\n<\/div><\/figure>\n<div class=\"remoji_bar\"><div class=\"remoji_add_container\" data-remoji-id=\"979\" data-remoji-type=\"post\"><div class=\"remoji_add_icon\"><\/div><\/div><div class=\"remoji_error_bar\" data-remoji-id=\"979\" data-remoji-type=\"post\" style=\"display: none;\">Error happened.<\/div><\/div>","protected":false},"excerpt":{"rendered":"<p>Szukaj\u0105c podstawowych znacze\u0144 s\u0142\u00f3w kluczowych w tych staro\u017cytnych tekstach, odkrywaj\u0105, \u017ce wy\u0142ania si\u0119 z nich inna, ca\u0142kiem odmienna historia. Taka, kt\u00f3ra ma ogromne implikacje dla naszego zrozumienia rasy ludzkiej i naszego miejsca we wszech\u015bwiecie&#8230; Przez ponad dwa tysi\u0105clecia czytelnicy interpretowali&#8230; <\/p>\n","protected":false},"author":3,"featured_media":980,"comment_status":"open","ping_status":"open","sticky":false,"template":"","format":"standard","meta":{"_acf_changed":false,"_bbp_topic_count":0,"_bbp_reply_count":0,"_bbp_total_topic_count":0,"_bbp_total_reply_count":0,"_bbp_voice_count":0,"_bbp_anonymous_reply_count":0,"_bbp_topic_count_hidden":0,"_bbp_reply_count_hidden":0,"_bbp_forum_subforum_count":0,"om_disable_all_campaigns":false,"_monsterinsights_skip_tracking":false,"_monsterinsights_sitenote_active":false,"_monsterinsights_sitenote_note":"","_monsterinsights_sitenote_category":0,"footnotes":""},"categories":[96],"tags":[60,68,63,71,103,23,58,104,67,105],"class_list":["post-979","post","type-post","status-publish","format-standard","has-post-thumbnail","hentry","category-religie","tag-aliens","tag-cesarstwo-rzymskie","tag-historia-ziemi","tag-kosciol-katolicki","tag-mauro-biglino","tag-niewolnictwo","tag-obcy","tag-paul-wallis","tag-religie","tag-the-5th-kind"],"acf":[],"aioseo_notices":[],"_links":{"self":[{"href":"https:\/\/wia.net.pl\/index.php\/wp-json\/wp\/v2\/posts\/979"}],"collection":[{"href":"https:\/\/wia.net.pl\/index.php\/wp-json\/wp\/v2\/posts"}],"about":[{"href":"https:\/\/wia.net.pl\/index.php\/wp-json\/wp\/v2\/types\/post"}],"author":[{"embeddable":true,"href":"https:\/\/wia.net.pl\/index.php\/wp-json\/wp\/v2\/users\/3"}],"replies":[{"embeddable":true,"href":"https:\/\/wia.net.pl\/index.php\/wp-json\/wp\/v2\/comments?post=979"}],"version-history":[{"count":1,"href":"https:\/\/wia.net.pl\/index.php\/wp-json\/wp\/v2\/posts\/979\/revisions"}],"predecessor-version":[{"id":981,"href":"https:\/\/wia.net.pl\/index.php\/wp-json\/wp\/v2\/posts\/979\/revisions\/981"}],"wp:featuredmedia":[{"embeddable":true,"href":"https:\/\/wia.net.pl\/index.php\/wp-json\/wp\/v2\/media\/980"}],"wp:attachment":[{"href":"https:\/\/wia.net.pl\/index.php\/wp-json\/wp\/v2\/media?parent=979"}],"wp:term":[{"taxonomy":"category","embeddable":true,"href":"https:\/\/wia.net.pl\/index.php\/wp-json\/wp\/v2\/categories?post=979"},{"taxonomy":"post_tag","embeddable":true,"href":"https:\/\/wia.net.pl\/index.php\/wp-json\/wp\/v2\/tags?post=979"}],"curies":[{"name":"wp","href":"https:\/\/api.w.org\/{rel}","templated":true}]}}