{"id":9844,"date":"2025-04-30T13:36:51","date_gmt":"2025-04-30T11:36:51","guid":{"rendered":"https:\/\/wia.net.pl\/?p=9844"},"modified":"2025-04-30T13:36:52","modified_gmt":"2025-04-30T11:36:52","slug":"odkryj-to-co-ukryte-w-mroku-wprowadzenie","status":"publish","type":"post","link":"https:\/\/wia.net.pl\/index.php\/2025\/04\/30\/odkryj-to-co-ukryte-w-mroku-wprowadzenie\/","title":{"rendered":"Odkryj to, co ukryte w mroku &#8211; Wprowadzenie"},"content":{"rendered":"\n<p>Pragn\u0119 wszystkich poinformowa\u0107 o nowo rozpocz\u0119tym projekcie, z kt\u00f3rym w\u0142a\u015bnie startuj\u0119. Kana\u0142 nazywa si\u0119 \u201c<em>G\u0142os z Ciemno\u015bci\u201d<\/em>.<\/p>\n\n\n\n<p>Je\u017celi zarezonuj\u0105 z Tob\u0105 tre\u015bci tu zawarte i pomog\u0105 Ci we w\u0142asnej transformacji &#8211; to zapraszam do subskrypcji i odwiedzania kana\u0142u.<\/p>\n\n\n\n<p>Ten projekt zrodzi\u0142 si\u0119 z potrzeby ciszy, autentyczno\u015bci i g\u0142\u0119bi.<\/p>\n\n\n\n<p>\u201e<em>G\u0142os z Ciemno\u015bci<\/em>\u201d to przestrze\u0144 dla tych, kt\u00f3rzy nie boj\u0105 si\u0119 zajrze\u0107 w cie\u0144 \u2013 sw\u00f3j i \u015bwiata. Dla tych, kt\u00f3rzy wiedz\u0105, \u017ce prawdziwa transformacja nie zawsze przychodzi w \u015bwietle reflektor\u00f3w, ale cz\u0119sto w mroku, szepcie, w momentach zatrzymania.<\/p>\n\n\n\n<p>To kana\u0142 dla wra\u017cliwych wojownik\u00f3w, nocnych my\u015blicieli, poszukiwaczy sensu, samotnych dusz i tych, kt\u00f3rzy \u015bmiej\u0105 si\u0119 przez \u0142zy. \u0141\u0105cz\u0119 filozofi\u0119, mikro-coaching, true crime, lifestyle, i ciemny humor \u2013 tworz\u0105c unikalny, hipnotyczny \u015bwiat, kt\u00f3ry wci\u0105ga, ale te\u017c uzdrawia.<\/p>\n\n\n\n<p>Nie wszystko, co prawdziwe, \u015bwieci jasno. \u201eG\u0142os z Ciemno\u015bci\u201d powsta\u0142 z milczenia. Z potrzeby m\u00f3wienia o tym, co zwykle przemilczane. To nie jest kana\u0142 dla wszystkich \u2013 i w\u0142a\u015bnie dlatego mo\u017ce by\u0107 dla Ciebie.<\/p>\n\n\n\n<p>Tu noc m\u00f3wi wi\u0119cej ni\u017c dzie\u0144. Tu szepty s\u0105 g\u0142o\u015bniejsze ni\u017c krzyki. Tu znajdziesz pytania, nie odpowiedzi.<\/p>\n\n\n\n<p>Ale to wystarczy, \u017ceby ruszy\u0107 w drog\u0119. Usi\u0105d\u017a. Wycisz \u015bwiat. I pos\u0142uchaj\u2026&nbsp;<em>G\u0142osu z Ciemno\u015bci<\/em>.<\/p>\n\n\n\n<p>\u201c<em>Zanurz si\u0119 w ciemno\u015b\u0107, by odnale\u017a\u0107 siebie<\/em>\u2026\u201d<\/p>\n\n\n\n<p>Pozdrawiam,<\/p>\n\n\n\n<p><em>trinity<\/em><\/p>\n\n\n\n<figure class=\"wp-block-video\"><video controls src=\"https:\/\/wia.net.pl\/wp-content\/uploads\/2025\/04\/glos-z-ciemnosci-opis-strona-glowna.mp4\"><\/video><\/figure>\n\n\n\n<p>Z wielk\u0105 rado\u015bci\u0105 i pasj\u0105 tworz\u0119 dla Was tre\u015bci na tym kanale, a Wasze wsparcie jest dla mnie nieocenione. Ka\u017cdy komentarz, ka\u017cde polubienie i ka\u017cda chwila sp\u0119dzona z moimi filmami daje mi ogromn\u0105 motywacj\u0119 do dalszego dzia\u0142ania.<\/p>\n\n\n\n<p>Je\u015bli podoba si\u0119 Wam to, co robi\u0119 i chcieliby\u015bcie wesprze\u0107 rozw\u00f3j mojego kana\u0142u, bardzo prosz\u0119 o rozwa\u017cenie mo\u017cliwo\u015bci przekazania darowizny. Dzi\u0119ki Waszej hojno\u015bci b\u0119d\u0119 mog\u0142a inwestowa\u0107 w lepszy sprz\u0119t, rozwija\u0107 projekty i tworzy\u0107 jeszcze bardziej warto\u015bciowe tre\u015bci.<\/p>\n\n\n\n<p>Je\u015bli macie ochot\u0119 wesprze\u0107 moj\u0105 prac\u0119, darowizn\u0119 mo\u017cecie przekaza\u0107 na:<\/p>\n\n\n\n<p>BANK: ZEN<\/p>\n\n\n\n<p>BIC:BZENLT22<br>IBAN:LT55 3130 0101 6866 9697<\/p>\n\n\n\n<p>Anna Vahlberg<\/p>\n\n\n\n<p><strong>Tytu\u0142 przelewu: Darowizna na rozw\u00f3j kana\u0142u<\/strong><\/p>\n\n\n\n<p>B\u0119d\u0119 wdzi\u0119czny\/wdzi\u0119czna za ka\u017cde wsparcie \u2013 nawet najmniejsze. To dzi\u0119ki Wam mog\u0119 robi\u0107 to, co kocham!<\/p>\n\n\n\n<p>Z wyrazami wdzi\u0119czno\u015bci,<br>trinity<\/p>\n","protected":false},"excerpt":{"rendered":"<p>Pragn\u0119 wszystkich poinformowa\u0107 o nowo rozpocz\u0119tym projekcie, z kt\u00f3rym w\u0142a\u015bnie startuj\u0119. Kana\u0142 nazywa si\u0119 \u201cG\u0142os z Ciemno\u015bci\u201d. Je\u017celi zarezonuj\u0105 z Tob\u0105 tre\u015bci tu zawarte i pomog\u0105 Ci we w\u0142asnej transformacji &#8211; to zapraszam do subskrypcji i odwiedzania kana\u0142u. Ten projekt&#8230; <\/p>\n","protected":false},"author":2,"featured_media":9847,"comment_status":"open","ping_status":"open","sticky":false,"template":"","format":"standard","meta":{"_acf_changed":false,"_bbp_topic_count":0,"_bbp_reply_count":0,"_bbp_total_topic_count":0,"_bbp_total_reply_count":0,"_bbp_voice_count":0,"_bbp_anonymous_reply_count":0,"_bbp_topic_count_hidden":0,"_bbp_reply_count_hidden":0,"_bbp_forum_subforum_count":0,"om_disable_all_campaigns":false,"_monsterinsights_skip_tracking":false,"footnotes":""},"categories":[177],"tags":[],"class_list":["post-9844","post","type-post","status-publish","format-standard","has-post-thumbnail","hentry","category-glos-z-ciemnosci"],"acf":[],"aioseo_notices":[],"aioseo_head":"\n\t\t<!-- All in One SEO 5.0.1.1 - aioseo.com -->\n\t<meta name=\"description\" content=\"Pragn\u0119 wszystkich poinformowa\u0107 o nowo rozpocz\u0119tym projekcie, z kt\u00f3rym w\u0142a\u015bnie startuj\u0119. Kana\u0142 nazywa si\u0119 \u201cG\u0142os z Ciemno\u015bci\u201d. Je\u017celi zarezonuj\u0105 z Tob\u0105 tre\u015bci tu zawarte i pomog\u0105 Ci we w\u0142asnej transformacji - to zapraszam do subskrypcji i odwiedzania kana\u0142u. Ten projekt zrodzi\u0142 si\u0119 z potrzeby ciszy, autentyczno\u015bci i g\u0142\u0119bi. \u201eG\u0142os z Ciemno\u015bci\u201d to przestrze\u0144 dla tych,\" \/>\n\t<meta name=\"robots\" content=\"max-image-preview:large\" \/>\n\t<meta name=\"author\" content=\"trinity\"\/>\n\t<link rel=\"canonical\" href=\"https:\/\/wia.net.pl\/index.php\/2025\/04\/30\/odkryj-to-co-ukryte-w-mroku-wprowadzenie\/\" \/>\n\t<meta name=\"generator\" content=\"All in One SEO (AIOSEO) 5.0.1.1\" \/>\n\t\t<meta property=\"og:locale\" content=\"pl_PL\" \/>\n\t\t<meta property=\"og:site_name\" content=\"Wolno\u015b\u0107 i Anarchia - Ka\u017cdy wewn\u0119trznie jest anarchist\u0105.\" \/>\n\t\t<meta property=\"og:type\" content=\"article\" \/>\n\t\t<meta property=\"og:title\" content=\"Odkryj to, co ukryte w mroku \u2013 Wprowadzenie - Wolno\u015b\u0107 i Anarchia\" \/>\n\t\t<meta property=\"og:description\" content=\"Pragn\u0119 wszystkich poinformowa\u0107 o nowo rozpocz\u0119tym projekcie, z kt\u00f3rym w\u0142a\u015bnie startuj\u0119. Kana\u0142 nazywa si\u0119 \u201cG\u0142os z Ciemno\u015bci\u201d. Je\u017celi zarezonuj\u0105 z Tob\u0105 tre\u015bci tu zawarte i pomog\u0105 Ci we w\u0142asnej transformacji - to zapraszam do subskrypcji i odwiedzania kana\u0142u. Ten projekt zrodzi\u0142 si\u0119 z potrzeby ciszy, autentyczno\u015bci i g\u0142\u0119bi. \u201eG\u0142os z Ciemno\u015bci\u201d to przestrze\u0144 dla tych,\" \/>\n\t\t<meta property=\"og:url\" content=\"https:\/\/wia.net.pl\/index.php\/2025\/04\/30\/odkryj-to-co-ukryte-w-mroku-wprowadzenie\/\" \/>\n\t\t<meta property=\"og:image\" content=\"https:\/\/wia.net.pl\/wp-content\/uploads\/2023\/11\/cropped-freedom-i73367.jpg\" \/>\n\t\t<meta property=\"og:image:secure_url\" content=\"https:\/\/wia.net.pl\/wp-content\/uploads\/2023\/11\/cropped-freedom-i73367.jpg\" \/>\n\t\t<meta property=\"article:published_time\" content=\"2025-04-30T11:36:51+00:00\" \/>\n\t\t<meta property=\"article:modified_time\" content=\"2025-04-30T11:36:52+00:00\" \/>\n\t\t<meta name=\"twitter:card\" content=\"summary_large_image\" \/>\n\t\t<meta name=\"twitter:title\" content=\"Odkryj to, co ukryte w mroku \u2013 Wprowadzenie - Wolno\u015b\u0107 i Anarchia\" \/>\n\t\t<meta name=\"twitter:description\" content=\"Pragn\u0119 wszystkich poinformowa\u0107 o nowo rozpocz\u0119tym projekcie, z kt\u00f3rym w\u0142a\u015bnie startuj\u0119. Kana\u0142 nazywa si\u0119 \u201cG\u0142os z Ciemno\u015bci\u201d. Je\u017celi zarezonuj\u0105 z Tob\u0105 tre\u015bci tu zawarte i pomog\u0105 Ci we w\u0142asnej transformacji - to zapraszam do subskrypcji i odwiedzania kana\u0142u. Ten projekt zrodzi\u0142 si\u0119 z potrzeby ciszy, autentyczno\u015bci i g\u0142\u0119bi. \u201eG\u0142os z Ciemno\u015bci\u201d to przestrze\u0144 dla tych,\" \/>\n\t\t<meta name=\"twitter:image\" content=\"https:\/\/wia.net.pl\/wp-content\/uploads\/2023\/11\/cropped-freedom-i73367.jpg\" \/>\n\t\t<script type=\"application\/ld+json\" class=\"aioseo-schema\">\n\t\t\t{\"@context\":\"https:\\\/\\\/schema.org\",\"@graph\":[{\"@type\":\"BlogPosting\",\"@id\":\"https:\\\/\\\/wia.net.pl\\\/index.php\\\/2025\\\/04\\\/30\\\/odkryj-to-co-ukryte-w-mroku-wprowadzenie\\\/#blogposting\",\"name\":\"Odkryj to, co ukryte w mroku \\u2013 Wprowadzenie - Wolno\\u015b\\u0107 i Anarchia\",\"headline\":\"Odkryj to, co ukryte w mroku &#8211; Wprowadzenie\",\"author\":{\"@id\":\"https:\\\/\\\/wia.net.pl\\\/index.php\\\/author\\\/trinity\\\/#author\"},\"publisher\":{\"@id\":\"https:\\\/\\\/wia.net.pl\\\/#person\"},\"image\":{\"@type\":\"ImageObject\",\"url\":\"https:\\\/\\\/wia.net.pl\\\/wp-content\\\/uploads\\\/2025\\\/04\\\/Odkryj-to-co-ukryte-w-mroku-Wpowadzenie.jpg\",\"width\":1920,\"height\":1080},\"datePublished\":\"2025-04-30T13:36:51+02:00\",\"dateModified\":\"2025-04-30T13:36:52+02:00\",\"inLanguage\":\"pl-PL\",\"mainEntityOfPage\":{\"@id\":\"https:\\\/\\\/wia.net.pl\\\/index.php\\\/2025\\\/04\\\/30\\\/odkryj-to-co-ukryte-w-mroku-wprowadzenie\\\/#webpage\"},\"isPartOf\":{\"@id\":\"https:\\\/\\\/wia.net.pl\\\/index.php\\\/2025\\\/04\\\/30\\\/odkryj-to-co-ukryte-w-mroku-wprowadzenie\\\/#webpage\"},\"articleSection\":\"G\\u0142os z ciemno\\u015bci\"},{\"@type\":\"BreadcrumbList\",\"@id\":\"https:\\\/\\\/wia.net.pl\\\/index.php\\\/2025\\\/04\\\/30\\\/odkryj-to-co-ukryte-w-mroku-wprowadzenie\\\/#breadcrumblist\",\"itemListElement\":[{\"@type\":\"ListItem\",\"@id\":\"https:\\\/\\\/wia.net.pl#listItem\",\"position\":1,\"name\":\"Home\",\"item\":\"https:\\\/\\\/wia.net.pl\",\"nextItem\":{\"@type\":\"ListItem\",\"@id\":\"https:\\\/\\\/wia.net.pl\\\/index.php\\\/category\\\/glos-z-ciemnosci\\\/#listItem\",\"name\":\"G\\u0142os z ciemno\\u015bci\"}},{\"@type\":\"ListItem\",\"@id\":\"https:\\\/\\\/wia.net.pl\\\/index.php\\\/category\\\/glos-z-ciemnosci\\\/#listItem\",\"position\":2,\"name\":\"G\\u0142os z ciemno\\u015bci\",\"item\":\"https:\\\/\\\/wia.net.pl\\\/index.php\\\/category\\\/glos-z-ciemnosci\\\/\",\"nextItem\":{\"@type\":\"ListItem\",\"@id\":\"https:\\\/\\\/wia.net.pl\\\/index.php\\\/2025\\\/04\\\/30\\\/odkryj-to-co-ukryte-w-mroku-wprowadzenie\\\/#listItem\",\"name\":\"Odkryj to, co ukryte w mroku &#8211; Wprowadzenie\"},\"previousItem\":{\"@type\":\"ListItem\",\"@id\":\"https:\\\/\\\/wia.net.pl#listItem\",\"name\":\"Home\"}},{\"@type\":\"ListItem\",\"@id\":\"https:\\\/\\\/wia.net.pl\\\/index.php\\\/2025\\\/04\\\/30\\\/odkryj-to-co-ukryte-w-mroku-wprowadzenie\\\/#listItem\",\"position\":3,\"name\":\"Odkryj to, co ukryte w mroku &#8211; Wprowadzenie\",\"previousItem\":{\"@type\":\"ListItem\",\"@id\":\"https:\\\/\\\/wia.net.pl\\\/index.php\\\/category\\\/glos-z-ciemnosci\\\/#listItem\",\"name\":\"G\\u0142os z ciemno\\u015bci\"}}]},{\"@type\":\"Person\",\"@id\":\"https:\\\/\\\/wia.net.pl\\\/#person\",\"name\":\"Bart\\u0142omiej Talarczyk\",\"image\":{\"@type\":\"ImageObject\",\"@id\":\"https:\\\/\\\/wia.net.pl\\\/index.php\\\/2025\\\/04\\\/30\\\/odkryj-to-co-ukryte-w-mroku-wprowadzenie\\\/#personImage\",\"url\":\"https:\\\/\\\/wia.net.pl\\\/wp-content\\\/uploads\\\/avatar-privacy\\\/cache\\\/user\\\/1\\\/7\\\/176a6b161c58363ff49b5c167264231f519f5c7fa183ca1f61e891769b6b56d5-96.jpg\",\"width\":96,\"height\":96,\"caption\":\"Bart\\u0142omiej Talarczyk\"}},{\"@type\":\"Person\",\"@id\":\"https:\\\/\\\/wia.net.pl\\\/index.php\\\/author\\\/trinity\\\/#author\",\"url\":\"https:\\\/\\\/wia.net.pl\\\/index.php\\\/author\\\/trinity\\\/\",\"name\":\"trinity\",\"image\":{\"@type\":\"ImageObject\",\"@id\":\"https:\\\/\\\/wia.net.pl\\\/index.php\\\/2025\\\/04\\\/30\\\/odkryj-to-co-ukryte-w-mroku-wprowadzenie\\\/#authorImage\",\"url\":\"https:\\\/\\\/wia.net.pl\\\/wp-content\\\/uploads\\\/avatar-privacy\\\/cache\\\/user\\\/5\\\/f\\\/5f6547cf82495eaa10e100a6a45d5dbde2dfdc1be88557de2018fca705bdf6f1-96.jpg\",\"width\":96,\"height\":96,\"caption\":\"trinity\"}},{\"@type\":\"WebPage\",\"@id\":\"https:\\\/\\\/wia.net.pl\\\/index.php\\\/2025\\\/04\\\/30\\\/odkryj-to-co-ukryte-w-mroku-wprowadzenie\\\/#webpage\",\"url\":\"https:\\\/\\\/wia.net.pl\\\/index.php\\\/2025\\\/04\\\/30\\\/odkryj-to-co-ukryte-w-mroku-wprowadzenie\\\/\",\"name\":\"Odkryj to, co ukryte w mroku \\u2013 Wprowadzenie - Wolno\\u015b\\u0107 i Anarchia\",\"description\":\"Pragn\\u0119 wszystkich poinformowa\\u0107 o nowo rozpocz\\u0119tym projekcie, z kt\\u00f3rym w\\u0142a\\u015bnie startuj\\u0119. Kana\\u0142 nazywa si\\u0119 \\u201cG\\u0142os z Ciemno\\u015bci\\u201d. Je\\u017celi zarezonuj\\u0105 z Tob\\u0105 tre\\u015bci tu zawarte i pomog\\u0105 Ci we w\\u0142asnej transformacji - to zapraszam do subskrypcji i odwiedzania kana\\u0142u. Ten projekt zrodzi\\u0142 si\\u0119 z potrzeby ciszy, autentyczno\\u015bci i g\\u0142\\u0119bi. \\u201eG\\u0142os z Ciemno\\u015bci\\u201d to przestrze\\u0144 dla tych,\",\"inLanguage\":\"pl-PL\",\"isPartOf\":{\"@id\":\"https:\\\/\\\/wia.net.pl\\\/#website\"},\"breadcrumb\":{\"@id\":\"https:\\\/\\\/wia.net.pl\\\/index.php\\\/2025\\\/04\\\/30\\\/odkryj-to-co-ukryte-w-mroku-wprowadzenie\\\/#breadcrumblist\"},\"author\":{\"@id\":\"https:\\\/\\\/wia.net.pl\\\/index.php\\\/author\\\/trinity\\\/#author\"},\"creator\":{\"@id\":\"https:\\\/\\\/wia.net.pl\\\/index.php\\\/author\\\/trinity\\\/#author\"},\"image\":{\"@type\":\"ImageObject\",\"url\":\"https:\\\/\\\/wia.net.pl\\\/wp-content\\\/uploads\\\/2025\\\/04\\\/Odkryj-to-co-ukryte-w-mroku-Wpowadzenie.jpg\",\"@id\":\"https:\\\/\\\/wia.net.pl\\\/index.php\\\/2025\\\/04\\\/30\\\/odkryj-to-co-ukryte-w-mroku-wprowadzenie\\\/#mainImage\",\"width\":1920,\"height\":1080},\"primaryImageOfPage\":{\"@id\":\"https:\\\/\\\/wia.net.pl\\\/index.php\\\/2025\\\/04\\\/30\\\/odkryj-to-co-ukryte-w-mroku-wprowadzenie\\\/#mainImage\"},\"datePublished\":\"2025-04-30T13:36:51+02:00\",\"dateModified\":\"2025-04-30T13:36:52+02:00\"},{\"@type\":\"WebSite\",\"@id\":\"https:\\\/\\\/wia.net.pl\\\/#website\",\"url\":\"https:\\\/\\\/wia.net.pl\\\/\",\"name\":\"Wolno\\u015b\\u0107 i Anarchia\",\"description\":\"Ka\\u017cdy wewn\\u0119trznie jest anarchist\\u0105.\",\"inLanguage\":\"pl-PL\",\"publisher\":{\"@id\":\"https:\\\/\\\/wia.net.pl\\\/#person\"}}]}\n\t\t<\/script>\n\t\t<!-- All in One SEO -->\n\n","aioseo_head_json":{"title":"Odkryj to, co ukryte w mroku \u2013 Wprowadzenie - Wolno\u015b\u0107 i Anarchia","description":"Pragn\u0119 wszystkich poinformowa\u0107 o nowo rozpocz\u0119tym projekcie, z kt\u00f3rym w\u0142a\u015bnie startuj\u0119. Kana\u0142 nazywa si\u0119 \u201cG\u0142os z Ciemno\u015bci\u201d. Je\u017celi zarezonuj\u0105 z Tob\u0105 tre\u015bci tu zawarte i pomog\u0105 Ci we w\u0142asnej transformacji - to zapraszam do subskrypcji i odwiedzania kana\u0142u. Ten projekt zrodzi\u0142 si\u0119 z potrzeby ciszy, autentyczno\u015bci i g\u0142\u0119bi. \u201eG\u0142os z Ciemno\u015bci\u201d to przestrze\u0144 dla tych,","canonical_url":"https:\/\/wia.net.pl\/index.php\/2025\/04\/30\/odkryj-to-co-ukryte-w-mroku-wprowadzenie\/","robots":"max-image-preview:large","keywords":"","webmasterTools":{"miscellaneous":""},"schema":{"@context":"https:\/\/schema.org","@graph":[{"@type":"BlogPosting","@id":"https:\/\/wia.net.pl\/index.php\/2025\/04\/30\/odkryj-to-co-ukryte-w-mroku-wprowadzenie\/#blogposting","name":"Odkryj to, co ukryte w mroku \u2013 Wprowadzenie - Wolno\u015b\u0107 i Anarchia","headline":"Odkryj to, co ukryte w mroku &#8211; Wprowadzenie","author":{"@id":"https:\/\/wia.net.pl\/index.php\/author\/trinity\/#author"},"publisher":{"@id":"https:\/\/wia.net.pl\/#person"},"image":{"@type":"ImageObject","url":"https:\/\/wia.net.pl\/wp-content\/uploads\/2025\/04\/Odkryj-to-co-ukryte-w-mroku-Wpowadzenie.jpg","width":1920,"height":1080},"datePublished":"2025-04-30T13:36:51+02:00","dateModified":"2025-04-30T13:36:52+02:00","inLanguage":"pl-PL","mainEntityOfPage":{"@id":"https:\/\/wia.net.pl\/index.php\/2025\/04\/30\/odkryj-to-co-ukryte-w-mroku-wprowadzenie\/#webpage"},"isPartOf":{"@id":"https:\/\/wia.net.pl\/index.php\/2025\/04\/30\/odkryj-to-co-ukryte-w-mroku-wprowadzenie\/#webpage"},"articleSection":"G\u0142os z ciemno\u015bci"},{"@type":"BreadcrumbList","@id":"https:\/\/wia.net.pl\/index.php\/2025\/04\/30\/odkryj-to-co-ukryte-w-mroku-wprowadzenie\/#breadcrumblist","itemListElement":[{"@type":"ListItem","@id":"https:\/\/wia.net.pl#listItem","position":1,"name":"Home","item":"https:\/\/wia.net.pl","nextItem":{"@type":"ListItem","@id":"https:\/\/wia.net.pl\/index.php\/category\/glos-z-ciemnosci\/#listItem","name":"G\u0142os z ciemno\u015bci"}},{"@type":"ListItem","@id":"https:\/\/wia.net.pl\/index.php\/category\/glos-z-ciemnosci\/#listItem","position":2,"name":"G\u0142os z ciemno\u015bci","item":"https:\/\/wia.net.pl\/index.php\/category\/glos-z-ciemnosci\/","nextItem":{"@type":"ListItem","@id":"https:\/\/wia.net.pl\/index.php\/2025\/04\/30\/odkryj-to-co-ukryte-w-mroku-wprowadzenie\/#listItem","name":"Odkryj to, co ukryte w mroku &#8211; Wprowadzenie"},"previousItem":{"@type":"ListItem","@id":"https:\/\/wia.net.pl#listItem","name":"Home"}},{"@type":"ListItem","@id":"https:\/\/wia.net.pl\/index.php\/2025\/04\/30\/odkryj-to-co-ukryte-w-mroku-wprowadzenie\/#listItem","position":3,"name":"Odkryj to, co ukryte w mroku &#8211; Wprowadzenie","previousItem":{"@type":"ListItem","@id":"https:\/\/wia.net.pl\/index.php\/category\/glos-z-ciemnosci\/#listItem","name":"G\u0142os z ciemno\u015bci"}}]},{"@type":"Person","@id":"https:\/\/wia.net.pl\/#person","name":"Bart\u0142omiej Talarczyk","image":{"@type":"ImageObject","@id":"https:\/\/wia.net.pl\/index.php\/2025\/04\/30\/odkryj-to-co-ukryte-w-mroku-wprowadzenie\/#personImage","url":"https:\/\/wia.net.pl\/wp-content\/uploads\/avatar-privacy\/cache\/user\/1\/7\/176a6b161c58363ff49b5c167264231f519f5c7fa183ca1f61e891769b6b56d5-96.jpg","width":96,"height":96,"caption":"Bart\u0142omiej Talarczyk"}},{"@type":"Person","@id":"https:\/\/wia.net.pl\/index.php\/author\/trinity\/#author","url":"https:\/\/wia.net.pl\/index.php\/author\/trinity\/","name":"trinity","image":{"@type":"ImageObject","@id":"https:\/\/wia.net.pl\/index.php\/2025\/04\/30\/odkryj-to-co-ukryte-w-mroku-wprowadzenie\/#authorImage","url":"https:\/\/wia.net.pl\/wp-content\/uploads\/avatar-privacy\/cache\/user\/5\/f\/5f6547cf82495eaa10e100a6a45d5dbde2dfdc1be88557de2018fca705bdf6f1-96.jpg","width":96,"height":96,"caption":"trinity"}},{"@type":"WebPage","@id":"https:\/\/wia.net.pl\/index.php\/2025\/04\/30\/odkryj-to-co-ukryte-w-mroku-wprowadzenie\/#webpage","url":"https:\/\/wia.net.pl\/index.php\/2025\/04\/30\/odkryj-to-co-ukryte-w-mroku-wprowadzenie\/","name":"Odkryj to, co ukryte w mroku \u2013 Wprowadzenie - Wolno\u015b\u0107 i Anarchia","description":"Pragn\u0119 wszystkich poinformowa\u0107 o nowo rozpocz\u0119tym projekcie, z kt\u00f3rym w\u0142a\u015bnie startuj\u0119. Kana\u0142 nazywa si\u0119 \u201cG\u0142os z Ciemno\u015bci\u201d. Je\u017celi zarezonuj\u0105 z Tob\u0105 tre\u015bci tu zawarte i pomog\u0105 Ci we w\u0142asnej transformacji - to zapraszam do subskrypcji i odwiedzania kana\u0142u. Ten projekt zrodzi\u0142 si\u0119 z potrzeby ciszy, autentyczno\u015bci i g\u0142\u0119bi. \u201eG\u0142os z Ciemno\u015bci\u201d to przestrze\u0144 dla tych,","inLanguage":"pl-PL","isPartOf":{"@id":"https:\/\/wia.net.pl\/#website"},"breadcrumb":{"@id":"https:\/\/wia.net.pl\/index.php\/2025\/04\/30\/odkryj-to-co-ukryte-w-mroku-wprowadzenie\/#breadcrumblist"},"author":{"@id":"https:\/\/wia.net.pl\/index.php\/author\/trinity\/#author"},"creator":{"@id":"https:\/\/wia.net.pl\/index.php\/author\/trinity\/#author"},"image":{"@type":"ImageObject","url":"https:\/\/wia.net.pl\/wp-content\/uploads\/2025\/04\/Odkryj-to-co-ukryte-w-mroku-Wpowadzenie.jpg","@id":"https:\/\/wia.net.pl\/index.php\/2025\/04\/30\/odkryj-to-co-ukryte-w-mroku-wprowadzenie\/#mainImage","width":1920,"height":1080},"primaryImageOfPage":{"@id":"https:\/\/wia.net.pl\/index.php\/2025\/04\/30\/odkryj-to-co-ukryte-w-mroku-wprowadzenie\/#mainImage"},"datePublished":"2025-04-30T13:36:51+02:00","dateModified":"2025-04-30T13:36:52+02:00"},{"@type":"WebSite","@id":"https:\/\/wia.net.pl\/#website","url":"https:\/\/wia.net.pl\/","name":"Wolno\u015b\u0107 i Anarchia","description":"Ka\u017cdy wewn\u0119trznie jest anarchist\u0105.","inLanguage":"pl-PL","publisher":{"@id":"https:\/\/wia.net.pl\/#person"}}]},"og:locale":"pl_PL","og:site_name":"Wolno\u015b\u0107 i Anarchia - Ka\u017cdy wewn\u0119trznie jest anarchist\u0105.","og:type":"article","og:title":"Odkryj to, co ukryte w mroku \u2013 Wprowadzenie - Wolno\u015b\u0107 i Anarchia","og:description":"Pragn\u0119 wszystkich poinformowa\u0107 o nowo rozpocz\u0119tym projekcie, z kt\u00f3rym w\u0142a\u015bnie startuj\u0119. Kana\u0142 nazywa si\u0119 \u201cG\u0142os z Ciemno\u015bci\u201d. Je\u017celi zarezonuj\u0105 z Tob\u0105 tre\u015bci tu zawarte i pomog\u0105 Ci we w\u0142asnej transformacji - to zapraszam do subskrypcji i odwiedzania kana\u0142u. Ten projekt zrodzi\u0142 si\u0119 z potrzeby ciszy, autentyczno\u015bci i g\u0142\u0119bi. \u201eG\u0142os z Ciemno\u015bci\u201d to przestrze\u0144 dla tych,","og:url":"https:\/\/wia.net.pl\/index.php\/2025\/04\/30\/odkryj-to-co-ukryte-w-mroku-wprowadzenie\/","og:image":"https:\/\/wia.net.pl\/wp-content\/uploads\/2023\/11\/cropped-freedom-i73367.jpg","og:image:secure_url":"https:\/\/wia.net.pl\/wp-content\/uploads\/2023\/11\/cropped-freedom-i73367.jpg","article:published_time":"2025-04-30T11:36:51+00:00","article:modified_time":"2025-04-30T11:36:52+00:00","twitter:card":"summary_large_image","twitter:title":"Odkryj to, co ukryte w mroku \u2013 Wprowadzenie - Wolno\u015b\u0107 i Anarchia","twitter:description":"Pragn\u0119 wszystkich poinformowa\u0107 o nowo rozpocz\u0119tym projekcie, z kt\u00f3rym w\u0142a\u015bnie startuj\u0119. Kana\u0142 nazywa si\u0119 \u201cG\u0142os z Ciemno\u015bci\u201d. Je\u017celi zarezonuj\u0105 z Tob\u0105 tre\u015bci tu zawarte i pomog\u0105 Ci we w\u0142asnej transformacji - to zapraszam do subskrypcji i odwiedzania kana\u0142u. Ten projekt zrodzi\u0142 si\u0119 z potrzeby ciszy, autentyczno\u015bci i g\u0142\u0119bi. \u201eG\u0142os z Ciemno\u015bci\u201d to przestrze\u0144 dla tych,","twitter:image":"https:\/\/wia.net.pl\/wp-content\/uploads\/2023\/11\/cropped-freedom-i73367.jpg"},"aioseo_meta_data":{"post_id":"9844","title":null,"description":null,"keywords":null,"keyphrases":{"focus":{"keyphrase":"","score":0,"analysis":{"keyphraseInTitle":{"score":0,"maxScore":9,"error":1}}},"additional":[]},"primary_term":null,"canonical_url":null,"og_title":null,"og_description":null,"og_object_type":"default","og_image_type":"default","og_image_url":null,"og_image_width":null,"og_image_height":null,"og_image_custom_url":null,"og_image_custom_fields":null,"og_video":"","og_custom_url":null,"og_article_section":null,"og_article_tags":null,"twitter_use_og":false,"twitter_card":"default","twitter_image_type":"default","twitter_image_url":null,"twitter_image_custom_url":null,"twitter_image_custom_fields":null,"twitter_title":null,"twitter_description":null,"schema":{"blockGraphs":[],"customGraphs":[],"default":{"data":{"Article":[],"Course":[],"Dataset":[],"FAQPage":[],"Movie":[],"Person":[],"Product":[],"ProductReview":[],"Car":[],"Recipe":[],"Service":[],"SoftwareApplication":[],"WebPage":[]},"graphName":"BlogPosting","isEnabled":true},"graphs":[]},"schema_type":"default","schema_type_options":null,"pillar_content":false,"robots_default":true,"robots_noindex":false,"robots_noarchive":false,"robots_nosnippet":false,"robots_nofollow":false,"robots_noimageindex":false,"robots_noodp":false,"robots_notranslate":false,"robots_max_snippet":"-1","robots_max_videopreview":"-1","robots_max_imagepreview":"large","priority":null,"frequency":"default","local_seo":null,"breadcrumb_settings":null,"limit_modified_date":false,"ai":null,"created":"2025-04-30 11:36:52","updated":"2025-06-04 11:03:24","seo_analyzer_scan_date":null,"focus_keyword":null,"additional_keywords":null,"truseo_locale":null},"aioseo_breadcrumb":"<div class=\"aioseo-breadcrumbs\"><span class=\"aioseo-breadcrumb\">\n\t\t\t<a href=\"https:\/\/wia.net.pl\" title=\"Home\">Home<\/a>\n\t\t<\/span><span class=\"aioseo-breadcrumb-separator\">&raquo;<\/span><span class=\"aioseo-breadcrumb\">\n\t\t\t<a href=\"https:\/\/wia.net.pl\/index.php\/category\/glos-z-ciemnosci\/\" title=\"G\u0142os z ciemno\u015bci\">G\u0142os z ciemno\u015bci<\/a>\n\t\t<\/span><span class=\"aioseo-breadcrumb-separator\">&raquo;<\/span><span class=\"aioseo-breadcrumb\">\n\t\t\tOdkryj to, co ukryte w mroku \u2013 Wprowadzenie\n\t\t<\/span><\/div>","aioseo_breadcrumb_json":[{"label":"Home","link":"https:\/\/wia.net.pl"},{"label":"G\u0142os z ciemno\u015bci","link":"https:\/\/wia.net.pl\/index.php\/category\/glos-z-ciemnosci\/"},{"label":"Odkryj to, co ukryte w mroku &#8211; Wprowadzenie","link":"https:\/\/wia.net.pl\/index.php\/2025\/04\/30\/odkryj-to-co-ukryte-w-mroku-wprowadzenie\/"}],"_links":{"self":[{"href":"https:\/\/wia.net.pl\/index.php\/wp-json\/wp\/v2\/posts\/9844"}],"collection":[{"href":"https:\/\/wia.net.pl\/index.php\/wp-json\/wp\/v2\/posts"}],"about":[{"href":"https:\/\/wia.net.pl\/index.php\/wp-json\/wp\/v2\/types\/post"}],"author":[{"embeddable":true,"href":"https:\/\/wia.net.pl\/index.php\/wp-json\/wp\/v2\/users\/2"}],"replies":[{"embeddable":true,"href":"https:\/\/wia.net.pl\/index.php\/wp-json\/wp\/v2\/comments?post=9844"}],"version-history":[{"count":1,"href":"https:\/\/wia.net.pl\/index.php\/wp-json\/wp\/v2\/posts\/9844\/revisions"}],"predecessor-version":[{"id":9848,"href":"https:\/\/wia.net.pl\/index.php\/wp-json\/wp\/v2\/posts\/9844\/revisions\/9848"}],"wp:featuredmedia":[{"embeddable":true,"href":"https:\/\/wia.net.pl\/index.php\/wp-json\/wp\/v2\/media\/9847"}],"wp:attachment":[{"href":"https:\/\/wia.net.pl\/index.php\/wp-json\/wp\/v2\/media?parent=9844"}],"wp:term":[{"taxonomy":"category","embeddable":true,"href":"https:\/\/wia.net.pl\/index.php\/wp-json\/wp\/v2\/categories?post=9844"},{"taxonomy":"post_tag","embeddable":true,"href":"https:\/\/wia.net.pl\/index.php\/wp-json\/wp\/v2\/tags?post=9844"}],"curies":[{"name":"wp","href":"https:\/\/api.w.org\/{rel}","templated":true}]}}